{"id":84751,"date":"2019-08-22T21:50:20","date_gmt":"2019-08-22T19:50:20","guid":{"rendered":"https:\/\/socialdesignmagazine.com\/mag\/products-selection\/?p=84751"},"modified":"2019-08-22T21:45:53","modified_gmt":"2019-08-22T19:45:53","slug":"arredare-con-il-bianco-una-selezione-di-lampade-arredi-e-complementi","status":"publish","type":"post","link":"https:\/\/socialdesignmagazine.com\/mag\/products-selection\/arredare-con-il-bianco-una-selezione-di-lampade-arredi-e-complementi\/","title":{"rendered":"Arredare con il bianco, una selezione di lampade, arredi e complementi","gt_translate_keys":[{"key":"rendered","format":"text"}]},"content":{"rendered":"\n<p>Arredare in bianco tramite un\u2019accurata <a href=\"https:\/\/socialdesignmagazine.com\/mag\/products-selection\/shop\/?filter_colore=bianco&amp;subid=\">selezione di lampade, arredi e complementi<\/a> \u00e8 una scelta idonea ad apportare pi\u00f9 luce agli ambienti che ne hanno bisogno dando anche una maggior sensazione visiva di ampiezza dei locali oggetto di tale preferenza cromatica. <\/p>\n\n\n\n<p>A questo proposito ecco proposte nei seguenti paragrafi alcune utili considerazioni sull\u2019arredamento bianco di tendenza, in particolare sulla casa total white, di sicuro interesse per gli addetti, i professionisti, i creativi e gli appassionati coinvolti nella sfera degli arredi, del design e della progettazione d\u2019interni. <\/p>\n\n\n\n<h3 class=\"wp-block-heading\">Quali sono le caratteristiche del colore bianco nell\u2019ambito degli arredi e dell\u2019interior design? <\/h3>\n\n\n\n<p>Il bianco \u00e8 un colore evergreen, <strong>discreto e tranquillizzante<\/strong> in grado di riflettere la luce, pertanto pu\u00f2 essere sfruttato per illuminare e rendere pi\u00f9 ampi, eleganti e ospitali gli spazi domestici e professionali arredati sia in stile moderno sia classico, <a href=\"https:\/\/socialdesignmagazine.com\/mag\/products-selection\/stile-industriale-che-cose-e-quali-sono-materiali-mobili-e-complementi-da-utilizzare\/\">industrial<\/a>, scandinavo, provenzale, country o shabby chic. Inoltre, la presenza del bianco mette in evidenza gli altri colori, valorizza i diversi materiali, per esempio il legno, il metallo e il granito, consente di individuare con facilit\u00e0 lo sporco e la muffa e pu\u00f2 essere abbinato con sicurezza a qualunque altra colorazione. <\/p>\n\n\n\n<p>Come se non bastasse il colore bianco offre una considerevole <strong>gamma cromatica<\/strong>, ad esempio l\u2019elegante avorio, il metallico titanio, la lattiginosa porcellana, il cristallino ghiaccio, l\u2019iridescente perla, eccetera. Dunque si tratta di <strong>un colore flessibile<\/strong> e utilissimo sia per l\u2019arredamento sia per tinteggiare le pareti di una casa, di un negozio o di un ufficio!<\/p>\n\n\n\n<h3 class=\"wp-block-heading\">Che cos\u2019\u00e8 il total white nel mondo dell\u2019arredamento e della progettazione d\u2019interni? <\/h3>\n\n\n\n<p>Nel mondo dell\u2019arredamento e della progettazione d\u2019interni il <strong>total white<\/strong> \u00e8 una soluzione di tendenza per apportare pi\u00f9 luminosit\u00e0, <strong>eleganza, purezza, pace ed anche un senso visivo di maggior spazio<\/strong> agli ambienti domestici e professionali attraverso l\u2019utilizzo sia di mobili bianchi sia di oggetti e accessori di design, pareti e complementi d\u2019arredo di colore bianco. Dunque si parler\u00e0 di casa total white, di cucina total white, di appartamento total white e cos\u00ec via dicendo!<\/p>\n\n\n\n<figure class=\"wp-block-image\"><img loading=\"lazy\" decoding=\"async\" width=\"1024\" height=\"769\" data-attachment-id=\"84775\" data-permalink=\"https:\/\/socialdesignmagazine.com\/mag\/products-selection\/arredare-con-il-bianco-una-selezione-di-lampade-arredi-e-complementi\/arredare-con-il-bianco-06\/#content\" data-orig-file=\"https:\/\/socialdesignmagazine.com\/mag\/products-selection\/wp-content\/uploads\/sites\/2\/2019\/08\/arredare-con-il-bianco-06.jpg\" data-orig-size=\"1200,901\" data-comments-opened=\"1\" data-image-meta=\"{&quot;aperture&quot;:&quot;0&quot;,&quot;credit&quot;:&quot;&quot;,&quot;camera&quot;:&quot;&quot;,&quot;caption&quot;:&quot;&quot;,&quot;created_timestamp&quot;:&quot;0&quot;,&quot;copyright&quot;:&quot;&quot;,&quot;focal_length&quot;:&quot;0&quot;,&quot;iso&quot;:&quot;0&quot;,&quot;shutter_speed&quot;:&quot;0&quot;,&quot;title&quot;:&quot;&quot;,&quot;orientation&quot;:&quot;0&quot;}\" data-image-title=\"arredare-con-il-bianco-06\" data-image-description=\"\" data-image-caption=\"\" data-medium-file=\"https:\/\/socialdesignmagazine.com\/mag\/products-selection\/wp-content\/uploads\/sites\/2\/2019\/08\/arredare-con-il-bianco-06-438x283.jpg\" data-large-file=\"https:\/\/socialdesignmagazine.com\/mag\/products-selection\/wp-content\/uploads\/sites\/2\/2019\/08\/arredare-con-il-bianco-06-1024x769.jpg\" src=\"https:\/\/socialdesignmagazine.com\/mag\/products-selection\/wp-content\/uploads\/sites\/2\/2019\/08\/arredare-con-il-bianco-06-1024x769.jpg\" alt=\"\" class=\"wp-image-84775\" srcset=\"https:\/\/socialdesignmagazine.com\/mag\/products-selection\/wp-content\/uploads\/sites\/2\/2019\/08\/arredare-con-il-bianco-06-1024x769.jpg 1024w, https:\/\/socialdesignmagazine.com\/mag\/products-selection\/wp-content\/uploads\/sites\/2\/2019\/08\/arredare-con-il-bianco-06-200x150.jpg 200w, https:\/\/socialdesignmagazine.com\/mag\/products-selection\/wp-content\/uploads\/sites\/2\/2019\/08\/arredare-con-il-bianco-06-600x451.jpg 600w, https:\/\/socialdesignmagazine.com\/mag\/products-selection\/wp-content\/uploads\/sites\/2\/2019\/08\/arredare-con-il-bianco-06-768x577.jpg 768w, https:\/\/socialdesignmagazine.com\/mag\/products-selection\/wp-content\/uploads\/sites\/2\/2019\/08\/arredare-con-il-bianco-06.jpg 1200w\" sizes=\"auto, (max-width: 1024px) 100vw, 1024px\" \/><figcaption><a rel=\"nofollow\" href=\"http:\/\/www.inthemoodfordesign.eu\/2016\/07\/11\/casa-svedese-dal-look-monocromatico\/\">source photo<\/a><\/figcaption><\/figure>\n\n\n\n<h3 class=\"wp-block-heading\">Come utilizzare il bianco nei vari ambienti della casa? <\/h3>\n\n\n\n<p>Pi\u00f9 nello specifico per utilizzare il bianco nei vari ambienti della casa si possono prendere in considerazione i seguenti consigli: <\/p>\n\n\n\n<ul class=\"wp-block-list\"><li>il bianco lucido illumina la cucina;<\/li><li>l\u2019avorio si sposa bene con il bagno;<\/li><li>il beige e il bianco sporco tendente al giallo sono adatti alla stanza da letto o a una zona relax;<\/li><li>la vaniglia e l\u2019ocra sono idonei alla zona living, ecc. <\/li><\/ul>\n\n\n\n<p>Tuttavia per la scelta pi\u00f9 idonea del tipo di bianco, in particolare considerando l\u2019esposizione della casa e la sua ampiezza, si rende necessaria la consulenza di un professionista, ad esempio un architetto o un interior designer. <\/p>\n\n\n\n<figure class=\"wp-block-image\"><img loading=\"lazy\" decoding=\"async\" width=\"1024\" height=\"1469\" data-attachment-id=\"84770\" data-permalink=\"https:\/\/socialdesignmagazine.com\/mag\/products-selection\/arredare-con-il-bianco-una-selezione-di-lampade-arredi-e-complementi\/arredare-con-il-bianco-01\/#content\" data-orig-file=\"https:\/\/socialdesignmagazine.com\/mag\/products-selection\/wp-content\/uploads\/sites\/2\/2019\/08\/arredare-con-il-bianco-01.jpg\" data-orig-size=\"1200,1721\" data-comments-opened=\"1\" data-image-meta=\"{&quot;aperture&quot;:&quot;0&quot;,&quot;credit&quot;:&quot;&quot;,&quot;camera&quot;:&quot;&quot;,&quot;caption&quot;:&quot;&quot;,&quot;created_timestamp&quot;:&quot;0&quot;,&quot;copyright&quot;:&quot;&quot;,&quot;focal_length&quot;:&quot;0&quot;,&quot;iso&quot;:&quot;0&quot;,&quot;shutter_speed&quot;:&quot;0&quot;,&quot;title&quot;:&quot;&quot;,&quot;orientation&quot;:&quot;0&quot;}\" data-image-title=\"arredare-con-il-bianco-01\" data-image-description=\"\" data-image-caption=\"\" data-medium-file=\"https:\/\/socialdesignmagazine.com\/mag\/products-selection\/wp-content\/uploads\/sites\/2\/2019\/08\/arredare-con-il-bianco-01-438x283.jpg\" data-large-file=\"https:\/\/socialdesignmagazine.com\/mag\/products-selection\/wp-content\/uploads\/sites\/2\/2019\/08\/arredare-con-il-bianco-01-1024x1469.jpg\" src=\"https:\/\/socialdesignmagazine.com\/mag\/products-selection\/wp-content\/uploads\/sites\/2\/2019\/08\/arredare-con-il-bianco-01-1024x1469.jpg\" alt=\"\" class=\"wp-image-84770\" srcset=\"https:\/\/socialdesignmagazine.com\/mag\/products-selection\/wp-content\/uploads\/sites\/2\/2019\/08\/arredare-con-il-bianco-01-1024x1469.jpg 1024w, https:\/\/socialdesignmagazine.com\/mag\/products-selection\/wp-content\/uploads\/sites\/2\/2019\/08\/arredare-con-il-bianco-01-200x287.jpg 200w, https:\/\/socialdesignmagazine.com\/mag\/products-selection\/wp-content\/uploads\/sites\/2\/2019\/08\/arredare-con-il-bianco-01-600x861.jpg 600w, https:\/\/socialdesignmagazine.com\/mag\/products-selection\/wp-content\/uploads\/sites\/2\/2019\/08\/arredare-con-il-bianco-01-768x1101.jpg 768w, https:\/\/socialdesignmagazine.com\/mag\/products-selection\/wp-content\/uploads\/sites\/2\/2019\/08\/arredare-con-il-bianco-01.jpg 1200w\" sizes=\"auto, (max-width: 1024px) 100vw, 1024px\" \/><figcaption><a rel=\"nofollow\" href=\"http:\/\/www.inthemoodfordesign.eu\/2016\/07\/11\/casa-svedese-dal-look-monocromatico\/\">source photo<\/a><\/figcaption><\/figure>\n\n\n\n<h3 class=\"wp-block-heading\">Quali abbinamenti scegliere con il bianco? <\/h3>\n\n\n\n<p><strong>Il bianco<\/strong> \u00e8 un colore neutro che di norma viene accostato a oggetti di design e complementi d\u2019arredo di una tonalit\u00e0 simile, ad esempio il <strong>beige<\/strong>, la <strong>cenere<\/strong> e il <strong>grigio<\/strong>, ma anche al marrone naturale del <strong>legno<\/strong>, al <strong>nero<\/strong>, alla <strong>lavanda<\/strong>, al<strong> rosso<\/strong>, al <strong>rosa<\/strong> e al <strong>tortora<\/strong> per rompere il suo effetto estraniante. <\/p>\n\n\n\n<p>Inoltre, fra gli altri abbinamenti, in particolare in merito ai colori per pareti, si pu\u00f2 decidere per il verde o l\u2019azzurro per richiamare un\u2019idea di natura, cielo e acqua cos\u00ec da aumentare lo scopo rasserenante dell\u2019arredamento bianco. <\/p>\n\n\n\n<ul class=\"wp-block-gallery aligncenter columns-2 is-cropped wp-block-gallery-1 is-layout-flex wp-block-gallery-is-layout-flex\"><li class=\"blocks-gallery-item\"><figure><img loading=\"lazy\" decoding=\"async\" width=\"1024\" height=\"1364\" data-attachment-id=\"84772\" data-permalink=\"https:\/\/socialdesignmagazine.com\/mag\/products-selection\/arredare-con-il-bianco-una-selezione-di-lampade-arredi-e-complementi\/arredare-con-il-bianco-03\/#content\" data-orig-file=\"https:\/\/socialdesignmagazine.com\/mag\/products-selection\/wp-content\/uploads\/sites\/2\/2019\/08\/arredare-con-il-bianco-03.jpg\" data-orig-size=\"1200,1598\" data-comments-opened=\"1\" data-image-meta=\"{&quot;aperture&quot;:&quot;0&quot;,&quot;credit&quot;:&quot;&quot;,&quot;camera&quot;:&quot;&quot;,&quot;caption&quot;:&quot;&quot;,&quot;created_timestamp&quot;:&quot;0&quot;,&quot;copyright&quot;:&quot;&quot;,&quot;focal_length&quot;:&quot;0&quot;,&quot;iso&quot;:&quot;0&quot;,&quot;shutter_speed&quot;:&quot;0&quot;,&quot;title&quot;:&quot;&quot;,&quot;orientation&quot;:&quot;0&quot;}\" data-image-title=\"arredare-con-il-bianco-03\" data-image-description=\"\" data-image-caption=\"\" data-medium-file=\"https:\/\/socialdesignmagazine.com\/mag\/products-selection\/wp-content\/uploads\/sites\/2\/2019\/08\/arredare-con-il-bianco-03-438x283.jpg\" data-large-file=\"https:\/\/socialdesignmagazine.com\/mag\/products-selection\/wp-content\/uploads\/sites\/2\/2019\/08\/arredare-con-il-bianco-03-1024x1364.jpg\" src=\"https:\/\/socialdesignmagazine.com\/mag\/products-selection\/wp-content\/uploads\/sites\/2\/2019\/08\/arredare-con-il-bianco-03-1024x1364.jpg\" alt=\"\" data-id=\"84772\" data-link=\"https:\/\/socialdesignmagazine.com\/mag\/products-selection\/?attachment_id=84772#content\" class=\"wp-image-84772\" srcset=\"https:\/\/socialdesignmagazine.com\/mag\/products-selection\/wp-content\/uploads\/sites\/2\/2019\/08\/arredare-con-il-bianco-03-1024x1364.jpg 1024w, https:\/\/socialdesignmagazine.com\/mag\/products-selection\/wp-content\/uploads\/sites\/2\/2019\/08\/arredare-con-il-bianco-03-200x266.jpg 200w, https:\/\/socialdesignmagazine.com\/mag\/products-selection\/wp-content\/uploads\/sites\/2\/2019\/08\/arredare-con-il-bianco-03-600x799.jpg 600w, https:\/\/socialdesignmagazine.com\/mag\/products-selection\/wp-content\/uploads\/sites\/2\/2019\/08\/arredare-con-il-bianco-03-768x1023.jpg 768w, https:\/\/socialdesignmagazine.com\/mag\/products-selection\/wp-content\/uploads\/sites\/2\/2019\/08\/arredare-con-il-bianco-03.jpg 1200w\" sizes=\"auto, (max-width: 1024px) 100vw, 1024px\" \/><figcaption> <a rel=\"nofollow\" href=\"http:\/\/www.inthemoodfordesign.eu\/2016\/07\/11\/casa-svedese-dal-look-monocromatico\/\">source photo<\/a> <\/figcaption><\/figure><\/li><li class=\"blocks-gallery-item\"><figure><img loading=\"lazy\" decoding=\"async\" width=\"1024\" height=\"1364\" data-attachment-id=\"84771\" data-permalink=\"https:\/\/socialdesignmagazine.com\/mag\/products-selection\/arredare-con-il-bianco-una-selezione-di-lampade-arredi-e-complementi\/arredare-con-il-bianco-02\/#content\" data-orig-file=\"https:\/\/socialdesignmagazine.com\/mag\/products-selection\/wp-content\/uploads\/sites\/2\/2019\/08\/arredare-con-il-bianco-02.jpg\" data-orig-size=\"1200,1598\" data-comments-opened=\"1\" data-image-meta=\"{&quot;aperture&quot;:&quot;0&quot;,&quot;credit&quot;:&quot;&quot;,&quot;camera&quot;:&quot;&quot;,&quot;caption&quot;:&quot;&quot;,&quot;created_timestamp&quot;:&quot;0&quot;,&quot;copyright&quot;:&quot;&quot;,&quot;focal_length&quot;:&quot;0&quot;,&quot;iso&quot;:&quot;0&quot;,&quot;shutter_speed&quot;:&quot;0&quot;,&quot;title&quot;:&quot;&quot;,&quot;orientation&quot;:&quot;0&quot;}\" data-image-title=\"arredare-con-il-bianco-02\" data-image-description=\"\" data-image-caption=\"\" data-medium-file=\"https:\/\/socialdesignmagazine.com\/mag\/products-selection\/wp-content\/uploads\/sites\/2\/2019\/08\/arredare-con-il-bianco-02-438x283.jpg\" data-large-file=\"https:\/\/socialdesignmagazine.com\/mag\/products-selection\/wp-content\/uploads\/sites\/2\/2019\/08\/arredare-con-il-bianco-02-1024x1364.jpg\" src=\"https:\/\/socialdesignmagazine.com\/mag\/products-selection\/wp-content\/uploads\/sites\/2\/2019\/08\/arredare-con-il-bianco-02-1024x1364.jpg\" alt=\"\" data-id=\"84771\" data-link=\"https:\/\/socialdesignmagazine.com\/mag\/products-selection\/?attachment_id=84771#content\" class=\"wp-image-84771\" srcset=\"https:\/\/socialdesignmagazine.com\/mag\/products-selection\/wp-content\/uploads\/sites\/2\/2019\/08\/arredare-con-il-bianco-02-1024x1364.jpg 1024w, https:\/\/socialdesignmagazine.com\/mag\/products-selection\/wp-content\/uploads\/sites\/2\/2019\/08\/arredare-con-il-bianco-02-200x266.jpg 200w, https:\/\/socialdesignmagazine.com\/mag\/products-selection\/wp-content\/uploads\/sites\/2\/2019\/08\/arredare-con-il-bianco-02-600x799.jpg 600w, https:\/\/socialdesignmagazine.com\/mag\/products-selection\/wp-content\/uploads\/sites\/2\/2019\/08\/arredare-con-il-bianco-02-768x1023.jpg 768w, https:\/\/socialdesignmagazine.com\/mag\/products-selection\/wp-content\/uploads\/sites\/2\/2019\/08\/arredare-con-il-bianco-02.jpg 1200w\" sizes=\"auto, (max-width: 1024px) 100vw, 1024px\" \/><figcaption> <a rel=\"nofollow\" href=\"http:\/\/www.inthemoodfordesign.eu\/2016\/07\/11\/casa-svedese-dal-look-monocromatico\/\">source photo<\/a> <\/figcaption><\/figure><\/li><li class=\"blocks-gallery-item\"><figure><img loading=\"lazy\" decoding=\"async\" width=\"1024\" height=\"707\" data-attachment-id=\"84776\" data-permalink=\"https:\/\/socialdesignmagazine.com\/mag\/products-selection\/arredare-con-il-bianco-una-selezione-di-lampade-arredi-e-complementi\/arredare-con-il-bianco-07\/#content\" data-orig-file=\"https:\/\/socialdesignmagazine.com\/mag\/products-selection\/wp-content\/uploads\/sites\/2\/2019\/08\/arredare-con-il-bianco-07.jpg\" data-orig-size=\"1200,828\" data-comments-opened=\"1\" data-image-meta=\"{&quot;aperture&quot;:&quot;0&quot;,&quot;credit&quot;:&quot;&quot;,&quot;camera&quot;:&quot;&quot;,&quot;caption&quot;:&quot;&quot;,&quot;created_timestamp&quot;:&quot;0&quot;,&quot;copyright&quot;:&quot;&quot;,&quot;focal_length&quot;:&quot;0&quot;,&quot;iso&quot;:&quot;0&quot;,&quot;shutter_speed&quot;:&quot;0&quot;,&quot;title&quot;:&quot;&quot;,&quot;orientation&quot;:&quot;0&quot;}\" data-image-title=\"arredare-con-il-bianco-07\" data-image-description=\"\" data-image-caption=\"\" data-medium-file=\"https:\/\/socialdesignmagazine.com\/mag\/products-selection\/wp-content\/uploads\/sites\/2\/2019\/08\/arredare-con-il-bianco-07-438x283.jpg\" data-large-file=\"https:\/\/socialdesignmagazine.com\/mag\/products-selection\/wp-content\/uploads\/sites\/2\/2019\/08\/arredare-con-il-bianco-07-1024x707.jpg\" src=\"https:\/\/socialdesignmagazine.com\/mag\/products-selection\/wp-content\/uploads\/sites\/2\/2019\/08\/arredare-con-il-bianco-07-1024x707.jpg\" alt=\"\" data-id=\"84776\" data-link=\"https:\/\/socialdesignmagazine.com\/mag\/products-selection\/?attachment_id=84776#content\" class=\"wp-image-84776\" srcset=\"https:\/\/socialdesignmagazine.com\/mag\/products-selection\/wp-content\/uploads\/sites\/2\/2019\/08\/arredare-con-il-bianco-07-1024x707.jpg 1024w, https:\/\/socialdesignmagazine.com\/mag\/products-selection\/wp-content\/uploads\/sites\/2\/2019\/08\/arredare-con-il-bianco-07-200x138.jpg 200w, https:\/\/socialdesignmagazine.com\/mag\/products-selection\/wp-content\/uploads\/sites\/2\/2019\/08\/arredare-con-il-bianco-07-600x414.jpg 600w, https:\/\/socialdesignmagazine.com\/mag\/products-selection\/wp-content\/uploads\/sites\/2\/2019\/08\/arredare-con-il-bianco-07-768x530.jpg 768w, https:\/\/socialdesignmagazine.com\/mag\/products-selection\/wp-content\/uploads\/sites\/2\/2019\/08\/arredare-con-il-bianco-07.jpg 1200w\" sizes=\"auto, (max-width: 1024px) 100vw, 1024px\" \/><figcaption><a rel=\"nofollow\" href=\"http:\/\/www.decosympa.com\/deco\/total-white-pour-un-interieur-toujours-a-la-mode-20-idees-inspirantes\">source photo<\/a><\/figcaption><\/figure><\/li><\/ul>\n\n\n\n<h3 class=\"wp-block-heading\">Quando arredare con il bianco \u00e8 sconsigliato? <\/h3>\n\n\n\n<p>L\u2019arredamento casa bianco pu\u00f2 essere sconsigliato se si ha poco tempo o voglia di pulirlo perfettamente e con costanza, soprattutto se ci sono bambini o adolescenti oppure animali in casa, difatti non \u00e8 semplice con il passare degli anni mantenerlo al suo stato originale. Inoltre, l\u2019umidit\u00e0 e le condense presenti nell\u2019appartamento possono portare all\u2019ingiallimento delle pareti e della mobilia. <\/p>\n\n\n\n<h3 class=\"wp-block-heading\">Come arredare con il bianco? <\/h3>\n\n\n\n<p>Per arredare con il bianco in maniera efficace cos\u00ec da realizzare l\u2019appartamento total white di tendenza, oppure soltanto una stanza, ad esempio il soggiorno bianco da illuminare perch\u00e9 posto in una zona molto ombrosa, bisogna prendere in considerazione una sensata selezione di lampade, arredi e complementi e tinteggiare le pareti di bianco. <\/p>\n\n\n\n<figure class=\"wp-block-image\"><img loading=\"lazy\" decoding=\"async\" width=\"1024\" height=\"769\" data-attachment-id=\"84774\" data-permalink=\"https:\/\/socialdesignmagazine.com\/mag\/products-selection\/arredare-con-il-bianco-una-selezione-di-lampade-arredi-e-complementi\/arredare-con-il-bianco-05\/#content\" data-orig-file=\"https:\/\/socialdesignmagazine.com\/mag\/products-selection\/wp-content\/uploads\/sites\/2\/2019\/08\/arredare-con-il-bianco-05.jpg\" data-orig-size=\"1200,901\" data-comments-opened=\"1\" data-image-meta=\"{&quot;aperture&quot;:&quot;0&quot;,&quot;credit&quot;:&quot;&quot;,&quot;camera&quot;:&quot;&quot;,&quot;caption&quot;:&quot;&quot;,&quot;created_timestamp&quot;:&quot;0&quot;,&quot;copyright&quot;:&quot;&quot;,&quot;focal_length&quot;:&quot;0&quot;,&quot;iso&quot;:&quot;0&quot;,&quot;shutter_speed&quot;:&quot;0&quot;,&quot;title&quot;:&quot;&quot;,&quot;orientation&quot;:&quot;0&quot;}\" data-image-title=\"arredare-con-il-bianco-05\" data-image-description=\"\" data-image-caption=\"\" data-medium-file=\"https:\/\/socialdesignmagazine.com\/mag\/products-selection\/wp-content\/uploads\/sites\/2\/2019\/08\/arredare-con-il-bianco-05-438x283.jpg\" data-large-file=\"https:\/\/socialdesignmagazine.com\/mag\/products-selection\/wp-content\/uploads\/sites\/2\/2019\/08\/arredare-con-il-bianco-05-1024x769.jpg\" src=\"https:\/\/socialdesignmagazine.com\/mag\/products-selection\/wp-content\/uploads\/sites\/2\/2019\/08\/arredare-con-il-bianco-05-1024x769.jpg\" alt=\"\" class=\"wp-image-84774\" srcset=\"https:\/\/socialdesignmagazine.com\/mag\/products-selection\/wp-content\/uploads\/sites\/2\/2019\/08\/arredare-con-il-bianco-05-1024x769.jpg 1024w, https:\/\/socialdesignmagazine.com\/mag\/products-selection\/wp-content\/uploads\/sites\/2\/2019\/08\/arredare-con-il-bianco-05-200x150.jpg 200w, https:\/\/socialdesignmagazine.com\/mag\/products-selection\/wp-content\/uploads\/sites\/2\/2019\/08\/arredare-con-il-bianco-05-600x451.jpg 600w, https:\/\/socialdesignmagazine.com\/mag\/products-selection\/wp-content\/uploads\/sites\/2\/2019\/08\/arredare-con-il-bianco-05-768x577.jpg 768w, https:\/\/socialdesignmagazine.com\/mag\/products-selection\/wp-content\/uploads\/sites\/2\/2019\/08\/arredare-con-il-bianco-05.jpg 1200w\" sizes=\"auto, (max-width: 1024px) 100vw, 1024px\" \/><figcaption><a rel=\"nofollow\" href=\"https:\/\/www.elattelier.com\/inspiracion-deco-total-white\/\">source photo<\/a><\/figcaption><\/figure>\n\n\n\n<p>In particolare si possono valutare i seguenti mobili, oggetti e complementi d\u2019arredo bianchi anche con qualche dettaglio di un altro colore, ad esempio il nero, per apportare una certa raffinatezza: <\/p>\n\n\n\n<h3 class=\"wp-block-heading\">Lampade da parete<\/h3>\n\n\n<div data-block-name=\"woocommerce\/handpicked-products\" data-edit-mode=\"false\" data-products=\"[49101,81194,39160]\" class=\"wc-block-grid wp-block-handpicked-products wp-block-woocommerce-handpicked-products wc-block-handpicked-products has-3-columns has-multiple-rows\"><ul class=\"wc-block-grid__products\"><li class=\"wc-block-grid__product\">\n\t\t\t\t<a href=\"https:\/\/socialdesignmagazine.com\/mag\/products-selection\/product\/lampada-da-parete-beat-orientabile-bianco-brillanteottone-by-tom-dixon\/\" class=\"wc-block-grid__product-link\">\n\t\t\t\t\t\n\t\t\t\t\t<div class=\"wc-block-grid__product-image\"><img loading=\"lazy\" decoding=\"async\" width=\"200\" height=\"260\" src=\"https:\/\/socialdesignmagazine.com\/mag\/products-selection\/wp-content\/uploads\/sites\/2\/2020\/12\/Lampada-Da-Parete-Beat-Orientabile-Bianco-brillanteOttone-Tom-Dixon-Tom-Dixon-200x260.jpg\" class=\"attachment-woocommerce_thumbnail size-woocommerce_thumbnail\" alt=\"Lampada Da Parete Beat Orientabile Bianco brillante|Ottone Tom Dixon Tom Dixon\" srcset=\"https:\/\/socialdesignmagazine.com\/mag\/products-selection\/wp-content\/uploads\/sites\/2\/2020\/12\/Lampada-Da-Parete-Beat-Orientabile-Bianco-brillanteOttone-Tom-Dixon-Tom-Dixon-200x260.jpg 200w, https:\/\/socialdesignmagazine.com\/mag\/products-selection\/wp-content\/uploads\/sites\/2\/2020\/12\/Lampada-Da-Parete-Beat-Orientabile-Bianco-brillanteOttone-Tom-Dixon-Tom-Dixon-600x780.jpg 600w, https:\/\/socialdesignmagazine.com\/mag\/products-selection\/wp-content\/uploads\/sites\/2\/2020\/12\/Lampada-Da-Parete-Beat-Orientabile-Bianco-brillanteOttone-Tom-Dixon-Tom-Dixon-1024x1331.jpg 1024w, https:\/\/socialdesignmagazine.com\/mag\/products-selection\/wp-content\/uploads\/sites\/2\/2020\/12\/Lampada-Da-Parete-Beat-Orientabile-Bianco-brillanteOttone-Tom-Dixon-Tom-Dixon-768x998.jpg 768w, https:\/\/socialdesignmagazine.com\/mag\/products-selection\/wp-content\/uploads\/sites\/2\/2020\/12\/Lampada-Da-Parete-Beat-Orientabile-Bianco-brillanteOttone-Tom-Dixon-Tom-Dixon-1182x1536.jpg 1182w, https:\/\/socialdesignmagazine.com\/mag\/products-selection\/wp-content\/uploads\/sites\/2\/2020\/12\/Lampada-Da-Parete-Beat-Orientabile-Bianco-brillanteOttone-Tom-Dixon-Tom-Dixon-1576x2048.jpg 1576w, https:\/\/socialdesignmagazine.com\/mag\/products-selection\/wp-content\/uploads\/sites\/2\/2020\/12\/Lampada-Da-Parete-Beat-Orientabile-Bianco-brillanteOttone-Tom-Dixon-Tom-Dixon.jpg 1782w\" sizes=\"auto, (max-width: 200px) 100vw, 200px\" data-attachment-id=\"137622\" data-permalink=\"https:\/\/socialdesignmagazine.com\/mag\/products-selection\/?attachment_id=137622#content\" data-orig-file=\"https:\/\/socialdesignmagazine.com\/mag\/products-selection\/wp-content\/uploads\/sites\/2\/2020\/12\/Lampada-Da-Parete-Beat-Orientabile-Bianco-brillanteOttone-Tom-Dixon-Tom-Dixon.jpg\" data-orig-size=\"1782,2316\" data-comments-opened=\"1\" data-image-meta=\"{&quot;aperture&quot;:&quot;20&quot;,&quot;credit&quot;:&quot;&quot;,&quot;camera&quot;:&quot;Canon EOS 5DS R&quot;,&quot;caption&quot;:&quot;&quot;,&quot;created_timestamp&quot;:&quot;1548341274&quot;,&quot;copyright&quot;:&quot;&quot;,&quot;focal_length&quot;:&quot;100&quot;,&quot;iso&quot;:&quot;100&quot;,&quot;shutter_speed&quot;:&quot;0.00625&quot;,&quot;title&quot;:&quot;&quot;,&quot;orientation&quot;:&quot;1&quot;}\" data-image-title=\"Lampada Da Parete Beat Orientabile Bianco brillante|Ottone Tom Dixon Tom Dixon\" data-image-description=\"\" data-image-caption=\"&lt;p&gt;Lampada Da Parete Beat Orientabile Bianco brillante|Ottone Tom Dixon Tom Dixon&lt;\/p&gt;\n\" data-medium-file=\"https:\/\/socialdesignmagazine.com\/mag\/products-selection\/wp-content\/uploads\/sites\/2\/2020\/12\/Lampada-Da-Parete-Beat-Orientabile-Bianco-brillanteOttone-Tom-Dixon-Tom-Dixon-438x283.jpg\" data-large-file=\"https:\/\/socialdesignmagazine.com\/mag\/products-selection\/wp-content\/uploads\/sites\/2\/2020\/12\/Lampada-Da-Parete-Beat-Orientabile-Bianco-brillanteOttone-Tom-Dixon-Tom-Dixon-1024x1331.jpg\" \/><\/div>\n\t\t\t\t\t<div class=\"wc-block-grid__product-title\">Lampada Da Parete Beat Orientabile Bianco brillante|Ottone by Tom Dixon<\/div>\n\t\t\t\t<\/a>\n\t\t\t\t<div class=\"wc-block-grid__product-price price\"><span class=\"woocommerce-Price-amount amount\"><bdi><span class=\"woocommerce-Price-currencySymbol\">&euro;<\/span>432,00<\/bdi><\/span><\/div>\n\t\t\t\t\n\t\t\t\t<div class=\"wp-block-button wc-block-grid__product-add-to-cart\"><a href=\"\" aria-label=\"Vai al Negozio &gt;\" data-quantity=\"1\" data-product_id=\"81194\" data-product_sku=\"dix003\" data-price=\"432\" rel=\"nofollow\" class=\"wp-block-button__link  add_to_cart_button\">Vai al Negozio &gt;<\/a><\/div>\n\t\t\t<\/li><li class=\"wc-block-grid__product\">\n\t\t\t\t<a href=\"https:\/\/socialdesignmagazine.com\/mag\/products-selection\/product\/lampada-da-parete-wings-s-bianco-design-edin-dedovic-for-linea-light-group\/\" class=\"wc-block-grid__product-link\">\n\t\t\t\t\t\n\t\t\t\t\t<div class=\"wc-block-grid__product-image\"><img loading=\"lazy\" decoding=\"async\" width=\"200\" height=\"200\" src=\"https:\/\/socialdesignmagazine.com\/mag\/products-selection\/wp-content\/uploads\/sites\/2\/2020\/12\/Lampada-Da-Parete-Wings-S-Bianco-Linea-Light-Group-Edin-Dedovic-200x200.jpg\" class=\"attachment-woocommerce_thumbnail size-woocommerce_thumbnail\" alt=\"Lampada Da Parete Wings S Bianco Linea Light Group Edin Dedovic\" srcset=\"https:\/\/socialdesignmagazine.com\/mag\/products-selection\/wp-content\/uploads\/sites\/2\/2020\/12\/Lampada-Da-Parete-Wings-S-Bianco-Linea-Light-Group-Edin-Dedovic-200x200.jpg 200w, https:\/\/socialdesignmagazine.com\/mag\/products-selection\/wp-content\/uploads\/sites\/2\/2020\/12\/Lampada-Da-Parete-Wings-S-Bianco-Linea-Light-Group-Edin-Dedovic-100x100.jpg 100w, https:\/\/socialdesignmagazine.com\/mag\/products-selection\/wp-content\/uploads\/sites\/2\/2020\/12\/Lampada-Da-Parete-Wings-S-Bianco-Linea-Light-Group-Edin-Dedovic-600x600.jpg 600w, https:\/\/socialdesignmagazine.com\/mag\/products-selection\/wp-content\/uploads\/sites\/2\/2020\/12\/Lampada-Da-Parete-Wings-S-Bianco-Linea-Light-Group-Edin-Dedovic-150x150.jpg 150w, https:\/\/socialdesignmagazine.com\/mag\/products-selection\/wp-content\/uploads\/sites\/2\/2020\/12\/Lampada-Da-Parete-Wings-S-Bianco-Linea-Light-Group-Edin-Dedovic-768x768.jpg 768w, https:\/\/socialdesignmagazine.com\/mag\/products-selection\/wp-content\/uploads\/sites\/2\/2020\/12\/Lampada-Da-Parete-Wings-S-Bianco-Linea-Light-Group-Edin-Dedovic.jpg 800w\" sizes=\"auto, (max-width: 200px) 100vw, 200px\" data-attachment-id=\"136223\" data-permalink=\"https:\/\/socialdesignmagazine.com\/mag\/products-selection\/?attachment_id=136223#content\" data-orig-file=\"https:\/\/socialdesignmagazine.com\/mag\/products-selection\/wp-content\/uploads\/sites\/2\/2020\/12\/Lampada-Da-Parete-Wings-S-Bianco-Linea-Light-Group-Edin-Dedovic.jpg\" data-orig-size=\"800,800\" data-comments-opened=\"1\" data-image-meta=\"{&quot;aperture&quot;:&quot;0&quot;,&quot;credit&quot;:&quot;&quot;,&quot;camera&quot;:&quot;&quot;,&quot;caption&quot;:&quot;&quot;,&quot;created_timestamp&quot;:&quot;0&quot;,&quot;copyright&quot;:&quot;&quot;,&quot;focal_length&quot;:&quot;0&quot;,&quot;iso&quot;:&quot;0&quot;,&quot;shutter_speed&quot;:&quot;0&quot;,&quot;title&quot;:&quot;&quot;,&quot;orientation&quot;:&quot;0&quot;}\" data-image-title=\"Lampada Da Parete Wings S Bianco Linea Light Group Edin Dedovic\" data-image-description=\"\" data-image-caption=\"&lt;p&gt;Lampada Da Parete Wings S Bianco Linea Light Group Edin Dedovic&lt;\/p&gt;\n\" data-medium-file=\"https:\/\/socialdesignmagazine.com\/mag\/products-selection\/wp-content\/uploads\/sites\/2\/2020\/12\/Lampada-Da-Parete-Wings-S-Bianco-Linea-Light-Group-Edin-Dedovic-438x283.jpg\" data-large-file=\"https:\/\/socialdesignmagazine.com\/mag\/products-selection\/wp-content\/uploads\/sites\/2\/2020\/12\/Lampada-Da-Parete-Wings-S-Bianco-Linea-Light-Group-Edin-Dedovic.jpg\" \/><\/div>\n\t\t\t\t\t<div class=\"wc-block-grid__product-title\">Lampada Da Parete Wings S Bianco design Edin Dedovic for Linea Light Group<\/div>\n\t\t\t\t<\/a>\n\t\t\t\t<div class=\"wc-block-grid__product-price price\"><span class=\"woocommerce-Price-amount amount\"><bdi><span class=\"woocommerce-Price-currencySymbol\">&euro;<\/span>154,90<\/bdi><\/span><\/div>\n\t\t\t\t\n\t\t\t\t<div class=\"wp-block-button wc-block-grid__product-add-to-cart\"><a href=\"https:\/\/socialdesignmagazine.com\/mag\/products-selection\/5911\" aria-label=\"Vai al Negozio &gt;\" data-quantity=\"1\" data-product_id=\"49101\" data-product_sku=\"llg001\" data-price=\"154.9\" rel=\"nofollow\" class=\"wp-block-button__link  add_to_cart_button\">Vai al Negozio &gt;<\/a><\/div>\n\t\t\t<\/li><li class=\"wc-block-grid__product\">\n\t\t\t\t<a href=\"https:\/\/socialdesignmagazine.com\/mag\/products-selection\/product\/lampada-da-parete-cuma-bianco-design-roberto-paoli-for-artemide\/\" class=\"wc-block-grid__product-link\">\n\t\t\t\t\t\n\t\t\t\t\t<div class=\"wc-block-grid__product-image\"><img loading=\"lazy\" decoding=\"async\" width=\"200\" height=\"253\" src=\"https:\/\/socialdesignmagazine.com\/mag\/products-selection\/wp-content\/uploads\/sites\/2\/2023\/05\/Lampada-da-parete-CUMA-Bianco-ARTEMIDE-Roberto-Paoli-200x253.jpg\" class=\"attachment-woocommerce_thumbnail size-woocommerce_thumbnail\" alt=\"Lampada da parete CUMA Bianco ARTEMIDE Roberto Paoli 1\" srcset=\"https:\/\/socialdesignmagazine.com\/mag\/products-selection\/wp-content\/uploads\/sites\/2\/2023\/05\/Lampada-da-parete-CUMA-Bianco-ARTEMIDE-Roberto-Paoli-200x253.jpg 200w, https:\/\/socialdesignmagazine.com\/mag\/products-selection\/wp-content\/uploads\/sites\/2\/2023\/05\/Lampada-da-parete-CUMA-Bianco-ARTEMIDE-Roberto-Paoli.jpg 387w\" sizes=\"auto, (max-width: 200px) 100vw, 200px\" data-attachment-id=\"142269\" data-permalink=\"https:\/\/socialdesignmagazine.com\/mag\/products-selection\/?attachment_id=142269#content\" data-orig-file=\"https:\/\/socialdesignmagazine.com\/mag\/products-selection\/wp-content\/uploads\/sites\/2\/2023\/05\/Lampada-da-parete-CUMA-Bianco-ARTEMIDE-Roberto-Paoli.jpg\" data-orig-size=\"387,490\" data-comments-opened=\"1\" data-image-meta=\"{&quot;aperture&quot;:&quot;0&quot;,&quot;credit&quot;:&quot;&quot;,&quot;camera&quot;:&quot;&quot;,&quot;caption&quot;:&quot;&quot;,&quot;created_timestamp&quot;:&quot;0&quot;,&quot;copyright&quot;:&quot;&quot;,&quot;focal_length&quot;:&quot;0&quot;,&quot;iso&quot;:&quot;0&quot;,&quot;shutter_speed&quot;:&quot;0&quot;,&quot;title&quot;:&quot;&quot;,&quot;orientation&quot;:&quot;0&quot;}\" data-image-title=\"Lampada da parete CUMA Bianco ARTEMIDE Roberto Paoli 1\" data-image-description=\"\" data-image-caption=\"&lt;p&gt;Lampada da parete CUMA Bianco ARTEMIDE Roberto Paoli 1&lt;\/p&gt;\n\" data-medium-file=\"https:\/\/socialdesignmagazine.com\/mag\/products-selection\/wp-content\/uploads\/sites\/2\/2023\/05\/Lampada-da-parete-CUMA-Bianco-ARTEMIDE-Roberto-Paoli-387x283.jpg\" data-large-file=\"https:\/\/socialdesignmagazine.com\/mag\/products-selection\/wp-content\/uploads\/sites\/2\/2023\/05\/Lampada-da-parete-CUMA-Bianco-ARTEMIDE-Roberto-Paoli.jpg\" \/><\/div>\n\t\t\t\t\t<div class=\"wc-block-grid__product-title\">Lampada da parete CUMA Bianco design Roberto Paoli for ARTEMIDE<\/div>\n\t\t\t\t<\/a>\n\t\t\t\t<div class=\"wc-block-grid__product-price price\"><span class=\"woocommerce-Price-amount amount\"><bdi><span class=\"woocommerce-Price-currencySymbol\">&euro;<\/span>298,00<\/bdi><\/span><\/div>\n\t\t\t\t\n\t\t\t\t<div class=\"wp-block-button wc-block-grid__product-add-to-cart\"><a href=\"\" aria-label=\"Vai al Negozio &gt;\" data-quantity=\"1\" data-product_id=\"39160\" data-product_sku=\"arte008\" data-price=\"298\" rel=\"nofollow\" class=\"wp-block-button__link  add_to_cart_button\">Vai al Negozio &gt;<\/a><\/div>\n\t\t\t<\/li><\/ul><\/div>\n\n<div data-block-name=\"woocommerce\/handpicked-products\" data-edit-mode=\"false\" data-products=\"[35706,39214,39162]\" class=\"wc-block-grid wp-block-handpicked-products wp-block-woocommerce-handpicked-products wc-block-handpicked-products has-3-columns has-multiple-rows\"><ul class=\"wc-block-grid__products\"><li class=\"wc-block-grid__product\">\n\t\t\t\t<a href=\"https:\/\/socialdesignmagazine.com\/mag\/products-selection\/product\/lampada-da-parete-tolomeo-alluminio-design-michele-de-lucchigiancarlo-fassina-for-artemide\/\" class=\"wc-block-grid__product-link\">\n\t\t\t\t\t\n\t\t\t\t\t<div class=\"wc-block-grid__product-image\"><img loading=\"lazy\" decoding=\"async\" width=\"200\" height=\"253\" src=\"https:\/\/socialdesignmagazine.com\/mag\/products-selection\/wp-content\/uploads\/sites\/2\/2023\/05\/Lampada-da-parete-TOLOMEO-Alluminio-ARTEMIDE-Michele-De-LucchiGiancarlo-Fassina-200x253.jpg\" class=\"attachment-woocommerce_thumbnail size-woocommerce_thumbnail\" alt=\"Lampada da parete TOLOMEO Alluminio ARTEMIDE Michele De Lucchi|Giancarlo Fassina 1\" srcset=\"https:\/\/socialdesignmagazine.com\/mag\/products-selection\/wp-content\/uploads\/sites\/2\/2023\/05\/Lampada-da-parete-TOLOMEO-Alluminio-ARTEMIDE-Michele-De-LucchiGiancarlo-Fassina-200x253.jpg 200w, https:\/\/socialdesignmagazine.com\/mag\/products-selection\/wp-content\/uploads\/sites\/2\/2023\/05\/Lampada-da-parete-TOLOMEO-Alluminio-ARTEMIDE-Michele-De-LucchiGiancarlo-Fassina.jpg 387w\" sizes=\"auto, (max-width: 200px) 100vw, 200px\" data-attachment-id=\"142314\" data-permalink=\"https:\/\/socialdesignmagazine.com\/mag\/products-selection\/?attachment_id=142314#content\" data-orig-file=\"https:\/\/socialdesignmagazine.com\/mag\/products-selection\/wp-content\/uploads\/sites\/2\/2023\/05\/Lampada-da-parete-TOLOMEO-Alluminio-ARTEMIDE-Michele-De-LucchiGiancarlo-Fassina.jpg\" data-orig-size=\"387,490\" data-comments-opened=\"1\" data-image-meta=\"{&quot;aperture&quot;:&quot;0&quot;,&quot;credit&quot;:&quot;&quot;,&quot;camera&quot;:&quot;&quot;,&quot;caption&quot;:&quot;&quot;,&quot;created_timestamp&quot;:&quot;0&quot;,&quot;copyright&quot;:&quot;&quot;,&quot;focal_length&quot;:&quot;0&quot;,&quot;iso&quot;:&quot;0&quot;,&quot;shutter_speed&quot;:&quot;0&quot;,&quot;title&quot;:&quot;&quot;,&quot;orientation&quot;:&quot;0&quot;}\" data-image-title=\"Lampada da parete TOLOMEO Alluminio ARTEMIDE Michele De Lucchi|Giancarlo Fassina 1\" data-image-description=\"\" data-image-caption=\"&lt;p&gt;Lampada da parete TOLOMEO Alluminio ARTEMIDE Michele De Lucchi|Giancarlo Fassina 1&lt;\/p&gt;\n\" data-medium-file=\"https:\/\/socialdesignmagazine.com\/mag\/products-selection\/wp-content\/uploads\/sites\/2\/2023\/05\/Lampada-da-parete-TOLOMEO-Alluminio-ARTEMIDE-Michele-De-LucchiGiancarlo-Fassina-387x283.jpg\" data-large-file=\"https:\/\/socialdesignmagazine.com\/mag\/products-selection\/wp-content\/uploads\/sites\/2\/2023\/05\/Lampada-da-parete-TOLOMEO-Alluminio-ARTEMIDE-Michele-De-LucchiGiancarlo-Fassina.jpg\" \/><\/div>\n\t\t\t\t\t<div class=\"wc-block-grid__product-title\">Lampada da parete TOLOMEO Alluminio design Michele De Lucchi|Giancarlo Fassina for ARTEMIDE<\/div>\n\t\t\t\t<\/a>\n\t\t\t\t<div class=\"wc-block-grid__product-price price\"><span class=\"woocommerce-Price-amount amount\"><bdi><span class=\"woocommerce-Price-currencySymbol\">&euro;<\/span>108,00<\/bdi><\/span><\/div>\n\t\t\t\t\n\t\t\t\t<div class=\"wp-block-button wc-block-grid__product-add-to-cart\"><a href=\"\" aria-label=\"Vai al Negozio &gt;\" data-quantity=\"1\" data-product_id=\"39214\" data-product_sku=\"arte032\" data-price=\"108\" rel=\"nofollow\" class=\"wp-block-button__link  add_to_cart_button\">Vai al Negozio &gt;<\/a><\/div>\n\t\t\t<\/li><li class=\"wc-block-grid__product\">\n\t\t\t\t<a href=\"https:\/\/socialdesignmagazine.com\/mag\/products-selection\/product\/lampada-da-parete-dioscuri-25-cm-bianco-design-michele-de-lucchi-for-artemide\/\" class=\"wc-block-grid__product-link\">\n\t\t\t\t\t\n\t\t\t\t\t<div class=\"wc-block-grid__product-image\"><img loading=\"lazy\" decoding=\"async\" width=\"200\" height=\"253\" src=\"https:\/\/socialdesignmagazine.com\/mag\/products-selection\/wp-content\/uploads\/sites\/2\/2023\/05\/Lampada-da-parete-DIOSCURI-25-cm-Bianco-ARTEMIDE-Michele-De-Lucchi-200x253.jpg\" class=\"attachment-woocommerce_thumbnail size-woocommerce_thumbnail\" alt=\"Lampada da parete DIOSCURI 25 cm Bianco ARTEMIDE Michele De Lucchi 1\" srcset=\"https:\/\/socialdesignmagazine.com\/mag\/products-selection\/wp-content\/uploads\/sites\/2\/2023\/05\/Lampada-da-parete-DIOSCURI-25-cm-Bianco-ARTEMIDE-Michele-De-Lucchi-200x253.jpg 200w, https:\/\/socialdesignmagazine.com\/mag\/products-selection\/wp-content\/uploads\/sites\/2\/2023\/05\/Lampada-da-parete-DIOSCURI-25-cm-Bianco-ARTEMIDE-Michele-De-Lucchi.jpg 387w\" sizes=\"auto, (max-width: 200px) 100vw, 200px\" data-attachment-id=\"142271\" data-permalink=\"https:\/\/socialdesignmagazine.com\/mag\/products-selection\/?attachment_id=142271#content\" data-orig-file=\"https:\/\/socialdesignmagazine.com\/mag\/products-selection\/wp-content\/uploads\/sites\/2\/2023\/05\/Lampada-da-parete-DIOSCURI-25-cm-Bianco-ARTEMIDE-Michele-De-Lucchi.jpg\" data-orig-size=\"387,490\" data-comments-opened=\"1\" data-image-meta=\"{&quot;aperture&quot;:&quot;0&quot;,&quot;credit&quot;:&quot;&quot;,&quot;camera&quot;:&quot;&quot;,&quot;caption&quot;:&quot;&quot;,&quot;created_timestamp&quot;:&quot;0&quot;,&quot;copyright&quot;:&quot;&quot;,&quot;focal_length&quot;:&quot;0&quot;,&quot;iso&quot;:&quot;0&quot;,&quot;shutter_speed&quot;:&quot;0&quot;,&quot;title&quot;:&quot;&quot;,&quot;orientation&quot;:&quot;0&quot;}\" data-image-title=\"Lampada da parete DIOSCURI 25 cm Bianco ARTEMIDE Michele De Lucchi 1\" data-image-description=\"\" data-image-caption=\"&lt;p&gt;Lampada da parete DIOSCURI 25 cm Bianco ARTEMIDE Michele De Lucchi 1&lt;\/p&gt;\n\" data-medium-file=\"https:\/\/socialdesignmagazine.com\/mag\/products-selection\/wp-content\/uploads\/sites\/2\/2023\/05\/Lampada-da-parete-DIOSCURI-25-cm-Bianco-ARTEMIDE-Michele-De-Lucchi-387x283.jpg\" data-large-file=\"https:\/\/socialdesignmagazine.com\/mag\/products-selection\/wp-content\/uploads\/sites\/2\/2023\/05\/Lampada-da-parete-DIOSCURI-25-cm-Bianco-ARTEMIDE-Michele-De-Lucchi.jpg\" \/><\/div>\n\t\t\t\t\t<div class=\"wc-block-grid__product-title\">Lampada da parete DIOSCURI 25 cm Bianco design Michele De Lucchi for ARTEMIDE<\/div>\n\t\t\t\t<\/a>\n\t\t\t\t<div class=\"wc-block-grid__product-price price\"><span class=\"woocommerce-Price-amount amount\"><bdi><span class=\"woocommerce-Price-currencySymbol\">&euro;<\/span>225,00<\/bdi><\/span><\/div>\n\t\t\t\t\n\t\t\t\t<div class=\"wp-block-button wc-block-grid__product-add-to-cart\"><a href=\"https:\/\/socialdesignmagazine.com\/mag\/products-selection\/7490\" aria-label=\"Vai al Negozio &gt;\" data-quantity=\"1\" data-product_id=\"39162\" data-product_sku=\"arte009\" data-price=\"225\" rel=\"nofollow\" class=\"wp-block-button__link  add_to_cart_button\">Vai al Negozio &gt;<\/a><\/div>\n\t\t\t<\/li><li class=\"wc-block-grid__product\">\n\t\t\t\t<a href=\"https:\/\/socialdesignmagazine.com\/mag\/products-selection\/product\/lampada-da-parete-fork-avorio-diesel-with-foscarini\/\" class=\"wc-block-grid__product-link\">\n\t\t\t\t\t\n\t\t\t\t\t<div class=\"wc-block-grid__product-image\"><img loading=\"lazy\" decoding=\"async\" width=\"200\" height=\"206\" src=\"https:\/\/socialdesignmagazine.com\/mag\/products-selection\/wp-content\/uploads\/sites\/2\/2020\/12\/Lampada-da-parete-Fork-Avorio-Diesel-with-Foscarini-Diesel-Creative-Team-200x206.jpg\" class=\"attachment-woocommerce_thumbnail size-woocommerce_thumbnail\" alt=\"Lampada da parete Fork Avorio Diesel with Foscarini Diesel Creative Team 1\" srcset=\"https:\/\/socialdesignmagazine.com\/mag\/products-selection\/wp-content\/uploads\/sites\/2\/2020\/12\/Lampada-da-parete-Fork-Avorio-Diesel-with-Foscarini-Diesel-Creative-Team-200x206.jpg 200w, https:\/\/socialdesignmagazine.com\/mag\/products-selection\/wp-content\/uploads\/sites\/2\/2020\/12\/Lampada-da-parete-Fork-Avorio-Diesel-with-Foscarini-Diesel-Creative-Team.jpg 388w\" sizes=\"auto, (max-width: 200px) 100vw, 200px\" data-attachment-id=\"137516\" data-permalink=\"https:\/\/socialdesignmagazine.com\/mag\/products-selection\/?attachment_id=137516#content\" data-orig-file=\"https:\/\/socialdesignmagazine.com\/mag\/products-selection\/wp-content\/uploads\/sites\/2\/2020\/12\/Lampada-da-parete-Fork-Avorio-Diesel-with-Foscarini-Diesel-Creative-Team.jpg\" data-orig-size=\"388,400\" data-comments-opened=\"1\" data-image-meta=\"{&quot;aperture&quot;:&quot;0&quot;,&quot;credit&quot;:&quot;&quot;,&quot;camera&quot;:&quot;&quot;,&quot;caption&quot;:&quot;&quot;,&quot;created_timestamp&quot;:&quot;0&quot;,&quot;copyright&quot;:&quot;&quot;,&quot;focal_length&quot;:&quot;0&quot;,&quot;iso&quot;:&quot;0&quot;,&quot;shutter_speed&quot;:&quot;0&quot;,&quot;title&quot;:&quot;&quot;,&quot;orientation&quot;:&quot;0&quot;}\" data-image-title=\"Lampada da parete Fork Avorio Diesel with Foscarini Diesel Creative Team 1\" data-image-description=\"\" data-image-caption=\"&lt;p&gt;Lampada da parete Fork Avorio Diesel with Foscarini Diesel Creative Team 1&lt;\/p&gt;\n\" data-medium-file=\"https:\/\/socialdesignmagazine.com\/mag\/products-selection\/wp-content\/uploads\/sites\/2\/2020\/12\/Lampada-da-parete-Fork-Avorio-Diesel-with-Foscarini-Diesel-Creative-Team-388x283.jpg\" data-large-file=\"https:\/\/socialdesignmagazine.com\/mag\/products-selection\/wp-content\/uploads\/sites\/2\/2020\/12\/Lampada-da-parete-Fork-Avorio-Diesel-with-Foscarini-Diesel-Creative-Team.jpg\" \/><\/div>\n\t\t\t\t\t<div class=\"wc-block-grid__product-title\">Lampada da parete Fork Avorio Diesel with Foscarini<\/div>\n\t\t\t\t<\/a>\n\t\t\t\t<div class=\"wc-block-grid__product-price price\"><span class=\"woocommerce-Price-amount amount\"><bdi><span class=\"woocommerce-Price-currencySymbol\">&euro;<\/span>642,00<\/bdi><\/span><\/div>\n\t\t\t\t\n\t\t\t\t<div class=\"wp-block-button wc-block-grid__product-add-to-cart\"><a href=\"\" aria-label=\"Vai al Negozio &gt;\" data-quantity=\"1\" data-product_id=\"35706\" data-product_sku=\"difo040\" data-price=\"642\" rel=\"nofollow\" class=\"wp-block-button__link  add_to_cart_button\">Vai al Negozio &gt;<\/a><\/div>\n\t\t\t<\/li><\/ul><\/div>\n\n\n<hr class=\"wp-block-separator\"\/>\n\n\n\n<h3 class=\"wp-block-heading\">Lampade a sospensione<\/h3>\n\n\n<div data-block-name=\"woocommerce\/handpicked-products\" data-edit-mode=\"false\" data-products=\"[82940,47568,64349]\" class=\"wc-block-grid wp-block-handpicked-products wp-block-woocommerce-handpicked-products wc-block-handpicked-products has-3-columns has-multiple-rows\"><ul class=\"wc-block-grid__products\"><li class=\"wc-block-grid__product\">\n\t\t\t\t<a href=\"https:\/\/socialdesignmagazine.com\/mag\/products-selection\/product\/lampada-a-sospensione-aim-led-bianco-design-ronan-erwan-bouroullec-for-flos-2\/\" class=\"wc-block-grid__product-link\">\n\t\t\t\t\t\n\t\t\t\t\t<div class=\"wc-block-grid__product-image\"><img loading=\"lazy\" decoding=\"async\" width=\"200\" height=\"696\" src=\"https:\/\/socialdesignmagazine.com\/mag\/products-selection\/wp-content\/uploads\/sites\/2\/2023\/02\/Lampada-A-Sospensione-AIM-LED-Bianco-Flos-Ronan-Erwan-Bouroullec-scaled-200x696.jpg\" class=\"attachment-woocommerce_thumbnail size-woocommerce_thumbnail\" alt=\"Lampada A Sospensione AIM - LED Bianco Flos Ronan &amp; Erwan Bouroullec\" srcset=\"https:\/\/socialdesignmagazine.com\/mag\/products-selection\/wp-content\/uploads\/sites\/2\/2023\/02\/Lampada-A-Sospensione-AIM-LED-Bianco-Flos-Ronan-Erwan-Bouroullec-scaled-200x696.jpg 200w, https:\/\/socialdesignmagazine.com\/mag\/products-selection\/wp-content\/uploads\/sites\/2\/2023\/02\/Lampada-A-Sospensione-AIM-LED-Bianco-Flos-Ronan-Erwan-Bouroullec-scaled-600x2087.jpg 600w, https:\/\/socialdesignmagazine.com\/mag\/products-selection\/wp-content\/uploads\/sites\/2\/2023\/02\/Lampada-A-Sospensione-AIM-LED-Bianco-Flos-Ronan-Erwan-Bouroullec-768x2671.jpg 768w, https:\/\/socialdesignmagazine.com\/mag\/products-selection\/wp-content\/uploads\/sites\/2\/2023\/02\/Lampada-A-Sospensione-AIM-LED-Bianco-Flos-Ronan-Erwan-Bouroullec-442x1536.jpg 442w, https:\/\/socialdesignmagazine.com\/mag\/products-selection\/wp-content\/uploads\/sites\/2\/2023\/02\/Lampada-A-Sospensione-AIM-LED-Bianco-Flos-Ronan-Erwan-Bouroullec-589x2048.jpg 589w, https:\/\/socialdesignmagazine.com\/mag\/products-selection\/wp-content\/uploads\/sites\/2\/2023\/02\/Lampada-A-Sospensione-AIM-LED-Bianco-Flos-Ronan-Erwan-Bouroullec-scaled.jpg 736w\" sizes=\"auto, (max-width: 200px) 100vw, 200px\" data-attachment-id=\"140962\" data-permalink=\"https:\/\/socialdesignmagazine.com\/mag\/products-selection\/?attachment_id=140962#content\" data-orig-file=\"https:\/\/socialdesignmagazine.com\/mag\/products-selection\/wp-content\/uploads\/sites\/2\/2023\/02\/Lampada-A-Sospensione-AIM-LED-Bianco-Flos-Ronan-Erwan-Bouroullec-scaled.jpg\" data-orig-size=\"736,2560\" data-comments-opened=\"1\" data-image-meta=\"{&quot;aperture&quot;:&quot;0&quot;,&quot;credit&quot;:&quot;&quot;,&quot;camera&quot;:&quot;&quot;,&quot;caption&quot;:&quot;&quot;,&quot;created_timestamp&quot;:&quot;0&quot;,&quot;copyright&quot;:&quot;&quot;,&quot;focal_length&quot;:&quot;0&quot;,&quot;iso&quot;:&quot;0&quot;,&quot;shutter_speed&quot;:&quot;0&quot;,&quot;title&quot;:&quot;&quot;,&quot;orientation&quot;:&quot;0&quot;}\" data-image-title=\"Lampada A Sospensione AIM &amp;#8211; LED Bianco Flos Ronan &amp;#038; Erwan Bouroullec\" data-image-description=\"\" data-image-caption=\"&lt;p&gt;Lampada A Sospensione AIM &amp;#8211; LED Bianco Flos Ronan &amp;#038; Erwan Bouroullec&lt;\/p&gt;\n\" data-medium-file=\"https:\/\/socialdesignmagazine.com\/mag\/products-selection\/wp-content\/uploads\/sites\/2\/2023\/02\/Lampada-A-Sospensione-AIM-LED-Bianco-Flos-Ronan-Erwan-Bouroullec-438x283.jpg\" data-large-file=\"https:\/\/socialdesignmagazine.com\/mag\/products-selection\/wp-content\/uploads\/sites\/2\/2023\/02\/Lampada-A-Sospensione-AIM-LED-Bianco-Flos-Ronan-Erwan-Bouroullec-scaled.jpg\" \/><\/div>\n\t\t\t\t\t<div class=\"wc-block-grid__product-title\">Lampada A Sospensione AIM LED Bianco design Ronan &amp; Erwan Bouroullec for Flos<\/div>\n\t\t\t\t<\/a>\n\t\t\t\t<div class=\"wc-block-grid__product-price price\"><span class=\"woocommerce-Price-amount amount\"><bdi><span class=\"woocommerce-Price-currencySymbol\">&euro;<\/span>533,20<\/bdi><\/span><\/div>\n\t\t\t\t\n\t\t\t\t<div class=\"wp-block-button wc-block-grid__product-add-to-cart\"><a href=\"https:\/\/socialdesignmagazine.com\/mag\/products-selection\/7510\" aria-label=\"Vai al Negozio &gt;\" data-quantity=\"1\" data-product_id=\"82940\" data-product_sku=\"flo017\" data-price=\"533.2\" rel=\"nofollow\" class=\"wp-block-button__link  add_to_cart_button\">Vai al Negozio &gt;<\/a><\/div>\n\t\t\t<\/li><li class=\"wc-block-grid__product\">\n\t\t\t\t<a href=\"https:\/\/socialdesignmagazine.com\/mag\/products-selection\/product\/lampada-a-sospensione-cage-o-46-cm-bianco-diesel-with-foscarini\/\" class=\"wc-block-grid__product-link\">\n\t\t\t\t\t\n\t\t\t\t\t<div class=\"wc-block-grid__product-image\"><img loading=\"lazy\" decoding=\"async\" width=\"200\" height=\"356\" src=\"https:\/\/socialdesignmagazine.com\/mag\/products-selection\/wp-content\/uploads\/sites\/2\/2020\/12\/Lampada-a-sospensione-Cage-\u00d8-46-cm-Bianco-Diesel-with-Foscarini-Diesel-Creative-Team-200x356.jpg\" class=\"attachment-woocommerce_thumbnail size-woocommerce_thumbnail\" alt=\"Lampada a sospensione Cage - \u00d8 46 cm Bianco Diesel with Foscarini Diesel Creative Team 1\" srcset=\"https:\/\/socialdesignmagazine.com\/mag\/products-selection\/wp-content\/uploads\/sites\/2\/2020\/12\/Lampada-a-sospensione-Cage-\u00d8-46-cm-Bianco-Diesel-with-Foscarini-Diesel-Creative-Team-200x356.jpg 200w, https:\/\/socialdesignmagazine.com\/mag\/products-selection\/wp-content\/uploads\/sites\/2\/2020\/12\/Lampada-a-sospensione-Cage-\u00d8-46-cm-Bianco-Diesel-with-Foscarini-Diesel-Creative-Team.jpg 225w\" sizes=\"auto, (max-width: 200px) 100vw, 200px\" data-attachment-id=\"137474\" data-permalink=\"https:\/\/socialdesignmagazine.com\/mag\/products-selection\/?attachment_id=137474#content\" data-orig-file=\"https:\/\/socialdesignmagazine.com\/mag\/products-selection\/wp-content\/uploads\/sites\/2\/2020\/12\/Lampada-a-sospensione-Cage-\u00d8-46-cm-Bianco-Diesel-with-Foscarini-Diesel-Creative-Team.jpg\" data-orig-size=\"225,400\" data-comments-opened=\"1\" data-image-meta=\"{&quot;aperture&quot;:&quot;0&quot;,&quot;credit&quot;:&quot;&quot;,&quot;camera&quot;:&quot;&quot;,&quot;caption&quot;:&quot;&quot;,&quot;created_timestamp&quot;:&quot;0&quot;,&quot;copyright&quot;:&quot;&quot;,&quot;focal_length&quot;:&quot;0&quot;,&quot;iso&quot;:&quot;0&quot;,&quot;shutter_speed&quot;:&quot;0&quot;,&quot;title&quot;:&quot;&quot;,&quot;orientation&quot;:&quot;0&quot;}\" data-image-title=\"Lampada a sospensione Cage &amp;#8211; \u00d8 46 cm Bianco Diesel with Foscarini Diesel Creative Team 1\" data-image-description=\"\" data-image-caption=\"&lt;p&gt;Lampada a sospensione Cage &amp;#8211; \u00d8 46 cm Bianco Diesel with Foscarini Diesel Creative Team 1&lt;\/p&gt;\n\" data-medium-file=\"https:\/\/socialdesignmagazine.com\/mag\/products-selection\/wp-content\/uploads\/sites\/2\/2020\/12\/Lampada-a-sospensione-Cage-\u00d8-46-cm-Bianco-Diesel-with-Foscarini-Diesel-Creative-Team-225x283.jpg\" data-large-file=\"https:\/\/socialdesignmagazine.com\/mag\/products-selection\/wp-content\/uploads\/sites\/2\/2020\/12\/Lampada-a-sospensione-Cage-\u00d8-46-cm-Bianco-Diesel-with-Foscarini-Diesel-Creative-Team.jpg\" \/><\/div>\n\t\t\t\t\t<div class=\"wc-block-grid__product-title\">Lampada a sospensione Cage &#8211; \u00d8 46 cm Bianco Diesel with Foscarini<\/div>\n\t\t\t\t<\/a>\n\t\t\t\t<div class=\"wc-block-grid__product-price price\"><span class=\"woocommerce-Price-amount amount\"><bdi><span class=\"woocommerce-Price-currencySymbol\">&euro;<\/span>910,00<\/bdi><\/span><\/div>\n\t\t\t\t\n\t\t\t\t<div class=\"wp-block-button wc-block-grid__product-add-to-cart\"><a href=\"\" aria-label=\"Vai al Negozio &gt;\" data-quantity=\"1\" data-product_id=\"47568\" data-product_sku=\"difo011\" data-price=\"910\" rel=\"nofollow\" class=\"wp-block-button__link  add_to_cart_button\">Vai al Negozio &gt;<\/a><\/div>\n\t\t\t<\/li><\/ul><\/div>\n\n<div data-block-name=\"woocommerce\/handpicked-products\" data-edit-mode=\"false\" data-products=\"[47570,39152,35636]\" class=\"wc-block-grid wp-block-handpicked-products wp-block-woocommerce-handpicked-products wc-block-handpicked-products has-3-columns has-multiple-rows\"><ul class=\"wc-block-grid__products\"><li class=\"wc-block-grid__product\">\n\t\t\t\t<a href=\"https:\/\/socialdesignmagazine.com\/mag\/products-selection\/product\/lampada-a-sospensione-cage-o-46-cm-nerobianco-diesel-with-foscarini\/\" class=\"wc-block-grid__product-link\">\n\t\t\t\t\t\n\t\t\t\t\t<div class=\"wc-block-grid__product-image\"><img loading=\"lazy\" decoding=\"async\" width=\"200\" height=\"293\" src=\"https:\/\/socialdesignmagazine.com\/mag\/products-selection\/wp-content\/uploads\/sites\/2\/2020\/12\/Lampada-a-sospensione-Cage-\u00d8-46-cm-NeroBianco-Diesel-with-Foscarini-Diesel-Creative-Team-200x293.jpg\" class=\"attachment-woocommerce_thumbnail size-woocommerce_thumbnail\" alt=\"Lampada a sospensione Cage - \u00d8 46 cm Nero|Bianco Diesel with Foscarini Diesel Creative Team 1\" srcset=\"https:\/\/socialdesignmagazine.com\/mag\/products-selection\/wp-content\/uploads\/sites\/2\/2020\/12\/Lampada-a-sospensione-Cage-\u00d8-46-cm-NeroBianco-Diesel-with-Foscarini-Diesel-Creative-Team-200x293.jpg 200w, https:\/\/socialdesignmagazine.com\/mag\/products-selection\/wp-content\/uploads\/sites\/2\/2020\/12\/Lampada-a-sospensione-Cage-\u00d8-46-cm-NeroBianco-Diesel-with-Foscarini-Diesel-Creative-Team.jpg 273w\" sizes=\"auto, (max-width: 200px) 100vw, 200px\" data-attachment-id=\"137475\" data-permalink=\"https:\/\/socialdesignmagazine.com\/mag\/products-selection\/?attachment_id=137475#content\" data-orig-file=\"https:\/\/socialdesignmagazine.com\/mag\/products-selection\/wp-content\/uploads\/sites\/2\/2020\/12\/Lampada-a-sospensione-Cage-\u00d8-46-cm-NeroBianco-Diesel-with-Foscarini-Diesel-Creative-Team.jpg\" data-orig-size=\"273,400\" data-comments-opened=\"1\" data-image-meta=\"{&quot;aperture&quot;:&quot;0&quot;,&quot;credit&quot;:&quot;&quot;,&quot;camera&quot;:&quot;&quot;,&quot;caption&quot;:&quot;&quot;,&quot;created_timestamp&quot;:&quot;0&quot;,&quot;copyright&quot;:&quot;&quot;,&quot;focal_length&quot;:&quot;0&quot;,&quot;iso&quot;:&quot;0&quot;,&quot;shutter_speed&quot;:&quot;0&quot;,&quot;title&quot;:&quot;&quot;,&quot;orientation&quot;:&quot;0&quot;}\" data-image-title=\"Lampada a sospensione Cage &amp;#8211; \u00d8 46 cm Nero|Bianco Diesel with Foscarini Diesel Creative Team 1\" data-image-description=\"\" data-image-caption=\"&lt;p&gt;Lampada a sospensione Cage &amp;#8211; \u00d8 46 cm Nero|Bianco Diesel with Foscarini Diesel Creative Team 1&lt;\/p&gt;\n\" data-medium-file=\"https:\/\/socialdesignmagazine.com\/mag\/products-selection\/wp-content\/uploads\/sites\/2\/2020\/12\/Lampada-a-sospensione-Cage-\u00d8-46-cm-NeroBianco-Diesel-with-Foscarini-Diesel-Creative-Team-273x283.jpg\" data-large-file=\"https:\/\/socialdesignmagazine.com\/mag\/products-selection\/wp-content\/uploads\/sites\/2\/2020\/12\/Lampada-a-sospensione-Cage-\u00d8-46-cm-NeroBianco-Diesel-with-Foscarini-Diesel-Creative-Team.jpg\" \/><\/div>\n\t\t\t\t\t<div class=\"wc-block-grid__product-title\">Lampada a sospensione Cage &#8211; \u00d8 46 cm Nero|Bianco Diesel with Foscarini<\/div>\n\t\t\t\t<\/a>\n\t\t\t\t<div class=\"wc-block-grid__product-price price\"><span class=\"woocommerce-Price-amount amount\"><bdi><span class=\"woocommerce-Price-currencySymbol\">&euro;<\/span>910,00<\/bdi><\/span><\/div>\n\t\t\t\t\n\t\t\t\t<div class=\"wp-block-button wc-block-grid__product-add-to-cart\"><a href=\"\" aria-label=\"Vai al Negozio &gt;\" data-quantity=\"1\" data-product_id=\"47570\" data-product_sku=\"difo012\" data-price=\"910\" rel=\"nofollow\" class=\"wp-block-button__link  add_to_cart_button\">Vai al Negozio &gt;<\/a><\/div>\n\t\t\t<\/li><li class=\"wc-block-grid__product\">\n\t\t\t\t<a href=\"https:\/\/socialdesignmagazine.com\/mag\/products-selection\/product\/lampada-a-sospensione-castore-bianco-design-michele-de-lucchihuub-ubbens-for-artemide\/\" class=\"wc-block-grid__product-link\">\n\t\t\t\t\t\n\t\t\t\t\t<div class=\"wc-block-grid__product-image\"><img loading=\"lazy\" decoding=\"async\" width=\"200\" height=\"253\" src=\"https:\/\/socialdesignmagazine.com\/mag\/products-selection\/wp-content\/uploads\/sites\/2\/2023\/05\/Lampada-a-sospensione-CASTORE-Bianco-ARTEMIDE-Michele-De-LucchiHuub-Ubbens-200x253.jpg\" class=\"attachment-woocommerce_thumbnail size-woocommerce_thumbnail\" alt=\"Lampada a sospensione CASTORE Bianco ARTEMIDE Michele De Lucchi|Huub Ubbens 1\" srcset=\"https:\/\/socialdesignmagazine.com\/mag\/products-selection\/wp-content\/uploads\/sites\/2\/2023\/05\/Lampada-a-sospensione-CASTORE-Bianco-ARTEMIDE-Michele-De-LucchiHuub-Ubbens-200x253.jpg 200w, https:\/\/socialdesignmagazine.com\/mag\/products-selection\/wp-content\/uploads\/sites\/2\/2023\/05\/Lampada-a-sospensione-CASTORE-Bianco-ARTEMIDE-Michele-De-LucchiHuub-Ubbens.jpg 387w\" sizes=\"auto, (max-width: 200px) 100vw, 200px\" data-attachment-id=\"142264\" data-permalink=\"https:\/\/socialdesignmagazine.com\/mag\/products-selection\/?attachment_id=142264#content\" data-orig-file=\"https:\/\/socialdesignmagazine.com\/mag\/products-selection\/wp-content\/uploads\/sites\/2\/2023\/05\/Lampada-a-sospensione-CASTORE-Bianco-ARTEMIDE-Michele-De-LucchiHuub-Ubbens.jpg\" data-orig-size=\"387,490\" data-comments-opened=\"1\" data-image-meta=\"{&quot;aperture&quot;:&quot;0&quot;,&quot;credit&quot;:&quot;&quot;,&quot;camera&quot;:&quot;&quot;,&quot;caption&quot;:&quot;&quot;,&quot;created_timestamp&quot;:&quot;0&quot;,&quot;copyright&quot;:&quot;&quot;,&quot;focal_length&quot;:&quot;0&quot;,&quot;iso&quot;:&quot;0&quot;,&quot;shutter_speed&quot;:&quot;0&quot;,&quot;title&quot;:&quot;&quot;,&quot;orientation&quot;:&quot;0&quot;}\" data-image-title=\"Lampada a sospensione CASTORE Bianco ARTEMIDE Michele De Lucchi|Huub Ubbens 1\" data-image-description=\"\" data-image-caption=\"&lt;p&gt;Lampada a sospensione CASTORE Bianco ARTEMIDE Michele De Lucchi|Huub Ubbens 1&lt;\/p&gt;\n\" data-medium-file=\"https:\/\/socialdesignmagazine.com\/mag\/products-selection\/wp-content\/uploads\/sites\/2\/2023\/05\/Lampada-a-sospensione-CASTORE-Bianco-ARTEMIDE-Michele-De-LucchiHuub-Ubbens-387x283.jpg\" data-large-file=\"https:\/\/socialdesignmagazine.com\/mag\/products-selection\/wp-content\/uploads\/sites\/2\/2023\/05\/Lampada-a-sospensione-CASTORE-Bianco-ARTEMIDE-Michele-De-LucchiHuub-Ubbens.jpg\" \/><\/div>\n\t\t\t\t\t<div class=\"wc-block-grid__product-title\">Lampada a sospensione CASTORE Bianco design Michele De Lucchi|Huub Ubbens for ARTEMIDE<\/div>\n\t\t\t\t<\/a>\n\t\t\t\t<div class=\"wc-block-grid__product-price price\"><span class=\"woocommerce-Price-amount amount\"><bdi><span class=\"woocommerce-Price-currencySymbol\">&euro;<\/span>341,91<\/bdi><\/span><\/div>\n\t\t\t\t\n\t\t\t\t<div class=\"wp-block-button wc-block-grid__product-add-to-cart\"><a href=\"https:\/\/socialdesignmagazine.com\/mag\/products-selection\/7488\" aria-label=\"Vai al Negozio &gt;\" data-quantity=\"1\" data-product_id=\"39152\" data-product_sku=\"arte005\" data-price=\"341.91\" rel=\"nofollow\" class=\"wp-block-button__link  add_to_cart_button\">Vai al Negozio &gt;<\/a><\/div>\n\t\t\t<\/li><li class=\"wc-block-grid__product\">\n\t\t\t\t<a href=\"https:\/\/socialdesignmagazine.com\/mag\/products-selection\/product\/lampada-a-sospensione-glas-o-41-cm-biancocromato-diesel-with-foscarini\/\" class=\"wc-block-grid__product-link\">\n\t\t\t\t\t\n\t\t\t\t\t<div class=\"wc-block-grid__product-image\"><img loading=\"lazy\" decoding=\"async\" width=\"200\" height=\"316\" src=\"https:\/\/socialdesignmagazine.com\/mag\/products-selection\/wp-content\/uploads\/sites\/2\/2020\/12\/Lampada-a-sospensione-Glas-\u00d8-41-cm-BiancoCromato-Diesel-with-Foscarini-Diesel-Creative-Team-200x316.jpg\" class=\"attachment-woocommerce_thumbnail size-woocommerce_thumbnail\" alt=\"Lampada a sospensione Glas \/ \u00d8 41 cm Bianco|Cromato Diesel with Foscarini Diesel Creative Team 1\" srcset=\"https:\/\/socialdesignmagazine.com\/mag\/products-selection\/wp-content\/uploads\/sites\/2\/2020\/12\/Lampada-a-sospensione-Glas-\u00d8-41-cm-BiancoCromato-Diesel-with-Foscarini-Diesel-Creative-Team-200x316.jpg 200w, https:\/\/socialdesignmagazine.com\/mag\/products-selection\/wp-content\/uploads\/sites\/2\/2020\/12\/Lampada-a-sospensione-Glas-\u00d8-41-cm-BiancoCromato-Diesel-with-Foscarini-Diesel-Creative-Team.jpg 253w\" sizes=\"auto, (max-width: 200px) 100vw, 200px\" data-attachment-id=\"137468\" data-permalink=\"https:\/\/socialdesignmagazine.com\/mag\/products-selection\/?attachment_id=137468#content\" data-orig-file=\"https:\/\/socialdesignmagazine.com\/mag\/products-selection\/wp-content\/uploads\/sites\/2\/2020\/12\/Lampada-a-sospensione-Glas-\u00d8-41-cm-BiancoCromato-Diesel-with-Foscarini-Diesel-Creative-Team.jpg\" data-orig-size=\"253,400\" data-comments-opened=\"1\" data-image-meta=\"{&quot;aperture&quot;:&quot;0&quot;,&quot;credit&quot;:&quot;&quot;,&quot;camera&quot;:&quot;&quot;,&quot;caption&quot;:&quot;&quot;,&quot;created_timestamp&quot;:&quot;0&quot;,&quot;copyright&quot;:&quot;&quot;,&quot;focal_length&quot;:&quot;0&quot;,&quot;iso&quot;:&quot;0&quot;,&quot;shutter_speed&quot;:&quot;0&quot;,&quot;title&quot;:&quot;&quot;,&quot;orientation&quot;:&quot;0&quot;}\" data-image-title=\"Lampada a sospensione Glas \/ \u00d8 41 cm Bianco|Cromato Diesel with Foscarini Diesel Creative Team 1\" data-image-description=\"\" data-image-caption=\"&lt;p&gt;Lampada a sospensione Glas \/ \u00d8 41 cm Bianco|Cromato Diesel with Foscarini Diesel Creative Team 1&lt;\/p&gt;\n\" data-medium-file=\"https:\/\/socialdesignmagazine.com\/mag\/products-selection\/wp-content\/uploads\/sites\/2\/2020\/12\/Lampada-a-sospensione-Glas-\u00d8-41-cm-BiancoCromato-Diesel-with-Foscarini-Diesel-Creative-Team-253x283.jpg\" data-large-file=\"https:\/\/socialdesignmagazine.com\/mag\/products-selection\/wp-content\/uploads\/sites\/2\/2020\/12\/Lampada-a-sospensione-Glas-\u00d8-41-cm-BiancoCromato-Diesel-with-Foscarini-Diesel-Creative-Team.jpg\" \/><\/div>\n\t\t\t\t\t<div class=\"wc-block-grid__product-title\">Lampada a sospensione Glas \/ \u00d8 41 cm Bianco|Cromato Diesel with Foscarini<\/div>\n\t\t\t\t<\/a>\n\t\t\t\t<div class=\"wc-block-grid__product-price price\"><span class=\"woocommerce-Price-amount amount\"><bdi><span class=\"woocommerce-Price-currencySymbol\">&euro;<\/span>745,00<\/bdi><\/span><\/div>\n\t\t\t\t\n\t\t\t\t<div class=\"wp-block-button wc-block-grid__product-add-to-cart\"><a href=\"\" aria-label=\"Vai al Negozio &gt;\" data-quantity=\"1\" data-product_id=\"35636\" data-product_sku=\"difo005\" data-price=\"745\" rel=\"nofollow\" class=\"wp-block-button__link  add_to_cart_button\">Vai al Negozio &gt;<\/a><\/div>\n\t\t\t<\/li><\/ul><\/div>\n\n\n<hr class=\"wp-block-separator\"\/>\n\n\n\n<h3 class=\"wp-block-heading\">Lampade da terra<\/h3>\n\n\n<div data-block-name=\"woocommerce\/handpicked-products\" data-edit-mode=\"false\" data-products=\"[63228,35716,81304,35698,35742,39149]\" class=\"wc-block-grid wp-block-handpicked-products wp-block-woocommerce-handpicked-products wc-block-handpicked-products has-3-columns has-multiple-rows\"><ul class=\"wc-block-grid__products\"><li class=\"wc-block-grid__product\">\n\t\t\t\t<a href=\"https:\/\/socialdesignmagazine.com\/mag\/products-selection\/product\/lampada-da-terra-beat-h-157-cm-bianco-brillanteottone-by-tom-dixon\/\" class=\"wc-block-grid__product-link\">\n\t\t\t\t\t\n\t\t\t\t\t<div class=\"wc-block-grid__product-image\"><img loading=\"lazy\" decoding=\"async\" width=\"200\" height=\"496\" src=\"https:\/\/socialdesignmagazine.com\/mag\/products-selection\/wp-content\/uploads\/sites\/2\/2020\/12\/Lampada-Da-Terra-Beat-H-157-cm-Bianco-brillanteOttone-Tom-Dixon-Tom-Dixon-200x496.jpg\" class=\"attachment-woocommerce_thumbnail size-woocommerce_thumbnail\" alt=\"Lampada Da Terra Beat  H 157 cm Bianco brillante|Ottone Tom Dixon Tom Dixon\" srcset=\"https:\/\/socialdesignmagazine.com\/mag\/products-selection\/wp-content\/uploads\/sites\/2\/2020\/12\/Lampada-Da-Terra-Beat-H-157-cm-Bianco-brillanteOttone-Tom-Dixon-Tom-Dixon-200x496.jpg 200w, https:\/\/socialdesignmagazine.com\/mag\/products-selection\/wp-content\/uploads\/sites\/2\/2020\/12\/Lampada-Da-Terra-Beat-H-157-cm-Bianco-brillanteOttone-Tom-Dixon-Tom-Dixon-600x1489.jpg 600w, https:\/\/socialdesignmagazine.com\/mag\/products-selection\/wp-content\/uploads\/sites\/2\/2020\/12\/Lampada-Da-Terra-Beat-H-157-cm-Bianco-brillanteOttone-Tom-Dixon-Tom-Dixon-619x1536.jpg 619w, https:\/\/socialdesignmagazine.com\/mag\/products-selection\/wp-content\/uploads\/sites\/2\/2020\/12\/Lampada-Da-Terra-Beat-H-157-cm-Bianco-brillanteOttone-Tom-Dixon-Tom-Dixon.jpg 672w\" sizes=\"auto, (max-width: 200px) 100vw, 200px\" data-attachment-id=\"137678\" data-permalink=\"https:\/\/socialdesignmagazine.com\/mag\/products-selection\/?attachment_id=137678#content\" data-orig-file=\"https:\/\/socialdesignmagazine.com\/mag\/products-selection\/wp-content\/uploads\/sites\/2\/2020\/12\/Lampada-Da-Terra-Beat-H-157-cm-Bianco-brillanteOttone-Tom-Dixon-Tom-Dixon.jpg\" data-orig-size=\"672,1668\" data-comments-opened=\"1\" data-image-meta=\"{&quot;aperture&quot;:&quot;18&quot;,&quot;credit&quot;:&quot;&quot;,&quot;camera&quot;:&quot;Canon EOS 5DS R&quot;,&quot;caption&quot;:&quot;&quot;,&quot;created_timestamp&quot;:&quot;1548326431&quot;,&quot;copyright&quot;:&quot;&quot;,&quot;focal_length&quot;:&quot;53&quot;,&quot;iso&quot;:&quot;100&quot;,&quot;shutter_speed&quot;:&quot;0.00625&quot;,&quot;title&quot;:&quot;&quot;,&quot;orientation&quot;:&quot;1&quot;}\" data-image-title=\"Lampada Da Terra Beat  H 157 cm Bianco brillante|Ottone Tom Dixon Tom Dixon\" data-image-description=\"\" data-image-caption=\"&lt;p&gt;Lampada Da Terra Beat  H 157 cm Bianco brillante|Ottone Tom Dixon Tom Dixon&lt;\/p&gt;\n\" data-medium-file=\"https:\/\/socialdesignmagazine.com\/mag\/products-selection\/wp-content\/uploads\/sites\/2\/2020\/12\/Lampada-Da-Terra-Beat-H-157-cm-Bianco-brillanteOttone-Tom-Dixon-Tom-Dixon-438x283.jpg\" data-large-file=\"https:\/\/socialdesignmagazine.com\/mag\/products-selection\/wp-content\/uploads\/sites\/2\/2020\/12\/Lampada-Da-Terra-Beat-H-157-cm-Bianco-brillanteOttone-Tom-Dixon-Tom-Dixon.jpg\" \/><\/div>\n\t\t\t\t\t<div class=\"wc-block-grid__product-title\">Lampada Da Terra Beat  H 157 cm Bianco brillante|Ottone by Tom Dixon<\/div>\n\t\t\t\t<\/a>\n\t\t\t\t<div class=\"wc-block-grid__product-price price\"><span class=\"woocommerce-Price-amount amount\"><bdi><span class=\"woocommerce-Price-currencySymbol\">&euro;<\/span>990,00<\/bdi><\/span><\/div>\n\t\t\t\t\n\t\t\t\t<div class=\"wp-block-button wc-block-grid__product-add-to-cart\"><a href=\"\" aria-label=\"Vai al Negozio &gt;\" data-quantity=\"1\" data-product_id=\"81304\" data-product_sku=\"dix058\" data-price=\"990\" rel=\"nofollow\" class=\"wp-block-button__link  add_to_cart_button\">Vai al Negozio &gt;<\/a><\/div>\n\t\t\t<\/li><li class=\"wc-block-grid__product\">\n\t\t\t\t<a href=\"https:\/\/socialdesignmagazine.com\/mag\/products-selection\/product\/lampada-da-terra-cadmo-bianco-design-karim-rashid-for-artemide\/\" class=\"wc-block-grid__product-link\">\n\t\t\t\t\t\n\t\t\t\t\t<div class=\"wc-block-grid__product-image\"><img loading=\"lazy\" decoding=\"async\" width=\"200\" height=\"255\" src=\"https:\/\/socialdesignmagazine.com\/mag\/products-selection\/wp-content\/uploads\/sites\/2\/2023\/05\/Lampada-da-terra-CADMO-Bianco-ARTEMIDE-Karim-Rashid-200x255.jpg\" class=\"attachment-woocommerce_thumbnail size-woocommerce_thumbnail\" alt=\"Lampada da terra CADMO Bianco ARTEMIDE Karim Rashid 1\" srcset=\"https:\/\/socialdesignmagazine.com\/mag\/products-selection\/wp-content\/uploads\/sites\/2\/2023\/05\/Lampada-da-terra-CADMO-Bianco-ARTEMIDE-Karim-Rashid-200x255.jpg 200w, https:\/\/socialdesignmagazine.com\/mag\/products-selection\/wp-content\/uploads\/sites\/2\/2023\/05\/Lampada-da-terra-CADMO-Bianco-ARTEMIDE-Karim-Rashid-600x764.jpg 600w, https:\/\/socialdesignmagazine.com\/mag\/products-selection\/wp-content\/uploads\/sites\/2\/2023\/05\/Lampada-da-terra-CADMO-Bianco-ARTEMIDE-Karim-Rashid-1024x1304.jpg 1024w, https:\/\/socialdesignmagazine.com\/mag\/products-selection\/wp-content\/uploads\/sites\/2\/2023\/05\/Lampada-da-terra-CADMO-Bianco-ARTEMIDE-Karim-Rashid-768x978.jpg 768w, https:\/\/socialdesignmagazine.com\/mag\/products-selection\/wp-content\/uploads\/sites\/2\/2023\/05\/Lampada-da-terra-CADMO-Bianco-ARTEMIDE-Karim-Rashid-1207x1536.jpg 1207w, https:\/\/socialdesignmagazine.com\/mag\/products-selection\/wp-content\/uploads\/sites\/2\/2023\/05\/Lampada-da-terra-CADMO-Bianco-ARTEMIDE-Karim-Rashid.jpg 1571w\" sizes=\"auto, (max-width: 200px) 100vw, 200px\" data-attachment-id=\"142262\" data-permalink=\"https:\/\/socialdesignmagazine.com\/mag\/products-selection\/?attachment_id=142262#content\" data-orig-file=\"https:\/\/socialdesignmagazine.com\/mag\/products-selection\/wp-content\/uploads\/sites\/2\/2023\/05\/Lampada-da-terra-CADMO-Bianco-ARTEMIDE-Karim-Rashid.jpg\" data-orig-size=\"1571,2000\" data-comments-opened=\"1\" data-image-meta=\"{&quot;aperture&quot;:&quot;0&quot;,&quot;credit&quot;:&quot;&quot;,&quot;camera&quot;:&quot;&quot;,&quot;caption&quot;:&quot;&quot;,&quot;created_timestamp&quot;:&quot;0&quot;,&quot;copyright&quot;:&quot;&quot;,&quot;focal_length&quot;:&quot;0&quot;,&quot;iso&quot;:&quot;0&quot;,&quot;shutter_speed&quot;:&quot;0&quot;,&quot;title&quot;:&quot;&quot;,&quot;orientation&quot;:&quot;0&quot;}\" data-image-title=\"Lampada da terra CADMO Bianco ARTEMIDE Karim Rashid 1\" data-image-description=\"\" data-image-caption=\"&lt;p&gt;Lampada da terra CADMO Bianco ARTEMIDE Karim Rashid 1&lt;\/p&gt;\n\" data-medium-file=\"https:\/\/socialdesignmagazine.com\/mag\/products-selection\/wp-content\/uploads\/sites\/2\/2023\/05\/Lampada-da-terra-CADMO-Bianco-ARTEMIDE-Karim-Rashid-438x283.jpg\" data-large-file=\"https:\/\/socialdesignmagazine.com\/mag\/products-selection\/wp-content\/uploads\/sites\/2\/2023\/05\/Lampada-da-terra-CADMO-Bianco-ARTEMIDE-Karim-Rashid-1024x1304.jpg\" \/><\/div>\n\t\t\t\t\t<div class=\"wc-block-grid__product-title\">Lampada da terra CADMO Bianco design Karim Rashid for ARTEMIDE<\/div>\n\t\t\t\t<\/a>\n\t\t\t\t<div class=\"wc-block-grid__product-price price\"><span class=\"woocommerce-Price-amount amount\"><bdi><span class=\"woocommerce-Price-currencySymbol\">&euro;<\/span>1.195,00<\/bdi><\/span><\/div>\n\t\t\t\t\n\t\t\t\t<div class=\"wp-block-button wc-block-grid__product-add-to-cart\"><a href=\"https:\/\/socialdesignmagazine.com\/mag\/products-selection\/7487\" aria-label=\"Vai al Negozio &gt;\" data-quantity=\"1\" data-product_id=\"39149\" data-product_sku=\"arte004\" data-price=\"1195\" rel=\"nofollow\" class=\"wp-block-button__link  add_to_cart_button\">Vai al Negozio &gt;<\/a><\/div>\n\t\t\t<\/li><li class=\"wc-block-grid__product\">\n\t\t\t\t<a href=\"https:\/\/socialdesignmagazine.com\/mag\/products-selection\/product\/lampada-da-terra-pipe-grande-h-183-cm-bianco-diesel-with-foscarini\/\" class=\"wc-block-grid__product-link\">\n\t\t\t\t\t\n\t\t\t\t\t<div class=\"wc-block-grid__product-image\"><img loading=\"lazy\" decoding=\"async\" width=\"200\" height=\"211\" src=\"https:\/\/socialdesignmagazine.com\/mag\/products-selection\/wp-content\/uploads\/sites\/2\/2020\/12\/Lampada-da-terra-Pipe-Grande-H-183-cm-Bianco-Diesel-with-Foscarini-Diesel-Creative-Team-200x211.jpg\" class=\"attachment-woocommerce_thumbnail size-woocommerce_thumbnail\" alt=\"Lampada da terra Pipe Grande H 183 cm Bianco Diesel with Foscarini Diesel Creative Team 1\" srcset=\"https:\/\/socialdesignmagazine.com\/mag\/products-selection\/wp-content\/uploads\/sites\/2\/2020\/12\/Lampada-da-terra-Pipe-Grande-H-183-cm-Bianco-Diesel-with-Foscarini-Diesel-Creative-Team-200x211.jpg 200w, https:\/\/socialdesignmagazine.com\/mag\/products-selection\/wp-content\/uploads\/sites\/2\/2020\/12\/Lampada-da-terra-Pipe-Grande-H-183-cm-Bianco-Diesel-with-Foscarini-Diesel-Creative-Team.jpg 380w\" sizes=\"auto, (max-width: 200px) 100vw, 200px\" data-attachment-id=\"137542\" data-permalink=\"https:\/\/socialdesignmagazine.com\/mag\/products-selection\/?attachment_id=137542#content\" data-orig-file=\"https:\/\/socialdesignmagazine.com\/mag\/products-selection\/wp-content\/uploads\/sites\/2\/2020\/12\/Lampada-da-terra-Pipe-Grande-H-183-cm-Bianco-Diesel-with-Foscarini-Diesel-Creative-Team.jpg\" data-orig-size=\"380,400\" data-comments-opened=\"1\" data-image-meta=\"{&quot;aperture&quot;:&quot;0&quot;,&quot;credit&quot;:&quot;&quot;,&quot;camera&quot;:&quot;&quot;,&quot;caption&quot;:&quot;&quot;,&quot;created_timestamp&quot;:&quot;0&quot;,&quot;copyright&quot;:&quot;&quot;,&quot;focal_length&quot;:&quot;0&quot;,&quot;iso&quot;:&quot;0&quot;,&quot;shutter_speed&quot;:&quot;0&quot;,&quot;title&quot;:&quot;&quot;,&quot;orientation&quot;:&quot;0&quot;}\" data-image-title=\"Lampada da terra Pipe Grande H 183 cm Bianco Diesel with Foscarini Diesel Creative Team 1\" data-image-description=\"\" data-image-caption=\"&lt;p&gt;Lampada da terra Pipe Grande H 183 cm Bianco Diesel with Foscarini Diesel Creative Team 1&lt;\/p&gt;\n\" data-medium-file=\"https:\/\/socialdesignmagazine.com\/mag\/products-selection\/wp-content\/uploads\/sites\/2\/2020\/12\/Lampada-da-terra-Pipe-Grande-H-183-cm-Bianco-Diesel-with-Foscarini-Diesel-Creative-Team-380x283.jpg\" data-large-file=\"https:\/\/socialdesignmagazine.com\/mag\/products-selection\/wp-content\/uploads\/sites\/2\/2020\/12\/Lampada-da-terra-Pipe-Grande-H-183-cm-Bianco-Diesel-with-Foscarini-Diesel-Creative-Team.jpg\" \/><\/div>\n\t\t\t\t\t<div class=\"wc-block-grid__product-title\">Lampada da terra Pipe Grande H 183 cm Bianco Diesel with Foscarini<\/div>\n\t\t\t\t<\/a>\n\t\t\t\t<div class=\"wc-block-grid__product-price price\"><span class=\"woocommerce-Price-amount amount\"><bdi><span class=\"woocommerce-Price-currencySymbol\">&euro;<\/span>2.009,00<\/bdi><\/span><\/div>\n\t\t\t\t\n\t\t\t\t<div class=\"wp-block-button wc-block-grid__product-add-to-cart\"><a href=\"\" aria-label=\"Vai al Negozio &gt;\" data-quantity=\"1\" data-product_id=\"35742\" data-product_sku=\"difo058\" data-price=\"2009\" rel=\"nofollow\" class=\"wp-block-button__link  add_to_cart_button\">Vai al Negozio &gt;<\/a><\/div>\n\t\t\t<\/li><li class=\"wc-block-grid__product\">\n\t\t\t\t<a href=\"https:\/\/socialdesignmagazine.com\/mag\/products-selection\/product\/lampada-da-terra-rock-bianco-diesel-with-foscarini\/\" class=\"wc-block-grid__product-link\">\n\t\t\t\t\t\n\t\t\t\t\t<div class=\"wc-block-grid__product-image\"><img loading=\"lazy\" decoding=\"async\" width=\"200\" height=\"250\" src=\"https:\/\/socialdesignmagazine.com\/mag\/products-selection\/wp-content\/uploads\/sites\/2\/2020\/12\/Lampada-da-terra-Rock-Bianco-Diesel-with-Foscarini-Diesel-Creative-Team-200x250.jpg\" class=\"attachment-woocommerce_thumbnail size-woocommerce_thumbnail\" alt=\"Lampada da terra Rock Bianco Diesel with Foscarini Diesel Creative Team 1\" srcset=\"https:\/\/socialdesignmagazine.com\/mag\/products-selection\/wp-content\/uploads\/sites\/2\/2020\/12\/Lampada-da-terra-Rock-Bianco-Diesel-with-Foscarini-Diesel-Creative-Team-200x250.jpg 200w, https:\/\/socialdesignmagazine.com\/mag\/products-selection\/wp-content\/uploads\/sites\/2\/2020\/12\/Lampada-da-terra-Rock-Bianco-Diesel-with-Foscarini-Diesel-Creative-Team.jpg 320w\" sizes=\"auto, (max-width: 200px) 100vw, 200px\" data-attachment-id=\"137529\" data-permalink=\"https:\/\/socialdesignmagazine.com\/mag\/products-selection\/?attachment_id=137529#content\" data-orig-file=\"https:\/\/socialdesignmagazine.com\/mag\/products-selection\/wp-content\/uploads\/sites\/2\/2020\/12\/Lampada-da-terra-Rock-Bianco-Diesel-with-Foscarini-Diesel-Creative-Team.jpg\" data-orig-size=\"320,400\" data-comments-opened=\"1\" data-image-meta=\"{&quot;aperture&quot;:&quot;0&quot;,&quot;credit&quot;:&quot;&quot;,&quot;camera&quot;:&quot;&quot;,&quot;caption&quot;:&quot;&quot;,&quot;created_timestamp&quot;:&quot;0&quot;,&quot;copyright&quot;:&quot;&quot;,&quot;focal_length&quot;:&quot;0&quot;,&quot;iso&quot;:&quot;0&quot;,&quot;shutter_speed&quot;:&quot;0&quot;,&quot;title&quot;:&quot;&quot;,&quot;orientation&quot;:&quot;0&quot;}\" data-image-title=\"Lampada da terra Rock Bianco Diesel with Foscarini Diesel Creative Team 1\" data-image-description=\"\" data-image-caption=\"&lt;p&gt;Lampada da terra Rock Bianco Diesel with Foscarini Diesel Creative Team 1&lt;\/p&gt;\n\" data-medium-file=\"https:\/\/socialdesignmagazine.com\/mag\/products-selection\/wp-content\/uploads\/sites\/2\/2020\/12\/Lampada-da-terra-Rock-Bianco-Diesel-with-Foscarini-Diesel-Creative-Team-320x283.jpg\" data-large-file=\"https:\/\/socialdesignmagazine.com\/mag\/products-selection\/wp-content\/uploads\/sites\/2\/2020\/12\/Lampada-da-terra-Rock-Bianco-Diesel-with-Foscarini-Diesel-Creative-Team.jpg\" \/><\/div>\n\t\t\t\t\t<div class=\"wc-block-grid__product-title\">Lampada da terra Rock Bianco Diesel with Foscarini<\/div>\n\t\t\t\t<\/a>\n\t\t\t\t<div class=\"wc-block-grid__product-price price\"><span class=\"woocommerce-Price-amount amount\"><bdi><span class=\"woocommerce-Price-currencySymbol\">&euro;<\/span>917,00<\/bdi><\/span><\/div>\n\t\t\t\t\n\t\t\t\t<div class=\"wp-block-button wc-block-grid__product-add-to-cart\"><a href=\"\" aria-label=\"Vai al Negozio &gt;\" data-quantity=\"1\" data-product_id=\"35716\" data-product_sku=\"difo045\" data-price=\"917\" rel=\"nofollow\" class=\"wp-block-button__link  add_to_cart_button\">Vai al Negozio &gt;<\/a><\/div>\n\t\t\t<\/li><li class=\"wc-block-grid__product\">\n\t\t\t\t<a href=\"https:\/\/socialdesignmagazine.com\/mag\/products-selection\/product\/lampada-da-terra-fork-avorio-diesel-with-foscarini\/\" class=\"wc-block-grid__product-link\">\n\t\t\t\t\t\n\t\t\t\t\t<div class=\"wc-block-grid__product-image\"><img loading=\"lazy\" decoding=\"async\" width=\"200\" height=\"335\" src=\"https:\/\/socialdesignmagazine.com\/mag\/products-selection\/wp-content\/uploads\/sites\/2\/2020\/12\/Lampada-da-terra-Fork-Avorio-Diesel-with-Foscarini-Diesel-Creative-Team-scaled-200x335.jpg\" class=\"attachment-woocommerce_thumbnail size-woocommerce_thumbnail\" alt=\"Lampada da terra Fork Avorio Diesel with Foscarini Diesel Creative Team 1\" srcset=\"https:\/\/socialdesignmagazine.com\/mag\/products-selection\/wp-content\/uploads\/sites\/2\/2020\/12\/Lampada-da-terra-Fork-Avorio-Diesel-with-Foscarini-Diesel-Creative-Team-200x335.jpg 200w, https:\/\/socialdesignmagazine.com\/mag\/products-selection\/wp-content\/uploads\/sites\/2\/2020\/12\/Lampada-da-terra-Fork-Avorio-Diesel-with-Foscarini-Diesel-Creative-Team-600x1004.jpg 600w, https:\/\/socialdesignmagazine.com\/mag\/products-selection\/wp-content\/uploads\/sites\/2\/2020\/12\/Lampada-da-terra-Fork-Avorio-Diesel-with-Foscarini-Diesel-Creative-Team-1024x1713.jpg 1024w, https:\/\/socialdesignmagazine.com\/mag\/products-selection\/wp-content\/uploads\/sites\/2\/2020\/12\/Lampada-da-terra-Fork-Avorio-Diesel-with-Foscarini-Diesel-Creative-Team-768x1285.jpg 768w, https:\/\/socialdesignmagazine.com\/mag\/products-selection\/wp-content\/uploads\/sites\/2\/2020\/12\/Lampada-da-terra-Fork-Avorio-Diesel-with-Foscarini-Diesel-Creative-Team-918x1536.jpg 918w, https:\/\/socialdesignmagazine.com\/mag\/products-selection\/wp-content\/uploads\/sites\/2\/2020\/12\/Lampada-da-terra-Fork-Avorio-Diesel-with-Foscarini-Diesel-Creative-Team-1224x2048.jpg 1224w, https:\/\/socialdesignmagazine.com\/mag\/products-selection\/wp-content\/uploads\/sites\/2\/2020\/12\/Lampada-da-terra-Fork-Avorio-Diesel-with-Foscarini-Diesel-Creative-Team-scaled.jpg 1530w\" sizes=\"auto, (max-width: 200px) 100vw, 200px\" data-attachment-id=\"137511\" data-permalink=\"https:\/\/socialdesignmagazine.com\/mag\/products-selection\/?attachment_id=137511#content\" data-orig-file=\"https:\/\/socialdesignmagazine.com\/mag\/products-selection\/wp-content\/uploads\/sites\/2\/2020\/12\/Lampada-da-terra-Fork-Avorio-Diesel-with-Foscarini-Diesel-Creative-Team-scaled.jpg\" data-orig-size=\"1530,2560\" data-comments-opened=\"1\" data-image-meta=\"{&quot;aperture&quot;:&quot;0&quot;,&quot;credit&quot;:&quot;&quot;,&quot;camera&quot;:&quot;&quot;,&quot;caption&quot;:&quot;&quot;,&quot;created_timestamp&quot;:&quot;0&quot;,&quot;copyright&quot;:&quot;&quot;,&quot;focal_length&quot;:&quot;0&quot;,&quot;iso&quot;:&quot;0&quot;,&quot;shutter_speed&quot;:&quot;0&quot;,&quot;title&quot;:&quot;&quot;,&quot;orientation&quot;:&quot;0&quot;}\" data-image-title=\"Lampada da terra Fork Avorio Diesel with Foscarini Diesel Creative Team 1\" data-image-description=\"\" data-image-caption=\"&lt;p&gt;Lampada da terra Fork Avorio Diesel with Foscarini Diesel Creative Team 1&lt;\/p&gt;\n\" data-medium-file=\"https:\/\/socialdesignmagazine.com\/mag\/products-selection\/wp-content\/uploads\/sites\/2\/2020\/12\/Lampada-da-terra-Fork-Avorio-Diesel-with-Foscarini-Diesel-Creative-Team-438x283.jpg\" data-large-file=\"https:\/\/socialdesignmagazine.com\/mag\/products-selection\/wp-content\/uploads\/sites\/2\/2020\/12\/Lampada-da-terra-Fork-Avorio-Diesel-with-Foscarini-Diesel-Creative-Team-1024x1713.jpg\" \/><\/div>\n\t\t\t\t\t<div class=\"wc-block-grid__product-title\">Lampada da terra Fork Avorio Diesel with Foscarini<\/div>\n\t\t\t\t<\/a>\n\t\t\t\t<div class=\"wc-block-grid__product-price price\"><span class=\"woocommerce-Price-amount amount\"><bdi><span class=\"woocommerce-Price-currencySymbol\">&euro;<\/span>1.160,00<\/bdi><\/span><\/div>\n\t\t\t\t\n\t\t\t\t<div class=\"wp-block-button wc-block-grid__product-add-to-cart\"><a href=\"https:\/\/socialdesignmagazine.com\/mag\/products-selection\/7482\" aria-label=\"Vai al Negozio &gt;\" data-quantity=\"1\" data-product_id=\"35698\" data-product_sku=\"difo036\" data-price=\"1160\" rel=\"nofollow\" class=\"wp-block-button__link  add_to_cart_button\">Vai al Negozio &gt;<\/a><\/div>\n\t\t\t<\/li><\/ul><\/div>\n\n\n<hr class=\"wp-block-separator\"\/>\n\n\n\n<h3 class=\"wp-block-heading\">Poltrone<\/h3>\n\n\n<div data-block-name=\"woocommerce\/handpicked-products\" data-edit-mode=\"false\" data-products=\"[46146,68342,48885,35858,36326,28433]\" class=\"wc-block-grid wp-block-handpicked-products wp-block-woocommerce-handpicked-products wc-block-handpicked-products has-3-columns has-multiple-rows\"><ul class=\"wc-block-grid__products\"><li class=\"wc-block-grid__product\">\n\t\t\t\t<a href=\"https:\/\/socialdesignmagazine.com\/mag\/products-selection\/product\/poltrona-little-albert-bianco-design-ron-arad-for-moroso\/\" class=\"wc-block-grid__product-link\">\n\t\t\t\t\t\n\t\t\t\t\t<div class=\"wc-block-grid__product-image\"><img loading=\"lazy\" decoding=\"async\" width=\"200\" height=\"152\" src=\"https:\/\/socialdesignmagazine.com\/mag\/products-selection\/wp-content\/uploads\/sites\/2\/2020\/12\/Poltrona-Little-Albert-Bianco-Moroso-Ron-Arad-200x152.jpg\" class=\"attachment-woocommerce_thumbnail size-woocommerce_thumbnail\" alt=\"Poltrona Little Albert Bianco Moroso Ron Arad 1\" srcset=\"https:\/\/socialdesignmagazine.com\/mag\/products-selection\/wp-content\/uploads\/sites\/2\/2020\/12\/Poltrona-Little-Albert-Bianco-Moroso-Ron-Arad-200x152.jpg 200w, https:\/\/socialdesignmagazine.com\/mag\/products-selection\/wp-content\/uploads\/sites\/2\/2020\/12\/Poltrona-Little-Albert-Bianco-Moroso-Ron-Arad-600x455.jpg 600w, https:\/\/socialdesignmagazine.com\/mag\/products-selection\/wp-content\/uploads\/sites\/2\/2020\/12\/Poltrona-Little-Albert-Bianco-Moroso-Ron-Arad-768x582.jpg 768w, https:\/\/socialdesignmagazine.com\/mag\/products-selection\/wp-content\/uploads\/sites\/2\/2020\/12\/Poltrona-Little-Albert-Bianco-Moroso-Ron-Arad.jpg 879w\" sizes=\"auto, (max-width: 200px) 100vw, 200px\" data-attachment-id=\"137207\" data-permalink=\"https:\/\/socialdesignmagazine.com\/mag\/products-selection\/?attachment_id=137207#content\" data-orig-file=\"https:\/\/socialdesignmagazine.com\/mag\/products-selection\/wp-content\/uploads\/sites\/2\/2020\/12\/Poltrona-Little-Albert-Bianco-Moroso-Ron-Arad.jpg\" data-orig-size=\"879,666\" data-comments-opened=\"1\" data-image-meta=\"{&quot;aperture&quot;:&quot;0&quot;,&quot;credit&quot;:&quot;&quot;,&quot;camera&quot;:&quot;&quot;,&quot;caption&quot;:&quot;&quot;,&quot;created_timestamp&quot;:&quot;0&quot;,&quot;copyright&quot;:&quot;&quot;,&quot;focal_length&quot;:&quot;0&quot;,&quot;iso&quot;:&quot;0&quot;,&quot;shutter_speed&quot;:&quot;0&quot;,&quot;title&quot;:&quot;&quot;,&quot;orientation&quot;:&quot;0&quot;}\" data-image-title=\"Poltrona Little Albert Bianco Moroso Ron Arad 1\" data-image-description=\"\" data-image-caption=\"\" data-medium-file=\"https:\/\/socialdesignmagazine.com\/mag\/products-selection\/wp-content\/uploads\/sites\/2\/2020\/12\/Poltrona-Little-Albert-Bianco-Moroso-Ron-Arad-438x283.jpg\" data-large-file=\"https:\/\/socialdesignmagazine.com\/mag\/products-selection\/wp-content\/uploads\/sites\/2\/2020\/12\/Poltrona-Little-Albert-Bianco-Moroso-Ron-Arad.jpg\" \/><\/div>\n\t\t\t\t\t<div class=\"wc-block-grid__product-title\">Poltrona Little Albert Bianco design Ron Arad for Moroso<\/div>\n\t\t\t\t<\/a>\n\t\t\t\t<div class=\"wc-block-grid__product-price price\"><span class=\"woocommerce-Price-amount amount\"><bdi><span class=\"woocommerce-Price-currencySymbol\">&euro;<\/span>396,00<\/bdi><\/span><\/div>\n\t\t\t\t\n\t\t\t\t<div class=\"wp-block-button wc-block-grid__product-add-to-cart\"><a href=\"https:\/\/socialdesignmagazine.com\/mag\/products-selection\/7218\" aria-label=\"Vai al Negozio &gt;\" data-quantity=\"1\" data-product_id=\"68342\" data-product_sku=\"mor114\" data-price=\"396\" rel=\"nofollow\" class=\"wp-block-button__link  add_to_cart_button\">Vai al Negozio &gt;<\/a><\/div>\n\t\t\t<\/li><li class=\"wc-block-grid__product\">\n\t\t\t\t<a href=\"https:\/\/socialdesignmagazine.com\/mag\/products-selection\/product\/poltrona-the-big-easy-bianco-design-ron-arad-for-moroso\/\" class=\"wc-block-grid__product-link\">\n\t\t\t\t\t\n\t\t\t\t\t<div class=\"wc-block-grid__product-image\"><img loading=\"lazy\" decoding=\"async\" width=\"200\" height=\"200\" src=\"https:\/\/socialdesignmagazine.com\/mag\/products-selection\/wp-content\/uploads\/sites\/2\/2020\/12\/Poltrona-The-Big-Easy-Bianco-Moroso-Ron-Arad-200x200.jpg\" class=\"attachment-woocommerce_thumbnail size-woocommerce_thumbnail\" alt=\"Poltrona The Big Easy Bianco Moroso Ron Arad 1\" srcset=\"https:\/\/socialdesignmagazine.com\/mag\/products-selection\/wp-content\/uploads\/sites\/2\/2020\/12\/Poltrona-The-Big-Easy-Bianco-Moroso-Ron-Arad-200x200.jpg 200w, https:\/\/socialdesignmagazine.com\/mag\/products-selection\/wp-content\/uploads\/sites\/2\/2020\/12\/Poltrona-The-Big-Easy-Bianco-Moroso-Ron-Arad-100x100.jpg 100w, https:\/\/socialdesignmagazine.com\/mag\/products-selection\/wp-content\/uploads\/sites\/2\/2020\/12\/Poltrona-The-Big-Easy-Bianco-Moroso-Ron-Arad-150x150.jpg 150w, https:\/\/socialdesignmagazine.com\/mag\/products-selection\/wp-content\/uploads\/sites\/2\/2020\/12\/Poltrona-The-Big-Easy-Bianco-Moroso-Ron-Arad.jpg 400w\" sizes=\"auto, (max-width: 200px) 100vw, 200px\" data-attachment-id=\"137171\" data-permalink=\"https:\/\/socialdesignmagazine.com\/mag\/products-selection\/?attachment_id=137171#content\" data-orig-file=\"https:\/\/socialdesignmagazine.com\/mag\/products-selection\/wp-content\/uploads\/sites\/2\/2020\/12\/Poltrona-The-Big-Easy-Bianco-Moroso-Ron-Arad.jpg\" data-orig-size=\"400,400\" data-comments-opened=\"1\" data-image-meta=\"{&quot;aperture&quot;:&quot;0&quot;,&quot;credit&quot;:&quot;&quot;,&quot;camera&quot;:&quot;&quot;,&quot;caption&quot;:&quot;&quot;,&quot;created_timestamp&quot;:&quot;0&quot;,&quot;copyright&quot;:&quot;&quot;,&quot;focal_length&quot;:&quot;0&quot;,&quot;iso&quot;:&quot;0&quot;,&quot;shutter_speed&quot;:&quot;0&quot;,&quot;title&quot;:&quot;&quot;,&quot;orientation&quot;:&quot;0&quot;}\" data-image-title=\"Poltrona The Big Easy Bianco Moroso Ron Arad 1\" data-image-description=\"\" data-image-caption=\"\" data-medium-file=\"https:\/\/socialdesignmagazine.com\/mag\/products-selection\/wp-content\/uploads\/sites\/2\/2020\/12\/Poltrona-The-Big-Easy-Bianco-Moroso-Ron-Arad-400x283.jpg\" data-large-file=\"https:\/\/socialdesignmagazine.com\/mag\/products-selection\/wp-content\/uploads\/sites\/2\/2020\/12\/Poltrona-The-Big-Easy-Bianco-Moroso-Ron-Arad.jpg\" \/><\/div>\n\t\t\t\t\t<div class=\"wc-block-grid__product-title\">Poltrona The Big Easy Bianco design Ron Arad for Moroso<\/div>\n\t\t\t\t<\/a>\n\t\t\t\t<div class=\"wc-block-grid__product-price price\"><span class=\"woocommerce-Price-amount amount\"><bdi><span class=\"woocommerce-Price-currencySymbol\">&euro;<\/span>1.104,00<\/bdi><\/span><\/div>\n\t\t\t\t\n\t\t\t\t<div class=\"wp-block-button wc-block-grid__product-add-to-cart\"><a href=\"\" aria-label=\"Vai al Negozio &gt;\" data-quantity=\"1\" data-product_id=\"46146\" data-product_sku=\"mor059\" data-price=\"1104\" rel=\"nofollow\" class=\"wp-block-button__link  add_to_cart_button\">Vai al Negozio &gt;<\/a><\/div>\n\t\t\t<\/li><li class=\"wc-block-grid__product\">\n\t\t\t\t<a href=\"https:\/\/socialdesignmagazine.com\/mag\/products-selection\/product\/poltrona-a56-bianco-design-xavier-pauchard-for-tolix\/\" class=\"wc-block-grid__product-link\">\n\t\t\t\t\t\n\t\t\t\t\t<div class=\"wc-block-grid__product-image\"><img loading=\"lazy\" decoding=\"async\" width=\"200\" height=\"270\" src=\"https:\/\/socialdesignmagazine.com\/mag\/products-selection\/wp-content\/uploads\/sites\/2\/2020\/12\/Poltrona-A56-Bianco-Tolix-Xavier-Pauchard-200x270.jpg\" class=\"attachment-woocommerce_thumbnail size-woocommerce_thumbnail\" alt=\"Poltrona A56 Bianco Tolix Xavier Pauchard 1\" srcset=\"https:\/\/socialdesignmagazine.com\/mag\/products-selection\/wp-content\/uploads\/sites\/2\/2020\/12\/Poltrona-A56-Bianco-Tolix-Xavier-Pauchard-200x270.jpg 200w, https:\/\/socialdesignmagazine.com\/mag\/products-selection\/wp-content\/uploads\/sites\/2\/2020\/12\/Poltrona-A56-Bianco-Tolix-Xavier-Pauchard.jpg 296w\" sizes=\"auto, (max-width: 200px) 100vw, 200px\" data-attachment-id=\"137281\" data-permalink=\"https:\/\/socialdesignmagazine.com\/mag\/products-selection\/?attachment_id=137281#content\" data-orig-file=\"https:\/\/socialdesignmagazine.com\/mag\/products-selection\/wp-content\/uploads\/sites\/2\/2020\/12\/Poltrona-A56-Bianco-Tolix-Xavier-Pauchard.jpg\" data-orig-size=\"296,400\" data-comments-opened=\"1\" data-image-meta=\"{&quot;aperture&quot;:&quot;0&quot;,&quot;credit&quot;:&quot;&quot;,&quot;camera&quot;:&quot;&quot;,&quot;caption&quot;:&quot;&quot;,&quot;created_timestamp&quot;:&quot;0&quot;,&quot;copyright&quot;:&quot;&quot;,&quot;focal_length&quot;:&quot;0&quot;,&quot;iso&quot;:&quot;0&quot;,&quot;shutter_speed&quot;:&quot;0&quot;,&quot;title&quot;:&quot;&quot;,&quot;orientation&quot;:&quot;0&quot;}\" data-image-title=\"Poltrona A56 Bianco Tolix Xavier Pauchard 1\" data-image-description=\"\" data-image-caption=\"&lt;p&gt;Poltrona A56 Bianco Tolix Xavier Pauchard 1&lt;\/p&gt;\n\" data-medium-file=\"https:\/\/socialdesignmagazine.com\/mag\/products-selection\/wp-content\/uploads\/sites\/2\/2020\/12\/Poltrona-A56-Bianco-Tolix-Xavier-Pauchard-296x283.jpg\" data-large-file=\"https:\/\/socialdesignmagazine.com\/mag\/products-selection\/wp-content\/uploads\/sites\/2\/2020\/12\/Poltrona-A56-Bianco-Tolix-Xavier-Pauchard.jpg\" \/><\/div>\n\t\t\t\t\t<div class=\"wc-block-grid__product-title\">Poltrona A56 Bianco design Xavier Pauchard for Tolix<\/div>\n\t\t\t\t<\/a>\n\t\t\t\t<div class=\"wc-block-grid__product-price price\"><span class=\"woocommerce-Price-amount amount\"><bdi><span class=\"woocommerce-Price-currencySymbol\">&euro;<\/span>245,00<\/bdi><\/span><\/div>\n\t\t\t\t\n\t\t\t\t<div class=\"wp-block-button wc-block-grid__product-add-to-cart\"><a href=\"\" aria-label=\"Vai al Negozio &gt;\" data-quantity=\"1\" data-product_id=\"36326\" data-product_sku=\"toli035\" data-price=\"245\" rel=\"nofollow\" class=\"wp-block-button__link  add_to_cart_button\">Vai al Negozio &gt;<\/a><\/div>\n\t\t\t<\/li><li class=\"wc-block-grid__product\">\n\t\t\t\t<a href=\"https:\/\/socialdesignmagazine.com\/mag\/products-selection\/product\/poltrona-cloudscape-bianco-diesel-with-moroso\/\" class=\"wc-block-grid__product-link\">\n\t\t\t\t\t\n\t\t\t\t\t<div class=\"wc-block-grid__product-image\"><img loading=\"lazy\" decoding=\"async\" width=\"200\" height=\"184\" src=\"https:\/\/socialdesignmagazine.com\/mag\/products-selection\/wp-content\/uploads\/sites\/2\/2020\/12\/Poltrona-Cloudscape-Bianco-Diesel-with-Moroso-Diesel-Creative-Team-200x184.jpg\" class=\"attachment-woocommerce_thumbnail size-woocommerce_thumbnail\" alt=\"Poltrona Cloudscape Bianco Diesel with Moroso Diesel Creative Team 1\" srcset=\"https:\/\/socialdesignmagazine.com\/mag\/products-selection\/wp-content\/uploads\/sites\/2\/2020\/12\/Poltrona-Cloudscape-Bianco-Diesel-with-Moroso-Diesel-Creative-Team-200x184.jpg 200w, https:\/\/socialdesignmagazine.com\/mag\/products-selection\/wp-content\/uploads\/sites\/2\/2020\/12\/Poltrona-Cloudscape-Bianco-Diesel-with-Moroso-Diesel-Creative-Team.jpg 400w\" sizes=\"auto, (max-width: 200px) 100vw, 200px\" data-attachment-id=\"137611\" data-permalink=\"https:\/\/socialdesignmagazine.com\/mag\/products-selection\/?attachment_id=137611#content\" data-orig-file=\"https:\/\/socialdesignmagazine.com\/mag\/products-selection\/wp-content\/uploads\/sites\/2\/2020\/12\/Poltrona-Cloudscape-Bianco-Diesel-with-Moroso-Diesel-Creative-Team.jpg\" data-orig-size=\"400,368\" data-comments-opened=\"1\" data-image-meta=\"{&quot;aperture&quot;:&quot;0&quot;,&quot;credit&quot;:&quot;&quot;,&quot;camera&quot;:&quot;&quot;,&quot;caption&quot;:&quot;&quot;,&quot;created_timestamp&quot;:&quot;0&quot;,&quot;copyright&quot;:&quot;&quot;,&quot;focal_length&quot;:&quot;0&quot;,&quot;iso&quot;:&quot;0&quot;,&quot;shutter_speed&quot;:&quot;0&quot;,&quot;title&quot;:&quot;&quot;,&quot;orientation&quot;:&quot;0&quot;}\" data-image-title=\"Poltrona Cloudscape Bianco Diesel with Moroso Diesel Creative Team 1\" data-image-description=\"\" data-image-caption=\"&lt;p&gt;Poltrona Cloudscape Bianco Diesel with Moroso Diesel Creative Team 1&lt;\/p&gt;\n\" data-medium-file=\"https:\/\/socialdesignmagazine.com\/mag\/products-selection\/wp-content\/uploads\/sites\/2\/2020\/12\/Poltrona-Cloudscape-Bianco-Diesel-with-Moroso-Diesel-Creative-Team-400x283.jpg\" data-large-file=\"https:\/\/socialdesignmagazine.com\/mag\/products-selection\/wp-content\/uploads\/sites\/2\/2020\/12\/Poltrona-Cloudscape-Bianco-Diesel-with-Moroso-Diesel-Creative-Team.jpg\" \/><\/div>\n\t\t\t\t\t<div class=\"wc-block-grid__product-title\">Poltrona Cloudscape Bianco Diesel with Moroso<\/div>\n\t\t\t\t<\/a>\n\t\t\t\t<div class=\"wc-block-grid__product-price price\"><span class=\"woocommerce-Price-amount amount\"><bdi><span class=\"woocommerce-Price-currencySymbol\">&euro;<\/span>2.856,00<\/bdi><\/span><\/div>\n\t\t\t\t\n\t\t\t\t<div class=\"wp-block-button wc-block-grid__product-add-to-cart\"><a href=\"https:\/\/socialdesignmagazine.com\/mag\/products-selection\/7194\" aria-label=\"Vai al Negozio &gt;\" data-quantity=\"1\" data-product_id=\"35858\" data-product_sku=\"dimo018\" data-price=\"2856\" rel=\"nofollow\" class=\"wp-block-button__link  add_to_cart_button\">Vai al Negozio &gt;<\/a><\/div>\n\t\t\t<\/li><li class=\"wc-block-grid__product\">\n\t\t\t\t<a href=\"https:\/\/socialdesignmagazine.com\/mag\/products-selection\/product\/poltrona-eva-4-gambe-in-legno-biancolegno-naturale-design-ora-ito-for-zanotta\/\" class=\"wc-block-grid__product-link\">\n\t\t\t\t\t\n\t\t\t\t\t<div class=\"wc-block-grid__product-image\"><img loading=\"lazy\" decoding=\"async\" width=\"200\" height=\"283\" src=\"https:\/\/socialdesignmagazine.com\/mag\/products-selection\/wp-content\/uploads\/sites\/2\/2020\/12\/Poltrona-Eva-4-gambe-in-legno-BiancoLegno-naturale-Zanotta-Ora-Ito-200x283.jpg\" class=\"attachment-woocommerce_thumbnail size-woocommerce_thumbnail\" alt=\"Poltrona Eva \/ 4 gambe in legno Bianco|Legno naturale Zanotta Ora Ito 1\" srcset=\"https:\/\/socialdesignmagazine.com\/mag\/products-selection\/wp-content\/uploads\/sites\/2\/2020\/12\/Poltrona-Eva-4-gambe-in-legno-BiancoLegno-naturale-Zanotta-Ora-Ito-200x283.jpg 200w, https:\/\/socialdesignmagazine.com\/mag\/products-selection\/wp-content\/uploads\/sites\/2\/2020\/12\/Poltrona-Eva-4-gambe-in-legno-BiancoLegno-naturale-Zanotta-Ora-Ito.jpg 283w\" sizes=\"auto, (max-width: 200px) 100vw, 200px\" data-attachment-id=\"137878\" data-permalink=\"https:\/\/socialdesignmagazine.com\/mag\/products-selection\/?attachment_id=137878#content\" data-orig-file=\"https:\/\/socialdesignmagazine.com\/mag\/products-selection\/wp-content\/uploads\/sites\/2\/2020\/12\/Poltrona-Eva-4-gambe-in-legno-BiancoLegno-naturale-Zanotta-Ora-Ito.jpg\" data-orig-size=\"283,400\" data-comments-opened=\"1\" data-image-meta=\"{&quot;aperture&quot;:&quot;0&quot;,&quot;credit&quot;:&quot;&quot;,&quot;camera&quot;:&quot;&quot;,&quot;caption&quot;:&quot;&quot;,&quot;created_timestamp&quot;:&quot;0&quot;,&quot;copyright&quot;:&quot;&quot;,&quot;focal_length&quot;:&quot;0&quot;,&quot;iso&quot;:&quot;0&quot;,&quot;shutter_speed&quot;:&quot;0&quot;,&quot;title&quot;:&quot;&quot;,&quot;orientation&quot;:&quot;0&quot;}\" data-image-title=\"Poltrona Eva \/ 4 gambe in legno Bianco|Legno naturale Zanotta Ora Ito 1\" data-image-description=\"\" data-image-caption=\"\" data-medium-file=\"https:\/\/socialdesignmagazine.com\/mag\/products-selection\/wp-content\/uploads\/sites\/2\/2020\/12\/Poltrona-Eva-4-gambe-in-legno-BiancoLegno-naturale-Zanotta-Ora-Ito-283x283.jpg\" data-large-file=\"https:\/\/socialdesignmagazine.com\/mag\/products-selection\/wp-content\/uploads\/sites\/2\/2020\/12\/Poltrona-Eva-4-gambe-in-legno-BiancoLegno-naturale-Zanotta-Ora-Ito.jpg\" \/><\/div>\n\t\t\t\t\t<div class=\"wc-block-grid__product-title\">Poltrona Eva \/ 4 gambe in legno Bianco|Legno naturale design Ora Ito for Zanotta<\/div>\n\t\t\t\t<\/a>\n\t\t\t\t<div class=\"wc-block-grid__product-price price\"><span class=\"woocommerce-Price-amount amount\"><bdi><span class=\"woocommerce-Price-currencySymbol\">&euro;<\/span>899,00<\/bdi><\/span><\/div>\n\t\t\t\t\n\t\t\t\t<div class=\"wp-block-button wc-block-grid__product-add-to-cart\"><a href=\"\" aria-label=\"Vai al Negozio &gt;\" data-quantity=\"1\" data-product_id=\"28433\" data-product_sku=\"a1b5fe94fc76\" data-price=\"899\" rel=\"nofollow\" class=\"wp-block-button__link  add_to_cart_button\">Vai al Negozio &gt;<\/a><\/div>\n\t\t\t<\/li><\/ul><\/div>\n\n\n<hr class=\"wp-block-separator\"\/>\n\n\n\n<h3 class=\"wp-block-heading\">Sgabelli<\/h3>\n\n\n<div data-block-name=\"woocommerce\/handpicked-products\" data-edit-mode=\"false\" data-products=\"[36596,35064,84304,46072,66336,84369]\" class=\"wc-block-grid wp-block-handpicked-products wp-block-woocommerce-handpicked-products wc-block-handpicked-products has-3-columns has-multiple-rows\"><ul class=\"wc-block-grid__products\"><li class=\"wc-block-grid__product\">\n\t\t\t\t<a href=\"https:\/\/socialdesignmagazine.com\/mag\/products-selection\/product\/sgabello-alto-regolabile-kant-bianco-design-karim-rashid-for-casamania\/\" class=\"wc-block-grid__product-link\">\n\t\t\t\t\t\n\t\t\t\t\t<div class=\"wc-block-grid__product-image\"><img loading=\"lazy\" decoding=\"async\" width=\"200\" height=\"337\" src=\"https:\/\/socialdesignmagazine.com\/mag\/products-selection\/wp-content\/uploads\/sites\/2\/2020\/12\/Sgabello-Alto-regolabile-Kant-Bianco-Casamania-Karim-Rashid-200x337.jpg\" class=\"attachment-woocommerce_thumbnail size-woocommerce_thumbnail\" alt=\"Sgabello Alto regolabile Kant Bianco Casamania Karim Rashid\" srcset=\"https:\/\/socialdesignmagazine.com\/mag\/products-selection\/wp-content\/uploads\/sites\/2\/2020\/12\/Sgabello-Alto-regolabile-Kant-Bianco-Casamania-Karim-Rashid-200x337.jpg 200w, https:\/\/socialdesignmagazine.com\/mag\/products-selection\/wp-content\/uploads\/sites\/2\/2020\/12\/Sgabello-Alto-regolabile-Kant-Bianco-Casamania-Karim-Rashid-600x1010.jpg 600w, https:\/\/socialdesignmagazine.com\/mag\/products-selection\/wp-content\/uploads\/sites\/2\/2020\/12\/Sgabello-Alto-regolabile-Kant-Bianco-Casamania-Karim-Rashid-1024x1723.jpg 1024w, https:\/\/socialdesignmagazine.com\/mag\/products-selection\/wp-content\/uploads\/sites\/2\/2020\/12\/Sgabello-Alto-regolabile-Kant-Bianco-Casamania-Karim-Rashid-768x1292.jpg 768w, https:\/\/socialdesignmagazine.com\/mag\/products-selection\/wp-content\/uploads\/sites\/2\/2020\/12\/Sgabello-Alto-regolabile-Kant-Bianco-Casamania-Karim-Rashid-913x1536.jpg 913w, https:\/\/socialdesignmagazine.com\/mag\/products-selection\/wp-content\/uploads\/sites\/2\/2020\/12\/Sgabello-Alto-regolabile-Kant-Bianco-Casamania-Karim-Rashid-1217x2048.jpg 1217w, https:\/\/socialdesignmagazine.com\/mag\/products-selection\/wp-content\/uploads\/sites\/2\/2020\/12\/Sgabello-Alto-regolabile-Kant-Bianco-Casamania-Karim-Rashid.jpg 1476w\" sizes=\"auto, (max-width: 200px) 100vw, 200px\" data-attachment-id=\"134898\" data-permalink=\"https:\/\/socialdesignmagazine.com\/mag\/products-selection\/?attachment_id=134898#content\" data-orig-file=\"https:\/\/socialdesignmagazine.com\/mag\/products-selection\/wp-content\/uploads\/sites\/2\/2020\/12\/Sgabello-Alto-regolabile-Kant-Bianco-Casamania-Karim-Rashid.jpg\" data-orig-size=\"1476,2484\" data-comments-opened=\"1\" data-image-meta=\"{&quot;aperture&quot;:&quot;0&quot;,&quot;credit&quot;:&quot;&quot;,&quot;camera&quot;:&quot;&quot;,&quot;caption&quot;:&quot;&quot;,&quot;created_timestamp&quot;:&quot;0&quot;,&quot;copyright&quot;:&quot;&quot;,&quot;focal_length&quot;:&quot;0&quot;,&quot;iso&quot;:&quot;0&quot;,&quot;shutter_speed&quot;:&quot;0&quot;,&quot;title&quot;:&quot;&quot;,&quot;orientation&quot;:&quot;0&quot;}\" data-image-title=\"Sgabello Alto regolabile Kant Bianco Casamania Karim Rashid\" data-image-description=\"\" data-image-caption=\"&lt;p&gt;Sgabello Alto regolabile Kant Bianco Casamania Karim Rashid&lt;\/p&gt;\n\" data-medium-file=\"https:\/\/socialdesignmagazine.com\/mag\/products-selection\/wp-content\/uploads\/sites\/2\/2020\/12\/Sgabello-Alto-regolabile-Kant-Bianco-Casamania-Karim-Rashid-438x283.jpg\" data-large-file=\"https:\/\/socialdesignmagazine.com\/mag\/products-selection\/wp-content\/uploads\/sites\/2\/2020\/12\/Sgabello-Alto-regolabile-Kant-Bianco-Casamania-Karim-Rashid-1024x1723.jpg\" \/><\/div>\n\t\t\t\t\t<div class=\"wc-block-grid__product-title\">Sgabello Alto regolabile Kant Bianco design Karim Rashid for Casamania<\/div>\n\t\t\t\t<\/a>\n\t\t\t\t<div class=\"wc-block-grid__product-price price\"><span class=\"woocommerce-Price-amount amount\"><bdi><span class=\"woocommerce-Price-currencySymbol\">&euro;<\/span>340,00<\/bdi><\/span><\/div>\n\t\t\t\t\n\t\t\t\t<div class=\"wp-block-button wc-block-grid__product-add-to-cart\"><a href=\"\" aria-label=\"Vai al Negozio &gt;\" data-quantity=\"1\" data-product_id=\"84369\" data-product_sku=\"cas065\" data-price=\"340\" rel=\"nofollow\" class=\"wp-block-button__link  add_to_cart_button\">Vai al Negozio &gt;<\/a><\/div>\n\t\t\t<\/li><li class=\"wc-block-grid__product\">\n\t\t\t\t<a href=\"https:\/\/socialdesignmagazine.com\/mag\/products-selection\/product\/sgabello-alto-kant-bianco-design-karim-rashid-for-casamania\/\" class=\"wc-block-grid__product-link\">\n\t\t\t\t\t\n\t\t\t\t\t<div class=\"wc-block-grid__product-image\"><img loading=\"lazy\" decoding=\"async\" width=\"200\" height=\"351\" src=\"https:\/\/socialdesignmagazine.com\/mag\/products-selection\/wp-content\/uploads\/sites\/2\/2020\/12\/Sgabello-Alto-Kant-Bianco-Casamania-Karim-Rashid-scaled-200x351.jpg\" class=\"attachment-woocommerce_thumbnail size-woocommerce_thumbnail\" alt=\"Sgabello Alto Kant Bianco Casamania Karim Rashid\" srcset=\"https:\/\/socialdesignmagazine.com\/mag\/products-selection\/wp-content\/uploads\/sites\/2\/2020\/12\/Sgabello-Alto-Kant-Bianco-Casamania-Karim-Rashid-200x351.jpg 200w, https:\/\/socialdesignmagazine.com\/mag\/products-selection\/wp-content\/uploads\/sites\/2\/2020\/12\/Sgabello-Alto-Kant-Bianco-Casamania-Karim-Rashid-600x1052.jpg 600w, https:\/\/socialdesignmagazine.com\/mag\/products-selection\/wp-content\/uploads\/sites\/2\/2020\/12\/Sgabello-Alto-Kant-Bianco-Casamania-Karim-Rashid-1024x1795.jpg 1024w, https:\/\/socialdesignmagazine.com\/mag\/products-selection\/wp-content\/uploads\/sites\/2\/2020\/12\/Sgabello-Alto-Kant-Bianco-Casamania-Karim-Rashid-768x1346.jpg 768w, https:\/\/socialdesignmagazine.com\/mag\/products-selection\/wp-content\/uploads\/sites\/2\/2020\/12\/Sgabello-Alto-Kant-Bianco-Casamania-Karim-Rashid-876x1536.jpg 876w, https:\/\/socialdesignmagazine.com\/mag\/products-selection\/wp-content\/uploads\/sites\/2\/2020\/12\/Sgabello-Alto-Kant-Bianco-Casamania-Karim-Rashid-1168x2048.jpg 1168w, https:\/\/socialdesignmagazine.com\/mag\/products-selection\/wp-content\/uploads\/sites\/2\/2020\/12\/Sgabello-Alto-Kant-Bianco-Casamania-Karim-Rashid-scaled.jpg 1460w\" sizes=\"auto, (max-width: 200px) 100vw, 200px\" data-attachment-id=\"134836\" data-permalink=\"https:\/\/socialdesignmagazine.com\/mag\/products-selection\/?attachment_id=134836#content\" data-orig-file=\"https:\/\/socialdesignmagazine.com\/mag\/products-selection\/wp-content\/uploads\/sites\/2\/2020\/12\/Sgabello-Alto-Kant-Bianco-Casamania-Karim-Rashid-scaled.jpg\" data-orig-size=\"1460,2560\" data-comments-opened=\"1\" data-image-meta=\"{&quot;aperture&quot;:&quot;0&quot;,&quot;credit&quot;:&quot;&quot;,&quot;camera&quot;:&quot;&quot;,&quot;caption&quot;:&quot;&quot;,&quot;created_timestamp&quot;:&quot;0&quot;,&quot;copyright&quot;:&quot;&quot;,&quot;focal_length&quot;:&quot;0&quot;,&quot;iso&quot;:&quot;0&quot;,&quot;shutter_speed&quot;:&quot;0&quot;,&quot;title&quot;:&quot;&quot;,&quot;orientation&quot;:&quot;0&quot;}\" data-image-title=\"Sgabello Alto Kant Bianco Casamania Karim Rashid\" data-image-description=\"\" data-image-caption=\"&lt;p&gt;Sgabello Alto Kant Bianco Casamania Karim Rashid&lt;\/p&gt;\n\" data-medium-file=\"https:\/\/socialdesignmagazine.com\/mag\/products-selection\/wp-content\/uploads\/sites\/2\/2020\/12\/Sgabello-Alto-Kant-Bianco-Casamania-Karim-Rashid-438x283.jpg\" data-large-file=\"https:\/\/socialdesignmagazine.com\/mag\/products-selection\/wp-content\/uploads\/sites\/2\/2020\/12\/Sgabello-Alto-Kant-Bianco-Casamania-Karim-Rashid-1024x1795.jpg\" \/><\/div>\n\t\t\t\t\t<div class=\"wc-block-grid__product-title\">Sgabello Alto Kant Bianco design Karim Rashid for Casamania<\/div>\n\t\t\t\t<\/a>\n\t\t\t\t<div class=\"wc-block-grid__product-price price\"><span class=\"woocommerce-Price-amount amount\"><bdi><span class=\"woocommerce-Price-currencySymbol\">&euro;<\/span>196,00<\/bdi><\/span><\/div>\n\t\t\t\t\n\t\t\t\t<div class=\"wp-block-button wc-block-grid__product-add-to-cart\"><a href=\"\" aria-label=\"Vai al Negozio &gt;\" data-quantity=\"1\" data-product_id=\"84304\" data-product_sku=\"cas017\" data-price=\"196\" rel=\"nofollow\" class=\"wp-block-button__link  add_to_cart_button\">Vai al Negozio &gt;<\/a><\/div>\n\t\t\t<\/li><li class=\"wc-block-grid__product\">\n\t\t\t\t<a href=\"https:\/\/socialdesignmagazine.com\/mag\/products-selection\/product\/sgabello-alto-round-bianco-design-christophe-pillet-for-emu\/\" class=\"wc-block-grid__product-link\">\n\t\t\t\t\t\n\t\t\t\t\t<div class=\"wc-block-grid__product-image\"><img loading=\"lazy\" decoding=\"async\" width=\"200\" height=\"285\" src=\"https:\/\/socialdesignmagazine.com\/mag\/products-selection\/wp-content\/uploads\/sites\/2\/2020\/08\/Sgabello-alto-Round-Bianco-Emu-Christophe-Pillet-200x285.jpg\" class=\"attachment-woocommerce_thumbnail size-woocommerce_thumbnail\" alt=\"Sgabello alto Round Bianco Emu Christophe Pillet 1\" srcset=\"https:\/\/socialdesignmagazine.com\/mag\/products-selection\/wp-content\/uploads\/sites\/2\/2020\/08\/Sgabello-alto-Round-Bianco-Emu-Christophe-Pillet-200x285.jpg 200w, https:\/\/socialdesignmagazine.com\/mag\/products-selection\/wp-content\/uploads\/sites\/2\/2020\/08\/Sgabello-alto-Round-Bianco-Emu-Christophe-Pillet.jpg 281w\" sizes=\"auto, (max-width: 200px) 100vw, 200px\" data-attachment-id=\"112450\" data-permalink=\"https:\/\/socialdesignmagazine.com\/mag\/products-selection\/?attachment_id=112450#content\" data-orig-file=\"https:\/\/socialdesignmagazine.com\/mag\/products-selection\/wp-content\/uploads\/sites\/2\/2020\/08\/Sgabello-alto-Round-Bianco-Emu-Christophe-Pillet.jpg\" data-orig-size=\"281,400\" data-comments-opened=\"1\" data-image-meta=\"{&quot;aperture&quot;:&quot;0&quot;,&quot;credit&quot;:&quot;&quot;,&quot;camera&quot;:&quot;&quot;,&quot;caption&quot;:&quot;&quot;,&quot;created_timestamp&quot;:&quot;0&quot;,&quot;copyright&quot;:&quot;&quot;,&quot;focal_length&quot;:&quot;0&quot;,&quot;iso&quot;:&quot;0&quot;,&quot;shutter_speed&quot;:&quot;0&quot;,&quot;title&quot;:&quot;&quot;,&quot;orientation&quot;:&quot;0&quot;}\" data-image-title=\"Sgabello alto Round Bianco Emu Christophe Pillet 1\" data-image-description=\"\" data-image-caption=\"\" data-medium-file=\"https:\/\/socialdesignmagazine.com\/mag\/products-selection\/wp-content\/uploads\/sites\/2\/2020\/08\/Sgabello-alto-Round-Bianco-Emu-Christophe-Pillet-281x283.jpg\" data-large-file=\"https:\/\/socialdesignmagazine.com\/mag\/products-selection\/wp-content\/uploads\/sites\/2\/2020\/08\/Sgabello-alto-Round-Bianco-Emu-Christophe-Pillet.jpg\" \/><\/div>\n\t\t\t\t\t<div class=\"wc-block-grid__product-title\">Sgabello alto Round Bianco design Christophe Pillet for Emu<\/div>\n\t\t\t\t<\/a>\n\t\t\t\t<div class=\"wc-block-grid__product-price price\"><span class=\"woocommerce-Price-amount amount\"><bdi><span class=\"woocommerce-Price-currencySymbol\">&euro;<\/span>230,00<\/bdi><\/span><\/div>\n\t\t\t\t\n\t\t\t\t<div class=\"wp-block-button wc-block-grid__product-add-to-cart\"><a href=\"https:\/\/socialdesignmagazine.com\/mag\/products-selection\/7559\" aria-label=\"Vai al Negozio &gt;\" data-quantity=\"1\" data-product_id=\"66336\" data-product_sku=\"emu166\" data-price=\"230\" rel=\"nofollow\" class=\"wp-block-button__link  add_to_cart_button\">Vai al Negozio &gt;<\/a><\/div>\n\t\t\t<\/li><li class=\"wc-block-grid__product\">\n\t\t\t\t<a href=\"https:\/\/socialdesignmagazine.com\/mag\/products-selection\/product\/sgabello-alto-rift-h-77-cm-bianco-design-patricia-urquiola-for-moroso\/\" class=\"wc-block-grid__product-link\">\n\t\t\t\t\t\n\t\t\t\t\t<div class=\"wc-block-grid__product-image\"><img loading=\"lazy\" decoding=\"async\" width=\"200\" height=\"208\" src=\"https:\/\/socialdesignmagazine.com\/mag\/products-selection\/wp-content\/uploads\/sites\/2\/2020\/12\/Sgabello-Alto-Rift-H-77-cm-Bianco-Moroso-Patricia-Urquiola-200x208.jpg\" class=\"attachment-woocommerce_thumbnail size-woocommerce_thumbnail\" alt=\"Sgabello Alto Rift H 77 cm Bianco Moroso Patricia Urquiola 1\" srcset=\"https:\/\/socialdesignmagazine.com\/mag\/products-selection\/wp-content\/uploads\/sites\/2\/2020\/12\/Sgabello-Alto-Rift-H-77-cm-Bianco-Moroso-Patricia-Urquiola-200x208.jpg 200w, https:\/\/socialdesignmagazine.com\/mag\/products-selection\/wp-content\/uploads\/sites\/2\/2020\/12\/Sgabello-Alto-Rift-H-77-cm-Bianco-Moroso-Patricia-Urquiola.jpg 384w\" sizes=\"auto, (max-width: 200px) 100vw, 200px\" data-attachment-id=\"137138\" data-permalink=\"https:\/\/socialdesignmagazine.com\/mag\/products-selection\/?attachment_id=137138#content\" data-orig-file=\"https:\/\/socialdesignmagazine.com\/mag\/products-selection\/wp-content\/uploads\/sites\/2\/2020\/12\/Sgabello-Alto-Rift-H-77-cm-Bianco-Moroso-Patricia-Urquiola.jpg\" data-orig-size=\"384,400\" data-comments-opened=\"1\" data-image-meta=\"{&quot;aperture&quot;:&quot;0&quot;,&quot;credit&quot;:&quot;&quot;,&quot;camera&quot;:&quot;&quot;,&quot;caption&quot;:&quot;&quot;,&quot;created_timestamp&quot;:&quot;0&quot;,&quot;copyright&quot;:&quot;&quot;,&quot;focal_length&quot;:&quot;0&quot;,&quot;iso&quot;:&quot;0&quot;,&quot;shutter_speed&quot;:&quot;0&quot;,&quot;title&quot;:&quot;&quot;,&quot;orientation&quot;:&quot;0&quot;}\" data-image-title=\"Sgabello Alto Rift H 77 cm Bianco Moroso Patricia Urquiola 1\" data-image-description=\"\" data-image-caption=\"\" data-medium-file=\"https:\/\/socialdesignmagazine.com\/mag\/products-selection\/wp-content\/uploads\/sites\/2\/2020\/12\/Sgabello-Alto-Rift-H-77-cm-Bianco-Moroso-Patricia-Urquiola-384x283.jpg\" data-large-file=\"https:\/\/socialdesignmagazine.com\/mag\/products-selection\/wp-content\/uploads\/sites\/2\/2020\/12\/Sgabello-Alto-Rift-H-77-cm-Bianco-Moroso-Patricia-Urquiola.jpg\" \/><\/div>\n\t\t\t\t\t<div class=\"wc-block-grid__product-title\">Sgabello Alto Rift H 77 cm Bianco design Patricia Urquiola for Moroso<\/div>\n\t\t\t\t<\/a>\n\t\t\t\t<div class=\"wc-block-grid__product-price price\"><span class=\"woocommerce-Price-amount amount\"><bdi><span class=\"woocommerce-Price-currencySymbol\">&euro;<\/span>588,00<\/bdi><\/span><\/div>\n\t\t\t\t\n\t\t\t\t<div class=\"wp-block-button wc-block-grid__product-add-to-cart\"><a href=\"https:\/\/socialdesignmagazine.com\/mag\/products-selection\/7204\" aria-label=\"Vai al Negozio &gt;\" data-quantity=\"1\" data-product_id=\"46072\" data-product_sku=\"mor022\" data-price=\"588\" rel=\"nofollow\" class=\"wp-block-button__link  add_to_cart_button\">Vai al Negozio &gt;<\/a><\/div>\n\t\t\t<\/li><li class=\"wc-block-grid__product\">\n\t\t\t\t<a href=\"https:\/\/socialdesignmagazine.com\/mag\/products-selection\/product\/sgabello-alto-h-h-75-cm-bianco-design-chantal-andriot-for-tolix\/\" class=\"wc-block-grid__product-link\">\n\t\t\t\t\t\n\t\t\t\t\t<div class=\"wc-block-grid__product-image\"><img loading=\"lazy\" decoding=\"async\" width=\"200\" height=\"303\" src=\"https:\/\/socialdesignmagazine.com\/mag\/products-selection\/wp-content\/uploads\/sites\/2\/2020\/12\/Sgabello-alto-H-H-75-cm-Bianco-Tolix-Chantal-Andriot-200x303.jpg\" class=\"attachment-woocommerce_thumbnail size-woocommerce_thumbnail\" alt=\"Sgabello alto H - H 75 cm Bianco Tolix Chantal Andriot 1\" srcset=\"https:\/\/socialdesignmagazine.com\/mag\/products-selection\/wp-content\/uploads\/sites\/2\/2020\/12\/Sgabello-alto-H-H-75-cm-Bianco-Tolix-Chantal-Andriot-200x303.jpg 200w, https:\/\/socialdesignmagazine.com\/mag\/products-selection\/wp-content\/uploads\/sites\/2\/2020\/12\/Sgabello-alto-H-H-75-cm-Bianco-Tolix-Chantal-Andriot.jpg 264w\" sizes=\"auto, (max-width: 200px) 100vw, 200px\" data-attachment-id=\"137341\" data-permalink=\"https:\/\/socialdesignmagazine.com\/mag\/products-selection\/?attachment_id=137341#content\" data-orig-file=\"https:\/\/socialdesignmagazine.com\/mag\/products-selection\/wp-content\/uploads\/sites\/2\/2020\/12\/Sgabello-alto-H-H-75-cm-Bianco-Tolix-Chantal-Andriot.jpg\" data-orig-size=\"264,400\" data-comments-opened=\"1\" data-image-meta=\"{&quot;aperture&quot;:&quot;0&quot;,&quot;credit&quot;:&quot;&quot;,&quot;camera&quot;:&quot;&quot;,&quot;caption&quot;:&quot;&quot;,&quot;created_timestamp&quot;:&quot;0&quot;,&quot;copyright&quot;:&quot;&quot;,&quot;focal_length&quot;:&quot;0&quot;,&quot;iso&quot;:&quot;0&quot;,&quot;shutter_speed&quot;:&quot;0&quot;,&quot;title&quot;:&quot;&quot;,&quot;orientation&quot;:&quot;0&quot;}\" data-image-title=\"Sgabello alto H &amp;#8211; H 75 cm Bianco Tolix Chantal Andriot 1\" data-image-description=\"\" data-image-caption=\"&lt;p&gt;Sgabello alto H &amp;#8211; H 75 cm Bianco Tolix Chantal Andriot 1&lt;\/p&gt;\n\" data-medium-file=\"https:\/\/socialdesignmagazine.com\/mag\/products-selection\/wp-content\/uploads\/sites\/2\/2020\/12\/Sgabello-alto-H-H-75-cm-Bianco-Tolix-Chantal-Andriot-264x283.jpg\" data-large-file=\"https:\/\/socialdesignmagazine.com\/mag\/products-selection\/wp-content\/uploads\/sites\/2\/2020\/12\/Sgabello-alto-H-H-75-cm-Bianco-Tolix-Chantal-Andriot.jpg\" \/><\/div>\n\t\t\t\t\t<div class=\"wc-block-grid__product-title\">Sgabello alto H &#8211; H 75 cm Bianco design Chantal Andriot for Tolix<\/div>\n\t\t\t\t<\/a>\n\t\t\t\t<div class=\"wc-block-grid__product-price price\"><span class=\"woocommerce-Price-amount amount\"><bdi><span class=\"woocommerce-Price-currencySymbol\">&euro;<\/span>242,25<\/bdi><\/span><\/div>\n\t\t\t\t\n\t\t\t\t<div class=\"wp-block-button wc-block-grid__product-add-to-cart\"><a href=\"\" aria-label=\"Vai al Negozio &gt;\" data-quantity=\"1\" data-product_id=\"36596\" data-product_sku=\"toli170\" data-price=\"242.25\" rel=\"nofollow\" class=\"wp-block-button__link  add_to_cart_button\">Vai al Negozio &gt;<\/a><\/div>\n\t\t\t<\/li><\/ul><\/div>\n\n\n<p>Pi\u00f9 nello specifico per fare degli esempi sull\u2019abbinamento bianco\/nero alcuni tipi di applique e lampade bianche di tendenza, che possono presentare la forma di lettera dell\u2019alfabeto o qualche altra forma originale, hanno il filo elettrico nero, le stoviglie bianche possono essere decorate con delle scritte nere e i centro tavola e i ganci possono essere colorati completamente di nero.<\/p>\n\n\n<div data-block-name=\"woocommerce\/handpicked-products\" data-edit-mode=\"false\" data-products=\"[70730,69726,70712]\" class=\"wc-block-grid wp-block-handpicked-products wp-block-woocommerce-handpicked-products wc-block-handpicked-products has-3-columns has-multiple-rows\"><ul class=\"wc-block-grid__products\"><li class=\"wc-block-grid__product\">\n\t\t\t\t<a href=\"https:\/\/socialdesignmagazine.com\/mag\/products-selection\/product\/applique-neon-art-simbolo-cuore-bianco-design-selab-for-seletti\/\" class=\"wc-block-grid__product-link\">\n\t\t\t\t\t\n\t\t\t\t\t<div class=\"wc-block-grid__product-image\"><img loading=\"lazy\" decoding=\"async\" width=\"200\" height=\"267\" src=\"https:\/\/socialdesignmagazine.com\/mag\/products-selection\/wp-content\/uploads\/sites\/2\/2020\/12\/Applique-Neon-Art-Simbolo-Cuore-Bianco-Seletti-Selab-200x267.jpg\" class=\"attachment-woocommerce_thumbnail size-woocommerce_thumbnail\" alt=\"Applique Neon Art - Simbolo Cuore Bianco Seletti Selab\" srcset=\"https:\/\/socialdesignmagazine.com\/mag\/products-selection\/wp-content\/uploads\/sites\/2\/2020\/12\/Applique-Neon-Art-Simbolo-Cuore-Bianco-Seletti-Selab-200x267.jpg 200w, https:\/\/socialdesignmagazine.com\/mag\/products-selection\/wp-content\/uploads\/sites\/2\/2020\/12\/Applique-Neon-Art-Simbolo-Cuore-Bianco-Seletti-Selab-600x800.jpg 600w, https:\/\/socialdesignmagazine.com\/mag\/products-selection\/wp-content\/uploads\/sites\/2\/2020\/12\/Applique-Neon-Art-Simbolo-Cuore-Bianco-Seletti-Selab-768x1024.jpg 768w, https:\/\/socialdesignmagazine.com\/mag\/products-selection\/wp-content\/uploads\/sites\/2\/2020\/12\/Applique-Neon-Art-Simbolo-Cuore-Bianco-Seletti-Selab.jpg 900w\" sizes=\"auto, (max-width: 200px) 100vw, 200px\" data-attachment-id=\"138201\" data-permalink=\"https:\/\/socialdesignmagazine.com\/mag\/products-selection\/?attachment_id=138201#content\" data-orig-file=\"https:\/\/socialdesignmagazine.com\/mag\/products-selection\/wp-content\/uploads\/sites\/2\/2020\/12\/Applique-Neon-Art-Simbolo-Cuore-Bianco-Seletti-Selab.jpg\" data-orig-size=\"900,1200\" data-comments-opened=\"1\" data-image-meta=\"{&quot;aperture&quot;:&quot;0&quot;,&quot;credit&quot;:&quot;&quot;,&quot;camera&quot;:&quot;&quot;,&quot;caption&quot;:&quot;&quot;,&quot;created_timestamp&quot;:&quot;0&quot;,&quot;copyright&quot;:&quot;&quot;,&quot;focal_length&quot;:&quot;0&quot;,&quot;iso&quot;:&quot;0&quot;,&quot;shutter_speed&quot;:&quot;0&quot;,&quot;title&quot;:&quot;&quot;,&quot;orientation&quot;:&quot;0&quot;}\" data-image-title=\"Applique Neon Art &amp;#8211; Simbolo Cuore Bianco Seletti Selab\" data-image-description=\"\" data-image-caption=\"&lt;p&gt;Applique Neon Art &amp;#8211; Simbolo Cuore Bianco Seletti Selab&lt;\/p&gt;\n\" data-medium-file=\"https:\/\/socialdesignmagazine.com\/mag\/products-selection\/wp-content\/uploads\/sites\/2\/2020\/12\/Applique-Neon-Art-Simbolo-Cuore-Bianco-Seletti-Selab-438x283.jpg\" data-large-file=\"https:\/\/socialdesignmagazine.com\/mag\/products-selection\/wp-content\/uploads\/sites\/2\/2020\/12\/Applique-Neon-Art-Simbolo-Cuore-Bianco-Seletti-Selab.jpg\" \/><\/div>\n\t\t\t\t\t<div class=\"wc-block-grid__product-title\">Applique Neon Art &#8211; Simbolo Cuore Bianco design Selab for Seletti<\/div>\n\t\t\t\t<\/a>\n\t\t\t\t<div class=\"wc-block-grid__product-price price\"><span class=\"woocommerce-Price-amount amount\"><bdi><span class=\"woocommerce-Price-currencySymbol\">&euro;<\/span>52,00<\/bdi><\/span><\/div>\n\t\t\t\t\n\t\t\t\t<div class=\"wp-block-button wc-block-grid__product-add-to-cart\"><a href=\"https:\/\/socialdesignmagazine.com\/mag\/products-selection\/5978\" aria-label=\"Vai al Negozio &gt;\" data-quantity=\"1\" data-product_id=\"70730\" data-product_sku=\"sel041\" data-price=\"52\" rel=\"nofollow\" class=\"wp-block-button__link  add_to_cart_button\">Vai al Negozio &gt;<\/a><\/div>\n\t\t\t<\/li><li class=\"wc-block-grid__product\">\n\t\t\t\t<a href=\"https:\/\/socialdesignmagazine.com\/mag\/products-selection\/product\/applique-neon-art-numero-4-bianco-design-selab-for-seletti\/\" class=\"wc-block-grid__product-link\">\n\t\t\t\t\t\n\t\t\t\t\t<div class=\"wc-block-grid__product-image\"><img loading=\"lazy\" decoding=\"async\" width=\"200\" height=\"267\" src=\"https:\/\/socialdesignmagazine.com\/mag\/products-selection\/wp-content\/uploads\/sites\/2\/2020\/12\/Applique-Neon-Art-Numero-4-Bianco-Seletti-Selab-200x267.jpg\" class=\"attachment-woocommerce_thumbnail size-woocommerce_thumbnail\" alt=\"Applique Neon Art - Numero  4 Bianco Seletti Selab\" srcset=\"https:\/\/socialdesignmagazine.com\/mag\/products-selection\/wp-content\/uploads\/sites\/2\/2020\/12\/Applique-Neon-Art-Numero-4-Bianco-Seletti-Selab-200x267.jpg 200w, https:\/\/socialdesignmagazine.com\/mag\/products-selection\/wp-content\/uploads\/sites\/2\/2020\/12\/Applique-Neon-Art-Numero-4-Bianco-Seletti-Selab-600x800.jpg 600w, https:\/\/socialdesignmagazine.com\/mag\/products-selection\/wp-content\/uploads\/sites\/2\/2020\/12\/Applique-Neon-Art-Numero-4-Bianco-Seletti-Selab-768x1024.jpg 768w, https:\/\/socialdesignmagazine.com\/mag\/products-selection\/wp-content\/uploads\/sites\/2\/2020\/12\/Applique-Neon-Art-Numero-4-Bianco-Seletti-Selab.jpg 900w\" sizes=\"auto, (max-width: 200px) 100vw, 200px\" data-attachment-id=\"138185\" data-permalink=\"https:\/\/socialdesignmagazine.com\/mag\/products-selection\/?attachment_id=138185#content\" data-orig-file=\"https:\/\/socialdesignmagazine.com\/mag\/products-selection\/wp-content\/uploads\/sites\/2\/2020\/12\/Applique-Neon-Art-Numero-4-Bianco-Seletti-Selab.jpg\" data-orig-size=\"900,1200\" data-comments-opened=\"1\" data-image-meta=\"{&quot;aperture&quot;:&quot;0&quot;,&quot;credit&quot;:&quot;&quot;,&quot;camera&quot;:&quot;&quot;,&quot;caption&quot;:&quot;&quot;,&quot;created_timestamp&quot;:&quot;0&quot;,&quot;copyright&quot;:&quot;&quot;,&quot;focal_length&quot;:&quot;0&quot;,&quot;iso&quot;:&quot;0&quot;,&quot;shutter_speed&quot;:&quot;0&quot;,&quot;title&quot;:&quot;&quot;,&quot;orientation&quot;:&quot;0&quot;}\" data-image-title=\"Applique Neon Art &amp;#8211; Numero  4 Bianco Seletti Selab\" data-image-description=\"\" data-image-caption=\"&lt;p&gt;Applique Neon Art &amp;#8211; Numero  4 Bianco Seletti Selab&lt;\/p&gt;\n\" data-medium-file=\"https:\/\/socialdesignmagazine.com\/mag\/products-selection\/wp-content\/uploads\/sites\/2\/2020\/12\/Applique-Neon-Art-Numero-4-Bianco-Seletti-Selab-438x283.jpg\" data-large-file=\"https:\/\/socialdesignmagazine.com\/mag\/products-selection\/wp-content\/uploads\/sites\/2\/2020\/12\/Applique-Neon-Art-Numero-4-Bianco-Seletti-Selab.jpg\" \/><\/div>\n\t\t\t\t\t<div class=\"wc-block-grid__product-title\">Applique Neon Art &#8211; Numero  4 Bianco design Selab for Seletti<\/div>\n\t\t\t\t<\/a>\n\t\t\t\t<div class=\"wc-block-grid__product-price price\"><span class=\"woocommerce-Price-amount amount\"><bdi><span class=\"woocommerce-Price-currencySymbol\">&euro;<\/span>52,00<\/bdi><\/span><\/div>\n\t\t\t\t\n\t\t\t\t<div class=\"wp-block-button wc-block-grid__product-add-to-cart\"><a href=\"https:\/\/socialdesignmagazine.com\/mag\/products-selection\/5969\" aria-label=\"Vai al Negozio &gt;\" data-quantity=\"1\" data-product_id=\"70712\" data-product_sku=\"sel031\" data-price=\"52\" rel=\"nofollow\" class=\"wp-block-button__link  add_to_cart_button\">Vai al Negozio &gt;<\/a><\/div>\n\t\t\t<\/li><li class=\"wc-block-grid__product\">\n\t\t\t\t<a href=\"https:\/\/socialdesignmagazine.com\/mag\/products-selection\/product\/applique-neon-art-lettera-y-bianco-design-selab-for-seletti\/\" class=\"wc-block-grid__product-link\">\n\t\t\t\t\t\n\t\t\t\t\t<div class=\"wc-block-grid__product-image\"><img loading=\"lazy\" decoding=\"async\" width=\"200\" height=\"267\" src=\"https:\/\/socialdesignmagazine.com\/mag\/products-selection\/wp-content\/uploads\/sites\/2\/2020\/12\/Applique-Neon-Art-Lettera-Y-Bianco-Seletti-Selab-200x267.jpg\" class=\"attachment-woocommerce_thumbnail size-woocommerce_thumbnail\" alt=\"Applique Neon Art - Lettera Y Bianco Seletti Selab\" srcset=\"https:\/\/socialdesignmagazine.com\/mag\/products-selection\/wp-content\/uploads\/sites\/2\/2020\/12\/Applique-Neon-Art-Lettera-Y-Bianco-Seletti-Selab-200x267.jpg 200w, https:\/\/socialdesignmagazine.com\/mag\/products-selection\/wp-content\/uploads\/sites\/2\/2020\/12\/Applique-Neon-Art-Lettera-Y-Bianco-Seletti-Selab-600x800.jpg 600w, https:\/\/socialdesignmagazine.com\/mag\/products-selection\/wp-content\/uploads\/sites\/2\/2020\/12\/Applique-Neon-Art-Lettera-Y-Bianco-Seletti-Selab-768x1024.jpg 768w, https:\/\/socialdesignmagazine.com\/mag\/products-selection\/wp-content\/uploads\/sites\/2\/2020\/12\/Applique-Neon-Art-Lettera-Y-Bianco-Seletti-Selab.jpg 900w\" sizes=\"auto, (max-width: 200px) 100vw, 200px\" data-attachment-id=\"138173\" data-permalink=\"https:\/\/socialdesignmagazine.com\/mag\/products-selection\/?attachment_id=138173#content\" data-orig-file=\"https:\/\/socialdesignmagazine.com\/mag\/products-selection\/wp-content\/uploads\/sites\/2\/2020\/12\/Applique-Neon-Art-Lettera-Y-Bianco-Seletti-Selab.jpg\" data-orig-size=\"900,1200\" data-comments-opened=\"1\" data-image-meta=\"{&quot;aperture&quot;:&quot;0&quot;,&quot;credit&quot;:&quot;&quot;,&quot;camera&quot;:&quot;&quot;,&quot;caption&quot;:&quot;&quot;,&quot;created_timestamp&quot;:&quot;0&quot;,&quot;copyright&quot;:&quot;&quot;,&quot;focal_length&quot;:&quot;0&quot;,&quot;iso&quot;:&quot;0&quot;,&quot;shutter_speed&quot;:&quot;0&quot;,&quot;title&quot;:&quot;&quot;,&quot;orientation&quot;:&quot;0&quot;}\" data-image-title=\"Applique Neon Art &amp;#8211; Lettera Y Bianco Seletti Selab\" data-image-description=\"\" data-image-caption=\"&lt;p&gt;Applique Neon Art &amp;#8211; Lettera Y Bianco Seletti Selab&lt;\/p&gt;\n\" data-medium-file=\"https:\/\/socialdesignmagazine.com\/mag\/products-selection\/wp-content\/uploads\/sites\/2\/2020\/12\/Applique-Neon-Art-Lettera-Y-Bianco-Seletti-Selab-438x283.jpg\" data-large-file=\"https:\/\/socialdesignmagazine.com\/mag\/products-selection\/wp-content\/uploads\/sites\/2\/2020\/12\/Applique-Neon-Art-Lettera-Y-Bianco-Seletti-Selab.jpg\" \/><\/div>\n\t\t\t\t\t<div class=\"wc-block-grid__product-title\">Applique Neon Art &#8211; Lettera Y Bianco design Selab for Seletti<\/div>\n\t\t\t\t<\/a>\n\t\t\t\t<div class=\"wc-block-grid__product-price price\"><span class=\"woocommerce-Price-amount amount\"><bdi><span class=\"woocommerce-Price-currencySymbol\">&euro;<\/span>52,00<\/bdi><\/span><\/div>\n\t\t\t\t\n\t\t\t\t<div class=\"wp-block-button wc-block-grid__product-add-to-cart\"><a href=\"\" aria-label=\"Vai al Negozio &gt;\" data-quantity=\"1\" data-product_id=\"69726\" data-product_sku=\"sel025\" data-price=\"52\" rel=\"nofollow\" class=\"wp-block-button__link  add_to_cart_button\">Vai al Negozio &gt;<\/a><\/div>\n\t\t\t<\/li><\/ul><\/div>\n\n<div data-block-name=\"woocommerce\/handpicked-products\" data-edit-mode=\"false\" data-products=\"[72870,72872,72874]\" class=\"wc-block-grid wp-block-handpicked-products wp-block-woocommerce-handpicked-products wc-block-handpicked-products has-3-columns has-multiple-rows\"><ul class=\"wc-block-grid__products\"><li class=\"wc-block-grid__product\">\n\t\t\t\t<a href=\"https:\/\/socialdesignmagazine.com\/mag\/products-selection\/product\/applique-alphafont-lettera-c-bianco-design-bbmds-for-seletti\/\" class=\"wc-block-grid__product-link\">\n\t\t\t\t\t\n\t\t\t\t\t<div class=\"wc-block-grid__product-image\"><img loading=\"lazy\" decoding=\"async\" width=\"200\" height=\"200\" src=\"https:\/\/socialdesignmagazine.com\/mag\/products-selection\/wp-content\/uploads\/sites\/2\/2020\/12\/Applique-Alphafont-Lettera-C-Bianco-Seletti-BBMDS-200x200.jpg\" class=\"attachment-woocommerce_thumbnail size-woocommerce_thumbnail\" alt=\"Applique Alphafont - Lettera C Bianco Seletti BBMDS\" srcset=\"https:\/\/socialdesignmagazine.com\/mag\/products-selection\/wp-content\/uploads\/sites\/2\/2020\/12\/Applique-Alphafont-Lettera-C-Bianco-Seletti-BBMDS-200x200.jpg 200w, https:\/\/socialdesignmagazine.com\/mag\/products-selection\/wp-content\/uploads\/sites\/2\/2020\/12\/Applique-Alphafont-Lettera-C-Bianco-Seletti-BBMDS-100x100.jpg 100w, https:\/\/socialdesignmagazine.com\/mag\/products-selection\/wp-content\/uploads\/sites\/2\/2020\/12\/Applique-Alphafont-Lettera-C-Bianco-Seletti-BBMDS-150x150.jpg 150w, https:\/\/socialdesignmagazine.com\/mag\/products-selection\/wp-content\/uploads\/sites\/2\/2020\/12\/Applique-Alphafont-Lettera-C-Bianco-Seletti-BBMDS.jpg 400w\" sizes=\"auto, (max-width: 200px) 100vw, 200px\" data-attachment-id=\"138210\" data-permalink=\"https:\/\/socialdesignmagazine.com\/mag\/products-selection\/?attachment_id=138210#content\" data-orig-file=\"https:\/\/socialdesignmagazine.com\/mag\/products-selection\/wp-content\/uploads\/sites\/2\/2020\/12\/Applique-Alphafont-Lettera-C-Bianco-Seletti-BBMDS.jpg\" data-orig-size=\"400,400\" data-comments-opened=\"1\" data-image-meta=\"{&quot;aperture&quot;:&quot;0&quot;,&quot;credit&quot;:&quot;&quot;,&quot;camera&quot;:&quot;&quot;,&quot;caption&quot;:&quot;&quot;,&quot;created_timestamp&quot;:&quot;0&quot;,&quot;copyright&quot;:&quot;&quot;,&quot;focal_length&quot;:&quot;0&quot;,&quot;iso&quot;:&quot;0&quot;,&quot;shutter_speed&quot;:&quot;0&quot;,&quot;title&quot;:&quot;&quot;,&quot;orientation&quot;:&quot;0&quot;}\" data-image-title=\"Applique Alphafont &amp;#8211; Lettera C Bianco Seletti BBMDS\" data-image-description=\"\" data-image-caption=\"&lt;p&gt;Applique Alphafont &amp;#8211; Lettera C Bianco Seletti BBMDS&lt;\/p&gt;\n\" data-medium-file=\"https:\/\/socialdesignmagazine.com\/mag\/products-selection\/wp-content\/uploads\/sites\/2\/2020\/12\/Applique-Alphafont-Lettera-C-Bianco-Seletti-BBMDS-400x283.jpg\" data-large-file=\"https:\/\/socialdesignmagazine.com\/mag\/products-selection\/wp-content\/uploads\/sites\/2\/2020\/12\/Applique-Alphafont-Lettera-C-Bianco-Seletti-BBMDS.jpg\" \/><\/div>\n\t\t\t\t\t<div class=\"wc-block-grid__product-title\">Applique Alphafont &#8211; Lettera C Bianco design BBMDS for Seletti<\/div>\n\t\t\t\t<\/a>\n\t\t\t\t<div class=\"wc-block-grid__product-price price\"><span class=\"woocommerce-Price-amount amount\"><bdi><span class=\"woocommerce-Price-currencySymbol\">&euro;<\/span>72,00<\/bdi><\/span><\/div>\n\t\t\t\t\n\t\t\t\t<div class=\"wp-block-button wc-block-grid__product-add-to-cart\"><a href=\"https:\/\/socialdesignmagazine.com\/mag\/products-selection\/7289\" aria-label=\"Vai al Negozio &gt;\" data-quantity=\"1\" data-product_id=\"72874\" data-product_sku=\"sel049\" data-price=\"72\" rel=\"nofollow\" class=\"wp-block-button__link  add_to_cart_button\">Vai al Negozio &gt;<\/a><\/div>\n\t\t\t<\/li><li class=\"wc-block-grid__product\">\n\t\t\t\t<a href=\"https:\/\/socialdesignmagazine.com\/mag\/products-selection\/product\/applique-alphafont-lettera-b-bianco-design-bbmds-for-seletti\/\" class=\"wc-block-grid__product-link\">\n\t\t\t\t\t\n\t\t\t\t\t<div class=\"wc-block-grid__product-image\"><img loading=\"lazy\" decoding=\"async\" width=\"200\" height=\"200\" src=\"https:\/\/socialdesignmagazine.com\/mag\/products-selection\/wp-content\/uploads\/sites\/2\/2020\/12\/Applique-Alphafont-Lettera-B-Bianco-Seletti-BBMDS-200x200.jpg\" class=\"attachment-woocommerce_thumbnail size-woocommerce_thumbnail\" alt=\"Applique Alphafont - Lettera B Bianco Seletti BBMDS\" srcset=\"https:\/\/socialdesignmagazine.com\/mag\/products-selection\/wp-content\/uploads\/sites\/2\/2020\/12\/Applique-Alphafont-Lettera-B-Bianco-Seletti-BBMDS-200x200.jpg 200w, https:\/\/socialdesignmagazine.com\/mag\/products-selection\/wp-content\/uploads\/sites\/2\/2020\/12\/Applique-Alphafont-Lettera-B-Bianco-Seletti-BBMDS-100x100.jpg 100w, https:\/\/socialdesignmagazine.com\/mag\/products-selection\/wp-content\/uploads\/sites\/2\/2020\/12\/Applique-Alphafont-Lettera-B-Bianco-Seletti-BBMDS-150x150.jpg 150w, https:\/\/socialdesignmagazine.com\/mag\/products-selection\/wp-content\/uploads\/sites\/2\/2020\/12\/Applique-Alphafont-Lettera-B-Bianco-Seletti-BBMDS.jpg 400w\" sizes=\"auto, (max-width: 200px) 100vw, 200px\" data-attachment-id=\"138209\" data-permalink=\"https:\/\/socialdesignmagazine.com\/mag\/products-selection\/?attachment_id=138209#content\" data-orig-file=\"https:\/\/socialdesignmagazine.com\/mag\/products-selection\/wp-content\/uploads\/sites\/2\/2020\/12\/Applique-Alphafont-Lettera-B-Bianco-Seletti-BBMDS.jpg\" data-orig-size=\"400,400\" data-comments-opened=\"1\" data-image-meta=\"{&quot;aperture&quot;:&quot;0&quot;,&quot;credit&quot;:&quot;&quot;,&quot;camera&quot;:&quot;&quot;,&quot;caption&quot;:&quot;&quot;,&quot;created_timestamp&quot;:&quot;0&quot;,&quot;copyright&quot;:&quot;&quot;,&quot;focal_length&quot;:&quot;0&quot;,&quot;iso&quot;:&quot;0&quot;,&quot;shutter_speed&quot;:&quot;0&quot;,&quot;title&quot;:&quot;&quot;,&quot;orientation&quot;:&quot;0&quot;}\" data-image-title=\"Applique Alphafont &amp;#8211; Lettera B Bianco Seletti BBMDS\" data-image-description=\"\" data-image-caption=\"&lt;p&gt;Applique Alphafont &amp;#8211; Lettera B Bianco Seletti BBMDS&lt;\/p&gt;\n\" data-medium-file=\"https:\/\/socialdesignmagazine.com\/mag\/products-selection\/wp-content\/uploads\/sites\/2\/2020\/12\/Applique-Alphafont-Lettera-B-Bianco-Seletti-BBMDS-400x283.jpg\" data-large-file=\"https:\/\/socialdesignmagazine.com\/mag\/products-selection\/wp-content\/uploads\/sites\/2\/2020\/12\/Applique-Alphafont-Lettera-B-Bianco-Seletti-BBMDS.jpg\" \/><\/div>\n\t\t\t\t\t<div class=\"wc-block-grid__product-title\">Applique Alphafont &#8211; Lettera B Bianco design BBMDS for Seletti<\/div>\n\t\t\t\t<\/a>\n\t\t\t\t<div class=\"wc-block-grid__product-price price\"><span class=\"woocommerce-Price-amount amount\"><bdi><span class=\"woocommerce-Price-currencySymbol\">&euro;<\/span>72,00<\/bdi><\/span><\/div>\n\t\t\t\t\n\t\t\t\t<div class=\"wp-block-button wc-block-grid__product-add-to-cart\"><a href=\"https:\/\/socialdesignmagazine.com\/mag\/products-selection\/7289\" aria-label=\"Vai al Negozio &gt;\" data-quantity=\"1\" data-product_id=\"72872\" data-product_sku=\"sel048\" data-price=\"72\" rel=\"nofollow\" class=\"wp-block-button__link  add_to_cart_button\">Vai al Negozio &gt;<\/a><\/div>\n\t\t\t<\/li><li class=\"wc-block-grid__product\">\n\t\t\t\t<a href=\"https:\/\/socialdesignmagazine.com\/mag\/products-selection\/product\/applique-alphafont-lettera-a-bianco-design-bbmds-for-seletti\/\" class=\"wc-block-grid__product-link\">\n\t\t\t\t\t\n\t\t\t\t\t<div class=\"wc-block-grid__product-image\"><img loading=\"lazy\" decoding=\"async\" width=\"200\" height=\"200\" src=\"https:\/\/socialdesignmagazine.com\/mag\/products-selection\/wp-content\/uploads\/sites\/2\/2020\/12\/Applique-Alphafont-Lettera-A-Bianco-Seletti-BBMDS-200x200.jpg\" class=\"attachment-woocommerce_thumbnail size-woocommerce_thumbnail\" alt=\"Applique Alphafont - Lettera A Bianco Seletti BBMDS\" srcset=\"https:\/\/socialdesignmagazine.com\/mag\/products-selection\/wp-content\/uploads\/sites\/2\/2020\/12\/Applique-Alphafont-Lettera-A-Bianco-Seletti-BBMDS-200x200.jpg 200w, https:\/\/socialdesignmagazine.com\/mag\/products-selection\/wp-content\/uploads\/sites\/2\/2020\/12\/Applique-Alphafont-Lettera-A-Bianco-Seletti-BBMDS-100x100.jpg 100w, https:\/\/socialdesignmagazine.com\/mag\/products-selection\/wp-content\/uploads\/sites\/2\/2020\/12\/Applique-Alphafont-Lettera-A-Bianco-Seletti-BBMDS-150x150.jpg 150w, https:\/\/socialdesignmagazine.com\/mag\/products-selection\/wp-content\/uploads\/sites\/2\/2020\/12\/Applique-Alphafont-Lettera-A-Bianco-Seletti-BBMDS.jpg 400w\" sizes=\"auto, (max-width: 200px) 100vw, 200px\" data-attachment-id=\"138208\" data-permalink=\"https:\/\/socialdesignmagazine.com\/mag\/products-selection\/?attachment_id=138208#content\" data-orig-file=\"https:\/\/socialdesignmagazine.com\/mag\/products-selection\/wp-content\/uploads\/sites\/2\/2020\/12\/Applique-Alphafont-Lettera-A-Bianco-Seletti-BBMDS.jpg\" data-orig-size=\"400,400\" data-comments-opened=\"1\" data-image-meta=\"{&quot;aperture&quot;:&quot;0&quot;,&quot;credit&quot;:&quot;&quot;,&quot;camera&quot;:&quot;&quot;,&quot;caption&quot;:&quot;&quot;,&quot;created_timestamp&quot;:&quot;0&quot;,&quot;copyright&quot;:&quot;&quot;,&quot;focal_length&quot;:&quot;0&quot;,&quot;iso&quot;:&quot;0&quot;,&quot;shutter_speed&quot;:&quot;0&quot;,&quot;title&quot;:&quot;&quot;,&quot;orientation&quot;:&quot;0&quot;}\" data-image-title=\"Applique Alphafont &amp;#8211; Lettera A Bianco Seletti BBMDS\" data-image-description=\"\" data-image-caption=\"&lt;p&gt;Applique Alphafont &amp;#8211; Lettera A Bianco Seletti BBMDS&lt;\/p&gt;\n\" data-medium-file=\"https:\/\/socialdesignmagazine.com\/mag\/products-selection\/wp-content\/uploads\/sites\/2\/2020\/12\/Applique-Alphafont-Lettera-A-Bianco-Seletti-BBMDS-400x283.jpg\" data-large-file=\"https:\/\/socialdesignmagazine.com\/mag\/products-selection\/wp-content\/uploads\/sites\/2\/2020\/12\/Applique-Alphafont-Lettera-A-Bianco-Seletti-BBMDS.jpg\" \/><\/div>\n\t\t\t\t\t<div class=\"wc-block-grid__product-title\">Applique Alphafont &#8211; Lettera A Bianco design BBMDS for Seletti<\/div>\n\t\t\t\t<\/a>\n\t\t\t\t<div class=\"wc-block-grid__product-price price\"><span class=\"woocommerce-Price-amount amount\"><bdi><span class=\"woocommerce-Price-currencySymbol\">&euro;<\/span>72,00<\/bdi><\/span><\/div>\n\t\t\t\t\n\t\t\t\t<div class=\"wp-block-button wc-block-grid__product-add-to-cart\"><a href=\"https:\/\/socialdesignmagazine.com\/mag\/products-selection\/7289\" aria-label=\"Vai al Negozio &gt;\" data-quantity=\"1\" data-product_id=\"72870\" data-product_sku=\"sel047\" data-price=\"72\" rel=\"nofollow\" class=\"wp-block-button__link  add_to_cart_button\">Vai al Negozio &gt;<\/a><\/div>\n\t\t\t<\/li><\/ul><\/div>\n\n<div data-block-name=\"woocommerce\/handpicked-products\" data-edit-mode=\"false\" data-products=\"[74687,74690,74693]\" class=\"wc-block-grid wp-block-handpicked-products wp-block-woocommerce-handpicked-products wc-block-handpicked-products has-3-columns has-multiple-rows\"><ul class=\"wc-block-grid__products\"><li class=\"wc-block-grid__product\">\n\t\t\t\t<a href=\"https:\/\/socialdesignmagazine.com\/mag\/products-selection\/product\/lampada-da-terra-vegaz-lettera-f-h-60-cm-bianco-design-selab-for-seletti\/\" class=\"wc-block-grid__product-link\">\n\t\t\t\t\t\n\t\t\t\t\t<div class=\"wc-block-grid__product-image\"><img loading=\"lazy\" decoding=\"async\" width=\"200\" height=\"267\" src=\"https:\/\/socialdesignmagazine.com\/mag\/products-selection\/wp-content\/uploads\/sites\/2\/2020\/12\/Lampada-da-Terra-Vegaz-Lettera-F-H-60-cm-Bianco-Seletti-Selab-200x267.jpg\" class=\"attachment-woocommerce_thumbnail size-woocommerce_thumbnail\" alt=\"Lampada da Terra Vegaz - Lettera F - H 60 cm Bianco Seletti Selab\" srcset=\"https:\/\/socialdesignmagazine.com\/mag\/products-selection\/wp-content\/uploads\/sites\/2\/2020\/12\/Lampada-da-Terra-Vegaz-Lettera-F-H-60-cm-Bianco-Seletti-Selab-200x267.jpg 200w, https:\/\/socialdesignmagazine.com\/mag\/products-selection\/wp-content\/uploads\/sites\/2\/2020\/12\/Lampada-da-Terra-Vegaz-Lettera-F-H-60-cm-Bianco-Seletti-Selab-600x800.jpg 600w, https:\/\/socialdesignmagazine.com\/mag\/products-selection\/wp-content\/uploads\/sites\/2\/2020\/12\/Lampada-da-Terra-Vegaz-Lettera-F-H-60-cm-Bianco-Seletti-Selab-768x1024.jpg 768w, https:\/\/socialdesignmagazine.com\/mag\/products-selection\/wp-content\/uploads\/sites\/2\/2020\/12\/Lampada-da-Terra-Vegaz-Lettera-F-H-60-cm-Bianco-Seletti-Selab.jpg 900w\" sizes=\"auto, (max-width: 200px) 100vw, 200px\" data-attachment-id=\"138269\" data-permalink=\"https:\/\/socialdesignmagazine.com\/mag\/products-selection\/?attachment_id=138269#content\" data-orig-file=\"https:\/\/socialdesignmagazine.com\/mag\/products-selection\/wp-content\/uploads\/sites\/2\/2020\/12\/Lampada-da-Terra-Vegaz-Lettera-F-H-60-cm-Bianco-Seletti-Selab.jpg\" data-orig-size=\"900,1200\" data-comments-opened=\"1\" data-image-meta=\"{&quot;aperture&quot;:&quot;0&quot;,&quot;credit&quot;:&quot;&quot;,&quot;camera&quot;:&quot;&quot;,&quot;caption&quot;:&quot;&quot;,&quot;created_timestamp&quot;:&quot;0&quot;,&quot;copyright&quot;:&quot;&quot;,&quot;focal_length&quot;:&quot;0&quot;,&quot;iso&quot;:&quot;0&quot;,&quot;shutter_speed&quot;:&quot;0&quot;,&quot;title&quot;:&quot;&quot;,&quot;orientation&quot;:&quot;0&quot;}\" data-image-title=\"Lampada da Terra Vegaz &amp;#8211; Lettera F &amp;#8211; H 60 cm Bianco Seletti Selab\" data-image-description=\"\" data-image-caption=\"&lt;p&gt;Lampada da Terra Vegaz &amp;#8211; Lettera F &amp;#8211; H 60 cm Bianco Seletti Selab&lt;\/p&gt;\n\" data-medium-file=\"https:\/\/socialdesignmagazine.com\/mag\/products-selection\/wp-content\/uploads\/sites\/2\/2020\/12\/Lampada-da-Terra-Vegaz-Lettera-F-H-60-cm-Bianco-Seletti-Selab-438x283.jpg\" data-large-file=\"https:\/\/socialdesignmagazine.com\/mag\/products-selection\/wp-content\/uploads\/sites\/2\/2020\/12\/Lampada-da-Terra-Vegaz-Lettera-F-H-60-cm-Bianco-Seletti-Selab.jpg\" \/><\/div>\n\t\t\t\t\t<div class=\"wc-block-grid__product-title\">Lampada da Terra Vegaz &#8211; Lettera F &#8211; H 60 cm Bianco design Selab for Seletti<\/div>\n\t\t\t\t<\/a>\n\t\t\t\t<div class=\"wc-block-grid__product-price price\"><span class=\"woocommerce-Price-amount amount\"><bdi><span class=\"woocommerce-Price-currencySymbol\">&euro;<\/span>389,00<\/bdi><\/span><\/div>\n\t\t\t\t\n\t\t\t\t<div class=\"wp-block-button wc-block-grid__product-add-to-cart\"><a href=\"https:\/\/socialdesignmagazine.com\/mag\/products-selection\/7290\" aria-label=\"Vai al Negozio &gt;\" data-quantity=\"1\" data-product_id=\"74693\" data-product_sku=\"sel103\" data-price=\"389\" rel=\"nofollow\" class=\"wp-block-button__link  add_to_cart_button\">Vai al Negozio &gt;<\/a><\/div>\n\t\t\t<\/li><li class=\"wc-block-grid__product\">\n\t\t\t\t<a href=\"https:\/\/socialdesignmagazine.com\/mag\/products-selection\/product\/lampada-da-terra-vegaz-lettera-e-h-60-cm-bianco-design-selab-for-seletti\/\" class=\"wc-block-grid__product-link\">\n\t\t\t\t\t\n\t\t\t\t\t<div class=\"wc-block-grid__product-image\"><img loading=\"lazy\" decoding=\"async\" width=\"200\" height=\"267\" src=\"https:\/\/socialdesignmagazine.com\/mag\/products-selection\/wp-content\/uploads\/sites\/2\/2020\/12\/Lampada-da-Terra-Vegaz-Lettera-E-H-60-cm-Bianco-Seletti-Selab-200x267.jpg\" class=\"attachment-woocommerce_thumbnail size-woocommerce_thumbnail\" alt=\"Lampada da Terra Vegaz - Lettera E - H 60 cm Bianco Seletti Selab\" srcset=\"https:\/\/socialdesignmagazine.com\/mag\/products-selection\/wp-content\/uploads\/sites\/2\/2020\/12\/Lampada-da-Terra-Vegaz-Lettera-E-H-60-cm-Bianco-Seletti-Selab-200x267.jpg 200w, https:\/\/socialdesignmagazine.com\/mag\/products-selection\/wp-content\/uploads\/sites\/2\/2020\/12\/Lampada-da-Terra-Vegaz-Lettera-E-H-60-cm-Bianco-Seletti-Selab-600x800.jpg 600w, https:\/\/socialdesignmagazine.com\/mag\/products-selection\/wp-content\/uploads\/sites\/2\/2020\/12\/Lampada-da-Terra-Vegaz-Lettera-E-H-60-cm-Bianco-Seletti-Selab-768x1024.jpg 768w, https:\/\/socialdesignmagazine.com\/mag\/products-selection\/wp-content\/uploads\/sites\/2\/2020\/12\/Lampada-da-Terra-Vegaz-Lettera-E-H-60-cm-Bianco-Seletti-Selab.jpg 900w\" sizes=\"auto, (max-width: 200px) 100vw, 200px\" data-attachment-id=\"138267\" data-permalink=\"https:\/\/socialdesignmagazine.com\/mag\/products-selection\/?attachment_id=138267#content\" data-orig-file=\"https:\/\/socialdesignmagazine.com\/mag\/products-selection\/wp-content\/uploads\/sites\/2\/2020\/12\/Lampada-da-Terra-Vegaz-Lettera-E-H-60-cm-Bianco-Seletti-Selab.jpg\" data-orig-size=\"900,1200\" data-comments-opened=\"1\" data-image-meta=\"{&quot;aperture&quot;:&quot;0&quot;,&quot;credit&quot;:&quot;&quot;,&quot;camera&quot;:&quot;&quot;,&quot;caption&quot;:&quot;&quot;,&quot;created_timestamp&quot;:&quot;0&quot;,&quot;copyright&quot;:&quot;&quot;,&quot;focal_length&quot;:&quot;0&quot;,&quot;iso&quot;:&quot;0&quot;,&quot;shutter_speed&quot;:&quot;0&quot;,&quot;title&quot;:&quot;&quot;,&quot;orientation&quot;:&quot;0&quot;}\" data-image-title=\"Lampada da Terra Vegaz &amp;#8211; Lettera E &amp;#8211; H 60 cm Bianco Seletti Selab\" data-image-description=\"\" data-image-caption=\"&lt;p&gt;Lampada da Terra Vegaz &amp;#8211; Lettera E &amp;#8211; H 60 cm Bianco Seletti Selab&lt;\/p&gt;\n\" data-medium-file=\"https:\/\/socialdesignmagazine.com\/mag\/products-selection\/wp-content\/uploads\/sites\/2\/2020\/12\/Lampada-da-Terra-Vegaz-Lettera-E-H-60-cm-Bianco-Seletti-Selab-438x283.jpg\" data-large-file=\"https:\/\/socialdesignmagazine.com\/mag\/products-selection\/wp-content\/uploads\/sites\/2\/2020\/12\/Lampada-da-Terra-Vegaz-Lettera-E-H-60-cm-Bianco-Seletti-Selab.jpg\" \/><\/div>\n\t\t\t\t\t<div class=\"wc-block-grid__product-title\">Lampada da Terra Vegaz &#8211; Lettera E &#8211; H 60 cm Bianco design Selab for Seletti<\/div>\n\t\t\t\t<\/a>\n\t\t\t\t<div class=\"wc-block-grid__product-price price\"><span class=\"woocommerce-Price-amount amount\"><bdi><span class=\"woocommerce-Price-currencySymbol\">&euro;<\/span>389,00<\/bdi><\/span><\/div>\n\t\t\t\t\n\t\t\t\t<div class=\"wp-block-button wc-block-grid__product-add-to-cart\"><a href=\"https:\/\/socialdesignmagazine.com\/mag\/products-selection\/7290\" aria-label=\"Vai al Negozio &gt;\" data-quantity=\"1\" data-product_id=\"74690\" data-product_sku=\"sel102\" data-price=\"389\" rel=\"nofollow\" class=\"wp-block-button__link  add_to_cart_button\">Vai al Negozio &gt;<\/a><\/div>\n\t\t\t<\/li><li class=\"wc-block-grid__product\">\n\t\t\t\t<a href=\"https:\/\/socialdesignmagazine.com\/mag\/products-selection\/product\/lampada-da-terra-vegaz-lettera-d-h-60-cm-bianco-design-selab-for-seletti\/\" class=\"wc-block-grid__product-link\">\n\t\t\t\t\t\n\t\t\t\t\t<div class=\"wc-block-grid__product-image\"><img loading=\"lazy\" decoding=\"async\" width=\"200\" height=\"267\" src=\"https:\/\/socialdesignmagazine.com\/mag\/products-selection\/wp-content\/uploads\/sites\/2\/2020\/12\/Lampada-da-Terra-Vegaz-Lettera-D-H-60-cm-Bianco-Seletti-Selab-200x267.jpg\" class=\"attachment-woocommerce_thumbnail size-woocommerce_thumbnail\" alt=\"Lampada da Terra Vegaz - Lettera D - H 60 cm Bianco Seletti Selab\" srcset=\"https:\/\/socialdesignmagazine.com\/mag\/products-selection\/wp-content\/uploads\/sites\/2\/2020\/12\/Lampada-da-Terra-Vegaz-Lettera-D-H-60-cm-Bianco-Seletti-Selab-200x267.jpg 200w, https:\/\/socialdesignmagazine.com\/mag\/products-selection\/wp-content\/uploads\/sites\/2\/2020\/12\/Lampada-da-Terra-Vegaz-Lettera-D-H-60-cm-Bianco-Seletti-Selab-600x800.jpg 600w, https:\/\/socialdesignmagazine.com\/mag\/products-selection\/wp-content\/uploads\/sites\/2\/2020\/12\/Lampada-da-Terra-Vegaz-Lettera-D-H-60-cm-Bianco-Seletti-Selab-768x1024.jpg 768w, https:\/\/socialdesignmagazine.com\/mag\/products-selection\/wp-content\/uploads\/sites\/2\/2020\/12\/Lampada-da-Terra-Vegaz-Lettera-D-H-60-cm-Bianco-Seletti-Selab.jpg 900w\" sizes=\"auto, (max-width: 200px) 100vw, 200px\" data-attachment-id=\"138265\" data-permalink=\"https:\/\/socialdesignmagazine.com\/mag\/products-selection\/?attachment_id=138265#content\" data-orig-file=\"https:\/\/socialdesignmagazine.com\/mag\/products-selection\/wp-content\/uploads\/sites\/2\/2020\/12\/Lampada-da-Terra-Vegaz-Lettera-D-H-60-cm-Bianco-Seletti-Selab.jpg\" data-orig-size=\"900,1200\" data-comments-opened=\"1\" data-image-meta=\"{&quot;aperture&quot;:&quot;0&quot;,&quot;credit&quot;:&quot;&quot;,&quot;camera&quot;:&quot;&quot;,&quot;caption&quot;:&quot;&quot;,&quot;created_timestamp&quot;:&quot;0&quot;,&quot;copyright&quot;:&quot;&quot;,&quot;focal_length&quot;:&quot;0&quot;,&quot;iso&quot;:&quot;0&quot;,&quot;shutter_speed&quot;:&quot;0&quot;,&quot;title&quot;:&quot;&quot;,&quot;orientation&quot;:&quot;0&quot;}\" data-image-title=\"Lampada da Terra Vegaz &amp;#8211; Lettera D &amp;#8211; H 60 cm Bianco Seletti Selab\" data-image-description=\"\" data-image-caption=\"&lt;p&gt;Lampada da Terra Vegaz &amp;#8211; Lettera D &amp;#8211; H 60 cm Bianco Seletti Selab&lt;\/p&gt;\n\" data-medium-file=\"https:\/\/socialdesignmagazine.com\/mag\/products-selection\/wp-content\/uploads\/sites\/2\/2020\/12\/Lampada-da-Terra-Vegaz-Lettera-D-H-60-cm-Bianco-Seletti-Selab-438x283.jpg\" data-large-file=\"https:\/\/socialdesignmagazine.com\/mag\/products-selection\/wp-content\/uploads\/sites\/2\/2020\/12\/Lampada-da-Terra-Vegaz-Lettera-D-H-60-cm-Bianco-Seletti-Selab.jpg\" \/><\/div>\n\t\t\t\t\t<div class=\"wc-block-grid__product-title\">Lampada da Terra Vegaz &#8211; Lettera D &#8211; H 60 cm Bianco design Selab for Seletti<\/div>\n\t\t\t\t<\/a>\n\t\t\t\t<div class=\"wc-block-grid__product-price price\"><span class=\"woocommerce-Price-amount amount\"><bdi><span class=\"woocommerce-Price-currencySymbol\">&euro;<\/span>389,00<\/bdi><\/span><\/div>\n\t\t\t\t\n\t\t\t\t<div class=\"wp-block-button wc-block-grid__product-add-to-cart\"><a href=\"https:\/\/socialdesignmagazine.com\/mag\/products-selection\/7290\" aria-label=\"Vai al Negozio &gt;\" data-quantity=\"1\" data-product_id=\"74687\" data-product_sku=\"sel101\" data-price=\"389\" rel=\"nofollow\" class=\"wp-block-button__link  add_to_cart_button\">Vai al Negozio &gt;<\/a><\/div>\n\t\t\t<\/li><\/ul><\/div>\n\n<div data-block-name=\"woocommerce\/handpicked-products\" data-edit-mode=\"false\" data-products=\"[77789,77785,77775]\" class=\"wc-block-grid wp-block-handpicked-products wp-block-woocommerce-handpicked-products wc-block-handpicked-products has-3-columns has-multiple-rows\"><ul class=\"wc-block-grid__products\"><li class=\"wc-block-grid__product\">\n\t\t\t\t<a href=\"https:\/\/socialdesignmagazine.com\/mag\/products-selection\/product\/piatto-arne-jacobsen-lettera-h-o-20-cm-bianco-by-design-letters\/\" class=\"wc-block-grid__product-link\">\n\t\t\t\t\t\n\t\t\t\t\t<div class=\"wc-block-grid__product-image\"><img loading=\"lazy\" decoding=\"async\" width=\"200\" height=\"200\" src=\"https:\/\/socialdesignmagazine.com\/mag\/products-selection\/wp-content\/uploads\/sites\/2\/2020\/08\/Piatto-Arne-Jacobsen-Lettera-H-\u00d8-20-cm-Bianco-Design-Letters-Arne-Jacobsen-200x200.jpg\" class=\"attachment-woocommerce_thumbnail size-woocommerce_thumbnail\" alt=\"Piatto Arne Jacobsen Lettera H - \u00d8 20 cm Bianco Design Letters Arne Jacobsen\" srcset=\"https:\/\/socialdesignmagazine.com\/mag\/products-selection\/wp-content\/uploads\/sites\/2\/2020\/08\/Piatto-Arne-Jacobsen-Lettera-H-\u00d8-20-cm-Bianco-Design-Letters-Arne-Jacobsen-200x200.jpg 200w, https:\/\/socialdesignmagazine.com\/mag\/products-selection\/wp-content\/uploads\/sites\/2\/2020\/08\/Piatto-Arne-Jacobsen-Lettera-H-\u00d8-20-cm-Bianco-Design-Letters-Arne-Jacobsen-100x100.jpg 100w, https:\/\/socialdesignmagazine.com\/mag\/products-selection\/wp-content\/uploads\/sites\/2\/2020\/08\/Piatto-Arne-Jacobsen-Lettera-H-\u00d8-20-cm-Bianco-Design-Letters-Arne-Jacobsen-150x150.jpg 150w, https:\/\/socialdesignmagazine.com\/mag\/products-selection\/wp-content\/uploads\/sites\/2\/2020\/08\/Piatto-Arne-Jacobsen-Lettera-H-\u00d8-20-cm-Bianco-Design-Letters-Arne-Jacobsen.jpg 400w\" sizes=\"auto, (max-width: 200px) 100vw, 200px\" data-attachment-id=\"110280\" data-permalink=\"https:\/\/socialdesignmagazine.com\/mag\/products-selection\/?attachment_id=110280#content\" data-orig-file=\"https:\/\/socialdesignmagazine.com\/mag\/products-selection\/wp-content\/uploads\/sites\/2\/2020\/08\/Piatto-Arne-Jacobsen-Lettera-H-\u00d8-20-cm-Bianco-Design-Letters-Arne-Jacobsen.jpg\" data-orig-size=\"400,400\" data-comments-opened=\"1\" data-image-meta=\"{&quot;aperture&quot;:&quot;0&quot;,&quot;credit&quot;:&quot;&quot;,&quot;camera&quot;:&quot;&quot;,&quot;caption&quot;:&quot;&quot;,&quot;created_timestamp&quot;:&quot;0&quot;,&quot;copyright&quot;:&quot;&quot;,&quot;focal_length&quot;:&quot;0&quot;,&quot;iso&quot;:&quot;0&quot;,&quot;shutter_speed&quot;:&quot;0&quot;,&quot;title&quot;:&quot;&quot;,&quot;orientation&quot;:&quot;0&quot;}\" data-image-title=\"Piatto Arne Jacobsen Lettera H &amp;#8211; \u00d8 20 cm Bianco Design Letters Arne Jacobsen\" data-image-description=\"\" data-image-caption=\"&lt;p&gt;Piatto Arne Jacobsen Lettera H &amp;#8211; \u00d8 20 cm Bianco Design Letters Arne Jacobsen&lt;\/p&gt;\n\" data-medium-file=\"https:\/\/socialdesignmagazine.com\/mag\/products-selection\/wp-content\/uploads\/sites\/2\/2020\/08\/Piatto-Arne-Jacobsen-Lettera-H-\u00d8-20-cm-Bianco-Design-Letters-Arne-Jacobsen-400x283.jpg\" data-large-file=\"https:\/\/socialdesignmagazine.com\/mag\/products-selection\/wp-content\/uploads\/sites\/2\/2020\/08\/Piatto-Arne-Jacobsen-Lettera-H-\u00d8-20-cm-Bianco-Design-Letters-Arne-Jacobsen.jpg\" \/><\/div>\n\t\t\t\t\t<div class=\"wc-block-grid__product-title\">Piatto Arne Jacobsen Lettera H &#8211; \u00d8 20 cm Bianco by Design Letters<\/div>\n\t\t\t\t<\/a>\n\t\t\t\t<div class=\"wc-block-grid__product-price price\"><span class=\"woocommerce-Price-amount amount\"><bdi><span class=\"woocommerce-Price-currencySymbol\">&euro;<\/span>25,00<\/bdi><\/span><\/div>\n\t\t\t\t\n\t\t\t\t<div class=\"wp-block-button wc-block-grid__product-add-to-cart\"><a href=\"https:\/\/socialdesignmagazine.com\/mag\/products-selection\/5692\" aria-label=\"Vai al Negozio &gt;\" data-quantity=\"1\" data-product_id=\"77789\" data-product_sku=\"delett077\" data-price=\"25\" rel=\"nofollow\" class=\"wp-block-button__link  add_to_cart_button\">Vai al Negozio &gt;<\/a><\/div>\n\t\t\t<\/li><li class=\"wc-block-grid__product\">\n\t\t\t\t<a href=\"https:\/\/socialdesignmagazine.com\/mag\/products-selection\/product\/piatto-arne-jacobsen-lettera-e-o-20-cm-bianco-by-design-letters\/\" class=\"wc-block-grid__product-link\">\n\t\t\t\t\t\n\t\t\t\t\t<div class=\"wc-block-grid__product-image\"><img loading=\"lazy\" decoding=\"async\" width=\"200\" height=\"200\" src=\"https:\/\/socialdesignmagazine.com\/mag\/products-selection\/wp-content\/uploads\/sites\/2\/2020\/08\/Piatto-Arne-Jacobsen-Lettera-E-\u00d8-20-cm-Bianco-Design-Letters-Arne-Jacobsen-200x200.jpg\" class=\"attachment-woocommerce_thumbnail size-woocommerce_thumbnail\" alt=\"Piatto Arne Jacobsen Lettera E - \u00d8 20 cm Bianco Design Letters Arne Jacobsen\" srcset=\"https:\/\/socialdesignmagazine.com\/mag\/products-selection\/wp-content\/uploads\/sites\/2\/2020\/08\/Piatto-Arne-Jacobsen-Lettera-E-\u00d8-20-cm-Bianco-Design-Letters-Arne-Jacobsen-200x200.jpg 200w, https:\/\/socialdesignmagazine.com\/mag\/products-selection\/wp-content\/uploads\/sites\/2\/2020\/08\/Piatto-Arne-Jacobsen-Lettera-E-\u00d8-20-cm-Bianco-Design-Letters-Arne-Jacobsen-100x100.jpg 100w, https:\/\/socialdesignmagazine.com\/mag\/products-selection\/wp-content\/uploads\/sites\/2\/2020\/08\/Piatto-Arne-Jacobsen-Lettera-E-\u00d8-20-cm-Bianco-Design-Letters-Arne-Jacobsen-150x150.jpg 150w, https:\/\/socialdesignmagazine.com\/mag\/products-selection\/wp-content\/uploads\/sites\/2\/2020\/08\/Piatto-Arne-Jacobsen-Lettera-E-\u00d8-20-cm-Bianco-Design-Letters-Arne-Jacobsen.jpg 400w\" sizes=\"auto, (max-width: 200px) 100vw, 200px\" data-attachment-id=\"110276\" data-permalink=\"https:\/\/socialdesignmagazine.com\/mag\/products-selection\/?attachment_id=110276#content\" data-orig-file=\"https:\/\/socialdesignmagazine.com\/mag\/products-selection\/wp-content\/uploads\/sites\/2\/2020\/08\/Piatto-Arne-Jacobsen-Lettera-E-\u00d8-20-cm-Bianco-Design-Letters-Arne-Jacobsen.jpg\" data-orig-size=\"400,400\" data-comments-opened=\"1\" data-image-meta=\"{&quot;aperture&quot;:&quot;0&quot;,&quot;credit&quot;:&quot;&quot;,&quot;camera&quot;:&quot;&quot;,&quot;caption&quot;:&quot;&quot;,&quot;created_timestamp&quot;:&quot;0&quot;,&quot;copyright&quot;:&quot;&quot;,&quot;focal_length&quot;:&quot;0&quot;,&quot;iso&quot;:&quot;0&quot;,&quot;shutter_speed&quot;:&quot;0&quot;,&quot;title&quot;:&quot;&quot;,&quot;orientation&quot;:&quot;0&quot;}\" data-image-title=\"Piatto Arne Jacobsen Lettera E &amp;#8211; \u00d8 20 cm Bianco Design Letters Arne Jacobsen\" data-image-description=\"\" data-image-caption=\"&lt;p&gt;Piatto Arne Jacobsen Lettera E &amp;#8211; \u00d8 20 cm Bianco Design Letters Arne Jacobsen&lt;\/p&gt;\n\" data-medium-file=\"https:\/\/socialdesignmagazine.com\/mag\/products-selection\/wp-content\/uploads\/sites\/2\/2020\/08\/Piatto-Arne-Jacobsen-Lettera-E-\u00d8-20-cm-Bianco-Design-Letters-Arne-Jacobsen-400x283.jpg\" data-large-file=\"https:\/\/socialdesignmagazine.com\/mag\/products-selection\/wp-content\/uploads\/sites\/2\/2020\/08\/Piatto-Arne-Jacobsen-Lettera-E-\u00d8-20-cm-Bianco-Design-Letters-Arne-Jacobsen.jpg\" \/><\/div>\n\t\t\t\t\t<div class=\"wc-block-grid__product-title\">Piatto Arne Jacobsen Lettera E &#8211; \u00d8 20 cm Bianco by Design Letters<\/div>\n\t\t\t\t<\/a>\n\t\t\t\t<div class=\"wc-block-grid__product-price price\"><span class=\"woocommerce-Price-amount amount\"><bdi><span class=\"woocommerce-Price-currencySymbol\">&euro;<\/span>25,00<\/bdi><\/span><\/div>\n\t\t\t\t\n\t\t\t\t<div class=\"wp-block-button wc-block-grid__product-add-to-cart\"><a href=\"https:\/\/socialdesignmagazine.com\/mag\/products-selection\/5689\" aria-label=\"Vai al Negozio &gt;\" data-quantity=\"1\" data-product_id=\"77785\" data-product_sku=\"delett073\" data-price=\"25\" rel=\"nofollow\" class=\"wp-block-button__link  add_to_cart_button\">Vai al Negozio &gt;<\/a><\/div>\n\t\t\t<\/li><li class=\"wc-block-grid__product\">\n\t\t\t\t<a href=\"https:\/\/socialdesignmagazine.com\/mag\/products-selection\/product\/piatto-arne-jacobsen-lettera-x-o-20-cm-bianco-by-design-letters\/\" class=\"wc-block-grid__product-link\">\n\t\t\t\t\t\n\t\t\t\t\t<div class=\"wc-block-grid__product-image\"><img loading=\"lazy\" decoding=\"async\" width=\"200\" height=\"200\" src=\"https:\/\/socialdesignmagazine.com\/mag\/products-selection\/wp-content\/uploads\/sites\/2\/2020\/08\/Piatto-Arne-Jacobsen-Lettera-X-\u00d8-20-cm-Bianco-Design-Letters-Arne-Jacobsen-200x200.jpg\" class=\"attachment-woocommerce_thumbnail size-woocommerce_thumbnail\" alt=\"Piatto Arne Jacobsen Lettera X - \u00d8 20 cm Bianco Design Letters Arne Jacobsen\" srcset=\"https:\/\/socialdesignmagazine.com\/mag\/products-selection\/wp-content\/uploads\/sites\/2\/2020\/08\/Piatto-Arne-Jacobsen-Lettera-X-\u00d8-20-cm-Bianco-Design-Letters-Arne-Jacobsen-200x200.jpg 200w, https:\/\/socialdesignmagazine.com\/mag\/products-selection\/wp-content\/uploads\/sites\/2\/2020\/08\/Piatto-Arne-Jacobsen-Lettera-X-\u00d8-20-cm-Bianco-Design-Letters-Arne-Jacobsen-100x100.jpg 100w, https:\/\/socialdesignmagazine.com\/mag\/products-selection\/wp-content\/uploads\/sites\/2\/2020\/08\/Piatto-Arne-Jacobsen-Lettera-X-\u00d8-20-cm-Bianco-Design-Letters-Arne-Jacobsen-150x150.jpg 150w, https:\/\/socialdesignmagazine.com\/mag\/products-selection\/wp-content\/uploads\/sites\/2\/2020\/08\/Piatto-Arne-Jacobsen-Lettera-X-\u00d8-20-cm-Bianco-Design-Letters-Arne-Jacobsen.jpg 400w\" sizes=\"auto, (max-width: 200px) 100vw, 200px\" data-attachment-id=\"110266\" data-permalink=\"https:\/\/socialdesignmagazine.com\/mag\/products-selection\/?attachment_id=110266#content\" data-orig-file=\"https:\/\/socialdesignmagazine.com\/mag\/products-selection\/wp-content\/uploads\/sites\/2\/2020\/08\/Piatto-Arne-Jacobsen-Lettera-X-\u00d8-20-cm-Bianco-Design-Letters-Arne-Jacobsen.jpg\" data-orig-size=\"400,400\" data-comments-opened=\"1\" data-image-meta=\"{&quot;aperture&quot;:&quot;0&quot;,&quot;credit&quot;:&quot;&quot;,&quot;camera&quot;:&quot;&quot;,&quot;caption&quot;:&quot;&quot;,&quot;created_timestamp&quot;:&quot;0&quot;,&quot;copyright&quot;:&quot;&quot;,&quot;focal_length&quot;:&quot;0&quot;,&quot;iso&quot;:&quot;0&quot;,&quot;shutter_speed&quot;:&quot;0&quot;,&quot;title&quot;:&quot;&quot;,&quot;orientation&quot;:&quot;0&quot;}\" data-image-title=\"Piatto Arne Jacobsen Lettera X &amp;#8211; \u00d8 20 cm Bianco Design Letters Arne Jacobsen\" data-image-description=\"\" data-image-caption=\"&lt;p&gt;Piatto Arne Jacobsen Lettera X &amp;#8211; \u00d8 20 cm Bianco Design Letters Arne Jacobsen&lt;\/p&gt;\n\" data-medium-file=\"https:\/\/socialdesignmagazine.com\/mag\/products-selection\/wp-content\/uploads\/sites\/2\/2020\/08\/Piatto-Arne-Jacobsen-Lettera-X-\u00d8-20-cm-Bianco-Design-Letters-Arne-Jacobsen-400x283.jpg\" data-large-file=\"https:\/\/socialdesignmagazine.com\/mag\/products-selection\/wp-content\/uploads\/sites\/2\/2020\/08\/Piatto-Arne-Jacobsen-Lettera-X-\u00d8-20-cm-Bianco-Design-Letters-Arne-Jacobsen.jpg\" \/><\/div>\n\t\t\t\t\t<div class=\"wc-block-grid__product-title\">Piatto Arne Jacobsen Lettera X &#8211; \u00d8 20 cm Bianco by Design Letters<\/div>\n\t\t\t\t<\/a>\n\t\t\t\t<div class=\"wc-block-grid__product-price price\"><span class=\"woocommerce-Price-amount amount\"><bdi><span class=\"woocommerce-Price-currencySymbol\">&euro;<\/span>25,00<\/bdi><\/span><\/div>\n\t\t\t\t\n\t\t\t\t<div class=\"wp-block-button wc-block-grid__product-add-to-cart\"><a href=\"https:\/\/socialdesignmagazine.com\/mag\/products-selection\/5688\" aria-label=\"Vai al Negozio &gt;\" data-quantity=\"1\" data-product_id=\"77775\" data-product_sku=\"delett063\" data-price=\"25\" rel=\"nofollow\" class=\"wp-block-button__link  add_to_cart_button\">Vai al Negozio &gt;<\/a><\/div>\n\t\t\t<\/li><\/ul><\/div>\n\n<div data-block-name=\"woocommerce\/handpicked-products\" data-edit-mode=\"false\" data-products=\"[77867,77866,77865]\" class=\"wc-block-grid wp-block-handpicked-products wp-block-woocommerce-handpicked-products wc-block-handpicked-products has-3-columns has-multiple-rows\"><ul class=\"wc-block-grid__products\"><li class=\"wc-block-grid__product\">\n\t\t\t\t<a href=\"https:\/\/socialdesignmagazine.com\/mag\/products-selection\/product\/mug-arne-jacobsen-lettera-v-bianco-by-design-letters\/\" class=\"wc-block-grid__product-link\">\n\t\t\t\t\t\n\t\t\t\t\t<div class=\"wc-block-grid__product-image\"><img loading=\"lazy\" decoding=\"async\" width=\"200\" height=\"231\" src=\"https:\/\/socialdesignmagazine.com\/mag\/products-selection\/wp-content\/uploads\/sites\/2\/2020\/08\/Mug-Arne-Jacobsen-Lettera-V-Bianco-Design-Letters-Arne-Jacobsen-200x231.jpg\" class=\"attachment-woocommerce_thumbnail size-woocommerce_thumbnail\" alt=\"Mug Arne Jacobsen Lettera V Bianco Design Letters Arne Jacobsen\" srcset=\"https:\/\/socialdesignmagazine.com\/mag\/products-selection\/wp-content\/uploads\/sites\/2\/2020\/08\/Mug-Arne-Jacobsen-Lettera-V-Bianco-Design-Letters-Arne-Jacobsen-200x231.jpg 200w, https:\/\/socialdesignmagazine.com\/mag\/products-selection\/wp-content\/uploads\/sites\/2\/2020\/08\/Mug-Arne-Jacobsen-Lettera-V-Bianco-Design-Letters-Arne-Jacobsen.jpg 346w\" sizes=\"auto, (max-width: 200px) 100vw, 200px\" data-attachment-id=\"110358\" data-permalink=\"https:\/\/socialdesignmagazine.com\/mag\/products-selection\/?attachment_id=110358#content\" data-orig-file=\"https:\/\/socialdesignmagazine.com\/mag\/products-selection\/wp-content\/uploads\/sites\/2\/2020\/08\/Mug-Arne-Jacobsen-Lettera-V-Bianco-Design-Letters-Arne-Jacobsen.jpg\" data-orig-size=\"346,400\" data-comments-opened=\"1\" data-image-meta=\"{&quot;aperture&quot;:&quot;0&quot;,&quot;credit&quot;:&quot;&quot;,&quot;camera&quot;:&quot;&quot;,&quot;caption&quot;:&quot;&quot;,&quot;created_timestamp&quot;:&quot;0&quot;,&quot;copyright&quot;:&quot;&quot;,&quot;focal_length&quot;:&quot;0&quot;,&quot;iso&quot;:&quot;0&quot;,&quot;shutter_speed&quot;:&quot;0&quot;,&quot;title&quot;:&quot;&quot;,&quot;orientation&quot;:&quot;0&quot;}\" data-image-title=\"Mug Arne Jacobsen Lettera V Bianco Design Letters Arne Jacobsen\" data-image-description=\"\" data-image-caption=\"&lt;p&gt;Mug Arne Jacobsen Lettera V Bianco Design Letters Arne Jacobsen&lt;\/p&gt;\n\" data-medium-file=\"https:\/\/socialdesignmagazine.com\/mag\/products-selection\/wp-content\/uploads\/sites\/2\/2020\/08\/Mug-Arne-Jacobsen-Lettera-V-Bianco-Design-Letters-Arne-Jacobsen-346x283.jpg\" data-large-file=\"https:\/\/socialdesignmagazine.com\/mag\/products-selection\/wp-content\/uploads\/sites\/2\/2020\/08\/Mug-Arne-Jacobsen-Lettera-V-Bianco-Design-Letters-Arne-Jacobsen.jpg\" \/><\/div>\n\t\t\t\t\t<div class=\"wc-block-grid__product-title\">Mug Arne Jacobsen Lettera V Bianco by Design Letters<\/div>\n\t\t\t\t<\/a>\n\t\t\t\t<div class=\"wc-block-grid__product-price price\"><span class=\"woocommerce-Price-amount amount\"><bdi><span class=\"woocommerce-Price-currencySymbol\">&euro;<\/span>16,50<\/bdi><\/span><\/div>\n\t\t\t\t\n\t\t\t\t<div class=\"wp-block-button wc-block-grid__product-add-to-cart\"><a href=\"https:\/\/socialdesignmagazine.com\/mag\/products-selection\/5722\" aria-label=\"Vai al Negozio &gt;\" data-quantity=\"1\" data-product_id=\"77867\" data-product_sku=\"delett155\" data-price=\"16.5\" rel=\"nofollow\" class=\"wp-block-button__link  add_to_cart_button\">Vai al Negozio &gt;<\/a><\/div>\n\t\t\t<\/li><li class=\"wc-block-grid__product\">\n\t\t\t\t<a href=\"https:\/\/socialdesignmagazine.com\/mag\/products-selection\/product\/mug-arne-jacobsen-lettera-l-bianco-by-design-letters\/\" class=\"wc-block-grid__product-link\">\n\t\t\t\t\t\n\t\t\t\t\t<div class=\"wc-block-grid__product-image\"><img loading=\"lazy\" decoding=\"async\" width=\"200\" height=\"231\" src=\"https:\/\/socialdesignmagazine.com\/mag\/products-selection\/wp-content\/uploads\/sites\/2\/2020\/08\/Mug-Arne-Jacobsen-Lettera-L-Bianco-Design-Letters-Arne-Jacobsen-200x231.jpg\" class=\"attachment-woocommerce_thumbnail size-woocommerce_thumbnail\" alt=\"Mug Arne Jacobsen Lettera L Bianco Design Letters Arne Jacobsen\" srcset=\"https:\/\/socialdesignmagazine.com\/mag\/products-selection\/wp-content\/uploads\/sites\/2\/2020\/08\/Mug-Arne-Jacobsen-Lettera-L-Bianco-Design-Letters-Arne-Jacobsen-200x231.jpg 200w, https:\/\/socialdesignmagazine.com\/mag\/products-selection\/wp-content\/uploads\/sites\/2\/2020\/08\/Mug-Arne-Jacobsen-Lettera-L-Bianco-Design-Letters-Arne-Jacobsen.jpg 346w\" sizes=\"auto, (max-width: 200px) 100vw, 200px\" data-attachment-id=\"110357\" data-permalink=\"https:\/\/socialdesignmagazine.com\/mag\/products-selection\/?attachment_id=110357#content\" data-orig-file=\"https:\/\/socialdesignmagazine.com\/mag\/products-selection\/wp-content\/uploads\/sites\/2\/2020\/08\/Mug-Arne-Jacobsen-Lettera-L-Bianco-Design-Letters-Arne-Jacobsen.jpg\" data-orig-size=\"346,400\" data-comments-opened=\"1\" data-image-meta=\"{&quot;aperture&quot;:&quot;0&quot;,&quot;credit&quot;:&quot;&quot;,&quot;camera&quot;:&quot;&quot;,&quot;caption&quot;:&quot;&quot;,&quot;created_timestamp&quot;:&quot;0&quot;,&quot;copyright&quot;:&quot;&quot;,&quot;focal_length&quot;:&quot;0&quot;,&quot;iso&quot;:&quot;0&quot;,&quot;shutter_speed&quot;:&quot;0&quot;,&quot;title&quot;:&quot;&quot;,&quot;orientation&quot;:&quot;0&quot;}\" data-image-title=\"Mug Arne Jacobsen Lettera L Bianco Design Letters Arne Jacobsen\" data-image-description=\"\" data-image-caption=\"&lt;p&gt;Mug Arne Jacobsen Lettera L Bianco Design Letters Arne Jacobsen&lt;\/p&gt;\n\" data-medium-file=\"https:\/\/socialdesignmagazine.com\/mag\/products-selection\/wp-content\/uploads\/sites\/2\/2020\/08\/Mug-Arne-Jacobsen-Lettera-L-Bianco-Design-Letters-Arne-Jacobsen-346x283.jpg\" data-large-file=\"https:\/\/socialdesignmagazine.com\/mag\/products-selection\/wp-content\/uploads\/sites\/2\/2020\/08\/Mug-Arne-Jacobsen-Lettera-L-Bianco-Design-Letters-Arne-Jacobsen.jpg\" \/><\/div>\n\t\t\t\t\t<div class=\"wc-block-grid__product-title\">Mug Arne Jacobsen Lettera L Bianco by Design Letters<\/div>\n\t\t\t\t<\/a>\n\t\t\t\t<div class=\"wc-block-grid__product-price price\"><span class=\"woocommerce-Price-amount amount\"><bdi><span class=\"woocommerce-Price-currencySymbol\">&euro;<\/span>16,50<\/bdi><\/span><\/div>\n\t\t\t\t\n\t\t\t\t<div class=\"wp-block-button wc-block-grid__product-add-to-cart\"><a href=\"https:\/\/socialdesignmagazine.com\/mag\/products-selection\/5721\" aria-label=\"Vai al Negozio &gt;\" data-quantity=\"1\" data-product_id=\"77866\" data-product_sku=\"delett154\" data-price=\"16.5\" rel=\"nofollow\" class=\"wp-block-button__link  add_to_cart_button\">Vai al Negozio &gt;<\/a><\/div>\n\t\t\t<\/li><li class=\"wc-block-grid__product\">\n\t\t\t\t<a href=\"https:\/\/socialdesignmagazine.com\/mag\/products-selection\/product\/mug-arne-jacobsen-lettera-e-bianco-by-design-letters\/\" class=\"wc-block-grid__product-link\">\n\t\t\t\t\t\n\t\t\t\t\t<div class=\"wc-block-grid__product-image\"><img loading=\"lazy\" decoding=\"async\" width=\"200\" height=\"229\" src=\"https:\/\/socialdesignmagazine.com\/mag\/products-selection\/wp-content\/uploads\/sites\/2\/2020\/08\/Mug-Arne-Jacobsen-Lettera-E-Bianco-Design-Letters-Arne-Jacobsen-200x229.jpg\" class=\"attachment-woocommerce_thumbnail size-woocommerce_thumbnail\" alt=\"Mug Arne Jacobsen Lettera E Bianco Design Letters Arne Jacobsen\" srcset=\"https:\/\/socialdesignmagazine.com\/mag\/products-selection\/wp-content\/uploads\/sites\/2\/2020\/08\/Mug-Arne-Jacobsen-Lettera-E-Bianco-Design-Letters-Arne-Jacobsen-200x229.jpg 200w, https:\/\/socialdesignmagazine.com\/mag\/products-selection\/wp-content\/uploads\/sites\/2\/2020\/08\/Mug-Arne-Jacobsen-Lettera-E-Bianco-Design-Letters-Arne-Jacobsen.jpg 350w\" sizes=\"auto, (max-width: 200px) 100vw, 200px\" data-attachment-id=\"110356\" data-permalink=\"https:\/\/socialdesignmagazine.com\/mag\/products-selection\/?attachment_id=110356#content\" data-orig-file=\"https:\/\/socialdesignmagazine.com\/mag\/products-selection\/wp-content\/uploads\/sites\/2\/2020\/08\/Mug-Arne-Jacobsen-Lettera-E-Bianco-Design-Letters-Arne-Jacobsen.jpg\" data-orig-size=\"350,400\" data-comments-opened=\"1\" data-image-meta=\"{&quot;aperture&quot;:&quot;0&quot;,&quot;credit&quot;:&quot;&quot;,&quot;camera&quot;:&quot;&quot;,&quot;caption&quot;:&quot;&quot;,&quot;created_timestamp&quot;:&quot;0&quot;,&quot;copyright&quot;:&quot;&quot;,&quot;focal_length&quot;:&quot;0&quot;,&quot;iso&quot;:&quot;0&quot;,&quot;shutter_speed&quot;:&quot;0&quot;,&quot;title&quot;:&quot;&quot;,&quot;orientation&quot;:&quot;0&quot;}\" data-image-title=\"Mug Arne Jacobsen Lettera E Bianco Design Letters Arne Jacobsen\" data-image-description=\"\" data-image-caption=\"&lt;p&gt;Mug Arne Jacobsen Lettera E Bianco Design Letters Arne Jacobsen&lt;\/p&gt;\n\" data-medium-file=\"https:\/\/socialdesignmagazine.com\/mag\/products-selection\/wp-content\/uploads\/sites\/2\/2020\/08\/Mug-Arne-Jacobsen-Lettera-E-Bianco-Design-Letters-Arne-Jacobsen-350x283.jpg\" data-large-file=\"https:\/\/socialdesignmagazine.com\/mag\/products-selection\/wp-content\/uploads\/sites\/2\/2020\/08\/Mug-Arne-Jacobsen-Lettera-E-Bianco-Design-Letters-Arne-Jacobsen.jpg\" \/><\/div>\n\t\t\t\t\t<div class=\"wc-block-grid__product-title\">Mug Arne Jacobsen Lettera E Bianco by Design Letters<\/div>\n\t\t\t\t<\/a>\n\t\t\t\t<div class=\"wc-block-grid__product-price price\"><span class=\"woocommerce-Price-amount amount\"><bdi><span class=\"woocommerce-Price-currencySymbol\">&euro;<\/span>16,50<\/bdi><\/span><\/div>\n\t\t\t\t\n\t\t\t\t<div class=\"wp-block-button wc-block-grid__product-add-to-cart\"><a href=\"https:\/\/socialdesignmagazine.com\/mag\/products-selection\/5720\" aria-label=\"Vai al Negozio &gt;\" data-quantity=\"1\" data-product_id=\"77865\" data-product_sku=\"delett153\" data-price=\"16.5\" rel=\"nofollow\" class=\"wp-block-button__link  add_to_cart_button\">Vai al Negozio &gt;<\/a><\/div>\n\t\t\t<\/li><\/ul><\/div>\n\n<div data-block-name=\"woocommerce\/handpicked-products\" data-edit-mode=\"false\" data-products=\"[77811,77808,77804]\" class=\"wc-block-grid wp-block-handpicked-products wp-block-woocommerce-handpicked-products wc-block-handpicked-products has-3-columns has-multiple-rows\"><ul class=\"wc-block-grid__products\"><li class=\"wc-block-grid__product\">\n\t\t\t\t<a href=\"https:\/\/socialdesignmagazine.com\/mag\/products-selection\/product\/mug-arne-jacobsen-lettera-t-nero-by-design-letters\/\" class=\"wc-block-grid__product-link\">\n\t\t\t\t\t\n\t\t\t\t\t<div class=\"wc-block-grid__product-image\"><img loading=\"lazy\" decoding=\"async\" width=\"200\" height=\"225\" src=\"https:\/\/socialdesignmagazine.com\/mag\/products-selection\/wp-content\/uploads\/sites\/2\/2020\/08\/Mug-Arne-Jacobsen-Lettera-T-Nero-Design-Letters-Arne-Jacobsen-200x225.jpg\" class=\"attachment-woocommerce_thumbnail size-woocommerce_thumbnail\" alt=\"Mug Arne Jacobsen Lettera T Nero Design Letters Arne Jacobsen\" srcset=\"https:\/\/socialdesignmagazine.com\/mag\/products-selection\/wp-content\/uploads\/sites\/2\/2020\/08\/Mug-Arne-Jacobsen-Lettera-T-Nero-Design-Letters-Arne-Jacobsen-200x225.jpg 200w, https:\/\/socialdesignmagazine.com\/mag\/products-selection\/wp-content\/uploads\/sites\/2\/2020\/08\/Mug-Arne-Jacobsen-Lettera-T-Nero-Design-Letters-Arne-Jacobsen.jpg 355w\" sizes=\"auto, (max-width: 200px) 100vw, 200px\" data-attachment-id=\"110302\" data-permalink=\"https:\/\/socialdesignmagazine.com\/mag\/products-selection\/?attachment_id=110302#content\" data-orig-file=\"https:\/\/socialdesignmagazine.com\/mag\/products-selection\/wp-content\/uploads\/sites\/2\/2020\/08\/Mug-Arne-Jacobsen-Lettera-T-Nero-Design-Letters-Arne-Jacobsen.jpg\" data-orig-size=\"355,400\" data-comments-opened=\"1\" data-image-meta=\"{&quot;aperture&quot;:&quot;0&quot;,&quot;credit&quot;:&quot;&quot;,&quot;camera&quot;:&quot;&quot;,&quot;caption&quot;:&quot;&quot;,&quot;created_timestamp&quot;:&quot;0&quot;,&quot;copyright&quot;:&quot;&quot;,&quot;focal_length&quot;:&quot;0&quot;,&quot;iso&quot;:&quot;0&quot;,&quot;shutter_speed&quot;:&quot;0&quot;,&quot;title&quot;:&quot;&quot;,&quot;orientation&quot;:&quot;0&quot;}\" data-image-title=\"Mug Arne Jacobsen Lettera T Nero Design Letters Arne Jacobsen\" data-image-description=\"\" data-image-caption=\"&lt;p&gt;Mug Arne Jacobsen Lettera T Nero Design Letters Arne Jacobsen&lt;\/p&gt;\n\" data-medium-file=\"https:\/\/socialdesignmagazine.com\/mag\/products-selection\/wp-content\/uploads\/sites\/2\/2020\/08\/Mug-Arne-Jacobsen-Lettera-T-Nero-Design-Letters-Arne-Jacobsen-355x283.jpg\" data-large-file=\"https:\/\/socialdesignmagazine.com\/mag\/products-selection\/wp-content\/uploads\/sites\/2\/2020\/08\/Mug-Arne-Jacobsen-Lettera-T-Nero-Design-Letters-Arne-Jacobsen.jpg\" \/><\/div>\n\t\t\t\t\t<div class=\"wc-block-grid__product-title\">Mug Arne Jacobsen Lettera T Nero by Design Letters<\/div>\n\t\t\t\t<\/a>\n\t\t\t\t<div class=\"wc-block-grid__product-price price\"><span class=\"woocommerce-Price-amount amount\"><bdi><span class=\"woocommerce-Price-currencySymbol\">&euro;<\/span>20,00<\/bdi><\/span><\/div>\n\t\t\t\t\n\t\t\t\t<div class=\"wp-block-button wc-block-grid__product-add-to-cart\"><a href=\"https:\/\/socialdesignmagazine.com\/mag\/products-selection\/5712\" aria-label=\"Vai al Negozio &gt;\" data-quantity=\"1\" data-product_id=\"77811\" data-product_sku=\"delett099\" data-price=\"20\" rel=\"nofollow\" class=\"wp-block-button__link  add_to_cart_button\">Vai al Negozio &gt;<\/a><\/div>\n\t\t\t<\/li><li class=\"wc-block-grid__product\">\n\t\t\t\t<a href=\"https:\/\/socialdesignmagazine.com\/mag\/products-selection\/product\/mug-arne-jacobsen-lettera-q-nero-by-design-letters\/\" class=\"wc-block-grid__product-link\">\n\t\t\t\t\t\n\t\t\t\t\t<div class=\"wc-block-grid__product-image\"><img loading=\"lazy\" decoding=\"async\" width=\"200\" height=\"225\" src=\"https:\/\/socialdesignmagazine.com\/mag\/products-selection\/wp-content\/uploads\/sites\/2\/2020\/08\/Mug-Arne-Jacobsen-Lettera-Q-Nero-Design-Letters-Arne-Jacobsen-200x225.jpg\" class=\"attachment-woocommerce_thumbnail size-woocommerce_thumbnail\" alt=\"Mug Arne Jacobsen Lettera Q Nero Design Letters Arne Jacobsen\" srcset=\"https:\/\/socialdesignmagazine.com\/mag\/products-selection\/wp-content\/uploads\/sites\/2\/2020\/08\/Mug-Arne-Jacobsen-Lettera-Q-Nero-Design-Letters-Arne-Jacobsen-200x225.jpg 200w, https:\/\/socialdesignmagazine.com\/mag\/products-selection\/wp-content\/uploads\/sites\/2\/2020\/08\/Mug-Arne-Jacobsen-Lettera-Q-Nero-Design-Letters-Arne-Jacobsen.jpg 355w\" sizes=\"auto, (max-width: 200px) 100vw, 200px\" data-attachment-id=\"110299\" data-permalink=\"https:\/\/socialdesignmagazine.com\/mag\/products-selection\/?attachment_id=110299#content\" data-orig-file=\"https:\/\/socialdesignmagazine.com\/mag\/products-selection\/wp-content\/uploads\/sites\/2\/2020\/08\/Mug-Arne-Jacobsen-Lettera-Q-Nero-Design-Letters-Arne-Jacobsen.jpg\" data-orig-size=\"355,400\" data-comments-opened=\"1\" data-image-meta=\"{&quot;aperture&quot;:&quot;0&quot;,&quot;credit&quot;:&quot;&quot;,&quot;camera&quot;:&quot;&quot;,&quot;caption&quot;:&quot;&quot;,&quot;created_timestamp&quot;:&quot;0&quot;,&quot;copyright&quot;:&quot;&quot;,&quot;focal_length&quot;:&quot;0&quot;,&quot;iso&quot;:&quot;0&quot;,&quot;shutter_speed&quot;:&quot;0&quot;,&quot;title&quot;:&quot;&quot;,&quot;orientation&quot;:&quot;0&quot;}\" data-image-title=\"Mug Arne Jacobsen Lettera Q Nero Design Letters Arne Jacobsen\" data-image-description=\"\" data-image-caption=\"&lt;p&gt;Mug Arne Jacobsen Lettera Q Nero Design Letters Arne Jacobsen&lt;\/p&gt;\n\" data-medium-file=\"https:\/\/socialdesignmagazine.com\/mag\/products-selection\/wp-content\/uploads\/sites\/2\/2020\/08\/Mug-Arne-Jacobsen-Lettera-Q-Nero-Design-Letters-Arne-Jacobsen-355x283.jpg\" data-large-file=\"https:\/\/socialdesignmagazine.com\/mag\/products-selection\/wp-content\/uploads\/sites\/2\/2020\/08\/Mug-Arne-Jacobsen-Lettera-Q-Nero-Design-Letters-Arne-Jacobsen.jpg\" \/><\/div>\n\t\t\t\t\t<div class=\"wc-block-grid__product-title\">Mug Arne Jacobsen Lettera Q Nero by Design Letters<\/div>\n\t\t\t\t<\/a>\n\t\t\t\t<div class=\"wc-block-grid__product-price price\"><span class=\"woocommerce-Price-amount amount\"><bdi><span class=\"woocommerce-Price-currencySymbol\">&euro;<\/span>20,00<\/bdi><\/span><\/div>\n\t\t\t\t\n\t\t\t\t<div class=\"wp-block-button wc-block-grid__product-add-to-cart\"><a href=\"https:\/\/socialdesignmagazine.com\/mag\/products-selection\/5709\" aria-label=\"Vai al Negozio &gt;\" data-quantity=\"1\" data-product_id=\"77808\" data-product_sku=\"delett096\" data-price=\"20\" rel=\"nofollow\" class=\"wp-block-button__link  add_to_cart_button\">Vai al Negozio &gt;<\/a><\/div>\n\t\t\t<\/li><li class=\"wc-block-grid__product\">\n\t\t\t\t<a href=\"https:\/\/socialdesignmagazine.com\/mag\/products-selection\/product\/mug-arne-jacobsen-lettera-m-nero-by-design-letters\/\" class=\"wc-block-grid__product-link\">\n\t\t\t\t\t\n\t\t\t\t\t<div class=\"wc-block-grid__product-image\"><img loading=\"lazy\" decoding=\"async\" width=\"200\" height=\"225\" src=\"https:\/\/socialdesignmagazine.com\/mag\/products-selection\/wp-content\/uploads\/sites\/2\/2020\/08\/Mug-Arne-Jacobsen-Lettera-M-Nero-Design-Letters-Arne-Jacobsen-200x225.jpg\" class=\"attachment-woocommerce_thumbnail size-woocommerce_thumbnail\" alt=\"Mug Arne Jacobsen Lettera M Nero Design Letters Arne Jacobsen\" srcset=\"https:\/\/socialdesignmagazine.com\/mag\/products-selection\/wp-content\/uploads\/sites\/2\/2020\/08\/Mug-Arne-Jacobsen-Lettera-M-Nero-Design-Letters-Arne-Jacobsen-200x225.jpg 200w, https:\/\/socialdesignmagazine.com\/mag\/products-selection\/wp-content\/uploads\/sites\/2\/2020\/08\/Mug-Arne-Jacobsen-Lettera-M-Nero-Design-Letters-Arne-Jacobsen.jpg 355w\" sizes=\"auto, (max-width: 200px) 100vw, 200px\" data-attachment-id=\"110295\" data-permalink=\"https:\/\/socialdesignmagazine.com\/mag\/products-selection\/?attachment_id=110295#content\" data-orig-file=\"https:\/\/socialdesignmagazine.com\/mag\/products-selection\/wp-content\/uploads\/sites\/2\/2020\/08\/Mug-Arne-Jacobsen-Lettera-M-Nero-Design-Letters-Arne-Jacobsen.jpg\" data-orig-size=\"355,400\" data-comments-opened=\"1\" data-image-meta=\"{&quot;aperture&quot;:&quot;0&quot;,&quot;credit&quot;:&quot;&quot;,&quot;camera&quot;:&quot;&quot;,&quot;caption&quot;:&quot;&quot;,&quot;created_timestamp&quot;:&quot;0&quot;,&quot;copyright&quot;:&quot;&quot;,&quot;focal_length&quot;:&quot;0&quot;,&quot;iso&quot;:&quot;0&quot;,&quot;shutter_speed&quot;:&quot;0&quot;,&quot;title&quot;:&quot;&quot;,&quot;orientation&quot;:&quot;0&quot;}\" data-image-title=\"Mug Arne Jacobsen Lettera M Nero Design Letters Arne Jacobsen\" data-image-description=\"\" data-image-caption=\"&lt;p&gt;Mug Arne Jacobsen Lettera M Nero Design Letters Arne Jacobsen&lt;\/p&gt;\n\" data-medium-file=\"https:\/\/socialdesignmagazine.com\/mag\/products-selection\/wp-content\/uploads\/sites\/2\/2020\/08\/Mug-Arne-Jacobsen-Lettera-M-Nero-Design-Letters-Arne-Jacobsen-355x283.jpg\" data-large-file=\"https:\/\/socialdesignmagazine.com\/mag\/products-selection\/wp-content\/uploads\/sites\/2\/2020\/08\/Mug-Arne-Jacobsen-Lettera-M-Nero-Design-Letters-Arne-Jacobsen.jpg\" \/><\/div>\n\t\t\t\t\t<div class=\"wc-block-grid__product-title\">Mug Arne Jacobsen Lettera M Nero by Design Letters<\/div>\n\t\t\t\t<\/a>\n\t\t\t\t<div class=\"wc-block-grid__product-price price\"><span class=\"woocommerce-Price-amount amount\"><bdi><span class=\"woocommerce-Price-currencySymbol\">&euro;<\/span>20,00<\/bdi><\/span><\/div>\n\t\t\t\t\n\t\t\t\t<div class=\"wp-block-button wc-block-grid__product-add-to-cart\"><a href=\"https:\/\/socialdesignmagazine.com\/mag\/products-selection\/5705\" aria-label=\"Vai al Negozio &gt;\" data-quantity=\"1\" data-product_id=\"77804\" data-product_sku=\"delett092\" data-price=\"20\" rel=\"nofollow\" class=\"wp-block-button__link  add_to_cart_button\">Vai al Negozio &gt;<\/a><\/div>\n\t\t\t<\/li><\/ul><\/div>\n\n<div data-block-name=\"woocommerce\/handpicked-products\" data-edit-mode=\"false\" data-products=\"[33387,33383,33377]\" class=\"wc-block-grid wp-block-handpicked-products wp-block-woocommerce-handpicked-products wc-block-handpicked-products has-3-columns has-multiple-rows\"><ul class=\"wc-block-grid__products\"><li class=\"wc-block-grid__product\">\n\t\t\t\t<a href=\"https:\/\/socialdesignmagazine.com\/mag\/products-selection\/product\/coppette-machine-collection-o-163-cm-set-da-3-bianco-diesel-living-with-seletti\/\" class=\"wc-block-grid__product-link\">\n\t\t\t\t\t\n\t\t\t\t\t<div class=\"wc-block-grid__product-image\"><img loading=\"lazy\" decoding=\"async\" width=\"200\" height=\"200\" src=\"https:\/\/socialdesignmagazine.com\/mag\/products-selection\/wp-content\/uploads\/sites\/2\/2020\/12\/Coppette-Machine-Collection-\u00d8-163-cm-Set-da-3-Bianco-Diesel-living-with-Seletti-Diesel-Creative-Team-200x200.jpg\" class=\"attachment-woocommerce_thumbnail size-woocommerce_thumbnail\" alt=\"Coppette Machine Collection \/ \u00d8 16,3 cm - Set da 3 Bianco Diesel living with Seletti Diesel Creative Team 1\" srcset=\"https:\/\/socialdesignmagazine.com\/mag\/products-selection\/wp-content\/uploads\/sites\/2\/2020\/12\/Coppette-Machine-Collection-\u00d8-163-cm-Set-da-3-Bianco-Diesel-living-with-Seletti-Diesel-Creative-Team-200x200.jpg 200w, https:\/\/socialdesignmagazine.com\/mag\/products-selection\/wp-content\/uploads\/sites\/2\/2020\/12\/Coppette-Machine-Collection-\u00d8-163-cm-Set-da-3-Bianco-Diesel-living-with-Seletti-Diesel-Creative-Team-100x100.jpg 100w, https:\/\/socialdesignmagazine.com\/mag\/products-selection\/wp-content\/uploads\/sites\/2\/2020\/12\/Coppette-Machine-Collection-\u00d8-163-cm-Set-da-3-Bianco-Diesel-living-with-Seletti-Diesel-Creative-Team-150x150.jpg 150w, https:\/\/socialdesignmagazine.com\/mag\/products-selection\/wp-content\/uploads\/sites\/2\/2020\/12\/Coppette-Machine-Collection-\u00d8-163-cm-Set-da-3-Bianco-Diesel-living-with-Seletti-Diesel-Creative-Team.jpg 450w\" sizes=\"auto, (max-width: 200px) 100vw, 200px\" data-attachment-id=\"137402\" data-permalink=\"https:\/\/socialdesignmagazine.com\/mag\/products-selection\/?attachment_id=137402#content\" data-orig-file=\"https:\/\/socialdesignmagazine.com\/mag\/products-selection\/wp-content\/uploads\/sites\/2\/2020\/12\/Coppette-Machine-Collection-\u00d8-163-cm-Set-da-3-Bianco-Diesel-living-with-Seletti-Diesel-Creative-Team.jpg\" data-orig-size=\"450,450\" data-comments-opened=\"1\" data-image-meta=\"{&quot;aperture&quot;:&quot;0&quot;,&quot;credit&quot;:&quot;&quot;,&quot;camera&quot;:&quot;&quot;,&quot;caption&quot;:&quot;&quot;,&quot;created_timestamp&quot;:&quot;0&quot;,&quot;copyright&quot;:&quot;&quot;,&quot;focal_length&quot;:&quot;0&quot;,&quot;iso&quot;:&quot;0&quot;,&quot;shutter_speed&quot;:&quot;0&quot;,&quot;title&quot;:&quot;&quot;,&quot;orientation&quot;:&quot;0&quot;}\" data-image-title=\"Coppette Machine Collection \/ \u00d8 16,3 cm &amp;#8211; Set da 3 Bianco Diesel living with Seletti Diesel Creative Team 1\" data-image-description=\"\" data-image-caption=\"&lt;p&gt;Coppette Machine Collection \/ \u00d8 16,3 cm &amp;#8211; Set da 3 Bianco Diesel living with Seletti Diesel Creative Team 1&lt;\/p&gt;\n\" data-medium-file=\"https:\/\/socialdesignmagazine.com\/mag\/products-selection\/wp-content\/uploads\/sites\/2\/2020\/12\/Coppette-Machine-Collection-\u00d8-163-cm-Set-da-3-Bianco-Diesel-living-with-Seletti-Diesel-Creative-Team-438x283.jpg\" data-large-file=\"https:\/\/socialdesignmagazine.com\/mag\/products-selection\/wp-content\/uploads\/sites\/2\/2020\/12\/Coppette-Machine-Collection-\u00d8-163-cm-Set-da-3-Bianco-Diesel-living-with-Seletti-Diesel-Creative-Team.jpg\" \/><\/div>\n\t\t\t\t\t<div class=\"wc-block-grid__product-title\">Coppette Machine Collection \/ \u00d8 16,3 cm &#8211; Set da 3 Bianco Diesel living with Seletti<\/div>\n\t\t\t\t<\/a>\n\t\t\t\t<div class=\"wc-block-grid__product-price price\"><span class=\"woocommerce-Price-amount amount\"><bdi><span class=\"woocommerce-Price-currencySymbol\">&euro;<\/span>57,61<\/bdi><\/span><\/div>\n\t\t\t\t\n\t\t\t\t<div class=\"wp-block-button wc-block-grid__product-add-to-cart\"><a href=\"https:\/\/socialdesignmagazine.com\/mag\/products-selection\/2455\" aria-label=\"Vai al Negozio &gt;\" data-quantity=\"1\" data-product_id=\"33387\" data-product_sku=\"dise010\" data-price=\"57.61\" rel=\"nofollow\" class=\"wp-block-button__link  add_to_cart_button\">Vai al Negozio &gt;<\/a><\/div>\n\t\t\t<\/li><li class=\"wc-block-grid__product\">\n\t\t\t\t<a href=\"https:\/\/socialdesignmagazine.com\/mag\/products-selection\/product\/mug-machine-collection-set-da-3-bianco-diesel-living-with-seletti\/\" class=\"wc-block-grid__product-link\">\n\t\t\t\t\t\n\t\t\t\t\t<div class=\"wc-block-grid__product-image\"><img loading=\"lazy\" decoding=\"async\" width=\"200\" height=\"180\" src=\"https:\/\/socialdesignmagazine.com\/mag\/products-selection\/wp-content\/uploads\/sites\/2\/2020\/12\/Mug-Machine-Collection-Set-da-3-Bianco-Diesel-living-with-Seletti-Diesel-Creative-Team-200x180.jpg\" class=\"attachment-woocommerce_thumbnail size-woocommerce_thumbnail\" alt=\"Mug Machine Collection \/ Set da 3 Bianco Diesel living with Seletti Diesel Creative Team 1\" srcset=\"https:\/\/socialdesignmagazine.com\/mag\/products-selection\/wp-content\/uploads\/sites\/2\/2020\/12\/Mug-Machine-Collection-Set-da-3-Bianco-Diesel-living-with-Seletti-Diesel-Creative-Team-200x180.jpg 200w, https:\/\/socialdesignmagazine.com\/mag\/products-selection\/wp-content\/uploads\/sites\/2\/2020\/12\/Mug-Machine-Collection-Set-da-3-Bianco-Diesel-living-with-Seletti-Diesel-Creative-Team.jpg 400w\" sizes=\"auto, (max-width: 200px) 100vw, 200px\" data-attachment-id=\"137400\" data-permalink=\"https:\/\/socialdesignmagazine.com\/mag\/products-selection\/?attachment_id=137400#content\" data-orig-file=\"https:\/\/socialdesignmagazine.com\/mag\/products-selection\/wp-content\/uploads\/sites\/2\/2020\/12\/Mug-Machine-Collection-Set-da-3-Bianco-Diesel-living-with-Seletti-Diesel-Creative-Team.jpg\" data-orig-size=\"400,359\" data-comments-opened=\"1\" data-image-meta=\"{&quot;aperture&quot;:&quot;0&quot;,&quot;credit&quot;:&quot;&quot;,&quot;camera&quot;:&quot;&quot;,&quot;caption&quot;:&quot;&quot;,&quot;created_timestamp&quot;:&quot;0&quot;,&quot;copyright&quot;:&quot;&quot;,&quot;focal_length&quot;:&quot;0&quot;,&quot;iso&quot;:&quot;0&quot;,&quot;shutter_speed&quot;:&quot;0&quot;,&quot;title&quot;:&quot;&quot;,&quot;orientation&quot;:&quot;0&quot;}\" data-image-title=\"Mug Machine Collection \/ Set da 3 Bianco Diesel living with Seletti Diesel Creative Team 1\" data-image-description=\"\" data-image-caption=\"&lt;p&gt;Mug Machine Collection \/ Set da 3 Bianco Diesel living with Seletti Diesel Creative Team 1&lt;\/p&gt;\n\" data-medium-file=\"https:\/\/socialdesignmagazine.com\/mag\/products-selection\/wp-content\/uploads\/sites\/2\/2020\/12\/Mug-Machine-Collection-Set-da-3-Bianco-Diesel-living-with-Seletti-Diesel-Creative-Team-400x283.jpg\" data-large-file=\"https:\/\/socialdesignmagazine.com\/mag\/products-selection\/wp-content\/uploads\/sites\/2\/2020\/12\/Mug-Machine-Collection-Set-da-3-Bianco-Diesel-living-with-Seletti-Diesel-Creative-Team.jpg\" \/><\/div>\n\t\t\t\t\t<div class=\"wc-block-grid__product-title\">Mug Machine Collection \/ Set da 3 Bianco Diesel living with Seletti<\/div>\n\t\t\t\t<\/a>\n\t\t\t\t<div class=\"wc-block-grid__product-price price\"><span class=\"woocommerce-Price-amount amount\"><bdi><span class=\"woocommerce-Price-currencySymbol\">&euro;<\/span>38,00<\/bdi><\/span><\/div>\n\t\t\t\t\n\t\t\t\t<div class=\"wp-block-button wc-block-grid__product-add-to-cart\"><a href=\"\" aria-label=\"Vai al Negozio &gt;\" data-quantity=\"1\" data-product_id=\"33383\" data-product_sku=\"dise008\" data-price=\"38\" rel=\"nofollow\" class=\"wp-block-button__link  add_to_cart_button\">Vai al Negozio &gt;<\/a><\/div>\n\t\t\t<\/li><li class=\"wc-block-grid__product\">\n\t\t\t\t<a href=\"https:\/\/socialdesignmagazine.com\/mag\/products-selection\/product\/boite-machine-collection-per-spaghetti-o-138-x-h-297-cm-bianco-diesel-living-with-seletti\/\" class=\"wc-block-grid__product-link\">\n\t\t\t\t\t\n\t\t\t\t\t<div class=\"wc-block-grid__product-image\"><img loading=\"lazy\" decoding=\"async\" width=\"200\" height=\"200\" src=\"https:\/\/socialdesignmagazine.com\/mag\/products-selection\/wp-content\/uploads\/sites\/2\/2020\/12\/Bo\u00eete-Machine-Collection-Per-spaghetti-\u00d8-138-x-H-297-cm-Bianco-Diesel-living-with-Seletti-Diesel-Creative-Team-200x200.jpg\" class=\"attachment-woocommerce_thumbnail size-woocommerce_thumbnail\" alt=\"Bo\u00eete Machine Collection \/ Per spaghetti - \u00d8 13,8 x H 29,7 cm Bianco Diesel living with Seletti Diesel Creative Team 1\" srcset=\"https:\/\/socialdesignmagazine.com\/mag\/products-selection\/wp-content\/uploads\/sites\/2\/2020\/12\/Bo\u00eete-Machine-Collection-Per-spaghetti-\u00d8-138-x-H-297-cm-Bianco-Diesel-living-with-Seletti-Diesel-Creative-Team-200x200.jpg 200w, https:\/\/socialdesignmagazine.com\/mag\/products-selection\/wp-content\/uploads\/sites\/2\/2020\/12\/Bo\u00eete-Machine-Collection-Per-spaghetti-\u00d8-138-x-H-297-cm-Bianco-Diesel-living-with-Seletti-Diesel-Creative-Team-100x100.jpg 100w, https:\/\/socialdesignmagazine.com\/mag\/products-selection\/wp-content\/uploads\/sites\/2\/2020\/12\/Bo\u00eete-Machine-Collection-Per-spaghetti-\u00d8-138-x-H-297-cm-Bianco-Diesel-living-with-Seletti-Diesel-Creative-Team-150x150.jpg 150w, https:\/\/socialdesignmagazine.com\/mag\/products-selection\/wp-content\/uploads\/sites\/2\/2020\/12\/Bo\u00eete-Machine-Collection-Per-spaghetti-\u00d8-138-x-H-297-cm-Bianco-Diesel-living-with-Seletti-Diesel-Creative-Team.jpg 500w\" sizes=\"auto, (max-width: 200px) 100vw, 200px\" data-attachment-id=\"137396\" data-permalink=\"https:\/\/socialdesignmagazine.com\/mag\/products-selection\/?attachment_id=137396#content\" data-orig-file=\"https:\/\/socialdesignmagazine.com\/mag\/products-selection\/wp-content\/uploads\/sites\/2\/2020\/12\/Bo\u00eete-Machine-Collection-Per-spaghetti-\u00d8-138-x-H-297-cm-Bianco-Diesel-living-with-Seletti-Diesel-Creative-Team.jpg\" data-orig-size=\"500,500\" data-comments-opened=\"1\" data-image-meta=\"{&quot;aperture&quot;:&quot;0&quot;,&quot;credit&quot;:&quot;&quot;,&quot;camera&quot;:&quot;&quot;,&quot;caption&quot;:&quot;&quot;,&quot;created_timestamp&quot;:&quot;0&quot;,&quot;copyright&quot;:&quot;&quot;,&quot;focal_length&quot;:&quot;0&quot;,&quot;iso&quot;:&quot;0&quot;,&quot;shutter_speed&quot;:&quot;0&quot;,&quot;title&quot;:&quot;&quot;,&quot;orientation&quot;:&quot;0&quot;}\" data-image-title=\"Bo\u00eete Machine Collection \/ Per spaghetti &amp;#8211; \u00d8 13,8 x H 29,7 cm Bianco Diesel living with Seletti Diesel Creative Team 1\" data-image-description=\"\" data-image-caption=\"&lt;p&gt;Bo\u00eete Machine Collection \/ Per spaghetti &amp;#8211; \u00d8 13,8 x H 29,7 cm Bianco Diesel living with Seletti Diesel Creative Team 1&lt;\/p&gt;\n\" data-medium-file=\"https:\/\/socialdesignmagazine.com\/mag\/products-selection\/wp-content\/uploads\/sites\/2\/2020\/12\/Bo\u00eete-Machine-Collection-Per-spaghetti-\u00d8-138-x-H-297-cm-Bianco-Diesel-living-with-Seletti-Diesel-Creative-Team-438x283.jpg\" data-large-file=\"https:\/\/socialdesignmagazine.com\/mag\/products-selection\/wp-content\/uploads\/sites\/2\/2020\/12\/Bo\u00eete-Machine-Collection-Per-spaghetti-\u00d8-138-x-H-297-cm-Bianco-Diesel-living-with-Seletti-Diesel-Creative-Team.jpg\" \/><\/div>\n\t\t\t\t\t<div class=\"wc-block-grid__product-title\">Bo\u00eete Machine Collection \/ Per spaghetti &#8211; \u00d8 13,8 x H 29,7 cm Bianco Diesel living with Seletti<\/div>\n\t\t\t\t<\/a>\n\t\t\t\t<div class=\"wc-block-grid__product-price price\"><span class=\"woocommerce-Price-amount amount\"><bdi><span class=\"woocommerce-Price-currencySymbol\">&euro;<\/span>80,40<\/bdi><\/span><\/div>\n\t\t\t\t\n\t\t\t\t<div class=\"wp-block-button wc-block-grid__product-add-to-cart\"><a href=\"https:\/\/socialdesignmagazine.com\/mag\/products-selection\/2454\" aria-label=\"Vai al Negozio &gt;\" data-quantity=\"1\" data-product_id=\"33377\" data-product_sku=\"dise005\" data-price=\"80.4\" rel=\"nofollow\" class=\"wp-block-button__link  add_to_cart_button\">Vai al Negozio &gt;<\/a><\/div>\n\t\t\t<\/li><\/ul><\/div>\n\n<div data-block-name=\"woocommerce\/handpicked-products\" data-edit-mode=\"false\" data-products=\"[77846,77847,77848]\" class=\"wc-block-grid wp-block-handpicked-products wp-block-woocommerce-handpicked-products wc-block-handpicked-products has-3-columns has-multiple-rows\"><ul class=\"wc-block-grid__products\"><li class=\"wc-block-grid__product\">\n\t\t\t\t<a href=\"https:\/\/socialdesignmagazine.com\/mag\/products-selection\/product\/bottiglia-isotermica-arne-jacobsen-500-ml-lettera-z-bianco-by-design-letters\/\" class=\"wc-block-grid__product-link\">\n\t\t\t\t\t\n\t\t\t\t\t<div class=\"wc-block-grid__product-image\"><img loading=\"lazy\" decoding=\"async\" width=\"200\" height=\"284\" src=\"https:\/\/socialdesignmagazine.com\/mag\/products-selection\/wp-content\/uploads\/sites\/2\/2020\/08\/Bottiglia-isotermica-Arne-Jacobsen-500-ml-Lettera-Z-Bianco-Design-Letters-Arne-Jacobsen-200x284.jpg\" class=\"attachment-woocommerce_thumbnail size-woocommerce_thumbnail\" alt=\"Bottiglia isotermica Arne Jacobsen - 500 ml - Lettera Z Bianco Design Letters Arne Jacobsen\" srcset=\"https:\/\/socialdesignmagazine.com\/mag\/products-selection\/wp-content\/uploads\/sites\/2\/2020\/08\/Bottiglia-isotermica-Arne-Jacobsen-500-ml-Lettera-Z-Bianco-Design-Letters-Arne-Jacobsen-200x284.jpg 200w, https:\/\/socialdesignmagazine.com\/mag\/products-selection\/wp-content\/uploads\/sites\/2\/2020\/08\/Bottiglia-isotermica-Arne-Jacobsen-500-ml-Lettera-Z-Bianco-Design-Letters-Arne-Jacobsen.jpg 282w\" sizes=\"auto, (max-width: 200px) 100vw, 200px\" data-attachment-id=\"110339\" data-permalink=\"https:\/\/socialdesignmagazine.com\/mag\/products-selection\/?attachment_id=110339#content\" data-orig-file=\"https:\/\/socialdesignmagazine.com\/mag\/products-selection\/wp-content\/uploads\/sites\/2\/2020\/08\/Bottiglia-isotermica-Arne-Jacobsen-500-ml-Lettera-Z-Bianco-Design-Letters-Arne-Jacobsen.jpg\" data-orig-size=\"282,400\" data-comments-opened=\"1\" data-image-meta=\"{&quot;aperture&quot;:&quot;0&quot;,&quot;credit&quot;:&quot;&quot;,&quot;camera&quot;:&quot;&quot;,&quot;caption&quot;:&quot;&quot;,&quot;created_timestamp&quot;:&quot;0&quot;,&quot;copyright&quot;:&quot;&quot;,&quot;focal_length&quot;:&quot;0&quot;,&quot;iso&quot;:&quot;0&quot;,&quot;shutter_speed&quot;:&quot;0&quot;,&quot;title&quot;:&quot;&quot;,&quot;orientation&quot;:&quot;0&quot;}\" data-image-title=\"Bottiglia isotermica Arne Jacobsen &amp;#8211; 500 ml &amp;#8211; Lettera Z Bianco Design Letters Arne Jacobsen\" data-image-description=\"\" data-image-caption=\"&lt;p&gt;Bottiglia isotermica Arne Jacobsen &amp;#8211; 500 ml &amp;#8211; Lettera Z Bianco Design Letters Arne Jacobsen&lt;\/p&gt;\n\" data-medium-file=\"https:\/\/socialdesignmagazine.com\/mag\/products-selection\/wp-content\/uploads\/sites\/2\/2020\/08\/Bottiglia-isotermica-Arne-Jacobsen-500-ml-Lettera-Z-Bianco-Design-Letters-Arne-Jacobsen-282x283.jpg\" data-large-file=\"https:\/\/socialdesignmagazine.com\/mag\/products-selection\/wp-content\/uploads\/sites\/2\/2020\/08\/Bottiglia-isotermica-Arne-Jacobsen-500-ml-Lettera-Z-Bianco-Design-Letters-Arne-Jacobsen.jpg\" \/><\/div>\n\t\t\t\t\t<div class=\"wc-block-grid__product-title\">Bottiglia isotermica Arne Jacobsen &#8211; 500 ml &#8211; Lettera Z Bianco by Design Letters<\/div>\n\t\t\t\t<\/a>\n\t\t\t\t<div class=\"wc-block-grid__product-price price\"><span class=\"woocommerce-Price-amount amount\"><bdi><span class=\"woocommerce-Price-currencySymbol\">&euro;<\/span>23,45<\/bdi><\/span><\/div>\n\t\t\t\t\n\t\t\t\t<div class=\"wp-block-button wc-block-grid__product-add-to-cart\"><a href=\"\" aria-label=\"Vai al Negozio &gt;\" data-quantity=\"1\" data-product_id=\"77848\" data-product_sku=\"delett136\" data-price=\"23.45\" rel=\"nofollow\" class=\"wp-block-button__link  add_to_cart_button\">Vai al Negozio &gt;<\/a><\/div>\n\t\t\t<\/li><li class=\"wc-block-grid__product\">\n\t\t\t\t<a href=\"https:\/\/socialdesignmagazine.com\/mag\/products-selection\/product\/bottiglia-isotermica-arne-jacobsen-500-ml-lettera-y-bianco-by-design-letters\/\" class=\"wc-block-grid__product-link\">\n\t\t\t\t\t\n\t\t\t\t\t<div class=\"wc-block-grid__product-image\"><img loading=\"lazy\" decoding=\"async\" width=\"200\" height=\"284\" src=\"https:\/\/socialdesignmagazine.com\/mag\/products-selection\/wp-content\/uploads\/sites\/2\/2020\/08\/Bottiglia-isotermica-Arne-Jacobsen-500-ml-Lettera-Y-Bianco-Design-Letters-Arne-Jacobsen-200x284.jpg\" class=\"attachment-woocommerce_thumbnail size-woocommerce_thumbnail\" alt=\"Bottiglia isotermica Arne Jacobsen - 500 ml - Lettera Y Bianco Design Letters Arne Jacobsen\" srcset=\"https:\/\/socialdesignmagazine.com\/mag\/products-selection\/wp-content\/uploads\/sites\/2\/2020\/08\/Bottiglia-isotermica-Arne-Jacobsen-500-ml-Lettera-Y-Bianco-Design-Letters-Arne-Jacobsen-200x284.jpg 200w, https:\/\/socialdesignmagazine.com\/mag\/products-selection\/wp-content\/uploads\/sites\/2\/2020\/08\/Bottiglia-isotermica-Arne-Jacobsen-500-ml-Lettera-Y-Bianco-Design-Letters-Arne-Jacobsen.jpg 282w\" sizes=\"auto, (max-width: 200px) 100vw, 200px\" data-attachment-id=\"110338\" data-permalink=\"https:\/\/socialdesignmagazine.com\/mag\/products-selection\/?attachment_id=110338#content\" data-orig-file=\"https:\/\/socialdesignmagazine.com\/mag\/products-selection\/wp-content\/uploads\/sites\/2\/2020\/08\/Bottiglia-isotermica-Arne-Jacobsen-500-ml-Lettera-Y-Bianco-Design-Letters-Arne-Jacobsen.jpg\" data-orig-size=\"282,400\" data-comments-opened=\"1\" data-image-meta=\"{&quot;aperture&quot;:&quot;0&quot;,&quot;credit&quot;:&quot;&quot;,&quot;camera&quot;:&quot;&quot;,&quot;caption&quot;:&quot;&quot;,&quot;created_timestamp&quot;:&quot;0&quot;,&quot;copyright&quot;:&quot;&quot;,&quot;focal_length&quot;:&quot;0&quot;,&quot;iso&quot;:&quot;0&quot;,&quot;shutter_speed&quot;:&quot;0&quot;,&quot;title&quot;:&quot;&quot;,&quot;orientation&quot;:&quot;0&quot;}\" data-image-title=\"Bottiglia isotermica Arne Jacobsen &amp;#8211; 500 ml &amp;#8211; Lettera Y Bianco Design Letters Arne Jacobsen\" data-image-description=\"\" data-image-caption=\"&lt;p&gt;Bottiglia isotermica Arne Jacobsen &amp;#8211; 500 ml &amp;#8211; Lettera Y Bianco Design Letters Arne Jacobsen&lt;\/p&gt;\n\" data-medium-file=\"https:\/\/socialdesignmagazine.com\/mag\/products-selection\/wp-content\/uploads\/sites\/2\/2020\/08\/Bottiglia-isotermica-Arne-Jacobsen-500-ml-Lettera-Y-Bianco-Design-Letters-Arne-Jacobsen-282x283.jpg\" data-large-file=\"https:\/\/socialdesignmagazine.com\/mag\/products-selection\/wp-content\/uploads\/sites\/2\/2020\/08\/Bottiglia-isotermica-Arne-Jacobsen-500-ml-Lettera-Y-Bianco-Design-Letters-Arne-Jacobsen.jpg\" \/><\/div>\n\t\t\t\t\t<div class=\"wc-block-grid__product-title\">Bottiglia isotermica Arne Jacobsen &#8211; 500 ml &#8211; Lettera Y Bianco by Design Letters<\/div>\n\t\t\t\t<\/a>\n\t\t\t\t<div class=\"wc-block-grid__product-price price\"><span class=\"woocommerce-Price-amount amount\"><bdi><span class=\"woocommerce-Price-currencySymbol\">&euro;<\/span>33,50<\/bdi><\/span><\/div>\n\t\t\t\t\n\t\t\t\t<div class=\"wp-block-button wc-block-grid__product-add-to-cart\"><a href=\"\" aria-label=\"Vai al Negozio &gt;\" data-quantity=\"1\" data-product_id=\"77847\" data-product_sku=\"delett135\" data-price=\"33.5\" rel=\"nofollow\" class=\"wp-block-button__link  add_to_cart_button\">Vai al Negozio &gt;<\/a><\/div>\n\t\t\t<\/li><li class=\"wc-block-grid__product\">\n\t\t\t\t<a href=\"https:\/\/socialdesignmagazine.com\/mag\/products-selection\/product\/bottiglia-isotermica-arne-jacobsen-500-ml-lettera-x-bianco-by-design-letters\/\" class=\"wc-block-grid__product-link\">\n\t\t\t\t\t\n\t\t\t\t\t<div class=\"wc-block-grid__product-image\"><img loading=\"lazy\" decoding=\"async\" width=\"200\" height=\"284\" src=\"https:\/\/socialdesignmagazine.com\/mag\/products-selection\/wp-content\/uploads\/sites\/2\/2020\/08\/Bottiglia-isotermica-Arne-Jacobsen-500-ml-Lettera-X-Bianco-Design-Letters-Arne-Jacobsen-200x284.jpg\" class=\"attachment-woocommerce_thumbnail size-woocommerce_thumbnail\" alt=\"Bottiglia isotermica Arne Jacobsen - 500 ml - Lettera X Bianco Design Letters Arne Jacobsen\" srcset=\"https:\/\/socialdesignmagazine.com\/mag\/products-selection\/wp-content\/uploads\/sites\/2\/2020\/08\/Bottiglia-isotermica-Arne-Jacobsen-500-ml-Lettera-X-Bianco-Design-Letters-Arne-Jacobsen-200x284.jpg 200w, https:\/\/socialdesignmagazine.com\/mag\/products-selection\/wp-content\/uploads\/sites\/2\/2020\/08\/Bottiglia-isotermica-Arne-Jacobsen-500-ml-Lettera-X-Bianco-Design-Letters-Arne-Jacobsen.jpg 282w\" sizes=\"auto, (max-width: 200px) 100vw, 200px\" data-attachment-id=\"110337\" data-permalink=\"https:\/\/socialdesignmagazine.com\/mag\/products-selection\/?attachment_id=110337#content\" data-orig-file=\"https:\/\/socialdesignmagazine.com\/mag\/products-selection\/wp-content\/uploads\/sites\/2\/2020\/08\/Bottiglia-isotermica-Arne-Jacobsen-500-ml-Lettera-X-Bianco-Design-Letters-Arne-Jacobsen.jpg\" data-orig-size=\"282,400\" data-comments-opened=\"1\" data-image-meta=\"{&quot;aperture&quot;:&quot;0&quot;,&quot;credit&quot;:&quot;&quot;,&quot;camera&quot;:&quot;&quot;,&quot;caption&quot;:&quot;&quot;,&quot;created_timestamp&quot;:&quot;0&quot;,&quot;copyright&quot;:&quot;&quot;,&quot;focal_length&quot;:&quot;0&quot;,&quot;iso&quot;:&quot;0&quot;,&quot;shutter_speed&quot;:&quot;0&quot;,&quot;title&quot;:&quot;&quot;,&quot;orientation&quot;:&quot;0&quot;}\" data-image-title=\"Bottiglia isotermica Arne Jacobsen &amp;#8211; 500 ml &amp;#8211; Lettera X Bianco Design Letters Arne Jacobsen\" data-image-description=\"\" data-image-caption=\"&lt;p&gt;Bottiglia isotermica Arne Jacobsen &amp;#8211; 500 ml &amp;#8211; Lettera X Bianco Design Letters Arne Jacobsen&lt;\/p&gt;\n\" data-medium-file=\"https:\/\/socialdesignmagazine.com\/mag\/products-selection\/wp-content\/uploads\/sites\/2\/2020\/08\/Bottiglia-isotermica-Arne-Jacobsen-500-ml-Lettera-X-Bianco-Design-Letters-Arne-Jacobsen-282x283.jpg\" data-large-file=\"https:\/\/socialdesignmagazine.com\/mag\/products-selection\/wp-content\/uploads\/sites\/2\/2020\/08\/Bottiglia-isotermica-Arne-Jacobsen-500-ml-Lettera-X-Bianco-Design-Letters-Arne-Jacobsen.jpg\" \/><\/div>\n\t\t\t\t\t<div class=\"wc-block-grid__product-title\">Bottiglia isotermica Arne Jacobsen &#8211; 500 ml &#8211; Lettera X Bianco by Design Letters<\/div>\n\t\t\t\t<\/a>\n\t\t\t\t<div class=\"wc-block-grid__product-price price\"><span class=\"woocommerce-Price-amount amount\"><bdi><span class=\"woocommerce-Price-currencySymbol\">&euro;<\/span>33,50<\/bdi><\/span><\/div>\n\t\t\t\t\n\t\t\t\t<div class=\"wp-block-button wc-block-grid__product-add-to-cart\"><a href=\"\" aria-label=\"Vai al Negozio &gt;\" data-quantity=\"1\" data-product_id=\"77846\" data-product_sku=\"delett134\" data-price=\"33.5\" rel=\"nofollow\" class=\"wp-block-button__link  add_to_cart_button\">Vai al Negozio &gt;<\/a><\/div>\n\t\t\t<\/li><\/ul><\/div>","protected":false,"gt_translate_keys":[{"key":"rendered","format":"html"}]},"excerpt":{"rendered":"<p>Arredare in bianco tramite un\u2019accurata selezione di lampade, arredi e complementi. Alcune utili considerazioni sull\u2019arredamento bianco di tendenza e sulla casa total white.<\/p>\n","protected":false,"gt_translate_keys":[{"key":"rendered","format":"html"}]},"author":1,"featured_media":84774,"comment_status":"open","ping_status":"open","sticky":false,"template":"","format":"standard","meta":{"_acf_changed":false,"jetpack_post_was_ever_published":false,"_jetpack_newsletter_access":"","_jetpack_dont_email_post_to_subs":false,"_jetpack_newsletter_tier_id":0,"_jetpack_memberships_contains_paywalled_content":false,"_jetpack_memberships_contains_paid_content":false,"footnotes":"","jetpack_publicize_message":"","jetpack_publicize_feature_enabled":true,"jetpack_social_post_already_shared":true,"jetpack_social_options":{"image_generator_settings":{"template":"highway","default_image_id":0,"font":"","enabled":false},"version":2}},"categories":[1095],"tags":[1504,1505,1097,1506],"class_list":["post-84751","post","type-post","status-publish","format-standard","has-post-thumbnail","hentry","category-colori","tag-arredamento","tag-bianco","tag-interior-design","tag-total-white"],"acf":[],"yoast_head":"<!-- This site is optimized with the Yoast SEO plugin v27.2 - https:\/\/yoast.com\/product\/yoast-seo-wordpress\/ -->\n<title>Arredare con il bianco, una selezione di lampade, arredi e complementi - SDM Product Selection<\/title>\n<meta name=\"description\" content=\"Arredare in bianco tramite un\u2019accurata selezione di lampade, arredi e complementi. Alcune considerazioni sull\u2019arredamento bianco e sulla casa total white.\" \/>\n<meta name=\"robots\" content=\"index, follow, max-snippet:-1, max-image-preview:large, max-video-preview:-1\" \/>\n<link rel=\"canonical\" href=\"https:\/\/socialdesignmagazine.com\/mag\/products-selection\/arredare-con-il-bianco-una-selezione-di-lampade-arredi-e-complementi\/\" \/>\n<meta property=\"og:locale\" content=\"it_IT\" \/>\n<meta property=\"og:type\" content=\"article\" \/>\n<meta property=\"og:title\" content=\"Arredare con il bianco, una selezione di lampade, arredi e complementi - SDM Product Selection\" \/>\n<meta property=\"og:description\" content=\"Arredare in bianco tramite un\u2019accurata selezione di lampade, arredi e complementi. Alcune considerazioni sull\u2019arredamento bianco e sulla casa total white.\" \/>\n<meta property=\"og:url\" content=\"https:\/\/socialdesignmagazine.com\/mag\/products-selection\/arredare-con-il-bianco-una-selezione-di-lampade-arredi-e-complementi\/\" \/>\n<meta property=\"og:site_name\" content=\"SDM Product Selection\" \/>\n<meta property=\"article:publisher\" content=\"https:\/\/www.facebook.com\/socialdesignmag\" \/>\n<meta property=\"article:author\" content=\"https:\/\/www.facebook.com\/benedettofiori\" \/>\n<meta property=\"article:published_time\" content=\"2019-08-22T19:50:20+00:00\" \/>\n<meta property=\"og:image\" content=\"https:\/\/socialdesignmagazine.com\/mag\/products-selection\/wp-content\/uploads\/sites\/2\/2019\/08\/arredare-con-il-bianco-05.jpg\" \/>\n\t<meta property=\"og:image:width\" content=\"1200\" \/>\n\t<meta property=\"og:image:height\" content=\"901\" \/>\n\t<meta property=\"og:image:type\" content=\"image\/jpeg\" \/>\n<meta name=\"author\" content=\"Benedetto Fiori\" \/>\n<meta name=\"twitter:card\" content=\"summary_large_image\" \/>\n<meta name=\"twitter:creator\" content=\"@benedettofiori\" \/>\n<meta name=\"twitter:site\" content=\"@socialdesignmag\" \/>\n<meta name=\"twitter:label1\" content=\"Scritto da\" \/>\n\t<meta name=\"twitter:data1\" content=\"Benedetto Fiori\" \/>\n\t<meta name=\"twitter:label2\" content=\"Tempo di lettura stimato\" \/>\n\t<meta name=\"twitter:data2\" content=\"4 minuti\" \/>\n<script type=\"application\/ld+json\" class=\"yoast-schema-graph\">{\"@context\":\"https:\/\/schema.org\",\"@graph\":[{\"@type\":\"Article\",\"@id\":\"https:\/\/socialdesignmagazine.com\/mag\/products-selection\/arredare-con-il-bianco-una-selezione-di-lampade-arredi-e-complementi\/#article\",\"isPartOf\":{\"@id\":\"https:\/\/socialdesignmagazine.com\/mag\/products-selection\/arredare-con-il-bianco-una-selezione-di-lampade-arredi-e-complementi\/\"},\"author\":{\"name\":\"Benedetto Fiori\",\"@id\":\"https:\/\/socialdesignmagazine.com\/mag\/products-selection\/#\/schema\/person\/61e20205cc363c315e6aabd33a045846\"},\"headline\":\"Arredare con il bianco, una selezione di lampade, arredi e complementi\",\"datePublished\":\"2019-08-22T19:50:20+00:00\",\"mainEntityOfPage\":{\"@id\":\"https:\/\/socialdesignmagazine.com\/mag\/products-selection\/arredare-con-il-bianco-una-selezione-di-lampade-arredi-e-complementi\/\"},\"wordCount\":806,\"commentCount\":0,\"publisher\":{\"@id\":\"https:\/\/socialdesignmagazine.com\/mag\/products-selection\/#organization\"},\"image\":{\"@id\":\"https:\/\/socialdesignmagazine.com\/mag\/products-selection\/arredare-con-il-bianco-una-selezione-di-lampade-arredi-e-complementi\/#primaryimage\"},\"thumbnailUrl\":\"https:\/\/socialdesignmagazine.com\/mag\/products-selection\/wp-content\/uploads\/sites\/2\/2019\/08\/arredare-con-il-bianco-05.jpg\",\"keywords\":[\"arredamento\",\"bianco\",\"interior design\",\"total white\"],\"articleSection\":[\"colori\"],\"inLanguage\":\"it-IT\",\"potentialAction\":[{\"@type\":\"CommentAction\",\"name\":\"Comment\",\"target\":[\"https:\/\/socialdesignmagazine.com\/mag\/products-selection\/arredare-con-il-bianco-una-selezione-di-lampade-arredi-e-complementi\/#respond\"]}]},{\"@type\":\"WebPage\",\"@id\":\"https:\/\/socialdesignmagazine.com\/mag\/products-selection\/arredare-con-il-bianco-una-selezione-di-lampade-arredi-e-complementi\/\",\"url\":\"https:\/\/socialdesignmagazine.com\/mag\/products-selection\/arredare-con-il-bianco-una-selezione-di-lampade-arredi-e-complementi\/\",\"name\":\"Arredare con il bianco, una selezione di lampade, arredi e complementi - SDM Product Selection\",\"isPartOf\":{\"@id\":\"https:\/\/socialdesignmagazine.com\/mag\/products-selection\/#website\"},\"primaryImageOfPage\":{\"@id\":\"https:\/\/socialdesignmagazine.com\/mag\/products-selection\/arredare-con-il-bianco-una-selezione-di-lampade-arredi-e-complementi\/#primaryimage\"},\"image\":{\"@id\":\"https:\/\/socialdesignmagazine.com\/mag\/products-selection\/arredare-con-il-bianco-una-selezione-di-lampade-arredi-e-complementi\/#primaryimage\"},\"thumbnailUrl\":\"https:\/\/socialdesignmagazine.com\/mag\/products-selection\/wp-content\/uploads\/sites\/2\/2019\/08\/arredare-con-il-bianco-05.jpg\",\"datePublished\":\"2019-08-22T19:50:20+00:00\",\"description\":\"Arredare in bianco tramite un\u2019accurata selezione di lampade, arredi e complementi. Alcune considerazioni sull\u2019arredamento bianco e sulla casa total white.\",\"breadcrumb\":{\"@id\":\"https:\/\/socialdesignmagazine.com\/mag\/products-selection\/arredare-con-il-bianco-una-selezione-di-lampade-arredi-e-complementi\/#breadcrumb\"},\"inLanguage\":\"it-IT\",\"potentialAction\":[{\"@type\":\"ReadAction\",\"target\":[\"https:\/\/socialdesignmagazine.com\/mag\/products-selection\/arredare-con-il-bianco-una-selezione-di-lampade-arredi-e-complementi\/\"]}]},{\"@type\":\"ImageObject\",\"inLanguage\":\"it-IT\",\"@id\":\"https:\/\/socialdesignmagazine.com\/mag\/products-selection\/arredare-con-il-bianco-una-selezione-di-lampade-arredi-e-complementi\/#primaryimage\",\"url\":\"https:\/\/socialdesignmagazine.com\/mag\/products-selection\/wp-content\/uploads\/sites\/2\/2019\/08\/arredare-con-il-bianco-05.jpg\",\"contentUrl\":\"https:\/\/socialdesignmagazine.com\/mag\/products-selection\/wp-content\/uploads\/sites\/2\/2019\/08\/arredare-con-il-bianco-05.jpg\",\"width\":1200,\"height\":901,\"caption\":\"arredare con il bianco\"},{\"@type\":\"BreadcrumbList\",\"@id\":\"https:\/\/socialdesignmagazine.com\/mag\/products-selection\/arredare-con-il-bianco-una-selezione-di-lampade-arredi-e-complementi\/#breadcrumb\",\"itemListElement\":[{\"@type\":\"ListItem\",\"position\":1,\"name\":\"Home\",\"item\":\"https:\/\/socialdesignmagazine.com\/mag\/products-selection\/\"},{\"@type\":\"ListItem\",\"position\":2,\"name\":\"Arredare con il bianco, una selezione di lampade, arredi e complementi\"}]},{\"@type\":\"WebSite\",\"@id\":\"https:\/\/socialdesignmagazine.com\/mag\/products-selection\/#website\",\"url\":\"https:\/\/socialdesignmagazine.com\/mag\/products-selection\/\",\"name\":\"SDM Product Selection\",\"description\":\"Una selezioni di prodotti dei brand pi\u00f9 interessanti per arredare e progettare\",\"publisher\":{\"@id\":\"https:\/\/socialdesignmagazine.com\/mag\/products-selection\/#organization\"},\"potentialAction\":[{\"@type\":\"SearchAction\",\"target\":{\"@type\":\"EntryPoint\",\"urlTemplate\":\"https:\/\/socialdesignmagazine.com\/mag\/products-selection\/?s={search_term_string}\"},\"query-input\":{\"@type\":\"PropertyValueSpecification\",\"valueRequired\":true,\"valueName\":\"search_term_string\"}}],\"inLanguage\":\"it-IT\"},{\"@type\":\"Organization\",\"@id\":\"https:\/\/socialdesignmagazine.com\/mag\/products-selection\/#organization\",\"name\":\"Social Design Magazine\",\"url\":\"https:\/\/socialdesignmagazine.com\/mag\/products-selection\/\",\"logo\":{\"@type\":\"ImageObject\",\"inLanguage\":\"it-IT\",\"@id\":\"https:\/\/socialdesignmagazine.com\/mag\/products-selection\/#\/schema\/logo\/image\/\",\"url\":\"https:\/\/socialdesignmagazine.com\/mag\/products-selection\/wp-content\/uploads\/sites\/2\/2015\/05\/social-design-magazine-logo.png\",\"contentUrl\":\"https:\/\/socialdesignmagazine.com\/mag\/products-selection\/wp-content\/uploads\/sites\/2\/2015\/05\/social-design-magazine-logo.png\",\"width\":251,\"height\":101,\"caption\":\"Social Design Magazine\"},\"image\":{\"@id\":\"https:\/\/socialdesignmagazine.com\/mag\/products-selection\/#\/schema\/logo\/image\/\"},\"sameAs\":[\"https:\/\/www.facebook.com\/socialdesignmag\",\"https:\/\/x.com\/socialdesignmag\",\"http:\/\/instagram.com\/social_design_magazine\/\",\"http:\/\/pinterest.com\/socialdesignmag\/\",\"http:\/\/www.youtube.com\/user\/socialdesignmagazine\"]},{\"@type\":\"Person\",\"@id\":\"https:\/\/socialdesignmagazine.com\/mag\/products-selection\/#\/schema\/person\/61e20205cc363c315e6aabd33a045846\",\"name\":\"Benedetto Fiori\",\"image\":{\"@type\":\"ImageObject\",\"inLanguage\":\"it-IT\",\"@id\":\"https:\/\/secure.gravatar.com\/avatar\/450a48cefa36da63d920ad70aa660bd10725b1c6093800242e5efdb397759033?s=96&d=mm&r=g\",\"url\":\"https:\/\/secure.gravatar.com\/avatar\/450a48cefa36da63d920ad70aa660bd10725b1c6093800242e5efdb397759033?s=96&d=mm&r=g\",\"contentUrl\":\"https:\/\/secure.gravatar.com\/avatar\/450a48cefa36da63d920ad70aa660bd10725b1c6093800242e5efdb397759033?s=96&d=mm&r=g\",\"caption\":\"Benedetto Fiori\"},\"description\":\"Web | Twitter | Facebook | Shutterstock Founder &amp; Editor in Chief di Social Design Magazine. Attratto da sempre da tutto ci\u00f2 che \u00e8 creativit\u00e0, design, architettura. Dopo aver studiato Architettura all'Universit\u00e0 di Firenze, si \u00e8 impegnato in molteplici campi: comunicazione grafica, progettazione di allestimenti fieristici, brand design, Interior Design.\",\"sameAs\":[\"http:\/\/benedettofiori.com\",\"https:\/\/www.facebook.com\/benedettofiori\",\"https:\/\/x.com\/benedettofiori\"]}]}<\/script>\n<!-- \/ Yoast SEO plugin. -->","yoast_head_json":{"title":"Arredare con il bianco, una selezione di lampade, arredi e complementi - SDM Product Selection","description":"Arredare in bianco tramite un\u2019accurata selezione di lampade, arredi e complementi. Alcune considerazioni sull\u2019arredamento bianco e sulla casa total white.","robots":{"index":"index","follow":"follow","max-snippet":"max-snippet:-1","max-image-preview":"max-image-preview:large","max-video-preview":"max-video-preview:-1"},"canonical":"https:\/\/socialdesignmagazine.com\/mag\/products-selection\/arredare-con-il-bianco-una-selezione-di-lampade-arredi-e-complementi\/","og_locale":"it_IT","og_type":"article","og_title":"Arredare con il bianco, una selezione di lampade, arredi e complementi - SDM Product Selection","og_description":"Arredare in bianco tramite un\u2019accurata selezione di lampade, arredi e complementi. Alcune considerazioni sull\u2019arredamento bianco e sulla casa total white.","og_url":"https:\/\/socialdesignmagazine.com\/mag\/products-selection\/arredare-con-il-bianco-una-selezione-di-lampade-arredi-e-complementi\/","og_site_name":"SDM Product Selection","article_publisher":"https:\/\/www.facebook.com\/socialdesignmag","article_author":"https:\/\/www.facebook.com\/benedettofiori","article_published_time":"2019-08-22T19:50:20+00:00","og_image":[{"width":1200,"height":901,"url":"https:\/\/socialdesignmagazine.com\/mag\/products-selection\/wp-content\/uploads\/sites\/2\/2019\/08\/arredare-con-il-bianco-05.jpg","type":"image\/jpeg"}],"author":"Benedetto Fiori","twitter_card":"summary_large_image","twitter_creator":"@benedettofiori","twitter_site":"@socialdesignmag","twitter_misc":{"Scritto da":"Benedetto Fiori","Tempo di lettura stimato":"4 minuti"},"schema":{"@context":"https:\/\/schema.org","@graph":[{"@type":"Article","@id":"https:\/\/socialdesignmagazine.com\/mag\/products-selection\/arredare-con-il-bianco-una-selezione-di-lampade-arredi-e-complementi\/#article","isPartOf":{"@id":"https:\/\/socialdesignmagazine.com\/mag\/products-selection\/arredare-con-il-bianco-una-selezione-di-lampade-arredi-e-complementi\/"},"author":{"name":"Benedetto Fiori","@id":"https:\/\/socialdesignmagazine.com\/mag\/products-selection\/#\/schema\/person\/61e20205cc363c315e6aabd33a045846"},"headline":"Arredare con il bianco, una selezione di lampade, arredi e complementi","datePublished":"2019-08-22T19:50:20+00:00","mainEntityOfPage":{"@id":"https:\/\/socialdesignmagazine.com\/mag\/products-selection\/arredare-con-il-bianco-una-selezione-di-lampade-arredi-e-complementi\/"},"wordCount":806,"commentCount":0,"publisher":{"@id":"https:\/\/socialdesignmagazine.com\/mag\/products-selection\/#organization"},"image":{"@id":"https:\/\/socialdesignmagazine.com\/mag\/products-selection\/arredare-con-il-bianco-una-selezione-di-lampade-arredi-e-complementi\/#primaryimage"},"thumbnailUrl":"https:\/\/socialdesignmagazine.com\/mag\/products-selection\/wp-content\/uploads\/sites\/2\/2019\/08\/arredare-con-il-bianco-05.jpg","keywords":["arredamento","bianco","interior design","total white"],"articleSection":["colori"],"inLanguage":"it-IT","potentialAction":[{"@type":"CommentAction","name":"Comment","target":["https:\/\/socialdesignmagazine.com\/mag\/products-selection\/arredare-con-il-bianco-una-selezione-di-lampade-arredi-e-complementi\/#respond"]}]},{"@type":"WebPage","@id":"https:\/\/socialdesignmagazine.com\/mag\/products-selection\/arredare-con-il-bianco-una-selezione-di-lampade-arredi-e-complementi\/","url":"https:\/\/socialdesignmagazine.com\/mag\/products-selection\/arredare-con-il-bianco-una-selezione-di-lampade-arredi-e-complementi\/","name":"Arredare con il bianco, una selezione di lampade, arredi e complementi - SDM Product Selection","isPartOf":{"@id":"https:\/\/socialdesignmagazine.com\/mag\/products-selection\/#website"},"primaryImageOfPage":{"@id":"https:\/\/socialdesignmagazine.com\/mag\/products-selection\/arredare-con-il-bianco-una-selezione-di-lampade-arredi-e-complementi\/#primaryimage"},"image":{"@id":"https:\/\/socialdesignmagazine.com\/mag\/products-selection\/arredare-con-il-bianco-una-selezione-di-lampade-arredi-e-complementi\/#primaryimage"},"thumbnailUrl":"https:\/\/socialdesignmagazine.com\/mag\/products-selection\/wp-content\/uploads\/sites\/2\/2019\/08\/arredare-con-il-bianco-05.jpg","datePublished":"2019-08-22T19:50:20+00:00","description":"Arredare in bianco tramite un\u2019accurata selezione di lampade, arredi e complementi. Alcune considerazioni sull\u2019arredamento bianco e sulla casa total white.","breadcrumb":{"@id":"https:\/\/socialdesignmagazine.com\/mag\/products-selection\/arredare-con-il-bianco-una-selezione-di-lampade-arredi-e-complementi\/#breadcrumb"},"inLanguage":"it-IT","potentialAction":[{"@type":"ReadAction","target":["https:\/\/socialdesignmagazine.com\/mag\/products-selection\/arredare-con-il-bianco-una-selezione-di-lampade-arredi-e-complementi\/"]}]},{"@type":"ImageObject","inLanguage":"it-IT","@id":"https:\/\/socialdesignmagazine.com\/mag\/products-selection\/arredare-con-il-bianco-una-selezione-di-lampade-arredi-e-complementi\/#primaryimage","url":"https:\/\/socialdesignmagazine.com\/mag\/products-selection\/wp-content\/uploads\/sites\/2\/2019\/08\/arredare-con-il-bianco-05.jpg","contentUrl":"https:\/\/socialdesignmagazine.com\/mag\/products-selection\/wp-content\/uploads\/sites\/2\/2019\/08\/arredare-con-il-bianco-05.jpg","width":1200,"height":901,"caption":"arredare con il bianco"},{"@type":"BreadcrumbList","@id":"https:\/\/socialdesignmagazine.com\/mag\/products-selection\/arredare-con-il-bianco-una-selezione-di-lampade-arredi-e-complementi\/#breadcrumb","itemListElement":[{"@type":"ListItem","position":1,"name":"Home","item":"https:\/\/socialdesignmagazine.com\/mag\/products-selection\/"},{"@type":"ListItem","position":2,"name":"Arredare con il bianco, una selezione di lampade, arredi e complementi"}]},{"@type":"WebSite","@id":"https:\/\/socialdesignmagazine.com\/mag\/products-selection\/#website","url":"https:\/\/socialdesignmagazine.com\/mag\/products-selection\/","name":"SDM Product Selection","description":"Una selezioni di prodotti dei brand pi\u00f9 interessanti per arredare e progettare","publisher":{"@id":"https:\/\/socialdesignmagazine.com\/mag\/products-selection\/#organization"},"potentialAction":[{"@type":"SearchAction","target":{"@type":"EntryPoint","urlTemplate":"https:\/\/socialdesignmagazine.com\/mag\/products-selection\/?s={search_term_string}"},"query-input":{"@type":"PropertyValueSpecification","valueRequired":true,"valueName":"search_term_string"}}],"inLanguage":"it-IT"},{"@type":"Organization","@id":"https:\/\/socialdesignmagazine.com\/mag\/products-selection\/#organization","name":"Social Design Magazine","url":"https:\/\/socialdesignmagazine.com\/mag\/products-selection\/","logo":{"@type":"ImageObject","inLanguage":"it-IT","@id":"https:\/\/socialdesignmagazine.com\/mag\/products-selection\/#\/schema\/logo\/image\/","url":"https:\/\/socialdesignmagazine.com\/mag\/products-selection\/wp-content\/uploads\/sites\/2\/2015\/05\/social-design-magazine-logo.png","contentUrl":"https:\/\/socialdesignmagazine.com\/mag\/products-selection\/wp-content\/uploads\/sites\/2\/2015\/05\/social-design-magazine-logo.png","width":251,"height":101,"caption":"Social Design Magazine"},"image":{"@id":"https:\/\/socialdesignmagazine.com\/mag\/products-selection\/#\/schema\/logo\/image\/"},"sameAs":["https:\/\/www.facebook.com\/socialdesignmag","https:\/\/x.com\/socialdesignmag","http:\/\/instagram.com\/social_design_magazine\/","http:\/\/pinterest.com\/socialdesignmag\/","http:\/\/www.youtube.com\/user\/socialdesignmagazine"]},{"@type":"Person","@id":"https:\/\/socialdesignmagazine.com\/mag\/products-selection\/#\/schema\/person\/61e20205cc363c315e6aabd33a045846","name":"Benedetto Fiori","image":{"@type":"ImageObject","inLanguage":"it-IT","@id":"https:\/\/secure.gravatar.com\/avatar\/450a48cefa36da63d920ad70aa660bd10725b1c6093800242e5efdb397759033?s=96&d=mm&r=g","url":"https:\/\/secure.gravatar.com\/avatar\/450a48cefa36da63d920ad70aa660bd10725b1c6093800242e5efdb397759033?s=96&d=mm&r=g","contentUrl":"https:\/\/secure.gravatar.com\/avatar\/450a48cefa36da63d920ad70aa660bd10725b1c6093800242e5efdb397759033?s=96&d=mm&r=g","caption":"Benedetto Fiori"},"description":"Web | Twitter | Facebook | Shutterstock Founder &amp; Editor in Chief di Social Design Magazine. Attratto da sempre da tutto ci\u00f2 che \u00e8 creativit\u00e0, design, architettura. Dopo aver studiato Architettura all'Universit\u00e0 di Firenze, si \u00e8 impegnato in molteplici campi: comunicazione grafica, progettazione di allestimenti fieristici, brand design, Interior Design.","sameAs":["http:\/\/benedettofiori.com","https:\/\/www.facebook.com\/benedettofiori","https:\/\/x.com\/benedettofiori"]}]}},"jetpack_publicize_connections":[],"jetpack_featured_media_url":"https:\/\/socialdesignmagazine.com\/mag\/products-selection\/wp-content\/uploads\/sites\/2\/2019\/08\/arredare-con-il-bianco-05.jpg","jetpack_sharing_enabled":true,"jetpack_shortlink":"https:\/\/wp.me\/p6dZ08-m2X","gt_translate_keys":[{"key":"link","format":"url"}],"_links":{"self":[{"href":"https:\/\/socialdesignmagazine.com\/mag\/products-selection\/wp-json\/wp\/v2\/posts\/84751","targetHints":{"allow":["GET"]}}],"collection":[{"href":"https:\/\/socialdesignmagazine.com\/mag\/products-selection\/wp-json\/wp\/v2\/posts"}],"about":[{"href":"https:\/\/socialdesignmagazine.com\/mag\/products-selection\/wp-json\/wp\/v2\/types\/post"}],"author":[{"embeddable":true,"href":"https:\/\/socialdesignmagazine.com\/mag\/products-selection\/wp-json\/wp\/v2\/users\/1"}],"replies":[{"embeddable":true,"href":"https:\/\/socialdesignmagazine.com\/mag\/products-selection\/wp-json\/wp\/v2\/comments?post=84751"}],"version-history":[{"count":19,"href":"https:\/\/socialdesignmagazine.com\/mag\/products-selection\/wp-json\/wp\/v2\/posts\/84751\/revisions"}],"predecessor-version":[{"id":84787,"href":"https:\/\/socialdesignmagazine.com\/mag\/products-selection\/wp-json\/wp\/v2\/posts\/84751\/revisions\/84787"}],"wp:featuredmedia":[{"embeddable":true,"href":"https:\/\/socialdesignmagazine.com\/mag\/products-selection\/wp-json\/wp\/v2\/media\/84774"}],"wp:attachment":[{"href":"https:\/\/socialdesignmagazine.com\/mag\/products-selection\/wp-json\/wp\/v2\/media?parent=84751"}],"wp:term":[{"taxonomy":"category","embeddable":true,"href":"https:\/\/socialdesignmagazine.com\/mag\/products-selection\/wp-json\/wp\/v2\/categories?post=84751"},{"taxonomy":"post_tag","embeddable":true,"href":"https:\/\/socialdesignmagazine.com\/mag\/products-selection\/wp-json\/wp\/v2\/tags?post=84751"}],"curies":[{"name":"wp","href":"https:\/\/api.w.org\/{rel}","templated":true}]}}