{"id":678,"count":58,"description":"Patricia Urquiola \u00e8 un architetto e designer spagnola multidisciplinare. Sebbene sia nata in Spagna, ora vive e lavora a Milano dove dirige lo Studio Urquiola.\r\n\r\nPatricia Urquiola \u00e8 nata a Oviedo e ha studiato alla Facolt\u00e0 di Architettura di Madrid e si \u00e8 laureata al Politecnico di Milano nel 1989, con una tesi supervisionata da <a href=\"https:\/\/socialdesignmagazine.com\/mag\/products-selection\/product-category\/designers\/achille-castiglioni\/\">Achille Castiglioni<\/a>.\r\n\r\n[caption id=\"attachment_81835\" align=\"alignleft\" width=\"200\"]<img class=\"size-full wp-image-81835\" src=\"https:\/\/socialdesignmagazine.com\/mag\/products-selection\/wp-content\/uploads\/sites\/2\/2019\/08\/Patricia-Urquiola.jpg\" alt=\"Patricia Urquiola\" width=\"200\" height=\"200\" \/> Patricia Urquiola[\/caption]\r\n\r\nDopo essersi laureata, ha iniziato a lavorare per lo Studio di sviluppo del prodotto di Maddalena De Padova, dove alla fine ne \u00e8 stata incaricata e dove ha incontrato <a href=\"https:\/\/socialdesignmagazine.com\/mag\/products-selection\/product-category\/designers\/vico-magistretti\/\">Vico Magistretti<\/a>, con il quale avrebbe successivamente lavorato. Magistretti e Castiglioni, due figure chiave del design milanese, hanno influenzato la sua visione e l'hanno portata a coltivare i suoi talenti e abilit\u00e0.\r\n\r\nPatricia Urquiola non si impegna in uno stile specifico, bens\u00ec mira a evocare le emozioni delle persone combinando stili, forme e riferimenti, reinterpretandoli e dando loro una nuova prospettiva di vita. Non sorprende che ci\u00f2 che conta per lei sia il desiderio delle persone di toccare spontaneamente i suoi progetti.\r\nNel 1998 inizia a lavorare con Moroso, creando mobili imbottiti con componenti intercambiabili per un soggiorno davvero modificabile. I suoi divani Step e Lowland sono stati selezionati per l'Annuario Internazionale del Design 1999\/2000, dopodich\u00e9 ha lavorato per Antares-Flos, Boffi, Cassina, Alessi, Cappellini e altri allo stesso tempo, e da sola, ha progettato per De Vecchi, Kartell, MDF Italia, Fasem, Molteni &amp; C., Tronconi e Moroso.\r\n\r\nPatricia Urquiola non crede in noiosi elementi modulari, ma in un accordo informale, flessibile e facile da modificare mescolando divani e poltrone. Nei suoi mobili, tende a creare un ambiente invitante, intimo e confortevole, che incoraggi le persone a stare insieme.\r\n\r\n\u00c8 stata nominata miglior designer dai media internazionali in pi\u00f9 occasioni. Ha egualmente successo nell'illuminazione e nei materiali, motivo per cui \u00e8 oggi una delle principali rappresentanti del design moderno. Il suo lavoro fresco e non convenzionale combina lo stile femminile e riferimenti floreali con un approccio minimalista.\r\n\r\nDi recente ha anche ampliato la sua collezione, includendo sedute modulari e tappeti che possono essere mescolati in una moltitudine di disposizioni.\r\n\r\n<hr \/>","link":"https:\/\/socialdesignmagazine.com\/mag\/products-selection\/product-category\/designers\/patricia-urquiola\/","name":"Patricia Urquiola","slug":"patricia-urquiola","taxonomy":"product_cat","parent":607,"meta":[],"menu_order":0,"acf":[],"yoast_head":"<!-- This site is optimized with the Yoast SEO plugin v27.2 - https:\/\/yoast.com\/product\/yoast-seo-wordpress\/ -->\n<title>Patricia Urquiola - SDM Product Selection<\/title>\n<meta name=\"description\" content=\"Patricia Urquiola \u00e8 nata a Oviedo e ha studiato alla Facolt\u00e0 di Architettura di Madrid e si \u00e8 laureata al Politecnico di Milano nel 1989, con una tesi supervisionata da Achille Castiglioni.\" \/>\n<meta name=\"robots\" content=\"index, follow, max-snippet:-1, max-image-preview:large, max-video-preview:-1\" \/>\n<link rel=\"canonical\" href=\"https:\/\/socialdesignmagazine.com\/mag\/products-selection\/product-category\/designers\/patricia-urquiola\/\" \/>\n<meta property=\"og:locale\" content=\"it_IT\" \/>\n<meta property=\"og:type\" content=\"article\" \/>\n<meta property=\"og:title\" content=\"Patricia Urquiola - SDM Product Selection\" \/>\n<meta property=\"og:description\" content=\"Patricia Urquiola \u00e8 nata a Oviedo e ha studiato alla Facolt\u00e0 di Architettura di Madrid e si \u00e8 laureata al Politecnico di Milano nel 1989, con una tesi supervisionata da Achille Castiglioni.\" \/>\n<meta property=\"og:url\" content=\"https:\/\/socialdesignmagazine.com\/mag\/products-selection\/product-category\/designers\/patricia-urquiola\/\" \/>\n<meta property=\"og:site_name\" content=\"SDM Product Selection\" \/>\n<meta property=\"og:image\" content=\"https:\/\/socialdesignmagazine.com\/mag\/products-selection\/wp-content\/uploads\/sites\/2\/2019\/08\/Patricia-Urquiola.jpg\" \/>\n<meta name=\"twitter:card\" content=\"summary_large_image\" \/>\n<meta name=\"twitter:site\" content=\"@socialdesignmag\" \/>\n<script type=\"application\/ld+json\" class=\"yoast-schema-graph\">{\"@context\":\"https:\/\/schema.org\",\"@graph\":[{\"@type\":\"CollectionPage\",\"@id\":\"https:\/\/socialdesignmagazine.com\/mag\/products-selection\/product-category\/designers\/patricia-urquiola\/\",\"url\":\"https:\/\/socialdesignmagazine.com\/mag\/products-selection\/product-category\/designers\/patricia-urquiola\/\",\"name\":\"Patricia Urquiola - SDM Product Selection\",\"isPartOf\":{\"@id\":\"https:\/\/socialdesignmagazine.com\/mag\/products-selection\/#website\"},\"description\":\"Patricia Urquiola \u00e8 nata a Oviedo e ha studiato alla Facolt\u00e0 di Architettura di Madrid e si \u00e8 laureata al Politecnico di Milano nel 1989, con una tesi supervisionata da Achille Castiglioni.\",\"breadcrumb\":{\"@id\":\"https:\/\/socialdesignmagazine.com\/mag\/products-selection\/product-category\/designers\/patricia-urquiola\/#breadcrumb\"},\"inLanguage\":\"it-IT\"},{\"@type\":\"BreadcrumbList\",\"@id\":\"https:\/\/socialdesignmagazine.com\/mag\/products-selection\/product-category\/designers\/patricia-urquiola\/#breadcrumb\",\"itemListElement\":[{\"@type\":\"ListItem\",\"position\":1,\"name\":\"Home\",\"item\":\"https:\/\/socialdesignmagazine.com\/mag\/products-selection\/\"},{\"@type\":\"ListItem\",\"position\":2,\"name\":\"Designers\",\"item\":\"https:\/\/socialdesignmagazine.com\/mag\/products-selection\/product-category\/designers\/\"},{\"@type\":\"ListItem\",\"position\":3,\"name\":\"Patricia Urquiola\"}]},{\"@type\":\"WebSite\",\"@id\":\"https:\/\/socialdesignmagazine.com\/mag\/products-selection\/#website\",\"url\":\"https:\/\/socialdesignmagazine.com\/mag\/products-selection\/\",\"name\":\"SDM Product Selection\",\"description\":\"Una selezioni di prodotti dei brand pi\u00f9 interessanti per arredare e progettare\",\"publisher\":{\"@id\":\"https:\/\/socialdesignmagazine.com\/mag\/products-selection\/#organization\"},\"potentialAction\":[{\"@type\":\"SearchAction\",\"target\":{\"@type\":\"EntryPoint\",\"urlTemplate\":\"https:\/\/socialdesignmagazine.com\/mag\/products-selection\/?s={search_term_string}\"},\"query-input\":{\"@type\":\"PropertyValueSpecification\",\"valueRequired\":true,\"valueName\":\"search_term_string\"}}],\"inLanguage\":\"it-IT\"},{\"@type\":\"Organization\",\"@id\":\"https:\/\/socialdesignmagazine.com\/mag\/products-selection\/#organization\",\"name\":\"Social Design Magazine\",\"url\":\"https:\/\/socialdesignmagazine.com\/mag\/products-selection\/\",\"logo\":{\"@type\":\"ImageObject\",\"inLanguage\":\"it-IT\",\"@id\":\"https:\/\/socialdesignmagazine.com\/mag\/products-selection\/#\/schema\/logo\/image\/\",\"url\":\"https:\/\/socialdesignmagazine.com\/mag\/products-selection\/wp-content\/uploads\/sites\/2\/2015\/05\/social-design-magazine-logo.png\",\"contentUrl\":\"https:\/\/socialdesignmagazine.com\/mag\/products-selection\/wp-content\/uploads\/sites\/2\/2015\/05\/social-design-magazine-logo.png\",\"width\":251,\"height\":101,\"caption\":\"Social Design Magazine\"},\"image\":{\"@id\":\"https:\/\/socialdesignmagazine.com\/mag\/products-selection\/#\/schema\/logo\/image\/\"},\"sameAs\":[\"https:\/\/www.facebook.com\/socialdesignmag\",\"https:\/\/x.com\/socialdesignmag\",\"http:\/\/instagram.com\/social_design_magazine\/\",\"http:\/\/pinterest.com\/socialdesignmag\/\",\"http:\/\/www.youtube.com\/user\/socialdesignmagazine\"]}]}<\/script>\n<!-- \/ Yoast SEO plugin. -->","yoast_head_json":{"title":"Patricia Urquiola - SDM Product Selection","description":"Patricia Urquiola \u00e8 nata a Oviedo e ha studiato alla Facolt\u00e0 di Architettura di Madrid e si \u00e8 laureata al Politecnico di Milano nel 1989, con una tesi supervisionata da Achille Castiglioni.","robots":{"index":"index","follow":"follow","max-snippet":"max-snippet:-1","max-image-preview":"max-image-preview:large","max-video-preview":"max-video-preview:-1"},"canonical":"https:\/\/socialdesignmagazine.com\/mag\/products-selection\/product-category\/designers\/patricia-urquiola\/","og_locale":"it_IT","og_type":"article","og_title":"Patricia Urquiola - SDM Product Selection","og_description":"Patricia Urquiola \u00e8 nata a Oviedo e ha studiato alla Facolt\u00e0 di Architettura di Madrid e si \u00e8 laureata al Politecnico di Milano nel 1989, con una tesi supervisionata da Achille Castiglioni.","og_url":"https:\/\/socialdesignmagazine.com\/mag\/products-selection\/product-category\/designers\/patricia-urquiola\/","og_site_name":"SDM Product Selection","og_image":[{"url":"https:\/\/socialdesignmagazine.com\/mag\/products-selection\/wp-content\/uploads\/sites\/2\/2019\/08\/Patricia-Urquiola.jpg","type":"","width":"","height":""}],"twitter_card":"summary_large_image","twitter_site":"@socialdesignmag","schema":{"@context":"https:\/\/schema.org","@graph":[{"@type":"CollectionPage","@id":"https:\/\/socialdesignmagazine.com\/mag\/products-selection\/product-category\/designers\/patricia-urquiola\/","url":"https:\/\/socialdesignmagazine.com\/mag\/products-selection\/product-category\/designers\/patricia-urquiola\/","name":"Patricia Urquiola - SDM Product Selection","isPartOf":{"@id":"https:\/\/socialdesignmagazine.com\/mag\/products-selection\/#website"},"description":"Patricia Urquiola \u00e8 nata a Oviedo e ha studiato alla Facolt\u00e0 di Architettura di Madrid e si \u00e8 laureata al Politecnico di Milano nel 1989, con una tesi supervisionata da Achille Castiglioni.","breadcrumb":{"@id":"https:\/\/socialdesignmagazine.com\/mag\/products-selection\/product-category\/designers\/patricia-urquiola\/#breadcrumb"},"inLanguage":"it-IT"},{"@type":"BreadcrumbList","@id":"https:\/\/socialdesignmagazine.com\/mag\/products-selection\/product-category\/designers\/patricia-urquiola\/#breadcrumb","itemListElement":[{"@type":"ListItem","position":1,"name":"Home","item":"https:\/\/socialdesignmagazine.com\/mag\/products-selection\/"},{"@type":"ListItem","position":2,"name":"Designers","item":"https:\/\/socialdesignmagazine.com\/mag\/products-selection\/product-category\/designers\/"},{"@type":"ListItem","position":3,"name":"Patricia Urquiola"}]},{"@type":"WebSite","@id":"https:\/\/socialdesignmagazine.com\/mag\/products-selection\/#website","url":"https:\/\/socialdesignmagazine.com\/mag\/products-selection\/","name":"SDM Product Selection","description":"Una selezioni di prodotti dei brand pi\u00f9 interessanti per arredare e progettare","publisher":{"@id":"https:\/\/socialdesignmagazine.com\/mag\/products-selection\/#organization"},"potentialAction":[{"@type":"SearchAction","target":{"@type":"EntryPoint","urlTemplate":"https:\/\/socialdesignmagazine.com\/mag\/products-selection\/?s={search_term_string}"},"query-input":{"@type":"PropertyValueSpecification","valueRequired":true,"valueName":"search_term_string"}}],"inLanguage":"it-IT"},{"@type":"Organization","@id":"https:\/\/socialdesignmagazine.com\/mag\/products-selection\/#organization","name":"Social Design Magazine","url":"https:\/\/socialdesignmagazine.com\/mag\/products-selection\/","logo":{"@type":"ImageObject","inLanguage":"it-IT","@id":"https:\/\/socialdesignmagazine.com\/mag\/products-selection\/#\/schema\/logo\/image\/","url":"https:\/\/socialdesignmagazine.com\/mag\/products-selection\/wp-content\/uploads\/sites\/2\/2015\/05\/social-design-magazine-logo.png","contentUrl":"https:\/\/socialdesignmagazine.com\/mag\/products-selection\/wp-content\/uploads\/sites\/2\/2015\/05\/social-design-magazine-logo.png","width":251,"height":101,"caption":"Social Design Magazine"},"image":{"@id":"https:\/\/socialdesignmagazine.com\/mag\/products-selection\/#\/schema\/logo\/image\/"},"sameAs":["https:\/\/www.facebook.com\/socialdesignmag","https:\/\/x.com\/socialdesignmag","http:\/\/instagram.com\/social_design_magazine\/","http:\/\/pinterest.com\/socialdesignmag\/","http:\/\/www.youtube.com\/user\/socialdesignmagazine"]}]}},"_links":{"self":[{"href":"https:\/\/socialdesignmagazine.com\/mag\/products-selection\/wp-json\/wp\/v2\/product_cat\/678","targetHints":{"allow":["GET"]}}],"collection":[{"href":"https:\/\/socialdesignmagazine.com\/mag\/products-selection\/wp-json\/wp\/v2\/product_cat"}],"about":[{"href":"https:\/\/socialdesignmagazine.com\/mag\/products-selection\/wp-json\/wp\/v2\/taxonomies\/product_cat"}],"up":[{"embeddable":true,"href":"https:\/\/socialdesignmagazine.com\/mag\/products-selection\/wp-json\/wp\/v2\/product_cat\/607"}],"wp:post_type":[{"href":"https:\/\/socialdesignmagazine.com\/mag\/products-selection\/wp-json\/wp\/v2\/product?product_cat=678"}],"curies":[{"name":"wp","href":"https:\/\/api.w.org\/{rel}","templated":true}]}}