{"id":1217,"date":"2012-07-30T09:11:48","date_gmt":"2012-07-30T07:11:48","guid":{"rendered":"https:\/\/socialdesignmagazine.com\/mag\/s9-green\/c37-green\/spiagge-piu-protette-con-la-campagna-ma-il-mare-non-vale-una-cicca\/"},"modified":"2024-05-17T22:56:26","modified_gmt":"2024-05-17T20:56:26","slug":"spiagge-piu-protette-con-la-campagna-ma-il-mare-non-vale-una-cicca","status":"publish","type":"post","link":"https:\/\/socialdesignmagazine.com\/mag\/green\/spiagge-piu-protette-con-la-campagna-ma-il-mare-non-vale-una-cicca\/","title":{"rendered":"Spiagge pi\u00f9 protette con la campagna \u201cMa il mare non vale una cicca?\u201d","gt_translate_keys":[{"key":"rendered","format":"text"}]},"content":{"rendered":"\n<p>Torna il 4 e 5 agosto l\u2019iniziativa di Marevivo e JTI per liberare oltre 350 spiagge dai mozziconi. In tutt\u2019Italia mille volontari distribuiranno 100.000 posacenere tascabili.<\/p>\n\n\n\n<p>Per quanti desiderano quest\u2019estate prendere il sole senza zigzagare tra i mozziconi lasciati sulla spiaggia, torna il posacenere tascabile e riutilizzabile della campagna di Marevivo a salvaguardia degli oltre 8 mila km di costa del nostro Paese. La quarta edizione dell\u2019iniziativa <strong>\u201cMa il mare non vale una cicca?\u201d<\/strong> &#8211; lanciata dall\u2019associazione ambientalista Marevivo in collaborazione con JT International SA (JTI) &#8211; sar\u00e0 realizzata con il consueto patrocinio del Ministero dell\u2019Ambiente, del Corpo delle Capitanerie di Porto e il supporto del SIB &#8211; Sindacato Italiano Balneari. Testimonial di quest\u2019anno l\u2019attore di teatro, cinema e televisione Sebastiano Somma.<\/p>\n\n\n\n<p>Il weekend del 4 e 5 agosto, una squadra di 1.000 volontari, guidati dall\u2019associazione, sar\u00e0 all\u2019opera lungo le coste italiane per distribuire 100.000 posacenere, insieme a un opuscolo sui tempi di degrado in mare di alcuni oggetti che fanno parte della vita di tutti i giorni, tra cui lattine, accendini, bottiglie di vetro e di plastica.<\/p>\n\n\n<div class=\"wp-block-image\">\n<figure class=\"aligncenter\"><img loading=\"lazy\" decoding=\"async\" width=\"720\" height=\"1029\" data-attachment-id=\"8828\" data-permalink=\"https:\/\/socialdesignmagazine.com\/mag\/green\/spiagge-piu-protette-con-la-campagna-ma-il-mare-non-vale-una-cicca\/attachment\/pescecicca-new\/#content\" data-orig-file=\"https:\/\/socialdesignmagazine.com\/mag\/wp-content\/uploads\/2012\/07\/benedetto_il_mare_non_vale_una_cicca_PESCECICCA_NEW.jpg\" data-orig-size=\"720,1029\" data-comments-opened=\"1\" data-image-meta=\"{&quot;aperture&quot;:&quot;0&quot;,&quot;credit&quot;:&quot;&quot;,&quot;camera&quot;:&quot;&quot;,&quot;caption&quot;:&quot;&quot;,&quot;created_timestamp&quot;:&quot;0&quot;,&quot;copyright&quot;:&quot;&quot;,&quot;focal_length&quot;:&quot;0&quot;,&quot;iso&quot;:&quot;0&quot;,&quot;shutter_speed&quot;:&quot;0&quot;,&quot;title&quot;:&quot;&quot;,&quot;orientation&quot;:&quot;0&quot;}\" data-image-title=\"PESCECICCA NEW\" data-image-description=\"\" data-image-caption=\"\" data-medium-file=\"https:\/\/socialdesignmagazine.com\/mag\/wp-content\/uploads\/2012\/07\/benedetto_il_mare_non_vale_una_cicca_PESCECICCA_NEW-396x256.jpg\" data-large-file=\"https:\/\/socialdesignmagazine.com\/mag\/wp-content\/uploads\/2012\/07\/benedetto_il_mare_non_vale_una_cicca_PESCECICCA_NEW.jpg\" src=\"https:\/\/socialdesignmagazine.com\/mag\/wp-content\/uploads\/2012\/07\/benedetto_il_mare_non_vale_una_cicca_PESCECICCA_NEW.jpg\" alt=\"PESCECICCA NEW\" class=\"wp-image-8828\"\/><\/figure>\n<\/div>\n\n<div class=\"wp-block-image\">\n<figure class=\"aligncenter\"><img loading=\"lazy\" decoding=\"async\" width=\"720\" height=\"626\" data-attachment-id=\"8829\" data-permalink=\"https:\/\/socialdesignmagazine.com\/mag\/green\/spiagge-piu-protette-con-la-campagna-ma-il-mare-non-vale-una-cicca\/attachment\/posa-compmarevivo\/#content\" data-orig-file=\"https:\/\/socialdesignmagazine.com\/mag\/wp-content\/uploads\/2012\/07\/benedetto_il_mare_non_vale_una_cicca_Posa_CompMarevivo.jpg\" data-orig-size=\"720,626\" data-comments-opened=\"1\" data-image-meta=\"{&quot;aperture&quot;:&quot;16&quot;,&quot;credit&quot;:&quot;&quot;,&quot;camera&quot;:&quot;Canon EOS 5D&quot;,&quot;caption&quot;:&quot;&quot;,&quot;created_timestamp&quot;:&quot;1222182742&quot;,&quot;copyright&quot;:&quot;&quot;,&quot;focal_length&quot;:&quot;70&quot;,&quot;iso&quot;:&quot;100&quot;,&quot;shutter_speed&quot;:&quot;0.01&quot;,&quot;title&quot;:&quot;&quot;,&quot;orientation&quot;:&quot;1&quot;}\" data-image-title=\"Posa CompMarevivo\" data-image-description=\"\" data-image-caption=\"\" data-medium-file=\"https:\/\/socialdesignmagazine.com\/mag\/wp-content\/uploads\/2012\/07\/benedetto_il_mare_non_vale_una_cicca_Posa_CompMarevivo-396x256.jpg\" data-large-file=\"https:\/\/socialdesignmagazine.com\/mag\/wp-content\/uploads\/2012\/07\/benedetto_il_mare_non_vale_una_cicca_Posa_CompMarevivo.jpg\" src=\"https:\/\/socialdesignmagazine.com\/mag\/wp-content\/uploads\/2012\/07\/benedetto_il_mare_non_vale_una_cicca_Posa_CompMarevivo.jpg\" alt=\"Posa CompMarevivo\" class=\"wp-image-8829\"\/><\/figure>\n<\/div>\n\n<div class=\"wp-block-image\">\n<figure class=\"aligncenter\"><img loading=\"lazy\" decoding=\"async\" width=\"720\" height=\"1021\" data-attachment-id=\"8830\" data-permalink=\"https:\/\/socialdesignmagazine.com\/mag\/green\/spiagge-piu-protette-con-la-campagna-ma-il-mare-non-vale-una-cicca\/attachment\/posa-marevivo-aperto\/#content\" data-orig-file=\"https:\/\/socialdesignmagazine.com\/mag\/wp-content\/uploads\/2012\/07\/benedetto_il_mare_non_vale_una_cicca_Posa_Marevivo_aperto.jpg\" data-orig-size=\"720,1021\" data-comments-opened=\"1\" data-image-meta=\"{&quot;aperture&quot;:&quot;16&quot;,&quot;credit&quot;:&quot;&quot;,&quot;camera&quot;:&quot;Canon EOS 5D&quot;,&quot;caption&quot;:&quot;&quot;,&quot;created_timestamp&quot;:&quot;1222182742&quot;,&quot;copyright&quot;:&quot;&quot;,&quot;focal_length&quot;:&quot;70&quot;,&quot;iso&quot;:&quot;100&quot;,&quot;shutter_speed&quot;:&quot;0.01&quot;,&quot;title&quot;:&quot;&quot;,&quot;orientation&quot;:&quot;1&quot;}\" data-image-title=\"Posa Marevivo aperto\" data-image-description=\"\" data-image-caption=\"\" data-medium-file=\"https:\/\/socialdesignmagazine.com\/mag\/wp-content\/uploads\/2012\/07\/benedetto_il_mare_non_vale_una_cicca_Posa_Marevivo_aperto-396x256.jpg\" data-large-file=\"https:\/\/socialdesignmagazine.com\/mag\/wp-content\/uploads\/2012\/07\/benedetto_il_mare_non_vale_una_cicca_Posa_Marevivo_aperto.jpg\" src=\"https:\/\/socialdesignmagazine.com\/mag\/wp-content\/uploads\/2012\/07\/benedetto_il_mare_non_vale_una_cicca_Posa_Marevivo_aperto.jpg\" alt=\"Posa Marevivo aperto\" class=\"wp-image-8830\"\/><\/figure>\n<\/div>\n\n<div class=\"wp-block-image\">\n<figure class=\"aligncenter\"><img loading=\"lazy\" decoding=\"async\" width=\"720\" height=\"738\" data-attachment-id=\"8831\" data-permalink=\"https:\/\/socialdesignmagazine.com\/mag\/green\/spiagge-piu-protette-con-la-campagna-ma-il-mare-non-vale-una-cicca\/attachment\/posa-marevivo-chiuso\/#content\" data-orig-file=\"https:\/\/socialdesignmagazine.com\/mag\/wp-content\/uploads\/2012\/07\/benedetto_il_mare_non_vale_una_cicca_Posa__Marevivo_chiuso.jpg\" data-orig-size=\"720,738\" data-comments-opened=\"1\" data-image-meta=\"{&quot;aperture&quot;:&quot;16&quot;,&quot;credit&quot;:&quot;&quot;,&quot;camera&quot;:&quot;Canon EOS 5D&quot;,&quot;caption&quot;:&quot;&quot;,&quot;created_timestamp&quot;:&quot;1222182742&quot;,&quot;copyright&quot;:&quot;&quot;,&quot;focal_length&quot;:&quot;70&quot;,&quot;iso&quot;:&quot;100&quot;,&quot;shutter_speed&quot;:&quot;0.01&quot;,&quot;title&quot;:&quot;&quot;,&quot;orientation&quot;:&quot;1&quot;}\" data-image-title=\"Posa Marevivo chiuso\" data-image-description=\"\" data-image-caption=\"\" data-medium-file=\"https:\/\/socialdesignmagazine.com\/mag\/wp-content\/uploads\/2012\/07\/benedetto_il_mare_non_vale_una_cicca_Posa__Marevivo_chiuso-396x256.jpg\" data-large-file=\"https:\/\/socialdesignmagazine.com\/mag\/wp-content\/uploads\/2012\/07\/benedetto_il_mare_non_vale_una_cicca_Posa__Marevivo_chiuso.jpg\" src=\"https:\/\/socialdesignmagazine.com\/mag\/wp-content\/uploads\/2012\/07\/benedetto_il_mare_non_vale_una_cicca_Posa__Marevivo_chiuso.jpg\" alt=\"Posa  Marevivo chiuso\" class=\"wp-image-8831\"\/><\/figure>\n<\/div>","protected":false,"gt_translate_keys":[{"key":"rendered","format":"html"}]},"excerpt":{"rendered":"<p>Torna il 4 e 5 agosto l\u2019iniziativa di Marevivo e JTI per liberare oltre 350 spiagge dai mozziconi. In tutt\u2019Italia mille volontari distribuiranno 100.000 posacenere tascabili.<\/p>\n","protected":false,"gt_translate_keys":[{"key":"rendered","format":"html"}]},"author":1,"featured_media":8827,"comment_status":"open","ping_status":"open","sticky":false,"template":"","format":"standard","meta":{"jetpack_post_was_ever_published":false,"_jetpack_newsletter_access":"","_jetpack_dont_email_post_to_subs":false,"_jetpack_newsletter_tier_id":0,"_jetpack_memberships_contains_paywalled_content":false,"_jetpack_memberships_contains_paid_content":false,"footnotes":"","_wpscppro_dont_share_socialmedia":false,"_wpscppro_custom_social_share_image":0,"_facebook_share_type":"","_twitter_share_type":"","_linkedin_share_type":"","_pinterest_share_type":"","_linkedin_share_type_page":"","_instagram_share_type":"","_medium_share_type":"","_threads_share_type":"","_google_business_share_type":"","_selected_social_profile":[],"_wpsp_enable_custom_social_template":false,"_wpsp_social_scheduling":{"enabled":false,"datetime":null,"platforms":[],"status":"template_only","dateOption":"today","timeOption":"now","customDays":"","customHours":"","customDate":"","customTime":"","schedulingType":"absolute"},"_wpsp_active_default_template":true},"categories":[11],"tags":[81,835],"class_list":["post-1217","post","type-post","status-publish","format-standard","has-post-thumbnail","hentry","category-green","tag-green","tag-mare"],"yoast_head":"<!-- This site is optimized with the Yoast SEO plugin v27.2 - https:\/\/yoast.com\/product\/yoast-seo-wordpress\/ -->\n<title>Spiagge pi\u00f9 protette con la campagna \u201cMa il mare non vale una cicca?\u201d - Social Design Magazine<\/title>\n<meta name=\"description\" content=\"Torna il 4 e 5 agosto l\u2019iniziativa di Marevivo e JTI per liberare oltre 350 spiagge dai mozziconi. In tutt\u2019Italia mille volontari distribuiranno 100.000 posacenere tascabili.\" \/>\n<meta name=\"robots\" content=\"index, follow, max-snippet:-1, max-image-preview:large, max-video-preview:-1\" \/>\n<link rel=\"canonical\" href=\"https:\/\/socialdesignmagazine.com\/mag\/green\/spiagge-piu-protette-con-la-campagna-ma-il-mare-non-vale-una-cicca\/\" \/>\n<meta property=\"og:locale\" content=\"it_IT\" \/>\n<meta property=\"og:type\" content=\"article\" \/>\n<meta property=\"og:title\" content=\"Spiagge pi\u00f9 protette con la campagna \u201cMa il mare non vale una cicca?\u201d - Social Design Magazine\" \/>\n<meta property=\"og:description\" content=\"Torna il 4 e 5 agosto l\u2019iniziativa di Marevivo e JTI per liberare oltre 350 spiagge dai mozziconi. In tutt\u2019Italia mille volontari distribuiranno 100.000 posacenere tascabili.\" \/>\n<meta property=\"og:url\" content=\"http:\/\/socialdesignmagazine.com\/mag\/green\/spiagge-piu-protette-con-la-campagna-ma-il-mare-non-vale-una-cicca\/\" \/>\n<meta property=\"og:site_name\" content=\"Social Design Magazine\" \/>\n<meta property=\"article:publisher\" content=\"https:\/\/www.facebook.com\/socialdesignmag\" \/>\n<meta property=\"article:author\" content=\"https:\/\/www.facebook.com\/benedettofiori\" \/>\n<meta property=\"article:published_time\" content=\"2012-07-30T07:11:48+00:00\" \/>\n<meta property=\"article:modified_time\" content=\"2024-05-17T20:56:26+00:00\" \/>\n<meta property=\"og:image\" content=\"https:\/\/socialdesignmagazine.com\/mag\/wp-content\/uploads\/2012\/07\/benedetto_il_mare_non_vale_una_cicca_infografica-le-spiagge-coinvolte.jpg\" \/>\n\t<meta property=\"og:image:width\" content=\"720\" \/>\n\t<meta property=\"og:image:height\" content=\"900\" \/>\n\t<meta property=\"og:image:type\" content=\"image\/jpeg\" \/>\n<meta name=\"author\" content=\"Benedetto Fiori\" \/>\n<meta name=\"twitter:card\" content=\"summary_large_image\" \/>\n<meta name=\"twitter:creator\" content=\"@benedettofiori\" \/>\n<meta name=\"twitter:site\" content=\"@socialdesignmag\" \/>\n<meta name=\"twitter:label1\" content=\"Scritto da\" \/>\n\t<meta name=\"twitter:data1\" content=\"Benedetto Fiori\" \/>\n\t<meta name=\"twitter:label2\" content=\"Tempo di lettura stimato\" \/>\n\t<meta name=\"twitter:data2\" content=\"2 minuti\" \/>\n<script type=\"application\/ld+json\" class=\"yoast-schema-graph\">{\"@context\":\"https:\/\/schema.org\",\"@graph\":[{\"@type\":\"Article\",\"@id\":\"https:\/\/socialdesignmagazine.com\/mag\/green\/spiagge-piu-protette-con-la-campagna-ma-il-mare-non-vale-una-cicca\/#article\",\"isPartOf\":{\"@id\":\"https:\/\/socialdesignmagazine.com\/mag\/green\/spiagge-piu-protette-con-la-campagna-ma-il-mare-non-vale-una-cicca\/\"},\"author\":{\"name\":\"Benedetto Fiori\",\"@id\":\"https:\/\/socialdesignmagazine.com\/mag\/#\/schema\/person\/61e20205cc363c315e6aabd33a045846\"},\"headline\":\"Spiagge pi\u00f9 protette con la campagna \u201cMa il mare non vale una cicca?\u201d\",\"datePublished\":\"2012-07-30T07:11:48+00:00\",\"dateModified\":\"2024-05-17T20:56:26+00:00\",\"mainEntityOfPage\":{\"@id\":\"https:\/\/socialdesignmagazine.com\/mag\/green\/spiagge-piu-protette-con-la-campagna-ma-il-mare-non-vale-una-cicca\/\"},\"wordCount\":192,\"commentCount\":0,\"publisher\":{\"@id\":\"https:\/\/socialdesignmagazine.com\/mag\/#organization\"},\"image\":{\"@id\":\"https:\/\/socialdesignmagazine.com\/mag\/green\/spiagge-piu-protette-con-la-campagna-ma-il-mare-non-vale-una-cicca\/#primaryimage\"},\"thumbnailUrl\":\"https:\/\/socialdesignmagazine.com\/mag\/wp-content\/uploads\/2012\/07\/benedetto_il_mare_non_vale_una_cicca_infografica-le-spiagge-coinvolte.jpg\",\"keywords\":[\"green\",\"mare\"],\"articleSection\":[\"Green\"],\"inLanguage\":\"it-IT\",\"potentialAction\":[{\"@type\":\"CommentAction\",\"name\":\"Comment\",\"target\":[\"https:\/\/socialdesignmagazine.com\/mag\/green\/spiagge-piu-protette-con-la-campagna-ma-il-mare-non-vale-una-cicca\/#respond\"]}]},{\"@type\":\"WebPage\",\"@id\":\"https:\/\/socialdesignmagazine.com\/mag\/green\/spiagge-piu-protette-con-la-campagna-ma-il-mare-non-vale-una-cicca\/\",\"url\":\"https:\/\/socialdesignmagazine.com\/mag\/green\/spiagge-piu-protette-con-la-campagna-ma-il-mare-non-vale-una-cicca\/\",\"name\":\"Spiagge pi\u00f9 protette con la campagna \u201cMa il mare non vale una cicca?\u201d - Social Design Magazine\",\"isPartOf\":{\"@id\":\"https:\/\/socialdesignmagazine.com\/mag\/#website\"},\"primaryImageOfPage\":{\"@id\":\"https:\/\/socialdesignmagazine.com\/mag\/green\/spiagge-piu-protette-con-la-campagna-ma-il-mare-non-vale-una-cicca\/#primaryimage\"},\"image\":{\"@id\":\"https:\/\/socialdesignmagazine.com\/mag\/green\/spiagge-piu-protette-con-la-campagna-ma-il-mare-non-vale-una-cicca\/#primaryimage\"},\"thumbnailUrl\":\"https:\/\/socialdesignmagazine.com\/mag\/wp-content\/uploads\/2012\/07\/benedetto_il_mare_non_vale_una_cicca_infografica-le-spiagge-coinvolte.jpg\",\"datePublished\":\"2012-07-30T07:11:48+00:00\",\"dateModified\":\"2024-05-17T20:56:26+00:00\",\"description\":\"Torna il 4 e 5 agosto l\u2019iniziativa di Marevivo e JTI per liberare oltre 350 spiagge dai mozziconi. In tutt\u2019Italia mille volontari distribuiranno 100.000 posacenere tascabili.\",\"breadcrumb\":{\"@id\":\"https:\/\/socialdesignmagazine.com\/mag\/green\/spiagge-piu-protette-con-la-campagna-ma-il-mare-non-vale-una-cicca\/#breadcrumb\"},\"inLanguage\":\"it-IT\",\"potentialAction\":[{\"@type\":\"ReadAction\",\"target\":[\"https:\/\/socialdesignmagazine.com\/mag\/green\/spiagge-piu-protette-con-la-campagna-ma-il-mare-non-vale-una-cicca\/\"]}]},{\"@type\":\"ImageObject\",\"inLanguage\":\"it-IT\",\"@id\":\"https:\/\/socialdesignmagazine.com\/mag\/green\/spiagge-piu-protette-con-la-campagna-ma-il-mare-non-vale-una-cicca\/#primaryimage\",\"url\":\"https:\/\/socialdesignmagazine.com\/mag\/wp-content\/uploads\/2012\/07\/benedetto_il_mare_non_vale_una_cicca_infografica-le-spiagge-coinvolte.jpg\",\"contentUrl\":\"https:\/\/socialdesignmagazine.com\/mag\/wp-content\/uploads\/2012\/07\/benedetto_il_mare_non_vale_una_cicca_infografica-le-spiagge-coinvolte.jpg\",\"width\":720,\"height\":900,\"caption\":\"infografica-le-spiagge-coinvolte\"},{\"@type\":\"BreadcrumbList\",\"@id\":\"https:\/\/socialdesignmagazine.com\/mag\/green\/spiagge-piu-protette-con-la-campagna-ma-il-mare-non-vale-una-cicca\/#breadcrumb\",\"itemListElement\":[{\"@type\":\"ListItem\",\"position\":1,\"name\":\"Home\",\"item\":\"https:\/\/socialdesignmagazine.com\/mag\/\"},{\"@type\":\"ListItem\",\"position\":2,\"name\":\"Green\",\"item\":\"https:\/\/socialdesignmagazine.com\/mag\/green\/\"},{\"@type\":\"ListItem\",\"position\":3,\"name\":\"Spiagge pi\u00f9 protette con la campagna \u201cMa il mare non vale una cicca?\u201d\"}]},{\"@type\":\"WebSite\",\"@id\":\"https:\/\/socialdesignmagazine.com\/mag\/#website\",\"url\":\"https:\/\/socialdesignmagazine.com\/mag\/\",\"name\":\"Social Design Magazine\",\"description\":\"Social Magazine su Design, Architettura, Arte, Grafica\",\"publisher\":{\"@id\":\"https:\/\/socialdesignmagazine.com\/mag\/#organization\"},\"potentialAction\":[{\"@type\":\"SearchAction\",\"target\":{\"@type\":\"EntryPoint\",\"urlTemplate\":\"https:\/\/socialdesignmagazine.com\/mag\/?s={search_term_string}\"},\"query-input\":{\"@type\":\"PropertyValueSpecification\",\"valueRequired\":true,\"valueName\":\"search_term_string\"}}],\"inLanguage\":\"it-IT\"},{\"@type\":\"Organization\",\"@id\":\"https:\/\/socialdesignmagazine.com\/mag\/#organization\",\"name\":\"Social Design Magazine\",\"url\":\"https:\/\/socialdesignmagazine.com\/mag\/\",\"logo\":{\"@type\":\"ImageObject\",\"inLanguage\":\"it-IT\",\"@id\":\"https:\/\/socialdesignmagazine.com\/mag\/#\/schema\/logo\/image\/\",\"url\":\"https:\/\/socialdesignmagazine.com\/mag\/wp-content\/uploads\/2017\/01\/logo_favicon_11.png\",\"contentUrl\":\"https:\/\/socialdesignmagazine.com\/mag\/wp-content\/uploads\/2017\/01\/logo_favicon_11.png\",\"width\":1024,\"height\":1024,\"caption\":\"Social Design Magazine\"},\"image\":{\"@id\":\"https:\/\/socialdesignmagazine.com\/mag\/#\/schema\/logo\/image\/\"},\"sameAs\":[\"https:\/\/www.facebook.com\/socialdesignmag\",\"https:\/\/x.com\/socialdesignmag\",\"http:\/\/instagram.com\/social_design_magazine\/\",\"http:\/\/pinterest.com\/socialdesignmag\/\",\"http:\/\/www.youtube.com\/user\/socialdesignmagazine\"]},{\"@type\":\"Person\",\"@id\":\"https:\/\/socialdesignmagazine.com\/mag\/#\/schema\/person\/61e20205cc363c315e6aabd33a045846\",\"name\":\"Benedetto Fiori\",\"image\":{\"@type\":\"ImageObject\",\"inLanguage\":\"it-IT\",\"@id\":\"https:\/\/secure.gravatar.com\/avatar\/450a48cefa36da63d920ad70aa660bd10725b1c6093800242e5efdb397759033?s=96&d=mm&r=g\",\"url\":\"https:\/\/secure.gravatar.com\/avatar\/450a48cefa36da63d920ad70aa660bd10725b1c6093800242e5efdb397759033?s=96&d=mm&r=g\",\"contentUrl\":\"https:\/\/secure.gravatar.com\/avatar\/450a48cefa36da63d920ad70aa660bd10725b1c6093800242e5efdb397759033?s=96&d=mm&r=g\",\"caption\":\"Benedetto Fiori\"},\"description\":\"Web | Twitter | Facebook | Shutterstock Founder &amp; Editor in Chief di Social Design Magazine. Attratto da sempre da tutto ci\u00f2 che \u00e8 creativit\u00e0, design, architettura. Dopo aver studiato Architettura all'Universit\u00e0 di Firenze, si \u00e8 impegnato in molteplici campi: comunicazione grafica, progettazione di allestimenti fieristici, brand design, Interior Design.\",\"sameAs\":[\"http:\/\/benedettofiori.com\",\"https:\/\/www.facebook.com\/benedettofiori\",\"https:\/\/x.com\/benedettofiori\"],\"url\":\"https:\/\/socialdesignmagazine.com\/mag\/author\/benedetto\/\"}]}<\/script>\n<!-- \/ Yoast SEO plugin. -->","yoast_head_json":{"title":"Spiagge pi\u00f9 protette con la campagna \u201cMa il mare non vale una cicca?\u201d - Social Design Magazine","description":"Torna il 4 e 5 agosto l\u2019iniziativa di Marevivo e JTI per liberare oltre 350 spiagge dai mozziconi. In tutt\u2019Italia mille volontari distribuiranno 100.000 posacenere tascabili.","robots":{"index":"index","follow":"follow","max-snippet":"max-snippet:-1","max-image-preview":"max-image-preview:large","max-video-preview":"max-video-preview:-1"},"canonical":"https:\/\/socialdesignmagazine.com\/mag\/green\/spiagge-piu-protette-con-la-campagna-ma-il-mare-non-vale-una-cicca\/","og_locale":"it_IT","og_type":"article","og_title":"Spiagge pi\u00f9 protette con la campagna \u201cMa il mare non vale una cicca?\u201d - Social Design Magazine","og_description":"Torna il 4 e 5 agosto l\u2019iniziativa di Marevivo e JTI per liberare oltre 350 spiagge dai mozziconi. In tutt\u2019Italia mille volontari distribuiranno 100.000 posacenere tascabili.","og_url":"http:\/\/socialdesignmagazine.com\/mag\/green\/spiagge-piu-protette-con-la-campagna-ma-il-mare-non-vale-una-cicca\/","og_site_name":"Social Design Magazine","article_publisher":"https:\/\/www.facebook.com\/socialdesignmag","article_author":"https:\/\/www.facebook.com\/benedettofiori","article_published_time":"2012-07-30T07:11:48+00:00","article_modified_time":"2024-05-17T20:56:26+00:00","og_image":[{"width":720,"height":900,"url":"https:\/\/socialdesignmagazine.com\/mag\/wp-content\/uploads\/2012\/07\/benedetto_il_mare_non_vale_una_cicca_infografica-le-spiagge-coinvolte.jpg","type":"image\/jpeg"}],"author":"Benedetto Fiori","twitter_card":"summary_large_image","twitter_creator":"@benedettofiori","twitter_site":"@socialdesignmag","twitter_misc":{"Scritto da":"Benedetto Fiori","Tempo di lettura stimato":"2 minuti"},"schema":{"@context":"https:\/\/schema.org","@graph":[{"@type":"Article","@id":"https:\/\/socialdesignmagazine.com\/mag\/green\/spiagge-piu-protette-con-la-campagna-ma-il-mare-non-vale-una-cicca\/#article","isPartOf":{"@id":"https:\/\/socialdesignmagazine.com\/mag\/green\/spiagge-piu-protette-con-la-campagna-ma-il-mare-non-vale-una-cicca\/"},"author":{"name":"Benedetto Fiori","@id":"https:\/\/socialdesignmagazine.com\/mag\/#\/schema\/person\/61e20205cc363c315e6aabd33a045846"},"headline":"Spiagge pi\u00f9 protette con la campagna \u201cMa il mare non vale una cicca?\u201d","datePublished":"2012-07-30T07:11:48+00:00","dateModified":"2024-05-17T20:56:26+00:00","mainEntityOfPage":{"@id":"https:\/\/socialdesignmagazine.com\/mag\/green\/spiagge-piu-protette-con-la-campagna-ma-il-mare-non-vale-una-cicca\/"},"wordCount":192,"commentCount":0,"publisher":{"@id":"https:\/\/socialdesignmagazine.com\/mag\/#organization"},"image":{"@id":"https:\/\/socialdesignmagazine.com\/mag\/green\/spiagge-piu-protette-con-la-campagna-ma-il-mare-non-vale-una-cicca\/#primaryimage"},"thumbnailUrl":"https:\/\/socialdesignmagazine.com\/mag\/wp-content\/uploads\/2012\/07\/benedetto_il_mare_non_vale_una_cicca_infografica-le-spiagge-coinvolte.jpg","keywords":["green","mare"],"articleSection":["Green"],"inLanguage":"it-IT","potentialAction":[{"@type":"CommentAction","name":"Comment","target":["https:\/\/socialdesignmagazine.com\/mag\/green\/spiagge-piu-protette-con-la-campagna-ma-il-mare-non-vale-una-cicca\/#respond"]}]},{"@type":"WebPage","@id":"https:\/\/socialdesignmagazine.com\/mag\/green\/spiagge-piu-protette-con-la-campagna-ma-il-mare-non-vale-una-cicca\/","url":"https:\/\/socialdesignmagazine.com\/mag\/green\/spiagge-piu-protette-con-la-campagna-ma-il-mare-non-vale-una-cicca\/","name":"Spiagge pi\u00f9 protette con la campagna \u201cMa il mare non vale una cicca?\u201d - Social Design Magazine","isPartOf":{"@id":"https:\/\/socialdesignmagazine.com\/mag\/#website"},"primaryImageOfPage":{"@id":"https:\/\/socialdesignmagazine.com\/mag\/green\/spiagge-piu-protette-con-la-campagna-ma-il-mare-non-vale-una-cicca\/#primaryimage"},"image":{"@id":"https:\/\/socialdesignmagazine.com\/mag\/green\/spiagge-piu-protette-con-la-campagna-ma-il-mare-non-vale-una-cicca\/#primaryimage"},"thumbnailUrl":"https:\/\/socialdesignmagazine.com\/mag\/wp-content\/uploads\/2012\/07\/benedetto_il_mare_non_vale_una_cicca_infografica-le-spiagge-coinvolte.jpg","datePublished":"2012-07-30T07:11:48+00:00","dateModified":"2024-05-17T20:56:26+00:00","description":"Torna il 4 e 5 agosto l\u2019iniziativa di Marevivo e JTI per liberare oltre 350 spiagge dai mozziconi. In tutt\u2019Italia mille volontari distribuiranno 100.000 posacenere tascabili.","breadcrumb":{"@id":"https:\/\/socialdesignmagazine.com\/mag\/green\/spiagge-piu-protette-con-la-campagna-ma-il-mare-non-vale-una-cicca\/#breadcrumb"},"inLanguage":"it-IT","potentialAction":[{"@type":"ReadAction","target":["https:\/\/socialdesignmagazine.com\/mag\/green\/spiagge-piu-protette-con-la-campagna-ma-il-mare-non-vale-una-cicca\/"]}]},{"@type":"ImageObject","inLanguage":"it-IT","@id":"https:\/\/socialdesignmagazine.com\/mag\/green\/spiagge-piu-protette-con-la-campagna-ma-il-mare-non-vale-una-cicca\/#primaryimage","url":"https:\/\/socialdesignmagazine.com\/mag\/wp-content\/uploads\/2012\/07\/benedetto_il_mare_non_vale_una_cicca_infografica-le-spiagge-coinvolte.jpg","contentUrl":"https:\/\/socialdesignmagazine.com\/mag\/wp-content\/uploads\/2012\/07\/benedetto_il_mare_non_vale_una_cicca_infografica-le-spiagge-coinvolte.jpg","width":720,"height":900,"caption":"infografica-le-spiagge-coinvolte"},{"@type":"BreadcrumbList","@id":"https:\/\/socialdesignmagazine.com\/mag\/green\/spiagge-piu-protette-con-la-campagna-ma-il-mare-non-vale-una-cicca\/#breadcrumb","itemListElement":[{"@type":"ListItem","position":1,"name":"Home","item":"https:\/\/socialdesignmagazine.com\/mag\/"},{"@type":"ListItem","position":2,"name":"Green","item":"https:\/\/socialdesignmagazine.com\/mag\/green\/"},{"@type":"ListItem","position":3,"name":"Spiagge pi\u00f9 protette con la campagna \u201cMa il mare non vale una cicca?\u201d"}]},{"@type":"WebSite","@id":"https:\/\/socialdesignmagazine.com\/mag\/#website","url":"https:\/\/socialdesignmagazine.com\/mag\/","name":"Social Design Magazine","description":"Social Magazine su Design, Architettura, Arte, Grafica","publisher":{"@id":"https:\/\/socialdesignmagazine.com\/mag\/#organization"},"potentialAction":[{"@type":"SearchAction","target":{"@type":"EntryPoint","urlTemplate":"https:\/\/socialdesignmagazine.com\/mag\/?s={search_term_string}"},"query-input":{"@type":"PropertyValueSpecification","valueRequired":true,"valueName":"search_term_string"}}],"inLanguage":"it-IT"},{"@type":"Organization","@id":"https:\/\/socialdesignmagazine.com\/mag\/#organization","name":"Social Design Magazine","url":"https:\/\/socialdesignmagazine.com\/mag\/","logo":{"@type":"ImageObject","inLanguage":"it-IT","@id":"https:\/\/socialdesignmagazine.com\/mag\/#\/schema\/logo\/image\/","url":"https:\/\/socialdesignmagazine.com\/mag\/wp-content\/uploads\/2017\/01\/logo_favicon_11.png","contentUrl":"https:\/\/socialdesignmagazine.com\/mag\/wp-content\/uploads\/2017\/01\/logo_favicon_11.png","width":1024,"height":1024,"caption":"Social Design Magazine"},"image":{"@id":"https:\/\/socialdesignmagazine.com\/mag\/#\/schema\/logo\/image\/"},"sameAs":["https:\/\/www.facebook.com\/socialdesignmag","https:\/\/x.com\/socialdesignmag","http:\/\/instagram.com\/social_design_magazine\/","http:\/\/pinterest.com\/socialdesignmag\/","http:\/\/www.youtube.com\/user\/socialdesignmagazine"]},{"@type":"Person","@id":"https:\/\/socialdesignmagazine.com\/mag\/#\/schema\/person\/61e20205cc363c315e6aabd33a045846","name":"Benedetto Fiori","image":{"@type":"ImageObject","inLanguage":"it-IT","@id":"https:\/\/secure.gravatar.com\/avatar\/450a48cefa36da63d920ad70aa660bd10725b1c6093800242e5efdb397759033?s=96&d=mm&r=g","url":"https:\/\/secure.gravatar.com\/avatar\/450a48cefa36da63d920ad70aa660bd10725b1c6093800242e5efdb397759033?s=96&d=mm&r=g","contentUrl":"https:\/\/secure.gravatar.com\/avatar\/450a48cefa36da63d920ad70aa660bd10725b1c6093800242e5efdb397759033?s=96&d=mm&r=g","caption":"Benedetto Fiori"},"description":"Web | Twitter | Facebook | Shutterstock Founder &amp; Editor in Chief di Social Design Magazine. Attratto da sempre da tutto ci\u00f2 che \u00e8 creativit\u00e0, design, architettura. Dopo aver studiato Architettura all'Universit\u00e0 di Firenze, si \u00e8 impegnato in molteplici campi: comunicazione grafica, progettazione di allestimenti fieristici, brand design, Interior Design.","sameAs":["http:\/\/benedettofiori.com","https:\/\/www.facebook.com\/benedettofiori","https:\/\/x.com\/benedettofiori"],"url":"https:\/\/socialdesignmagazine.com\/mag\/author\/benedetto\/"}]}},"jetpack_featured_media_url":"https:\/\/socialdesignmagazine.com\/mag\/wp-content\/uploads\/2012\/07\/benedetto_il_mare_non_vale_una_cicca_infografica-le-spiagge-coinvolte.jpg","jetpack_sharing_enabled":true,"jetpack_shortlink":"https:\/\/wp.me\/p6cV7V-jD","gt_translate_keys":[{"key":"link","format":"url"}],"_links":{"self":[{"href":"https:\/\/socialdesignmagazine.com\/mag\/wp-json\/wp\/v2\/posts\/1217","targetHints":{"allow":["GET"]}}],"collection":[{"href":"https:\/\/socialdesignmagazine.com\/mag\/wp-json\/wp\/v2\/posts"}],"about":[{"href":"https:\/\/socialdesignmagazine.com\/mag\/wp-json\/wp\/v2\/types\/post"}],"author":[{"embeddable":true,"href":"https:\/\/socialdesignmagazine.com\/mag\/wp-json\/wp\/v2\/users\/1"}],"replies":[{"embeddable":true,"href":"https:\/\/socialdesignmagazine.com\/mag\/wp-json\/wp\/v2\/comments?post=1217"}],"version-history":[{"count":1,"href":"https:\/\/socialdesignmagazine.com\/mag\/wp-json\/wp\/v2\/posts\/1217\/revisions"}],"predecessor-version":[{"id":60446,"href":"https:\/\/socialdesignmagazine.com\/mag\/wp-json\/wp\/v2\/posts\/1217\/revisions\/60446"}],"wp:featuredmedia":[{"embeddable":true,"href":"https:\/\/socialdesignmagazine.com\/mag\/wp-json\/wp\/v2\/media\/8827"}],"wp:attachment":[{"href":"https:\/\/socialdesignmagazine.com\/mag\/wp-json\/wp\/v2\/media?parent=1217"}],"wp:term":[{"taxonomy":"category","embeddable":true,"href":"https:\/\/socialdesignmagazine.com\/mag\/wp-json\/wp\/v2\/categories?post=1217"},{"taxonomy":"post_tag","embeddable":true,"href":"https:\/\/socialdesignmagazine.com\/mag\/wp-json\/wp\/v2\/tags?post=1217"}],"curies":[{"name":"wp","href":"https:\/\/api.w.org\/{rel}","templated":true}]}}