{"id":1390,"date":"2012-08-02T09:09:57","date_gmt":"2012-08-02T07:09:57","guid":{"rendered":"https:\/\/socialdesignmagazine.com\/mag\/s5-architettura\/c34-architettura\/alvaro-siza-viagem-sem-programa-disegni-e-ritratti-evento-collaterale-della-13-mostra-internazionale-di-architettura-la-biennale-di-venezia\/"},"modified":"2024-05-17T23:24:16","modified_gmt":"2024-05-17T21:24:16","slug":"alvaro-siza-viagem-sem-programa-disegni-e-ritratti-evento-collaterale-della-13-mostra-internazionale-di-architettura-la-biennale-di-venezia","status":"publish","type":"post","link":"https:\/\/socialdesignmagazine.com\/mag\/architettura\/alvaro-siza-viagem-sem-programa-disegni-e-ritratti-evento-collaterale-della-13-mostra-internazionale-di-architettura-la-biennale-di-venezia\/","title":{"rendered":"\u201c\u00c1LVARO SIZA. VIAGEM SEM PROGRAMA\u201d DISEGNI E RITRATTI EVENTO COLLATERALE DELLA 13. MOSTRA INTERNAZIONALE DI ARCHITETTURA LA BIENNALE DI VENEZIA","gt_translate_keys":[{"key":"rendered","format":"text"}]},"content":{"rendered":"\n<p>Un progetto espositivo completamente dedicato al lato pi\u00f9 intimo e meno conosciuto dell\u2019architetto portoghese \u00c1lvaro Siza, figura di spicco nel panorama progettuale internazionale, insignito proprio<br>in questi giorni del Leone d\u2019Oro alla carriera della 13. Mostra Internazionale di Architettura &#8211; la Biennale di Venezia. \u201c\u00c1lvaro Siza. Viagem sem Programa\u201d, questo il titolo della mostra che si terr\u00e0 nel palazzo cinquecentesco della Fondazione Querini Stampalia di Venezia, dal 29 agosto all\u2019 11 novembre 2012, con ingresso gratuito.<\/p>\n\n\n\n<p>La mostra, organizzata dall\u2019associazione culturale MedicinaMentis, in collaborazione con la Fondazione Querini Stampalia, nasce dai numerosi incontri che i due curatori, Greta Ruffino e Raul Betti, hanno avuto con l\u2019architetto lusitano, presso il suo studio a Porto e racconta, attraverso l\u2019esposizione di 53 opere, tratte dai suoi quaderni di appunti e personalmente selezionate dallo stesso autore, non solo l\u2019attivit\u00e0 dell\u2019architetto ma soprattutto quella dell\u2019uomo.<\/p>\n\n\n\n<p>Il percorso espositivo sottolinea la straordinaria memoria eidetica dell\u2019architetto Siza, prendendo le mosse dai suoi disegni (in prevalenza ritratti) realizzati durante gli anni della giovinezza, con una sezione dedicata alla famiglia, i numerosi viaggi compiuti all\u2019estero, le pi\u00f9 recenti cene con gli amici e i momenti liberi \u201cdal peso del lavoro\u201d, e si popola via via di ricordi, sensazioni, note ironiche e visioni, tutte valide, in quanto inerenti alla vita.<\/p>\n\n\n<div class=\"wp-block-image\">\n<figure class=\"aligncenter\"><img loading=\"lazy\" decoding=\"async\" width=\"720\" height=\"571\" data-attachment-id=\"8917\" data-permalink=\"https:\/\/socialdesignmagazine.com\/mag\/architettura\/alvaro-siza-viagem-sem-programa-disegni-e-ritratti-evento-collaterale-della-13-mostra-internazionale-di-architettura-la-biennale-di-venezia\/attachment\/alvaro-siza\/#content\" data-orig-file=\"https:\/\/socialdesignmagazine.com\/mag\/wp-content\/uploads\/2012\/08\/benedetto_Alvaro_Siza_viagem_sem_programa_alvaro_siza.jpg\" data-orig-size=\"720,571\" data-comments-opened=\"1\" data-image-meta=\"{&quot;aperture&quot;:&quot;0&quot;,&quot;credit&quot;:&quot;&quot;,&quot;camera&quot;:&quot;&quot;,&quot;caption&quot;:&quot;&quot;,&quot;created_timestamp&quot;:&quot;0&quot;,&quot;copyright&quot;:&quot;&quot;,&quot;focal_length&quot;:&quot;0&quot;,&quot;iso&quot;:&quot;0&quot;,&quot;shutter_speed&quot;:&quot;0&quot;,&quot;title&quot;:&quot;&quot;,&quot;orientation&quot;:&quot;0&quot;}\" data-image-title=\"alvaro siza\" data-image-description=\"\" data-image-caption=\"\" data-medium-file=\"https:\/\/socialdesignmagazine.com\/mag\/wp-content\/uploads\/2012\/08\/benedetto_Alvaro_Siza_viagem_sem_programa_alvaro_siza-396x256.jpg\" data-large-file=\"https:\/\/socialdesignmagazine.com\/mag\/wp-content\/uploads\/2012\/08\/benedetto_Alvaro_Siza_viagem_sem_programa_alvaro_siza.jpg\" src=\"https:\/\/socialdesignmagazine.com\/mag\/wp-content\/uploads\/2012\/08\/benedetto_Alvaro_Siza_viagem_sem_programa_alvaro_siza.jpg\" alt=\"alvaro siza\" class=\"wp-image-8917\"\/><\/figure>\n<\/div>\n\n\n<p>\u201cLa mostra \u2013 dicono i due curatori &#8211; addentrandosi nella natura umana e nella cultura progettuale, intende mettere in risalto il legame inscindibile tra queste due componenti, svelando attraverso un percorso emotivo, l\u2019aspetto pi\u00f9 intimo e privato di \u00c1lvaro Siza che si manifesta in una profonda e intensa capacit\u00e0 di osservare e successivamente tradurre in segno i frammenti della realt\u00e0\u201d.<br>Le opere (stampe autenticate dall\u2019autore, n.53, 1 di 1 \u2013 che insieme costituiscono un\u2019opera inedita e unica), si susseguiranno in un percorso espositivo che metter\u00e0 in luce sguardi e sogni, ricordi e volti di sconosciuti e di tutti quegli amici incontrati in quello straordinario \u201cviaggio senza programma\u201d, che \u00e8 la vita.<\/p>\n\n\n\n<p>L\u2019esposizione, presso la Fondazione Querini Stampalia di Venezia, prevede inoltre uno spazio dedicato alla videoproiezione dell\u2019intervista, realizzata in Portogallo nell\u2019agosto del 2011, in cui \u00c1lvaro Siza parla della sua intima relazione con il disegno, soffermandosi sull\u2019infanzia, gli inizi della carriera, gli incontri di vita e le amicizie maggiormente significative, con uno sguardo verso nuovi sorprendenti progetti.<\/p>\n\n\n\n<p>Il catalogo della mostra, con le 53 opere esposte, accompagnate dal testo integrale dell\u2019intervista ad \u00c1lvaro Siza, tradotto in quattro lingue, edito e distribuito dalla Red Publishing e realizzato con una nuovissima carta ecologica Favini, sar\u00e0 in vendita dal 29 agosto presso il bookshop della Querini Stampalia e nelle migliori librerie italiane e internazionali.<\/p>\n\n\n\n<p>Maggiori informazioni <a class=\"jcepopup\" href=\"http:\/\/www.viagemsemprograma.com\" target=\"_blank\" rel=\"nofollow noopener\">qui<\/a><\/p>\n","protected":false,"gt_translate_keys":[{"key":"rendered","format":"html"}]},"excerpt":{"rendered":"<p>Un progetto espositivo completamente dedicato al lato pi\u00f9 intimo e meno conosciuto dell\u2019architetto portoghese \u00c1lvaro Siza, figura di spicco nel panorama progettuale internazionale, insignito proprio<br \/>\nin questi giorni del Leone d\u2019Oro alla carriera della 13. Mostra Internazionale di Architettura &#8211; la Biennale di Venezia.<\/p>\n","protected":false,"gt_translate_keys":[{"key":"rendered","format":"html"}]},"author":1,"featured_media":8916,"comment_status":"open","ping_status":"open","sticky":false,"template":"","format":"standard","meta":{"jetpack_post_was_ever_published":false,"_jetpack_newsletter_access":"","_jetpack_dont_email_post_to_subs":false,"_jetpack_newsletter_tier_id":0,"_jetpack_memberships_contains_paywalled_content":false,"_jetpack_memberships_contains_paid_content":false,"footnotes":"","_wpscppro_dont_share_socialmedia":false,"_wpscppro_custom_social_share_image":0,"_facebook_share_type":"","_twitter_share_type":"","_linkedin_share_type":"","_pinterest_share_type":"","_linkedin_share_type_page":"","_instagram_share_type":"","_medium_share_type":"","_threads_share_type":"","_google_business_share_type":"","_selected_social_profile":[],"_wpsp_enable_custom_social_template":false,"_wpsp_social_scheduling":{"enabled":false,"datetime":null,"platforms":[],"status":"template_only","dateOption":"today","timeOption":"now","customDays":"","customHours":"","customDate":"","customTime":"","schedulingType":"absolute"},"_wpsp_active_default_template":true},"categories":[15],"tags":[1120,2213,1765],"class_list":["post-1390","post","type-post","status-publish","format-standard","has-post-thumbnail","hentry","category-architettura","tag-alvaro-siza","tag-biennale-di-architettura-2012","tag-venezia"],"yoast_head":"<!-- This site is optimized with the Yoast SEO plugin v27.2 - https:\/\/yoast.com\/product\/yoast-seo-wordpress\/ -->\n<title>\u201c\u00c1LVARO SIZA. VIAGEM SEM PROGRAMA\u201d DISEGNI E RITRATTI EVENTO COLLATERALE DELLA 13. MOSTRA INTERNAZIONALE DI ARCHITETTURA LA BIENNALE DI VENEZIA - Social Design Magazine<\/title>\n<meta name=\"description\" content=\"Un progetto espositivo completamente dedicato al lato pi\u00f9 intimo e meno conosciuto dell\u2019architetto portoghese \u00c1lvaro Siza, figura di spicco nel panorama progettuale internazionale, insignito proprioin questi giorni del Leone d\u2019Oro alla carriera della 13. Mostra Internazionale di Architettura - la Biennale di Venezia.\" \/>\n<meta name=\"robots\" content=\"index, follow, max-snippet:-1, max-image-preview:large, max-video-preview:-1\" \/>\n<link rel=\"canonical\" href=\"https:\/\/socialdesignmagazine.com\/mag\/architettura\/alvaro-siza-viagem-sem-programa-disegni-e-ritratti-evento-collaterale-della-13-mostra-internazionale-di-architettura-la-biennale-di-venezia\/\" \/>\n<meta property=\"og:locale\" content=\"it_IT\" \/>\n<meta property=\"og:type\" content=\"article\" \/>\n<meta property=\"og:title\" content=\"\u201c\u00c1LVARO SIZA. VIAGEM SEM PROGRAMA\u201d DISEGNI E RITRATTI EVENTO COLLATERALE DELLA 13. MOSTRA INTERNAZIONALE DI ARCHITETTURA LA BIENNALE DI VENEZIA - Social Design Magazine\" \/>\n<meta property=\"og:description\" content=\"Un progetto espositivo completamente dedicato al lato pi\u00f9 intimo e meno conosciuto dell\u2019architetto portoghese \u00c1lvaro Siza, figura di spicco nel panorama progettuale internazionale, insignito proprioin questi giorni del Leone d\u2019Oro alla carriera della 13. Mostra Internazionale di Architettura - la Biennale di Venezia.\" \/>\n<meta property=\"og:url\" content=\"http:\/\/socialdesignmagazine.com\/mag\/architettura\/alvaro-siza-viagem-sem-programa-disegni-e-ritratti-evento-collaterale-della-13-mostra-internazionale-di-architettura-la-biennale-di-venezia\/\" \/>\n<meta property=\"og:site_name\" content=\"Social Design Magazine\" \/>\n<meta property=\"article:publisher\" content=\"https:\/\/www.facebook.com\/socialdesignmag\" \/>\n<meta property=\"article:author\" content=\"https:\/\/www.facebook.com\/benedettofiori\" \/>\n<meta property=\"article:published_time\" content=\"2012-08-02T07:09:57+00:00\" \/>\n<meta property=\"article:modified_time\" content=\"2024-05-17T21:24:16+00:00\" \/>\n<meta property=\"og:image\" content=\"https:\/\/socialdesignmagazine.com\/mag\/wp-content\/uploads\/2012\/08\/benedetto_Alvaro_Siza_viagem_sem_programa_alvaro-siza-viagem-sem-programa.jpg\" \/>\n\t<meta property=\"og:image:width\" content=\"720\" \/>\n\t<meta property=\"og:image:height\" content=\"516\" \/>\n\t<meta property=\"og:image:type\" content=\"image\/jpeg\" \/>\n<meta name=\"author\" content=\"Benedetto Fiori\" \/>\n<meta name=\"twitter:card\" content=\"summary_large_image\" \/>\n<meta name=\"twitter:creator\" content=\"@benedettofiori\" \/>\n<meta name=\"twitter:site\" content=\"@socialdesignmag\" \/>\n<meta name=\"twitter:label1\" content=\"Scritto da\" \/>\n\t<meta name=\"twitter:data1\" content=\"Benedetto Fiori\" \/>\n\t<meta name=\"twitter:label2\" content=\"Tempo di lettura stimato\" \/>\n\t<meta name=\"twitter:data2\" content=\"3 minuti\" \/>\n<script type=\"application\/ld+json\" class=\"yoast-schema-graph\">{\"@context\":\"https:\/\/schema.org\",\"@graph\":[{\"@type\":\"Article\",\"@id\":\"https:\/\/socialdesignmagazine.com\/mag\/architettura\/alvaro-siza-viagem-sem-programa-disegni-e-ritratti-evento-collaterale-della-13-mostra-internazionale-di-architettura-la-biennale-di-venezia\/#article\",\"isPartOf\":{\"@id\":\"https:\/\/socialdesignmagazine.com\/mag\/architettura\/alvaro-siza-viagem-sem-programa-disegni-e-ritratti-evento-collaterale-della-13-mostra-internazionale-di-architettura-la-biennale-di-venezia\/\"},\"author\":{\"name\":\"Benedetto Fiori\",\"@id\":\"https:\/\/socialdesignmagazine.com\/mag\/#\/schema\/person\/61e20205cc363c315e6aabd33a045846\"},\"headline\":\"\u201c\u00c1LVARO SIZA. VIAGEM SEM PROGRAMA\u201d DISEGNI E RITRATTI EVENTO COLLATERALE DELLA 13. MOSTRA INTERNAZIONALE DI ARCHITETTURA LA BIENNALE DI VENEZIA\",\"datePublished\":\"2012-08-02T07:09:57+00:00\",\"dateModified\":\"2024-05-17T21:24:16+00:00\",\"mainEntityOfPage\":{\"@id\":\"https:\/\/socialdesignmagazine.com\/mag\/architettura\/alvaro-siza-viagem-sem-programa-disegni-e-ritratti-evento-collaterale-della-13-mostra-internazionale-di-architettura-la-biennale-di-venezia\/\"},\"wordCount\":457,\"commentCount\":0,\"publisher\":{\"@id\":\"https:\/\/socialdesignmagazine.com\/mag\/#organization\"},\"image\":{\"@id\":\"https:\/\/socialdesignmagazine.com\/mag\/architettura\/alvaro-siza-viagem-sem-programa-disegni-e-ritratti-evento-collaterale-della-13-mostra-internazionale-di-architettura-la-biennale-di-venezia\/#primaryimage\"},\"thumbnailUrl\":\"https:\/\/socialdesignmagazine.com\/mag\/wp-content\/uploads\/2012\/08\/benedetto_Alvaro_Siza_viagem_sem_programa_alvaro-siza-viagem-sem-programa.jpg\",\"keywords\":[\"alvaro siza\",\"biennale di architettura 2012\",\"venezia\"],\"articleSection\":[\"Architettura\"],\"inLanguage\":\"it-IT\",\"potentialAction\":[{\"@type\":\"CommentAction\",\"name\":\"Comment\",\"target\":[\"https:\/\/socialdesignmagazine.com\/mag\/architettura\/alvaro-siza-viagem-sem-programa-disegni-e-ritratti-evento-collaterale-della-13-mostra-internazionale-di-architettura-la-biennale-di-venezia\/#respond\"]}]},{\"@type\":\"WebPage\",\"@id\":\"https:\/\/socialdesignmagazine.com\/mag\/architettura\/alvaro-siza-viagem-sem-programa-disegni-e-ritratti-evento-collaterale-della-13-mostra-internazionale-di-architettura-la-biennale-di-venezia\/\",\"url\":\"https:\/\/socialdesignmagazine.com\/mag\/architettura\/alvaro-siza-viagem-sem-programa-disegni-e-ritratti-evento-collaterale-della-13-mostra-internazionale-di-architettura-la-biennale-di-venezia\/\",\"name\":\"\u201c\u00c1LVARO SIZA. VIAGEM SEM PROGRAMA\u201d DISEGNI E RITRATTI EVENTO COLLATERALE DELLA 13. MOSTRA INTERNAZIONALE DI ARCHITETTURA LA BIENNALE DI VENEZIA - Social Design Magazine\",\"isPartOf\":{\"@id\":\"https:\/\/socialdesignmagazine.com\/mag\/#website\"},\"primaryImageOfPage\":{\"@id\":\"https:\/\/socialdesignmagazine.com\/mag\/architettura\/alvaro-siza-viagem-sem-programa-disegni-e-ritratti-evento-collaterale-della-13-mostra-internazionale-di-architettura-la-biennale-di-venezia\/#primaryimage\"},\"image\":{\"@id\":\"https:\/\/socialdesignmagazine.com\/mag\/architettura\/alvaro-siza-viagem-sem-programa-disegni-e-ritratti-evento-collaterale-della-13-mostra-internazionale-di-architettura-la-biennale-di-venezia\/#primaryimage\"},\"thumbnailUrl\":\"https:\/\/socialdesignmagazine.com\/mag\/wp-content\/uploads\/2012\/08\/benedetto_Alvaro_Siza_viagem_sem_programa_alvaro-siza-viagem-sem-programa.jpg\",\"datePublished\":\"2012-08-02T07:09:57+00:00\",\"dateModified\":\"2024-05-17T21:24:16+00:00\",\"description\":\"Un progetto espositivo completamente dedicato al lato pi\u00f9 intimo e meno conosciuto dell\u2019architetto portoghese \u00c1lvaro Siza, figura di spicco nel panorama progettuale internazionale, insignito proprioin questi giorni del Leone d\u2019Oro alla carriera della 13. Mostra Internazionale di Architettura - la Biennale di Venezia.\",\"breadcrumb\":{\"@id\":\"https:\/\/socialdesignmagazine.com\/mag\/architettura\/alvaro-siza-viagem-sem-programa-disegni-e-ritratti-evento-collaterale-della-13-mostra-internazionale-di-architettura-la-biennale-di-venezia\/#breadcrumb\"},\"inLanguage\":\"it-IT\",\"potentialAction\":[{\"@type\":\"ReadAction\",\"target\":[\"https:\/\/socialdesignmagazine.com\/mag\/architettura\/alvaro-siza-viagem-sem-programa-disegni-e-ritratti-evento-collaterale-della-13-mostra-internazionale-di-architettura-la-biennale-di-venezia\/\"]}]},{\"@type\":\"ImageObject\",\"inLanguage\":\"it-IT\",\"@id\":\"https:\/\/socialdesignmagazine.com\/mag\/architettura\/alvaro-siza-viagem-sem-programa-disegni-e-ritratti-evento-collaterale-della-13-mostra-internazionale-di-architettura-la-biennale-di-venezia\/#primaryimage\",\"url\":\"https:\/\/socialdesignmagazine.com\/mag\/wp-content\/uploads\/2012\/08\/benedetto_Alvaro_Siza_viagem_sem_programa_alvaro-siza-viagem-sem-programa.jpg\",\"contentUrl\":\"https:\/\/socialdesignmagazine.com\/mag\/wp-content\/uploads\/2012\/08\/benedetto_Alvaro_Siza_viagem_sem_programa_alvaro-siza-viagem-sem-programa.jpg\",\"width\":720,\"height\":516,\"caption\":\"alvaro-siza-viagem-sem-programa\"},{\"@type\":\"BreadcrumbList\",\"@id\":\"https:\/\/socialdesignmagazine.com\/mag\/architettura\/alvaro-siza-viagem-sem-programa-disegni-e-ritratti-evento-collaterale-della-13-mostra-internazionale-di-architettura-la-biennale-di-venezia\/#breadcrumb\",\"itemListElement\":[{\"@type\":\"ListItem\",\"position\":1,\"name\":\"Home\",\"item\":\"https:\/\/socialdesignmagazine.com\/mag\/\"},{\"@type\":\"ListItem\",\"position\":2,\"name\":\"Architettura\",\"item\":\"https:\/\/socialdesignmagazine.com\/mag\/architettura\/\"},{\"@type\":\"ListItem\",\"position\":3,\"name\":\"\u201c\u00c1LVARO SIZA. VIAGEM SEM PROGRAMA\u201d DISEGNI E RITRATTI EVENTO COLLATERALE DELLA 13. MOSTRA INTERNAZIONALE DI ARCHITETTURA LA BIENNALE DI VENEZIA\"}]},{\"@type\":\"WebSite\",\"@id\":\"https:\/\/socialdesignmagazine.com\/mag\/#website\",\"url\":\"https:\/\/socialdesignmagazine.com\/mag\/\",\"name\":\"Social Design Magazine\",\"description\":\"Social Magazine su Design, Architettura, Arte, Grafica\",\"publisher\":{\"@id\":\"https:\/\/socialdesignmagazine.com\/mag\/#organization\"},\"potentialAction\":[{\"@type\":\"SearchAction\",\"target\":{\"@type\":\"EntryPoint\",\"urlTemplate\":\"https:\/\/socialdesignmagazine.com\/mag\/?s={search_term_string}\"},\"query-input\":{\"@type\":\"PropertyValueSpecification\",\"valueRequired\":true,\"valueName\":\"search_term_string\"}}],\"inLanguage\":\"it-IT\"},{\"@type\":\"Organization\",\"@id\":\"https:\/\/socialdesignmagazine.com\/mag\/#organization\",\"name\":\"Social Design Magazine\",\"url\":\"https:\/\/socialdesignmagazine.com\/mag\/\",\"logo\":{\"@type\":\"ImageObject\",\"inLanguage\":\"it-IT\",\"@id\":\"https:\/\/socialdesignmagazine.com\/mag\/#\/schema\/logo\/image\/\",\"url\":\"https:\/\/socialdesignmagazine.com\/mag\/wp-content\/uploads\/2017\/01\/logo_favicon_11.png\",\"contentUrl\":\"https:\/\/socialdesignmagazine.com\/mag\/wp-content\/uploads\/2017\/01\/logo_favicon_11.png\",\"width\":1024,\"height\":1024,\"caption\":\"Social Design Magazine\"},\"image\":{\"@id\":\"https:\/\/socialdesignmagazine.com\/mag\/#\/schema\/logo\/image\/\"},\"sameAs\":[\"https:\/\/www.facebook.com\/socialdesignmag\",\"https:\/\/x.com\/socialdesignmag\",\"http:\/\/instagram.com\/social_design_magazine\/\",\"http:\/\/pinterest.com\/socialdesignmag\/\",\"http:\/\/www.youtube.com\/user\/socialdesignmagazine\"]},{\"@type\":\"Person\",\"@id\":\"https:\/\/socialdesignmagazine.com\/mag\/#\/schema\/person\/61e20205cc363c315e6aabd33a045846\",\"name\":\"Benedetto Fiori\",\"image\":{\"@type\":\"ImageObject\",\"inLanguage\":\"it-IT\",\"@id\":\"https:\/\/secure.gravatar.com\/avatar\/450a48cefa36da63d920ad70aa660bd10725b1c6093800242e5efdb397759033?s=96&d=mm&r=g\",\"url\":\"https:\/\/secure.gravatar.com\/avatar\/450a48cefa36da63d920ad70aa660bd10725b1c6093800242e5efdb397759033?s=96&d=mm&r=g\",\"contentUrl\":\"https:\/\/secure.gravatar.com\/avatar\/450a48cefa36da63d920ad70aa660bd10725b1c6093800242e5efdb397759033?s=96&d=mm&r=g\",\"caption\":\"Benedetto Fiori\"},\"description\":\"Web | Twitter | Facebook | Shutterstock Founder &amp; Editor in Chief di Social Design Magazine. Attratto da sempre da tutto ci\u00f2 che \u00e8 creativit\u00e0, design, architettura. Dopo aver studiato Architettura all'Universit\u00e0 di Firenze, si \u00e8 impegnato in molteplici campi: comunicazione grafica, progettazione di allestimenti fieristici, brand design, Interior Design.\",\"sameAs\":[\"http:\/\/benedettofiori.com\",\"https:\/\/www.facebook.com\/benedettofiori\",\"https:\/\/x.com\/benedettofiori\"],\"url\":\"https:\/\/socialdesignmagazine.com\/mag\/author\/benedetto\/\"}]}<\/script>\n<!-- \/ Yoast SEO plugin. -->","yoast_head_json":{"title":"\u201c\u00c1LVARO SIZA. VIAGEM SEM PROGRAMA\u201d DISEGNI E RITRATTI EVENTO COLLATERALE DELLA 13. MOSTRA INTERNAZIONALE DI ARCHITETTURA LA BIENNALE DI VENEZIA - Social Design Magazine","description":"Un progetto espositivo completamente dedicato al lato pi\u00f9 intimo e meno conosciuto dell\u2019architetto portoghese \u00c1lvaro Siza, figura di spicco nel panorama progettuale internazionale, insignito proprioin questi giorni del Leone d\u2019Oro alla carriera della 13. Mostra Internazionale di Architettura - la Biennale di Venezia.","robots":{"index":"index","follow":"follow","max-snippet":"max-snippet:-1","max-image-preview":"max-image-preview:large","max-video-preview":"max-video-preview:-1"},"canonical":"https:\/\/socialdesignmagazine.com\/mag\/architettura\/alvaro-siza-viagem-sem-programa-disegni-e-ritratti-evento-collaterale-della-13-mostra-internazionale-di-architettura-la-biennale-di-venezia\/","og_locale":"it_IT","og_type":"article","og_title":"\u201c\u00c1LVARO SIZA. VIAGEM SEM PROGRAMA\u201d DISEGNI E RITRATTI EVENTO COLLATERALE DELLA 13. MOSTRA INTERNAZIONALE DI ARCHITETTURA LA BIENNALE DI VENEZIA - Social Design Magazine","og_description":"Un progetto espositivo completamente dedicato al lato pi\u00f9 intimo e meno conosciuto dell\u2019architetto portoghese \u00c1lvaro Siza, figura di spicco nel panorama progettuale internazionale, insignito proprioin questi giorni del Leone d\u2019Oro alla carriera della 13. Mostra Internazionale di Architettura - la Biennale di Venezia.","og_url":"http:\/\/socialdesignmagazine.com\/mag\/architettura\/alvaro-siza-viagem-sem-programa-disegni-e-ritratti-evento-collaterale-della-13-mostra-internazionale-di-architettura-la-biennale-di-venezia\/","og_site_name":"Social Design Magazine","article_publisher":"https:\/\/www.facebook.com\/socialdesignmag","article_author":"https:\/\/www.facebook.com\/benedettofiori","article_published_time":"2012-08-02T07:09:57+00:00","article_modified_time":"2024-05-17T21:24:16+00:00","og_image":[{"width":720,"height":516,"url":"https:\/\/socialdesignmagazine.com\/mag\/wp-content\/uploads\/2012\/08\/benedetto_Alvaro_Siza_viagem_sem_programa_alvaro-siza-viagem-sem-programa.jpg","type":"image\/jpeg"}],"author":"Benedetto Fiori","twitter_card":"summary_large_image","twitter_creator":"@benedettofiori","twitter_site":"@socialdesignmag","twitter_misc":{"Scritto da":"Benedetto Fiori","Tempo di lettura stimato":"3 minuti"},"schema":{"@context":"https:\/\/schema.org","@graph":[{"@type":"Article","@id":"https:\/\/socialdesignmagazine.com\/mag\/architettura\/alvaro-siza-viagem-sem-programa-disegni-e-ritratti-evento-collaterale-della-13-mostra-internazionale-di-architettura-la-biennale-di-venezia\/#article","isPartOf":{"@id":"https:\/\/socialdesignmagazine.com\/mag\/architettura\/alvaro-siza-viagem-sem-programa-disegni-e-ritratti-evento-collaterale-della-13-mostra-internazionale-di-architettura-la-biennale-di-venezia\/"},"author":{"name":"Benedetto Fiori","@id":"https:\/\/socialdesignmagazine.com\/mag\/#\/schema\/person\/61e20205cc363c315e6aabd33a045846"},"headline":"\u201c\u00c1LVARO SIZA. VIAGEM SEM PROGRAMA\u201d DISEGNI E RITRATTI EVENTO COLLATERALE DELLA 13. MOSTRA INTERNAZIONALE DI ARCHITETTURA LA BIENNALE DI VENEZIA","datePublished":"2012-08-02T07:09:57+00:00","dateModified":"2024-05-17T21:24:16+00:00","mainEntityOfPage":{"@id":"https:\/\/socialdesignmagazine.com\/mag\/architettura\/alvaro-siza-viagem-sem-programa-disegni-e-ritratti-evento-collaterale-della-13-mostra-internazionale-di-architettura-la-biennale-di-venezia\/"},"wordCount":457,"commentCount":0,"publisher":{"@id":"https:\/\/socialdesignmagazine.com\/mag\/#organization"},"image":{"@id":"https:\/\/socialdesignmagazine.com\/mag\/architettura\/alvaro-siza-viagem-sem-programa-disegni-e-ritratti-evento-collaterale-della-13-mostra-internazionale-di-architettura-la-biennale-di-venezia\/#primaryimage"},"thumbnailUrl":"https:\/\/socialdesignmagazine.com\/mag\/wp-content\/uploads\/2012\/08\/benedetto_Alvaro_Siza_viagem_sem_programa_alvaro-siza-viagem-sem-programa.jpg","keywords":["alvaro siza","biennale di architettura 2012","venezia"],"articleSection":["Architettura"],"inLanguage":"it-IT","potentialAction":[{"@type":"CommentAction","name":"Comment","target":["https:\/\/socialdesignmagazine.com\/mag\/architettura\/alvaro-siza-viagem-sem-programa-disegni-e-ritratti-evento-collaterale-della-13-mostra-internazionale-di-architettura-la-biennale-di-venezia\/#respond"]}]},{"@type":"WebPage","@id":"https:\/\/socialdesignmagazine.com\/mag\/architettura\/alvaro-siza-viagem-sem-programa-disegni-e-ritratti-evento-collaterale-della-13-mostra-internazionale-di-architettura-la-biennale-di-venezia\/","url":"https:\/\/socialdesignmagazine.com\/mag\/architettura\/alvaro-siza-viagem-sem-programa-disegni-e-ritratti-evento-collaterale-della-13-mostra-internazionale-di-architettura-la-biennale-di-venezia\/","name":"\u201c\u00c1LVARO SIZA. VIAGEM SEM PROGRAMA\u201d DISEGNI E RITRATTI EVENTO COLLATERALE DELLA 13. MOSTRA INTERNAZIONALE DI ARCHITETTURA LA BIENNALE DI VENEZIA - Social Design Magazine","isPartOf":{"@id":"https:\/\/socialdesignmagazine.com\/mag\/#website"},"primaryImageOfPage":{"@id":"https:\/\/socialdesignmagazine.com\/mag\/architettura\/alvaro-siza-viagem-sem-programa-disegni-e-ritratti-evento-collaterale-della-13-mostra-internazionale-di-architettura-la-biennale-di-venezia\/#primaryimage"},"image":{"@id":"https:\/\/socialdesignmagazine.com\/mag\/architettura\/alvaro-siza-viagem-sem-programa-disegni-e-ritratti-evento-collaterale-della-13-mostra-internazionale-di-architettura-la-biennale-di-venezia\/#primaryimage"},"thumbnailUrl":"https:\/\/socialdesignmagazine.com\/mag\/wp-content\/uploads\/2012\/08\/benedetto_Alvaro_Siza_viagem_sem_programa_alvaro-siza-viagem-sem-programa.jpg","datePublished":"2012-08-02T07:09:57+00:00","dateModified":"2024-05-17T21:24:16+00:00","description":"Un progetto espositivo completamente dedicato al lato pi\u00f9 intimo e meno conosciuto dell\u2019architetto portoghese \u00c1lvaro Siza, figura di spicco nel panorama progettuale internazionale, insignito proprioin questi giorni del Leone d\u2019Oro alla carriera della 13. Mostra Internazionale di Architettura - la Biennale di Venezia.","breadcrumb":{"@id":"https:\/\/socialdesignmagazine.com\/mag\/architettura\/alvaro-siza-viagem-sem-programa-disegni-e-ritratti-evento-collaterale-della-13-mostra-internazionale-di-architettura-la-biennale-di-venezia\/#breadcrumb"},"inLanguage":"it-IT","potentialAction":[{"@type":"ReadAction","target":["https:\/\/socialdesignmagazine.com\/mag\/architettura\/alvaro-siza-viagem-sem-programa-disegni-e-ritratti-evento-collaterale-della-13-mostra-internazionale-di-architettura-la-biennale-di-venezia\/"]}]},{"@type":"ImageObject","inLanguage":"it-IT","@id":"https:\/\/socialdesignmagazine.com\/mag\/architettura\/alvaro-siza-viagem-sem-programa-disegni-e-ritratti-evento-collaterale-della-13-mostra-internazionale-di-architettura-la-biennale-di-venezia\/#primaryimage","url":"https:\/\/socialdesignmagazine.com\/mag\/wp-content\/uploads\/2012\/08\/benedetto_Alvaro_Siza_viagem_sem_programa_alvaro-siza-viagem-sem-programa.jpg","contentUrl":"https:\/\/socialdesignmagazine.com\/mag\/wp-content\/uploads\/2012\/08\/benedetto_Alvaro_Siza_viagem_sem_programa_alvaro-siza-viagem-sem-programa.jpg","width":720,"height":516,"caption":"alvaro-siza-viagem-sem-programa"},{"@type":"BreadcrumbList","@id":"https:\/\/socialdesignmagazine.com\/mag\/architettura\/alvaro-siza-viagem-sem-programa-disegni-e-ritratti-evento-collaterale-della-13-mostra-internazionale-di-architettura-la-biennale-di-venezia\/#breadcrumb","itemListElement":[{"@type":"ListItem","position":1,"name":"Home","item":"https:\/\/socialdesignmagazine.com\/mag\/"},{"@type":"ListItem","position":2,"name":"Architettura","item":"https:\/\/socialdesignmagazine.com\/mag\/architettura\/"},{"@type":"ListItem","position":3,"name":"\u201c\u00c1LVARO SIZA. VIAGEM SEM PROGRAMA\u201d DISEGNI E RITRATTI EVENTO COLLATERALE DELLA 13. MOSTRA INTERNAZIONALE DI ARCHITETTURA LA BIENNALE DI VENEZIA"}]},{"@type":"WebSite","@id":"https:\/\/socialdesignmagazine.com\/mag\/#website","url":"https:\/\/socialdesignmagazine.com\/mag\/","name":"Social Design Magazine","description":"Social Magazine su Design, Architettura, Arte, Grafica","publisher":{"@id":"https:\/\/socialdesignmagazine.com\/mag\/#organization"},"potentialAction":[{"@type":"SearchAction","target":{"@type":"EntryPoint","urlTemplate":"https:\/\/socialdesignmagazine.com\/mag\/?s={search_term_string}"},"query-input":{"@type":"PropertyValueSpecification","valueRequired":true,"valueName":"search_term_string"}}],"inLanguage":"it-IT"},{"@type":"Organization","@id":"https:\/\/socialdesignmagazine.com\/mag\/#organization","name":"Social Design Magazine","url":"https:\/\/socialdesignmagazine.com\/mag\/","logo":{"@type":"ImageObject","inLanguage":"it-IT","@id":"https:\/\/socialdesignmagazine.com\/mag\/#\/schema\/logo\/image\/","url":"https:\/\/socialdesignmagazine.com\/mag\/wp-content\/uploads\/2017\/01\/logo_favicon_11.png","contentUrl":"https:\/\/socialdesignmagazine.com\/mag\/wp-content\/uploads\/2017\/01\/logo_favicon_11.png","width":1024,"height":1024,"caption":"Social Design Magazine"},"image":{"@id":"https:\/\/socialdesignmagazine.com\/mag\/#\/schema\/logo\/image\/"},"sameAs":["https:\/\/www.facebook.com\/socialdesignmag","https:\/\/x.com\/socialdesignmag","http:\/\/instagram.com\/social_design_magazine\/","http:\/\/pinterest.com\/socialdesignmag\/","http:\/\/www.youtube.com\/user\/socialdesignmagazine"]},{"@type":"Person","@id":"https:\/\/socialdesignmagazine.com\/mag\/#\/schema\/person\/61e20205cc363c315e6aabd33a045846","name":"Benedetto Fiori","image":{"@type":"ImageObject","inLanguage":"it-IT","@id":"https:\/\/secure.gravatar.com\/avatar\/450a48cefa36da63d920ad70aa660bd10725b1c6093800242e5efdb397759033?s=96&d=mm&r=g","url":"https:\/\/secure.gravatar.com\/avatar\/450a48cefa36da63d920ad70aa660bd10725b1c6093800242e5efdb397759033?s=96&d=mm&r=g","contentUrl":"https:\/\/secure.gravatar.com\/avatar\/450a48cefa36da63d920ad70aa660bd10725b1c6093800242e5efdb397759033?s=96&d=mm&r=g","caption":"Benedetto Fiori"},"description":"Web | Twitter | Facebook | Shutterstock Founder &amp; Editor in Chief di Social Design Magazine. Attratto da sempre da tutto ci\u00f2 che \u00e8 creativit\u00e0, design, architettura. Dopo aver studiato Architettura all'Universit\u00e0 di Firenze, si \u00e8 impegnato in molteplici campi: comunicazione grafica, progettazione di allestimenti fieristici, brand design, Interior Design.","sameAs":["http:\/\/benedettofiori.com","https:\/\/www.facebook.com\/benedettofiori","https:\/\/x.com\/benedettofiori"],"url":"https:\/\/socialdesignmagazine.com\/mag\/author\/benedetto\/"}]}},"jetpack_featured_media_url":"https:\/\/socialdesignmagazine.com\/mag\/wp-content\/uploads\/2012\/08\/benedetto_Alvaro_Siza_viagem_sem_programa_alvaro-siza-viagem-sem-programa.jpg","jetpack_sharing_enabled":true,"jetpack_shortlink":"https:\/\/wp.me\/p6cV7V-mq","gt_translate_keys":[{"key":"link","format":"url"}],"_links":{"self":[{"href":"https:\/\/socialdesignmagazine.com\/mag\/wp-json\/wp\/v2\/posts\/1390","targetHints":{"allow":["GET"]}}],"collection":[{"href":"https:\/\/socialdesignmagazine.com\/mag\/wp-json\/wp\/v2\/posts"}],"about":[{"href":"https:\/\/socialdesignmagazine.com\/mag\/wp-json\/wp\/v2\/types\/post"}],"author":[{"embeddable":true,"href":"https:\/\/socialdesignmagazine.com\/mag\/wp-json\/wp\/v2\/users\/1"}],"replies":[{"embeddable":true,"href":"https:\/\/socialdesignmagazine.com\/mag\/wp-json\/wp\/v2\/comments?post=1390"}],"version-history":[{"count":1,"href":"https:\/\/socialdesignmagazine.com\/mag\/wp-json\/wp\/v2\/posts\/1390\/revisions"}],"predecessor-version":[{"id":60465,"href":"https:\/\/socialdesignmagazine.com\/mag\/wp-json\/wp\/v2\/posts\/1390\/revisions\/60465"}],"wp:featuredmedia":[{"embeddable":true,"href":"https:\/\/socialdesignmagazine.com\/mag\/wp-json\/wp\/v2\/media\/8916"}],"wp:attachment":[{"href":"https:\/\/socialdesignmagazine.com\/mag\/wp-json\/wp\/v2\/media?parent=1390"}],"wp:term":[{"taxonomy":"category","embeddable":true,"href":"https:\/\/socialdesignmagazine.com\/mag\/wp-json\/wp\/v2\/categories?post=1390"},{"taxonomy":"post_tag","embeddable":true,"href":"https:\/\/socialdesignmagazine.com\/mag\/wp-json\/wp\/v2\/tags?post=1390"}],"curies":[{"name":"wp","href":"https:\/\/api.w.org\/{rel}","templated":true}]}}