{"id":1486,"date":"2012-08-07T07:00:00","date_gmt":"2012-08-07T05:00:00","guid":{"rendered":"https:\/\/socialdesignmagazine.com\/mag\/s6-design\/c35-design\/ecocentricheun-eco-allestimento-per-teste-alternative\/"},"modified":"2024-05-17T23:32:31","modified_gmt":"2024-05-17T21:32:31","slug":"ecocentricheun-eco-allestimento-per-teste-alternative","status":"publish","type":"post","link":"https:\/\/socialdesignmagazine.com\/mag\/design\/ecocentricheun-eco-allestimento-per-teste-alternative\/","title":{"rendered":"Ecocentriche:un eco allestimento&#8230; per teste alternative!","gt_translate_keys":[{"key":"rendered","format":"text"}]},"content":{"rendered":"\n<p><span style=\"font-family: inherit; font-style: inherit; font-size: 30px; outline: 0px; padding: 0px; margin: 0px;\"><span style=\"font-family: arial, helvetica, sans-serif; font-style: inherit; outline: 0px; padding: 0px; margin: 0px;\"><span style=\"font-family: inherit; font-style: inherit; font-size: 16px; outline: 0px; padding: 0px; margin: 0px; color: #500050; line-height: normal;\"><span style=\"font-family: inherit; font-style: inherit; outline: 0px; padding: 0px; margin: 0px;\"><span style=\"font-style: inherit; outline: 0px; padding: 0px; margin: 0px;\">&nbsp;<\/span><\/span><\/span><\/span><\/span><\/p>\n\n\n\n<p>\u00a0Un locale per hair stylist alternativi, che puntano sull&#8217;originalit\u00e0 il colore e l&#8217;estrosit\u00e0 dei tagli questo \u00e8 &#8220;Alternative Hair Lab&#8221;. Un piano superiore \u00a0con wifi, biliardini e la possibilit\u00e0 di proiettare film, fa di questo locale uno spazio dedicato soprattuto ad un pubblico giovane che non vuole solo avere un taglio di capelli stravante ma che vuole anche divertirsi ed essere sempre on line.<\/p>\n\n\n\n<p>Per questo progetto, la scelta \u00e8 stata quella di creare un&#8217;atmosfera vintage, colorata e sbarazzina. Ecocentriche, che fa del riciclo la sua filosofia, punta per questo allestimento, su arredi vintage ed oggetti simbolo di un recente, glorioso passato. Il modernariato \u00e8 una grande risorsa &nbsp;che, attraverso l&#8217;upcycling, pu\u00f2 rendere un ambiente unico nel suo genere e assolutamente personalizzato per colori e forma. &nbsp;Arredi e oggetti vintage, come vecchi semafori, telefoni anni&#8217;70, poltrone da barbiere, barili da bar per birre, vecchi lp e audiocassette vengono reperiti, scelti uno ad uno e posizionati minuziosamente a creare delle finiture, oltre che come oggetti di arredo. Proprio i dischi e cassette colorano le pareti svettando da cielo a terra e diventano il motivo principale di decoro. Alcune pareti vengono trattate con carta di quotidiani&nbsp;alternando &#8220;parole incollate&#8221; da leggere insieme alle semplici riviste e ai &nbsp;libri di fumetti che i clienti troveranno presto disponibili. &nbsp;Una &nbsp;Mini old, recuperata dalla rottamazione, inoltre, torna a nuova vita, trasformata negli arredi principali di questo spazio.<\/p>\n\n\n\n<p>Dividendo il grazioso rottame si \u00e8 creato, infatti, un divanetto da due posti,&nbsp;ed uno spazio cassa. I&nbsp;barili della birra impilati e rifiniti,&nbsp;sono diventati &nbsp;mobiletti portaspazzole.&nbsp;<\/p>\n\n\n\n<p>Ogni colore e finitura originale \u00e8 stato mantenuto, compresi i segni dell&#8217;usura, impressi su ogni superficie, dall&#8217;alluminio al vinile, alla lamiera grezza,&nbsp;quasi ad esaltare l&#8217;autenticit\u00e0 di ciascun oggetto e lo stile di vita del&#8217;epoca che oggi \u00e8&nbsp;culto.<\/p>\n\n\n<div class=\"wp-block-image\">\n<figure class=\"aligncenter\"><img loading=\"lazy\" decoding=\"async\" width=\"720\" height=\"478\" data-attachment-id=\"8957\" data-permalink=\"https:\/\/socialdesignmagazine.com\/mag\/design\/ecocentricheun-eco-allestimento-per-teste-alternative\/attachment\/ecocentriche-eco-allestimento-per-teste-alternative-02\/#content\" data-orig-file=\"https:\/\/socialdesignmagazine.com\/mag\/wp-content\/uploads\/2012\/08\/users_Ecocentriche_eco_allestimento_per_teste_alternative_ecocentriche_eco_allestimento_per_teste_alternative_02.jpg\" data-orig-size=\"720,478\" data-comments-opened=\"1\" data-image-meta=\"{&quot;aperture&quot;:&quot;0&quot;,&quot;credit&quot;:&quot;&quot;,&quot;camera&quot;:&quot;&quot;,&quot;caption&quot;:&quot;&quot;,&quot;created_timestamp&quot;:&quot;0&quot;,&quot;copyright&quot;:&quot;&quot;,&quot;focal_length&quot;:&quot;0&quot;,&quot;iso&quot;:&quot;0&quot;,&quot;shutter_speed&quot;:&quot;0&quot;,&quot;title&quot;:&quot;&quot;,&quot;orientation&quot;:&quot;0&quot;}\" data-image-title=\"ecocentriche eco allestimento per teste alternative 02\" data-image-description=\"\" data-image-caption=\"\" data-medium-file=\"https:\/\/socialdesignmagazine.com\/mag\/wp-content\/uploads\/2012\/08\/users_Ecocentriche_eco_allestimento_per_teste_alternative_ecocentriche_eco_allestimento_per_teste_alternative_02-396x256.jpg\" data-large-file=\"https:\/\/socialdesignmagazine.com\/mag\/wp-content\/uploads\/2012\/08\/users_Ecocentriche_eco_allestimento_per_teste_alternative_ecocentriche_eco_allestimento_per_teste_alternative_02.jpg\" src=\"https:\/\/socialdesignmagazine.com\/mag\/wp-content\/uploads\/2012\/08\/users_Ecocentriche_eco_allestimento_per_teste_alternative_ecocentriche_eco_allestimento_per_teste_alternative_02.jpg\" alt=\"ecocentriche eco allestimento per teste alternative 02\" class=\"wp-image-8957\" srcset=\"https:\/\/socialdesignmagazine.com\/mag\/wp-content\/uploads\/2012\/08\/users_Ecocentriche_eco_allestimento_per_teste_alternative_ecocentriche_eco_allestimento_per_teste_alternative_02.jpg 720w, https:\/\/socialdesignmagazine.com\/mag\/wp-content\/uploads\/2012\/08\/users_Ecocentriche_eco_allestimento_per_teste_alternative_ecocentriche_eco_allestimento_per_teste_alternative_02-100x66.jpg 100w\" sizes=\"auto, (max-width: 720px) 100vw, 720px\" \/><\/figure>\n<\/div>\n\n<div class=\"wp-block-image\">\n<figure class=\"aligncenter\"><img loading=\"lazy\" decoding=\"async\" width=\"720\" height=\"1084\" data-attachment-id=\"8958\" data-permalink=\"https:\/\/socialdesignmagazine.com\/mag\/design\/ecocentricheun-eco-allestimento-per-teste-alternative\/attachment\/ecocentriche-eco-allestimento-per-teste-alternative-03\/#content\" data-orig-file=\"https:\/\/socialdesignmagazine.com\/mag\/wp-content\/uploads\/2012\/08\/users_Ecocentriche_eco_allestimento_per_teste_alternative_ecocentriche_eco_allestimento_per_teste_alternative_03.jpg\" data-orig-size=\"720,1084\" data-comments-opened=\"1\" data-image-meta=\"{&quot;aperture&quot;:&quot;0&quot;,&quot;credit&quot;:&quot;&quot;,&quot;camera&quot;:&quot;&quot;,&quot;caption&quot;:&quot;&quot;,&quot;created_timestamp&quot;:&quot;0&quot;,&quot;copyright&quot;:&quot;&quot;,&quot;focal_length&quot;:&quot;0&quot;,&quot;iso&quot;:&quot;0&quot;,&quot;shutter_speed&quot;:&quot;0&quot;,&quot;title&quot;:&quot;&quot;,&quot;orientation&quot;:&quot;0&quot;}\" data-image-title=\"ecocentriche eco allestimento per teste alternative 03\" data-image-description=\"\" data-image-caption=\"\" data-medium-file=\"https:\/\/socialdesignmagazine.com\/mag\/wp-content\/uploads\/2012\/08\/users_Ecocentriche_eco_allestimento_per_teste_alternative_ecocentriche_eco_allestimento_per_teste_alternative_03-396x256.jpg\" data-large-file=\"https:\/\/socialdesignmagazine.com\/mag\/wp-content\/uploads\/2012\/08\/users_Ecocentriche_eco_allestimento_per_teste_alternative_ecocentriche_eco_allestimento_per_teste_alternative_03.jpg\" src=\"https:\/\/socialdesignmagazine.com\/mag\/wp-content\/uploads\/2012\/08\/users_Ecocentriche_eco_allestimento_per_teste_alternative_ecocentriche_eco_allestimento_per_teste_alternative_03.jpg\" alt=\"ecocentriche eco allestimento per teste alternative 03\" class=\"wp-image-8958\"\/><\/figure>\n<\/div>\n\n<div class=\"wp-block-image\">\n<figure class=\"aligncenter\"><img loading=\"lazy\" decoding=\"async\" width=\"720\" height=\"1084\" data-attachment-id=\"8959\" data-permalink=\"https:\/\/socialdesignmagazine.com\/mag\/design\/ecocentricheun-eco-allestimento-per-teste-alternative\/attachment\/ecocentriche-eco-allestimento-per-teste-alternative-05\/#content\" data-orig-file=\"https:\/\/socialdesignmagazine.com\/mag\/wp-content\/uploads\/2012\/08\/users_Ecocentriche_eco_allestimento_per_teste_alternative_ecocentriche_eco_allestimento_per_teste_alternative_05.jpg\" data-orig-size=\"720,1084\" data-comments-opened=\"1\" data-image-meta=\"{&quot;aperture&quot;:&quot;0&quot;,&quot;credit&quot;:&quot;&quot;,&quot;camera&quot;:&quot;&quot;,&quot;caption&quot;:&quot;&quot;,&quot;created_timestamp&quot;:&quot;0&quot;,&quot;copyright&quot;:&quot;&quot;,&quot;focal_length&quot;:&quot;0&quot;,&quot;iso&quot;:&quot;0&quot;,&quot;shutter_speed&quot;:&quot;0&quot;,&quot;title&quot;:&quot;&quot;,&quot;orientation&quot;:&quot;0&quot;}\" data-image-title=\"ecocentriche eco allestimento per teste alternative 05\" data-image-description=\"\" data-image-caption=\"\" data-medium-file=\"https:\/\/socialdesignmagazine.com\/mag\/wp-content\/uploads\/2012\/08\/users_Ecocentriche_eco_allestimento_per_teste_alternative_ecocentriche_eco_allestimento_per_teste_alternative_05-396x256.jpg\" data-large-file=\"https:\/\/socialdesignmagazine.com\/mag\/wp-content\/uploads\/2012\/08\/users_Ecocentriche_eco_allestimento_per_teste_alternative_ecocentriche_eco_allestimento_per_teste_alternative_05.jpg\" src=\"https:\/\/socialdesignmagazine.com\/mag\/wp-content\/uploads\/2012\/08\/users_Ecocentriche_eco_allestimento_per_teste_alternative_ecocentriche_eco_allestimento_per_teste_alternative_05.jpg\" alt=\"ecocentriche eco allestimento per teste alternative 05\" class=\"wp-image-8959\"\/><\/figure>\n<\/div>\n\n<div class=\"wp-block-image\">\n<figure class=\"aligncenter\"><img loading=\"lazy\" decoding=\"async\" width=\"720\" height=\"478\" data-attachment-id=\"8960\" data-permalink=\"https:\/\/socialdesignmagazine.com\/mag\/design\/ecocentricheun-eco-allestimento-per-teste-alternative\/attachment\/ecocentriche-eco-allestimento-per-teste-alternative-06\/#content\" data-orig-file=\"https:\/\/socialdesignmagazine.com\/mag\/wp-content\/uploads\/2012\/08\/users_Ecocentriche_eco_allestimento_per_teste_alternative_ecocentriche_eco_allestimento_per_teste_alternative_06.jpg\" data-orig-size=\"720,478\" data-comments-opened=\"1\" data-image-meta=\"{&quot;aperture&quot;:&quot;0&quot;,&quot;credit&quot;:&quot;&quot;,&quot;camera&quot;:&quot;&quot;,&quot;caption&quot;:&quot;&quot;,&quot;created_timestamp&quot;:&quot;0&quot;,&quot;copyright&quot;:&quot;&quot;,&quot;focal_length&quot;:&quot;0&quot;,&quot;iso&quot;:&quot;0&quot;,&quot;shutter_speed&quot;:&quot;0&quot;,&quot;title&quot;:&quot;&quot;,&quot;orientation&quot;:&quot;0&quot;}\" data-image-title=\"ecocentriche eco allestimento per teste alternative 06\" data-image-description=\"\" data-image-caption=\"\" data-medium-file=\"https:\/\/socialdesignmagazine.com\/mag\/wp-content\/uploads\/2012\/08\/users_Ecocentriche_eco_allestimento_per_teste_alternative_ecocentriche_eco_allestimento_per_teste_alternative_06-396x256.jpg\" data-large-file=\"https:\/\/socialdesignmagazine.com\/mag\/wp-content\/uploads\/2012\/08\/users_Ecocentriche_eco_allestimento_per_teste_alternative_ecocentriche_eco_allestimento_per_teste_alternative_06.jpg\" src=\"https:\/\/socialdesignmagazine.com\/mag\/wp-content\/uploads\/2012\/08\/users_Ecocentriche_eco_allestimento_per_teste_alternative_ecocentriche_eco_allestimento_per_teste_alternative_06.jpg\" alt=\"ecocentriche eco allestimento per teste alternative 06\" class=\"wp-image-8960\" srcset=\"https:\/\/socialdesignmagazine.com\/mag\/wp-content\/uploads\/2012\/08\/users_Ecocentriche_eco_allestimento_per_teste_alternative_ecocentriche_eco_allestimento_per_teste_alternative_06.jpg 720w, https:\/\/socialdesignmagazine.com\/mag\/wp-content\/uploads\/2012\/08\/users_Ecocentriche_eco_allestimento_per_teste_alternative_ecocentriche_eco_allestimento_per_teste_alternative_06-100x66.jpg 100w\" sizes=\"auto, (max-width: 720px) 100vw, 720px\" \/><\/figure>\n<\/div>\n\n<div class=\"wp-block-image\">\n<figure class=\"aligncenter\"><img loading=\"lazy\" decoding=\"async\" width=\"720\" height=\"478\" data-attachment-id=\"8961\" data-permalink=\"https:\/\/socialdesignmagazine.com\/mag\/design\/ecocentricheun-eco-allestimento-per-teste-alternative\/attachment\/ecocentriche-eco-allestimento-per-teste-alternative-04\/#content\" data-orig-file=\"https:\/\/socialdesignmagazine.com\/mag\/wp-content\/uploads\/2012\/08\/users_Ecocentriche_eco_allestimento_per_teste_alternative_ecocentriche_eco_allestimento_per_teste_alternative_04.jpg\" data-orig-size=\"720,478\" data-comments-opened=\"1\" data-image-meta=\"{&quot;aperture&quot;:&quot;0&quot;,&quot;credit&quot;:&quot;&quot;,&quot;camera&quot;:&quot;&quot;,&quot;caption&quot;:&quot;&quot;,&quot;created_timestamp&quot;:&quot;0&quot;,&quot;copyright&quot;:&quot;&quot;,&quot;focal_length&quot;:&quot;0&quot;,&quot;iso&quot;:&quot;0&quot;,&quot;shutter_speed&quot;:&quot;0&quot;,&quot;title&quot;:&quot;&quot;,&quot;orientation&quot;:&quot;0&quot;}\" data-image-title=\"ecocentriche eco allestimento per teste alternative 04\" data-image-description=\"\" data-image-caption=\"\" data-medium-file=\"https:\/\/socialdesignmagazine.com\/mag\/wp-content\/uploads\/2012\/08\/users_Ecocentriche_eco_allestimento_per_teste_alternative_ecocentriche_eco_allestimento_per_teste_alternative_04-396x256.jpg\" data-large-file=\"https:\/\/socialdesignmagazine.com\/mag\/wp-content\/uploads\/2012\/08\/users_Ecocentriche_eco_allestimento_per_teste_alternative_ecocentriche_eco_allestimento_per_teste_alternative_04.jpg\" src=\"https:\/\/socialdesignmagazine.com\/mag\/wp-content\/uploads\/2012\/08\/users_Ecocentriche_eco_allestimento_per_teste_alternative_ecocentriche_eco_allestimento_per_teste_alternative_04.jpg\" alt=\"ecocentriche eco allestimento per teste alternative 04\" class=\"wp-image-8961\" srcset=\"https:\/\/socialdesignmagazine.com\/mag\/wp-content\/uploads\/2012\/08\/users_Ecocentriche_eco_allestimento_per_teste_alternative_ecocentriche_eco_allestimento_per_teste_alternative_04.jpg 720w, https:\/\/socialdesignmagazine.com\/mag\/wp-content\/uploads\/2012\/08\/users_Ecocentriche_eco_allestimento_per_teste_alternative_ecocentriche_eco_allestimento_per_teste_alternative_04-100x66.jpg 100w\" sizes=\"auto, (max-width: 720px) 100vw, 720px\" \/><\/figure>\n<\/div>\n\n<div class=\"wp-block-image\">\n<figure class=\"aligncenter\"><img loading=\"lazy\" decoding=\"async\" width=\"720\" height=\"478\" data-attachment-id=\"8962\" data-permalink=\"https:\/\/socialdesignmagazine.com\/mag\/design\/ecocentricheun-eco-allestimento-per-teste-alternative\/attachment\/ecocentriche-eco-allestimento-per-teste-alternative-09\/#content\" data-orig-file=\"https:\/\/socialdesignmagazine.com\/mag\/wp-content\/uploads\/2012\/08\/users_Ecocentriche_eco_allestimento_per_teste_alternative_ecocentriche_eco_allestimento_per_teste_alternative_09.jpg\" data-orig-size=\"720,478\" data-comments-opened=\"1\" data-image-meta=\"{&quot;aperture&quot;:&quot;0&quot;,&quot;credit&quot;:&quot;&quot;,&quot;camera&quot;:&quot;&quot;,&quot;caption&quot;:&quot;&quot;,&quot;created_timestamp&quot;:&quot;0&quot;,&quot;copyright&quot;:&quot;&quot;,&quot;focal_length&quot;:&quot;0&quot;,&quot;iso&quot;:&quot;0&quot;,&quot;shutter_speed&quot;:&quot;0&quot;,&quot;title&quot;:&quot;&quot;,&quot;orientation&quot;:&quot;0&quot;}\" data-image-title=\"ecocentriche eco allestimento per teste alternative 09\" data-image-description=\"\" data-image-caption=\"\" data-medium-file=\"https:\/\/socialdesignmagazine.com\/mag\/wp-content\/uploads\/2012\/08\/users_Ecocentriche_eco_allestimento_per_teste_alternative_ecocentriche_eco_allestimento_per_teste_alternative_09-396x256.jpg\" data-large-file=\"https:\/\/socialdesignmagazine.com\/mag\/wp-content\/uploads\/2012\/08\/users_Ecocentriche_eco_allestimento_per_teste_alternative_ecocentriche_eco_allestimento_per_teste_alternative_09.jpg\" src=\"https:\/\/socialdesignmagazine.com\/mag\/wp-content\/uploads\/2012\/08\/users_Ecocentriche_eco_allestimento_per_teste_alternative_ecocentriche_eco_allestimento_per_teste_alternative_09.jpg\" alt=\"ecocentriche eco allestimento per teste alternative 09\" class=\"wp-image-8962\" srcset=\"https:\/\/socialdesignmagazine.com\/mag\/wp-content\/uploads\/2012\/08\/users_Ecocentriche_eco_allestimento_per_teste_alternative_ecocentriche_eco_allestimento_per_teste_alternative_09.jpg 720w, https:\/\/socialdesignmagazine.com\/mag\/wp-content\/uploads\/2012\/08\/users_Ecocentriche_eco_allestimento_per_teste_alternative_ecocentriche_eco_allestimento_per_teste_alternative_09-100x66.jpg 100w\" sizes=\"auto, (max-width: 720px) 100vw, 720px\" \/><\/figure>\n<\/div>\n\n<div class=\"wp-block-image\">\n<figure class=\"aligncenter\"><img loading=\"lazy\" decoding=\"async\" width=\"720\" height=\"1084\" data-attachment-id=\"8963\" data-permalink=\"https:\/\/socialdesignmagazine.com\/mag\/design\/ecocentricheun-eco-allestimento-per-teste-alternative\/attachment\/ecocentriche-eco-allestimento-per-teste-alternative-01\/#content\" data-orig-file=\"https:\/\/socialdesignmagazine.com\/mag\/wp-content\/uploads\/2012\/08\/users_Ecocentriche_eco_allestimento_per_teste_alternative_ecocentriche_eco_allestimento_per_teste_alternative_01.jpg\" data-orig-size=\"720,1084\" data-comments-opened=\"1\" data-image-meta=\"{&quot;aperture&quot;:&quot;0&quot;,&quot;credit&quot;:&quot;&quot;,&quot;camera&quot;:&quot;&quot;,&quot;caption&quot;:&quot;&quot;,&quot;created_timestamp&quot;:&quot;0&quot;,&quot;copyright&quot;:&quot;&quot;,&quot;focal_length&quot;:&quot;0&quot;,&quot;iso&quot;:&quot;0&quot;,&quot;shutter_speed&quot;:&quot;0&quot;,&quot;title&quot;:&quot;&quot;,&quot;orientation&quot;:&quot;0&quot;}\" data-image-title=\"ecocentriche eco allestimento per teste alternative 01\" data-image-description=\"\" data-image-caption=\"\" data-medium-file=\"https:\/\/socialdesignmagazine.com\/mag\/wp-content\/uploads\/2012\/08\/users_Ecocentriche_eco_allestimento_per_teste_alternative_ecocentriche_eco_allestimento_per_teste_alternative_01-396x256.jpg\" data-large-file=\"https:\/\/socialdesignmagazine.com\/mag\/wp-content\/uploads\/2012\/08\/users_Ecocentriche_eco_allestimento_per_teste_alternative_ecocentriche_eco_allestimento_per_teste_alternative_01.jpg\" src=\"https:\/\/socialdesignmagazine.com\/mag\/wp-content\/uploads\/2012\/08\/users_Ecocentriche_eco_allestimento_per_teste_alternative_ecocentriche_eco_allestimento_per_teste_alternative_01.jpg\" alt=\"ecocentriche eco allestimento per teste alternative 01\" class=\"wp-image-8963\"\/><\/figure>\n<\/div>\n\n<div class=\"wp-block-image\">\n<figure class=\"aligncenter\"><img loading=\"lazy\" decoding=\"async\" width=\"720\" height=\"478\" data-attachment-id=\"8964\" data-permalink=\"https:\/\/socialdesignmagazine.com\/mag\/design\/ecocentricheun-eco-allestimento-per-teste-alternative\/attachment\/ecocentriche-eco-allestimento-per-teste-alternative-08\/#content\" data-orig-file=\"https:\/\/socialdesignmagazine.com\/mag\/wp-content\/uploads\/2012\/08\/users_Ecocentriche_eco_allestimento_per_teste_alternative_ecocentriche_eco_allestimento_per_teste_alternative_08.jpg\" data-orig-size=\"720,478\" data-comments-opened=\"1\" data-image-meta=\"{&quot;aperture&quot;:&quot;0&quot;,&quot;credit&quot;:&quot;&quot;,&quot;camera&quot;:&quot;&quot;,&quot;caption&quot;:&quot;&quot;,&quot;created_timestamp&quot;:&quot;0&quot;,&quot;copyright&quot;:&quot;&quot;,&quot;focal_length&quot;:&quot;0&quot;,&quot;iso&quot;:&quot;0&quot;,&quot;shutter_speed&quot;:&quot;0&quot;,&quot;title&quot;:&quot;&quot;,&quot;orientation&quot;:&quot;0&quot;}\" data-image-title=\"ecocentriche eco allestimento per teste alternative 08\" data-image-description=\"\" data-image-caption=\"\" data-medium-file=\"https:\/\/socialdesignmagazine.com\/mag\/wp-content\/uploads\/2012\/08\/users_Ecocentriche_eco_allestimento_per_teste_alternative_ecocentriche_eco_allestimento_per_teste_alternative_08-396x256.jpg\" data-large-file=\"https:\/\/socialdesignmagazine.com\/mag\/wp-content\/uploads\/2012\/08\/users_Ecocentriche_eco_allestimento_per_teste_alternative_ecocentriche_eco_allestimento_per_teste_alternative_08.jpg\" src=\"https:\/\/socialdesignmagazine.com\/mag\/wp-content\/uploads\/2012\/08\/users_Ecocentriche_eco_allestimento_per_teste_alternative_ecocentriche_eco_allestimento_per_teste_alternative_08.jpg\" alt=\"ecocentriche eco allestimento per teste alternative 08\" class=\"wp-image-8964\" srcset=\"https:\/\/socialdesignmagazine.com\/mag\/wp-content\/uploads\/2012\/08\/users_Ecocentriche_eco_allestimento_per_teste_alternative_ecocentriche_eco_allestimento_per_teste_alternative_08.jpg 720w, https:\/\/socialdesignmagazine.com\/mag\/wp-content\/uploads\/2012\/08\/users_Ecocentriche_eco_allestimento_per_teste_alternative_ecocentriche_eco_allestimento_per_teste_alternative_08-100x66.jpg 100w\" sizes=\"auto, (max-width: 720px) 100vw, 720px\" \/><\/figure>\n<\/div>\n\n<div class=\"wp-block-image\">\n<figure class=\"aligncenter\"><img loading=\"lazy\" decoding=\"async\" width=\"720\" height=\"478\" data-attachment-id=\"8965\" data-permalink=\"https:\/\/socialdesignmagazine.com\/mag\/design\/ecocentricheun-eco-allestimento-per-teste-alternative\/attachment\/ecocentriche-eco-allestimento-per-teste-alternative-10\/#content\" data-orig-file=\"https:\/\/socialdesignmagazine.com\/mag\/wp-content\/uploads\/2012\/08\/users_Ecocentriche_ecocentriche_eco_allestimento_per_teste_alternative_10.jpg\" data-orig-size=\"720,478\" data-comments-opened=\"1\" data-image-meta=\"{&quot;aperture&quot;:&quot;0&quot;,&quot;credit&quot;:&quot;&quot;,&quot;camera&quot;:&quot;&quot;,&quot;caption&quot;:&quot;&quot;,&quot;created_timestamp&quot;:&quot;0&quot;,&quot;copyright&quot;:&quot;&quot;,&quot;focal_length&quot;:&quot;0&quot;,&quot;iso&quot;:&quot;0&quot;,&quot;shutter_speed&quot;:&quot;0&quot;,&quot;title&quot;:&quot;&quot;,&quot;orientation&quot;:&quot;0&quot;}\" data-image-title=\"ecocentriche eco allestimento per teste alternative 10\" data-image-description=\"\" data-image-caption=\"\" data-medium-file=\"https:\/\/socialdesignmagazine.com\/mag\/wp-content\/uploads\/2012\/08\/users_Ecocentriche_ecocentriche_eco_allestimento_per_teste_alternative_10-396x256.jpg\" data-large-file=\"https:\/\/socialdesignmagazine.com\/mag\/wp-content\/uploads\/2012\/08\/users_Ecocentriche_ecocentriche_eco_allestimento_per_teste_alternative_10.jpg\" src=\"https:\/\/socialdesignmagazine.com\/mag\/wp-content\/uploads\/2012\/08\/users_Ecocentriche_ecocentriche_eco_allestimento_per_teste_alternative_10.jpg\" alt=\"ecocentriche eco allestimento per teste alternative 10\" class=\"wp-image-8965\" srcset=\"https:\/\/socialdesignmagazine.com\/mag\/wp-content\/uploads\/2012\/08\/users_Ecocentriche_ecocentriche_eco_allestimento_per_teste_alternative_10.jpg 720w, https:\/\/socialdesignmagazine.com\/mag\/wp-content\/uploads\/2012\/08\/users_Ecocentriche_ecocentriche_eco_allestimento_per_teste_alternative_10-100x66.jpg 100w\" sizes=\"auto, (max-width: 720px) 100vw, 720px\" \/><\/figure>\n<\/div>","protected":false,"gt_translate_keys":[{"key":"rendered","format":"html"}]},"excerpt":{"rendered":"<p>Un locale per hair stylist alternativi, che puntano sull&#8217;originalit\u00e0 il colore e l&#8217;estrosit\u00e0 dei tagli questo \u00e8 &#8220;Alternative Hair Lab&#8221;. Un piano superiore \u00a0con wifi, biliardini e la possibilit\u00e0 di proiettare film, fa di questo locale uno spazio dedicato soprattuto ad un pubblico giovane che non vuole solo avere un taglio di capelli stravante ma che vuole anche divertirsi ed essere sempre on line.<\/p>\n","protected":false,"gt_translate_keys":[{"key":"rendered","format":"html"}]},"author":26,"featured_media":8956,"comment_status":"open","ping_status":"open","sticky":false,"template":"","format":"standard","meta":{"jetpack_post_was_ever_published":false,"_jetpack_newsletter_access":"","_jetpack_dont_email_post_to_subs":false,"_jetpack_newsletter_tier_id":0,"_jetpack_memberships_contains_paywalled_content":false,"_jetpack_memberships_contains_paid_content":false,"footnotes":"","_wpscppro_dont_share_socialmedia":false,"_wpscppro_custom_social_share_image":0,"_facebook_share_type":"","_twitter_share_type":"","_linkedin_share_type":"","_pinterest_share_type":"","_linkedin_share_type_page":"","_instagram_share_type":"","_medium_share_type":"","_threads_share_type":"","_google_business_share_type":"","_selected_social_profile":[],"_wpsp_enable_custom_social_template":false,"_wpsp_social_scheduling":{"enabled":false,"datetime":null,"platforms":[],"status":"template_only","dateOption":"today","timeOption":"now","customDays":"","customHours":"","customDate":"","customTime":"","schedulingType":"absolute"},"_wpsp_active_default_template":true},"categories":[13],"tags":[1991,1834,185,2292],"class_list":["post-1486","post","type-post","status-publish","format-standard","has-post-thumbnail","hentry","category-design","tag-eco-design","tag-ecocentriche","tag-hair","tag-interior-design"],"yoast_head":"<!-- This site is optimized with the Yoast SEO plugin v27.2 - https:\/\/yoast.com\/product\/yoast-seo-wordpress\/ -->\n<title>Ecocentriche:un eco allestimento... per teste alternative! - Social Design Magazine<\/title>\n<meta name=\"description\" content=\"Un locale per hair stylist alternativi, che puntano sull&#039;originalit\u00e0 il colore e l&#039;estrosit\u00e0 dei tagli questo \u00e8 &quot;Alternative Hair Lab&quot;.\" \/>\n<meta name=\"robots\" content=\"index, follow, max-snippet:-1, max-image-preview:large, max-video-preview:-1\" \/>\n<link rel=\"canonical\" href=\"https:\/\/socialdesignmagazine.com\/mag\/design\/ecocentricheun-eco-allestimento-per-teste-alternative\/\" \/>\n<meta property=\"og:locale\" content=\"it_IT\" \/>\n<meta property=\"og:type\" content=\"article\" \/>\n<meta property=\"og:title\" content=\"Ecocentriche:un eco allestimento... per teste alternative! - Social Design Magazine\" \/>\n<meta property=\"og:description\" content=\"Un locale per hair stylist alternativi, che puntano sull&#039;originalit\u00e0 il colore e l&#039;estrosit\u00e0 dei tagli questo \u00e8 &quot;Alternative Hair Lab&quot;.\" \/>\n<meta property=\"og:url\" content=\"http:\/\/socialdesignmagazine.com\/mag\/design\/ecocentricheun-eco-allestimento-per-teste-alternative\/\" \/>\n<meta property=\"og:site_name\" content=\"Social Design Magazine\" \/>\n<meta property=\"article:publisher\" content=\"https:\/\/www.facebook.com\/socialdesignmag\" \/>\n<meta property=\"article:published_time\" content=\"2012-08-07T05:00:00+00:00\" \/>\n<meta property=\"article:modified_time\" content=\"2024-05-17T21:32:31+00:00\" \/>\n<meta property=\"og:image\" content=\"https:\/\/socialdesignmagazine.com\/mag\/wp-content\/uploads\/2012\/08\/users_Ecocentriche_eco_allestimento_per_teste_alternative_ecocentriche_eco_allestimento_per_teste_alternative_07.jpg\" \/>\n\t<meta property=\"og:image:width\" content=\"720\" \/>\n\t<meta property=\"og:image:height\" content=\"1084\" \/>\n\t<meta property=\"og:image:type\" content=\"image\/jpeg\" \/>\n<meta name=\"author\" content=\"Annarita Mameli Violetta Canitano\" \/>\n<meta name=\"twitter:card\" content=\"summary_large_image\" \/>\n<meta name=\"twitter:creator\" content=\"@socialdesignmag\" \/>\n<meta name=\"twitter:site\" content=\"@socialdesignmag\" \/>\n<meta name=\"twitter:label1\" content=\"Scritto da\" \/>\n\t<meta name=\"twitter:data1\" content=\"Annarita Mameli Violetta Canitano\" \/>\n\t<meta name=\"twitter:label2\" content=\"Tempo di lettura stimato\" \/>\n\t<meta name=\"twitter:data2\" content=\"4 minuti\" \/>\n<script type=\"application\/ld+json\" class=\"yoast-schema-graph\">{\"@context\":\"https:\/\/schema.org\",\"@graph\":[{\"@type\":\"Article\",\"@id\":\"https:\/\/socialdesignmagazine.com\/mag\/design\/ecocentricheun-eco-allestimento-per-teste-alternative\/#article\",\"isPartOf\":{\"@id\":\"https:\/\/socialdesignmagazine.com\/mag\/design\/ecocentricheun-eco-allestimento-per-teste-alternative\/\"},\"author\":{\"name\":\"Annarita Mameli Violetta Canitano\",\"@id\":\"https:\/\/socialdesignmagazine.com\/mag\/#\/schema\/person\/af59b4fa97122c316c0bc9670b119de4\"},\"headline\":\"Ecocentriche:un eco allestimento&#8230; per teste alternative!\",\"datePublished\":\"2012-08-07T05:00:00+00:00\",\"dateModified\":\"2024-05-17T21:32:31+00:00\",\"mainEntityOfPage\":{\"@id\":\"https:\/\/socialdesignmagazine.com\/mag\/design\/ecocentricheun-eco-allestimento-per-teste-alternative\/\"},\"wordCount\":322,\"commentCount\":0,\"publisher\":{\"@id\":\"https:\/\/socialdesignmagazine.com\/mag\/#organization\"},\"image\":{\"@id\":\"https:\/\/socialdesignmagazine.com\/mag\/design\/ecocentricheun-eco-allestimento-per-teste-alternative\/#primaryimage\"},\"thumbnailUrl\":\"https:\/\/socialdesignmagazine.com\/mag\/wp-content\/uploads\/2012\/08\/users_Ecocentriche_eco_allestimento_per_teste_alternative_ecocentriche_eco_allestimento_per_teste_alternative_07.jpg\",\"keywords\":[\"eco design\",\"ecocentriche\",\"hair\",\"interior design\"],\"articleSection\":[\"Design\"],\"inLanguage\":\"it-IT\",\"potentialAction\":[{\"@type\":\"CommentAction\",\"name\":\"Comment\",\"target\":[\"https:\/\/socialdesignmagazine.com\/mag\/design\/ecocentricheun-eco-allestimento-per-teste-alternative\/#respond\"]}]},{\"@type\":\"WebPage\",\"@id\":\"https:\/\/socialdesignmagazine.com\/mag\/design\/ecocentricheun-eco-allestimento-per-teste-alternative\/\",\"url\":\"https:\/\/socialdesignmagazine.com\/mag\/design\/ecocentricheun-eco-allestimento-per-teste-alternative\/\",\"name\":\"Ecocentriche:un eco allestimento... per teste alternative! - Social Design Magazine\",\"isPartOf\":{\"@id\":\"https:\/\/socialdesignmagazine.com\/mag\/#website\"},\"primaryImageOfPage\":{\"@id\":\"https:\/\/socialdesignmagazine.com\/mag\/design\/ecocentricheun-eco-allestimento-per-teste-alternative\/#primaryimage\"},\"image\":{\"@id\":\"https:\/\/socialdesignmagazine.com\/mag\/design\/ecocentricheun-eco-allestimento-per-teste-alternative\/#primaryimage\"},\"thumbnailUrl\":\"https:\/\/socialdesignmagazine.com\/mag\/wp-content\/uploads\/2012\/08\/users_Ecocentriche_eco_allestimento_per_teste_alternative_ecocentriche_eco_allestimento_per_teste_alternative_07.jpg\",\"datePublished\":\"2012-08-07T05:00:00+00:00\",\"dateModified\":\"2024-05-17T21:32:31+00:00\",\"description\":\"Un locale per hair stylist alternativi, che puntano sull'originalit\u00e0 il colore e l'estrosit\u00e0 dei tagli questo \u00e8 \\\"Alternative Hair Lab\\\".\",\"breadcrumb\":{\"@id\":\"https:\/\/socialdesignmagazine.com\/mag\/design\/ecocentricheun-eco-allestimento-per-teste-alternative\/#breadcrumb\"},\"inLanguage\":\"it-IT\",\"potentialAction\":[{\"@type\":\"ReadAction\",\"target\":[\"https:\/\/socialdesignmagazine.com\/mag\/design\/ecocentricheun-eco-allestimento-per-teste-alternative\/\"]}]},{\"@type\":\"ImageObject\",\"inLanguage\":\"it-IT\",\"@id\":\"https:\/\/socialdesignmagazine.com\/mag\/design\/ecocentricheun-eco-allestimento-per-teste-alternative\/#primaryimage\",\"url\":\"https:\/\/socialdesignmagazine.com\/mag\/wp-content\/uploads\/2012\/08\/users_Ecocentriche_eco_allestimento_per_teste_alternative_ecocentriche_eco_allestimento_per_teste_alternative_07.jpg\",\"contentUrl\":\"https:\/\/socialdesignmagazine.com\/mag\/wp-content\/uploads\/2012\/08\/users_Ecocentriche_eco_allestimento_per_teste_alternative_ecocentriche_eco_allestimento_per_teste_alternative_07.jpg\",\"width\":720,\"height\":1084,\"caption\":\"ecocentriche eco allestimento per teste alternative 07\"},{\"@type\":\"BreadcrumbList\",\"@id\":\"https:\/\/socialdesignmagazine.com\/mag\/design\/ecocentricheun-eco-allestimento-per-teste-alternative\/#breadcrumb\",\"itemListElement\":[{\"@type\":\"ListItem\",\"position\":1,\"name\":\"Home\",\"item\":\"https:\/\/socialdesignmagazine.com\/mag\/\"},{\"@type\":\"ListItem\",\"position\":2,\"name\":\"Design\",\"item\":\"https:\/\/socialdesignmagazine.com\/mag\/design\/\"},{\"@type\":\"ListItem\",\"position\":3,\"name\":\"Ecocentriche:un eco allestimento&#8230; per teste alternative!\"}]},{\"@type\":\"WebSite\",\"@id\":\"https:\/\/socialdesignmagazine.com\/mag\/#website\",\"url\":\"https:\/\/socialdesignmagazine.com\/mag\/\",\"name\":\"Social Design Magazine\",\"description\":\"Social Magazine su Design, Architettura, Arte, Grafica\",\"publisher\":{\"@id\":\"https:\/\/socialdesignmagazine.com\/mag\/#organization\"},\"potentialAction\":[{\"@type\":\"SearchAction\",\"target\":{\"@type\":\"EntryPoint\",\"urlTemplate\":\"https:\/\/socialdesignmagazine.com\/mag\/?s={search_term_string}\"},\"query-input\":{\"@type\":\"PropertyValueSpecification\",\"valueRequired\":true,\"valueName\":\"search_term_string\"}}],\"inLanguage\":\"it-IT\"},{\"@type\":\"Organization\",\"@id\":\"https:\/\/socialdesignmagazine.com\/mag\/#organization\",\"name\":\"Social Design Magazine\",\"url\":\"https:\/\/socialdesignmagazine.com\/mag\/\",\"logo\":{\"@type\":\"ImageObject\",\"inLanguage\":\"it-IT\",\"@id\":\"https:\/\/socialdesignmagazine.com\/mag\/#\/schema\/logo\/image\/\",\"url\":\"https:\/\/socialdesignmagazine.com\/mag\/wp-content\/uploads\/2017\/01\/logo_favicon_11.png\",\"contentUrl\":\"https:\/\/socialdesignmagazine.com\/mag\/wp-content\/uploads\/2017\/01\/logo_favicon_11.png\",\"width\":1024,\"height\":1024,\"caption\":\"Social Design Magazine\"},\"image\":{\"@id\":\"https:\/\/socialdesignmagazine.com\/mag\/#\/schema\/logo\/image\/\"},\"sameAs\":[\"https:\/\/www.facebook.com\/socialdesignmag\",\"https:\/\/x.com\/socialdesignmag\",\"http:\/\/instagram.com\/social_design_magazine\/\",\"http:\/\/pinterest.com\/socialdesignmag\/\",\"http:\/\/www.youtube.com\/user\/socialdesignmagazine\"]},{\"@type\":\"Person\",\"@id\":\"https:\/\/socialdesignmagazine.com\/mag\/#\/schema\/person\/af59b4fa97122c316c0bc9670b119de4\",\"name\":\"Annarita Mameli Violetta Canitano\",\"image\":{\"@type\":\"ImageObject\",\"inLanguage\":\"it-IT\",\"@id\":\"https:\/\/secure.gravatar.com\/avatar\/1b53faaf7484c334a6e04c0851d6f70defe1e8eac7ca7cf8c88ccf51ca6b31af?s=96&d=mm&r=g\",\"url\":\"https:\/\/secure.gravatar.com\/avatar\/1b53faaf7484c334a6e04c0851d6f70defe1e8eac7ca7cf8c88ccf51ca6b31af?s=96&d=mm&r=g\",\"contentUrl\":\"https:\/\/secure.gravatar.com\/avatar\/1b53faaf7484c334a6e04c0851d6f70defe1e8eac7ca7cf8c88ccf51ca6b31af?s=96&d=mm&r=g\",\"caption\":\"Annarita Mameli Violetta Canitano\"},\"url\":\"https:\/\/socialdesignmagazine.com\/mag\/author\/ecocentriche\/\"}]}<\/script>\n<!-- \/ Yoast SEO plugin. -->","yoast_head_json":{"title":"Ecocentriche:un eco allestimento... per teste alternative! - Social Design Magazine","description":"Un locale per hair stylist alternativi, che puntano sull'originalit\u00e0 il colore e l'estrosit\u00e0 dei tagli questo \u00e8 \"Alternative Hair Lab\".","robots":{"index":"index","follow":"follow","max-snippet":"max-snippet:-1","max-image-preview":"max-image-preview:large","max-video-preview":"max-video-preview:-1"},"canonical":"https:\/\/socialdesignmagazine.com\/mag\/design\/ecocentricheun-eco-allestimento-per-teste-alternative\/","og_locale":"it_IT","og_type":"article","og_title":"Ecocentriche:un eco allestimento... per teste alternative! - Social Design Magazine","og_description":"Un locale per hair stylist alternativi, che puntano sull'originalit\u00e0 il colore e l'estrosit\u00e0 dei tagli questo \u00e8 \"Alternative Hair Lab\".","og_url":"http:\/\/socialdesignmagazine.com\/mag\/design\/ecocentricheun-eco-allestimento-per-teste-alternative\/","og_site_name":"Social Design Magazine","article_publisher":"https:\/\/www.facebook.com\/socialdesignmag","article_published_time":"2012-08-07T05:00:00+00:00","article_modified_time":"2024-05-17T21:32:31+00:00","og_image":[{"width":720,"height":1084,"url":"https:\/\/socialdesignmagazine.com\/mag\/wp-content\/uploads\/2012\/08\/users_Ecocentriche_eco_allestimento_per_teste_alternative_ecocentriche_eco_allestimento_per_teste_alternative_07.jpg","type":"image\/jpeg"}],"author":"Annarita Mameli Violetta Canitano","twitter_card":"summary_large_image","twitter_creator":"@socialdesignmag","twitter_site":"@socialdesignmag","twitter_misc":{"Scritto da":"Annarita Mameli Violetta Canitano","Tempo di lettura stimato":"4 minuti"},"schema":{"@context":"https:\/\/schema.org","@graph":[{"@type":"Article","@id":"https:\/\/socialdesignmagazine.com\/mag\/design\/ecocentricheun-eco-allestimento-per-teste-alternative\/#article","isPartOf":{"@id":"https:\/\/socialdesignmagazine.com\/mag\/design\/ecocentricheun-eco-allestimento-per-teste-alternative\/"},"author":{"name":"Annarita Mameli Violetta Canitano","@id":"https:\/\/socialdesignmagazine.com\/mag\/#\/schema\/person\/af59b4fa97122c316c0bc9670b119de4"},"headline":"Ecocentriche:un eco allestimento&#8230; per teste alternative!","datePublished":"2012-08-07T05:00:00+00:00","dateModified":"2024-05-17T21:32:31+00:00","mainEntityOfPage":{"@id":"https:\/\/socialdesignmagazine.com\/mag\/design\/ecocentricheun-eco-allestimento-per-teste-alternative\/"},"wordCount":322,"commentCount":0,"publisher":{"@id":"https:\/\/socialdesignmagazine.com\/mag\/#organization"},"image":{"@id":"https:\/\/socialdesignmagazine.com\/mag\/design\/ecocentricheun-eco-allestimento-per-teste-alternative\/#primaryimage"},"thumbnailUrl":"https:\/\/socialdesignmagazine.com\/mag\/wp-content\/uploads\/2012\/08\/users_Ecocentriche_eco_allestimento_per_teste_alternative_ecocentriche_eco_allestimento_per_teste_alternative_07.jpg","keywords":["eco design","ecocentriche","hair","interior design"],"articleSection":["Design"],"inLanguage":"it-IT","potentialAction":[{"@type":"CommentAction","name":"Comment","target":["https:\/\/socialdesignmagazine.com\/mag\/design\/ecocentricheun-eco-allestimento-per-teste-alternative\/#respond"]}]},{"@type":"WebPage","@id":"https:\/\/socialdesignmagazine.com\/mag\/design\/ecocentricheun-eco-allestimento-per-teste-alternative\/","url":"https:\/\/socialdesignmagazine.com\/mag\/design\/ecocentricheun-eco-allestimento-per-teste-alternative\/","name":"Ecocentriche:un eco allestimento... per teste alternative! - Social Design Magazine","isPartOf":{"@id":"https:\/\/socialdesignmagazine.com\/mag\/#website"},"primaryImageOfPage":{"@id":"https:\/\/socialdesignmagazine.com\/mag\/design\/ecocentricheun-eco-allestimento-per-teste-alternative\/#primaryimage"},"image":{"@id":"https:\/\/socialdesignmagazine.com\/mag\/design\/ecocentricheun-eco-allestimento-per-teste-alternative\/#primaryimage"},"thumbnailUrl":"https:\/\/socialdesignmagazine.com\/mag\/wp-content\/uploads\/2012\/08\/users_Ecocentriche_eco_allestimento_per_teste_alternative_ecocentriche_eco_allestimento_per_teste_alternative_07.jpg","datePublished":"2012-08-07T05:00:00+00:00","dateModified":"2024-05-17T21:32:31+00:00","description":"Un locale per hair stylist alternativi, che puntano sull'originalit\u00e0 il colore e l'estrosit\u00e0 dei tagli questo \u00e8 \"Alternative Hair Lab\".","breadcrumb":{"@id":"https:\/\/socialdesignmagazine.com\/mag\/design\/ecocentricheun-eco-allestimento-per-teste-alternative\/#breadcrumb"},"inLanguage":"it-IT","potentialAction":[{"@type":"ReadAction","target":["https:\/\/socialdesignmagazine.com\/mag\/design\/ecocentricheun-eco-allestimento-per-teste-alternative\/"]}]},{"@type":"ImageObject","inLanguage":"it-IT","@id":"https:\/\/socialdesignmagazine.com\/mag\/design\/ecocentricheun-eco-allestimento-per-teste-alternative\/#primaryimage","url":"https:\/\/socialdesignmagazine.com\/mag\/wp-content\/uploads\/2012\/08\/users_Ecocentriche_eco_allestimento_per_teste_alternative_ecocentriche_eco_allestimento_per_teste_alternative_07.jpg","contentUrl":"https:\/\/socialdesignmagazine.com\/mag\/wp-content\/uploads\/2012\/08\/users_Ecocentriche_eco_allestimento_per_teste_alternative_ecocentriche_eco_allestimento_per_teste_alternative_07.jpg","width":720,"height":1084,"caption":"ecocentriche eco allestimento per teste alternative 07"},{"@type":"BreadcrumbList","@id":"https:\/\/socialdesignmagazine.com\/mag\/design\/ecocentricheun-eco-allestimento-per-teste-alternative\/#breadcrumb","itemListElement":[{"@type":"ListItem","position":1,"name":"Home","item":"https:\/\/socialdesignmagazine.com\/mag\/"},{"@type":"ListItem","position":2,"name":"Design","item":"https:\/\/socialdesignmagazine.com\/mag\/design\/"},{"@type":"ListItem","position":3,"name":"Ecocentriche:un eco allestimento&#8230; per teste alternative!"}]},{"@type":"WebSite","@id":"https:\/\/socialdesignmagazine.com\/mag\/#website","url":"https:\/\/socialdesignmagazine.com\/mag\/","name":"Social Design Magazine","description":"Social Magazine su Design, Architettura, Arte, Grafica","publisher":{"@id":"https:\/\/socialdesignmagazine.com\/mag\/#organization"},"potentialAction":[{"@type":"SearchAction","target":{"@type":"EntryPoint","urlTemplate":"https:\/\/socialdesignmagazine.com\/mag\/?s={search_term_string}"},"query-input":{"@type":"PropertyValueSpecification","valueRequired":true,"valueName":"search_term_string"}}],"inLanguage":"it-IT"},{"@type":"Organization","@id":"https:\/\/socialdesignmagazine.com\/mag\/#organization","name":"Social Design Magazine","url":"https:\/\/socialdesignmagazine.com\/mag\/","logo":{"@type":"ImageObject","inLanguage":"it-IT","@id":"https:\/\/socialdesignmagazine.com\/mag\/#\/schema\/logo\/image\/","url":"https:\/\/socialdesignmagazine.com\/mag\/wp-content\/uploads\/2017\/01\/logo_favicon_11.png","contentUrl":"https:\/\/socialdesignmagazine.com\/mag\/wp-content\/uploads\/2017\/01\/logo_favicon_11.png","width":1024,"height":1024,"caption":"Social Design Magazine"},"image":{"@id":"https:\/\/socialdesignmagazine.com\/mag\/#\/schema\/logo\/image\/"},"sameAs":["https:\/\/www.facebook.com\/socialdesignmag","https:\/\/x.com\/socialdesignmag","http:\/\/instagram.com\/social_design_magazine\/","http:\/\/pinterest.com\/socialdesignmag\/","http:\/\/www.youtube.com\/user\/socialdesignmagazine"]},{"@type":"Person","@id":"https:\/\/socialdesignmagazine.com\/mag\/#\/schema\/person\/af59b4fa97122c316c0bc9670b119de4","name":"Annarita Mameli Violetta Canitano","image":{"@type":"ImageObject","inLanguage":"it-IT","@id":"https:\/\/secure.gravatar.com\/avatar\/1b53faaf7484c334a6e04c0851d6f70defe1e8eac7ca7cf8c88ccf51ca6b31af?s=96&d=mm&r=g","url":"https:\/\/secure.gravatar.com\/avatar\/1b53faaf7484c334a6e04c0851d6f70defe1e8eac7ca7cf8c88ccf51ca6b31af?s=96&d=mm&r=g","contentUrl":"https:\/\/secure.gravatar.com\/avatar\/1b53faaf7484c334a6e04c0851d6f70defe1e8eac7ca7cf8c88ccf51ca6b31af?s=96&d=mm&r=g","caption":"Annarita Mameli Violetta Canitano"},"url":"https:\/\/socialdesignmagazine.com\/mag\/author\/ecocentriche\/"}]}},"jetpack_featured_media_url":"https:\/\/socialdesignmagazine.com\/mag\/wp-content\/uploads\/2012\/08\/users_Ecocentriche_eco_allestimento_per_teste_alternative_ecocentriche_eco_allestimento_per_teste_alternative_07.jpg","jetpack_sharing_enabled":true,"jetpack_shortlink":"https:\/\/wp.me\/p6cV7V-nY","gt_translate_keys":[{"key":"link","format":"url"}],"_links":{"self":[{"href":"https:\/\/socialdesignmagazine.com\/mag\/wp-json\/wp\/v2\/posts\/1486","targetHints":{"allow":["GET"]}}],"collection":[{"href":"https:\/\/socialdesignmagazine.com\/mag\/wp-json\/wp\/v2\/posts"}],"about":[{"href":"https:\/\/socialdesignmagazine.com\/mag\/wp-json\/wp\/v2\/types\/post"}],"author":[{"embeddable":true,"href":"https:\/\/socialdesignmagazine.com\/mag\/wp-json\/wp\/v2\/users\/26"}],"replies":[{"embeddable":true,"href":"https:\/\/socialdesignmagazine.com\/mag\/wp-json\/wp\/v2\/comments?post=1486"}],"version-history":[{"count":1,"href":"https:\/\/socialdesignmagazine.com\/mag\/wp-json\/wp\/v2\/posts\/1486\/revisions"}],"predecessor-version":[{"id":60475,"href":"https:\/\/socialdesignmagazine.com\/mag\/wp-json\/wp\/v2\/posts\/1486\/revisions\/60475"}],"wp:featuredmedia":[{"embeddable":true,"href":"https:\/\/socialdesignmagazine.com\/mag\/wp-json\/wp\/v2\/media\/8956"}],"wp:attachment":[{"href":"https:\/\/socialdesignmagazine.com\/mag\/wp-json\/wp\/v2\/media?parent=1486"}],"wp:term":[{"taxonomy":"category","embeddable":true,"href":"https:\/\/socialdesignmagazine.com\/mag\/wp-json\/wp\/v2\/categories?post=1486"},{"taxonomy":"post_tag","embeddable":true,"href":"https:\/\/socialdesignmagazine.com\/mag\/wp-json\/wp\/v2\/tags?post=1486"}],"curies":[{"name":"wp","href":"https:\/\/api.w.org\/{rel}","templated":true}]}}