{"id":155,"date":"2011-02-14T10:26:24","date_gmt":"2011-02-14T09:26:24","guid":{"rendered":"https:\/\/socialdesignmagazine.com\/mag\/s6-design\/c35-design\/dimomedia-lab-iosonouncreativotunocom\/"},"modified":"2023-10-06T00:04:37","modified_gmt":"2023-10-05T22:04:37","slug":"dimomedia-lab-iosonouncreativotunocom","status":"publish","type":"post","link":"https:\/\/socialdesignmagazine.com\/mag\/design\/dimomedia-lab-iosonouncreativotunocom\/","title":{"rendered":"Dimomedia Lab \/ iosonouncreativotuno.com","gt_translate_keys":[{"key":"rendered","format":"text"}]},"content":{"rendered":"\n<h2 class=\"wp-block-heading\"><strong>Io sono un Creativo. Tu no.<\/strong> \u00e8 un progetto trasversale finalizzato ad avvicinare e radunare tutti gli operatori del settore della comunicazione e del design con l\u02bcintento di generare un punto di contatto tra persone e professionisti, al fine di favorire lo scambio e la libera circolazione delle idee. <\/h2>\n\n\n\n<p>L&#8217;obiettivo \u00e8 dare visibilit\u00e0 a tutti coloro che vogliano mostrare il proprio spirito CREATIVO.<\/p>\n\n\n<div class=\"wp-block-image\">\n<figure class=\"aligncenter\"><img loading=\"lazy\" decoding=\"async\" width=\"720\" height=\"718\" data-attachment-id=\"4708\" data-permalink=\"https:\/\/socialdesignmagazine.com\/mag\/design\/dimomedia-lab-iosonouncreativotunocom\/attachment\/logo_iosonouncreativotuno\/#content\" data-orig-file=\"https:\/\/socialdesignmagazine.com\/mag\/wp-content\/uploads\/2011\/02\/benedetto_iosonouncreativotuno_Logo_iosonounCreativoTuno.jpg\" data-orig-size=\"720,718\" data-comments-opened=\"1\" data-image-meta=\"{&quot;aperture&quot;:&quot;0&quot;,&quot;credit&quot;:&quot;&quot;,&quot;camera&quot;:&quot;&quot;,&quot;caption&quot;:&quot;&quot;,&quot;created_timestamp&quot;:&quot;0&quot;,&quot;copyright&quot;:&quot;&quot;,&quot;focal_length&quot;:&quot;0&quot;,&quot;iso&quot;:&quot;0&quot;,&quot;shutter_speed&quot;:&quot;0&quot;,&quot;title&quot;:&quot;&quot;,&quot;orientation&quot;:&quot;0&quot;}\" data-image-title=\"Logo_iosonounCreativoTuno\" data-image-description=\"\" data-image-caption=\"\" data-medium-file=\"https:\/\/socialdesignmagazine.com\/mag\/wp-content\/uploads\/2011\/02\/benedetto_iosonouncreativotuno_Logo_iosonounCreativoTuno-396x256.jpg\" data-large-file=\"https:\/\/socialdesignmagazine.com\/mag\/wp-content\/uploads\/2011\/02\/benedetto_iosonouncreativotuno_Logo_iosonounCreativoTuno.jpg\" src=\"https:\/\/socialdesignmagazine.com\/mag\/wp-content\/uploads\/2011\/02\/benedetto_iosonouncreativotuno_Logo_iosonounCreativoTuno.jpg\" alt=\"Logo_iosonounCreativoTuno\" class=\"wp-image-4708\" srcset=\"https:\/\/socialdesignmagazine.com\/mag\/wp-content\/uploads\/2011\/02\/benedetto_iosonouncreativotuno_Logo_iosonounCreativoTuno.jpg 720w, https:\/\/socialdesignmagazine.com\/mag\/wp-content\/uploads\/2011\/02\/benedetto_iosonouncreativotuno_Logo_iosonounCreativoTuno-65x65.jpg 65w\" sizes=\"auto, (max-width: 720px) 100vw, 720px\" \/><\/figure>\n<\/div>\n\n\n<p>L\u02bcironia di una frase detta cantilenando come da bambini, la semplicit\u00e0 e lo stile della grafica, i colori accesi dei pensieri di chi ha sempre qualcosa di nuovo in mente sono il nostro manifesto. Il laboratorio creativo Dimomedia Lab ha pensato di poter avvicinare e radunare tutti gli operatori del settore della comunicazione e del design in un gruppo su Facebook denominato <strong>\u201cIo sono un Creativo. Tu no\u201d<\/strong>. Lo scopo era riunire i professionisti e non, dal mondo del design e dell\u02bcimmagine in Italia in un gruppo ufficiale sul famoso socialnetwork e far dialogare i giovani con i veterani, gli amatori con i professionisti.<\/p>\n\n\n<div class=\"wp-block-image\">\n<figure class=\"aligncenter\"><img loading=\"lazy\" decoding=\"async\" width=\"720\" height=\"719\" data-attachment-id=\"4709\" data-permalink=\"https:\/\/socialdesignmagazine.com\/mag\/design\/dimomedia-lab-iosonouncreativotunocom\/attachment\/iosonouncreativotuono_press_02\/#content\" data-orig-file=\"https:\/\/socialdesignmagazine.com\/mag\/wp-content\/uploads\/2011\/02\/benedetto_iosonouncreativotuno_iosonouncreativotuono_press_02.jpg\" data-orig-size=\"720,719\" data-comments-opened=\"1\" data-image-meta=\"{&quot;aperture&quot;:&quot;0&quot;,&quot;credit&quot;:&quot;&quot;,&quot;camera&quot;:&quot;&quot;,&quot;caption&quot;:&quot;&quot;,&quot;created_timestamp&quot;:&quot;0&quot;,&quot;copyright&quot;:&quot;&quot;,&quot;focal_length&quot;:&quot;0&quot;,&quot;iso&quot;:&quot;0&quot;,&quot;shutter_speed&quot;:&quot;0&quot;,&quot;title&quot;:&quot;&quot;,&quot;orientation&quot;:&quot;0&quot;}\" data-image-title=\"iosonouncreativotuono_press_02\" data-image-description=\"\" data-image-caption=\"\" data-medium-file=\"https:\/\/socialdesignmagazine.com\/mag\/wp-content\/uploads\/2011\/02\/benedetto_iosonouncreativotuno_iosonouncreativotuono_press_02-396x256.jpg\" data-large-file=\"https:\/\/socialdesignmagazine.com\/mag\/wp-content\/uploads\/2011\/02\/benedetto_iosonouncreativotuno_iosonouncreativotuono_press_02.jpg\" src=\"https:\/\/socialdesignmagazine.com\/mag\/wp-content\/uploads\/2011\/02\/benedetto_iosonouncreativotuno_iosonouncreativotuono_press_02.jpg\" alt=\"iosonouncreativotuono_press_02\" class=\"wp-image-4709\" srcset=\"https:\/\/socialdesignmagazine.com\/mag\/wp-content\/uploads\/2011\/02\/benedetto_iosonouncreativotuno_iosonouncreativotuono_press_02.jpg 720w, https:\/\/socialdesignmagazine.com\/mag\/wp-content\/uploads\/2011\/02\/benedetto_iosonouncreativotuno_iosonouncreativotuono_press_02-65x65.jpg 65w\" sizes=\"auto, (max-width: 720px) 100vw, 720px\" \/><\/figure>\n<\/div>\n\n\n<p>Il progetto \u00e8 nato all\u02bcinizio del 2009 con l\u02bcintento di generare un punto di contatto tra le varie personalit\u00e0 italiane, anche territorialmente lontane tra loro, attive da un punto di vista creativo, in modo da favorire lo sviluppo, lo scambio e la libera circolazione delle idee.<br>Parallelamente \u00e8 stata poi lanciata una linea di magliette e accessori volte a promuovere la nascita e la diffusione dell\u02bciniziativa, sfruttando l\u02bcoccasione per concedere al contempo una discreta eco al concetto non trascurabile di Made in Italy.<br>Le t-shirt, tutt\u02bcora in vendita, si caratterizzano per la semplicit\u00e0 della loro grafica minimal avente al centro un quadrato monocromo e un testo in Helvetica giustificato a sinistra. Il motto naturalmente \u00e8 sempre il medesimo: Io sono un Creativo. Tu no declinato in numerose varianti cromatiche, simbolo della vivacit\u00e0 dell\u02bcatto stesso del pensare.<\/p>\n\n\n<div class=\"wp-block-image\">\n<figure class=\"aligncenter\"><img loading=\"lazy\" decoding=\"async\" width=\"720\" height=\"720\" data-attachment-id=\"4710\" data-permalink=\"https:\/\/socialdesignmagazine.com\/mag\/design\/dimomedia-lab-iosonouncreativotunocom\/attachment\/iosonouncreativotuono_press_03\/#content\" data-orig-file=\"https:\/\/socialdesignmagazine.com\/mag\/wp-content\/uploads\/2011\/02\/benedetto_iosonouncreativotuno_iosonouncreativotuono_press_03.jpg\" data-orig-size=\"720,720\" data-comments-opened=\"1\" data-image-meta=\"{&quot;aperture&quot;:&quot;0&quot;,&quot;credit&quot;:&quot;&quot;,&quot;camera&quot;:&quot;&quot;,&quot;caption&quot;:&quot;&quot;,&quot;created_timestamp&quot;:&quot;0&quot;,&quot;copyright&quot;:&quot;&quot;,&quot;focal_length&quot;:&quot;0&quot;,&quot;iso&quot;:&quot;0&quot;,&quot;shutter_speed&quot;:&quot;0&quot;,&quot;title&quot;:&quot;&quot;,&quot;orientation&quot;:&quot;0&quot;}\" data-image-title=\"iosonouncreativotuono_press_03\" data-image-description=\"\" data-image-caption=\"\" data-medium-file=\"https:\/\/socialdesignmagazine.com\/mag\/wp-content\/uploads\/2011\/02\/benedetto_iosonouncreativotuno_iosonouncreativotuono_press_03-396x256.jpg\" data-large-file=\"https:\/\/socialdesignmagazine.com\/mag\/wp-content\/uploads\/2011\/02\/benedetto_iosonouncreativotuno_iosonouncreativotuono_press_03.jpg\" src=\"https:\/\/socialdesignmagazine.com\/mag\/wp-content\/uploads\/2011\/02\/benedetto_iosonouncreativotuno_iosonouncreativotuono_press_03.jpg\" alt=\"iosonouncreativotuono_press_03\" class=\"wp-image-4710\" srcset=\"https:\/\/socialdesignmagazine.com\/mag\/wp-content\/uploads\/2011\/02\/benedetto_iosonouncreativotuno_iosonouncreativotuono_press_03.jpg 720w, https:\/\/socialdesignmagazine.com\/mag\/wp-content\/uploads\/2011\/02\/benedetto_iosonouncreativotuno_iosonouncreativotuono_press_03-65x65.jpg 65w\" sizes=\"auto, (max-width: 720px) 100vw, 720px\" \/><\/figure>\n<\/div>","protected":false,"gt_translate_keys":[{"key":"rendered","format":"html"}]},"excerpt":{"rendered":"<p>Io sono un Creativo. Tu no. \u00e8 un progetto trasversale finalizzato ad avvicinare e radunare tutti gli operatori del settore della comunicazione e del design con l\u02bcintento di generare un punto di contatto tra persone e professionisti, al fine di favorire lo scambio e la libera circolazione delle idee. <\/p>\n","protected":false,"gt_translate_keys":[{"key":"rendered","format":"html"}]},"author":1,"featured_media":4707,"comment_status":"open","ping_status":"open","sticky":false,"template":"","format":"standard","meta":{"jetpack_post_was_ever_published":false,"_jetpack_newsletter_access":"","_jetpack_dont_email_post_to_subs":false,"_jetpack_newsletter_tier_id":0,"_jetpack_memberships_contains_paywalled_content":false,"_jetpack_memberships_contains_paid_content":false,"footnotes":"","_wpscppro_dont_share_socialmedia":false,"_wpscppro_custom_social_share_image":0,"_facebook_share_type":"","_twitter_share_type":"","_linkedin_share_type":"","_pinterest_share_type":"","_linkedin_share_type_page":"","_instagram_share_type":"","_medium_share_type":"","_threads_share_type":"","_google_business_share_type":"","_selected_social_profile":[],"_wpsp_enable_custom_social_template":false,"_wpsp_social_scheduling":{"enabled":false,"datetime":null,"platforms":[],"status":"template_only","dateOption":"today","timeOption":"now","customDays":"","customHours":"","customDate":"","customTime":"","schedulingType":"absolute"},"_wpsp_active_default_template":true},"categories":[13],"tags":[765,766,508],"class_list":["post-155","post","type-post","status-publish","format-standard","has-post-thumbnail","hentry","category-design","tag-creativo","tag-idee","tag-lab"],"yoast_head":"<!-- This site is optimized with the Yoast SEO plugin v27.2 - https:\/\/yoast.com\/product\/yoast-seo-wordpress\/ -->\n<title>Dimomedia Lab \/ iosonouncreativotuno.com - Social Design Magazine<\/title>\n<meta name=\"description\" content=\"Io sono un Creativo. Tu no. \u00e8 un progetto trasversale finalizzato ad avvicinare e radunare tutti gli operatori del settore della comunicazione e del design con l\u02bcintento di generare un punto di contatto tra persone e professionisti, al fine di favorire lo scambio e la libera circolazione delle idee.\" \/>\n<meta name=\"robots\" content=\"index, follow, max-snippet:-1, max-image-preview:large, max-video-preview:-1\" \/>\n<link rel=\"canonical\" href=\"https:\/\/socialdesignmagazine.com\/mag\/design\/dimomedia-lab-iosonouncreativotunocom\/\" \/>\n<meta property=\"og:locale\" content=\"it_IT\" \/>\n<meta property=\"og:type\" content=\"article\" \/>\n<meta property=\"og:title\" content=\"Dimomedia Lab \/ iosonouncreativotuno.com - Social Design Magazine\" \/>\n<meta property=\"og:description\" content=\"Io sono un Creativo. Tu no. \u00e8 un progetto trasversale finalizzato ad avvicinare e radunare tutti gli operatori del settore della comunicazione e del design con l\u02bcintento di generare un punto di contatto tra persone e professionisti, al fine di favorire lo scambio e la libera circolazione delle idee.\" \/>\n<meta property=\"og:url\" content=\"http:\/\/socialdesignmagazine.com\/mag\/design\/dimomedia-lab-iosonouncreativotunocom\/\" \/>\n<meta property=\"og:site_name\" content=\"Social Design Magazine\" \/>\n<meta property=\"article:publisher\" content=\"https:\/\/www.facebook.com\/socialdesignmag\" \/>\n<meta property=\"article:author\" content=\"https:\/\/www.facebook.com\/benedettofiori\" \/>\n<meta property=\"article:published_time\" content=\"2011-02-14T09:26:24+00:00\" \/>\n<meta property=\"article:modified_time\" content=\"2023-10-05T22:04:37+00:00\" \/>\n<meta property=\"og:image\" content=\"https:\/\/socialdesignmagazine.com\/mag\/wp-content\/uploads\/2011\/02\/benedetto_iosonouncreativotuno_iosonouncreativotuono_press_01.jpg\" \/>\n\t<meta property=\"og:image:width\" content=\"720\" \/>\n\t<meta property=\"og:image:height\" content=\"718\" \/>\n\t<meta property=\"og:image:type\" content=\"image\/jpeg\" \/>\n<meta name=\"author\" content=\"Benedetto Fiori\" \/>\n<meta name=\"twitter:card\" content=\"summary_large_image\" \/>\n<meta name=\"twitter:creator\" content=\"@benedettofiori\" \/>\n<meta name=\"twitter:site\" content=\"@socialdesignmag\" \/>\n<meta name=\"twitter:label1\" content=\"Scritto da\" \/>\n\t<meta name=\"twitter:data1\" content=\"Benedetto Fiori\" \/>\n\t<meta name=\"twitter:label2\" content=\"Tempo di lettura stimato\" \/>\n\t<meta name=\"twitter:data2\" content=\"3 minuti\" \/>\n<script type=\"application\/ld+json\" class=\"yoast-schema-graph\">{\"@context\":\"https:\/\/schema.org\",\"@graph\":[{\"@type\":\"Article\",\"@id\":\"https:\/\/socialdesignmagazine.com\/mag\/design\/dimomedia-lab-iosonouncreativotunocom\/#article\",\"isPartOf\":{\"@id\":\"https:\/\/socialdesignmagazine.com\/mag\/design\/dimomedia-lab-iosonouncreativotunocom\/\"},\"author\":{\"name\":\"Benedetto Fiori\",\"@id\":\"https:\/\/socialdesignmagazine.com\/mag\/#\/schema\/person\/61e20205cc363c315e6aabd33a045846\"},\"headline\":\"Dimomedia Lab \/ iosonouncreativotuno.com\",\"datePublished\":\"2011-02-14T09:26:24+00:00\",\"dateModified\":\"2023-10-05T22:04:37+00:00\",\"mainEntityOfPage\":{\"@id\":\"https:\/\/socialdesignmagazine.com\/mag\/design\/dimomedia-lab-iosonouncreativotunocom\/\"},\"wordCount\":311,\"commentCount\":0,\"publisher\":{\"@id\":\"https:\/\/socialdesignmagazine.com\/mag\/#organization\"},\"image\":{\"@id\":\"https:\/\/socialdesignmagazine.com\/mag\/design\/dimomedia-lab-iosonouncreativotunocom\/#primaryimage\"},\"thumbnailUrl\":\"https:\/\/socialdesignmagazine.com\/mag\/wp-content\/uploads\/2011\/02\/benedetto_iosonouncreativotuno_iosonouncreativotuono_press_01.jpg\",\"keywords\":[\"creativo\",\"idee\",\"lab\"],\"articleSection\":[\"Design\"],\"inLanguage\":\"it-IT\",\"potentialAction\":[{\"@type\":\"CommentAction\",\"name\":\"Comment\",\"target\":[\"https:\/\/socialdesignmagazine.com\/mag\/design\/dimomedia-lab-iosonouncreativotunocom\/#respond\"]}]},{\"@type\":\"WebPage\",\"@id\":\"https:\/\/socialdesignmagazine.com\/mag\/design\/dimomedia-lab-iosonouncreativotunocom\/\",\"url\":\"https:\/\/socialdesignmagazine.com\/mag\/design\/dimomedia-lab-iosonouncreativotunocom\/\",\"name\":\"Dimomedia Lab \/ iosonouncreativotuno.com - Social Design Magazine\",\"isPartOf\":{\"@id\":\"https:\/\/socialdesignmagazine.com\/mag\/#website\"},\"primaryImageOfPage\":{\"@id\":\"https:\/\/socialdesignmagazine.com\/mag\/design\/dimomedia-lab-iosonouncreativotunocom\/#primaryimage\"},\"image\":{\"@id\":\"https:\/\/socialdesignmagazine.com\/mag\/design\/dimomedia-lab-iosonouncreativotunocom\/#primaryimage\"},\"thumbnailUrl\":\"https:\/\/socialdesignmagazine.com\/mag\/wp-content\/uploads\/2011\/02\/benedetto_iosonouncreativotuno_iosonouncreativotuono_press_01.jpg\",\"datePublished\":\"2011-02-14T09:26:24+00:00\",\"dateModified\":\"2023-10-05T22:04:37+00:00\",\"description\":\"Io sono un Creativo. Tu no. \u00e8 un progetto trasversale finalizzato ad avvicinare e radunare tutti gli operatori del settore della comunicazione e del design con l\u02bcintento di generare un punto di contatto tra persone e professionisti, al fine di favorire lo scambio e la libera circolazione delle idee.\",\"breadcrumb\":{\"@id\":\"https:\/\/socialdesignmagazine.com\/mag\/design\/dimomedia-lab-iosonouncreativotunocom\/#breadcrumb\"},\"inLanguage\":\"it-IT\",\"potentialAction\":[{\"@type\":\"ReadAction\",\"target\":[\"https:\/\/socialdesignmagazine.com\/mag\/design\/dimomedia-lab-iosonouncreativotunocom\/\"]}]},{\"@type\":\"ImageObject\",\"inLanguage\":\"it-IT\",\"@id\":\"https:\/\/socialdesignmagazine.com\/mag\/design\/dimomedia-lab-iosonouncreativotunocom\/#primaryimage\",\"url\":\"https:\/\/socialdesignmagazine.com\/mag\/wp-content\/uploads\/2011\/02\/benedetto_iosonouncreativotuno_iosonouncreativotuono_press_01.jpg\",\"contentUrl\":\"https:\/\/socialdesignmagazine.com\/mag\/wp-content\/uploads\/2011\/02\/benedetto_iosonouncreativotuno_iosonouncreativotuono_press_01.jpg\",\"width\":720,\"height\":718,\"caption\":\"iosonouncreativotuono_press_01\"},{\"@type\":\"BreadcrumbList\",\"@id\":\"https:\/\/socialdesignmagazine.com\/mag\/design\/dimomedia-lab-iosonouncreativotunocom\/#breadcrumb\",\"itemListElement\":[{\"@type\":\"ListItem\",\"position\":1,\"name\":\"Home\",\"item\":\"https:\/\/socialdesignmagazine.com\/mag\/\"},{\"@type\":\"ListItem\",\"position\":2,\"name\":\"Design\",\"item\":\"https:\/\/socialdesignmagazine.com\/mag\/design\/\"},{\"@type\":\"ListItem\",\"position\":3,\"name\":\"Dimomedia Lab \/ iosonouncreativotuno.com\"}]},{\"@type\":\"WebSite\",\"@id\":\"https:\/\/socialdesignmagazine.com\/mag\/#website\",\"url\":\"https:\/\/socialdesignmagazine.com\/mag\/\",\"name\":\"Social Design Magazine\",\"description\":\"Social Magazine su Design, Architettura, Arte, Grafica\",\"publisher\":{\"@id\":\"https:\/\/socialdesignmagazine.com\/mag\/#organization\"},\"potentialAction\":[{\"@type\":\"SearchAction\",\"target\":{\"@type\":\"EntryPoint\",\"urlTemplate\":\"https:\/\/socialdesignmagazine.com\/mag\/?s={search_term_string}\"},\"query-input\":{\"@type\":\"PropertyValueSpecification\",\"valueRequired\":true,\"valueName\":\"search_term_string\"}}],\"inLanguage\":\"it-IT\"},{\"@type\":\"Organization\",\"@id\":\"https:\/\/socialdesignmagazine.com\/mag\/#organization\",\"name\":\"Social Design Magazine\",\"url\":\"https:\/\/socialdesignmagazine.com\/mag\/\",\"logo\":{\"@type\":\"ImageObject\",\"inLanguage\":\"it-IT\",\"@id\":\"https:\/\/socialdesignmagazine.com\/mag\/#\/schema\/logo\/image\/\",\"url\":\"https:\/\/socialdesignmagazine.com\/mag\/wp-content\/uploads\/2017\/01\/logo_favicon_11.png\",\"contentUrl\":\"https:\/\/socialdesignmagazine.com\/mag\/wp-content\/uploads\/2017\/01\/logo_favicon_11.png\",\"width\":1024,\"height\":1024,\"caption\":\"Social Design Magazine\"},\"image\":{\"@id\":\"https:\/\/socialdesignmagazine.com\/mag\/#\/schema\/logo\/image\/\"},\"sameAs\":[\"https:\/\/www.facebook.com\/socialdesignmag\",\"https:\/\/x.com\/socialdesignmag\",\"http:\/\/instagram.com\/social_design_magazine\/\",\"http:\/\/pinterest.com\/socialdesignmag\/\",\"http:\/\/www.youtube.com\/user\/socialdesignmagazine\"]},{\"@type\":\"Person\",\"@id\":\"https:\/\/socialdesignmagazine.com\/mag\/#\/schema\/person\/61e20205cc363c315e6aabd33a045846\",\"name\":\"Benedetto Fiori\",\"image\":{\"@type\":\"ImageObject\",\"inLanguage\":\"it-IT\",\"@id\":\"https:\/\/secure.gravatar.com\/avatar\/450a48cefa36da63d920ad70aa660bd10725b1c6093800242e5efdb397759033?s=96&d=mm&r=g\",\"url\":\"https:\/\/secure.gravatar.com\/avatar\/450a48cefa36da63d920ad70aa660bd10725b1c6093800242e5efdb397759033?s=96&d=mm&r=g\",\"contentUrl\":\"https:\/\/secure.gravatar.com\/avatar\/450a48cefa36da63d920ad70aa660bd10725b1c6093800242e5efdb397759033?s=96&d=mm&r=g\",\"caption\":\"Benedetto Fiori\"},\"description\":\"Web | Twitter | Facebook | Shutterstock Founder &amp; Editor in Chief di Social Design Magazine. Attratto da sempre da tutto ci\u00f2 che \u00e8 creativit\u00e0, design, architettura. Dopo aver studiato Architettura all'Universit\u00e0 di Firenze, si \u00e8 impegnato in molteplici campi: comunicazione grafica, progettazione di allestimenti fieristici, brand design, Interior Design.\",\"sameAs\":[\"http:\/\/benedettofiori.com\",\"https:\/\/www.facebook.com\/benedettofiori\",\"https:\/\/x.com\/benedettofiori\"],\"url\":\"https:\/\/socialdesignmagazine.com\/mag\/author\/benedetto\/\"}]}<\/script>\n<!-- \/ Yoast SEO plugin. -->","yoast_head_json":{"title":"Dimomedia Lab \/ iosonouncreativotuno.com - Social Design Magazine","description":"Io sono un Creativo. Tu no. \u00e8 un progetto trasversale finalizzato ad avvicinare e radunare tutti gli operatori del settore della comunicazione e del design con l\u02bcintento di generare un punto di contatto tra persone e professionisti, al fine di favorire lo scambio e la libera circolazione delle idee.","robots":{"index":"index","follow":"follow","max-snippet":"max-snippet:-1","max-image-preview":"max-image-preview:large","max-video-preview":"max-video-preview:-1"},"canonical":"https:\/\/socialdesignmagazine.com\/mag\/design\/dimomedia-lab-iosonouncreativotunocom\/","og_locale":"it_IT","og_type":"article","og_title":"Dimomedia Lab \/ iosonouncreativotuno.com - Social Design Magazine","og_description":"Io sono un Creativo. Tu no. \u00e8 un progetto trasversale finalizzato ad avvicinare e radunare tutti gli operatori del settore della comunicazione e del design con l\u02bcintento di generare un punto di contatto tra persone e professionisti, al fine di favorire lo scambio e la libera circolazione delle idee.","og_url":"http:\/\/socialdesignmagazine.com\/mag\/design\/dimomedia-lab-iosonouncreativotunocom\/","og_site_name":"Social Design Magazine","article_publisher":"https:\/\/www.facebook.com\/socialdesignmag","article_author":"https:\/\/www.facebook.com\/benedettofiori","article_published_time":"2011-02-14T09:26:24+00:00","article_modified_time":"2023-10-05T22:04:37+00:00","og_image":[{"width":720,"height":718,"url":"https:\/\/socialdesignmagazine.com\/mag\/wp-content\/uploads\/2011\/02\/benedetto_iosonouncreativotuno_iosonouncreativotuono_press_01.jpg","type":"image\/jpeg"}],"author":"Benedetto Fiori","twitter_card":"summary_large_image","twitter_creator":"@benedettofiori","twitter_site":"@socialdesignmag","twitter_misc":{"Scritto da":"Benedetto Fiori","Tempo di lettura stimato":"3 minuti"},"schema":{"@context":"https:\/\/schema.org","@graph":[{"@type":"Article","@id":"https:\/\/socialdesignmagazine.com\/mag\/design\/dimomedia-lab-iosonouncreativotunocom\/#article","isPartOf":{"@id":"https:\/\/socialdesignmagazine.com\/mag\/design\/dimomedia-lab-iosonouncreativotunocom\/"},"author":{"name":"Benedetto Fiori","@id":"https:\/\/socialdesignmagazine.com\/mag\/#\/schema\/person\/61e20205cc363c315e6aabd33a045846"},"headline":"Dimomedia Lab \/ iosonouncreativotuno.com","datePublished":"2011-02-14T09:26:24+00:00","dateModified":"2023-10-05T22:04:37+00:00","mainEntityOfPage":{"@id":"https:\/\/socialdesignmagazine.com\/mag\/design\/dimomedia-lab-iosonouncreativotunocom\/"},"wordCount":311,"commentCount":0,"publisher":{"@id":"https:\/\/socialdesignmagazine.com\/mag\/#organization"},"image":{"@id":"https:\/\/socialdesignmagazine.com\/mag\/design\/dimomedia-lab-iosonouncreativotunocom\/#primaryimage"},"thumbnailUrl":"https:\/\/socialdesignmagazine.com\/mag\/wp-content\/uploads\/2011\/02\/benedetto_iosonouncreativotuno_iosonouncreativotuono_press_01.jpg","keywords":["creativo","idee","lab"],"articleSection":["Design"],"inLanguage":"it-IT","potentialAction":[{"@type":"CommentAction","name":"Comment","target":["https:\/\/socialdesignmagazine.com\/mag\/design\/dimomedia-lab-iosonouncreativotunocom\/#respond"]}]},{"@type":"WebPage","@id":"https:\/\/socialdesignmagazine.com\/mag\/design\/dimomedia-lab-iosonouncreativotunocom\/","url":"https:\/\/socialdesignmagazine.com\/mag\/design\/dimomedia-lab-iosonouncreativotunocom\/","name":"Dimomedia Lab \/ iosonouncreativotuno.com - Social Design Magazine","isPartOf":{"@id":"https:\/\/socialdesignmagazine.com\/mag\/#website"},"primaryImageOfPage":{"@id":"https:\/\/socialdesignmagazine.com\/mag\/design\/dimomedia-lab-iosonouncreativotunocom\/#primaryimage"},"image":{"@id":"https:\/\/socialdesignmagazine.com\/mag\/design\/dimomedia-lab-iosonouncreativotunocom\/#primaryimage"},"thumbnailUrl":"https:\/\/socialdesignmagazine.com\/mag\/wp-content\/uploads\/2011\/02\/benedetto_iosonouncreativotuno_iosonouncreativotuono_press_01.jpg","datePublished":"2011-02-14T09:26:24+00:00","dateModified":"2023-10-05T22:04:37+00:00","description":"Io sono un Creativo. Tu no. \u00e8 un progetto trasversale finalizzato ad avvicinare e radunare tutti gli operatori del settore della comunicazione e del design con l\u02bcintento di generare un punto di contatto tra persone e professionisti, al fine di favorire lo scambio e la libera circolazione delle idee.","breadcrumb":{"@id":"https:\/\/socialdesignmagazine.com\/mag\/design\/dimomedia-lab-iosonouncreativotunocom\/#breadcrumb"},"inLanguage":"it-IT","potentialAction":[{"@type":"ReadAction","target":["https:\/\/socialdesignmagazine.com\/mag\/design\/dimomedia-lab-iosonouncreativotunocom\/"]}]},{"@type":"ImageObject","inLanguage":"it-IT","@id":"https:\/\/socialdesignmagazine.com\/mag\/design\/dimomedia-lab-iosonouncreativotunocom\/#primaryimage","url":"https:\/\/socialdesignmagazine.com\/mag\/wp-content\/uploads\/2011\/02\/benedetto_iosonouncreativotuno_iosonouncreativotuono_press_01.jpg","contentUrl":"https:\/\/socialdesignmagazine.com\/mag\/wp-content\/uploads\/2011\/02\/benedetto_iosonouncreativotuno_iosonouncreativotuono_press_01.jpg","width":720,"height":718,"caption":"iosonouncreativotuono_press_01"},{"@type":"BreadcrumbList","@id":"https:\/\/socialdesignmagazine.com\/mag\/design\/dimomedia-lab-iosonouncreativotunocom\/#breadcrumb","itemListElement":[{"@type":"ListItem","position":1,"name":"Home","item":"https:\/\/socialdesignmagazine.com\/mag\/"},{"@type":"ListItem","position":2,"name":"Design","item":"https:\/\/socialdesignmagazine.com\/mag\/design\/"},{"@type":"ListItem","position":3,"name":"Dimomedia Lab \/ iosonouncreativotuno.com"}]},{"@type":"WebSite","@id":"https:\/\/socialdesignmagazine.com\/mag\/#website","url":"https:\/\/socialdesignmagazine.com\/mag\/","name":"Social Design Magazine","description":"Social Magazine su Design, Architettura, Arte, Grafica","publisher":{"@id":"https:\/\/socialdesignmagazine.com\/mag\/#organization"},"potentialAction":[{"@type":"SearchAction","target":{"@type":"EntryPoint","urlTemplate":"https:\/\/socialdesignmagazine.com\/mag\/?s={search_term_string}"},"query-input":{"@type":"PropertyValueSpecification","valueRequired":true,"valueName":"search_term_string"}}],"inLanguage":"it-IT"},{"@type":"Organization","@id":"https:\/\/socialdesignmagazine.com\/mag\/#organization","name":"Social Design Magazine","url":"https:\/\/socialdesignmagazine.com\/mag\/","logo":{"@type":"ImageObject","inLanguage":"it-IT","@id":"https:\/\/socialdesignmagazine.com\/mag\/#\/schema\/logo\/image\/","url":"https:\/\/socialdesignmagazine.com\/mag\/wp-content\/uploads\/2017\/01\/logo_favicon_11.png","contentUrl":"https:\/\/socialdesignmagazine.com\/mag\/wp-content\/uploads\/2017\/01\/logo_favicon_11.png","width":1024,"height":1024,"caption":"Social Design Magazine"},"image":{"@id":"https:\/\/socialdesignmagazine.com\/mag\/#\/schema\/logo\/image\/"},"sameAs":["https:\/\/www.facebook.com\/socialdesignmag","https:\/\/x.com\/socialdesignmag","http:\/\/instagram.com\/social_design_magazine\/","http:\/\/pinterest.com\/socialdesignmag\/","http:\/\/www.youtube.com\/user\/socialdesignmagazine"]},{"@type":"Person","@id":"https:\/\/socialdesignmagazine.com\/mag\/#\/schema\/person\/61e20205cc363c315e6aabd33a045846","name":"Benedetto Fiori","image":{"@type":"ImageObject","inLanguage":"it-IT","@id":"https:\/\/secure.gravatar.com\/avatar\/450a48cefa36da63d920ad70aa660bd10725b1c6093800242e5efdb397759033?s=96&d=mm&r=g","url":"https:\/\/secure.gravatar.com\/avatar\/450a48cefa36da63d920ad70aa660bd10725b1c6093800242e5efdb397759033?s=96&d=mm&r=g","contentUrl":"https:\/\/secure.gravatar.com\/avatar\/450a48cefa36da63d920ad70aa660bd10725b1c6093800242e5efdb397759033?s=96&d=mm&r=g","caption":"Benedetto Fiori"},"description":"Web | Twitter | Facebook | Shutterstock Founder &amp; Editor in Chief di Social Design Magazine. Attratto da sempre da tutto ci\u00f2 che \u00e8 creativit\u00e0, design, architettura. Dopo aver studiato Architettura all'Universit\u00e0 di Firenze, si \u00e8 impegnato in molteplici campi: comunicazione grafica, progettazione di allestimenti fieristici, brand design, Interior Design.","sameAs":["http:\/\/benedettofiori.com","https:\/\/www.facebook.com\/benedettofiori","https:\/\/x.com\/benedettofiori"],"url":"https:\/\/socialdesignmagazine.com\/mag\/author\/benedetto\/"}]}},"jetpack_featured_media_url":"https:\/\/socialdesignmagazine.com\/mag\/wp-content\/uploads\/2011\/02\/benedetto_iosonouncreativotuno_iosonouncreativotuono_press_01.jpg","jetpack_sharing_enabled":true,"jetpack_shortlink":"https:\/\/wp.me\/p6cV7V-2v","gt_translate_keys":[{"key":"link","format":"url"}],"_links":{"self":[{"href":"https:\/\/socialdesignmagazine.com\/mag\/wp-json\/wp\/v2\/posts\/155","targetHints":{"allow":["GET"]}}],"collection":[{"href":"https:\/\/socialdesignmagazine.com\/mag\/wp-json\/wp\/v2\/posts"}],"about":[{"href":"https:\/\/socialdesignmagazine.com\/mag\/wp-json\/wp\/v2\/types\/post"}],"author":[{"embeddable":true,"href":"https:\/\/socialdesignmagazine.com\/mag\/wp-json\/wp\/v2\/users\/1"}],"replies":[{"embeddable":true,"href":"https:\/\/socialdesignmagazine.com\/mag\/wp-json\/wp\/v2\/comments?post=155"}],"version-history":[{"count":2,"href":"https:\/\/socialdesignmagazine.com\/mag\/wp-json\/wp\/v2\/posts\/155\/revisions"}],"predecessor-version":[{"id":57208,"href":"https:\/\/socialdesignmagazine.com\/mag\/wp-json\/wp\/v2\/posts\/155\/revisions\/57208"}],"wp:featuredmedia":[{"embeddable":true,"href":"https:\/\/socialdesignmagazine.com\/mag\/wp-json\/wp\/v2\/media\/4707"}],"wp:attachment":[{"href":"https:\/\/socialdesignmagazine.com\/mag\/wp-json\/wp\/v2\/media?parent=155"}],"wp:term":[{"taxonomy":"category","embeddable":true,"href":"https:\/\/socialdesignmagazine.com\/mag\/wp-json\/wp\/v2\/categories?post=155"},{"taxonomy":"post_tag","embeddable":true,"href":"https:\/\/socialdesignmagazine.com\/mag\/wp-json\/wp\/v2\/tags?post=155"}],"curies":[{"name":"wp","href":"https:\/\/api.w.org\/{rel}","templated":true}]}}