{"id":1551,"date":"2012-09-14T12:35:08","date_gmt":"2012-09-14T10:35:08","guid":{"rendered":"https:\/\/socialdesignmagazine.com\/mag\/s5-architettura\/c34-architettura\/alvaro-sizaviagem-sem-programa-a-venezia-fino-all11-novembre-2012\/"},"modified":"2024-05-18T21:59:42","modified_gmt":"2024-05-18T19:59:42","slug":"alvaro-sizaviagem-sem-programa-a-venezia-fino-all11-novembre-2012","status":"publish","type":"post","link":"https:\/\/socialdesignmagazine.com\/mag\/architettura\/alvaro-sizaviagem-sem-programa-a-venezia-fino-all11-novembre-2012\/","title":{"rendered":"Alvaro Siza,Viagem Sem Programa, a Venezia fino all&#8217;11 Novembre 2012","gt_translate_keys":[{"key":"rendered","format":"text"}]},"content":{"rendered":"\n<p>Rimarr\u00e0 aperta ancora fino all&#8217;11 novembre 2012 con ingresso gratuito &#8220;<a href=\"https:\/\/socialdesignmagazine.com\/mag\/architettura\/c34-architettura\/alvaro-siza-viagem-sem-programa-disegni-e-ritratti-evento-collaterale-della-13-mostra-internazionale-di-architettura-la-biennale-di-venezia\/\">Viagem Sem Programa<\/a>&#8220;, la mostra che racconta il lato pi\u00f9 intimo e meno conosciuto dell\u2019architetto portoghese \u00c1lvaro Siza, figura di spicco nel panorama progettuale internazionale, insignito proprio in questi giorni del Leone d\u2019Oro alla carriera della 13ma Mostra Internazionale di Architettura &#8211; la Biennale di Venezia.<\/p>\n\n\n\n<p>La mostra \u00e8 stata organizzata&nbsp;dall\u2019associazione culturale Medicina Mentis, in collaborazione con la Fondazione Querini Stampalia, curata da&nbsp;Greta Ruffino e Raul Betti ed \u00e8 ospitata nel palazzo cinquecentesco della Fondazione.<\/p>\n\n\n\n<p><em>\u201cLa mostra \u2013 <\/em>dicono i due curatori<em> &#8211; addentrandosi nella natura umana e nella cultura progettuale, intende mettere in risalto il legame inscindibile tra queste due componenti, svelando attraverso un percorso emotivo, l\u2019aspetto pi\u00f9 intimo e privato di \u00c1lvaro Siza che si manifesta in una profonda e intensa capacit\u00e0 di osservare e successivamente tradurre in segno i frammenti della realt\u00e0\u201d.<\/em><\/p>\n\n\n<div class=\"wp-block-image\">\n<figure class=\"aligncenter\"><img loading=\"lazy\" decoding=\"async\" width=\"720\" height=\"480\" data-attachment-id=\"9315\" data-permalink=\"https:\/\/socialdesignmagazine.com\/mag\/architettura\/alvaro-sizaviagem-sem-programa-a-venezia-fino-all11-novembre-2012\/attachment\/alvaro-siza-viagem-sem-programa-0003a-photo-credits-andrea-piovesan\/#content\" data-orig-file=\"https:\/\/socialdesignmagazine.com\/mag\/wp-content\/uploads\/2012\/09\/benedetto_Alvaro_Siza_viagem_sem_programa_foto_alvaro_siza_viagem_sem_programa-0003a_Photo_Credits_Andrea_Piovesan.jpg\" data-orig-size=\"720,480\" data-comments-opened=\"1\" data-image-meta=\"{&quot;aperture&quot;:&quot;3.5&quot;,&quot;credit&quot;:&quot;&quot;,&quot;camera&quot;:&quot;Canon EOS 5D Mark II&quot;,&quot;caption&quot;:&quot;&quot;,&quot;created_timestamp&quot;:&quot;1346025600&quot;,&quot;copyright&quot;:&quot;Andrea Piovesan&quot;,&quot;focal_length&quot;:&quot;40&quot;,&quot;iso&quot;:&quot;800&quot;,&quot;shutter_speed&quot;:&quot;0.01&quot;,&quot;title&quot;:&quot;&quot;,&quot;orientation&quot;:&quot;1&quot;}\" data-image-title=\"alvaro siza viagem sem programa-0003a Photo Credits Andrea Piovesan\" data-image-description=\"\" data-image-caption=\"\" data-medium-file=\"https:\/\/socialdesignmagazine.com\/mag\/wp-content\/uploads\/2012\/09\/benedetto_Alvaro_Siza_viagem_sem_programa_foto_alvaro_siza_viagem_sem_programa-0003a_Photo_Credits_Andrea_Piovesan-396x256.jpg\" data-large-file=\"https:\/\/socialdesignmagazine.com\/mag\/wp-content\/uploads\/2012\/09\/benedetto_Alvaro_Siza_viagem_sem_programa_foto_alvaro_siza_viagem_sem_programa-0003a_Photo_Credits_Andrea_Piovesan.jpg\" src=\"https:\/\/socialdesignmagazine.com\/mag\/wp-content\/uploads\/2012\/09\/benedetto_Alvaro_Siza_viagem_sem_programa_foto_alvaro_siza_viagem_sem_programa-0003a_Photo_Credits_Andrea_Piovesan.jpg\" alt=\"alvaro siza viagem sem programa-0003a Photo Credits Andrea Piovesan\" class=\"wp-image-9315\" srcset=\"https:\/\/socialdesignmagazine.com\/mag\/wp-content\/uploads\/2012\/09\/benedetto_Alvaro_Siza_viagem_sem_programa_foto_alvaro_siza_viagem_sem_programa-0003a_Photo_Credits_Andrea_Piovesan.jpg 720w, https:\/\/socialdesignmagazine.com\/mag\/wp-content\/uploads\/2012\/09\/benedetto_Alvaro_Siza_viagem_sem_programa_foto_alvaro_siza_viagem_sem_programa-0003a_Photo_Credits_Andrea_Piovesan-100x66.jpg 100w\" sizes=\"auto, (max-width: 720px) 100vw, 720px\" \/><\/figure>\n<\/div>\n\n<div class=\"wp-block-image\">\n<figure class=\"aligncenter\"><img loading=\"lazy\" decoding=\"async\" width=\"720\" height=\"1079\" data-attachment-id=\"9316\" data-permalink=\"https:\/\/socialdesignmagazine.com\/mag\/architettura\/alvaro-sizaviagem-sem-programa-a-venezia-fino-all11-novembre-2012\/attachment\/alvaro-siza-viagem-sem-programa-0004a-photo-credits-andrea-piovesan\/#content\" data-orig-file=\"https:\/\/socialdesignmagazine.com\/mag\/wp-content\/uploads\/2012\/09\/benedetto_Alvaro_Siza_viagem_sem_programa_foto_alvaro_siza_viagem_sem_programa-0004a_Photo_Credits_Andrea_Piovesan.jpg\" data-orig-size=\"720,1079\" data-comments-opened=\"1\" data-image-meta=\"{&quot;aperture&quot;:&quot;3.2&quot;,&quot;credit&quot;:&quot;&quot;,&quot;camera&quot;:&quot;Canon EOS 5D Mark II&quot;,&quot;caption&quot;:&quot;&quot;,&quot;created_timestamp&quot;:&quot;1346025600&quot;,&quot;copyright&quot;:&quot;Andrea Piovesan&quot;,&quot;focal_length&quot;:&quot;24&quot;,&quot;iso&quot;:&quot;800&quot;,&quot;shutter_speed&quot;:&quot;0.0166666666667&quot;,&quot;title&quot;:&quot;&quot;,&quot;orientation&quot;:&quot;1&quot;}\" data-image-title=\"alvaro siza viagem sem programa-0004a Photo Credits Andrea Piovesan\" data-image-description=\"\" data-image-caption=\"\" data-medium-file=\"https:\/\/socialdesignmagazine.com\/mag\/wp-content\/uploads\/2012\/09\/benedetto_Alvaro_Siza_viagem_sem_programa_foto_alvaro_siza_viagem_sem_programa-0004a_Photo_Credits_Andrea_Piovesan-396x256.jpg\" data-large-file=\"https:\/\/socialdesignmagazine.com\/mag\/wp-content\/uploads\/2012\/09\/benedetto_Alvaro_Siza_viagem_sem_programa_foto_alvaro_siza_viagem_sem_programa-0004a_Photo_Credits_Andrea_Piovesan.jpg\" src=\"https:\/\/socialdesignmagazine.com\/mag\/wp-content\/uploads\/2012\/09\/benedetto_Alvaro_Siza_viagem_sem_programa_foto_alvaro_siza_viagem_sem_programa-0004a_Photo_Credits_Andrea_Piovesan.jpg\" alt=\"alvaro siza viagem sem programa-0004a Photo Credits Andrea Piovesan\" class=\"wp-image-9316\"\/><\/figure>\n<\/div>\n\n<div class=\"wp-block-image\">\n<figure class=\"aligncenter\"><img loading=\"lazy\" decoding=\"async\" width=\"720\" height=\"480\" data-attachment-id=\"9317\" data-permalink=\"https:\/\/socialdesignmagazine.com\/mag\/architettura\/alvaro-sizaviagem-sem-programa-a-venezia-fino-all11-novembre-2012\/attachment\/alvaro-siza-viagem-sem-programa-0005a-photo-credits-andrea-piovesan\/#content\" data-orig-file=\"https:\/\/socialdesignmagazine.com\/mag\/wp-content\/uploads\/2012\/09\/benedetto_Alvaro_Siza_viagem_sem_programa_foto_alvaro_siza_viagem_sem_programa-0005a_Photo_Credits_Andrea_Piovesan.jpg\" data-orig-size=\"720,480\" data-comments-opened=\"1\" data-image-meta=\"{&quot;aperture&quot;:&quot;2.8&quot;,&quot;credit&quot;:&quot;&quot;,&quot;camera&quot;:&quot;Canon EOS 5D Mark II&quot;,&quot;caption&quot;:&quot;&quot;,&quot;created_timestamp&quot;:&quot;1346025600&quot;,&quot;copyright&quot;:&quot;Andrea Piovesan&quot;,&quot;focal_length&quot;:&quot;24&quot;,&quot;iso&quot;:&quot;800&quot;,&quot;shutter_speed&quot;:&quot;0.0125&quot;,&quot;title&quot;:&quot;&quot;,&quot;orientation&quot;:&quot;1&quot;}\" data-image-title=\"alvaro siza viagem sem programa-0005a Photo Credits Andrea Piovesan\" data-image-description=\"\" data-image-caption=\"\" data-medium-file=\"https:\/\/socialdesignmagazine.com\/mag\/wp-content\/uploads\/2012\/09\/benedetto_Alvaro_Siza_viagem_sem_programa_foto_alvaro_siza_viagem_sem_programa-0005a_Photo_Credits_Andrea_Piovesan-396x256.jpg\" data-large-file=\"https:\/\/socialdesignmagazine.com\/mag\/wp-content\/uploads\/2012\/09\/benedetto_Alvaro_Siza_viagem_sem_programa_foto_alvaro_siza_viagem_sem_programa-0005a_Photo_Credits_Andrea_Piovesan.jpg\" src=\"https:\/\/socialdesignmagazine.com\/mag\/wp-content\/uploads\/2012\/09\/benedetto_Alvaro_Siza_viagem_sem_programa_foto_alvaro_siza_viagem_sem_programa-0005a_Photo_Credits_Andrea_Piovesan.jpg\" alt=\"alvaro siza viagem sem programa-0005a Photo Credits Andrea Piovesan\" class=\"wp-image-9317\" srcset=\"https:\/\/socialdesignmagazine.com\/mag\/wp-content\/uploads\/2012\/09\/benedetto_Alvaro_Siza_viagem_sem_programa_foto_alvaro_siza_viagem_sem_programa-0005a_Photo_Credits_Andrea_Piovesan.jpg 720w, https:\/\/socialdesignmagazine.com\/mag\/wp-content\/uploads\/2012\/09\/benedetto_Alvaro_Siza_viagem_sem_programa_foto_alvaro_siza_viagem_sem_programa-0005a_Photo_Credits_Andrea_Piovesan-100x66.jpg 100w\" sizes=\"auto, (max-width: 720px) 100vw, 720px\" \/><\/figure>\n<\/div>\n\n<div class=\"wp-block-image\">\n<figure class=\"aligncenter\"><img loading=\"lazy\" decoding=\"async\" width=\"720\" height=\"959\" data-attachment-id=\"9318\" data-permalink=\"https:\/\/socialdesignmagazine.com\/mag\/architettura\/alvaro-sizaviagem-sem-programa-a-venezia-fino-all11-novembre-2012\/attachment\/alvaro-siza-viagem-sem-programa-0006a-photo-credits-greta-ruffino\/#content\" data-orig-file=\"https:\/\/socialdesignmagazine.com\/mag\/wp-content\/uploads\/2012\/09\/benedetto_Alvaro_Siza_viagem_sem_programa_foto_alvaro_siza_viagem_sem_programa-0006a_Photo_Credits_Greta_Ruffino.JPG\" data-orig-size=\"720,959\" data-comments-opened=\"1\" data-image-meta=\"{&quot;aperture&quot;:&quot;2.4&quot;,&quot;credit&quot;:&quot;&quot;,&quot;camera&quot;:&quot;iPhone 4S&quot;,&quot;caption&quot;:&quot;&quot;,&quot;created_timestamp&quot;:&quot;1345831831&quot;,&quot;copyright&quot;:&quot;&quot;,&quot;focal_length&quot;:&quot;4.28&quot;,&quot;iso&quot;:&quot;64&quot;,&quot;shutter_speed&quot;:&quot;0.00115874855156&quot;,&quot;title&quot;:&quot;&quot;,&quot;orientation&quot;:&quot;1&quot;}\" data-image-title=\"alvaro siza viagem sem programa-0006a Photo Credits Greta Ruffino\" data-image-description=\"\" data-image-caption=\"\" data-medium-file=\"https:\/\/socialdesignmagazine.com\/mag\/wp-content\/uploads\/2012\/09\/benedetto_Alvaro_Siza_viagem_sem_programa_foto_alvaro_siza_viagem_sem_programa-0006a_Photo_Credits_Greta_Ruffino-396x256.jpg\" data-large-file=\"https:\/\/socialdesignmagazine.com\/mag\/wp-content\/uploads\/2012\/09\/benedetto_Alvaro_Siza_viagem_sem_programa_foto_alvaro_siza_viagem_sem_programa-0006a_Photo_Credits_Greta_Ruffino.JPG\" src=\"https:\/\/socialdesignmagazine.com\/mag\/wp-content\/uploads\/2012\/09\/benedetto_Alvaro_Siza_viagem_sem_programa_foto_alvaro_siza_viagem_sem_programa-0006a_Photo_Credits_Greta_Ruffino.JPG\" alt=\"alvaro siza viagem sem programa-0006a Photo Credits Greta Ruffino\" class=\"wp-image-9318\"\/><\/figure>\n<\/div>\n\n<div class=\"wp-block-image\">\n<figure class=\"aligncenter\"><img loading=\"lazy\" decoding=\"async\" width=\"720\" height=\"1079\" data-attachment-id=\"9319\" data-permalink=\"https:\/\/socialdesignmagazine.com\/mag\/architettura\/alvaro-sizaviagem-sem-programa-a-venezia-fino-all11-novembre-2012\/attachment\/alvaro-siza-viagem-sem-programa-0007a-photo-credits-andrea-piovesan\/#content\" data-orig-file=\"https:\/\/socialdesignmagazine.com\/mag\/wp-content\/uploads\/2012\/09\/benedetto_Alvaro_Siza_viagem_sem_programa_foto_alvaro_siza_viagem_sem_programa-0007a_Photo_Credits_Andrea_Piovesan.jpg\" data-orig-size=\"720,1079\" data-comments-opened=\"1\" data-image-meta=\"{&quot;aperture&quot;:&quot;4&quot;,&quot;credit&quot;:&quot;&quot;,&quot;camera&quot;:&quot;Canon EOS 5D Mark II&quot;,&quot;caption&quot;:&quot;&quot;,&quot;created_timestamp&quot;:&quot;1346025600&quot;,&quot;copyright&quot;:&quot;Andrea Piovesan&quot;,&quot;focal_length&quot;:&quot;24&quot;,&quot;iso&quot;:&quot;800&quot;,&quot;shutter_speed&quot;:&quot;0.0125&quot;,&quot;title&quot;:&quot;&quot;,&quot;orientation&quot;:&quot;1&quot;}\" data-image-title=\"alvaro siza viagem sem programa-0007a Photo Credits Andrea Piovesan\" data-image-description=\"\" data-image-caption=\"\" data-medium-file=\"https:\/\/socialdesignmagazine.com\/mag\/wp-content\/uploads\/2012\/09\/benedetto_Alvaro_Siza_viagem_sem_programa_foto_alvaro_siza_viagem_sem_programa-0007a_Photo_Credits_Andrea_Piovesan-396x256.jpg\" data-large-file=\"https:\/\/socialdesignmagazine.com\/mag\/wp-content\/uploads\/2012\/09\/benedetto_Alvaro_Siza_viagem_sem_programa_foto_alvaro_siza_viagem_sem_programa-0007a_Photo_Credits_Andrea_Piovesan.jpg\" src=\"https:\/\/socialdesignmagazine.com\/mag\/wp-content\/uploads\/2012\/09\/benedetto_Alvaro_Siza_viagem_sem_programa_foto_alvaro_siza_viagem_sem_programa-0007a_Photo_Credits_Andrea_Piovesan.jpg\" alt=\"alvaro siza viagem sem programa-0007a Photo Credits Andrea Piovesan\" class=\"wp-image-9319\"\/><\/figure>\n<\/div>\n\n<div class=\"wp-block-image\">\n<figure class=\"aligncenter\"><img loading=\"lazy\" decoding=\"async\" width=\"720\" height=\"480\" data-attachment-id=\"9320\" data-permalink=\"https:\/\/socialdesignmagazine.com\/mag\/architettura\/alvaro-sizaviagem-sem-programa-a-venezia-fino-all11-novembre-2012\/attachment\/alvaro-siza-viagem-sem-programa-0008a-photo-credits-andrea-piovesan\/#content\" data-orig-file=\"https:\/\/socialdesignmagazine.com\/mag\/wp-content\/uploads\/2012\/09\/benedetto_Alvaro_Siza_viagem_sem_programa_foto_alvaro_siza_viagem_sem_programa-0008a_Photo_Credits_Andrea_Piovesan.jpg\" data-orig-size=\"720,480\" data-comments-opened=\"1\" data-image-meta=\"{&quot;aperture&quot;:&quot;2.8&quot;,&quot;credit&quot;:&quot;&quot;,&quot;camera&quot;:&quot;Canon EOS 5D Mark II&quot;,&quot;caption&quot;:&quot;&quot;,&quot;created_timestamp&quot;:&quot;1346025600&quot;,&quot;copyright&quot;:&quot;Andrea Piovesan&quot;,&quot;focal_length&quot;:&quot;24&quot;,&quot;iso&quot;:&quot;1000&quot;,&quot;shutter_speed&quot;:&quot;0.0166666666667&quot;,&quot;title&quot;:&quot;&quot;,&quot;orientation&quot;:&quot;1&quot;}\" data-image-title=\"alvaro siza viagem sem programa-0008a Photo Credits Andrea Piovesan\" data-image-description=\"\" data-image-caption=\"\" data-medium-file=\"https:\/\/socialdesignmagazine.com\/mag\/wp-content\/uploads\/2012\/09\/benedetto_Alvaro_Siza_viagem_sem_programa_foto_alvaro_siza_viagem_sem_programa-0008a_Photo_Credits_Andrea_Piovesan-396x256.jpg\" data-large-file=\"https:\/\/socialdesignmagazine.com\/mag\/wp-content\/uploads\/2012\/09\/benedetto_Alvaro_Siza_viagem_sem_programa_foto_alvaro_siza_viagem_sem_programa-0008a_Photo_Credits_Andrea_Piovesan.jpg\" src=\"https:\/\/socialdesignmagazine.com\/mag\/wp-content\/uploads\/2012\/09\/benedetto_Alvaro_Siza_viagem_sem_programa_foto_alvaro_siza_viagem_sem_programa-0008a_Photo_Credits_Andrea_Piovesan.jpg\" alt=\"alvaro siza viagem sem programa-0008a Photo Credits Andrea Piovesan\" class=\"wp-image-9320\" srcset=\"https:\/\/socialdesignmagazine.com\/mag\/wp-content\/uploads\/2012\/09\/benedetto_Alvaro_Siza_viagem_sem_programa_foto_alvaro_siza_viagem_sem_programa-0008a_Photo_Credits_Andrea_Piovesan.jpg 720w, https:\/\/socialdesignmagazine.com\/mag\/wp-content\/uploads\/2012\/09\/benedetto_Alvaro_Siza_viagem_sem_programa_foto_alvaro_siza_viagem_sem_programa-0008a_Photo_Credits_Andrea_Piovesan-100x66.jpg 100w\" sizes=\"auto, (max-width: 720px) 100vw, 720px\" \/><\/figure>\n<\/div>\n\n<div class=\"wp-block-image\">\n<figure class=\"aligncenter\"><img loading=\"lazy\" decoding=\"async\" width=\"720\" height=\"1138\" data-attachment-id=\"9321\" data-permalink=\"https:\/\/socialdesignmagazine.com\/mag\/architettura\/alvaro-sizaviagem-sem-programa-a-venezia-fino-all11-novembre-2012\/attachment\/alvaro-siza-viagem-sem-programa-0009a-photo-credits-andrea-piovesan\/#content\" data-orig-file=\"https:\/\/socialdesignmagazine.com\/mag\/wp-content\/uploads\/2012\/09\/benedetto_Alvaro_Siza_viagem_sem_programa_foto_alvaro_siza_viagem_sem_programa-0009a_Photo_Credits_Andrea_Piovesan.jpg\" data-orig-size=\"720,1138\" data-comments-opened=\"1\" data-image-meta=\"{&quot;aperture&quot;:&quot;3.5&quot;,&quot;credit&quot;:&quot;&quot;,&quot;camera&quot;:&quot;Canon EOS 5D Mark II&quot;,&quot;caption&quot;:&quot;&quot;,&quot;created_timestamp&quot;:&quot;1346025600&quot;,&quot;copyright&quot;:&quot;Andrea Piovesan&quot;,&quot;focal_length&quot;:&quot;70&quot;,&quot;iso&quot;:&quot;800&quot;,&quot;shutter_speed&quot;:&quot;0.0166666666667&quot;,&quot;title&quot;:&quot;&quot;,&quot;orientation&quot;:&quot;1&quot;}\" data-image-title=\"alvaro siza viagem sem programa-0009a Photo Credits Andrea Piovesan\" data-image-description=\"\" data-image-caption=\"\" data-medium-file=\"https:\/\/socialdesignmagazine.com\/mag\/wp-content\/uploads\/2012\/09\/benedetto_Alvaro_Siza_viagem_sem_programa_foto_alvaro_siza_viagem_sem_programa-0009a_Photo_Credits_Andrea_Piovesan-396x256.jpg\" data-large-file=\"https:\/\/socialdesignmagazine.com\/mag\/wp-content\/uploads\/2012\/09\/benedetto_Alvaro_Siza_viagem_sem_programa_foto_alvaro_siza_viagem_sem_programa-0009a_Photo_Credits_Andrea_Piovesan.jpg\" src=\"https:\/\/socialdesignmagazine.com\/mag\/wp-content\/uploads\/2012\/09\/benedetto_Alvaro_Siza_viagem_sem_programa_foto_alvaro_siza_viagem_sem_programa-0009a_Photo_Credits_Andrea_Piovesan.jpg\" alt=\"alvaro siza viagem sem programa-0009a Photo Credits Andrea Piovesan\" class=\"wp-image-9321\"\/><\/figure>\n<\/div>\n\n<div class=\"wp-block-image\">\n<figure class=\"aligncenter\"><img loading=\"lazy\" decoding=\"async\" width=\"720\" height=\"480\" data-attachment-id=\"9322\" data-permalink=\"https:\/\/socialdesignmagazine.com\/mag\/architettura\/alvaro-sizaviagem-sem-programa-a-venezia-fino-all11-novembre-2012\/attachment\/alvaro-siza-viagem-sem-programa-0010a-photo-credits-andrea-piovesan\/#content\" data-orig-file=\"https:\/\/socialdesignmagazine.com\/mag\/wp-content\/uploads\/2012\/09\/benedetto_Alvaro_Siza_viagem_sem_programa_foto_alvaro_siza_viagem_sem_programa-0010a_Photo_Credits_Andrea_Piovesan.jpg\" data-orig-size=\"720,480\" data-comments-opened=\"1\" data-image-meta=\"{&quot;aperture&quot;:&quot;3.5&quot;,&quot;credit&quot;:&quot;&quot;,&quot;camera&quot;:&quot;Canon EOS 5D Mark II&quot;,&quot;caption&quot;:&quot;&quot;,&quot;created_timestamp&quot;:&quot;1346025600&quot;,&quot;copyright&quot;:&quot;Andrea Piovesan&quot;,&quot;focal_length&quot;:&quot;55&quot;,&quot;iso&quot;:&quot;800&quot;,&quot;shutter_speed&quot;:&quot;0.0166666666667&quot;,&quot;title&quot;:&quot;&quot;,&quot;orientation&quot;:&quot;1&quot;}\" data-image-title=\"alvaro siza viagem sem programa-0010a Photo Credits Andrea Piovesan\" data-image-description=\"\" data-image-caption=\"\" data-medium-file=\"https:\/\/socialdesignmagazine.com\/mag\/wp-content\/uploads\/2012\/09\/benedetto_Alvaro_Siza_viagem_sem_programa_foto_alvaro_siza_viagem_sem_programa-0010a_Photo_Credits_Andrea_Piovesan-396x256.jpg\" data-large-file=\"https:\/\/socialdesignmagazine.com\/mag\/wp-content\/uploads\/2012\/09\/benedetto_Alvaro_Siza_viagem_sem_programa_foto_alvaro_siza_viagem_sem_programa-0010a_Photo_Credits_Andrea_Piovesan.jpg\" src=\"https:\/\/socialdesignmagazine.com\/mag\/wp-content\/uploads\/2012\/09\/benedetto_Alvaro_Siza_viagem_sem_programa_foto_alvaro_siza_viagem_sem_programa-0010a_Photo_Credits_Andrea_Piovesan.jpg\" alt=\"alvaro siza viagem sem programa-0010a Photo Credits Andrea Piovesan\" class=\"wp-image-9322\" srcset=\"https:\/\/socialdesignmagazine.com\/mag\/wp-content\/uploads\/2012\/09\/benedetto_Alvaro_Siza_viagem_sem_programa_foto_alvaro_siza_viagem_sem_programa-0010a_Photo_Credits_Andrea_Piovesan.jpg 720w, https:\/\/socialdesignmagazine.com\/mag\/wp-content\/uploads\/2012\/09\/benedetto_Alvaro_Siza_viagem_sem_programa_foto_alvaro_siza_viagem_sem_programa-0010a_Photo_Credits_Andrea_Piovesan-100x66.jpg 100w\" sizes=\"auto, (max-width: 720px) 100vw, 720px\" \/><\/figure>\n<\/div>\n\n<div class=\"wp-block-image\">\n<figure class=\"aligncenter\"><img loading=\"lazy\" decoding=\"async\" width=\"720\" height=\"1094\" data-attachment-id=\"9323\" data-permalink=\"https:\/\/socialdesignmagazine.com\/mag\/architettura\/alvaro-sizaviagem-sem-programa-a-venezia-fino-all11-novembre-2012\/attachment\/alvaro-siza-viagem-sem-programa-0011a-photo-credits-andrea-piovesan\/#content\" data-orig-file=\"https:\/\/socialdesignmagazine.com\/mag\/wp-content\/uploads\/2012\/09\/benedetto_Alvaro_Siza_viagem_sem_programa_foto_alvaro_siza_viagem_sem_programa-0011a_Photo_Credits_Andrea_Piovesan.jpg\" data-orig-size=\"720,1094\" data-comments-opened=\"1\" data-image-meta=\"{&quot;aperture&quot;:&quot;3.2&quot;,&quot;credit&quot;:&quot;&quot;,&quot;camera&quot;:&quot;Canon EOS 5D Mark II&quot;,&quot;caption&quot;:&quot;&quot;,&quot;created_timestamp&quot;:&quot;1346025600&quot;,&quot;copyright&quot;:&quot;Andrea Piovesan&quot;,&quot;focal_length&quot;:&quot;35&quot;,&quot;iso&quot;:&quot;800&quot;,&quot;shutter_speed&quot;:&quot;0.01&quot;,&quot;title&quot;:&quot;&quot;,&quot;orientation&quot;:&quot;1&quot;}\" data-image-title=\"alvaro siza viagem sem programa-0011a Photo Credits Andrea Piovesan\" data-image-description=\"\" data-image-caption=\"\" data-medium-file=\"https:\/\/socialdesignmagazine.com\/mag\/wp-content\/uploads\/2012\/09\/benedetto_Alvaro_Siza_viagem_sem_programa_foto_alvaro_siza_viagem_sem_programa-0011a_Photo_Credits_Andrea_Piovesan-396x256.jpg\" data-large-file=\"https:\/\/socialdesignmagazine.com\/mag\/wp-content\/uploads\/2012\/09\/benedetto_Alvaro_Siza_viagem_sem_programa_foto_alvaro_siza_viagem_sem_programa-0011a_Photo_Credits_Andrea_Piovesan.jpg\" src=\"https:\/\/socialdesignmagazine.com\/mag\/wp-content\/uploads\/2012\/09\/benedetto_Alvaro_Siza_viagem_sem_programa_foto_alvaro_siza_viagem_sem_programa-0011a_Photo_Credits_Andrea_Piovesan.jpg\" alt=\"alvaro siza viagem sem programa-0011a Photo Credits Andrea Piovesan\" class=\"wp-image-9323\"\/><\/figure>\n<\/div>\n\n<div class=\"wp-block-image\">\n<figure class=\"aligncenter\"><img loading=\"lazy\" decoding=\"async\" width=\"720\" height=\"1079\" data-attachment-id=\"9324\" data-permalink=\"https:\/\/socialdesignmagazine.com\/mag\/architettura\/alvaro-sizaviagem-sem-programa-a-venezia-fino-all11-novembre-2012\/attachment\/alvaro-siza-viagem-sem-programa-0012a-photo-credits-andrea-piovesan\/#content\" data-orig-file=\"https:\/\/socialdesignmagazine.com\/mag\/wp-content\/uploads\/2012\/09\/benedetto_Alvaro_Siza_viagem_sem_programa_foto_alvaro_siza_viagem_sem_programa-0012a_Photo_Credits_Andrea_Piovesan.jpg\" data-orig-size=\"720,1079\" data-comments-opened=\"1\" data-image-meta=\"{&quot;aperture&quot;:&quot;2.8&quot;,&quot;credit&quot;:&quot;&quot;,&quot;camera&quot;:&quot;Canon EOS 5D Mark II&quot;,&quot;caption&quot;:&quot;&quot;,&quot;created_timestamp&quot;:&quot;1346112000&quot;,&quot;copyright&quot;:&quot;Andrea Piovesan&quot;,&quot;focal_length&quot;:&quot;35&quot;,&quot;iso&quot;:&quot;4000&quot;,&quot;shutter_speed&quot;:&quot;0.00625&quot;,&quot;title&quot;:&quot;&quot;,&quot;orientation&quot;:&quot;1&quot;}\" data-image-title=\"alvaro siza viagem sem programa-0012a Photo Credits Andrea Piovesan\" data-image-description=\"\" data-image-caption=\"\" data-medium-file=\"https:\/\/socialdesignmagazine.com\/mag\/wp-content\/uploads\/2012\/09\/benedetto_Alvaro_Siza_viagem_sem_programa_foto_alvaro_siza_viagem_sem_programa-0012a_Photo_Credits_Andrea_Piovesan-396x256.jpg\" data-large-file=\"https:\/\/socialdesignmagazine.com\/mag\/wp-content\/uploads\/2012\/09\/benedetto_Alvaro_Siza_viagem_sem_programa_foto_alvaro_siza_viagem_sem_programa-0012a_Photo_Credits_Andrea_Piovesan.jpg\" src=\"https:\/\/socialdesignmagazine.com\/mag\/wp-content\/uploads\/2012\/09\/benedetto_Alvaro_Siza_viagem_sem_programa_foto_alvaro_siza_viagem_sem_programa-0012a_Photo_Credits_Andrea_Piovesan.jpg\" alt=\"alvaro siza viagem sem programa-0012a Photo Credits Andrea Piovesan\" class=\"wp-image-9324\"\/><\/figure>\n<\/div>\n\n<div class=\"wp-block-image\">\n<figure class=\"aligncenter\"><img loading=\"lazy\" decoding=\"async\" width=\"720\" height=\"480\" data-attachment-id=\"9325\" data-permalink=\"https:\/\/socialdesignmagazine.com\/mag\/architettura\/alvaro-sizaviagem-sem-programa-a-venezia-fino-all11-novembre-2012\/attachment\/alvaro-siza-viagem-sem-programa-0013a-photo-credits-andrea-piovesan\/#content\" data-orig-file=\"https:\/\/socialdesignmagazine.com\/mag\/wp-content\/uploads\/2012\/09\/benedetto_Alvaro_Siza_viagem_sem_programa_foto_alvaro_siza_viagem_sem_programa-0013a_Photo_Credits_Andrea_Piovesan.jpg\" data-orig-size=\"720,480\" data-comments-opened=\"1\" data-image-meta=\"{&quot;aperture&quot;:&quot;3.2&quot;,&quot;credit&quot;:&quot;&quot;,&quot;camera&quot;:&quot;Canon EOS 5D Mark II&quot;,&quot;caption&quot;:&quot;&quot;,&quot;created_timestamp&quot;:&quot;1346112000&quot;,&quot;copyright&quot;:&quot;Andrea Piovesan&quot;,&quot;focal_length&quot;:&quot;51&quot;,&quot;iso&quot;:&quot;2000&quot;,&quot;shutter_speed&quot;:&quot;0.0166666666667&quot;,&quot;title&quot;:&quot;&quot;,&quot;orientation&quot;:&quot;1&quot;}\" data-image-title=\"alvaro siza viagem sem programa-0013a Photo Credits Andrea Piovesan\" data-image-description=\"\" data-image-caption=\"\" data-medium-file=\"https:\/\/socialdesignmagazine.com\/mag\/wp-content\/uploads\/2012\/09\/benedetto_Alvaro_Siza_viagem_sem_programa_foto_alvaro_siza_viagem_sem_programa-0013a_Photo_Credits_Andrea_Piovesan-396x256.jpg\" data-large-file=\"https:\/\/socialdesignmagazine.com\/mag\/wp-content\/uploads\/2012\/09\/benedetto_Alvaro_Siza_viagem_sem_programa_foto_alvaro_siza_viagem_sem_programa-0013a_Photo_Credits_Andrea_Piovesan.jpg\" src=\"https:\/\/socialdesignmagazine.com\/mag\/wp-content\/uploads\/2012\/09\/benedetto_Alvaro_Siza_viagem_sem_programa_foto_alvaro_siza_viagem_sem_programa-0013a_Photo_Credits_Andrea_Piovesan.jpg\" alt=\"alvaro siza viagem sem programa-0013a Photo Credits Andrea Piovesan\" class=\"wp-image-9325\" srcset=\"https:\/\/socialdesignmagazine.com\/mag\/wp-content\/uploads\/2012\/09\/benedetto_Alvaro_Siza_viagem_sem_programa_foto_alvaro_siza_viagem_sem_programa-0013a_Photo_Credits_Andrea_Piovesan.jpg 720w, https:\/\/socialdesignmagazine.com\/mag\/wp-content\/uploads\/2012\/09\/benedetto_Alvaro_Siza_viagem_sem_programa_foto_alvaro_siza_viagem_sem_programa-0013a_Photo_Credits_Andrea_Piovesan-100x66.jpg 100w\" sizes=\"auto, (max-width: 720px) 100vw, 720px\" \/><\/figure>\n<\/div>","protected":false,"gt_translate_keys":[{"key":"rendered","format":"html"}]},"excerpt":{"rendered":"<p>Rimarr\u00e0 aperta ancora fino all&#8217;11 novembre 2012 con ingresso gratuito &#8220;Viagem Sem Programa&#8221;, la mostra che racconta il lato pi\u00f9 intimo e meno conosciuto dell\u2019architetto portoghese \u00c1lvaro Siza, figura di spicco nel panorama progettuale internazionale, insignito proprio in questi giorni del Leone d\u2019Oro alla carriera della 13ma Mostra Internazionale di Architettura &#8211; la Biennale di Venezia.<\/p>\n","protected":false,"gt_translate_keys":[{"key":"rendered","format":"html"}]},"author":1,"featured_media":9314,"comment_status":"open","ping_status":"open","sticky":false,"template":"","format":"standard","meta":{"jetpack_post_was_ever_published":false,"_jetpack_newsletter_access":"","_jetpack_dont_email_post_to_subs":false,"_jetpack_newsletter_tier_id":0,"_jetpack_memberships_contains_paywalled_content":false,"_jetpack_memberships_contains_paid_content":false,"footnotes":"","_wpscppro_dont_share_socialmedia":false,"_wpscppro_custom_social_share_image":0,"_facebook_share_type":"","_twitter_share_type":"","_linkedin_share_type":"","_pinterest_share_type":"","_linkedin_share_type_page":"","_instagram_share_type":"","_medium_share_type":"","_threads_share_type":"","_google_business_share_type":"","_selected_social_profile":[],"_wpsp_enable_custom_social_template":false,"_wpsp_social_scheduling":{"enabled":false,"datetime":null,"platforms":[],"status":"template_only","dateOption":"today","timeOption":"now","customDays":"","customHours":"","customDate":"","customTime":"","schedulingType":"absolute"},"_wpsp_active_default_template":true},"categories":[15],"tags":[1120,2498,518],"class_list":["post-1551","post","type-post","status-publish","format-standard","has-post-thumbnail","hentry","category-architettura","tag-alvaro-siza","tag-biennale-di-venezia-2012","tag-mostra"],"yoast_head":"<!-- This site is optimized with the Yoast SEO plugin v27.2 - https:\/\/yoast.com\/product\/yoast-seo-wordpress\/ -->\n<title>Alvaro Siza,Viagem Sem Programa, a Venezia fino all&#039;11 Novembre 2012 - Social Design Magazine<\/title>\n<meta name=\"description\" content=\"Rimarr\u00e0 aperta ancora fino all&#039;11 novembre 2012 con ingresso gratuito &quot;Viagem Sem Programa&quot;, la mostra che racconta il lato pi\u00f9 intimo e meno conosciuto dell\u2019architetto portoghese \u00c1lvaro Siza, figura di spicco nel panorama progettuale internazionale, insignito proprio in questi giorni del Leone d\u2019Oro alla carriera della 13ma Mostra Internazionale di Architettura - la Biennale di Venezia.\" \/>\n<meta name=\"robots\" content=\"index, follow, max-snippet:-1, max-image-preview:large, max-video-preview:-1\" \/>\n<link rel=\"canonical\" href=\"https:\/\/socialdesignmagazine.com\/mag\/architettura\/alvaro-sizaviagem-sem-programa-a-venezia-fino-all11-novembre-2012\/\" \/>\n<meta property=\"og:locale\" content=\"it_IT\" \/>\n<meta property=\"og:type\" content=\"article\" \/>\n<meta property=\"og:title\" content=\"Alvaro Siza,Viagem Sem Programa, a Venezia fino all&#039;11 Novembre 2012 - Social Design Magazine\" \/>\n<meta property=\"og:description\" content=\"Rimarr\u00e0 aperta ancora fino all&#039;11 novembre 2012 con ingresso gratuito &quot;Viagem Sem Programa&quot;, la mostra che racconta il lato pi\u00f9 intimo e meno conosciuto dell\u2019architetto portoghese \u00c1lvaro Siza, figura di spicco nel panorama progettuale internazionale, insignito proprio in questi giorni del Leone d\u2019Oro alla carriera della 13ma Mostra Internazionale di Architettura - la Biennale di Venezia.\" \/>\n<meta property=\"og:url\" content=\"http:\/\/socialdesignmagazine.com\/mag\/architettura\/alvaro-sizaviagem-sem-programa-a-venezia-fino-all11-novembre-2012\/\" \/>\n<meta property=\"og:site_name\" content=\"Social Design Magazine\" \/>\n<meta property=\"article:publisher\" content=\"https:\/\/www.facebook.com\/socialdesignmag\" \/>\n<meta property=\"article:author\" content=\"https:\/\/www.facebook.com\/benedettofiori\" \/>\n<meta property=\"article:published_time\" content=\"2012-09-14T10:35:08+00:00\" \/>\n<meta property=\"article:modified_time\" content=\"2024-05-18T19:59:42+00:00\" \/>\n<meta property=\"og:image\" content=\"https:\/\/socialdesignmagazine.com\/mag\/wp-content\/uploads\/2012\/09\/benedetto_Alvaro_Siza_viagem_sem_programa_foto_alvaro_siza_viagem_sem_programa-0002a_Photo_Credits_Andrea_Piovesan.jpg\" \/>\n\t<meta property=\"og:image:width\" content=\"720\" \/>\n\t<meta property=\"og:image:height\" content=\"480\" \/>\n\t<meta property=\"og:image:type\" content=\"image\/jpeg\" \/>\n<meta name=\"author\" content=\"Benedetto Fiori\" \/>\n<meta name=\"twitter:card\" content=\"summary_large_image\" \/>\n<meta name=\"twitter:creator\" content=\"@benedettofiori\" \/>\n<meta name=\"twitter:site\" content=\"@socialdesignmag\" \/>\n<meta name=\"twitter:label1\" content=\"Scritto da\" \/>\n\t<meta name=\"twitter:data1\" content=\"Benedetto Fiori\" \/>\n\t<meta name=\"twitter:label2\" content=\"Tempo di lettura stimato\" \/>\n\t<meta name=\"twitter:data2\" content=\"4 minuti\" \/>\n<script type=\"application\/ld+json\" class=\"yoast-schema-graph\">{\"@context\":\"https:\/\/schema.org\",\"@graph\":[{\"@type\":\"Article\",\"@id\":\"https:\/\/socialdesignmagazine.com\/mag\/architettura\/alvaro-sizaviagem-sem-programa-a-venezia-fino-all11-novembre-2012\/#article\",\"isPartOf\":{\"@id\":\"https:\/\/socialdesignmagazine.com\/mag\/architettura\/alvaro-sizaviagem-sem-programa-a-venezia-fino-all11-novembre-2012\/\"},\"author\":{\"name\":\"Benedetto Fiori\",\"@id\":\"https:\/\/socialdesignmagazine.com\/mag\/#\/schema\/person\/61e20205cc363c315e6aabd33a045846\"},\"headline\":\"Alvaro Siza,Viagem Sem Programa, a Venezia fino all&#8217;11 Novembre 2012\",\"datePublished\":\"2012-09-14T10:35:08+00:00\",\"dateModified\":\"2024-05-18T19:59:42+00:00\",\"mainEntityOfPage\":{\"@id\":\"https:\/\/socialdesignmagazine.com\/mag\/architettura\/alvaro-sizaviagem-sem-programa-a-venezia-fino-all11-novembre-2012\/\"},\"wordCount\":159,\"commentCount\":0,\"publisher\":{\"@id\":\"https:\/\/socialdesignmagazine.com\/mag\/#organization\"},\"image\":{\"@id\":\"https:\/\/socialdesignmagazine.com\/mag\/architettura\/alvaro-sizaviagem-sem-programa-a-venezia-fino-all11-novembre-2012\/#primaryimage\"},\"thumbnailUrl\":\"https:\/\/socialdesignmagazine.com\/mag\/wp-content\/uploads\/2012\/09\/benedetto_Alvaro_Siza_viagem_sem_programa_foto_alvaro_siza_viagem_sem_programa-0002a_Photo_Credits_Andrea_Piovesan.jpg\",\"keywords\":[\"alvaro siza\",\"biennale di venezia 2012\",\"mostra\"],\"articleSection\":[\"Architettura\"],\"inLanguage\":\"it-IT\",\"potentialAction\":[{\"@type\":\"CommentAction\",\"name\":\"Comment\",\"target\":[\"https:\/\/socialdesignmagazine.com\/mag\/architettura\/alvaro-sizaviagem-sem-programa-a-venezia-fino-all11-novembre-2012\/#respond\"]}]},{\"@type\":\"WebPage\",\"@id\":\"https:\/\/socialdesignmagazine.com\/mag\/architettura\/alvaro-sizaviagem-sem-programa-a-venezia-fino-all11-novembre-2012\/\",\"url\":\"https:\/\/socialdesignmagazine.com\/mag\/architettura\/alvaro-sizaviagem-sem-programa-a-venezia-fino-all11-novembre-2012\/\",\"name\":\"Alvaro Siza,Viagem Sem Programa, a Venezia fino all'11 Novembre 2012 - Social Design Magazine\",\"isPartOf\":{\"@id\":\"https:\/\/socialdesignmagazine.com\/mag\/#website\"},\"primaryImageOfPage\":{\"@id\":\"https:\/\/socialdesignmagazine.com\/mag\/architettura\/alvaro-sizaviagem-sem-programa-a-venezia-fino-all11-novembre-2012\/#primaryimage\"},\"image\":{\"@id\":\"https:\/\/socialdesignmagazine.com\/mag\/architettura\/alvaro-sizaviagem-sem-programa-a-venezia-fino-all11-novembre-2012\/#primaryimage\"},\"thumbnailUrl\":\"https:\/\/socialdesignmagazine.com\/mag\/wp-content\/uploads\/2012\/09\/benedetto_Alvaro_Siza_viagem_sem_programa_foto_alvaro_siza_viagem_sem_programa-0002a_Photo_Credits_Andrea_Piovesan.jpg\",\"datePublished\":\"2012-09-14T10:35:08+00:00\",\"dateModified\":\"2024-05-18T19:59:42+00:00\",\"description\":\"Rimarr\u00e0 aperta ancora fino all'11 novembre 2012 con ingresso gratuito \\\"Viagem Sem Programa\\\", la mostra che racconta il lato pi\u00f9 intimo e meno conosciuto dell\u2019architetto portoghese \u00c1lvaro Siza, figura di spicco nel panorama progettuale internazionale, insignito proprio in questi giorni del Leone d\u2019Oro alla carriera della 13ma Mostra Internazionale di Architettura - la Biennale di Venezia.\",\"breadcrumb\":{\"@id\":\"https:\/\/socialdesignmagazine.com\/mag\/architettura\/alvaro-sizaviagem-sem-programa-a-venezia-fino-all11-novembre-2012\/#breadcrumb\"},\"inLanguage\":\"it-IT\",\"potentialAction\":[{\"@type\":\"ReadAction\",\"target\":[\"https:\/\/socialdesignmagazine.com\/mag\/architettura\/alvaro-sizaviagem-sem-programa-a-venezia-fino-all11-novembre-2012\/\"]}]},{\"@type\":\"ImageObject\",\"inLanguage\":\"it-IT\",\"@id\":\"https:\/\/socialdesignmagazine.com\/mag\/architettura\/alvaro-sizaviagem-sem-programa-a-venezia-fino-all11-novembre-2012\/#primaryimage\",\"url\":\"https:\/\/socialdesignmagazine.com\/mag\/wp-content\/uploads\/2012\/09\/benedetto_Alvaro_Siza_viagem_sem_programa_foto_alvaro_siza_viagem_sem_programa-0002a_Photo_Credits_Andrea_Piovesan.jpg\",\"contentUrl\":\"https:\/\/socialdesignmagazine.com\/mag\/wp-content\/uploads\/2012\/09\/benedetto_Alvaro_Siza_viagem_sem_programa_foto_alvaro_siza_viagem_sem_programa-0002a_Photo_Credits_Andrea_Piovesan.jpg\",\"width\":720,\"height\":480,\"caption\":\"alvaro siza viagem sem programa-0002a Photo Credits Andrea Piovesan\"},{\"@type\":\"BreadcrumbList\",\"@id\":\"https:\/\/socialdesignmagazine.com\/mag\/architettura\/alvaro-sizaviagem-sem-programa-a-venezia-fino-all11-novembre-2012\/#breadcrumb\",\"itemListElement\":[{\"@type\":\"ListItem\",\"position\":1,\"name\":\"Home\",\"item\":\"https:\/\/socialdesignmagazine.com\/mag\/\"},{\"@type\":\"ListItem\",\"position\":2,\"name\":\"Architettura\",\"item\":\"https:\/\/socialdesignmagazine.com\/mag\/architettura\/\"},{\"@type\":\"ListItem\",\"position\":3,\"name\":\"Alvaro Siza,Viagem Sem Programa, a Venezia fino all&#8217;11 Novembre 2012\"}]},{\"@type\":\"WebSite\",\"@id\":\"https:\/\/socialdesignmagazine.com\/mag\/#website\",\"url\":\"https:\/\/socialdesignmagazine.com\/mag\/\",\"name\":\"Social Design Magazine\",\"description\":\"Social Magazine su Design, Architettura, Arte, Grafica\",\"publisher\":{\"@id\":\"https:\/\/socialdesignmagazine.com\/mag\/#organization\"},\"potentialAction\":[{\"@type\":\"SearchAction\",\"target\":{\"@type\":\"EntryPoint\",\"urlTemplate\":\"https:\/\/socialdesignmagazine.com\/mag\/?s={search_term_string}\"},\"query-input\":{\"@type\":\"PropertyValueSpecification\",\"valueRequired\":true,\"valueName\":\"search_term_string\"}}],\"inLanguage\":\"it-IT\"},{\"@type\":\"Organization\",\"@id\":\"https:\/\/socialdesignmagazine.com\/mag\/#organization\",\"name\":\"Social Design Magazine\",\"url\":\"https:\/\/socialdesignmagazine.com\/mag\/\",\"logo\":{\"@type\":\"ImageObject\",\"inLanguage\":\"it-IT\",\"@id\":\"https:\/\/socialdesignmagazine.com\/mag\/#\/schema\/logo\/image\/\",\"url\":\"https:\/\/socialdesignmagazine.com\/mag\/wp-content\/uploads\/2017\/01\/logo_favicon_11.png\",\"contentUrl\":\"https:\/\/socialdesignmagazine.com\/mag\/wp-content\/uploads\/2017\/01\/logo_favicon_11.png\",\"width\":1024,\"height\":1024,\"caption\":\"Social Design Magazine\"},\"image\":{\"@id\":\"https:\/\/socialdesignmagazine.com\/mag\/#\/schema\/logo\/image\/\"},\"sameAs\":[\"https:\/\/www.facebook.com\/socialdesignmag\",\"https:\/\/x.com\/socialdesignmag\",\"http:\/\/instagram.com\/social_design_magazine\/\",\"http:\/\/pinterest.com\/socialdesignmag\/\",\"http:\/\/www.youtube.com\/user\/socialdesignmagazine\"]},{\"@type\":\"Person\",\"@id\":\"https:\/\/socialdesignmagazine.com\/mag\/#\/schema\/person\/61e20205cc363c315e6aabd33a045846\",\"name\":\"Benedetto Fiori\",\"image\":{\"@type\":\"ImageObject\",\"inLanguage\":\"it-IT\",\"@id\":\"https:\/\/secure.gravatar.com\/avatar\/450a48cefa36da63d920ad70aa660bd10725b1c6093800242e5efdb397759033?s=96&d=mm&r=g\",\"url\":\"https:\/\/secure.gravatar.com\/avatar\/450a48cefa36da63d920ad70aa660bd10725b1c6093800242e5efdb397759033?s=96&d=mm&r=g\",\"contentUrl\":\"https:\/\/secure.gravatar.com\/avatar\/450a48cefa36da63d920ad70aa660bd10725b1c6093800242e5efdb397759033?s=96&d=mm&r=g\",\"caption\":\"Benedetto Fiori\"},\"description\":\"Web | Twitter | Facebook | Shutterstock Founder &amp; Editor in Chief di Social Design Magazine. Attratto da sempre da tutto ci\u00f2 che \u00e8 creativit\u00e0, design, architettura. Dopo aver studiato Architettura all'Universit\u00e0 di Firenze, si \u00e8 impegnato in molteplici campi: comunicazione grafica, progettazione di allestimenti fieristici, brand design, Interior Design.\",\"sameAs\":[\"http:\/\/benedettofiori.com\",\"https:\/\/www.facebook.com\/benedettofiori\",\"https:\/\/x.com\/benedettofiori\"],\"url\":\"https:\/\/socialdesignmagazine.com\/mag\/author\/benedetto\/\"}]}<\/script>\n<!-- \/ Yoast SEO plugin. -->","yoast_head_json":{"title":"Alvaro Siza,Viagem Sem Programa, a Venezia fino all'11 Novembre 2012 - Social Design Magazine","description":"Rimarr\u00e0 aperta ancora fino all'11 novembre 2012 con ingresso gratuito \"Viagem Sem Programa\", la mostra che racconta il lato pi\u00f9 intimo e meno conosciuto dell\u2019architetto portoghese \u00c1lvaro Siza, figura di spicco nel panorama progettuale internazionale, insignito proprio in questi giorni del Leone d\u2019Oro alla carriera della 13ma Mostra Internazionale di Architettura - la Biennale di Venezia.","robots":{"index":"index","follow":"follow","max-snippet":"max-snippet:-1","max-image-preview":"max-image-preview:large","max-video-preview":"max-video-preview:-1"},"canonical":"https:\/\/socialdesignmagazine.com\/mag\/architettura\/alvaro-sizaviagem-sem-programa-a-venezia-fino-all11-novembre-2012\/","og_locale":"it_IT","og_type":"article","og_title":"Alvaro Siza,Viagem Sem Programa, a Venezia fino all'11 Novembre 2012 - Social Design Magazine","og_description":"Rimarr\u00e0 aperta ancora fino all'11 novembre 2012 con ingresso gratuito \"Viagem Sem Programa\", la mostra che racconta il lato pi\u00f9 intimo e meno conosciuto dell\u2019architetto portoghese \u00c1lvaro Siza, figura di spicco nel panorama progettuale internazionale, insignito proprio in questi giorni del Leone d\u2019Oro alla carriera della 13ma Mostra Internazionale di Architettura - la Biennale di Venezia.","og_url":"http:\/\/socialdesignmagazine.com\/mag\/architettura\/alvaro-sizaviagem-sem-programa-a-venezia-fino-all11-novembre-2012\/","og_site_name":"Social Design Magazine","article_publisher":"https:\/\/www.facebook.com\/socialdesignmag","article_author":"https:\/\/www.facebook.com\/benedettofiori","article_published_time":"2012-09-14T10:35:08+00:00","article_modified_time":"2024-05-18T19:59:42+00:00","og_image":[{"width":720,"height":480,"url":"https:\/\/socialdesignmagazine.com\/mag\/wp-content\/uploads\/2012\/09\/benedetto_Alvaro_Siza_viagem_sem_programa_foto_alvaro_siza_viagem_sem_programa-0002a_Photo_Credits_Andrea_Piovesan.jpg","type":"image\/jpeg"}],"author":"Benedetto Fiori","twitter_card":"summary_large_image","twitter_creator":"@benedettofiori","twitter_site":"@socialdesignmag","twitter_misc":{"Scritto da":"Benedetto Fiori","Tempo di lettura stimato":"4 minuti"},"schema":{"@context":"https:\/\/schema.org","@graph":[{"@type":"Article","@id":"https:\/\/socialdesignmagazine.com\/mag\/architettura\/alvaro-sizaviagem-sem-programa-a-venezia-fino-all11-novembre-2012\/#article","isPartOf":{"@id":"https:\/\/socialdesignmagazine.com\/mag\/architettura\/alvaro-sizaviagem-sem-programa-a-venezia-fino-all11-novembre-2012\/"},"author":{"name":"Benedetto Fiori","@id":"https:\/\/socialdesignmagazine.com\/mag\/#\/schema\/person\/61e20205cc363c315e6aabd33a045846"},"headline":"Alvaro Siza,Viagem Sem Programa, a Venezia fino all&#8217;11 Novembre 2012","datePublished":"2012-09-14T10:35:08+00:00","dateModified":"2024-05-18T19:59:42+00:00","mainEntityOfPage":{"@id":"https:\/\/socialdesignmagazine.com\/mag\/architettura\/alvaro-sizaviagem-sem-programa-a-venezia-fino-all11-novembre-2012\/"},"wordCount":159,"commentCount":0,"publisher":{"@id":"https:\/\/socialdesignmagazine.com\/mag\/#organization"},"image":{"@id":"https:\/\/socialdesignmagazine.com\/mag\/architettura\/alvaro-sizaviagem-sem-programa-a-venezia-fino-all11-novembre-2012\/#primaryimage"},"thumbnailUrl":"https:\/\/socialdesignmagazine.com\/mag\/wp-content\/uploads\/2012\/09\/benedetto_Alvaro_Siza_viagem_sem_programa_foto_alvaro_siza_viagem_sem_programa-0002a_Photo_Credits_Andrea_Piovesan.jpg","keywords":["alvaro siza","biennale di venezia 2012","mostra"],"articleSection":["Architettura"],"inLanguage":"it-IT","potentialAction":[{"@type":"CommentAction","name":"Comment","target":["https:\/\/socialdesignmagazine.com\/mag\/architettura\/alvaro-sizaviagem-sem-programa-a-venezia-fino-all11-novembre-2012\/#respond"]}]},{"@type":"WebPage","@id":"https:\/\/socialdesignmagazine.com\/mag\/architettura\/alvaro-sizaviagem-sem-programa-a-venezia-fino-all11-novembre-2012\/","url":"https:\/\/socialdesignmagazine.com\/mag\/architettura\/alvaro-sizaviagem-sem-programa-a-venezia-fino-all11-novembre-2012\/","name":"Alvaro Siza,Viagem Sem Programa, a Venezia fino all'11 Novembre 2012 - Social Design Magazine","isPartOf":{"@id":"https:\/\/socialdesignmagazine.com\/mag\/#website"},"primaryImageOfPage":{"@id":"https:\/\/socialdesignmagazine.com\/mag\/architettura\/alvaro-sizaviagem-sem-programa-a-venezia-fino-all11-novembre-2012\/#primaryimage"},"image":{"@id":"https:\/\/socialdesignmagazine.com\/mag\/architettura\/alvaro-sizaviagem-sem-programa-a-venezia-fino-all11-novembre-2012\/#primaryimage"},"thumbnailUrl":"https:\/\/socialdesignmagazine.com\/mag\/wp-content\/uploads\/2012\/09\/benedetto_Alvaro_Siza_viagem_sem_programa_foto_alvaro_siza_viagem_sem_programa-0002a_Photo_Credits_Andrea_Piovesan.jpg","datePublished":"2012-09-14T10:35:08+00:00","dateModified":"2024-05-18T19:59:42+00:00","description":"Rimarr\u00e0 aperta ancora fino all'11 novembre 2012 con ingresso gratuito \"Viagem Sem Programa\", la mostra che racconta il lato pi\u00f9 intimo e meno conosciuto dell\u2019architetto portoghese \u00c1lvaro Siza, figura di spicco nel panorama progettuale internazionale, insignito proprio in questi giorni del Leone d\u2019Oro alla carriera della 13ma Mostra Internazionale di Architettura - la Biennale di Venezia.","breadcrumb":{"@id":"https:\/\/socialdesignmagazine.com\/mag\/architettura\/alvaro-sizaviagem-sem-programa-a-venezia-fino-all11-novembre-2012\/#breadcrumb"},"inLanguage":"it-IT","potentialAction":[{"@type":"ReadAction","target":["https:\/\/socialdesignmagazine.com\/mag\/architettura\/alvaro-sizaviagem-sem-programa-a-venezia-fino-all11-novembre-2012\/"]}]},{"@type":"ImageObject","inLanguage":"it-IT","@id":"https:\/\/socialdesignmagazine.com\/mag\/architettura\/alvaro-sizaviagem-sem-programa-a-venezia-fino-all11-novembre-2012\/#primaryimage","url":"https:\/\/socialdesignmagazine.com\/mag\/wp-content\/uploads\/2012\/09\/benedetto_Alvaro_Siza_viagem_sem_programa_foto_alvaro_siza_viagem_sem_programa-0002a_Photo_Credits_Andrea_Piovesan.jpg","contentUrl":"https:\/\/socialdesignmagazine.com\/mag\/wp-content\/uploads\/2012\/09\/benedetto_Alvaro_Siza_viagem_sem_programa_foto_alvaro_siza_viagem_sem_programa-0002a_Photo_Credits_Andrea_Piovesan.jpg","width":720,"height":480,"caption":"alvaro siza viagem sem programa-0002a Photo Credits Andrea Piovesan"},{"@type":"BreadcrumbList","@id":"https:\/\/socialdesignmagazine.com\/mag\/architettura\/alvaro-sizaviagem-sem-programa-a-venezia-fino-all11-novembre-2012\/#breadcrumb","itemListElement":[{"@type":"ListItem","position":1,"name":"Home","item":"https:\/\/socialdesignmagazine.com\/mag\/"},{"@type":"ListItem","position":2,"name":"Architettura","item":"https:\/\/socialdesignmagazine.com\/mag\/architettura\/"},{"@type":"ListItem","position":3,"name":"Alvaro Siza,Viagem Sem Programa, a Venezia fino all&#8217;11 Novembre 2012"}]},{"@type":"WebSite","@id":"https:\/\/socialdesignmagazine.com\/mag\/#website","url":"https:\/\/socialdesignmagazine.com\/mag\/","name":"Social Design Magazine","description":"Social Magazine su Design, Architettura, Arte, Grafica","publisher":{"@id":"https:\/\/socialdesignmagazine.com\/mag\/#organization"},"potentialAction":[{"@type":"SearchAction","target":{"@type":"EntryPoint","urlTemplate":"https:\/\/socialdesignmagazine.com\/mag\/?s={search_term_string}"},"query-input":{"@type":"PropertyValueSpecification","valueRequired":true,"valueName":"search_term_string"}}],"inLanguage":"it-IT"},{"@type":"Organization","@id":"https:\/\/socialdesignmagazine.com\/mag\/#organization","name":"Social Design Magazine","url":"https:\/\/socialdesignmagazine.com\/mag\/","logo":{"@type":"ImageObject","inLanguage":"it-IT","@id":"https:\/\/socialdesignmagazine.com\/mag\/#\/schema\/logo\/image\/","url":"https:\/\/socialdesignmagazine.com\/mag\/wp-content\/uploads\/2017\/01\/logo_favicon_11.png","contentUrl":"https:\/\/socialdesignmagazine.com\/mag\/wp-content\/uploads\/2017\/01\/logo_favicon_11.png","width":1024,"height":1024,"caption":"Social Design Magazine"},"image":{"@id":"https:\/\/socialdesignmagazine.com\/mag\/#\/schema\/logo\/image\/"},"sameAs":["https:\/\/www.facebook.com\/socialdesignmag","https:\/\/x.com\/socialdesignmag","http:\/\/instagram.com\/social_design_magazine\/","http:\/\/pinterest.com\/socialdesignmag\/","http:\/\/www.youtube.com\/user\/socialdesignmagazine"]},{"@type":"Person","@id":"https:\/\/socialdesignmagazine.com\/mag\/#\/schema\/person\/61e20205cc363c315e6aabd33a045846","name":"Benedetto Fiori","image":{"@type":"ImageObject","inLanguage":"it-IT","@id":"https:\/\/secure.gravatar.com\/avatar\/450a48cefa36da63d920ad70aa660bd10725b1c6093800242e5efdb397759033?s=96&d=mm&r=g","url":"https:\/\/secure.gravatar.com\/avatar\/450a48cefa36da63d920ad70aa660bd10725b1c6093800242e5efdb397759033?s=96&d=mm&r=g","contentUrl":"https:\/\/secure.gravatar.com\/avatar\/450a48cefa36da63d920ad70aa660bd10725b1c6093800242e5efdb397759033?s=96&d=mm&r=g","caption":"Benedetto Fiori"},"description":"Web | Twitter | Facebook | Shutterstock Founder &amp; Editor in Chief di Social Design Magazine. Attratto da sempre da tutto ci\u00f2 che \u00e8 creativit\u00e0, design, architettura. Dopo aver studiato Architettura all'Universit\u00e0 di Firenze, si \u00e8 impegnato in molteplici campi: comunicazione grafica, progettazione di allestimenti fieristici, brand design, Interior Design.","sameAs":["http:\/\/benedettofiori.com","https:\/\/www.facebook.com\/benedettofiori","https:\/\/x.com\/benedettofiori"],"url":"https:\/\/socialdesignmagazine.com\/mag\/author\/benedetto\/"}]}},"jetpack_featured_media_url":"https:\/\/socialdesignmagazine.com\/mag\/wp-content\/uploads\/2012\/09\/benedetto_Alvaro_Siza_viagem_sem_programa_foto_alvaro_siza_viagem_sem_programa-0002a_Photo_Credits_Andrea_Piovesan.jpg","jetpack_sharing_enabled":true,"jetpack_shortlink":"https:\/\/wp.me\/p6cV7V-p1","gt_translate_keys":[{"key":"link","format":"url"}],"_links":{"self":[{"href":"https:\/\/socialdesignmagazine.com\/mag\/wp-json\/wp\/v2\/posts\/1551","targetHints":{"allow":["GET"]}}],"collection":[{"href":"https:\/\/socialdesignmagazine.com\/mag\/wp-json\/wp\/v2\/posts"}],"about":[{"href":"https:\/\/socialdesignmagazine.com\/mag\/wp-json\/wp\/v2\/types\/post"}],"author":[{"embeddable":true,"href":"https:\/\/socialdesignmagazine.com\/mag\/wp-json\/wp\/v2\/users\/1"}],"replies":[{"embeddable":true,"href":"https:\/\/socialdesignmagazine.com\/mag\/wp-json\/wp\/v2\/comments?post=1551"}],"version-history":[{"count":2,"href":"https:\/\/socialdesignmagazine.com\/mag\/wp-json\/wp\/v2\/posts\/1551\/revisions"}],"predecessor-version":[{"id":60535,"href":"https:\/\/socialdesignmagazine.com\/mag\/wp-json\/wp\/v2\/posts\/1551\/revisions\/60535"}],"wp:featuredmedia":[{"embeddable":true,"href":"https:\/\/socialdesignmagazine.com\/mag\/wp-json\/wp\/v2\/media\/9314"}],"wp:attachment":[{"href":"https:\/\/socialdesignmagazine.com\/mag\/wp-json\/wp\/v2\/media?parent=1551"}],"wp:term":[{"taxonomy":"category","embeddable":true,"href":"https:\/\/socialdesignmagazine.com\/mag\/wp-json\/wp\/v2\/categories?post=1551"},{"taxonomy":"post_tag","embeddable":true,"href":"https:\/\/socialdesignmagazine.com\/mag\/wp-json\/wp\/v2\/tags?post=1551"}],"curies":[{"name":"wp","href":"https:\/\/api.w.org\/{rel}","templated":true}]}}