{"id":160,"date":"2011-02-19T17:00:00","date_gmt":"2011-02-19T16:00:00","guid":{"rendered":"https:\/\/socialdesignmagazine.com\/mag\/s6-design\/c35-design\/panorama-chair-comes-with-a-personal-view\/"},"modified":"2023-10-06T00:50:39","modified_gmt":"2023-10-05T22:50:39","slug":"panorama-chair-comes-with-a-personal-view","status":"publish","type":"post","link":"https:\/\/socialdesignmagazine.com\/mag\/design\/panorama-chair-comes-with-a-personal-view\/","title":{"rendered":"Panorama Chair Comes With a Personal View","gt_translate_keys":[{"key":"rendered","format":"text"}]},"content":{"rendered":"\n<h2 class=\"wp-block-heading\">La Panorama Chair nelle immagini qui sotto \u00e8 pi\u00f9 di una seduta confortevole. <\/h2>\n\n\n\n<p>Guardando un disegno della sedia vi verr\u00e0 voglia di sedervi da qualche altra parte, al fine di mantenere la vista su ci\u00f2 che la Panorama Chair ha da offrire. Proprio cos\u00ec, il grande schienale della sedia \u00e8 uno specchio che effettivamente vi mostrer\u00e0 uno sproporzionato, panoramico, riflesso dell&#8217;ambiente circostante attuale.<\/p>\n\n\n<div class=\"wp-block-image\">\n<figure class=\"aligncenter\"><img loading=\"lazy\" decoding=\"async\" width=\"720\" height=\"476\" data-attachment-id=\"4731\" data-permalink=\"https:\/\/socialdesignmagazine.com\/mag\/design\/panorama-chair-comes-with-a-personal-view\/attachment\/panorama-chair-modern-chair-design\/#content\" data-orig-file=\"https:\/\/socialdesignmagazine.com\/mag\/wp-content\/uploads\/2011\/02\/users_jessy_Panorama_Chair_Comes_With_a_Personal_View_Panorama-Chair-Modern-Chair-Design.jpg\" data-orig-size=\"720,476\" data-comments-opened=\"1\" data-image-meta=\"{&quot;aperture&quot;:&quot;0&quot;,&quot;credit&quot;:&quot;&quot;,&quot;camera&quot;:&quot;&quot;,&quot;caption&quot;:&quot;&quot;,&quot;created_timestamp&quot;:&quot;0&quot;,&quot;copyright&quot;:&quot;&quot;,&quot;focal_length&quot;:&quot;0&quot;,&quot;iso&quot;:&quot;0&quot;,&quot;shutter_speed&quot;:&quot;0&quot;,&quot;title&quot;:&quot;&quot;,&quot;orientation&quot;:&quot;0&quot;}\" data-image-title=\"Panorama-Chair-Modern-Chair-Design\" data-image-description=\"\" data-image-caption=\"\" data-medium-file=\"https:\/\/socialdesignmagazine.com\/mag\/wp-content\/uploads\/2011\/02\/users_jessy_Panorama_Chair_Comes_With_a_Personal_View_Panorama-Chair-Modern-Chair-Design-396x256.jpg\" data-large-file=\"https:\/\/socialdesignmagazine.com\/mag\/wp-content\/uploads\/2011\/02\/users_jessy_Panorama_Chair_Comes_With_a_Personal_View_Panorama-Chair-Modern-Chair-Design.jpg\" src=\"https:\/\/socialdesignmagazine.com\/mag\/wp-content\/uploads\/2011\/02\/users_jessy_Panorama_Chair_Comes_With_a_Personal_View_Panorama-Chair-Modern-Chair-Design.jpg\" alt=\"Panorama-Chair-Modern-Chair-Design\" class=\"wp-image-4731\" srcset=\"https:\/\/socialdesignmagazine.com\/mag\/wp-content\/uploads\/2011\/02\/users_jessy_Panorama_Chair_Comes_With_a_Personal_View_Panorama-Chair-Modern-Chair-Design.jpg 720w, https:\/\/socialdesignmagazine.com\/mag\/wp-content\/uploads\/2011\/02\/users_jessy_Panorama_Chair_Comes_With_a_Personal_View_Panorama-Chair-Modern-Chair-Design-100x66.jpg 100w\" sizes=\"auto, (max-width: 720px) 100vw, 720px\" \/><\/figure>\n<\/div>\n\n<div class=\"wp-block-image\">\n<figure class=\"aligncenter\"><img loading=\"lazy\" decoding=\"async\" width=\"720\" height=\"488\" data-attachment-id=\"4732\" data-permalink=\"https:\/\/socialdesignmagazine.com\/mag\/design\/panorama-chair-comes-with-a-personal-view\/attachment\/panorama-chair-panoramic-mirror\/#content\" data-orig-file=\"https:\/\/socialdesignmagazine.com\/mag\/wp-content\/uploads\/2011\/02\/users_jessy_Panorama_Chair_Comes_With_a_Personal_View_Panorama-Chair-Panoramic-Mirror.jpg\" data-orig-size=\"720,488\" data-comments-opened=\"1\" data-image-meta=\"{&quot;aperture&quot;:&quot;0&quot;,&quot;credit&quot;:&quot;&quot;,&quot;camera&quot;:&quot;&quot;,&quot;caption&quot;:&quot;&quot;,&quot;created_timestamp&quot;:&quot;0&quot;,&quot;copyright&quot;:&quot;&quot;,&quot;focal_length&quot;:&quot;0&quot;,&quot;iso&quot;:&quot;0&quot;,&quot;shutter_speed&quot;:&quot;0&quot;,&quot;title&quot;:&quot;&quot;,&quot;orientation&quot;:&quot;0&quot;}\" data-image-title=\"Panorama-Chair-Panoramic-Mirror\" data-image-description=\"\" data-image-caption=\"\" data-medium-file=\"https:\/\/socialdesignmagazine.com\/mag\/wp-content\/uploads\/2011\/02\/users_jessy_Panorama_Chair_Comes_With_a_Personal_View_Panorama-Chair-Panoramic-Mirror-396x256.jpg\" data-large-file=\"https:\/\/socialdesignmagazine.com\/mag\/wp-content\/uploads\/2011\/02\/users_jessy_Panorama_Chair_Comes_With_a_Personal_View_Panorama-Chair-Panoramic-Mirror.jpg\" src=\"https:\/\/socialdesignmagazine.com\/mag\/wp-content\/uploads\/2011\/02\/users_jessy_Panorama_Chair_Comes_With_a_Personal_View_Panorama-Chair-Panoramic-Mirror.jpg\" alt=\"Panorama-Chair-Panoramic-Mirror\" class=\"wp-image-4732\"\/><\/figure>\n<\/div>\n\n<div class=\"wp-block-image\">\n<figure class=\"aligncenter\"><img loading=\"lazy\" decoding=\"async\" width=\"720\" height=\"522\" data-attachment-id=\"4733\" data-permalink=\"https:\/\/socialdesignmagazine.com\/mag\/design\/panorama-chair-comes-with-a-personal-view\/attachment\/panorama-chair\/#content\" data-orig-file=\"https:\/\/socialdesignmagazine.com\/mag\/wp-content\/uploads\/2011\/02\/users_jessy_Panorama_Chair_Comes_With_a_Personal_View_Panorama-Chair.jpg\" data-orig-size=\"720,522\" data-comments-opened=\"1\" data-image-meta=\"{&quot;aperture&quot;:&quot;0&quot;,&quot;credit&quot;:&quot;&quot;,&quot;camera&quot;:&quot;&quot;,&quot;caption&quot;:&quot;&quot;,&quot;created_timestamp&quot;:&quot;0&quot;,&quot;copyright&quot;:&quot;&quot;,&quot;focal_length&quot;:&quot;0&quot;,&quot;iso&quot;:&quot;0&quot;,&quot;shutter_speed&quot;:&quot;0&quot;,&quot;title&quot;:&quot;&quot;,&quot;orientation&quot;:&quot;0&quot;}\" data-image-title=\"Panorama-Chair\" data-image-description=\"\" data-image-caption=\"\" data-medium-file=\"https:\/\/socialdesignmagazine.com\/mag\/wp-content\/uploads\/2011\/02\/users_jessy_Panorama_Chair_Comes_With_a_Personal_View_Panorama-Chair-396x256.jpg\" data-large-file=\"https:\/\/socialdesignmagazine.com\/mag\/wp-content\/uploads\/2011\/02\/users_jessy_Panorama_Chair_Comes_With_a_Personal_View_Panorama-Chair.jpg\" src=\"https:\/\/socialdesignmagazine.com\/mag\/wp-content\/uploads\/2011\/02\/users_jessy_Panorama_Chair_Comes_With_a_Personal_View_Panorama-Chair.jpg\" alt=\"Panorama-Chair\" class=\"wp-image-4733\"\/><\/figure>\n<\/div>\n\n<div class=\"wp-block-image\">\n<figure class=\"aligncenter\"><img loading=\"lazy\" decoding=\"async\" width=\"720\" height=\"269\" data-attachment-id=\"4734\" data-permalink=\"https:\/\/socialdesignmagazine.com\/mag\/design\/panorama-chair-comes-with-a-personal-view\/attachment\/panorama-chair-mirror-images\/#content\" data-orig-file=\"https:\/\/socialdesignmagazine.com\/mag\/wp-content\/uploads\/2011\/02\/users_jessy_Panorama_Chair_Comes_With_a_Personal_View_Panorama-Chair-Mirror-Images.jpg\" data-orig-size=\"720,269\" data-comments-opened=\"1\" data-image-meta=\"{&quot;aperture&quot;:&quot;0&quot;,&quot;credit&quot;:&quot;&quot;,&quot;camera&quot;:&quot;&quot;,&quot;caption&quot;:&quot;&quot;,&quot;created_timestamp&quot;:&quot;0&quot;,&quot;copyright&quot;:&quot;&quot;,&quot;focal_length&quot;:&quot;0&quot;,&quot;iso&quot;:&quot;0&quot;,&quot;shutter_speed&quot;:&quot;0&quot;,&quot;title&quot;:&quot;&quot;,&quot;orientation&quot;:&quot;0&quot;}\" data-image-title=\"Panorama-Chair-Mirror-Images\" data-image-description=\"\" data-image-caption=\"\" data-medium-file=\"https:\/\/socialdesignmagazine.com\/mag\/wp-content\/uploads\/2011\/02\/users_jessy_Panorama_Chair_Comes_With_a_Personal_View_Panorama-Chair-Mirror-Images-396x256.jpg\" data-large-file=\"https:\/\/socialdesignmagazine.com\/mag\/wp-content\/uploads\/2011\/02\/users_jessy_Panorama_Chair_Comes_With_a_Personal_View_Panorama-Chair-Mirror-Images.jpg\" src=\"https:\/\/socialdesignmagazine.com\/mag\/wp-content\/uploads\/2011\/02\/users_jessy_Panorama_Chair_Comes_With_a_Personal_View_Panorama-Chair-Mirror-Images.jpg\" alt=\"Panorama-Chair-Mirror-Images\" class=\"wp-image-4734\"\/><\/figure>\n<\/div>\n\n\n<p>Via: furniture fashion<\/p>\n","protected":false,"gt_translate_keys":[{"key":"rendered","format":"html"}]},"excerpt":{"rendered":"<p>Guardando un disegno della sedia vi verr\u00e0 voglia di sedervi da qualche altra parte, al fine di mantenere la vista su ci\u00f2 che la Panorama Chair ha da offrire. <\/p>\n","protected":false,"gt_translate_keys":[{"key":"rendered","format":"html"}]},"author":6,"featured_media":4730,"comment_status":"open","ping_status":"open","sticky":false,"template":"","format":"standard","meta":{"jetpack_post_was_ever_published":false,"_jetpack_newsletter_access":"","_jetpack_dont_email_post_to_subs":false,"_jetpack_newsletter_tier_id":0,"_jetpack_memberships_contains_paywalled_content":false,"_jetpack_memberships_contains_paid_content":false,"footnotes":"","_wpscppro_dont_share_socialmedia":false,"_wpscppro_custom_social_share_image":0,"_facebook_share_type":"","_twitter_share_type":"","_linkedin_share_type":"","_pinterest_share_type":"","_linkedin_share_type_page":"","_instagram_share_type":"","_medium_share_type":"","_threads_share_type":"","_google_business_share_type":"","_selected_social_profile":[],"_wpsp_enable_custom_social_template":false,"_wpsp_social_scheduling":{"enabled":false,"datetime":null,"platforms":[],"status":"template_only","dateOption":"today","timeOption":"now","customDays":"","customHours":"","customDate":"","customTime":"","schedulingType":"absolute"},"_wpsp_active_default_template":true},"categories":[13],"tags":[690,785,808,151,98,334,806,118,556],"class_list":["post-160","post","type-post","status-publish","format-standard","has-post-thumbnail","hentry","category-design","tag-cosi","tag-elemento","tag-fashion","tag-furniture","tag-mobile","tag-panorama","tag-schienale","tag-sedia","tag-specchio"],"yoast_head":"<!-- This site is optimized with the Yoast SEO plugin v27.2 - https:\/\/yoast.com\/product\/yoast-seo-wordpress\/ -->\n<title>Panorama Chair Comes With a Personal View - Social Design Magazine<\/title>\n<meta name=\"description\" content=\"Guardando un disegno della sedia vi verr\u00e0 voglia di sedervi da qualche altra parte, al fine di mantenere la vista su ci\u00f2 che la Panorama Chair ha da offrire.\" \/>\n<meta name=\"robots\" content=\"index, follow, max-snippet:-1, max-image-preview:large, max-video-preview:-1\" \/>\n<link rel=\"canonical\" href=\"https:\/\/socialdesignmagazine.com\/mag\/design\/panorama-chair-comes-with-a-personal-view\/\" \/>\n<meta property=\"og:locale\" content=\"it_IT\" \/>\n<meta property=\"og:type\" content=\"article\" \/>\n<meta property=\"og:title\" content=\"Panorama Chair Comes With a Personal View - Social Design Magazine\" \/>\n<meta property=\"og:description\" content=\"Guardando un disegno della sedia vi verr\u00e0 voglia di sedervi da qualche altra parte, al fine di mantenere la vista su ci\u00f2 che la Panorama Chair ha da offrire.\" \/>\n<meta property=\"og:url\" content=\"http:\/\/socialdesignmagazine.com\/mag\/design\/panorama-chair-comes-with-a-personal-view\/\" \/>\n<meta property=\"og:site_name\" content=\"Social Design Magazine\" \/>\n<meta property=\"article:publisher\" content=\"https:\/\/www.facebook.com\/socialdesignmag\" \/>\n<meta property=\"article:published_time\" content=\"2011-02-19T16:00:00+00:00\" \/>\n<meta property=\"article:modified_time\" content=\"2023-10-05T22:50:39+00:00\" \/>\n<meta property=\"og:image\" content=\"https:\/\/socialdesignmagazine.com\/mag\/wp-content\/uploads\/2011\/02\/users_jessy_Panorama_Chair_Comes_With_a_Personal_View_Panorama-Chair-Cate-Nelson.jpg\" \/>\n\t<meta property=\"og:image:width\" content=\"720\" \/>\n\t<meta property=\"og:image:height\" content=\"440\" \/>\n\t<meta property=\"og:image:type\" content=\"image\/jpeg\" \/>\n<meta name=\"author\" content=\"jessica zannori\" \/>\n<meta name=\"twitter:card\" content=\"summary_large_image\" \/>\n<meta name=\"twitter:creator\" content=\"@socialdesignmag\" \/>\n<meta name=\"twitter:site\" content=\"@socialdesignmag\" \/>\n<meta name=\"twitter:label1\" content=\"Scritto da\" \/>\n\t<meta name=\"twitter:data1\" content=\"jessica zannori\" \/>\n\t<meta name=\"twitter:label2\" content=\"Tempo di lettura stimato\" \/>\n\t<meta name=\"twitter:data2\" content=\"2 minuti\" \/>\n<script type=\"application\/ld+json\" class=\"yoast-schema-graph\">{\"@context\":\"https:\/\/schema.org\",\"@graph\":[{\"@type\":\"Article\",\"@id\":\"https:\/\/socialdesignmagazine.com\/mag\/design\/panorama-chair-comes-with-a-personal-view\/#article\",\"isPartOf\":{\"@id\":\"https:\/\/socialdesignmagazine.com\/mag\/design\/panorama-chair-comes-with-a-personal-view\/\"},\"author\":{\"name\":\"jessica zannori\",\"@id\":\"https:\/\/socialdesignmagazine.com\/mag\/#\/schema\/person\/f26aea2d68a722d5ed3a1ee93c92aba9\"},\"headline\":\"Panorama Chair Comes With a Personal View\",\"datePublished\":\"2011-02-19T16:00:00+00:00\",\"dateModified\":\"2023-10-05T22:50:39+00:00\",\"mainEntityOfPage\":{\"@id\":\"https:\/\/socialdesignmagazine.com\/mag\/design\/panorama-chair-comes-with-a-personal-view\/\"},\"wordCount\":72,\"commentCount\":0,\"publisher\":{\"@id\":\"https:\/\/socialdesignmagazine.com\/mag\/#organization\"},\"image\":{\"@id\":\"https:\/\/socialdesignmagazine.com\/mag\/design\/panorama-chair-comes-with-a-personal-view\/#primaryimage\"},\"thumbnailUrl\":\"https:\/\/socialdesignmagazine.com\/mag\/wp-content\/uploads\/2011\/02\/users_jessy_Panorama_Chair_Comes_With_a_Personal_View_Panorama-Chair-Cate-Nelson.jpg\",\"keywords\":[\"cos\u00ec\",\"elemento\",\"fashion\",\"furniture\",\"mobile\",\"panorama\",\"schienale\",\"sedia\",\"specchio\"],\"articleSection\":[\"Design\"],\"inLanguage\":\"it-IT\",\"potentialAction\":[{\"@type\":\"CommentAction\",\"name\":\"Comment\",\"target\":[\"https:\/\/socialdesignmagazine.com\/mag\/design\/panorama-chair-comes-with-a-personal-view\/#respond\"]}]},{\"@type\":\"WebPage\",\"@id\":\"https:\/\/socialdesignmagazine.com\/mag\/design\/panorama-chair-comes-with-a-personal-view\/\",\"url\":\"https:\/\/socialdesignmagazine.com\/mag\/design\/panorama-chair-comes-with-a-personal-view\/\",\"name\":\"Panorama Chair Comes With a Personal View - Social Design Magazine\",\"isPartOf\":{\"@id\":\"https:\/\/socialdesignmagazine.com\/mag\/#website\"},\"primaryImageOfPage\":{\"@id\":\"https:\/\/socialdesignmagazine.com\/mag\/design\/panorama-chair-comes-with-a-personal-view\/#primaryimage\"},\"image\":{\"@id\":\"https:\/\/socialdesignmagazine.com\/mag\/design\/panorama-chair-comes-with-a-personal-view\/#primaryimage\"},\"thumbnailUrl\":\"https:\/\/socialdesignmagazine.com\/mag\/wp-content\/uploads\/2011\/02\/users_jessy_Panorama_Chair_Comes_With_a_Personal_View_Panorama-Chair-Cate-Nelson.jpg\",\"datePublished\":\"2011-02-19T16:00:00+00:00\",\"dateModified\":\"2023-10-05T22:50:39+00:00\",\"description\":\"Guardando un disegno della sedia vi verr\u00e0 voglia di sedervi da qualche altra parte, al fine di mantenere la vista su ci\u00f2 che la Panorama Chair ha da offrire.\",\"breadcrumb\":{\"@id\":\"https:\/\/socialdesignmagazine.com\/mag\/design\/panorama-chair-comes-with-a-personal-view\/#breadcrumb\"},\"inLanguage\":\"it-IT\",\"potentialAction\":[{\"@type\":\"ReadAction\",\"target\":[\"https:\/\/socialdesignmagazine.com\/mag\/design\/panorama-chair-comes-with-a-personal-view\/\"]}]},{\"@type\":\"ImageObject\",\"inLanguage\":\"it-IT\",\"@id\":\"https:\/\/socialdesignmagazine.com\/mag\/design\/panorama-chair-comes-with-a-personal-view\/#primaryimage\",\"url\":\"https:\/\/socialdesignmagazine.com\/mag\/wp-content\/uploads\/2011\/02\/users_jessy_Panorama_Chair_Comes_With_a_Personal_View_Panorama-Chair-Cate-Nelson.jpg\",\"contentUrl\":\"https:\/\/socialdesignmagazine.com\/mag\/wp-content\/uploads\/2011\/02\/users_jessy_Panorama_Chair_Comes_With_a_Personal_View_Panorama-Chair-Cate-Nelson.jpg\",\"width\":720,\"height\":440,\"caption\":\"Panorama-Chair-Cate-Nelson\"},{\"@type\":\"BreadcrumbList\",\"@id\":\"https:\/\/socialdesignmagazine.com\/mag\/design\/panorama-chair-comes-with-a-personal-view\/#breadcrumb\",\"itemListElement\":[{\"@type\":\"ListItem\",\"position\":1,\"name\":\"Home\",\"item\":\"https:\/\/socialdesignmagazine.com\/mag\/\"},{\"@type\":\"ListItem\",\"position\":2,\"name\":\"Design\",\"item\":\"https:\/\/socialdesignmagazine.com\/mag\/design\/\"},{\"@type\":\"ListItem\",\"position\":3,\"name\":\"Panorama Chair Comes With a Personal View\"}]},{\"@type\":\"WebSite\",\"@id\":\"https:\/\/socialdesignmagazine.com\/mag\/#website\",\"url\":\"https:\/\/socialdesignmagazine.com\/mag\/\",\"name\":\"Social Design Magazine\",\"description\":\"Social Magazine su Design, Architettura, Arte, Grafica\",\"publisher\":{\"@id\":\"https:\/\/socialdesignmagazine.com\/mag\/#organization\"},\"potentialAction\":[{\"@type\":\"SearchAction\",\"target\":{\"@type\":\"EntryPoint\",\"urlTemplate\":\"https:\/\/socialdesignmagazine.com\/mag\/?s={search_term_string}\"},\"query-input\":{\"@type\":\"PropertyValueSpecification\",\"valueRequired\":true,\"valueName\":\"search_term_string\"}}],\"inLanguage\":\"it-IT\"},{\"@type\":\"Organization\",\"@id\":\"https:\/\/socialdesignmagazine.com\/mag\/#organization\",\"name\":\"Social Design Magazine\",\"url\":\"https:\/\/socialdesignmagazine.com\/mag\/\",\"logo\":{\"@type\":\"ImageObject\",\"inLanguage\":\"it-IT\",\"@id\":\"https:\/\/socialdesignmagazine.com\/mag\/#\/schema\/logo\/image\/\",\"url\":\"https:\/\/socialdesignmagazine.com\/mag\/wp-content\/uploads\/2017\/01\/logo_favicon_11.png\",\"contentUrl\":\"https:\/\/socialdesignmagazine.com\/mag\/wp-content\/uploads\/2017\/01\/logo_favicon_11.png\",\"width\":1024,\"height\":1024,\"caption\":\"Social Design Magazine\"},\"image\":{\"@id\":\"https:\/\/socialdesignmagazine.com\/mag\/#\/schema\/logo\/image\/\"},\"sameAs\":[\"https:\/\/www.facebook.com\/socialdesignmag\",\"https:\/\/x.com\/socialdesignmag\",\"http:\/\/instagram.com\/social_design_magazine\/\",\"http:\/\/pinterest.com\/socialdesignmag\/\",\"http:\/\/www.youtube.com\/user\/socialdesignmagazine\"]},{\"@type\":\"Person\",\"@id\":\"https:\/\/socialdesignmagazine.com\/mag\/#\/schema\/person\/f26aea2d68a722d5ed3a1ee93c92aba9\",\"name\":\"jessica zannori\",\"image\":{\"@type\":\"ImageObject\",\"inLanguage\":\"it-IT\",\"@id\":\"https:\/\/secure.gravatar.com\/avatar\/e338d2d30b98ee192f7c7708f51c9b6a0f135e3e3399a9bec7d00e0496a346c6?s=96&d=mm&r=g\",\"url\":\"https:\/\/secure.gravatar.com\/avatar\/e338d2d30b98ee192f7c7708f51c9b6a0f135e3e3399a9bec7d00e0496a346c6?s=96&d=mm&r=g\",\"contentUrl\":\"https:\/\/secure.gravatar.com\/avatar\/e338d2d30b98ee192f7c7708f51c9b6a0f135e3e3399a9bec7d00e0496a346c6?s=96&d=mm&r=g\",\"caption\":\"jessica zannori\"},\"url\":\"https:\/\/socialdesignmagazine.com\/mag\/author\/jessy\/\"}]}<\/script>\n<!-- \/ Yoast SEO plugin. -->","yoast_head_json":{"title":"Panorama Chair Comes With a Personal View - Social Design Magazine","description":"Guardando un disegno della sedia vi verr\u00e0 voglia di sedervi da qualche altra parte, al fine di mantenere la vista su ci\u00f2 che la Panorama Chair ha da offrire.","robots":{"index":"index","follow":"follow","max-snippet":"max-snippet:-1","max-image-preview":"max-image-preview:large","max-video-preview":"max-video-preview:-1"},"canonical":"https:\/\/socialdesignmagazine.com\/mag\/design\/panorama-chair-comes-with-a-personal-view\/","og_locale":"it_IT","og_type":"article","og_title":"Panorama Chair Comes With a Personal View - Social Design Magazine","og_description":"Guardando un disegno della sedia vi verr\u00e0 voglia di sedervi da qualche altra parte, al fine di mantenere la vista su ci\u00f2 che la Panorama Chair ha da offrire.","og_url":"http:\/\/socialdesignmagazine.com\/mag\/design\/panorama-chair-comes-with-a-personal-view\/","og_site_name":"Social Design Magazine","article_publisher":"https:\/\/www.facebook.com\/socialdesignmag","article_published_time":"2011-02-19T16:00:00+00:00","article_modified_time":"2023-10-05T22:50:39+00:00","og_image":[{"width":720,"height":440,"url":"https:\/\/socialdesignmagazine.com\/mag\/wp-content\/uploads\/2011\/02\/users_jessy_Panorama_Chair_Comes_With_a_Personal_View_Panorama-Chair-Cate-Nelson.jpg","type":"image\/jpeg"}],"author":"jessica zannori","twitter_card":"summary_large_image","twitter_creator":"@socialdesignmag","twitter_site":"@socialdesignmag","twitter_misc":{"Scritto da":"jessica zannori","Tempo di lettura stimato":"2 minuti"},"schema":{"@context":"https:\/\/schema.org","@graph":[{"@type":"Article","@id":"https:\/\/socialdesignmagazine.com\/mag\/design\/panorama-chair-comes-with-a-personal-view\/#article","isPartOf":{"@id":"https:\/\/socialdesignmagazine.com\/mag\/design\/panorama-chair-comes-with-a-personal-view\/"},"author":{"name":"jessica zannori","@id":"https:\/\/socialdesignmagazine.com\/mag\/#\/schema\/person\/f26aea2d68a722d5ed3a1ee93c92aba9"},"headline":"Panorama Chair Comes With a Personal View","datePublished":"2011-02-19T16:00:00+00:00","dateModified":"2023-10-05T22:50:39+00:00","mainEntityOfPage":{"@id":"https:\/\/socialdesignmagazine.com\/mag\/design\/panorama-chair-comes-with-a-personal-view\/"},"wordCount":72,"commentCount":0,"publisher":{"@id":"https:\/\/socialdesignmagazine.com\/mag\/#organization"},"image":{"@id":"https:\/\/socialdesignmagazine.com\/mag\/design\/panorama-chair-comes-with-a-personal-view\/#primaryimage"},"thumbnailUrl":"https:\/\/socialdesignmagazine.com\/mag\/wp-content\/uploads\/2011\/02\/users_jessy_Panorama_Chair_Comes_With_a_Personal_View_Panorama-Chair-Cate-Nelson.jpg","keywords":["cos\u00ec","elemento","fashion","furniture","mobile","panorama","schienale","sedia","specchio"],"articleSection":["Design"],"inLanguage":"it-IT","potentialAction":[{"@type":"CommentAction","name":"Comment","target":["https:\/\/socialdesignmagazine.com\/mag\/design\/panorama-chair-comes-with-a-personal-view\/#respond"]}]},{"@type":"WebPage","@id":"https:\/\/socialdesignmagazine.com\/mag\/design\/panorama-chair-comes-with-a-personal-view\/","url":"https:\/\/socialdesignmagazine.com\/mag\/design\/panorama-chair-comes-with-a-personal-view\/","name":"Panorama Chair Comes With a Personal View - Social Design Magazine","isPartOf":{"@id":"https:\/\/socialdesignmagazine.com\/mag\/#website"},"primaryImageOfPage":{"@id":"https:\/\/socialdesignmagazine.com\/mag\/design\/panorama-chair-comes-with-a-personal-view\/#primaryimage"},"image":{"@id":"https:\/\/socialdesignmagazine.com\/mag\/design\/panorama-chair-comes-with-a-personal-view\/#primaryimage"},"thumbnailUrl":"https:\/\/socialdesignmagazine.com\/mag\/wp-content\/uploads\/2011\/02\/users_jessy_Panorama_Chair_Comes_With_a_Personal_View_Panorama-Chair-Cate-Nelson.jpg","datePublished":"2011-02-19T16:00:00+00:00","dateModified":"2023-10-05T22:50:39+00:00","description":"Guardando un disegno della sedia vi verr\u00e0 voglia di sedervi da qualche altra parte, al fine di mantenere la vista su ci\u00f2 che la Panorama Chair ha da offrire.","breadcrumb":{"@id":"https:\/\/socialdesignmagazine.com\/mag\/design\/panorama-chair-comes-with-a-personal-view\/#breadcrumb"},"inLanguage":"it-IT","potentialAction":[{"@type":"ReadAction","target":["https:\/\/socialdesignmagazine.com\/mag\/design\/panorama-chair-comes-with-a-personal-view\/"]}]},{"@type":"ImageObject","inLanguage":"it-IT","@id":"https:\/\/socialdesignmagazine.com\/mag\/design\/panorama-chair-comes-with-a-personal-view\/#primaryimage","url":"https:\/\/socialdesignmagazine.com\/mag\/wp-content\/uploads\/2011\/02\/users_jessy_Panorama_Chair_Comes_With_a_Personal_View_Panorama-Chair-Cate-Nelson.jpg","contentUrl":"https:\/\/socialdesignmagazine.com\/mag\/wp-content\/uploads\/2011\/02\/users_jessy_Panorama_Chair_Comes_With_a_Personal_View_Panorama-Chair-Cate-Nelson.jpg","width":720,"height":440,"caption":"Panorama-Chair-Cate-Nelson"},{"@type":"BreadcrumbList","@id":"https:\/\/socialdesignmagazine.com\/mag\/design\/panorama-chair-comes-with-a-personal-view\/#breadcrumb","itemListElement":[{"@type":"ListItem","position":1,"name":"Home","item":"https:\/\/socialdesignmagazine.com\/mag\/"},{"@type":"ListItem","position":2,"name":"Design","item":"https:\/\/socialdesignmagazine.com\/mag\/design\/"},{"@type":"ListItem","position":3,"name":"Panorama Chair Comes With a Personal View"}]},{"@type":"WebSite","@id":"https:\/\/socialdesignmagazine.com\/mag\/#website","url":"https:\/\/socialdesignmagazine.com\/mag\/","name":"Social Design Magazine","description":"Social Magazine su Design, Architettura, Arte, Grafica","publisher":{"@id":"https:\/\/socialdesignmagazine.com\/mag\/#organization"},"potentialAction":[{"@type":"SearchAction","target":{"@type":"EntryPoint","urlTemplate":"https:\/\/socialdesignmagazine.com\/mag\/?s={search_term_string}"},"query-input":{"@type":"PropertyValueSpecification","valueRequired":true,"valueName":"search_term_string"}}],"inLanguage":"it-IT"},{"@type":"Organization","@id":"https:\/\/socialdesignmagazine.com\/mag\/#organization","name":"Social Design Magazine","url":"https:\/\/socialdesignmagazine.com\/mag\/","logo":{"@type":"ImageObject","inLanguage":"it-IT","@id":"https:\/\/socialdesignmagazine.com\/mag\/#\/schema\/logo\/image\/","url":"https:\/\/socialdesignmagazine.com\/mag\/wp-content\/uploads\/2017\/01\/logo_favicon_11.png","contentUrl":"https:\/\/socialdesignmagazine.com\/mag\/wp-content\/uploads\/2017\/01\/logo_favicon_11.png","width":1024,"height":1024,"caption":"Social Design Magazine"},"image":{"@id":"https:\/\/socialdesignmagazine.com\/mag\/#\/schema\/logo\/image\/"},"sameAs":["https:\/\/www.facebook.com\/socialdesignmag","https:\/\/x.com\/socialdesignmag","http:\/\/instagram.com\/social_design_magazine\/","http:\/\/pinterest.com\/socialdesignmag\/","http:\/\/www.youtube.com\/user\/socialdesignmagazine"]},{"@type":"Person","@id":"https:\/\/socialdesignmagazine.com\/mag\/#\/schema\/person\/f26aea2d68a722d5ed3a1ee93c92aba9","name":"jessica zannori","image":{"@type":"ImageObject","inLanguage":"it-IT","@id":"https:\/\/secure.gravatar.com\/avatar\/e338d2d30b98ee192f7c7708f51c9b6a0f135e3e3399a9bec7d00e0496a346c6?s=96&d=mm&r=g","url":"https:\/\/secure.gravatar.com\/avatar\/e338d2d30b98ee192f7c7708f51c9b6a0f135e3e3399a9bec7d00e0496a346c6?s=96&d=mm&r=g","contentUrl":"https:\/\/secure.gravatar.com\/avatar\/e338d2d30b98ee192f7c7708f51c9b6a0f135e3e3399a9bec7d00e0496a346c6?s=96&d=mm&r=g","caption":"jessica zannori"},"url":"https:\/\/socialdesignmagazine.com\/mag\/author\/jessy\/"}]}},"jetpack_featured_media_url":"https:\/\/socialdesignmagazine.com\/mag\/wp-content\/uploads\/2011\/02\/users_jessy_Panorama_Chair_Comes_With_a_Personal_View_Panorama-Chair-Cate-Nelson.jpg","jetpack_sharing_enabled":true,"jetpack_shortlink":"https:\/\/wp.me\/p6cV7V-2A","gt_translate_keys":[{"key":"link","format":"url"}],"_links":{"self":[{"href":"https:\/\/socialdesignmagazine.com\/mag\/wp-json\/wp\/v2\/posts\/160","targetHints":{"allow":["GET"]}}],"collection":[{"href":"https:\/\/socialdesignmagazine.com\/mag\/wp-json\/wp\/v2\/posts"}],"about":[{"href":"https:\/\/socialdesignmagazine.com\/mag\/wp-json\/wp\/v2\/types\/post"}],"author":[{"embeddable":true,"href":"https:\/\/socialdesignmagazine.com\/mag\/wp-json\/wp\/v2\/users\/6"}],"replies":[{"embeddable":true,"href":"https:\/\/socialdesignmagazine.com\/mag\/wp-json\/wp\/v2\/comments?post=160"}],"version-history":[{"count":1,"href":"https:\/\/socialdesignmagazine.com\/mag\/wp-json\/wp\/v2\/posts\/160\/revisions"}],"predecessor-version":[{"id":57223,"href":"https:\/\/socialdesignmagazine.com\/mag\/wp-json\/wp\/v2\/posts\/160\/revisions\/57223"}],"wp:featuredmedia":[{"embeddable":true,"href":"https:\/\/socialdesignmagazine.com\/mag\/wp-json\/wp\/v2\/media\/4730"}],"wp:attachment":[{"href":"https:\/\/socialdesignmagazine.com\/mag\/wp-json\/wp\/v2\/media?parent=160"}],"wp:term":[{"taxonomy":"category","embeddable":true,"href":"https:\/\/socialdesignmagazine.com\/mag\/wp-json\/wp\/v2\/categories?post=160"},{"taxonomy":"post_tag","embeddable":true,"href":"https:\/\/socialdesignmagazine.com\/mag\/wp-json\/wp\/v2\/tags?post=160"}],"curies":[{"name":"wp","href":"https:\/\/api.w.org\/{rel}","templated":true}]}}