{"id":1650,"date":"2012-10-31T21:00:00","date_gmt":"2012-10-31T20:00:00","guid":{"rendered":"https:\/\/socialdesignmagazine.com\/mag\/s6-design\/c35-design\/qualita-e-positivita-catalano-al-cersaie-2012\/"},"modified":"2024-05-20T14:26:28","modified_gmt":"2024-05-20T12:26:28","slug":"qualita-e-positivita-catalano-al-cersaie-2012","status":"publish","type":"post","link":"https:\/\/socialdesignmagazine.com\/mag\/design\/qualita-e-positivita-catalano-al-cersaie-2012\/","title":{"rendered":"Qualit\u00e0 e positivit\u00e0: Catalano al cersaie 2012","gt_translate_keys":[{"key":"rendered","format":"text"}]},"content":{"rendered":"\n<p>Qualit\u00e0 e positivit\u00e0: sono queste le parole chiave attorno a cui ha ruotato la presenza di <a href=\"http:\/\/www.catalano.it\/\" rel=\"nofollow noopener\" class=\"jcepopup\" target=\"_blank\">Catalano<\/a> a Cersaie 2012. Accanto all&#8217;indiscussa qualit\u00e0 dei prodotti &#8211; elemento fondamentale e imprescindibile, sul quale da anni si costruisce, si accresce e consolida la credibilit\u00e0 e la percezione del marchio \u2013 ha spiccato l&#8217;atteggiamento positivo dell&#8217;azienda, che prosegue nel percorso intrapreso quasi mezzo secolo fa all&#8217;insegna della creativit\u00e0, dell&#8217;innovazione e dell&#8217;etica del lavoro.<\/p>\n\n\n\n<p>Per quanto la qualit\u00e0 sia un risultato in gran parte raggiunto in tutte le sue declinazioni \u2013 dal prodotto alla comunicazione e al servizio \u2013 Catalano continua a spostare sempre pi\u00f9 in alto il livello della sfida, coniugando la ricerca del design all&#8217;innovazione tecnologica, all&#8217;ampliamento di gamma e alla diversificazione tipologica. Sono nate cos\u00ec le numerose proposte di implementazione e completamento delle collezioni per alcuni dei prodotti pi\u00f9 recenti, come Impronta di Fuksas, e per altri ormai diventati dei classici, tra cui le famiglie Premium (con i formati offscale e le nuove dimensioni) e Zero, protagonista del progetto \u201c3&#215;54\u201d, trionfo di versatilit\u00e0 &#8211; e oggetto di sperimentazione, con il nuovo lavabo da appoggio 48 Orange. In scena a Cersaie, inoltre, significative innovazioni come il coprivaso multifunzione CataClean o il nuovo smalto di derivazione nanotecnologica CataGlaze.<\/p>\n\n\n<div class=\"wp-block-image\">\n<figure class=\"aligncenter\"><img loading=\"lazy\" decoding=\"async\" width=\"720\" height=\"419\" data-attachment-id=\"9742\" data-permalink=\"https:\/\/socialdesignmagazine.com\/mag\/design\/qualita-e-positivita-catalano-al-cersaie-2012\/attachment\/catalano-cersaie-2012-stand-2\/#content\" data-orig-file=\"https:\/\/socialdesignmagazine.com\/mag\/wp-content\/uploads\/2012\/10\/users_Jessy_Catalano_al_cersaie_2012_catalano_cersaie_2012-STAND_2.jpg\" data-orig-size=\"720,419\" data-comments-opened=\"1\" data-image-meta=\"{&quot;aperture&quot;:&quot;8&quot;,&quot;credit&quot;:&quot;Photographer: RICCARDO BORGENNI&quot;,&quot;camera&quot;:&quot;Canon EOS 5D Mark II&quot;,&quot;caption&quot;:&quot;&quot;,&quot;created_timestamp&quot;:&quot;1348685018&quot;,&quot;copyright&quot;:&quot;Copyright: www.studiociapetti.com&quot;,&quot;focal_length&quot;:&quot;17&quot;,&quot;iso&quot;:&quot;100&quot;,&quot;shutter_speed&quot;:&quot;0.2&quot;,&quot;title&quot;:&quot;&quot;,&quot;orientation&quot;:&quot;1&quot;}\" data-image-title=\"catalano cersaie 2012-STAND 2\" data-image-description=\"\" data-image-caption=\"\" data-medium-file=\"https:\/\/socialdesignmagazine.com\/mag\/wp-content\/uploads\/2012\/10\/users_Jessy_Catalano_al_cersaie_2012_catalano_cersaie_2012-STAND_2-396x256.jpg\" data-large-file=\"https:\/\/socialdesignmagazine.com\/mag\/wp-content\/uploads\/2012\/10\/users_Jessy_Catalano_al_cersaie_2012_catalano_cersaie_2012-STAND_2.jpg\" src=\"https:\/\/socialdesignmagazine.com\/mag\/wp-content\/uploads\/2012\/10\/users_Jessy_Catalano_al_cersaie_2012_catalano_cersaie_2012-STAND_2.jpg\" alt=\"catalano cersaie 2012-STAND 2\" class=\"wp-image-9742\"\/><\/figure>\n<\/div>\n\n\n<p><strong>Un progetto speciale: \u201c3&#215;54\u201d<\/strong><\/p>\n\n\n\n<p>Si tratta di \u201c3&#215;54\u201d &#8211; 3 vasi per 54 lavabi: un progetto speciale che comprende 162 diversi abbinamenti, studiato per anticipare e rispondere in modo flessibile e personalizzato alle pi\u00f9 specifiche esigenze della propria clientela. \u201c3&#215;54\u201d \u00e8 la formula delle combinazioni possibili tra i tre wc della famiglia Zero (55, 50 e 45) e 54 lavabi delle diverse collezioni. Un fiore all&#8217;occhiello dell&#8217;azienda, una proposta strategica che ha dimostrato la capacit\u00e0 di Catalano di sviluppare prodotti in grado di dialogare e abbinarsi, con estrema versatilit\u00e0 ed eccellenti risultati estetici e funzionali, a numerosi modelli differenti.<\/p>\n\n\n<div class=\"wp-block-image\">\n<figure class=\"aligncenter\"><img loading=\"lazy\" decoding=\"async\" width=\"720\" height=\"479\" data-attachment-id=\"9743\" data-permalink=\"https:\/\/socialdesignmagazine.com\/mag\/design\/qualita-e-positivita-catalano-al-cersaie-2012\/attachment\/catalano-cersaie-2012\/#content\" data-orig-file=\"https:\/\/socialdesignmagazine.com\/mag\/wp-content\/uploads\/2012\/10\/users_Jessy_Catalano_al_cersaie_2012_catalano_cersaie_2012.jpg\" data-orig-size=\"720,479\" data-comments-opened=\"1\" data-image-meta=\"{&quot;aperture&quot;:&quot;6.3&quot;,&quot;credit&quot;:&quot;&quot;,&quot;camera&quot;:&quot;Canon EOS 350D DIGITAL&quot;,&quot;caption&quot;:&quot;&quot;,&quot;created_timestamp&quot;:&quot;1348930650&quot;,&quot;copyright&quot;:&quot;&quot;,&quot;focal_length&quot;:&quot;16&quot;,&quot;iso&quot;:&quot;400&quot;,&quot;shutter_speed&quot;:&quot;0.04&quot;,&quot;title&quot;:&quot;&quot;,&quot;orientation&quot;:&quot;1&quot;}\" data-image-title=\"catalano cersaie 2012\" data-image-description=\"\" data-image-caption=\"\" data-medium-file=\"https:\/\/socialdesignmagazine.com\/mag\/wp-content\/uploads\/2012\/10\/users_Jessy_Catalano_al_cersaie_2012_catalano_cersaie_2012-396x256.jpg\" data-large-file=\"https:\/\/socialdesignmagazine.com\/mag\/wp-content\/uploads\/2012\/10\/users_Jessy_Catalano_al_cersaie_2012_catalano_cersaie_2012.jpg\" src=\"https:\/\/socialdesignmagazine.com\/mag\/wp-content\/uploads\/2012\/10\/users_Jessy_Catalano_al_cersaie_2012_catalano_cersaie_2012.jpg\" alt=\"catalano cersaie 2012\" class=\"wp-image-9743\" srcset=\"https:\/\/socialdesignmagazine.com\/mag\/wp-content\/uploads\/2012\/10\/users_Jessy_Catalano_al_cersaie_2012_catalano_cersaie_2012.jpg 720w, https:\/\/socialdesignmagazine.com\/mag\/wp-content\/uploads\/2012\/10\/users_Jessy_Catalano_al_cersaie_2012_catalano_cersaie_2012-100x66.jpg 100w\" sizes=\"auto, (max-width: 720px) 100vw, 720px\" \/><\/figure>\n<\/div>\n\n<div class=\"wp-block-image\">\n<figure class=\"aligncenter\"><img loading=\"lazy\" decoding=\"async\" width=\"720\" height=\"997\" data-attachment-id=\"9744\" data-permalink=\"https:\/\/socialdesignmagazine.com\/mag\/design\/qualita-e-positivita-catalano-al-cersaie-2012\/attachment\/catalano-premium-150-05\/#content\" data-orig-file=\"https:\/\/socialdesignmagazine.com\/mag\/wp-content\/uploads\/2012\/10\/users_Jessy_Catalano_al_cersaie_2012_Catalano_-_Premium_150_05.jpg\" data-orig-size=\"720,997\" data-comments-opened=\"1\" data-image-meta=\"{&quot;aperture&quot;:&quot;0&quot;,&quot;credit&quot;:&quot;&quot;,&quot;camera&quot;:&quot;&quot;,&quot;caption&quot;:&quot;profilo di separazione FOGRA39 maxK: spazio colore FOGRA39 con altagenerazione del nero nei toni chiari&quot;,&quot;created_timestamp&quot;:&quot;0&quot;,&quot;copyright&quot;:&quot;&quot;,&quot;focal_length&quot;:&quot;0&quot;,&quot;iso&quot;:&quot;0&quot;,&quot;shutter_speed&quot;:&quot;0&quot;,&quot;title&quot;:&quot;&quot;,&quot;orientation&quot;:&quot;1&quot;}\" data-image-title=\"Catalano &amp;#8211; Premium 150 05\" data-image-description=\"\" data-image-caption=\"\" data-medium-file=\"https:\/\/socialdesignmagazine.com\/mag\/wp-content\/uploads\/2012\/10\/users_Jessy_Catalano_al_cersaie_2012_Catalano_-_Premium_150_05-396x256.jpg\" data-large-file=\"https:\/\/socialdesignmagazine.com\/mag\/wp-content\/uploads\/2012\/10\/users_Jessy_Catalano_al_cersaie_2012_Catalano_-_Premium_150_05.jpg\" src=\"https:\/\/socialdesignmagazine.com\/mag\/wp-content\/uploads\/2012\/10\/users_Jessy_Catalano_al_cersaie_2012_Catalano_-_Premium_150_05.jpg\" alt=\"Catalano - Premium 150 05\" class=\"wp-image-9744\"\/><\/figure>\n<\/div>","protected":false,"gt_translate_keys":[{"key":"rendered","format":"html"}]},"excerpt":{"rendered":"<p>Qualit\u00e0 e positivit\u00e0: sono queste le parole chiave attorno a cui ha ruotato la presenza di Catalano a Cersaie 2012.<\/p>\n","protected":false,"gt_translate_keys":[{"key":"rendered","format":"html"}]},"author":6,"featured_media":9741,"comment_status":"open","ping_status":"open","sticky":false,"template":"","format":"standard","meta":{"jetpack_post_was_ever_published":false,"_jetpack_newsletter_access":"","_jetpack_dont_email_post_to_subs":false,"_jetpack_newsletter_tier_id":0,"_jetpack_memberships_contains_paywalled_content":false,"_jetpack_memberships_contains_paid_content":false,"footnotes":"","_wpscppro_dont_share_socialmedia":false,"_wpscppro_custom_social_share_image":0,"_facebook_share_type":"","_twitter_share_type":"","_linkedin_share_type":"","_pinterest_share_type":"","_linkedin_share_type_page":"","_instagram_share_type":"","_medium_share_type":"","_threads_share_type":"","_google_business_share_type":"","_selected_social_profile":[],"_wpsp_enable_custom_social_template":false,"_wpsp_social_scheduling":{"enabled":false,"datetime":null,"platforms":[],"status":"template_only","dateOption":"today","timeOption":"now","customDays":"","customHours":"","customDate":"","customTime":"","schedulingType":"absolute"},"_wpsp_active_default_template":true},"categories":[13],"tags":[2648,2067,2302],"class_list":["post-1650","post","type-post","status-publish","format-standard","has-post-thumbnail","hentry","category-design","tag-bagno-arredo-bagno","tag-catalano","tag-cersaie-2012"],"yoast_head":"<!-- This site is optimized with the Yoast SEO plugin v27.2 - https:\/\/yoast.com\/product\/yoast-seo-wordpress\/ -->\n<title>Qualit\u00e0 e positivit\u00e0: Catalano al cersaie 2012 - Social Design Magazine<\/title>\n<meta name=\"description\" content=\"Qualit\u00e0 e positivit\u00e0: sono queste le parole chiave attorno a cui ha ruotato la presenza di Catalano a Cersaie 2012.\" \/>\n<meta name=\"robots\" content=\"index, follow, max-snippet:-1, max-image-preview:large, max-video-preview:-1\" \/>\n<link rel=\"canonical\" href=\"https:\/\/socialdesignmagazine.com\/mag\/design\/qualita-e-positivita-catalano-al-cersaie-2012\/\" \/>\n<meta property=\"og:locale\" content=\"it_IT\" \/>\n<meta property=\"og:type\" content=\"article\" \/>\n<meta property=\"og:title\" content=\"Qualit\u00e0 e positivit\u00e0: Catalano al cersaie 2012 - Social Design Magazine\" \/>\n<meta property=\"og:description\" content=\"Qualit\u00e0 e positivit\u00e0: sono queste le parole chiave attorno a cui ha ruotato la presenza di Catalano a Cersaie 2012.\" \/>\n<meta property=\"og:url\" content=\"http:\/\/socialdesignmagazine.com\/mag\/design\/qualita-e-positivita-catalano-al-cersaie-2012\/\" \/>\n<meta property=\"og:site_name\" content=\"Social Design Magazine\" \/>\n<meta property=\"article:publisher\" content=\"https:\/\/www.facebook.com\/socialdesignmag\" \/>\n<meta property=\"article:published_time\" content=\"2012-10-31T20:00:00+00:00\" \/>\n<meta property=\"article:modified_time\" content=\"2024-05-20T12:26:28+00:00\" \/>\n<meta property=\"og:image\" content=\"https:\/\/socialdesignmagazine.com\/mag\/wp-content\/uploads\/2012\/10\/users_Jessy_Catalano_al_cersaie_2012_CATALANO_cersaie_2012_STAND.jpg\" \/>\n\t<meta property=\"og:image:width\" content=\"720\" \/>\n\t<meta property=\"og:image:height\" content=\"424\" \/>\n\t<meta property=\"og:image:type\" content=\"image\/jpeg\" \/>\n<meta name=\"author\" content=\"jessica zannori\" \/>\n<meta name=\"twitter:card\" content=\"summary_large_image\" \/>\n<meta name=\"twitter:creator\" content=\"@socialdesignmag\" \/>\n<meta name=\"twitter:site\" content=\"@socialdesignmag\" \/>\n<meta name=\"twitter:label1\" content=\"Scritto da\" \/>\n\t<meta name=\"twitter:data1\" content=\"jessica zannori\" \/>\n\t<meta name=\"twitter:label2\" content=\"Tempo di lettura stimato\" \/>\n\t<meta name=\"twitter:data2\" content=\"3 minuti\" \/>\n<script type=\"application\/ld+json\" class=\"yoast-schema-graph\">{\"@context\":\"https:\/\/schema.org\",\"@graph\":[{\"@type\":\"Article\",\"@id\":\"https:\/\/socialdesignmagazine.com\/mag\/design\/qualita-e-positivita-catalano-al-cersaie-2012\/#article\",\"isPartOf\":{\"@id\":\"https:\/\/socialdesignmagazine.com\/mag\/design\/qualita-e-positivita-catalano-al-cersaie-2012\/\"},\"author\":{\"name\":\"jessica zannori\",\"@id\":\"https:\/\/socialdesignmagazine.com\/mag\/#\/schema\/person\/f26aea2d68a722d5ed3a1ee93c92aba9\"},\"headline\":\"Qualit\u00e0 e positivit\u00e0: Catalano al cersaie 2012\",\"datePublished\":\"2012-10-31T20:00:00+00:00\",\"dateModified\":\"2024-05-20T12:26:28+00:00\",\"mainEntityOfPage\":{\"@id\":\"https:\/\/socialdesignmagazine.com\/mag\/design\/qualita-e-positivita-catalano-al-cersaie-2012\/\"},\"wordCount\":307,\"commentCount\":0,\"publisher\":{\"@id\":\"https:\/\/socialdesignmagazine.com\/mag\/#organization\"},\"image\":{\"@id\":\"https:\/\/socialdesignmagazine.com\/mag\/design\/qualita-e-positivita-catalano-al-cersaie-2012\/#primaryimage\"},\"thumbnailUrl\":\"https:\/\/socialdesignmagazine.com\/mag\/wp-content\/uploads\/2012\/10\/users_Jessy_Catalano_al_cersaie_2012_CATALANO_cersaie_2012_STAND.jpg\",\"keywords\":[\"bagno arredo bagno\",\"catalano\",\"cersaie 2012\"],\"articleSection\":[\"Design\"],\"inLanguage\":\"it-IT\",\"potentialAction\":[{\"@type\":\"CommentAction\",\"name\":\"Comment\",\"target\":[\"https:\/\/socialdesignmagazine.com\/mag\/design\/qualita-e-positivita-catalano-al-cersaie-2012\/#respond\"]}]},{\"@type\":\"WebPage\",\"@id\":\"https:\/\/socialdesignmagazine.com\/mag\/design\/qualita-e-positivita-catalano-al-cersaie-2012\/\",\"url\":\"https:\/\/socialdesignmagazine.com\/mag\/design\/qualita-e-positivita-catalano-al-cersaie-2012\/\",\"name\":\"Qualit\u00e0 e positivit\u00e0: Catalano al cersaie 2012 - Social Design Magazine\",\"isPartOf\":{\"@id\":\"https:\/\/socialdesignmagazine.com\/mag\/#website\"},\"primaryImageOfPage\":{\"@id\":\"https:\/\/socialdesignmagazine.com\/mag\/design\/qualita-e-positivita-catalano-al-cersaie-2012\/#primaryimage\"},\"image\":{\"@id\":\"https:\/\/socialdesignmagazine.com\/mag\/design\/qualita-e-positivita-catalano-al-cersaie-2012\/#primaryimage\"},\"thumbnailUrl\":\"https:\/\/socialdesignmagazine.com\/mag\/wp-content\/uploads\/2012\/10\/users_Jessy_Catalano_al_cersaie_2012_CATALANO_cersaie_2012_STAND.jpg\",\"datePublished\":\"2012-10-31T20:00:00+00:00\",\"dateModified\":\"2024-05-20T12:26:28+00:00\",\"description\":\"Qualit\u00e0 e positivit\u00e0: sono queste le parole chiave attorno a cui ha ruotato la presenza di Catalano a Cersaie 2012.\",\"breadcrumb\":{\"@id\":\"https:\/\/socialdesignmagazine.com\/mag\/design\/qualita-e-positivita-catalano-al-cersaie-2012\/#breadcrumb\"},\"inLanguage\":\"it-IT\",\"potentialAction\":[{\"@type\":\"ReadAction\",\"target\":[\"https:\/\/socialdesignmagazine.com\/mag\/design\/qualita-e-positivita-catalano-al-cersaie-2012\/\"]}]},{\"@type\":\"ImageObject\",\"inLanguage\":\"it-IT\",\"@id\":\"https:\/\/socialdesignmagazine.com\/mag\/design\/qualita-e-positivita-catalano-al-cersaie-2012\/#primaryimage\",\"url\":\"https:\/\/socialdesignmagazine.com\/mag\/wp-content\/uploads\/2012\/10\/users_Jessy_Catalano_al_cersaie_2012_CATALANO_cersaie_2012_STAND.jpg\",\"contentUrl\":\"https:\/\/socialdesignmagazine.com\/mag\/wp-content\/uploads\/2012\/10\/users_Jessy_Catalano_al_cersaie_2012_CATALANO_cersaie_2012_STAND.jpg\",\"width\":720,\"height\":424,\"caption\":\"CATALANO cersaie 2012 STAND\"},{\"@type\":\"BreadcrumbList\",\"@id\":\"https:\/\/socialdesignmagazine.com\/mag\/design\/qualita-e-positivita-catalano-al-cersaie-2012\/#breadcrumb\",\"itemListElement\":[{\"@type\":\"ListItem\",\"position\":1,\"name\":\"Home\",\"item\":\"https:\/\/socialdesignmagazine.com\/mag\/\"},{\"@type\":\"ListItem\",\"position\":2,\"name\":\"Design\",\"item\":\"https:\/\/socialdesignmagazine.com\/mag\/design\/\"},{\"@type\":\"ListItem\",\"position\":3,\"name\":\"Qualit\u00e0 e positivit\u00e0: Catalano al cersaie 2012\"}]},{\"@type\":\"WebSite\",\"@id\":\"https:\/\/socialdesignmagazine.com\/mag\/#website\",\"url\":\"https:\/\/socialdesignmagazine.com\/mag\/\",\"name\":\"Social Design Magazine\",\"description\":\"Social Magazine su Design, Architettura, Arte, Grafica\",\"publisher\":{\"@id\":\"https:\/\/socialdesignmagazine.com\/mag\/#organization\"},\"potentialAction\":[{\"@type\":\"SearchAction\",\"target\":{\"@type\":\"EntryPoint\",\"urlTemplate\":\"https:\/\/socialdesignmagazine.com\/mag\/?s={search_term_string}\"},\"query-input\":{\"@type\":\"PropertyValueSpecification\",\"valueRequired\":true,\"valueName\":\"search_term_string\"}}],\"inLanguage\":\"it-IT\"},{\"@type\":\"Organization\",\"@id\":\"https:\/\/socialdesignmagazine.com\/mag\/#organization\",\"name\":\"Social Design Magazine\",\"url\":\"https:\/\/socialdesignmagazine.com\/mag\/\",\"logo\":{\"@type\":\"ImageObject\",\"inLanguage\":\"it-IT\",\"@id\":\"https:\/\/socialdesignmagazine.com\/mag\/#\/schema\/logo\/image\/\",\"url\":\"https:\/\/socialdesignmagazine.com\/mag\/wp-content\/uploads\/2017\/01\/logo_favicon_11.png\",\"contentUrl\":\"https:\/\/socialdesignmagazine.com\/mag\/wp-content\/uploads\/2017\/01\/logo_favicon_11.png\",\"width\":1024,\"height\":1024,\"caption\":\"Social Design Magazine\"},\"image\":{\"@id\":\"https:\/\/socialdesignmagazine.com\/mag\/#\/schema\/logo\/image\/\"},\"sameAs\":[\"https:\/\/www.facebook.com\/socialdesignmag\",\"https:\/\/x.com\/socialdesignmag\",\"http:\/\/instagram.com\/social_design_magazine\/\",\"http:\/\/pinterest.com\/socialdesignmag\/\",\"http:\/\/www.youtube.com\/user\/socialdesignmagazine\"]},{\"@type\":\"Person\",\"@id\":\"https:\/\/socialdesignmagazine.com\/mag\/#\/schema\/person\/f26aea2d68a722d5ed3a1ee93c92aba9\",\"name\":\"jessica zannori\",\"image\":{\"@type\":\"ImageObject\",\"inLanguage\":\"it-IT\",\"@id\":\"https:\/\/secure.gravatar.com\/avatar\/e338d2d30b98ee192f7c7708f51c9b6a0f135e3e3399a9bec7d00e0496a346c6?s=96&d=mm&r=g\",\"url\":\"https:\/\/secure.gravatar.com\/avatar\/e338d2d30b98ee192f7c7708f51c9b6a0f135e3e3399a9bec7d00e0496a346c6?s=96&d=mm&r=g\",\"contentUrl\":\"https:\/\/secure.gravatar.com\/avatar\/e338d2d30b98ee192f7c7708f51c9b6a0f135e3e3399a9bec7d00e0496a346c6?s=96&d=mm&r=g\",\"caption\":\"jessica zannori\"},\"url\":\"https:\/\/socialdesignmagazine.com\/mag\/author\/jessy\/\"}]}<\/script>\n<!-- \/ Yoast SEO plugin. -->","yoast_head_json":{"title":"Qualit\u00e0 e positivit\u00e0: Catalano al cersaie 2012 - Social Design Magazine","description":"Qualit\u00e0 e positivit\u00e0: sono queste le parole chiave attorno a cui ha ruotato la presenza di Catalano a Cersaie 2012.","robots":{"index":"index","follow":"follow","max-snippet":"max-snippet:-1","max-image-preview":"max-image-preview:large","max-video-preview":"max-video-preview:-1"},"canonical":"https:\/\/socialdesignmagazine.com\/mag\/design\/qualita-e-positivita-catalano-al-cersaie-2012\/","og_locale":"it_IT","og_type":"article","og_title":"Qualit\u00e0 e positivit\u00e0: Catalano al cersaie 2012 - Social Design Magazine","og_description":"Qualit\u00e0 e positivit\u00e0: sono queste le parole chiave attorno a cui ha ruotato la presenza di Catalano a Cersaie 2012.","og_url":"http:\/\/socialdesignmagazine.com\/mag\/design\/qualita-e-positivita-catalano-al-cersaie-2012\/","og_site_name":"Social Design Magazine","article_publisher":"https:\/\/www.facebook.com\/socialdesignmag","article_published_time":"2012-10-31T20:00:00+00:00","article_modified_time":"2024-05-20T12:26:28+00:00","og_image":[{"width":720,"height":424,"url":"https:\/\/socialdesignmagazine.com\/mag\/wp-content\/uploads\/2012\/10\/users_Jessy_Catalano_al_cersaie_2012_CATALANO_cersaie_2012_STAND.jpg","type":"image\/jpeg"}],"author":"jessica zannori","twitter_card":"summary_large_image","twitter_creator":"@socialdesignmag","twitter_site":"@socialdesignmag","twitter_misc":{"Scritto da":"jessica zannori","Tempo di lettura stimato":"3 minuti"},"schema":{"@context":"https:\/\/schema.org","@graph":[{"@type":"Article","@id":"https:\/\/socialdesignmagazine.com\/mag\/design\/qualita-e-positivita-catalano-al-cersaie-2012\/#article","isPartOf":{"@id":"https:\/\/socialdesignmagazine.com\/mag\/design\/qualita-e-positivita-catalano-al-cersaie-2012\/"},"author":{"name":"jessica zannori","@id":"https:\/\/socialdesignmagazine.com\/mag\/#\/schema\/person\/f26aea2d68a722d5ed3a1ee93c92aba9"},"headline":"Qualit\u00e0 e positivit\u00e0: Catalano al cersaie 2012","datePublished":"2012-10-31T20:00:00+00:00","dateModified":"2024-05-20T12:26:28+00:00","mainEntityOfPage":{"@id":"https:\/\/socialdesignmagazine.com\/mag\/design\/qualita-e-positivita-catalano-al-cersaie-2012\/"},"wordCount":307,"commentCount":0,"publisher":{"@id":"https:\/\/socialdesignmagazine.com\/mag\/#organization"},"image":{"@id":"https:\/\/socialdesignmagazine.com\/mag\/design\/qualita-e-positivita-catalano-al-cersaie-2012\/#primaryimage"},"thumbnailUrl":"https:\/\/socialdesignmagazine.com\/mag\/wp-content\/uploads\/2012\/10\/users_Jessy_Catalano_al_cersaie_2012_CATALANO_cersaie_2012_STAND.jpg","keywords":["bagno arredo bagno","catalano","cersaie 2012"],"articleSection":["Design"],"inLanguage":"it-IT","potentialAction":[{"@type":"CommentAction","name":"Comment","target":["https:\/\/socialdesignmagazine.com\/mag\/design\/qualita-e-positivita-catalano-al-cersaie-2012\/#respond"]}]},{"@type":"WebPage","@id":"https:\/\/socialdesignmagazine.com\/mag\/design\/qualita-e-positivita-catalano-al-cersaie-2012\/","url":"https:\/\/socialdesignmagazine.com\/mag\/design\/qualita-e-positivita-catalano-al-cersaie-2012\/","name":"Qualit\u00e0 e positivit\u00e0: Catalano al cersaie 2012 - Social Design Magazine","isPartOf":{"@id":"https:\/\/socialdesignmagazine.com\/mag\/#website"},"primaryImageOfPage":{"@id":"https:\/\/socialdesignmagazine.com\/mag\/design\/qualita-e-positivita-catalano-al-cersaie-2012\/#primaryimage"},"image":{"@id":"https:\/\/socialdesignmagazine.com\/mag\/design\/qualita-e-positivita-catalano-al-cersaie-2012\/#primaryimage"},"thumbnailUrl":"https:\/\/socialdesignmagazine.com\/mag\/wp-content\/uploads\/2012\/10\/users_Jessy_Catalano_al_cersaie_2012_CATALANO_cersaie_2012_STAND.jpg","datePublished":"2012-10-31T20:00:00+00:00","dateModified":"2024-05-20T12:26:28+00:00","description":"Qualit\u00e0 e positivit\u00e0: sono queste le parole chiave attorno a cui ha ruotato la presenza di Catalano a Cersaie 2012.","breadcrumb":{"@id":"https:\/\/socialdesignmagazine.com\/mag\/design\/qualita-e-positivita-catalano-al-cersaie-2012\/#breadcrumb"},"inLanguage":"it-IT","potentialAction":[{"@type":"ReadAction","target":["https:\/\/socialdesignmagazine.com\/mag\/design\/qualita-e-positivita-catalano-al-cersaie-2012\/"]}]},{"@type":"ImageObject","inLanguage":"it-IT","@id":"https:\/\/socialdesignmagazine.com\/mag\/design\/qualita-e-positivita-catalano-al-cersaie-2012\/#primaryimage","url":"https:\/\/socialdesignmagazine.com\/mag\/wp-content\/uploads\/2012\/10\/users_Jessy_Catalano_al_cersaie_2012_CATALANO_cersaie_2012_STAND.jpg","contentUrl":"https:\/\/socialdesignmagazine.com\/mag\/wp-content\/uploads\/2012\/10\/users_Jessy_Catalano_al_cersaie_2012_CATALANO_cersaie_2012_STAND.jpg","width":720,"height":424,"caption":"CATALANO cersaie 2012 STAND"},{"@type":"BreadcrumbList","@id":"https:\/\/socialdesignmagazine.com\/mag\/design\/qualita-e-positivita-catalano-al-cersaie-2012\/#breadcrumb","itemListElement":[{"@type":"ListItem","position":1,"name":"Home","item":"https:\/\/socialdesignmagazine.com\/mag\/"},{"@type":"ListItem","position":2,"name":"Design","item":"https:\/\/socialdesignmagazine.com\/mag\/design\/"},{"@type":"ListItem","position":3,"name":"Qualit\u00e0 e positivit\u00e0: Catalano al cersaie 2012"}]},{"@type":"WebSite","@id":"https:\/\/socialdesignmagazine.com\/mag\/#website","url":"https:\/\/socialdesignmagazine.com\/mag\/","name":"Social Design Magazine","description":"Social Magazine su Design, Architettura, Arte, Grafica","publisher":{"@id":"https:\/\/socialdesignmagazine.com\/mag\/#organization"},"potentialAction":[{"@type":"SearchAction","target":{"@type":"EntryPoint","urlTemplate":"https:\/\/socialdesignmagazine.com\/mag\/?s={search_term_string}"},"query-input":{"@type":"PropertyValueSpecification","valueRequired":true,"valueName":"search_term_string"}}],"inLanguage":"it-IT"},{"@type":"Organization","@id":"https:\/\/socialdesignmagazine.com\/mag\/#organization","name":"Social Design Magazine","url":"https:\/\/socialdesignmagazine.com\/mag\/","logo":{"@type":"ImageObject","inLanguage":"it-IT","@id":"https:\/\/socialdesignmagazine.com\/mag\/#\/schema\/logo\/image\/","url":"https:\/\/socialdesignmagazine.com\/mag\/wp-content\/uploads\/2017\/01\/logo_favicon_11.png","contentUrl":"https:\/\/socialdesignmagazine.com\/mag\/wp-content\/uploads\/2017\/01\/logo_favicon_11.png","width":1024,"height":1024,"caption":"Social Design Magazine"},"image":{"@id":"https:\/\/socialdesignmagazine.com\/mag\/#\/schema\/logo\/image\/"},"sameAs":["https:\/\/www.facebook.com\/socialdesignmag","https:\/\/x.com\/socialdesignmag","http:\/\/instagram.com\/social_design_magazine\/","http:\/\/pinterest.com\/socialdesignmag\/","http:\/\/www.youtube.com\/user\/socialdesignmagazine"]},{"@type":"Person","@id":"https:\/\/socialdesignmagazine.com\/mag\/#\/schema\/person\/f26aea2d68a722d5ed3a1ee93c92aba9","name":"jessica zannori","image":{"@type":"ImageObject","inLanguage":"it-IT","@id":"https:\/\/secure.gravatar.com\/avatar\/e338d2d30b98ee192f7c7708f51c9b6a0f135e3e3399a9bec7d00e0496a346c6?s=96&d=mm&r=g","url":"https:\/\/secure.gravatar.com\/avatar\/e338d2d30b98ee192f7c7708f51c9b6a0f135e3e3399a9bec7d00e0496a346c6?s=96&d=mm&r=g","contentUrl":"https:\/\/secure.gravatar.com\/avatar\/e338d2d30b98ee192f7c7708f51c9b6a0f135e3e3399a9bec7d00e0496a346c6?s=96&d=mm&r=g","caption":"jessica zannori"},"url":"https:\/\/socialdesignmagazine.com\/mag\/author\/jessy\/"}]}},"jetpack_featured_media_url":"https:\/\/socialdesignmagazine.com\/mag\/wp-content\/uploads\/2012\/10\/users_Jessy_Catalano_al_cersaie_2012_CATALANO_cersaie_2012_STAND.jpg","jetpack_sharing_enabled":true,"jetpack_shortlink":"https:\/\/wp.me\/p6cV7V-qC","gt_translate_keys":[{"key":"link","format":"url"}],"_links":{"self":[{"href":"https:\/\/socialdesignmagazine.com\/mag\/wp-json\/wp\/v2\/posts\/1650","targetHints":{"allow":["GET"]}}],"collection":[{"href":"https:\/\/socialdesignmagazine.com\/mag\/wp-json\/wp\/v2\/posts"}],"about":[{"href":"https:\/\/socialdesignmagazine.com\/mag\/wp-json\/wp\/v2\/types\/post"}],"author":[{"embeddable":true,"href":"https:\/\/socialdesignmagazine.com\/mag\/wp-json\/wp\/v2\/users\/6"}],"replies":[{"embeddable":true,"href":"https:\/\/socialdesignmagazine.com\/mag\/wp-json\/wp\/v2\/comments?post=1650"}],"version-history":[{"count":1,"href":"https:\/\/socialdesignmagazine.com\/mag\/wp-json\/wp\/v2\/posts\/1650\/revisions"}],"predecessor-version":[{"id":60666,"href":"https:\/\/socialdesignmagazine.com\/mag\/wp-json\/wp\/v2\/posts\/1650\/revisions\/60666"}],"wp:featuredmedia":[{"embeddable":true,"href":"https:\/\/socialdesignmagazine.com\/mag\/wp-json\/wp\/v2\/media\/9741"}],"wp:attachment":[{"href":"https:\/\/socialdesignmagazine.com\/mag\/wp-json\/wp\/v2\/media?parent=1650"}],"wp:term":[{"taxonomy":"category","embeddable":true,"href":"https:\/\/socialdesignmagazine.com\/mag\/wp-json\/wp\/v2\/categories?post=1650"},{"taxonomy":"post_tag","embeddable":true,"href":"https:\/\/socialdesignmagazine.com\/mag\/wp-json\/wp\/v2\/tags?post=1650"}],"curies":[{"name":"wp","href":"https:\/\/api.w.org\/{rel}","templated":true}]}}