{"id":1669,"date":"2017-12-11T00:43:12","date_gmt":"2017-12-10T23:43:12","guid":{"rendered":"https:\/\/socialdesignmagazine.com\/mag\/?p=1669"},"modified":"2017-12-11T00:43:12","modified_gmt":"2017-12-10T23:43:12","slug":"vertical-garden","status":"publish","type":"post","link":"https:\/\/socialdesignmagazine.com\/mag\/green\/vertical-garden\/","title":{"rendered":"Vertical Garden","gt_translate_keys":[{"key":"rendered","format":"text"}]},"content":{"rendered":"<p>Patrik Blanc, artista francese del 1953 si impegna da anni nella realizzazione di splendidi edifici realizzati in verde verticale. Oramai i giardini verticali sono di diffusione comune, ma Patrik \u00e8 il pilastro di questa tipologia di pratica.<\/p>\n<p><img loading=\"lazy\" decoding=\"async\" data-attachment-id=\"9864\" data-permalink=\"https:\/\/socialdesignmagazine.com\/mag\/green\/vertical-garden\/attachment\/patrick-blanc-in-johannesteijsmannia-singapore-oct-08-1\/#content\" data-orig-file=\"https:\/\/socialdesignmagazine.com\/mag\/wp-content\/uploads\/2012\/11\/users_serena.idesignme_vertical_garden_patrick_blanc_in_johannesteijsmannia_singapore__oct_08_1.jpg\" data-orig-size=\"720,423\" data-comments-opened=\"1\" data-image-meta=\"{&quot;aperture&quot;:&quot;3.5&quot;,&quot;credit&quot;:&quot;&quot;,&quot;camera&quot;:&quot;NIKON D80&quot;,&quot;caption&quot;:&quot;&quot;,&quot;created_timestamp&quot;:&quot;1223362818&quot;,&quot;copyright&quot;:&quot;&quot;,&quot;focal_length&quot;:&quot;18&quot;,&quot;iso&quot;:&quot;200&quot;,&quot;shutter_speed&quot;:&quot;0.008&quot;,&quot;title&quot;:&quot;&quot;,&quot;orientation&quot;:&quot;0&quot;}\" data-image-title=\"patrick blanc in johannesteijsmannia singapore oct 08 1\" data-image-description=\"\" data-image-caption=\"\" data-medium-file=\"https:\/\/socialdesignmagazine.com\/mag\/wp-content\/uploads\/2012\/11\/users_serena.idesignme_vertical_garden_patrick_blanc_in_johannesteijsmannia_singapore__oct_08_1-396x256.jpg\" data-large-file=\"https:\/\/socialdesignmagazine.com\/mag\/wp-content\/uploads\/2012\/11\/users_serena.idesignme_vertical_garden_patrick_blanc_in_johannesteijsmannia_singapore__oct_08_1.jpg\" class=\" size-full wp-image-9864\" title=\"patrick_blanc_in_johannesteijsmannia_singapore__oct_08_1\" src=\"https:\/\/socialdesignmagazine.com\/mag\/wp-content\/uploads\/2012\/11\/users_serena.idesignme_vertical_garden_patrick_blanc_in_johannesteijsmannia_singapore__oct_08_1.jpg\" alt=\"patrick blanc in johannesteijsmannia singapore oct 08 1\" width=\"720\" height=\"423\"><\/p>\n<p>Nelle nostre citt\u00e0 sempre meno verdi, l\u2019obiettivo di Blanc \u00e8 sicuramente di grande interesse. Alcune piante hanno necessit\u00e0 di terra per crescere, si limitano a necessitare ossigeno, acqua e anidride carbonica, \u00e8 questo il punto di vista da cui \u00e8 partito Patrik. Uno dei problemi che lo studio francese ha dovuto affrontare \u00e8 la capacit\u00e0 distruttiva delle radici, ovviato strategicamente tramite il mantenimento continuo delle radici a contatto con l\u2019acqua, evitando cos\u00ec che scavino in profondit\u00e0 alla ricerca della stessa.<\/p>\n<p><img loading=\"lazy\" decoding=\"async\" data-attachment-id=\"9865\" data-permalink=\"https:\/\/socialdesignmagazine.com\/mag\/green\/vertical-garden\/attachment\/quai-branly-museum-1\/#content\" data-orig-file=\"https:\/\/socialdesignmagazine.com\/mag\/wp-content\/uploads\/2012\/11\/users_serena.idesignme_vertical_garden_quai_branly_museum_1.jpg\" data-orig-size=\"720,556\" data-comments-opened=\"1\" data-image-meta=\"{&quot;aperture&quot;:&quot;0&quot;,&quot;credit&quot;:&quot;&quot;,&quot;camera&quot;:&quot;&quot;,&quot;caption&quot;:&quot;&quot;,&quot;created_timestamp&quot;:&quot;0&quot;,&quot;copyright&quot;:&quot;&quot;,&quot;focal_length&quot;:&quot;0&quot;,&quot;iso&quot;:&quot;0&quot;,&quot;shutter_speed&quot;:&quot;0&quot;,&quot;title&quot;:&quot;&quot;,&quot;orientation&quot;:&quot;0&quot;}\" data-image-title=\"quai branly museum 1\" data-image-description=\"\" data-image-caption=\"\" data-medium-file=\"https:\/\/socialdesignmagazine.com\/mag\/wp-content\/uploads\/2012\/11\/users_serena.idesignme_vertical_garden_quai_branly_museum_1-396x256.jpg\" data-large-file=\"https:\/\/socialdesignmagazine.com\/mag\/wp-content\/uploads\/2012\/11\/users_serena.idesignme_vertical_garden_quai_branly_museum_1.jpg\" class=\" size-full wp-image-9865\" title=\"quai_branly_museum_1\" src=\"https:\/\/socialdesignmagazine.com\/mag\/wp-content\/uploads\/2012\/11\/users_serena.idesignme_vertical_garden_quai_branly_museum_1.jpg\" alt=\"quai branly museum 1\" width=\"720\" height=\"556\"><\/p>\n<p>Il sistema architettonico studiato da Blanc pesa circa 30kg per m2 ed \u00e8 composto da 4 strati differenti:<\/p>\n<p>il primo \u00e8 la STRUTTURA PORTANTE in metallo,&nbsp;costituita da una trama metallica, che pu\u00f2 essere ancorata o staccata dalla superficie. Lo spazio generato tra le due strutture crea anche uno splendido isolamento termico e acustico.<\/p>\n<p>Successivamente viene posto un TELO DI PVC dallo spessore di 1cm steso sul supporto &nbsp;che ne aumenta la&nbsp;rigidezza e la rende impermeabile.<\/p>\n<p>Come terzo strato si posiziona il supporto al quale andranno agganciate le piante: il cartonfeltro, che permette all\u2019acqua di distribuirsi uniformemente.<\/p>\n<p>Infine le piante, se ne possono posizionare circa 30 al metro quadro.<\/p>\n<p><img loading=\"lazy\" decoding=\"async\" data-attachment-id=\"9866\" data-permalink=\"https:\/\/socialdesignmagazine.com\/mag\/green\/vertical-garden\/attachment\/quai-branly-museum-2\/#content\" data-orig-file=\"https:\/\/socialdesignmagazine.com\/mag\/wp-content\/uploads\/2012\/11\/users_serena.idesignme_vertical_garden_quai_branly_museum_2.jpg\" data-orig-size=\"720,553\" data-comments-opened=\"1\" data-image-meta=\"{&quot;aperture&quot;:&quot;4&quot;,&quot;credit&quot;:&quot;&quot;,&quot;camera&quot;:&quot;Canon PowerShot G7&quot;,&quot;caption&quot;:&quot;&quot;,&quot;created_timestamp&quot;:&quot;1205773800&quot;,&quot;copyright&quot;:&quot;&quot;,&quot;focal_length&quot;:&quot;7.4&quot;,&quot;iso&quot;:&quot;0&quot;,&quot;shutter_speed&quot;:&quot;0.01&quot;,&quot;title&quot;:&quot;&quot;,&quot;orientation&quot;:&quot;0&quot;}\" data-image-title=\"quai branly museum 2\" data-image-description=\"\" data-image-caption=\"\" data-medium-file=\"https:\/\/socialdesignmagazine.com\/mag\/wp-content\/uploads\/2012\/11\/users_serena.idesignme_vertical_garden_quai_branly_museum_2-396x256.jpg\" data-large-file=\"https:\/\/socialdesignmagazine.com\/mag\/wp-content\/uploads\/2012\/11\/users_serena.idesignme_vertical_garden_quai_branly_museum_2.jpg\" class=\" size-full wp-image-9866\" title=\"quai_branly_museum_2\" src=\"https:\/\/socialdesignmagazine.com\/mag\/wp-content\/uploads\/2012\/11\/users_serena.idesignme_vertical_garden_quai_branly_museum_2.jpg\" alt=\"quai branly museum 2\" width=\"720\" height=\"553\"><\/p>\n<p>A Parigi potrete vedere il&nbsp;Mus\u00e9e du quai Branly, progettato da Jean Nouvel e arricchito dalla splendida parete di verde verticale. I mille verdi delle piante si uniscono in un quadro incredibile, che dal vivo emoziona ed impedisce a chi lo vede di staccare gli occhi da quella splendida superficie. Vi suggeriamo vivamente una visita, rimarrete a bocca aperta.<\/p>\n<p>Mus\u00e9e du quai Branly: 37 Quai Branly&nbsp;&nbsp;75007 Paris<\/p>\n<p><img loading=\"lazy\" decoding=\"async\" data-attachment-id=\"9867\" data-permalink=\"https:\/\/socialdesignmagazine.com\/mag\/green\/vertical-garden\/attachment\/patrick-blanc-vertical-garden\/#content\" data-orig-file=\"https:\/\/socialdesignmagazine.com\/mag\/wp-content\/uploads\/2012\/11\/users_serena.idesignme_vertical_garden_patrick_blanc_vertical_garden.jpg\" data-orig-size=\"720,540\" data-comments-opened=\"1\" data-image-meta=\"{&quot;aperture&quot;:&quot;0&quot;,&quot;credit&quot;:&quot;&quot;,&quot;camera&quot;:&quot;&quot;,&quot;caption&quot;:&quot;&quot;,&quot;created_timestamp&quot;:&quot;0&quot;,&quot;copyright&quot;:&quot;&quot;,&quot;focal_length&quot;:&quot;0&quot;,&quot;iso&quot;:&quot;0&quot;,&quot;shutter_speed&quot;:&quot;0&quot;,&quot;title&quot;:&quot;&quot;,&quot;orientation&quot;:&quot;0&quot;}\" data-image-title=\"patrick blanc vertical garden\" data-image-description=\"\" data-image-caption=\"\" data-medium-file=\"https:\/\/socialdesignmagazine.com\/mag\/wp-content\/uploads\/2012\/11\/users_serena.idesignme_vertical_garden_patrick_blanc_vertical_garden-396x256.jpg\" data-large-file=\"https:\/\/socialdesignmagazine.com\/mag\/wp-content\/uploads\/2012\/11\/users_serena.idesignme_vertical_garden_patrick_blanc_vertical_garden.jpg\" class=\" size-full wp-image-9867\" src=\"https:\/\/socialdesignmagazine.com\/mag\/wp-content\/uploads\/2012\/11\/users_serena.idesignme_vertical_garden_patrick_blanc_vertical_garden.jpg\" alt=\"patrick blanc vertical garden\" width=\"720\" height=\"540\"><\/p>\n","protected":false,"gt_translate_keys":[{"key":"rendered","format":"html"}]},"excerpt":{"rendered":"<p>Patrik Blanc, artista francese del 1953 si impegna da anni nella realizzazione di splendidi edifici realizzati in verde verticale. Oramai i giardini verticali sono di diffusione comune, ma Patrik \u00e8 il pilastro di questa tipologia di pratica.<\/p>\n","protected":false,"gt_translate_keys":[{"key":"rendered","format":"html"}]},"author":29,"featured_media":9863,"comment_status":"open","ping_status":"open","sticky":false,"template":"","format":"standard","meta":{"jetpack_post_was_ever_published":false,"_jetpack_newsletter_access":"","_jetpack_dont_email_post_to_subs":false,"_jetpack_newsletter_tier_id":0,"_jetpack_memberships_contains_paywalled_content":false,"_jetpack_memberships_contains_paid_content":false,"footnotes":"","_wpscppro_dont_share_socialmedia":false,"_wpscppro_custom_social_share_image":0,"_facebook_share_type":"","_twitter_share_type":"","_linkedin_share_type":"","_pinterest_share_type":"","_linkedin_share_type_page":"","_instagram_share_type":"","_medium_share_type":"","_threads_share_type":"","_google_business_share_type":"","_selected_social_profile":[],"_wpsp_enable_custom_social_template":false,"_wpsp_social_scheduling":{"enabled":false,"datetime":null,"platforms":[],"status":"template_only","dateOption":"today","timeOption":"now","customDays":"","customHours":"","customDate":"","customTime":"","schedulingType":"absolute"},"_wpsp_active_default_template":true},"categories":[11],"tags":[81,2165,2669],"class_list":["post-1669","post","type-post","status-publish","format-standard","has-post-thumbnail","hentry","category-green","tag-green","tag-jean-nouvel","tag-verde-verticale"],"yoast_head":"<!-- This site is optimized with the Yoast SEO plugin v27.2 - https:\/\/yoast.com\/product\/yoast-seo-wordpress\/ -->\n<title>Vertical Garden - Social Design Magazine<\/title>\n<meta name=\"description\" content=\"A Parigi potrete vedere il Mus\u00e9e du quai Branly, progettato da Jean Nouvel e arricchito dalla splendida parete di verde verticale.\" \/>\n<meta name=\"robots\" content=\"index, follow, max-snippet:-1, max-image-preview:large, max-video-preview:-1\" \/>\n<link rel=\"canonical\" href=\"https:\/\/socialdesignmagazine.com\/mag\/green\/vertical-garden\/\" \/>\n<meta property=\"og:locale\" content=\"it_IT\" \/>\n<meta property=\"og:type\" content=\"article\" \/>\n<meta property=\"og:title\" content=\"Vertical Garden - Social Design Magazine\" \/>\n<meta property=\"og:description\" content=\"A Parigi potrete vedere il Mus\u00e9e du quai Branly, progettato da Jean Nouvel e arricchito dalla splendida parete di verde verticale.\" \/>\n<meta property=\"og:url\" content=\"http:\/\/socialdesignmagazine.com\/mag\/green\/vertical-garden\/\" \/>\n<meta property=\"og:site_name\" content=\"Social Design Magazine\" \/>\n<meta property=\"article:publisher\" content=\"https:\/\/www.facebook.com\/socialdesignmag\" \/>\n<meta property=\"article:published_time\" content=\"2017-12-10T23:43:12+00:00\" \/>\n<meta property=\"og:image\" content=\"https:\/\/socialdesignmagazine.com\/mag\/wp-content\/uploads\/2012\/11\/users_serena.idesignme_vertical_garden_quai_branly_museum_5-620x270.jpg\" \/>\n\t<meta property=\"og:image:width\" content=\"720\" \/>\n\t<meta property=\"og:image:height\" content=\"314\" \/>\n\t<meta property=\"og:image:type\" content=\"image\/jpeg\" \/>\n<meta name=\"author\" content=\"Social Design Magazine\" \/>\n<meta name=\"twitter:card\" content=\"summary_large_image\" \/>\n<meta name=\"twitter:creator\" content=\"@socialdesignmag\" \/>\n<meta name=\"twitter:site\" content=\"@socialdesignmag\" \/>\n<meta name=\"twitter:label1\" content=\"Scritto da\" \/>\n\t<meta name=\"twitter:data1\" content=\"Social Design Magazine\" \/>\n\t<meta name=\"twitter:label2\" content=\"Tempo di lettura stimato\" \/>\n\t<meta name=\"twitter:data2\" content=\"1 minuto\" \/>\n<script type=\"application\/ld+json\" class=\"yoast-schema-graph\">{\"@context\":\"https:\/\/schema.org\",\"@graph\":[{\"@type\":\"Article\",\"@id\":\"https:\/\/socialdesignmagazine.com\/mag\/green\/vertical-garden\/#article\",\"isPartOf\":{\"@id\":\"https:\/\/socialdesignmagazine.com\/mag\/green\/vertical-garden\/\"},\"author\":{\"name\":\"Social Design Magazine\",\"@id\":\"https:\/\/socialdesignmagazine.com\/mag\/#\/schema\/person\/a6504ba2c0a67a08787f38c0aac3f3dc\"},\"headline\":\"Vertical Garden\",\"datePublished\":\"2017-12-10T23:43:12+00:00\",\"mainEntityOfPage\":{\"@id\":\"https:\/\/socialdesignmagazine.com\/mag\/green\/vertical-garden\/\"},\"wordCount\":296,\"commentCount\":0,\"publisher\":{\"@id\":\"https:\/\/socialdesignmagazine.com\/mag\/#organization\"},\"image\":{\"@id\":\"https:\/\/socialdesignmagazine.com\/mag\/green\/vertical-garden\/#primaryimage\"},\"thumbnailUrl\":\"https:\/\/socialdesignmagazine.com\/mag\/wp-content\/uploads\/2012\/11\/users_serena.idesignme_vertical_garden_quai_branly_museum_5-620x270.jpg\",\"keywords\":[\"green\",\"jean nouvel\",\"verde verticale\"],\"articleSection\":[\"Green\"],\"inLanguage\":\"it-IT\",\"potentialAction\":[{\"@type\":\"CommentAction\",\"name\":\"Comment\",\"target\":[\"https:\/\/socialdesignmagazine.com\/mag\/green\/vertical-garden\/#respond\"]}]},{\"@type\":\"WebPage\",\"@id\":\"https:\/\/socialdesignmagazine.com\/mag\/green\/vertical-garden\/\",\"url\":\"https:\/\/socialdesignmagazine.com\/mag\/green\/vertical-garden\/\",\"name\":\"Vertical Garden - Social Design Magazine\",\"isPartOf\":{\"@id\":\"https:\/\/socialdesignmagazine.com\/mag\/#website\"},\"primaryImageOfPage\":{\"@id\":\"https:\/\/socialdesignmagazine.com\/mag\/green\/vertical-garden\/#primaryimage\"},\"image\":{\"@id\":\"https:\/\/socialdesignmagazine.com\/mag\/green\/vertical-garden\/#primaryimage\"},\"thumbnailUrl\":\"https:\/\/socialdesignmagazine.com\/mag\/wp-content\/uploads\/2012\/11\/users_serena.idesignme_vertical_garden_quai_branly_museum_5-620x270.jpg\",\"datePublished\":\"2017-12-10T23:43:12+00:00\",\"description\":\"A Parigi potrete vedere il Mus\u00e9e du quai Branly, progettato da Jean Nouvel e arricchito dalla splendida parete di verde verticale.\",\"breadcrumb\":{\"@id\":\"https:\/\/socialdesignmagazine.com\/mag\/green\/vertical-garden\/#breadcrumb\"},\"inLanguage\":\"it-IT\",\"potentialAction\":[{\"@type\":\"ReadAction\",\"target\":[\"https:\/\/socialdesignmagazine.com\/mag\/green\/vertical-garden\/\"]}]},{\"@type\":\"ImageObject\",\"inLanguage\":\"it-IT\",\"@id\":\"https:\/\/socialdesignmagazine.com\/mag\/green\/vertical-garden\/#primaryimage\",\"url\":\"https:\/\/socialdesignmagazine.com\/mag\/wp-content\/uploads\/2012\/11\/users_serena.idesignme_vertical_garden_quai_branly_museum_5-620x270.jpg\",\"contentUrl\":\"https:\/\/socialdesignmagazine.com\/mag\/wp-content\/uploads\/2012\/11\/users_serena.idesignme_vertical_garden_quai_branly_museum_5-620x270.jpg\",\"width\":720,\"height\":314,\"caption\":\"quai branly museum 5-620x270\"},{\"@type\":\"BreadcrumbList\",\"@id\":\"https:\/\/socialdesignmagazine.com\/mag\/green\/vertical-garden\/#breadcrumb\",\"itemListElement\":[{\"@type\":\"ListItem\",\"position\":1,\"name\":\"Home\",\"item\":\"https:\/\/socialdesignmagazine.com\/mag\/\"},{\"@type\":\"ListItem\",\"position\":2,\"name\":\"Green\",\"item\":\"https:\/\/socialdesignmagazine.com\/mag\/green\/\"},{\"@type\":\"ListItem\",\"position\":3,\"name\":\"Vertical Garden\"}]},{\"@type\":\"WebSite\",\"@id\":\"https:\/\/socialdesignmagazine.com\/mag\/#website\",\"url\":\"https:\/\/socialdesignmagazine.com\/mag\/\",\"name\":\"Social Design Magazine\",\"description\":\"Social Magazine su Design, Architettura, Arte, Grafica\",\"publisher\":{\"@id\":\"https:\/\/socialdesignmagazine.com\/mag\/#organization\"},\"potentialAction\":[{\"@type\":\"SearchAction\",\"target\":{\"@type\":\"EntryPoint\",\"urlTemplate\":\"https:\/\/socialdesignmagazine.com\/mag\/?s={search_term_string}\"},\"query-input\":{\"@type\":\"PropertyValueSpecification\",\"valueRequired\":true,\"valueName\":\"search_term_string\"}}],\"inLanguage\":\"it-IT\"},{\"@type\":\"Organization\",\"@id\":\"https:\/\/socialdesignmagazine.com\/mag\/#organization\",\"name\":\"Social Design Magazine\",\"url\":\"https:\/\/socialdesignmagazine.com\/mag\/\",\"logo\":{\"@type\":\"ImageObject\",\"inLanguage\":\"it-IT\",\"@id\":\"https:\/\/socialdesignmagazine.com\/mag\/#\/schema\/logo\/image\/\",\"url\":\"https:\/\/socialdesignmagazine.com\/mag\/wp-content\/uploads\/2017\/01\/logo_favicon_11.png\",\"contentUrl\":\"https:\/\/socialdesignmagazine.com\/mag\/wp-content\/uploads\/2017\/01\/logo_favicon_11.png\",\"width\":1024,\"height\":1024,\"caption\":\"Social Design Magazine\"},\"image\":{\"@id\":\"https:\/\/socialdesignmagazine.com\/mag\/#\/schema\/logo\/image\/\"},\"sameAs\":[\"https:\/\/www.facebook.com\/socialdesignmag\",\"https:\/\/x.com\/socialdesignmag\",\"http:\/\/instagram.com\/social_design_magazine\/\",\"http:\/\/pinterest.com\/socialdesignmag\/\",\"http:\/\/www.youtube.com\/user\/socialdesignmagazine\"]},{\"@type\":\"Person\",\"@id\":\"https:\/\/socialdesignmagazine.com\/mag\/#\/schema\/person\/a6504ba2c0a67a08787f38c0aac3f3dc\",\"name\":\"Social Design Magazine\",\"image\":{\"@type\":\"ImageObject\",\"inLanguage\":\"it-IT\",\"@id\":\"https:\/\/socialdesignmagazine.com\/mag\/wp-content\/uploads\/2017\/01\/logo_favicon_11-768x768.png\",\"url\":\"https:\/\/socialdesignmagazine.com\/mag\/wp-content\/uploads\/2017\/01\/logo_favicon_11-768x768.png\",\"contentUrl\":\"https:\/\/socialdesignmagazine.com\/mag\/wp-content\/uploads\/2017\/01\/logo_favicon_11-768x768.png\",\"caption\":\"Social Design Magazine\"},\"description\":\"SOCIALDESIGNMAGAZINE.COM \u00c8 UN SOCIAL MAGAZINE ONLINE, UNO SPAZIO COLLABORATIVO APERTO A TUTTI I CREATIVI: DESIGNER, ARCHITETTI, GRAPHIC DESIGNER E ARTISTI, CON UN OCCHIO DI RIGUARDO PER I PROGETTISTI EMERGENTI.\",\"sameAs\":[\"https:\/\/socialdesignmagazine.com\/\",\"https:\/\/x.com\/socialdesignmag\",\"http:\/\/www.youtube.com\/user\/socialdesignmagazine\"],\"url\":\"https:\/\/socialdesignmagazine.com\/mag\/author\/socialdesignmagazine\/\"}]}<\/script>\n<!-- \/ Yoast SEO plugin. -->","yoast_head_json":{"title":"Vertical Garden - Social Design Magazine","description":"A Parigi potrete vedere il Mus\u00e9e du quai Branly, progettato da Jean Nouvel e arricchito dalla splendida parete di verde verticale.","robots":{"index":"index","follow":"follow","max-snippet":"max-snippet:-1","max-image-preview":"max-image-preview:large","max-video-preview":"max-video-preview:-1"},"canonical":"https:\/\/socialdesignmagazine.com\/mag\/green\/vertical-garden\/","og_locale":"it_IT","og_type":"article","og_title":"Vertical Garden - Social Design Magazine","og_description":"A Parigi potrete vedere il Mus\u00e9e du quai Branly, progettato da Jean Nouvel e arricchito dalla splendida parete di verde verticale.","og_url":"http:\/\/socialdesignmagazine.com\/mag\/green\/vertical-garden\/","og_site_name":"Social Design Magazine","article_publisher":"https:\/\/www.facebook.com\/socialdesignmag","article_published_time":"2017-12-10T23:43:12+00:00","og_image":[{"width":720,"height":314,"url":"https:\/\/socialdesignmagazine.com\/mag\/wp-content\/uploads\/2012\/11\/users_serena.idesignme_vertical_garden_quai_branly_museum_5-620x270.jpg","type":"image\/jpeg"}],"author":"Social Design Magazine","twitter_card":"summary_large_image","twitter_creator":"@socialdesignmag","twitter_site":"@socialdesignmag","twitter_misc":{"Scritto da":"Social Design Magazine","Tempo di lettura stimato":"1 minuto"},"schema":{"@context":"https:\/\/schema.org","@graph":[{"@type":"Article","@id":"https:\/\/socialdesignmagazine.com\/mag\/green\/vertical-garden\/#article","isPartOf":{"@id":"https:\/\/socialdesignmagazine.com\/mag\/green\/vertical-garden\/"},"author":{"name":"Social Design Magazine","@id":"https:\/\/socialdesignmagazine.com\/mag\/#\/schema\/person\/a6504ba2c0a67a08787f38c0aac3f3dc"},"headline":"Vertical Garden","datePublished":"2017-12-10T23:43:12+00:00","mainEntityOfPage":{"@id":"https:\/\/socialdesignmagazine.com\/mag\/green\/vertical-garden\/"},"wordCount":296,"commentCount":0,"publisher":{"@id":"https:\/\/socialdesignmagazine.com\/mag\/#organization"},"image":{"@id":"https:\/\/socialdesignmagazine.com\/mag\/green\/vertical-garden\/#primaryimage"},"thumbnailUrl":"https:\/\/socialdesignmagazine.com\/mag\/wp-content\/uploads\/2012\/11\/users_serena.idesignme_vertical_garden_quai_branly_museum_5-620x270.jpg","keywords":["green","jean nouvel","verde verticale"],"articleSection":["Green"],"inLanguage":"it-IT","potentialAction":[{"@type":"CommentAction","name":"Comment","target":["https:\/\/socialdesignmagazine.com\/mag\/green\/vertical-garden\/#respond"]}]},{"@type":"WebPage","@id":"https:\/\/socialdesignmagazine.com\/mag\/green\/vertical-garden\/","url":"https:\/\/socialdesignmagazine.com\/mag\/green\/vertical-garden\/","name":"Vertical Garden - Social Design Magazine","isPartOf":{"@id":"https:\/\/socialdesignmagazine.com\/mag\/#website"},"primaryImageOfPage":{"@id":"https:\/\/socialdesignmagazine.com\/mag\/green\/vertical-garden\/#primaryimage"},"image":{"@id":"https:\/\/socialdesignmagazine.com\/mag\/green\/vertical-garden\/#primaryimage"},"thumbnailUrl":"https:\/\/socialdesignmagazine.com\/mag\/wp-content\/uploads\/2012\/11\/users_serena.idesignme_vertical_garden_quai_branly_museum_5-620x270.jpg","datePublished":"2017-12-10T23:43:12+00:00","description":"A Parigi potrete vedere il Mus\u00e9e du quai Branly, progettato da Jean Nouvel e arricchito dalla splendida parete di verde verticale.","breadcrumb":{"@id":"https:\/\/socialdesignmagazine.com\/mag\/green\/vertical-garden\/#breadcrumb"},"inLanguage":"it-IT","potentialAction":[{"@type":"ReadAction","target":["https:\/\/socialdesignmagazine.com\/mag\/green\/vertical-garden\/"]}]},{"@type":"ImageObject","inLanguage":"it-IT","@id":"https:\/\/socialdesignmagazine.com\/mag\/green\/vertical-garden\/#primaryimage","url":"https:\/\/socialdesignmagazine.com\/mag\/wp-content\/uploads\/2012\/11\/users_serena.idesignme_vertical_garden_quai_branly_museum_5-620x270.jpg","contentUrl":"https:\/\/socialdesignmagazine.com\/mag\/wp-content\/uploads\/2012\/11\/users_serena.idesignme_vertical_garden_quai_branly_museum_5-620x270.jpg","width":720,"height":314,"caption":"quai branly museum 5-620x270"},{"@type":"BreadcrumbList","@id":"https:\/\/socialdesignmagazine.com\/mag\/green\/vertical-garden\/#breadcrumb","itemListElement":[{"@type":"ListItem","position":1,"name":"Home","item":"https:\/\/socialdesignmagazine.com\/mag\/"},{"@type":"ListItem","position":2,"name":"Green","item":"https:\/\/socialdesignmagazine.com\/mag\/green\/"},{"@type":"ListItem","position":3,"name":"Vertical Garden"}]},{"@type":"WebSite","@id":"https:\/\/socialdesignmagazine.com\/mag\/#website","url":"https:\/\/socialdesignmagazine.com\/mag\/","name":"Social Design Magazine","description":"Social Magazine su Design, Architettura, Arte, Grafica","publisher":{"@id":"https:\/\/socialdesignmagazine.com\/mag\/#organization"},"potentialAction":[{"@type":"SearchAction","target":{"@type":"EntryPoint","urlTemplate":"https:\/\/socialdesignmagazine.com\/mag\/?s={search_term_string}"},"query-input":{"@type":"PropertyValueSpecification","valueRequired":true,"valueName":"search_term_string"}}],"inLanguage":"it-IT"},{"@type":"Organization","@id":"https:\/\/socialdesignmagazine.com\/mag\/#organization","name":"Social Design Magazine","url":"https:\/\/socialdesignmagazine.com\/mag\/","logo":{"@type":"ImageObject","inLanguage":"it-IT","@id":"https:\/\/socialdesignmagazine.com\/mag\/#\/schema\/logo\/image\/","url":"https:\/\/socialdesignmagazine.com\/mag\/wp-content\/uploads\/2017\/01\/logo_favicon_11.png","contentUrl":"https:\/\/socialdesignmagazine.com\/mag\/wp-content\/uploads\/2017\/01\/logo_favicon_11.png","width":1024,"height":1024,"caption":"Social Design Magazine"},"image":{"@id":"https:\/\/socialdesignmagazine.com\/mag\/#\/schema\/logo\/image\/"},"sameAs":["https:\/\/www.facebook.com\/socialdesignmag","https:\/\/x.com\/socialdesignmag","http:\/\/instagram.com\/social_design_magazine\/","http:\/\/pinterest.com\/socialdesignmag\/","http:\/\/www.youtube.com\/user\/socialdesignmagazine"]},{"@type":"Person","@id":"https:\/\/socialdesignmagazine.com\/mag\/#\/schema\/person\/a6504ba2c0a67a08787f38c0aac3f3dc","name":"Social Design Magazine","image":{"@type":"ImageObject","inLanguage":"it-IT","@id":"https:\/\/socialdesignmagazine.com\/mag\/wp-content\/uploads\/2017\/01\/logo_favicon_11-768x768.png","url":"https:\/\/socialdesignmagazine.com\/mag\/wp-content\/uploads\/2017\/01\/logo_favicon_11-768x768.png","contentUrl":"https:\/\/socialdesignmagazine.com\/mag\/wp-content\/uploads\/2017\/01\/logo_favicon_11-768x768.png","caption":"Social Design Magazine"},"description":"SOCIALDESIGNMAGAZINE.COM \u00c8 UN SOCIAL MAGAZINE ONLINE, UNO SPAZIO COLLABORATIVO APERTO A TUTTI I CREATIVI: DESIGNER, ARCHITETTI, GRAPHIC DESIGNER E ARTISTI, CON UN OCCHIO DI RIGUARDO PER I PROGETTISTI EMERGENTI.","sameAs":["https:\/\/socialdesignmagazine.com\/","https:\/\/x.com\/socialdesignmag","http:\/\/www.youtube.com\/user\/socialdesignmagazine"],"url":"https:\/\/socialdesignmagazine.com\/mag\/author\/socialdesignmagazine\/"}]}},"jetpack_featured_media_url":"https:\/\/socialdesignmagazine.com\/mag\/wp-content\/uploads\/2012\/11\/users_serena.idesignme_vertical_garden_quai_branly_museum_5-620x270.jpg","jetpack_sharing_enabled":true,"jetpack_shortlink":"https:\/\/wp.me\/p6cV7V-qV","gt_translate_keys":[{"key":"link","format":"url"}],"_links":{"self":[{"href":"https:\/\/socialdesignmagazine.com\/mag\/wp-json\/wp\/v2\/posts\/1669","targetHints":{"allow":["GET"]}}],"collection":[{"href":"https:\/\/socialdesignmagazine.com\/mag\/wp-json\/wp\/v2\/posts"}],"about":[{"href":"https:\/\/socialdesignmagazine.com\/mag\/wp-json\/wp\/v2\/types\/post"}],"author":[{"embeddable":true,"href":"https:\/\/socialdesignmagazine.com\/mag\/wp-json\/wp\/v2\/users\/29"}],"replies":[{"embeddable":true,"href":"https:\/\/socialdesignmagazine.com\/mag\/wp-json\/wp\/v2\/comments?post=1669"}],"version-history":[{"count":2,"href":"https:\/\/socialdesignmagazine.com\/mag\/wp-json\/wp\/v2\/posts\/1669\/revisions"}],"predecessor-version":[{"id":33873,"href":"https:\/\/socialdesignmagazine.com\/mag\/wp-json\/wp\/v2\/posts\/1669\/revisions\/33873"}],"wp:featuredmedia":[{"embeddable":true,"href":"https:\/\/socialdesignmagazine.com\/mag\/wp-json\/wp\/v2\/media\/9863"}],"wp:attachment":[{"href":"https:\/\/socialdesignmagazine.com\/mag\/wp-json\/wp\/v2\/media?parent=1669"}],"wp:term":[{"taxonomy":"category","embeddable":true,"href":"https:\/\/socialdesignmagazine.com\/mag\/wp-json\/wp\/v2\/categories?post=1669"},{"taxonomy":"post_tag","embeddable":true,"href":"https:\/\/socialdesignmagazine.com\/mag\/wp-json\/wp\/v2\/tags?post=1669"}],"curies":[{"name":"wp","href":"https:\/\/api.w.org\/{rel}","templated":true}]}}