{"id":1679,"date":"2012-11-09T20:30:00","date_gmt":"2012-11-09T19:30:00","guid":{"rendered":"https:\/\/socialdesignmagazine.com\/mag\/s6-design\/c35-design\/manital-design-e-innovazione-al-made-expo-2012\/"},"modified":"2024-05-20T15:37:04","modified_gmt":"2024-05-20T13:37:04","slug":"manital-design-e-innovazione-al-made-expo-2012","status":"publish","type":"post","link":"https:\/\/socialdesignmagazine.com\/mag\/design\/manital-design-e-innovazione-al-made-expo-2012\/","title":{"rendered":"MANITAL: design e innovazione al Made Expo 2012","gt_translate_keys":[{"key":"rendered","format":"text"}]},"content":{"rendered":"\n<p>A questa edizione 2012 del Made Expo, l&#8217;azienda di maniglie Manital presenta i suoi nuovi prodotti, caratterizzati da innovazione tecnologica e design, in uno stand totalmente rinnovato, progettato dall\u2019architetto e designer Mario Mazzer.<\/p>\n\n\n\n<p>La collaborazione con Mazzer, che ha gi\u00e0 portato alla creazione dei modelli Spoon, Preso e Alamaro, si rafforza quest\u2019anno con il progetto di una nuova maniglia, Clinia, e di due maniglie ad incasso per porte scorrevoli, Flat e Otto.<\/p>\n\n\n\n<p><strong>CLINIA<\/strong> \u00e8 una maniglia dalle linee squadrate e dalle proporzioni equilibrate che si distingue per l\u2019impugnatura inclinata verso il basso.<\/p>\n\n\n<div class=\"wp-block-image\">\n<figure class=\"aligncenter\"><img loading=\"lazy\" decoding=\"async\" width=\"720\" height=\"1018\" data-attachment-id=\"9923\" data-permalink=\"https:\/\/socialdesignmagazine.com\/mag\/design\/manital-design-e-innovazione-al-made-expo-2012\/attachment\/clinia-by-manital-1\/#content\" data-orig-file=\"https:\/\/socialdesignmagazine.com\/mag\/wp-content\/uploads\/2012\/11\/benedetto_manital_made_expo_2012_Clinia_by_Manital-1.jpg\" data-orig-size=\"720,1018\" data-comments-opened=\"1\" data-image-meta=\"{&quot;aperture&quot;:&quot;0&quot;,&quot;credit&quot;:&quot;&quot;,&quot;camera&quot;:&quot;&quot;,&quot;caption&quot;:&quot;&quot;,&quot;created_timestamp&quot;:&quot;0&quot;,&quot;copyright&quot;:&quot;&quot;,&quot;focal_length&quot;:&quot;0&quot;,&quot;iso&quot;:&quot;0&quot;,&quot;shutter_speed&quot;:&quot;0&quot;,&quot;title&quot;:&quot;&quot;,&quot;orientation&quot;:&quot;1&quot;}\" data-image-title=\"Clinia by Manital-1\" data-image-description=\"\" data-image-caption=\"\" data-medium-file=\"https:\/\/socialdesignmagazine.com\/mag\/wp-content\/uploads\/2012\/11\/benedetto_manital_made_expo_2012_Clinia_by_Manital-1-396x256.jpg\" data-large-file=\"https:\/\/socialdesignmagazine.com\/mag\/wp-content\/uploads\/2012\/11\/benedetto_manital_made_expo_2012_Clinia_by_Manital-1.jpg\" src=\"https:\/\/socialdesignmagazine.com\/mag\/wp-content\/uploads\/2012\/11\/benedetto_manital_made_expo_2012_Clinia_by_Manital-1.jpg\" alt=\"Clinia by Manital-1\" class=\"wp-image-9923\"\/><\/figure>\n<\/div>\n\n<div class=\"wp-block-image\">\n<figure class=\"aligncenter\"><img loading=\"lazy\" decoding=\"async\" width=\"720\" height=\"1018\" data-attachment-id=\"9924\" data-permalink=\"https:\/\/socialdesignmagazine.com\/mag\/design\/manital-design-e-innovazione-al-made-expo-2012\/attachment\/clinia-by-manital-2\/#content\" data-orig-file=\"https:\/\/socialdesignmagazine.com\/mag\/wp-content\/uploads\/2012\/11\/benedetto_manital_made_expo_2012_Clinia_by_Manital-2.jpg\" data-orig-size=\"720,1018\" data-comments-opened=\"1\" data-image-meta=\"{&quot;aperture&quot;:&quot;0&quot;,&quot;credit&quot;:&quot;&quot;,&quot;camera&quot;:&quot;&quot;,&quot;caption&quot;:&quot;&quot;,&quot;created_timestamp&quot;:&quot;0&quot;,&quot;copyright&quot;:&quot;&quot;,&quot;focal_length&quot;:&quot;0&quot;,&quot;iso&quot;:&quot;0&quot;,&quot;shutter_speed&quot;:&quot;0&quot;,&quot;title&quot;:&quot;&quot;,&quot;orientation&quot;:&quot;1&quot;}\" data-image-title=\"Clinia by Manital-2\" data-image-description=\"\" data-image-caption=\"\" data-medium-file=\"https:\/\/socialdesignmagazine.com\/mag\/wp-content\/uploads\/2012\/11\/benedetto_manital_made_expo_2012_Clinia_by_Manital-2-396x256.jpg\" data-large-file=\"https:\/\/socialdesignmagazine.com\/mag\/wp-content\/uploads\/2012\/11\/benedetto_manital_made_expo_2012_Clinia_by_Manital-2.jpg\" src=\"https:\/\/socialdesignmagazine.com\/mag\/wp-content\/uploads\/2012\/11\/benedetto_manital_made_expo_2012_Clinia_by_Manital-2.jpg\" alt=\"Clinia by Manital-2\" class=\"wp-image-9924\"\/><\/figure>\n<\/div>\n\n\n<p><strong>FLAT<\/strong> \u00e8 un innovativo sistema di maniglie a incasso per porte scorrevoli. In un&#8217;unica placca, che avvolge la porta su tre lati, sono integrate le funzioni di apertura e di chiusura.<\/p>\n\n\n<div class=\"wp-block-image\">\n<figure class=\"aligncenter\"><img loading=\"lazy\" decoding=\"async\" width=\"720\" height=\"465\" data-attachment-id=\"9925\" data-permalink=\"https:\/\/socialdesignmagazine.com\/mag\/design\/manital-design-e-innovazione-al-made-expo-2012\/attachment\/flat-by-manital\/#content\" data-orig-file=\"https:\/\/socialdesignmagazine.com\/mag\/wp-content\/uploads\/2012\/11\/benedetto_manital_made_expo_2012_Flat_by_Manital.jpg\" data-orig-size=\"720,465\" data-comments-opened=\"1\" data-image-meta=\"{&quot;aperture&quot;:&quot;0&quot;,&quot;credit&quot;:&quot;&quot;,&quot;camera&quot;:&quot;&quot;,&quot;caption&quot;:&quot;&quot;,&quot;created_timestamp&quot;:&quot;0&quot;,&quot;copyright&quot;:&quot;&quot;,&quot;focal_length&quot;:&quot;0&quot;,&quot;iso&quot;:&quot;0&quot;,&quot;shutter_speed&quot;:&quot;0&quot;,&quot;title&quot;:&quot;&quot;,&quot;orientation&quot;:&quot;1&quot;}\" data-image-title=\"Flat by Manital\" data-image-description=\"\" data-image-caption=\"\" data-medium-file=\"https:\/\/socialdesignmagazine.com\/mag\/wp-content\/uploads\/2012\/11\/benedetto_manital_made_expo_2012_Flat_by_Manital-396x256.jpg\" data-large-file=\"https:\/\/socialdesignmagazine.com\/mag\/wp-content\/uploads\/2012\/11\/benedetto_manital_made_expo_2012_Flat_by_Manital.jpg\" src=\"https:\/\/socialdesignmagazine.com\/mag\/wp-content\/uploads\/2012\/11\/benedetto_manital_made_expo_2012_Flat_by_Manital.jpg\" alt=\"Flat by Manital\" class=\"wp-image-9925\" srcset=\"https:\/\/socialdesignmagazine.com\/mag\/wp-content\/uploads\/2012\/11\/benedetto_manital_made_expo_2012_Flat_by_Manital.jpg 720w, https:\/\/socialdesignmagazine.com\/mag\/wp-content\/uploads\/2012\/11\/benedetto_manital_made_expo_2012_Flat_by_Manital-100x66.jpg 100w, https:\/\/socialdesignmagazine.com\/mag\/wp-content\/uploads\/2012\/11\/benedetto_manital_made_expo_2012_Flat_by_Manital-396x256.jpg 396w\" sizes=\"auto, (max-width: 720px) 100vw, 720px\" \/><\/figure>\n<\/div>\n\n\n<p><strong>OTTO<\/strong> \u00e8 una maniglia a incasso per porte scorrevoli caratterizzata da un disegno a \u201cotto\u201d che deriva dalla compenetrazione di due cerchi, quello superiore in cui \u00e8 collocata la funzione di apertura e quello inferiore per la chiusura.<\/p>\n\n\n<div class=\"wp-block-image\">\n<figure class=\"aligncenter\"><img loading=\"lazy\" decoding=\"async\" width=\"720\" height=\"414\" data-attachment-id=\"9926\" data-permalink=\"https:\/\/socialdesignmagazine.com\/mag\/design\/manital-design-e-innovazione-al-made-expo-2012\/attachment\/otto-by-manital\/#content\" data-orig-file=\"https:\/\/socialdesignmagazine.com\/mag\/wp-content\/uploads\/2012\/11\/benedetto_manital_made_expo_2012_Otto_by_Manital-.jpg\" data-orig-size=\"720,414\" data-comments-opened=\"1\" data-image-meta=\"{&quot;aperture&quot;:&quot;2&quot;,&quot;credit&quot;:&quot;&quot;,&quot;camera&quot;:&quot;Ixpress 96 - Mamiya RZ67&quot;,&quot;caption&quot;:&quot;Manital 055&quot;,&quot;created_timestamp&quot;:&quot;1349355183&quot;,&quot;copyright&quot;:&quot;&quot;,&quot;focal_length&quot;:&quot;0&quot;,&quot;iso&quot;:&quot;50&quot;,&quot;shutter_speed&quot;:&quot;0.125&quot;,&quot;title&quot;:&quot;Manital 055&quot;,&quot;orientation&quot;:&quot;1&quot;}\" data-image-title=\"Otto by Manital-\" data-image-description=\"\" data-image-caption=\"\" data-medium-file=\"https:\/\/socialdesignmagazine.com\/mag\/wp-content\/uploads\/2012\/11\/benedetto_manital_made_expo_2012_Otto_by_Manital--396x256.jpg\" data-large-file=\"https:\/\/socialdesignmagazine.com\/mag\/wp-content\/uploads\/2012\/11\/benedetto_manital_made_expo_2012_Otto_by_Manital-.jpg\" src=\"https:\/\/socialdesignmagazine.com\/mag\/wp-content\/uploads\/2012\/11\/benedetto_manital_made_expo_2012_Otto_by_Manital-.jpg\" alt=\"Otto by Manital-\" class=\"wp-image-9926\"\/><\/figure>\n<\/div>\n\n<div class=\"wp-block-image\">\n<figure class=\"aligncenter\"><img loading=\"lazy\" decoding=\"async\" width=\"720\" height=\"414\" data-attachment-id=\"9927\" data-permalink=\"https:\/\/socialdesignmagazine.com\/mag\/design\/manital-design-e-innovazione-al-made-expo-2012\/attachment\/otto-by-manital-2\/#content\" data-orig-file=\"https:\/\/socialdesignmagazine.com\/mag\/wp-content\/uploads\/2012\/11\/benedetto_manital_made_expo_2012_Otto_by_Manital-2.jpg\" data-orig-size=\"720,414\" data-comments-opened=\"1\" data-image-meta=\"{&quot;aperture&quot;:&quot;2&quot;,&quot;credit&quot;:&quot;&quot;,&quot;camera&quot;:&quot;Ixpress 96 - Mamiya RZ67&quot;,&quot;caption&quot;:&quot;Manital 055&quot;,&quot;created_timestamp&quot;:&quot;1349355183&quot;,&quot;copyright&quot;:&quot;&quot;,&quot;focal_length&quot;:&quot;0&quot;,&quot;iso&quot;:&quot;50&quot;,&quot;shutter_speed&quot;:&quot;0.125&quot;,&quot;title&quot;:&quot;Manital 055&quot;,&quot;orientation&quot;:&quot;1&quot;}\" data-image-title=\"Otto by Manital-2\" data-image-description=\"\" data-image-caption=\"\" data-medium-file=\"https:\/\/socialdesignmagazine.com\/mag\/wp-content\/uploads\/2012\/11\/benedetto_manital_made_expo_2012_Otto_by_Manital-2-396x256.jpg\" data-large-file=\"https:\/\/socialdesignmagazine.com\/mag\/wp-content\/uploads\/2012\/11\/benedetto_manital_made_expo_2012_Otto_by_Manital-2.jpg\" src=\"https:\/\/socialdesignmagazine.com\/mag\/wp-content\/uploads\/2012\/11\/benedetto_manital_made_expo_2012_Otto_by_Manital-2.jpg\" alt=\"Otto by Manital-2\" class=\"wp-image-9927\"\/><\/figure>\n<\/div>\n\n\n<p>per maggiori informazioni: <a target=\"_blank\" class=\"jcepopup\" rel=\"nofollow noopener\" href=\"http:\/\/www.manital.com\">www.manital.com<\/a><\/p>\n","protected":false,"gt_translate_keys":[{"key":"rendered","format":"html"}]},"excerpt":{"rendered":"<p>A questa edizione 2012 del Made Expo, l&#8217;azienda di maniglie Manital presenta i suoi nuovi prodotti, caratterizzati da innovazione tecnologica e design, in uno stand totalmente rinnovato, progettato dall\u2019architetto e designer Mario Mazzer.<\/p>\n","protected":false,"gt_translate_keys":[{"key":"rendered","format":"html"}]},"author":1,"featured_media":9922,"comment_status":"open","ping_status":"open","sticky":false,"template":"","format":"standard","meta":{"jetpack_post_was_ever_published":false,"_jetpack_newsletter_access":"","_jetpack_dont_email_post_to_subs":false,"_jetpack_newsletter_tier_id":0,"_jetpack_memberships_contains_paywalled_content":false,"_jetpack_memberships_contains_paid_content":false,"footnotes":"","_wpscppro_dont_share_socialmedia":false,"_wpscppro_custom_social_share_image":0,"_facebook_share_type":"","_twitter_share_type":"","_linkedin_share_type":"","_pinterest_share_type":"","_linkedin_share_type_page":"","_instagram_share_type":"","_medium_share_type":"","_threads_share_type":"","_google_business_share_type":"","_selected_social_profile":[],"_wpsp_enable_custom_social_template":false,"_wpsp_social_scheduling":{"enabled":false,"datetime":null,"platforms":[],"status":"template_only","dateOption":"today","timeOption":"now","customDays":"","customHours":"","customDate":"","customTime":"","schedulingType":"absolute"},"_wpsp_active_default_template":true},"categories":[13],"tags":[2680],"class_list":["post-1679","post","type-post","status-publish","format-standard","has-post-thumbnail","hentry","category-design","tag-maniglie"],"yoast_head":"<!-- This site is optimized with the Yoast SEO plugin v27.2 - https:\/\/yoast.com\/product\/yoast-seo-wordpress\/ -->\n<title>MANITAL: design e innovazione al Made Expo 2012 - Social Design Magazine<\/title>\n<meta name=\"description\" content=\"A questa edizione 2012 del Made Expo, l&#039;azienda di maniglie Manital presenta i suoi nuovi prodotti, caratterizzati da innovazione tecnologica e design, in uno stand totalmente rinnovato, progettato dall\u2019architetto e designer Mario Mazzer.\" \/>\n<meta name=\"robots\" content=\"index, follow, max-snippet:-1, max-image-preview:large, max-video-preview:-1\" \/>\n<link rel=\"canonical\" href=\"https:\/\/socialdesignmagazine.com\/mag\/design\/manital-design-e-innovazione-al-made-expo-2012\/\" \/>\n<meta property=\"og:locale\" content=\"it_IT\" \/>\n<meta property=\"og:type\" content=\"article\" \/>\n<meta property=\"og:title\" content=\"MANITAL: design e innovazione al Made Expo 2012 - Social Design Magazine\" \/>\n<meta property=\"og:description\" content=\"A questa edizione 2012 del Made Expo, l&#039;azienda di maniglie Manital presenta i suoi nuovi prodotti, caratterizzati da innovazione tecnologica e design, in uno stand totalmente rinnovato, progettato dall\u2019architetto e designer Mario Mazzer.\" \/>\n<meta property=\"og:url\" content=\"http:\/\/socialdesignmagazine.com\/mag\/design\/manital-design-e-innovazione-al-made-expo-2012\/\" \/>\n<meta property=\"og:site_name\" content=\"Social Design Magazine\" \/>\n<meta property=\"article:publisher\" content=\"https:\/\/www.facebook.com\/socialdesignmag\" \/>\n<meta property=\"article:author\" content=\"https:\/\/www.facebook.com\/benedettofiori\" \/>\n<meta property=\"article:published_time\" content=\"2012-11-09T19:30:00+00:00\" \/>\n<meta property=\"article:modified_time\" content=\"2024-05-20T13:37:04+00:00\" \/>\n<meta property=\"og:image\" content=\"https:\/\/socialdesignmagazine.com\/mag\/wp-content\/uploads\/2012\/11\/benedetto_manital_made_expo_2012_Flat_by_Manital-1.jpg\" \/>\n\t<meta property=\"og:image:width\" content=\"720\" \/>\n\t<meta property=\"og:image:height\" content=\"720\" \/>\n\t<meta property=\"og:image:type\" content=\"image\/jpeg\" \/>\n<meta name=\"author\" content=\"Benedetto Fiori\" \/>\n<meta name=\"twitter:card\" content=\"summary_large_image\" \/>\n<meta name=\"twitter:creator\" content=\"@benedettofiori\" \/>\n<meta name=\"twitter:site\" content=\"@socialdesignmag\" \/>\n<meta name=\"twitter:label1\" content=\"Scritto da\" \/>\n\t<meta name=\"twitter:data1\" content=\"Benedetto Fiori\" \/>\n\t<meta name=\"twitter:label2\" content=\"Tempo di lettura stimato\" \/>\n\t<meta name=\"twitter:data2\" content=\"3 minuti\" \/>\n<script type=\"application\/ld+json\" class=\"yoast-schema-graph\">{\"@context\":\"https:\/\/schema.org\",\"@graph\":[{\"@type\":\"Article\",\"@id\":\"https:\/\/socialdesignmagazine.com\/mag\/design\/manital-design-e-innovazione-al-made-expo-2012\/#article\",\"isPartOf\":{\"@id\":\"https:\/\/socialdesignmagazine.com\/mag\/design\/manital-design-e-innovazione-al-made-expo-2012\/\"},\"author\":{\"name\":\"Benedetto Fiori\",\"@id\":\"https:\/\/socialdesignmagazine.com\/mag\/#\/schema\/person\/61e20205cc363c315e6aabd33a045846\"},\"headline\":\"MANITAL: design e innovazione al Made Expo 2012\",\"datePublished\":\"2012-11-09T19:30:00+00:00\",\"dateModified\":\"2024-05-20T13:37:04+00:00\",\"mainEntityOfPage\":{\"@id\":\"https:\/\/socialdesignmagazine.com\/mag\/design\/manital-design-e-innovazione-al-made-expo-2012\/\"},\"wordCount\":174,\"commentCount\":0,\"publisher\":{\"@id\":\"https:\/\/socialdesignmagazine.com\/mag\/#organization\"},\"image\":{\"@id\":\"https:\/\/socialdesignmagazine.com\/mag\/design\/manital-design-e-innovazione-al-made-expo-2012\/#primaryimage\"},\"thumbnailUrl\":\"https:\/\/socialdesignmagazine.com\/mag\/wp-content\/uploads\/2012\/11\/benedetto_manital_made_expo_2012_Flat_by_Manital-1.jpg\",\"keywords\":[\"maniglie\"],\"articleSection\":[\"Design\"],\"inLanguage\":\"it-IT\",\"potentialAction\":[{\"@type\":\"CommentAction\",\"name\":\"Comment\",\"target\":[\"https:\/\/socialdesignmagazine.com\/mag\/design\/manital-design-e-innovazione-al-made-expo-2012\/#respond\"]}]},{\"@type\":\"WebPage\",\"@id\":\"https:\/\/socialdesignmagazine.com\/mag\/design\/manital-design-e-innovazione-al-made-expo-2012\/\",\"url\":\"https:\/\/socialdesignmagazine.com\/mag\/design\/manital-design-e-innovazione-al-made-expo-2012\/\",\"name\":\"MANITAL: design e innovazione al Made Expo 2012 - Social Design Magazine\",\"isPartOf\":{\"@id\":\"https:\/\/socialdesignmagazine.com\/mag\/#website\"},\"primaryImageOfPage\":{\"@id\":\"https:\/\/socialdesignmagazine.com\/mag\/design\/manital-design-e-innovazione-al-made-expo-2012\/#primaryimage\"},\"image\":{\"@id\":\"https:\/\/socialdesignmagazine.com\/mag\/design\/manital-design-e-innovazione-al-made-expo-2012\/#primaryimage\"},\"thumbnailUrl\":\"https:\/\/socialdesignmagazine.com\/mag\/wp-content\/uploads\/2012\/11\/benedetto_manital_made_expo_2012_Flat_by_Manital-1.jpg\",\"datePublished\":\"2012-11-09T19:30:00+00:00\",\"dateModified\":\"2024-05-20T13:37:04+00:00\",\"description\":\"A questa edizione 2012 del Made Expo, l'azienda di maniglie Manital presenta i suoi nuovi prodotti, caratterizzati da innovazione tecnologica e design, in uno stand totalmente rinnovato, progettato dall\u2019architetto e designer Mario Mazzer.\",\"breadcrumb\":{\"@id\":\"https:\/\/socialdesignmagazine.com\/mag\/design\/manital-design-e-innovazione-al-made-expo-2012\/#breadcrumb\"},\"inLanguage\":\"it-IT\",\"potentialAction\":[{\"@type\":\"ReadAction\",\"target\":[\"https:\/\/socialdesignmagazine.com\/mag\/design\/manital-design-e-innovazione-al-made-expo-2012\/\"]}]},{\"@type\":\"ImageObject\",\"inLanguage\":\"it-IT\",\"@id\":\"https:\/\/socialdesignmagazine.com\/mag\/design\/manital-design-e-innovazione-al-made-expo-2012\/#primaryimage\",\"url\":\"https:\/\/socialdesignmagazine.com\/mag\/wp-content\/uploads\/2012\/11\/benedetto_manital_made_expo_2012_Flat_by_Manital-1.jpg\",\"contentUrl\":\"https:\/\/socialdesignmagazine.com\/mag\/wp-content\/uploads\/2012\/11\/benedetto_manital_made_expo_2012_Flat_by_Manital-1.jpg\",\"width\":720,\"height\":720,\"caption\":\"Flat by Manital-1\"},{\"@type\":\"BreadcrumbList\",\"@id\":\"https:\/\/socialdesignmagazine.com\/mag\/design\/manital-design-e-innovazione-al-made-expo-2012\/#breadcrumb\",\"itemListElement\":[{\"@type\":\"ListItem\",\"position\":1,\"name\":\"Home\",\"item\":\"https:\/\/socialdesignmagazine.com\/mag\/\"},{\"@type\":\"ListItem\",\"position\":2,\"name\":\"Design\",\"item\":\"https:\/\/socialdesignmagazine.com\/mag\/design\/\"},{\"@type\":\"ListItem\",\"position\":3,\"name\":\"MANITAL: design e innovazione al Made Expo 2012\"}]},{\"@type\":\"WebSite\",\"@id\":\"https:\/\/socialdesignmagazine.com\/mag\/#website\",\"url\":\"https:\/\/socialdesignmagazine.com\/mag\/\",\"name\":\"Social Design Magazine\",\"description\":\"Social Magazine su Design, Architettura, Arte, Grafica\",\"publisher\":{\"@id\":\"https:\/\/socialdesignmagazine.com\/mag\/#organization\"},\"potentialAction\":[{\"@type\":\"SearchAction\",\"target\":{\"@type\":\"EntryPoint\",\"urlTemplate\":\"https:\/\/socialdesignmagazine.com\/mag\/?s={search_term_string}\"},\"query-input\":{\"@type\":\"PropertyValueSpecification\",\"valueRequired\":true,\"valueName\":\"search_term_string\"}}],\"inLanguage\":\"it-IT\"},{\"@type\":\"Organization\",\"@id\":\"https:\/\/socialdesignmagazine.com\/mag\/#organization\",\"name\":\"Social Design Magazine\",\"url\":\"https:\/\/socialdesignmagazine.com\/mag\/\",\"logo\":{\"@type\":\"ImageObject\",\"inLanguage\":\"it-IT\",\"@id\":\"https:\/\/socialdesignmagazine.com\/mag\/#\/schema\/logo\/image\/\",\"url\":\"https:\/\/socialdesignmagazine.com\/mag\/wp-content\/uploads\/2017\/01\/logo_favicon_11.png\",\"contentUrl\":\"https:\/\/socialdesignmagazine.com\/mag\/wp-content\/uploads\/2017\/01\/logo_favicon_11.png\",\"width\":1024,\"height\":1024,\"caption\":\"Social Design Magazine\"},\"image\":{\"@id\":\"https:\/\/socialdesignmagazine.com\/mag\/#\/schema\/logo\/image\/\"},\"sameAs\":[\"https:\/\/www.facebook.com\/socialdesignmag\",\"https:\/\/x.com\/socialdesignmag\",\"http:\/\/instagram.com\/social_design_magazine\/\",\"http:\/\/pinterest.com\/socialdesignmag\/\",\"http:\/\/www.youtube.com\/user\/socialdesignmagazine\"]},{\"@type\":\"Person\",\"@id\":\"https:\/\/socialdesignmagazine.com\/mag\/#\/schema\/person\/61e20205cc363c315e6aabd33a045846\",\"name\":\"Benedetto Fiori\",\"image\":{\"@type\":\"ImageObject\",\"inLanguage\":\"it-IT\",\"@id\":\"https:\/\/secure.gravatar.com\/avatar\/450a48cefa36da63d920ad70aa660bd10725b1c6093800242e5efdb397759033?s=96&d=mm&r=g\",\"url\":\"https:\/\/secure.gravatar.com\/avatar\/450a48cefa36da63d920ad70aa660bd10725b1c6093800242e5efdb397759033?s=96&d=mm&r=g\",\"contentUrl\":\"https:\/\/secure.gravatar.com\/avatar\/450a48cefa36da63d920ad70aa660bd10725b1c6093800242e5efdb397759033?s=96&d=mm&r=g\",\"caption\":\"Benedetto Fiori\"},\"description\":\"Web | Twitter | Facebook | Shutterstock Founder &amp; Editor in Chief di Social Design Magazine. Attratto da sempre da tutto ci\u00f2 che \u00e8 creativit\u00e0, design, architettura. Dopo aver studiato Architettura all'Universit\u00e0 di Firenze, si \u00e8 impegnato in molteplici campi: comunicazione grafica, progettazione di allestimenti fieristici, brand design, Interior Design.\",\"sameAs\":[\"http:\/\/benedettofiori.com\",\"https:\/\/www.facebook.com\/benedettofiori\",\"https:\/\/x.com\/benedettofiori\"],\"url\":\"https:\/\/socialdesignmagazine.com\/mag\/author\/benedetto\/\"}]}<\/script>\n<!-- \/ Yoast SEO plugin. -->","yoast_head_json":{"title":"MANITAL: design e innovazione al Made Expo 2012 - Social Design Magazine","description":"A questa edizione 2012 del Made Expo, l'azienda di maniglie Manital presenta i suoi nuovi prodotti, caratterizzati da innovazione tecnologica e design, in uno stand totalmente rinnovato, progettato dall\u2019architetto e designer Mario Mazzer.","robots":{"index":"index","follow":"follow","max-snippet":"max-snippet:-1","max-image-preview":"max-image-preview:large","max-video-preview":"max-video-preview:-1"},"canonical":"https:\/\/socialdesignmagazine.com\/mag\/design\/manital-design-e-innovazione-al-made-expo-2012\/","og_locale":"it_IT","og_type":"article","og_title":"MANITAL: design e innovazione al Made Expo 2012 - Social Design Magazine","og_description":"A questa edizione 2012 del Made Expo, l'azienda di maniglie Manital presenta i suoi nuovi prodotti, caratterizzati da innovazione tecnologica e design, in uno stand totalmente rinnovato, progettato dall\u2019architetto e designer Mario Mazzer.","og_url":"http:\/\/socialdesignmagazine.com\/mag\/design\/manital-design-e-innovazione-al-made-expo-2012\/","og_site_name":"Social Design Magazine","article_publisher":"https:\/\/www.facebook.com\/socialdesignmag","article_author":"https:\/\/www.facebook.com\/benedettofiori","article_published_time":"2012-11-09T19:30:00+00:00","article_modified_time":"2024-05-20T13:37:04+00:00","og_image":[{"width":720,"height":720,"url":"https:\/\/socialdesignmagazine.com\/mag\/wp-content\/uploads\/2012\/11\/benedetto_manital_made_expo_2012_Flat_by_Manital-1.jpg","type":"image\/jpeg"}],"author":"Benedetto Fiori","twitter_card":"summary_large_image","twitter_creator":"@benedettofiori","twitter_site":"@socialdesignmag","twitter_misc":{"Scritto da":"Benedetto Fiori","Tempo di lettura stimato":"3 minuti"},"schema":{"@context":"https:\/\/schema.org","@graph":[{"@type":"Article","@id":"https:\/\/socialdesignmagazine.com\/mag\/design\/manital-design-e-innovazione-al-made-expo-2012\/#article","isPartOf":{"@id":"https:\/\/socialdesignmagazine.com\/mag\/design\/manital-design-e-innovazione-al-made-expo-2012\/"},"author":{"name":"Benedetto Fiori","@id":"https:\/\/socialdesignmagazine.com\/mag\/#\/schema\/person\/61e20205cc363c315e6aabd33a045846"},"headline":"MANITAL: design e innovazione al Made Expo 2012","datePublished":"2012-11-09T19:30:00+00:00","dateModified":"2024-05-20T13:37:04+00:00","mainEntityOfPage":{"@id":"https:\/\/socialdesignmagazine.com\/mag\/design\/manital-design-e-innovazione-al-made-expo-2012\/"},"wordCount":174,"commentCount":0,"publisher":{"@id":"https:\/\/socialdesignmagazine.com\/mag\/#organization"},"image":{"@id":"https:\/\/socialdesignmagazine.com\/mag\/design\/manital-design-e-innovazione-al-made-expo-2012\/#primaryimage"},"thumbnailUrl":"https:\/\/socialdesignmagazine.com\/mag\/wp-content\/uploads\/2012\/11\/benedetto_manital_made_expo_2012_Flat_by_Manital-1.jpg","keywords":["maniglie"],"articleSection":["Design"],"inLanguage":"it-IT","potentialAction":[{"@type":"CommentAction","name":"Comment","target":["https:\/\/socialdesignmagazine.com\/mag\/design\/manital-design-e-innovazione-al-made-expo-2012\/#respond"]}]},{"@type":"WebPage","@id":"https:\/\/socialdesignmagazine.com\/mag\/design\/manital-design-e-innovazione-al-made-expo-2012\/","url":"https:\/\/socialdesignmagazine.com\/mag\/design\/manital-design-e-innovazione-al-made-expo-2012\/","name":"MANITAL: design e innovazione al Made Expo 2012 - Social Design Magazine","isPartOf":{"@id":"https:\/\/socialdesignmagazine.com\/mag\/#website"},"primaryImageOfPage":{"@id":"https:\/\/socialdesignmagazine.com\/mag\/design\/manital-design-e-innovazione-al-made-expo-2012\/#primaryimage"},"image":{"@id":"https:\/\/socialdesignmagazine.com\/mag\/design\/manital-design-e-innovazione-al-made-expo-2012\/#primaryimage"},"thumbnailUrl":"https:\/\/socialdesignmagazine.com\/mag\/wp-content\/uploads\/2012\/11\/benedetto_manital_made_expo_2012_Flat_by_Manital-1.jpg","datePublished":"2012-11-09T19:30:00+00:00","dateModified":"2024-05-20T13:37:04+00:00","description":"A questa edizione 2012 del Made Expo, l'azienda di maniglie Manital presenta i suoi nuovi prodotti, caratterizzati da innovazione tecnologica e design, in uno stand totalmente rinnovato, progettato dall\u2019architetto e designer Mario Mazzer.","breadcrumb":{"@id":"https:\/\/socialdesignmagazine.com\/mag\/design\/manital-design-e-innovazione-al-made-expo-2012\/#breadcrumb"},"inLanguage":"it-IT","potentialAction":[{"@type":"ReadAction","target":["https:\/\/socialdesignmagazine.com\/mag\/design\/manital-design-e-innovazione-al-made-expo-2012\/"]}]},{"@type":"ImageObject","inLanguage":"it-IT","@id":"https:\/\/socialdesignmagazine.com\/mag\/design\/manital-design-e-innovazione-al-made-expo-2012\/#primaryimage","url":"https:\/\/socialdesignmagazine.com\/mag\/wp-content\/uploads\/2012\/11\/benedetto_manital_made_expo_2012_Flat_by_Manital-1.jpg","contentUrl":"https:\/\/socialdesignmagazine.com\/mag\/wp-content\/uploads\/2012\/11\/benedetto_manital_made_expo_2012_Flat_by_Manital-1.jpg","width":720,"height":720,"caption":"Flat by Manital-1"},{"@type":"BreadcrumbList","@id":"https:\/\/socialdesignmagazine.com\/mag\/design\/manital-design-e-innovazione-al-made-expo-2012\/#breadcrumb","itemListElement":[{"@type":"ListItem","position":1,"name":"Home","item":"https:\/\/socialdesignmagazine.com\/mag\/"},{"@type":"ListItem","position":2,"name":"Design","item":"https:\/\/socialdesignmagazine.com\/mag\/design\/"},{"@type":"ListItem","position":3,"name":"MANITAL: design e innovazione al Made Expo 2012"}]},{"@type":"WebSite","@id":"https:\/\/socialdesignmagazine.com\/mag\/#website","url":"https:\/\/socialdesignmagazine.com\/mag\/","name":"Social Design Magazine","description":"Social Magazine su Design, Architettura, Arte, Grafica","publisher":{"@id":"https:\/\/socialdesignmagazine.com\/mag\/#organization"},"potentialAction":[{"@type":"SearchAction","target":{"@type":"EntryPoint","urlTemplate":"https:\/\/socialdesignmagazine.com\/mag\/?s={search_term_string}"},"query-input":{"@type":"PropertyValueSpecification","valueRequired":true,"valueName":"search_term_string"}}],"inLanguage":"it-IT"},{"@type":"Organization","@id":"https:\/\/socialdesignmagazine.com\/mag\/#organization","name":"Social Design Magazine","url":"https:\/\/socialdesignmagazine.com\/mag\/","logo":{"@type":"ImageObject","inLanguage":"it-IT","@id":"https:\/\/socialdesignmagazine.com\/mag\/#\/schema\/logo\/image\/","url":"https:\/\/socialdesignmagazine.com\/mag\/wp-content\/uploads\/2017\/01\/logo_favicon_11.png","contentUrl":"https:\/\/socialdesignmagazine.com\/mag\/wp-content\/uploads\/2017\/01\/logo_favicon_11.png","width":1024,"height":1024,"caption":"Social Design Magazine"},"image":{"@id":"https:\/\/socialdesignmagazine.com\/mag\/#\/schema\/logo\/image\/"},"sameAs":["https:\/\/www.facebook.com\/socialdesignmag","https:\/\/x.com\/socialdesignmag","http:\/\/instagram.com\/social_design_magazine\/","http:\/\/pinterest.com\/socialdesignmag\/","http:\/\/www.youtube.com\/user\/socialdesignmagazine"]},{"@type":"Person","@id":"https:\/\/socialdesignmagazine.com\/mag\/#\/schema\/person\/61e20205cc363c315e6aabd33a045846","name":"Benedetto Fiori","image":{"@type":"ImageObject","inLanguage":"it-IT","@id":"https:\/\/secure.gravatar.com\/avatar\/450a48cefa36da63d920ad70aa660bd10725b1c6093800242e5efdb397759033?s=96&d=mm&r=g","url":"https:\/\/secure.gravatar.com\/avatar\/450a48cefa36da63d920ad70aa660bd10725b1c6093800242e5efdb397759033?s=96&d=mm&r=g","contentUrl":"https:\/\/secure.gravatar.com\/avatar\/450a48cefa36da63d920ad70aa660bd10725b1c6093800242e5efdb397759033?s=96&d=mm&r=g","caption":"Benedetto Fiori"},"description":"Web | Twitter | Facebook | Shutterstock Founder &amp; Editor in Chief di Social Design Magazine. Attratto da sempre da tutto ci\u00f2 che \u00e8 creativit\u00e0, design, architettura. Dopo aver studiato Architettura all'Universit\u00e0 di Firenze, si \u00e8 impegnato in molteplici campi: comunicazione grafica, progettazione di allestimenti fieristici, brand design, Interior Design.","sameAs":["http:\/\/benedettofiori.com","https:\/\/www.facebook.com\/benedettofiori","https:\/\/x.com\/benedettofiori"],"url":"https:\/\/socialdesignmagazine.com\/mag\/author\/benedetto\/"}]}},"jetpack_featured_media_url":"https:\/\/socialdesignmagazine.com\/mag\/wp-content\/uploads\/2012\/11\/benedetto_manital_made_expo_2012_Flat_by_Manital-1.jpg","jetpack_sharing_enabled":true,"jetpack_shortlink":"https:\/\/wp.me\/p6cV7V-r5","gt_translate_keys":[{"key":"link","format":"url"}],"_links":{"self":[{"href":"https:\/\/socialdesignmagazine.com\/mag\/wp-json\/wp\/v2\/posts\/1679","targetHints":{"allow":["GET"]}}],"collection":[{"href":"https:\/\/socialdesignmagazine.com\/mag\/wp-json\/wp\/v2\/posts"}],"about":[{"href":"https:\/\/socialdesignmagazine.com\/mag\/wp-json\/wp\/v2\/types\/post"}],"author":[{"embeddable":true,"href":"https:\/\/socialdesignmagazine.com\/mag\/wp-json\/wp\/v2\/users\/1"}],"replies":[{"embeddable":true,"href":"https:\/\/socialdesignmagazine.com\/mag\/wp-json\/wp\/v2\/comments?post=1679"}],"version-history":[{"count":1,"href":"https:\/\/socialdesignmagazine.com\/mag\/wp-json\/wp\/v2\/posts\/1679\/revisions"}],"predecessor-version":[{"id":60686,"href":"https:\/\/socialdesignmagazine.com\/mag\/wp-json\/wp\/v2\/posts\/1679\/revisions\/60686"}],"wp:featuredmedia":[{"embeddable":true,"href":"https:\/\/socialdesignmagazine.com\/mag\/wp-json\/wp\/v2\/media\/9922"}],"wp:attachment":[{"href":"https:\/\/socialdesignmagazine.com\/mag\/wp-json\/wp\/v2\/media?parent=1679"}],"wp:term":[{"taxonomy":"category","embeddable":true,"href":"https:\/\/socialdesignmagazine.com\/mag\/wp-json\/wp\/v2\/categories?post=1679"},{"taxonomy":"post_tag","embeddable":true,"href":"https:\/\/socialdesignmagazine.com\/mag\/wp-json\/wp\/v2\/tags?post=1679"}],"curies":[{"name":"wp","href":"https:\/\/api.w.org\/{rel}","templated":true}]}}