{"id":1735,"date":"2012-12-19T19:00:00","date_gmt":"2012-12-19T18:00:00","guid":{"rendered":"https:\/\/socialdesignmagazine.com\/mag\/s5-architettura\/c34-architettura\/frank-owen-gehry-museo-guggenhaim-di-bilbao\/"},"modified":"2024-05-21T21:37:45","modified_gmt":"2024-05-21T19:37:45","slug":"frank-owen-gehry-museo-guggenhaim-di-bilbao","status":"publish","type":"post","link":"https:\/\/socialdesignmagazine.com\/mag\/architettura\/frank-owen-gehry-museo-guggenhaim-di-bilbao\/","title":{"rendered":"Frank Owen Gehry \/ Museo Guggenhaim di Bilbao","gt_translate_keys":[{"key":"rendered","format":"text"}]},"content":{"rendered":"\n<p>Quando si parla di grandiose opere di architettura non si pu\u00f2 non parlare del Museo Guggenheim di Bilbao, Spagna, disegnato da Frank Owen Gerhy, non solo per la sua spettacolarit\u00e0 e la sua tecnologia all\u2019avanguardia, ma perch\u00e9 \u00e8 stato protagonista di una svolta epocale, quella del passaggio all\u2019era digitale.<\/p>\n\n\n\n<p>Infatti, per stessa ammissione del suo autore, questo museo fu ideato, progettato e realizzato ricorrendo alla modellazione digitale, con l\u2019aiuto di avanzatissimi software informatici che sono riusciti a trasformare l\u2019utopia in realt\u00e0.<\/p>\n\n\n<div class=\"wp-block-image\">\n<figure class=\"aligncenter\"><img loading=\"lazy\" decoding=\"async\" width=\"720\" height=\"480\" data-attachment-id=\"10217\" data-permalink=\"https:\/\/socialdesignmagazine.com\/mag\/architettura\/frank-owen-gehry-museo-guggenhaim-di-bilbao\/attachment\/frank-gerhy-guggenheim-bilbao-14\/#content\" data-orig-file=\"https:\/\/socialdesignmagazine.com\/mag\/wp-content\/uploads\/2012\/12\/users_Arch._Maria_Chiara_guggenheim_bilbao_frank_gerhy_guggenheim_bilbao_14.jpg\" data-orig-size=\"720,480\" data-comments-opened=\"1\" data-image-meta=\"{&quot;aperture&quot;:&quot;0&quot;,&quot;credit&quot;:&quot;&quot;,&quot;camera&quot;:&quot;&quot;,&quot;caption&quot;:&quot;&quot;,&quot;created_timestamp&quot;:&quot;0&quot;,&quot;copyright&quot;:&quot;&quot;,&quot;focal_length&quot;:&quot;0&quot;,&quot;iso&quot;:&quot;0&quot;,&quot;shutter_speed&quot;:&quot;0&quot;,&quot;title&quot;:&quot;&quot;,&quot;orientation&quot;:&quot;0&quot;}\" data-image-title=\"frank gerhy guggenheim bilbao 14\" data-image-description=\"\" data-image-caption=\"\" data-medium-file=\"https:\/\/socialdesignmagazine.com\/mag\/wp-content\/uploads\/2012\/12\/users_Arch._Maria_Chiara_guggenheim_bilbao_frank_gerhy_guggenheim_bilbao_14-396x256.jpg\" data-large-file=\"https:\/\/socialdesignmagazine.com\/mag\/wp-content\/uploads\/2012\/12\/users_Arch._Maria_Chiara_guggenheim_bilbao_frank_gerhy_guggenheim_bilbao_14.jpg\" src=\"https:\/\/socialdesignmagazine.com\/mag\/wp-content\/uploads\/2012\/12\/users_Arch._Maria_Chiara_guggenheim_bilbao_frank_gerhy_guggenheim_bilbao_14.jpg\" alt=\"frank gerhy guggenheim bilbao 14\" class=\"wp-image-10217\" srcset=\"https:\/\/socialdesignmagazine.com\/mag\/wp-content\/uploads\/2012\/12\/users_Arch._Maria_Chiara_guggenheim_bilbao_frank_gerhy_guggenheim_bilbao_14.jpg 720w, https:\/\/socialdesignmagazine.com\/mag\/wp-content\/uploads\/2012\/12\/users_Arch._Maria_Chiara_guggenheim_bilbao_frank_gerhy_guggenheim_bilbao_14-100x66.jpg 100w\" sizes=\"auto, (max-width: 720px) 100vw, 720px\" \/><\/figure>\n<\/div>\n\n\n<p>Il museo, sin dalla sua costruzione, ricevette numerose critiche, per l\u2019elevato costo sia di realizzazione che di mantenimento, a causa dell\u2019umidit\u00e0 che avrebbe attaccato il titanio di cui sarebbe stato composto gran parte dell\u2019edificio e sia per i difetti di ogni singola lastra che avrebbero portato a continue deformazioni ottenendo che l\u2019intera struttura sarebbe stata soggetta a numerosi restauri.<\/p>\n\n\n<div class=\"wp-block-image\">\n<figure class=\"aligncenter\"><img loading=\"lazy\" decoding=\"async\" width=\"720\" height=\"540\" data-attachment-id=\"10218\" data-permalink=\"https:\/\/socialdesignmagazine.com\/mag\/architettura\/frank-owen-gehry-museo-guggenhaim-di-bilbao\/attachment\/frank-gerhy-guggenheim-bilbao-02\/#content\" data-orig-file=\"https:\/\/socialdesignmagazine.com\/mag\/wp-content\/uploads\/2012\/12\/users_Arch._Maria_Chiara_guggenheim_bilbao_frank_gerhy_guggenheim_bilbao_02.jpg\" data-orig-size=\"720,540\" data-comments-opened=\"1\" data-image-meta=\"{&quot;aperture&quot;:&quot;0&quot;,&quot;credit&quot;:&quot;&quot;,&quot;camera&quot;:&quot;&quot;,&quot;caption&quot;:&quot;&quot;,&quot;created_timestamp&quot;:&quot;0&quot;,&quot;copyright&quot;:&quot;&quot;,&quot;focal_length&quot;:&quot;0&quot;,&quot;iso&quot;:&quot;0&quot;,&quot;shutter_speed&quot;:&quot;0&quot;,&quot;title&quot;:&quot;&quot;,&quot;orientation&quot;:&quot;0&quot;}\" data-image-title=\"frank gerhy guggenheim bilbao 02\" data-image-description=\"\" data-image-caption=\"\" data-medium-file=\"https:\/\/socialdesignmagazine.com\/mag\/wp-content\/uploads\/2012\/12\/users_Arch._Maria_Chiara_guggenheim_bilbao_frank_gerhy_guggenheim_bilbao_02-396x256.jpg\" data-large-file=\"https:\/\/socialdesignmagazine.com\/mag\/wp-content\/uploads\/2012\/12\/users_Arch._Maria_Chiara_guggenheim_bilbao_frank_gerhy_guggenheim_bilbao_02.jpg\" src=\"https:\/\/socialdesignmagazine.com\/mag\/wp-content\/uploads\/2012\/12\/users_Arch._Maria_Chiara_guggenheim_bilbao_frank_gerhy_guggenheim_bilbao_02.jpg\" alt=\"frank gerhy guggenheim bilbao 02\" class=\"wp-image-10218\"\/><\/figure>\n<\/div>\n\n\n<p>Nonostante questo appena venne inaugurato nel 1997 si trasform\u00f2 in un\u2019importantissima attrazione turistica, richiamando visitatori da ogni paese, diventando il simbolo della Citt\u00e0 di Bilbao nel mondo.<\/p>\n\n\n\n<p>L\u2019edificio divenne cos\u00ec pi\u00f9 importante delle opere in esso contenute ed uno dei pi\u00f9 spettacolari edifici del decostruttivismo.<\/p>\n\n\n<div class=\"wp-block-image\">\n<figure class=\"aligncenter\"><img loading=\"lazy\" decoding=\"async\" width=\"720\" height=\"960\" data-attachment-id=\"10219\" data-permalink=\"https:\/\/socialdesignmagazine.com\/mag\/architettura\/frank-owen-gehry-museo-guggenhaim-di-bilbao\/attachment\/frank-gerhy-guggenheim-bilbao-03\/#content\" data-orig-file=\"https:\/\/socialdesignmagazine.com\/mag\/wp-content\/uploads\/2012\/12\/users_Arch._Maria_Chiara_guggenheim_bilbao_frank_gerhy_guggenheim_bilbao_03.jpg\" data-orig-size=\"720,960\" data-comments-opened=\"1\" data-image-meta=\"{&quot;aperture&quot;:&quot;5.6&quot;,&quot;credit&quot;:&quot;&quot;,&quot;camera&quot;:&quot;Canon DIGITAL IXUS 50&quot;,&quot;caption&quot;:&quot;&quot;,&quot;created_timestamp&quot;:&quot;1227445249&quot;,&quot;copyright&quot;:&quot;&quot;,&quot;focal_length&quot;:&quot;5.8&quot;,&quot;iso&quot;:&quot;0&quot;,&quot;shutter_speed&quot;:&quot;0.0008&quot;,&quot;title&quot;:&quot;&quot;,&quot;orientation&quot;:&quot;1&quot;}\" data-image-title=\"frank gerhy guggenheim bilbao 03\" data-image-description=\"\" data-image-caption=\"\" data-medium-file=\"https:\/\/socialdesignmagazine.com\/mag\/wp-content\/uploads\/2012\/12\/users_Arch._Maria_Chiara_guggenheim_bilbao_frank_gerhy_guggenheim_bilbao_03-396x256.jpg\" data-large-file=\"https:\/\/socialdesignmagazine.com\/mag\/wp-content\/uploads\/2012\/12\/users_Arch._Maria_Chiara_guggenheim_bilbao_frank_gerhy_guggenheim_bilbao_03.jpg\" src=\"https:\/\/socialdesignmagazine.com\/mag\/wp-content\/uploads\/2012\/12\/users_Arch._Maria_Chiara_guggenheim_bilbao_frank_gerhy_guggenheim_bilbao_03.jpg\" alt=\"frank gerhy guggenheim bilbao 03\" class=\"wp-image-10219\"\/><\/figure>\n<\/div>\n\n\n<p>Il Museo fu commissionato dalla Salomon R. Guggenheim Foundation. La collocazione scelta fu a nord del centro urbano, punto strategico dal quale il museo sarebbe stato visibile dai tre punti principali della citt\u00e0, sul luogo di un vecchio terreno industriale ai piedi del fiume Nervion e di un laghetto artificiale leggermente pi\u00f9 alto di questo, opportunamente progettato, sulle cui acque si riflette aumentando ancora di pi\u00f9 la sua spettacolarit\u00e0, soprattutto di notte se si pensa che al livello dell\u2019acqua sono stati collocati dei bruciatori dai quali fuoriescono fiamme colorate miste a spruzzi d\u2019acqua.<\/p>\n\n\n<div class=\"wp-block-image\">\n<figure class=\"aligncenter\"><img loading=\"lazy\" decoding=\"async\" width=\"720\" height=\"1080\" data-attachment-id=\"10220\" data-permalink=\"https:\/\/socialdesignmagazine.com\/mag\/architettura\/frank-owen-gehry-museo-guggenhaim-di-bilbao\/attachment\/frank-gerhy-guggenheim-bilbao-13\/#content\" data-orig-file=\"https:\/\/socialdesignmagazine.com\/mag\/wp-content\/uploads\/2012\/12\/users_Arch._Maria_Chiara_guggenheim_bilbao_frank_gerhy_guggenheim_bilbao_13.jpg\" data-orig-size=\"720,1080\" data-comments-opened=\"1\" data-image-meta=\"{&quot;aperture&quot;:&quot;14&quot;,&quot;credit&quot;:&quot;&quot;,&quot;camera&quot;:&quot;Canon EOS 400D DIGITAL&quot;,&quot;caption&quot;:&quot;&quot;,&quot;created_timestamp&quot;:&quot;1227407670&quot;,&quot;copyright&quot;:&quot;&quot;,&quot;focal_length&quot;:&quot;17&quot;,&quot;iso&quot;:&quot;1600&quot;,&quot;shutter_speed&quot;:&quot;0.0025&quot;,&quot;title&quot;:&quot;&quot;,&quot;orientation&quot;:&quot;1&quot;}\" data-image-title=\"frank gerhy guggenheim bilbao 13\" data-image-description=\"\" data-image-caption=\"\" data-medium-file=\"https:\/\/socialdesignmagazine.com\/mag\/wp-content\/uploads\/2012\/12\/users_Arch._Maria_Chiara_guggenheim_bilbao_frank_gerhy_guggenheim_bilbao_13-396x256.jpg\" data-large-file=\"https:\/\/socialdesignmagazine.com\/mag\/wp-content\/uploads\/2012\/12\/users_Arch._Maria_Chiara_guggenheim_bilbao_frank_gerhy_guggenheim_bilbao_13.jpg\" src=\"https:\/\/socialdesignmagazine.com\/mag\/wp-content\/uploads\/2012\/12\/users_Arch._Maria_Chiara_guggenheim_bilbao_frank_gerhy_guggenheim_bilbao_13.jpg\" alt=\"frank gerhy guggenheim bilbao 13\" class=\"wp-image-10220\"\/><\/figure>\n<\/div>\n\n<div class=\"wp-block-image\">\n<figure class=\"aligncenter\"><img loading=\"lazy\" decoding=\"async\" width=\"720\" height=\"447\" data-attachment-id=\"10221\" data-permalink=\"https:\/\/socialdesignmagazine.com\/mag\/architettura\/frank-owen-gehry-museo-guggenhaim-di-bilbao\/attachment\/frank-gerhy-guggenheim-bilbao-10\/#content\" data-orig-file=\"https:\/\/socialdesignmagazine.com\/mag\/wp-content\/uploads\/2012\/12\/users_Arch._Maria_Chiara_guggenheim_bilbao_frank_gerhy_guggenheim_bilbao_10.jpg\" data-orig-size=\"720,447\" data-comments-opened=\"1\" data-image-meta=\"{&quot;aperture&quot;:&quot;0&quot;,&quot;credit&quot;:&quot;&quot;,&quot;camera&quot;:&quot;&quot;,&quot;caption&quot;:&quot;&quot;,&quot;created_timestamp&quot;:&quot;0&quot;,&quot;copyright&quot;:&quot;&quot;,&quot;focal_length&quot;:&quot;0&quot;,&quot;iso&quot;:&quot;0&quot;,&quot;shutter_speed&quot;:&quot;0&quot;,&quot;title&quot;:&quot;&quot;,&quot;orientation&quot;:&quot;0&quot;}\" data-image-title=\"frank gerhy guggenheim bilbao 10\" data-image-description=\"\" data-image-caption=\"\" data-medium-file=\"https:\/\/socialdesignmagazine.com\/mag\/wp-content\/uploads\/2012\/12\/users_Arch._Maria_Chiara_guggenheim_bilbao_frank_gerhy_guggenheim_bilbao_10-396x256.jpg\" data-large-file=\"https:\/\/socialdesignmagazine.com\/mag\/wp-content\/uploads\/2012\/12\/users_Arch._Maria_Chiara_guggenheim_bilbao_frank_gerhy_guggenheim_bilbao_10.jpg\" src=\"https:\/\/socialdesignmagazine.com\/mag\/wp-content\/uploads\/2012\/12\/users_Arch._Maria_Chiara_guggenheim_bilbao_frank_gerhy_guggenheim_bilbao_10.jpg\" alt=\"frank gerhy guggenheim bilbao 10\" class=\"wp-image-10221\" srcset=\"https:\/\/socialdesignmagazine.com\/mag\/wp-content\/uploads\/2012\/12\/users_Arch._Maria_Chiara_guggenheim_bilbao_frank_gerhy_guggenheim_bilbao_10.jpg 720w, https:\/\/socialdesignmagazine.com\/mag\/wp-content\/uploads\/2012\/12\/users_Arch._Maria_Chiara_guggenheim_bilbao_frank_gerhy_guggenheim_bilbao_10-320x200.jpg 320w\" sizes=\"auto, (max-width: 720px) 100vw, 720px\" \/><\/figure>\n<\/div>\n\n\n<p>L\u2019edificio occupa complessivamente 24000 mq ed \u00e8 composto da una serie di volumi complessi che interagiscono tra di loro in modo spettacolare, con apparente noncuranza delle leggi della statica.<\/p>\n\n\n\n<p>La struttura, che rispecchia perfettamente lo stile di Ghery e quello decostruttivista, sembra essere scolpita seguendo contorni quasi organici. Composta da una geometria instabile con forme pure, disarticolate e decomposte, volumi deformati, tagli, asimmetrie e un&#8217;assenza di canoni estetici tradizionali . ( il museo, affermano i progettisti, non possiede alcuna superficie piana).<\/p>\n\n\n\n<p>Ma caotico soltanto all&#8217;apparenza, il museo \u00e8 dotato di grande funzionalit\u00e0 ed attento al risparmio energetico grazie anche a dei lucernai posti alla sua sommit\u00e0 in grado di dosare l&#8217;intensit\u00e0 luminosa.<\/p>\n\n\n<div class=\"wp-block-image\">\n<figure class=\"aligncenter\"><img loading=\"lazy\" decoding=\"async\" width=\"720\" height=\"960\" data-attachment-id=\"10222\" data-permalink=\"https:\/\/socialdesignmagazine.com\/mag\/architettura\/frank-owen-gehry-museo-guggenhaim-di-bilbao\/attachment\/frank-gerhy-guggenheim-bilbao-01\/#content\" data-orig-file=\"https:\/\/socialdesignmagazine.com\/mag\/wp-content\/uploads\/2012\/12\/users_Arch._Maria_Chiara_guggenheim_bilbao_frank_gerhy_guggenheim_bilbao_01.jpg\" data-orig-size=\"720,960\" data-comments-opened=\"1\" data-image-meta=\"{&quot;aperture&quot;:&quot;2.8&quot;,&quot;credit&quot;:&quot;&quot;,&quot;camera&quot;:&quot;Canon DIGITAL IXUS 50&quot;,&quot;caption&quot;:&quot;&quot;,&quot;created_timestamp&quot;:&quot;1227446001&quot;,&quot;copyright&quot;:&quot;&quot;,&quot;focal_length&quot;:&quot;5.8&quot;,&quot;iso&quot;:&quot;0&quot;,&quot;shutter_speed&quot;:&quot;0.0025&quot;,&quot;title&quot;:&quot;&quot;,&quot;orientation&quot;:&quot;1&quot;}\" data-image-title=\"frank gerhy guggenheim bilbao 01\" data-image-description=\"\" data-image-caption=\"\" data-medium-file=\"https:\/\/socialdesignmagazine.com\/mag\/wp-content\/uploads\/2012\/12\/users_Arch._Maria_Chiara_guggenheim_bilbao_frank_gerhy_guggenheim_bilbao_01-396x256.jpg\" data-large-file=\"https:\/\/socialdesignmagazine.com\/mag\/wp-content\/uploads\/2012\/12\/users_Arch._Maria_Chiara_guggenheim_bilbao_frank_gerhy_guggenheim_bilbao_01.jpg\" src=\"https:\/\/socialdesignmagazine.com\/mag\/wp-content\/uploads\/2012\/12\/users_Arch._Maria_Chiara_guggenheim_bilbao_frank_gerhy_guggenheim_bilbao_01.jpg\" alt=\"frank gerhy guggenheim bilbao 01\" class=\"wp-image-10222\"\/><\/figure>\n<\/div>\n\n\n<p>L\u2019impatto con l\u2019ambiente circostante \u00e8 certamente forte ma non tanto da creare disturbo, anzi l\u2019imponente struttura si sposa con il contesto grazie alla sobria eleganza dei materiale:<\/p>\n\n\n\n<p>Il titanio, che rende brillante la struttura quasi come le squame di un pesce; lastre di pietra calcarea e lastre di cristallo formate da doppio cristallo termico tale da proteggere l\u2019interno dal calore e dalle radiazioni solari.<\/p>\n\n\n\n<p>L\u2019edificio visto dal fiume, sembra avere la forma di una nave, omaggio alla citt\u00e0 portuale e dall\u2019alto quella di un fiore.<\/p>\n\n\n<div class=\"wp-block-image\">\n<figure class=\"aligncenter\"><img loading=\"lazy\" decoding=\"async\" width=\"720\" height=\"464\" data-attachment-id=\"10223\" data-permalink=\"https:\/\/socialdesignmagazine.com\/mag\/architettura\/frank-owen-gehry-museo-guggenhaim-di-bilbao\/attachment\/frank-gerhy-guggenheim-bilbao-06\/#content\" data-orig-file=\"https:\/\/socialdesignmagazine.com\/mag\/wp-content\/uploads\/2012\/12\/users_Arch._Maria_Chiara_guggenheim_bilbao_frank_gerhy_guggenheim_bilbao_06.jpg\" data-orig-size=\"720,464\" data-comments-opened=\"1\" data-image-meta=\"{&quot;aperture&quot;:&quot;0&quot;,&quot;credit&quot;:&quot;&quot;,&quot;camera&quot;:&quot;&quot;,&quot;caption&quot;:&quot;&quot;,&quot;created_timestamp&quot;:&quot;0&quot;,&quot;copyright&quot;:&quot;&quot;,&quot;focal_length&quot;:&quot;0&quot;,&quot;iso&quot;:&quot;0&quot;,&quot;shutter_speed&quot;:&quot;0&quot;,&quot;title&quot;:&quot;&quot;,&quot;orientation&quot;:&quot;0&quot;}\" data-image-title=\"frank gerhy guggenheim bilbao 06\" data-image-description=\"\" data-image-caption=\"\" data-medium-file=\"https:\/\/socialdesignmagazine.com\/mag\/wp-content\/uploads\/2012\/12\/users_Arch._Maria_Chiara_guggenheim_bilbao_frank_gerhy_guggenheim_bilbao_06-396x256.jpg\" data-large-file=\"https:\/\/socialdesignmagazine.com\/mag\/wp-content\/uploads\/2012\/12\/users_Arch._Maria_Chiara_guggenheim_bilbao_frank_gerhy_guggenheim_bilbao_06.jpg\" src=\"https:\/\/socialdesignmagazine.com\/mag\/wp-content\/uploads\/2012\/12\/users_Arch._Maria_Chiara_guggenheim_bilbao_frank_gerhy_guggenheim_bilbao_06.jpg\" alt=\"frank gerhy guggenheim bilbao 06\" class=\"wp-image-10223\" srcset=\"https:\/\/socialdesignmagazine.com\/mag\/wp-content\/uploads\/2012\/12\/users_Arch._Maria_Chiara_guggenheim_bilbao_frank_gerhy_guggenheim_bilbao_06.jpg 720w, https:\/\/socialdesignmagazine.com\/mag\/wp-content\/uploads\/2012\/12\/users_Arch._Maria_Chiara_guggenheim_bilbao_frank_gerhy_guggenheim_bilbao_06-396x256.jpg 396w\" sizes=\"auto, (max-width: 720px) 100vw, 720px\" \/><\/figure>\n<\/div>\n\n<div class=\"wp-block-image\">\n<figure class=\"aligncenter\"><img loading=\"lazy\" decoding=\"async\" width=\"720\" height=\"480\" data-attachment-id=\"10224\" data-permalink=\"https:\/\/socialdesignmagazine.com\/mag\/architettura\/frank-owen-gehry-museo-guggenhaim-di-bilbao\/attachment\/frank-gerhy-guggenheim-bilbao-16\/#content\" data-orig-file=\"https:\/\/socialdesignmagazine.com\/mag\/wp-content\/uploads\/2012\/12\/users_Arch._Maria_Chiara_guggenheim_bilbao_frank_gerhy_guggenheim_bilbao_16.jpg\" data-orig-size=\"720,480\" data-comments-opened=\"1\" data-image-meta=\"{&quot;aperture&quot;:&quot;0&quot;,&quot;credit&quot;:&quot;&quot;,&quot;camera&quot;:&quot;&quot;,&quot;caption&quot;:&quot;&quot;,&quot;created_timestamp&quot;:&quot;0&quot;,&quot;copyright&quot;:&quot;&quot;,&quot;focal_length&quot;:&quot;0&quot;,&quot;iso&quot;:&quot;0&quot;,&quot;shutter_speed&quot;:&quot;0&quot;,&quot;title&quot;:&quot;&quot;,&quot;orientation&quot;:&quot;0&quot;}\" data-image-title=\"frank gerhy guggenheim bilbao 16\" data-image-description=\"\" data-image-caption=\"\" data-medium-file=\"https:\/\/socialdesignmagazine.com\/mag\/wp-content\/uploads\/2012\/12\/users_Arch._Maria_Chiara_guggenheim_bilbao_frank_gerhy_guggenheim_bilbao_16-396x256.jpg\" data-large-file=\"https:\/\/socialdesignmagazine.com\/mag\/wp-content\/uploads\/2012\/12\/users_Arch._Maria_Chiara_guggenheim_bilbao_frank_gerhy_guggenheim_bilbao_16.jpg\" src=\"https:\/\/socialdesignmagazine.com\/mag\/wp-content\/uploads\/2012\/12\/users_Arch._Maria_Chiara_guggenheim_bilbao_frank_gerhy_guggenheim_bilbao_16.jpg\" alt=\"frank gerhy guggenheim bilbao 16\" class=\"wp-image-10224\" srcset=\"https:\/\/socialdesignmagazine.com\/mag\/wp-content\/uploads\/2012\/12\/users_Arch._Maria_Chiara_guggenheim_bilbao_frank_gerhy_guggenheim_bilbao_16.jpg 720w, https:\/\/socialdesignmagazine.com\/mag\/wp-content\/uploads\/2012\/12\/users_Arch._Maria_Chiara_guggenheim_bilbao_frank_gerhy_guggenheim_bilbao_16-100x66.jpg 100w\" sizes=\"auto, (max-width: 720px) 100vw, 720px\" \/><\/figure>\n<\/div>\n\n\n<p>A volte tutto questo sfarzo pu\u00f2 sembrare inutile e giustamente criticato per i suoi elevati costi ma se non ci fossero nuove ed audaci sperimentazioni , che ancora in questa campo sono possibili, in un mondo dove \u00e8 stato inventato quasi tutto, non si andrebbe mai avanti e nonostante le spese che questo tipo di progettazioni comportano riescono a rendere una cittadina quasi sconosciuta e gravemente depressa dal punto di vista economico, una delle mete turistiche pi\u00f9 frequentate.<\/p>\n\n\n\n<p>Foto: <a target=\"_blank\" class=\"jcepopup\" rel=\"nofollow noopener\" href=\"http:\/\/www.flickr.com\/photos\/krancien\/\">La T\u00eate Kran\u00e7ien<\/a><\/p>\n","protected":false,"gt_translate_keys":[{"key":"rendered","format":"html"}]},"excerpt":{"rendered":"<p>Quando si parla di grandiose opere di architettura non si pu\u00f2 non parlare del Museo Guggenheim di Bilbao, Spagna, disegnato da Frank Owen Gerhy, non solo per la sua spettacolarit\u00e0 e la sua tecnologia all\u2019avanguardia, ma perch\u00e9 \u00e8 stato protagonista di una svolta epocale, quella del passaggio all\u2019era digitale.<\/p>\n","protected":false,"gt_translate_keys":[{"key":"rendered","format":"html"}]},"author":49,"featured_media":10216,"comment_status":"open","ping_status":"open","sticky":false,"template":"","format":"standard","meta":{"jetpack_post_was_ever_published":false,"_jetpack_newsletter_access":"","_jetpack_dont_email_post_to_subs":false,"_jetpack_newsletter_tier_id":0,"_jetpack_memberships_contains_paywalled_content":false,"_jetpack_memberships_contains_paid_content":false,"footnotes":"","_wpscppro_dont_share_socialmedia":false,"_wpscppro_custom_social_share_image":0,"_facebook_share_type":"","_twitter_share_type":"","_linkedin_share_type":"","_pinterest_share_type":"","_linkedin_share_type_page":"","_instagram_share_type":"","_medium_share_type":"","_threads_share_type":"","_google_business_share_type":"","_selected_social_profile":[],"_wpsp_enable_custom_social_template":false,"_wpsp_social_scheduling":{"enabled":false,"datetime":null,"platforms":[],"status":"template_only","dateOption":"today","timeOption":"now","customDays":"","customHours":"","customDate":"","customTime":"","schedulingType":"absolute"},"_wpsp_active_default_template":true},"categories":[15],"tags":[86,1217],"class_list":["post-1735","post","type-post","status-publish","format-standard","has-post-thumbnail","hentry","category-architettura","tag-frank-gehry","tag-spagna"],"yoast_head":"<!-- This site is optimized with the Yoast SEO plugin v27.2 - https:\/\/yoast.com\/product\/yoast-seo-wordpress\/ -->\n<title>Frank Owen Gehry \/ Museo Guggenhaim di Bilbao - Social Design Magazine<\/title>\n<meta name=\"description\" content=\"Quando si parla di grandiose opere di architettura non si pu\u00f2 non parlare del Museo Guggenheim di Bilbao, Spagna, disegnato da Frank Owen Gerhy\" \/>\n<meta name=\"robots\" content=\"index, follow, max-snippet:-1, max-image-preview:large, max-video-preview:-1\" \/>\n<link rel=\"canonical\" href=\"https:\/\/socialdesignmagazine.com\/mag\/architettura\/frank-owen-gehry-museo-guggenhaim-di-bilbao\/\" \/>\n<meta property=\"og:locale\" content=\"it_IT\" \/>\n<meta property=\"og:type\" content=\"article\" \/>\n<meta property=\"og:title\" content=\"Frank Owen Gehry \/ Museo Guggenhaim di Bilbao - Social Design Magazine\" \/>\n<meta property=\"og:description\" content=\"Quando si parla di grandiose opere di architettura non si pu\u00f2 non parlare del Museo Guggenheim di Bilbao, Spagna, disegnato da Frank Owen Gerhy\" \/>\n<meta property=\"og:url\" content=\"http:\/\/socialdesignmagazine.com\/mag\/architettura\/frank-owen-gehry-museo-guggenhaim-di-bilbao\/\" \/>\n<meta property=\"og:site_name\" content=\"Social Design Magazine\" \/>\n<meta property=\"article:publisher\" content=\"https:\/\/www.facebook.com\/socialdesignmag\" \/>\n<meta property=\"article:published_time\" content=\"2012-12-19T18:00:00+00:00\" \/>\n<meta property=\"article:modified_time\" content=\"2024-05-21T19:37:45+00:00\" \/>\n<meta property=\"og:image\" content=\"https:\/\/socialdesignmagazine.com\/mag\/wp-content\/uploads\/2012\/12\/users_Arch._Maria_Chiara_guggenheim_bilbao_frank_gerhy_guggenheim_bilbao_12.jpg\" \/>\n\t<meta property=\"og:image:width\" content=\"720\" \/>\n\t<meta property=\"og:image:height\" content=\"480\" \/>\n\t<meta property=\"og:image:type\" content=\"image\/jpeg\" \/>\n<meta name=\"author\" content=\"Maria Chiara Paccara\" \/>\n<meta name=\"twitter:card\" content=\"summary_large_image\" \/>\n<meta name=\"twitter:creator\" content=\"@socialdesignmag\" \/>\n<meta name=\"twitter:site\" content=\"@socialdesignmag\" \/>\n<meta name=\"twitter:label1\" content=\"Scritto da\" \/>\n\t<meta name=\"twitter:data1\" content=\"Maria Chiara Paccara\" \/>\n\t<meta name=\"twitter:label2\" content=\"Tempo di lettura stimato\" \/>\n\t<meta name=\"twitter:data2\" content=\"5 minuti\" \/>\n<script type=\"application\/ld+json\" class=\"yoast-schema-graph\">{\"@context\":\"https:\/\/schema.org\",\"@graph\":[{\"@type\":\"Article\",\"@id\":\"https:\/\/socialdesignmagazine.com\/mag\/architettura\/frank-owen-gehry-museo-guggenhaim-di-bilbao\/#article\",\"isPartOf\":{\"@id\":\"https:\/\/socialdesignmagazine.com\/mag\/architettura\/frank-owen-gehry-museo-guggenhaim-di-bilbao\/\"},\"author\":{\"name\":\"Maria Chiara Paccara\",\"@id\":\"https:\/\/socialdesignmagazine.com\/mag\/#\/schema\/person\/b0a4ead6c192c8fd5c7a0e8018cd8f40\"},\"headline\":\"Frank Owen Gehry \/ Museo Guggenhaim di Bilbao\",\"datePublished\":\"2012-12-19T18:00:00+00:00\",\"dateModified\":\"2024-05-21T19:37:45+00:00\",\"mainEntityOfPage\":{\"@id\":\"https:\/\/socialdesignmagazine.com\/mag\/architettura\/frank-owen-gehry-museo-guggenhaim-di-bilbao\/\"},\"wordCount\":578,\"commentCount\":0,\"publisher\":{\"@id\":\"https:\/\/socialdesignmagazine.com\/mag\/#organization\"},\"image\":{\"@id\":\"https:\/\/socialdesignmagazine.com\/mag\/architettura\/frank-owen-gehry-museo-guggenhaim-di-bilbao\/#primaryimage\"},\"thumbnailUrl\":\"https:\/\/socialdesignmagazine.com\/mag\/wp-content\/uploads\/2012\/12\/users_Arch._Maria_Chiara_guggenheim_bilbao_frank_gerhy_guggenheim_bilbao_12.jpg\",\"keywords\":[\"frank gehry\",\"spagna\"],\"articleSection\":[\"Architettura\"],\"inLanguage\":\"it-IT\",\"potentialAction\":[{\"@type\":\"CommentAction\",\"name\":\"Comment\",\"target\":[\"https:\/\/socialdesignmagazine.com\/mag\/architettura\/frank-owen-gehry-museo-guggenhaim-di-bilbao\/#respond\"]}]},{\"@type\":\"WebPage\",\"@id\":\"https:\/\/socialdesignmagazine.com\/mag\/architettura\/frank-owen-gehry-museo-guggenhaim-di-bilbao\/\",\"url\":\"https:\/\/socialdesignmagazine.com\/mag\/architettura\/frank-owen-gehry-museo-guggenhaim-di-bilbao\/\",\"name\":\"Frank Owen Gehry \/ Museo Guggenhaim di Bilbao - Social Design Magazine\",\"isPartOf\":{\"@id\":\"https:\/\/socialdesignmagazine.com\/mag\/#website\"},\"primaryImageOfPage\":{\"@id\":\"https:\/\/socialdesignmagazine.com\/mag\/architettura\/frank-owen-gehry-museo-guggenhaim-di-bilbao\/#primaryimage\"},\"image\":{\"@id\":\"https:\/\/socialdesignmagazine.com\/mag\/architettura\/frank-owen-gehry-museo-guggenhaim-di-bilbao\/#primaryimage\"},\"thumbnailUrl\":\"https:\/\/socialdesignmagazine.com\/mag\/wp-content\/uploads\/2012\/12\/users_Arch._Maria_Chiara_guggenheim_bilbao_frank_gerhy_guggenheim_bilbao_12.jpg\",\"datePublished\":\"2012-12-19T18:00:00+00:00\",\"dateModified\":\"2024-05-21T19:37:45+00:00\",\"description\":\"Quando si parla di grandiose opere di architettura non si pu\u00f2 non parlare del Museo Guggenheim di Bilbao, Spagna, disegnato da Frank Owen Gerhy\",\"breadcrumb\":{\"@id\":\"https:\/\/socialdesignmagazine.com\/mag\/architettura\/frank-owen-gehry-museo-guggenhaim-di-bilbao\/#breadcrumb\"},\"inLanguage\":\"it-IT\",\"potentialAction\":[{\"@type\":\"ReadAction\",\"target\":[\"https:\/\/socialdesignmagazine.com\/mag\/architettura\/frank-owen-gehry-museo-guggenhaim-di-bilbao\/\"]}]},{\"@type\":\"ImageObject\",\"inLanguage\":\"it-IT\",\"@id\":\"https:\/\/socialdesignmagazine.com\/mag\/architettura\/frank-owen-gehry-museo-guggenhaim-di-bilbao\/#primaryimage\",\"url\":\"https:\/\/socialdesignmagazine.com\/mag\/wp-content\/uploads\/2012\/12\/users_Arch._Maria_Chiara_guggenheim_bilbao_frank_gerhy_guggenheim_bilbao_12.jpg\",\"contentUrl\":\"https:\/\/socialdesignmagazine.com\/mag\/wp-content\/uploads\/2012\/12\/users_Arch._Maria_Chiara_guggenheim_bilbao_frank_gerhy_guggenheim_bilbao_12.jpg\",\"width\":720,\"height\":480,\"caption\":\"frank gerhy guggenheim bilbao 12\"},{\"@type\":\"BreadcrumbList\",\"@id\":\"https:\/\/socialdesignmagazine.com\/mag\/architettura\/frank-owen-gehry-museo-guggenhaim-di-bilbao\/#breadcrumb\",\"itemListElement\":[{\"@type\":\"ListItem\",\"position\":1,\"name\":\"Home\",\"item\":\"https:\/\/socialdesignmagazine.com\/mag\/\"},{\"@type\":\"ListItem\",\"position\":2,\"name\":\"Architettura\",\"item\":\"https:\/\/socialdesignmagazine.com\/mag\/architettura\/\"},{\"@type\":\"ListItem\",\"position\":3,\"name\":\"Frank Owen Gehry \/ Museo Guggenhaim di Bilbao\"}]},{\"@type\":\"WebSite\",\"@id\":\"https:\/\/socialdesignmagazine.com\/mag\/#website\",\"url\":\"https:\/\/socialdesignmagazine.com\/mag\/\",\"name\":\"Social Design Magazine\",\"description\":\"Social Magazine su Design, Architettura, Arte, Grafica\",\"publisher\":{\"@id\":\"https:\/\/socialdesignmagazine.com\/mag\/#organization\"},\"potentialAction\":[{\"@type\":\"SearchAction\",\"target\":{\"@type\":\"EntryPoint\",\"urlTemplate\":\"https:\/\/socialdesignmagazine.com\/mag\/?s={search_term_string}\"},\"query-input\":{\"@type\":\"PropertyValueSpecification\",\"valueRequired\":true,\"valueName\":\"search_term_string\"}}],\"inLanguage\":\"it-IT\"},{\"@type\":\"Organization\",\"@id\":\"https:\/\/socialdesignmagazine.com\/mag\/#organization\",\"name\":\"Social Design Magazine\",\"url\":\"https:\/\/socialdesignmagazine.com\/mag\/\",\"logo\":{\"@type\":\"ImageObject\",\"inLanguage\":\"it-IT\",\"@id\":\"https:\/\/socialdesignmagazine.com\/mag\/#\/schema\/logo\/image\/\",\"url\":\"https:\/\/socialdesignmagazine.com\/mag\/wp-content\/uploads\/2017\/01\/logo_favicon_11.png\",\"contentUrl\":\"https:\/\/socialdesignmagazine.com\/mag\/wp-content\/uploads\/2017\/01\/logo_favicon_11.png\",\"width\":1024,\"height\":1024,\"caption\":\"Social Design Magazine\"},\"image\":{\"@id\":\"https:\/\/socialdesignmagazine.com\/mag\/#\/schema\/logo\/image\/\"},\"sameAs\":[\"https:\/\/www.facebook.com\/socialdesignmag\",\"https:\/\/x.com\/socialdesignmag\",\"http:\/\/instagram.com\/social_design_magazine\/\",\"http:\/\/pinterest.com\/socialdesignmag\/\",\"http:\/\/www.youtube.com\/user\/socialdesignmagazine\"]},{\"@type\":\"Person\",\"@id\":\"https:\/\/socialdesignmagazine.com\/mag\/#\/schema\/person\/b0a4ead6c192c8fd5c7a0e8018cd8f40\",\"name\":\"Maria Chiara Paccara\",\"image\":{\"@type\":\"ImageObject\",\"inLanguage\":\"it-IT\",\"@id\":\"https:\/\/secure.gravatar.com\/avatar\/ddb21caf0d69f1619a71d4efdff68fea2140da8af6efadd9c4b6f77dbe0ff695?s=96&d=mm&r=g\",\"url\":\"https:\/\/secure.gravatar.com\/avatar\/ddb21caf0d69f1619a71d4efdff68fea2140da8af6efadd9c4b6f77dbe0ff695?s=96&d=mm&r=g\",\"contentUrl\":\"https:\/\/secure.gravatar.com\/avatar\/ddb21caf0d69f1619a71d4efdff68fea2140da8af6efadd9c4b6f77dbe0ff695?s=96&d=mm&r=g\",\"caption\":\"Maria Chiara Paccara\"},\"url\":\"https:\/\/socialdesignmagazine.com\/mag\/author\/arch-maria-chiara\/\"}]}<\/script>\n<!-- \/ Yoast SEO plugin. -->","yoast_head_json":{"title":"Frank Owen Gehry \/ Museo Guggenhaim di Bilbao - Social Design Magazine","description":"Quando si parla di grandiose opere di architettura non si pu\u00f2 non parlare del Museo Guggenheim di Bilbao, Spagna, disegnato da Frank Owen Gerhy","robots":{"index":"index","follow":"follow","max-snippet":"max-snippet:-1","max-image-preview":"max-image-preview:large","max-video-preview":"max-video-preview:-1"},"canonical":"https:\/\/socialdesignmagazine.com\/mag\/architettura\/frank-owen-gehry-museo-guggenhaim-di-bilbao\/","og_locale":"it_IT","og_type":"article","og_title":"Frank Owen Gehry \/ Museo Guggenhaim di Bilbao - Social Design Magazine","og_description":"Quando si parla di grandiose opere di architettura non si pu\u00f2 non parlare del Museo Guggenheim di Bilbao, Spagna, disegnato da Frank Owen Gerhy","og_url":"http:\/\/socialdesignmagazine.com\/mag\/architettura\/frank-owen-gehry-museo-guggenhaim-di-bilbao\/","og_site_name":"Social Design Magazine","article_publisher":"https:\/\/www.facebook.com\/socialdesignmag","article_published_time":"2012-12-19T18:00:00+00:00","article_modified_time":"2024-05-21T19:37:45+00:00","og_image":[{"width":720,"height":480,"url":"https:\/\/socialdesignmagazine.com\/mag\/wp-content\/uploads\/2012\/12\/users_Arch._Maria_Chiara_guggenheim_bilbao_frank_gerhy_guggenheim_bilbao_12.jpg","type":"image\/jpeg"}],"author":"Maria Chiara Paccara","twitter_card":"summary_large_image","twitter_creator":"@socialdesignmag","twitter_site":"@socialdesignmag","twitter_misc":{"Scritto da":"Maria Chiara Paccara","Tempo di lettura stimato":"5 minuti"},"schema":{"@context":"https:\/\/schema.org","@graph":[{"@type":"Article","@id":"https:\/\/socialdesignmagazine.com\/mag\/architettura\/frank-owen-gehry-museo-guggenhaim-di-bilbao\/#article","isPartOf":{"@id":"https:\/\/socialdesignmagazine.com\/mag\/architettura\/frank-owen-gehry-museo-guggenhaim-di-bilbao\/"},"author":{"name":"Maria Chiara Paccara","@id":"https:\/\/socialdesignmagazine.com\/mag\/#\/schema\/person\/b0a4ead6c192c8fd5c7a0e8018cd8f40"},"headline":"Frank Owen Gehry \/ Museo Guggenhaim di Bilbao","datePublished":"2012-12-19T18:00:00+00:00","dateModified":"2024-05-21T19:37:45+00:00","mainEntityOfPage":{"@id":"https:\/\/socialdesignmagazine.com\/mag\/architettura\/frank-owen-gehry-museo-guggenhaim-di-bilbao\/"},"wordCount":578,"commentCount":0,"publisher":{"@id":"https:\/\/socialdesignmagazine.com\/mag\/#organization"},"image":{"@id":"https:\/\/socialdesignmagazine.com\/mag\/architettura\/frank-owen-gehry-museo-guggenhaim-di-bilbao\/#primaryimage"},"thumbnailUrl":"https:\/\/socialdesignmagazine.com\/mag\/wp-content\/uploads\/2012\/12\/users_Arch._Maria_Chiara_guggenheim_bilbao_frank_gerhy_guggenheim_bilbao_12.jpg","keywords":["frank gehry","spagna"],"articleSection":["Architettura"],"inLanguage":"it-IT","potentialAction":[{"@type":"CommentAction","name":"Comment","target":["https:\/\/socialdesignmagazine.com\/mag\/architettura\/frank-owen-gehry-museo-guggenhaim-di-bilbao\/#respond"]}]},{"@type":"WebPage","@id":"https:\/\/socialdesignmagazine.com\/mag\/architettura\/frank-owen-gehry-museo-guggenhaim-di-bilbao\/","url":"https:\/\/socialdesignmagazine.com\/mag\/architettura\/frank-owen-gehry-museo-guggenhaim-di-bilbao\/","name":"Frank Owen Gehry \/ Museo Guggenhaim di Bilbao - Social Design Magazine","isPartOf":{"@id":"https:\/\/socialdesignmagazine.com\/mag\/#website"},"primaryImageOfPage":{"@id":"https:\/\/socialdesignmagazine.com\/mag\/architettura\/frank-owen-gehry-museo-guggenhaim-di-bilbao\/#primaryimage"},"image":{"@id":"https:\/\/socialdesignmagazine.com\/mag\/architettura\/frank-owen-gehry-museo-guggenhaim-di-bilbao\/#primaryimage"},"thumbnailUrl":"https:\/\/socialdesignmagazine.com\/mag\/wp-content\/uploads\/2012\/12\/users_Arch._Maria_Chiara_guggenheim_bilbao_frank_gerhy_guggenheim_bilbao_12.jpg","datePublished":"2012-12-19T18:00:00+00:00","dateModified":"2024-05-21T19:37:45+00:00","description":"Quando si parla di grandiose opere di architettura non si pu\u00f2 non parlare del Museo Guggenheim di Bilbao, Spagna, disegnato da Frank Owen Gerhy","breadcrumb":{"@id":"https:\/\/socialdesignmagazine.com\/mag\/architettura\/frank-owen-gehry-museo-guggenhaim-di-bilbao\/#breadcrumb"},"inLanguage":"it-IT","potentialAction":[{"@type":"ReadAction","target":["https:\/\/socialdesignmagazine.com\/mag\/architettura\/frank-owen-gehry-museo-guggenhaim-di-bilbao\/"]}]},{"@type":"ImageObject","inLanguage":"it-IT","@id":"https:\/\/socialdesignmagazine.com\/mag\/architettura\/frank-owen-gehry-museo-guggenhaim-di-bilbao\/#primaryimage","url":"https:\/\/socialdesignmagazine.com\/mag\/wp-content\/uploads\/2012\/12\/users_Arch._Maria_Chiara_guggenheim_bilbao_frank_gerhy_guggenheim_bilbao_12.jpg","contentUrl":"https:\/\/socialdesignmagazine.com\/mag\/wp-content\/uploads\/2012\/12\/users_Arch._Maria_Chiara_guggenheim_bilbao_frank_gerhy_guggenheim_bilbao_12.jpg","width":720,"height":480,"caption":"frank gerhy guggenheim bilbao 12"},{"@type":"BreadcrumbList","@id":"https:\/\/socialdesignmagazine.com\/mag\/architettura\/frank-owen-gehry-museo-guggenhaim-di-bilbao\/#breadcrumb","itemListElement":[{"@type":"ListItem","position":1,"name":"Home","item":"https:\/\/socialdesignmagazine.com\/mag\/"},{"@type":"ListItem","position":2,"name":"Architettura","item":"https:\/\/socialdesignmagazine.com\/mag\/architettura\/"},{"@type":"ListItem","position":3,"name":"Frank Owen Gehry \/ Museo Guggenhaim di Bilbao"}]},{"@type":"WebSite","@id":"https:\/\/socialdesignmagazine.com\/mag\/#website","url":"https:\/\/socialdesignmagazine.com\/mag\/","name":"Social Design Magazine","description":"Social Magazine su Design, Architettura, Arte, Grafica","publisher":{"@id":"https:\/\/socialdesignmagazine.com\/mag\/#organization"},"potentialAction":[{"@type":"SearchAction","target":{"@type":"EntryPoint","urlTemplate":"https:\/\/socialdesignmagazine.com\/mag\/?s={search_term_string}"},"query-input":{"@type":"PropertyValueSpecification","valueRequired":true,"valueName":"search_term_string"}}],"inLanguage":"it-IT"},{"@type":"Organization","@id":"https:\/\/socialdesignmagazine.com\/mag\/#organization","name":"Social Design Magazine","url":"https:\/\/socialdesignmagazine.com\/mag\/","logo":{"@type":"ImageObject","inLanguage":"it-IT","@id":"https:\/\/socialdesignmagazine.com\/mag\/#\/schema\/logo\/image\/","url":"https:\/\/socialdesignmagazine.com\/mag\/wp-content\/uploads\/2017\/01\/logo_favicon_11.png","contentUrl":"https:\/\/socialdesignmagazine.com\/mag\/wp-content\/uploads\/2017\/01\/logo_favicon_11.png","width":1024,"height":1024,"caption":"Social Design Magazine"},"image":{"@id":"https:\/\/socialdesignmagazine.com\/mag\/#\/schema\/logo\/image\/"},"sameAs":["https:\/\/www.facebook.com\/socialdesignmag","https:\/\/x.com\/socialdesignmag","http:\/\/instagram.com\/social_design_magazine\/","http:\/\/pinterest.com\/socialdesignmag\/","http:\/\/www.youtube.com\/user\/socialdesignmagazine"]},{"@type":"Person","@id":"https:\/\/socialdesignmagazine.com\/mag\/#\/schema\/person\/b0a4ead6c192c8fd5c7a0e8018cd8f40","name":"Maria Chiara Paccara","image":{"@type":"ImageObject","inLanguage":"it-IT","@id":"https:\/\/secure.gravatar.com\/avatar\/ddb21caf0d69f1619a71d4efdff68fea2140da8af6efadd9c4b6f77dbe0ff695?s=96&d=mm&r=g","url":"https:\/\/secure.gravatar.com\/avatar\/ddb21caf0d69f1619a71d4efdff68fea2140da8af6efadd9c4b6f77dbe0ff695?s=96&d=mm&r=g","contentUrl":"https:\/\/secure.gravatar.com\/avatar\/ddb21caf0d69f1619a71d4efdff68fea2140da8af6efadd9c4b6f77dbe0ff695?s=96&d=mm&r=g","caption":"Maria Chiara Paccara"},"url":"https:\/\/socialdesignmagazine.com\/mag\/author\/arch-maria-chiara\/"}]}},"jetpack_featured_media_url":"https:\/\/socialdesignmagazine.com\/mag\/wp-content\/uploads\/2012\/12\/users_Arch._Maria_Chiara_guggenheim_bilbao_frank_gerhy_guggenheim_bilbao_12.jpg","jetpack_sharing_enabled":true,"jetpack_shortlink":"https:\/\/wp.me\/p6cV7V-rZ","gt_translate_keys":[{"key":"link","format":"url"}],"_links":{"self":[{"href":"https:\/\/socialdesignmagazine.com\/mag\/wp-json\/wp\/v2\/posts\/1735","targetHints":{"allow":["GET"]}}],"collection":[{"href":"https:\/\/socialdesignmagazine.com\/mag\/wp-json\/wp\/v2\/posts"}],"about":[{"href":"https:\/\/socialdesignmagazine.com\/mag\/wp-json\/wp\/v2\/types\/post"}],"author":[{"embeddable":true,"href":"https:\/\/socialdesignmagazine.com\/mag\/wp-json\/wp\/v2\/users\/49"}],"replies":[{"embeddable":true,"href":"https:\/\/socialdesignmagazine.com\/mag\/wp-json\/wp\/v2\/comments?post=1735"}],"version-history":[{"count":1,"href":"https:\/\/socialdesignmagazine.com\/mag\/wp-json\/wp\/v2\/posts\/1735\/revisions"}],"predecessor-version":[{"id":60908,"href":"https:\/\/socialdesignmagazine.com\/mag\/wp-json\/wp\/v2\/posts\/1735\/revisions\/60908"}],"wp:featuredmedia":[{"embeddable":true,"href":"https:\/\/socialdesignmagazine.com\/mag\/wp-json\/wp\/v2\/media\/10216"}],"wp:attachment":[{"href":"https:\/\/socialdesignmagazine.com\/mag\/wp-json\/wp\/v2\/media?parent=1735"}],"wp:term":[{"taxonomy":"category","embeddable":true,"href":"https:\/\/socialdesignmagazine.com\/mag\/wp-json\/wp\/v2\/categories?post=1735"},{"taxonomy":"post_tag","embeddable":true,"href":"https:\/\/socialdesignmagazine.com\/mag\/wp-json\/wp\/v2\/tags?post=1735"}],"curies":[{"name":"wp","href":"https:\/\/api.w.org\/{rel}","templated":true}]}}