{"id":1832,"date":"2013-02-01T08:00:00","date_gmt":"2013-02-01T07:00:00","guid":{"rendered":"https:\/\/socialdesignmagazine.com\/mag\/s6-design\/c35-design\/sei-designer-finlandesi-per-la-collezione-sarjaton-di-iittala\/"},"modified":"2024-05-23T14:20:27","modified_gmt":"2024-05-23T12:20:27","slug":"sei-designer-finlandesi-per-la-collezione-sarjaton-di-iittala","status":"publish","type":"post","link":"https:\/\/socialdesignmagazine.com\/mag\/design\/sei-designer-finlandesi-per-la-collezione-sarjaton-di-iittala\/","title":{"rendered":"sei designer finlandesi per la collezione Sarjaton di iittala","gt_translate_keys":[{"key":"rendered","format":"text"}]},"content":{"rendered":"\n<p>C&#8217;\u00e8 il lavoro di <strong>sei designer finlandesi<\/strong> nella <strong>collezione Sarjaton di <a target=\"_blank\" class=\"jcepopup\" rel=\"nofollow noopener\" href=\"http:\/\/www.iittala.com\">Iittala<\/a><\/strong>, dietro la forma dei<strong> piatti<\/strong> di ceramica e del <strong>vassoio<\/strong> di legno Sarjaton si nasconde <strong>Harri Koskinen<\/strong>. <strong>Aleksi Kuokka<\/strong> ha disegnato il bicchiere. I due designer di <strong>Samuji<\/strong> hanno creato la fantasia Tikki, estremamente evocativa dei motivi tradizionali finlandesi, mentre la coppia di designer <strong>Musuta<\/strong> ha ideato le decorazioni Mets\u00e4 e Letti e lo schema di colori caldi della collezione.<\/p>\n\n\n\n<p><em>\u201cAbbiamo voluto creare una superficie opaca o in rilievo in modo che si possa percepire con le mani il piacere di toccare gli oggetti. Ci\u00f2 che caratterizza le fantasie \u00e8 la sensazione di artigianalit\u00e0 in un prodotto industriale. I modelli sono stati volutamen-te realizzati a mano in maniera da risultare unici e imperfetti. Volevamo lasciare spazio all\u2019errore, dal momento in cui l\u2019errore pu\u00f2 risultare interessante \u2013 nel senso che per noi non sminuisce l\u2019essere umano\u201d.<\/em><\/p>\n\n\n\n<p class=\"has-text-align-right\"><strong>Musuta<\/strong><\/p>\n\n\n<div class=\"wp-block-image\">\n<figure class=\"aligncenter\"><img loading=\"lazy\" decoding=\"async\" width=\"720\" height=\"968\" data-attachment-id=\"10713\" data-permalink=\"https:\/\/socialdesignmagazine.com\/mag\/design\/sei-designer-finlandesi-per-la-collezione-sarjaton-di-iittala\/attachment\/iittala-sarjaton-glass-34-cl-clear\/#content\" data-orig-file=\"https:\/\/socialdesignmagazine.com\/mag\/wp-content\/uploads\/2013\/02\/benedetto_iittala_linea_Sarjaton_iittala_Sarjaton_glass_34_cl_clear.jpg\" data-orig-size=\"720,968\" data-comments-opened=\"1\" data-image-meta=\"{&quot;aperture&quot;:&quot;20&quot;,&quot;credit&quot;:&quot;&quot;,&quot;camera&quot;:&quot;P45+&quot;,&quot;caption&quot;:&quot;&quot;,&quot;created_timestamp&quot;:&quot;1323820800&quot;,&quot;copyright&quot;:&quot;Timo Junttila&quot;,&quot;focal_length&quot;:&quot;120&quot;,&quot;iso&quot;:&quot;100&quot;,&quot;shutter_speed&quot;:&quot;0.00800002375657&quot;,&quot;title&quot;:&quot;&quot;,&quot;orientation&quot;:&quot;1&quot;}\" data-image-title=\"iittala Sarjaton glass 34 cl clear\" data-image-description=\"\" data-image-caption=\"\" data-medium-file=\"https:\/\/socialdesignmagazine.com\/mag\/wp-content\/uploads\/2013\/02\/benedetto_iittala_linea_Sarjaton_iittala_Sarjaton_glass_34_cl_clear-396x256.jpg\" data-large-file=\"https:\/\/socialdesignmagazine.com\/mag\/wp-content\/uploads\/2013\/02\/benedetto_iittala_linea_Sarjaton_iittala_Sarjaton_glass_34_cl_clear.jpg\" src=\"https:\/\/socialdesignmagazine.com\/mag\/wp-content\/uploads\/2013\/02\/benedetto_iittala_linea_Sarjaton_iittala_Sarjaton_glass_34_cl_clear.jpg\" alt=\"iittala Sarjaton glass 34 cl clear\" class=\"wp-image-10713\"\/><\/figure>\n<\/div>\n\n\n<p><em>\u201cIl design tradizionale finlandese, nonostante le sue forme sempli-ci ed essenziali, pu\u00f2 infondere calore ed \u00e8 in continua evoluzione, ma si ispira ad una tradizione artigiana.&nbsp; Ho voluto lavorare a mano libera e ritornare a metodi pi\u00f9 arti-gianali nel creare il bicchiere Sarjaton. Un disegno creato a computer \u00e8 sicuramente pi\u00f9 puro ed equilibrato ma manca di quella libert\u00e0 che possiede il disegno a mano libera&#8221;.<\/em><\/p>\n\n\n\n<p class=\"has-text-align-right\"><strong>Aleksi Kuokka<\/strong><\/p>\n\n\n<div class=\"wp-block-image\">\n<figure class=\"aligncenter\"><img loading=\"lazy\" decoding=\"async\" width=\"720\" height=\"454\" data-attachment-id=\"10714\" data-permalink=\"https:\/\/socialdesignmagazine.com\/mag\/design\/sei-designer-finlandesi-per-la-collezione-sarjaton-di-iittala\/attachment\/iittala-sarjaton-bowl-0-68l-letti-red-clay\/#content\" data-orig-file=\"https:\/\/socialdesignmagazine.com\/mag\/wp-content\/uploads\/2013\/02\/benedetto_iittala_linea_Sarjaton_iittala_Sarjaton_bowl_0.68L_Letti_red_clay.jpg\" data-orig-size=\"720,454\" data-comments-opened=\"1\" data-image-meta=\"{&quot;aperture&quot;:&quot;22&quot;,&quot;credit&quot;:&quot;&quot;,&quot;camera&quot;:&quot;P45+&quot;,&quot;caption&quot;:&quot;&quot;,&quot;created_timestamp&quot;:&quot;1323957421&quot;,&quot;copyright&quot;:&quot;Timo Junttila&quot;,&quot;focal_length&quot;:&quot;120&quot;,&quot;iso&quot;:&quot;50&quot;,&quot;shutter_speed&quot;:&quot;0.00800002375657&quot;,&quot;title&quot;:&quot;&quot;,&quot;orientation&quot;:&quot;1&quot;}\" data-image-title=\"iittala Sarjaton bowl 0.68L Letti red clay\" data-image-description=\"\" data-image-caption=\"\" data-medium-file=\"https:\/\/socialdesignmagazine.com\/mag\/wp-content\/uploads\/2013\/02\/benedetto_iittala_linea_Sarjaton_iittala_Sarjaton_bowl_0.68L_Letti_red_clay-396x256.jpg\" data-large-file=\"https:\/\/socialdesignmagazine.com\/mag\/wp-content\/uploads\/2013\/02\/benedetto_iittala_linea_Sarjaton_iittala_Sarjaton_bowl_0.68L_Letti_red_clay.jpg\" src=\"https:\/\/socialdesignmagazine.com\/mag\/wp-content\/uploads\/2013\/02\/benedetto_iittala_linea_Sarjaton_iittala_Sarjaton_bowl_0.68L_Letti_red_clay.jpg\" alt=\"iittala Sarjaton bowl 0.68L Letti red clay\" class=\"wp-image-10714\"\/><\/figure>\n<\/div>\n\n\n<p><em>\u201cC\u2019\u00e8 molto da attingere dalla tradizione popolare finlandese. L\u2019essenzialit\u00e0 rappre-senta un tratto distintivo della nostra sto-ria: la gente si arrangiava con quel che aveva a disposizione. Quando il denaro mancava, il lavoro veniva fatto con molta cura, e la nostra tradizione contempla ma-gnifici tessuti e tappeti, frequente utilizzo dei ricami e sculture decorative in legno\u201d.<\/em><\/p>\n\n\n\n<p class=\"has-text-align-right\"><strong>Samuji<\/strong><\/p>\n\n\n<div class=\"wp-block-image\">\n<figure class=\"aligncenter\"><img loading=\"lazy\" decoding=\"async\" width=\"720\" height=\"860\" data-attachment-id=\"10715\" data-permalink=\"https:\/\/socialdesignmagazine.com\/mag\/design\/sei-designer-finlandesi-per-la-collezione-sarjaton-di-iittala\/attachment\/iittala-sarjaton-mug-0-36l-letti-old-rose\/#content\" data-orig-file=\"https:\/\/socialdesignmagazine.com\/mag\/wp-content\/uploads\/2013\/02\/benedetto_iittala_linea_Sarjaton_iittala_Sarjaton_mug_0.36L_Letti_old_rose.jpg\" data-orig-size=\"720,860\" data-comments-opened=\"1\" data-image-meta=\"{&quot;aperture&quot;:&quot;22&quot;,&quot;credit&quot;:&quot;&quot;,&quot;camera&quot;:&quot;P45+&quot;,&quot;caption&quot;:&quot;&quot;,&quot;created_timestamp&quot;:&quot;1323907200&quot;,&quot;copyright&quot;:&quot;Timo Junttila&quot;,&quot;focal_length&quot;:&quot;120&quot;,&quot;iso&quot;:&quot;50&quot;,&quot;shutter_speed&quot;:&quot;0.00800002375657&quot;,&quot;title&quot;:&quot;&quot;,&quot;orientation&quot;:&quot;1&quot;}\" data-image-title=\"iittala Sarjaton mug 0.36L Letti old rose\" data-image-description=\"\" data-image-caption=\"\" data-medium-file=\"https:\/\/socialdesignmagazine.com\/mag\/wp-content\/uploads\/2013\/02\/benedetto_iittala_linea_Sarjaton_iittala_Sarjaton_mug_0.36L_Letti_old_rose-396x256.jpg\" data-large-file=\"https:\/\/socialdesignmagazine.com\/mag\/wp-content\/uploads\/2013\/02\/benedetto_iittala_linea_Sarjaton_iittala_Sarjaton_mug_0.36L_Letti_old_rose.jpg\" src=\"https:\/\/socialdesignmagazine.com\/mag\/wp-content\/uploads\/2013\/02\/benedetto_iittala_linea_Sarjaton_iittala_Sarjaton_mug_0.36L_Letti_old_rose.jpg\" alt=\"iittala Sarjaton mug 0.36L Letti old rose\" class=\"wp-image-10715\"\/><\/figure>\n<\/div>\n\n<div class=\"wp-block-image\">\n<figure class=\"aligncenter\"><img loading=\"lazy\" decoding=\"async\" width=\"720\" height=\"831\" data-attachment-id=\"10716\" data-permalink=\"https:\/\/socialdesignmagazine.com\/mag\/design\/sei-designer-finlandesi-per-la-collezione-sarjaton-di-iittala\/attachment\/iittala-sarjaton-mug-0-36-l-tikki\/#content\" data-orig-file=\"https:\/\/socialdesignmagazine.com\/mag\/wp-content\/uploads\/2013\/02\/benedetto_iittala_linea_Sarjaton_iittala_Sarjaton_mug_0.36_L_Tikki.jpg\" data-orig-size=\"720,831\" data-comments-opened=\"1\" data-image-meta=\"{&quot;aperture&quot;:&quot;22&quot;,&quot;credit&quot;:&quot;&quot;,&quot;camera&quot;:&quot;P45+&quot;,&quot;caption&quot;:&quot;&quot;,&quot;created_timestamp&quot;:&quot;1323907200&quot;,&quot;copyright&quot;:&quot;Timo Junttila&quot;,&quot;focal_length&quot;:&quot;120&quot;,&quot;iso&quot;:&quot;50&quot;,&quot;shutter_speed&quot;:&quot;0.00800002375657&quot;,&quot;title&quot;:&quot;&quot;,&quot;orientation&quot;:&quot;1&quot;}\" data-image-title=\"iittala Sarjaton mug 0.36 L Tikki\" data-image-description=\"\" data-image-caption=\"\" data-medium-file=\"https:\/\/socialdesignmagazine.com\/mag\/wp-content\/uploads\/2013\/02\/benedetto_iittala_linea_Sarjaton_iittala_Sarjaton_mug_0.36_L_Tikki-396x256.jpg\" data-large-file=\"https:\/\/socialdesignmagazine.com\/mag\/wp-content\/uploads\/2013\/02\/benedetto_iittala_linea_Sarjaton_iittala_Sarjaton_mug_0.36_L_Tikki.jpg\" src=\"https:\/\/socialdesignmagazine.com\/mag\/wp-content\/uploads\/2013\/02\/benedetto_iittala_linea_Sarjaton_iittala_Sarjaton_mug_0.36_L_Tikki.jpg\" alt=\"iittala Sarjaton mug 0.36 L Tikki\" class=\"wp-image-10716\"\/><\/figure>\n<\/div>\n\n<div class=\"wp-block-image\">\n<figure class=\"aligncenter\"><img loading=\"lazy\" decoding=\"async\" width=\"720\" height=\"827\" data-attachment-id=\"10717\" data-permalink=\"https:\/\/socialdesignmagazine.com\/mag\/design\/sei-designer-finlandesi-per-la-collezione-sarjaton-di-iittala\/attachment\/iittala-sarjaton-plate-22-cm-letti-pearl-grey\/#content\" data-orig-file=\"https:\/\/socialdesignmagazine.com\/mag\/wp-content\/uploads\/2013\/02\/benedetto_iittala_linea_Sarjaton_iittala_Sarjaton_plate_22_cm_Letti_pearl_grey.jpg\" data-orig-size=\"720,827\" data-comments-opened=\"1\" data-image-meta=\"{&quot;aperture&quot;:&quot;16&quot;,&quot;credit&quot;:&quot;&quot;,&quot;camera&quot;:&quot;P45+&quot;,&quot;caption&quot;:&quot;&quot;,&quot;created_timestamp&quot;:&quot;1323907200&quot;,&quot;copyright&quot;:&quot;Timo Junttila&quot;,&quot;focal_length&quot;:&quot;120&quot;,&quot;iso&quot;:&quot;50&quot;,&quot;shutter_speed&quot;:&quot;0.00800002375657&quot;,&quot;title&quot;:&quot;&quot;,&quot;orientation&quot;:&quot;1&quot;}\" data-image-title=\"iittala Sarjaton plate 22 cm Letti pearl grey\" data-image-description=\"\" data-image-caption=\"\" data-medium-file=\"https:\/\/socialdesignmagazine.com\/mag\/wp-content\/uploads\/2013\/02\/benedetto_iittala_linea_Sarjaton_iittala_Sarjaton_plate_22_cm_Letti_pearl_grey-396x256.jpg\" data-large-file=\"https:\/\/socialdesignmagazine.com\/mag\/wp-content\/uploads\/2013\/02\/benedetto_iittala_linea_Sarjaton_iittala_Sarjaton_plate_22_cm_Letti_pearl_grey.jpg\" src=\"https:\/\/socialdesignmagazine.com\/mag\/wp-content\/uploads\/2013\/02\/benedetto_iittala_linea_Sarjaton_iittala_Sarjaton_plate_22_cm_Letti_pearl_grey.jpg\" alt=\"iittala Sarjaton plate 22 cm Letti pearl grey\" class=\"wp-image-10717\"\/><\/figure>\n<\/div>\n\n\n<p><em>\u201cI designer spesso si dimenticano che un piatto \u00e8 fatto per mangiare. L\u2019idea dei piatti Sarjaton \u00e8 quella di creare una conca senza nessuno spigolo, in modo che il cibo si adagi naturalmente al centro del piatto. Un&#8217;altra ispirazione per la forma \u00e8 stata la volont\u00e0 di trasmettere qualcosa di etereo, curva senza interruzioni&#8221;.<\/em><\/p>\n\n\n\n<p class=\"has-text-align-right\"><strong>Harri Koskinen<\/strong><\/p>\n","protected":false,"gt_translate_keys":[{"key":"rendered","format":"html"}]},"excerpt":{"rendered":"<p>C&#8217;\u00e8 il lavoro di sei designer finlandesi nella collezione Sarjaton di Iittala, dietro la forma dei piatti di ceramica e del vassoio di legno Sarjaton si nasconde Harri Koskinen. Aleksi Kuokka ha disegnato il bicchiere.<\/p>\n","protected":false,"gt_translate_keys":[{"key":"rendered","format":"html"}]},"author":1,"featured_media":10712,"comment_status":"open","ping_status":"open","sticky":false,"template":"","format":"standard","meta":{"jetpack_post_was_ever_published":false,"_jetpack_newsletter_access":"","_jetpack_dont_email_post_to_subs":false,"_jetpack_newsletter_tier_id":0,"_jetpack_memberships_contains_paywalled_content":false,"_jetpack_memberships_contains_paid_content":false,"footnotes":"","_wpscppro_dont_share_socialmedia":false,"_wpscppro_custom_social_share_image":0,"_facebook_share_type":"","_twitter_share_type":"","_linkedin_share_type":"","_pinterest_share_type":"","_linkedin_share_type_page":"","_instagram_share_type":"","_medium_share_type":"","_threads_share_type":"","_google_business_share_type":"","_selected_social_profile":[],"_wpsp_enable_custom_social_template":false,"_wpsp_social_scheduling":{"enabled":false,"datetime":null,"platforms":[],"status":"template_only","dateOption":"today","timeOption":"now","customDays":"","customHours":"","customDate":"","customTime":"","schedulingType":"absolute"},"_wpsp_active_default_template":true},"categories":[13],"tags":[2894,2893,1924],"class_list":["post-1832","post","type-post","status-publish","format-standard","has-post-thumbnail","hentry","category-design","tag-bicchiere","tag-iittala","tag-piatti"],"yoast_head":"<!-- This site is optimized with the Yoast SEO plugin v27.2 - https:\/\/yoast.com\/product\/yoast-seo-wordpress\/ -->\n<title>sei designer finlandesi per la collezione Sarjaton di iittala - Social Design Magazine<\/title>\n<meta name=\"description\" content=\"C&#039;\u00e8 il lavoro di sei designer finlandesi nella collezione Sarjaton di Iittala, dietro la forma dei piatti di ceramica e del vassoio di legno Sarjaton si nasconde Harri Koskinen. Aleksi Kuokka ha disegnato il bicchiere.\" \/>\n<meta name=\"robots\" content=\"index, follow, max-snippet:-1, max-image-preview:large, max-video-preview:-1\" \/>\n<link rel=\"canonical\" href=\"https:\/\/socialdesignmagazine.com\/mag\/design\/sei-designer-finlandesi-per-la-collezione-sarjaton-di-iittala\/\" \/>\n<meta property=\"og:locale\" content=\"it_IT\" \/>\n<meta property=\"og:type\" content=\"article\" \/>\n<meta property=\"og:title\" content=\"sei designer finlandesi per la collezione Sarjaton di iittala - Social Design Magazine\" \/>\n<meta property=\"og:description\" content=\"C&#039;\u00e8 il lavoro di sei designer finlandesi nella collezione Sarjaton di Iittala, dietro la forma dei piatti di ceramica e del vassoio di legno Sarjaton si nasconde Harri Koskinen. Aleksi Kuokka ha disegnato il bicchiere.\" \/>\n<meta property=\"og:url\" content=\"http:\/\/socialdesignmagazine.com\/mag\/design\/sei-designer-finlandesi-per-la-collezione-sarjaton-di-iittala\/\" \/>\n<meta property=\"og:site_name\" content=\"Social Design Magazine\" \/>\n<meta property=\"article:publisher\" content=\"https:\/\/www.facebook.com\/socialdesignmag\" \/>\n<meta property=\"article:author\" content=\"https:\/\/www.facebook.com\/benedettofiori\" \/>\n<meta property=\"article:published_time\" content=\"2013-02-01T07:00:00+00:00\" \/>\n<meta property=\"article:modified_time\" content=\"2024-05-23T12:20:27+00:00\" \/>\n<meta property=\"og:image\" content=\"https:\/\/socialdesignmagazine.com\/mag\/wp-content\/uploads\/2013\/02\/benedetto_iittala_linea_Sarjaton_iittala_Sarjaton_group_white_2.jpg\" \/>\n\t<meta property=\"og:image:width\" content=\"720\" \/>\n\t<meta property=\"og:image:height\" content=\"540\" \/>\n\t<meta property=\"og:image:type\" content=\"image\/jpeg\" \/>\n<meta name=\"author\" content=\"Benedetto Fiori\" \/>\n<meta name=\"twitter:card\" content=\"summary_large_image\" \/>\n<meta name=\"twitter:creator\" content=\"@benedettofiori\" \/>\n<meta name=\"twitter:site\" content=\"@socialdesignmag\" \/>\n<meta name=\"twitter:label1\" content=\"Scritto da\" \/>\n\t<meta name=\"twitter:data1\" content=\"Benedetto Fiori\" \/>\n\t<meta name=\"twitter:label2\" content=\"Tempo di lettura stimato\" \/>\n\t<meta name=\"twitter:data2\" content=\"3 minuti\" \/>\n<script type=\"application\/ld+json\" class=\"yoast-schema-graph\">{\"@context\":\"https:\/\/schema.org\",\"@graph\":[{\"@type\":\"Article\",\"@id\":\"https:\/\/socialdesignmagazine.com\/mag\/design\/sei-designer-finlandesi-per-la-collezione-sarjaton-di-iittala\/#article\",\"isPartOf\":{\"@id\":\"https:\/\/socialdesignmagazine.com\/mag\/design\/sei-designer-finlandesi-per-la-collezione-sarjaton-di-iittala\/\"},\"author\":{\"name\":\"Benedetto Fiori\",\"@id\":\"https:\/\/socialdesignmagazine.com\/mag\/#\/schema\/person\/61e20205cc363c315e6aabd33a045846\"},\"headline\":\"sei designer finlandesi per la collezione Sarjaton di iittala\",\"datePublished\":\"2013-02-01T07:00:00+00:00\",\"dateModified\":\"2024-05-23T12:20:27+00:00\",\"mainEntityOfPage\":{\"@id\":\"https:\/\/socialdesignmagazine.com\/mag\/design\/sei-designer-finlandesi-per-la-collezione-sarjaton-di-iittala\/\"},\"wordCount\":337,\"commentCount\":0,\"publisher\":{\"@id\":\"https:\/\/socialdesignmagazine.com\/mag\/#organization\"},\"image\":{\"@id\":\"https:\/\/socialdesignmagazine.com\/mag\/design\/sei-designer-finlandesi-per-la-collezione-sarjaton-di-iittala\/#primaryimage\"},\"thumbnailUrl\":\"https:\/\/socialdesignmagazine.com\/mag\/wp-content\/uploads\/2013\/02\/benedetto_iittala_linea_Sarjaton_iittala_Sarjaton_group_white_2.jpg\",\"keywords\":[\"bicchiere\",\"iittala\",\"piatti\"],\"articleSection\":[\"Design\"],\"inLanguage\":\"it-IT\",\"potentialAction\":[{\"@type\":\"CommentAction\",\"name\":\"Comment\",\"target\":[\"https:\/\/socialdesignmagazine.com\/mag\/design\/sei-designer-finlandesi-per-la-collezione-sarjaton-di-iittala\/#respond\"]}]},{\"@type\":\"WebPage\",\"@id\":\"https:\/\/socialdesignmagazine.com\/mag\/design\/sei-designer-finlandesi-per-la-collezione-sarjaton-di-iittala\/\",\"url\":\"https:\/\/socialdesignmagazine.com\/mag\/design\/sei-designer-finlandesi-per-la-collezione-sarjaton-di-iittala\/\",\"name\":\"sei designer finlandesi per la collezione Sarjaton di iittala - Social Design Magazine\",\"isPartOf\":{\"@id\":\"https:\/\/socialdesignmagazine.com\/mag\/#website\"},\"primaryImageOfPage\":{\"@id\":\"https:\/\/socialdesignmagazine.com\/mag\/design\/sei-designer-finlandesi-per-la-collezione-sarjaton-di-iittala\/#primaryimage\"},\"image\":{\"@id\":\"https:\/\/socialdesignmagazine.com\/mag\/design\/sei-designer-finlandesi-per-la-collezione-sarjaton-di-iittala\/#primaryimage\"},\"thumbnailUrl\":\"https:\/\/socialdesignmagazine.com\/mag\/wp-content\/uploads\/2013\/02\/benedetto_iittala_linea_Sarjaton_iittala_Sarjaton_group_white_2.jpg\",\"datePublished\":\"2013-02-01T07:00:00+00:00\",\"dateModified\":\"2024-05-23T12:20:27+00:00\",\"description\":\"C'\u00e8 il lavoro di sei designer finlandesi nella collezione Sarjaton di Iittala, dietro la forma dei piatti di ceramica e del vassoio di legno Sarjaton si nasconde Harri Koskinen. Aleksi Kuokka ha disegnato il bicchiere.\",\"breadcrumb\":{\"@id\":\"https:\/\/socialdesignmagazine.com\/mag\/design\/sei-designer-finlandesi-per-la-collezione-sarjaton-di-iittala\/#breadcrumb\"},\"inLanguage\":\"it-IT\",\"potentialAction\":[{\"@type\":\"ReadAction\",\"target\":[\"https:\/\/socialdesignmagazine.com\/mag\/design\/sei-designer-finlandesi-per-la-collezione-sarjaton-di-iittala\/\"]}]},{\"@type\":\"ImageObject\",\"inLanguage\":\"it-IT\",\"@id\":\"https:\/\/socialdesignmagazine.com\/mag\/design\/sei-designer-finlandesi-per-la-collezione-sarjaton-di-iittala\/#primaryimage\",\"url\":\"https:\/\/socialdesignmagazine.com\/mag\/wp-content\/uploads\/2013\/02\/benedetto_iittala_linea_Sarjaton_iittala_Sarjaton_group_white_2.jpg\",\"contentUrl\":\"https:\/\/socialdesignmagazine.com\/mag\/wp-content\/uploads\/2013\/02\/benedetto_iittala_linea_Sarjaton_iittala_Sarjaton_group_white_2.jpg\",\"width\":720,\"height\":540,\"caption\":\"iittala Sarjaton group white 2\"},{\"@type\":\"BreadcrumbList\",\"@id\":\"https:\/\/socialdesignmagazine.com\/mag\/design\/sei-designer-finlandesi-per-la-collezione-sarjaton-di-iittala\/#breadcrumb\",\"itemListElement\":[{\"@type\":\"ListItem\",\"position\":1,\"name\":\"Home\",\"item\":\"https:\/\/socialdesignmagazine.com\/mag\/\"},{\"@type\":\"ListItem\",\"position\":2,\"name\":\"Design\",\"item\":\"https:\/\/socialdesignmagazine.com\/mag\/design\/\"},{\"@type\":\"ListItem\",\"position\":3,\"name\":\"sei designer finlandesi per la collezione Sarjaton di iittala\"}]},{\"@type\":\"WebSite\",\"@id\":\"https:\/\/socialdesignmagazine.com\/mag\/#website\",\"url\":\"https:\/\/socialdesignmagazine.com\/mag\/\",\"name\":\"Social Design Magazine\",\"description\":\"Social Magazine su Design, Architettura, Arte, Grafica\",\"publisher\":{\"@id\":\"https:\/\/socialdesignmagazine.com\/mag\/#organization\"},\"potentialAction\":[{\"@type\":\"SearchAction\",\"target\":{\"@type\":\"EntryPoint\",\"urlTemplate\":\"https:\/\/socialdesignmagazine.com\/mag\/?s={search_term_string}\"},\"query-input\":{\"@type\":\"PropertyValueSpecification\",\"valueRequired\":true,\"valueName\":\"search_term_string\"}}],\"inLanguage\":\"it-IT\"},{\"@type\":\"Organization\",\"@id\":\"https:\/\/socialdesignmagazine.com\/mag\/#organization\",\"name\":\"Social Design Magazine\",\"url\":\"https:\/\/socialdesignmagazine.com\/mag\/\",\"logo\":{\"@type\":\"ImageObject\",\"inLanguage\":\"it-IT\",\"@id\":\"https:\/\/socialdesignmagazine.com\/mag\/#\/schema\/logo\/image\/\",\"url\":\"https:\/\/socialdesignmagazine.com\/mag\/wp-content\/uploads\/2017\/01\/logo_favicon_11.png\",\"contentUrl\":\"https:\/\/socialdesignmagazine.com\/mag\/wp-content\/uploads\/2017\/01\/logo_favicon_11.png\",\"width\":1024,\"height\":1024,\"caption\":\"Social Design Magazine\"},\"image\":{\"@id\":\"https:\/\/socialdesignmagazine.com\/mag\/#\/schema\/logo\/image\/\"},\"sameAs\":[\"https:\/\/www.facebook.com\/socialdesignmag\",\"https:\/\/x.com\/socialdesignmag\",\"http:\/\/instagram.com\/social_design_magazine\/\",\"http:\/\/pinterest.com\/socialdesignmag\/\",\"http:\/\/www.youtube.com\/user\/socialdesignmagazine\"]},{\"@type\":\"Person\",\"@id\":\"https:\/\/socialdesignmagazine.com\/mag\/#\/schema\/person\/61e20205cc363c315e6aabd33a045846\",\"name\":\"Benedetto Fiori\",\"image\":{\"@type\":\"ImageObject\",\"inLanguage\":\"it-IT\",\"@id\":\"https:\/\/secure.gravatar.com\/avatar\/450a48cefa36da63d920ad70aa660bd10725b1c6093800242e5efdb397759033?s=96&d=mm&r=g\",\"url\":\"https:\/\/secure.gravatar.com\/avatar\/450a48cefa36da63d920ad70aa660bd10725b1c6093800242e5efdb397759033?s=96&d=mm&r=g\",\"contentUrl\":\"https:\/\/secure.gravatar.com\/avatar\/450a48cefa36da63d920ad70aa660bd10725b1c6093800242e5efdb397759033?s=96&d=mm&r=g\",\"caption\":\"Benedetto Fiori\"},\"description\":\"Web | Twitter | Facebook | Shutterstock Founder &amp; Editor in Chief di Social Design Magazine. Attratto da sempre da tutto ci\u00f2 che \u00e8 creativit\u00e0, design, architettura. Dopo aver studiato Architettura all'Universit\u00e0 di Firenze, si \u00e8 impegnato in molteplici campi: comunicazione grafica, progettazione di allestimenti fieristici, brand design, Interior Design.\",\"sameAs\":[\"http:\/\/benedettofiori.com\",\"https:\/\/www.facebook.com\/benedettofiori\",\"https:\/\/x.com\/benedettofiori\"],\"url\":\"https:\/\/socialdesignmagazine.com\/mag\/author\/benedetto\/\"}]}<\/script>\n<!-- \/ Yoast SEO plugin. -->","yoast_head_json":{"title":"sei designer finlandesi per la collezione Sarjaton di iittala - Social Design Magazine","description":"C'\u00e8 il lavoro di sei designer finlandesi nella collezione Sarjaton di Iittala, dietro la forma dei piatti di ceramica e del vassoio di legno Sarjaton si nasconde Harri Koskinen. Aleksi Kuokka ha disegnato il bicchiere.","robots":{"index":"index","follow":"follow","max-snippet":"max-snippet:-1","max-image-preview":"max-image-preview:large","max-video-preview":"max-video-preview:-1"},"canonical":"https:\/\/socialdesignmagazine.com\/mag\/design\/sei-designer-finlandesi-per-la-collezione-sarjaton-di-iittala\/","og_locale":"it_IT","og_type":"article","og_title":"sei designer finlandesi per la collezione Sarjaton di iittala - Social Design Magazine","og_description":"C'\u00e8 il lavoro di sei designer finlandesi nella collezione Sarjaton di Iittala, dietro la forma dei piatti di ceramica e del vassoio di legno Sarjaton si nasconde Harri Koskinen. Aleksi Kuokka ha disegnato il bicchiere.","og_url":"http:\/\/socialdesignmagazine.com\/mag\/design\/sei-designer-finlandesi-per-la-collezione-sarjaton-di-iittala\/","og_site_name":"Social Design Magazine","article_publisher":"https:\/\/www.facebook.com\/socialdesignmag","article_author":"https:\/\/www.facebook.com\/benedettofiori","article_published_time":"2013-02-01T07:00:00+00:00","article_modified_time":"2024-05-23T12:20:27+00:00","og_image":[{"width":720,"height":540,"url":"https:\/\/socialdesignmagazine.com\/mag\/wp-content\/uploads\/2013\/02\/benedetto_iittala_linea_Sarjaton_iittala_Sarjaton_group_white_2.jpg","type":"image\/jpeg"}],"author":"Benedetto Fiori","twitter_card":"summary_large_image","twitter_creator":"@benedettofiori","twitter_site":"@socialdesignmag","twitter_misc":{"Scritto da":"Benedetto Fiori","Tempo di lettura stimato":"3 minuti"},"schema":{"@context":"https:\/\/schema.org","@graph":[{"@type":"Article","@id":"https:\/\/socialdesignmagazine.com\/mag\/design\/sei-designer-finlandesi-per-la-collezione-sarjaton-di-iittala\/#article","isPartOf":{"@id":"https:\/\/socialdesignmagazine.com\/mag\/design\/sei-designer-finlandesi-per-la-collezione-sarjaton-di-iittala\/"},"author":{"name":"Benedetto Fiori","@id":"https:\/\/socialdesignmagazine.com\/mag\/#\/schema\/person\/61e20205cc363c315e6aabd33a045846"},"headline":"sei designer finlandesi per la collezione Sarjaton di iittala","datePublished":"2013-02-01T07:00:00+00:00","dateModified":"2024-05-23T12:20:27+00:00","mainEntityOfPage":{"@id":"https:\/\/socialdesignmagazine.com\/mag\/design\/sei-designer-finlandesi-per-la-collezione-sarjaton-di-iittala\/"},"wordCount":337,"commentCount":0,"publisher":{"@id":"https:\/\/socialdesignmagazine.com\/mag\/#organization"},"image":{"@id":"https:\/\/socialdesignmagazine.com\/mag\/design\/sei-designer-finlandesi-per-la-collezione-sarjaton-di-iittala\/#primaryimage"},"thumbnailUrl":"https:\/\/socialdesignmagazine.com\/mag\/wp-content\/uploads\/2013\/02\/benedetto_iittala_linea_Sarjaton_iittala_Sarjaton_group_white_2.jpg","keywords":["bicchiere","iittala","piatti"],"articleSection":["Design"],"inLanguage":"it-IT","potentialAction":[{"@type":"CommentAction","name":"Comment","target":["https:\/\/socialdesignmagazine.com\/mag\/design\/sei-designer-finlandesi-per-la-collezione-sarjaton-di-iittala\/#respond"]}]},{"@type":"WebPage","@id":"https:\/\/socialdesignmagazine.com\/mag\/design\/sei-designer-finlandesi-per-la-collezione-sarjaton-di-iittala\/","url":"https:\/\/socialdesignmagazine.com\/mag\/design\/sei-designer-finlandesi-per-la-collezione-sarjaton-di-iittala\/","name":"sei designer finlandesi per la collezione Sarjaton di iittala - Social Design Magazine","isPartOf":{"@id":"https:\/\/socialdesignmagazine.com\/mag\/#website"},"primaryImageOfPage":{"@id":"https:\/\/socialdesignmagazine.com\/mag\/design\/sei-designer-finlandesi-per-la-collezione-sarjaton-di-iittala\/#primaryimage"},"image":{"@id":"https:\/\/socialdesignmagazine.com\/mag\/design\/sei-designer-finlandesi-per-la-collezione-sarjaton-di-iittala\/#primaryimage"},"thumbnailUrl":"https:\/\/socialdesignmagazine.com\/mag\/wp-content\/uploads\/2013\/02\/benedetto_iittala_linea_Sarjaton_iittala_Sarjaton_group_white_2.jpg","datePublished":"2013-02-01T07:00:00+00:00","dateModified":"2024-05-23T12:20:27+00:00","description":"C'\u00e8 il lavoro di sei designer finlandesi nella collezione Sarjaton di Iittala, dietro la forma dei piatti di ceramica e del vassoio di legno Sarjaton si nasconde Harri Koskinen. Aleksi Kuokka ha disegnato il bicchiere.","breadcrumb":{"@id":"https:\/\/socialdesignmagazine.com\/mag\/design\/sei-designer-finlandesi-per-la-collezione-sarjaton-di-iittala\/#breadcrumb"},"inLanguage":"it-IT","potentialAction":[{"@type":"ReadAction","target":["https:\/\/socialdesignmagazine.com\/mag\/design\/sei-designer-finlandesi-per-la-collezione-sarjaton-di-iittala\/"]}]},{"@type":"ImageObject","inLanguage":"it-IT","@id":"https:\/\/socialdesignmagazine.com\/mag\/design\/sei-designer-finlandesi-per-la-collezione-sarjaton-di-iittala\/#primaryimage","url":"https:\/\/socialdesignmagazine.com\/mag\/wp-content\/uploads\/2013\/02\/benedetto_iittala_linea_Sarjaton_iittala_Sarjaton_group_white_2.jpg","contentUrl":"https:\/\/socialdesignmagazine.com\/mag\/wp-content\/uploads\/2013\/02\/benedetto_iittala_linea_Sarjaton_iittala_Sarjaton_group_white_2.jpg","width":720,"height":540,"caption":"iittala Sarjaton group white 2"},{"@type":"BreadcrumbList","@id":"https:\/\/socialdesignmagazine.com\/mag\/design\/sei-designer-finlandesi-per-la-collezione-sarjaton-di-iittala\/#breadcrumb","itemListElement":[{"@type":"ListItem","position":1,"name":"Home","item":"https:\/\/socialdesignmagazine.com\/mag\/"},{"@type":"ListItem","position":2,"name":"Design","item":"https:\/\/socialdesignmagazine.com\/mag\/design\/"},{"@type":"ListItem","position":3,"name":"sei designer finlandesi per la collezione Sarjaton di iittala"}]},{"@type":"WebSite","@id":"https:\/\/socialdesignmagazine.com\/mag\/#website","url":"https:\/\/socialdesignmagazine.com\/mag\/","name":"Social Design Magazine","description":"Social Magazine su Design, Architettura, Arte, Grafica","publisher":{"@id":"https:\/\/socialdesignmagazine.com\/mag\/#organization"},"potentialAction":[{"@type":"SearchAction","target":{"@type":"EntryPoint","urlTemplate":"https:\/\/socialdesignmagazine.com\/mag\/?s={search_term_string}"},"query-input":{"@type":"PropertyValueSpecification","valueRequired":true,"valueName":"search_term_string"}}],"inLanguage":"it-IT"},{"@type":"Organization","@id":"https:\/\/socialdesignmagazine.com\/mag\/#organization","name":"Social Design Magazine","url":"https:\/\/socialdesignmagazine.com\/mag\/","logo":{"@type":"ImageObject","inLanguage":"it-IT","@id":"https:\/\/socialdesignmagazine.com\/mag\/#\/schema\/logo\/image\/","url":"https:\/\/socialdesignmagazine.com\/mag\/wp-content\/uploads\/2017\/01\/logo_favicon_11.png","contentUrl":"https:\/\/socialdesignmagazine.com\/mag\/wp-content\/uploads\/2017\/01\/logo_favicon_11.png","width":1024,"height":1024,"caption":"Social Design Magazine"},"image":{"@id":"https:\/\/socialdesignmagazine.com\/mag\/#\/schema\/logo\/image\/"},"sameAs":["https:\/\/www.facebook.com\/socialdesignmag","https:\/\/x.com\/socialdesignmag","http:\/\/instagram.com\/social_design_magazine\/","http:\/\/pinterest.com\/socialdesignmag\/","http:\/\/www.youtube.com\/user\/socialdesignmagazine"]},{"@type":"Person","@id":"https:\/\/socialdesignmagazine.com\/mag\/#\/schema\/person\/61e20205cc363c315e6aabd33a045846","name":"Benedetto Fiori","image":{"@type":"ImageObject","inLanguage":"it-IT","@id":"https:\/\/secure.gravatar.com\/avatar\/450a48cefa36da63d920ad70aa660bd10725b1c6093800242e5efdb397759033?s=96&d=mm&r=g","url":"https:\/\/secure.gravatar.com\/avatar\/450a48cefa36da63d920ad70aa660bd10725b1c6093800242e5efdb397759033?s=96&d=mm&r=g","contentUrl":"https:\/\/secure.gravatar.com\/avatar\/450a48cefa36da63d920ad70aa660bd10725b1c6093800242e5efdb397759033?s=96&d=mm&r=g","caption":"Benedetto Fiori"},"description":"Web | Twitter | Facebook | Shutterstock Founder &amp; Editor in Chief di Social Design Magazine. Attratto da sempre da tutto ci\u00f2 che \u00e8 creativit\u00e0, design, architettura. Dopo aver studiato Architettura all'Universit\u00e0 di Firenze, si \u00e8 impegnato in molteplici campi: comunicazione grafica, progettazione di allestimenti fieristici, brand design, Interior Design.","sameAs":["http:\/\/benedettofiori.com","https:\/\/www.facebook.com\/benedettofiori","https:\/\/x.com\/benedettofiori"],"url":"https:\/\/socialdesignmagazine.com\/mag\/author\/benedetto\/"}]}},"jetpack_featured_media_url":"https:\/\/socialdesignmagazine.com\/mag\/wp-content\/uploads\/2013\/02\/benedetto_iittala_linea_Sarjaton_iittala_Sarjaton_group_white_2.jpg","jetpack_sharing_enabled":true,"jetpack_shortlink":"https:\/\/wp.me\/p6cV7V-ty","gt_translate_keys":[{"key":"link","format":"url"}],"_links":{"self":[{"href":"https:\/\/socialdesignmagazine.com\/mag\/wp-json\/wp\/v2\/posts\/1832","targetHints":{"allow":["GET"]}}],"collection":[{"href":"https:\/\/socialdesignmagazine.com\/mag\/wp-json\/wp\/v2\/posts"}],"about":[{"href":"https:\/\/socialdesignmagazine.com\/mag\/wp-json\/wp\/v2\/types\/post"}],"author":[{"embeddable":true,"href":"https:\/\/socialdesignmagazine.com\/mag\/wp-json\/wp\/v2\/users\/1"}],"replies":[{"embeddable":true,"href":"https:\/\/socialdesignmagazine.com\/mag\/wp-json\/wp\/v2\/comments?post=1832"}],"version-history":[{"count":1,"href":"https:\/\/socialdesignmagazine.com\/mag\/wp-json\/wp\/v2\/posts\/1832\/revisions"}],"predecessor-version":[{"id":61042,"href":"https:\/\/socialdesignmagazine.com\/mag\/wp-json\/wp\/v2\/posts\/1832\/revisions\/61042"}],"wp:featuredmedia":[{"embeddable":true,"href":"https:\/\/socialdesignmagazine.com\/mag\/wp-json\/wp\/v2\/media\/10712"}],"wp:attachment":[{"href":"https:\/\/socialdesignmagazine.com\/mag\/wp-json\/wp\/v2\/media?parent=1832"}],"wp:term":[{"taxonomy":"category","embeddable":true,"href":"https:\/\/socialdesignmagazine.com\/mag\/wp-json\/wp\/v2\/categories?post=1832"},{"taxonomy":"post_tag","embeddable":true,"href":"https:\/\/socialdesignmagazine.com\/mag\/wp-json\/wp\/v2\/tags?post=1832"}],"curies":[{"name":"wp","href":"https:\/\/api.w.org\/{rel}","templated":true}]}}