{"id":1872,"date":"2013-02-13T14:00:00","date_gmt":"2013-02-13T13:00:00","guid":{"rendered":"https:\/\/socialdesignmagazine.com\/mag\/s6-design\/c35-design\/karen-chekerdjian-studio-confessional-home-office-stand\/"},"modified":"2024-05-23T23:05:40","modified_gmt":"2024-05-23T21:05:40","slug":"karen-chekerdjian-studio-confessional-home-office-stand","status":"publish","type":"post","link":"https:\/\/socialdesignmagazine.com\/mag\/design\/karen-chekerdjian-studio-confessional-home-office-stand\/","title":{"rendered":"Karen Chekerdjian Studio \/ Confessional, home office stand","gt_translate_keys":[{"key":"rendered","format":"text"}]},"content":{"rendered":"\n<p>Il sistema disegnato da <strong><a class=\"jcepopup\" href=\"http:\/\/www.karenchekerdjian.com\" target=\"_blank\" rel=\"nofollow noopener\">Karen Chekerdjian<\/a><\/strong> \u00e8 composto da quattro parti uno schermo, due tavoli e uno sgabello, originariamente \u00e8 stato concepito come installazione per una mostra tenutasi a Beirut, dal titolo la &#8220;House of Today&#8221;. Alla base di tutto c&#8217;\u00e8 il concetto del <strong>confessionale<\/strong>, il semi-vedere attraverso uno schermo di maglia di alluminio, \u00e8 stato progettato come un divisorio per creare un bozzolo di privacy. Dotato di uno specchio e ganci, \u00e8 una perfetta aggiunta a qualsiasi boudoir, diventando un camerino mobile.<\/p>\n\n\n\n<p>I tavoli, che sono disponibili in entrambe le dimensioni, tavolo da trucco e da ufficio, possono essere utilizzati anche separatamente. Con un top melamminico e tenuti insieme da un supporto di metallo laccato, i tavoli sono in legno massello di rovere, rispettando il concetto generale del nascosto e rivelato.<\/p>\n\n\n<div class=\"wp-block-image\">\n<figure class=\"aligncenter\"><img loading=\"lazy\" decoding=\"async\" width=\"720\" height=\"944\" data-attachment-id=\"11018\" data-permalink=\"https:\/\/socialdesignmagazine.com\/mag\/design\/karen-chekerdjian-studio-confessional-home-office-stand\/attachment\/karen-chekerdjian-confessional-02\/#content\" data-orig-file=\"https:\/\/socialdesignmagazine.com\/mag\/wp-content\/uploads\/2013\/02\/benedetto_Karen_Chekerdjian_confessionale_Karen_Chekerdjian_confessional-02.jpg\" data-orig-size=\"720,944\" data-comments-opened=\"1\" data-image-meta=\"{&quot;aperture&quot;:&quot;0&quot;,&quot;credit&quot;:&quot;&quot;,&quot;camera&quot;:&quot;&quot;,&quot;caption&quot;:&quot;&quot;,&quot;created_timestamp&quot;:&quot;0&quot;,&quot;copyright&quot;:&quot;&quot;,&quot;focal_length&quot;:&quot;0&quot;,&quot;iso&quot;:&quot;0&quot;,&quot;shutter_speed&quot;:&quot;0&quot;,&quot;title&quot;:&quot;&quot;,&quot;orientation&quot;:&quot;0&quot;}\" data-image-title=\"Karen Chekerdjian confessional-02\" data-image-description=\"\" data-image-caption=\"\" data-medium-file=\"https:\/\/socialdesignmagazine.com\/mag\/wp-content\/uploads\/2013\/02\/benedetto_Karen_Chekerdjian_confessionale_Karen_Chekerdjian_confessional-02-396x256.jpg\" data-large-file=\"https:\/\/socialdesignmagazine.com\/mag\/wp-content\/uploads\/2013\/02\/benedetto_Karen_Chekerdjian_confessionale_Karen_Chekerdjian_confessional-02.jpg\" src=\"https:\/\/socialdesignmagazine.com\/mag\/wp-content\/uploads\/2013\/02\/benedetto_Karen_Chekerdjian_confessionale_Karen_Chekerdjian_confessional-02.jpg\" alt=\"Karen Chekerdjian confessional-02\" class=\"wp-image-11018\"\/><\/figure>\n<\/div>\n\n<div class=\"wp-block-image\">\n<figure class=\"aligncenter\"><img loading=\"lazy\" decoding=\"async\" width=\"720\" height=\"944\" data-attachment-id=\"11019\" data-permalink=\"https:\/\/socialdesignmagazine.com\/mag\/design\/karen-chekerdjian-studio-confessional-home-office-stand\/attachment\/karen-chekerdjian-confessional-03\/#content\" data-orig-file=\"https:\/\/socialdesignmagazine.com\/mag\/wp-content\/uploads\/2013\/02\/benedetto_Karen_Chekerdjian_confessionale_Karen_Chekerdjian_confessional-03.jpg\" data-orig-size=\"720,944\" data-comments-opened=\"1\" data-image-meta=\"{&quot;aperture&quot;:&quot;0&quot;,&quot;credit&quot;:&quot;&quot;,&quot;camera&quot;:&quot;&quot;,&quot;caption&quot;:&quot;&quot;,&quot;created_timestamp&quot;:&quot;0&quot;,&quot;copyright&quot;:&quot;&quot;,&quot;focal_length&quot;:&quot;0&quot;,&quot;iso&quot;:&quot;0&quot;,&quot;shutter_speed&quot;:&quot;0&quot;,&quot;title&quot;:&quot;&quot;,&quot;orientation&quot;:&quot;0&quot;}\" data-image-title=\"Karen Chekerdjian confessional-03\" data-image-description=\"\" data-image-caption=\"\" data-medium-file=\"https:\/\/socialdesignmagazine.com\/mag\/wp-content\/uploads\/2013\/02\/benedetto_Karen_Chekerdjian_confessionale_Karen_Chekerdjian_confessional-03-396x256.jpg\" data-large-file=\"https:\/\/socialdesignmagazine.com\/mag\/wp-content\/uploads\/2013\/02\/benedetto_Karen_Chekerdjian_confessionale_Karen_Chekerdjian_confessional-03.jpg\" src=\"https:\/\/socialdesignmagazine.com\/mag\/wp-content\/uploads\/2013\/02\/benedetto_Karen_Chekerdjian_confessionale_Karen_Chekerdjian_confessional-03.jpg\" alt=\"Karen Chekerdjian confessional-03\" class=\"wp-image-11019\"\/><\/figure>\n<\/div>\n\n<div class=\"wp-block-image\">\n<figure class=\"aligncenter\"><img loading=\"lazy\" decoding=\"async\" width=\"720\" height=\"720\" data-attachment-id=\"11020\" data-permalink=\"https:\/\/socialdesignmagazine.com\/mag\/design\/karen-chekerdjian-studio-confessional-home-office-stand\/attachment\/karen-chekerdjian-confessional-04\/#content\" data-orig-file=\"https:\/\/socialdesignmagazine.com\/mag\/wp-content\/uploads\/2013\/02\/benedetto_Karen_Chekerdjian_confessionale_Karen_Chekerdjian_confessional-04.jpg\" data-orig-size=\"720,720\" data-comments-opened=\"1\" data-image-meta=\"{&quot;aperture&quot;:&quot;0&quot;,&quot;credit&quot;:&quot;&quot;,&quot;camera&quot;:&quot;&quot;,&quot;caption&quot;:&quot;&quot;,&quot;created_timestamp&quot;:&quot;0&quot;,&quot;copyright&quot;:&quot;&quot;,&quot;focal_length&quot;:&quot;0&quot;,&quot;iso&quot;:&quot;0&quot;,&quot;shutter_speed&quot;:&quot;0&quot;,&quot;title&quot;:&quot;&quot;,&quot;orientation&quot;:&quot;0&quot;}\" data-image-title=\"Karen Chekerdjian confessional-04\" data-image-description=\"\" data-image-caption=\"\" data-medium-file=\"https:\/\/socialdesignmagazine.com\/mag\/wp-content\/uploads\/2013\/02\/benedetto_Karen_Chekerdjian_confessionale_Karen_Chekerdjian_confessional-04-396x256.jpg\" data-large-file=\"https:\/\/socialdesignmagazine.com\/mag\/wp-content\/uploads\/2013\/02\/benedetto_Karen_Chekerdjian_confessionale_Karen_Chekerdjian_confessional-04.jpg\" src=\"https:\/\/socialdesignmagazine.com\/mag\/wp-content\/uploads\/2013\/02\/benedetto_Karen_Chekerdjian_confessionale_Karen_Chekerdjian_confessional-04.jpg\" alt=\"Karen Chekerdjian confessional-04\" class=\"wp-image-11020\" srcset=\"https:\/\/socialdesignmagazine.com\/mag\/wp-content\/uploads\/2013\/02\/benedetto_Karen_Chekerdjian_confessionale_Karen_Chekerdjian_confessional-04.jpg 720w, https:\/\/socialdesignmagazine.com\/mag\/wp-content\/uploads\/2013\/02\/benedetto_Karen_Chekerdjian_confessionale_Karen_Chekerdjian_confessional-04-65x65.jpg 65w\" sizes=\"auto, (max-width: 720px) 100vw, 720px\" \/><\/figure>\n<\/div>\n\n<div class=\"wp-block-image\">\n<figure class=\"aligncenter\"><img loading=\"lazy\" decoding=\"async\" width=\"720\" height=\"720\" data-attachment-id=\"11021\" data-permalink=\"https:\/\/socialdesignmagazine.com\/mag\/design\/karen-chekerdjian-studio-confessional-home-office-stand\/attachment\/karen-chekerdjian-confessional-05\/#content\" data-orig-file=\"https:\/\/socialdesignmagazine.com\/mag\/wp-content\/uploads\/2013\/02\/benedetto_Karen_Chekerdjian_confessionale_Karen_Chekerdjian_confessional-05.jpg\" data-orig-size=\"720,720\" data-comments-opened=\"1\" data-image-meta=\"{&quot;aperture&quot;:&quot;0&quot;,&quot;credit&quot;:&quot;&quot;,&quot;camera&quot;:&quot;&quot;,&quot;caption&quot;:&quot;&quot;,&quot;created_timestamp&quot;:&quot;0&quot;,&quot;copyright&quot;:&quot;&quot;,&quot;focal_length&quot;:&quot;0&quot;,&quot;iso&quot;:&quot;0&quot;,&quot;shutter_speed&quot;:&quot;0&quot;,&quot;title&quot;:&quot;&quot;,&quot;orientation&quot;:&quot;0&quot;}\" data-image-title=\"Karen Chekerdjian confessional-05\" data-image-description=\"\" data-image-caption=\"\" data-medium-file=\"https:\/\/socialdesignmagazine.com\/mag\/wp-content\/uploads\/2013\/02\/benedetto_Karen_Chekerdjian_confessionale_Karen_Chekerdjian_confessional-05-396x256.jpg\" data-large-file=\"https:\/\/socialdesignmagazine.com\/mag\/wp-content\/uploads\/2013\/02\/benedetto_Karen_Chekerdjian_confessionale_Karen_Chekerdjian_confessional-05.jpg\" src=\"https:\/\/socialdesignmagazine.com\/mag\/wp-content\/uploads\/2013\/02\/benedetto_Karen_Chekerdjian_confessionale_Karen_Chekerdjian_confessional-05.jpg\" alt=\"Karen Chekerdjian confessional-05\" class=\"wp-image-11021\" srcset=\"https:\/\/socialdesignmagazine.com\/mag\/wp-content\/uploads\/2013\/02\/benedetto_Karen_Chekerdjian_confessionale_Karen_Chekerdjian_confessional-05.jpg 720w, https:\/\/socialdesignmagazine.com\/mag\/wp-content\/uploads\/2013\/02\/benedetto_Karen_Chekerdjian_confessionale_Karen_Chekerdjian_confessional-05-65x65.jpg 65w\" sizes=\"auto, (max-width: 720px) 100vw, 720px\" \/><\/figure>\n<\/div>\n\n<div class=\"wp-block-image\">\n<figure class=\"aligncenter\"><img loading=\"lazy\" decoding=\"async\" width=\"720\" height=\"944\" data-attachment-id=\"11022\" data-permalink=\"https:\/\/socialdesignmagazine.com\/mag\/design\/karen-chekerdjian-studio-confessional-home-office-stand\/attachment\/karen-chekerdjian-confessional-06\/#content\" data-orig-file=\"https:\/\/socialdesignmagazine.com\/mag\/wp-content\/uploads\/2013\/02\/benedetto_Karen_Chekerdjian_confessionale_Karen_Chekerdjian_confessional-06.jpg\" data-orig-size=\"720,944\" data-comments-opened=\"1\" data-image-meta=\"{&quot;aperture&quot;:&quot;0&quot;,&quot;credit&quot;:&quot;&quot;,&quot;camera&quot;:&quot;&quot;,&quot;caption&quot;:&quot;&quot;,&quot;created_timestamp&quot;:&quot;0&quot;,&quot;copyright&quot;:&quot;&quot;,&quot;focal_length&quot;:&quot;0&quot;,&quot;iso&quot;:&quot;0&quot;,&quot;shutter_speed&quot;:&quot;0&quot;,&quot;title&quot;:&quot;&quot;,&quot;orientation&quot;:&quot;0&quot;}\" data-image-title=\"Karen Chekerdjian confessional-06\" data-image-description=\"\" data-image-caption=\"\" data-medium-file=\"https:\/\/socialdesignmagazine.com\/mag\/wp-content\/uploads\/2013\/02\/benedetto_Karen_Chekerdjian_confessionale_Karen_Chekerdjian_confessional-06-396x256.jpg\" data-large-file=\"https:\/\/socialdesignmagazine.com\/mag\/wp-content\/uploads\/2013\/02\/benedetto_Karen_Chekerdjian_confessionale_Karen_Chekerdjian_confessional-06.jpg\" src=\"https:\/\/socialdesignmagazine.com\/mag\/wp-content\/uploads\/2013\/02\/benedetto_Karen_Chekerdjian_confessionale_Karen_Chekerdjian_confessional-06.jpg\" alt=\"Karen Chekerdjian confessional-06\" class=\"wp-image-11022\"\/><\/figure>\n<\/div>\n\n<div class=\"wp-block-image\">\n<figure class=\"aligncenter\"><img loading=\"lazy\" decoding=\"async\" width=\"720\" height=\"1079\" data-attachment-id=\"11023\" data-permalink=\"https:\/\/socialdesignmagazine.com\/mag\/design\/karen-chekerdjian-studio-confessional-home-office-stand\/attachment\/karen-chekerdjian-confessional-07\/#content\" data-orig-file=\"https:\/\/socialdesignmagazine.com\/mag\/wp-content\/uploads\/2013\/02\/benedetto_Karen_Chekerdjian_confessionale_Karen_Chekerdjian_confessional-07.jpg\" data-orig-size=\"720,1079\" data-comments-opened=\"1\" data-image-meta=\"{&quot;aperture&quot;:&quot;0&quot;,&quot;credit&quot;:&quot;&quot;,&quot;camera&quot;:&quot;&quot;,&quot;caption&quot;:&quot;&quot;,&quot;created_timestamp&quot;:&quot;0&quot;,&quot;copyright&quot;:&quot;&quot;,&quot;focal_length&quot;:&quot;0&quot;,&quot;iso&quot;:&quot;0&quot;,&quot;shutter_speed&quot;:&quot;0&quot;,&quot;title&quot;:&quot;&quot;,&quot;orientation&quot;:&quot;0&quot;}\" data-image-title=\"Karen Chekerdjian confessional-07\" data-image-description=\"\" data-image-caption=\"\" data-medium-file=\"https:\/\/socialdesignmagazine.com\/mag\/wp-content\/uploads\/2013\/02\/benedetto_Karen_Chekerdjian_confessionale_Karen_Chekerdjian_confessional-07-396x256.jpg\" data-large-file=\"https:\/\/socialdesignmagazine.com\/mag\/wp-content\/uploads\/2013\/02\/benedetto_Karen_Chekerdjian_confessionale_Karen_Chekerdjian_confessional-07.jpg\" src=\"https:\/\/socialdesignmagazine.com\/mag\/wp-content\/uploads\/2013\/02\/benedetto_Karen_Chekerdjian_confessionale_Karen_Chekerdjian_confessional-07.jpg\" alt=\"Karen Chekerdjian confessional-07\" class=\"wp-image-11023\"\/><\/figure>\n<\/div>","protected":false,"gt_translate_keys":[{"key":"rendered","format":"html"}]},"excerpt":{"rendered":"<p>Il sistema disegnato da Karen Chekerdjian \u00e8 composto da quattro parti uno schermo, due tavoli e uno sgabello, originariamente \u00e8 stato concepito come installazione per una mostra tenutasi a Beirut, dal titolo la &#8220;House of Today&#8221;.<\/p>\n","protected":false,"gt_translate_keys":[{"key":"rendered","format":"html"}]},"author":1,"featured_media":11017,"comment_status":"open","ping_status":"open","sticky":false,"template":"","format":"standard","meta":{"jetpack_post_was_ever_published":false,"_jetpack_newsletter_access":"","_jetpack_dont_email_post_to_subs":false,"_jetpack_newsletter_tier_id":0,"_jetpack_memberships_contains_paywalled_content":false,"_jetpack_memberships_contains_paid_content":false,"footnotes":"","_wpscppro_dont_share_socialmedia":false,"_wpscppro_custom_social_share_image":0,"_facebook_share_type":"","_twitter_share_type":"","_linkedin_share_type":"","_pinterest_share_type":"","_linkedin_share_type_page":"","_instagram_share_type":"","_medium_share_type":"","_threads_share_type":"","_google_business_share_type":"","_selected_social_profile":[],"_wpsp_enable_custom_social_template":false,"_wpsp_social_scheduling":{"enabled":false,"datetime":null,"platforms":[],"status":"template_only","dateOption":"today","timeOption":"now","customDays":"","customHours":"","customDate":"","customTime":"","schedulingType":"absolute"},"_wpsp_active_default_template":true},"categories":[13],"tags":[2940],"class_list":["post-1872","post","type-post","status-publish","format-standard","has-post-thumbnail","hentry","category-design","tag-karen-chekerdjian"],"yoast_head":"<!-- This site is optimized with the Yoast SEO plugin v27.2 - https:\/\/yoast.com\/product\/yoast-seo-wordpress\/ -->\n<title>Karen Chekerdjian Studio \/ Confessional, home office stand - Social Design Magazine<\/title>\n<meta name=\"description\" content=\"Il sistema disegnato da Karen Chekerdjian \u00e8 composto da quattro parti uno schermo, due tavoli e uno sgabello, originariamente \u00e8 stato concepito come installazione per una mostra tenutasi a Beirut, dal titolo la &quot;House of Today&quot;.\" \/>\n<meta name=\"robots\" content=\"index, follow, max-snippet:-1, max-image-preview:large, max-video-preview:-1\" \/>\n<link rel=\"canonical\" href=\"https:\/\/socialdesignmagazine.com\/mag\/design\/karen-chekerdjian-studio-confessional-home-office-stand\/\" \/>\n<meta property=\"og:locale\" content=\"it_IT\" \/>\n<meta property=\"og:type\" content=\"article\" \/>\n<meta property=\"og:title\" content=\"Karen Chekerdjian Studio \/ Confessional, home office stand - Social Design Magazine\" \/>\n<meta property=\"og:description\" content=\"Il sistema disegnato da Karen Chekerdjian \u00e8 composto da quattro parti uno schermo, due tavoli e uno sgabello, originariamente \u00e8 stato concepito come installazione per una mostra tenutasi a Beirut, dal titolo la &quot;House of Today&quot;.\" \/>\n<meta property=\"og:url\" content=\"http:\/\/socialdesignmagazine.com\/mag\/design\/karen-chekerdjian-studio-confessional-home-office-stand\/\" \/>\n<meta property=\"og:site_name\" content=\"Social Design Magazine\" \/>\n<meta property=\"article:publisher\" content=\"https:\/\/www.facebook.com\/socialdesignmag\" \/>\n<meta property=\"article:author\" content=\"https:\/\/www.facebook.com\/benedettofiori\" \/>\n<meta property=\"article:published_time\" content=\"2013-02-13T13:00:00+00:00\" \/>\n<meta property=\"article:modified_time\" content=\"2024-05-23T21:05:40+00:00\" \/>\n<meta property=\"og:image\" content=\"https:\/\/socialdesignmagazine.com\/mag\/wp-content\/uploads\/2013\/02\/benedetto_Karen_Chekerdjian_confessionale_Karen_Chekerdjian_confessional-01.jpg\" \/>\n\t<meta property=\"og:image:width\" content=\"720\" \/>\n\t<meta property=\"og:image:height\" content=\"720\" \/>\n\t<meta property=\"og:image:type\" content=\"image\/jpeg\" \/>\n<meta name=\"author\" content=\"Benedetto Fiori\" \/>\n<meta name=\"twitter:card\" content=\"summary_large_image\" \/>\n<meta name=\"twitter:creator\" content=\"@benedettofiori\" \/>\n<meta name=\"twitter:site\" content=\"@socialdesignmag\" \/>\n<meta name=\"twitter:label1\" content=\"Scritto da\" \/>\n\t<meta name=\"twitter:data1\" content=\"Benedetto Fiori\" \/>\n\t<meta name=\"twitter:label2\" content=\"Tempo di lettura stimato\" \/>\n\t<meta name=\"twitter:data2\" content=\"3 minuti\" \/>\n<script type=\"application\/ld+json\" class=\"yoast-schema-graph\">{\"@context\":\"https:\/\/schema.org\",\"@graph\":[{\"@type\":\"Article\",\"@id\":\"https:\/\/socialdesignmagazine.com\/mag\/design\/karen-chekerdjian-studio-confessional-home-office-stand\/#article\",\"isPartOf\":{\"@id\":\"https:\/\/socialdesignmagazine.com\/mag\/design\/karen-chekerdjian-studio-confessional-home-office-stand\/\"},\"author\":{\"name\":\"Benedetto Fiori\",\"@id\":\"https:\/\/socialdesignmagazine.com\/mag\/#\/schema\/person\/61e20205cc363c315e6aabd33a045846\"},\"headline\":\"Karen Chekerdjian Studio \/ Confessional, home office stand\",\"datePublished\":\"2013-02-13T13:00:00+00:00\",\"dateModified\":\"2024-05-23T21:05:40+00:00\",\"mainEntityOfPage\":{\"@id\":\"https:\/\/socialdesignmagazine.com\/mag\/design\/karen-chekerdjian-studio-confessional-home-office-stand\/\"},\"wordCount\":135,\"commentCount\":0,\"publisher\":{\"@id\":\"https:\/\/socialdesignmagazine.com\/mag\/#organization\"},\"image\":{\"@id\":\"https:\/\/socialdesignmagazine.com\/mag\/design\/karen-chekerdjian-studio-confessional-home-office-stand\/#primaryimage\"},\"thumbnailUrl\":\"https:\/\/socialdesignmagazine.com\/mag\/wp-content\/uploads\/2013\/02\/benedetto_Karen_Chekerdjian_confessionale_Karen_Chekerdjian_confessional-01.jpg\",\"keywords\":[\"karen chekerdjian\"],\"articleSection\":[\"Design\"],\"inLanguage\":\"it-IT\",\"potentialAction\":[{\"@type\":\"CommentAction\",\"name\":\"Comment\",\"target\":[\"https:\/\/socialdesignmagazine.com\/mag\/design\/karen-chekerdjian-studio-confessional-home-office-stand\/#respond\"]}]},{\"@type\":\"WebPage\",\"@id\":\"https:\/\/socialdesignmagazine.com\/mag\/design\/karen-chekerdjian-studio-confessional-home-office-stand\/\",\"url\":\"https:\/\/socialdesignmagazine.com\/mag\/design\/karen-chekerdjian-studio-confessional-home-office-stand\/\",\"name\":\"Karen Chekerdjian Studio \/ Confessional, home office stand - Social Design Magazine\",\"isPartOf\":{\"@id\":\"https:\/\/socialdesignmagazine.com\/mag\/#website\"},\"primaryImageOfPage\":{\"@id\":\"https:\/\/socialdesignmagazine.com\/mag\/design\/karen-chekerdjian-studio-confessional-home-office-stand\/#primaryimage\"},\"image\":{\"@id\":\"https:\/\/socialdesignmagazine.com\/mag\/design\/karen-chekerdjian-studio-confessional-home-office-stand\/#primaryimage\"},\"thumbnailUrl\":\"https:\/\/socialdesignmagazine.com\/mag\/wp-content\/uploads\/2013\/02\/benedetto_Karen_Chekerdjian_confessionale_Karen_Chekerdjian_confessional-01.jpg\",\"datePublished\":\"2013-02-13T13:00:00+00:00\",\"dateModified\":\"2024-05-23T21:05:40+00:00\",\"description\":\"Il sistema disegnato da Karen Chekerdjian \u00e8 composto da quattro parti uno schermo, due tavoli e uno sgabello, originariamente \u00e8 stato concepito come installazione per una mostra tenutasi a Beirut, dal titolo la \\\"House of Today\\\".\",\"breadcrumb\":{\"@id\":\"https:\/\/socialdesignmagazine.com\/mag\/design\/karen-chekerdjian-studio-confessional-home-office-stand\/#breadcrumb\"},\"inLanguage\":\"it-IT\",\"potentialAction\":[{\"@type\":\"ReadAction\",\"target\":[\"https:\/\/socialdesignmagazine.com\/mag\/design\/karen-chekerdjian-studio-confessional-home-office-stand\/\"]}]},{\"@type\":\"ImageObject\",\"inLanguage\":\"it-IT\",\"@id\":\"https:\/\/socialdesignmagazine.com\/mag\/design\/karen-chekerdjian-studio-confessional-home-office-stand\/#primaryimage\",\"url\":\"https:\/\/socialdesignmagazine.com\/mag\/wp-content\/uploads\/2013\/02\/benedetto_Karen_Chekerdjian_confessionale_Karen_Chekerdjian_confessional-01.jpg\",\"contentUrl\":\"https:\/\/socialdesignmagazine.com\/mag\/wp-content\/uploads\/2013\/02\/benedetto_Karen_Chekerdjian_confessionale_Karen_Chekerdjian_confessional-01.jpg\",\"width\":720,\"height\":720,\"caption\":\"Karen Chekerdjian confessional-01\"},{\"@type\":\"BreadcrumbList\",\"@id\":\"https:\/\/socialdesignmagazine.com\/mag\/design\/karen-chekerdjian-studio-confessional-home-office-stand\/#breadcrumb\",\"itemListElement\":[{\"@type\":\"ListItem\",\"position\":1,\"name\":\"Home\",\"item\":\"https:\/\/socialdesignmagazine.com\/mag\/\"},{\"@type\":\"ListItem\",\"position\":2,\"name\":\"Design\",\"item\":\"https:\/\/socialdesignmagazine.com\/mag\/design\/\"},{\"@type\":\"ListItem\",\"position\":3,\"name\":\"Karen Chekerdjian Studio \/ Confessional, home office stand\"}]},{\"@type\":\"WebSite\",\"@id\":\"https:\/\/socialdesignmagazine.com\/mag\/#website\",\"url\":\"https:\/\/socialdesignmagazine.com\/mag\/\",\"name\":\"Social Design Magazine\",\"description\":\"Social Magazine su Design, Architettura, Arte, Grafica\",\"publisher\":{\"@id\":\"https:\/\/socialdesignmagazine.com\/mag\/#organization\"},\"potentialAction\":[{\"@type\":\"SearchAction\",\"target\":{\"@type\":\"EntryPoint\",\"urlTemplate\":\"https:\/\/socialdesignmagazine.com\/mag\/?s={search_term_string}\"},\"query-input\":{\"@type\":\"PropertyValueSpecification\",\"valueRequired\":true,\"valueName\":\"search_term_string\"}}],\"inLanguage\":\"it-IT\"},{\"@type\":\"Organization\",\"@id\":\"https:\/\/socialdesignmagazine.com\/mag\/#organization\",\"name\":\"Social Design Magazine\",\"url\":\"https:\/\/socialdesignmagazine.com\/mag\/\",\"logo\":{\"@type\":\"ImageObject\",\"inLanguage\":\"it-IT\",\"@id\":\"https:\/\/socialdesignmagazine.com\/mag\/#\/schema\/logo\/image\/\",\"url\":\"https:\/\/socialdesignmagazine.com\/mag\/wp-content\/uploads\/2017\/01\/logo_favicon_11.png\",\"contentUrl\":\"https:\/\/socialdesignmagazine.com\/mag\/wp-content\/uploads\/2017\/01\/logo_favicon_11.png\",\"width\":1024,\"height\":1024,\"caption\":\"Social Design Magazine\"},\"image\":{\"@id\":\"https:\/\/socialdesignmagazine.com\/mag\/#\/schema\/logo\/image\/\"},\"sameAs\":[\"https:\/\/www.facebook.com\/socialdesignmag\",\"https:\/\/x.com\/socialdesignmag\",\"http:\/\/instagram.com\/social_design_magazine\/\",\"http:\/\/pinterest.com\/socialdesignmag\/\",\"http:\/\/www.youtube.com\/user\/socialdesignmagazine\"]},{\"@type\":\"Person\",\"@id\":\"https:\/\/socialdesignmagazine.com\/mag\/#\/schema\/person\/61e20205cc363c315e6aabd33a045846\",\"name\":\"Benedetto Fiori\",\"image\":{\"@type\":\"ImageObject\",\"inLanguage\":\"it-IT\",\"@id\":\"https:\/\/secure.gravatar.com\/avatar\/450a48cefa36da63d920ad70aa660bd10725b1c6093800242e5efdb397759033?s=96&d=mm&r=g\",\"url\":\"https:\/\/secure.gravatar.com\/avatar\/450a48cefa36da63d920ad70aa660bd10725b1c6093800242e5efdb397759033?s=96&d=mm&r=g\",\"contentUrl\":\"https:\/\/secure.gravatar.com\/avatar\/450a48cefa36da63d920ad70aa660bd10725b1c6093800242e5efdb397759033?s=96&d=mm&r=g\",\"caption\":\"Benedetto Fiori\"},\"description\":\"Web | Twitter | Facebook | Shutterstock Founder &amp; Editor in Chief di Social Design Magazine. Attratto da sempre da tutto ci\u00f2 che \u00e8 creativit\u00e0, design, architettura. Dopo aver studiato Architettura all'Universit\u00e0 di Firenze, si \u00e8 impegnato in molteplici campi: comunicazione grafica, progettazione di allestimenti fieristici, brand design, Interior Design.\",\"sameAs\":[\"http:\/\/benedettofiori.com\",\"https:\/\/www.facebook.com\/benedettofiori\",\"https:\/\/x.com\/benedettofiori\"],\"url\":\"https:\/\/socialdesignmagazine.com\/mag\/author\/benedetto\/\"}]}<\/script>\n<!-- \/ Yoast SEO plugin. -->","yoast_head_json":{"title":"Karen Chekerdjian Studio \/ Confessional, home office stand - Social Design Magazine","description":"Il sistema disegnato da Karen Chekerdjian \u00e8 composto da quattro parti uno schermo, due tavoli e uno sgabello, originariamente \u00e8 stato concepito come installazione per una mostra tenutasi a Beirut, dal titolo la \"House of Today\".","robots":{"index":"index","follow":"follow","max-snippet":"max-snippet:-1","max-image-preview":"max-image-preview:large","max-video-preview":"max-video-preview:-1"},"canonical":"https:\/\/socialdesignmagazine.com\/mag\/design\/karen-chekerdjian-studio-confessional-home-office-stand\/","og_locale":"it_IT","og_type":"article","og_title":"Karen Chekerdjian Studio \/ Confessional, home office stand - Social Design Magazine","og_description":"Il sistema disegnato da Karen Chekerdjian \u00e8 composto da quattro parti uno schermo, due tavoli e uno sgabello, originariamente \u00e8 stato concepito come installazione per una mostra tenutasi a Beirut, dal titolo la \"House of Today\".","og_url":"http:\/\/socialdesignmagazine.com\/mag\/design\/karen-chekerdjian-studio-confessional-home-office-stand\/","og_site_name":"Social Design Magazine","article_publisher":"https:\/\/www.facebook.com\/socialdesignmag","article_author":"https:\/\/www.facebook.com\/benedettofiori","article_published_time":"2013-02-13T13:00:00+00:00","article_modified_time":"2024-05-23T21:05:40+00:00","og_image":[{"width":720,"height":720,"url":"https:\/\/socialdesignmagazine.com\/mag\/wp-content\/uploads\/2013\/02\/benedetto_Karen_Chekerdjian_confessionale_Karen_Chekerdjian_confessional-01.jpg","type":"image\/jpeg"}],"author":"Benedetto Fiori","twitter_card":"summary_large_image","twitter_creator":"@benedettofiori","twitter_site":"@socialdesignmag","twitter_misc":{"Scritto da":"Benedetto Fiori","Tempo di lettura stimato":"3 minuti"},"schema":{"@context":"https:\/\/schema.org","@graph":[{"@type":"Article","@id":"https:\/\/socialdesignmagazine.com\/mag\/design\/karen-chekerdjian-studio-confessional-home-office-stand\/#article","isPartOf":{"@id":"https:\/\/socialdesignmagazine.com\/mag\/design\/karen-chekerdjian-studio-confessional-home-office-stand\/"},"author":{"name":"Benedetto Fiori","@id":"https:\/\/socialdesignmagazine.com\/mag\/#\/schema\/person\/61e20205cc363c315e6aabd33a045846"},"headline":"Karen Chekerdjian Studio \/ Confessional, home office stand","datePublished":"2013-02-13T13:00:00+00:00","dateModified":"2024-05-23T21:05:40+00:00","mainEntityOfPage":{"@id":"https:\/\/socialdesignmagazine.com\/mag\/design\/karen-chekerdjian-studio-confessional-home-office-stand\/"},"wordCount":135,"commentCount":0,"publisher":{"@id":"https:\/\/socialdesignmagazine.com\/mag\/#organization"},"image":{"@id":"https:\/\/socialdesignmagazine.com\/mag\/design\/karen-chekerdjian-studio-confessional-home-office-stand\/#primaryimage"},"thumbnailUrl":"https:\/\/socialdesignmagazine.com\/mag\/wp-content\/uploads\/2013\/02\/benedetto_Karen_Chekerdjian_confessionale_Karen_Chekerdjian_confessional-01.jpg","keywords":["karen chekerdjian"],"articleSection":["Design"],"inLanguage":"it-IT","potentialAction":[{"@type":"CommentAction","name":"Comment","target":["https:\/\/socialdesignmagazine.com\/mag\/design\/karen-chekerdjian-studio-confessional-home-office-stand\/#respond"]}]},{"@type":"WebPage","@id":"https:\/\/socialdesignmagazine.com\/mag\/design\/karen-chekerdjian-studio-confessional-home-office-stand\/","url":"https:\/\/socialdesignmagazine.com\/mag\/design\/karen-chekerdjian-studio-confessional-home-office-stand\/","name":"Karen Chekerdjian Studio \/ Confessional, home office stand - Social Design Magazine","isPartOf":{"@id":"https:\/\/socialdesignmagazine.com\/mag\/#website"},"primaryImageOfPage":{"@id":"https:\/\/socialdesignmagazine.com\/mag\/design\/karen-chekerdjian-studio-confessional-home-office-stand\/#primaryimage"},"image":{"@id":"https:\/\/socialdesignmagazine.com\/mag\/design\/karen-chekerdjian-studio-confessional-home-office-stand\/#primaryimage"},"thumbnailUrl":"https:\/\/socialdesignmagazine.com\/mag\/wp-content\/uploads\/2013\/02\/benedetto_Karen_Chekerdjian_confessionale_Karen_Chekerdjian_confessional-01.jpg","datePublished":"2013-02-13T13:00:00+00:00","dateModified":"2024-05-23T21:05:40+00:00","description":"Il sistema disegnato da Karen Chekerdjian \u00e8 composto da quattro parti uno schermo, due tavoli e uno sgabello, originariamente \u00e8 stato concepito come installazione per una mostra tenutasi a Beirut, dal titolo la \"House of Today\".","breadcrumb":{"@id":"https:\/\/socialdesignmagazine.com\/mag\/design\/karen-chekerdjian-studio-confessional-home-office-stand\/#breadcrumb"},"inLanguage":"it-IT","potentialAction":[{"@type":"ReadAction","target":["https:\/\/socialdesignmagazine.com\/mag\/design\/karen-chekerdjian-studio-confessional-home-office-stand\/"]}]},{"@type":"ImageObject","inLanguage":"it-IT","@id":"https:\/\/socialdesignmagazine.com\/mag\/design\/karen-chekerdjian-studio-confessional-home-office-stand\/#primaryimage","url":"https:\/\/socialdesignmagazine.com\/mag\/wp-content\/uploads\/2013\/02\/benedetto_Karen_Chekerdjian_confessionale_Karen_Chekerdjian_confessional-01.jpg","contentUrl":"https:\/\/socialdesignmagazine.com\/mag\/wp-content\/uploads\/2013\/02\/benedetto_Karen_Chekerdjian_confessionale_Karen_Chekerdjian_confessional-01.jpg","width":720,"height":720,"caption":"Karen Chekerdjian confessional-01"},{"@type":"BreadcrumbList","@id":"https:\/\/socialdesignmagazine.com\/mag\/design\/karen-chekerdjian-studio-confessional-home-office-stand\/#breadcrumb","itemListElement":[{"@type":"ListItem","position":1,"name":"Home","item":"https:\/\/socialdesignmagazine.com\/mag\/"},{"@type":"ListItem","position":2,"name":"Design","item":"https:\/\/socialdesignmagazine.com\/mag\/design\/"},{"@type":"ListItem","position":3,"name":"Karen Chekerdjian Studio \/ Confessional, home office stand"}]},{"@type":"WebSite","@id":"https:\/\/socialdesignmagazine.com\/mag\/#website","url":"https:\/\/socialdesignmagazine.com\/mag\/","name":"Social Design Magazine","description":"Social Magazine su Design, Architettura, Arte, Grafica","publisher":{"@id":"https:\/\/socialdesignmagazine.com\/mag\/#organization"},"potentialAction":[{"@type":"SearchAction","target":{"@type":"EntryPoint","urlTemplate":"https:\/\/socialdesignmagazine.com\/mag\/?s={search_term_string}"},"query-input":{"@type":"PropertyValueSpecification","valueRequired":true,"valueName":"search_term_string"}}],"inLanguage":"it-IT"},{"@type":"Organization","@id":"https:\/\/socialdesignmagazine.com\/mag\/#organization","name":"Social Design Magazine","url":"https:\/\/socialdesignmagazine.com\/mag\/","logo":{"@type":"ImageObject","inLanguage":"it-IT","@id":"https:\/\/socialdesignmagazine.com\/mag\/#\/schema\/logo\/image\/","url":"https:\/\/socialdesignmagazine.com\/mag\/wp-content\/uploads\/2017\/01\/logo_favicon_11.png","contentUrl":"https:\/\/socialdesignmagazine.com\/mag\/wp-content\/uploads\/2017\/01\/logo_favicon_11.png","width":1024,"height":1024,"caption":"Social Design Magazine"},"image":{"@id":"https:\/\/socialdesignmagazine.com\/mag\/#\/schema\/logo\/image\/"},"sameAs":["https:\/\/www.facebook.com\/socialdesignmag","https:\/\/x.com\/socialdesignmag","http:\/\/instagram.com\/social_design_magazine\/","http:\/\/pinterest.com\/socialdesignmag\/","http:\/\/www.youtube.com\/user\/socialdesignmagazine"]},{"@type":"Person","@id":"https:\/\/socialdesignmagazine.com\/mag\/#\/schema\/person\/61e20205cc363c315e6aabd33a045846","name":"Benedetto Fiori","image":{"@type":"ImageObject","inLanguage":"it-IT","@id":"https:\/\/secure.gravatar.com\/avatar\/450a48cefa36da63d920ad70aa660bd10725b1c6093800242e5efdb397759033?s=96&d=mm&r=g","url":"https:\/\/secure.gravatar.com\/avatar\/450a48cefa36da63d920ad70aa660bd10725b1c6093800242e5efdb397759033?s=96&d=mm&r=g","contentUrl":"https:\/\/secure.gravatar.com\/avatar\/450a48cefa36da63d920ad70aa660bd10725b1c6093800242e5efdb397759033?s=96&d=mm&r=g","caption":"Benedetto Fiori"},"description":"Web | Twitter | Facebook | Shutterstock Founder &amp; Editor in Chief di Social Design Magazine. Attratto da sempre da tutto ci\u00f2 che \u00e8 creativit\u00e0, design, architettura. Dopo aver studiato Architettura all'Universit\u00e0 di Firenze, si \u00e8 impegnato in molteplici campi: comunicazione grafica, progettazione di allestimenti fieristici, brand design, Interior Design.","sameAs":["http:\/\/benedettofiori.com","https:\/\/www.facebook.com\/benedettofiori","https:\/\/x.com\/benedettofiori"],"url":"https:\/\/socialdesignmagazine.com\/mag\/author\/benedetto\/"}]}},"jetpack_featured_media_url":"https:\/\/socialdesignmagazine.com\/mag\/wp-content\/uploads\/2013\/02\/benedetto_Karen_Chekerdjian_confessionale_Karen_Chekerdjian_confessional-01.jpg","jetpack_sharing_enabled":true,"jetpack_shortlink":"https:\/\/wp.me\/p6cV7V-uc","gt_translate_keys":[{"key":"link","format":"url"}],"_links":{"self":[{"href":"https:\/\/socialdesignmagazine.com\/mag\/wp-json\/wp\/v2\/posts\/1872","targetHints":{"allow":["GET"]}}],"collection":[{"href":"https:\/\/socialdesignmagazine.com\/mag\/wp-json\/wp\/v2\/posts"}],"about":[{"href":"https:\/\/socialdesignmagazine.com\/mag\/wp-json\/wp\/v2\/types\/post"}],"author":[{"embeddable":true,"href":"https:\/\/socialdesignmagazine.com\/mag\/wp-json\/wp\/v2\/users\/1"}],"replies":[{"embeddable":true,"href":"https:\/\/socialdesignmagazine.com\/mag\/wp-json\/wp\/v2\/comments?post=1872"}],"version-history":[{"count":1,"href":"https:\/\/socialdesignmagazine.com\/mag\/wp-json\/wp\/v2\/posts\/1872\/revisions"}],"predecessor-version":[{"id":61110,"href":"https:\/\/socialdesignmagazine.com\/mag\/wp-json\/wp\/v2\/posts\/1872\/revisions\/61110"}],"wp:featuredmedia":[{"embeddable":true,"href":"https:\/\/socialdesignmagazine.com\/mag\/wp-json\/wp\/v2\/media\/11017"}],"wp:attachment":[{"href":"https:\/\/socialdesignmagazine.com\/mag\/wp-json\/wp\/v2\/media?parent=1872"}],"wp:term":[{"taxonomy":"category","embeddable":true,"href":"https:\/\/socialdesignmagazine.com\/mag\/wp-json\/wp\/v2\/categories?post=1872"},{"taxonomy":"post_tag","embeddable":true,"href":"https:\/\/socialdesignmagazine.com\/mag\/wp-json\/wp\/v2\/tags?post=1872"}],"curies":[{"name":"wp","href":"https:\/\/api.w.org\/{rel}","templated":true}]}}