{"id":1884,"date":"2013-02-18T20:00:00","date_gmt":"2013-02-18T19:00:00","guid":{"rendered":"https:\/\/socialdesignmagazine.com\/mag\/s6-design\/c35-design\/all-in-square-microarchitettura-e-arredo-urbano-integrati-da-tecnologia-solare\/"},"modified":"2024-05-25T14:34:45","modified_gmt":"2024-05-25T12:34:45","slug":"all-in-square-microarchitettura-e-arredo-urbano-integrati-da-tecnologia-solare","status":"publish","type":"post","link":"https:\/\/socialdesignmagazine.com\/mag\/design\/all-in-square-microarchitettura-e-arredo-urbano-integrati-da-tecnologia-solare\/","title":{"rendered":"ALL-IN-SQUARE, microarchitettura e arredo urbano integrati da tecnologia solare","gt_translate_keys":[{"key":"rendered","format":"text"}]},"content":{"rendered":"\n<p>ALL-IN-SQUARE, progettato da<a class=\"jcepopup\" href=\"https:\/\/www.facebook.com\/InTenta.CreativeDesignGroup\" target=\"_blank\" rel=\"nofollow noopener\"> IN-TENTA<\/a> per per spazi pubblici, \u00e8 formato da una microarchitettura che pu\u00f2 essere adibita a temporary shop o punto di informazione, pi\u00f9 diversi elementi d&#8217;arredo modulari, quali sedute, elementi illuminanti, rastrelliere per biciclette, e un pavimento con inserti luminosi.<\/p>\n\n\n<div class=\"wp-block-image\">\n<figure class=\"aligncenter\"><img loading=\"lazy\" decoding=\"async\" width=\"720\" height=\"405\" data-attachment-id=\"11073\" data-permalink=\"https:\/\/socialdesignmagazine.com\/mag\/design\/all-in-square-microarchitettura-e-arredo-urbano-integrati-da-tecnologia-solare\/attachment\/all-in-square-by-in-tenta-16\/#content\" data-orig-file=\"https:\/\/socialdesignmagazine.com\/mag\/wp-content\/uploads\/2013\/02\/benedetto_in-tenta_all-in-square_All-in-square_by_IN-TENTA_16.jpg\" data-orig-size=\"720,405\" data-comments-opened=\"1\" data-image-meta=\"{&quot;aperture&quot;:&quot;0&quot;,&quot;credit&quot;:&quot;&quot;,&quot;camera&quot;:&quot;&quot;,&quot;caption&quot;:&quot;&quot;,&quot;created_timestamp&quot;:&quot;0&quot;,&quot;copyright&quot;:&quot;&quot;,&quot;focal_length&quot;:&quot;0&quot;,&quot;iso&quot;:&quot;0&quot;,&quot;shutter_speed&quot;:&quot;0&quot;,&quot;title&quot;:&quot;&quot;,&quot;orientation&quot;:&quot;1&quot;}\" data-image-title=\"All-in-square by IN-TENTA 16\" data-image-description=\"\" data-image-caption=\"\" data-medium-file=\"https:\/\/socialdesignmagazine.com\/mag\/wp-content\/uploads\/2013\/02\/benedetto_in-tenta_all-in-square_All-in-square_by_IN-TENTA_16-396x256.jpg\" data-large-file=\"https:\/\/socialdesignmagazine.com\/mag\/wp-content\/uploads\/2013\/02\/benedetto_in-tenta_all-in-square_All-in-square_by_IN-TENTA_16.jpg\" src=\"https:\/\/socialdesignmagazine.com\/mag\/wp-content\/uploads\/2013\/02\/benedetto_in-tenta_all-in-square_All-in-square_by_IN-TENTA_16.jpg\" alt=\"All-in-square by IN-TENTA 16\" class=\"wp-image-11073\"\/><\/figure>\n<\/div>\n\n\n<p>Con questo progetto abbiamo voluto raccogliere un cambio di attitudine della popolazione urbana offrendo possibili soluzioni di arredo per lo spazio urbano che agevolano l&#8217;uso delle nuove tecnologie portatili in spazi pubblici e lo sfruttamento di energie alternative, come quella solare, per il fabbisogno energetico.<\/p>\n\n\n\n<p>La microarchitettura \u00e8 integrata da due elementi: una struttura cubica e una pelle metallica che avvolge l&#8217;architettura e permette di personalizzarla. In fase di installazione \u00e8 possibile collocare questo elemento come un tunnel rispetto al cubo, creando cos\u00ec un portico di accesso, oppure in modo completamente avvolgente definendo in fase di produzione una decorazione specifica, che verr\u00e0 realizzata per taglio laser, e che caratterizzer\u00e0 in modo unico l&#8217;architettura.<\/p>\n\n\n\n<p>Gli elementi che accompagnano la microarchitettura e che combinati tra loro definiscono differenti configurazioni sono:<\/p>\n\n\n\n<ul class=\"wp-block-list\">\n<li>una panca senza schienale in granito<\/li>\n\n\n\n<li>una seduta alternativa a \u2018cocoon\u2019 di lamiera perforata<\/li>\n\n\n\n<li>un elemento illuminante per esterni<\/li>\n\n\n\n<li>una rastrelliera per biciclette<\/li>\n<\/ul>\n\n\n\n<p>Il progetto \u00e8 inoltre integrato da un pavimento multimaterico in granito, solid surface e acciaio corten, che ricrea nel suolo lo stesso gioco compositivo geometrico degli elementi d&#8217;arredo in tridimensione.<\/p>\n\n\n\n<p>La logica compositiva del disegno e la sua non vincolante e temporanea destinazione d&#8217;uso offre la possibilit\u00e0 a clienti pubblici come privati di creare, a partire da pochi elementi d&#8217;arredo, distinti scenari che arredano lo spazio in maniera funzionale e personalizzabile.<\/p>\n\n\n\n<p>L&#8217;integrazione di tecnologie &#8216;smart&#8217; sia negli elementi urbani, che nella microarchitettura e pavimento, permette di rispondere in maniera innovativa alle esigenze manifeste di una popolazione urbana permanentemente connessa, per lavoro o per divertimento alla rete, che si muove sempre di pi\u00f9 con mezzi alternativi all&#8217;automobile all&#8217;interno dei centri urbani.<\/p>\n\n\n\n<p>L&#8217;impresa<a class=\"jcepopup\" href=\"http:\/\/www.urbansquare.es\/%20%20\" target=\"_blank\" rel=\"nofollow noopener\"> URBAN SQUARE<\/a> produttrice del progetto ALL-IN-SQUARE fomenta e promuove una costruzione urbana della citt\u00e0 dove tutti gli elementi che la definiscono come tale, strade, edifici, elementi urbani, segnaletica, si articolano tra loro in modo intelligente e sempre supportati da una tecnologia invisibile e accessibile.<\/p>\n\n\n<div class=\"wp-block-image\">\n<figure class=\"aligncenter\"><img loading=\"lazy\" decoding=\"async\" width=\"720\" height=\"404\" data-attachment-id=\"11074\" data-permalink=\"https:\/\/socialdesignmagazine.com\/mag\/design\/all-in-square-microarchitettura-e-arredo-urbano-integrati-da-tecnologia-solare\/attachment\/all-in-square-by-in-tenta-01\/#content\" data-orig-file=\"https:\/\/socialdesignmagazine.com\/mag\/wp-content\/uploads\/2013\/02\/benedetto_in-tenta_all-in-square_All-in-square_by_IN-TENTA_01.jpg\" data-orig-size=\"720,404\" data-comments-opened=\"1\" data-image-meta=\"{&quot;aperture&quot;:&quot;4&quot;,&quot;credit&quot;:&quot;&quot;,&quot;camera&quot;:&quot;COOLPIX P80&quot;,&quot;caption&quot;:&quot;&quot;,&quot;created_timestamp&quot;:&quot;1326639282&quot;,&quot;copyright&quot;:&quot;&quot;,&quot;focal_length&quot;:&quot;11.9&quot;,&quot;iso&quot;:&quot;64&quot;,&quot;shutter_speed&quot;:&quot;0.00783699059561&quot;,&quot;title&quot;:&quot;&quot;,&quot;orientation&quot;:&quot;1&quot;}\" data-image-title=\"All-in-square by IN-TENTA 01\" data-image-description=\"\" data-image-caption=\"\" data-medium-file=\"https:\/\/socialdesignmagazine.com\/mag\/wp-content\/uploads\/2013\/02\/benedetto_in-tenta_all-in-square_All-in-square_by_IN-TENTA_01-396x256.jpg\" data-large-file=\"https:\/\/socialdesignmagazine.com\/mag\/wp-content\/uploads\/2013\/02\/benedetto_in-tenta_all-in-square_All-in-square_by_IN-TENTA_01.jpg\" src=\"https:\/\/socialdesignmagazine.com\/mag\/wp-content\/uploads\/2013\/02\/benedetto_in-tenta_all-in-square_All-in-square_by_IN-TENTA_01.jpg\" alt=\"All-in-square by IN-TENTA 01\" class=\"wp-image-11074\"\/><\/figure>\n<\/div>\n\n<div class=\"wp-block-image\">\n<figure class=\"aligncenter\"><img loading=\"lazy\" decoding=\"async\" width=\"720\" height=\"404\" data-attachment-id=\"11075\" data-permalink=\"https:\/\/socialdesignmagazine.com\/mag\/design\/all-in-square-microarchitettura-e-arredo-urbano-integrati-da-tecnologia-solare\/attachment\/all-in-square-by-in-tenta-02\/#content\" data-orig-file=\"https:\/\/socialdesignmagazine.com\/mag\/wp-content\/uploads\/2013\/02\/benedetto_in-tenta_all-in-square_All-in-square_by_IN-TENTA_02.jpg\" data-orig-size=\"720,404\" data-comments-opened=\"1\" data-image-meta=\"{&quot;aperture&quot;:&quot;6.3&quot;,&quot;credit&quot;:&quot;&quot;,&quot;camera&quot;:&quot;COOLPIX P80&quot;,&quot;caption&quot;:&quot;&quot;,&quot;created_timestamp&quot;:&quot;1326638091&quot;,&quot;copyright&quot;:&quot;&quot;,&quot;focal_length&quot;:&quot;4.7&quot;,&quot;iso&quot;:&quot;64&quot;,&quot;shutter_speed&quot;:&quot;0.00412201154163&quot;,&quot;title&quot;:&quot;&quot;,&quot;orientation&quot;:&quot;1&quot;}\" data-image-title=\"All-in-square by IN-TENTA 02\" data-image-description=\"\" data-image-caption=\"\" data-medium-file=\"https:\/\/socialdesignmagazine.com\/mag\/wp-content\/uploads\/2013\/02\/benedetto_in-tenta_all-in-square_All-in-square_by_IN-TENTA_02-396x256.jpg\" data-large-file=\"https:\/\/socialdesignmagazine.com\/mag\/wp-content\/uploads\/2013\/02\/benedetto_in-tenta_all-in-square_All-in-square_by_IN-TENTA_02.jpg\" src=\"https:\/\/socialdesignmagazine.com\/mag\/wp-content\/uploads\/2013\/02\/benedetto_in-tenta_all-in-square_All-in-square_by_IN-TENTA_02.jpg\" alt=\"All-in-square by IN-TENTA 02\" class=\"wp-image-11075\"\/><\/figure>\n<\/div>\n\n<div class=\"wp-block-image\">\n<figure class=\"aligncenter\"><img loading=\"lazy\" decoding=\"async\" width=\"720\" height=\"720\" data-attachment-id=\"11076\" data-permalink=\"https:\/\/socialdesignmagazine.com\/mag\/design\/all-in-square-microarchitettura-e-arredo-urbano-integrati-da-tecnologia-solare\/attachment\/all-in-square-by-in-tenta-12\/#content\" data-orig-file=\"https:\/\/socialdesignmagazine.com\/mag\/wp-content\/uploads\/2013\/02\/benedetto_in-tenta_all-in-square_All-in-square_by_IN-TENTA_12.jpg\" data-orig-size=\"720,720\" data-comments-opened=\"1\" data-image-meta=\"{&quot;aperture&quot;:&quot;0&quot;,&quot;credit&quot;:&quot;&quot;,&quot;camera&quot;:&quot;&quot;,&quot;caption&quot;:&quot;&quot;,&quot;created_timestamp&quot;:&quot;0&quot;,&quot;copyright&quot;:&quot;&quot;,&quot;focal_length&quot;:&quot;0&quot;,&quot;iso&quot;:&quot;0&quot;,&quot;shutter_speed&quot;:&quot;0&quot;,&quot;title&quot;:&quot;&quot;,&quot;orientation&quot;:&quot;1&quot;}\" data-image-title=\"All-in-square by IN-TENTA 12\" data-image-description=\"\" data-image-caption=\"\" data-medium-file=\"https:\/\/socialdesignmagazine.com\/mag\/wp-content\/uploads\/2013\/02\/benedetto_in-tenta_all-in-square_All-in-square_by_IN-TENTA_12-396x256.jpg\" data-large-file=\"https:\/\/socialdesignmagazine.com\/mag\/wp-content\/uploads\/2013\/02\/benedetto_in-tenta_all-in-square_All-in-square_by_IN-TENTA_12.jpg\" src=\"https:\/\/socialdesignmagazine.com\/mag\/wp-content\/uploads\/2013\/02\/benedetto_in-tenta_all-in-square_All-in-square_by_IN-TENTA_12.jpg\" alt=\"All-in-square by IN-TENTA 12\" class=\"wp-image-11076\" srcset=\"https:\/\/socialdesignmagazine.com\/mag\/wp-content\/uploads\/2013\/02\/benedetto_in-tenta_all-in-square_All-in-square_by_IN-TENTA_12.jpg 720w, https:\/\/socialdesignmagazine.com\/mag\/wp-content\/uploads\/2013\/02\/benedetto_in-tenta_all-in-square_All-in-square_by_IN-TENTA_12-65x65.jpg 65w\" sizes=\"auto, (max-width: 720px) 100vw, 720px\" \/><\/figure>\n<\/div>\n\n<div class=\"wp-block-image\">\n<figure class=\"aligncenter\"><img loading=\"lazy\" decoding=\"async\" width=\"720\" height=\"477\" data-attachment-id=\"11077\" data-permalink=\"https:\/\/socialdesignmagazine.com\/mag\/design\/all-in-square-microarchitettura-e-arredo-urbano-integrati-da-tecnologia-solare\/attachment\/all-in-square-by-in-tenta-10\/#content\" data-orig-file=\"https:\/\/socialdesignmagazine.com\/mag\/wp-content\/uploads\/2013\/02\/benedetto_in-tenta_all-in-square_All-in-square_by_IN-TENTA_10.jpg\" data-orig-size=\"720,477\" data-comments-opened=\"1\" data-image-meta=\"{&quot;aperture&quot;:&quot;0&quot;,&quot;credit&quot;:&quot;&quot;,&quot;camera&quot;:&quot;&quot;,&quot;caption&quot;:&quot;&quot;,&quot;created_timestamp&quot;:&quot;0&quot;,&quot;copyright&quot;:&quot;&quot;,&quot;focal_length&quot;:&quot;0&quot;,&quot;iso&quot;:&quot;0&quot;,&quot;shutter_speed&quot;:&quot;0&quot;,&quot;title&quot;:&quot;&quot;,&quot;orientation&quot;:&quot;1&quot;}\" data-image-title=\"All-in-square by IN-TENTA 10\" data-image-description=\"\" data-image-caption=\"\" data-medium-file=\"https:\/\/socialdesignmagazine.com\/mag\/wp-content\/uploads\/2013\/02\/benedetto_in-tenta_all-in-square_All-in-square_by_IN-TENTA_10-396x256.jpg\" data-large-file=\"https:\/\/socialdesignmagazine.com\/mag\/wp-content\/uploads\/2013\/02\/benedetto_in-tenta_all-in-square_All-in-square_by_IN-TENTA_10.jpg\" src=\"https:\/\/socialdesignmagazine.com\/mag\/wp-content\/uploads\/2013\/02\/benedetto_in-tenta_all-in-square_All-in-square_by_IN-TENTA_10.jpg\" alt=\"All-in-square by IN-TENTA 10\" class=\"wp-image-11077\" srcset=\"https:\/\/socialdesignmagazine.com\/mag\/wp-content\/uploads\/2013\/02\/benedetto_in-tenta_all-in-square_All-in-square_by_IN-TENTA_10.jpg 720w, https:\/\/socialdesignmagazine.com\/mag\/wp-content\/uploads\/2013\/02\/benedetto_in-tenta_all-in-square_All-in-square_by_IN-TENTA_10-100x66.jpg 100w\" sizes=\"auto, (max-width: 720px) 100vw, 720px\" \/><\/figure>\n<\/div>\n\n<div class=\"wp-block-image\">\n<figure class=\"aligncenter\"><img loading=\"lazy\" decoding=\"async\" width=\"720\" height=\"477\" data-attachment-id=\"11078\" data-permalink=\"https:\/\/socialdesignmagazine.com\/mag\/design\/all-in-square-microarchitettura-e-arredo-urbano-integrati-da-tecnologia-solare\/attachment\/all-in-square-by-in-tenta-11\/#content\" data-orig-file=\"https:\/\/socialdesignmagazine.com\/mag\/wp-content\/uploads\/2013\/02\/benedetto_in-tenta_all-in-square_All-in-square_by_IN-TENTA_11.jpg\" data-orig-size=\"720,477\" data-comments-opened=\"1\" data-image-meta=\"{&quot;aperture&quot;:&quot;0&quot;,&quot;credit&quot;:&quot;&quot;,&quot;camera&quot;:&quot;&quot;,&quot;caption&quot;:&quot;&quot;,&quot;created_timestamp&quot;:&quot;0&quot;,&quot;copyright&quot;:&quot;&quot;,&quot;focal_length&quot;:&quot;0&quot;,&quot;iso&quot;:&quot;0&quot;,&quot;shutter_speed&quot;:&quot;0&quot;,&quot;title&quot;:&quot;&quot;,&quot;orientation&quot;:&quot;1&quot;}\" data-image-title=\"All-in-square by IN-TENTA 11\" data-image-description=\"\" data-image-caption=\"\" data-medium-file=\"https:\/\/socialdesignmagazine.com\/mag\/wp-content\/uploads\/2013\/02\/benedetto_in-tenta_all-in-square_All-in-square_by_IN-TENTA_11-396x256.jpg\" data-large-file=\"https:\/\/socialdesignmagazine.com\/mag\/wp-content\/uploads\/2013\/02\/benedetto_in-tenta_all-in-square_All-in-square_by_IN-TENTA_11.jpg\" src=\"https:\/\/socialdesignmagazine.com\/mag\/wp-content\/uploads\/2013\/02\/benedetto_in-tenta_all-in-square_All-in-square_by_IN-TENTA_11.jpg\" alt=\"All-in-square by IN-TENTA 11\" class=\"wp-image-11078\" srcset=\"https:\/\/socialdesignmagazine.com\/mag\/wp-content\/uploads\/2013\/02\/benedetto_in-tenta_all-in-square_All-in-square_by_IN-TENTA_11.jpg 720w, https:\/\/socialdesignmagazine.com\/mag\/wp-content\/uploads\/2013\/02\/benedetto_in-tenta_all-in-square_All-in-square_by_IN-TENTA_11-100x66.jpg 100w\" sizes=\"auto, (max-width: 720px) 100vw, 720px\" \/><\/figure>\n<\/div>\n\n<div class=\"wp-block-image\">\n<figure class=\"aligncenter\"><img loading=\"lazy\" decoding=\"async\" width=\"720\" height=\"481\" data-attachment-id=\"11079\" data-permalink=\"https:\/\/socialdesignmagazine.com\/mag\/design\/all-in-square-microarchitettura-e-arredo-urbano-integrati-da-tecnologia-solare\/attachment\/all-in-square-by-in-tenta-07\/#content\" data-orig-file=\"https:\/\/socialdesignmagazine.com\/mag\/wp-content\/uploads\/2013\/02\/benedetto_in-tenta_all-in-square_All-in-square_by_IN-TENTA_07.jpg\" data-orig-size=\"720,481\" data-comments-opened=\"1\" data-image-meta=\"{&quot;aperture&quot;:&quot;0&quot;,&quot;credit&quot;:&quot;&quot;,&quot;camera&quot;:&quot;&quot;,&quot;caption&quot;:&quot;&quot;,&quot;created_timestamp&quot;:&quot;0&quot;,&quot;copyright&quot;:&quot;&quot;,&quot;focal_length&quot;:&quot;0&quot;,&quot;iso&quot;:&quot;0&quot;,&quot;shutter_speed&quot;:&quot;0&quot;,&quot;title&quot;:&quot;&quot;,&quot;orientation&quot;:&quot;1&quot;}\" data-image-title=\"All-in-square by IN-TENTA 07\" data-image-description=\"\" data-image-caption=\"\" data-medium-file=\"https:\/\/socialdesignmagazine.com\/mag\/wp-content\/uploads\/2013\/02\/benedetto_in-tenta_all-in-square_All-in-square_by_IN-TENTA_07-396x256.jpg\" data-large-file=\"https:\/\/socialdesignmagazine.com\/mag\/wp-content\/uploads\/2013\/02\/benedetto_in-tenta_all-in-square_All-in-square_by_IN-TENTA_07.jpg\" src=\"https:\/\/socialdesignmagazine.com\/mag\/wp-content\/uploads\/2013\/02\/benedetto_in-tenta_all-in-square_All-in-square_by_IN-TENTA_07.jpg\" alt=\"All-in-square by IN-TENTA 07\" class=\"wp-image-11079\" srcset=\"https:\/\/socialdesignmagazine.com\/mag\/wp-content\/uploads\/2013\/02\/benedetto_in-tenta_all-in-square_All-in-square_by_IN-TENTA_07.jpg 720w, https:\/\/socialdesignmagazine.com\/mag\/wp-content\/uploads\/2013\/02\/benedetto_in-tenta_all-in-square_All-in-square_by_IN-TENTA_07-100x66.jpg 100w\" sizes=\"auto, (max-width: 720px) 100vw, 720px\" \/><\/figure>\n<\/div>\n\n<div class=\"wp-block-image\">\n<figure class=\"aligncenter\"><img loading=\"lazy\" decoding=\"async\" width=\"720\" height=\"466\" data-attachment-id=\"11080\" data-permalink=\"https:\/\/socialdesignmagazine.com\/mag\/design\/all-in-square-microarchitettura-e-arredo-urbano-integrati-da-tecnologia-solare\/attachment\/all-in-square-by-in-tenta-05\/#content\" data-orig-file=\"https:\/\/socialdesignmagazine.com\/mag\/wp-content\/uploads\/2013\/02\/benedetto_in-tenta_all-in-square_All-in-square_by_IN-TENTA_05.jpg\" data-orig-size=\"720,466\" data-comments-opened=\"1\" data-image-meta=\"{&quot;aperture&quot;:&quot;0&quot;,&quot;credit&quot;:&quot;&quot;,&quot;camera&quot;:&quot;&quot;,&quot;caption&quot;:&quot;&quot;,&quot;created_timestamp&quot;:&quot;0&quot;,&quot;copyright&quot;:&quot;&quot;,&quot;focal_length&quot;:&quot;0&quot;,&quot;iso&quot;:&quot;0&quot;,&quot;shutter_speed&quot;:&quot;0&quot;,&quot;title&quot;:&quot;&quot;,&quot;orientation&quot;:&quot;1&quot;}\" data-image-title=\"All-in-square by IN-TENTA 05\" data-image-description=\"\" data-image-caption=\"\" data-medium-file=\"https:\/\/socialdesignmagazine.com\/mag\/wp-content\/uploads\/2013\/02\/benedetto_in-tenta_all-in-square_All-in-square_by_IN-TENTA_05-396x256.jpg\" data-large-file=\"https:\/\/socialdesignmagazine.com\/mag\/wp-content\/uploads\/2013\/02\/benedetto_in-tenta_all-in-square_All-in-square_by_IN-TENTA_05.jpg\" src=\"https:\/\/socialdesignmagazine.com\/mag\/wp-content\/uploads\/2013\/02\/benedetto_in-tenta_all-in-square_All-in-square_by_IN-TENTA_05.jpg\" alt=\"All-in-square by IN-TENTA 05\" class=\"wp-image-11080\" srcset=\"https:\/\/socialdesignmagazine.com\/mag\/wp-content\/uploads\/2013\/02\/benedetto_in-tenta_all-in-square_All-in-square_by_IN-TENTA_05.jpg 720w, https:\/\/socialdesignmagazine.com\/mag\/wp-content\/uploads\/2013\/02\/benedetto_in-tenta_all-in-square_All-in-square_by_IN-TENTA_05-100x66.jpg 100w, https:\/\/socialdesignmagazine.com\/mag\/wp-content\/uploads\/2013\/02\/benedetto_in-tenta_all-in-square_All-in-square_by_IN-TENTA_05-396x256.jpg 396w\" sizes=\"auto, (max-width: 720px) 100vw, 720px\" \/><\/figure>\n<\/div>\n\n<div class=\"wp-block-image\">\n<figure class=\"aligncenter\"><img loading=\"lazy\" decoding=\"async\" width=\"720\" height=\"466\" data-attachment-id=\"11081\" data-permalink=\"https:\/\/socialdesignmagazine.com\/mag\/design\/all-in-square-microarchitettura-e-arredo-urbano-integrati-da-tecnologia-solare\/attachment\/all-in-square-by-in-tenta-06\/#content\" data-orig-file=\"https:\/\/socialdesignmagazine.com\/mag\/wp-content\/uploads\/2013\/02\/benedetto_in-tenta_all-in-square_All-in-square_by_IN-TENTA_06.jpg\" data-orig-size=\"720,466\" data-comments-opened=\"1\" data-image-meta=\"{&quot;aperture&quot;:&quot;0&quot;,&quot;credit&quot;:&quot;&quot;,&quot;camera&quot;:&quot;&quot;,&quot;caption&quot;:&quot;&quot;,&quot;created_timestamp&quot;:&quot;0&quot;,&quot;copyright&quot;:&quot;&quot;,&quot;focal_length&quot;:&quot;0&quot;,&quot;iso&quot;:&quot;0&quot;,&quot;shutter_speed&quot;:&quot;0&quot;,&quot;title&quot;:&quot;&quot;,&quot;orientation&quot;:&quot;1&quot;}\" data-image-title=\"All-in-square by IN-TENTA 06\" data-image-description=\"\" data-image-caption=\"\" data-medium-file=\"https:\/\/socialdesignmagazine.com\/mag\/wp-content\/uploads\/2013\/02\/benedetto_in-tenta_all-in-square_All-in-square_by_IN-TENTA_06-396x256.jpg\" data-large-file=\"https:\/\/socialdesignmagazine.com\/mag\/wp-content\/uploads\/2013\/02\/benedetto_in-tenta_all-in-square_All-in-square_by_IN-TENTA_06.jpg\" src=\"https:\/\/socialdesignmagazine.com\/mag\/wp-content\/uploads\/2013\/02\/benedetto_in-tenta_all-in-square_All-in-square_by_IN-TENTA_06.jpg\" alt=\"All-in-square by IN-TENTA 06\" class=\"wp-image-11081\" srcset=\"https:\/\/socialdesignmagazine.com\/mag\/wp-content\/uploads\/2013\/02\/benedetto_in-tenta_all-in-square_All-in-square_by_IN-TENTA_06.jpg 720w, https:\/\/socialdesignmagazine.com\/mag\/wp-content\/uploads\/2013\/02\/benedetto_in-tenta_all-in-square_All-in-square_by_IN-TENTA_06-100x66.jpg 100w, https:\/\/socialdesignmagazine.com\/mag\/wp-content\/uploads\/2013\/02\/benedetto_in-tenta_all-in-square_All-in-square_by_IN-TENTA_06-396x256.jpg 396w\" sizes=\"auto, (max-width: 720px) 100vw, 720px\" \/><\/figure>\n<\/div>\n\n<div class=\"wp-block-image\">\n<figure class=\"aligncenter\"><img loading=\"lazy\" decoding=\"async\" width=\"720\" height=\"404\" data-attachment-id=\"11082\" data-permalink=\"https:\/\/socialdesignmagazine.com\/mag\/design\/all-in-square-microarchitettura-e-arredo-urbano-integrati-da-tecnologia-solare\/attachment\/all-in-square-by-in-tenta-09\/#content\" data-orig-file=\"https:\/\/socialdesignmagazine.com\/mag\/wp-content\/uploads\/2013\/02\/benedetto_in-tenta_all-in-square_All-in-square_by_IN-TENTA_09.jpg\" data-orig-size=\"720,404\" data-comments-opened=\"1\" data-image-meta=\"{&quot;aperture&quot;:&quot;2.8&quot;,&quot;credit&quot;:&quot;&quot;,&quot;camera&quot;:&quot;COOLPIX P80&quot;,&quot;caption&quot;:&quot;&quot;,&quot;created_timestamp&quot;:&quot;1326915490&quot;,&quot;copyright&quot;:&quot;&quot;,&quot;focal_length&quot;:&quot;4.7&quot;,&quot;iso&quot;:&quot;400&quot;,&quot;shutter_speed&quot;:&quot;0.344827586207&quot;,&quot;title&quot;:&quot;&quot;,&quot;orientation&quot;:&quot;1&quot;}\" data-image-title=\"All-in-square by IN-TENTA 09\" data-image-description=\"\" data-image-caption=\"\" data-medium-file=\"https:\/\/socialdesignmagazine.com\/mag\/wp-content\/uploads\/2013\/02\/benedetto_in-tenta_all-in-square_All-in-square_by_IN-TENTA_09-396x256.jpg\" data-large-file=\"https:\/\/socialdesignmagazine.com\/mag\/wp-content\/uploads\/2013\/02\/benedetto_in-tenta_all-in-square_All-in-square_by_IN-TENTA_09.jpg\" src=\"https:\/\/socialdesignmagazine.com\/mag\/wp-content\/uploads\/2013\/02\/benedetto_in-tenta_all-in-square_All-in-square_by_IN-TENTA_09.jpg\" alt=\"All-in-square by IN-TENTA 09\" class=\"wp-image-11082\"\/><\/figure>\n<\/div>","protected":false,"gt_translate_keys":[{"key":"rendered","format":"html"}]},"excerpt":{"rendered":"<p>ALL-IN-SQUARE, progettato da IN-TENTA per per spazi pubblici, \u00e8 formato da una microarchitettura che pu\u00f2 essere adibita a temporary shop o punto di informazione<\/p>\n","protected":false,"gt_translate_keys":[{"key":"rendered","format":"html"}]},"author":59,"featured_media":11072,"comment_status":"open","ping_status":"open","sticky":false,"template":"","format":"standard","meta":{"jetpack_post_was_ever_published":false,"_jetpack_newsletter_access":"","_jetpack_dont_email_post_to_subs":false,"_jetpack_newsletter_tier_id":0,"_jetpack_memberships_contains_paywalled_content":false,"_jetpack_memberships_contains_paid_content":false,"footnotes":"","_wpscppro_dont_share_socialmedia":false,"_wpscppro_custom_social_share_image":0,"_facebook_share_type":"","_twitter_share_type":"","_linkedin_share_type":"","_pinterest_share_type":"","_linkedin_share_type_page":"","_instagram_share_type":"","_medium_share_type":"","_threads_share_type":"","_google_business_share_type":"","_selected_social_profile":[],"_wpsp_enable_custom_social_template":false,"_wpsp_social_scheduling":{"enabled":false,"datetime":null,"platforms":[],"status":"template_only","dateOption":"today","timeOption":"now","customDays":"","customHours":"","customDate":"","customTime":"","schedulingType":"absolute"},"_wpsp_active_default_template":true},"categories":[13],"tags":[1747,2958,2672],"class_list":["post-1884","post","type-post","status-publish","format-standard","has-post-thumbnail","hentry","category-design","tag-arredo-urbano","tag-in-tenta","tag-microarchitettura"],"yoast_head":"<!-- This site is optimized with the Yoast SEO plugin v27.2 - https:\/\/yoast.com\/product\/yoast-seo-wordpress\/ -->\n<title>ALL-IN-SQUARE, microarchitettura e arredo urbano integrati da tecnologia solare - Social Design Magazine<\/title>\n<meta name=\"description\" content=\"progetto per uno spazio urbano approvigionato energeticamente da pannelli solari, integrato da una microarchitettura, sedute modulari e luminose, rastrelliere per biciclette e pavimento in granito e solid surface.\" \/>\n<meta name=\"robots\" content=\"index, follow, max-snippet:-1, max-image-preview:large, max-video-preview:-1\" \/>\n<link rel=\"canonical\" href=\"https:\/\/socialdesignmagazine.com\/mag\/design\/all-in-square-microarchitettura-e-arredo-urbano-integrati-da-tecnologia-solare\/\" \/>\n<meta property=\"og:locale\" content=\"it_IT\" \/>\n<meta property=\"og:type\" content=\"article\" \/>\n<meta property=\"og:title\" content=\"ALL-IN-SQUARE, microarchitettura e arredo urbano integrati da tecnologia solare - Social Design Magazine\" \/>\n<meta property=\"og:description\" content=\"progetto per uno spazio urbano approvigionato energeticamente da pannelli solari, integrato da una microarchitettura, sedute modulari e luminose, rastrelliere per biciclette e pavimento in granito e solid surface.\" \/>\n<meta property=\"og:url\" content=\"http:\/\/socialdesignmagazine.com\/mag\/design\/all-in-square-microarchitettura-e-arredo-urbano-integrati-da-tecnologia-solare\/\" \/>\n<meta property=\"og:site_name\" content=\"Social Design Magazine\" \/>\n<meta property=\"article:publisher\" content=\"https:\/\/www.facebook.com\/socialdesignmag\" \/>\n<meta property=\"article:published_time\" content=\"2013-02-18T19:00:00+00:00\" \/>\n<meta property=\"article:modified_time\" content=\"2024-05-25T12:34:45+00:00\" \/>\n<meta property=\"og:image\" content=\"https:\/\/socialdesignmagazine.com\/mag\/wp-content\/uploads\/2013\/02\/benedetto_in-tenta_all-in-square_All-in-square_by_IN-TENTA_00.jpg\" \/>\n\t<meta property=\"og:image:width\" content=\"720\" \/>\n\t<meta property=\"og:image:height\" content=\"392\" \/>\n\t<meta property=\"og:image:type\" content=\"image\/jpeg\" \/>\n<meta name=\"author\" content=\"Daniela Seminara\" \/>\n<meta name=\"twitter:card\" content=\"summary_large_image\" \/>\n<meta name=\"twitter:creator\" content=\"@socialdesignmag\" \/>\n<meta name=\"twitter:site\" content=\"@socialdesignmag\" \/>\n<meta name=\"twitter:label1\" content=\"Scritto da\" \/>\n\t<meta name=\"twitter:data1\" content=\"Daniela Seminara\" \/>\n\t<meta name=\"twitter:label2\" content=\"Tempo di lettura stimato\" \/>\n\t<meta name=\"twitter:data2\" content=\"5 minuti\" \/>\n<script type=\"application\/ld+json\" class=\"yoast-schema-graph\">{\"@context\":\"https:\/\/schema.org\",\"@graph\":[{\"@type\":\"Article\",\"@id\":\"https:\/\/socialdesignmagazine.com\/mag\/design\/all-in-square-microarchitettura-e-arredo-urbano-integrati-da-tecnologia-solare\/#article\",\"isPartOf\":{\"@id\":\"https:\/\/socialdesignmagazine.com\/mag\/design\/all-in-square-microarchitettura-e-arredo-urbano-integrati-da-tecnologia-solare\/\"},\"author\":{\"name\":\"Daniela Seminara\",\"@id\":\"https:\/\/socialdesignmagazine.com\/mag\/#\/schema\/person\/ecf5f19fcc75a6b4faaf2c8020607838\"},\"headline\":\"ALL-IN-SQUARE, microarchitettura e arredo urbano integrati da tecnologia solare\",\"datePublished\":\"2013-02-18T19:00:00+00:00\",\"dateModified\":\"2024-05-25T12:34:45+00:00\",\"mainEntityOfPage\":{\"@id\":\"https:\/\/socialdesignmagazine.com\/mag\/design\/all-in-square-microarchitettura-e-arredo-urbano-integrati-da-tecnologia-solare\/\"},\"wordCount\":374,\"commentCount\":0,\"publisher\":{\"@id\":\"https:\/\/socialdesignmagazine.com\/mag\/#organization\"},\"image\":{\"@id\":\"https:\/\/socialdesignmagazine.com\/mag\/design\/all-in-square-microarchitettura-e-arredo-urbano-integrati-da-tecnologia-solare\/#primaryimage\"},\"thumbnailUrl\":\"https:\/\/socialdesignmagazine.com\/mag\/wp-content\/uploads\/2013\/02\/benedetto_in-tenta_all-in-square_All-in-square_by_IN-TENTA_00.jpg\",\"keywords\":[\"arredo urbano\",\"in tenta\",\"microarchitettura\"],\"articleSection\":[\"Design\"],\"inLanguage\":\"it-IT\",\"potentialAction\":[{\"@type\":\"CommentAction\",\"name\":\"Comment\",\"target\":[\"https:\/\/socialdesignmagazine.com\/mag\/design\/all-in-square-microarchitettura-e-arredo-urbano-integrati-da-tecnologia-solare\/#respond\"]}]},{\"@type\":\"WebPage\",\"@id\":\"https:\/\/socialdesignmagazine.com\/mag\/design\/all-in-square-microarchitettura-e-arredo-urbano-integrati-da-tecnologia-solare\/\",\"url\":\"https:\/\/socialdesignmagazine.com\/mag\/design\/all-in-square-microarchitettura-e-arredo-urbano-integrati-da-tecnologia-solare\/\",\"name\":\"ALL-IN-SQUARE, microarchitettura e arredo urbano integrati da tecnologia solare - Social Design Magazine\",\"isPartOf\":{\"@id\":\"https:\/\/socialdesignmagazine.com\/mag\/#website\"},\"primaryImageOfPage\":{\"@id\":\"https:\/\/socialdesignmagazine.com\/mag\/design\/all-in-square-microarchitettura-e-arredo-urbano-integrati-da-tecnologia-solare\/#primaryimage\"},\"image\":{\"@id\":\"https:\/\/socialdesignmagazine.com\/mag\/design\/all-in-square-microarchitettura-e-arredo-urbano-integrati-da-tecnologia-solare\/#primaryimage\"},\"thumbnailUrl\":\"https:\/\/socialdesignmagazine.com\/mag\/wp-content\/uploads\/2013\/02\/benedetto_in-tenta_all-in-square_All-in-square_by_IN-TENTA_00.jpg\",\"datePublished\":\"2013-02-18T19:00:00+00:00\",\"dateModified\":\"2024-05-25T12:34:45+00:00\",\"description\":\"progetto per uno spazio urbano approvigionato energeticamente da pannelli solari, integrato da una microarchitettura, sedute modulari e luminose, rastrelliere per biciclette e pavimento in granito e solid surface.\",\"breadcrumb\":{\"@id\":\"https:\/\/socialdesignmagazine.com\/mag\/design\/all-in-square-microarchitettura-e-arredo-urbano-integrati-da-tecnologia-solare\/#breadcrumb\"},\"inLanguage\":\"it-IT\",\"potentialAction\":[{\"@type\":\"ReadAction\",\"target\":[\"https:\/\/socialdesignmagazine.com\/mag\/design\/all-in-square-microarchitettura-e-arredo-urbano-integrati-da-tecnologia-solare\/\"]}]},{\"@type\":\"ImageObject\",\"inLanguage\":\"it-IT\",\"@id\":\"https:\/\/socialdesignmagazine.com\/mag\/design\/all-in-square-microarchitettura-e-arredo-urbano-integrati-da-tecnologia-solare\/#primaryimage\",\"url\":\"https:\/\/socialdesignmagazine.com\/mag\/wp-content\/uploads\/2013\/02\/benedetto_in-tenta_all-in-square_All-in-square_by_IN-TENTA_00.jpg\",\"contentUrl\":\"https:\/\/socialdesignmagazine.com\/mag\/wp-content\/uploads\/2013\/02\/benedetto_in-tenta_all-in-square_All-in-square_by_IN-TENTA_00.jpg\",\"width\":720,\"height\":392,\"caption\":\"All-in-square by IN-TENTA 00\"},{\"@type\":\"BreadcrumbList\",\"@id\":\"https:\/\/socialdesignmagazine.com\/mag\/design\/all-in-square-microarchitettura-e-arredo-urbano-integrati-da-tecnologia-solare\/#breadcrumb\",\"itemListElement\":[{\"@type\":\"ListItem\",\"position\":1,\"name\":\"Home\",\"item\":\"https:\/\/socialdesignmagazine.com\/mag\/\"},{\"@type\":\"ListItem\",\"position\":2,\"name\":\"Design\",\"item\":\"https:\/\/socialdesignmagazine.com\/mag\/design\/\"},{\"@type\":\"ListItem\",\"position\":3,\"name\":\"ALL-IN-SQUARE, microarchitettura e arredo urbano integrati da tecnologia solare\"}]},{\"@type\":\"WebSite\",\"@id\":\"https:\/\/socialdesignmagazine.com\/mag\/#website\",\"url\":\"https:\/\/socialdesignmagazine.com\/mag\/\",\"name\":\"Social Design Magazine\",\"description\":\"Social Magazine su Design, Architettura, Arte, Grafica\",\"publisher\":{\"@id\":\"https:\/\/socialdesignmagazine.com\/mag\/#organization\"},\"potentialAction\":[{\"@type\":\"SearchAction\",\"target\":{\"@type\":\"EntryPoint\",\"urlTemplate\":\"https:\/\/socialdesignmagazine.com\/mag\/?s={search_term_string}\"},\"query-input\":{\"@type\":\"PropertyValueSpecification\",\"valueRequired\":true,\"valueName\":\"search_term_string\"}}],\"inLanguage\":\"it-IT\"},{\"@type\":\"Organization\",\"@id\":\"https:\/\/socialdesignmagazine.com\/mag\/#organization\",\"name\":\"Social Design Magazine\",\"url\":\"https:\/\/socialdesignmagazine.com\/mag\/\",\"logo\":{\"@type\":\"ImageObject\",\"inLanguage\":\"it-IT\",\"@id\":\"https:\/\/socialdesignmagazine.com\/mag\/#\/schema\/logo\/image\/\",\"url\":\"https:\/\/socialdesignmagazine.com\/mag\/wp-content\/uploads\/2017\/01\/logo_favicon_11.png\",\"contentUrl\":\"https:\/\/socialdesignmagazine.com\/mag\/wp-content\/uploads\/2017\/01\/logo_favicon_11.png\",\"width\":1024,\"height\":1024,\"caption\":\"Social Design Magazine\"},\"image\":{\"@id\":\"https:\/\/socialdesignmagazine.com\/mag\/#\/schema\/logo\/image\/\"},\"sameAs\":[\"https:\/\/www.facebook.com\/socialdesignmag\",\"https:\/\/x.com\/socialdesignmag\",\"http:\/\/instagram.com\/social_design_magazine\/\",\"http:\/\/pinterest.com\/socialdesignmag\/\",\"http:\/\/www.youtube.com\/user\/socialdesignmagazine\"]},{\"@type\":\"Person\",\"@id\":\"https:\/\/socialdesignmagazine.com\/mag\/#\/schema\/person\/ecf5f19fcc75a6b4faaf2c8020607838\",\"name\":\"Daniela Seminara\",\"image\":{\"@type\":\"ImageObject\",\"inLanguage\":\"it-IT\",\"@id\":\"https:\/\/secure.gravatar.com\/avatar\/e0696a3d65d1775ec808a40aa93dd2375092a4ac16a1545c19108b05f8a86f3d?s=96&d=mm&r=g\",\"url\":\"https:\/\/secure.gravatar.com\/avatar\/e0696a3d65d1775ec808a40aa93dd2375092a4ac16a1545c19108b05f8a86f3d?s=96&d=mm&r=g\",\"contentUrl\":\"https:\/\/secure.gravatar.com\/avatar\/e0696a3d65d1775ec808a40aa93dd2375092a4ac16a1545c19108b05f8a86f3d?s=96&d=mm&r=g\",\"caption\":\"Daniela Seminara\"},\"url\":\"https:\/\/socialdesignmagazine.com\/mag\/author\/daniela-seminara\/\"}]}<\/script>\n<!-- \/ Yoast SEO plugin. -->","yoast_head_json":{"title":"ALL-IN-SQUARE, microarchitettura e arredo urbano integrati da tecnologia solare - Social Design Magazine","description":"progetto per uno spazio urbano approvigionato energeticamente da pannelli solari, integrato da una microarchitettura, sedute modulari e luminose, rastrelliere per biciclette e pavimento in granito e solid surface.","robots":{"index":"index","follow":"follow","max-snippet":"max-snippet:-1","max-image-preview":"max-image-preview:large","max-video-preview":"max-video-preview:-1"},"canonical":"https:\/\/socialdesignmagazine.com\/mag\/design\/all-in-square-microarchitettura-e-arredo-urbano-integrati-da-tecnologia-solare\/","og_locale":"it_IT","og_type":"article","og_title":"ALL-IN-SQUARE, microarchitettura e arredo urbano integrati da tecnologia solare - Social Design Magazine","og_description":"progetto per uno spazio urbano approvigionato energeticamente da pannelli solari, integrato da una microarchitettura, sedute modulari e luminose, rastrelliere per biciclette e pavimento in granito e solid surface.","og_url":"http:\/\/socialdesignmagazine.com\/mag\/design\/all-in-square-microarchitettura-e-arredo-urbano-integrati-da-tecnologia-solare\/","og_site_name":"Social Design Magazine","article_publisher":"https:\/\/www.facebook.com\/socialdesignmag","article_published_time":"2013-02-18T19:00:00+00:00","article_modified_time":"2024-05-25T12:34:45+00:00","og_image":[{"width":720,"height":392,"url":"https:\/\/socialdesignmagazine.com\/mag\/wp-content\/uploads\/2013\/02\/benedetto_in-tenta_all-in-square_All-in-square_by_IN-TENTA_00.jpg","type":"image\/jpeg"}],"author":"Daniela Seminara","twitter_card":"summary_large_image","twitter_creator":"@socialdesignmag","twitter_site":"@socialdesignmag","twitter_misc":{"Scritto da":"Daniela Seminara","Tempo di lettura stimato":"5 minuti"},"schema":{"@context":"https:\/\/schema.org","@graph":[{"@type":"Article","@id":"https:\/\/socialdesignmagazine.com\/mag\/design\/all-in-square-microarchitettura-e-arredo-urbano-integrati-da-tecnologia-solare\/#article","isPartOf":{"@id":"https:\/\/socialdesignmagazine.com\/mag\/design\/all-in-square-microarchitettura-e-arredo-urbano-integrati-da-tecnologia-solare\/"},"author":{"name":"Daniela Seminara","@id":"https:\/\/socialdesignmagazine.com\/mag\/#\/schema\/person\/ecf5f19fcc75a6b4faaf2c8020607838"},"headline":"ALL-IN-SQUARE, microarchitettura e arredo urbano integrati da tecnologia solare","datePublished":"2013-02-18T19:00:00+00:00","dateModified":"2024-05-25T12:34:45+00:00","mainEntityOfPage":{"@id":"https:\/\/socialdesignmagazine.com\/mag\/design\/all-in-square-microarchitettura-e-arredo-urbano-integrati-da-tecnologia-solare\/"},"wordCount":374,"commentCount":0,"publisher":{"@id":"https:\/\/socialdesignmagazine.com\/mag\/#organization"},"image":{"@id":"https:\/\/socialdesignmagazine.com\/mag\/design\/all-in-square-microarchitettura-e-arredo-urbano-integrati-da-tecnologia-solare\/#primaryimage"},"thumbnailUrl":"https:\/\/socialdesignmagazine.com\/mag\/wp-content\/uploads\/2013\/02\/benedetto_in-tenta_all-in-square_All-in-square_by_IN-TENTA_00.jpg","keywords":["arredo urbano","in tenta","microarchitettura"],"articleSection":["Design"],"inLanguage":"it-IT","potentialAction":[{"@type":"CommentAction","name":"Comment","target":["https:\/\/socialdesignmagazine.com\/mag\/design\/all-in-square-microarchitettura-e-arredo-urbano-integrati-da-tecnologia-solare\/#respond"]}]},{"@type":"WebPage","@id":"https:\/\/socialdesignmagazine.com\/mag\/design\/all-in-square-microarchitettura-e-arredo-urbano-integrati-da-tecnologia-solare\/","url":"https:\/\/socialdesignmagazine.com\/mag\/design\/all-in-square-microarchitettura-e-arredo-urbano-integrati-da-tecnologia-solare\/","name":"ALL-IN-SQUARE, microarchitettura e arredo urbano integrati da tecnologia solare - Social Design Magazine","isPartOf":{"@id":"https:\/\/socialdesignmagazine.com\/mag\/#website"},"primaryImageOfPage":{"@id":"https:\/\/socialdesignmagazine.com\/mag\/design\/all-in-square-microarchitettura-e-arredo-urbano-integrati-da-tecnologia-solare\/#primaryimage"},"image":{"@id":"https:\/\/socialdesignmagazine.com\/mag\/design\/all-in-square-microarchitettura-e-arredo-urbano-integrati-da-tecnologia-solare\/#primaryimage"},"thumbnailUrl":"https:\/\/socialdesignmagazine.com\/mag\/wp-content\/uploads\/2013\/02\/benedetto_in-tenta_all-in-square_All-in-square_by_IN-TENTA_00.jpg","datePublished":"2013-02-18T19:00:00+00:00","dateModified":"2024-05-25T12:34:45+00:00","description":"progetto per uno spazio urbano approvigionato energeticamente da pannelli solari, integrato da una microarchitettura, sedute modulari e luminose, rastrelliere per biciclette e pavimento in granito e solid surface.","breadcrumb":{"@id":"https:\/\/socialdesignmagazine.com\/mag\/design\/all-in-square-microarchitettura-e-arredo-urbano-integrati-da-tecnologia-solare\/#breadcrumb"},"inLanguage":"it-IT","potentialAction":[{"@type":"ReadAction","target":["https:\/\/socialdesignmagazine.com\/mag\/design\/all-in-square-microarchitettura-e-arredo-urbano-integrati-da-tecnologia-solare\/"]}]},{"@type":"ImageObject","inLanguage":"it-IT","@id":"https:\/\/socialdesignmagazine.com\/mag\/design\/all-in-square-microarchitettura-e-arredo-urbano-integrati-da-tecnologia-solare\/#primaryimage","url":"https:\/\/socialdesignmagazine.com\/mag\/wp-content\/uploads\/2013\/02\/benedetto_in-tenta_all-in-square_All-in-square_by_IN-TENTA_00.jpg","contentUrl":"https:\/\/socialdesignmagazine.com\/mag\/wp-content\/uploads\/2013\/02\/benedetto_in-tenta_all-in-square_All-in-square_by_IN-TENTA_00.jpg","width":720,"height":392,"caption":"All-in-square by IN-TENTA 00"},{"@type":"BreadcrumbList","@id":"https:\/\/socialdesignmagazine.com\/mag\/design\/all-in-square-microarchitettura-e-arredo-urbano-integrati-da-tecnologia-solare\/#breadcrumb","itemListElement":[{"@type":"ListItem","position":1,"name":"Home","item":"https:\/\/socialdesignmagazine.com\/mag\/"},{"@type":"ListItem","position":2,"name":"Design","item":"https:\/\/socialdesignmagazine.com\/mag\/design\/"},{"@type":"ListItem","position":3,"name":"ALL-IN-SQUARE, microarchitettura e arredo urbano integrati da tecnologia solare"}]},{"@type":"WebSite","@id":"https:\/\/socialdesignmagazine.com\/mag\/#website","url":"https:\/\/socialdesignmagazine.com\/mag\/","name":"Social Design Magazine","description":"Social Magazine su Design, Architettura, Arte, Grafica","publisher":{"@id":"https:\/\/socialdesignmagazine.com\/mag\/#organization"},"potentialAction":[{"@type":"SearchAction","target":{"@type":"EntryPoint","urlTemplate":"https:\/\/socialdesignmagazine.com\/mag\/?s={search_term_string}"},"query-input":{"@type":"PropertyValueSpecification","valueRequired":true,"valueName":"search_term_string"}}],"inLanguage":"it-IT"},{"@type":"Organization","@id":"https:\/\/socialdesignmagazine.com\/mag\/#organization","name":"Social Design Magazine","url":"https:\/\/socialdesignmagazine.com\/mag\/","logo":{"@type":"ImageObject","inLanguage":"it-IT","@id":"https:\/\/socialdesignmagazine.com\/mag\/#\/schema\/logo\/image\/","url":"https:\/\/socialdesignmagazine.com\/mag\/wp-content\/uploads\/2017\/01\/logo_favicon_11.png","contentUrl":"https:\/\/socialdesignmagazine.com\/mag\/wp-content\/uploads\/2017\/01\/logo_favicon_11.png","width":1024,"height":1024,"caption":"Social Design Magazine"},"image":{"@id":"https:\/\/socialdesignmagazine.com\/mag\/#\/schema\/logo\/image\/"},"sameAs":["https:\/\/www.facebook.com\/socialdesignmag","https:\/\/x.com\/socialdesignmag","http:\/\/instagram.com\/social_design_magazine\/","http:\/\/pinterest.com\/socialdesignmag\/","http:\/\/www.youtube.com\/user\/socialdesignmagazine"]},{"@type":"Person","@id":"https:\/\/socialdesignmagazine.com\/mag\/#\/schema\/person\/ecf5f19fcc75a6b4faaf2c8020607838","name":"Daniela Seminara","image":{"@type":"ImageObject","inLanguage":"it-IT","@id":"https:\/\/secure.gravatar.com\/avatar\/e0696a3d65d1775ec808a40aa93dd2375092a4ac16a1545c19108b05f8a86f3d?s=96&d=mm&r=g","url":"https:\/\/secure.gravatar.com\/avatar\/e0696a3d65d1775ec808a40aa93dd2375092a4ac16a1545c19108b05f8a86f3d?s=96&d=mm&r=g","contentUrl":"https:\/\/secure.gravatar.com\/avatar\/e0696a3d65d1775ec808a40aa93dd2375092a4ac16a1545c19108b05f8a86f3d?s=96&d=mm&r=g","caption":"Daniela Seminara"},"url":"https:\/\/socialdesignmagazine.com\/mag\/author\/daniela-seminara\/"}]}},"jetpack_featured_media_url":"https:\/\/socialdesignmagazine.com\/mag\/wp-content\/uploads\/2013\/02\/benedetto_in-tenta_all-in-square_All-in-square_by_IN-TENTA_00.jpg","jetpack_sharing_enabled":true,"jetpack_shortlink":"https:\/\/wp.me\/p6cV7V-uo","gt_translate_keys":[{"key":"link","format":"url"}],"_links":{"self":[{"href":"https:\/\/socialdesignmagazine.com\/mag\/wp-json\/wp\/v2\/posts\/1884","targetHints":{"allow":["GET"]}}],"collection":[{"href":"https:\/\/socialdesignmagazine.com\/mag\/wp-json\/wp\/v2\/posts"}],"about":[{"href":"https:\/\/socialdesignmagazine.com\/mag\/wp-json\/wp\/v2\/types\/post"}],"author":[{"embeddable":true,"href":"https:\/\/socialdesignmagazine.com\/mag\/wp-json\/wp\/v2\/users\/59"}],"replies":[{"embeddable":true,"href":"https:\/\/socialdesignmagazine.com\/mag\/wp-json\/wp\/v2\/comments?post=1884"}],"version-history":[{"count":1,"href":"https:\/\/socialdesignmagazine.com\/mag\/wp-json\/wp\/v2\/posts\/1884\/revisions"}],"predecessor-version":[{"id":61134,"href":"https:\/\/socialdesignmagazine.com\/mag\/wp-json\/wp\/v2\/posts\/1884\/revisions\/61134"}],"wp:featuredmedia":[{"embeddable":true,"href":"https:\/\/socialdesignmagazine.com\/mag\/wp-json\/wp\/v2\/media\/11072"}],"wp:attachment":[{"href":"https:\/\/socialdesignmagazine.com\/mag\/wp-json\/wp\/v2\/media?parent=1884"}],"wp:term":[{"taxonomy":"category","embeddable":true,"href":"https:\/\/socialdesignmagazine.com\/mag\/wp-json\/wp\/v2\/categories?post=1884"},{"taxonomy":"post_tag","embeddable":true,"href":"https:\/\/socialdesignmagazine.com\/mag\/wp-json\/wp\/v2\/tags?post=1884"}],"curies":[{"name":"wp","href":"https:\/\/api.w.org\/{rel}","templated":true}]}}