{"id":1889,"date":"2013-02-20T10:00:00","date_gmt":"2013-02-20T09:00:00","guid":{"rendered":"https:\/\/socialdesignmagazine.com\/mag\/s7-grafica\/c36-grafica\/bilbolbul-festival-internazionale-di-fumetto-vii-edizione-bologna-21-24-febbraio\/"},"modified":"2024-05-25T14:42:16","modified_gmt":"2024-05-25T12:42:16","slug":"bilbolbul-festival-internazionale-di-fumetto-vii-edizione-bologna-21-24-febbraio","status":"publish","type":"post","link":"https:\/\/socialdesignmagazine.com\/mag\/grafica\/bilbolbul-festival-internazionale-di-fumetto-vii-edizione-bologna-21-24-febbraio\/","title":{"rendered":"BilBOlbul Festival internazionale di fumetto  VII edizione Bologna, 21-24 febbraio","gt_translate_keys":[{"key":"rendered","format":"text"}]},"content":{"rendered":"\n<p>Torna a <strong>Bologna, dal 21 al 24 febbraio 2013<\/strong> l\u2019appuntamento annuale con <strong>BILBOLBUL FESTIVAL INTERNAZIONALE DI FUMETTO<\/strong>, a cura di <strong>HAMELIN ASSOCIAZIONE CULTURALE<\/strong>. Il festival, arrivato alla sua VII edizione, trasformer\u00e0 ancora una volta il capoluogo emiliano in capitale del fumetto, accogliendo in citt\u00e0 autori e appassionati da tutto il mondo. <strong>BilBOlbul<\/strong> invader\u00e0 il centro di Bologna con mostre, incontri ed eventi.<\/p>\n\n\n\n<p>Protagonista della VII edizione di BilBOlbul \u00e8 <strong>Vittorio Giardino<\/strong>, autore bolognese affermato in tutto il mondo a lui \u00e8 dedicata l\u2019importante mostra antologica La quinta verit\u00e0 ospitata dal Museo Civico Archeologico.<\/p>\n\n\n\n<p>Fuori dal territorio italiano ci trasporteranno invece le mostre di Jason (Norvegia), di Henning Wagenbreth (Germania), e di Tonto Comics (Austria). Tra gli artisti d\u2019eccezione anche Lorenzo Mattotti, presente al festival con l\u2019esposizione Oltremai.<\/p>\n\n\n\n<p>Il festival dar\u00e0 spazio alle mostre di fumettisti e disegnatori emergenti, tra cui quella del giovane romagnolo Andrea Zoli, vincitore del concorso \u201cKomikazen\u201d con un graphic novel sugli ultras dal taglio sociologico ,di Silvia Rocchi, che espone le tavole del suo libro d\u2019esordio dedicato ad Alda Merini, e di Michelangelo Setola che insieme a Edo Chieregato, presenter\u00e0 una raccolta di racconti che mette al centro la marginalit\u00e0 e le relazioni umane.<\/p>\n\n\n\n<p>Da sempre BilBOlbul promuove il dialogo tra il fumetto e le altre arti, la contaminazione tra i vari linguaggi. La rassegna cinematografica curata da Sergio Fant al Cinema Lumi\u00e8re che quest\u2019anno guarda a Oriente, e in particolare al Giappone e ai maestri del manga.<\/p>\n\n\n\n<p>Il ciclo di incontri, novit\u00e0 di questa edizione, I film della mia vita: Jason, Vittorio Giardino e Lorenzo Mattotti si racconteranno attraverso i film che hanno contribuito a definire il loro percorso artistico.<\/p>\n\n\n\n<p>L\u2019apertura al teatro, altra novit\u00e0 esclusiva, due delle pi\u00f9 grandi figure della scena italiana: Chiara Guidi della Soc\u00ecetas Raffaello Sanzio ed Ermanna Montanari del Teatro delle Albe, per la prima volta insieme nello spettacolo Poco lontano da qui, liberamenteispirato al romanzo a fumetti di Igort Quaderni russi.<\/p>\n\n\n\n<p>Uno degli obiettivi di BilBOlbul \u00e8 l\u2019ideazione di nuovi progetti e per il 2013 \u00e8 stato chiesto all\u2019artista visiva e disegnatrice Allegra Corbo di realizzare un progetto: Il Tempio. Altra iniziativa esclusiva del festival \u00e8 la \u201ccamera d\u2019artista\u201d, affidata ogni anno a un ospite diverso. Per il 2013 sar\u00e0 Alessandro Baronciani, a lavorare in una delle stanze dell\u2019hotel Al Cappello Rosso.<\/p>\n\n\n<div class=\"wp-block-image\">\n<figure class=\"aligncenter\"><img loading=\"lazy\" decoding=\"async\" width=\"720\" height=\"731\" data-attachment-id=\"11110\" data-permalink=\"https:\/\/socialdesignmagazine.com\/mag\/grafica\/bilbolbul-festival-internazionale-di-fumetto-vii-edizione-bologna-21-24-febbraio\/attachment\/bilbolbul-festival-del-fumetto-bologna-01\/#content\" data-orig-file=\"https:\/\/socialdesignmagazine.com\/mag\/wp-content\/uploads\/2013\/02\/benedetto_bilbolbul_bilbolbul_festival_del_fumetto_bologna_01.jpg\" data-orig-size=\"720,731\" data-comments-opened=\"1\" data-image-meta=\"{&quot;aperture&quot;:&quot;0&quot;,&quot;credit&quot;:&quot;&quot;,&quot;camera&quot;:&quot;&quot;,&quot;caption&quot;:&quot;&quot;,&quot;created_timestamp&quot;:&quot;0&quot;,&quot;copyright&quot;:&quot;&quot;,&quot;focal_length&quot;:&quot;0&quot;,&quot;iso&quot;:&quot;0&quot;,&quot;shutter_speed&quot;:&quot;0&quot;,&quot;title&quot;:&quot;&quot;,&quot;orientation&quot;:&quot;1&quot;}\" data-image-title=\"bilbolbul festival del fumetto bologna 01\" data-image-description=\"\" data-image-caption=\"\" data-medium-file=\"https:\/\/socialdesignmagazine.com\/mag\/wp-content\/uploads\/2013\/02\/benedetto_bilbolbul_bilbolbul_festival_del_fumetto_bologna_01-396x256.jpg\" data-large-file=\"https:\/\/socialdesignmagazine.com\/mag\/wp-content\/uploads\/2013\/02\/benedetto_bilbolbul_bilbolbul_festival_del_fumetto_bologna_01.jpg\" src=\"https:\/\/socialdesignmagazine.com\/mag\/wp-content\/uploads\/2013\/02\/benedetto_bilbolbul_bilbolbul_festival_del_fumetto_bologna_01.jpg\" alt=\"bilbolbul festival del fumetto bologna 01\" class=\"wp-image-11110\" srcset=\"https:\/\/socialdesignmagazine.com\/mag\/wp-content\/uploads\/2013\/02\/benedetto_bilbolbul_bilbolbul_festival_del_fumetto_bologna_01.jpg 720w, https:\/\/socialdesignmagazine.com\/mag\/wp-content\/uploads\/2013\/02\/benedetto_bilbolbul_bilbolbul_festival_del_fumetto_bologna_01-65x65.jpg 65w\" sizes=\"auto, (max-width: 720px) 100vw, 720px\" \/><\/figure>\n<\/div>\n\n\n<p>L\u2019attenzione per i pi\u00f9 piccoli \u00e8 una delle costanti, per i giorni del festival e per tutto il mese di marzo, la sala espositiva della Cineteca di Bologna si trasformer\u00e0 nella Fumettofficina.<\/p>\n\n\n\n<p>Protagonisti di questa novit\u00e0 sono gli autori di Mamut, invitati a reinventare la sala espositiva della Cineteca, per creare uno spazio concepito per i visitatori pi\u00f9 giovani del festival.<\/p>\n\n\n\n<p>BilBOlbul propone anche incontri rivolti agli adolescenti, con il progetto di promozione della lettura \u201cXanadu. Comunit\u00e0 di lettori ostinati\u201d che dal 2001 Hamelin porta avanti in scuole medie e superiori di tutta Italia.<\/p>\n\n\n\n<p>Il programma completo del festival \u00e8 visibile nel sito <a class=\"jcepopup\" href=\"http:\/\/www.bilbolbul.net\" target=\"_blank\" rel=\"nofollow noopener\">www.bilbolbul.net<\/a>, \u00e8 possibile seguire il festival anche grazie al blog http:\/\/www.bilbolbul.net\/blog\/<\/p>\n","protected":false,"gt_translate_keys":[{"key":"rendered","format":"html"}]},"excerpt":{"rendered":"<p>Torna a Bologna, dal 21 al 24 febbraio 2013 l\u2019appuntamento annuale con BILBOLBUL FESTIVAL INTERNAZIONALE DI FUMETTO, a cura di HAMELIN ASSOCIAZIONE CULTURALE.<\/p>\n","protected":false,"gt_translate_keys":[{"key":"rendered","format":"html"}]},"author":63,"featured_media":11109,"comment_status":"open","ping_status":"open","sticky":false,"template":"","format":"standard","meta":{"jetpack_post_was_ever_published":false,"_jetpack_newsletter_access":"","_jetpack_dont_email_post_to_subs":false,"_jetpack_newsletter_tier_id":0,"_jetpack_memberships_contains_paywalled_content":false,"_jetpack_memberships_contains_paid_content":false,"footnotes":"","_wpscppro_dont_share_socialmedia":false,"_wpscppro_custom_social_share_image":0,"_facebook_share_type":"","_twitter_share_type":"","_linkedin_share_type":"","_pinterest_share_type":"","_linkedin_share_type_page":"","_instagram_share_type":"","_medium_share_type":"","_threads_share_type":"","_google_business_share_type":"","_selected_social_profile":[],"_wpsp_enable_custom_social_template":false,"_wpsp_social_scheduling":{"enabled":false,"datetime":null,"platforms":[],"status":"template_only","dateOption":"today","timeOption":"now","customDays":"","customHours":"","customDate":"","customTime":"","schedulingType":"absolute"},"_wpsp_active_default_template":true},"categories":[14],"tags":[1293],"class_list":["post-1889","post","type-post","status-publish","format-standard","has-post-thumbnail","hentry","category-grafica","tag-bologna"],"yoast_head":"<!-- This site is optimized with the Yoast SEO plugin v27.2 - https:\/\/yoast.com\/product\/yoast-seo-wordpress\/ -->\n<title>BilBOlbul Festival internazionale di fumetto VII edizione Bologna, 21-24 febbraio - Social Design Magazine<\/title>\n<meta name=\"description\" content=\"Torna a Bologna, dal 21 al 24 febbraio 2013 l\u2019appuntamento annuale con BILBOLBUL FESTIVAL INTERNAZIONALE DI FUMETTO, a cura di HAMELIN ASSOCIAZIONE CULTURALE.\" \/>\n<meta name=\"robots\" content=\"index, follow, max-snippet:-1, max-image-preview:large, max-video-preview:-1\" \/>\n<link rel=\"canonical\" href=\"https:\/\/socialdesignmagazine.com\/mag\/grafica\/bilbolbul-festival-internazionale-di-fumetto-vii-edizione-bologna-21-24-febbraio\/\" \/>\n<meta property=\"og:locale\" content=\"it_IT\" \/>\n<meta property=\"og:type\" content=\"article\" \/>\n<meta property=\"og:title\" content=\"BilBOlbul Festival internazionale di fumetto VII edizione Bologna, 21-24 febbraio - Social Design Magazine\" \/>\n<meta property=\"og:description\" content=\"Torna a Bologna, dal 21 al 24 febbraio 2013 l\u2019appuntamento annuale con BILBOLBUL FESTIVAL INTERNAZIONALE DI FUMETTO, a cura di HAMELIN ASSOCIAZIONE CULTURALE.\" \/>\n<meta property=\"og:url\" content=\"http:\/\/socialdesignmagazine.com\/mag\/grafica\/bilbolbul-festival-internazionale-di-fumetto-vii-edizione-bologna-21-24-febbraio\/\" \/>\n<meta property=\"og:site_name\" content=\"Social Design Magazine\" \/>\n<meta property=\"article:publisher\" content=\"https:\/\/www.facebook.com\/socialdesignmag\" \/>\n<meta property=\"article:published_time\" content=\"2013-02-20T09:00:00+00:00\" \/>\n<meta property=\"article:modified_time\" content=\"2024-05-25T12:42:16+00:00\" \/>\n<meta property=\"og:image\" content=\"https:\/\/socialdesignmagazine.com\/mag\/wp-content\/uploads\/2013\/02\/benedetto_bilbolbul_bilbolbul_festival_del_fumetto_bologna_02.jpg\" \/>\n\t<meta property=\"og:image:width\" content=\"720\" \/>\n\t<meta property=\"og:image:height\" content=\"1080\" \/>\n\t<meta property=\"og:image:type\" content=\"image\/jpeg\" \/>\n<meta name=\"author\" content=\"sara feligiotti\" \/>\n<meta name=\"twitter:card\" content=\"summary_large_image\" \/>\n<meta name=\"twitter:creator\" content=\"@socialdesignmag\" \/>\n<meta name=\"twitter:site\" content=\"@socialdesignmag\" \/>\n<meta name=\"twitter:label1\" content=\"Scritto da\" \/>\n\t<meta name=\"twitter:data1\" content=\"sara feligiotti\" \/>\n\t<meta name=\"twitter:label2\" content=\"Tempo di lettura stimato\" \/>\n\t<meta name=\"twitter:data2\" content=\"4 minuti\" \/>\n<script type=\"application\/ld+json\" class=\"yoast-schema-graph\">{\"@context\":\"https:\/\/schema.org\",\"@graph\":[{\"@type\":\"Article\",\"@id\":\"https:\/\/socialdesignmagazine.com\/mag\/grafica\/bilbolbul-festival-internazionale-di-fumetto-vii-edizione-bologna-21-24-febbraio\/#article\",\"isPartOf\":{\"@id\":\"https:\/\/socialdesignmagazine.com\/mag\/grafica\/bilbolbul-festival-internazionale-di-fumetto-vii-edizione-bologna-21-24-febbraio\/\"},\"author\":{\"name\":\"sara feligiotti\",\"@id\":\"https:\/\/socialdesignmagazine.com\/mag\/#\/schema\/person\/53a064ab56e2ff2368d9b179319ec9ea\"},\"headline\":\"BilBOlbul Festival internazionale di fumetto VII edizione Bologna, 21-24 febbraio\",\"datePublished\":\"2013-02-20T09:00:00+00:00\",\"dateModified\":\"2024-05-25T12:42:16+00:00\",\"mainEntityOfPage\":{\"@id\":\"https:\/\/socialdesignmagazine.com\/mag\/grafica\/bilbolbul-festival-internazionale-di-fumetto-vii-edizione-bologna-21-24-febbraio\/\"},\"wordCount\":513,\"commentCount\":0,\"publisher\":{\"@id\":\"https:\/\/socialdesignmagazine.com\/mag\/#organization\"},\"image\":{\"@id\":\"https:\/\/socialdesignmagazine.com\/mag\/grafica\/bilbolbul-festival-internazionale-di-fumetto-vii-edizione-bologna-21-24-febbraio\/#primaryimage\"},\"thumbnailUrl\":\"https:\/\/socialdesignmagazine.com\/mag\/wp-content\/uploads\/2013\/02\/benedetto_bilbolbul_bilbolbul_festival_del_fumetto_bologna_02.jpg\",\"keywords\":[\"bologna\"],\"articleSection\":[\"Grafica\"],\"inLanguage\":\"it-IT\",\"potentialAction\":[{\"@type\":\"CommentAction\",\"name\":\"Comment\",\"target\":[\"https:\/\/socialdesignmagazine.com\/mag\/grafica\/bilbolbul-festival-internazionale-di-fumetto-vii-edizione-bologna-21-24-febbraio\/#respond\"]}]},{\"@type\":\"WebPage\",\"@id\":\"https:\/\/socialdesignmagazine.com\/mag\/grafica\/bilbolbul-festival-internazionale-di-fumetto-vii-edizione-bologna-21-24-febbraio\/\",\"url\":\"https:\/\/socialdesignmagazine.com\/mag\/grafica\/bilbolbul-festival-internazionale-di-fumetto-vii-edizione-bologna-21-24-febbraio\/\",\"name\":\"BilBOlbul Festival internazionale di fumetto VII edizione Bologna, 21-24 febbraio - Social Design Magazine\",\"isPartOf\":{\"@id\":\"https:\/\/socialdesignmagazine.com\/mag\/#website\"},\"primaryImageOfPage\":{\"@id\":\"https:\/\/socialdesignmagazine.com\/mag\/grafica\/bilbolbul-festival-internazionale-di-fumetto-vii-edizione-bologna-21-24-febbraio\/#primaryimage\"},\"image\":{\"@id\":\"https:\/\/socialdesignmagazine.com\/mag\/grafica\/bilbolbul-festival-internazionale-di-fumetto-vii-edizione-bologna-21-24-febbraio\/#primaryimage\"},\"thumbnailUrl\":\"https:\/\/socialdesignmagazine.com\/mag\/wp-content\/uploads\/2013\/02\/benedetto_bilbolbul_bilbolbul_festival_del_fumetto_bologna_02.jpg\",\"datePublished\":\"2013-02-20T09:00:00+00:00\",\"dateModified\":\"2024-05-25T12:42:16+00:00\",\"description\":\"Torna a Bologna, dal 21 al 24 febbraio 2013 l\u2019appuntamento annuale con BILBOLBUL FESTIVAL INTERNAZIONALE DI FUMETTO, a cura di HAMELIN ASSOCIAZIONE CULTURALE.\",\"breadcrumb\":{\"@id\":\"https:\/\/socialdesignmagazine.com\/mag\/grafica\/bilbolbul-festival-internazionale-di-fumetto-vii-edizione-bologna-21-24-febbraio\/#breadcrumb\"},\"inLanguage\":\"it-IT\",\"potentialAction\":[{\"@type\":\"ReadAction\",\"target\":[\"https:\/\/socialdesignmagazine.com\/mag\/grafica\/bilbolbul-festival-internazionale-di-fumetto-vii-edizione-bologna-21-24-febbraio\/\"]}]},{\"@type\":\"ImageObject\",\"inLanguage\":\"it-IT\",\"@id\":\"https:\/\/socialdesignmagazine.com\/mag\/grafica\/bilbolbul-festival-internazionale-di-fumetto-vii-edizione-bologna-21-24-febbraio\/#primaryimage\",\"url\":\"https:\/\/socialdesignmagazine.com\/mag\/wp-content\/uploads\/2013\/02\/benedetto_bilbolbul_bilbolbul_festival_del_fumetto_bologna_02.jpg\",\"contentUrl\":\"https:\/\/socialdesignmagazine.com\/mag\/wp-content\/uploads\/2013\/02\/benedetto_bilbolbul_bilbolbul_festival_del_fumetto_bologna_02.jpg\",\"width\":720,\"height\":1080,\"caption\":\"bilbolbul festival del fumetto bologna 02\"},{\"@type\":\"BreadcrumbList\",\"@id\":\"https:\/\/socialdesignmagazine.com\/mag\/grafica\/bilbolbul-festival-internazionale-di-fumetto-vii-edizione-bologna-21-24-febbraio\/#breadcrumb\",\"itemListElement\":[{\"@type\":\"ListItem\",\"position\":1,\"name\":\"Home\",\"item\":\"https:\/\/socialdesignmagazine.com\/mag\/\"},{\"@type\":\"ListItem\",\"position\":2,\"name\":\"Grafica\",\"item\":\"https:\/\/socialdesignmagazine.com\/mag\/grafica\/\"},{\"@type\":\"ListItem\",\"position\":3,\"name\":\"BilBOlbul Festival internazionale di fumetto VII edizione Bologna, 21-24 febbraio\"}]},{\"@type\":\"WebSite\",\"@id\":\"https:\/\/socialdesignmagazine.com\/mag\/#website\",\"url\":\"https:\/\/socialdesignmagazine.com\/mag\/\",\"name\":\"Social Design Magazine\",\"description\":\"Social Magazine su Design, Architettura, Arte, Grafica\",\"publisher\":{\"@id\":\"https:\/\/socialdesignmagazine.com\/mag\/#organization\"},\"potentialAction\":[{\"@type\":\"SearchAction\",\"target\":{\"@type\":\"EntryPoint\",\"urlTemplate\":\"https:\/\/socialdesignmagazine.com\/mag\/?s={search_term_string}\"},\"query-input\":{\"@type\":\"PropertyValueSpecification\",\"valueRequired\":true,\"valueName\":\"search_term_string\"}}],\"inLanguage\":\"it-IT\"},{\"@type\":\"Organization\",\"@id\":\"https:\/\/socialdesignmagazine.com\/mag\/#organization\",\"name\":\"Social Design Magazine\",\"url\":\"https:\/\/socialdesignmagazine.com\/mag\/\",\"logo\":{\"@type\":\"ImageObject\",\"inLanguage\":\"it-IT\",\"@id\":\"https:\/\/socialdesignmagazine.com\/mag\/#\/schema\/logo\/image\/\",\"url\":\"https:\/\/socialdesignmagazine.com\/mag\/wp-content\/uploads\/2017\/01\/logo_favicon_11.png\",\"contentUrl\":\"https:\/\/socialdesignmagazine.com\/mag\/wp-content\/uploads\/2017\/01\/logo_favicon_11.png\",\"width\":1024,\"height\":1024,\"caption\":\"Social Design Magazine\"},\"image\":{\"@id\":\"https:\/\/socialdesignmagazine.com\/mag\/#\/schema\/logo\/image\/\"},\"sameAs\":[\"https:\/\/www.facebook.com\/socialdesignmag\",\"https:\/\/x.com\/socialdesignmag\",\"http:\/\/instagram.com\/social_design_magazine\/\",\"http:\/\/pinterest.com\/socialdesignmag\/\",\"http:\/\/www.youtube.com\/user\/socialdesignmagazine\"]},{\"@type\":\"Person\",\"@id\":\"https:\/\/socialdesignmagazine.com\/mag\/#\/schema\/person\/53a064ab56e2ff2368d9b179319ec9ea\",\"name\":\"sara feligiotti\",\"image\":{\"@type\":\"ImageObject\",\"inLanguage\":\"it-IT\",\"@id\":\"https:\/\/secure.gravatar.com\/avatar\/2ec60e43f6fc5e6d294a3add20f0eda0070f806dda4271950d16d25b41acc329?s=96&d=mm&r=g\",\"url\":\"https:\/\/secure.gravatar.com\/avatar\/2ec60e43f6fc5e6d294a3add20f0eda0070f806dda4271950d16d25b41acc329?s=96&d=mm&r=g\",\"contentUrl\":\"https:\/\/secure.gravatar.com\/avatar\/2ec60e43f6fc5e6d294a3add20f0eda0070f806dda4271950d16d25b41acc329?s=96&d=mm&r=g\",\"caption\":\"sara feligiotti\"},\"url\":\"https:\/\/socialdesignmagazine.com\/mag\/author\/sarafeligiotti\/\"}]}<\/script>\n<!-- \/ Yoast SEO plugin. -->","yoast_head_json":{"title":"BilBOlbul Festival internazionale di fumetto VII edizione Bologna, 21-24 febbraio - Social Design Magazine","description":"Torna a Bologna, dal 21 al 24 febbraio 2013 l\u2019appuntamento annuale con BILBOLBUL FESTIVAL INTERNAZIONALE DI FUMETTO, a cura di HAMELIN ASSOCIAZIONE CULTURALE.","robots":{"index":"index","follow":"follow","max-snippet":"max-snippet:-1","max-image-preview":"max-image-preview:large","max-video-preview":"max-video-preview:-1"},"canonical":"https:\/\/socialdesignmagazine.com\/mag\/grafica\/bilbolbul-festival-internazionale-di-fumetto-vii-edizione-bologna-21-24-febbraio\/","og_locale":"it_IT","og_type":"article","og_title":"BilBOlbul Festival internazionale di fumetto VII edizione Bologna, 21-24 febbraio - Social Design Magazine","og_description":"Torna a Bologna, dal 21 al 24 febbraio 2013 l\u2019appuntamento annuale con BILBOLBUL FESTIVAL INTERNAZIONALE DI FUMETTO, a cura di HAMELIN ASSOCIAZIONE CULTURALE.","og_url":"http:\/\/socialdesignmagazine.com\/mag\/grafica\/bilbolbul-festival-internazionale-di-fumetto-vii-edizione-bologna-21-24-febbraio\/","og_site_name":"Social Design Magazine","article_publisher":"https:\/\/www.facebook.com\/socialdesignmag","article_published_time":"2013-02-20T09:00:00+00:00","article_modified_time":"2024-05-25T12:42:16+00:00","og_image":[{"width":720,"height":1080,"url":"https:\/\/socialdesignmagazine.com\/mag\/wp-content\/uploads\/2013\/02\/benedetto_bilbolbul_bilbolbul_festival_del_fumetto_bologna_02.jpg","type":"image\/jpeg"}],"author":"sara feligiotti","twitter_card":"summary_large_image","twitter_creator":"@socialdesignmag","twitter_site":"@socialdesignmag","twitter_misc":{"Scritto da":"sara feligiotti","Tempo di lettura stimato":"4 minuti"},"schema":{"@context":"https:\/\/schema.org","@graph":[{"@type":"Article","@id":"https:\/\/socialdesignmagazine.com\/mag\/grafica\/bilbolbul-festival-internazionale-di-fumetto-vii-edizione-bologna-21-24-febbraio\/#article","isPartOf":{"@id":"https:\/\/socialdesignmagazine.com\/mag\/grafica\/bilbolbul-festival-internazionale-di-fumetto-vii-edizione-bologna-21-24-febbraio\/"},"author":{"name":"sara feligiotti","@id":"https:\/\/socialdesignmagazine.com\/mag\/#\/schema\/person\/53a064ab56e2ff2368d9b179319ec9ea"},"headline":"BilBOlbul Festival internazionale di fumetto VII edizione Bologna, 21-24 febbraio","datePublished":"2013-02-20T09:00:00+00:00","dateModified":"2024-05-25T12:42:16+00:00","mainEntityOfPage":{"@id":"https:\/\/socialdesignmagazine.com\/mag\/grafica\/bilbolbul-festival-internazionale-di-fumetto-vii-edizione-bologna-21-24-febbraio\/"},"wordCount":513,"commentCount":0,"publisher":{"@id":"https:\/\/socialdesignmagazine.com\/mag\/#organization"},"image":{"@id":"https:\/\/socialdesignmagazine.com\/mag\/grafica\/bilbolbul-festival-internazionale-di-fumetto-vii-edizione-bologna-21-24-febbraio\/#primaryimage"},"thumbnailUrl":"https:\/\/socialdesignmagazine.com\/mag\/wp-content\/uploads\/2013\/02\/benedetto_bilbolbul_bilbolbul_festival_del_fumetto_bologna_02.jpg","keywords":["bologna"],"articleSection":["Grafica"],"inLanguage":"it-IT","potentialAction":[{"@type":"CommentAction","name":"Comment","target":["https:\/\/socialdesignmagazine.com\/mag\/grafica\/bilbolbul-festival-internazionale-di-fumetto-vii-edizione-bologna-21-24-febbraio\/#respond"]}]},{"@type":"WebPage","@id":"https:\/\/socialdesignmagazine.com\/mag\/grafica\/bilbolbul-festival-internazionale-di-fumetto-vii-edizione-bologna-21-24-febbraio\/","url":"https:\/\/socialdesignmagazine.com\/mag\/grafica\/bilbolbul-festival-internazionale-di-fumetto-vii-edizione-bologna-21-24-febbraio\/","name":"BilBOlbul Festival internazionale di fumetto VII edizione Bologna, 21-24 febbraio - Social Design Magazine","isPartOf":{"@id":"https:\/\/socialdesignmagazine.com\/mag\/#website"},"primaryImageOfPage":{"@id":"https:\/\/socialdesignmagazine.com\/mag\/grafica\/bilbolbul-festival-internazionale-di-fumetto-vii-edizione-bologna-21-24-febbraio\/#primaryimage"},"image":{"@id":"https:\/\/socialdesignmagazine.com\/mag\/grafica\/bilbolbul-festival-internazionale-di-fumetto-vii-edizione-bologna-21-24-febbraio\/#primaryimage"},"thumbnailUrl":"https:\/\/socialdesignmagazine.com\/mag\/wp-content\/uploads\/2013\/02\/benedetto_bilbolbul_bilbolbul_festival_del_fumetto_bologna_02.jpg","datePublished":"2013-02-20T09:00:00+00:00","dateModified":"2024-05-25T12:42:16+00:00","description":"Torna a Bologna, dal 21 al 24 febbraio 2013 l\u2019appuntamento annuale con BILBOLBUL FESTIVAL INTERNAZIONALE DI FUMETTO, a cura di HAMELIN ASSOCIAZIONE CULTURALE.","breadcrumb":{"@id":"https:\/\/socialdesignmagazine.com\/mag\/grafica\/bilbolbul-festival-internazionale-di-fumetto-vii-edizione-bologna-21-24-febbraio\/#breadcrumb"},"inLanguage":"it-IT","potentialAction":[{"@type":"ReadAction","target":["https:\/\/socialdesignmagazine.com\/mag\/grafica\/bilbolbul-festival-internazionale-di-fumetto-vii-edizione-bologna-21-24-febbraio\/"]}]},{"@type":"ImageObject","inLanguage":"it-IT","@id":"https:\/\/socialdesignmagazine.com\/mag\/grafica\/bilbolbul-festival-internazionale-di-fumetto-vii-edizione-bologna-21-24-febbraio\/#primaryimage","url":"https:\/\/socialdesignmagazine.com\/mag\/wp-content\/uploads\/2013\/02\/benedetto_bilbolbul_bilbolbul_festival_del_fumetto_bologna_02.jpg","contentUrl":"https:\/\/socialdesignmagazine.com\/mag\/wp-content\/uploads\/2013\/02\/benedetto_bilbolbul_bilbolbul_festival_del_fumetto_bologna_02.jpg","width":720,"height":1080,"caption":"bilbolbul festival del fumetto bologna 02"},{"@type":"BreadcrumbList","@id":"https:\/\/socialdesignmagazine.com\/mag\/grafica\/bilbolbul-festival-internazionale-di-fumetto-vii-edizione-bologna-21-24-febbraio\/#breadcrumb","itemListElement":[{"@type":"ListItem","position":1,"name":"Home","item":"https:\/\/socialdesignmagazine.com\/mag\/"},{"@type":"ListItem","position":2,"name":"Grafica","item":"https:\/\/socialdesignmagazine.com\/mag\/grafica\/"},{"@type":"ListItem","position":3,"name":"BilBOlbul Festival internazionale di fumetto VII edizione Bologna, 21-24 febbraio"}]},{"@type":"WebSite","@id":"https:\/\/socialdesignmagazine.com\/mag\/#website","url":"https:\/\/socialdesignmagazine.com\/mag\/","name":"Social Design Magazine","description":"Social Magazine su Design, Architettura, Arte, Grafica","publisher":{"@id":"https:\/\/socialdesignmagazine.com\/mag\/#organization"},"potentialAction":[{"@type":"SearchAction","target":{"@type":"EntryPoint","urlTemplate":"https:\/\/socialdesignmagazine.com\/mag\/?s={search_term_string}"},"query-input":{"@type":"PropertyValueSpecification","valueRequired":true,"valueName":"search_term_string"}}],"inLanguage":"it-IT"},{"@type":"Organization","@id":"https:\/\/socialdesignmagazine.com\/mag\/#organization","name":"Social Design Magazine","url":"https:\/\/socialdesignmagazine.com\/mag\/","logo":{"@type":"ImageObject","inLanguage":"it-IT","@id":"https:\/\/socialdesignmagazine.com\/mag\/#\/schema\/logo\/image\/","url":"https:\/\/socialdesignmagazine.com\/mag\/wp-content\/uploads\/2017\/01\/logo_favicon_11.png","contentUrl":"https:\/\/socialdesignmagazine.com\/mag\/wp-content\/uploads\/2017\/01\/logo_favicon_11.png","width":1024,"height":1024,"caption":"Social Design Magazine"},"image":{"@id":"https:\/\/socialdesignmagazine.com\/mag\/#\/schema\/logo\/image\/"},"sameAs":["https:\/\/www.facebook.com\/socialdesignmag","https:\/\/x.com\/socialdesignmag","http:\/\/instagram.com\/social_design_magazine\/","http:\/\/pinterest.com\/socialdesignmag\/","http:\/\/www.youtube.com\/user\/socialdesignmagazine"]},{"@type":"Person","@id":"https:\/\/socialdesignmagazine.com\/mag\/#\/schema\/person\/53a064ab56e2ff2368d9b179319ec9ea","name":"sara feligiotti","image":{"@type":"ImageObject","inLanguage":"it-IT","@id":"https:\/\/secure.gravatar.com\/avatar\/2ec60e43f6fc5e6d294a3add20f0eda0070f806dda4271950d16d25b41acc329?s=96&d=mm&r=g","url":"https:\/\/secure.gravatar.com\/avatar\/2ec60e43f6fc5e6d294a3add20f0eda0070f806dda4271950d16d25b41acc329?s=96&d=mm&r=g","contentUrl":"https:\/\/secure.gravatar.com\/avatar\/2ec60e43f6fc5e6d294a3add20f0eda0070f806dda4271950d16d25b41acc329?s=96&d=mm&r=g","caption":"sara feligiotti"},"url":"https:\/\/socialdesignmagazine.com\/mag\/author\/sarafeligiotti\/"}]}},"jetpack_featured_media_url":"https:\/\/socialdesignmagazine.com\/mag\/wp-content\/uploads\/2013\/02\/benedetto_bilbolbul_bilbolbul_festival_del_fumetto_bologna_02.jpg","jetpack_sharing_enabled":true,"jetpack_shortlink":"https:\/\/wp.me\/p6cV7V-ut","gt_translate_keys":[{"key":"link","format":"url"}],"_links":{"self":[{"href":"https:\/\/socialdesignmagazine.com\/mag\/wp-json\/wp\/v2\/posts\/1889","targetHints":{"allow":["GET"]}}],"collection":[{"href":"https:\/\/socialdesignmagazine.com\/mag\/wp-json\/wp\/v2\/posts"}],"about":[{"href":"https:\/\/socialdesignmagazine.com\/mag\/wp-json\/wp\/v2\/types\/post"}],"author":[{"embeddable":true,"href":"https:\/\/socialdesignmagazine.com\/mag\/wp-json\/wp\/v2\/users\/63"}],"replies":[{"embeddable":true,"href":"https:\/\/socialdesignmagazine.com\/mag\/wp-json\/wp\/v2\/comments?post=1889"}],"version-history":[{"count":1,"href":"https:\/\/socialdesignmagazine.com\/mag\/wp-json\/wp\/v2\/posts\/1889\/revisions"}],"predecessor-version":[{"id":61142,"href":"https:\/\/socialdesignmagazine.com\/mag\/wp-json\/wp\/v2\/posts\/1889\/revisions\/61142"}],"wp:featuredmedia":[{"embeddable":true,"href":"https:\/\/socialdesignmagazine.com\/mag\/wp-json\/wp\/v2\/media\/11109"}],"wp:attachment":[{"href":"https:\/\/socialdesignmagazine.com\/mag\/wp-json\/wp\/v2\/media?parent=1889"}],"wp:term":[{"taxonomy":"category","embeddable":true,"href":"https:\/\/socialdesignmagazine.com\/mag\/wp-json\/wp\/v2\/categories?post=1889"},{"taxonomy":"post_tag","embeddable":true,"href":"https:\/\/socialdesignmagazine.com\/mag\/wp-json\/wp\/v2\/tags?post=1889"}],"curies":[{"name":"wp","href":"https:\/\/api.w.org\/{rel}","templated":true}]}}