{"id":1891,"date":"2013-02-20T14:00:00","date_gmt":"2013-02-20T13:00:00","guid":{"rendered":"https:\/\/socialdesignmagazine.com\/mag\/s6-design\/c35-design\/fabrica-per-la-galerie-de-lopera-de-paris\/"},"modified":"2024-05-25T14:43:24","modified_gmt":"2024-05-25T12:43:24","slug":"fabrica-per-la-galerie-de-lopera-de-paris","status":"publish","type":"post","link":"https:\/\/socialdesignmagazine.com\/mag\/design\/fabrica-per-la-galerie-de-lopera-de-paris\/","title":{"rendered":"FABRICA per la Galerie de l&#8217;Op\u00e9ra de Paris","gt_translate_keys":[{"key":"rendered","format":"text"}]},"content":{"rendered":"\n<p><strong>Fabrica<\/strong>, il centro di ricerca del Gruppo Benetton, ha accettato l&#8217;invito della <strong>Galerie de l&#8217;Op\u00e9ra de Paris<\/strong>, la boutique nel cuore del Palais Garnier, per la progettazione di una linea di merchandising tra cui quaderni, matite, gomme e una borsa per scarpe da balletto.<\/p>\n\n\n\n<p>Concepita dalla designer portoghese <strong>Catarina Carreiras<\/strong>, la collezione rende omaggio ad alcuni dei primi ballerini della storia del balletto, ma \u00e8 anche un tributo alla modernit\u00e0 di questa prestigiosa istituzione francese.<\/p>\n\n\n<div class=\"wp-block-image\">\n<figure class=\"aligncenter\"><img loading=\"lazy\" decoding=\"async\" width=\"720\" height=\"480\" data-attachment-id=\"11113\" data-permalink=\"https:\/\/socialdesignmagazine.com\/mag\/design\/fabrica-per-la-galerie-de-lopera-de-paris\/attachment\/fabrica-opera-de-paris-1\/#content\" data-orig-file=\"https:\/\/socialdesignmagazine.com\/mag\/wp-content\/uploads\/2013\/02\/benedetto_fabrica_opera_de_paris_fabrica_OPERA_de_PARIS_1.jpg\" data-orig-size=\"720,480\" data-comments-opened=\"1\" data-image-meta=\"{&quot;aperture&quot;:&quot;20&quot;,&quot;credit&quot;:&quot;Photographer: Alberto Ferretto&quot;,&quot;camera&quot;:&quot;Canon EOS 5D Mark II&quot;,&quot;caption&quot;:&quot;&quot;,&quot;created_timestamp&quot;:&quot;1357914373&quot;,&quot;copyright&quot;:&quot;Copyright: Alberto Ferretto 2012&quot;,&quot;focal_length&quot;:&quot;59&quot;,&quot;iso&quot;:&quot;100&quot;,&quot;shutter_speed&quot;:&quot;0.008&quot;,&quot;title&quot;:&quot;&quot;,&quot;orientation&quot;:&quot;1&quot;}\" data-image-title=\"fabrica OPERA de PARIS 1\" data-image-description=\"\" data-image-caption=\"\" data-medium-file=\"https:\/\/socialdesignmagazine.com\/mag\/wp-content\/uploads\/2013\/02\/benedetto_fabrica_opera_de_paris_fabrica_OPERA_de_PARIS_1-396x256.jpg\" data-large-file=\"https:\/\/socialdesignmagazine.com\/mag\/wp-content\/uploads\/2013\/02\/benedetto_fabrica_opera_de_paris_fabrica_OPERA_de_PARIS_1.jpg\" src=\"https:\/\/socialdesignmagazine.com\/mag\/wp-content\/uploads\/2013\/02\/benedetto_fabrica_opera_de_paris_fabrica_OPERA_de_PARIS_1.jpg\" alt=\"fabrica OPERA de PARIS 1\" class=\"wp-image-11113\" srcset=\"https:\/\/socialdesignmagazine.com\/mag\/wp-content\/uploads\/2013\/02\/benedetto_fabrica_opera_de_paris_fabrica_OPERA_de_PARIS_1.jpg 720w, https:\/\/socialdesignmagazine.com\/mag\/wp-content\/uploads\/2013\/02\/benedetto_fabrica_opera_de_paris_fabrica_OPERA_de_PARIS_1-100x66.jpg 100w\" sizes=\"auto, (max-width: 720px) 100vw, 720px\" \/><\/figure>\n<\/div>\n\n\n<p>Moderni motivi grafici che richiamano alla mente l&#8217;opulenza ornamentale degli interni del teatro, si fondono con dettagli storici, celebrando il suo passato e la sua grande tradizione. I ritratti di ballerini ricordano gli affreschi dipinti dall&#8217;artista francese Gustave Boulanger per il Foyer della danza, una delle sale all&#8217;interno del teatro. Le ballerine sono<strong> Marie-Th\u00e9r\u00e8se de Subligny<\/strong>, una delle prime ballerine professioniste all&#8217;Op\u00e9ra (1690), <strong>Marie-Madeleine Guimard<\/strong>, stella dell&#8217;Op\u00e9ra per 25 anni (1792) e <strong>Fanny Elssler<\/strong>, una famosa ballerina austriaca del periodo romantico (1834).<\/p>\n\n\n\n<p>L&#8217;uso sapiente dei colori &#8211; grigio argento in contrasto con un rosa brillante &#8211; e motivi, come pois e strisce si diffonde da un&#8217;oggetto all&#8217;altro, ma ognuno con i suoi dettagli distintivi. In questo modo, ogni prodotto \u00e8 unico nel suo genere, ma comunque parte di un gruppo, proprio come il corpo di ballo dell&#8217;Op\u00e9ra National de Paris.<\/p>\n\n\n<div class=\"wp-block-image\">\n<figure class=\"aligncenter\"><img loading=\"lazy\" decoding=\"async\" width=\"720\" height=\"480\" data-attachment-id=\"11114\" data-permalink=\"https:\/\/socialdesignmagazine.com\/mag\/design\/fabrica-per-la-galerie-de-lopera-de-paris\/attachment\/fabrica-opera-de-paris-3\/#content\" data-orig-file=\"https:\/\/socialdesignmagazine.com\/mag\/wp-content\/uploads\/2013\/02\/benedetto_fabrica_opera_de_paris_fabrica_OPERA_de_PARIS_3.jpg\" data-orig-size=\"720,480\" data-comments-opened=\"1\" data-image-meta=\"{&quot;aperture&quot;:&quot;20&quot;,&quot;credit&quot;:&quot;Photographer: Alberto Ferretto&quot;,&quot;camera&quot;:&quot;Canon EOS 5D Mark II&quot;,&quot;caption&quot;:&quot;&quot;,&quot;created_timestamp&quot;:&quot;1357923942&quot;,&quot;copyright&quot;:&quot;Copyright: Alberto Ferretto 2012&quot;,&quot;focal_length&quot;:&quot;70&quot;,&quot;iso&quot;:&quot;100&quot;,&quot;shutter_speed&quot;:&quot;0.008&quot;,&quot;title&quot;:&quot;&quot;,&quot;orientation&quot;:&quot;1&quot;}\" data-image-title=\"fabrica OPERA de PARIS 3\" data-image-description=\"\" data-image-caption=\"\" data-medium-file=\"https:\/\/socialdesignmagazine.com\/mag\/wp-content\/uploads\/2013\/02\/benedetto_fabrica_opera_de_paris_fabrica_OPERA_de_PARIS_3-396x256.jpg\" data-large-file=\"https:\/\/socialdesignmagazine.com\/mag\/wp-content\/uploads\/2013\/02\/benedetto_fabrica_opera_de_paris_fabrica_OPERA_de_PARIS_3.jpg\" src=\"https:\/\/socialdesignmagazine.com\/mag\/wp-content\/uploads\/2013\/02\/benedetto_fabrica_opera_de_paris_fabrica_OPERA_de_PARIS_3.jpg\" alt=\"fabrica OPERA de PARIS 3\" class=\"wp-image-11114\" srcset=\"https:\/\/socialdesignmagazine.com\/mag\/wp-content\/uploads\/2013\/02\/benedetto_fabrica_opera_de_paris_fabrica_OPERA_de_PARIS_3.jpg 720w, https:\/\/socialdesignmagazine.com\/mag\/wp-content\/uploads\/2013\/02\/benedetto_fabrica_opera_de_paris_fabrica_OPERA_de_PARIS_3-100x66.jpg 100w\" sizes=\"auto, (max-width: 720px) 100vw, 720px\" \/><\/figure>\n<\/div>\n\n<div class=\"wp-block-image\">\n<figure class=\"aligncenter\"><img loading=\"lazy\" decoding=\"async\" width=\"720\" height=\"480\" data-attachment-id=\"11115\" data-permalink=\"https:\/\/socialdesignmagazine.com\/mag\/design\/fabrica-per-la-galerie-de-lopera-de-paris\/attachment\/fabrica-opera-de-paris-4\/#content\" data-orig-file=\"https:\/\/socialdesignmagazine.com\/mag\/wp-content\/uploads\/2013\/02\/benedetto_fabrica_opera_de_paris_fabrica_OPERA_de_PARIS_4.jpg\" data-orig-size=\"720,480\" data-comments-opened=\"1\" data-image-meta=\"{&quot;aperture&quot;:&quot;14&quot;,&quot;credit&quot;:&quot;Photographer: Alberto Ferretto&quot;,&quot;camera&quot;:&quot;Canon EOS 5D Mark II&quot;,&quot;caption&quot;:&quot;&quot;,&quot;created_timestamp&quot;:&quot;1357909060&quot;,&quot;copyright&quot;:&quot;Copyright: Alberto Ferretto 2012&quot;,&quot;focal_length&quot;:&quot;70&quot;,&quot;iso&quot;:&quot;100&quot;,&quot;shutter_speed&quot;:&quot;0.008&quot;,&quot;title&quot;:&quot;&quot;,&quot;orientation&quot;:&quot;1&quot;}\" data-image-title=\"fabrica OPERA de PARIS 4\" data-image-description=\"\" data-image-caption=\"\" data-medium-file=\"https:\/\/socialdesignmagazine.com\/mag\/wp-content\/uploads\/2013\/02\/benedetto_fabrica_opera_de_paris_fabrica_OPERA_de_PARIS_4-396x256.jpg\" data-large-file=\"https:\/\/socialdesignmagazine.com\/mag\/wp-content\/uploads\/2013\/02\/benedetto_fabrica_opera_de_paris_fabrica_OPERA_de_PARIS_4.jpg\" src=\"https:\/\/socialdesignmagazine.com\/mag\/wp-content\/uploads\/2013\/02\/benedetto_fabrica_opera_de_paris_fabrica_OPERA_de_PARIS_4.jpg\" alt=\"fabrica OPERA de PARIS 4\" class=\"wp-image-11115\" srcset=\"https:\/\/socialdesignmagazine.com\/mag\/wp-content\/uploads\/2013\/02\/benedetto_fabrica_opera_de_paris_fabrica_OPERA_de_PARIS_4.jpg 720w, https:\/\/socialdesignmagazine.com\/mag\/wp-content\/uploads\/2013\/02\/benedetto_fabrica_opera_de_paris_fabrica_OPERA_de_PARIS_4-100x66.jpg 100w\" sizes=\"auto, (max-width: 720px) 100vw, 720px\" \/><\/figure>\n<\/div>\n\n\n<p><strong>La collezione sar\u00e0 in vendita alla Galerie de l&#8217;Op\u00e9ra de Paris a partire da febbraio 2013.<\/strong><\/p>\n","protected":false,"gt_translate_keys":[{"key":"rendered","format":"html"}]},"excerpt":{"rendered":"<p>Fabrica, il centro di ricerca del Gruppo Benetton, ha accettato l&#8217;invito della Galerie de l&#8217;Op\u00e9ra de Paris, la boutique nel cuore del Palais Garnier, per la progettazione di una linea di merchandising tra cui quaderni, matite, gomme e una borsa per scarpe da balletto.<\/p>\n","protected":false,"gt_translate_keys":[{"key":"rendered","format":"html"}]},"author":1,"featured_media":11112,"comment_status":"open","ping_status":"open","sticky":false,"template":"","format":"standard","meta":{"jetpack_post_was_ever_published":false,"_jetpack_newsletter_access":"","_jetpack_dont_email_post_to_subs":false,"_jetpack_newsletter_tier_id":0,"_jetpack_memberships_contains_paywalled_content":false,"_jetpack_memberships_contains_paid_content":false,"footnotes":"","_wpscppro_dont_share_socialmedia":false,"_wpscppro_custom_social_share_image":0,"_facebook_share_type":"","_twitter_share_type":"","_linkedin_share_type":"","_pinterest_share_type":"","_linkedin_share_type_page":"","_instagram_share_type":"","_medium_share_type":"","_threads_share_type":"","_google_business_share_type":"","_selected_social_profile":[],"_wpsp_enable_custom_social_template":false,"_wpsp_social_scheduling":{"enabled":false,"datetime":null,"platforms":[],"status":"template_only","dateOption":"today","timeOption":"now","customDays":"","customHours":"","customDate":"","customTime":"","schedulingType":"absolute"},"_wpsp_active_default_template":true},"categories":[13],"tags":[1876,2816],"class_list":["post-1891","post","type-post","status-publish","format-standard","has-post-thumbnail","hentry","category-design","tag-fabrica","tag-paris"],"yoast_head":"<!-- This site is optimized with the Yoast SEO plugin v27.2 - https:\/\/yoast.com\/product\/yoast-seo-wordpress\/ -->\n<title>FABRICA per la Galerie de l&#039;Op\u00e9ra de Paris - Social Design Magazine<\/title>\n<meta name=\"description\" content=\"Fabrica, il centro di ricerca del Gruppo Benetton, ha accettato l&#039;invito della Galerie de l&#039;Op\u00e9ra de Paris, la boutique nel cuore del Palais Garnier, per la progettazione di una linea di merchandising tra cui quaderni, matite, gomme e una borsa per scarpe da balletto.\" \/>\n<meta name=\"robots\" content=\"index, follow, max-snippet:-1, max-image-preview:large, max-video-preview:-1\" \/>\n<link rel=\"canonical\" href=\"https:\/\/socialdesignmagazine.com\/mag\/design\/fabrica-per-la-galerie-de-lopera-de-paris\/\" \/>\n<meta property=\"og:locale\" content=\"it_IT\" \/>\n<meta property=\"og:type\" content=\"article\" \/>\n<meta property=\"og:title\" content=\"FABRICA per la Galerie de l&#039;Op\u00e9ra de Paris - Social Design Magazine\" \/>\n<meta property=\"og:description\" content=\"Fabrica, il centro di ricerca del Gruppo Benetton, ha accettato l&#039;invito della Galerie de l&#039;Op\u00e9ra de Paris, la boutique nel cuore del Palais Garnier, per la progettazione di una linea di merchandising tra cui quaderni, matite, gomme e una borsa per scarpe da balletto.\" \/>\n<meta property=\"og:url\" content=\"http:\/\/socialdesignmagazine.com\/mag\/design\/fabrica-per-la-galerie-de-lopera-de-paris\/\" \/>\n<meta property=\"og:site_name\" content=\"Social Design Magazine\" \/>\n<meta property=\"article:publisher\" content=\"https:\/\/www.facebook.com\/socialdesignmag\" \/>\n<meta property=\"article:author\" content=\"https:\/\/www.facebook.com\/benedettofiori\" \/>\n<meta property=\"article:published_time\" content=\"2013-02-20T13:00:00+00:00\" \/>\n<meta property=\"article:modified_time\" content=\"2024-05-25T12:43:24+00:00\" \/>\n<meta property=\"og:image\" content=\"https:\/\/socialdesignmagazine.com\/mag\/wp-content\/uploads\/2013\/02\/benedetto_fabrica_opera_de_paris_fabrica_OPERA_de_PARIS_2.jpg\" \/>\n\t<meta property=\"og:image:width\" content=\"720\" \/>\n\t<meta property=\"og:image:height\" content=\"480\" \/>\n\t<meta property=\"og:image:type\" content=\"image\/jpeg\" \/>\n<meta name=\"author\" content=\"Benedetto Fiori\" \/>\n<meta name=\"twitter:card\" content=\"summary_large_image\" \/>\n<meta name=\"twitter:creator\" content=\"@benedettofiori\" \/>\n<meta name=\"twitter:site\" content=\"@socialdesignmag\" \/>\n<meta name=\"twitter:label1\" content=\"Scritto da\" \/>\n\t<meta name=\"twitter:data1\" content=\"Benedetto Fiori\" \/>\n\t<meta name=\"twitter:label2\" content=\"Tempo di lettura stimato\" \/>\n\t<meta name=\"twitter:data2\" content=\"3 minuti\" \/>\n<script type=\"application\/ld+json\" class=\"yoast-schema-graph\">{\"@context\":\"https:\/\/schema.org\",\"@graph\":[{\"@type\":\"Article\",\"@id\":\"https:\/\/socialdesignmagazine.com\/mag\/design\/fabrica-per-la-galerie-de-lopera-de-paris\/#article\",\"isPartOf\":{\"@id\":\"https:\/\/socialdesignmagazine.com\/mag\/design\/fabrica-per-la-galerie-de-lopera-de-paris\/\"},\"author\":{\"name\":\"Benedetto Fiori\",\"@id\":\"https:\/\/socialdesignmagazine.com\/mag\/#\/schema\/person\/61e20205cc363c315e6aabd33a045846\"},\"headline\":\"FABRICA per la Galerie de l&#8217;Op\u00e9ra de Paris\",\"datePublished\":\"2013-02-20T13:00:00+00:00\",\"dateModified\":\"2024-05-25T12:43:24+00:00\",\"mainEntityOfPage\":{\"@id\":\"https:\/\/socialdesignmagazine.com\/mag\/design\/fabrica-per-la-galerie-de-lopera-de-paris\/\"},\"wordCount\":253,\"commentCount\":0,\"publisher\":{\"@id\":\"https:\/\/socialdesignmagazine.com\/mag\/#organization\"},\"image\":{\"@id\":\"https:\/\/socialdesignmagazine.com\/mag\/design\/fabrica-per-la-galerie-de-lopera-de-paris\/#primaryimage\"},\"thumbnailUrl\":\"https:\/\/socialdesignmagazine.com\/mag\/wp-content\/uploads\/2013\/02\/benedetto_fabrica_opera_de_paris_fabrica_OPERA_de_PARIS_2.jpg\",\"keywords\":[\"fabrica\",\"paris\"],\"articleSection\":[\"Design\"],\"inLanguage\":\"it-IT\",\"potentialAction\":[{\"@type\":\"CommentAction\",\"name\":\"Comment\",\"target\":[\"https:\/\/socialdesignmagazine.com\/mag\/design\/fabrica-per-la-galerie-de-lopera-de-paris\/#respond\"]}]},{\"@type\":\"WebPage\",\"@id\":\"https:\/\/socialdesignmagazine.com\/mag\/design\/fabrica-per-la-galerie-de-lopera-de-paris\/\",\"url\":\"https:\/\/socialdesignmagazine.com\/mag\/design\/fabrica-per-la-galerie-de-lopera-de-paris\/\",\"name\":\"FABRICA per la Galerie de l'Op\u00e9ra de Paris - Social Design Magazine\",\"isPartOf\":{\"@id\":\"https:\/\/socialdesignmagazine.com\/mag\/#website\"},\"primaryImageOfPage\":{\"@id\":\"https:\/\/socialdesignmagazine.com\/mag\/design\/fabrica-per-la-galerie-de-lopera-de-paris\/#primaryimage\"},\"image\":{\"@id\":\"https:\/\/socialdesignmagazine.com\/mag\/design\/fabrica-per-la-galerie-de-lopera-de-paris\/#primaryimage\"},\"thumbnailUrl\":\"https:\/\/socialdesignmagazine.com\/mag\/wp-content\/uploads\/2013\/02\/benedetto_fabrica_opera_de_paris_fabrica_OPERA_de_PARIS_2.jpg\",\"datePublished\":\"2013-02-20T13:00:00+00:00\",\"dateModified\":\"2024-05-25T12:43:24+00:00\",\"description\":\"Fabrica, il centro di ricerca del Gruppo Benetton, ha accettato l'invito della Galerie de l'Op\u00e9ra de Paris, la boutique nel cuore del Palais Garnier, per la progettazione di una linea di merchandising tra cui quaderni, matite, gomme e una borsa per scarpe da balletto.\",\"breadcrumb\":{\"@id\":\"https:\/\/socialdesignmagazine.com\/mag\/design\/fabrica-per-la-galerie-de-lopera-de-paris\/#breadcrumb\"},\"inLanguage\":\"it-IT\",\"potentialAction\":[{\"@type\":\"ReadAction\",\"target\":[\"https:\/\/socialdesignmagazine.com\/mag\/design\/fabrica-per-la-galerie-de-lopera-de-paris\/\"]}]},{\"@type\":\"ImageObject\",\"inLanguage\":\"it-IT\",\"@id\":\"https:\/\/socialdesignmagazine.com\/mag\/design\/fabrica-per-la-galerie-de-lopera-de-paris\/#primaryimage\",\"url\":\"https:\/\/socialdesignmagazine.com\/mag\/wp-content\/uploads\/2013\/02\/benedetto_fabrica_opera_de_paris_fabrica_OPERA_de_PARIS_2.jpg\",\"contentUrl\":\"https:\/\/socialdesignmagazine.com\/mag\/wp-content\/uploads\/2013\/02\/benedetto_fabrica_opera_de_paris_fabrica_OPERA_de_PARIS_2.jpg\",\"width\":720,\"height\":480,\"caption\":\"fabrica OPERA de PARIS 2\"},{\"@type\":\"BreadcrumbList\",\"@id\":\"https:\/\/socialdesignmagazine.com\/mag\/design\/fabrica-per-la-galerie-de-lopera-de-paris\/#breadcrumb\",\"itemListElement\":[{\"@type\":\"ListItem\",\"position\":1,\"name\":\"Home\",\"item\":\"https:\/\/socialdesignmagazine.com\/mag\/\"},{\"@type\":\"ListItem\",\"position\":2,\"name\":\"Design\",\"item\":\"https:\/\/socialdesignmagazine.com\/mag\/design\/\"},{\"@type\":\"ListItem\",\"position\":3,\"name\":\"FABRICA per la Galerie de l&#8217;Op\u00e9ra de Paris\"}]},{\"@type\":\"WebSite\",\"@id\":\"https:\/\/socialdesignmagazine.com\/mag\/#website\",\"url\":\"https:\/\/socialdesignmagazine.com\/mag\/\",\"name\":\"Social Design Magazine\",\"description\":\"Social Magazine su Design, Architettura, Arte, Grafica\",\"publisher\":{\"@id\":\"https:\/\/socialdesignmagazine.com\/mag\/#organization\"},\"potentialAction\":[{\"@type\":\"SearchAction\",\"target\":{\"@type\":\"EntryPoint\",\"urlTemplate\":\"https:\/\/socialdesignmagazine.com\/mag\/?s={search_term_string}\"},\"query-input\":{\"@type\":\"PropertyValueSpecification\",\"valueRequired\":true,\"valueName\":\"search_term_string\"}}],\"inLanguage\":\"it-IT\"},{\"@type\":\"Organization\",\"@id\":\"https:\/\/socialdesignmagazine.com\/mag\/#organization\",\"name\":\"Social Design Magazine\",\"url\":\"https:\/\/socialdesignmagazine.com\/mag\/\",\"logo\":{\"@type\":\"ImageObject\",\"inLanguage\":\"it-IT\",\"@id\":\"https:\/\/socialdesignmagazine.com\/mag\/#\/schema\/logo\/image\/\",\"url\":\"https:\/\/socialdesignmagazine.com\/mag\/wp-content\/uploads\/2017\/01\/logo_favicon_11.png\",\"contentUrl\":\"https:\/\/socialdesignmagazine.com\/mag\/wp-content\/uploads\/2017\/01\/logo_favicon_11.png\",\"width\":1024,\"height\":1024,\"caption\":\"Social Design Magazine\"},\"image\":{\"@id\":\"https:\/\/socialdesignmagazine.com\/mag\/#\/schema\/logo\/image\/\"},\"sameAs\":[\"https:\/\/www.facebook.com\/socialdesignmag\",\"https:\/\/x.com\/socialdesignmag\",\"http:\/\/instagram.com\/social_design_magazine\/\",\"http:\/\/pinterest.com\/socialdesignmag\/\",\"http:\/\/www.youtube.com\/user\/socialdesignmagazine\"]},{\"@type\":\"Person\",\"@id\":\"https:\/\/socialdesignmagazine.com\/mag\/#\/schema\/person\/61e20205cc363c315e6aabd33a045846\",\"name\":\"Benedetto Fiori\",\"image\":{\"@type\":\"ImageObject\",\"inLanguage\":\"it-IT\",\"@id\":\"https:\/\/secure.gravatar.com\/avatar\/450a48cefa36da63d920ad70aa660bd10725b1c6093800242e5efdb397759033?s=96&d=mm&r=g\",\"url\":\"https:\/\/secure.gravatar.com\/avatar\/450a48cefa36da63d920ad70aa660bd10725b1c6093800242e5efdb397759033?s=96&d=mm&r=g\",\"contentUrl\":\"https:\/\/secure.gravatar.com\/avatar\/450a48cefa36da63d920ad70aa660bd10725b1c6093800242e5efdb397759033?s=96&d=mm&r=g\",\"caption\":\"Benedetto Fiori\"},\"description\":\"Web | Twitter | Facebook | Shutterstock Founder &amp; Editor in Chief di Social Design Magazine. Attratto da sempre da tutto ci\u00f2 che \u00e8 creativit\u00e0, design, architettura. Dopo aver studiato Architettura all'Universit\u00e0 di Firenze, si \u00e8 impegnato in molteplici campi: comunicazione grafica, progettazione di allestimenti fieristici, brand design, Interior Design.\",\"sameAs\":[\"http:\/\/benedettofiori.com\",\"https:\/\/www.facebook.com\/benedettofiori\",\"https:\/\/x.com\/benedettofiori\"],\"url\":\"https:\/\/socialdesignmagazine.com\/mag\/author\/benedetto\/\"}]}<\/script>\n<!-- \/ Yoast SEO plugin. -->","yoast_head_json":{"title":"FABRICA per la Galerie de l'Op\u00e9ra de Paris - Social Design Magazine","description":"Fabrica, il centro di ricerca del Gruppo Benetton, ha accettato l'invito della Galerie de l'Op\u00e9ra de Paris, la boutique nel cuore del Palais Garnier, per la progettazione di una linea di merchandising tra cui quaderni, matite, gomme e una borsa per scarpe da balletto.","robots":{"index":"index","follow":"follow","max-snippet":"max-snippet:-1","max-image-preview":"max-image-preview:large","max-video-preview":"max-video-preview:-1"},"canonical":"https:\/\/socialdesignmagazine.com\/mag\/design\/fabrica-per-la-galerie-de-lopera-de-paris\/","og_locale":"it_IT","og_type":"article","og_title":"FABRICA per la Galerie de l'Op\u00e9ra de Paris - Social Design Magazine","og_description":"Fabrica, il centro di ricerca del Gruppo Benetton, ha accettato l'invito della Galerie de l'Op\u00e9ra de Paris, la boutique nel cuore del Palais Garnier, per la progettazione di una linea di merchandising tra cui quaderni, matite, gomme e una borsa per scarpe da balletto.","og_url":"http:\/\/socialdesignmagazine.com\/mag\/design\/fabrica-per-la-galerie-de-lopera-de-paris\/","og_site_name":"Social Design Magazine","article_publisher":"https:\/\/www.facebook.com\/socialdesignmag","article_author":"https:\/\/www.facebook.com\/benedettofiori","article_published_time":"2013-02-20T13:00:00+00:00","article_modified_time":"2024-05-25T12:43:24+00:00","og_image":[{"width":720,"height":480,"url":"https:\/\/socialdesignmagazine.com\/mag\/wp-content\/uploads\/2013\/02\/benedetto_fabrica_opera_de_paris_fabrica_OPERA_de_PARIS_2.jpg","type":"image\/jpeg"}],"author":"Benedetto Fiori","twitter_card":"summary_large_image","twitter_creator":"@benedettofiori","twitter_site":"@socialdesignmag","twitter_misc":{"Scritto da":"Benedetto Fiori","Tempo di lettura stimato":"3 minuti"},"schema":{"@context":"https:\/\/schema.org","@graph":[{"@type":"Article","@id":"https:\/\/socialdesignmagazine.com\/mag\/design\/fabrica-per-la-galerie-de-lopera-de-paris\/#article","isPartOf":{"@id":"https:\/\/socialdesignmagazine.com\/mag\/design\/fabrica-per-la-galerie-de-lopera-de-paris\/"},"author":{"name":"Benedetto Fiori","@id":"https:\/\/socialdesignmagazine.com\/mag\/#\/schema\/person\/61e20205cc363c315e6aabd33a045846"},"headline":"FABRICA per la Galerie de l&#8217;Op\u00e9ra de Paris","datePublished":"2013-02-20T13:00:00+00:00","dateModified":"2024-05-25T12:43:24+00:00","mainEntityOfPage":{"@id":"https:\/\/socialdesignmagazine.com\/mag\/design\/fabrica-per-la-galerie-de-lopera-de-paris\/"},"wordCount":253,"commentCount":0,"publisher":{"@id":"https:\/\/socialdesignmagazine.com\/mag\/#organization"},"image":{"@id":"https:\/\/socialdesignmagazine.com\/mag\/design\/fabrica-per-la-galerie-de-lopera-de-paris\/#primaryimage"},"thumbnailUrl":"https:\/\/socialdesignmagazine.com\/mag\/wp-content\/uploads\/2013\/02\/benedetto_fabrica_opera_de_paris_fabrica_OPERA_de_PARIS_2.jpg","keywords":["fabrica","paris"],"articleSection":["Design"],"inLanguage":"it-IT","potentialAction":[{"@type":"CommentAction","name":"Comment","target":["https:\/\/socialdesignmagazine.com\/mag\/design\/fabrica-per-la-galerie-de-lopera-de-paris\/#respond"]}]},{"@type":"WebPage","@id":"https:\/\/socialdesignmagazine.com\/mag\/design\/fabrica-per-la-galerie-de-lopera-de-paris\/","url":"https:\/\/socialdesignmagazine.com\/mag\/design\/fabrica-per-la-galerie-de-lopera-de-paris\/","name":"FABRICA per la Galerie de l'Op\u00e9ra de Paris - Social Design Magazine","isPartOf":{"@id":"https:\/\/socialdesignmagazine.com\/mag\/#website"},"primaryImageOfPage":{"@id":"https:\/\/socialdesignmagazine.com\/mag\/design\/fabrica-per-la-galerie-de-lopera-de-paris\/#primaryimage"},"image":{"@id":"https:\/\/socialdesignmagazine.com\/mag\/design\/fabrica-per-la-galerie-de-lopera-de-paris\/#primaryimage"},"thumbnailUrl":"https:\/\/socialdesignmagazine.com\/mag\/wp-content\/uploads\/2013\/02\/benedetto_fabrica_opera_de_paris_fabrica_OPERA_de_PARIS_2.jpg","datePublished":"2013-02-20T13:00:00+00:00","dateModified":"2024-05-25T12:43:24+00:00","description":"Fabrica, il centro di ricerca del Gruppo Benetton, ha accettato l'invito della Galerie de l'Op\u00e9ra de Paris, la boutique nel cuore del Palais Garnier, per la progettazione di una linea di merchandising tra cui quaderni, matite, gomme e una borsa per scarpe da balletto.","breadcrumb":{"@id":"https:\/\/socialdesignmagazine.com\/mag\/design\/fabrica-per-la-galerie-de-lopera-de-paris\/#breadcrumb"},"inLanguage":"it-IT","potentialAction":[{"@type":"ReadAction","target":["https:\/\/socialdesignmagazine.com\/mag\/design\/fabrica-per-la-galerie-de-lopera-de-paris\/"]}]},{"@type":"ImageObject","inLanguage":"it-IT","@id":"https:\/\/socialdesignmagazine.com\/mag\/design\/fabrica-per-la-galerie-de-lopera-de-paris\/#primaryimage","url":"https:\/\/socialdesignmagazine.com\/mag\/wp-content\/uploads\/2013\/02\/benedetto_fabrica_opera_de_paris_fabrica_OPERA_de_PARIS_2.jpg","contentUrl":"https:\/\/socialdesignmagazine.com\/mag\/wp-content\/uploads\/2013\/02\/benedetto_fabrica_opera_de_paris_fabrica_OPERA_de_PARIS_2.jpg","width":720,"height":480,"caption":"fabrica OPERA de PARIS 2"},{"@type":"BreadcrumbList","@id":"https:\/\/socialdesignmagazine.com\/mag\/design\/fabrica-per-la-galerie-de-lopera-de-paris\/#breadcrumb","itemListElement":[{"@type":"ListItem","position":1,"name":"Home","item":"https:\/\/socialdesignmagazine.com\/mag\/"},{"@type":"ListItem","position":2,"name":"Design","item":"https:\/\/socialdesignmagazine.com\/mag\/design\/"},{"@type":"ListItem","position":3,"name":"FABRICA per la Galerie de l&#8217;Op\u00e9ra de Paris"}]},{"@type":"WebSite","@id":"https:\/\/socialdesignmagazine.com\/mag\/#website","url":"https:\/\/socialdesignmagazine.com\/mag\/","name":"Social Design Magazine","description":"Social Magazine su Design, Architettura, Arte, Grafica","publisher":{"@id":"https:\/\/socialdesignmagazine.com\/mag\/#organization"},"potentialAction":[{"@type":"SearchAction","target":{"@type":"EntryPoint","urlTemplate":"https:\/\/socialdesignmagazine.com\/mag\/?s={search_term_string}"},"query-input":{"@type":"PropertyValueSpecification","valueRequired":true,"valueName":"search_term_string"}}],"inLanguage":"it-IT"},{"@type":"Organization","@id":"https:\/\/socialdesignmagazine.com\/mag\/#organization","name":"Social Design Magazine","url":"https:\/\/socialdesignmagazine.com\/mag\/","logo":{"@type":"ImageObject","inLanguage":"it-IT","@id":"https:\/\/socialdesignmagazine.com\/mag\/#\/schema\/logo\/image\/","url":"https:\/\/socialdesignmagazine.com\/mag\/wp-content\/uploads\/2017\/01\/logo_favicon_11.png","contentUrl":"https:\/\/socialdesignmagazine.com\/mag\/wp-content\/uploads\/2017\/01\/logo_favicon_11.png","width":1024,"height":1024,"caption":"Social Design Magazine"},"image":{"@id":"https:\/\/socialdesignmagazine.com\/mag\/#\/schema\/logo\/image\/"},"sameAs":["https:\/\/www.facebook.com\/socialdesignmag","https:\/\/x.com\/socialdesignmag","http:\/\/instagram.com\/social_design_magazine\/","http:\/\/pinterest.com\/socialdesignmag\/","http:\/\/www.youtube.com\/user\/socialdesignmagazine"]},{"@type":"Person","@id":"https:\/\/socialdesignmagazine.com\/mag\/#\/schema\/person\/61e20205cc363c315e6aabd33a045846","name":"Benedetto Fiori","image":{"@type":"ImageObject","inLanguage":"it-IT","@id":"https:\/\/secure.gravatar.com\/avatar\/450a48cefa36da63d920ad70aa660bd10725b1c6093800242e5efdb397759033?s=96&d=mm&r=g","url":"https:\/\/secure.gravatar.com\/avatar\/450a48cefa36da63d920ad70aa660bd10725b1c6093800242e5efdb397759033?s=96&d=mm&r=g","contentUrl":"https:\/\/secure.gravatar.com\/avatar\/450a48cefa36da63d920ad70aa660bd10725b1c6093800242e5efdb397759033?s=96&d=mm&r=g","caption":"Benedetto Fiori"},"description":"Web | Twitter | Facebook | Shutterstock Founder &amp; Editor in Chief di Social Design Magazine. Attratto da sempre da tutto ci\u00f2 che \u00e8 creativit\u00e0, design, architettura. Dopo aver studiato Architettura all'Universit\u00e0 di Firenze, si \u00e8 impegnato in molteplici campi: comunicazione grafica, progettazione di allestimenti fieristici, brand design, Interior Design.","sameAs":["http:\/\/benedettofiori.com","https:\/\/www.facebook.com\/benedettofiori","https:\/\/x.com\/benedettofiori"],"url":"https:\/\/socialdesignmagazine.com\/mag\/author\/benedetto\/"}]}},"jetpack_featured_media_url":"https:\/\/socialdesignmagazine.com\/mag\/wp-content\/uploads\/2013\/02\/benedetto_fabrica_opera_de_paris_fabrica_OPERA_de_PARIS_2.jpg","jetpack_sharing_enabled":true,"jetpack_shortlink":"https:\/\/wp.me\/p6cV7V-uv","gt_translate_keys":[{"key":"link","format":"url"}],"_links":{"self":[{"href":"https:\/\/socialdesignmagazine.com\/mag\/wp-json\/wp\/v2\/posts\/1891","targetHints":{"allow":["GET"]}}],"collection":[{"href":"https:\/\/socialdesignmagazine.com\/mag\/wp-json\/wp\/v2\/posts"}],"about":[{"href":"https:\/\/socialdesignmagazine.com\/mag\/wp-json\/wp\/v2\/types\/post"}],"author":[{"embeddable":true,"href":"https:\/\/socialdesignmagazine.com\/mag\/wp-json\/wp\/v2\/users\/1"}],"replies":[{"embeddable":true,"href":"https:\/\/socialdesignmagazine.com\/mag\/wp-json\/wp\/v2\/comments?post=1891"}],"version-history":[{"count":1,"href":"https:\/\/socialdesignmagazine.com\/mag\/wp-json\/wp\/v2\/posts\/1891\/revisions"}],"predecessor-version":[{"id":61143,"href":"https:\/\/socialdesignmagazine.com\/mag\/wp-json\/wp\/v2\/posts\/1891\/revisions\/61143"}],"wp:featuredmedia":[{"embeddable":true,"href":"https:\/\/socialdesignmagazine.com\/mag\/wp-json\/wp\/v2\/media\/11112"}],"wp:attachment":[{"href":"https:\/\/socialdesignmagazine.com\/mag\/wp-json\/wp\/v2\/media?parent=1891"}],"wp:term":[{"taxonomy":"category","embeddable":true,"href":"https:\/\/socialdesignmagazine.com\/mag\/wp-json\/wp\/v2\/categories?post=1891"},{"taxonomy":"post_tag","embeddable":true,"href":"https:\/\/socialdesignmagazine.com\/mag\/wp-json\/wp\/v2\/tags?post=1891"}],"curies":[{"name":"wp","href":"https:\/\/api.w.org\/{rel}","templated":true}]}}