{"id":1896,"date":"2013-02-21T17:00:00","date_gmt":"2013-02-21T16:00:00","guid":{"rendered":"https:\/\/socialdesignmagazine.com\/mag\/s6-design\/c35-design\/nuove-sedute-areadeclic-ispirate-a-insetti-e-racchette-da-tennis-anteprima-salone-del-mobile-2013-milano\/"},"modified":"2024-05-25T14:49:54","modified_gmt":"2024-05-25T12:49:54","slug":"nuove-sedute-areadeclic-ispirate-a-insetti-e-racchette-da-tennis-anteprima-salone-del-mobile-2013-milano","status":"publish","type":"post","link":"https:\/\/socialdesignmagazine.com\/mag\/design\/nuove-sedute-areadeclic-ispirate-a-insetti-e-racchette-da-tennis-anteprima-salone-del-mobile-2013-milano\/","title":{"rendered":"Nuove sedute Areadeclic ispirate a insetti e racchette da tennis, anteprima Salone del Mobile 2013 Milano","gt_translate_keys":[{"key":"rendered","format":"text"}]},"content":{"rendered":"\n<p>Le sedute Tie Breack, Elitre ed Island sono tra le novit\u00e0 che <strong>Areadeclic<\/strong> presenter\u00e0 al prossimo <strong>Salone del Mobile 2013<\/strong>. Insetti e racchette da tennis sono le fonti di ispirazione alle quali hanno attino i designer <strong>David Raffoul<\/strong> e <strong>Philippe Bestenheider<\/strong> per creare sedie in acciaio caratterizzate da semplicit\u00e0 strutturale e colori primaverili, adatte anche all&#8217;outdoor.<\/p>\n\n\n\n<p><strong>ELITRE<\/strong><\/p>\n\n\n\n<p>Il nome, Elitre, rimanda alle ali di alcuni insetti e, come queste, la collezione disegnata da Philippe Bestenheider per Area Declic \u00e8 caratterizzata da una struttura a reticolo di forma organica dove la sovrapposizione di due elementi crea un effetto moir\u00e9. Elitre \u00e8 in tubo di metallo con sedile e schienale in lamiera stirata, trattata anche per uso esterno.&nbsp;\u00c8 impilabile e corredata di cuscino.<\/p>\n\n\n<div class=\"wp-block-image\">\n<figure class=\"aligncenter\"><img loading=\"lazy\" decoding=\"async\" width=\"720\" height=\"512\" data-attachment-id=\"11138\" data-permalink=\"https:\/\/socialdesignmagazine.com\/mag\/design\/nuove-sedute-areadeclic-ispirate-a-insetti-e-racchette-da-tennis-anteprima-salone-del-mobile-2013-milano\/attachment\/area-declic-raffoul-tie-break\/#content\" data-orig-file=\"https:\/\/socialdesignmagazine.com\/mag\/wp-content\/uploads\/2013\/02\/benedetto_areadeclic_salone_2013_Area_Declic_Raffoul_Tie_Break.jpg\" data-orig-size=\"720,512\" data-comments-opened=\"1\" data-image-meta=\"{&quot;aperture&quot;:&quot;0&quot;,&quot;credit&quot;:&quot;&quot;,&quot;camera&quot;:&quot;&quot;,&quot;caption&quot;:&quot;&quot;,&quot;created_timestamp&quot;:&quot;0&quot;,&quot;copyright&quot;:&quot;&quot;,&quot;focal_length&quot;:&quot;0&quot;,&quot;iso&quot;:&quot;0&quot;,&quot;shutter_speed&quot;:&quot;0&quot;,&quot;title&quot;:&quot;&quot;,&quot;orientation&quot;:&quot;0&quot;}\" data-image-title=\"Area Declic Raffoul Tie Break\" data-image-description=\"\" data-image-caption=\"\" data-medium-file=\"https:\/\/socialdesignmagazine.com\/mag\/wp-content\/uploads\/2013\/02\/benedetto_areadeclic_salone_2013_Area_Declic_Raffoul_Tie_Break-396x256.jpg\" data-large-file=\"https:\/\/socialdesignmagazine.com\/mag\/wp-content\/uploads\/2013\/02\/benedetto_areadeclic_salone_2013_Area_Declic_Raffoul_Tie_Break.jpg\" src=\"https:\/\/socialdesignmagazine.com\/mag\/wp-content\/uploads\/2013\/02\/benedetto_areadeclic_salone_2013_Area_Declic_Raffoul_Tie_Break.jpg\" alt=\"Area Declic Raffoul Tie Break\" class=\"wp-image-11138\"\/><\/figure>\n<\/div>\n\n\n<p><strong>TIE BREAK<\/strong><\/p>\n\n\n\n<p>David Raffoul, giovane designer libanese,&nbsp;afferma di credere in tre cose: bellezza, semplicit\u00e0, logica. Per Area Declic ha disegnato una sedia ispirata alle racchette da tennis e alle biciclette. Si chiama Tie Break, \u00e8 realizzata in tubo e tondino di ferro, con sedile e schienale in lamiera forata. E\u2019 impilabile, predisposta per l\u2019applicazione dei braccioli e pu\u00f2 anche essere corredata da un cuscino impermeabile.<\/p>\n\n\n<div class=\"wp-block-image\">\n<figure class=\"aligncenter\"><img loading=\"lazy\" decoding=\"async\" width=\"720\" height=\"480\" data-attachment-id=\"11139\" data-permalink=\"https:\/\/socialdesignmagazine.com\/mag\/design\/nuove-sedute-areadeclic-ispirate-a-insetti-e-racchette-da-tennis-anteprima-salone-del-mobile-2013-milano\/attachment\/area-declic-island\/#content\" data-orig-file=\"https:\/\/socialdesignmagazine.com\/mag\/wp-content\/uploads\/2013\/02\/benedetto_areadeclic_salone_2013_Area_Declic_Island.jpg\" data-orig-size=\"720,480\" data-comments-opened=\"1\" data-image-meta=\"{&quot;aperture&quot;:&quot;7.1&quot;,&quot;credit&quot;:&quot;&quot;,&quot;camera&quot;:&quot;Canon EOS 5D Mark II&quot;,&quot;caption&quot;:&quot;&quot;,&quot;created_timestamp&quot;:&quot;1334244425&quot;,&quot;copyright&quot;:&quot;&quot;,&quot;focal_length&quot;:&quot;55&quot;,&quot;iso&quot;:&quot;100&quot;,&quot;shutter_speed&quot;:&quot;0.0166666666667&quot;,&quot;title&quot;:&quot;&quot;,&quot;orientation&quot;:&quot;1&quot;}\" data-image-title=\"Area Declic Island\" data-image-description=\"\" data-image-caption=\"\" data-medium-file=\"https:\/\/socialdesignmagazine.com\/mag\/wp-content\/uploads\/2013\/02\/benedetto_areadeclic_salone_2013_Area_Declic_Island-396x256.jpg\" data-large-file=\"https:\/\/socialdesignmagazine.com\/mag\/wp-content\/uploads\/2013\/02\/benedetto_areadeclic_salone_2013_Area_Declic_Island.jpg\" src=\"https:\/\/socialdesignmagazine.com\/mag\/wp-content\/uploads\/2013\/02\/benedetto_areadeclic_salone_2013_Area_Declic_Island.jpg\" alt=\"Area Declic Island\" class=\"wp-image-11139\" srcset=\"https:\/\/socialdesignmagazine.com\/mag\/wp-content\/uploads\/2013\/02\/benedetto_areadeclic_salone_2013_Area_Declic_Island.jpg 720w, https:\/\/socialdesignmagazine.com\/mag\/wp-content\/uploads\/2013\/02\/benedetto_areadeclic_salone_2013_Area_Declic_Island-100x66.jpg 100w\" sizes=\"auto, (max-width: 720px) 100vw, 720px\" \/><\/figure>\n<\/div>\n\n\n<p><strong>ISLAND<\/strong><\/p>\n\n\n\n<p>Si presenta come un colorato isolotto: \u00e8 un monoblocco caratterizzato da tre altezze di seduta. Nato nell\u2019ufficio Area Declic Design, \u00e8 resistente alla pioggia, alla neve, al sole, all\u2019usura del tempo e dell\u2019uso. E\u2019 realizzato in Polyplus \u2013 poliuretano espanso stampato ad iniezione e poi verniciato, materiale che conferisce al prodotto particolari caratteristiche di morbidezza e robustezza e lo rendono adatto per esterni.<\/p>\n","protected":false,"gt_translate_keys":[{"key":"rendered","format":"html"}]},"excerpt":{"rendered":"<p>Le sedute Tie Breack, Elitre ed Island sono tra le novit\u00e0 che Areadeclic presenter\u00e0 al prossimo Salone del Mobile 2013.<\/p>\n","protected":false,"gt_translate_keys":[{"key":"rendered","format":"html"}]},"author":1,"featured_media":11137,"comment_status":"open","ping_status":"open","sticky":false,"template":"","format":"standard","meta":{"jetpack_post_was_ever_published":false,"_jetpack_newsletter_access":"","_jetpack_dont_email_post_to_subs":false,"_jetpack_newsletter_tier_id":0,"_jetpack_memberships_contains_paywalled_content":false,"_jetpack_memberships_contains_paid_content":false,"footnotes":"","_wpscppro_dont_share_socialmedia":false,"_wpscppro_custom_social_share_image":0,"_facebook_share_type":"","_twitter_share_type":"","_linkedin_share_type":"","_pinterest_share_type":"","_linkedin_share_type_page":"","_instagram_share_type":"","_medium_share_type":"","_threads_share_type":"","_google_business_share_type":"","_selected_social_profile":[],"_wpsp_enable_custom_social_template":false,"_wpsp_social_scheduling":{"enabled":false,"datetime":null,"platforms":[],"status":"template_only","dateOption":"today","timeOption":"now","customDays":"","customHours":"","customDate":"","customTime":"","schedulingType":"absolute"},"_wpsp_active_default_template":true},"categories":[13],"tags":[2971,2824,2970,2512,2866,118,1133],"class_list":["post-1896","post","type-post","status-publish","format-standard","has-post-thumbnail","hentry","category-design","tag-areadeclic","tag-david-raffoul","tag-philippe-bestenheider","tag-salone-del-mobile-2013","tag-salone-del-mobile-2013-milano","tag-sedia","tag-seduta"],"yoast_head":"<!-- This site is optimized with the Yoast SEO plugin v27.2 - https:\/\/yoast.com\/product\/yoast-seo-wordpress\/ -->\n<title>Nuove sedute Areadeclic ispirate a insetti e racchette da tennis, anteprima Salone del Mobile 2013 Milano - Social Design Magazine<\/title>\n<meta name=\"description\" content=\"Le sedute Tie Breack, Elitre ed Island sono tra le novit\u00e0 che Areadeclic presenter\u00e0 al prossimo Salone del Mobile 2013.\" \/>\n<meta name=\"robots\" content=\"index, follow, max-snippet:-1, max-image-preview:large, max-video-preview:-1\" \/>\n<link rel=\"canonical\" href=\"https:\/\/socialdesignmagazine.com\/mag\/design\/nuove-sedute-areadeclic-ispirate-a-insetti-e-racchette-da-tennis-anteprima-salone-del-mobile-2013-milano\/\" \/>\n<meta property=\"og:locale\" content=\"it_IT\" \/>\n<meta property=\"og:type\" content=\"article\" \/>\n<meta property=\"og:title\" content=\"Nuove sedute Areadeclic ispirate a insetti e racchette da tennis, anteprima Salone del Mobile 2013 Milano - Social Design Magazine\" \/>\n<meta property=\"og:description\" content=\"Le sedute Tie Breack, Elitre ed Island sono tra le novit\u00e0 che Areadeclic presenter\u00e0 al prossimo Salone del Mobile 2013.\" \/>\n<meta property=\"og:url\" content=\"http:\/\/socialdesignmagazine.com\/mag\/design\/nuove-sedute-areadeclic-ispirate-a-insetti-e-racchette-da-tennis-anteprima-salone-del-mobile-2013-milano\/\" \/>\n<meta property=\"og:site_name\" content=\"Social Design Magazine\" \/>\n<meta property=\"article:publisher\" content=\"https:\/\/www.facebook.com\/socialdesignmag\" \/>\n<meta property=\"article:author\" content=\"https:\/\/www.facebook.com\/benedettofiori\" \/>\n<meta property=\"article:published_time\" content=\"2013-02-21T16:00:00+00:00\" \/>\n<meta property=\"article:modified_time\" content=\"2024-05-25T12:49:54+00:00\" \/>\n<meta property=\"og:image\" content=\"https:\/\/socialdesignmagazine.com\/mag\/wp-content\/uploads\/2013\/02\/benedetto_areadeclic_salone_2013_Area_Declic_Bestenheider_Elitre.jpg\" \/>\n\t<meta property=\"og:image:width\" content=\"720\" \/>\n\t<meta property=\"og:image:height\" content=\"396\" \/>\n\t<meta property=\"og:image:type\" content=\"image\/jpeg\" \/>\n<meta name=\"author\" content=\"Benedetto Fiori\" \/>\n<meta name=\"twitter:card\" content=\"summary_large_image\" \/>\n<meta name=\"twitter:creator\" content=\"@benedettofiori\" \/>\n<meta name=\"twitter:site\" content=\"@socialdesignmag\" \/>\n<meta name=\"twitter:label1\" content=\"Scritto da\" \/>\n\t<meta name=\"twitter:data1\" content=\"Benedetto Fiori\" \/>\n\t<meta name=\"twitter:label2\" content=\"Tempo di lettura stimato\" \/>\n\t<meta name=\"twitter:data2\" content=\"2 minuti\" \/>\n<script type=\"application\/ld+json\" class=\"yoast-schema-graph\">{\"@context\":\"https:\/\/schema.org\",\"@graph\":[{\"@type\":\"Article\",\"@id\":\"https:\/\/socialdesignmagazine.com\/mag\/design\/nuove-sedute-areadeclic-ispirate-a-insetti-e-racchette-da-tennis-anteprima-salone-del-mobile-2013-milano\/#article\",\"isPartOf\":{\"@id\":\"https:\/\/socialdesignmagazine.com\/mag\/design\/nuove-sedute-areadeclic-ispirate-a-insetti-e-racchette-da-tennis-anteprima-salone-del-mobile-2013-milano\/\"},\"author\":{\"name\":\"Benedetto Fiori\",\"@id\":\"https:\/\/socialdesignmagazine.com\/mag\/#\/schema\/person\/61e20205cc363c315e6aabd33a045846\"},\"headline\":\"Nuove sedute Areadeclic ispirate a insetti e racchette da tennis, anteprima Salone del Mobile 2013 Milano\",\"datePublished\":\"2013-02-21T16:00:00+00:00\",\"dateModified\":\"2024-05-25T12:49:54+00:00\",\"mainEntityOfPage\":{\"@id\":\"https:\/\/socialdesignmagazine.com\/mag\/design\/nuove-sedute-areadeclic-ispirate-a-insetti-e-racchette-da-tennis-anteprima-salone-del-mobile-2013-milano\/\"},\"wordCount\":266,\"commentCount\":0,\"publisher\":{\"@id\":\"https:\/\/socialdesignmagazine.com\/mag\/#organization\"},\"image\":{\"@id\":\"https:\/\/socialdesignmagazine.com\/mag\/design\/nuove-sedute-areadeclic-ispirate-a-insetti-e-racchette-da-tennis-anteprima-salone-del-mobile-2013-milano\/#primaryimage\"},\"thumbnailUrl\":\"https:\/\/socialdesignmagazine.com\/mag\/wp-content\/uploads\/2013\/02\/benedetto_areadeclic_salone_2013_Area_Declic_Bestenheider_Elitre.jpg\",\"keywords\":[\"areadeclic\",\"david raffoul\",\"philippe bestenheider\",\"salone del mobile 2013\",\"salone del mobile 2013 milano\",\"sedia\",\"seduta\"],\"articleSection\":[\"Design\"],\"inLanguage\":\"it-IT\",\"potentialAction\":[{\"@type\":\"CommentAction\",\"name\":\"Comment\",\"target\":[\"https:\/\/socialdesignmagazine.com\/mag\/design\/nuove-sedute-areadeclic-ispirate-a-insetti-e-racchette-da-tennis-anteprima-salone-del-mobile-2013-milano\/#respond\"]}]},{\"@type\":\"WebPage\",\"@id\":\"https:\/\/socialdesignmagazine.com\/mag\/design\/nuove-sedute-areadeclic-ispirate-a-insetti-e-racchette-da-tennis-anteprima-salone-del-mobile-2013-milano\/\",\"url\":\"https:\/\/socialdesignmagazine.com\/mag\/design\/nuove-sedute-areadeclic-ispirate-a-insetti-e-racchette-da-tennis-anteprima-salone-del-mobile-2013-milano\/\",\"name\":\"Nuove sedute Areadeclic ispirate a insetti e racchette da tennis, anteprima Salone del Mobile 2013 Milano - Social Design Magazine\",\"isPartOf\":{\"@id\":\"https:\/\/socialdesignmagazine.com\/mag\/#website\"},\"primaryImageOfPage\":{\"@id\":\"https:\/\/socialdesignmagazine.com\/mag\/design\/nuove-sedute-areadeclic-ispirate-a-insetti-e-racchette-da-tennis-anteprima-salone-del-mobile-2013-milano\/#primaryimage\"},\"image\":{\"@id\":\"https:\/\/socialdesignmagazine.com\/mag\/design\/nuove-sedute-areadeclic-ispirate-a-insetti-e-racchette-da-tennis-anteprima-salone-del-mobile-2013-milano\/#primaryimage\"},\"thumbnailUrl\":\"https:\/\/socialdesignmagazine.com\/mag\/wp-content\/uploads\/2013\/02\/benedetto_areadeclic_salone_2013_Area_Declic_Bestenheider_Elitre.jpg\",\"datePublished\":\"2013-02-21T16:00:00+00:00\",\"dateModified\":\"2024-05-25T12:49:54+00:00\",\"description\":\"Le sedute Tie Breack, Elitre ed Island sono tra le novit\u00e0 che Areadeclic presenter\u00e0 al prossimo Salone del Mobile 2013.\",\"breadcrumb\":{\"@id\":\"https:\/\/socialdesignmagazine.com\/mag\/design\/nuove-sedute-areadeclic-ispirate-a-insetti-e-racchette-da-tennis-anteprima-salone-del-mobile-2013-milano\/#breadcrumb\"},\"inLanguage\":\"it-IT\",\"potentialAction\":[{\"@type\":\"ReadAction\",\"target\":[\"https:\/\/socialdesignmagazine.com\/mag\/design\/nuove-sedute-areadeclic-ispirate-a-insetti-e-racchette-da-tennis-anteprima-salone-del-mobile-2013-milano\/\"]}]},{\"@type\":\"ImageObject\",\"inLanguage\":\"it-IT\",\"@id\":\"https:\/\/socialdesignmagazine.com\/mag\/design\/nuove-sedute-areadeclic-ispirate-a-insetti-e-racchette-da-tennis-anteprima-salone-del-mobile-2013-milano\/#primaryimage\",\"url\":\"https:\/\/socialdesignmagazine.com\/mag\/wp-content\/uploads\/2013\/02\/benedetto_areadeclic_salone_2013_Area_Declic_Bestenheider_Elitre.jpg\",\"contentUrl\":\"https:\/\/socialdesignmagazine.com\/mag\/wp-content\/uploads\/2013\/02\/benedetto_areadeclic_salone_2013_Area_Declic_Bestenheider_Elitre.jpg\",\"width\":720,\"height\":396,\"caption\":\"Area Declic Bestenheider Elitre\"},{\"@type\":\"BreadcrumbList\",\"@id\":\"https:\/\/socialdesignmagazine.com\/mag\/design\/nuove-sedute-areadeclic-ispirate-a-insetti-e-racchette-da-tennis-anteprima-salone-del-mobile-2013-milano\/#breadcrumb\",\"itemListElement\":[{\"@type\":\"ListItem\",\"position\":1,\"name\":\"Home\",\"item\":\"https:\/\/socialdesignmagazine.com\/mag\/\"},{\"@type\":\"ListItem\",\"position\":2,\"name\":\"Design\",\"item\":\"https:\/\/socialdesignmagazine.com\/mag\/design\/\"},{\"@type\":\"ListItem\",\"position\":3,\"name\":\"Nuove sedute Areadeclic ispirate a insetti e racchette da tennis, anteprima Salone del Mobile 2013 Milano\"}]},{\"@type\":\"WebSite\",\"@id\":\"https:\/\/socialdesignmagazine.com\/mag\/#website\",\"url\":\"https:\/\/socialdesignmagazine.com\/mag\/\",\"name\":\"Social Design Magazine\",\"description\":\"Social Magazine su Design, Architettura, Arte, Grafica\",\"publisher\":{\"@id\":\"https:\/\/socialdesignmagazine.com\/mag\/#organization\"},\"potentialAction\":[{\"@type\":\"SearchAction\",\"target\":{\"@type\":\"EntryPoint\",\"urlTemplate\":\"https:\/\/socialdesignmagazine.com\/mag\/?s={search_term_string}\"},\"query-input\":{\"@type\":\"PropertyValueSpecification\",\"valueRequired\":true,\"valueName\":\"search_term_string\"}}],\"inLanguage\":\"it-IT\"},{\"@type\":\"Organization\",\"@id\":\"https:\/\/socialdesignmagazine.com\/mag\/#organization\",\"name\":\"Social Design Magazine\",\"url\":\"https:\/\/socialdesignmagazine.com\/mag\/\",\"logo\":{\"@type\":\"ImageObject\",\"inLanguage\":\"it-IT\",\"@id\":\"https:\/\/socialdesignmagazine.com\/mag\/#\/schema\/logo\/image\/\",\"url\":\"https:\/\/socialdesignmagazine.com\/mag\/wp-content\/uploads\/2017\/01\/logo_favicon_11.png\",\"contentUrl\":\"https:\/\/socialdesignmagazine.com\/mag\/wp-content\/uploads\/2017\/01\/logo_favicon_11.png\",\"width\":1024,\"height\":1024,\"caption\":\"Social Design Magazine\"},\"image\":{\"@id\":\"https:\/\/socialdesignmagazine.com\/mag\/#\/schema\/logo\/image\/\"},\"sameAs\":[\"https:\/\/www.facebook.com\/socialdesignmag\",\"https:\/\/x.com\/socialdesignmag\",\"http:\/\/instagram.com\/social_design_magazine\/\",\"http:\/\/pinterest.com\/socialdesignmag\/\",\"http:\/\/www.youtube.com\/user\/socialdesignmagazine\"]},{\"@type\":\"Person\",\"@id\":\"https:\/\/socialdesignmagazine.com\/mag\/#\/schema\/person\/61e20205cc363c315e6aabd33a045846\",\"name\":\"Benedetto Fiori\",\"image\":{\"@type\":\"ImageObject\",\"inLanguage\":\"it-IT\",\"@id\":\"https:\/\/secure.gravatar.com\/avatar\/450a48cefa36da63d920ad70aa660bd10725b1c6093800242e5efdb397759033?s=96&d=mm&r=g\",\"url\":\"https:\/\/secure.gravatar.com\/avatar\/450a48cefa36da63d920ad70aa660bd10725b1c6093800242e5efdb397759033?s=96&d=mm&r=g\",\"contentUrl\":\"https:\/\/secure.gravatar.com\/avatar\/450a48cefa36da63d920ad70aa660bd10725b1c6093800242e5efdb397759033?s=96&d=mm&r=g\",\"caption\":\"Benedetto Fiori\"},\"description\":\"Web | Twitter | Facebook | Shutterstock Founder &amp; Editor in Chief di Social Design Magazine. Attratto da sempre da tutto ci\u00f2 che \u00e8 creativit\u00e0, design, architettura. Dopo aver studiato Architettura all'Universit\u00e0 di Firenze, si \u00e8 impegnato in molteplici campi: comunicazione grafica, progettazione di allestimenti fieristici, brand design, Interior Design.\",\"sameAs\":[\"http:\/\/benedettofiori.com\",\"https:\/\/www.facebook.com\/benedettofiori\",\"https:\/\/x.com\/benedettofiori\"],\"url\":\"https:\/\/socialdesignmagazine.com\/mag\/author\/benedetto\/\"}]}<\/script>\n<!-- \/ Yoast SEO plugin. -->","yoast_head_json":{"title":"Nuove sedute Areadeclic ispirate a insetti e racchette da tennis, anteprima Salone del Mobile 2013 Milano - Social Design Magazine","description":"Le sedute Tie Breack, Elitre ed Island sono tra le novit\u00e0 che Areadeclic presenter\u00e0 al prossimo Salone del Mobile 2013.","robots":{"index":"index","follow":"follow","max-snippet":"max-snippet:-1","max-image-preview":"max-image-preview:large","max-video-preview":"max-video-preview:-1"},"canonical":"https:\/\/socialdesignmagazine.com\/mag\/design\/nuove-sedute-areadeclic-ispirate-a-insetti-e-racchette-da-tennis-anteprima-salone-del-mobile-2013-milano\/","og_locale":"it_IT","og_type":"article","og_title":"Nuove sedute Areadeclic ispirate a insetti e racchette da tennis, anteprima Salone del Mobile 2013 Milano - Social Design Magazine","og_description":"Le sedute Tie Breack, Elitre ed Island sono tra le novit\u00e0 che Areadeclic presenter\u00e0 al prossimo Salone del Mobile 2013.","og_url":"http:\/\/socialdesignmagazine.com\/mag\/design\/nuove-sedute-areadeclic-ispirate-a-insetti-e-racchette-da-tennis-anteprima-salone-del-mobile-2013-milano\/","og_site_name":"Social Design Magazine","article_publisher":"https:\/\/www.facebook.com\/socialdesignmag","article_author":"https:\/\/www.facebook.com\/benedettofiori","article_published_time":"2013-02-21T16:00:00+00:00","article_modified_time":"2024-05-25T12:49:54+00:00","og_image":[{"width":720,"height":396,"url":"https:\/\/socialdesignmagazine.com\/mag\/wp-content\/uploads\/2013\/02\/benedetto_areadeclic_salone_2013_Area_Declic_Bestenheider_Elitre.jpg","type":"image\/jpeg"}],"author":"Benedetto Fiori","twitter_card":"summary_large_image","twitter_creator":"@benedettofiori","twitter_site":"@socialdesignmag","twitter_misc":{"Scritto da":"Benedetto Fiori","Tempo di lettura stimato":"2 minuti"},"schema":{"@context":"https:\/\/schema.org","@graph":[{"@type":"Article","@id":"https:\/\/socialdesignmagazine.com\/mag\/design\/nuove-sedute-areadeclic-ispirate-a-insetti-e-racchette-da-tennis-anteprima-salone-del-mobile-2013-milano\/#article","isPartOf":{"@id":"https:\/\/socialdesignmagazine.com\/mag\/design\/nuove-sedute-areadeclic-ispirate-a-insetti-e-racchette-da-tennis-anteprima-salone-del-mobile-2013-milano\/"},"author":{"name":"Benedetto Fiori","@id":"https:\/\/socialdesignmagazine.com\/mag\/#\/schema\/person\/61e20205cc363c315e6aabd33a045846"},"headline":"Nuove sedute Areadeclic ispirate a insetti e racchette da tennis, anteprima Salone del Mobile 2013 Milano","datePublished":"2013-02-21T16:00:00+00:00","dateModified":"2024-05-25T12:49:54+00:00","mainEntityOfPage":{"@id":"https:\/\/socialdesignmagazine.com\/mag\/design\/nuove-sedute-areadeclic-ispirate-a-insetti-e-racchette-da-tennis-anteprima-salone-del-mobile-2013-milano\/"},"wordCount":266,"commentCount":0,"publisher":{"@id":"https:\/\/socialdesignmagazine.com\/mag\/#organization"},"image":{"@id":"https:\/\/socialdesignmagazine.com\/mag\/design\/nuove-sedute-areadeclic-ispirate-a-insetti-e-racchette-da-tennis-anteprima-salone-del-mobile-2013-milano\/#primaryimage"},"thumbnailUrl":"https:\/\/socialdesignmagazine.com\/mag\/wp-content\/uploads\/2013\/02\/benedetto_areadeclic_salone_2013_Area_Declic_Bestenheider_Elitre.jpg","keywords":["areadeclic","david raffoul","philippe bestenheider","salone del mobile 2013","salone del mobile 2013 milano","sedia","seduta"],"articleSection":["Design"],"inLanguage":"it-IT","potentialAction":[{"@type":"CommentAction","name":"Comment","target":["https:\/\/socialdesignmagazine.com\/mag\/design\/nuove-sedute-areadeclic-ispirate-a-insetti-e-racchette-da-tennis-anteprima-salone-del-mobile-2013-milano\/#respond"]}]},{"@type":"WebPage","@id":"https:\/\/socialdesignmagazine.com\/mag\/design\/nuove-sedute-areadeclic-ispirate-a-insetti-e-racchette-da-tennis-anteprima-salone-del-mobile-2013-milano\/","url":"https:\/\/socialdesignmagazine.com\/mag\/design\/nuove-sedute-areadeclic-ispirate-a-insetti-e-racchette-da-tennis-anteprima-salone-del-mobile-2013-milano\/","name":"Nuove sedute Areadeclic ispirate a insetti e racchette da tennis, anteprima Salone del Mobile 2013 Milano - Social Design Magazine","isPartOf":{"@id":"https:\/\/socialdesignmagazine.com\/mag\/#website"},"primaryImageOfPage":{"@id":"https:\/\/socialdesignmagazine.com\/mag\/design\/nuove-sedute-areadeclic-ispirate-a-insetti-e-racchette-da-tennis-anteprima-salone-del-mobile-2013-milano\/#primaryimage"},"image":{"@id":"https:\/\/socialdesignmagazine.com\/mag\/design\/nuove-sedute-areadeclic-ispirate-a-insetti-e-racchette-da-tennis-anteprima-salone-del-mobile-2013-milano\/#primaryimage"},"thumbnailUrl":"https:\/\/socialdesignmagazine.com\/mag\/wp-content\/uploads\/2013\/02\/benedetto_areadeclic_salone_2013_Area_Declic_Bestenheider_Elitre.jpg","datePublished":"2013-02-21T16:00:00+00:00","dateModified":"2024-05-25T12:49:54+00:00","description":"Le sedute Tie Breack, Elitre ed Island sono tra le novit\u00e0 che Areadeclic presenter\u00e0 al prossimo Salone del Mobile 2013.","breadcrumb":{"@id":"https:\/\/socialdesignmagazine.com\/mag\/design\/nuove-sedute-areadeclic-ispirate-a-insetti-e-racchette-da-tennis-anteprima-salone-del-mobile-2013-milano\/#breadcrumb"},"inLanguage":"it-IT","potentialAction":[{"@type":"ReadAction","target":["https:\/\/socialdesignmagazine.com\/mag\/design\/nuove-sedute-areadeclic-ispirate-a-insetti-e-racchette-da-tennis-anteprima-salone-del-mobile-2013-milano\/"]}]},{"@type":"ImageObject","inLanguage":"it-IT","@id":"https:\/\/socialdesignmagazine.com\/mag\/design\/nuove-sedute-areadeclic-ispirate-a-insetti-e-racchette-da-tennis-anteprima-salone-del-mobile-2013-milano\/#primaryimage","url":"https:\/\/socialdesignmagazine.com\/mag\/wp-content\/uploads\/2013\/02\/benedetto_areadeclic_salone_2013_Area_Declic_Bestenheider_Elitre.jpg","contentUrl":"https:\/\/socialdesignmagazine.com\/mag\/wp-content\/uploads\/2013\/02\/benedetto_areadeclic_salone_2013_Area_Declic_Bestenheider_Elitre.jpg","width":720,"height":396,"caption":"Area Declic Bestenheider Elitre"},{"@type":"BreadcrumbList","@id":"https:\/\/socialdesignmagazine.com\/mag\/design\/nuove-sedute-areadeclic-ispirate-a-insetti-e-racchette-da-tennis-anteprima-salone-del-mobile-2013-milano\/#breadcrumb","itemListElement":[{"@type":"ListItem","position":1,"name":"Home","item":"https:\/\/socialdesignmagazine.com\/mag\/"},{"@type":"ListItem","position":2,"name":"Design","item":"https:\/\/socialdesignmagazine.com\/mag\/design\/"},{"@type":"ListItem","position":3,"name":"Nuove sedute Areadeclic ispirate a insetti e racchette da tennis, anteprima Salone del Mobile 2013 Milano"}]},{"@type":"WebSite","@id":"https:\/\/socialdesignmagazine.com\/mag\/#website","url":"https:\/\/socialdesignmagazine.com\/mag\/","name":"Social Design Magazine","description":"Social Magazine su Design, Architettura, Arte, Grafica","publisher":{"@id":"https:\/\/socialdesignmagazine.com\/mag\/#organization"},"potentialAction":[{"@type":"SearchAction","target":{"@type":"EntryPoint","urlTemplate":"https:\/\/socialdesignmagazine.com\/mag\/?s={search_term_string}"},"query-input":{"@type":"PropertyValueSpecification","valueRequired":true,"valueName":"search_term_string"}}],"inLanguage":"it-IT"},{"@type":"Organization","@id":"https:\/\/socialdesignmagazine.com\/mag\/#organization","name":"Social Design Magazine","url":"https:\/\/socialdesignmagazine.com\/mag\/","logo":{"@type":"ImageObject","inLanguage":"it-IT","@id":"https:\/\/socialdesignmagazine.com\/mag\/#\/schema\/logo\/image\/","url":"https:\/\/socialdesignmagazine.com\/mag\/wp-content\/uploads\/2017\/01\/logo_favicon_11.png","contentUrl":"https:\/\/socialdesignmagazine.com\/mag\/wp-content\/uploads\/2017\/01\/logo_favicon_11.png","width":1024,"height":1024,"caption":"Social Design Magazine"},"image":{"@id":"https:\/\/socialdesignmagazine.com\/mag\/#\/schema\/logo\/image\/"},"sameAs":["https:\/\/www.facebook.com\/socialdesignmag","https:\/\/x.com\/socialdesignmag","http:\/\/instagram.com\/social_design_magazine\/","http:\/\/pinterest.com\/socialdesignmag\/","http:\/\/www.youtube.com\/user\/socialdesignmagazine"]},{"@type":"Person","@id":"https:\/\/socialdesignmagazine.com\/mag\/#\/schema\/person\/61e20205cc363c315e6aabd33a045846","name":"Benedetto Fiori","image":{"@type":"ImageObject","inLanguage":"it-IT","@id":"https:\/\/secure.gravatar.com\/avatar\/450a48cefa36da63d920ad70aa660bd10725b1c6093800242e5efdb397759033?s=96&d=mm&r=g","url":"https:\/\/secure.gravatar.com\/avatar\/450a48cefa36da63d920ad70aa660bd10725b1c6093800242e5efdb397759033?s=96&d=mm&r=g","contentUrl":"https:\/\/secure.gravatar.com\/avatar\/450a48cefa36da63d920ad70aa660bd10725b1c6093800242e5efdb397759033?s=96&d=mm&r=g","caption":"Benedetto Fiori"},"description":"Web | Twitter | Facebook | Shutterstock Founder &amp; Editor in Chief di Social Design Magazine. Attratto da sempre da tutto ci\u00f2 che \u00e8 creativit\u00e0, design, architettura. Dopo aver studiato Architettura all'Universit\u00e0 di Firenze, si \u00e8 impegnato in molteplici campi: comunicazione grafica, progettazione di allestimenti fieristici, brand design, Interior Design.","sameAs":["http:\/\/benedettofiori.com","https:\/\/www.facebook.com\/benedettofiori","https:\/\/x.com\/benedettofiori"],"url":"https:\/\/socialdesignmagazine.com\/mag\/author\/benedetto\/"}]}},"jetpack_featured_media_url":"https:\/\/socialdesignmagazine.com\/mag\/wp-content\/uploads\/2013\/02\/benedetto_areadeclic_salone_2013_Area_Declic_Bestenheider_Elitre.jpg","jetpack_sharing_enabled":true,"jetpack_shortlink":"https:\/\/wp.me\/p6cV7V-uA","gt_translate_keys":[{"key":"link","format":"url"}],"_links":{"self":[{"href":"https:\/\/socialdesignmagazine.com\/mag\/wp-json\/wp\/v2\/posts\/1896","targetHints":{"allow":["GET"]}}],"collection":[{"href":"https:\/\/socialdesignmagazine.com\/mag\/wp-json\/wp\/v2\/posts"}],"about":[{"href":"https:\/\/socialdesignmagazine.com\/mag\/wp-json\/wp\/v2\/types\/post"}],"author":[{"embeddable":true,"href":"https:\/\/socialdesignmagazine.com\/mag\/wp-json\/wp\/v2\/users\/1"}],"replies":[{"embeddable":true,"href":"https:\/\/socialdesignmagazine.com\/mag\/wp-json\/wp\/v2\/comments?post=1896"}],"version-history":[{"count":1,"href":"https:\/\/socialdesignmagazine.com\/mag\/wp-json\/wp\/v2\/posts\/1896\/revisions"}],"predecessor-version":[{"id":61150,"href":"https:\/\/socialdesignmagazine.com\/mag\/wp-json\/wp\/v2\/posts\/1896\/revisions\/61150"}],"wp:featuredmedia":[{"embeddable":true,"href":"https:\/\/socialdesignmagazine.com\/mag\/wp-json\/wp\/v2\/media\/11137"}],"wp:attachment":[{"href":"https:\/\/socialdesignmagazine.com\/mag\/wp-json\/wp\/v2\/media?parent=1896"}],"wp:term":[{"taxonomy":"category","embeddable":true,"href":"https:\/\/socialdesignmagazine.com\/mag\/wp-json\/wp\/v2\/categories?post=1896"},{"taxonomy":"post_tag","embeddable":true,"href":"https:\/\/socialdesignmagazine.com\/mag\/wp-json\/wp\/v2\/tags?post=1896"}],"curies":[{"name":"wp","href":"https:\/\/api.w.org\/{rel}","templated":true}]}}