{"id":1900,"date":"2013-02-22T14:00:00","date_gmt":"2013-02-22T13:00:00","guid":{"rendered":"https:\/\/socialdesignmagazine.com\/mag\/s6-design\/c35-design\/scenari-di-innovazione-8-international-design-competition\/"},"modified":"2024-05-25T16:42:09","modified_gmt":"2024-05-25T14:42:09","slug":"scenari-di-innovazione-8-international-design-competition","status":"publish","type":"post","link":"https:\/\/socialdesignmagazine.com\/mag\/design\/scenari-di-innovazione-8-international-design-competition\/","title":{"rendered":"SCENARI DI INNOVAZIONE 8 \/ INTERNATIONAL DESIGN COMPETITION","gt_translate_keys":[{"key":"rendered","format":"text"}]},"content":{"rendered":"\n<p><strong>INTERNATIONAL DESIGN COMPETITION &#8211; NATURA DOMESTICA<\/strong> <br>Percorsi per la progettazione innovativa di prodotti e collezioni per il mondo dell\u2019artigianato e l\u2019industria artistica toscana<\/p>\n\n\n\n<p>All\u2019interno dello spazio CREAZIONI OPEN SPACE Materials (Macef\/ Pad.1 area CREAZIONI) \u00e8 stato ospitato il progetto <strong>Scenari di Innovazione 8<\/strong>. Gli oggetti presentati all\u2019interno dell\u2019area rappresentano i risultati&nbsp;del percorso relativa all\u20198\u00b0 edizione del concorso dedicato al tema&nbsp; <strong>Natura Domestica progettazione innovativa di&nbsp;prodotti e collezioni per il mondo dell\u2019artigianato e l\u2019industria artistica toscana<\/strong>.<\/p>\n\n\n\n<p>In mostra erano presenti 18 prototipi, scelti tra gli oltre 550 progetti presentati, realizzati e promossi dalle 15 aziende toscane coinvolte nel progetto con l\u2019obiettivo di confrontare i prodotti e la loro potenziale attrattiva sui mercati.<\/p>\n\n\n\n<p><strong>Cos\u2019\u00e8 Scenari di Innovazione<\/strong><br>\u00c8 un concorso internazionale rivolto agli studenti delle scuole ad orientamento artistico e progettuale che coinvolge una serie di aziende artigiane toscane. Obiettivo \u00e8 quello di&nbsp; rafforzare un rapporto&nbsp; di crescita creativa per le aziende e per gli studenti e alimentare la formazione di un Design dell\u2019Artigianato, tema strategico e fondamentale per la trasmissione di una cultura creativa e materiale tratto distintivo dell\u2019indotto produttivo toscano. &nbsp;<\/p>\n\n\n\n<p>L\u2019ottava edizione del Concorso dal titolo <strong>Natura Domestica percorsi per la progettazione innovativa di prodotti per il mondo dell\u2019artigianato<\/strong>, \u00e8 stata orientata a dare risposte a quelle che sono le necessit\u00e0 di ritrovare e costruire nell\u2019abitare domestico prospettive di vita pi\u00f9 a misura d\u2019uomo, armoniche con il mondo naturale. Tali necessit\u00e0 sottendono a dei mutamenti radicali ed evolutivi delle nostre societ\u00e0, non ancora pronte perch\u00e8 impostate su modelli di sviluppo obsoleto, non pi\u00f9 adeguati alle necessit\u00e0 umane. In questo tema generale 15 aziende della piccola e media impresa toscana si sono confrontate e presentate ad una platea rappresentata da oltre 20&nbsp; tra Istituti Superiori e Universit\u00e0 italiane di cui 2 internazionali ad orientamento artistico e progettuale, illustrando specifici orientamenti sui mercati, materiali, tecniche di produzione e briefing progettuali.<\/p>\n\n\n<div class=\"wp-block-image\">\n<figure class=\"aligncenter\"><img loading=\"lazy\" decoding=\"async\" width=\"720\" height=\"1112\" data-attachment-id=\"11152\" data-permalink=\"https:\/\/socialdesignmagazine.com\/mag\/design\/scenari-di-innovazione-8-international-design-competition\/attachment\/scenari-di-innovazione-8-dalia\/#content\" data-orig-file=\"https:\/\/socialdesignmagazine.com\/mag\/wp-content\/uploads\/2013\/02\/benedetto_scenari_di_innovazione_8_scenari_di_innovazione_8_DAlia.jpg\" data-orig-size=\"720,1112\" data-comments-opened=\"1\" data-image-meta=\"{&quot;aperture&quot;:&quot;5&quot;,&quot;credit&quot;:&quot;&quot;,&quot;camera&quot;:&quot;NIKON D200&quot;,&quot;caption&quot;:&quot;&quot;,&quot;created_timestamp&quot;:&quot;1359197396&quot;,&quot;copyright&quot;:&quot;&quot;,&quot;focal_length&quot;:&quot;46&quot;,&quot;iso&quot;:&quot;160&quot;,&quot;shutter_speed&quot;:&quot;0.1&quot;,&quot;title&quot;:&quot;&quot;,&quot;orientation&quot;:&quot;1&quot;}\" data-image-title=\"scenari di innovazione 8 DAlia\" data-image-description=\"\" data-image-caption=\"\" data-medium-file=\"https:\/\/socialdesignmagazine.com\/mag\/wp-content\/uploads\/2013\/02\/benedetto_scenari_di_innovazione_8_scenari_di_innovazione_8_DAlia-396x256.jpg\" data-large-file=\"https:\/\/socialdesignmagazine.com\/mag\/wp-content\/uploads\/2013\/02\/benedetto_scenari_di_innovazione_8_scenari_di_innovazione_8_DAlia.jpg\" src=\"https:\/\/socialdesignmagazine.com\/mag\/wp-content\/uploads\/2013\/02\/benedetto_scenari_di_innovazione_8_scenari_di_innovazione_8_DAlia.jpg\" alt=\"scenari di innovazione 8 DAlia\" class=\"wp-image-11152\"\/><\/figure>\n<\/div>\n\n\n<p><strong>DALIA, Vaso luminoso<\/strong><\/p>\n\n\n\n<p>Pensato per l\u2019arredo di giardini e terrazze, \u00e8 dotato di una batteria che gli consente di essere indipendente da fili e&nbsp; quindi facilmente collocabile. I led interni mutano la cromia dell\u2019interno della lampada attivandosi come decoro e rendendo l\u2019oggetto adatto per l\u2019arredo di eventi notturni all\u2019aperto.&nbsp;Prodotta da&nbsp;Elfi.&nbsp;Prezzo su richiesta.<\/p>\n\n\n\n<p>Materiali_Ceramica tornita a mano, vetro, illuminazione a Led<br>Designer_Maria Timor Diaz<br>Docente coordinatore_Andr\u00e8s Conejero Rodilla<br>Universidad Polit\u00e9cnica de Valencia_Espa\u00f1a<br>Realizzato da_ Elfi<\/p>\n\n\n\n<p><a class=\"jcepopup\" rel=\"nofollow noopener\" href=\"http:\/\/www.elfi.com\/\" target=\"_blank\">www.elfi.com<\/a><\/p>\n\n\n<div class=\"wp-block-image\">\n<figure class=\"aligncenter\"><img loading=\"lazy\" decoding=\"async\" width=\"720\" height=\"482\" data-attachment-id=\"11153\" data-permalink=\"https:\/\/socialdesignmagazine.com\/mag\/design\/scenari-di-innovazione-8-international-design-competition\/attachment\/scenari-di-innovazione-8-egirdalia2\/#content\" data-orig-file=\"https:\/\/socialdesignmagazine.com\/mag\/wp-content\/uploads\/2013\/02\/benedetto_scenari_di_innovazione_8_scenari_di_innovazione_8_egirdalia2.jpg\" data-orig-size=\"720,482\" data-comments-opened=\"1\" data-image-meta=\"{&quot;aperture&quot;:&quot;3.3&quot;,&quot;credit&quot;:&quot;&quot;,&quot;camera&quot;:&quot;NIKON D200&quot;,&quot;caption&quot;:&quot;&quot;,&quot;created_timestamp&quot;:&quot;1359040662&quot;,&quot;copyright&quot;:&quot;&quot;,&quot;focal_length&quot;:&quot;32&quot;,&quot;iso&quot;:&quot;500&quot;,&quot;shutter_speed&quot;:&quot;0.01&quot;,&quot;title&quot;:&quot;&quot;,&quot;orientation&quot;:&quot;1&quot;}\" data-image-title=\"scenari di innovazione 8 egirdalia2\" data-image-description=\"\" data-image-caption=\"\" data-medium-file=\"https:\/\/socialdesignmagazine.com\/mag\/wp-content\/uploads\/2013\/02\/benedetto_scenari_di_innovazione_8_scenari_di_innovazione_8_egirdalia2-396x256.jpg\" data-large-file=\"https:\/\/socialdesignmagazine.com\/mag\/wp-content\/uploads\/2013\/02\/benedetto_scenari_di_innovazione_8_scenari_di_innovazione_8_egirdalia2.jpg\" src=\"https:\/\/socialdesignmagazine.com\/mag\/wp-content\/uploads\/2013\/02\/benedetto_scenari_di_innovazione_8_scenari_di_innovazione_8_egirdalia2.jpg\" alt=\"scenari di innovazione 8 egirdalia2\" class=\"wp-image-11153\" srcset=\"https:\/\/socialdesignmagazine.com\/mag\/wp-content\/uploads\/2013\/02\/benedetto_scenari_di_innovazione_8_scenari_di_innovazione_8_egirdalia2.jpg 720w, https:\/\/socialdesignmagazine.com\/mag\/wp-content\/uploads\/2013\/02\/benedetto_scenari_di_innovazione_8_scenari_di_innovazione_8_egirdalia2-100x66.jpg 100w\" sizes=\"auto, (max-width: 720px) 100vw, 720px\" \/><\/figure>\n<\/div>\n\n\n<p><strong>EGIR, Lampada out &#8211; in door<\/strong><br>La lampada coniuga materiali tradizionali quali l\u2019acciaio con&nbsp; tecnologie consolidate, in particolare led a fosfori remoti, che favoriscono alte prestazioni illuminotecniche a ridotto consumo energetico. Prodotto da Elfi. Prezzo su richiesta.<\/p>\n\n\n\n<p>Materiali_Alluminio, illuminazione a led<br>Designer_Matteo Capacci<br>Docente coordinatore_Paolo Zani<br>Isia, Istituto Superiore Per le Industrie Artistiche di Faenza<\/p>\n\n\n\n<p>Realizzato da_Elfi<br><a target=\"_blank\" class=\"jcepopup\" rel=\"nofollow noopener\" href=\"http:\/\/www.elfisrl.com\">www.elfisrl.com<\/a><\/p>\n\n\n<div class=\"wp-block-image\">\n<figure class=\"aligncenter\"><img loading=\"lazy\" decoding=\"async\" width=\"720\" height=\"1076\" data-attachment-id=\"11154\" data-permalink=\"https:\/\/socialdesignmagazine.com\/mag\/design\/scenari-di-innovazione-8-international-design-competition\/attachment\/scenari-di-innovazione-8-fioriera-firenze-1\/#content\" data-orig-file=\"https:\/\/socialdesignmagazine.com\/mag\/wp-content\/uploads\/2013\/02\/benedetto_scenari_di_innovazione_8_scenari_di_innovazione_8_Fioriera_firenze_1.jpg\" data-orig-size=\"720,1076\" data-comments-opened=\"1\" data-image-meta=\"{&quot;aperture&quot;:&quot;3.5&quot;,&quot;credit&quot;:&quot;&quot;,&quot;camera&quot;:&quot;NIKON D200&quot;,&quot;caption&quot;:&quot;&quot;,&quot;created_timestamp&quot;:&quot;1359040402&quot;,&quot;copyright&quot;:&quot;&quot;,&quot;focal_length&quot;:&quot;28&quot;,&quot;iso&quot;:&quot;500&quot;,&quot;shutter_speed&quot;:&quot;0.0125&quot;,&quot;title&quot;:&quot;&quot;,&quot;orientation&quot;:&quot;1&quot;}\" data-image-title=\"scenari di innovazione 8 Fioriera firenze 1\" data-image-description=\"\" data-image-caption=\"\" data-medium-file=\"https:\/\/socialdesignmagazine.com\/mag\/wp-content\/uploads\/2013\/02\/benedetto_scenari_di_innovazione_8_scenari_di_innovazione_8_Fioriera_firenze_1-396x256.jpg\" data-large-file=\"https:\/\/socialdesignmagazine.com\/mag\/wp-content\/uploads\/2013\/02\/benedetto_scenari_di_innovazione_8_scenari_di_innovazione_8_Fioriera_firenze_1.jpg\" src=\"https:\/\/socialdesignmagazine.com\/mag\/wp-content\/uploads\/2013\/02\/benedetto_scenari_di_innovazione_8_scenari_di_innovazione_8_Fioriera_firenze_1.jpg\" alt=\"scenari di innovazione 8 Fioriera firenze 1\" class=\"wp-image-11154\"\/><\/figure>\n<\/div>\n\n<div class=\"wp-block-image\">\n<figure class=\"aligncenter\"><img loading=\"lazy\" decoding=\"async\" width=\"720\" height=\"750\" data-attachment-id=\"11155\" data-permalink=\"https:\/\/socialdesignmagazine.com\/mag\/design\/scenari-di-innovazione-8-international-design-competition\/attachment\/scenari-di-innovazione-8-parking-bike\/#content\" data-orig-file=\"https:\/\/socialdesignmagazine.com\/mag\/wp-content\/uploads\/2013\/02\/benedetto_scenari_di_innovazione_8_scenari_di_innovazione_8_Parking_bike.jpg\" data-orig-size=\"720,750\" data-comments-opened=\"1\" data-image-meta=\"{&quot;aperture&quot;:&quot;3.5&quot;,&quot;credit&quot;:&quot;&quot;,&quot;camera&quot;:&quot;FinePix S2000HD&quot;,&quot;caption&quot;:&quot;&quot;,&quot;created_timestamp&quot;:&quot;1335004292&quot;,&quot;copyright&quot;:&quot;&quot;,&quot;focal_length&quot;:&quot;5&quot;,&quot;iso&quot;:&quot;400&quot;,&quot;shutter_speed&quot;:&quot;0.0166666666667&quot;,&quot;title&quot;:&quot;&quot;,&quot;orientation&quot;:&quot;1&quot;}\" data-image-title=\"scenari di innovazione 8 Parking bike\" data-image-description=\"\" data-image-caption=\"\" data-medium-file=\"https:\/\/socialdesignmagazine.com\/mag\/wp-content\/uploads\/2013\/02\/benedetto_scenari_di_innovazione_8_scenari_di_innovazione_8_Parking_bike-396x256.jpg\" data-large-file=\"https:\/\/socialdesignmagazine.com\/mag\/wp-content\/uploads\/2013\/02\/benedetto_scenari_di_innovazione_8_scenari_di_innovazione_8_Parking_bike.jpg\" src=\"https:\/\/socialdesignmagazine.com\/mag\/wp-content\/uploads\/2013\/02\/benedetto_scenari_di_innovazione_8_scenari_di_innovazione_8_Parking_bike.jpg\" alt=\"scenari di innovazione 8 Parking bike\" class=\"wp-image-11155\"\/><\/figure>\n<\/div>\n\n\n<p><strong>PARKING BIKE Portabiclette <\/strong>sistema modulare<br>Il prodotto si inserisce nella riscoperta delle buone pratiche di incentivazione della mobilit\u00e0 sostenibile a livello urbano. In terracotta imprunetina (Impruneta \u00e8 una delle zone storiche di riferimento per la produzione del cotto tradizionale toscano), questo portabiciclette modulare pu\u00f2 assumere configurazioni diverse adattandosi alle necessit\u00e0 urbane e ai contesti in cui viene inserito. L\u2019utilizzo della terracotta coniuga&nbsp; la valorizzazione dell\u2019identit\u00e0 locale riducendo l\u2019impatto ambientale sul ciclo di produzione.Parking Bike \u00e8 prodotto e distribuito da <a target=\"_blank\" class=\"jcepopup\" rel=\"nofollow noopener\" href=\"http:\/\/www.poggiugo.it\">Poggi Ugo Terrecotte<\/a>. Disponibile in versioni modulari a partire da 90 Euro.<\/p>\n\n\n<div class=\"wp-block-image\">\n<figure class=\"aligncenter\"><img loading=\"lazy\" decoding=\"async\" width=\"720\" height=\"538\" data-attachment-id=\"11156\" data-permalink=\"https:\/\/socialdesignmagazine.com\/mag\/design\/scenari-di-innovazione-8-international-design-competition\/attachment\/scenari-di-innovazione-8-oo\/#content\" data-orig-file=\"https:\/\/socialdesignmagazine.com\/mag\/wp-content\/uploads\/2013\/02\/benedetto_scenari_di_innovazione_8_scenari_di_innovazione_8_Oo.jpg\" data-orig-size=\"720,538\" data-comments-opened=\"1\" data-image-meta=\"{&quot;aperture&quot;:&quot;2.4&quot;,&quot;credit&quot;:&quot;&quot;,&quot;camera&quot;:&quot;iPad&quot;,&quot;caption&quot;:&quot;&quot;,&quot;created_timestamp&quot;:&quot;1359107593&quot;,&quot;copyright&quot;:&quot;&quot;,&quot;focal_length&quot;:&quot;4.28&quot;,&quot;iso&quot;:&quot;80&quot;,&quot;shutter_speed&quot;:&quot;0.0416666666667&quot;,&quot;title&quot;:&quot;&quot;,&quot;orientation&quot;:&quot;1&quot;}\" data-image-title=\"scenari di innovazione 8 Oo\" data-image-description=\"\" data-image-caption=\"\" data-medium-file=\"https:\/\/socialdesignmagazine.com\/mag\/wp-content\/uploads\/2013\/02\/benedetto_scenari_di_innovazione_8_scenari_di_innovazione_8_Oo-396x256.jpg\" data-large-file=\"https:\/\/socialdesignmagazine.com\/mag\/wp-content\/uploads\/2013\/02\/benedetto_scenari_di_innovazione_8_scenari_di_innovazione_8_Oo.jpg\" src=\"https:\/\/socialdesignmagazine.com\/mag\/wp-content\/uploads\/2013\/02\/benedetto_scenari_di_innovazione_8_scenari_di_innovazione_8_Oo.jpg\" alt=\"scenari di innovazione 8 Oo\" class=\"wp-image-11156\"\/><\/figure>\n<\/div>\n\n\n<p><strong>Oo! Sistema modulare outdoor<\/strong><br>\u00c8 un sistema componibile pensato per il giardino e la terrazza. Coniuga materiali della tradizione toscana quali terracotta, vetro e acciaio\u00a0 in modo inedito. Il prodotto, in due versioni (H. 30 e H. 80) \u00e8 distribuito da Manifatture Rossi ed \u00e8 disponibile a partire da composizioni di 3 elementi. Prezzo: a partire da 210 Euro.<\/p>\n\n\n\n<p>Materiali_Acciaio verniciato a spruzzo, terracotta tornita, vetro, legno<br>Designer_Sara Martinez Corcuera<br>Docente coordinatore_Andr\u00e8s Conejero Rodilla<br>Universidad Polit\u00e9cnica de Valencia_Espa\u00f1a<\/p>\n\n\n<div class=\"wp-block-image\">\n<figure class=\"aligncenter\"><img loading=\"lazy\" decoding=\"async\" width=\"720\" height=\"482\" data-attachment-id=\"11157\" data-permalink=\"https:\/\/socialdesignmagazine.com\/mag\/design\/scenari-di-innovazione-8-international-design-competition\/attachment\/scenari-di-innovazione-8-sedia-del-nomade1\/#content\" data-orig-file=\"https:\/\/socialdesignmagazine.com\/mag\/wp-content\/uploads\/2013\/02\/benedetto_scenari_di_innovazione_8_scenari_di_innovazione_8_Sedia_del_nomade1.jpg\" data-orig-size=\"720,482\" data-comments-opened=\"1\" data-image-meta=\"{&quot;aperture&quot;:&quot;14&quot;,&quot;credit&quot;:&quot;&quot;,&quot;camera&quot;:&quot;NIKON D60&quot;,&quot;caption&quot;:&quot;&quot;,&quot;created_timestamp&quot;:&quot;1334312006&quot;,&quot;copyright&quot;:&quot;&quot;,&quot;focal_length&quot;:&quot;22&quot;,&quot;iso&quot;:&quot;400&quot;,&quot;shutter_speed&quot;:&quot;0.04&quot;,&quot;title&quot;:&quot;&quot;,&quot;orientation&quot;:&quot;1&quot;}\" data-image-title=\"scenari di innovazione 8 Sedia del nomade1\" data-image-description=\"\" data-image-caption=\"\" data-medium-file=\"https:\/\/socialdesignmagazine.com\/mag\/wp-content\/uploads\/2013\/02\/benedetto_scenari_di_innovazione_8_scenari_di_innovazione_8_Sedia_del_nomade1-396x256.jpg\" data-large-file=\"https:\/\/socialdesignmagazine.com\/mag\/wp-content\/uploads\/2013\/02\/benedetto_scenari_di_innovazione_8_scenari_di_innovazione_8_Sedia_del_nomade1.jpg\" src=\"https:\/\/socialdesignmagazine.com\/mag\/wp-content\/uploads\/2013\/02\/benedetto_scenari_di_innovazione_8_scenari_di_innovazione_8_Sedia_del_nomade1.jpg\" alt=\"scenari di innovazione 8 Sedia del nomade1\" class=\"wp-image-11157\" srcset=\"https:\/\/socialdesignmagazine.com\/mag\/wp-content\/uploads\/2013\/02\/benedetto_scenari_di_innovazione_8_scenari_di_innovazione_8_Sedia_del_nomade1.jpg 720w, https:\/\/socialdesignmagazine.com\/mag\/wp-content\/uploads\/2013\/02\/benedetto_scenari_di_innovazione_8_scenari_di_innovazione_8_Sedia_del_nomade1-100x66.jpg 100w\" sizes=\"auto, (max-width: 720px) 100vw, 720px\" \/><\/figure>\n<\/div>\n\n<div class=\"wp-block-image\">\n<figure class=\"aligncenter\"><img loading=\"lazy\" decoding=\"async\" width=\"720\" height=\"609\" data-attachment-id=\"11158\" data-permalink=\"https:\/\/socialdesignmagazine.com\/mag\/design\/scenari-di-innovazione-8-international-design-competition\/attachment\/scenari-di-innovazione-8-sedia-del-nomade-2\/#content\" data-orig-file=\"https:\/\/socialdesignmagazine.com\/mag\/wp-content\/uploads\/2013\/02\/benedetto_scenari_di_innovazione_8_scenari_di_innovazione_8_Sedia-del-Nomade_2.jpg\" data-orig-size=\"720,609\" data-comments-opened=\"1\" data-image-meta=\"{&quot;aperture&quot;:&quot;0&quot;,&quot;credit&quot;:&quot;&quot;,&quot;camera&quot;:&quot;&quot;,&quot;caption&quot;:&quot;&quot;,&quot;created_timestamp&quot;:&quot;0&quot;,&quot;copyright&quot;:&quot;&quot;,&quot;focal_length&quot;:&quot;0&quot;,&quot;iso&quot;:&quot;0&quot;,&quot;shutter_speed&quot;:&quot;0&quot;,&quot;title&quot;:&quot;&quot;,&quot;orientation&quot;:&quot;0&quot;}\" data-image-title=\"scenari di innovazione 8 Sedia-del-Nomade 2\" data-image-description=\"\" data-image-caption=\"\" data-medium-file=\"https:\/\/socialdesignmagazine.com\/mag\/wp-content\/uploads\/2013\/02\/benedetto_scenari_di_innovazione_8_scenari_di_innovazione_8_Sedia-del-Nomade_2-396x256.jpg\" data-large-file=\"https:\/\/socialdesignmagazine.com\/mag\/wp-content\/uploads\/2013\/02\/benedetto_scenari_di_innovazione_8_scenari_di_innovazione_8_Sedia-del-Nomade_2.jpg\" src=\"https:\/\/socialdesignmagazine.com\/mag\/wp-content\/uploads\/2013\/02\/benedetto_scenari_di_innovazione_8_scenari_di_innovazione_8_Sedia-del-Nomade_2.jpg\" alt=\"scenari di innovazione 8 Sedia-del-Nomade 2\" class=\"wp-image-11158\"\/><\/figure>\n<\/div>\n\n\n<p><strong>LA SEDIA DEL NOMADE, Poltrona<\/strong><br>Questa poltrona, pensata per il \u201cgiardino d\u2019inverno\u201d , \u00e8 un tappeto, sapientemente tessuto a mano e adagiato su una struttura tridimensionale, che incornicia e protegge come in una calda coperta l\u2019ospite. La struttura in tondino metallico si predispone per accogliere con semplici e rapidi gesti il tessuto, che per la sua natura artigianale pu\u00f2 essere decorato e personalizzato. Prodotto da Laura de Cesare e Manifatture Rossi. Prezzo: 900 Euro.<br>\u00a0<br>Materiali_Tessuto bianco nero in puro cotone, interpreta i tessili<br>popolari. Tessuto rosso giallo nero e bianco a doppia faccia con inserti<br>a nido d\u2019ape. Realizzati a mano, struttura in acciaio verniciato a spruzzo<br>Designer_Simone Miccich\u00e8<br>\u00a0<br>Accademia di Belle Arti di Firenze<br>Docente coordinatore_Edoardo Malagigi<br>Textile design_Laura de Cesare<br>Realizzato da_Laura de Cesare e Manifatture Rossi<br><a class=\"jcepopup\" href=\"http:\/\/www.lauradecesare.it\" target=\"_blank\" rel=\"nofollow noopener\">www.lauradecesare.it<\/a><br>www.manifatturerossi.it<br>Progetto sviluppato per la Provincia di Pisa<\/p>\n","protected":false,"gt_translate_keys":[{"key":"rendered","format":"html"}]},"excerpt":{"rendered":"<p>Percorsi per la progettazione innovativa di prodotti e collezioni per il mondo dell\u2019artigianato e l\u2019industria artistica toscana<\/p>\n","protected":false,"gt_translate_keys":[{"key":"rendered","format":"html"}]},"author":1,"featured_media":11151,"comment_status":"open","ping_status":"open","sticky":false,"template":"","format":"standard","meta":{"jetpack_post_was_ever_published":false,"_jetpack_newsletter_access":"","_jetpack_dont_email_post_to_subs":false,"_jetpack_newsletter_tier_id":0,"_jetpack_memberships_contains_paywalled_content":false,"_jetpack_memberships_contains_paid_content":false,"footnotes":"","_wpscppro_dont_share_socialmedia":false,"_wpscppro_custom_social_share_image":0,"_facebook_share_type":"","_twitter_share_type":"","_linkedin_share_type":"","_pinterest_share_type":"","_linkedin_share_type_page":"","_instagram_share_type":"","_medium_share_type":"","_threads_share_type":"","_google_business_share_type":"","_selected_social_profile":[],"_wpsp_enable_custom_social_template":false,"_wpsp_social_scheduling":{"enabled":false,"datetime":null,"platforms":[],"status":"template_only","dateOption":"today","timeOption":"now","customDays":"","customHours":"","customDate":"","customTime":"","schedulingType":"absolute"},"_wpsp_active_default_template":true},"categories":[13],"tags":[2974,1587],"class_list":["post-1900","post","type-post","status-publish","format-standard","has-post-thumbnail","hentry","category-design","tag-design-competition","tag-macef"],"yoast_head":"<!-- This site is optimized with the Yoast SEO plugin v27.2 - https:\/\/yoast.com\/product\/yoast-seo-wordpress\/ -->\n<title>SCENARI DI INNOVAZIONE 8 \/ INTERNATIONAL DESIGN COMPETITION - Social Design Magazine<\/title>\n<meta name=\"description\" content=\"Percorsi per la progettazione innovativa di prodotti e collezioni per il mondo dell\u2019artigianato e l\u2019industria artistica toscana\" \/>\n<meta name=\"robots\" content=\"index, follow, max-snippet:-1, max-image-preview:large, max-video-preview:-1\" \/>\n<link rel=\"canonical\" href=\"https:\/\/socialdesignmagazine.com\/mag\/design\/scenari-di-innovazione-8-international-design-competition\/\" \/>\n<meta property=\"og:locale\" content=\"it_IT\" \/>\n<meta property=\"og:type\" content=\"article\" \/>\n<meta property=\"og:title\" content=\"SCENARI DI INNOVAZIONE 8 \/ INTERNATIONAL DESIGN COMPETITION - Social Design Magazine\" \/>\n<meta property=\"og:description\" content=\"Percorsi per la progettazione innovativa di prodotti e collezioni per il mondo dell\u2019artigianato e l\u2019industria artistica toscana\" \/>\n<meta property=\"og:url\" content=\"http:\/\/socialdesignmagazine.com\/mag\/design\/scenari-di-innovazione-8-international-design-competition\/\" \/>\n<meta property=\"og:site_name\" content=\"Social Design Magazine\" \/>\n<meta property=\"article:publisher\" content=\"https:\/\/www.facebook.com\/socialdesignmag\" \/>\n<meta property=\"article:author\" content=\"https:\/\/www.facebook.com\/benedettofiori\" \/>\n<meta property=\"article:published_time\" content=\"2013-02-22T13:00:00+00:00\" \/>\n<meta property=\"article:modified_time\" content=\"2024-05-25T14:42:09+00:00\" \/>\n<meta property=\"og:image\" content=\"https:\/\/socialdesignmagazine.com\/mag\/wp-content\/uploads\/2013\/02\/benedetto_scenari_di_innovazione_8_scenari_di_innovazione_8_Generale.jpg\" \/>\n\t<meta property=\"og:image:width\" content=\"720\" \/>\n\t<meta property=\"og:image:height\" content=\"1076\" \/>\n\t<meta property=\"og:image:type\" content=\"image\/jpeg\" \/>\n<meta name=\"author\" content=\"Benedetto Fiori\" \/>\n<meta name=\"twitter:card\" content=\"summary_large_image\" \/>\n<meta name=\"twitter:creator\" content=\"@benedettofiori\" \/>\n<meta name=\"twitter:site\" content=\"@socialdesignmag\" \/>\n<meta name=\"twitter:label1\" content=\"Scritto da\" \/>\n\t<meta name=\"twitter:data1\" content=\"Benedetto Fiori\" \/>\n\t<meta name=\"twitter:label2\" content=\"Tempo di lettura stimato\" \/>\n\t<meta name=\"twitter:data2\" content=\"6 minuti\" \/>\n<script type=\"application\/ld+json\" class=\"yoast-schema-graph\">{\"@context\":\"https:\/\/schema.org\",\"@graph\":[{\"@type\":\"Article\",\"@id\":\"https:\/\/socialdesignmagazine.com\/mag\/design\/scenari-di-innovazione-8-international-design-competition\/#article\",\"isPartOf\":{\"@id\":\"https:\/\/socialdesignmagazine.com\/mag\/design\/scenari-di-innovazione-8-international-design-competition\/\"},\"author\":{\"name\":\"Benedetto Fiori\",\"@id\":\"https:\/\/socialdesignmagazine.com\/mag\/#\/schema\/person\/61e20205cc363c315e6aabd33a045846\"},\"headline\":\"SCENARI DI INNOVAZIONE 8 \/ INTERNATIONAL DESIGN COMPETITION\",\"datePublished\":\"2013-02-22T13:00:00+00:00\",\"dateModified\":\"2024-05-25T14:42:09+00:00\",\"mainEntityOfPage\":{\"@id\":\"https:\/\/socialdesignmagazine.com\/mag\/design\/scenari-di-innovazione-8-international-design-competition\/\"},\"wordCount\":787,\"commentCount\":0,\"publisher\":{\"@id\":\"https:\/\/socialdesignmagazine.com\/mag\/#organization\"},\"image\":{\"@id\":\"https:\/\/socialdesignmagazine.com\/mag\/design\/scenari-di-innovazione-8-international-design-competition\/#primaryimage\"},\"thumbnailUrl\":\"https:\/\/socialdesignmagazine.com\/mag\/wp-content\/uploads\/2013\/02\/benedetto_scenari_di_innovazione_8_scenari_di_innovazione_8_Generale.jpg\",\"keywords\":[\"design competition\",\"macef\"],\"articleSection\":[\"Design\"],\"inLanguage\":\"it-IT\",\"potentialAction\":[{\"@type\":\"CommentAction\",\"name\":\"Comment\",\"target\":[\"https:\/\/socialdesignmagazine.com\/mag\/design\/scenari-di-innovazione-8-international-design-competition\/#respond\"]}]},{\"@type\":\"WebPage\",\"@id\":\"https:\/\/socialdesignmagazine.com\/mag\/design\/scenari-di-innovazione-8-international-design-competition\/\",\"url\":\"https:\/\/socialdesignmagazine.com\/mag\/design\/scenari-di-innovazione-8-international-design-competition\/\",\"name\":\"SCENARI DI INNOVAZIONE 8 \/ INTERNATIONAL DESIGN COMPETITION - Social Design Magazine\",\"isPartOf\":{\"@id\":\"https:\/\/socialdesignmagazine.com\/mag\/#website\"},\"primaryImageOfPage\":{\"@id\":\"https:\/\/socialdesignmagazine.com\/mag\/design\/scenari-di-innovazione-8-international-design-competition\/#primaryimage\"},\"image\":{\"@id\":\"https:\/\/socialdesignmagazine.com\/mag\/design\/scenari-di-innovazione-8-international-design-competition\/#primaryimage\"},\"thumbnailUrl\":\"https:\/\/socialdesignmagazine.com\/mag\/wp-content\/uploads\/2013\/02\/benedetto_scenari_di_innovazione_8_scenari_di_innovazione_8_Generale.jpg\",\"datePublished\":\"2013-02-22T13:00:00+00:00\",\"dateModified\":\"2024-05-25T14:42:09+00:00\",\"description\":\"Percorsi per la progettazione innovativa di prodotti e collezioni per il mondo dell\u2019artigianato e l\u2019industria artistica toscana\",\"breadcrumb\":{\"@id\":\"https:\/\/socialdesignmagazine.com\/mag\/design\/scenari-di-innovazione-8-international-design-competition\/#breadcrumb\"},\"inLanguage\":\"it-IT\",\"potentialAction\":[{\"@type\":\"ReadAction\",\"target\":[\"https:\/\/socialdesignmagazine.com\/mag\/design\/scenari-di-innovazione-8-international-design-competition\/\"]}]},{\"@type\":\"ImageObject\",\"inLanguage\":\"it-IT\",\"@id\":\"https:\/\/socialdesignmagazine.com\/mag\/design\/scenari-di-innovazione-8-international-design-competition\/#primaryimage\",\"url\":\"https:\/\/socialdesignmagazine.com\/mag\/wp-content\/uploads\/2013\/02\/benedetto_scenari_di_innovazione_8_scenari_di_innovazione_8_Generale.jpg\",\"contentUrl\":\"https:\/\/socialdesignmagazine.com\/mag\/wp-content\/uploads\/2013\/02\/benedetto_scenari_di_innovazione_8_scenari_di_innovazione_8_Generale.jpg\",\"width\":720,\"height\":1076,\"caption\":\"scenari di innovazione 8 Generale\"},{\"@type\":\"BreadcrumbList\",\"@id\":\"https:\/\/socialdesignmagazine.com\/mag\/design\/scenari-di-innovazione-8-international-design-competition\/#breadcrumb\",\"itemListElement\":[{\"@type\":\"ListItem\",\"position\":1,\"name\":\"Home\",\"item\":\"https:\/\/socialdesignmagazine.com\/mag\/\"},{\"@type\":\"ListItem\",\"position\":2,\"name\":\"Design\",\"item\":\"https:\/\/socialdesignmagazine.com\/mag\/design\/\"},{\"@type\":\"ListItem\",\"position\":3,\"name\":\"SCENARI DI INNOVAZIONE 8 \/ INTERNATIONAL DESIGN COMPETITION\"}]},{\"@type\":\"WebSite\",\"@id\":\"https:\/\/socialdesignmagazine.com\/mag\/#website\",\"url\":\"https:\/\/socialdesignmagazine.com\/mag\/\",\"name\":\"Social Design Magazine\",\"description\":\"Social Magazine su Design, Architettura, Arte, Grafica\",\"publisher\":{\"@id\":\"https:\/\/socialdesignmagazine.com\/mag\/#organization\"},\"potentialAction\":[{\"@type\":\"SearchAction\",\"target\":{\"@type\":\"EntryPoint\",\"urlTemplate\":\"https:\/\/socialdesignmagazine.com\/mag\/?s={search_term_string}\"},\"query-input\":{\"@type\":\"PropertyValueSpecification\",\"valueRequired\":true,\"valueName\":\"search_term_string\"}}],\"inLanguage\":\"it-IT\"},{\"@type\":\"Organization\",\"@id\":\"https:\/\/socialdesignmagazine.com\/mag\/#organization\",\"name\":\"Social Design Magazine\",\"url\":\"https:\/\/socialdesignmagazine.com\/mag\/\",\"logo\":{\"@type\":\"ImageObject\",\"inLanguage\":\"it-IT\",\"@id\":\"https:\/\/socialdesignmagazine.com\/mag\/#\/schema\/logo\/image\/\",\"url\":\"https:\/\/socialdesignmagazine.com\/mag\/wp-content\/uploads\/2017\/01\/logo_favicon_11.png\",\"contentUrl\":\"https:\/\/socialdesignmagazine.com\/mag\/wp-content\/uploads\/2017\/01\/logo_favicon_11.png\",\"width\":1024,\"height\":1024,\"caption\":\"Social Design Magazine\"},\"image\":{\"@id\":\"https:\/\/socialdesignmagazine.com\/mag\/#\/schema\/logo\/image\/\"},\"sameAs\":[\"https:\/\/www.facebook.com\/socialdesignmag\",\"https:\/\/x.com\/socialdesignmag\",\"http:\/\/instagram.com\/social_design_magazine\/\",\"http:\/\/pinterest.com\/socialdesignmag\/\",\"http:\/\/www.youtube.com\/user\/socialdesignmagazine\"]},{\"@type\":\"Person\",\"@id\":\"https:\/\/socialdesignmagazine.com\/mag\/#\/schema\/person\/61e20205cc363c315e6aabd33a045846\",\"name\":\"Benedetto Fiori\",\"image\":{\"@type\":\"ImageObject\",\"inLanguage\":\"it-IT\",\"@id\":\"https:\/\/secure.gravatar.com\/avatar\/450a48cefa36da63d920ad70aa660bd10725b1c6093800242e5efdb397759033?s=96&d=mm&r=g\",\"url\":\"https:\/\/secure.gravatar.com\/avatar\/450a48cefa36da63d920ad70aa660bd10725b1c6093800242e5efdb397759033?s=96&d=mm&r=g\",\"contentUrl\":\"https:\/\/secure.gravatar.com\/avatar\/450a48cefa36da63d920ad70aa660bd10725b1c6093800242e5efdb397759033?s=96&d=mm&r=g\",\"caption\":\"Benedetto Fiori\"},\"description\":\"Web | Twitter | Facebook | Shutterstock Founder &amp; Editor in Chief di Social Design Magazine. Attratto da sempre da tutto ci\u00f2 che \u00e8 creativit\u00e0, design, architettura. Dopo aver studiato Architettura all'Universit\u00e0 di Firenze, si \u00e8 impegnato in molteplici campi: comunicazione grafica, progettazione di allestimenti fieristici, brand design, Interior Design.\",\"sameAs\":[\"http:\/\/benedettofiori.com\",\"https:\/\/www.facebook.com\/benedettofiori\",\"https:\/\/x.com\/benedettofiori\"],\"url\":\"https:\/\/socialdesignmagazine.com\/mag\/author\/benedetto\/\"}]}<\/script>\n<!-- \/ Yoast SEO plugin. -->","yoast_head_json":{"title":"SCENARI DI INNOVAZIONE 8 \/ INTERNATIONAL DESIGN COMPETITION - Social Design Magazine","description":"Percorsi per la progettazione innovativa di prodotti e collezioni per il mondo dell\u2019artigianato e l\u2019industria artistica toscana","robots":{"index":"index","follow":"follow","max-snippet":"max-snippet:-1","max-image-preview":"max-image-preview:large","max-video-preview":"max-video-preview:-1"},"canonical":"https:\/\/socialdesignmagazine.com\/mag\/design\/scenari-di-innovazione-8-international-design-competition\/","og_locale":"it_IT","og_type":"article","og_title":"SCENARI DI INNOVAZIONE 8 \/ INTERNATIONAL DESIGN COMPETITION - Social Design Magazine","og_description":"Percorsi per la progettazione innovativa di prodotti e collezioni per il mondo dell\u2019artigianato e l\u2019industria artistica toscana","og_url":"http:\/\/socialdesignmagazine.com\/mag\/design\/scenari-di-innovazione-8-international-design-competition\/","og_site_name":"Social Design Magazine","article_publisher":"https:\/\/www.facebook.com\/socialdesignmag","article_author":"https:\/\/www.facebook.com\/benedettofiori","article_published_time":"2013-02-22T13:00:00+00:00","article_modified_time":"2024-05-25T14:42:09+00:00","og_image":[{"width":720,"height":1076,"url":"https:\/\/socialdesignmagazine.com\/mag\/wp-content\/uploads\/2013\/02\/benedetto_scenari_di_innovazione_8_scenari_di_innovazione_8_Generale.jpg","type":"image\/jpeg"}],"author":"Benedetto Fiori","twitter_card":"summary_large_image","twitter_creator":"@benedettofiori","twitter_site":"@socialdesignmag","twitter_misc":{"Scritto da":"Benedetto Fiori","Tempo di lettura stimato":"6 minuti"},"schema":{"@context":"https:\/\/schema.org","@graph":[{"@type":"Article","@id":"https:\/\/socialdesignmagazine.com\/mag\/design\/scenari-di-innovazione-8-international-design-competition\/#article","isPartOf":{"@id":"https:\/\/socialdesignmagazine.com\/mag\/design\/scenari-di-innovazione-8-international-design-competition\/"},"author":{"name":"Benedetto Fiori","@id":"https:\/\/socialdesignmagazine.com\/mag\/#\/schema\/person\/61e20205cc363c315e6aabd33a045846"},"headline":"SCENARI DI INNOVAZIONE 8 \/ INTERNATIONAL DESIGN COMPETITION","datePublished":"2013-02-22T13:00:00+00:00","dateModified":"2024-05-25T14:42:09+00:00","mainEntityOfPage":{"@id":"https:\/\/socialdesignmagazine.com\/mag\/design\/scenari-di-innovazione-8-international-design-competition\/"},"wordCount":787,"commentCount":0,"publisher":{"@id":"https:\/\/socialdesignmagazine.com\/mag\/#organization"},"image":{"@id":"https:\/\/socialdesignmagazine.com\/mag\/design\/scenari-di-innovazione-8-international-design-competition\/#primaryimage"},"thumbnailUrl":"https:\/\/socialdesignmagazine.com\/mag\/wp-content\/uploads\/2013\/02\/benedetto_scenari_di_innovazione_8_scenari_di_innovazione_8_Generale.jpg","keywords":["design competition","macef"],"articleSection":["Design"],"inLanguage":"it-IT","potentialAction":[{"@type":"CommentAction","name":"Comment","target":["https:\/\/socialdesignmagazine.com\/mag\/design\/scenari-di-innovazione-8-international-design-competition\/#respond"]}]},{"@type":"WebPage","@id":"https:\/\/socialdesignmagazine.com\/mag\/design\/scenari-di-innovazione-8-international-design-competition\/","url":"https:\/\/socialdesignmagazine.com\/mag\/design\/scenari-di-innovazione-8-international-design-competition\/","name":"SCENARI DI INNOVAZIONE 8 \/ INTERNATIONAL DESIGN COMPETITION - Social Design Magazine","isPartOf":{"@id":"https:\/\/socialdesignmagazine.com\/mag\/#website"},"primaryImageOfPage":{"@id":"https:\/\/socialdesignmagazine.com\/mag\/design\/scenari-di-innovazione-8-international-design-competition\/#primaryimage"},"image":{"@id":"https:\/\/socialdesignmagazine.com\/mag\/design\/scenari-di-innovazione-8-international-design-competition\/#primaryimage"},"thumbnailUrl":"https:\/\/socialdesignmagazine.com\/mag\/wp-content\/uploads\/2013\/02\/benedetto_scenari_di_innovazione_8_scenari_di_innovazione_8_Generale.jpg","datePublished":"2013-02-22T13:00:00+00:00","dateModified":"2024-05-25T14:42:09+00:00","description":"Percorsi per la progettazione innovativa di prodotti e collezioni per il mondo dell\u2019artigianato e l\u2019industria artistica toscana","breadcrumb":{"@id":"https:\/\/socialdesignmagazine.com\/mag\/design\/scenari-di-innovazione-8-international-design-competition\/#breadcrumb"},"inLanguage":"it-IT","potentialAction":[{"@type":"ReadAction","target":["https:\/\/socialdesignmagazine.com\/mag\/design\/scenari-di-innovazione-8-international-design-competition\/"]}]},{"@type":"ImageObject","inLanguage":"it-IT","@id":"https:\/\/socialdesignmagazine.com\/mag\/design\/scenari-di-innovazione-8-international-design-competition\/#primaryimage","url":"https:\/\/socialdesignmagazine.com\/mag\/wp-content\/uploads\/2013\/02\/benedetto_scenari_di_innovazione_8_scenari_di_innovazione_8_Generale.jpg","contentUrl":"https:\/\/socialdesignmagazine.com\/mag\/wp-content\/uploads\/2013\/02\/benedetto_scenari_di_innovazione_8_scenari_di_innovazione_8_Generale.jpg","width":720,"height":1076,"caption":"scenari di innovazione 8 Generale"},{"@type":"BreadcrumbList","@id":"https:\/\/socialdesignmagazine.com\/mag\/design\/scenari-di-innovazione-8-international-design-competition\/#breadcrumb","itemListElement":[{"@type":"ListItem","position":1,"name":"Home","item":"https:\/\/socialdesignmagazine.com\/mag\/"},{"@type":"ListItem","position":2,"name":"Design","item":"https:\/\/socialdesignmagazine.com\/mag\/design\/"},{"@type":"ListItem","position":3,"name":"SCENARI DI INNOVAZIONE 8 \/ INTERNATIONAL DESIGN COMPETITION"}]},{"@type":"WebSite","@id":"https:\/\/socialdesignmagazine.com\/mag\/#website","url":"https:\/\/socialdesignmagazine.com\/mag\/","name":"Social Design Magazine","description":"Social Magazine su Design, Architettura, Arte, Grafica","publisher":{"@id":"https:\/\/socialdesignmagazine.com\/mag\/#organization"},"potentialAction":[{"@type":"SearchAction","target":{"@type":"EntryPoint","urlTemplate":"https:\/\/socialdesignmagazine.com\/mag\/?s={search_term_string}"},"query-input":{"@type":"PropertyValueSpecification","valueRequired":true,"valueName":"search_term_string"}}],"inLanguage":"it-IT"},{"@type":"Organization","@id":"https:\/\/socialdesignmagazine.com\/mag\/#organization","name":"Social Design Magazine","url":"https:\/\/socialdesignmagazine.com\/mag\/","logo":{"@type":"ImageObject","inLanguage":"it-IT","@id":"https:\/\/socialdesignmagazine.com\/mag\/#\/schema\/logo\/image\/","url":"https:\/\/socialdesignmagazine.com\/mag\/wp-content\/uploads\/2017\/01\/logo_favicon_11.png","contentUrl":"https:\/\/socialdesignmagazine.com\/mag\/wp-content\/uploads\/2017\/01\/logo_favicon_11.png","width":1024,"height":1024,"caption":"Social Design Magazine"},"image":{"@id":"https:\/\/socialdesignmagazine.com\/mag\/#\/schema\/logo\/image\/"},"sameAs":["https:\/\/www.facebook.com\/socialdesignmag","https:\/\/x.com\/socialdesignmag","http:\/\/instagram.com\/social_design_magazine\/","http:\/\/pinterest.com\/socialdesignmag\/","http:\/\/www.youtube.com\/user\/socialdesignmagazine"]},{"@type":"Person","@id":"https:\/\/socialdesignmagazine.com\/mag\/#\/schema\/person\/61e20205cc363c315e6aabd33a045846","name":"Benedetto Fiori","image":{"@type":"ImageObject","inLanguage":"it-IT","@id":"https:\/\/secure.gravatar.com\/avatar\/450a48cefa36da63d920ad70aa660bd10725b1c6093800242e5efdb397759033?s=96&d=mm&r=g","url":"https:\/\/secure.gravatar.com\/avatar\/450a48cefa36da63d920ad70aa660bd10725b1c6093800242e5efdb397759033?s=96&d=mm&r=g","contentUrl":"https:\/\/secure.gravatar.com\/avatar\/450a48cefa36da63d920ad70aa660bd10725b1c6093800242e5efdb397759033?s=96&d=mm&r=g","caption":"Benedetto Fiori"},"description":"Web | Twitter | Facebook | Shutterstock Founder &amp; Editor in Chief di Social Design Magazine. Attratto da sempre da tutto ci\u00f2 che \u00e8 creativit\u00e0, design, architettura. Dopo aver studiato Architettura all'Universit\u00e0 di Firenze, si \u00e8 impegnato in molteplici campi: comunicazione grafica, progettazione di allestimenti fieristici, brand design, Interior Design.","sameAs":["http:\/\/benedettofiori.com","https:\/\/www.facebook.com\/benedettofiori","https:\/\/x.com\/benedettofiori"],"url":"https:\/\/socialdesignmagazine.com\/mag\/author\/benedetto\/"}]}},"jetpack_featured_media_url":"https:\/\/socialdesignmagazine.com\/mag\/wp-content\/uploads\/2013\/02\/benedetto_scenari_di_innovazione_8_scenari_di_innovazione_8_Generale.jpg","jetpack_sharing_enabled":true,"jetpack_shortlink":"https:\/\/wp.me\/p6cV7V-uE","gt_translate_keys":[{"key":"link","format":"url"}],"_links":{"self":[{"href":"https:\/\/socialdesignmagazine.com\/mag\/wp-json\/wp\/v2\/posts\/1900","targetHints":{"allow":["GET"]}}],"collection":[{"href":"https:\/\/socialdesignmagazine.com\/mag\/wp-json\/wp\/v2\/posts"}],"about":[{"href":"https:\/\/socialdesignmagazine.com\/mag\/wp-json\/wp\/v2\/types\/post"}],"author":[{"embeddable":true,"href":"https:\/\/socialdesignmagazine.com\/mag\/wp-json\/wp\/v2\/users\/1"}],"replies":[{"embeddable":true,"href":"https:\/\/socialdesignmagazine.com\/mag\/wp-json\/wp\/v2\/comments?post=1900"}],"version-history":[{"count":1,"href":"https:\/\/socialdesignmagazine.com\/mag\/wp-json\/wp\/v2\/posts\/1900\/revisions"}],"predecessor-version":[{"id":61155,"href":"https:\/\/socialdesignmagazine.com\/mag\/wp-json\/wp\/v2\/posts\/1900\/revisions\/61155"}],"wp:featuredmedia":[{"embeddable":true,"href":"https:\/\/socialdesignmagazine.com\/mag\/wp-json\/wp\/v2\/media\/11151"}],"wp:attachment":[{"href":"https:\/\/socialdesignmagazine.com\/mag\/wp-json\/wp\/v2\/media?parent=1900"}],"wp:term":[{"taxonomy":"category","embeddable":true,"href":"https:\/\/socialdesignmagazine.com\/mag\/wp-json\/wp\/v2\/categories?post=1900"},{"taxonomy":"post_tag","embeddable":true,"href":"https:\/\/socialdesignmagazine.com\/mag\/wp-json\/wp\/v2\/tags?post=1900"}],"curies":[{"name":"wp","href":"https:\/\/api.w.org\/{rel}","templated":true}]}}