{"id":1942,"date":"2013-03-10T16:00:00","date_gmt":"2013-03-10T15:00:00","guid":{"rendered":"https:\/\/socialdesignmagazine.com\/mag\/s5-architettura\/c34-architettura\/ac-ca-next-architectural-competition-rio-de-janeiro-07\/"},"modified":"2024-05-25T20:02:29","modified_gmt":"2024-05-25T18:02:29","slug":"ac-ca-next-architectural-competition-rio-de-janeiro-07","status":"publish","type":"post","link":"https:\/\/socialdesignmagazine.com\/mag\/architettura\/ac-ca-next-architectural-competition-rio-de-janeiro-07\/","title":{"rendered":"[AC-CA] next architectural competition [RIO DE JANEIRO 07]","gt_translate_keys":[{"key":"rendered","format":"text"}]},"content":{"rendered":"\n<p>Il tema del prossimo <strong>concorso di architettura<\/strong> lanciato da <strong>AC-CA Architectural Competition<\/strong> \u00e8 la progettazione di una struttura nel cuore di <strong>Rio de Janeiro<\/strong> per i mondiali di calcio del 2014, che si svolgeranno in Brasile dal 12 giugno al 13 luglio. Il titolo del concorso \u00e8 [RIO DE JANEIRO 07]\n\n\n\n<p>Rio de Janeiro \u00e8 la seconda citt\u00e0 pi\u00f9 grande del Brasile, la terza area metropolitana pi\u00f9 grande del Sud America, vanta circa 6,3 milioni di persone all&#8217;interno della citt\u00e0 vera e propria.<\/p>\n\n\n\n<p>Il 2014 FIFA World Cup, si svolger\u00e0 in Brasile dal 12 giugno al 13 luglio 2014. Questa sar\u00e0 la seconda volta che il Brasile i mondiali di calcio, la prima delle quali nel 1950, rendendo il Brasile il quinto paese ad aver ospitato la Coppa del Mondo per due volte dopo il Messico, Italia, Francia e Germania.<\/p>\n\n\n<div class=\"wp-block-image\">\n<figure class=\"aligncenter\"><img loading=\"lazy\" decoding=\"async\" width=\"720\" height=\"291\" data-attachment-id=\"11407\" data-permalink=\"https:\/\/socialdesignmagazine.com\/mag\/architettura\/ac-ca-next-architectural-competition-rio-de-janeiro-07\/attachment\/ac-ca-rio-de-janeiro-01\/#content\" data-orig-file=\"https:\/\/socialdesignmagazine.com\/mag\/wp-content\/uploads\/2013\/03\/benedetto_ac-ca_rio_de_janeiro_07_AC-CA_Rio_de_janeiro_01.jpg\" data-orig-size=\"720,291\" data-comments-opened=\"1\" data-image-meta=\"{&quot;aperture&quot;:&quot;0&quot;,&quot;credit&quot;:&quot;&quot;,&quot;camera&quot;:&quot;&quot;,&quot;caption&quot;:&quot;&quot;,&quot;created_timestamp&quot;:&quot;0&quot;,&quot;copyright&quot;:&quot;&quot;,&quot;focal_length&quot;:&quot;0&quot;,&quot;iso&quot;:&quot;0&quot;,&quot;shutter_speed&quot;:&quot;0&quot;,&quot;title&quot;:&quot;&quot;,&quot;orientation&quot;:&quot;0&quot;}\" data-image-title=\"AC-CA Rio de janeiro 01\" data-image-description=\"\" data-image-caption=\"\" data-medium-file=\"https:\/\/socialdesignmagazine.com\/mag\/wp-content\/uploads\/2013\/03\/benedetto_ac-ca_rio_de_janeiro_07_AC-CA_Rio_de_janeiro_01-396x256.jpg\" data-large-file=\"https:\/\/socialdesignmagazine.com\/mag\/wp-content\/uploads\/2013\/03\/benedetto_ac-ca_rio_de_janeiro_07_AC-CA_Rio_de_janeiro_01.jpg\" src=\"https:\/\/socialdesignmagazine.com\/mag\/wp-content\/uploads\/2013\/03\/benedetto_ac-ca_rio_de_janeiro_07_AC-CA_Rio_de_janeiro_01.jpg\" alt=\"AC-CA Rio de janeiro 01\" class=\"wp-image-11407\"\/><\/figure>\n<\/div>\n\n\n<p>Scopo di questo concorso<br>Lo scopo di questo concorso internazionale \u00e8 quello di progettare una struttura free standing nel cuore di Rio de Janeiro durante la FIFA World Cup 2014. Il progetto dovrebbe creare uno spazio sociale che dovr\u00e0 comprendere un maxi schermo, uno spazio d&#8217;informazione, un caff\u00e8, ecc ..<\/p>\n\n\n\n<p>Si tratta di un concorso a singolo stadio con l&#8217;obiettivo di identificare la proposta pi\u00f9 appropriata, che soddisfi al meglio gli obiettivi generali e specifici del concorso.<\/p>\n\n\n\n<p>sono ammessi a partecipare<br>Architetti, Laureati in Architettura, ingegneri e studenti. Sono inoltre invitati a partecipare al Concorso Team interdisciplinari.<br>Si pu\u00f2 partecipare singolarmente o in gruppo fino a 4 membri e non vi \u00e8 alcun limite di et\u00e0.<\/p>\n\n\n\n<p><strong>PREMI<\/strong><br>Partecipanti vincitori riceveranno premi per un totale di US $ 6.000 con la distribuzione nel modo seguente:<\/p>\n\n\n\n<p>1 \u00b0 PREMIO: US $ 3,500<br>2 \u00b0 PREMIO: US $ 1.700<br>3 \u00b0 PREMIO: US $ 800<br>Ci saranno anche sette menzioni d&#8217;onore.<\/p>\n\n\n\n<p>Nota: Si tratta di un concorso internazionale organizzato dal [AC-CA] per generare idee progressiste di design contemporaneo.<br>Non ci sono piani per la costruzione della struttura.<\/p>\n\n\n\n<p>Per ulteriori informazioni visitare il sito web del concorso: www.ac-ca.org<\/p>\n\n\n<div class=\"wp-block-image\">\n<figure class=\"aligncenter\"><img loading=\"lazy\" decoding=\"async\" width=\"720\" height=\"291\" data-attachment-id=\"11408\" data-permalink=\"https:\/\/socialdesignmagazine.com\/mag\/architettura\/ac-ca-next-architectural-competition-rio-de-janeiro-07\/attachment\/ac-ca-rio-de-janeiro-02\/#content\" data-orig-file=\"https:\/\/socialdesignmagazine.com\/mag\/wp-content\/uploads\/2013\/03\/benedetto_ac-ca_rio_de_janeiro_07_AC-CA_Rio_de_janeiro_02.jpg\" data-orig-size=\"720,291\" data-comments-opened=\"1\" data-image-meta=\"{&quot;aperture&quot;:&quot;0&quot;,&quot;credit&quot;:&quot;&quot;,&quot;camera&quot;:&quot;&quot;,&quot;caption&quot;:&quot;&quot;,&quot;created_timestamp&quot;:&quot;0&quot;,&quot;copyright&quot;:&quot;&quot;,&quot;focal_length&quot;:&quot;0&quot;,&quot;iso&quot;:&quot;0&quot;,&quot;shutter_speed&quot;:&quot;0&quot;,&quot;title&quot;:&quot;&quot;,&quot;orientation&quot;:&quot;0&quot;}\" data-image-title=\"AC-CA Rio de janeiro 02\" data-image-description=\"\" data-image-caption=\"\" data-medium-file=\"https:\/\/socialdesignmagazine.com\/mag\/wp-content\/uploads\/2013\/03\/benedetto_ac-ca_rio_de_janeiro_07_AC-CA_Rio_de_janeiro_02-396x256.jpg\" data-large-file=\"https:\/\/socialdesignmagazine.com\/mag\/wp-content\/uploads\/2013\/03\/benedetto_ac-ca_rio_de_janeiro_07_AC-CA_Rio_de_janeiro_02.jpg\" src=\"https:\/\/socialdesignmagazine.com\/mag\/wp-content\/uploads\/2013\/03\/benedetto_ac-ca_rio_de_janeiro_07_AC-CA_Rio_de_janeiro_02.jpg\" alt=\"AC-CA Rio de janeiro 02\" class=\"wp-image-11408\"\/><\/figure>\n<\/div>\n\n<div class=\"wp-block-image\">\n<figure class=\"aligncenter\"><img loading=\"lazy\" decoding=\"async\" width=\"720\" height=\"291\" data-attachment-id=\"11409\" data-permalink=\"https:\/\/socialdesignmagazine.com\/mag\/architettura\/ac-ca-next-architectural-competition-rio-de-janeiro-07\/attachment\/ac-ca-rio-de-janeiro-04\/#content\" data-orig-file=\"https:\/\/socialdesignmagazine.com\/mag\/wp-content\/uploads\/2013\/03\/benedetto_ac-ca_rio_de_janeiro_07_AC-CA_Rio_de_janeiro_04.jpg\" data-orig-size=\"720,291\" data-comments-opened=\"1\" data-image-meta=\"{&quot;aperture&quot;:&quot;0&quot;,&quot;credit&quot;:&quot;&quot;,&quot;camera&quot;:&quot;&quot;,&quot;caption&quot;:&quot;&quot;,&quot;created_timestamp&quot;:&quot;0&quot;,&quot;copyright&quot;:&quot;&quot;,&quot;focal_length&quot;:&quot;0&quot;,&quot;iso&quot;:&quot;0&quot;,&quot;shutter_speed&quot;:&quot;0&quot;,&quot;title&quot;:&quot;&quot;,&quot;orientation&quot;:&quot;0&quot;}\" data-image-title=\"AC-CA Rio de janeiro 04\" data-image-description=\"\" data-image-caption=\"\" data-medium-file=\"https:\/\/socialdesignmagazine.com\/mag\/wp-content\/uploads\/2013\/03\/benedetto_ac-ca_rio_de_janeiro_07_AC-CA_Rio_de_janeiro_04-396x256.jpg\" data-large-file=\"https:\/\/socialdesignmagazine.com\/mag\/wp-content\/uploads\/2013\/03\/benedetto_ac-ca_rio_de_janeiro_07_AC-CA_Rio_de_janeiro_04.jpg\" src=\"https:\/\/socialdesignmagazine.com\/mag\/wp-content\/uploads\/2013\/03\/benedetto_ac-ca_rio_de_janeiro_07_AC-CA_Rio_de_janeiro_04.jpg\" alt=\"AC-CA Rio de janeiro 04\" class=\"wp-image-11409\"\/><\/figure>\n<\/div>\n\n<div class=\"wp-block-image\">\n<figure class=\"aligncenter\"><img loading=\"lazy\" decoding=\"async\" width=\"720\" height=\"480\" data-attachment-id=\"11410\" data-permalink=\"https:\/\/socialdesignmagazine.com\/mag\/architettura\/ac-ca-next-architectural-competition-rio-de-janeiro-07\/attachment\/ac-ca-rio-de-janeiro-flyer\/#content\" data-orig-file=\"https:\/\/socialdesignmagazine.com\/mag\/wp-content\/uploads\/2013\/03\/benedetto_ac-ca_rio_de_janeiro_07_AC-CA_Rio_de_janeiro_flyer.jpg\" data-orig-size=\"720,480\" data-comments-opened=\"1\" data-image-meta=\"{&quot;aperture&quot;:&quot;0&quot;,&quot;credit&quot;:&quot;&quot;,&quot;camera&quot;:&quot;&quot;,&quot;caption&quot;:&quot;&quot;,&quot;created_timestamp&quot;:&quot;0&quot;,&quot;copyright&quot;:&quot;&quot;,&quot;focal_length&quot;:&quot;0&quot;,&quot;iso&quot;:&quot;0&quot;,&quot;shutter_speed&quot;:&quot;0&quot;,&quot;title&quot;:&quot;&quot;,&quot;orientation&quot;:&quot;0&quot;}\" data-image-title=\"AC-CA Rio de janeiro flyer\" data-image-description=\"\" data-image-caption=\"\" data-medium-file=\"https:\/\/socialdesignmagazine.com\/mag\/wp-content\/uploads\/2013\/03\/benedetto_ac-ca_rio_de_janeiro_07_AC-CA_Rio_de_janeiro_flyer-396x256.jpg\" data-large-file=\"https:\/\/socialdesignmagazine.com\/mag\/wp-content\/uploads\/2013\/03\/benedetto_ac-ca_rio_de_janeiro_07_AC-CA_Rio_de_janeiro_flyer.jpg\" src=\"https:\/\/socialdesignmagazine.com\/mag\/wp-content\/uploads\/2013\/03\/benedetto_ac-ca_rio_de_janeiro_07_AC-CA_Rio_de_janeiro_flyer.jpg\" alt=\"AC-CA Rio de janeiro flyer\" class=\"wp-image-11410\" srcset=\"https:\/\/socialdesignmagazine.com\/mag\/wp-content\/uploads\/2013\/03\/benedetto_ac-ca_rio_de_janeiro_07_AC-CA_Rio_de_janeiro_flyer.jpg 720w, https:\/\/socialdesignmagazine.com\/mag\/wp-content\/uploads\/2013\/03\/benedetto_ac-ca_rio_de_janeiro_07_AC-CA_Rio_de_janeiro_flyer-100x66.jpg 100w\" sizes=\"auto, (max-width: 720px) 100vw, 720px\" \/><\/figure>\n<\/div>","protected":false,"gt_translate_keys":[{"key":"rendered","format":"html"}]},"excerpt":{"rendered":"<p>Il tema del prossimo concorso di architettura lanciato da AC-CA Architectural Competition \u00e8 la progettazione di una struttura nel cuore di Rio de Janeiro per i mondiali di calcio del 2014, che si svolgeranno in Brasile dal 12 giugno al 13 luglio. <\/p>\n","protected":false,"gt_translate_keys":[{"key":"rendered","format":"html"}]},"author":1,"featured_media":11406,"comment_status":"open","ping_status":"open","sticky":false,"template":"","format":"standard","meta":{"jetpack_post_was_ever_published":false,"_jetpack_newsletter_access":"","_jetpack_dont_email_post_to_subs":false,"_jetpack_newsletter_tier_id":0,"_jetpack_memberships_contains_paywalled_content":false,"_jetpack_memberships_contains_paid_content":false,"footnotes":"","_wpscppro_dont_share_socialmedia":false,"_wpscppro_custom_social_share_image":0,"_facebook_share_type":"","_twitter_share_type":"","_linkedin_share_type":"","_pinterest_share_type":"","_linkedin_share_type_page":"","_instagram_share_type":"","_medium_share_type":"","_threads_share_type":"","_google_business_share_type":"","_selected_social_profile":[],"_wpsp_enable_custom_social_template":false,"_wpsp_social_scheduling":{"enabled":false,"datetime":null,"platforms":[],"status":"template_only","dateOption":"today","timeOption":"now","customDays":"","customHours":"","customDate":"","customTime":"","schedulingType":"absolute"},"_wpsp_active_default_template":true},"categories":[15],"tags":[2450,2453,2452,738,2451,1552],"class_list":["post-1942","post","type-post","status-publish","format-standard","has-post-thumbnail","hentry","category-architettura","tag-ac-ca","tag-ac-ca-architectural-competition","tag-architectural-competition","tag-concorso","tag-concorso-di-architettura","tag-contest"],"yoast_head":"<!-- This site is optimized with the Yoast SEO plugin v27.2 - https:\/\/yoast.com\/product\/yoast-seo-wordpress\/ -->\n<title>[AC-CA] next architectural competition [RIO DE JANEIRO 07] - Social Design Magazine<\/title>\n<meta name=\"description\" content=\"Il tema del prossimo concorso di architettura lanciato da AC-CA Architectural Competition \u00e8 la progettazione di una struttura nel cuore di Rio de Janeiro per i mondiali di calcio del 2014, che si svolgeranno in Brasile dal 12 giugno al 13 luglio.\" \/>\n<meta name=\"robots\" content=\"index, follow, max-snippet:-1, max-image-preview:large, max-video-preview:-1\" \/>\n<link rel=\"canonical\" href=\"https:\/\/socialdesignmagazine.com\/mag\/architettura\/ac-ca-next-architectural-competition-rio-de-janeiro-07\/\" \/>\n<meta property=\"og:locale\" content=\"it_IT\" \/>\n<meta property=\"og:type\" content=\"article\" \/>\n<meta property=\"og:title\" content=\"[AC-CA] next architectural competition [RIO DE JANEIRO 07] - Social Design Magazine\" \/>\n<meta property=\"og:description\" content=\"Il tema del prossimo concorso di architettura lanciato da AC-CA Architectural Competition \u00e8 la progettazione di una struttura nel cuore di Rio de Janeiro per i mondiali di calcio del 2014, che si svolgeranno in Brasile dal 12 giugno al 13 luglio.\" \/>\n<meta property=\"og:url\" content=\"http:\/\/socialdesignmagazine.com\/mag\/architettura\/ac-ca-next-architectural-competition-rio-de-janeiro-07\/\" \/>\n<meta property=\"og:site_name\" content=\"Social Design Magazine\" \/>\n<meta property=\"article:publisher\" content=\"https:\/\/www.facebook.com\/socialdesignmag\" \/>\n<meta property=\"article:author\" content=\"https:\/\/www.facebook.com\/benedettofiori\" \/>\n<meta property=\"article:published_time\" content=\"2013-03-10T15:00:00+00:00\" \/>\n<meta property=\"article:modified_time\" content=\"2024-05-25T18:02:29+00:00\" \/>\n<meta property=\"og:image\" content=\"https:\/\/socialdesignmagazine.com\/mag\/wp-content\/uploads\/2013\/03\/benedetto_ac-ca_rio_de_janeiro_07_AC-CA_Rio_de_janeiro_03.jpg\" \/>\n\t<meta property=\"og:image:width\" content=\"720\" \/>\n\t<meta property=\"og:image:height\" content=\"291\" \/>\n\t<meta property=\"og:image:type\" content=\"image\/jpeg\" \/>\n<meta name=\"author\" content=\"Benedetto Fiori\" \/>\n<meta name=\"twitter:card\" content=\"summary_large_image\" \/>\n<meta name=\"twitter:creator\" content=\"@benedettofiori\" \/>\n<meta name=\"twitter:site\" content=\"@socialdesignmag\" \/>\n<meta name=\"twitter:label1\" content=\"Scritto da\" \/>\n\t<meta name=\"twitter:data1\" content=\"Benedetto Fiori\" \/>\n\t<meta name=\"twitter:label2\" content=\"Tempo di lettura stimato\" \/>\n\t<meta name=\"twitter:data2\" content=\"3 minuti\" \/>\n<script type=\"application\/ld+json\" class=\"yoast-schema-graph\">{\"@context\":\"https:\/\/schema.org\",\"@graph\":[{\"@type\":\"Article\",\"@id\":\"https:\/\/socialdesignmagazine.com\/mag\/architettura\/ac-ca-next-architectural-competition-rio-de-janeiro-07\/#article\",\"isPartOf\":{\"@id\":\"https:\/\/socialdesignmagazine.com\/mag\/architettura\/ac-ca-next-architectural-competition-rio-de-janeiro-07\/\"},\"author\":{\"name\":\"Benedetto Fiori\",\"@id\":\"https:\/\/socialdesignmagazine.com\/mag\/#\/schema\/person\/61e20205cc363c315e6aabd33a045846\"},\"headline\":\"[AC-CA] next architectural competition [RIO DE JANEIRO 07]\",\"datePublished\":\"2013-03-10T15:00:00+00:00\",\"dateModified\":\"2024-05-25T18:02:29+00:00\",\"mainEntityOfPage\":{\"@id\":\"https:\/\/socialdesignmagazine.com\/mag\/architettura\/ac-ca-next-architectural-competition-rio-de-janeiro-07\/\"},\"wordCount\":313,\"commentCount\":0,\"publisher\":{\"@id\":\"https:\/\/socialdesignmagazine.com\/mag\/#organization\"},\"image\":{\"@id\":\"https:\/\/socialdesignmagazine.com\/mag\/architettura\/ac-ca-next-architectural-competition-rio-de-janeiro-07\/#primaryimage\"},\"thumbnailUrl\":\"https:\/\/socialdesignmagazine.com\/mag\/wp-content\/uploads\/2013\/03\/benedetto_ac-ca_rio_de_janeiro_07_AC-CA_Rio_de_janeiro_03.jpg\",\"keywords\":[\"ac ca\",\"ac ca architectural competition\",\"architectural competition\",\"concorso\",\"concorso di architettura\",\"contest\"],\"articleSection\":[\"Architettura\"],\"inLanguage\":\"it-IT\",\"potentialAction\":[{\"@type\":\"CommentAction\",\"name\":\"Comment\",\"target\":[\"https:\/\/socialdesignmagazine.com\/mag\/architettura\/ac-ca-next-architectural-competition-rio-de-janeiro-07\/#respond\"]}]},{\"@type\":\"WebPage\",\"@id\":\"https:\/\/socialdesignmagazine.com\/mag\/architettura\/ac-ca-next-architectural-competition-rio-de-janeiro-07\/\",\"url\":\"https:\/\/socialdesignmagazine.com\/mag\/architettura\/ac-ca-next-architectural-competition-rio-de-janeiro-07\/\",\"name\":\"[AC-CA] next architectural competition [RIO DE JANEIRO 07] - Social Design Magazine\",\"isPartOf\":{\"@id\":\"https:\/\/socialdesignmagazine.com\/mag\/#website\"},\"primaryImageOfPage\":{\"@id\":\"https:\/\/socialdesignmagazine.com\/mag\/architettura\/ac-ca-next-architectural-competition-rio-de-janeiro-07\/#primaryimage\"},\"image\":{\"@id\":\"https:\/\/socialdesignmagazine.com\/mag\/architettura\/ac-ca-next-architectural-competition-rio-de-janeiro-07\/#primaryimage\"},\"thumbnailUrl\":\"https:\/\/socialdesignmagazine.com\/mag\/wp-content\/uploads\/2013\/03\/benedetto_ac-ca_rio_de_janeiro_07_AC-CA_Rio_de_janeiro_03.jpg\",\"datePublished\":\"2013-03-10T15:00:00+00:00\",\"dateModified\":\"2024-05-25T18:02:29+00:00\",\"description\":\"Il tema del prossimo concorso di architettura lanciato da AC-CA Architectural Competition \u00e8 la progettazione di una struttura nel cuore di Rio de Janeiro per i mondiali di calcio del 2014, che si svolgeranno in Brasile dal 12 giugno al 13 luglio.\",\"breadcrumb\":{\"@id\":\"https:\/\/socialdesignmagazine.com\/mag\/architettura\/ac-ca-next-architectural-competition-rio-de-janeiro-07\/#breadcrumb\"},\"inLanguage\":\"it-IT\",\"potentialAction\":[{\"@type\":\"ReadAction\",\"target\":[\"https:\/\/socialdesignmagazine.com\/mag\/architettura\/ac-ca-next-architectural-competition-rio-de-janeiro-07\/\"]}]},{\"@type\":\"ImageObject\",\"inLanguage\":\"it-IT\",\"@id\":\"https:\/\/socialdesignmagazine.com\/mag\/architettura\/ac-ca-next-architectural-competition-rio-de-janeiro-07\/#primaryimage\",\"url\":\"https:\/\/socialdesignmagazine.com\/mag\/wp-content\/uploads\/2013\/03\/benedetto_ac-ca_rio_de_janeiro_07_AC-CA_Rio_de_janeiro_03.jpg\",\"contentUrl\":\"https:\/\/socialdesignmagazine.com\/mag\/wp-content\/uploads\/2013\/03\/benedetto_ac-ca_rio_de_janeiro_07_AC-CA_Rio_de_janeiro_03.jpg\",\"width\":720,\"height\":291,\"caption\":\"AC-CA Rio de janeiro 03\"},{\"@type\":\"BreadcrumbList\",\"@id\":\"https:\/\/socialdesignmagazine.com\/mag\/architettura\/ac-ca-next-architectural-competition-rio-de-janeiro-07\/#breadcrumb\",\"itemListElement\":[{\"@type\":\"ListItem\",\"position\":1,\"name\":\"Home\",\"item\":\"https:\/\/socialdesignmagazine.com\/mag\/\"},{\"@type\":\"ListItem\",\"position\":2,\"name\":\"Architettura\",\"item\":\"https:\/\/socialdesignmagazine.com\/mag\/architettura\/\"},{\"@type\":\"ListItem\",\"position\":3,\"name\":\"[AC-CA] next architectural competition [RIO DE JANEIRO 07]\"}]},{\"@type\":\"WebSite\",\"@id\":\"https:\/\/socialdesignmagazine.com\/mag\/#website\",\"url\":\"https:\/\/socialdesignmagazine.com\/mag\/\",\"name\":\"Social Design Magazine\",\"description\":\"Social Magazine su Design, Architettura, Arte, Grafica\",\"publisher\":{\"@id\":\"https:\/\/socialdesignmagazine.com\/mag\/#organization\"},\"potentialAction\":[{\"@type\":\"SearchAction\",\"target\":{\"@type\":\"EntryPoint\",\"urlTemplate\":\"https:\/\/socialdesignmagazine.com\/mag\/?s={search_term_string}\"},\"query-input\":{\"@type\":\"PropertyValueSpecification\",\"valueRequired\":true,\"valueName\":\"search_term_string\"}}],\"inLanguage\":\"it-IT\"},{\"@type\":\"Organization\",\"@id\":\"https:\/\/socialdesignmagazine.com\/mag\/#organization\",\"name\":\"Social Design Magazine\",\"url\":\"https:\/\/socialdesignmagazine.com\/mag\/\",\"logo\":{\"@type\":\"ImageObject\",\"inLanguage\":\"it-IT\",\"@id\":\"https:\/\/socialdesignmagazine.com\/mag\/#\/schema\/logo\/image\/\",\"url\":\"https:\/\/socialdesignmagazine.com\/mag\/wp-content\/uploads\/2017\/01\/logo_favicon_11.png\",\"contentUrl\":\"https:\/\/socialdesignmagazine.com\/mag\/wp-content\/uploads\/2017\/01\/logo_favicon_11.png\",\"width\":1024,\"height\":1024,\"caption\":\"Social Design Magazine\"},\"image\":{\"@id\":\"https:\/\/socialdesignmagazine.com\/mag\/#\/schema\/logo\/image\/\"},\"sameAs\":[\"https:\/\/www.facebook.com\/socialdesignmag\",\"https:\/\/x.com\/socialdesignmag\",\"http:\/\/instagram.com\/social_design_magazine\/\",\"http:\/\/pinterest.com\/socialdesignmag\/\",\"http:\/\/www.youtube.com\/user\/socialdesignmagazine\"]},{\"@type\":\"Person\",\"@id\":\"https:\/\/socialdesignmagazine.com\/mag\/#\/schema\/person\/61e20205cc363c315e6aabd33a045846\",\"name\":\"Benedetto Fiori\",\"image\":{\"@type\":\"ImageObject\",\"inLanguage\":\"it-IT\",\"@id\":\"https:\/\/secure.gravatar.com\/avatar\/450a48cefa36da63d920ad70aa660bd10725b1c6093800242e5efdb397759033?s=96&d=mm&r=g\",\"url\":\"https:\/\/secure.gravatar.com\/avatar\/450a48cefa36da63d920ad70aa660bd10725b1c6093800242e5efdb397759033?s=96&d=mm&r=g\",\"contentUrl\":\"https:\/\/secure.gravatar.com\/avatar\/450a48cefa36da63d920ad70aa660bd10725b1c6093800242e5efdb397759033?s=96&d=mm&r=g\",\"caption\":\"Benedetto Fiori\"},\"description\":\"Web | Twitter | Facebook | Shutterstock Founder &amp; Editor in Chief di Social Design Magazine. Attratto da sempre da tutto ci\u00f2 che \u00e8 creativit\u00e0, design, architettura. Dopo aver studiato Architettura all'Universit\u00e0 di Firenze, si \u00e8 impegnato in molteplici campi: comunicazione grafica, progettazione di allestimenti fieristici, brand design, Interior Design.\",\"sameAs\":[\"http:\/\/benedettofiori.com\",\"https:\/\/www.facebook.com\/benedettofiori\",\"https:\/\/x.com\/benedettofiori\"],\"url\":\"https:\/\/socialdesignmagazine.com\/mag\/author\/benedetto\/\"}]}<\/script>\n<!-- \/ Yoast SEO plugin. -->","yoast_head_json":{"title":"[AC-CA] next architectural competition [RIO DE JANEIRO 07] - Social Design Magazine","description":"Il tema del prossimo concorso di architettura lanciato da AC-CA Architectural Competition \u00e8 la progettazione di una struttura nel cuore di Rio de Janeiro per i mondiali di calcio del 2014, che si svolgeranno in Brasile dal 12 giugno al 13 luglio.","robots":{"index":"index","follow":"follow","max-snippet":"max-snippet:-1","max-image-preview":"max-image-preview:large","max-video-preview":"max-video-preview:-1"},"canonical":"https:\/\/socialdesignmagazine.com\/mag\/architettura\/ac-ca-next-architectural-competition-rio-de-janeiro-07\/","og_locale":"it_IT","og_type":"article","og_title":"[AC-CA] next architectural competition [RIO DE JANEIRO 07] - Social Design Magazine","og_description":"Il tema del prossimo concorso di architettura lanciato da AC-CA Architectural Competition \u00e8 la progettazione di una struttura nel cuore di Rio de Janeiro per i mondiali di calcio del 2014, che si svolgeranno in Brasile dal 12 giugno al 13 luglio.","og_url":"http:\/\/socialdesignmagazine.com\/mag\/architettura\/ac-ca-next-architectural-competition-rio-de-janeiro-07\/","og_site_name":"Social Design Magazine","article_publisher":"https:\/\/www.facebook.com\/socialdesignmag","article_author":"https:\/\/www.facebook.com\/benedettofiori","article_published_time":"2013-03-10T15:00:00+00:00","article_modified_time":"2024-05-25T18:02:29+00:00","og_image":[{"width":720,"height":291,"url":"https:\/\/socialdesignmagazine.com\/mag\/wp-content\/uploads\/2013\/03\/benedetto_ac-ca_rio_de_janeiro_07_AC-CA_Rio_de_janeiro_03.jpg","type":"image\/jpeg"}],"author":"Benedetto Fiori","twitter_card":"summary_large_image","twitter_creator":"@benedettofiori","twitter_site":"@socialdesignmag","twitter_misc":{"Scritto da":"Benedetto Fiori","Tempo di lettura stimato":"3 minuti"},"schema":{"@context":"https:\/\/schema.org","@graph":[{"@type":"Article","@id":"https:\/\/socialdesignmagazine.com\/mag\/architettura\/ac-ca-next-architectural-competition-rio-de-janeiro-07\/#article","isPartOf":{"@id":"https:\/\/socialdesignmagazine.com\/mag\/architettura\/ac-ca-next-architectural-competition-rio-de-janeiro-07\/"},"author":{"name":"Benedetto Fiori","@id":"https:\/\/socialdesignmagazine.com\/mag\/#\/schema\/person\/61e20205cc363c315e6aabd33a045846"},"headline":"[AC-CA] next architectural competition [RIO DE JANEIRO 07]","datePublished":"2013-03-10T15:00:00+00:00","dateModified":"2024-05-25T18:02:29+00:00","mainEntityOfPage":{"@id":"https:\/\/socialdesignmagazine.com\/mag\/architettura\/ac-ca-next-architectural-competition-rio-de-janeiro-07\/"},"wordCount":313,"commentCount":0,"publisher":{"@id":"https:\/\/socialdesignmagazine.com\/mag\/#organization"},"image":{"@id":"https:\/\/socialdesignmagazine.com\/mag\/architettura\/ac-ca-next-architectural-competition-rio-de-janeiro-07\/#primaryimage"},"thumbnailUrl":"https:\/\/socialdesignmagazine.com\/mag\/wp-content\/uploads\/2013\/03\/benedetto_ac-ca_rio_de_janeiro_07_AC-CA_Rio_de_janeiro_03.jpg","keywords":["ac ca","ac ca architectural competition","architectural competition","concorso","concorso di architettura","contest"],"articleSection":["Architettura"],"inLanguage":"it-IT","potentialAction":[{"@type":"CommentAction","name":"Comment","target":["https:\/\/socialdesignmagazine.com\/mag\/architettura\/ac-ca-next-architectural-competition-rio-de-janeiro-07\/#respond"]}]},{"@type":"WebPage","@id":"https:\/\/socialdesignmagazine.com\/mag\/architettura\/ac-ca-next-architectural-competition-rio-de-janeiro-07\/","url":"https:\/\/socialdesignmagazine.com\/mag\/architettura\/ac-ca-next-architectural-competition-rio-de-janeiro-07\/","name":"[AC-CA] next architectural competition [RIO DE JANEIRO 07] - Social Design Magazine","isPartOf":{"@id":"https:\/\/socialdesignmagazine.com\/mag\/#website"},"primaryImageOfPage":{"@id":"https:\/\/socialdesignmagazine.com\/mag\/architettura\/ac-ca-next-architectural-competition-rio-de-janeiro-07\/#primaryimage"},"image":{"@id":"https:\/\/socialdesignmagazine.com\/mag\/architettura\/ac-ca-next-architectural-competition-rio-de-janeiro-07\/#primaryimage"},"thumbnailUrl":"https:\/\/socialdesignmagazine.com\/mag\/wp-content\/uploads\/2013\/03\/benedetto_ac-ca_rio_de_janeiro_07_AC-CA_Rio_de_janeiro_03.jpg","datePublished":"2013-03-10T15:00:00+00:00","dateModified":"2024-05-25T18:02:29+00:00","description":"Il tema del prossimo concorso di architettura lanciato da AC-CA Architectural Competition \u00e8 la progettazione di una struttura nel cuore di Rio de Janeiro per i mondiali di calcio del 2014, che si svolgeranno in Brasile dal 12 giugno al 13 luglio.","breadcrumb":{"@id":"https:\/\/socialdesignmagazine.com\/mag\/architettura\/ac-ca-next-architectural-competition-rio-de-janeiro-07\/#breadcrumb"},"inLanguage":"it-IT","potentialAction":[{"@type":"ReadAction","target":["https:\/\/socialdesignmagazine.com\/mag\/architettura\/ac-ca-next-architectural-competition-rio-de-janeiro-07\/"]}]},{"@type":"ImageObject","inLanguage":"it-IT","@id":"https:\/\/socialdesignmagazine.com\/mag\/architettura\/ac-ca-next-architectural-competition-rio-de-janeiro-07\/#primaryimage","url":"https:\/\/socialdesignmagazine.com\/mag\/wp-content\/uploads\/2013\/03\/benedetto_ac-ca_rio_de_janeiro_07_AC-CA_Rio_de_janeiro_03.jpg","contentUrl":"https:\/\/socialdesignmagazine.com\/mag\/wp-content\/uploads\/2013\/03\/benedetto_ac-ca_rio_de_janeiro_07_AC-CA_Rio_de_janeiro_03.jpg","width":720,"height":291,"caption":"AC-CA Rio de janeiro 03"},{"@type":"BreadcrumbList","@id":"https:\/\/socialdesignmagazine.com\/mag\/architettura\/ac-ca-next-architectural-competition-rio-de-janeiro-07\/#breadcrumb","itemListElement":[{"@type":"ListItem","position":1,"name":"Home","item":"https:\/\/socialdesignmagazine.com\/mag\/"},{"@type":"ListItem","position":2,"name":"Architettura","item":"https:\/\/socialdesignmagazine.com\/mag\/architettura\/"},{"@type":"ListItem","position":3,"name":"[AC-CA] next architectural competition [RIO DE JANEIRO 07]"}]},{"@type":"WebSite","@id":"https:\/\/socialdesignmagazine.com\/mag\/#website","url":"https:\/\/socialdesignmagazine.com\/mag\/","name":"Social Design Magazine","description":"Social Magazine su Design, Architettura, Arte, Grafica","publisher":{"@id":"https:\/\/socialdesignmagazine.com\/mag\/#organization"},"potentialAction":[{"@type":"SearchAction","target":{"@type":"EntryPoint","urlTemplate":"https:\/\/socialdesignmagazine.com\/mag\/?s={search_term_string}"},"query-input":{"@type":"PropertyValueSpecification","valueRequired":true,"valueName":"search_term_string"}}],"inLanguage":"it-IT"},{"@type":"Organization","@id":"https:\/\/socialdesignmagazine.com\/mag\/#organization","name":"Social Design Magazine","url":"https:\/\/socialdesignmagazine.com\/mag\/","logo":{"@type":"ImageObject","inLanguage":"it-IT","@id":"https:\/\/socialdesignmagazine.com\/mag\/#\/schema\/logo\/image\/","url":"https:\/\/socialdesignmagazine.com\/mag\/wp-content\/uploads\/2017\/01\/logo_favicon_11.png","contentUrl":"https:\/\/socialdesignmagazine.com\/mag\/wp-content\/uploads\/2017\/01\/logo_favicon_11.png","width":1024,"height":1024,"caption":"Social Design Magazine"},"image":{"@id":"https:\/\/socialdesignmagazine.com\/mag\/#\/schema\/logo\/image\/"},"sameAs":["https:\/\/www.facebook.com\/socialdesignmag","https:\/\/x.com\/socialdesignmag","http:\/\/instagram.com\/social_design_magazine\/","http:\/\/pinterest.com\/socialdesignmag\/","http:\/\/www.youtube.com\/user\/socialdesignmagazine"]},{"@type":"Person","@id":"https:\/\/socialdesignmagazine.com\/mag\/#\/schema\/person\/61e20205cc363c315e6aabd33a045846","name":"Benedetto Fiori","image":{"@type":"ImageObject","inLanguage":"it-IT","@id":"https:\/\/secure.gravatar.com\/avatar\/450a48cefa36da63d920ad70aa660bd10725b1c6093800242e5efdb397759033?s=96&d=mm&r=g","url":"https:\/\/secure.gravatar.com\/avatar\/450a48cefa36da63d920ad70aa660bd10725b1c6093800242e5efdb397759033?s=96&d=mm&r=g","contentUrl":"https:\/\/secure.gravatar.com\/avatar\/450a48cefa36da63d920ad70aa660bd10725b1c6093800242e5efdb397759033?s=96&d=mm&r=g","caption":"Benedetto Fiori"},"description":"Web | Twitter | Facebook | Shutterstock Founder &amp; Editor in Chief di Social Design Magazine. Attratto da sempre da tutto ci\u00f2 che \u00e8 creativit\u00e0, design, architettura. Dopo aver studiato Architettura all'Universit\u00e0 di Firenze, si \u00e8 impegnato in molteplici campi: comunicazione grafica, progettazione di allestimenti fieristici, brand design, Interior Design.","sameAs":["http:\/\/benedettofiori.com","https:\/\/www.facebook.com\/benedettofiori","https:\/\/x.com\/benedettofiori"],"url":"https:\/\/socialdesignmagazine.com\/mag\/author\/benedetto\/"}]}},"jetpack_featured_media_url":"https:\/\/socialdesignmagazine.com\/mag\/wp-content\/uploads\/2013\/03\/benedetto_ac-ca_rio_de_janeiro_07_AC-CA_Rio_de_janeiro_03.jpg","jetpack_sharing_enabled":true,"jetpack_shortlink":"https:\/\/wp.me\/p6cV7V-vk","gt_translate_keys":[{"key":"link","format":"url"}],"_links":{"self":[{"href":"https:\/\/socialdesignmagazine.com\/mag\/wp-json\/wp\/v2\/posts\/1942","targetHints":{"allow":["GET"]}}],"collection":[{"href":"https:\/\/socialdesignmagazine.com\/mag\/wp-json\/wp\/v2\/posts"}],"about":[{"href":"https:\/\/socialdesignmagazine.com\/mag\/wp-json\/wp\/v2\/types\/post"}],"author":[{"embeddable":true,"href":"https:\/\/socialdesignmagazine.com\/mag\/wp-json\/wp\/v2\/users\/1"}],"replies":[{"embeddable":true,"href":"https:\/\/socialdesignmagazine.com\/mag\/wp-json\/wp\/v2\/comments?post=1942"}],"version-history":[{"count":1,"href":"https:\/\/socialdesignmagazine.com\/mag\/wp-json\/wp\/v2\/posts\/1942\/revisions"}],"predecessor-version":[{"id":61215,"href":"https:\/\/socialdesignmagazine.com\/mag\/wp-json\/wp\/v2\/posts\/1942\/revisions\/61215"}],"wp:featuredmedia":[{"embeddable":true,"href":"https:\/\/socialdesignmagazine.com\/mag\/wp-json\/wp\/v2\/media\/11406"}],"wp:attachment":[{"href":"https:\/\/socialdesignmagazine.com\/mag\/wp-json\/wp\/v2\/media?parent=1942"}],"wp:term":[{"taxonomy":"category","embeddable":true,"href":"https:\/\/socialdesignmagazine.com\/mag\/wp-json\/wp\/v2\/categories?post=1942"},{"taxonomy":"post_tag","embeddable":true,"href":"https:\/\/socialdesignmagazine.com\/mag\/wp-json\/wp\/v2\/tags?post=1942"}],"curies":[{"name":"wp","href":"https:\/\/api.w.org\/{rel}","templated":true}]}}