{"id":1955,"date":"2013-03-14T20:00:00","date_gmt":"2013-03-14T19:00:00","guid":{"rendered":"https:\/\/socialdesignmagazine.com\/mag\/s6-design\/c35-design\/marco-piva-installazione-per-cristalplantr-e-falper-a-superstudio-piu-fuorisalone-2013\/"},"modified":"2024-05-27T13:43:05","modified_gmt":"2024-05-27T11:43:05","slug":"marco-piva-installazione-per-cristalplantr-e-falper-a-superstudio-piu-fuorisalone-2013","status":"publish","type":"post","link":"https:\/\/socialdesignmagazine.com\/mag\/design\/marco-piva-installazione-per-cristalplantr-e-falper-a-superstudio-piu-fuorisalone-2013\/","title":{"rendered":"Marco Piva, installazione per Cristalplant\u00ae e Falper a Superstudio Pi\u00f9, Fuorisalone 2013","gt_translate_keys":[{"key":"rendered","format":"text"}]},"content":{"rendered":"\n<p>L\u02bcinstallazione <strong>Cristalplant\u00ae<\/strong> e<strong> Falper<\/strong>: un palcoscenico elegante e contemporaneo capace di esprimere la qualit\u00e0 e lo stile che contraddistinguono le due aziende.<\/p>\n\n\n\n<p>\u00c8 ormai una tradizione quella che vede Cristalplant\u00ae fra i protagonisti del <strong>Fuori Salone<\/strong> che si svolge in occasione della <strong>Design Week<\/strong> (9\/14 aprile 2013). La cornice scelta \u00e8 sempre quella di <strong>Superstudio Pi\u00f9<\/strong> &#8211; Temporary Museum for New Design, che offre un\u02bcopportunit\u00e0 di ricerca, qualit\u00e0, innovazione come nessun altro contenitore. L\u02bcinstallazione 2013 che Cristalplant\u00ae condivider\u00e0 con Falper \u00e8 stata firmata da Marco Piva, architetto e designer di fama internazionale.<\/p>\n\n\n\n<p>La struttura dello spazio di Cristalplant\u00ae e Falper pu\u00f2 idealmente essere divisa in due parti. I visitatori saranno infatti accolti all\u02bcingresso da due monitor che raccontano le aziende, la giuria e i designers vincitori del <strong><a href=\"https:\/\/socialdesignmagazine.com\/mag\/design\/c35-design\/cristalplant-design-contest-al-via-ledizione-2013-scarica-il-bando\/\">concorso<\/a><\/strong>. Addentrandosi nell\u02bcambiente si apre un\u02bcarea dove saranno esposti i prototipi dei <strong>progetti vincitori<\/strong>, mentre alle pareti alcuni plasma presenteranno le proposte che hanno ricevuto le <strong>menzioni d\u02bconore<\/strong>. L\u02bcintero perimetro \u00e8 costituito da una serie di pannelli la cui disposizione, armonica ma non lineare, ricrea un \u201cdinamismo metropolitano\u201d. I giochi di luce e le proiezioni, che rendono lo scenario unico, accolgono i visitatori, i quali, come in un sogno, si ritroveranno protagonisti di una metropoli in continua evoluzione. Il bianco, colore del Cristalplant\u00ae, viene cos\u00ec plasmato e trasportato in un\u02bcaltra dimensione. Con questo progetto si esce dagli schemi classici, volutamente, nel desiderio di raffigurare al meglio lo spirito dei giovani designer e della loro innovazione.<\/p>\n\n\n\n<p>\u00c8 cos\u00ec che lo spazio disegnato da <a class=\"jcepopup\" href=\"http:\/\/www.studiomarcopiva.com\/\" target=\"_blank\" rel=\"nofollow noopener\"><strong>Marco Piva<\/strong><\/a> \u00e8 il palcoscenico dell\u02bceleganza e della contemporaneit\u00e0, del loro incontro per mezzo della tecnologia, che enfatizza le qualit\u00e0 estetiche del prodotto e gli stili inconfondibili di Cristalplant\u00ae e Falper. Uno spazio mutante e flessibile, che rappresenta infinite possibilit\u00e0 dinamiche: degli spazi, delle forme e, soprattutto, dei designer di domani.<\/p>\n\n\n<div class=\"wp-block-image\">\n<figure class=\"aligncenter\"><img loading=\"lazy\" decoding=\"async\" width=\"720\" height=\"405\" data-attachment-id=\"11483\" data-permalink=\"https:\/\/socialdesignmagazine.com\/mag\/design\/marco-piva-installazione-per-cristalplantr-e-falper-a-superstudio-piu-fuorisalone-2013\/attachment\/installazione-cristalplant-2\/#content\" data-orig-file=\"https:\/\/socialdesignmagazine.com\/mag\/wp-content\/uploads\/2013\/03\/benedetto_cristalplant_fuorisalone_2013_Installazione_Cristalplant_2.jpg\" data-orig-size=\"720,405\" data-comments-opened=\"1\" data-image-meta=\"{&quot;aperture&quot;:&quot;0&quot;,&quot;credit&quot;:&quot;&quot;,&quot;camera&quot;:&quot;&quot;,&quot;caption&quot;:&quot;&quot;,&quot;created_timestamp&quot;:&quot;0&quot;,&quot;copyright&quot;:&quot;&quot;,&quot;focal_length&quot;:&quot;0&quot;,&quot;iso&quot;:&quot;0&quot;,&quot;shutter_speed&quot;:&quot;0&quot;,&quot;title&quot;:&quot;&quot;,&quot;orientation&quot;:&quot;1&quot;}\" data-image-title=\"Installazione Cristalplant 2\" data-image-description=\"\" data-image-caption=\"\" data-medium-file=\"https:\/\/socialdesignmagazine.com\/mag\/wp-content\/uploads\/2013\/03\/benedetto_cristalplant_fuorisalone_2013_Installazione_Cristalplant_2-396x256.jpg\" data-large-file=\"https:\/\/socialdesignmagazine.com\/mag\/wp-content\/uploads\/2013\/03\/benedetto_cristalplant_fuorisalone_2013_Installazione_Cristalplant_2.jpg\" src=\"https:\/\/socialdesignmagazine.com\/mag\/wp-content\/uploads\/2013\/03\/benedetto_cristalplant_fuorisalone_2013_Installazione_Cristalplant_2.jpg\" alt=\"Installazione Cristalplant 2\" class=\"wp-image-11483\"\/><\/figure>\n<\/div>\n\n\n<p>L\u02bcobiettivo del \u201c<a href=\"https:\/\/socialdesignmagazine.com\/mag\/design\/c35-design\/cristalplant-design-contest-al-via-ledizione-2013-scarica-il-bando\/\"><strong>Cristalplant\u00ae Design Contest 2013<\/strong><\/a>\u201d era quello di coinvolgere i giovani designer, i quali hanno messo in gioco il loro spirito creativo per dare vita a prodotti d\u02bcavanguardia, utilizzando il Cristalplant\u00ae come materiale base di prodotti ispirati all\u02bcinconfondibile stile di Falper.<\/p>\n\n\n\n<p>I vincitori e le menzioni d\u02bconore per le due categorie proposte, ambiente bagno indoor e outdoor per il settore contract, saranno premiati, presso lo spazio Cristalplant\u00ae e Falper a Superstudio Pi\u00f9, il <strong>10 aprile 2013 alle ore 19.00<\/strong> alla presenza dei giurati e dei vertici aziendali. I progetti premiati saranno in seguito inseriti nel catalogo Falper.<\/p>\n","protected":false,"gt_translate_keys":[{"key":"rendered","format":"html"}]},"excerpt":{"rendered":"<p>L\u02bcinstallazione Cristalplant\u00ae e Falper: un palcoscenico elegante e contemporaneo capace di esprimere la qualit\u00e0 e lo stile che contraddistinguono le due aziende.<\/p>\n","protected":false,"gt_translate_keys":[{"key":"rendered","format":"html"}]},"author":1,"featured_media":11482,"comment_status":"open","ping_status":"open","sticky":false,"template":"","format":"standard","meta":{"jetpack_post_was_ever_published":false,"_jetpack_newsletter_access":"","_jetpack_dont_email_post_to_subs":false,"_jetpack_newsletter_tier_id":0,"_jetpack_memberships_contains_paywalled_content":false,"_jetpack_memberships_contains_paid_content":false,"footnotes":"","_wpscppro_dont_share_socialmedia":false,"_wpscppro_custom_social_share_image":0,"_facebook_share_type":"","_twitter_share_type":"","_linkedin_share_type":"","_pinterest_share_type":"","_linkedin_share_type_page":"","_instagram_share_type":"","_medium_share_type":"","_threads_share_type":"","_google_business_share_type":"","_selected_social_profile":[],"_wpsp_enable_custom_social_template":false,"_wpsp_social_scheduling":{"enabled":false,"datetime":null,"platforms":[],"status":"template_only","dateOption":"today","timeOption":"now","customDays":"","customHours":"","customDate":"","customTime":"","schedulingType":"absolute"},"_wpsp_active_default_template":true},"categories":[13],"tags":[1331,2956,2512,2039],"class_list":["post-1955","post","type-post","status-publish","format-standard","has-post-thumbnail","hentry","category-design","tag-cristalplant","tag-fuorisalone-2013","tag-salone-del-mobile-2013","tag-superstudio-piu"],"yoast_head":"<!-- This site is optimized with the Yoast SEO plugin v27.2 - https:\/\/yoast.com\/product\/yoast-seo-wordpress\/ -->\n<title>Marco Piva, installazione per Cristalplant\u00ae e Falper a Superstudio Pi\u00f9, Fuorisalone 2013 - Social Design Magazine<\/title>\n<meta name=\"description\" content=\"L\u02bcinstallazione Cristalplant\u00ae e Falper: un palcoscenico elegante e contemporaneo capace di esprimere la qualit\u00e0 e lo stile che contraddistinguono le due aziende.\" \/>\n<meta name=\"robots\" content=\"index, follow, max-snippet:-1, max-image-preview:large, max-video-preview:-1\" \/>\n<link rel=\"canonical\" href=\"https:\/\/socialdesignmagazine.com\/mag\/design\/marco-piva-installazione-per-cristalplantr-e-falper-a-superstudio-piu-fuorisalone-2013\/\" \/>\n<meta property=\"og:locale\" content=\"it_IT\" \/>\n<meta property=\"og:type\" content=\"article\" \/>\n<meta property=\"og:title\" content=\"Marco Piva, installazione per Cristalplant\u00ae e Falper a Superstudio Pi\u00f9, Fuorisalone 2013 - Social Design Magazine\" \/>\n<meta property=\"og:description\" content=\"L\u02bcinstallazione Cristalplant\u00ae e Falper: un palcoscenico elegante e contemporaneo capace di esprimere la qualit\u00e0 e lo stile che contraddistinguono le due aziende.\" \/>\n<meta property=\"og:url\" content=\"http:\/\/socialdesignmagazine.com\/mag\/design\/marco-piva-installazione-per-cristalplantr-e-falper-a-superstudio-piu-fuorisalone-2013\/\" \/>\n<meta property=\"og:site_name\" content=\"Social Design Magazine\" \/>\n<meta property=\"article:publisher\" content=\"https:\/\/www.facebook.com\/socialdesignmag\" \/>\n<meta property=\"article:author\" content=\"https:\/\/www.facebook.com\/benedettofiori\" \/>\n<meta property=\"article:published_time\" content=\"2013-03-14T19:00:00+00:00\" \/>\n<meta property=\"article:modified_time\" content=\"2024-05-27T11:43:05+00:00\" \/>\n<meta property=\"og:image\" content=\"https:\/\/socialdesignmagazine.com\/mag\/wp-content\/uploads\/2013\/03\/benedetto_cristalplant_fuorisalone_2013_Installazione_Cristalplant.JPG\" \/>\n\t<meta property=\"og:image:width\" content=\"720\" \/>\n\t<meta property=\"og:image:height\" content=\"405\" \/>\n\t<meta property=\"og:image:type\" content=\"image\/jpeg\" \/>\n<meta name=\"author\" content=\"Benedetto Fiori\" \/>\n<meta name=\"twitter:card\" content=\"summary_large_image\" \/>\n<meta name=\"twitter:creator\" content=\"@benedettofiori\" \/>\n<meta name=\"twitter:site\" content=\"@socialdesignmag\" \/>\n<meta name=\"twitter:label1\" content=\"Scritto da\" \/>\n\t<meta name=\"twitter:data1\" content=\"Benedetto Fiori\" \/>\n\t<meta name=\"twitter:label2\" content=\"Tempo di lettura stimato\" \/>\n\t<meta name=\"twitter:data2\" content=\"3 minuti\" \/>\n<script type=\"application\/ld+json\" class=\"yoast-schema-graph\">{\"@context\":\"https:\/\/schema.org\",\"@graph\":[{\"@type\":\"Article\",\"@id\":\"https:\/\/socialdesignmagazine.com\/mag\/design\/marco-piva-installazione-per-cristalplantr-e-falper-a-superstudio-piu-fuorisalone-2013\/#article\",\"isPartOf\":{\"@id\":\"https:\/\/socialdesignmagazine.com\/mag\/design\/marco-piva-installazione-per-cristalplantr-e-falper-a-superstudio-piu-fuorisalone-2013\/\"},\"author\":{\"name\":\"Benedetto Fiori\",\"@id\":\"https:\/\/socialdesignmagazine.com\/mag\/#\/schema\/person\/61e20205cc363c315e6aabd33a045846\"},\"headline\":\"Marco Piva, installazione per Cristalplant\u00ae e Falper a Superstudio Pi\u00f9, Fuorisalone 2013\",\"datePublished\":\"2013-03-14T19:00:00+00:00\",\"dateModified\":\"2024-05-27T11:43:05+00:00\",\"mainEntityOfPage\":{\"@id\":\"https:\/\/socialdesignmagazine.com\/mag\/design\/marco-piva-installazione-per-cristalplantr-e-falper-a-superstudio-piu-fuorisalone-2013\/\"},\"wordCount\":410,\"commentCount\":0,\"publisher\":{\"@id\":\"https:\/\/socialdesignmagazine.com\/mag\/#organization\"},\"image\":{\"@id\":\"https:\/\/socialdesignmagazine.com\/mag\/design\/marco-piva-installazione-per-cristalplantr-e-falper-a-superstudio-piu-fuorisalone-2013\/#primaryimage\"},\"thumbnailUrl\":\"https:\/\/socialdesignmagazine.com\/mag\/wp-content\/uploads\/2013\/03\/benedetto_cristalplant_fuorisalone_2013_Installazione_Cristalplant.JPG\",\"keywords\":[\"cristalplant\",\"fuorisalone 2013\",\"salone del mobile 2013\",\"superstudio pi\u00f9\"],\"articleSection\":[\"Design\"],\"inLanguage\":\"it-IT\",\"potentialAction\":[{\"@type\":\"CommentAction\",\"name\":\"Comment\",\"target\":[\"https:\/\/socialdesignmagazine.com\/mag\/design\/marco-piva-installazione-per-cristalplantr-e-falper-a-superstudio-piu-fuorisalone-2013\/#respond\"]}]},{\"@type\":\"WebPage\",\"@id\":\"https:\/\/socialdesignmagazine.com\/mag\/design\/marco-piva-installazione-per-cristalplantr-e-falper-a-superstudio-piu-fuorisalone-2013\/\",\"url\":\"https:\/\/socialdesignmagazine.com\/mag\/design\/marco-piva-installazione-per-cristalplantr-e-falper-a-superstudio-piu-fuorisalone-2013\/\",\"name\":\"Marco Piva, installazione per Cristalplant\u00ae e Falper a Superstudio Pi\u00f9, Fuorisalone 2013 - Social Design Magazine\",\"isPartOf\":{\"@id\":\"https:\/\/socialdesignmagazine.com\/mag\/#website\"},\"primaryImageOfPage\":{\"@id\":\"https:\/\/socialdesignmagazine.com\/mag\/design\/marco-piva-installazione-per-cristalplantr-e-falper-a-superstudio-piu-fuorisalone-2013\/#primaryimage\"},\"image\":{\"@id\":\"https:\/\/socialdesignmagazine.com\/mag\/design\/marco-piva-installazione-per-cristalplantr-e-falper-a-superstudio-piu-fuorisalone-2013\/#primaryimage\"},\"thumbnailUrl\":\"https:\/\/socialdesignmagazine.com\/mag\/wp-content\/uploads\/2013\/03\/benedetto_cristalplant_fuorisalone_2013_Installazione_Cristalplant.JPG\",\"datePublished\":\"2013-03-14T19:00:00+00:00\",\"dateModified\":\"2024-05-27T11:43:05+00:00\",\"description\":\"L\u02bcinstallazione Cristalplant\u00ae e Falper: un palcoscenico elegante e contemporaneo capace di esprimere la qualit\u00e0 e lo stile che contraddistinguono le due aziende.\",\"breadcrumb\":{\"@id\":\"https:\/\/socialdesignmagazine.com\/mag\/design\/marco-piva-installazione-per-cristalplantr-e-falper-a-superstudio-piu-fuorisalone-2013\/#breadcrumb\"},\"inLanguage\":\"it-IT\",\"potentialAction\":[{\"@type\":\"ReadAction\",\"target\":[\"https:\/\/socialdesignmagazine.com\/mag\/design\/marco-piva-installazione-per-cristalplantr-e-falper-a-superstudio-piu-fuorisalone-2013\/\"]}]},{\"@type\":\"ImageObject\",\"inLanguage\":\"it-IT\",\"@id\":\"https:\/\/socialdesignmagazine.com\/mag\/design\/marco-piva-installazione-per-cristalplantr-e-falper-a-superstudio-piu-fuorisalone-2013\/#primaryimage\",\"url\":\"https:\/\/socialdesignmagazine.com\/mag\/wp-content\/uploads\/2013\/03\/benedetto_cristalplant_fuorisalone_2013_Installazione_Cristalplant.JPG\",\"contentUrl\":\"https:\/\/socialdesignmagazine.com\/mag\/wp-content\/uploads\/2013\/03\/benedetto_cristalplant_fuorisalone_2013_Installazione_Cristalplant.JPG\",\"width\":720,\"height\":405,\"caption\":\"Installazione Cristalplant\"},{\"@type\":\"BreadcrumbList\",\"@id\":\"https:\/\/socialdesignmagazine.com\/mag\/design\/marco-piva-installazione-per-cristalplantr-e-falper-a-superstudio-piu-fuorisalone-2013\/#breadcrumb\",\"itemListElement\":[{\"@type\":\"ListItem\",\"position\":1,\"name\":\"Home\",\"item\":\"https:\/\/socialdesignmagazine.com\/mag\/\"},{\"@type\":\"ListItem\",\"position\":2,\"name\":\"Design\",\"item\":\"https:\/\/socialdesignmagazine.com\/mag\/design\/\"},{\"@type\":\"ListItem\",\"position\":3,\"name\":\"Marco Piva, installazione per Cristalplant\u00ae e Falper a Superstudio Pi\u00f9, Fuorisalone 2013\"}]},{\"@type\":\"WebSite\",\"@id\":\"https:\/\/socialdesignmagazine.com\/mag\/#website\",\"url\":\"https:\/\/socialdesignmagazine.com\/mag\/\",\"name\":\"Social Design Magazine\",\"description\":\"Social Magazine su Design, Architettura, Arte, Grafica\",\"publisher\":{\"@id\":\"https:\/\/socialdesignmagazine.com\/mag\/#organization\"},\"potentialAction\":[{\"@type\":\"SearchAction\",\"target\":{\"@type\":\"EntryPoint\",\"urlTemplate\":\"https:\/\/socialdesignmagazine.com\/mag\/?s={search_term_string}\"},\"query-input\":{\"@type\":\"PropertyValueSpecification\",\"valueRequired\":true,\"valueName\":\"search_term_string\"}}],\"inLanguage\":\"it-IT\"},{\"@type\":\"Organization\",\"@id\":\"https:\/\/socialdesignmagazine.com\/mag\/#organization\",\"name\":\"Social Design Magazine\",\"url\":\"https:\/\/socialdesignmagazine.com\/mag\/\",\"logo\":{\"@type\":\"ImageObject\",\"inLanguage\":\"it-IT\",\"@id\":\"https:\/\/socialdesignmagazine.com\/mag\/#\/schema\/logo\/image\/\",\"url\":\"https:\/\/socialdesignmagazine.com\/mag\/wp-content\/uploads\/2017\/01\/logo_favicon_11.png\",\"contentUrl\":\"https:\/\/socialdesignmagazine.com\/mag\/wp-content\/uploads\/2017\/01\/logo_favicon_11.png\",\"width\":1024,\"height\":1024,\"caption\":\"Social Design Magazine\"},\"image\":{\"@id\":\"https:\/\/socialdesignmagazine.com\/mag\/#\/schema\/logo\/image\/\"},\"sameAs\":[\"https:\/\/www.facebook.com\/socialdesignmag\",\"https:\/\/x.com\/socialdesignmag\",\"http:\/\/instagram.com\/social_design_magazine\/\",\"http:\/\/pinterest.com\/socialdesignmag\/\",\"http:\/\/www.youtube.com\/user\/socialdesignmagazine\"]},{\"@type\":\"Person\",\"@id\":\"https:\/\/socialdesignmagazine.com\/mag\/#\/schema\/person\/61e20205cc363c315e6aabd33a045846\",\"name\":\"Benedetto Fiori\",\"image\":{\"@type\":\"ImageObject\",\"inLanguage\":\"it-IT\",\"@id\":\"https:\/\/secure.gravatar.com\/avatar\/450a48cefa36da63d920ad70aa660bd10725b1c6093800242e5efdb397759033?s=96&d=mm&r=g\",\"url\":\"https:\/\/secure.gravatar.com\/avatar\/450a48cefa36da63d920ad70aa660bd10725b1c6093800242e5efdb397759033?s=96&d=mm&r=g\",\"contentUrl\":\"https:\/\/secure.gravatar.com\/avatar\/450a48cefa36da63d920ad70aa660bd10725b1c6093800242e5efdb397759033?s=96&d=mm&r=g\",\"caption\":\"Benedetto Fiori\"},\"description\":\"Web | Twitter | Facebook | Shutterstock Founder &amp; Editor in Chief di Social Design Magazine. Attratto da sempre da tutto ci\u00f2 che \u00e8 creativit\u00e0, design, architettura. Dopo aver studiato Architettura all'Universit\u00e0 di Firenze, si \u00e8 impegnato in molteplici campi: comunicazione grafica, progettazione di allestimenti fieristici, brand design, Interior Design.\",\"sameAs\":[\"http:\/\/benedettofiori.com\",\"https:\/\/www.facebook.com\/benedettofiori\",\"https:\/\/x.com\/benedettofiori\"],\"url\":\"https:\/\/socialdesignmagazine.com\/mag\/author\/benedetto\/\"}]}<\/script>\n<!-- \/ Yoast SEO plugin. -->","yoast_head_json":{"title":"Marco Piva, installazione per Cristalplant\u00ae e Falper a Superstudio Pi\u00f9, Fuorisalone 2013 - Social Design Magazine","description":"L\u02bcinstallazione Cristalplant\u00ae e Falper: un palcoscenico elegante e contemporaneo capace di esprimere la qualit\u00e0 e lo stile che contraddistinguono le due aziende.","robots":{"index":"index","follow":"follow","max-snippet":"max-snippet:-1","max-image-preview":"max-image-preview:large","max-video-preview":"max-video-preview:-1"},"canonical":"https:\/\/socialdesignmagazine.com\/mag\/design\/marco-piva-installazione-per-cristalplantr-e-falper-a-superstudio-piu-fuorisalone-2013\/","og_locale":"it_IT","og_type":"article","og_title":"Marco Piva, installazione per Cristalplant\u00ae e Falper a Superstudio Pi\u00f9, Fuorisalone 2013 - Social Design Magazine","og_description":"L\u02bcinstallazione Cristalplant\u00ae e Falper: un palcoscenico elegante e contemporaneo capace di esprimere la qualit\u00e0 e lo stile che contraddistinguono le due aziende.","og_url":"http:\/\/socialdesignmagazine.com\/mag\/design\/marco-piva-installazione-per-cristalplantr-e-falper-a-superstudio-piu-fuorisalone-2013\/","og_site_name":"Social Design Magazine","article_publisher":"https:\/\/www.facebook.com\/socialdesignmag","article_author":"https:\/\/www.facebook.com\/benedettofiori","article_published_time":"2013-03-14T19:00:00+00:00","article_modified_time":"2024-05-27T11:43:05+00:00","og_image":[{"width":720,"height":405,"url":"https:\/\/socialdesignmagazine.com\/mag\/wp-content\/uploads\/2013\/03\/benedetto_cristalplant_fuorisalone_2013_Installazione_Cristalplant.JPG","type":"image\/jpeg"}],"author":"Benedetto Fiori","twitter_card":"summary_large_image","twitter_creator":"@benedettofiori","twitter_site":"@socialdesignmag","twitter_misc":{"Scritto da":"Benedetto Fiori","Tempo di lettura stimato":"3 minuti"},"schema":{"@context":"https:\/\/schema.org","@graph":[{"@type":"Article","@id":"https:\/\/socialdesignmagazine.com\/mag\/design\/marco-piva-installazione-per-cristalplantr-e-falper-a-superstudio-piu-fuorisalone-2013\/#article","isPartOf":{"@id":"https:\/\/socialdesignmagazine.com\/mag\/design\/marco-piva-installazione-per-cristalplantr-e-falper-a-superstudio-piu-fuorisalone-2013\/"},"author":{"name":"Benedetto Fiori","@id":"https:\/\/socialdesignmagazine.com\/mag\/#\/schema\/person\/61e20205cc363c315e6aabd33a045846"},"headline":"Marco Piva, installazione per Cristalplant\u00ae e Falper a Superstudio Pi\u00f9, Fuorisalone 2013","datePublished":"2013-03-14T19:00:00+00:00","dateModified":"2024-05-27T11:43:05+00:00","mainEntityOfPage":{"@id":"https:\/\/socialdesignmagazine.com\/mag\/design\/marco-piva-installazione-per-cristalplantr-e-falper-a-superstudio-piu-fuorisalone-2013\/"},"wordCount":410,"commentCount":0,"publisher":{"@id":"https:\/\/socialdesignmagazine.com\/mag\/#organization"},"image":{"@id":"https:\/\/socialdesignmagazine.com\/mag\/design\/marco-piva-installazione-per-cristalplantr-e-falper-a-superstudio-piu-fuorisalone-2013\/#primaryimage"},"thumbnailUrl":"https:\/\/socialdesignmagazine.com\/mag\/wp-content\/uploads\/2013\/03\/benedetto_cristalplant_fuorisalone_2013_Installazione_Cristalplant.JPG","keywords":["cristalplant","fuorisalone 2013","salone del mobile 2013","superstudio pi\u00f9"],"articleSection":["Design"],"inLanguage":"it-IT","potentialAction":[{"@type":"CommentAction","name":"Comment","target":["https:\/\/socialdesignmagazine.com\/mag\/design\/marco-piva-installazione-per-cristalplantr-e-falper-a-superstudio-piu-fuorisalone-2013\/#respond"]}]},{"@type":"WebPage","@id":"https:\/\/socialdesignmagazine.com\/mag\/design\/marco-piva-installazione-per-cristalplantr-e-falper-a-superstudio-piu-fuorisalone-2013\/","url":"https:\/\/socialdesignmagazine.com\/mag\/design\/marco-piva-installazione-per-cristalplantr-e-falper-a-superstudio-piu-fuorisalone-2013\/","name":"Marco Piva, installazione per Cristalplant\u00ae e Falper a Superstudio Pi\u00f9, Fuorisalone 2013 - Social Design Magazine","isPartOf":{"@id":"https:\/\/socialdesignmagazine.com\/mag\/#website"},"primaryImageOfPage":{"@id":"https:\/\/socialdesignmagazine.com\/mag\/design\/marco-piva-installazione-per-cristalplantr-e-falper-a-superstudio-piu-fuorisalone-2013\/#primaryimage"},"image":{"@id":"https:\/\/socialdesignmagazine.com\/mag\/design\/marco-piva-installazione-per-cristalplantr-e-falper-a-superstudio-piu-fuorisalone-2013\/#primaryimage"},"thumbnailUrl":"https:\/\/socialdesignmagazine.com\/mag\/wp-content\/uploads\/2013\/03\/benedetto_cristalplant_fuorisalone_2013_Installazione_Cristalplant.JPG","datePublished":"2013-03-14T19:00:00+00:00","dateModified":"2024-05-27T11:43:05+00:00","description":"L\u02bcinstallazione Cristalplant\u00ae e Falper: un palcoscenico elegante e contemporaneo capace di esprimere la qualit\u00e0 e lo stile che contraddistinguono le due aziende.","breadcrumb":{"@id":"https:\/\/socialdesignmagazine.com\/mag\/design\/marco-piva-installazione-per-cristalplantr-e-falper-a-superstudio-piu-fuorisalone-2013\/#breadcrumb"},"inLanguage":"it-IT","potentialAction":[{"@type":"ReadAction","target":["https:\/\/socialdesignmagazine.com\/mag\/design\/marco-piva-installazione-per-cristalplantr-e-falper-a-superstudio-piu-fuorisalone-2013\/"]}]},{"@type":"ImageObject","inLanguage":"it-IT","@id":"https:\/\/socialdesignmagazine.com\/mag\/design\/marco-piva-installazione-per-cristalplantr-e-falper-a-superstudio-piu-fuorisalone-2013\/#primaryimage","url":"https:\/\/socialdesignmagazine.com\/mag\/wp-content\/uploads\/2013\/03\/benedetto_cristalplant_fuorisalone_2013_Installazione_Cristalplant.JPG","contentUrl":"https:\/\/socialdesignmagazine.com\/mag\/wp-content\/uploads\/2013\/03\/benedetto_cristalplant_fuorisalone_2013_Installazione_Cristalplant.JPG","width":720,"height":405,"caption":"Installazione Cristalplant"},{"@type":"BreadcrumbList","@id":"https:\/\/socialdesignmagazine.com\/mag\/design\/marco-piva-installazione-per-cristalplantr-e-falper-a-superstudio-piu-fuorisalone-2013\/#breadcrumb","itemListElement":[{"@type":"ListItem","position":1,"name":"Home","item":"https:\/\/socialdesignmagazine.com\/mag\/"},{"@type":"ListItem","position":2,"name":"Design","item":"https:\/\/socialdesignmagazine.com\/mag\/design\/"},{"@type":"ListItem","position":3,"name":"Marco Piva, installazione per Cristalplant\u00ae e Falper a Superstudio Pi\u00f9, Fuorisalone 2013"}]},{"@type":"WebSite","@id":"https:\/\/socialdesignmagazine.com\/mag\/#website","url":"https:\/\/socialdesignmagazine.com\/mag\/","name":"Social Design Magazine","description":"Social Magazine su Design, Architettura, Arte, Grafica","publisher":{"@id":"https:\/\/socialdesignmagazine.com\/mag\/#organization"},"potentialAction":[{"@type":"SearchAction","target":{"@type":"EntryPoint","urlTemplate":"https:\/\/socialdesignmagazine.com\/mag\/?s={search_term_string}"},"query-input":{"@type":"PropertyValueSpecification","valueRequired":true,"valueName":"search_term_string"}}],"inLanguage":"it-IT"},{"@type":"Organization","@id":"https:\/\/socialdesignmagazine.com\/mag\/#organization","name":"Social Design Magazine","url":"https:\/\/socialdesignmagazine.com\/mag\/","logo":{"@type":"ImageObject","inLanguage":"it-IT","@id":"https:\/\/socialdesignmagazine.com\/mag\/#\/schema\/logo\/image\/","url":"https:\/\/socialdesignmagazine.com\/mag\/wp-content\/uploads\/2017\/01\/logo_favicon_11.png","contentUrl":"https:\/\/socialdesignmagazine.com\/mag\/wp-content\/uploads\/2017\/01\/logo_favicon_11.png","width":1024,"height":1024,"caption":"Social Design Magazine"},"image":{"@id":"https:\/\/socialdesignmagazine.com\/mag\/#\/schema\/logo\/image\/"},"sameAs":["https:\/\/www.facebook.com\/socialdesignmag","https:\/\/x.com\/socialdesignmag","http:\/\/instagram.com\/social_design_magazine\/","http:\/\/pinterest.com\/socialdesignmag\/","http:\/\/www.youtube.com\/user\/socialdesignmagazine"]},{"@type":"Person","@id":"https:\/\/socialdesignmagazine.com\/mag\/#\/schema\/person\/61e20205cc363c315e6aabd33a045846","name":"Benedetto Fiori","image":{"@type":"ImageObject","inLanguage":"it-IT","@id":"https:\/\/secure.gravatar.com\/avatar\/450a48cefa36da63d920ad70aa660bd10725b1c6093800242e5efdb397759033?s=96&d=mm&r=g","url":"https:\/\/secure.gravatar.com\/avatar\/450a48cefa36da63d920ad70aa660bd10725b1c6093800242e5efdb397759033?s=96&d=mm&r=g","contentUrl":"https:\/\/secure.gravatar.com\/avatar\/450a48cefa36da63d920ad70aa660bd10725b1c6093800242e5efdb397759033?s=96&d=mm&r=g","caption":"Benedetto Fiori"},"description":"Web | Twitter | Facebook | Shutterstock Founder &amp; Editor in Chief di Social Design Magazine. Attratto da sempre da tutto ci\u00f2 che \u00e8 creativit\u00e0, design, architettura. Dopo aver studiato Architettura all'Universit\u00e0 di Firenze, si \u00e8 impegnato in molteplici campi: comunicazione grafica, progettazione di allestimenti fieristici, brand design, Interior Design.","sameAs":["http:\/\/benedettofiori.com","https:\/\/www.facebook.com\/benedettofiori","https:\/\/x.com\/benedettofiori"],"url":"https:\/\/socialdesignmagazine.com\/mag\/author\/benedetto\/"}]}},"jetpack_featured_media_url":"https:\/\/socialdesignmagazine.com\/mag\/wp-content\/uploads\/2013\/03\/benedetto_cristalplant_fuorisalone_2013_Installazione_Cristalplant.JPG","jetpack_sharing_enabled":true,"jetpack_shortlink":"https:\/\/wp.me\/p6cV7V-vx","gt_translate_keys":[{"key":"link","format":"url"}],"_links":{"self":[{"href":"https:\/\/socialdesignmagazine.com\/mag\/wp-json\/wp\/v2\/posts\/1955","targetHints":{"allow":["GET"]}}],"collection":[{"href":"https:\/\/socialdesignmagazine.com\/mag\/wp-json\/wp\/v2\/posts"}],"about":[{"href":"https:\/\/socialdesignmagazine.com\/mag\/wp-json\/wp\/v2\/types\/post"}],"author":[{"embeddable":true,"href":"https:\/\/socialdesignmagazine.com\/mag\/wp-json\/wp\/v2\/users\/1"}],"replies":[{"embeddable":true,"href":"https:\/\/socialdesignmagazine.com\/mag\/wp-json\/wp\/v2\/comments?post=1955"}],"version-history":[{"count":2,"href":"https:\/\/socialdesignmagazine.com\/mag\/wp-json\/wp\/v2\/posts\/1955\/revisions"}],"predecessor-version":[{"id":61242,"href":"https:\/\/socialdesignmagazine.com\/mag\/wp-json\/wp\/v2\/posts\/1955\/revisions\/61242"}],"wp:featuredmedia":[{"embeddable":true,"href":"https:\/\/socialdesignmagazine.com\/mag\/wp-json\/wp\/v2\/media\/11482"}],"wp:attachment":[{"href":"https:\/\/socialdesignmagazine.com\/mag\/wp-json\/wp\/v2\/media?parent=1955"}],"wp:term":[{"taxonomy":"category","embeddable":true,"href":"https:\/\/socialdesignmagazine.com\/mag\/wp-json\/wp\/v2\/categories?post=1955"},{"taxonomy":"post_tag","embeddable":true,"href":"https:\/\/socialdesignmagazine.com\/mag\/wp-json\/wp\/v2\/tags?post=1955"}],"curies":[{"name":"wp","href":"https:\/\/api.w.org\/{rel}","templated":true}]}}