{"id":1964,"date":"2013-03-18T16:00:00","date_gmt":"2013-03-18T15:00:00","guid":{"rendered":"https:\/\/socialdesignmagazine.com\/mag\/s6-design\/c35-design\/past-future-enzo-mari-e-il-design-italiano-contemporaneo\/"},"modified":"2024-05-27T14:08:51","modified_gmt":"2024-05-27T12:08:51","slug":"past-future-enzo-mari-e-il-design-italiano-contemporaneo","status":"publish","type":"post","link":"https:\/\/socialdesignmagazine.com\/mag\/design\/past-future-enzo-mari-e-il-design-italiano-contemporaneo\/","title":{"rendered":"\u201cPAST\/ FUTURE\u201d Enzo Mari e il design italiano contemporaneo","gt_translate_keys":[{"key":"rendered","format":"text"}]},"content":{"rendered":"\n<p><strong>Giorgio Bonaguro<\/strong> con la sua edizione limitata di vasi in vetro <strong>&#8220;roots&#8221;<\/strong> sar\u00e0 tra i protagonisti di <strong>\u201cPAST\/ FUTURE\u201d<\/strong> l&#8217;evento fuorisalone 2013 organizzato da Vincenzo Basile di \u201cBasileArteco\u201d con Maddalena Grassi Polito di <strong>\u201cAmaranto Boutique\u201d<\/strong>, che mette in relazione le nuove espressioni del design italiano delle generazioni successive a quella dei Maestri del \u2018900 con una selezione di oggetti che comunicano il lavoro di un grande Maestro del design italiano come <strong>Enzo Mari<\/strong>.<\/p>\n\n\n\n<p>Una location prestigiosa, vetrina dell&#8217;eccellenza italiana nel mondo nell&#8217;ambito dell&#8217;hotellerie di alta classe, offre i suoi spazi per ospitare, mostrare e comunicare la qualit\u00e0 del design italiano e la ricerca sviluppata dalle nuove generazioni di designers. Materiali preziosi e ricerca tecnologica; vetri soffiati a bocca e lavorazioni in marmo; bronzo e altri materiali tradizionali e materiali high-tech; lavorazioni artigianali e innovazione; tutto questo caratterizza prodotti in limited edition e pezzi unici che troveranno ospitalit\u00e0 nell&#8217;originale concept store &#8220;Amaranto&#8221; situato nel \u201cquadrilatero della moda\u201d, nel centro a Milano.<\/p>\n\n\n\n<p>Un&#8217;esposizione di oggetti di design italiano contemporaneo selezionati da Vincenzo Basile con Maddalena Grassi Polito fuori dai canali solitamente riservati agli addetti ai lavori, dedicata ad una clientela internazionale e sofisticata, colta e informata, amante del bello e della qualit\u00e0 espressa da un mix di capacit\u00e0 artigianali e ricerca progettuale italiana. Un fil rouge ininterrotto lega la tradizione del fare italiano con la qualit\u00e0 del progetto dai Maestri ai nuovi protagonisti dei giorni nostri.<\/p>\n\n\n<div class=\"wp-block-image\">\n<figure class=\"aligncenter\"><img loading=\"lazy\" decoding=\"async\" width=\"720\" height=\"613\" data-attachment-id=\"11534\" data-permalink=\"https:\/\/socialdesignmagazine.com\/mag\/design\/past-future-enzo-mari-e-il-design-italiano-contemporaneo\/attachment\/roots-2-bonaguro-giorgio\/#content\" data-orig-file=\"https:\/\/socialdesignmagazine.com\/mag\/wp-content\/uploads\/2013\/03\/benedetto_bonauguro_giorgio_fuorisalone_2013_roots_2_Bonaguro_Giorgio.jpg\" data-orig-size=\"720,613\" data-comments-opened=\"1\" data-image-meta=\"{&quot;aperture&quot;:&quot;32&quot;,&quot;credit&quot;:&quot;Photographer: andrea basile stud&quot;,&quot;camera&quot;:&quot;Canon EOS 5D Mark II&quot;,&quot;caption&quot;:&quot;&quot;,&quot;created_timestamp&quot;:&quot;1353358883&quot;,&quot;copyright&quot;:&quot;Copyright: all right reserved&quot;,&quot;focal_length&quot;:&quot;100&quot;,&quot;iso&quot;:&quot;50&quot;,&quot;shutter_speed&quot;:&quot;5&quot;,&quot;title&quot;:&quot;&quot;,&quot;orientation&quot;:&quot;1&quot;}\" data-image-title=\"roots 2 Bonaguro Giorgio\" data-image-description=\"\" data-image-caption=\"\" data-medium-file=\"https:\/\/socialdesignmagazine.com\/mag\/wp-content\/uploads\/2013\/03\/benedetto_bonauguro_giorgio_fuorisalone_2013_roots_2_Bonaguro_Giorgio-396x256.jpg\" data-large-file=\"https:\/\/socialdesignmagazine.com\/mag\/wp-content\/uploads\/2013\/03\/benedetto_bonauguro_giorgio_fuorisalone_2013_roots_2_Bonaguro_Giorgio.jpg\" src=\"https:\/\/socialdesignmagazine.com\/mag\/wp-content\/uploads\/2013\/03\/benedetto_bonauguro_giorgio_fuorisalone_2013_roots_2_Bonaguro_Giorgio.jpg\" alt=\"roots 2 Bonaguro Giorgio\" class=\"wp-image-11534\"\/><\/figure>\n<\/div>\n\n<div class=\"wp-block-image\">\n<figure class=\"aligncenter\"><img loading=\"lazy\" decoding=\"async\" width=\"720\" height=\"1080\" data-attachment-id=\"11535\" data-permalink=\"https:\/\/socialdesignmagazine.com\/mag\/design\/past-future-enzo-mari-e-il-design-italiano-contemporaneo\/attachment\/roots-3-bonaguro-giorgio\/#content\" data-orig-file=\"https:\/\/socialdesignmagazine.com\/mag\/wp-content\/uploads\/2013\/03\/benedetto_bonauguro_giorgio_fuorisalone_2013_roots_3_Bonaguro_Giorgio.jpg\" data-orig-size=\"720,1080\" data-comments-opened=\"1\" data-image-meta=\"{&quot;aperture&quot;:&quot;22&quot;,&quot;credit&quot;:&quot;Photographer: andrea basile studio&quot;,&quot;camera&quot;:&quot;Canon EOS 5D Mark II&quot;,&quot;caption&quot;:&quot;&quot;,&quot;created_timestamp&quot;:&quot;1353360495&quot;,&quot;copyright&quot;:&quot;Copyright: all right reserved&quot;,&quot;focal_length&quot;:&quot;100&quot;,&quot;iso&quot;:&quot;50&quot;,&quot;shutter_speed&quot;:&quot;3.2&quot;,&quot;title&quot;:&quot;&quot;,&quot;orientation&quot;:&quot;1&quot;}\" data-image-title=\"roots 3 Bonaguro Giorgio\" data-image-description=\"\" data-image-caption=\"\" data-medium-file=\"https:\/\/socialdesignmagazine.com\/mag\/wp-content\/uploads\/2013\/03\/benedetto_bonauguro_giorgio_fuorisalone_2013_roots_3_Bonaguro_Giorgio-396x256.jpg\" data-large-file=\"https:\/\/socialdesignmagazine.com\/mag\/wp-content\/uploads\/2013\/03\/benedetto_bonauguro_giorgio_fuorisalone_2013_roots_3_Bonaguro_Giorgio.jpg\" src=\"https:\/\/socialdesignmagazine.com\/mag\/wp-content\/uploads\/2013\/03\/benedetto_bonauguro_giorgio_fuorisalone_2013_roots_3_Bonaguro_Giorgio.jpg\" alt=\"roots 3 Bonaguro Giorgio\" class=\"wp-image-11535\"\/><\/figure>\n<\/div>\n\n<div class=\"wp-block-image\">\n<figure class=\"aligncenter\"><img loading=\"lazy\" decoding=\"async\" width=\"720\" height=\"918\" data-attachment-id=\"11536\" data-permalink=\"https:\/\/socialdesignmagazine.com\/mag\/design\/past-future-enzo-mari-e-il-design-italiano-contemporaneo\/attachment\/root-vase-black-limited-edition-1-by-bonaguro-giorgio\/#content\" data-orig-file=\"https:\/\/socialdesignmagazine.com\/mag\/wp-content\/uploads\/2013\/03\/benedetto_bonauguro_giorgio_fuorisalone_2013_root_vase_black_limited_edition_1_by_Bonaguro_Giorgio.jpg\" data-orig-size=\"720,918\" data-comments-opened=\"1\" data-image-meta=\"{&quot;aperture&quot;:&quot;11&quot;,&quot;credit&quot;:&quot;Photographer: andrea basile stud&quot;,&quot;camera&quot;:&quot;Canon EOS 5D Mark II&quot;,&quot;caption&quot;:&quot;&quot;,&quot;created_timestamp&quot;:&quot;1363297494&quot;,&quot;copyright&quot;:&quot;Copyright: all right reserved&quot;,&quot;focal_length&quot;:&quot;100&quot;,&quot;iso&quot;:&quot;50&quot;,&quot;shutter_speed&quot;:&quot;0.5&quot;,&quot;title&quot;:&quot;&quot;,&quot;orientation&quot;:&quot;1&quot;}\" data-image-title=\"root vase black limited edition 1 by Bonaguro Giorgio\" data-image-description=\"\" data-image-caption=\"\" data-medium-file=\"https:\/\/socialdesignmagazine.com\/mag\/wp-content\/uploads\/2013\/03\/benedetto_bonauguro_giorgio_fuorisalone_2013_root_vase_black_limited_edition_1_by_Bonaguro_Giorgio-396x256.jpg\" data-large-file=\"https:\/\/socialdesignmagazine.com\/mag\/wp-content\/uploads\/2013\/03\/benedetto_bonauguro_giorgio_fuorisalone_2013_root_vase_black_limited_edition_1_by_Bonaguro_Giorgio.jpg\" src=\"https:\/\/socialdesignmagazine.com\/mag\/wp-content\/uploads\/2013\/03\/benedetto_bonauguro_giorgio_fuorisalone_2013_root_vase_black_limited_edition_1_by_Bonaguro_Giorgio.jpg\" alt=\"root vase black limited edition 1 by Bonaguro Giorgio\" class=\"wp-image-11536\"\/><\/figure>\n<\/div>\n\n<div class=\"wp-block-image\">\n<figure class=\"aligncenter\"><img loading=\"lazy\" decoding=\"async\" width=\"720\" height=\"917\" data-attachment-id=\"11537\" data-permalink=\"https:\/\/socialdesignmagazine.com\/mag\/design\/past-future-enzo-mari-e-il-design-italiano-contemporaneo\/attachment\/root-vase-black-limited-edition-2-by-bonaguro-giorgio\/#content\" data-orig-file=\"https:\/\/socialdesignmagazine.com\/mag\/wp-content\/uploads\/2013\/03\/benedetto_bonauguro_giorgio_fuorisalone_2013_root_vase_black_limited_edition_2_by_Bonaguro_Giorgio.jpg\" data-orig-size=\"720,917\" data-comments-opened=\"1\" data-image-meta=\"{&quot;aperture&quot;:&quot;11&quot;,&quot;credit&quot;:&quot;Photographer: andrea basile stud&quot;,&quot;camera&quot;:&quot;Canon EOS 5D Mark II&quot;,&quot;caption&quot;:&quot;&quot;,&quot;created_timestamp&quot;:&quot;1363298072&quot;,&quot;copyright&quot;:&quot;Copyright: all right reserved&quot;,&quot;focal_length&quot;:&quot;100&quot;,&quot;iso&quot;:&quot;50&quot;,&quot;shutter_speed&quot;:&quot;2&quot;,&quot;title&quot;:&quot;&quot;,&quot;orientation&quot;:&quot;1&quot;}\" data-image-title=\"root vase black limited edition 2 by Bonaguro Giorgio\" data-image-description=\"\" data-image-caption=\"\" data-medium-file=\"https:\/\/socialdesignmagazine.com\/mag\/wp-content\/uploads\/2013\/03\/benedetto_bonauguro_giorgio_fuorisalone_2013_root_vase_black_limited_edition_2_by_Bonaguro_Giorgio-396x256.jpg\" data-large-file=\"https:\/\/socialdesignmagazine.com\/mag\/wp-content\/uploads\/2013\/03\/benedetto_bonauguro_giorgio_fuorisalone_2013_root_vase_black_limited_edition_2_by_Bonaguro_Giorgio.jpg\" src=\"https:\/\/socialdesignmagazine.com\/mag\/wp-content\/uploads\/2013\/03\/benedetto_bonauguro_giorgio_fuorisalone_2013_root_vase_black_limited_edition_2_by_Bonaguro_Giorgio.jpg\" alt=\"root vase black limited edition 2 by Bonaguro Giorgio\" class=\"wp-image-11537\"\/><\/figure>\n<\/div>\n\n\n<p>Progetti di:<\/p>\n\n\n\n<ul class=\"wp-block-list\">\n<li>Enzo Mari<\/li>\n\n\n\n<li>Paolo Ulian<\/li>\n\n\n\n<li>Donata Paruccini<\/li>\n\n\n\n<li>Lorenzo Damiani<\/li>\n\n\n\n<li>Massimiliano Adami<\/li>\n\n\n\n<li>Antonio Cos<\/li>\n\n\n\n<li>Giorgio Bonaguro<\/li>\n\n\n\n<li>Cristina Celestino<\/li>\n<\/ul>\n\n\n\n<p>Evento Fuorisalone 2013 \u2013 8-14 Aprile<br>c\/o <strong>Amaranto Boutique<\/strong> &#8211; Carlton Hotel Baglioni<br>Via della Spiga 8-Via Senato 5, Milano<\/p>\n\n\n\n<p>Cocktail: 10 aprile 2013 ore 18.00-22.00<\/p>\n","protected":false,"gt_translate_keys":[{"key":"rendered","format":"html"}]},"excerpt":{"rendered":"<p>Giorgio Bonaguro con la sua edizione limitata di vasi in vetro &#8220;roots&#8221; sar\u00e0 tra i protagonisti di \u201cPAST\/ FUTURE\u201d l&#8217;evento fuorisalone 2013 organizzato da Vincenzo Basile di \u201cBasileArteco\u201d con Maddalena Grassi Polito di \u201cAmaranto Boutique\u201d<\/p>\n","protected":false,"gt_translate_keys":[{"key":"rendered","format":"html"}]},"author":1,"featured_media":11533,"comment_status":"open","ping_status":"open","sticky":false,"template":"","format":"standard","meta":{"jetpack_post_was_ever_published":false,"_jetpack_newsletter_access":"","_jetpack_dont_email_post_to_subs":false,"_jetpack_newsletter_tier_id":0,"_jetpack_memberships_contains_paywalled_content":false,"_jetpack_memberships_contains_paid_content":false,"footnotes":"","_wpscppro_dont_share_socialmedia":false,"_wpscppro_custom_social_share_image":0,"_facebook_share_type":"","_twitter_share_type":"","_linkedin_share_type":"","_pinterest_share_type":"","_linkedin_share_type_page":"","_instagram_share_type":"","_medium_share_type":"","_threads_share_type":"","_google_business_share_type":"","_selected_social_profile":[],"_wpsp_enable_custom_social_template":false,"_wpsp_social_scheduling":{"enabled":false,"datetime":null,"platforms":[],"status":"template_only","dateOption":"today","timeOption":"now","customDays":"","customHours":"","customDate":"","customTime":"","schedulingType":"absolute"},"_wpsp_active_default_template":true},"categories":[13],"tags":[1084,2956,2512],"class_list":["post-1964","post","type-post","status-publish","format-standard","has-post-thumbnail","hentry","category-design","tag-bonaguro-giorgio","tag-fuorisalone-2013","tag-salone-del-mobile-2013"],"yoast_head":"<!-- This site is optimized with the Yoast SEO plugin v27.2 - https:\/\/yoast.com\/product\/yoast-seo-wordpress\/ -->\n<title>\u201cPAST\/ FUTURE\u201d Enzo Mari e il design italiano contemporaneo - Social Design Magazine<\/title>\n<meta name=\"description\" content=\"Giorgio Bonaguro con la sua edizione limitata di vasi in vetro &quot;roots&quot; sar\u00e0 tra i protagonisti di \u201cPAST\/ FUTURE\u201d l&#039;evento fuorisalone 2013 organizzato da Vincenzo Basile di \u201cBasileArteco\u201d con Maddalena Grassi Polito di \u201cAmaranto Boutique\u201d\" \/>\n<meta name=\"robots\" content=\"index, follow, max-snippet:-1, max-image-preview:large, max-video-preview:-1\" \/>\n<link rel=\"canonical\" href=\"https:\/\/socialdesignmagazine.com\/mag\/design\/past-future-enzo-mari-e-il-design-italiano-contemporaneo\/\" \/>\n<meta property=\"og:locale\" content=\"it_IT\" \/>\n<meta property=\"og:type\" content=\"article\" \/>\n<meta property=\"og:title\" content=\"\u201cPAST\/ FUTURE\u201d Enzo Mari e il design italiano contemporaneo - Social Design Magazine\" \/>\n<meta property=\"og:description\" content=\"Giorgio Bonaguro con la sua edizione limitata di vasi in vetro &quot;roots&quot; sar\u00e0 tra i protagonisti di \u201cPAST\/ FUTURE\u201d l&#039;evento fuorisalone 2013 organizzato da Vincenzo Basile di \u201cBasileArteco\u201d con Maddalena Grassi Polito di \u201cAmaranto Boutique\u201d\" \/>\n<meta property=\"og:url\" content=\"http:\/\/socialdesignmagazine.com\/mag\/design\/past-future-enzo-mari-e-il-design-italiano-contemporaneo\/\" \/>\n<meta property=\"og:site_name\" content=\"Social Design Magazine\" \/>\n<meta property=\"article:publisher\" content=\"https:\/\/www.facebook.com\/socialdesignmag\" \/>\n<meta property=\"article:author\" content=\"https:\/\/www.facebook.com\/benedettofiori\" \/>\n<meta property=\"article:published_time\" content=\"2013-03-18T15:00:00+00:00\" \/>\n<meta property=\"article:modified_time\" content=\"2024-05-27T12:08:51+00:00\" \/>\n<meta property=\"og:image\" content=\"https:\/\/socialdesignmagazine.com\/mag\/wp-content\/uploads\/2013\/03\/benedetto_bonauguro_giorgio_fuorisalone_2013_roots_1_Bonaguro_Giorgio.jpg\" \/>\n\t<meta property=\"og:image:width\" content=\"720\" \/>\n\t<meta property=\"og:image:height\" content=\"853\" \/>\n\t<meta property=\"og:image:type\" content=\"image\/jpeg\" \/>\n<meta name=\"author\" content=\"Benedetto Fiori\" \/>\n<meta name=\"twitter:card\" content=\"summary_large_image\" \/>\n<meta name=\"twitter:creator\" content=\"@benedettofiori\" \/>\n<meta name=\"twitter:site\" content=\"@socialdesignmag\" \/>\n<meta name=\"twitter:label1\" content=\"Scritto da\" \/>\n\t<meta name=\"twitter:data1\" content=\"Benedetto Fiori\" \/>\n\t<meta name=\"twitter:label2\" content=\"Tempo di lettura stimato\" \/>\n\t<meta name=\"twitter:data2\" content=\"3 minuti\" \/>\n<script type=\"application\/ld+json\" class=\"yoast-schema-graph\">{\"@context\":\"https:\/\/schema.org\",\"@graph\":[{\"@type\":\"Article\",\"@id\":\"https:\/\/socialdesignmagazine.com\/mag\/design\/past-future-enzo-mari-e-il-design-italiano-contemporaneo\/#article\",\"isPartOf\":{\"@id\":\"https:\/\/socialdesignmagazine.com\/mag\/design\/past-future-enzo-mari-e-il-design-italiano-contemporaneo\/\"},\"author\":{\"name\":\"Benedetto Fiori\",\"@id\":\"https:\/\/socialdesignmagazine.com\/mag\/#\/schema\/person\/61e20205cc363c315e6aabd33a045846\"},\"headline\":\"\u201cPAST\/ FUTURE\u201d Enzo Mari e il design italiano contemporaneo\",\"datePublished\":\"2013-03-18T15:00:00+00:00\",\"dateModified\":\"2024-05-27T12:08:51+00:00\",\"mainEntityOfPage\":{\"@id\":\"https:\/\/socialdesignmagazine.com\/mag\/design\/past-future-enzo-mari-e-il-design-italiano-contemporaneo\/\"},\"wordCount\":285,\"commentCount\":0,\"publisher\":{\"@id\":\"https:\/\/socialdesignmagazine.com\/mag\/#organization\"},\"image\":{\"@id\":\"https:\/\/socialdesignmagazine.com\/mag\/design\/past-future-enzo-mari-e-il-design-italiano-contemporaneo\/#primaryimage\"},\"thumbnailUrl\":\"https:\/\/socialdesignmagazine.com\/mag\/wp-content\/uploads\/2013\/03\/benedetto_bonauguro_giorgio_fuorisalone_2013_roots_1_Bonaguro_Giorgio.jpg\",\"keywords\":[\"bonaguro giorgio\",\"fuorisalone 2013\",\"salone del mobile 2013\"],\"articleSection\":[\"Design\"],\"inLanguage\":\"it-IT\",\"potentialAction\":[{\"@type\":\"CommentAction\",\"name\":\"Comment\",\"target\":[\"https:\/\/socialdesignmagazine.com\/mag\/design\/past-future-enzo-mari-e-il-design-italiano-contemporaneo\/#respond\"]}]},{\"@type\":\"WebPage\",\"@id\":\"https:\/\/socialdesignmagazine.com\/mag\/design\/past-future-enzo-mari-e-il-design-italiano-contemporaneo\/\",\"url\":\"https:\/\/socialdesignmagazine.com\/mag\/design\/past-future-enzo-mari-e-il-design-italiano-contemporaneo\/\",\"name\":\"\u201cPAST\/ FUTURE\u201d Enzo Mari e il design italiano contemporaneo - Social Design Magazine\",\"isPartOf\":{\"@id\":\"https:\/\/socialdesignmagazine.com\/mag\/#website\"},\"primaryImageOfPage\":{\"@id\":\"https:\/\/socialdesignmagazine.com\/mag\/design\/past-future-enzo-mari-e-il-design-italiano-contemporaneo\/#primaryimage\"},\"image\":{\"@id\":\"https:\/\/socialdesignmagazine.com\/mag\/design\/past-future-enzo-mari-e-il-design-italiano-contemporaneo\/#primaryimage\"},\"thumbnailUrl\":\"https:\/\/socialdesignmagazine.com\/mag\/wp-content\/uploads\/2013\/03\/benedetto_bonauguro_giorgio_fuorisalone_2013_roots_1_Bonaguro_Giorgio.jpg\",\"datePublished\":\"2013-03-18T15:00:00+00:00\",\"dateModified\":\"2024-05-27T12:08:51+00:00\",\"description\":\"Giorgio Bonaguro con la sua edizione limitata di vasi in vetro \\\"roots\\\" sar\u00e0 tra i protagonisti di \u201cPAST\/ FUTURE\u201d l'evento fuorisalone 2013 organizzato da Vincenzo Basile di \u201cBasileArteco\u201d con Maddalena Grassi Polito di \u201cAmaranto Boutique\u201d\",\"breadcrumb\":{\"@id\":\"https:\/\/socialdesignmagazine.com\/mag\/design\/past-future-enzo-mari-e-il-design-italiano-contemporaneo\/#breadcrumb\"},\"inLanguage\":\"it-IT\",\"potentialAction\":[{\"@type\":\"ReadAction\",\"target\":[\"https:\/\/socialdesignmagazine.com\/mag\/design\/past-future-enzo-mari-e-il-design-italiano-contemporaneo\/\"]}]},{\"@type\":\"ImageObject\",\"inLanguage\":\"it-IT\",\"@id\":\"https:\/\/socialdesignmagazine.com\/mag\/design\/past-future-enzo-mari-e-il-design-italiano-contemporaneo\/#primaryimage\",\"url\":\"https:\/\/socialdesignmagazine.com\/mag\/wp-content\/uploads\/2013\/03\/benedetto_bonauguro_giorgio_fuorisalone_2013_roots_1_Bonaguro_Giorgio.jpg\",\"contentUrl\":\"https:\/\/socialdesignmagazine.com\/mag\/wp-content\/uploads\/2013\/03\/benedetto_bonauguro_giorgio_fuorisalone_2013_roots_1_Bonaguro_Giorgio.jpg\",\"width\":720,\"height\":853,\"caption\":\"roots 1 Bonaguro Giorgio\"},{\"@type\":\"BreadcrumbList\",\"@id\":\"https:\/\/socialdesignmagazine.com\/mag\/design\/past-future-enzo-mari-e-il-design-italiano-contemporaneo\/#breadcrumb\",\"itemListElement\":[{\"@type\":\"ListItem\",\"position\":1,\"name\":\"Home\",\"item\":\"https:\/\/socialdesignmagazine.com\/mag\/\"},{\"@type\":\"ListItem\",\"position\":2,\"name\":\"Design\",\"item\":\"https:\/\/socialdesignmagazine.com\/mag\/design\/\"},{\"@type\":\"ListItem\",\"position\":3,\"name\":\"\u201cPAST\/ FUTURE\u201d Enzo Mari e il design italiano contemporaneo\"}]},{\"@type\":\"WebSite\",\"@id\":\"https:\/\/socialdesignmagazine.com\/mag\/#website\",\"url\":\"https:\/\/socialdesignmagazine.com\/mag\/\",\"name\":\"Social Design Magazine\",\"description\":\"Social Magazine su Design, Architettura, Arte, Grafica\",\"publisher\":{\"@id\":\"https:\/\/socialdesignmagazine.com\/mag\/#organization\"},\"potentialAction\":[{\"@type\":\"SearchAction\",\"target\":{\"@type\":\"EntryPoint\",\"urlTemplate\":\"https:\/\/socialdesignmagazine.com\/mag\/?s={search_term_string}\"},\"query-input\":{\"@type\":\"PropertyValueSpecification\",\"valueRequired\":true,\"valueName\":\"search_term_string\"}}],\"inLanguage\":\"it-IT\"},{\"@type\":\"Organization\",\"@id\":\"https:\/\/socialdesignmagazine.com\/mag\/#organization\",\"name\":\"Social Design Magazine\",\"url\":\"https:\/\/socialdesignmagazine.com\/mag\/\",\"logo\":{\"@type\":\"ImageObject\",\"inLanguage\":\"it-IT\",\"@id\":\"https:\/\/socialdesignmagazine.com\/mag\/#\/schema\/logo\/image\/\",\"url\":\"https:\/\/socialdesignmagazine.com\/mag\/wp-content\/uploads\/2017\/01\/logo_favicon_11.png\",\"contentUrl\":\"https:\/\/socialdesignmagazine.com\/mag\/wp-content\/uploads\/2017\/01\/logo_favicon_11.png\",\"width\":1024,\"height\":1024,\"caption\":\"Social Design Magazine\"},\"image\":{\"@id\":\"https:\/\/socialdesignmagazine.com\/mag\/#\/schema\/logo\/image\/\"},\"sameAs\":[\"https:\/\/www.facebook.com\/socialdesignmag\",\"https:\/\/x.com\/socialdesignmag\",\"http:\/\/instagram.com\/social_design_magazine\/\",\"http:\/\/pinterest.com\/socialdesignmag\/\",\"http:\/\/www.youtube.com\/user\/socialdesignmagazine\"]},{\"@type\":\"Person\",\"@id\":\"https:\/\/socialdesignmagazine.com\/mag\/#\/schema\/person\/61e20205cc363c315e6aabd33a045846\",\"name\":\"Benedetto Fiori\",\"image\":{\"@type\":\"ImageObject\",\"inLanguage\":\"it-IT\",\"@id\":\"https:\/\/secure.gravatar.com\/avatar\/450a48cefa36da63d920ad70aa660bd10725b1c6093800242e5efdb397759033?s=96&d=mm&r=g\",\"url\":\"https:\/\/secure.gravatar.com\/avatar\/450a48cefa36da63d920ad70aa660bd10725b1c6093800242e5efdb397759033?s=96&d=mm&r=g\",\"contentUrl\":\"https:\/\/secure.gravatar.com\/avatar\/450a48cefa36da63d920ad70aa660bd10725b1c6093800242e5efdb397759033?s=96&d=mm&r=g\",\"caption\":\"Benedetto Fiori\"},\"description\":\"Web | Twitter | Facebook | Shutterstock Founder &amp; Editor in Chief di Social Design Magazine. Attratto da sempre da tutto ci\u00f2 che \u00e8 creativit\u00e0, design, architettura. Dopo aver studiato Architettura all'Universit\u00e0 di Firenze, si \u00e8 impegnato in molteplici campi: comunicazione grafica, progettazione di allestimenti fieristici, brand design, Interior Design.\",\"sameAs\":[\"http:\/\/benedettofiori.com\",\"https:\/\/www.facebook.com\/benedettofiori\",\"https:\/\/x.com\/benedettofiori\"],\"url\":\"https:\/\/socialdesignmagazine.com\/mag\/author\/benedetto\/\"}]}<\/script>\n<!-- \/ Yoast SEO plugin. -->","yoast_head_json":{"title":"\u201cPAST\/ FUTURE\u201d Enzo Mari e il design italiano contemporaneo - Social Design Magazine","description":"Giorgio Bonaguro con la sua edizione limitata di vasi in vetro \"roots\" sar\u00e0 tra i protagonisti di \u201cPAST\/ FUTURE\u201d l'evento fuorisalone 2013 organizzato da Vincenzo Basile di \u201cBasileArteco\u201d con Maddalena Grassi Polito di \u201cAmaranto Boutique\u201d","robots":{"index":"index","follow":"follow","max-snippet":"max-snippet:-1","max-image-preview":"max-image-preview:large","max-video-preview":"max-video-preview:-1"},"canonical":"https:\/\/socialdesignmagazine.com\/mag\/design\/past-future-enzo-mari-e-il-design-italiano-contemporaneo\/","og_locale":"it_IT","og_type":"article","og_title":"\u201cPAST\/ FUTURE\u201d Enzo Mari e il design italiano contemporaneo - Social Design Magazine","og_description":"Giorgio Bonaguro con la sua edizione limitata di vasi in vetro \"roots\" sar\u00e0 tra i protagonisti di \u201cPAST\/ FUTURE\u201d l'evento fuorisalone 2013 organizzato da Vincenzo Basile di \u201cBasileArteco\u201d con Maddalena Grassi Polito di \u201cAmaranto Boutique\u201d","og_url":"http:\/\/socialdesignmagazine.com\/mag\/design\/past-future-enzo-mari-e-il-design-italiano-contemporaneo\/","og_site_name":"Social Design Magazine","article_publisher":"https:\/\/www.facebook.com\/socialdesignmag","article_author":"https:\/\/www.facebook.com\/benedettofiori","article_published_time":"2013-03-18T15:00:00+00:00","article_modified_time":"2024-05-27T12:08:51+00:00","og_image":[{"width":720,"height":853,"url":"https:\/\/socialdesignmagazine.com\/mag\/wp-content\/uploads\/2013\/03\/benedetto_bonauguro_giorgio_fuorisalone_2013_roots_1_Bonaguro_Giorgio.jpg","type":"image\/jpeg"}],"author":"Benedetto Fiori","twitter_card":"summary_large_image","twitter_creator":"@benedettofiori","twitter_site":"@socialdesignmag","twitter_misc":{"Scritto da":"Benedetto Fiori","Tempo di lettura stimato":"3 minuti"},"schema":{"@context":"https:\/\/schema.org","@graph":[{"@type":"Article","@id":"https:\/\/socialdesignmagazine.com\/mag\/design\/past-future-enzo-mari-e-il-design-italiano-contemporaneo\/#article","isPartOf":{"@id":"https:\/\/socialdesignmagazine.com\/mag\/design\/past-future-enzo-mari-e-il-design-italiano-contemporaneo\/"},"author":{"name":"Benedetto Fiori","@id":"https:\/\/socialdesignmagazine.com\/mag\/#\/schema\/person\/61e20205cc363c315e6aabd33a045846"},"headline":"\u201cPAST\/ FUTURE\u201d Enzo Mari e il design italiano contemporaneo","datePublished":"2013-03-18T15:00:00+00:00","dateModified":"2024-05-27T12:08:51+00:00","mainEntityOfPage":{"@id":"https:\/\/socialdesignmagazine.com\/mag\/design\/past-future-enzo-mari-e-il-design-italiano-contemporaneo\/"},"wordCount":285,"commentCount":0,"publisher":{"@id":"https:\/\/socialdesignmagazine.com\/mag\/#organization"},"image":{"@id":"https:\/\/socialdesignmagazine.com\/mag\/design\/past-future-enzo-mari-e-il-design-italiano-contemporaneo\/#primaryimage"},"thumbnailUrl":"https:\/\/socialdesignmagazine.com\/mag\/wp-content\/uploads\/2013\/03\/benedetto_bonauguro_giorgio_fuorisalone_2013_roots_1_Bonaguro_Giorgio.jpg","keywords":["bonaguro giorgio","fuorisalone 2013","salone del mobile 2013"],"articleSection":["Design"],"inLanguage":"it-IT","potentialAction":[{"@type":"CommentAction","name":"Comment","target":["https:\/\/socialdesignmagazine.com\/mag\/design\/past-future-enzo-mari-e-il-design-italiano-contemporaneo\/#respond"]}]},{"@type":"WebPage","@id":"https:\/\/socialdesignmagazine.com\/mag\/design\/past-future-enzo-mari-e-il-design-italiano-contemporaneo\/","url":"https:\/\/socialdesignmagazine.com\/mag\/design\/past-future-enzo-mari-e-il-design-italiano-contemporaneo\/","name":"\u201cPAST\/ FUTURE\u201d Enzo Mari e il design italiano contemporaneo - Social Design Magazine","isPartOf":{"@id":"https:\/\/socialdesignmagazine.com\/mag\/#website"},"primaryImageOfPage":{"@id":"https:\/\/socialdesignmagazine.com\/mag\/design\/past-future-enzo-mari-e-il-design-italiano-contemporaneo\/#primaryimage"},"image":{"@id":"https:\/\/socialdesignmagazine.com\/mag\/design\/past-future-enzo-mari-e-il-design-italiano-contemporaneo\/#primaryimage"},"thumbnailUrl":"https:\/\/socialdesignmagazine.com\/mag\/wp-content\/uploads\/2013\/03\/benedetto_bonauguro_giorgio_fuorisalone_2013_roots_1_Bonaguro_Giorgio.jpg","datePublished":"2013-03-18T15:00:00+00:00","dateModified":"2024-05-27T12:08:51+00:00","description":"Giorgio Bonaguro con la sua edizione limitata di vasi in vetro \"roots\" sar\u00e0 tra i protagonisti di \u201cPAST\/ FUTURE\u201d l'evento fuorisalone 2013 organizzato da Vincenzo Basile di \u201cBasileArteco\u201d con Maddalena Grassi Polito di \u201cAmaranto Boutique\u201d","breadcrumb":{"@id":"https:\/\/socialdesignmagazine.com\/mag\/design\/past-future-enzo-mari-e-il-design-italiano-contemporaneo\/#breadcrumb"},"inLanguage":"it-IT","potentialAction":[{"@type":"ReadAction","target":["https:\/\/socialdesignmagazine.com\/mag\/design\/past-future-enzo-mari-e-il-design-italiano-contemporaneo\/"]}]},{"@type":"ImageObject","inLanguage":"it-IT","@id":"https:\/\/socialdesignmagazine.com\/mag\/design\/past-future-enzo-mari-e-il-design-italiano-contemporaneo\/#primaryimage","url":"https:\/\/socialdesignmagazine.com\/mag\/wp-content\/uploads\/2013\/03\/benedetto_bonauguro_giorgio_fuorisalone_2013_roots_1_Bonaguro_Giorgio.jpg","contentUrl":"https:\/\/socialdesignmagazine.com\/mag\/wp-content\/uploads\/2013\/03\/benedetto_bonauguro_giorgio_fuorisalone_2013_roots_1_Bonaguro_Giorgio.jpg","width":720,"height":853,"caption":"roots 1 Bonaguro Giorgio"},{"@type":"BreadcrumbList","@id":"https:\/\/socialdesignmagazine.com\/mag\/design\/past-future-enzo-mari-e-il-design-italiano-contemporaneo\/#breadcrumb","itemListElement":[{"@type":"ListItem","position":1,"name":"Home","item":"https:\/\/socialdesignmagazine.com\/mag\/"},{"@type":"ListItem","position":2,"name":"Design","item":"https:\/\/socialdesignmagazine.com\/mag\/design\/"},{"@type":"ListItem","position":3,"name":"\u201cPAST\/ FUTURE\u201d Enzo Mari e il design italiano contemporaneo"}]},{"@type":"WebSite","@id":"https:\/\/socialdesignmagazine.com\/mag\/#website","url":"https:\/\/socialdesignmagazine.com\/mag\/","name":"Social Design Magazine","description":"Social Magazine su Design, Architettura, Arte, Grafica","publisher":{"@id":"https:\/\/socialdesignmagazine.com\/mag\/#organization"},"potentialAction":[{"@type":"SearchAction","target":{"@type":"EntryPoint","urlTemplate":"https:\/\/socialdesignmagazine.com\/mag\/?s={search_term_string}"},"query-input":{"@type":"PropertyValueSpecification","valueRequired":true,"valueName":"search_term_string"}}],"inLanguage":"it-IT"},{"@type":"Organization","@id":"https:\/\/socialdesignmagazine.com\/mag\/#organization","name":"Social Design Magazine","url":"https:\/\/socialdesignmagazine.com\/mag\/","logo":{"@type":"ImageObject","inLanguage":"it-IT","@id":"https:\/\/socialdesignmagazine.com\/mag\/#\/schema\/logo\/image\/","url":"https:\/\/socialdesignmagazine.com\/mag\/wp-content\/uploads\/2017\/01\/logo_favicon_11.png","contentUrl":"https:\/\/socialdesignmagazine.com\/mag\/wp-content\/uploads\/2017\/01\/logo_favicon_11.png","width":1024,"height":1024,"caption":"Social Design Magazine"},"image":{"@id":"https:\/\/socialdesignmagazine.com\/mag\/#\/schema\/logo\/image\/"},"sameAs":["https:\/\/www.facebook.com\/socialdesignmag","https:\/\/x.com\/socialdesignmag","http:\/\/instagram.com\/social_design_magazine\/","http:\/\/pinterest.com\/socialdesignmag\/","http:\/\/www.youtube.com\/user\/socialdesignmagazine"]},{"@type":"Person","@id":"https:\/\/socialdesignmagazine.com\/mag\/#\/schema\/person\/61e20205cc363c315e6aabd33a045846","name":"Benedetto Fiori","image":{"@type":"ImageObject","inLanguage":"it-IT","@id":"https:\/\/secure.gravatar.com\/avatar\/450a48cefa36da63d920ad70aa660bd10725b1c6093800242e5efdb397759033?s=96&d=mm&r=g","url":"https:\/\/secure.gravatar.com\/avatar\/450a48cefa36da63d920ad70aa660bd10725b1c6093800242e5efdb397759033?s=96&d=mm&r=g","contentUrl":"https:\/\/secure.gravatar.com\/avatar\/450a48cefa36da63d920ad70aa660bd10725b1c6093800242e5efdb397759033?s=96&d=mm&r=g","caption":"Benedetto Fiori"},"description":"Web | Twitter | Facebook | Shutterstock Founder &amp; Editor in Chief di Social Design Magazine. Attratto da sempre da tutto ci\u00f2 che \u00e8 creativit\u00e0, design, architettura. Dopo aver studiato Architettura all'Universit\u00e0 di Firenze, si \u00e8 impegnato in molteplici campi: comunicazione grafica, progettazione di allestimenti fieristici, brand design, Interior Design.","sameAs":["http:\/\/benedettofiori.com","https:\/\/www.facebook.com\/benedettofiori","https:\/\/x.com\/benedettofiori"],"url":"https:\/\/socialdesignmagazine.com\/mag\/author\/benedetto\/"}]}},"jetpack_featured_media_url":"https:\/\/socialdesignmagazine.com\/mag\/wp-content\/uploads\/2013\/03\/benedetto_bonauguro_giorgio_fuorisalone_2013_roots_1_Bonaguro_Giorgio.jpg","jetpack_sharing_enabled":true,"jetpack_shortlink":"https:\/\/wp.me\/p6cV7V-vG","gt_translate_keys":[{"key":"link","format":"url"}],"_links":{"self":[{"href":"https:\/\/socialdesignmagazine.com\/mag\/wp-json\/wp\/v2\/posts\/1964","targetHints":{"allow":["GET"]}}],"collection":[{"href":"https:\/\/socialdesignmagazine.com\/mag\/wp-json\/wp\/v2\/posts"}],"about":[{"href":"https:\/\/socialdesignmagazine.com\/mag\/wp-json\/wp\/v2\/types\/post"}],"author":[{"embeddable":true,"href":"https:\/\/socialdesignmagazine.com\/mag\/wp-json\/wp\/v2\/users\/1"}],"replies":[{"embeddable":true,"href":"https:\/\/socialdesignmagazine.com\/mag\/wp-json\/wp\/v2\/comments?post=1964"}],"version-history":[{"count":1,"href":"https:\/\/socialdesignmagazine.com\/mag\/wp-json\/wp\/v2\/posts\/1964\/revisions"}],"predecessor-version":[{"id":61257,"href":"https:\/\/socialdesignmagazine.com\/mag\/wp-json\/wp\/v2\/posts\/1964\/revisions\/61257"}],"wp:featuredmedia":[{"embeddable":true,"href":"https:\/\/socialdesignmagazine.com\/mag\/wp-json\/wp\/v2\/media\/11533"}],"wp:attachment":[{"href":"https:\/\/socialdesignmagazine.com\/mag\/wp-json\/wp\/v2\/media?parent=1964"}],"wp:term":[{"taxonomy":"category","embeddable":true,"href":"https:\/\/socialdesignmagazine.com\/mag\/wp-json\/wp\/v2\/categories?post=1964"},{"taxonomy":"post_tag","embeddable":true,"href":"https:\/\/socialdesignmagazine.com\/mag\/wp-json\/wp\/v2\/tags?post=1964"}],"curies":[{"name":"wp","href":"https:\/\/api.w.org\/{rel}","templated":true}]}}