{"id":1996,"date":"2013-03-25T13:47:14","date_gmt":"2013-03-25T12:47:14","guid":{"rendered":"https:\/\/socialdesignmagazine.com\/mag\/s6-design\/c35-design\/glassdrop-diesel-with-foscarini-anteprima-euroluce-2013\/"},"modified":"2024-05-28T22:16:53","modified_gmt":"2024-05-28T20:16:53","slug":"glassdrop-diesel-with-foscarini-anteprima-euroluce-2013","status":"publish","type":"post","link":"https:\/\/socialdesignmagazine.com\/mag\/design\/glassdrop-diesel-with-foscarini-anteprima-euroluce-2013\/","title":{"rendered":"Glassdrop \/ Diesel with Foscarini, anteprima Euroluce 2013","gt_translate_keys":[{"key":"rendered","format":"text"}]},"content":{"rendered":"\n<h2 class=\"wp-block-heading\">Una goccia di mercurio, fortemente caratterizzata dalla superficie cromata e dai riflessi metallici.<\/h2>\n\n\n\n<h3 class=\"wp-block-heading\">La nuova sospensione firmata dal <strong>Diesel Creative Team<\/strong> vive una doppia vita:<\/h3>\n\n\n\n<p>a lampada spenta la finitura in alluminio cromato restituisce un effetto decorativo a specchio, che svanisce, una volta accesa, rivelando una luce calda che pare fluttuare all\u2019interno del volume, filtrata dal vetro soffiato lavorato con tecnica artigianale.<\/p>\n\n\n\n<p><strong>Salone Internazionale del Mobile <\/strong><br><strong>Euroluce 2013<\/strong><br><strong>9-14 aprile 2013<\/strong><\/p>\n","protected":false,"gt_translate_keys":[{"key":"rendered","format":"html"}]},"excerpt":{"rendered":"<p>Una goccia di mercurio, fortemente caratterizzata dalla superficie cromata e dai riflessi metallici.<\/p>\n","protected":false,"gt_translate_keys":[{"key":"rendered","format":"html"}]},"author":1,"featured_media":11753,"comment_status":"open","ping_status":"open","sticky":false,"template":"","format":"standard","meta":{"jetpack_post_was_ever_published":false,"_jetpack_newsletter_access":"","_jetpack_dont_email_post_to_subs":false,"_jetpack_newsletter_tier_id":0,"_jetpack_memberships_contains_paywalled_content":false,"_jetpack_memberships_contains_paid_content":false,"footnotes":"","_wpscppro_dont_share_socialmedia":false,"_wpscppro_custom_social_share_image":0,"_facebook_share_type":"","_twitter_share_type":"","_linkedin_share_type":"","_pinterest_share_type":"","_linkedin_share_type_page":"","_instagram_share_type":"","_medium_share_type":"","_threads_share_type":"","_google_business_share_type":"","_selected_social_profile":[],"_wpsp_enable_custom_social_template":false,"_wpsp_social_scheduling":{"enabled":false,"datetime":null,"platforms":[],"status":"template_only","dateOption":"today","timeOption":"now","customDays":"","customHours":"","customDate":"","customTime":"","schedulingType":"absolute"},"_wpsp_active_default_template":true},"categories":[13],"tags":[2040,3005,2036,55,2512,1111],"class_list":["post-1996","post","type-post","status-publish","format-standard","has-post-thumbnail","hentry","category-design","tag-diesel","tag-euroluce-2013","tag-foscarini","tag-luce","tag-salone-del-mobile-2013","tag-sospensione"],"yoast_head":"<!-- This site is optimized with the Yoast SEO plugin v27.2 - https:\/\/yoast.com\/product\/yoast-seo-wordpress\/ -->\n<title>Glassdrop \/ Diesel with Foscarini, anteprima Euroluce 2013 - Social Design Magazine<\/title>\n<meta name=\"description\" content=\"Una goccia di mercurio, fortemente caratterizzata dalla superficie cromata e dai riflessi metallici.\" \/>\n<meta name=\"robots\" content=\"index, follow, max-snippet:-1, max-image-preview:large, max-video-preview:-1\" \/>\n<link rel=\"canonical\" href=\"https:\/\/socialdesignmagazine.com\/mag\/design\/glassdrop-diesel-with-foscarini-anteprima-euroluce-2013\/\" \/>\n<meta property=\"og:locale\" content=\"it_IT\" \/>\n<meta property=\"og:type\" content=\"article\" \/>\n<meta property=\"og:title\" content=\"Glassdrop \/ Diesel with Foscarini, anteprima Euroluce 2013 - Social Design Magazine\" \/>\n<meta property=\"og:description\" content=\"Una goccia di mercurio, fortemente caratterizzata dalla superficie cromata e dai riflessi metallici.\" \/>\n<meta property=\"og:url\" content=\"http:\/\/socialdesignmagazine.com\/mag\/design\/glassdrop-diesel-with-foscarini-anteprima-euroluce-2013\/\" \/>\n<meta property=\"og:site_name\" content=\"Social Design Magazine\" \/>\n<meta property=\"article:publisher\" content=\"https:\/\/www.facebook.com\/socialdesignmag\" \/>\n<meta property=\"article:author\" content=\"https:\/\/www.facebook.com\/benedettofiori\" \/>\n<meta property=\"article:published_time\" content=\"2013-03-25T12:47:14+00:00\" \/>\n<meta property=\"article:modified_time\" content=\"2024-05-28T20:16:53+00:00\" \/>\n<meta property=\"og:image\" content=\"https:\/\/socialdesignmagazine.com\/mag\/wp-content\/uploads\/2013\/03\/benedetto_diesel_salone_2013_GLASSDROP_Diesel_with_Foscarini.jpg\" \/>\n\t<meta property=\"og:image:width\" content=\"720\" \/>\n\t<meta property=\"og:image:height\" content=\"1072\" \/>\n\t<meta property=\"og:image:type\" content=\"image\/jpeg\" \/>\n<meta name=\"author\" content=\"Benedetto Fiori\" \/>\n<meta name=\"twitter:card\" content=\"summary_large_image\" \/>\n<meta name=\"twitter:creator\" content=\"@benedettofiori\" \/>\n<meta name=\"twitter:site\" content=\"@socialdesignmag\" \/>\n<meta name=\"twitter:label1\" content=\"Scritto da\" \/>\n\t<meta name=\"twitter:data1\" content=\"Benedetto Fiori\" \/>\n\t<meta name=\"twitter:label2\" content=\"Tempo di lettura stimato\" \/>\n\t<meta name=\"twitter:data2\" content=\"1 minuto\" \/>\n<script type=\"application\/ld+json\" class=\"yoast-schema-graph\">{\"@context\":\"https:\/\/schema.org\",\"@graph\":[{\"@type\":\"Article\",\"@id\":\"https:\/\/socialdesignmagazine.com\/mag\/design\/glassdrop-diesel-with-foscarini-anteprima-euroluce-2013\/#article\",\"isPartOf\":{\"@id\":\"https:\/\/socialdesignmagazine.com\/mag\/design\/glassdrop-diesel-with-foscarini-anteprima-euroluce-2013\/\"},\"author\":{\"name\":\"Benedetto Fiori\",\"@id\":\"https:\/\/socialdesignmagazine.com\/mag\/#\/schema\/person\/61e20205cc363c315e6aabd33a045846\"},\"headline\":\"Glassdrop \/ Diesel with Foscarini, anteprima Euroluce 2013\",\"datePublished\":\"2013-03-25T12:47:14+00:00\",\"dateModified\":\"2024-05-28T20:16:53+00:00\",\"mainEntityOfPage\":{\"@id\":\"https:\/\/socialdesignmagazine.com\/mag\/design\/glassdrop-diesel-with-foscarini-anteprima-euroluce-2013\/\"},\"wordCount\":76,\"commentCount\":0,\"publisher\":{\"@id\":\"https:\/\/socialdesignmagazine.com\/mag\/#organization\"},\"image\":{\"@id\":\"https:\/\/socialdesignmagazine.com\/mag\/design\/glassdrop-diesel-with-foscarini-anteprima-euroluce-2013\/#primaryimage\"},\"thumbnailUrl\":\"https:\/\/socialdesignmagazine.com\/mag\/wp-content\/uploads\/2013\/03\/benedetto_diesel_salone_2013_GLASSDROP_Diesel_with_Foscarini.jpg\",\"keywords\":[\"diesel\",\"euroluce 2013\",\"foscarini\",\"luce\",\"salone del mobile 2013\",\"sospensione\"],\"articleSection\":[\"Design\"],\"inLanguage\":\"it-IT\",\"potentialAction\":[{\"@type\":\"CommentAction\",\"name\":\"Comment\",\"target\":[\"https:\/\/socialdesignmagazine.com\/mag\/design\/glassdrop-diesel-with-foscarini-anteprima-euroluce-2013\/#respond\"]}]},{\"@type\":\"WebPage\",\"@id\":\"https:\/\/socialdesignmagazine.com\/mag\/design\/glassdrop-diesel-with-foscarini-anteprima-euroluce-2013\/\",\"url\":\"https:\/\/socialdesignmagazine.com\/mag\/design\/glassdrop-diesel-with-foscarini-anteprima-euroluce-2013\/\",\"name\":\"Glassdrop \/ Diesel with Foscarini, anteprima Euroluce 2013 - Social Design Magazine\",\"isPartOf\":{\"@id\":\"https:\/\/socialdesignmagazine.com\/mag\/#website\"},\"primaryImageOfPage\":{\"@id\":\"https:\/\/socialdesignmagazine.com\/mag\/design\/glassdrop-diesel-with-foscarini-anteprima-euroluce-2013\/#primaryimage\"},\"image\":{\"@id\":\"https:\/\/socialdesignmagazine.com\/mag\/design\/glassdrop-diesel-with-foscarini-anteprima-euroluce-2013\/#primaryimage\"},\"thumbnailUrl\":\"https:\/\/socialdesignmagazine.com\/mag\/wp-content\/uploads\/2013\/03\/benedetto_diesel_salone_2013_GLASSDROP_Diesel_with_Foscarini.jpg\",\"datePublished\":\"2013-03-25T12:47:14+00:00\",\"dateModified\":\"2024-05-28T20:16:53+00:00\",\"description\":\"Una goccia di mercurio, fortemente caratterizzata dalla superficie cromata e dai riflessi metallici.\",\"breadcrumb\":{\"@id\":\"https:\/\/socialdesignmagazine.com\/mag\/design\/glassdrop-diesel-with-foscarini-anteprima-euroluce-2013\/#breadcrumb\"},\"inLanguage\":\"it-IT\",\"potentialAction\":[{\"@type\":\"ReadAction\",\"target\":[\"https:\/\/socialdesignmagazine.com\/mag\/design\/glassdrop-diesel-with-foscarini-anteprima-euroluce-2013\/\"]}]},{\"@type\":\"ImageObject\",\"inLanguage\":\"it-IT\",\"@id\":\"https:\/\/socialdesignmagazine.com\/mag\/design\/glassdrop-diesel-with-foscarini-anteprima-euroluce-2013\/#primaryimage\",\"url\":\"https:\/\/socialdesignmagazine.com\/mag\/wp-content\/uploads\/2013\/03\/benedetto_diesel_salone_2013_GLASSDROP_Diesel_with_Foscarini.jpg\",\"contentUrl\":\"https:\/\/socialdesignmagazine.com\/mag\/wp-content\/uploads\/2013\/03\/benedetto_diesel_salone_2013_GLASSDROP_Diesel_with_Foscarini.jpg\",\"width\":720,\"height\":1072,\"caption\":\"GLASSDROP Diesel with Foscarini\"},{\"@type\":\"BreadcrumbList\",\"@id\":\"https:\/\/socialdesignmagazine.com\/mag\/design\/glassdrop-diesel-with-foscarini-anteprima-euroluce-2013\/#breadcrumb\",\"itemListElement\":[{\"@type\":\"ListItem\",\"position\":1,\"name\":\"Home\",\"item\":\"https:\/\/socialdesignmagazine.com\/mag\/\"},{\"@type\":\"ListItem\",\"position\":2,\"name\":\"Design\",\"item\":\"https:\/\/socialdesignmagazine.com\/mag\/design\/\"},{\"@type\":\"ListItem\",\"position\":3,\"name\":\"Glassdrop \/ Diesel with Foscarini, anteprima Euroluce 2013\"}]},{\"@type\":\"WebSite\",\"@id\":\"https:\/\/socialdesignmagazine.com\/mag\/#website\",\"url\":\"https:\/\/socialdesignmagazine.com\/mag\/\",\"name\":\"Social Design Magazine\",\"description\":\"Social Magazine su Design, Architettura, Arte, Grafica\",\"publisher\":{\"@id\":\"https:\/\/socialdesignmagazine.com\/mag\/#organization\"},\"potentialAction\":[{\"@type\":\"SearchAction\",\"target\":{\"@type\":\"EntryPoint\",\"urlTemplate\":\"https:\/\/socialdesignmagazine.com\/mag\/?s={search_term_string}\"},\"query-input\":{\"@type\":\"PropertyValueSpecification\",\"valueRequired\":true,\"valueName\":\"search_term_string\"}}],\"inLanguage\":\"it-IT\"},{\"@type\":\"Organization\",\"@id\":\"https:\/\/socialdesignmagazine.com\/mag\/#organization\",\"name\":\"Social Design Magazine\",\"url\":\"https:\/\/socialdesignmagazine.com\/mag\/\",\"logo\":{\"@type\":\"ImageObject\",\"inLanguage\":\"it-IT\",\"@id\":\"https:\/\/socialdesignmagazine.com\/mag\/#\/schema\/logo\/image\/\",\"url\":\"https:\/\/socialdesignmagazine.com\/mag\/wp-content\/uploads\/2017\/01\/logo_favicon_11.png\",\"contentUrl\":\"https:\/\/socialdesignmagazine.com\/mag\/wp-content\/uploads\/2017\/01\/logo_favicon_11.png\",\"width\":1024,\"height\":1024,\"caption\":\"Social Design Magazine\"},\"image\":{\"@id\":\"https:\/\/socialdesignmagazine.com\/mag\/#\/schema\/logo\/image\/\"},\"sameAs\":[\"https:\/\/www.facebook.com\/socialdesignmag\",\"https:\/\/x.com\/socialdesignmag\",\"http:\/\/instagram.com\/social_design_magazine\/\",\"http:\/\/pinterest.com\/socialdesignmag\/\",\"http:\/\/www.youtube.com\/user\/socialdesignmagazine\"]},{\"@type\":\"Person\",\"@id\":\"https:\/\/socialdesignmagazine.com\/mag\/#\/schema\/person\/61e20205cc363c315e6aabd33a045846\",\"name\":\"Benedetto Fiori\",\"image\":{\"@type\":\"ImageObject\",\"inLanguage\":\"it-IT\",\"@id\":\"https:\/\/secure.gravatar.com\/avatar\/450a48cefa36da63d920ad70aa660bd10725b1c6093800242e5efdb397759033?s=96&d=mm&r=g\",\"url\":\"https:\/\/secure.gravatar.com\/avatar\/450a48cefa36da63d920ad70aa660bd10725b1c6093800242e5efdb397759033?s=96&d=mm&r=g\",\"contentUrl\":\"https:\/\/secure.gravatar.com\/avatar\/450a48cefa36da63d920ad70aa660bd10725b1c6093800242e5efdb397759033?s=96&d=mm&r=g\",\"caption\":\"Benedetto Fiori\"},\"description\":\"Web | Twitter | Facebook | Shutterstock Founder &amp; Editor in Chief di Social Design Magazine. Attratto da sempre da tutto ci\u00f2 che \u00e8 creativit\u00e0, design, architettura. Dopo aver studiato Architettura all'Universit\u00e0 di Firenze, si \u00e8 impegnato in molteplici campi: comunicazione grafica, progettazione di allestimenti fieristici, brand design, Interior Design.\",\"sameAs\":[\"http:\/\/benedettofiori.com\",\"https:\/\/www.facebook.com\/benedettofiori\",\"https:\/\/x.com\/benedettofiori\"],\"url\":\"https:\/\/socialdesignmagazine.com\/mag\/author\/benedetto\/\"}]}<\/script>\n<!-- \/ Yoast SEO plugin. -->","yoast_head_json":{"title":"Glassdrop \/ Diesel with Foscarini, anteprima Euroluce 2013 - Social Design Magazine","description":"Una goccia di mercurio, fortemente caratterizzata dalla superficie cromata e dai riflessi metallici.","robots":{"index":"index","follow":"follow","max-snippet":"max-snippet:-1","max-image-preview":"max-image-preview:large","max-video-preview":"max-video-preview:-1"},"canonical":"https:\/\/socialdesignmagazine.com\/mag\/design\/glassdrop-diesel-with-foscarini-anteprima-euroluce-2013\/","og_locale":"it_IT","og_type":"article","og_title":"Glassdrop \/ Diesel with Foscarini, anteprima Euroluce 2013 - Social Design Magazine","og_description":"Una goccia di mercurio, fortemente caratterizzata dalla superficie cromata e dai riflessi metallici.","og_url":"http:\/\/socialdesignmagazine.com\/mag\/design\/glassdrop-diesel-with-foscarini-anteprima-euroluce-2013\/","og_site_name":"Social Design Magazine","article_publisher":"https:\/\/www.facebook.com\/socialdesignmag","article_author":"https:\/\/www.facebook.com\/benedettofiori","article_published_time":"2013-03-25T12:47:14+00:00","article_modified_time":"2024-05-28T20:16:53+00:00","og_image":[{"width":720,"height":1072,"url":"https:\/\/socialdesignmagazine.com\/mag\/wp-content\/uploads\/2013\/03\/benedetto_diesel_salone_2013_GLASSDROP_Diesel_with_Foscarini.jpg","type":"image\/jpeg"}],"author":"Benedetto Fiori","twitter_card":"summary_large_image","twitter_creator":"@benedettofiori","twitter_site":"@socialdesignmag","twitter_misc":{"Scritto da":"Benedetto Fiori","Tempo di lettura stimato":"1 minuto"},"schema":{"@context":"https:\/\/schema.org","@graph":[{"@type":"Article","@id":"https:\/\/socialdesignmagazine.com\/mag\/design\/glassdrop-diesel-with-foscarini-anteprima-euroluce-2013\/#article","isPartOf":{"@id":"https:\/\/socialdesignmagazine.com\/mag\/design\/glassdrop-diesel-with-foscarini-anteprima-euroluce-2013\/"},"author":{"name":"Benedetto Fiori","@id":"https:\/\/socialdesignmagazine.com\/mag\/#\/schema\/person\/61e20205cc363c315e6aabd33a045846"},"headline":"Glassdrop \/ Diesel with Foscarini, anteprima Euroluce 2013","datePublished":"2013-03-25T12:47:14+00:00","dateModified":"2024-05-28T20:16:53+00:00","mainEntityOfPage":{"@id":"https:\/\/socialdesignmagazine.com\/mag\/design\/glassdrop-diesel-with-foscarini-anteprima-euroluce-2013\/"},"wordCount":76,"commentCount":0,"publisher":{"@id":"https:\/\/socialdesignmagazine.com\/mag\/#organization"},"image":{"@id":"https:\/\/socialdesignmagazine.com\/mag\/design\/glassdrop-diesel-with-foscarini-anteprima-euroluce-2013\/#primaryimage"},"thumbnailUrl":"https:\/\/socialdesignmagazine.com\/mag\/wp-content\/uploads\/2013\/03\/benedetto_diesel_salone_2013_GLASSDROP_Diesel_with_Foscarini.jpg","keywords":["diesel","euroluce 2013","foscarini","luce","salone del mobile 2013","sospensione"],"articleSection":["Design"],"inLanguage":"it-IT","potentialAction":[{"@type":"CommentAction","name":"Comment","target":["https:\/\/socialdesignmagazine.com\/mag\/design\/glassdrop-diesel-with-foscarini-anteprima-euroluce-2013\/#respond"]}]},{"@type":"WebPage","@id":"https:\/\/socialdesignmagazine.com\/mag\/design\/glassdrop-diesel-with-foscarini-anteprima-euroluce-2013\/","url":"https:\/\/socialdesignmagazine.com\/mag\/design\/glassdrop-diesel-with-foscarini-anteprima-euroluce-2013\/","name":"Glassdrop \/ Diesel with Foscarini, anteprima Euroluce 2013 - Social Design Magazine","isPartOf":{"@id":"https:\/\/socialdesignmagazine.com\/mag\/#website"},"primaryImageOfPage":{"@id":"https:\/\/socialdesignmagazine.com\/mag\/design\/glassdrop-diesel-with-foscarini-anteprima-euroluce-2013\/#primaryimage"},"image":{"@id":"https:\/\/socialdesignmagazine.com\/mag\/design\/glassdrop-diesel-with-foscarini-anteprima-euroluce-2013\/#primaryimage"},"thumbnailUrl":"https:\/\/socialdesignmagazine.com\/mag\/wp-content\/uploads\/2013\/03\/benedetto_diesel_salone_2013_GLASSDROP_Diesel_with_Foscarini.jpg","datePublished":"2013-03-25T12:47:14+00:00","dateModified":"2024-05-28T20:16:53+00:00","description":"Una goccia di mercurio, fortemente caratterizzata dalla superficie cromata e dai riflessi metallici.","breadcrumb":{"@id":"https:\/\/socialdesignmagazine.com\/mag\/design\/glassdrop-diesel-with-foscarini-anteprima-euroluce-2013\/#breadcrumb"},"inLanguage":"it-IT","potentialAction":[{"@type":"ReadAction","target":["https:\/\/socialdesignmagazine.com\/mag\/design\/glassdrop-diesel-with-foscarini-anteprima-euroluce-2013\/"]}]},{"@type":"ImageObject","inLanguage":"it-IT","@id":"https:\/\/socialdesignmagazine.com\/mag\/design\/glassdrop-diesel-with-foscarini-anteprima-euroluce-2013\/#primaryimage","url":"https:\/\/socialdesignmagazine.com\/mag\/wp-content\/uploads\/2013\/03\/benedetto_diesel_salone_2013_GLASSDROP_Diesel_with_Foscarini.jpg","contentUrl":"https:\/\/socialdesignmagazine.com\/mag\/wp-content\/uploads\/2013\/03\/benedetto_diesel_salone_2013_GLASSDROP_Diesel_with_Foscarini.jpg","width":720,"height":1072,"caption":"GLASSDROP Diesel with Foscarini"},{"@type":"BreadcrumbList","@id":"https:\/\/socialdesignmagazine.com\/mag\/design\/glassdrop-diesel-with-foscarini-anteprima-euroluce-2013\/#breadcrumb","itemListElement":[{"@type":"ListItem","position":1,"name":"Home","item":"https:\/\/socialdesignmagazine.com\/mag\/"},{"@type":"ListItem","position":2,"name":"Design","item":"https:\/\/socialdesignmagazine.com\/mag\/design\/"},{"@type":"ListItem","position":3,"name":"Glassdrop \/ Diesel with Foscarini, anteprima Euroluce 2013"}]},{"@type":"WebSite","@id":"https:\/\/socialdesignmagazine.com\/mag\/#website","url":"https:\/\/socialdesignmagazine.com\/mag\/","name":"Social Design Magazine","description":"Social Magazine su Design, Architettura, Arte, Grafica","publisher":{"@id":"https:\/\/socialdesignmagazine.com\/mag\/#organization"},"potentialAction":[{"@type":"SearchAction","target":{"@type":"EntryPoint","urlTemplate":"https:\/\/socialdesignmagazine.com\/mag\/?s={search_term_string}"},"query-input":{"@type":"PropertyValueSpecification","valueRequired":true,"valueName":"search_term_string"}}],"inLanguage":"it-IT"},{"@type":"Organization","@id":"https:\/\/socialdesignmagazine.com\/mag\/#organization","name":"Social Design Magazine","url":"https:\/\/socialdesignmagazine.com\/mag\/","logo":{"@type":"ImageObject","inLanguage":"it-IT","@id":"https:\/\/socialdesignmagazine.com\/mag\/#\/schema\/logo\/image\/","url":"https:\/\/socialdesignmagazine.com\/mag\/wp-content\/uploads\/2017\/01\/logo_favicon_11.png","contentUrl":"https:\/\/socialdesignmagazine.com\/mag\/wp-content\/uploads\/2017\/01\/logo_favicon_11.png","width":1024,"height":1024,"caption":"Social Design Magazine"},"image":{"@id":"https:\/\/socialdesignmagazine.com\/mag\/#\/schema\/logo\/image\/"},"sameAs":["https:\/\/www.facebook.com\/socialdesignmag","https:\/\/x.com\/socialdesignmag","http:\/\/instagram.com\/social_design_magazine\/","http:\/\/pinterest.com\/socialdesignmag\/","http:\/\/www.youtube.com\/user\/socialdesignmagazine"]},{"@type":"Person","@id":"https:\/\/socialdesignmagazine.com\/mag\/#\/schema\/person\/61e20205cc363c315e6aabd33a045846","name":"Benedetto Fiori","image":{"@type":"ImageObject","inLanguage":"it-IT","@id":"https:\/\/secure.gravatar.com\/avatar\/450a48cefa36da63d920ad70aa660bd10725b1c6093800242e5efdb397759033?s=96&d=mm&r=g","url":"https:\/\/secure.gravatar.com\/avatar\/450a48cefa36da63d920ad70aa660bd10725b1c6093800242e5efdb397759033?s=96&d=mm&r=g","contentUrl":"https:\/\/secure.gravatar.com\/avatar\/450a48cefa36da63d920ad70aa660bd10725b1c6093800242e5efdb397759033?s=96&d=mm&r=g","caption":"Benedetto Fiori"},"description":"Web | Twitter | Facebook | Shutterstock Founder &amp; Editor in Chief di Social Design Magazine. Attratto da sempre da tutto ci\u00f2 che \u00e8 creativit\u00e0, design, architettura. Dopo aver studiato Architettura all'Universit\u00e0 di Firenze, si \u00e8 impegnato in molteplici campi: comunicazione grafica, progettazione di allestimenti fieristici, brand design, Interior Design.","sameAs":["http:\/\/benedettofiori.com","https:\/\/www.facebook.com\/benedettofiori","https:\/\/x.com\/benedettofiori"],"url":"https:\/\/socialdesignmagazine.com\/mag\/author\/benedetto\/"}]}},"jetpack_featured_media_url":"https:\/\/socialdesignmagazine.com\/mag\/wp-content\/uploads\/2013\/03\/benedetto_diesel_salone_2013_GLASSDROP_Diesel_with_Foscarini.jpg","jetpack_sharing_enabled":true,"jetpack_shortlink":"https:\/\/wp.me\/p6cV7V-wc","gt_translate_keys":[{"key":"link","format":"url"}],"_links":{"self":[{"href":"https:\/\/socialdesignmagazine.com\/mag\/wp-json\/wp\/v2\/posts\/1996","targetHints":{"allow":["GET"]}}],"collection":[{"href":"https:\/\/socialdesignmagazine.com\/mag\/wp-json\/wp\/v2\/posts"}],"about":[{"href":"https:\/\/socialdesignmagazine.com\/mag\/wp-json\/wp\/v2\/types\/post"}],"author":[{"embeddable":true,"href":"https:\/\/socialdesignmagazine.com\/mag\/wp-json\/wp\/v2\/users\/1"}],"replies":[{"embeddable":true,"href":"https:\/\/socialdesignmagazine.com\/mag\/wp-json\/wp\/v2\/comments?post=1996"}],"version-history":[{"count":2,"href":"https:\/\/socialdesignmagazine.com\/mag\/wp-json\/wp\/v2\/posts\/1996\/revisions"}],"predecessor-version":[{"id":61364,"href":"https:\/\/socialdesignmagazine.com\/mag\/wp-json\/wp\/v2\/posts\/1996\/revisions\/61364"}],"wp:featuredmedia":[{"embeddable":true,"href":"https:\/\/socialdesignmagazine.com\/mag\/wp-json\/wp\/v2\/media\/11753"}],"wp:attachment":[{"href":"https:\/\/socialdesignmagazine.com\/mag\/wp-json\/wp\/v2\/media?parent=1996"}],"wp:term":[{"taxonomy":"category","embeddable":true,"href":"https:\/\/socialdesignmagazine.com\/mag\/wp-json\/wp\/v2\/categories?post=1996"},{"taxonomy":"post_tag","embeddable":true,"href":"https:\/\/socialdesignmagazine.com\/mag\/wp-json\/wp\/v2\/tags?post=1996"}],"curies":[{"name":"wp","href":"https:\/\/api.w.org\/{rel}","templated":true}]}}