{"id":2024,"date":"2013-03-30T12:00:00","date_gmt":"2013-03-30T11:00:00","guid":{"rendered":"https:\/\/socialdesignmagazine.com\/mag\/s6-design\/c35-design\/curti-metallo-a-youtool-there-was-no-design-before-il-design-che-non-cera-fuorisalone-2013\/"},"modified":"2024-05-28T22:58:42","modified_gmt":"2024-05-28T20:58:42","slug":"curti-metallo-a-youtool-there-was-no-design-before-il-design-che-non-cera-fuorisalone-2013","status":"publish","type":"post","link":"https:\/\/socialdesignmagazine.com\/mag\/design\/curti-metallo-a-youtool-there-was-no-design-before-il-design-che-non-cera-fuorisalone-2013\/","title":{"rendered":"CURTI METALLO &amp; YOUTOOL THERE WAS NO DESIGN BEFORE (Il design che non c\u2019era), Fuorisalone 2013","gt_translate_keys":[{"key":"rendered","format":"text"}]},"content":{"rendered":"\n<p><strong>CURTI METALLO<\/strong> e <a class=\"jcepopup\" href=\"http:\/\/www.youtool.it\" target=\"_blank\" rel=\"nofollow noopener\"><strong>YOUTOOL<\/strong><\/a> presentano a Milano durante la<strong> settimana del design 2013<\/strong> nel distretto di <strong>Ventura Lambrate<\/strong>, la prima collezione di arredi interamente prodotta in lamiera e disegnata da 7 giovani studi e designer: PIETRO BASTIA, DANIELA BONI, ERNESTO MESSINEO, MR.LESS &amp; MRS.MORE, ENRICO MARIA PASTORELLO, STUDIO 06, SARA VERLICCHI.<\/p>\n\n\n\n<p>Il design che non c\u2019era &#8220;There was no design before&#8221; \u00e8 titolo e tema della mostra che si svolge nell\u2019<strong>Autofficina di via Ventura 2<\/strong>. Complementi di arredo <strong>pensati e progettati sul web e prodotti da un\u2019azienda terzista<\/strong> che mai prima d\u2019oggi aveva curato una produzione interna di design. <br>There was no design before intende proporre una riflessione costruttiva, incoraggiando strategie produttive locali abbinate a strategie creative globali e innovative che nascono sul web ma che hanno risultati sostenibili nella realt\u00e0.<\/p>\n\n\n\n<p>Il nuovo marchio CURTI METALLO nasce infatti da una dinamica di progettazione richiesta in outsourcing a YOUTOOL <a href=\"https:\/\/socialdesignmagazine.com\/mag\/design\/c35-design\/youtool-presenta-a-open-design-italia-2012-i-primi-4-complementi-di-arredo-prodotti-da-curti-metallo\/\"><strong>&#8220;design out of the box&#8221;<\/strong><\/a>, che promuove attivamente la creativit\u00e0 del design nell\u2019industria per sviluppare progetti di qualit\u00e0, riducendo tempi e costi di realizzazione. <strong>YOUTOOL ha selezionato i progetti attraverso un laboratorio on-line seguito da pi\u00f9 di 270 designer.<\/strong> <br>I prodotti esposti in There was no design before rappresentano una case history che riassume il rapporto creato grazie alla piattaforma youtool.it tra i progettisti e Curti Lamiere, un\u2019impresa terzista storica specializzata nella lavorazione dei metalli che oggi coniuga tradizione artigianale e innovazione tecnologica e ha individuato nel design uno strumento e una risorsa competitiva.<\/p>\n\n\n\n<p>CURTI METALLO ha prototipato oggetti oltre l\u2019ordinario, dotati di carica identitaria e sense of humor.<\/p>\n\n\n\n<p>Essenziale e dal design senza tempo con packaging ridotto e low-cost, <strong>P-CHAIR<\/strong> di PIETRO BASTIA \u00e8 progettata per essere montata in 5 mosse. La <strong>libreria INFINITY<\/strong> disegnata da ERNESTO MESSINEO e <strong>CITYBOOK<\/strong> del duo MR.LESS &amp; MRS.MORE sono esempi compiuti di semplicit\u00e0 modulare.<\/p>\n\n\n\n<p>Nella collezione <strong>BRING<\/strong>, degli stessi MR.LESS &amp; MRS.MORE alias ANTONELLA DI LUCA E UBALDO RIGHI, la forma simbolica ed elemento distintivo \u00e8 l\u2019anello che <br>varia la funzione in relazione alla diversa dimensione: nell&#8217;appendiabiti e nel contenitore funge da gancio, mentre nel tavolino diventa \u201cpiercing\u201d e ne facilita <br>la presa. Il <strong>coffee-table <a href=\"https:\/\/socialdesignmagazine.com\/mag\/design\/c35-design\/youtool-presenta-a-open-design-italia-2012-i-primi-4-complementi-di-arredo-prodotti-da-curti-metallo\/\">EL SOMBRERO<\/a><\/strong>, la <strong>seduta <a href=\"https:\/\/socialdesignmagazine.com\/mag\/design\/c35-design\/youtool-presenta-a-open-design-italia-2012-i-primi-4-complementi-di-arredo-prodotti-da-curti-metallo\/\">ICS<\/a><\/strong> e lo <strong>sgabello <a href=\"https:\/\/socialdesignmagazine.com\/mag\/design\/c35-design\/youtool-presenta-a-open-design-italia-2012-i-primi-4-complementi-di-arredo-prodotti-da-curti-metallo\/\">SADDLE<\/a><\/strong>, tutti a firma dei torinesi di STUDIO 06 (alias ROBERTO GUADRINI, MASSIMO GUGLIELMOTTO, PAOLO MATTIOLO, MASSIMILIANO TURRA) sfidano pesi e spessori della lamiera per raggiungere risultati di estrema leggerezza, complice il colore che mimetizza il materiale e spalanca a interpretazioni formali divertite.<\/p>\n\n\n\n<p>Con <a href=\"https:\/\/socialdesignmagazine.com\/mag\/design\/c35-design\/youtool-presenta-a-open-design-italia-2012-i-primi-4-complementi-di-arredo-prodotti-da-curti-metallo\/\"><strong>APERTA PARENTESI<\/strong><\/a>, SARA VERLICCHI si fa poetica interprete di un appendiabiti modulare replicabile all\u2019infinito, che dal suolo prende linfa come albero allungato verso il cielo. DANIELA BONI con la <strong>lampada UOVO<\/strong> gioca sulla falsa percezione del materiale dipinto.<\/p>\n\n\n\n<p>Infine cinque interpretazioni per l\u2019ambiente bagno completano <strong>C_collection<\/strong> disegnata da ENRICO MARIA PASTORELLO, una linea di arredi nata da un\u2019intuizione formale che interpreta attraverso un segno essenziale, la C, diverse soluzioni per la casa.<\/p>\n\n\n<div class=\"wp-block-image\">\n<figure class=\"aligncenter size-large\"><img loading=\"lazy\" decoding=\"async\" width=\"720\" height=\"480\" data-attachment-id=\"11857\" data-permalink=\"https:\/\/socialdesignmagazine.com\/mag\/design\/curti-metallo-a-youtool-there-was-no-design-before-il-design-che-non-cera-fuorisalone-2013\/attachment\/c-collection-enrico-pastorello\/#content\" data-orig-file=\"https:\/\/socialdesignmagazine.com\/mag\/wp-content\/uploads\/2013\/03\/benedetto_youtool_fuorisalone_2013_C_collection_Enrico_Pastorello.jpg\" data-orig-size=\"720,480\" data-comments-opened=\"1\" data-image-meta=\"{&quot;aperture&quot;:&quot;11&quot;,&quot;credit&quot;:&quot;&quot;,&quot;camera&quot;:&quot;Canon EOS 5D Mark II&quot;,&quot;caption&quot;:&quot;&quot;,&quot;created_timestamp&quot;:&quot;1352810206&quot;,&quot;copyright&quot;:&quot;&quot;,&quot;focal_length&quot;:&quot;100&quot;,&quot;iso&quot;:&quot;100&quot;,&quot;shutter_speed&quot;:&quot;0.008&quot;,&quot;title&quot;:&quot;&quot;,&quot;orientation&quot;:&quot;1&quot;}\" data-image-title=\"C collection Enrico Pastorello\" data-image-description=\"\" data-image-caption=\"\" data-medium-file=\"https:\/\/socialdesignmagazine.com\/mag\/wp-content\/uploads\/2013\/03\/benedetto_youtool_fuorisalone_2013_C_collection_Enrico_Pastorello-396x256.jpg\" data-large-file=\"https:\/\/socialdesignmagazine.com\/mag\/wp-content\/uploads\/2013\/03\/benedetto_youtool_fuorisalone_2013_C_collection_Enrico_Pastorello.jpg\" src=\"https:\/\/socialdesignmagazine.com\/mag\/wp-content\/uploads\/2013\/03\/benedetto_youtool_fuorisalone_2013_C_collection_Enrico_Pastorello.jpg\" alt=\"C collection Enrico Pastorello\" class=\"wp-image-11857\" srcset=\"https:\/\/socialdesignmagazine.com\/mag\/wp-content\/uploads\/2013\/03\/benedetto_youtool_fuorisalone_2013_C_collection_Enrico_Pastorello.jpg 720w, https:\/\/socialdesignmagazine.com\/mag\/wp-content\/uploads\/2013\/03\/benedetto_youtool_fuorisalone_2013_C_collection_Enrico_Pastorello-100x66.jpg 100w\" sizes=\"auto, (max-width: 720px) 100vw, 720px\" \/><figcaption class=\"wp-element-caption\">C collection Enrico Pastorello<\/figcaption><\/figure>\n<\/div>\n\n<div class=\"wp-block-image\">\n<figure class=\"aligncenter size-large\"><img loading=\"lazy\" decoding=\"async\" width=\"720\" height=\"1007\" data-attachment-id=\"11858\" data-permalink=\"https:\/\/socialdesignmagazine.com\/mag\/design\/curti-metallo-a-youtool-there-was-no-design-before-il-design-che-non-cera-fuorisalone-2013\/attachment\/bring-youtool-fuorisalone-2013\/#content\" data-orig-file=\"https:\/\/socialdesignmagazine.com\/mag\/wp-content\/uploads\/2013\/03\/benedetto_youtool_fuorisalone_2013_BRING_youtool_fuorisalone_2013.jpg\" data-orig-size=\"720,1007\" data-comments-opened=\"1\" data-image-meta=\"{&quot;aperture&quot;:&quot;13&quot;,&quot;credit&quot;:&quot;&quot;,&quot;camera&quot;:&quot;Canon EOS 5D Mark II&quot;,&quot;caption&quot;:&quot;&quot;,&quot;created_timestamp&quot;:&quot;1356271285&quot;,&quot;copyright&quot;:&quot;&quot;,&quot;focal_length&quot;:&quot;45&quot;,&quot;iso&quot;:&quot;100&quot;,&quot;shutter_speed&quot;:&quot;1&quot;,&quot;title&quot;:&quot;&quot;,&quot;orientation&quot;:&quot;1&quot;}\" data-image-title=\"BRING youtool fuorisalone 2013\" data-image-description=\"\" data-image-caption=\"\" data-medium-file=\"https:\/\/socialdesignmagazine.com\/mag\/wp-content\/uploads\/2013\/03\/benedetto_youtool_fuorisalone_2013_BRING_youtool_fuorisalone_2013-396x256.jpg\" data-large-file=\"https:\/\/socialdesignmagazine.com\/mag\/wp-content\/uploads\/2013\/03\/benedetto_youtool_fuorisalone_2013_BRING_youtool_fuorisalone_2013.jpg\" src=\"https:\/\/socialdesignmagazine.com\/mag\/wp-content\/uploads\/2013\/03\/benedetto_youtool_fuorisalone_2013_BRING_youtool_fuorisalone_2013.jpg\" alt=\"BRING youtool fuorisalone 2013\" class=\"wp-image-11858\"\/><figcaption class=\"wp-element-caption\">BRING youtool fuorisalone 2013<\/figcaption><\/figure>\n<\/div>\n\n<div class=\"wp-block-image\">\n<figure class=\"aligncenter size-large\"><img loading=\"lazy\" decoding=\"async\" width=\"720\" height=\"480\" data-attachment-id=\"11859\" data-permalink=\"https:\/\/socialdesignmagazine.com\/mag\/design\/curti-metallo-a-youtool-there-was-no-design-before-il-design-che-non-cera-fuorisalone-2013\/attachment\/housebook-citybook\/#content\" data-orig-file=\"https:\/\/socialdesignmagazine.com\/mag\/wp-content\/uploads\/2013\/03\/benedetto_youtool_fuorisalone_2013_HOUSEBOOK_CITYBOOK.jpg\" data-orig-size=\"720,480\" data-comments-opened=\"1\" data-image-meta=\"{&quot;aperture&quot;:&quot;11&quot;,&quot;credit&quot;:&quot;&quot;,&quot;camera&quot;:&quot;Canon EOS 5D Mark II&quot;,&quot;caption&quot;:&quot;&quot;,&quot;created_timestamp&quot;:&quot;1363962957&quot;,&quot;copyright&quot;:&quot;&quot;,&quot;focal_length&quot;:&quot;45&quot;,&quot;iso&quot;:&quot;100&quot;,&quot;shutter_speed&quot;:&quot;0.166666666667&quot;,&quot;title&quot;:&quot;&quot;,&quot;orientation&quot;:&quot;1&quot;}\" data-image-title=\"HOUSEBOOK CITYBOOK\" data-image-description=\"\" data-image-caption=\"\" data-medium-file=\"https:\/\/socialdesignmagazine.com\/mag\/wp-content\/uploads\/2013\/03\/benedetto_youtool_fuorisalone_2013_HOUSEBOOK_CITYBOOK-396x256.jpg\" data-large-file=\"https:\/\/socialdesignmagazine.com\/mag\/wp-content\/uploads\/2013\/03\/benedetto_youtool_fuorisalone_2013_HOUSEBOOK_CITYBOOK.jpg\" src=\"https:\/\/socialdesignmagazine.com\/mag\/wp-content\/uploads\/2013\/03\/benedetto_youtool_fuorisalone_2013_HOUSEBOOK_CITYBOOK.jpg\" alt=\"HOUSEBOOK CITYBOOK\" class=\"wp-image-11859\" srcset=\"https:\/\/socialdesignmagazine.com\/mag\/wp-content\/uploads\/2013\/03\/benedetto_youtool_fuorisalone_2013_HOUSEBOOK_CITYBOOK.jpg 720w, https:\/\/socialdesignmagazine.com\/mag\/wp-content\/uploads\/2013\/03\/benedetto_youtool_fuorisalone_2013_HOUSEBOOK_CITYBOOK-100x66.jpg 100w\" sizes=\"auto, (max-width: 720px) 100vw, 720px\" \/><figcaption class=\"wp-element-caption\">HOUSEBOOK CITYBOOK<\/figcaption><\/figure>\n<\/div>\n\n<div class=\"wp-block-image\">\n<figure class=\"aligncenter size-large\"><img loading=\"lazy\" decoding=\"async\" width=\"720\" height=\"1084\" data-attachment-id=\"11860\" data-permalink=\"https:\/\/socialdesignmagazine.com\/mag\/design\/curti-metallo-a-youtool-there-was-no-design-before-il-design-che-non-cera-fuorisalone-2013\/attachment\/housebook-youtool-fuorisalone-2013-01\/#content\" data-orig-file=\"https:\/\/socialdesignmagazine.com\/mag\/wp-content\/uploads\/2013\/03\/benedetto_youtool_fuorisalone_2013_HOUSEBOOK_youtool_fuorisalone_2013_01.jpg\" data-orig-size=\"720,1084\" data-comments-opened=\"1\" data-image-meta=\"{&quot;aperture&quot;:&quot;5&quot;,&quot;credit&quot;:&quot;&quot;,&quot;camera&quot;:&quot;NIKON D5000&quot;,&quot;caption&quot;:&quot;&quot;,&quot;created_timestamp&quot;:&quot;1315046504&quot;,&quot;copyright&quot;:&quot;&quot;,&quot;focal_length&quot;:&quot;26&quot;,&quot;iso&quot;:&quot;200&quot;,&quot;shutter_speed&quot;:&quot;0.01&quot;,&quot;title&quot;:&quot;&quot;,&quot;orientation&quot;:&quot;1&quot;}\" data-image-title=\"HOUSEBOOK youtool fuorisalone 2013 01\" data-image-description=\"\" data-image-caption=\"\" data-medium-file=\"https:\/\/socialdesignmagazine.com\/mag\/wp-content\/uploads\/2013\/03\/benedetto_youtool_fuorisalone_2013_HOUSEBOOK_youtool_fuorisalone_2013_01-396x256.jpg\" data-large-file=\"https:\/\/socialdesignmagazine.com\/mag\/wp-content\/uploads\/2013\/03\/benedetto_youtool_fuorisalone_2013_HOUSEBOOK_youtool_fuorisalone_2013_01.jpg\" src=\"https:\/\/socialdesignmagazine.com\/mag\/wp-content\/uploads\/2013\/03\/benedetto_youtool_fuorisalone_2013_HOUSEBOOK_youtool_fuorisalone_2013_01.jpg\" alt=\"HOUSEBOOK youtool fuorisalone 2013 01\" class=\"wp-image-11860\"\/><figcaption class=\"wp-element-caption\">HOUSEBOOK youtool fuorisalone 2013 01<\/figcaption><\/figure>\n<\/div>\n\n<div class=\"wp-block-image\">\n<figure class=\"aligncenter size-large\"><img loading=\"lazy\" decoding=\"async\" width=\"720\" height=\"720\" data-attachment-id=\"11861\" data-permalink=\"https:\/\/socialdesignmagazine.com\/mag\/design\/curti-metallo-a-youtool-there-was-no-design-before-il-design-che-non-cera-fuorisalone-2013\/attachment\/housebook-youtool-fuorisalone-2013-02\/#content\" data-orig-file=\"https:\/\/socialdesignmagazine.com\/mag\/wp-content\/uploads\/2013\/03\/benedetto_youtool_fuorisalone_2013_HOUSEBOOK_youtool_fuorisalone_2013_02.jpg\" data-orig-size=\"720,720\" data-comments-opened=\"1\" data-image-meta=\"{&quot;aperture&quot;:&quot;5&quot;,&quot;credit&quot;:&quot;&quot;,&quot;camera&quot;:&quot;NIKON D5000&quot;,&quot;caption&quot;:&quot;&quot;,&quot;created_timestamp&quot;:&quot;1315046828&quot;,&quot;copyright&quot;:&quot;&quot;,&quot;focal_length&quot;:&quot;50&quot;,&quot;iso&quot;:&quot;200&quot;,&quot;shutter_speed&quot;:&quot;0.0166666666667&quot;,&quot;title&quot;:&quot;&quot;,&quot;orientation&quot;:&quot;1&quot;}\" data-image-title=\"HOUSEBOOK youtool fuorisalone 2013 02\" data-image-description=\"\" data-image-caption=\"\" data-medium-file=\"https:\/\/socialdesignmagazine.com\/mag\/wp-content\/uploads\/2013\/03\/benedetto_youtool_fuorisalone_2013_HOUSEBOOK_youtool_fuorisalone_2013_02-396x256.jpg\" data-large-file=\"https:\/\/socialdesignmagazine.com\/mag\/wp-content\/uploads\/2013\/03\/benedetto_youtool_fuorisalone_2013_HOUSEBOOK_youtool_fuorisalone_2013_02.jpg\" src=\"https:\/\/socialdesignmagazine.com\/mag\/wp-content\/uploads\/2013\/03\/benedetto_youtool_fuorisalone_2013_HOUSEBOOK_youtool_fuorisalone_2013_02.jpg\" alt=\"HOUSEBOOK youtool fuorisalone 2013 02\" class=\"wp-image-11861\" srcset=\"https:\/\/socialdesignmagazine.com\/mag\/wp-content\/uploads\/2013\/03\/benedetto_youtool_fuorisalone_2013_HOUSEBOOK_youtool_fuorisalone_2013_02.jpg 720w, https:\/\/socialdesignmagazine.com\/mag\/wp-content\/uploads\/2013\/03\/benedetto_youtool_fuorisalone_2013_HOUSEBOOK_youtool_fuorisalone_2013_02-65x65.jpg 65w\" sizes=\"auto, (max-width: 720px) 100vw, 720px\" \/><figcaption class=\"wp-element-caption\">HOUSEBOOK youtool fuorisalone 2013 02<\/figcaption><\/figure>\n<\/div>\n\n<div class=\"wp-block-image\">\n<figure class=\"aligncenter size-large\"><img loading=\"lazy\" decoding=\"async\" width=\"720\" height=\"1084\" data-attachment-id=\"11862\" data-permalink=\"https:\/\/socialdesignmagazine.com\/mag\/design\/curti-metallo-a-youtool-there-was-no-design-before-il-design-che-non-cera-fuorisalone-2013\/attachment\/housebook-youtool-fuorisalone-2013-03\/#content\" data-orig-file=\"https:\/\/socialdesignmagazine.com\/mag\/wp-content\/uploads\/2013\/03\/benedetto_youtool_fuorisalone_2013_HOUSEBOOK_youtool_fuorisalone_2013_03.jpg\" data-orig-size=\"720,1084\" data-comments-opened=\"1\" data-image-meta=\"{&quot;aperture&quot;:&quot;6.3&quot;,&quot;credit&quot;:&quot;&quot;,&quot;camera&quot;:&quot;NIKON D5000&quot;,&quot;caption&quot;:&quot;&quot;,&quot;created_timestamp&quot;:&quot;1315047192&quot;,&quot;copyright&quot;:&quot;&quot;,&quot;focal_length&quot;:&quot;35&quot;,&quot;iso&quot;:&quot;200&quot;,&quot;shutter_speed&quot;:&quot;0.00625&quot;,&quot;title&quot;:&quot;&quot;,&quot;orientation&quot;:&quot;1&quot;}\" data-image-title=\"HOUSEBOOK youtool fuorisalone 2013 03\" data-image-description=\"\" data-image-caption=\"\" data-medium-file=\"https:\/\/socialdesignmagazine.com\/mag\/wp-content\/uploads\/2013\/03\/benedetto_youtool_fuorisalone_2013_HOUSEBOOK_youtool_fuorisalone_2013_03-396x256.jpg\" data-large-file=\"https:\/\/socialdesignmagazine.com\/mag\/wp-content\/uploads\/2013\/03\/benedetto_youtool_fuorisalone_2013_HOUSEBOOK_youtool_fuorisalone_2013_03.jpg\" src=\"https:\/\/socialdesignmagazine.com\/mag\/wp-content\/uploads\/2013\/03\/benedetto_youtool_fuorisalone_2013_HOUSEBOOK_youtool_fuorisalone_2013_03.jpg\" alt=\"HOUSEBOOK youtool fuorisalone 2013 03\" class=\"wp-image-11862\"\/><figcaption class=\"wp-element-caption\">HOUSEBOOK youtool fuorisalone 2013 03<\/figcaption><\/figure>\n<\/div>\n\n<div class=\"wp-block-image\">\n<figure class=\"aligncenter size-large\"><img loading=\"lazy\" decoding=\"async\" width=\"720\" height=\"480\" data-attachment-id=\"11863\" data-permalink=\"https:\/\/socialdesignmagazine.com\/mag\/design\/curti-metallo-a-youtool-there-was-no-design-before-il-design-che-non-cera-fuorisalone-2013\/attachment\/uovo-youtool-fuorisalone-2013\/#content\" data-orig-file=\"https:\/\/socialdesignmagazine.com\/mag\/wp-content\/uploads\/2013\/03\/benedetto_youtool_fuorisalone_2013_UOVO_youtool_fuorisalone_2013.jpg\" data-orig-size=\"720,480\" data-comments-opened=\"1\" data-image-meta=\"{&quot;aperture&quot;:&quot;14&quot;,&quot;credit&quot;:&quot;&quot;,&quot;camera&quot;:&quot;Canon EOS 5D Mark II&quot;,&quot;caption&quot;:&quot;&quot;,&quot;created_timestamp&quot;:&quot;1363967027&quot;,&quot;copyright&quot;:&quot;&quot;,&quot;focal_length&quot;:&quot;45&quot;,&quot;iso&quot;:&quot;100&quot;,&quot;shutter_speed&quot;:&quot;3.2&quot;,&quot;title&quot;:&quot;&quot;,&quot;orientation&quot;:&quot;1&quot;}\" data-image-title=\"UOVO youtool fuorisalone 2013\" data-image-description=\"\" data-image-caption=\"\" data-medium-file=\"https:\/\/socialdesignmagazine.com\/mag\/wp-content\/uploads\/2013\/03\/benedetto_youtool_fuorisalone_2013_UOVO_youtool_fuorisalone_2013-396x256.jpg\" data-large-file=\"https:\/\/socialdesignmagazine.com\/mag\/wp-content\/uploads\/2013\/03\/benedetto_youtool_fuorisalone_2013_UOVO_youtool_fuorisalone_2013.jpg\" src=\"https:\/\/socialdesignmagazine.com\/mag\/wp-content\/uploads\/2013\/03\/benedetto_youtool_fuorisalone_2013_UOVO_youtool_fuorisalone_2013.jpg\" alt=\"UOVO youtool fuorisalone 2013\" class=\"wp-image-11863\" srcset=\"https:\/\/socialdesignmagazine.com\/mag\/wp-content\/uploads\/2013\/03\/benedetto_youtool_fuorisalone_2013_UOVO_youtool_fuorisalone_2013.jpg 720w, https:\/\/socialdesignmagazine.com\/mag\/wp-content\/uploads\/2013\/03\/benedetto_youtool_fuorisalone_2013_UOVO_youtool_fuorisalone_2013-100x66.jpg 100w\" sizes=\"auto, (max-width: 720px) 100vw, 720px\" \/><figcaption class=\"wp-element-caption\">UOVO youtool fuorisalone 2013<\/figcaption><\/figure>\n<\/div>\n\n<div class=\"wp-block-image\">\n<figure class=\"aligncenter size-large\"><img loading=\"lazy\" decoding=\"async\" width=\"720\" height=\"540\" data-attachment-id=\"11864\" data-permalink=\"https:\/\/socialdesignmagazine.com\/mag\/design\/curti-metallo-a-youtool-there-was-no-design-before-il-design-che-non-cera-fuorisalone-2013\/attachment\/infinity-modular-bookcase-hr\/#content\" data-orig-file=\"https:\/\/socialdesignmagazine.com\/mag\/wp-content\/uploads\/2013\/03\/benedetto_youtool_fuorisalone_2013_INFINITY_modular_bookcase_HR.jpg\" data-orig-size=\"720,540\" data-comments-opened=\"1\" data-image-meta=\"{&quot;aperture&quot;:&quot;0&quot;,&quot;credit&quot;:&quot;&quot;,&quot;camera&quot;:&quot;&quot;,&quot;caption&quot;:&quot;&quot;,&quot;created_timestamp&quot;:&quot;0&quot;,&quot;copyright&quot;:&quot;&quot;,&quot;focal_length&quot;:&quot;0&quot;,&quot;iso&quot;:&quot;0&quot;,&quot;shutter_speed&quot;:&quot;0&quot;,&quot;title&quot;:&quot;&quot;,&quot;orientation&quot;:&quot;1&quot;}\" data-image-title=\"INFINITY modular bookcase HR\" data-image-description=\"\" data-image-caption=\"\" data-medium-file=\"https:\/\/socialdesignmagazine.com\/mag\/wp-content\/uploads\/2013\/03\/benedetto_youtool_fuorisalone_2013_INFINITY_modular_bookcase_HR-396x256.jpg\" data-large-file=\"https:\/\/socialdesignmagazine.com\/mag\/wp-content\/uploads\/2013\/03\/benedetto_youtool_fuorisalone_2013_INFINITY_modular_bookcase_HR.jpg\" src=\"https:\/\/socialdesignmagazine.com\/mag\/wp-content\/uploads\/2013\/03\/benedetto_youtool_fuorisalone_2013_INFINITY_modular_bookcase_HR.jpg\" alt=\"INFINITY modular bookcase HR\" class=\"wp-image-11864\"\/><figcaption class=\"wp-element-caption\">INFINITY modular bookcase HR<\/figcaption><\/figure>\n<\/div>\n\n\n<p>Foto: Luca Capuano<\/p>\n","protected":false,"gt_translate_keys":[{"key":"rendered","format":"html"}]},"excerpt":{"rendered":"<p>CURTI METALLO e YOUTOOL presentano a Milano durante la settimana del design 2013 nel distretto di Ventura Lambrate, la prima collezione di arredi interamente prodotta in lamiera e disegnata da 7 giovani studi e designer<\/p>\n","protected":false,"gt_translate_keys":[{"key":"rendered","format":"html"}]},"author":1,"featured_media":11856,"comment_status":"open","ping_status":"open","sticky":false,"template":"","format":"standard","meta":{"jetpack_post_was_ever_published":false,"_jetpack_newsletter_access":"","_jetpack_dont_email_post_to_subs":false,"_jetpack_newsletter_tier_id":0,"_jetpack_memberships_contains_paywalled_content":false,"_jetpack_memberships_contains_paid_content":false,"footnotes":"","_wpscppro_dont_share_socialmedia":false,"_wpscppro_custom_social_share_image":0,"_facebook_share_type":"","_twitter_share_type":"","_linkedin_share_type":"","_pinterest_share_type":"","_linkedin_share_type_page":"","_instagram_share_type":"","_medium_share_type":"","_threads_share_type":"","_google_business_share_type":"","_selected_social_profile":[],"_wpsp_enable_custom_social_template":false,"_wpsp_social_scheduling":{"enabled":false,"datetime":null,"platforms":[],"status":"template_only","dateOption":"today","timeOption":"now","customDays":"","customHours":"","customDate":"","customTime":"","schedulingType":"absolute"},"_wpsp_active_default_template":true},"categories":[13],"tags":[2956,2512,1258,2721],"class_list":["post-2024","post","type-post","status-publish","format-standard","has-post-thumbnail","hentry","category-design","tag-fuorisalone-2013","tag-salone-del-mobile-2013","tag-ventura-lambrate","tag-youtool"],"yoast_head":"<!-- This site is optimized with the Yoast SEO plugin v27.2 - https:\/\/yoast.com\/product\/yoast-seo-wordpress\/ -->\n<title>CURTI METALLO &amp; YOUTOOL THERE WAS NO DESIGN BEFORE (Il design che non c\u2019era), Fuorisalone 2013 - Social Design Magazine<\/title>\n<meta name=\"description\" content=\"CURTI METALLO e YOUTOOL presentano a Milano durante la settimana del design 2013 nel distretto di Ventura Lambrate, la prima collezione di arredi interamente prodotta in lamiera e disegnata da 7 giovani studi e designer\" \/>\n<meta name=\"robots\" content=\"index, follow, max-snippet:-1, max-image-preview:large, max-video-preview:-1\" \/>\n<link rel=\"canonical\" href=\"https:\/\/socialdesignmagazine.com\/mag\/design\/curti-metallo-a-youtool-there-was-no-design-before-il-design-che-non-cera-fuorisalone-2013\/\" \/>\n<meta property=\"og:locale\" content=\"it_IT\" \/>\n<meta property=\"og:type\" content=\"article\" \/>\n<meta property=\"og:title\" content=\"CURTI METALLO &amp; YOUTOOL THERE WAS NO DESIGN BEFORE (Il design che non c\u2019era), Fuorisalone 2013 - Social Design Magazine\" \/>\n<meta property=\"og:description\" content=\"CURTI METALLO e YOUTOOL presentano a Milano durante la settimana del design 2013 nel distretto di Ventura Lambrate, la prima collezione di arredi interamente prodotta in lamiera e disegnata da 7 giovani studi e designer\" \/>\n<meta property=\"og:url\" content=\"http:\/\/socialdesignmagazine.com\/mag\/design\/curti-metallo-a-youtool-there-was-no-design-before-il-design-che-non-cera-fuorisalone-2013\/\" \/>\n<meta property=\"og:site_name\" content=\"Social Design Magazine\" \/>\n<meta property=\"article:publisher\" content=\"https:\/\/www.facebook.com\/socialdesignmag\" \/>\n<meta property=\"article:author\" content=\"https:\/\/www.facebook.com\/benedettofiori\" \/>\n<meta property=\"article:published_time\" content=\"2013-03-30T11:00:00+00:00\" \/>\n<meta property=\"article:modified_time\" content=\"2024-05-28T20:58:42+00:00\" \/>\n<meta property=\"og:image\" content=\"https:\/\/socialdesignmagazine.com\/mag\/wp-content\/uploads\/2013\/03\/benedetto_youtool_fuorisalone_2013_youtool_fuorisalone_2013.jpg\" \/>\n\t<meta property=\"og:image:width\" content=\"720\" \/>\n\t<meta property=\"og:image:height\" content=\"480\" \/>\n\t<meta property=\"og:image:type\" content=\"image\/jpeg\" \/>\n<meta name=\"author\" content=\"Benedetto Fiori\" \/>\n<meta name=\"twitter:card\" content=\"summary_large_image\" \/>\n<meta name=\"twitter:creator\" content=\"@benedettofiori\" \/>\n<meta name=\"twitter:site\" content=\"@socialdesignmag\" \/>\n<meta name=\"twitter:label1\" content=\"Scritto da\" \/>\n\t<meta name=\"twitter:data1\" content=\"Benedetto Fiori\" \/>\n\t<meta name=\"twitter:label2\" content=\"Tempo di lettura stimato\" \/>\n\t<meta name=\"twitter:data2\" content=\"5 minuti\" \/>\n<script type=\"application\/ld+json\" class=\"yoast-schema-graph\">{\"@context\":\"https:\/\/schema.org\",\"@graph\":[{\"@type\":\"Article\",\"@id\":\"https:\/\/socialdesignmagazine.com\/mag\/design\/curti-metallo-a-youtool-there-was-no-design-before-il-design-che-non-cera-fuorisalone-2013\/#article\",\"isPartOf\":{\"@id\":\"https:\/\/socialdesignmagazine.com\/mag\/design\/curti-metallo-a-youtool-there-was-no-design-before-il-design-che-non-cera-fuorisalone-2013\/\"},\"author\":{\"name\":\"Benedetto Fiori\",\"@id\":\"https:\/\/socialdesignmagazine.com\/mag\/#\/schema\/person\/61e20205cc363c315e6aabd33a045846\"},\"headline\":\"CURTI METALLO &amp; YOUTOOL THERE WAS NO DESIGN BEFORE (Il design che non c\u2019era), Fuorisalone 2013\",\"datePublished\":\"2013-03-30T11:00:00+00:00\",\"dateModified\":\"2024-05-28T20:58:42+00:00\",\"mainEntityOfPage\":{\"@id\":\"https:\/\/socialdesignmagazine.com\/mag\/design\/curti-metallo-a-youtool-there-was-no-design-before-il-design-che-non-cera-fuorisalone-2013\/\"},\"wordCount\":529,\"commentCount\":0,\"publisher\":{\"@id\":\"https:\/\/socialdesignmagazine.com\/mag\/#organization\"},\"image\":{\"@id\":\"https:\/\/socialdesignmagazine.com\/mag\/design\/curti-metallo-a-youtool-there-was-no-design-before-il-design-che-non-cera-fuorisalone-2013\/#primaryimage\"},\"thumbnailUrl\":\"https:\/\/socialdesignmagazine.com\/mag\/wp-content\/uploads\/2013\/03\/benedetto_youtool_fuorisalone_2013_youtool_fuorisalone_2013.jpg\",\"keywords\":[\"fuorisalone 2013\",\"salone del mobile 2013\",\"ventura lambrate\",\"youtool\"],\"articleSection\":[\"Design\"],\"inLanguage\":\"it-IT\",\"potentialAction\":[{\"@type\":\"CommentAction\",\"name\":\"Comment\",\"target\":[\"https:\/\/socialdesignmagazine.com\/mag\/design\/curti-metallo-a-youtool-there-was-no-design-before-il-design-che-non-cera-fuorisalone-2013\/#respond\"]}]},{\"@type\":\"WebPage\",\"@id\":\"https:\/\/socialdesignmagazine.com\/mag\/design\/curti-metallo-a-youtool-there-was-no-design-before-il-design-che-non-cera-fuorisalone-2013\/\",\"url\":\"https:\/\/socialdesignmagazine.com\/mag\/design\/curti-metallo-a-youtool-there-was-no-design-before-il-design-che-non-cera-fuorisalone-2013\/\",\"name\":\"CURTI METALLO &amp; YOUTOOL THERE WAS NO DESIGN BEFORE (Il design che non c\u2019era), Fuorisalone 2013 - Social Design Magazine\",\"isPartOf\":{\"@id\":\"https:\/\/socialdesignmagazine.com\/mag\/#website\"},\"primaryImageOfPage\":{\"@id\":\"https:\/\/socialdesignmagazine.com\/mag\/design\/curti-metallo-a-youtool-there-was-no-design-before-il-design-che-non-cera-fuorisalone-2013\/#primaryimage\"},\"image\":{\"@id\":\"https:\/\/socialdesignmagazine.com\/mag\/design\/curti-metallo-a-youtool-there-was-no-design-before-il-design-che-non-cera-fuorisalone-2013\/#primaryimage\"},\"thumbnailUrl\":\"https:\/\/socialdesignmagazine.com\/mag\/wp-content\/uploads\/2013\/03\/benedetto_youtool_fuorisalone_2013_youtool_fuorisalone_2013.jpg\",\"datePublished\":\"2013-03-30T11:00:00+00:00\",\"dateModified\":\"2024-05-28T20:58:42+00:00\",\"description\":\"CURTI METALLO e YOUTOOL presentano a Milano durante la settimana del design 2013 nel distretto di Ventura Lambrate, la prima collezione di arredi interamente prodotta in lamiera e disegnata da 7 giovani studi e designer\",\"breadcrumb\":{\"@id\":\"https:\/\/socialdesignmagazine.com\/mag\/design\/curti-metallo-a-youtool-there-was-no-design-before-il-design-che-non-cera-fuorisalone-2013\/#breadcrumb\"},\"inLanguage\":\"it-IT\",\"potentialAction\":[{\"@type\":\"ReadAction\",\"target\":[\"https:\/\/socialdesignmagazine.com\/mag\/design\/curti-metallo-a-youtool-there-was-no-design-before-il-design-che-non-cera-fuorisalone-2013\/\"]}]},{\"@type\":\"ImageObject\",\"inLanguage\":\"it-IT\",\"@id\":\"https:\/\/socialdesignmagazine.com\/mag\/design\/curti-metallo-a-youtool-there-was-no-design-before-il-design-che-non-cera-fuorisalone-2013\/#primaryimage\",\"url\":\"https:\/\/socialdesignmagazine.com\/mag\/wp-content\/uploads\/2013\/03\/benedetto_youtool_fuorisalone_2013_youtool_fuorisalone_2013.jpg\",\"contentUrl\":\"https:\/\/socialdesignmagazine.com\/mag\/wp-content\/uploads\/2013\/03\/benedetto_youtool_fuorisalone_2013_youtool_fuorisalone_2013.jpg\",\"width\":720,\"height\":480,\"caption\":\"youtool fuorisalone 2013\"},{\"@type\":\"BreadcrumbList\",\"@id\":\"https:\/\/socialdesignmagazine.com\/mag\/design\/curti-metallo-a-youtool-there-was-no-design-before-il-design-che-non-cera-fuorisalone-2013\/#breadcrumb\",\"itemListElement\":[{\"@type\":\"ListItem\",\"position\":1,\"name\":\"Home\",\"item\":\"https:\/\/socialdesignmagazine.com\/mag\/\"},{\"@type\":\"ListItem\",\"position\":2,\"name\":\"Design\",\"item\":\"https:\/\/socialdesignmagazine.com\/mag\/design\/\"},{\"@type\":\"ListItem\",\"position\":3,\"name\":\"CURTI METALLO &amp; YOUTOOL THERE WAS NO DESIGN BEFORE (Il design che non c\u2019era), Fuorisalone 2013\"}]},{\"@type\":\"WebSite\",\"@id\":\"https:\/\/socialdesignmagazine.com\/mag\/#website\",\"url\":\"https:\/\/socialdesignmagazine.com\/mag\/\",\"name\":\"Social Design Magazine\",\"description\":\"Social Magazine su Design, Architettura, Arte, Grafica\",\"publisher\":{\"@id\":\"https:\/\/socialdesignmagazine.com\/mag\/#organization\"},\"potentialAction\":[{\"@type\":\"SearchAction\",\"target\":{\"@type\":\"EntryPoint\",\"urlTemplate\":\"https:\/\/socialdesignmagazine.com\/mag\/?s={search_term_string}\"},\"query-input\":{\"@type\":\"PropertyValueSpecification\",\"valueRequired\":true,\"valueName\":\"search_term_string\"}}],\"inLanguage\":\"it-IT\"},{\"@type\":\"Organization\",\"@id\":\"https:\/\/socialdesignmagazine.com\/mag\/#organization\",\"name\":\"Social Design Magazine\",\"url\":\"https:\/\/socialdesignmagazine.com\/mag\/\",\"logo\":{\"@type\":\"ImageObject\",\"inLanguage\":\"it-IT\",\"@id\":\"https:\/\/socialdesignmagazine.com\/mag\/#\/schema\/logo\/image\/\",\"url\":\"https:\/\/socialdesignmagazine.com\/mag\/wp-content\/uploads\/2017\/01\/logo_favicon_11.png\",\"contentUrl\":\"https:\/\/socialdesignmagazine.com\/mag\/wp-content\/uploads\/2017\/01\/logo_favicon_11.png\",\"width\":1024,\"height\":1024,\"caption\":\"Social Design Magazine\"},\"image\":{\"@id\":\"https:\/\/socialdesignmagazine.com\/mag\/#\/schema\/logo\/image\/\"},\"sameAs\":[\"https:\/\/www.facebook.com\/socialdesignmag\",\"https:\/\/x.com\/socialdesignmag\",\"http:\/\/instagram.com\/social_design_magazine\/\",\"http:\/\/pinterest.com\/socialdesignmag\/\",\"http:\/\/www.youtube.com\/user\/socialdesignmagazine\"]},{\"@type\":\"Person\",\"@id\":\"https:\/\/socialdesignmagazine.com\/mag\/#\/schema\/person\/61e20205cc363c315e6aabd33a045846\",\"name\":\"Benedetto Fiori\",\"image\":{\"@type\":\"ImageObject\",\"inLanguage\":\"it-IT\",\"@id\":\"https:\/\/secure.gravatar.com\/avatar\/450a48cefa36da63d920ad70aa660bd10725b1c6093800242e5efdb397759033?s=96&d=mm&r=g\",\"url\":\"https:\/\/secure.gravatar.com\/avatar\/450a48cefa36da63d920ad70aa660bd10725b1c6093800242e5efdb397759033?s=96&d=mm&r=g\",\"contentUrl\":\"https:\/\/secure.gravatar.com\/avatar\/450a48cefa36da63d920ad70aa660bd10725b1c6093800242e5efdb397759033?s=96&d=mm&r=g\",\"caption\":\"Benedetto Fiori\"},\"description\":\"Web | Twitter | Facebook | Shutterstock Founder &amp; Editor in Chief di Social Design Magazine. Attratto da sempre da tutto ci\u00f2 che \u00e8 creativit\u00e0, design, architettura. Dopo aver studiato Architettura all'Universit\u00e0 di Firenze, si \u00e8 impegnato in molteplici campi: comunicazione grafica, progettazione di allestimenti fieristici, brand design, Interior Design.\",\"sameAs\":[\"http:\/\/benedettofiori.com\",\"https:\/\/www.facebook.com\/benedettofiori\",\"https:\/\/x.com\/benedettofiori\"],\"url\":\"https:\/\/socialdesignmagazine.com\/mag\/author\/benedetto\/\"}]}<\/script>\n<!-- \/ Yoast SEO plugin. -->","yoast_head_json":{"title":"CURTI METALLO &amp; YOUTOOL THERE WAS NO DESIGN BEFORE (Il design che non c\u2019era), Fuorisalone 2013 - Social Design Magazine","description":"CURTI METALLO e YOUTOOL presentano a Milano durante la settimana del design 2013 nel distretto di Ventura Lambrate, la prima collezione di arredi interamente prodotta in lamiera e disegnata da 7 giovani studi e designer","robots":{"index":"index","follow":"follow","max-snippet":"max-snippet:-1","max-image-preview":"max-image-preview:large","max-video-preview":"max-video-preview:-1"},"canonical":"https:\/\/socialdesignmagazine.com\/mag\/design\/curti-metallo-a-youtool-there-was-no-design-before-il-design-che-non-cera-fuorisalone-2013\/","og_locale":"it_IT","og_type":"article","og_title":"CURTI METALLO &amp; YOUTOOL THERE WAS NO DESIGN BEFORE (Il design che non c\u2019era), Fuorisalone 2013 - Social Design Magazine","og_description":"CURTI METALLO e YOUTOOL presentano a Milano durante la settimana del design 2013 nel distretto di Ventura Lambrate, la prima collezione di arredi interamente prodotta in lamiera e disegnata da 7 giovani studi e designer","og_url":"http:\/\/socialdesignmagazine.com\/mag\/design\/curti-metallo-a-youtool-there-was-no-design-before-il-design-che-non-cera-fuorisalone-2013\/","og_site_name":"Social Design Magazine","article_publisher":"https:\/\/www.facebook.com\/socialdesignmag","article_author":"https:\/\/www.facebook.com\/benedettofiori","article_published_time":"2013-03-30T11:00:00+00:00","article_modified_time":"2024-05-28T20:58:42+00:00","og_image":[{"width":720,"height":480,"url":"https:\/\/socialdesignmagazine.com\/mag\/wp-content\/uploads\/2013\/03\/benedetto_youtool_fuorisalone_2013_youtool_fuorisalone_2013.jpg","type":"image\/jpeg"}],"author":"Benedetto Fiori","twitter_card":"summary_large_image","twitter_creator":"@benedettofiori","twitter_site":"@socialdesignmag","twitter_misc":{"Scritto da":"Benedetto Fiori","Tempo di lettura stimato":"5 minuti"},"schema":{"@context":"https:\/\/schema.org","@graph":[{"@type":"Article","@id":"https:\/\/socialdesignmagazine.com\/mag\/design\/curti-metallo-a-youtool-there-was-no-design-before-il-design-che-non-cera-fuorisalone-2013\/#article","isPartOf":{"@id":"https:\/\/socialdesignmagazine.com\/mag\/design\/curti-metallo-a-youtool-there-was-no-design-before-il-design-che-non-cera-fuorisalone-2013\/"},"author":{"name":"Benedetto Fiori","@id":"https:\/\/socialdesignmagazine.com\/mag\/#\/schema\/person\/61e20205cc363c315e6aabd33a045846"},"headline":"CURTI METALLO &amp; YOUTOOL THERE WAS NO DESIGN BEFORE (Il design che non c\u2019era), Fuorisalone 2013","datePublished":"2013-03-30T11:00:00+00:00","dateModified":"2024-05-28T20:58:42+00:00","mainEntityOfPage":{"@id":"https:\/\/socialdesignmagazine.com\/mag\/design\/curti-metallo-a-youtool-there-was-no-design-before-il-design-che-non-cera-fuorisalone-2013\/"},"wordCount":529,"commentCount":0,"publisher":{"@id":"https:\/\/socialdesignmagazine.com\/mag\/#organization"},"image":{"@id":"https:\/\/socialdesignmagazine.com\/mag\/design\/curti-metallo-a-youtool-there-was-no-design-before-il-design-che-non-cera-fuorisalone-2013\/#primaryimage"},"thumbnailUrl":"https:\/\/socialdesignmagazine.com\/mag\/wp-content\/uploads\/2013\/03\/benedetto_youtool_fuorisalone_2013_youtool_fuorisalone_2013.jpg","keywords":["fuorisalone 2013","salone del mobile 2013","ventura lambrate","youtool"],"articleSection":["Design"],"inLanguage":"it-IT","potentialAction":[{"@type":"CommentAction","name":"Comment","target":["https:\/\/socialdesignmagazine.com\/mag\/design\/curti-metallo-a-youtool-there-was-no-design-before-il-design-che-non-cera-fuorisalone-2013\/#respond"]}]},{"@type":"WebPage","@id":"https:\/\/socialdesignmagazine.com\/mag\/design\/curti-metallo-a-youtool-there-was-no-design-before-il-design-che-non-cera-fuorisalone-2013\/","url":"https:\/\/socialdesignmagazine.com\/mag\/design\/curti-metallo-a-youtool-there-was-no-design-before-il-design-che-non-cera-fuorisalone-2013\/","name":"CURTI METALLO &amp; YOUTOOL THERE WAS NO DESIGN BEFORE (Il design che non c\u2019era), Fuorisalone 2013 - Social Design Magazine","isPartOf":{"@id":"https:\/\/socialdesignmagazine.com\/mag\/#website"},"primaryImageOfPage":{"@id":"https:\/\/socialdesignmagazine.com\/mag\/design\/curti-metallo-a-youtool-there-was-no-design-before-il-design-che-non-cera-fuorisalone-2013\/#primaryimage"},"image":{"@id":"https:\/\/socialdesignmagazine.com\/mag\/design\/curti-metallo-a-youtool-there-was-no-design-before-il-design-che-non-cera-fuorisalone-2013\/#primaryimage"},"thumbnailUrl":"https:\/\/socialdesignmagazine.com\/mag\/wp-content\/uploads\/2013\/03\/benedetto_youtool_fuorisalone_2013_youtool_fuorisalone_2013.jpg","datePublished":"2013-03-30T11:00:00+00:00","dateModified":"2024-05-28T20:58:42+00:00","description":"CURTI METALLO e YOUTOOL presentano a Milano durante la settimana del design 2013 nel distretto di Ventura Lambrate, la prima collezione di arredi interamente prodotta in lamiera e disegnata da 7 giovani studi e designer","breadcrumb":{"@id":"https:\/\/socialdesignmagazine.com\/mag\/design\/curti-metallo-a-youtool-there-was-no-design-before-il-design-che-non-cera-fuorisalone-2013\/#breadcrumb"},"inLanguage":"it-IT","potentialAction":[{"@type":"ReadAction","target":["https:\/\/socialdesignmagazine.com\/mag\/design\/curti-metallo-a-youtool-there-was-no-design-before-il-design-che-non-cera-fuorisalone-2013\/"]}]},{"@type":"ImageObject","inLanguage":"it-IT","@id":"https:\/\/socialdesignmagazine.com\/mag\/design\/curti-metallo-a-youtool-there-was-no-design-before-il-design-che-non-cera-fuorisalone-2013\/#primaryimage","url":"https:\/\/socialdesignmagazine.com\/mag\/wp-content\/uploads\/2013\/03\/benedetto_youtool_fuorisalone_2013_youtool_fuorisalone_2013.jpg","contentUrl":"https:\/\/socialdesignmagazine.com\/mag\/wp-content\/uploads\/2013\/03\/benedetto_youtool_fuorisalone_2013_youtool_fuorisalone_2013.jpg","width":720,"height":480,"caption":"youtool fuorisalone 2013"},{"@type":"BreadcrumbList","@id":"https:\/\/socialdesignmagazine.com\/mag\/design\/curti-metallo-a-youtool-there-was-no-design-before-il-design-che-non-cera-fuorisalone-2013\/#breadcrumb","itemListElement":[{"@type":"ListItem","position":1,"name":"Home","item":"https:\/\/socialdesignmagazine.com\/mag\/"},{"@type":"ListItem","position":2,"name":"Design","item":"https:\/\/socialdesignmagazine.com\/mag\/design\/"},{"@type":"ListItem","position":3,"name":"CURTI METALLO &amp; YOUTOOL THERE WAS NO DESIGN BEFORE (Il design che non c\u2019era), Fuorisalone 2013"}]},{"@type":"WebSite","@id":"https:\/\/socialdesignmagazine.com\/mag\/#website","url":"https:\/\/socialdesignmagazine.com\/mag\/","name":"Social Design Magazine","description":"Social Magazine su Design, Architettura, Arte, Grafica","publisher":{"@id":"https:\/\/socialdesignmagazine.com\/mag\/#organization"},"potentialAction":[{"@type":"SearchAction","target":{"@type":"EntryPoint","urlTemplate":"https:\/\/socialdesignmagazine.com\/mag\/?s={search_term_string}"},"query-input":{"@type":"PropertyValueSpecification","valueRequired":true,"valueName":"search_term_string"}}],"inLanguage":"it-IT"},{"@type":"Organization","@id":"https:\/\/socialdesignmagazine.com\/mag\/#organization","name":"Social Design Magazine","url":"https:\/\/socialdesignmagazine.com\/mag\/","logo":{"@type":"ImageObject","inLanguage":"it-IT","@id":"https:\/\/socialdesignmagazine.com\/mag\/#\/schema\/logo\/image\/","url":"https:\/\/socialdesignmagazine.com\/mag\/wp-content\/uploads\/2017\/01\/logo_favicon_11.png","contentUrl":"https:\/\/socialdesignmagazine.com\/mag\/wp-content\/uploads\/2017\/01\/logo_favicon_11.png","width":1024,"height":1024,"caption":"Social Design Magazine"},"image":{"@id":"https:\/\/socialdesignmagazine.com\/mag\/#\/schema\/logo\/image\/"},"sameAs":["https:\/\/www.facebook.com\/socialdesignmag","https:\/\/x.com\/socialdesignmag","http:\/\/instagram.com\/social_design_magazine\/","http:\/\/pinterest.com\/socialdesignmag\/","http:\/\/www.youtube.com\/user\/socialdesignmagazine"]},{"@type":"Person","@id":"https:\/\/socialdesignmagazine.com\/mag\/#\/schema\/person\/61e20205cc363c315e6aabd33a045846","name":"Benedetto Fiori","image":{"@type":"ImageObject","inLanguage":"it-IT","@id":"https:\/\/secure.gravatar.com\/avatar\/450a48cefa36da63d920ad70aa660bd10725b1c6093800242e5efdb397759033?s=96&d=mm&r=g","url":"https:\/\/secure.gravatar.com\/avatar\/450a48cefa36da63d920ad70aa660bd10725b1c6093800242e5efdb397759033?s=96&d=mm&r=g","contentUrl":"https:\/\/secure.gravatar.com\/avatar\/450a48cefa36da63d920ad70aa660bd10725b1c6093800242e5efdb397759033?s=96&d=mm&r=g","caption":"Benedetto Fiori"},"description":"Web | Twitter | Facebook | Shutterstock Founder &amp; Editor in Chief di Social Design Magazine. Attratto da sempre da tutto ci\u00f2 che \u00e8 creativit\u00e0, design, architettura. Dopo aver studiato Architettura all'Universit\u00e0 di Firenze, si \u00e8 impegnato in molteplici campi: comunicazione grafica, progettazione di allestimenti fieristici, brand design, Interior Design.","sameAs":["http:\/\/benedettofiori.com","https:\/\/www.facebook.com\/benedettofiori","https:\/\/x.com\/benedettofiori"],"url":"https:\/\/socialdesignmagazine.com\/mag\/author\/benedetto\/"}]}},"jetpack_featured_media_url":"https:\/\/socialdesignmagazine.com\/mag\/wp-content\/uploads\/2013\/03\/benedetto_youtool_fuorisalone_2013_youtool_fuorisalone_2013.jpg","jetpack_sharing_enabled":true,"jetpack_shortlink":"https:\/\/wp.me\/p6cV7V-wE","gt_translate_keys":[{"key":"link","format":"url"}],"_links":{"self":[{"href":"https:\/\/socialdesignmagazine.com\/mag\/wp-json\/wp\/v2\/posts\/2024","targetHints":{"allow":["GET"]}}],"collection":[{"href":"https:\/\/socialdesignmagazine.com\/mag\/wp-json\/wp\/v2\/posts"}],"about":[{"href":"https:\/\/socialdesignmagazine.com\/mag\/wp-json\/wp\/v2\/types\/post"}],"author":[{"embeddable":true,"href":"https:\/\/socialdesignmagazine.com\/mag\/wp-json\/wp\/v2\/users\/1"}],"replies":[{"embeddable":true,"href":"https:\/\/socialdesignmagazine.com\/mag\/wp-json\/wp\/v2\/comments?post=2024"}],"version-history":[{"count":2,"href":"https:\/\/socialdesignmagazine.com\/mag\/wp-json\/wp\/v2\/posts\/2024\/revisions"}],"predecessor-version":[{"id":61389,"href":"https:\/\/socialdesignmagazine.com\/mag\/wp-json\/wp\/v2\/posts\/2024\/revisions\/61389"}],"wp:featuredmedia":[{"embeddable":true,"href":"https:\/\/socialdesignmagazine.com\/mag\/wp-json\/wp\/v2\/media\/11856"}],"wp:attachment":[{"href":"https:\/\/socialdesignmagazine.com\/mag\/wp-json\/wp\/v2\/media?parent=2024"}],"wp:term":[{"taxonomy":"category","embeddable":true,"href":"https:\/\/socialdesignmagazine.com\/mag\/wp-json\/wp\/v2\/categories?post=2024"},{"taxonomy":"post_tag","embeddable":true,"href":"https:\/\/socialdesignmagazine.com\/mag\/wp-json\/wp\/v2\/tags?post=2024"}],"curies":[{"name":"wp","href":"https:\/\/api.w.org\/{rel}","templated":true}]}}