{"id":2040,"date":"2013-04-04T17:45:00","date_gmt":"2013-04-04T15:45:00","guid":{"rendered":"https:\/\/socialdesignmagazine.com\/mag\/s6-design\/c35-design\/tip-ton-la-sedia-dinamica-di-vitra\/"},"modified":"2024-05-31T23:09:36","modified_gmt":"2024-05-31T21:09:36","slug":"tip-ton-la-sedia-dinamica-di-vitra","status":"publish","type":"post","link":"https:\/\/socialdesignmagazine.com\/mag\/design\/tip-ton-la-sedia-dinamica-di-vitra\/","title":{"rendered":"Tip Ton, la sedia dinamica di Vitra","gt_translate_keys":[{"key":"rendered","format":"text"}]},"content":{"rendered":"\n<p>La sedia&nbsp;<strong><a class=\"jcepopup\" href=\"http:\/\/arclickdesign.com\/prezzo-sedia-tip-ton-di-vitra-semi-dondolo-ergonomica-correttiva\/\" target=\"_blank\" rel=\"nofollow noopener\">Tip Ton&nbsp;di&nbsp;Vitra<\/a><\/strong>, con&nbsp;design studiato da&nbsp;<strong>Edward Barber&nbsp;e&nbsp;Jay Osgerby<\/strong>, definisce un nuovi standard in materia di seduta dinamica, e all\u2019apparenza potrebbe somigliare ad una semplice <strong>sedia a dondolo<\/strong>: da una posizione di riposo, infatti, la Tip Ton si inclina in avanti finch\u00e9 l\u2019utilizzatore raggiunge un punto definito, quindi la sedia approda delicatamente nella posizione di seduta protesa in avanti.<\/p>\n\n\n\n<p>Il progetto Tip Ton e\u2019 stato avviato nel 2009, dopo aver intuito che l\u2019ambiente del mobile, moderno e dinamico, era alla ricerca di un prodotto nuovo. Barber e Osgerby sono stati invitati dalla Royal Society of Arts ad esprimere il loro punto di vista sull\u2019 acquisto dei mobili per la nuova accademia a Tipton nelle Midlands. <em>\u201cIn quell\u2019occasione<\/em>&#8211; dice Osgerby &#8211;<em>abbiamo capito che avevamo una grossa opportunit\u00e0, poich\u00e8 non vi era nulla, tra le diverse proposte, che soddisfasse i criteri di longevit\u00e0,resistenza , rapporto qualit\u00e0-prezzo ma sopratutto che garantisse una&nbsp;seduta salutare&nbsp;per l\u2019utilizzatore\u201d.<\/em><\/p>\n\n\n\n<p>L\u2019innovazione-chiave che si nasconde dietro questo meccanismo apparentemente semplice \u00e8 da individuarsi in un\u2019inclinazione di nove gradi, creata dalla forma dei pattini della sedia che poggiano sul pavimento.<\/p>\n\n\n<div class=\"wp-block-image\">\n<figure class=\"aligncenter\"><img loading=\"lazy\" decoding=\"async\" width=\"720\" height=\"192\" data-attachment-id=\"11957\" data-permalink=\"https:\/\/socialdesignmagazine.com\/mag\/design\/tip-ton-la-sedia-dinamica-di-vitra\/attachment\/sedia-tip-ton-vitra-2\/#content\" data-orig-file=\"https:\/\/socialdesignmagazine.com\/mag\/wp-content\/uploads\/2013\/04\/users_MyAreaDesign_tip_ton_Sedia_Tip_Ton_Vitra_2.jpg\" data-orig-size=\"720,192\" data-comments-opened=\"1\" data-image-meta=\"{&quot;aperture&quot;:&quot;0&quot;,&quot;credit&quot;:&quot;?????????&quot;,&quot;camera&quot;:&quot;&quot;,&quot;caption&quot;:&quot;&quot;,&quot;created_timestamp&quot;:&quot;0&quot;,&quot;copyright&quot;:&quot;&quot;,&quot;focal_length&quot;:&quot;0&quot;,&quot;iso&quot;:&quot;0&quot;,&quot;shutter_speed&quot;:&quot;0&quot;,&quot;title&quot;:&quot;&quot;,&quot;orientation&quot;:&quot;0&quot;}\" data-image-title=\"Sedia Tip Ton Vitra 2\" data-image-description=\"\" data-image-caption=\"\" data-medium-file=\"https:\/\/socialdesignmagazine.com\/mag\/wp-content\/uploads\/2013\/04\/users_MyAreaDesign_tip_ton_Sedia_Tip_Ton_Vitra_2-396x192.jpg\" data-large-file=\"https:\/\/socialdesignmagazine.com\/mag\/wp-content\/uploads\/2013\/04\/users_MyAreaDesign_tip_ton_Sedia_Tip_Ton_Vitra_2.jpg\" src=\"https:\/\/socialdesignmagazine.com\/mag\/wp-content\/uploads\/2013\/04\/users_MyAreaDesign_tip_ton_Sedia_Tip_Ton_Vitra_2.jpg\" alt=\"Sedia Tip Ton Vitra 2\" class=\"wp-image-11957\"\/><\/figure>\n<\/div>\n\n\n<p>Gli effetti positivi del meccanismo di inclinazione in avanti sulla&nbsp;salute&nbsp;e sulla&nbsp;concentrazione&nbsp;sono stati documentati, nonch\u00e9 confermati da un recente studio fatto da Vitra&nbsp;in collaborazione con ilPolitecnico federale di Zurigo (ETH). Tale studio dimostra che l\u2019aumento dell\u2019attivit\u00e0 muscolare nella zona dell\u2019addome e della schiena ha un effetto benefico, in quanto il movimento incrementa il flusso di ossigeno intorno al corpo, contribuendo a migliorare la&nbsp;concentrazione.&nbsp;Questa nuova posizione di seduta&nbsp;raddrizza il bacino&nbsp;e&nbsp;la colonna vertebrale e migliora il flusso sanguigno: il maggiore movimento del bacino attiva la muscolatura e allevia la pressione sui dischi della colonna vertebrale.<\/p>\n\n\n<div class=\"wp-block-image\">\n<figure class=\"aligncenter\"><img loading=\"lazy\" decoding=\"async\" width=\"720\" height=\"538\" data-attachment-id=\"11958\" data-permalink=\"https:\/\/socialdesignmagazine.com\/mag\/design\/tip-ton-la-sedia-dinamica-di-vitra\/attachment\/sedia-tip-ton-vitra\/#content\" data-orig-file=\"https:\/\/socialdesignmagazine.com\/mag\/wp-content\/uploads\/2013\/04\/users_MyAreaDesign_tip_ton_sedia_tip_ton_vitra.jpg\" data-orig-size=\"720,538\" data-comments-opened=\"1\" data-image-meta=\"{&quot;aperture&quot;:&quot;0&quot;,&quot;credit&quot;:&quot;&quot;,&quot;camera&quot;:&quot;&quot;,&quot;caption&quot;:&quot;&quot;,&quot;created_timestamp&quot;:&quot;0&quot;,&quot;copyright&quot;:&quot;&quot;,&quot;focal_length&quot;:&quot;0&quot;,&quot;iso&quot;:&quot;0&quot;,&quot;shutter_speed&quot;:&quot;0&quot;,&quot;title&quot;:&quot;&quot;,&quot;orientation&quot;:&quot;1&quot;}\" data-image-title=\"sedia tip ton vitra\" data-image-description=\"\" data-image-caption=\"\" data-medium-file=\"https:\/\/socialdesignmagazine.com\/mag\/wp-content\/uploads\/2013\/04\/users_MyAreaDesign_tip_ton_sedia_tip_ton_vitra-396x256.jpg\" data-large-file=\"https:\/\/socialdesignmagazine.com\/mag\/wp-content\/uploads\/2013\/04\/users_MyAreaDesign_tip_ton_sedia_tip_ton_vitra.jpg\" src=\"https:\/\/socialdesignmagazine.com\/mag\/wp-content\/uploads\/2013\/04\/users_MyAreaDesign_tip_ton_sedia_tip_ton_vitra.jpg\" alt=\"sedia tip ton vitra\" class=\"wp-image-11958\"\/><\/figure>\n<\/div>\n\n\n<p>Tip Ton \u00e8 realizzata senza meccanismi e con&nbsp;una sola fusione di materiale&nbsp;e si pu\u00f2 scegliere otto varianti colori, definiti anche cromo-terapici.&nbsp;Grazie alla seduta dinamica avanti e al suo look caratteristico essere utilizzata in molti scuole, biblioteche, bar, home office e sale pranzo.<\/p>\n\n\n<div class=\"wp-block-image\">\n<figure class=\"aligncenter\"><img loading=\"lazy\" decoding=\"async\" width=\"720\" height=\"538\" data-attachment-id=\"11959\" data-permalink=\"https:\/\/socialdesignmagazine.com\/mag\/design\/tip-ton-la-sedia-dinamica-di-vitra\/attachment\/tip-ton-vitra-2\/#content\" data-orig-file=\"https:\/\/socialdesignmagazine.com\/mag\/wp-content\/uploads\/2013\/04\/users_MyAreaDesign_tip_ton_tip_ton_vitra_2.jpg\" data-orig-size=\"720,538\" data-comments-opened=\"1\" data-image-meta=\"{&quot;aperture&quot;:&quot;0&quot;,&quot;credit&quot;:&quot;&quot;,&quot;camera&quot;:&quot;&quot;,&quot;caption&quot;:&quot;&quot;,&quot;created_timestamp&quot;:&quot;0&quot;,&quot;copyright&quot;:&quot;&quot;,&quot;focal_length&quot;:&quot;0&quot;,&quot;iso&quot;:&quot;0&quot;,&quot;shutter_speed&quot;:&quot;0&quot;,&quot;title&quot;:&quot;&quot;,&quot;orientation&quot;:&quot;1&quot;}\" data-image-title=\"tip ton vitra 2\" data-image-description=\"\" data-image-caption=\"\" data-medium-file=\"https:\/\/socialdesignmagazine.com\/mag\/wp-content\/uploads\/2013\/04\/users_MyAreaDesign_tip_ton_tip_ton_vitra_2-396x256.jpg\" data-large-file=\"https:\/\/socialdesignmagazine.com\/mag\/wp-content\/uploads\/2013\/04\/users_MyAreaDesign_tip_ton_tip_ton_vitra_2.jpg\" src=\"https:\/\/socialdesignmagazine.com\/mag\/wp-content\/uploads\/2013\/04\/users_MyAreaDesign_tip_ton_tip_ton_vitra_2.jpg\" alt=\"tip ton vitra 2\" class=\"wp-image-11959\"\/><\/figure>\n<\/div>\n\n<div class=\"wp-block-image\">\n<figure class=\"aligncenter\"><img loading=\"lazy\" decoding=\"async\" width=\"720\" height=\"538\" data-attachment-id=\"11960\" data-permalink=\"https:\/\/socialdesignmagazine.com\/mag\/design\/tip-ton-la-sedia-dinamica-di-vitra\/attachment\/tip-ton-vitra-3\/#content\" data-orig-file=\"https:\/\/socialdesignmagazine.com\/mag\/wp-content\/uploads\/2013\/04\/users_MyAreaDesign_tip_ton_tip_ton_vitra_3.jpg\" data-orig-size=\"720,538\" data-comments-opened=\"1\" data-image-meta=\"{&quot;aperture&quot;:&quot;0&quot;,&quot;credit&quot;:&quot;&quot;,&quot;camera&quot;:&quot;&quot;,&quot;caption&quot;:&quot;&quot;,&quot;created_timestamp&quot;:&quot;0&quot;,&quot;copyright&quot;:&quot;&quot;,&quot;focal_length&quot;:&quot;0&quot;,&quot;iso&quot;:&quot;0&quot;,&quot;shutter_speed&quot;:&quot;0&quot;,&quot;title&quot;:&quot;&quot;,&quot;orientation&quot;:&quot;1&quot;}\" data-image-title=\"tip ton vitra 3\" data-image-description=\"\" data-image-caption=\"\" data-medium-file=\"https:\/\/socialdesignmagazine.com\/mag\/wp-content\/uploads\/2013\/04\/users_MyAreaDesign_tip_ton_tip_ton_vitra_3-396x256.jpg\" data-large-file=\"https:\/\/socialdesignmagazine.com\/mag\/wp-content\/uploads\/2013\/04\/users_MyAreaDesign_tip_ton_tip_ton_vitra_3.jpg\" src=\"https:\/\/socialdesignmagazine.com\/mag\/wp-content\/uploads\/2013\/04\/users_MyAreaDesign_tip_ton_tip_ton_vitra_3.jpg\" alt=\"tip ton vitra 3\" class=\"wp-image-11960\"\/><\/figure>\n<\/div>\n\n<div class=\"wp-block-image\">\n<figure class=\"aligncenter\"><img loading=\"lazy\" decoding=\"async\" width=\"720\" height=\"571\" data-attachment-id=\"11961\" data-permalink=\"https:\/\/socialdesignmagazine.com\/mag\/design\/tip-ton-la-sedia-dinamica-di-vitra\/attachment\/tip-ton-vitra-4\/#content\" data-orig-file=\"https:\/\/socialdesignmagazine.com\/mag\/wp-content\/uploads\/2013\/04\/users_MyAreaDesign_tip_ton_tip_ton_vitra_4.jpg\" data-orig-size=\"720,571\" data-comments-opened=\"1\" data-image-meta=\"{&quot;aperture&quot;:&quot;0&quot;,&quot;credit&quot;:&quot;&quot;,&quot;camera&quot;:&quot;&quot;,&quot;caption&quot;:&quot;&quot;,&quot;created_timestamp&quot;:&quot;0&quot;,&quot;copyright&quot;:&quot;&quot;,&quot;focal_length&quot;:&quot;0&quot;,&quot;iso&quot;:&quot;0&quot;,&quot;shutter_speed&quot;:&quot;0&quot;,&quot;title&quot;:&quot;&quot;,&quot;orientation&quot;:&quot;1&quot;}\" data-image-title=\"tip ton vitra 4\" data-image-description=\"\" data-image-caption=\"\" data-medium-file=\"https:\/\/socialdesignmagazine.com\/mag\/wp-content\/uploads\/2013\/04\/users_MyAreaDesign_tip_ton_tip_ton_vitra_4-396x256.jpg\" data-large-file=\"https:\/\/socialdesignmagazine.com\/mag\/wp-content\/uploads\/2013\/04\/users_MyAreaDesign_tip_ton_tip_ton_vitra_4.jpg\" src=\"https:\/\/socialdesignmagazine.com\/mag\/wp-content\/uploads\/2013\/04\/users_MyAreaDesign_tip_ton_tip_ton_vitra_4.jpg\" alt=\"tip ton vitra 4\" class=\"wp-image-11961\"\/><\/figure>\n<\/div>\n\n<div class=\"wp-block-image\">\n<figure class=\"aligncenter\"><img loading=\"lazy\" decoding=\"async\" width=\"720\" height=\"495\" data-attachment-id=\"11962\" data-permalink=\"https:\/\/socialdesignmagazine.com\/mag\/design\/tip-ton-la-sedia-dinamica-di-vitra\/attachment\/tip-ton-vitra-5\/#content\" data-orig-file=\"https:\/\/socialdesignmagazine.com\/mag\/wp-content\/uploads\/2013\/04\/users_MyAreaDesign_tip_ton_tip_ton_vitra_5.jpg\" data-orig-size=\"720,495\" data-comments-opened=\"1\" data-image-meta=\"{&quot;aperture&quot;:&quot;0&quot;,&quot;credit&quot;:&quot;&quot;,&quot;camera&quot;:&quot;&quot;,&quot;caption&quot;:&quot;&quot;,&quot;created_timestamp&quot;:&quot;0&quot;,&quot;copyright&quot;:&quot;&quot;,&quot;focal_length&quot;:&quot;0&quot;,&quot;iso&quot;:&quot;0&quot;,&quot;shutter_speed&quot;:&quot;0&quot;,&quot;title&quot;:&quot;&quot;,&quot;orientation&quot;:&quot;1&quot;}\" data-image-title=\"tip ton vitra 5\" data-image-description=\"\" data-image-caption=\"\" data-medium-file=\"https:\/\/socialdesignmagazine.com\/mag\/wp-content\/uploads\/2013\/04\/users_MyAreaDesign_tip_ton_tip_ton_vitra_5-396x256.jpg\" data-large-file=\"https:\/\/socialdesignmagazine.com\/mag\/wp-content\/uploads\/2013\/04\/users_MyAreaDesign_tip_ton_tip_ton_vitra_5.jpg\" src=\"https:\/\/socialdesignmagazine.com\/mag\/wp-content\/uploads\/2013\/04\/users_MyAreaDesign_tip_ton_tip_ton_vitra_5.jpg\" alt=\"tip ton vitra 5\" class=\"wp-image-11962\"\/><\/figure>\n<\/div>\n\n\n<p><a class=\"jcepopup\" href=\"http:\/\/arclickdesign.com\/prezzo-sedia-tip-ton-di-vitra-semi-dondolo-ergonomica-correttiva\/\" target=\"_blank\" rel=\"nofollow noopener\">Continua a leggere&#8230;<\/a><\/p>\n","protected":false,"gt_translate_keys":[{"key":"rendered","format":"html"}]},"excerpt":{"rendered":"<p>La sedia\u00a0Tip Ton\u00a0di\u00a0Vitra, con\u00a0design studiato da\u00a0Edward Barber\u00a0e\u00a0Jay Osgerby, definisce un nuovi standard in materia di seduta dinamica, e all\u2019apparenza potrebbe somigliare ad una semplice sedia a dondolo<\/p>\n","protected":false,"gt_translate_keys":[{"key":"rendered","format":"html"}]},"author":58,"featured_media":11956,"comment_status":"open","ping_status":"open","sticky":false,"template":"","format":"standard","meta":{"jetpack_post_was_ever_published":false,"_jetpack_newsletter_access":"","_jetpack_dont_email_post_to_subs":false,"_jetpack_newsletter_tier_id":0,"_jetpack_memberships_contains_paywalled_content":false,"_jetpack_memberships_contains_paid_content":false,"footnotes":"","_wpscppro_dont_share_socialmedia":false,"_wpscppro_custom_social_share_image":0,"_facebook_share_type":"","_twitter_share_type":"","_linkedin_share_type":"","_pinterest_share_type":"","_linkedin_share_type_page":"","_instagram_share_type":"","_medium_share_type":"","_threads_share_type":"","_google_business_share_type":"","_selected_social_profile":[],"_wpsp_enable_custom_social_template":false,"_wpsp_social_scheduling":{"enabled":false,"datetime":null,"platforms":[],"status":"template_only","dateOption":"today","timeOption":"now","customDays":"","customHours":"","customDate":"","customTime":"","schedulingType":"absolute"},"_wpsp_active_default_template":true},"categories":[13],"tags":[118,3000,2792],"class_list":["post-2040","post","type-post","status-publish","format-standard","has-post-thumbnail","hentry","category-design","tag-sedia","tag-sedia-a-dondolo","tag-vitra"],"yoast_head":"<!-- This site is optimized with the Yoast SEO plugin v27.2 - https:\/\/yoast.com\/product\/yoast-seo-wordpress\/ -->\n<title>Tip Ton, la sedia dinamica di Vitra - Social Design Magazine<\/title>\n<meta name=\"description\" content=\"La sedia\u00a0Tip Ton\u00a0di\u00a0Vitra, con\u00a0design studiato da\u00a0Edward Barber\u00a0e\u00a0Jay Osgerby, definisce un nuovi standard in materia di seduta dinamica, e all\u2019apparenza potrebbe somigliare ad una semplice sedia a dondolo\" \/>\n<meta name=\"robots\" content=\"index, follow, max-snippet:-1, max-image-preview:large, max-video-preview:-1\" \/>\n<link rel=\"canonical\" href=\"https:\/\/socialdesignmagazine.com\/mag\/design\/tip-ton-la-sedia-dinamica-di-vitra\/\" \/>\n<meta property=\"og:locale\" content=\"it_IT\" \/>\n<meta property=\"og:type\" content=\"article\" \/>\n<meta property=\"og:title\" content=\"Tip Ton, la sedia dinamica di Vitra - Social Design Magazine\" \/>\n<meta property=\"og:description\" content=\"La sedia\u00a0Tip Ton\u00a0di\u00a0Vitra, con\u00a0design studiato da\u00a0Edward Barber\u00a0e\u00a0Jay Osgerby, definisce un nuovi standard in materia di seduta dinamica, e all\u2019apparenza potrebbe somigliare ad una semplice sedia a dondolo\" \/>\n<meta property=\"og:url\" content=\"https:\/\/socialdesignmagazine.com\/mag\/design\/tip-ton-la-sedia-dinamica-di-vitra\/\" \/>\n<meta property=\"og:site_name\" content=\"Social Design Magazine\" \/>\n<meta property=\"article:publisher\" content=\"https:\/\/www.facebook.com\/socialdesignmag\" \/>\n<meta property=\"article:published_time\" content=\"2013-04-04T15:45:00+00:00\" \/>\n<meta property=\"article:modified_time\" content=\"2024-05-31T21:09:36+00:00\" \/>\n<meta property=\"og:image\" content=\"https:\/\/socialdesignmagazine.com\/mag\/wp-content\/uploads\/2013\/04\/users_MyAreaDesign_tip_ton_tip_ton_vitra-625x315.jpg\" \/>\n\t<meta property=\"og:image:width\" content=\"720\" \/>\n\t<meta property=\"og:image:height\" content=\"362\" \/>\n\t<meta property=\"og:image:type\" content=\"image\/jpeg\" \/>\n<meta name=\"author\" content=\"Roberto Francesco Nico\" \/>\n<meta name=\"twitter:card\" content=\"summary_large_image\" \/>\n<meta name=\"twitter:creator\" content=\"@socialdesignmag\" \/>\n<meta name=\"twitter:site\" content=\"@socialdesignmag\" \/>\n<meta name=\"twitter:label1\" content=\"Scritto da\" \/>\n\t<meta name=\"twitter:data1\" content=\"Roberto Francesco Nico\" \/>\n\t<meta name=\"twitter:label2\" content=\"Tempo di lettura stimato\" \/>\n\t<meta name=\"twitter:data2\" content=\"4 minuti\" \/>\n<script type=\"application\/ld+json\" class=\"yoast-schema-graph\">{\"@context\":\"https:\/\/schema.org\",\"@graph\":[{\"@type\":\"Article\",\"@id\":\"https:\/\/socialdesignmagazine.com\/mag\/design\/tip-ton-la-sedia-dinamica-di-vitra\/#article\",\"isPartOf\":{\"@id\":\"https:\/\/socialdesignmagazine.com\/mag\/design\/tip-ton-la-sedia-dinamica-di-vitra\/\"},\"author\":{\"name\":\"Roberto Francesco Nico\",\"@id\":\"https:\/\/socialdesignmagazine.com\/mag\/#\/schema\/person\/0fca86f1e66f9f784ce47ad63d330bb0\"},\"headline\":\"Tip Ton, la sedia dinamica di Vitra\",\"datePublished\":\"2013-04-04T15:45:00+00:00\",\"dateModified\":\"2024-05-31T21:09:36+00:00\",\"mainEntityOfPage\":{\"@id\":\"https:\/\/socialdesignmagazine.com\/mag\/design\/tip-ton-la-sedia-dinamica-di-vitra\/\"},\"wordCount\":374,\"commentCount\":0,\"publisher\":{\"@id\":\"https:\/\/socialdesignmagazine.com\/mag\/#organization\"},\"image\":{\"@id\":\"https:\/\/socialdesignmagazine.com\/mag\/design\/tip-ton-la-sedia-dinamica-di-vitra\/#primaryimage\"},\"thumbnailUrl\":\"https:\/\/socialdesignmagazine.com\/mag\/wp-content\/uploads\/2013\/04\/users_MyAreaDesign_tip_ton_tip_ton_vitra-625x315.jpg\",\"keywords\":[\"sedia\",\"sedia a dondolo\",\"vitra\"],\"articleSection\":[\"Design\"],\"inLanguage\":\"it-IT\",\"potentialAction\":[{\"@type\":\"CommentAction\",\"name\":\"Comment\",\"target\":[\"https:\/\/socialdesignmagazine.com\/mag\/design\/tip-ton-la-sedia-dinamica-di-vitra\/#respond\"]}]},{\"@type\":\"WebPage\",\"@id\":\"https:\/\/socialdesignmagazine.com\/mag\/design\/tip-ton-la-sedia-dinamica-di-vitra\/\",\"url\":\"https:\/\/socialdesignmagazine.com\/mag\/design\/tip-ton-la-sedia-dinamica-di-vitra\/\",\"name\":\"Tip Ton, la sedia dinamica di Vitra - Social Design Magazine\",\"isPartOf\":{\"@id\":\"https:\/\/socialdesignmagazine.com\/mag\/#website\"},\"primaryImageOfPage\":{\"@id\":\"https:\/\/socialdesignmagazine.com\/mag\/design\/tip-ton-la-sedia-dinamica-di-vitra\/#primaryimage\"},\"image\":{\"@id\":\"https:\/\/socialdesignmagazine.com\/mag\/design\/tip-ton-la-sedia-dinamica-di-vitra\/#primaryimage\"},\"thumbnailUrl\":\"https:\/\/socialdesignmagazine.com\/mag\/wp-content\/uploads\/2013\/04\/users_MyAreaDesign_tip_ton_tip_ton_vitra-625x315.jpg\",\"datePublished\":\"2013-04-04T15:45:00+00:00\",\"dateModified\":\"2024-05-31T21:09:36+00:00\",\"description\":\"La sedia\u00a0Tip Ton\u00a0di\u00a0Vitra, con\u00a0design studiato da\u00a0Edward Barber\u00a0e\u00a0Jay Osgerby, definisce un nuovi standard in materia di seduta dinamica, e all\u2019apparenza potrebbe somigliare ad una semplice sedia a dondolo\",\"breadcrumb\":{\"@id\":\"https:\/\/socialdesignmagazine.com\/mag\/design\/tip-ton-la-sedia-dinamica-di-vitra\/#breadcrumb\"},\"inLanguage\":\"it-IT\",\"potentialAction\":[{\"@type\":\"ReadAction\",\"target\":[\"https:\/\/socialdesignmagazine.com\/mag\/design\/tip-ton-la-sedia-dinamica-di-vitra\/\"]}]},{\"@type\":\"ImageObject\",\"inLanguage\":\"it-IT\",\"@id\":\"https:\/\/socialdesignmagazine.com\/mag\/design\/tip-ton-la-sedia-dinamica-di-vitra\/#primaryimage\",\"url\":\"https:\/\/socialdesignmagazine.com\/mag\/wp-content\/uploads\/2013\/04\/users_MyAreaDesign_tip_ton_tip_ton_vitra-625x315.jpg\",\"contentUrl\":\"https:\/\/socialdesignmagazine.com\/mag\/wp-content\/uploads\/2013\/04\/users_MyAreaDesign_tip_ton_tip_ton_vitra-625x315.jpg\",\"width\":720,\"height\":362,\"caption\":\"tip ton vitra-625x315\"},{\"@type\":\"BreadcrumbList\",\"@id\":\"https:\/\/socialdesignmagazine.com\/mag\/design\/tip-ton-la-sedia-dinamica-di-vitra\/#breadcrumb\",\"itemListElement\":[{\"@type\":\"ListItem\",\"position\":1,\"name\":\"Home\",\"item\":\"https:\/\/socialdesignmagazine.com\/mag\/\"},{\"@type\":\"ListItem\",\"position\":2,\"name\":\"Design\",\"item\":\"https:\/\/socialdesignmagazine.com\/mag\/design\/\"},{\"@type\":\"ListItem\",\"position\":3,\"name\":\"Tip Ton, la sedia dinamica di Vitra\"}]},{\"@type\":\"WebSite\",\"@id\":\"https:\/\/socialdesignmagazine.com\/mag\/#website\",\"url\":\"https:\/\/socialdesignmagazine.com\/mag\/\",\"name\":\"Social Design Magazine\",\"description\":\"Social Magazine su Design, Architettura, Arte, Grafica\",\"publisher\":{\"@id\":\"https:\/\/socialdesignmagazine.com\/mag\/#organization\"},\"potentialAction\":[{\"@type\":\"SearchAction\",\"target\":{\"@type\":\"EntryPoint\",\"urlTemplate\":\"https:\/\/socialdesignmagazine.com\/mag\/?s={search_term_string}\"},\"query-input\":{\"@type\":\"PropertyValueSpecification\",\"valueRequired\":true,\"valueName\":\"search_term_string\"}}],\"inLanguage\":\"it-IT\"},{\"@type\":\"Organization\",\"@id\":\"https:\/\/socialdesignmagazine.com\/mag\/#organization\",\"name\":\"Social Design Magazine\",\"url\":\"https:\/\/socialdesignmagazine.com\/mag\/\",\"logo\":{\"@type\":\"ImageObject\",\"inLanguage\":\"it-IT\",\"@id\":\"https:\/\/socialdesignmagazine.com\/mag\/#\/schema\/logo\/image\/\",\"url\":\"https:\/\/socialdesignmagazine.com\/mag\/wp-content\/uploads\/2017\/01\/logo_favicon_11.png\",\"contentUrl\":\"https:\/\/socialdesignmagazine.com\/mag\/wp-content\/uploads\/2017\/01\/logo_favicon_11.png\",\"width\":1024,\"height\":1024,\"caption\":\"Social Design Magazine\"},\"image\":{\"@id\":\"https:\/\/socialdesignmagazine.com\/mag\/#\/schema\/logo\/image\/\"},\"sameAs\":[\"https:\/\/www.facebook.com\/socialdesignmag\",\"https:\/\/x.com\/socialdesignmag\",\"http:\/\/instagram.com\/social_design_magazine\/\",\"http:\/\/pinterest.com\/socialdesignmag\/\",\"http:\/\/www.youtube.com\/user\/socialdesignmagazine\"]},{\"@type\":\"Person\",\"@id\":\"https:\/\/socialdesignmagazine.com\/mag\/#\/schema\/person\/0fca86f1e66f9f784ce47ad63d330bb0\",\"name\":\"Roberto Francesco Nico\",\"image\":{\"@type\":\"ImageObject\",\"inLanguage\":\"it-IT\",\"@id\":\"https:\/\/secure.gravatar.com\/avatar\/522e2650399b9ef9ca1996e09f20984e16a760f33f3043d7cd8a022be29f8414?s=96&d=mm&r=g\",\"url\":\"https:\/\/secure.gravatar.com\/avatar\/522e2650399b9ef9ca1996e09f20984e16a760f33f3043d7cd8a022be29f8414?s=96&d=mm&r=g\",\"contentUrl\":\"https:\/\/secure.gravatar.com\/avatar\/522e2650399b9ef9ca1996e09f20984e16a760f33f3043d7cd8a022be29f8414?s=96&d=mm&r=g\",\"caption\":\"Roberto Francesco Nico\"},\"url\":\"https:\/\/socialdesignmagazine.com\/mag\/author\/arclickdesign-com\/\"}]}<\/script>\n<!-- \/ Yoast SEO plugin. -->","yoast_head_json":{"title":"Tip Ton, la sedia dinamica di Vitra - Social Design Magazine","description":"La sedia\u00a0Tip Ton\u00a0di\u00a0Vitra, con\u00a0design studiato da\u00a0Edward Barber\u00a0e\u00a0Jay Osgerby, definisce un nuovi standard in materia di seduta dinamica, e all\u2019apparenza potrebbe somigliare ad una semplice sedia a dondolo","robots":{"index":"index","follow":"follow","max-snippet":"max-snippet:-1","max-image-preview":"max-image-preview:large","max-video-preview":"max-video-preview:-1"},"canonical":"https:\/\/socialdesignmagazine.com\/mag\/design\/tip-ton-la-sedia-dinamica-di-vitra\/","og_locale":"it_IT","og_type":"article","og_title":"Tip Ton, la sedia dinamica di Vitra - Social Design Magazine","og_description":"La sedia\u00a0Tip Ton\u00a0di\u00a0Vitra, con\u00a0design studiato da\u00a0Edward Barber\u00a0e\u00a0Jay Osgerby, definisce un nuovi standard in materia di seduta dinamica, e all\u2019apparenza potrebbe somigliare ad una semplice sedia a dondolo","og_url":"https:\/\/socialdesignmagazine.com\/mag\/design\/tip-ton-la-sedia-dinamica-di-vitra\/","og_site_name":"Social Design Magazine","article_publisher":"https:\/\/www.facebook.com\/socialdesignmag","article_published_time":"2013-04-04T15:45:00+00:00","article_modified_time":"2024-05-31T21:09:36+00:00","og_image":[{"width":720,"height":362,"url":"https:\/\/socialdesignmagazine.com\/mag\/wp-content\/uploads\/2013\/04\/users_MyAreaDesign_tip_ton_tip_ton_vitra-625x315.jpg","type":"image\/jpeg"}],"author":"Roberto Francesco Nico","twitter_card":"summary_large_image","twitter_creator":"@socialdesignmag","twitter_site":"@socialdesignmag","twitter_misc":{"Scritto da":"Roberto Francesco Nico","Tempo di lettura stimato":"4 minuti"},"schema":{"@context":"https:\/\/schema.org","@graph":[{"@type":"Article","@id":"https:\/\/socialdesignmagazine.com\/mag\/design\/tip-ton-la-sedia-dinamica-di-vitra\/#article","isPartOf":{"@id":"https:\/\/socialdesignmagazine.com\/mag\/design\/tip-ton-la-sedia-dinamica-di-vitra\/"},"author":{"name":"Roberto Francesco Nico","@id":"https:\/\/socialdesignmagazine.com\/mag\/#\/schema\/person\/0fca86f1e66f9f784ce47ad63d330bb0"},"headline":"Tip Ton, la sedia dinamica di Vitra","datePublished":"2013-04-04T15:45:00+00:00","dateModified":"2024-05-31T21:09:36+00:00","mainEntityOfPage":{"@id":"https:\/\/socialdesignmagazine.com\/mag\/design\/tip-ton-la-sedia-dinamica-di-vitra\/"},"wordCount":374,"commentCount":0,"publisher":{"@id":"https:\/\/socialdesignmagazine.com\/mag\/#organization"},"image":{"@id":"https:\/\/socialdesignmagazine.com\/mag\/design\/tip-ton-la-sedia-dinamica-di-vitra\/#primaryimage"},"thumbnailUrl":"https:\/\/socialdesignmagazine.com\/mag\/wp-content\/uploads\/2013\/04\/users_MyAreaDesign_tip_ton_tip_ton_vitra-625x315.jpg","keywords":["sedia","sedia a dondolo","vitra"],"articleSection":["Design"],"inLanguage":"it-IT","potentialAction":[{"@type":"CommentAction","name":"Comment","target":["https:\/\/socialdesignmagazine.com\/mag\/design\/tip-ton-la-sedia-dinamica-di-vitra\/#respond"]}]},{"@type":"WebPage","@id":"https:\/\/socialdesignmagazine.com\/mag\/design\/tip-ton-la-sedia-dinamica-di-vitra\/","url":"https:\/\/socialdesignmagazine.com\/mag\/design\/tip-ton-la-sedia-dinamica-di-vitra\/","name":"Tip Ton, la sedia dinamica di Vitra - Social Design Magazine","isPartOf":{"@id":"https:\/\/socialdesignmagazine.com\/mag\/#website"},"primaryImageOfPage":{"@id":"https:\/\/socialdesignmagazine.com\/mag\/design\/tip-ton-la-sedia-dinamica-di-vitra\/#primaryimage"},"image":{"@id":"https:\/\/socialdesignmagazine.com\/mag\/design\/tip-ton-la-sedia-dinamica-di-vitra\/#primaryimage"},"thumbnailUrl":"https:\/\/socialdesignmagazine.com\/mag\/wp-content\/uploads\/2013\/04\/users_MyAreaDesign_tip_ton_tip_ton_vitra-625x315.jpg","datePublished":"2013-04-04T15:45:00+00:00","dateModified":"2024-05-31T21:09:36+00:00","description":"La sedia\u00a0Tip Ton\u00a0di\u00a0Vitra, con\u00a0design studiato da\u00a0Edward Barber\u00a0e\u00a0Jay Osgerby, definisce un nuovi standard in materia di seduta dinamica, e all\u2019apparenza potrebbe somigliare ad una semplice sedia a dondolo","breadcrumb":{"@id":"https:\/\/socialdesignmagazine.com\/mag\/design\/tip-ton-la-sedia-dinamica-di-vitra\/#breadcrumb"},"inLanguage":"it-IT","potentialAction":[{"@type":"ReadAction","target":["https:\/\/socialdesignmagazine.com\/mag\/design\/tip-ton-la-sedia-dinamica-di-vitra\/"]}]},{"@type":"ImageObject","inLanguage":"it-IT","@id":"https:\/\/socialdesignmagazine.com\/mag\/design\/tip-ton-la-sedia-dinamica-di-vitra\/#primaryimage","url":"https:\/\/socialdesignmagazine.com\/mag\/wp-content\/uploads\/2013\/04\/users_MyAreaDesign_tip_ton_tip_ton_vitra-625x315.jpg","contentUrl":"https:\/\/socialdesignmagazine.com\/mag\/wp-content\/uploads\/2013\/04\/users_MyAreaDesign_tip_ton_tip_ton_vitra-625x315.jpg","width":720,"height":362,"caption":"tip ton vitra-625x315"},{"@type":"BreadcrumbList","@id":"https:\/\/socialdesignmagazine.com\/mag\/design\/tip-ton-la-sedia-dinamica-di-vitra\/#breadcrumb","itemListElement":[{"@type":"ListItem","position":1,"name":"Home","item":"https:\/\/socialdesignmagazine.com\/mag\/"},{"@type":"ListItem","position":2,"name":"Design","item":"https:\/\/socialdesignmagazine.com\/mag\/design\/"},{"@type":"ListItem","position":3,"name":"Tip Ton, la sedia dinamica di Vitra"}]},{"@type":"WebSite","@id":"https:\/\/socialdesignmagazine.com\/mag\/#website","url":"https:\/\/socialdesignmagazine.com\/mag\/","name":"Social Design Magazine","description":"Social Magazine su Design, Architettura, Arte, Grafica","publisher":{"@id":"https:\/\/socialdesignmagazine.com\/mag\/#organization"},"potentialAction":[{"@type":"SearchAction","target":{"@type":"EntryPoint","urlTemplate":"https:\/\/socialdesignmagazine.com\/mag\/?s={search_term_string}"},"query-input":{"@type":"PropertyValueSpecification","valueRequired":true,"valueName":"search_term_string"}}],"inLanguage":"it-IT"},{"@type":"Organization","@id":"https:\/\/socialdesignmagazine.com\/mag\/#organization","name":"Social Design Magazine","url":"https:\/\/socialdesignmagazine.com\/mag\/","logo":{"@type":"ImageObject","inLanguage":"it-IT","@id":"https:\/\/socialdesignmagazine.com\/mag\/#\/schema\/logo\/image\/","url":"https:\/\/socialdesignmagazine.com\/mag\/wp-content\/uploads\/2017\/01\/logo_favicon_11.png","contentUrl":"https:\/\/socialdesignmagazine.com\/mag\/wp-content\/uploads\/2017\/01\/logo_favicon_11.png","width":1024,"height":1024,"caption":"Social Design Magazine"},"image":{"@id":"https:\/\/socialdesignmagazine.com\/mag\/#\/schema\/logo\/image\/"},"sameAs":["https:\/\/www.facebook.com\/socialdesignmag","https:\/\/x.com\/socialdesignmag","http:\/\/instagram.com\/social_design_magazine\/","http:\/\/pinterest.com\/socialdesignmag\/","http:\/\/www.youtube.com\/user\/socialdesignmagazine"]},{"@type":"Person","@id":"https:\/\/socialdesignmagazine.com\/mag\/#\/schema\/person\/0fca86f1e66f9f784ce47ad63d330bb0","name":"Roberto Francesco Nico","image":{"@type":"ImageObject","inLanguage":"it-IT","@id":"https:\/\/secure.gravatar.com\/avatar\/522e2650399b9ef9ca1996e09f20984e16a760f33f3043d7cd8a022be29f8414?s=96&d=mm&r=g","url":"https:\/\/secure.gravatar.com\/avatar\/522e2650399b9ef9ca1996e09f20984e16a760f33f3043d7cd8a022be29f8414?s=96&d=mm&r=g","contentUrl":"https:\/\/secure.gravatar.com\/avatar\/522e2650399b9ef9ca1996e09f20984e16a760f33f3043d7cd8a022be29f8414?s=96&d=mm&r=g","caption":"Roberto Francesco Nico"},"url":"https:\/\/socialdesignmagazine.com\/mag\/author\/arclickdesign-com\/"}]}},"jetpack_featured_media_url":"https:\/\/socialdesignmagazine.com\/mag\/wp-content\/uploads\/2013\/04\/users_MyAreaDesign_tip_ton_tip_ton_vitra-625x315.jpg","jetpack_sharing_enabled":true,"jetpack_shortlink":"https:\/\/wp.me\/p6cV7V-wU","gt_translate_keys":[{"key":"link","format":"url"}],"_links":{"self":[{"href":"https:\/\/socialdesignmagazine.com\/mag\/wp-json\/wp\/v2\/posts\/2040","targetHints":{"allow":["GET"]}}],"collection":[{"href":"https:\/\/socialdesignmagazine.com\/mag\/wp-json\/wp\/v2\/posts"}],"about":[{"href":"https:\/\/socialdesignmagazine.com\/mag\/wp-json\/wp\/v2\/types\/post"}],"author":[{"embeddable":true,"href":"https:\/\/socialdesignmagazine.com\/mag\/wp-json\/wp\/v2\/users\/58"}],"replies":[{"embeddable":true,"href":"https:\/\/socialdesignmagazine.com\/mag\/wp-json\/wp\/v2\/comments?post=2040"}],"version-history":[{"count":1,"href":"https:\/\/socialdesignmagazine.com\/mag\/wp-json\/wp\/v2\/posts\/2040\/revisions"}],"predecessor-version":[{"id":61458,"href":"https:\/\/socialdesignmagazine.com\/mag\/wp-json\/wp\/v2\/posts\/2040\/revisions\/61458"}],"wp:featuredmedia":[{"embeddable":true,"href":"https:\/\/socialdesignmagazine.com\/mag\/wp-json\/wp\/v2\/media\/11956"}],"wp:attachment":[{"href":"https:\/\/socialdesignmagazine.com\/mag\/wp-json\/wp\/v2\/media?parent=2040"}],"wp:term":[{"taxonomy":"category","embeddable":true,"href":"https:\/\/socialdesignmagazine.com\/mag\/wp-json\/wp\/v2\/categories?post=2040"},{"taxonomy":"post_tag","embeddable":true,"href":"https:\/\/socialdesignmagazine.com\/mag\/wp-json\/wp\/v2\/tags?post=2040"}],"curies":[{"name":"wp","href":"https:\/\/api.w.org\/{rel}","templated":true}]}}