{"id":205,"date":"2011-03-14T16:27:51","date_gmt":"2011-03-14T15:27:51","guid":{"rendered":"https:\/\/socialdesignmagazine.com\/mag\/s6-design\/c35-design\/anticipazioni-del-salone-del-mobile-2011-di-milano-bollicine-roberto-giacomucci\/"},"modified":"2023-10-09T22:31:37","modified_gmt":"2023-10-09T20:31:37","slug":"anticipazioni-del-salone-del-mobile-2011-di-milano-bollicine-roberto-giacomucci","status":"publish","type":"post","link":"https:\/\/socialdesignmagazine.com\/mag\/design\/anticipazioni-del-salone-del-mobile-2011-di-milano-bollicine-roberto-giacomucci\/","title":{"rendered":"anticipazioni del Salone del mobile  2011 di Milano  \/ Bollicine, Roberto Giacomucci","gt_translate_keys":[{"key":"rendered","format":"text"}]},"content":{"rendered":"\n<h2 class=\"wp-block-heading\">Bollicine, di <a href=\"http:\/\/www.giacomuccidesign.com\/\" rel=\"nofollow\">Roberto Giacomucci<\/a>, prodotto da <a href=\"http:\/\/www.marchettiilluminazione.com\/\" rel=\"nofollow\">Marchetti Illuminazione<\/a>. Secondo il modello del Big Bang, l&#8217;universo ebbe origine con una &#8220;esplosione&#8221;, che riemp\u00ec tutto lo spazio, a partire da un punto materiale; dopo questo momento ogni particella cominci\u00f2 ad allontanarsi velocemente da ogni altra particella. <\/h2>\n\n\n\n<p>Bollicine cattura un fotogramma dei primi attimi di vita dell&#8217;universo riecheggiando, con la sua composizione di sfere di cristallo dai riflessi cobalto, il modello cosmogonico; il processo creativo arriva a definire il suo assetto ripercorrendo le ripetute fasi di espansione e relativo consolidamento e, attraverso le rotture di simmetria, la formazione di particelle elementari come neutrini, elettroni e quark. Non esiste un osservatore privilegiato: la luce che si genera si espande liberamente; tale universo \u00e8 finito e illimitato. Si tratta di una lampada a sospensione con telaio in metallo \u00d8 60 cm, che monta una lampadina E27 max 1 x 150 W.<\/p>\n\n\n<div class=\"wp-block-image\">\n<figure class=\"aligncenter\"><img loading=\"lazy\" decoding=\"async\" width=\"720\" height=\"720\" data-attachment-id=\"5009\" data-permalink=\"https:\/\/socialdesignmagazine.com\/mag\/design\/anticipazioni-del-salone-del-mobile-2011-di-milano-bollicine-roberto-giacomucci\/attachment\/bollicine2\/#content\" data-orig-file=\"https:\/\/socialdesignmagazine.com\/mag\/wp-content\/uploads\/2011\/03\/benedetto_Roberto_Giacomucci_marchetti_illuminazione_bollicine2.jpg\" data-orig-size=\"720,720\" data-comments-opened=\"1\" data-image-meta=\"{&quot;aperture&quot;:&quot;0&quot;,&quot;credit&quot;:&quot;&quot;,&quot;camera&quot;:&quot;&quot;,&quot;caption&quot;:&quot;&quot;,&quot;created_timestamp&quot;:&quot;0&quot;,&quot;copyright&quot;:&quot;&quot;,&quot;focal_length&quot;:&quot;0&quot;,&quot;iso&quot;:&quot;0&quot;,&quot;shutter_speed&quot;:&quot;0&quot;,&quot;title&quot;:&quot;&quot;,&quot;orientation&quot;:&quot;1&quot;}\" data-image-title=\"bollicine2\" data-image-description=\"\" data-image-caption=\"\" data-medium-file=\"https:\/\/socialdesignmagazine.com\/mag\/wp-content\/uploads\/2011\/03\/benedetto_Roberto_Giacomucci_marchetti_illuminazione_bollicine2-396x256.jpg\" data-large-file=\"https:\/\/socialdesignmagazine.com\/mag\/wp-content\/uploads\/2011\/03\/benedetto_Roberto_Giacomucci_marchetti_illuminazione_bollicine2.jpg\" src=\"https:\/\/socialdesignmagazine.com\/mag\/wp-content\/uploads\/2011\/03\/benedetto_Roberto_Giacomucci_marchetti_illuminazione_bollicine2.jpg\" alt=\"bollicine2\" class=\"wp-image-5009\" srcset=\"https:\/\/socialdesignmagazine.com\/mag\/wp-content\/uploads\/2011\/03\/benedetto_Roberto_Giacomucci_marchetti_illuminazione_bollicine2.jpg 720w, https:\/\/socialdesignmagazine.com\/mag\/wp-content\/uploads\/2011\/03\/benedetto_Roberto_Giacomucci_marchetti_illuminazione_bollicine2-65x65.jpg 65w\" sizes=\"auto, (max-width: 720px) 100vw, 720px\" \/><\/figure>\n<\/div>\n\n<div class=\"wp-block-image\">\n<figure class=\"aligncenter\"><img loading=\"lazy\" decoding=\"async\" width=\"720\" height=\"720\" data-attachment-id=\"5010\" data-permalink=\"https:\/\/socialdesignmagazine.com\/mag\/design\/anticipazioni-del-salone-del-mobile-2011-di-milano-bollicine-roberto-giacomucci\/attachment\/bollicine3\/#content\" data-orig-file=\"https:\/\/socialdesignmagazine.com\/mag\/wp-content\/uploads\/2011\/03\/benedetto_Roberto_Giacomucci_marchetti_illuminazione_bollicine3.jpg\" data-orig-size=\"720,720\" data-comments-opened=\"1\" data-image-meta=\"{&quot;aperture&quot;:&quot;0&quot;,&quot;credit&quot;:&quot;&quot;,&quot;camera&quot;:&quot;&quot;,&quot;caption&quot;:&quot;&quot;,&quot;created_timestamp&quot;:&quot;0&quot;,&quot;copyright&quot;:&quot;&quot;,&quot;focal_length&quot;:&quot;0&quot;,&quot;iso&quot;:&quot;0&quot;,&quot;shutter_speed&quot;:&quot;0&quot;,&quot;title&quot;:&quot;&quot;,&quot;orientation&quot;:&quot;1&quot;}\" data-image-title=\"bollicine3\" data-image-description=\"\" data-image-caption=\"\" data-medium-file=\"https:\/\/socialdesignmagazine.com\/mag\/wp-content\/uploads\/2011\/03\/benedetto_Roberto_Giacomucci_marchetti_illuminazione_bollicine3-396x256.jpg\" data-large-file=\"https:\/\/socialdesignmagazine.com\/mag\/wp-content\/uploads\/2011\/03\/benedetto_Roberto_Giacomucci_marchetti_illuminazione_bollicine3.jpg\" src=\"https:\/\/socialdesignmagazine.com\/mag\/wp-content\/uploads\/2011\/03\/benedetto_Roberto_Giacomucci_marchetti_illuminazione_bollicine3.jpg\" alt=\"bollicine3\" class=\"wp-image-5010\" srcset=\"https:\/\/socialdesignmagazine.com\/mag\/wp-content\/uploads\/2011\/03\/benedetto_Roberto_Giacomucci_marchetti_illuminazione_bollicine3.jpg 720w, https:\/\/socialdesignmagazine.com\/mag\/wp-content\/uploads\/2011\/03\/benedetto_Roberto_Giacomucci_marchetti_illuminazione_bollicine3-65x65.jpg 65w\" sizes=\"auto, (max-width: 720px) 100vw, 720px\" \/><\/figure>\n<\/div>","protected":false,"gt_translate_keys":[{"key":"rendered","format":"html"}]},"excerpt":{"rendered":"<p>Bollicine cattura un fotogramma dei primi attimi di vita dell&#8217;universo riecheggiando, con la sua composizione di sfere di cristallo dai riflessi cobalto, il modello cosmogonico.<\/p>\n","protected":false,"gt_translate_keys":[{"key":"rendered","format":"html"}]},"author":1,"featured_media":5008,"comment_status":"open","ping_status":"open","sticky":false,"template":"","format":"standard","meta":{"jetpack_post_was_ever_published":false,"_jetpack_newsletter_access":"","_jetpack_dont_email_post_to_subs":false,"_jetpack_newsletter_tier_id":0,"_jetpack_memberships_contains_paywalled_content":false,"_jetpack_memberships_contains_paid_content":false,"footnotes":"","_wpscppro_dont_share_socialmedia":false,"_wpscppro_custom_social_share_image":0,"_facebook_share_type":"","_twitter_share_type":"","_linkedin_share_type":"","_pinterest_share_type":"","_linkedin_share_type_page":"","_instagram_share_type":"","_medium_share_type":"","_threads_share_type":"","_google_business_share_type":"","_selected_social_profile":[],"_wpsp_enable_custom_social_template":false,"_wpsp_social_scheduling":{"enabled":false,"datetime":null,"platforms":[],"status":"template_only","dateOption":"today","timeOption":"now","customDays":"","customHours":"","customDate":"","customTime":"","schedulingType":"absolute"},"_wpsp_active_default_template":true},"categories":[13],"tags":[1013,1012,956,898],"class_list":["post-205","post","type-post","status-publish","format-standard","has-post-thumbnail","hentry","category-design","tag-bollicine","tag-marchetti-illuminazione","tag-roberto-giacomucci","tag-salone-del-mobile-2011-milano"],"yoast_head":"<!-- This site is optimized with the Yoast SEO plugin v27.2 - https:\/\/yoast.com\/product\/yoast-seo-wordpress\/ -->\n<title>anticipazioni del Salone del mobile 2011 di Milano \/ Bollicine, Roberto Giacomucci - Social Design Magazine<\/title>\n<meta name=\"description\" content=\"Bollicine cattura un fotogramma dei primi attimi di vita dell&#039;universo riecheggiando, con la sua composizione di sfere di cristallo dai riflessi cobalto, il modello cosmogonico.\" \/>\n<meta name=\"robots\" content=\"index, follow, max-snippet:-1, max-image-preview:large, max-video-preview:-1\" \/>\n<link rel=\"canonical\" href=\"https:\/\/socialdesignmagazine.com\/mag\/design\/anticipazioni-del-salone-del-mobile-2011-di-milano-bollicine-roberto-giacomucci\/\" \/>\n<meta property=\"og:locale\" content=\"it_IT\" \/>\n<meta property=\"og:type\" content=\"article\" \/>\n<meta property=\"og:title\" content=\"anticipazioni del Salone del mobile 2011 di Milano \/ Bollicine, Roberto Giacomucci - Social Design Magazine\" \/>\n<meta property=\"og:description\" content=\"Bollicine cattura un fotogramma dei primi attimi di vita dell&#039;universo riecheggiando, con la sua composizione di sfere di cristallo dai riflessi cobalto, il modello cosmogonico.\" \/>\n<meta property=\"og:url\" content=\"http:\/\/socialdesignmagazine.com\/mag\/design\/anticipazioni-del-salone-del-mobile-2011-di-milano-bollicine-roberto-giacomucci\/\" \/>\n<meta property=\"og:site_name\" content=\"Social Design Magazine\" \/>\n<meta property=\"article:publisher\" content=\"https:\/\/www.facebook.com\/socialdesignmag\" \/>\n<meta property=\"article:author\" content=\"https:\/\/www.facebook.com\/benedettofiori\" \/>\n<meta property=\"article:published_time\" content=\"2011-03-14T15:27:51+00:00\" \/>\n<meta property=\"article:modified_time\" content=\"2023-10-09T20:31:37+00:00\" \/>\n<meta property=\"og:image\" content=\"https:\/\/socialdesignmagazine.com\/mag\/wp-content\/uploads\/2011\/03\/benedetto_Roberto_Giacomucci_marchetti_illuminazione_bollicine1.jpg\" \/>\n\t<meta property=\"og:image:width\" content=\"720\" \/>\n\t<meta property=\"og:image:height\" content=\"761\" \/>\n\t<meta property=\"og:image:type\" content=\"image\/jpeg\" \/>\n<meta name=\"author\" content=\"Benedetto Fiori\" \/>\n<meta name=\"twitter:card\" content=\"summary_large_image\" \/>\n<meta name=\"twitter:creator\" content=\"@benedettofiori\" \/>\n<meta name=\"twitter:site\" content=\"@socialdesignmag\" \/>\n<meta name=\"twitter:label1\" content=\"Scritto da\" \/>\n\t<meta name=\"twitter:data1\" content=\"Benedetto Fiori\" \/>\n\t<meta name=\"twitter:label2\" content=\"Tempo di lettura stimato\" \/>\n\t<meta name=\"twitter:data2\" content=\"2 minuti\" \/>\n<script type=\"application\/ld+json\" class=\"yoast-schema-graph\">{\"@context\":\"https:\/\/schema.org\",\"@graph\":[{\"@type\":\"Article\",\"@id\":\"https:\/\/socialdesignmagazine.com\/mag\/design\/anticipazioni-del-salone-del-mobile-2011-di-milano-bollicine-roberto-giacomucci\/#article\",\"isPartOf\":{\"@id\":\"https:\/\/socialdesignmagazine.com\/mag\/design\/anticipazioni-del-salone-del-mobile-2011-di-milano-bollicine-roberto-giacomucci\/\"},\"author\":{\"name\":\"Benedetto Fiori\",\"@id\":\"https:\/\/socialdesignmagazine.com\/mag\/#\/schema\/person\/61e20205cc363c315e6aabd33a045846\"},\"headline\":\"anticipazioni del Salone del mobile 2011 di Milano \/ Bollicine, Roberto Giacomucci\",\"datePublished\":\"2011-03-14T15:27:51+00:00\",\"dateModified\":\"2023-10-09T20:31:37+00:00\",\"mainEntityOfPage\":{\"@id\":\"https:\/\/socialdesignmagazine.com\/mag\/design\/anticipazioni-del-salone-del-mobile-2011-di-milano-bollicine-roberto-giacomucci\/\"},\"wordCount\":153,\"commentCount\":0,\"publisher\":{\"@id\":\"https:\/\/socialdesignmagazine.com\/mag\/#organization\"},\"image\":{\"@id\":\"https:\/\/socialdesignmagazine.com\/mag\/design\/anticipazioni-del-salone-del-mobile-2011-di-milano-bollicine-roberto-giacomucci\/#primaryimage\"},\"thumbnailUrl\":\"https:\/\/socialdesignmagazine.com\/mag\/wp-content\/uploads\/2011\/03\/benedetto_Roberto_Giacomucci_marchetti_illuminazione_bollicine1.jpg\",\"keywords\":[\"bollicine\",\"marchetti illuminazione\",\"roberto giacomucci\",\"salone del mobile 2011 milano\"],\"articleSection\":[\"Design\"],\"inLanguage\":\"it-IT\",\"potentialAction\":[{\"@type\":\"CommentAction\",\"name\":\"Comment\",\"target\":[\"https:\/\/socialdesignmagazine.com\/mag\/design\/anticipazioni-del-salone-del-mobile-2011-di-milano-bollicine-roberto-giacomucci\/#respond\"]}]},{\"@type\":\"WebPage\",\"@id\":\"https:\/\/socialdesignmagazine.com\/mag\/design\/anticipazioni-del-salone-del-mobile-2011-di-milano-bollicine-roberto-giacomucci\/\",\"url\":\"https:\/\/socialdesignmagazine.com\/mag\/design\/anticipazioni-del-salone-del-mobile-2011-di-milano-bollicine-roberto-giacomucci\/\",\"name\":\"anticipazioni del Salone del mobile 2011 di Milano \/ Bollicine, Roberto Giacomucci - Social Design Magazine\",\"isPartOf\":{\"@id\":\"https:\/\/socialdesignmagazine.com\/mag\/#website\"},\"primaryImageOfPage\":{\"@id\":\"https:\/\/socialdesignmagazine.com\/mag\/design\/anticipazioni-del-salone-del-mobile-2011-di-milano-bollicine-roberto-giacomucci\/#primaryimage\"},\"image\":{\"@id\":\"https:\/\/socialdesignmagazine.com\/mag\/design\/anticipazioni-del-salone-del-mobile-2011-di-milano-bollicine-roberto-giacomucci\/#primaryimage\"},\"thumbnailUrl\":\"https:\/\/socialdesignmagazine.com\/mag\/wp-content\/uploads\/2011\/03\/benedetto_Roberto_Giacomucci_marchetti_illuminazione_bollicine1.jpg\",\"datePublished\":\"2011-03-14T15:27:51+00:00\",\"dateModified\":\"2023-10-09T20:31:37+00:00\",\"description\":\"Bollicine cattura un fotogramma dei primi attimi di vita dell'universo riecheggiando, con la sua composizione di sfere di cristallo dai riflessi cobalto, il modello cosmogonico.\",\"breadcrumb\":{\"@id\":\"https:\/\/socialdesignmagazine.com\/mag\/design\/anticipazioni-del-salone-del-mobile-2011-di-milano-bollicine-roberto-giacomucci\/#breadcrumb\"},\"inLanguage\":\"it-IT\",\"potentialAction\":[{\"@type\":\"ReadAction\",\"target\":[\"https:\/\/socialdesignmagazine.com\/mag\/design\/anticipazioni-del-salone-del-mobile-2011-di-milano-bollicine-roberto-giacomucci\/\"]}]},{\"@type\":\"ImageObject\",\"inLanguage\":\"it-IT\",\"@id\":\"https:\/\/socialdesignmagazine.com\/mag\/design\/anticipazioni-del-salone-del-mobile-2011-di-milano-bollicine-roberto-giacomucci\/#primaryimage\",\"url\":\"https:\/\/socialdesignmagazine.com\/mag\/wp-content\/uploads\/2011\/03\/benedetto_Roberto_Giacomucci_marchetti_illuminazione_bollicine1.jpg\",\"contentUrl\":\"https:\/\/socialdesignmagazine.com\/mag\/wp-content\/uploads\/2011\/03\/benedetto_Roberto_Giacomucci_marchetti_illuminazione_bollicine1.jpg\",\"width\":720,\"height\":761,\"caption\":\"bollicine1\"},{\"@type\":\"BreadcrumbList\",\"@id\":\"https:\/\/socialdesignmagazine.com\/mag\/design\/anticipazioni-del-salone-del-mobile-2011-di-milano-bollicine-roberto-giacomucci\/#breadcrumb\",\"itemListElement\":[{\"@type\":\"ListItem\",\"position\":1,\"name\":\"Home\",\"item\":\"https:\/\/socialdesignmagazine.com\/mag\/\"},{\"@type\":\"ListItem\",\"position\":2,\"name\":\"Design\",\"item\":\"https:\/\/socialdesignmagazine.com\/mag\/design\/\"},{\"@type\":\"ListItem\",\"position\":3,\"name\":\"anticipazioni del Salone del mobile 2011 di Milano \/ Bollicine, Roberto Giacomucci\"}]},{\"@type\":\"WebSite\",\"@id\":\"https:\/\/socialdesignmagazine.com\/mag\/#website\",\"url\":\"https:\/\/socialdesignmagazine.com\/mag\/\",\"name\":\"Social Design Magazine\",\"description\":\"Social Magazine su Design, Architettura, Arte, Grafica\",\"publisher\":{\"@id\":\"https:\/\/socialdesignmagazine.com\/mag\/#organization\"},\"potentialAction\":[{\"@type\":\"SearchAction\",\"target\":{\"@type\":\"EntryPoint\",\"urlTemplate\":\"https:\/\/socialdesignmagazine.com\/mag\/?s={search_term_string}\"},\"query-input\":{\"@type\":\"PropertyValueSpecification\",\"valueRequired\":true,\"valueName\":\"search_term_string\"}}],\"inLanguage\":\"it-IT\"},{\"@type\":\"Organization\",\"@id\":\"https:\/\/socialdesignmagazine.com\/mag\/#organization\",\"name\":\"Social Design Magazine\",\"url\":\"https:\/\/socialdesignmagazine.com\/mag\/\",\"logo\":{\"@type\":\"ImageObject\",\"inLanguage\":\"it-IT\",\"@id\":\"https:\/\/socialdesignmagazine.com\/mag\/#\/schema\/logo\/image\/\",\"url\":\"https:\/\/socialdesignmagazine.com\/mag\/wp-content\/uploads\/2017\/01\/logo_favicon_11.png\",\"contentUrl\":\"https:\/\/socialdesignmagazine.com\/mag\/wp-content\/uploads\/2017\/01\/logo_favicon_11.png\",\"width\":1024,\"height\":1024,\"caption\":\"Social Design Magazine\"},\"image\":{\"@id\":\"https:\/\/socialdesignmagazine.com\/mag\/#\/schema\/logo\/image\/\"},\"sameAs\":[\"https:\/\/www.facebook.com\/socialdesignmag\",\"https:\/\/x.com\/socialdesignmag\",\"http:\/\/instagram.com\/social_design_magazine\/\",\"http:\/\/pinterest.com\/socialdesignmag\/\",\"http:\/\/www.youtube.com\/user\/socialdesignmagazine\"]},{\"@type\":\"Person\",\"@id\":\"https:\/\/socialdesignmagazine.com\/mag\/#\/schema\/person\/61e20205cc363c315e6aabd33a045846\",\"name\":\"Benedetto Fiori\",\"image\":{\"@type\":\"ImageObject\",\"inLanguage\":\"it-IT\",\"@id\":\"https:\/\/secure.gravatar.com\/avatar\/450a48cefa36da63d920ad70aa660bd10725b1c6093800242e5efdb397759033?s=96&d=mm&r=g\",\"url\":\"https:\/\/secure.gravatar.com\/avatar\/450a48cefa36da63d920ad70aa660bd10725b1c6093800242e5efdb397759033?s=96&d=mm&r=g\",\"contentUrl\":\"https:\/\/secure.gravatar.com\/avatar\/450a48cefa36da63d920ad70aa660bd10725b1c6093800242e5efdb397759033?s=96&d=mm&r=g\",\"caption\":\"Benedetto Fiori\"},\"description\":\"Web | Twitter | Facebook | Shutterstock Founder &amp; Editor in Chief di Social Design Magazine. Attratto da sempre da tutto ci\u00f2 che \u00e8 creativit\u00e0, design, architettura. Dopo aver studiato Architettura all'Universit\u00e0 di Firenze, si \u00e8 impegnato in molteplici campi: comunicazione grafica, progettazione di allestimenti fieristici, brand design, Interior Design.\",\"sameAs\":[\"http:\/\/benedettofiori.com\",\"https:\/\/www.facebook.com\/benedettofiori\",\"https:\/\/x.com\/benedettofiori\"],\"url\":\"https:\/\/socialdesignmagazine.com\/mag\/author\/benedetto\/\"}]}<\/script>\n<!-- \/ Yoast SEO plugin. -->","yoast_head_json":{"title":"anticipazioni del Salone del mobile 2011 di Milano \/ Bollicine, Roberto Giacomucci - Social Design Magazine","description":"Bollicine cattura un fotogramma dei primi attimi di vita dell'universo riecheggiando, con la sua composizione di sfere di cristallo dai riflessi cobalto, il modello cosmogonico.","robots":{"index":"index","follow":"follow","max-snippet":"max-snippet:-1","max-image-preview":"max-image-preview:large","max-video-preview":"max-video-preview:-1"},"canonical":"https:\/\/socialdesignmagazine.com\/mag\/design\/anticipazioni-del-salone-del-mobile-2011-di-milano-bollicine-roberto-giacomucci\/","og_locale":"it_IT","og_type":"article","og_title":"anticipazioni del Salone del mobile 2011 di Milano \/ Bollicine, Roberto Giacomucci - Social Design Magazine","og_description":"Bollicine cattura un fotogramma dei primi attimi di vita dell'universo riecheggiando, con la sua composizione di sfere di cristallo dai riflessi cobalto, il modello cosmogonico.","og_url":"http:\/\/socialdesignmagazine.com\/mag\/design\/anticipazioni-del-salone-del-mobile-2011-di-milano-bollicine-roberto-giacomucci\/","og_site_name":"Social Design Magazine","article_publisher":"https:\/\/www.facebook.com\/socialdesignmag","article_author":"https:\/\/www.facebook.com\/benedettofiori","article_published_time":"2011-03-14T15:27:51+00:00","article_modified_time":"2023-10-09T20:31:37+00:00","og_image":[{"width":720,"height":761,"url":"https:\/\/socialdesignmagazine.com\/mag\/wp-content\/uploads\/2011\/03\/benedetto_Roberto_Giacomucci_marchetti_illuminazione_bollicine1.jpg","type":"image\/jpeg"}],"author":"Benedetto Fiori","twitter_card":"summary_large_image","twitter_creator":"@benedettofiori","twitter_site":"@socialdesignmag","twitter_misc":{"Scritto da":"Benedetto Fiori","Tempo di lettura stimato":"2 minuti"},"schema":{"@context":"https:\/\/schema.org","@graph":[{"@type":"Article","@id":"https:\/\/socialdesignmagazine.com\/mag\/design\/anticipazioni-del-salone-del-mobile-2011-di-milano-bollicine-roberto-giacomucci\/#article","isPartOf":{"@id":"https:\/\/socialdesignmagazine.com\/mag\/design\/anticipazioni-del-salone-del-mobile-2011-di-milano-bollicine-roberto-giacomucci\/"},"author":{"name":"Benedetto Fiori","@id":"https:\/\/socialdesignmagazine.com\/mag\/#\/schema\/person\/61e20205cc363c315e6aabd33a045846"},"headline":"anticipazioni del Salone del mobile 2011 di Milano \/ Bollicine, Roberto Giacomucci","datePublished":"2011-03-14T15:27:51+00:00","dateModified":"2023-10-09T20:31:37+00:00","mainEntityOfPage":{"@id":"https:\/\/socialdesignmagazine.com\/mag\/design\/anticipazioni-del-salone-del-mobile-2011-di-milano-bollicine-roberto-giacomucci\/"},"wordCount":153,"commentCount":0,"publisher":{"@id":"https:\/\/socialdesignmagazine.com\/mag\/#organization"},"image":{"@id":"https:\/\/socialdesignmagazine.com\/mag\/design\/anticipazioni-del-salone-del-mobile-2011-di-milano-bollicine-roberto-giacomucci\/#primaryimage"},"thumbnailUrl":"https:\/\/socialdesignmagazine.com\/mag\/wp-content\/uploads\/2011\/03\/benedetto_Roberto_Giacomucci_marchetti_illuminazione_bollicine1.jpg","keywords":["bollicine","marchetti illuminazione","roberto giacomucci","salone del mobile 2011 milano"],"articleSection":["Design"],"inLanguage":"it-IT","potentialAction":[{"@type":"CommentAction","name":"Comment","target":["https:\/\/socialdesignmagazine.com\/mag\/design\/anticipazioni-del-salone-del-mobile-2011-di-milano-bollicine-roberto-giacomucci\/#respond"]}]},{"@type":"WebPage","@id":"https:\/\/socialdesignmagazine.com\/mag\/design\/anticipazioni-del-salone-del-mobile-2011-di-milano-bollicine-roberto-giacomucci\/","url":"https:\/\/socialdesignmagazine.com\/mag\/design\/anticipazioni-del-salone-del-mobile-2011-di-milano-bollicine-roberto-giacomucci\/","name":"anticipazioni del Salone del mobile 2011 di Milano \/ Bollicine, Roberto Giacomucci - Social Design Magazine","isPartOf":{"@id":"https:\/\/socialdesignmagazine.com\/mag\/#website"},"primaryImageOfPage":{"@id":"https:\/\/socialdesignmagazine.com\/mag\/design\/anticipazioni-del-salone-del-mobile-2011-di-milano-bollicine-roberto-giacomucci\/#primaryimage"},"image":{"@id":"https:\/\/socialdesignmagazine.com\/mag\/design\/anticipazioni-del-salone-del-mobile-2011-di-milano-bollicine-roberto-giacomucci\/#primaryimage"},"thumbnailUrl":"https:\/\/socialdesignmagazine.com\/mag\/wp-content\/uploads\/2011\/03\/benedetto_Roberto_Giacomucci_marchetti_illuminazione_bollicine1.jpg","datePublished":"2011-03-14T15:27:51+00:00","dateModified":"2023-10-09T20:31:37+00:00","description":"Bollicine cattura un fotogramma dei primi attimi di vita dell'universo riecheggiando, con la sua composizione di sfere di cristallo dai riflessi cobalto, il modello cosmogonico.","breadcrumb":{"@id":"https:\/\/socialdesignmagazine.com\/mag\/design\/anticipazioni-del-salone-del-mobile-2011-di-milano-bollicine-roberto-giacomucci\/#breadcrumb"},"inLanguage":"it-IT","potentialAction":[{"@type":"ReadAction","target":["https:\/\/socialdesignmagazine.com\/mag\/design\/anticipazioni-del-salone-del-mobile-2011-di-milano-bollicine-roberto-giacomucci\/"]}]},{"@type":"ImageObject","inLanguage":"it-IT","@id":"https:\/\/socialdesignmagazine.com\/mag\/design\/anticipazioni-del-salone-del-mobile-2011-di-milano-bollicine-roberto-giacomucci\/#primaryimage","url":"https:\/\/socialdesignmagazine.com\/mag\/wp-content\/uploads\/2011\/03\/benedetto_Roberto_Giacomucci_marchetti_illuminazione_bollicine1.jpg","contentUrl":"https:\/\/socialdesignmagazine.com\/mag\/wp-content\/uploads\/2011\/03\/benedetto_Roberto_Giacomucci_marchetti_illuminazione_bollicine1.jpg","width":720,"height":761,"caption":"bollicine1"},{"@type":"BreadcrumbList","@id":"https:\/\/socialdesignmagazine.com\/mag\/design\/anticipazioni-del-salone-del-mobile-2011-di-milano-bollicine-roberto-giacomucci\/#breadcrumb","itemListElement":[{"@type":"ListItem","position":1,"name":"Home","item":"https:\/\/socialdesignmagazine.com\/mag\/"},{"@type":"ListItem","position":2,"name":"Design","item":"https:\/\/socialdesignmagazine.com\/mag\/design\/"},{"@type":"ListItem","position":3,"name":"anticipazioni del Salone del mobile 2011 di Milano \/ Bollicine, Roberto Giacomucci"}]},{"@type":"WebSite","@id":"https:\/\/socialdesignmagazine.com\/mag\/#website","url":"https:\/\/socialdesignmagazine.com\/mag\/","name":"Social Design Magazine","description":"Social Magazine su Design, Architettura, Arte, Grafica","publisher":{"@id":"https:\/\/socialdesignmagazine.com\/mag\/#organization"},"potentialAction":[{"@type":"SearchAction","target":{"@type":"EntryPoint","urlTemplate":"https:\/\/socialdesignmagazine.com\/mag\/?s={search_term_string}"},"query-input":{"@type":"PropertyValueSpecification","valueRequired":true,"valueName":"search_term_string"}}],"inLanguage":"it-IT"},{"@type":"Organization","@id":"https:\/\/socialdesignmagazine.com\/mag\/#organization","name":"Social Design Magazine","url":"https:\/\/socialdesignmagazine.com\/mag\/","logo":{"@type":"ImageObject","inLanguage":"it-IT","@id":"https:\/\/socialdesignmagazine.com\/mag\/#\/schema\/logo\/image\/","url":"https:\/\/socialdesignmagazine.com\/mag\/wp-content\/uploads\/2017\/01\/logo_favicon_11.png","contentUrl":"https:\/\/socialdesignmagazine.com\/mag\/wp-content\/uploads\/2017\/01\/logo_favicon_11.png","width":1024,"height":1024,"caption":"Social Design Magazine"},"image":{"@id":"https:\/\/socialdesignmagazine.com\/mag\/#\/schema\/logo\/image\/"},"sameAs":["https:\/\/www.facebook.com\/socialdesignmag","https:\/\/x.com\/socialdesignmag","http:\/\/instagram.com\/social_design_magazine\/","http:\/\/pinterest.com\/socialdesignmag\/","http:\/\/www.youtube.com\/user\/socialdesignmagazine"]},{"@type":"Person","@id":"https:\/\/socialdesignmagazine.com\/mag\/#\/schema\/person\/61e20205cc363c315e6aabd33a045846","name":"Benedetto Fiori","image":{"@type":"ImageObject","inLanguage":"it-IT","@id":"https:\/\/secure.gravatar.com\/avatar\/450a48cefa36da63d920ad70aa660bd10725b1c6093800242e5efdb397759033?s=96&d=mm&r=g","url":"https:\/\/secure.gravatar.com\/avatar\/450a48cefa36da63d920ad70aa660bd10725b1c6093800242e5efdb397759033?s=96&d=mm&r=g","contentUrl":"https:\/\/secure.gravatar.com\/avatar\/450a48cefa36da63d920ad70aa660bd10725b1c6093800242e5efdb397759033?s=96&d=mm&r=g","caption":"Benedetto Fiori"},"description":"Web | Twitter | Facebook | Shutterstock Founder &amp; Editor in Chief di Social Design Magazine. Attratto da sempre da tutto ci\u00f2 che \u00e8 creativit\u00e0, design, architettura. Dopo aver studiato Architettura all'Universit\u00e0 di Firenze, si \u00e8 impegnato in molteplici campi: comunicazione grafica, progettazione di allestimenti fieristici, brand design, Interior Design.","sameAs":["http:\/\/benedettofiori.com","https:\/\/www.facebook.com\/benedettofiori","https:\/\/x.com\/benedettofiori"],"url":"https:\/\/socialdesignmagazine.com\/mag\/author\/benedetto\/"}]}},"jetpack_featured_media_url":"https:\/\/socialdesignmagazine.com\/mag\/wp-content\/uploads\/2011\/03\/benedetto_Roberto_Giacomucci_marchetti_illuminazione_bollicine1.jpg","jetpack_sharing_enabled":true,"jetpack_shortlink":"https:\/\/wp.me\/p6cV7V-3j","gt_translate_keys":[{"key":"link","format":"url"}],"_links":{"self":[{"href":"https:\/\/socialdesignmagazine.com\/mag\/wp-json\/wp\/v2\/posts\/205","targetHints":{"allow":["GET"]}}],"collection":[{"href":"https:\/\/socialdesignmagazine.com\/mag\/wp-json\/wp\/v2\/posts"}],"about":[{"href":"https:\/\/socialdesignmagazine.com\/mag\/wp-json\/wp\/v2\/types\/post"}],"author":[{"embeddable":true,"href":"https:\/\/socialdesignmagazine.com\/mag\/wp-json\/wp\/v2\/users\/1"}],"replies":[{"embeddable":true,"href":"https:\/\/socialdesignmagazine.com\/mag\/wp-json\/wp\/v2\/comments?post=205"}],"version-history":[{"count":1,"href":"https:\/\/socialdesignmagazine.com\/mag\/wp-json\/wp\/v2\/posts\/205\/revisions"}],"predecessor-version":[{"id":57341,"href":"https:\/\/socialdesignmagazine.com\/mag\/wp-json\/wp\/v2\/posts\/205\/revisions\/57341"}],"wp:featuredmedia":[{"embeddable":true,"href":"https:\/\/socialdesignmagazine.com\/mag\/wp-json\/wp\/v2\/media\/5008"}],"wp:attachment":[{"href":"https:\/\/socialdesignmagazine.com\/mag\/wp-json\/wp\/v2\/media?parent=205"}],"wp:term":[{"taxonomy":"category","embeddable":true,"href":"https:\/\/socialdesignmagazine.com\/mag\/wp-json\/wp\/v2\/categories?post=205"},{"taxonomy":"post_tag","embeddable":true,"href":"https:\/\/socialdesignmagazine.com\/mag\/wp-json\/wp\/v2\/tags?post=205"}],"curies":[{"name":"wp","href":"https:\/\/api.w.org\/{rel}","templated":true}]}}