{"id":2060,"date":"2013-04-08T11:00:00","date_gmt":"2013-04-08T09:00:00","guid":{"rendered":"https:\/\/socialdesignmagazine.com\/mag\/s6-design\/c35-design\/modus-anteprima-salone-del-mobile-2013\/"},"modified":"2024-05-31T23:39:57","modified_gmt":"2024-05-31T21:39:57","slug":"modus-anteprima-salone-del-mobile-2013","status":"publish","type":"post","link":"https:\/\/socialdesignmagazine.com\/mag\/news\/design-news\/modus-anteprima-salone-del-mobile-2013\/","title":{"rendered":"Modus \/ Anteprima Salone del Mobile 2013","gt_translate_keys":[{"key":"rendered","format":"text"}]},"content":{"rendered":"\n<p><strong>Modus<\/strong>, una delle principali aziende di arredamento britannico, presenter\u00e0 a <strong>Edit<\/strong> durante il <strong>Salone del Mobile 2013<\/strong> i suoi nuovi progetti in collaborazione con: Shin Azumi, Arik Levy, PearsonLloyd, Pengelly Design, Jonathan Prestwich, Christophe Pillet and Michael Sodeau. Modus collaborer\u00e0 inoltre con Michael Sodeau per realizzare l\u2019area VIP di Apartment 58, un nuovo club privato londinese partecipe a Edit.<\/p>\n\n\n<div class=\"wp-block-image\">\n<figure class=\"aligncenter\"><img loading=\"lazy\" decoding=\"async\" width=\"720\" height=\"435\" data-attachment-id=\"12033\" data-permalink=\"https:\/\/socialdesignmagazine.com\/mag\/news\/design-news\/modus-anteprima-salone-del-mobile-2013\/attachment\/plc-stools-group-horizon-line-by-pearson-lloyd-2\/#content\" data-orig-file=\"https:\/\/socialdesignmagazine.com\/mag\/wp-content\/uploads\/2013\/04\/users_Jessy_Modus__Anteprima_Salone_del_Mobile_PLC_Stools_Group-Horizon_Line_by_Pearson_Lloyd_2.jpg\" data-orig-size=\"720,435\" data-comments-opened=\"1\" data-image-meta=\"{&quot;aperture&quot;:&quot;0&quot;,&quot;credit&quot;:&quot;&quot;,&quot;camera&quot;:&quot;P45&quot;,&quot;caption&quot;:&quot;&quot;,&quot;created_timestamp&quot;:&quot;1346371200&quot;,&quot;copyright&quot;:&quot;&quot;,&quot;focal_length&quot;:&quot;0&quot;,&quot;iso&quot;:&quot;50&quot;,&quot;shutter_speed&quot;:&quot;0&quot;,&quot;title&quot;:&quot;&quot;,&quot;orientation&quot;:&quot;1&quot;}\" data-image-title=\"PLC Stools Group-Horizon Line by Pearson Lloyd 2\" data-image-description=\"\" data-image-caption=\"\" data-medium-file=\"https:\/\/socialdesignmagazine.com\/mag\/wp-content\/uploads\/2013\/04\/users_Jessy_Modus__Anteprima_Salone_del_Mobile_PLC_Stools_Group-Horizon_Line_by_Pearson_Lloyd_2-396x256.jpg\" data-large-file=\"https:\/\/socialdesignmagazine.com\/mag\/wp-content\/uploads\/2013\/04\/users_Jessy_Modus__Anteprima_Salone_del_Mobile_PLC_Stools_Group-Horizon_Line_by_Pearson_Lloyd_2.jpg\" src=\"https:\/\/socialdesignmagazine.com\/mag\/wp-content\/uploads\/2013\/04\/users_Jessy_Modus__Anteprima_Salone_del_Mobile_PLC_Stools_Group-Horizon_Line_by_Pearson_Lloyd_2.jpg\" alt=\"PLC Stools Group-Horizon Line by Pearson Lloyd 2\" class=\"wp-image-12033\"\/><\/figure>\n<\/div>\n\n<div class=\"wp-block-image\">\n<figure class=\"aligncenter\"><img loading=\"lazy\" decoding=\"async\" width=\"720\" height=\"476\" data-attachment-id=\"12034\" data-permalink=\"https:\/\/socialdesignmagazine.com\/mag\/news\/design-news\/modus-anteprima-salone-del-mobile-2013\/attachment\/plc-stools-group-horizon-line-by-pearson-lloyd-4\/#content\" data-orig-file=\"https:\/\/socialdesignmagazine.com\/mag\/wp-content\/uploads\/2013\/04\/users_Jessy_Modus__Anteprima_Salone_del_Mobile_PLC_Stools_Group-Horizon_Line_by_Pearson_Lloyd_4.jpg\" data-orig-size=\"720,476\" data-comments-opened=\"1\" data-image-meta=\"{&quot;aperture&quot;:&quot;0&quot;,&quot;credit&quot;:&quot;&quot;,&quot;camera&quot;:&quot;P45&quot;,&quot;caption&quot;:&quot;&quot;,&quot;created_timestamp&quot;:&quot;1346371200&quot;,&quot;copyright&quot;:&quot;&quot;,&quot;focal_length&quot;:&quot;0&quot;,&quot;iso&quot;:&quot;50&quot;,&quot;shutter_speed&quot;:&quot;0&quot;,&quot;title&quot;:&quot;&quot;,&quot;orientation&quot;:&quot;1&quot;}\" data-image-title=\"PLC Stools Group-Horizon Line by Pearson Lloyd 4\" data-image-description=\"\" data-image-caption=\"\" data-medium-file=\"https:\/\/socialdesignmagazine.com\/mag\/wp-content\/uploads\/2013\/04\/users_Jessy_Modus__Anteprima_Salone_del_Mobile_PLC_Stools_Group-Horizon_Line_by_Pearson_Lloyd_4-396x256.jpg\" data-large-file=\"https:\/\/socialdesignmagazine.com\/mag\/wp-content\/uploads\/2013\/04\/users_Jessy_Modus__Anteprima_Salone_del_Mobile_PLC_Stools_Group-Horizon_Line_by_Pearson_Lloyd_4.jpg\" src=\"https:\/\/socialdesignmagazine.com\/mag\/wp-content\/uploads\/2013\/04\/users_Jessy_Modus__Anteprima_Salone_del_Mobile_PLC_Stools_Group-Horizon_Line_by_Pearson_Lloyd_4.jpg\" alt=\"PLC Stools Group-Horizon Line by Pearson Lloyd 4\" class=\"wp-image-12034\" srcset=\"https:\/\/socialdesignmagazine.com\/mag\/wp-content\/uploads\/2013\/04\/users_Jessy_Modus__Anteprima_Salone_del_Mobile_PLC_Stools_Group-Horizon_Line_by_Pearson_Lloyd_4.jpg 720w, https:\/\/socialdesignmagazine.com\/mag\/wp-content\/uploads\/2013\/04\/users_Jessy_Modus__Anteprima_Salone_del_Mobile_PLC_Stools_Group-Horizon_Line_by_Pearson_Lloyd_4-100x66.jpg 100w\" sizes=\"auto, (max-width: 720px) 100vw, 720px\" \/><\/figure>\n<\/div>\n\n\n<p><strong>Geta Credenza di Arik Levy<\/strong><br>\nGeta credenza \u00e8 un sistema di contenitori modulare con elementi singoli, aperti o con ante. Le tre versioni per base e top si combinano con le unit\u00e0 interne per creare un sistema di contenitori modulabile in varie configurazioni e adattabile sia a locali per riunioni che a spazi residenziali. Geta \u00e8 disponibile in una vasta gamma di legni masselli, laccati e impiallacciati.<\/p>\n\n\n<div class=\"wp-block-image\">\n<figure class=\"aligncenter\"><img loading=\"lazy\" decoding=\"async\" width=\"720\" height=\"509\" data-attachment-id=\"12035\" data-permalink=\"https:\/\/socialdesignmagazine.com\/mag\/news\/design-news\/modus-anteprima-salone-del-mobile-2013\/attachment\/plc-stools-group-horizon-line-by-pearson-lloyd-5\/#content\" data-orig-file=\"https:\/\/socialdesignmagazine.com\/mag\/wp-content\/uploads\/2013\/04\/users_Jessy_Modus__Anteprima_Salone_del_Mobile_PLC_Stools_Group-Horizon_Line_by_Pearson_Lloyd_5.jpg\" data-orig-size=\"720,509\" data-comments-opened=\"1\" data-image-meta=\"{&quot;aperture&quot;:&quot;0&quot;,&quot;credit&quot;:&quot;&quot;,&quot;camera&quot;:&quot;&quot;,&quot;caption&quot;:&quot;&quot;,&quot;created_timestamp&quot;:&quot;0&quot;,&quot;copyright&quot;:&quot;&quot;,&quot;focal_length&quot;:&quot;0&quot;,&quot;iso&quot;:&quot;0&quot;,&quot;shutter_speed&quot;:&quot;0&quot;,&quot;title&quot;:&quot;&quot;,&quot;orientation&quot;:&quot;1&quot;}\" data-image-title=\"PLC Stools Group-Horizon Line by Pearson Lloyd 5\" data-image-description=\"\" data-image-caption=\"\" data-medium-file=\"https:\/\/socialdesignmagazine.com\/mag\/wp-content\/uploads\/2013\/04\/users_Jessy_Modus__Anteprima_Salone_del_Mobile_PLC_Stools_Group-Horizon_Line_by_Pearson_Lloyd_5-396x256.jpg\" data-large-file=\"https:\/\/socialdesignmagazine.com\/mag\/wp-content\/uploads\/2013\/04\/users_Jessy_Modus__Anteprima_Salone_del_Mobile_PLC_Stools_Group-Horizon_Line_by_Pearson_Lloyd_5.jpg\" src=\"https:\/\/socialdesignmagazine.com\/mag\/wp-content\/uploads\/2013\/04\/users_Jessy_Modus__Anteprima_Salone_del_Mobile_PLC_Stools_Group-Horizon_Line_by_Pearson_Lloyd_5.jpg\" alt=\"PLC Stools Group-Horizon Line by Pearson Lloyd 5\" class=\"wp-image-12035\"\/><\/figure>\n<\/div>\n\n<div class=\"wp-block-image\">\n<figure class=\"aligncenter\"><img loading=\"lazy\" decoding=\"async\" width=\"720\" height=\"509\" data-attachment-id=\"12036\" data-permalink=\"https:\/\/socialdesignmagazine.com\/mag\/news\/design-news\/modus-anteprima-salone-del-mobile-2013\/attachment\/plc-stools-group-horizon-line-by-pearson-lloyd-6\/#content\" data-orig-file=\"https:\/\/socialdesignmagazine.com\/mag\/wp-content\/uploads\/2013\/04\/users_Jessy_Modus__Anteprima_Salone_del_Mobile_PLC_Stools_Group-Horizon_Line_by_Pearson_Lloyd_6.jpg\" data-orig-size=\"720,509\" data-comments-opened=\"1\" data-image-meta=\"{&quot;aperture&quot;:&quot;0&quot;,&quot;credit&quot;:&quot;&quot;,&quot;camera&quot;:&quot;&quot;,&quot;caption&quot;:&quot;&quot;,&quot;created_timestamp&quot;:&quot;0&quot;,&quot;copyright&quot;:&quot;&quot;,&quot;focal_length&quot;:&quot;0&quot;,&quot;iso&quot;:&quot;0&quot;,&quot;shutter_speed&quot;:&quot;0&quot;,&quot;title&quot;:&quot;&quot;,&quot;orientation&quot;:&quot;1&quot;}\" data-image-title=\"PLC Stools Group-Horizon Line by Pearson Lloyd 6\" data-image-description=\"\" data-image-caption=\"\" data-medium-file=\"https:\/\/socialdesignmagazine.com\/mag\/wp-content\/uploads\/2013\/04\/users_Jessy_Modus__Anteprima_Salone_del_Mobile_PLC_Stools_Group-Horizon_Line_by_Pearson_Lloyd_6-396x256.jpg\" data-large-file=\"https:\/\/socialdesignmagazine.com\/mag\/wp-content\/uploads\/2013\/04\/users_Jessy_Modus__Anteprima_Salone_del_Mobile_PLC_Stools_Group-Horizon_Line_by_Pearson_Lloyd_6.jpg\" src=\"https:\/\/socialdesignmagazine.com\/mag\/wp-content\/uploads\/2013\/04\/users_Jessy_Modus__Anteprima_Salone_del_Mobile_PLC_Stools_Group-Horizon_Line_by_Pearson_Lloyd_6.jpg\" alt=\"PLC Stools Group-Horizon Line by Pearson Lloyd 6\" class=\"wp-image-12036\"\/><\/figure>\n<\/div>\n\n\n<p><strong>Geta Divano di Arik Levy<\/strong><br>\nLa collezione di arredi e sedute Geta di Arik Levy prende ispirazione dai classici sandali giapponesi caratterizzati da una suola di legno rialzata da due tasselli. Il flessibile sistema di seduta pu\u00f2 essere completato con ripiani e contenitori ed \u00e8 anche disponibile nella versione poltroncina o divano compatto. Composto di una base in massello di rovere e cuscini in schiuma e fibre, Geta offre comodit\u00e0 e vaste possibilit\u00e0 di adattamento a diversi ambienti.<\/p>\n\n\n<div class=\"wp-block-image\">\n<figure class=\"aligncenter\"><img loading=\"lazy\" decoding=\"async\" width=\"720\" height=\"540\" data-attachment-id=\"12037\" data-permalink=\"https:\/\/socialdesignmagazine.com\/mag\/news\/design-news\/modus-anteprima-salone-del-mobile-2013\/attachment\/plc-stools-group-horizon-line-by-pearson-lloyd-7\/#content\" data-orig-file=\"https:\/\/socialdesignmagazine.com\/mag\/wp-content\/uploads\/2013\/04\/users_Jessy_Modus__Anteprima_Salone_del_Mobile_PLC_Stools_Group-Horizon_Line_by_Pearson_Lloyd_7.jpg\" data-orig-size=\"720,540\" data-comments-opened=\"1\" data-image-meta=\"{&quot;aperture&quot;:&quot;0&quot;,&quot;credit&quot;:&quot;&quot;,&quot;camera&quot;:&quot;&quot;,&quot;caption&quot;:&quot;&quot;,&quot;created_timestamp&quot;:&quot;0&quot;,&quot;copyright&quot;:&quot;&quot;,&quot;focal_length&quot;:&quot;0&quot;,&quot;iso&quot;:&quot;0&quot;,&quot;shutter_speed&quot;:&quot;0&quot;,&quot;title&quot;:&quot;&quot;,&quot;orientation&quot;:&quot;1&quot;}\" data-image-title=\"PLC Stools Group-Horizon Line by Pearson Lloyd 7\" data-image-description=\"\" data-image-caption=\"\" data-medium-file=\"https:\/\/socialdesignmagazine.com\/mag\/wp-content\/uploads\/2013\/04\/users_Jessy_Modus__Anteprima_Salone_del_Mobile_PLC_Stools_Group-Horizon_Line_by_Pearson_Lloyd_7-396x256.jpg\" data-large-file=\"https:\/\/socialdesignmagazine.com\/mag\/wp-content\/uploads\/2013\/04\/users_Jessy_Modus__Anteprima_Salone_del_Mobile_PLC_Stools_Group-Horizon_Line_by_Pearson_Lloyd_7.jpg\" src=\"https:\/\/socialdesignmagazine.com\/mag\/wp-content\/uploads\/2013\/04\/users_Jessy_Modus__Anteprima_Salone_del_Mobile_PLC_Stools_Group-Horizon_Line_by_Pearson_Lloyd_7.jpg\" alt=\"PLC Stools Group-Horizon Line by Pearson Lloyd 7\" class=\"wp-image-12037\"\/><\/figure>\n<\/div>\n\n<div class=\"wp-block-image\">\n<figure class=\"aligncenter\"><img loading=\"lazy\" decoding=\"async\" width=\"720\" height=\"540\" data-attachment-id=\"12038\" data-permalink=\"https:\/\/socialdesignmagazine.com\/mag\/news\/design-news\/modus-anteprima-salone-del-mobile-2013\/attachment\/plc-stools-group-horizon-line-by-pearson-lloyd-8\/#content\" data-orig-file=\"https:\/\/socialdesignmagazine.com\/mag\/wp-content\/uploads\/2013\/04\/users_Jessy_Modus__Anteprima_Salone_del_Mobile_PLC_Stools_Group-Horizon_Line_by_Pearson_Lloyd_8.jpg\" data-orig-size=\"720,540\" data-comments-opened=\"1\" data-image-meta=\"{&quot;aperture&quot;:&quot;0&quot;,&quot;credit&quot;:&quot;&quot;,&quot;camera&quot;:&quot;&quot;,&quot;caption&quot;:&quot;&quot;,&quot;created_timestamp&quot;:&quot;0&quot;,&quot;copyright&quot;:&quot;&quot;,&quot;focal_length&quot;:&quot;0&quot;,&quot;iso&quot;:&quot;0&quot;,&quot;shutter_speed&quot;:&quot;0&quot;,&quot;title&quot;:&quot;&quot;,&quot;orientation&quot;:&quot;1&quot;}\" data-image-title=\"PLC Stools Group-Horizon Line by Pearson Lloyd 8\" data-image-description=\"\" data-image-caption=\"\" data-medium-file=\"https:\/\/socialdesignmagazine.com\/mag\/wp-content\/uploads\/2013\/04\/users_Jessy_Modus__Anteprima_Salone_del_Mobile_PLC_Stools_Group-Horizon_Line_by_Pearson_Lloyd_8-396x256.jpg\" data-large-file=\"https:\/\/socialdesignmagazine.com\/mag\/wp-content\/uploads\/2013\/04\/users_Jessy_Modus__Anteprima_Salone_del_Mobile_PLC_Stools_Group-Horizon_Line_by_Pearson_Lloyd_8.jpg\" src=\"https:\/\/socialdesignmagazine.com\/mag\/wp-content\/uploads\/2013\/04\/users_Jessy_Modus__Anteprima_Salone_del_Mobile_PLC_Stools_Group-Horizon_Line_by_Pearson_Lloyd_8.jpg\" alt=\"PLC Stools Group-Horizon Line by Pearson Lloyd 8\" class=\"wp-image-12038\"\/><\/figure>\n<\/div>\n\n\n<p><strong>Sedia Hem di PearsonLloyd<\/strong><br>\nLa nuova sfida progettuale di PearsonLloyd prende spunto dalla tradizione sartoriale; questa seduta dalla scocca imbottita dimostra un uso ponderato dei materiali ed \u00e8 pensata in modo da permettere di separare e riciclare ogni sua singola parte al termine del ciclo vitale. La scocca si ripiega su se stessa per diventare un packaging piatto che riduce ulteriormente le emissioni di carbonio. Hem \u00e8 divertente, conveniente, leggera e tiene seriamente in considerazione il proprio impatto ambientale. Hem \u00e8 perfetta per conferenze e ambienti di lavoro.<\/p>\n\n\n<div class=\"wp-block-image\">\n<figure class=\"aligncenter\"><img loading=\"lazy\" decoding=\"async\" width=\"720\" height=\"951\" data-attachment-id=\"12039\" data-permalink=\"https:\/\/socialdesignmagazine.com\/mag\/news\/design-news\/modus-anteprima-salone-del-mobile-2013\/attachment\/plc-stools-group-horizon-line-by-pearson-lloyd-13\/#content\" data-orig-file=\"https:\/\/socialdesignmagazine.com\/mag\/wp-content\/uploads\/2013\/04\/users_Jessy_Modus__Anteprima_Salone_del_Mobile_PLC_Stools_Group-Horizon_Line_by_Pearson_Lloyd_13.jpg\" data-orig-size=\"720,951\" data-comments-opened=\"1\" data-image-meta=\"{&quot;aperture&quot;:&quot;0&quot;,&quot;credit&quot;:&quot;&quot;,&quot;camera&quot;:&quot;P45&quot;,&quot;caption&quot;:&quot;&quot;,&quot;created_timestamp&quot;:&quot;1346284800&quot;,&quot;copyright&quot;:&quot;&quot;,&quot;focal_length&quot;:&quot;0&quot;,&quot;iso&quot;:&quot;50&quot;,&quot;shutter_speed&quot;:&quot;0&quot;,&quot;title&quot;:&quot;&quot;,&quot;orientation&quot;:&quot;1&quot;}\" data-image-title=\"PLC Stools Group-Horizon Line by Pearson Lloyd 13\" data-image-description=\"\" data-image-caption=\"\" data-medium-file=\"https:\/\/socialdesignmagazine.com\/mag\/wp-content\/uploads\/2013\/04\/users_Jessy_Modus__Anteprima_Salone_del_Mobile_PLC_Stools_Group-Horizon_Line_by_Pearson_Lloyd_13-396x256.jpg\" data-large-file=\"https:\/\/socialdesignmagazine.com\/mag\/wp-content\/uploads\/2013\/04\/users_Jessy_Modus__Anteprima_Salone_del_Mobile_PLC_Stools_Group-Horizon_Line_by_Pearson_Lloyd_13.jpg\" src=\"https:\/\/socialdesignmagazine.com\/mag\/wp-content\/uploads\/2013\/04\/users_Jessy_Modus__Anteprima_Salone_del_Mobile_PLC_Stools_Group-Horizon_Line_by_Pearson_Lloyd_13.jpg\" alt=\"PLC Stools Group-Horizon Line by Pearson Lloyd 13\" class=\"wp-image-12039\"\/><\/figure>\n<\/div>\n\n<div class=\"wp-block-image\">\n<figure class=\"aligncenter\"><img loading=\"lazy\" decoding=\"async\" width=\"720\" height=\"505\" data-attachment-id=\"12040\" data-permalink=\"https:\/\/socialdesignmagazine.com\/mag\/news\/design-news\/modus-anteprima-salone-del-mobile-2013\/attachment\/plc-stools-group-horizon-line-by-pearson-lloyd-1\/#content\" data-orig-file=\"https:\/\/socialdesignmagazine.com\/mag\/wp-content\/uploads\/2013\/04\/users_Jessy_Modus__Anteprima_Salone_del_Mobile_PLC_Stools_Group-Horizon_Line_by_Pearson_Lloyd_1.jpg\" data-orig-size=\"720,505\" data-comments-opened=\"1\" data-image-meta=\"{&quot;aperture&quot;:&quot;0&quot;,&quot;credit&quot;:&quot;&quot;,&quot;camera&quot;:&quot;P45&quot;,&quot;caption&quot;:&quot;&quot;,&quot;created_timestamp&quot;:&quot;1346425554&quot;,&quot;copyright&quot;:&quot;&quot;,&quot;focal_length&quot;:&quot;0&quot;,&quot;iso&quot;:&quot;50&quot;,&quot;shutter_speed&quot;:&quot;0&quot;,&quot;title&quot;:&quot;&quot;,&quot;orientation&quot;:&quot;1&quot;}\" data-image-title=\"PLC Stools Group-Horizon Line by Pearson Lloyd 1\" data-image-description=\"\" data-image-caption=\"\" data-medium-file=\"https:\/\/socialdesignmagazine.com\/mag\/wp-content\/uploads\/2013\/04\/users_Jessy_Modus__Anteprima_Salone_del_Mobile_PLC_Stools_Group-Horizon_Line_by_Pearson_Lloyd_1-396x256.jpg\" data-large-file=\"https:\/\/socialdesignmagazine.com\/mag\/wp-content\/uploads\/2013\/04\/users_Jessy_Modus__Anteprima_Salone_del_Mobile_PLC_Stools_Group-Horizon_Line_by_Pearson_Lloyd_1.jpg\" src=\"https:\/\/socialdesignmagazine.com\/mag\/wp-content\/uploads\/2013\/04\/users_Jessy_Modus__Anteprima_Salone_del_Mobile_PLC_Stools_Group-Horizon_Line_by_Pearson_Lloyd_1.jpg\" alt=\"PLC Stools Group-Horizon Line by Pearson Lloyd 1\" class=\"wp-image-12040\"\/><\/figure>\n<\/div>\n\n\n<p><strong>Sgabello PLC di PearsonLloyd<\/strong><br>\nDopo il successo della sedia PLC, anch\u2019essa di PersonLloyds, Modus ha deciso di ampliare la gamma di prodotti PLC producendo anche lo sgabello da bar. Lo sgabello, come il resto della collezione, \u00e8 disponibile in massello di quercia e faggio naturale o verniciato; seduta e schienale possono essere impiallacciati e abbinati alle gambe, o imbottiti e rivestiti di pelle o stoffa. Perfetto per alberghi, bar, spazi conferenze e abitazioni. Include hotels, bar, conference and residential.<\/p>\n\n\n<div class=\"wp-block-image\">\n<figure class=\"aligncenter\"><img loading=\"lazy\" decoding=\"async\" width=\"720\" height=\"509\" data-attachment-id=\"12041\" data-permalink=\"https:\/\/socialdesignmagazine.com\/mag\/news\/design-news\/modus-anteprima-salone-del-mobile-2013\/attachment\/plc-stools-group-horizon-line-by-pearson-lloyd-12\/#content\" data-orig-file=\"https:\/\/socialdesignmagazine.com\/mag\/wp-content\/uploads\/2013\/04\/users_Jessy_Modus__Anteprima_Salone_del_Mobile_PLC_Stools_Group-Horizon_Line_by_Pearson_Lloyd_12.jpg\" data-orig-size=\"720,509\" data-comments-opened=\"1\" data-image-meta=\"{&quot;aperture&quot;:&quot;0&quot;,&quot;credit&quot;:&quot;&quot;,&quot;camera&quot;:&quot;&quot;,&quot;caption&quot;:&quot;&quot;,&quot;created_timestamp&quot;:&quot;0&quot;,&quot;copyright&quot;:&quot;&quot;,&quot;focal_length&quot;:&quot;0&quot;,&quot;iso&quot;:&quot;0&quot;,&quot;shutter_speed&quot;:&quot;0&quot;,&quot;title&quot;:&quot;&quot;,&quot;orientation&quot;:&quot;1&quot;}\" data-image-title=\"PLC Stools Group-Horizon Line by Pearson Lloyd 12\" data-image-description=\"\" data-image-caption=\"\" data-medium-file=\"https:\/\/socialdesignmagazine.com\/mag\/wp-content\/uploads\/2013\/04\/users_Jessy_Modus__Anteprima_Salone_del_Mobile_PLC_Stools_Group-Horizon_Line_by_Pearson_Lloyd_12-396x256.jpg\" data-large-file=\"https:\/\/socialdesignmagazine.com\/mag\/wp-content\/uploads\/2013\/04\/users_Jessy_Modus__Anteprima_Salone_del_Mobile_PLC_Stools_Group-Horizon_Line_by_Pearson_Lloyd_12.jpg\" src=\"https:\/\/socialdesignmagazine.com\/mag\/wp-content\/uploads\/2013\/04\/users_Jessy_Modus__Anteprima_Salone_del_Mobile_PLC_Stools_Group-Horizon_Line_by_Pearson_Lloyd_12.jpg\" alt=\"PLC Stools Group-Horizon Line by Pearson Lloyd 12\" class=\"wp-image-12041\"\/><\/figure>\n<\/div>\n\n<div class=\"wp-block-image\">\n<figure class=\"aligncenter\"><img loading=\"lazy\" decoding=\"async\" width=\"720\" height=\"509\" data-attachment-id=\"12042\" data-permalink=\"https:\/\/socialdesignmagazine.com\/mag\/news\/design-news\/modus-anteprima-salone-del-mobile-2013\/attachment\/plc-stools-group-horizon-line-by-pearson-lloyd-11\/#content\" data-orig-file=\"https:\/\/socialdesignmagazine.com\/mag\/wp-content\/uploads\/2013\/04\/users_Jessy_Modus__Anteprima_Salone_del_Mobile_PLC_Stools_Group-Horizon_Line_by_Pearson_Lloyd_11.jpg\" data-orig-size=\"720,509\" data-comments-opened=\"1\" data-image-meta=\"{&quot;aperture&quot;:&quot;0&quot;,&quot;credit&quot;:&quot;&quot;,&quot;camera&quot;:&quot;&quot;,&quot;caption&quot;:&quot;&quot;,&quot;created_timestamp&quot;:&quot;0&quot;,&quot;copyright&quot;:&quot;&quot;,&quot;focal_length&quot;:&quot;0&quot;,&quot;iso&quot;:&quot;0&quot;,&quot;shutter_speed&quot;:&quot;0&quot;,&quot;title&quot;:&quot;&quot;,&quot;orientation&quot;:&quot;1&quot;}\" data-image-title=\"PLC Stools Group-Horizon Line by Pearson Lloyd 11\" data-image-description=\"\" data-image-caption=\"\" data-medium-file=\"https:\/\/socialdesignmagazine.com\/mag\/wp-content\/uploads\/2013\/04\/users_Jessy_Modus__Anteprima_Salone_del_Mobile_PLC_Stools_Group-Horizon_Line_by_Pearson_Lloyd_11-396x256.jpg\" data-large-file=\"https:\/\/socialdesignmagazine.com\/mag\/wp-content\/uploads\/2013\/04\/users_Jessy_Modus__Anteprima_Salone_del_Mobile_PLC_Stools_Group-Horizon_Line_by_Pearson_Lloyd_11.jpg\" src=\"https:\/\/socialdesignmagazine.com\/mag\/wp-content\/uploads\/2013\/04\/users_Jessy_Modus__Anteprima_Salone_del_Mobile_PLC_Stools_Group-Horizon_Line_by_Pearson_Lloyd_11.jpg\" alt=\"PLC Stools Group-Horizon Line by Pearson Lloyd 11\" class=\"wp-image-12042\"\/><\/figure>\n<\/div>\n\n\n<p><strong>Sedia Norse di Simon Pengelly<\/strong><br>\nCon la sua Norse Chair Simon Pengelly ha ricercato le tradizionali tecniche di produzione delle sedute. Norse \u00e8 una rivisitazione contemporanea della classica sedia in stile scandinavo; la tecnica di piegatura del legno a vapore \u00e8 il punto di partenza della ricerca progettuale e formale di Pengelly che \u00e8 riuscito a creare a una seduta dal contorno distintivo e dall\u2019immagine fresca e leggera. Norse pu\u00f2 essere facilmente inserita in ambienti domestici e di ristorazione .<\/p>\n\n\n<div class=\"wp-block-image\">\n<figure class=\"aligncenter\"><img loading=\"lazy\" decoding=\"async\" width=\"720\" height=\"568\" data-attachment-id=\"12043\" data-permalink=\"https:\/\/socialdesignmagazine.com\/mag\/news\/design-news\/modus-anteprima-salone-del-mobile-2013\/attachment\/plc-stools-group-horizon-line-by-pearson-lloyd-10\/#content\" data-orig-file=\"https:\/\/socialdesignmagazine.com\/mag\/wp-content\/uploads\/2013\/04\/users_Jessy_Modus__Anteprima_Salone_del_Mobile_PLC_Stools_Group-Horizon_Line_by_Pearson_Lloyd_10.jpg\" data-orig-size=\"720,568\" data-comments-opened=\"1\" data-image-meta=\"{&quot;aperture&quot;:&quot;0&quot;,&quot;credit&quot;:&quot;&quot;,&quot;camera&quot;:&quot;P45&quot;,&quot;caption&quot;:&quot;&quot;,&quot;created_timestamp&quot;:&quot;1346425554&quot;,&quot;copyright&quot;:&quot;&quot;,&quot;focal_length&quot;:&quot;0&quot;,&quot;iso&quot;:&quot;50&quot;,&quot;shutter_speed&quot;:&quot;0&quot;,&quot;title&quot;:&quot;&quot;,&quot;orientation&quot;:&quot;1&quot;}\" data-image-title=\"PLC Stools Group-Horizon Line by Pearson Lloyd 10\" data-image-description=\"\" data-image-caption=\"\" data-medium-file=\"https:\/\/socialdesignmagazine.com\/mag\/wp-content\/uploads\/2013\/04\/users_Jessy_Modus__Anteprima_Salone_del_Mobile_PLC_Stools_Group-Horizon_Line_by_Pearson_Lloyd_10-396x256.jpg\" data-large-file=\"https:\/\/socialdesignmagazine.com\/mag\/wp-content\/uploads\/2013\/04\/users_Jessy_Modus__Anteprima_Salone_del_Mobile_PLC_Stools_Group-Horizon_Line_by_Pearson_Lloyd_10.jpg\" src=\"https:\/\/socialdesignmagazine.com\/mag\/wp-content\/uploads\/2013\/04\/users_Jessy_Modus__Anteprima_Salone_del_Mobile_PLC_Stools_Group-Horizon_Line_by_Pearson_Lloyd_10.jpg\" alt=\"PLC Stools Group-Horizon Line by Pearson Lloyd 10\" class=\"wp-image-12043\"\/><\/figure>\n<\/div>\n\n\n<p><strong>Meta di Simon Pengelly<\/strong><br>Meta, il pluripremiato sistema di scaffalature, fu il primo progetto di Simon Pengelly per Modus nel 2001. Simon ha recentemente progettato una nuova versione ancora pi\u00f9 versatile. Aggiungendo scaffali, mensole regolabili in diverse altezze e ampliando la gamma di finiture, Meta \u00e8 diventato un pezzo di arredo completamente nuovo.<\/p>\n","protected":false,"gt_translate_keys":[{"key":"rendered","format":"html"}]},"excerpt":{"rendered":"<p>Modus, una delle principali aziende di arredamento britannico, presenter\u00e0 a Edit durante il Salone del Mobile 2013 i suoi nuovi progetti in collaborazione con: Shin Azumi, Arik Levy, PearsonLloyd, Pengelly Design, Jonathan Prestwich, Christophe Pillet and Michael Sodeau.<\/p>\n","protected":false,"gt_translate_keys":[{"key":"rendered","format":"html"}]},"author":6,"featured_media":12032,"comment_status":"open","ping_status":"open","sticky":false,"template":"","format":"standard","meta":{"jetpack_post_was_ever_published":false,"_jetpack_newsletter_access":"","_jetpack_dont_email_post_to_subs":false,"_jetpack_newsletter_tier_id":0,"_jetpack_memberships_contains_paywalled_content":false,"_jetpack_memberships_contains_paid_content":false,"footnotes":"","_wpscppro_dont_share_socialmedia":false,"_wpscppro_custom_social_share_image":0,"_facebook_share_type":"","_twitter_share_type":"","_linkedin_share_type":"","_pinterest_share_type":"","_linkedin_share_type_page":"","_instagram_share_type":"","_medium_share_type":"","_threads_share_type":"","_google_business_share_type":"","_selected_social_profile":[],"_wpsp_enable_custom_social_template":false,"_wpsp_social_scheduling":{"enabled":false,"datetime":null,"platforms":[],"status":"template_only","dateOption":"today","timeOption":"now","customDays":"","customHours":"","customDate":"","customTime":"","schedulingType":"absolute"},"_wpsp_active_default_template":true},"categories":[17],"tags":[2956,2516,2512],"class_list":["post-2060","post","type-post","status-publish","format-standard","has-post-thumbnail","hentry","category-design-news","tag-fuorisalone-2013","tag-modus","tag-salone-del-mobile-2013"],"yoast_head":"<!-- This site is optimized with the Yoast SEO plugin v27.2 - https:\/\/yoast.com\/product\/yoast-seo-wordpress\/ -->\n<title>Modus \/ Anteprima Salone del Mobile 2013 - Social Design Magazine<\/title>\n<meta name=\"description\" content=\"Modus, una delle principali aziende di arredamento britannico, presenter\u00e0 a Edit durante il Salone del Mobile 2013 i suoi nuovi progetti\" \/>\n<meta name=\"robots\" content=\"index, follow, max-snippet:-1, max-image-preview:large, max-video-preview:-1\" \/>\n<link rel=\"canonical\" href=\"https:\/\/socialdesignmagazine.com\/mag\/news\/design-news\/modus-anteprima-salone-del-mobile-2013\/\" \/>\n<meta property=\"og:locale\" content=\"it_IT\" \/>\n<meta property=\"og:type\" content=\"article\" \/>\n<meta property=\"og:title\" content=\"Modus \/ Anteprima Salone del Mobile 2013 - Social Design Magazine\" \/>\n<meta property=\"og:description\" content=\"Modus, una delle principali aziende di arredamento britannico, presenter\u00e0 a Edit durante il Salone del Mobile 2013 i suoi nuovi progetti\" \/>\n<meta property=\"og:url\" content=\"https:\/\/socialdesignmagazine.com\/mag\/news\/design-news\/modus-anteprima-salone-del-mobile-2013\/\" \/>\n<meta property=\"og:site_name\" content=\"Social Design Magazine\" \/>\n<meta property=\"article:publisher\" content=\"https:\/\/www.facebook.com\/socialdesignmag\" \/>\n<meta property=\"article:published_time\" content=\"2013-04-08T09:00:00+00:00\" \/>\n<meta property=\"article:modified_time\" content=\"2024-05-31T21:39:57+00:00\" \/>\n<meta property=\"og:image\" content=\"https:\/\/socialdesignmagazine.com\/mag\/wp-content\/uploads\/2013\/04\/users_Jessy_Modus__Anteprima_Salone_del_Mobile_PLC_Stools_Group-Horizon_Line_by_Pearson_Lloyd_3.jpg\" \/>\n\t<meta property=\"og:image:width\" content=\"720\" \/>\n\t<meta property=\"og:image:height\" content=\"526\" \/>\n\t<meta property=\"og:image:type\" content=\"image\/jpeg\" \/>\n<meta name=\"author\" content=\"jessica zannori\" \/>\n<meta name=\"twitter:card\" content=\"summary_large_image\" \/>\n<meta name=\"twitter:creator\" content=\"@socialdesignmag\" \/>\n<meta name=\"twitter:site\" content=\"@socialdesignmag\" \/>\n<meta name=\"twitter:label1\" content=\"Scritto da\" \/>\n\t<meta name=\"twitter:data1\" content=\"jessica zannori\" \/>\n\t<meta name=\"twitter:label2\" content=\"Tempo di lettura stimato\" \/>\n\t<meta name=\"twitter:data2\" content=\"6 minuti\" \/>\n<script type=\"application\/ld+json\" class=\"yoast-schema-graph\">{\"@context\":\"https:\/\/schema.org\",\"@graph\":[{\"@type\":\"Article\",\"@id\":\"https:\/\/socialdesignmagazine.com\/mag\/news\/design-news\/modus-anteprima-salone-del-mobile-2013\/#article\",\"isPartOf\":{\"@id\":\"https:\/\/socialdesignmagazine.com\/mag\/news\/design-news\/modus-anteprima-salone-del-mobile-2013\/\"},\"author\":{\"name\":\"jessica zannori\",\"@id\":\"https:\/\/socialdesignmagazine.com\/mag\/#\/schema\/person\/f26aea2d68a722d5ed3a1ee93c92aba9\"},\"headline\":\"Modus \/ Anteprima Salone del Mobile 2013\",\"datePublished\":\"2013-04-08T09:00:00+00:00\",\"dateModified\":\"2024-05-31T21:39:57+00:00\",\"mainEntityOfPage\":{\"@id\":\"https:\/\/socialdesignmagazine.com\/mag\/news\/design-news\/modus-anteprima-salone-del-mobile-2013\/\"},\"wordCount\":497,\"commentCount\":0,\"publisher\":{\"@id\":\"https:\/\/socialdesignmagazine.com\/mag\/#organization\"},\"image\":{\"@id\":\"https:\/\/socialdesignmagazine.com\/mag\/news\/design-news\/modus-anteprima-salone-del-mobile-2013\/#primaryimage\"},\"thumbnailUrl\":\"https:\/\/socialdesignmagazine.com\/mag\/wp-content\/uploads\/2013\/04\/users_Jessy_Modus__Anteprima_Salone_del_Mobile_PLC_Stools_Group-Horizon_Line_by_Pearson_Lloyd_3.jpg\",\"keywords\":[\"fuorisalone 2013\",\"modus\",\"salone del mobile 2013\"],\"articleSection\":[\"Design News\"],\"inLanguage\":\"it-IT\",\"potentialAction\":[{\"@type\":\"CommentAction\",\"name\":\"Comment\",\"target\":[\"https:\/\/socialdesignmagazine.com\/mag\/news\/design-news\/modus-anteprima-salone-del-mobile-2013\/#respond\"]}]},{\"@type\":\"WebPage\",\"@id\":\"https:\/\/socialdesignmagazine.com\/mag\/news\/design-news\/modus-anteprima-salone-del-mobile-2013\/\",\"url\":\"https:\/\/socialdesignmagazine.com\/mag\/news\/design-news\/modus-anteprima-salone-del-mobile-2013\/\",\"name\":\"Modus \/ Anteprima Salone del Mobile 2013 - Social Design Magazine\",\"isPartOf\":{\"@id\":\"https:\/\/socialdesignmagazine.com\/mag\/#website\"},\"primaryImageOfPage\":{\"@id\":\"https:\/\/socialdesignmagazine.com\/mag\/news\/design-news\/modus-anteprima-salone-del-mobile-2013\/#primaryimage\"},\"image\":{\"@id\":\"https:\/\/socialdesignmagazine.com\/mag\/news\/design-news\/modus-anteprima-salone-del-mobile-2013\/#primaryimage\"},\"thumbnailUrl\":\"https:\/\/socialdesignmagazine.com\/mag\/wp-content\/uploads\/2013\/04\/users_Jessy_Modus__Anteprima_Salone_del_Mobile_PLC_Stools_Group-Horizon_Line_by_Pearson_Lloyd_3.jpg\",\"datePublished\":\"2013-04-08T09:00:00+00:00\",\"dateModified\":\"2024-05-31T21:39:57+00:00\",\"description\":\"Modus, una delle principali aziende di arredamento britannico, presenter\u00e0 a Edit durante il Salone del Mobile 2013 i suoi nuovi progetti\",\"breadcrumb\":{\"@id\":\"https:\/\/socialdesignmagazine.com\/mag\/news\/design-news\/modus-anteprima-salone-del-mobile-2013\/#breadcrumb\"},\"inLanguage\":\"it-IT\",\"potentialAction\":[{\"@type\":\"ReadAction\",\"target\":[\"https:\/\/socialdesignmagazine.com\/mag\/news\/design-news\/modus-anteprima-salone-del-mobile-2013\/\"]}]},{\"@type\":\"ImageObject\",\"inLanguage\":\"it-IT\",\"@id\":\"https:\/\/socialdesignmagazine.com\/mag\/news\/design-news\/modus-anteprima-salone-del-mobile-2013\/#primaryimage\",\"url\":\"https:\/\/socialdesignmagazine.com\/mag\/wp-content\/uploads\/2013\/04\/users_Jessy_Modus__Anteprima_Salone_del_Mobile_PLC_Stools_Group-Horizon_Line_by_Pearson_Lloyd_3.jpg\",\"contentUrl\":\"https:\/\/socialdesignmagazine.com\/mag\/wp-content\/uploads\/2013\/04\/users_Jessy_Modus__Anteprima_Salone_del_Mobile_PLC_Stools_Group-Horizon_Line_by_Pearson_Lloyd_3.jpg\",\"width\":720,\"height\":526,\"caption\":\"PLC Stools Group-Horizon Line by Pearson Lloyd 3\"},{\"@type\":\"BreadcrumbList\",\"@id\":\"https:\/\/socialdesignmagazine.com\/mag\/news\/design-news\/modus-anteprima-salone-del-mobile-2013\/#breadcrumb\",\"itemListElement\":[{\"@type\":\"ListItem\",\"position\":1,\"name\":\"Home\",\"item\":\"https:\/\/socialdesignmagazine.com\/mag\/\"},{\"@type\":\"ListItem\",\"position\":2,\"name\":\"News\",\"item\":\"https:\/\/socialdesignmagazine.com\/mag\/news\/\"},{\"@type\":\"ListItem\",\"position\":3,\"name\":\"Design News\",\"item\":\"https:\/\/socialdesignmagazine.com\/mag\/news\/design-news\/\"},{\"@type\":\"ListItem\",\"position\":4,\"name\":\"Modus \/ Anteprima Salone del Mobile 2013\"}]},{\"@type\":\"WebSite\",\"@id\":\"https:\/\/socialdesignmagazine.com\/mag\/#website\",\"url\":\"https:\/\/socialdesignmagazine.com\/mag\/\",\"name\":\"Social Design Magazine\",\"description\":\"Social Magazine su Design, Architettura, Arte, Grafica\",\"publisher\":{\"@id\":\"https:\/\/socialdesignmagazine.com\/mag\/#organization\"},\"potentialAction\":[{\"@type\":\"SearchAction\",\"target\":{\"@type\":\"EntryPoint\",\"urlTemplate\":\"https:\/\/socialdesignmagazine.com\/mag\/?s={search_term_string}\"},\"query-input\":{\"@type\":\"PropertyValueSpecification\",\"valueRequired\":true,\"valueName\":\"search_term_string\"}}],\"inLanguage\":\"it-IT\"},{\"@type\":\"Organization\",\"@id\":\"https:\/\/socialdesignmagazine.com\/mag\/#organization\",\"name\":\"Social Design Magazine\",\"url\":\"https:\/\/socialdesignmagazine.com\/mag\/\",\"logo\":{\"@type\":\"ImageObject\",\"inLanguage\":\"it-IT\",\"@id\":\"https:\/\/socialdesignmagazine.com\/mag\/#\/schema\/logo\/image\/\",\"url\":\"https:\/\/socialdesignmagazine.com\/mag\/wp-content\/uploads\/2017\/01\/logo_favicon_11.png\",\"contentUrl\":\"https:\/\/socialdesignmagazine.com\/mag\/wp-content\/uploads\/2017\/01\/logo_favicon_11.png\",\"width\":1024,\"height\":1024,\"caption\":\"Social Design Magazine\"},\"image\":{\"@id\":\"https:\/\/socialdesignmagazine.com\/mag\/#\/schema\/logo\/image\/\"},\"sameAs\":[\"https:\/\/www.facebook.com\/socialdesignmag\",\"https:\/\/x.com\/socialdesignmag\",\"http:\/\/instagram.com\/social_design_magazine\/\",\"http:\/\/pinterest.com\/socialdesignmag\/\",\"http:\/\/www.youtube.com\/user\/socialdesignmagazine\"]},{\"@type\":\"Person\",\"@id\":\"https:\/\/socialdesignmagazine.com\/mag\/#\/schema\/person\/f26aea2d68a722d5ed3a1ee93c92aba9\",\"name\":\"jessica zannori\",\"image\":{\"@type\":\"ImageObject\",\"inLanguage\":\"it-IT\",\"@id\":\"https:\/\/secure.gravatar.com\/avatar\/e338d2d30b98ee192f7c7708f51c9b6a0f135e3e3399a9bec7d00e0496a346c6?s=96&d=mm&r=g\",\"url\":\"https:\/\/secure.gravatar.com\/avatar\/e338d2d30b98ee192f7c7708f51c9b6a0f135e3e3399a9bec7d00e0496a346c6?s=96&d=mm&r=g\",\"contentUrl\":\"https:\/\/secure.gravatar.com\/avatar\/e338d2d30b98ee192f7c7708f51c9b6a0f135e3e3399a9bec7d00e0496a346c6?s=96&d=mm&r=g\",\"caption\":\"jessica zannori\"},\"url\":\"https:\/\/socialdesignmagazine.com\/mag\/author\/jessy\/\"}]}<\/script>\n<!-- \/ Yoast SEO plugin. -->","yoast_head_json":{"title":"Modus \/ Anteprima Salone del Mobile 2013 - Social Design Magazine","description":"Modus, una delle principali aziende di arredamento britannico, presenter\u00e0 a Edit durante il Salone del Mobile 2013 i suoi nuovi progetti","robots":{"index":"index","follow":"follow","max-snippet":"max-snippet:-1","max-image-preview":"max-image-preview:large","max-video-preview":"max-video-preview:-1"},"canonical":"https:\/\/socialdesignmagazine.com\/mag\/news\/design-news\/modus-anteprima-salone-del-mobile-2013\/","og_locale":"it_IT","og_type":"article","og_title":"Modus \/ Anteprima Salone del Mobile 2013 - Social Design Magazine","og_description":"Modus, una delle principali aziende di arredamento britannico, presenter\u00e0 a Edit durante il Salone del Mobile 2013 i suoi nuovi progetti","og_url":"https:\/\/socialdesignmagazine.com\/mag\/news\/design-news\/modus-anteprima-salone-del-mobile-2013\/","og_site_name":"Social Design Magazine","article_publisher":"https:\/\/www.facebook.com\/socialdesignmag","article_published_time":"2013-04-08T09:00:00+00:00","article_modified_time":"2024-05-31T21:39:57+00:00","og_image":[{"width":720,"height":526,"url":"https:\/\/socialdesignmagazine.com\/mag\/wp-content\/uploads\/2013\/04\/users_Jessy_Modus__Anteprima_Salone_del_Mobile_PLC_Stools_Group-Horizon_Line_by_Pearson_Lloyd_3.jpg","type":"image\/jpeg"}],"author":"jessica zannori","twitter_card":"summary_large_image","twitter_creator":"@socialdesignmag","twitter_site":"@socialdesignmag","twitter_misc":{"Scritto da":"jessica zannori","Tempo di lettura stimato":"6 minuti"},"schema":{"@context":"https:\/\/schema.org","@graph":[{"@type":"Article","@id":"https:\/\/socialdesignmagazine.com\/mag\/news\/design-news\/modus-anteprima-salone-del-mobile-2013\/#article","isPartOf":{"@id":"https:\/\/socialdesignmagazine.com\/mag\/news\/design-news\/modus-anteprima-salone-del-mobile-2013\/"},"author":{"name":"jessica zannori","@id":"https:\/\/socialdesignmagazine.com\/mag\/#\/schema\/person\/f26aea2d68a722d5ed3a1ee93c92aba9"},"headline":"Modus \/ Anteprima Salone del Mobile 2013","datePublished":"2013-04-08T09:00:00+00:00","dateModified":"2024-05-31T21:39:57+00:00","mainEntityOfPage":{"@id":"https:\/\/socialdesignmagazine.com\/mag\/news\/design-news\/modus-anteprima-salone-del-mobile-2013\/"},"wordCount":497,"commentCount":0,"publisher":{"@id":"https:\/\/socialdesignmagazine.com\/mag\/#organization"},"image":{"@id":"https:\/\/socialdesignmagazine.com\/mag\/news\/design-news\/modus-anteprima-salone-del-mobile-2013\/#primaryimage"},"thumbnailUrl":"https:\/\/socialdesignmagazine.com\/mag\/wp-content\/uploads\/2013\/04\/users_Jessy_Modus__Anteprima_Salone_del_Mobile_PLC_Stools_Group-Horizon_Line_by_Pearson_Lloyd_3.jpg","keywords":["fuorisalone 2013","modus","salone del mobile 2013"],"articleSection":["Design News"],"inLanguage":"it-IT","potentialAction":[{"@type":"CommentAction","name":"Comment","target":["https:\/\/socialdesignmagazine.com\/mag\/news\/design-news\/modus-anteprima-salone-del-mobile-2013\/#respond"]}]},{"@type":"WebPage","@id":"https:\/\/socialdesignmagazine.com\/mag\/news\/design-news\/modus-anteprima-salone-del-mobile-2013\/","url":"https:\/\/socialdesignmagazine.com\/mag\/news\/design-news\/modus-anteprima-salone-del-mobile-2013\/","name":"Modus \/ Anteprima Salone del Mobile 2013 - Social Design Magazine","isPartOf":{"@id":"https:\/\/socialdesignmagazine.com\/mag\/#website"},"primaryImageOfPage":{"@id":"https:\/\/socialdesignmagazine.com\/mag\/news\/design-news\/modus-anteprima-salone-del-mobile-2013\/#primaryimage"},"image":{"@id":"https:\/\/socialdesignmagazine.com\/mag\/news\/design-news\/modus-anteprima-salone-del-mobile-2013\/#primaryimage"},"thumbnailUrl":"https:\/\/socialdesignmagazine.com\/mag\/wp-content\/uploads\/2013\/04\/users_Jessy_Modus__Anteprima_Salone_del_Mobile_PLC_Stools_Group-Horizon_Line_by_Pearson_Lloyd_3.jpg","datePublished":"2013-04-08T09:00:00+00:00","dateModified":"2024-05-31T21:39:57+00:00","description":"Modus, una delle principali aziende di arredamento britannico, presenter\u00e0 a Edit durante il Salone del Mobile 2013 i suoi nuovi progetti","breadcrumb":{"@id":"https:\/\/socialdesignmagazine.com\/mag\/news\/design-news\/modus-anteprima-salone-del-mobile-2013\/#breadcrumb"},"inLanguage":"it-IT","potentialAction":[{"@type":"ReadAction","target":["https:\/\/socialdesignmagazine.com\/mag\/news\/design-news\/modus-anteprima-salone-del-mobile-2013\/"]}]},{"@type":"ImageObject","inLanguage":"it-IT","@id":"https:\/\/socialdesignmagazine.com\/mag\/news\/design-news\/modus-anteprima-salone-del-mobile-2013\/#primaryimage","url":"https:\/\/socialdesignmagazine.com\/mag\/wp-content\/uploads\/2013\/04\/users_Jessy_Modus__Anteprima_Salone_del_Mobile_PLC_Stools_Group-Horizon_Line_by_Pearson_Lloyd_3.jpg","contentUrl":"https:\/\/socialdesignmagazine.com\/mag\/wp-content\/uploads\/2013\/04\/users_Jessy_Modus__Anteprima_Salone_del_Mobile_PLC_Stools_Group-Horizon_Line_by_Pearson_Lloyd_3.jpg","width":720,"height":526,"caption":"PLC Stools Group-Horizon Line by Pearson Lloyd 3"},{"@type":"BreadcrumbList","@id":"https:\/\/socialdesignmagazine.com\/mag\/news\/design-news\/modus-anteprima-salone-del-mobile-2013\/#breadcrumb","itemListElement":[{"@type":"ListItem","position":1,"name":"Home","item":"https:\/\/socialdesignmagazine.com\/mag\/"},{"@type":"ListItem","position":2,"name":"News","item":"https:\/\/socialdesignmagazine.com\/mag\/news\/"},{"@type":"ListItem","position":3,"name":"Design News","item":"https:\/\/socialdesignmagazine.com\/mag\/news\/design-news\/"},{"@type":"ListItem","position":4,"name":"Modus \/ Anteprima Salone del Mobile 2013"}]},{"@type":"WebSite","@id":"https:\/\/socialdesignmagazine.com\/mag\/#website","url":"https:\/\/socialdesignmagazine.com\/mag\/","name":"Social Design Magazine","description":"Social Magazine su Design, Architettura, Arte, Grafica","publisher":{"@id":"https:\/\/socialdesignmagazine.com\/mag\/#organization"},"potentialAction":[{"@type":"SearchAction","target":{"@type":"EntryPoint","urlTemplate":"https:\/\/socialdesignmagazine.com\/mag\/?s={search_term_string}"},"query-input":{"@type":"PropertyValueSpecification","valueRequired":true,"valueName":"search_term_string"}}],"inLanguage":"it-IT"},{"@type":"Organization","@id":"https:\/\/socialdesignmagazine.com\/mag\/#organization","name":"Social Design Magazine","url":"https:\/\/socialdesignmagazine.com\/mag\/","logo":{"@type":"ImageObject","inLanguage":"it-IT","@id":"https:\/\/socialdesignmagazine.com\/mag\/#\/schema\/logo\/image\/","url":"https:\/\/socialdesignmagazine.com\/mag\/wp-content\/uploads\/2017\/01\/logo_favicon_11.png","contentUrl":"https:\/\/socialdesignmagazine.com\/mag\/wp-content\/uploads\/2017\/01\/logo_favicon_11.png","width":1024,"height":1024,"caption":"Social Design Magazine"},"image":{"@id":"https:\/\/socialdesignmagazine.com\/mag\/#\/schema\/logo\/image\/"},"sameAs":["https:\/\/www.facebook.com\/socialdesignmag","https:\/\/x.com\/socialdesignmag","http:\/\/instagram.com\/social_design_magazine\/","http:\/\/pinterest.com\/socialdesignmag\/","http:\/\/www.youtube.com\/user\/socialdesignmagazine"]},{"@type":"Person","@id":"https:\/\/socialdesignmagazine.com\/mag\/#\/schema\/person\/f26aea2d68a722d5ed3a1ee93c92aba9","name":"jessica zannori","image":{"@type":"ImageObject","inLanguage":"it-IT","@id":"https:\/\/secure.gravatar.com\/avatar\/e338d2d30b98ee192f7c7708f51c9b6a0f135e3e3399a9bec7d00e0496a346c6?s=96&d=mm&r=g","url":"https:\/\/secure.gravatar.com\/avatar\/e338d2d30b98ee192f7c7708f51c9b6a0f135e3e3399a9bec7d00e0496a346c6?s=96&d=mm&r=g","contentUrl":"https:\/\/secure.gravatar.com\/avatar\/e338d2d30b98ee192f7c7708f51c9b6a0f135e3e3399a9bec7d00e0496a346c6?s=96&d=mm&r=g","caption":"jessica zannori"},"url":"https:\/\/socialdesignmagazine.com\/mag\/author\/jessy\/"}]}},"jetpack_featured_media_url":"https:\/\/socialdesignmagazine.com\/mag\/wp-content\/uploads\/2013\/04\/users_Jessy_Modus__Anteprima_Salone_del_Mobile_PLC_Stools_Group-Horizon_Line_by_Pearson_Lloyd_3.jpg","jetpack_sharing_enabled":true,"jetpack_shortlink":"https:\/\/wp.me\/p6cV7V-xe","gt_translate_keys":[{"key":"link","format":"url"}],"_links":{"self":[{"href":"https:\/\/socialdesignmagazine.com\/mag\/wp-json\/wp\/v2\/posts\/2060","targetHints":{"allow":["GET"]}}],"collection":[{"href":"https:\/\/socialdesignmagazine.com\/mag\/wp-json\/wp\/v2\/posts"}],"about":[{"href":"https:\/\/socialdesignmagazine.com\/mag\/wp-json\/wp\/v2\/types\/post"}],"author":[{"embeddable":true,"href":"https:\/\/socialdesignmagazine.com\/mag\/wp-json\/wp\/v2\/users\/6"}],"replies":[{"embeddable":true,"href":"https:\/\/socialdesignmagazine.com\/mag\/wp-json\/wp\/v2\/comments?post=2060"}],"version-history":[{"count":4,"href":"https:\/\/socialdesignmagazine.com\/mag\/wp-json\/wp\/v2\/posts\/2060\/revisions"}],"predecessor-version":[{"id":61479,"href":"https:\/\/socialdesignmagazine.com\/mag\/wp-json\/wp\/v2\/posts\/2060\/revisions\/61479"}],"wp:featuredmedia":[{"embeddable":true,"href":"https:\/\/socialdesignmagazine.com\/mag\/wp-json\/wp\/v2\/media\/12032"}],"wp:attachment":[{"href":"https:\/\/socialdesignmagazine.com\/mag\/wp-json\/wp\/v2\/media?parent=2060"}],"wp:term":[{"taxonomy":"category","embeddable":true,"href":"https:\/\/socialdesignmagazine.com\/mag\/wp-json\/wp\/v2\/categories?post=2060"},{"taxonomy":"post_tag","embeddable":true,"href":"https:\/\/socialdesignmagazine.com\/mag\/wp-json\/wp\/v2\/tags?post=2060"}],"curies":[{"name":"wp","href":"https:\/\/api.w.org\/{rel}","templated":true}]}}