{"id":2097,"date":"2013-04-16T07:00:00","date_gmt":"2013-04-16T05:00:00","guid":{"rendered":"https:\/\/socialdesignmagazine.com\/mag\/s6-design\/c35-design\/form-us-with-love-lampada-modulare-hood\/"},"modified":"2024-06-01T20:51:48","modified_gmt":"2024-06-01T18:51:48","slug":"form-us-with-love-lampada-modulare-hood","status":"publish","type":"post","link":"https:\/\/socialdesignmagazine.com\/mag\/design\/form-us-with-love-lampada-modulare-hood\/","title":{"rendered":"Form Us With Love \/ Lampada modulare Hood","gt_translate_keys":[{"key":"rendered","format":"text"}]},"content":{"rendered":"\n<p>La <strong>lampada modulare Hood<\/strong> \u00e8 stata disegnata dallo studio svedese <strong><a class=\"jcepopup\" href=\"http:\/\/www.formuswithlove.se\/\" rel=\"nofollow noopener\" target=\"_blank\">Form Us With Love<\/a><\/strong>, essendo modulare pu\u00f2 essere adattata alle proprie esigenze e al proprio spazio, adatta sia per la casa che per l&#8217;ufficio ha la propriet\u00e0 di concentrare la luce su una zona determinata, tavolo da pranzo, scrivania, tavolo riunioni.<\/p>\n\n\n\n<p><em>&#8220;La lampada Hood \u00e8 pi\u00f9 di una lampada, \u00e8 un pezzo di arredamento, la dimensione e il tipo di materiale hanno un interessante effetto sull&#8217;ambiente in cui viene inserita&#8221;.<\/em><\/p>\n\n\n<div class=\"wp-block-image\">\n<figure class=\"aligncenter\"><img loading=\"lazy\" decoding=\"async\" width=\"720\" height=\"590\" data-attachment-id=\"12226\" data-permalink=\"https:\/\/socialdesignmagazine.com\/mag\/design\/form-us-with-love-lampada-modulare-hood\/attachment\/lampada-modulare-hood-03\/#content\" data-orig-file=\"https:\/\/socialdesignmagazine.com\/mag\/wp-content\/uploads\/2013\/04\/users_Jessy_Form_Us_With_Love__Lampada_modulare_Hood__lampada_modulare_hood-03.jpg\" data-orig-size=\"720,590\" data-comments-opened=\"1\" data-image-meta=\"{&quot;aperture&quot;:&quot;0&quot;,&quot;credit&quot;:&quot;&quot;,&quot;camera&quot;:&quot;&quot;,&quot;caption&quot;:&quot;&quot;,&quot;created_timestamp&quot;:&quot;0&quot;,&quot;copyright&quot;:&quot;Copyright Jonas Lindstr\\u221a\\u2202m \\u00ac\\u00a9, All Rights Reserved. Detta f\\u221a\\u00a7lt f\\u221a\\u2022r inte \\u221a\\u00a7ndras eller raderas enligt 6 kap enligt lag (1960:72&quot;,&quot;focal_length&quot;:&quot;0&quot;,&quot;iso&quot;:&quot;0&quot;,&quot;shutter_speed&quot;:&quot;0&quot;,&quot;title&quot;:&quot;&quot;,&quot;orientation&quot;:&quot;0&quot;}\" data-image-title=\"lampada modulare hood-03\" data-image-description=\"\" data-image-caption=\"\" data-medium-file=\"https:\/\/socialdesignmagazine.com\/mag\/wp-content\/uploads\/2013\/04\/users_Jessy_Form_Us_With_Love__Lampada_modulare_Hood__lampada_modulare_hood-03-396x256.jpg\" data-large-file=\"https:\/\/socialdesignmagazine.com\/mag\/wp-content\/uploads\/2013\/04\/users_Jessy_Form_Us_With_Love__Lampada_modulare_Hood__lampada_modulare_hood-03.jpg\" src=\"https:\/\/socialdesignmagazine.com\/mag\/wp-content\/uploads\/2013\/04\/users_Jessy_Form_Us_With_Love__Lampada_modulare_Hood__lampada_modulare_hood-03.jpg\" alt=\"lampada modulare hood-03\" class=\"wp-image-12226\"\/><\/figure>\n<\/div>\n\n<div class=\"wp-block-image\">\n<figure class=\"aligncenter\"><img loading=\"lazy\" decoding=\"async\" width=\"720\" height=\"891\" data-attachment-id=\"12227\" data-permalink=\"https:\/\/socialdesignmagazine.com\/mag\/design\/form-us-with-love-lampada-modulare-hood\/attachment\/lampada-modulare-hood-02\/#content\" data-orig-file=\"https:\/\/socialdesignmagazine.com\/mag\/wp-content\/uploads\/2013\/04\/users_Jessy_Form_Us_With_Love__Lampada_modulare_Hood__lampada_modulare_hood-02.jpg\" data-orig-size=\"720,891\" data-comments-opened=\"1\" data-image-meta=\"{&quot;aperture&quot;:&quot;0&quot;,&quot;credit&quot;:&quot;&quot;,&quot;camera&quot;:&quot;&quot;,&quot;caption&quot;:&quot;&quot;,&quot;created_timestamp&quot;:&quot;0&quot;,&quot;copyright&quot;:&quot;Copyright Jonas Lindstr\\u221a\\u2202m \\u00ac\\u00a9, All Rights Reserved. Detta f\\u221a\\u00a7lt f\\u221a\\u2022r inte \\u221a\\u00a7ndras eller raderas enligt 6 kap enligt lag (1960:72&quot;,&quot;focal_length&quot;:&quot;0&quot;,&quot;iso&quot;:&quot;0&quot;,&quot;shutter_speed&quot;:&quot;0&quot;,&quot;title&quot;:&quot;&quot;,&quot;orientation&quot;:&quot;0&quot;}\" data-image-title=\"lampada modulare hood-02\" data-image-description=\"\" data-image-caption=\"\" data-medium-file=\"https:\/\/socialdesignmagazine.com\/mag\/wp-content\/uploads\/2013\/04\/users_Jessy_Form_Us_With_Love__Lampada_modulare_Hood__lampada_modulare_hood-02-396x256.jpg\" data-large-file=\"https:\/\/socialdesignmagazine.com\/mag\/wp-content\/uploads\/2013\/04\/users_Jessy_Form_Us_With_Love__Lampada_modulare_Hood__lampada_modulare_hood-02.jpg\" src=\"https:\/\/socialdesignmagazine.com\/mag\/wp-content\/uploads\/2013\/04\/users_Jessy_Form_Us_With_Love__Lampada_modulare_Hood__lampada_modulare_hood-02.jpg\" alt=\"lampada modulare hood-02\" class=\"wp-image-12227\"\/><\/figure>\n<\/div>\n\n<div class=\"wp-block-image\">\n<figure class=\"aligncenter\"><img loading=\"lazy\" decoding=\"async\" width=\"720\" height=\"540\" data-attachment-id=\"12228\" data-permalink=\"https:\/\/socialdesignmagazine.com\/mag\/design\/form-us-with-love-lampada-modulare-hood\/attachment\/lampada-modulare-hood-04\/#content\" data-orig-file=\"https:\/\/socialdesignmagazine.com\/mag\/wp-content\/uploads\/2013\/04\/users_Jessy_Form_Us_With_Love__Lampada_modulare_Hood__lampada_modulare_hood-04.jpg\" data-orig-size=\"720,540\" data-comments-opened=\"1\" data-image-meta=\"{&quot;aperture&quot;:&quot;0&quot;,&quot;credit&quot;:&quot;&quot;,&quot;camera&quot;:&quot;&quot;,&quot;caption&quot;:&quot;&quot;,&quot;created_timestamp&quot;:&quot;0&quot;,&quot;copyright&quot;:&quot;Copyright Jonas Lindstr\\u221a\\u2202m \\u00ac\\u00a9, All Rights Reserved. Detta f\\u221a\\u00a7lt f\\u221a\\u2022r inte \\u221a\\u00a7ndras eller raderas enligt 6 kap enligt lag (1960:72&quot;,&quot;focal_length&quot;:&quot;0&quot;,&quot;iso&quot;:&quot;0&quot;,&quot;shutter_speed&quot;:&quot;0&quot;,&quot;title&quot;:&quot;&quot;,&quot;orientation&quot;:&quot;0&quot;}\" data-image-title=\"lampada modulare hood-04\" data-image-description=\"\" data-image-caption=\"\" data-medium-file=\"https:\/\/socialdesignmagazine.com\/mag\/wp-content\/uploads\/2013\/04\/users_Jessy_Form_Us_With_Love__Lampada_modulare_Hood__lampada_modulare_hood-04-396x256.jpg\" data-large-file=\"https:\/\/socialdesignmagazine.com\/mag\/wp-content\/uploads\/2013\/04\/users_Jessy_Form_Us_With_Love__Lampada_modulare_Hood__lampada_modulare_hood-04.jpg\" src=\"https:\/\/socialdesignmagazine.com\/mag\/wp-content\/uploads\/2013\/04\/users_Jessy_Form_Us_With_Love__Lampada_modulare_Hood__lampada_modulare_hood-04.jpg\" alt=\"lampada modulare hood-04\" class=\"wp-image-12228\"\/><\/figure>\n<\/div>\n\n<div class=\"wp-block-image\">\n<figure class=\"aligncenter\"><img loading=\"lazy\" decoding=\"async\" width=\"720\" height=\"908\" data-attachment-id=\"12229\" data-permalink=\"https:\/\/socialdesignmagazine.com\/mag\/design\/form-us-with-love-lampada-modulare-hood\/attachment\/lampada-modulare-hood-06\/#content\" data-orig-file=\"https:\/\/socialdesignmagazine.com\/mag\/wp-content\/uploads\/2013\/04\/users_Jessy_Form_Us_With_Love__Lampada_modulare_Hood__lampada_modulare_hood-06.jpg\" data-orig-size=\"720,908\" data-comments-opened=\"1\" data-image-meta=\"{&quot;aperture&quot;:&quot;0&quot;,&quot;credit&quot;:&quot;&quot;,&quot;camera&quot;:&quot;&quot;,&quot;caption&quot;:&quot;&quot;,&quot;created_timestamp&quot;:&quot;0&quot;,&quot;copyright&quot;:&quot;Copyright Jonas Lindstr\\u221a\\u2202m \\u00ac\\u00a9, All Rights Reserved. Detta f\\u221a\\u00a7lt f\\u221a\\u2022r inte \\u221a\\u00a7ndras eller raderas enligt 6 kap enligt lag (1960:72&quot;,&quot;focal_length&quot;:&quot;0&quot;,&quot;iso&quot;:&quot;0&quot;,&quot;shutter_speed&quot;:&quot;0&quot;,&quot;title&quot;:&quot;&quot;,&quot;orientation&quot;:&quot;0&quot;}\" data-image-title=\"lampada modulare hood-06\" data-image-description=\"\" data-image-caption=\"\" data-medium-file=\"https:\/\/socialdesignmagazine.com\/mag\/wp-content\/uploads\/2013\/04\/users_Jessy_Form_Us_With_Love__Lampada_modulare_Hood__lampada_modulare_hood-06-396x256.jpg\" data-large-file=\"https:\/\/socialdesignmagazine.com\/mag\/wp-content\/uploads\/2013\/04\/users_Jessy_Form_Us_With_Love__Lampada_modulare_Hood__lampada_modulare_hood-06.jpg\" src=\"https:\/\/socialdesignmagazine.com\/mag\/wp-content\/uploads\/2013\/04\/users_Jessy_Form_Us_With_Love__Lampada_modulare_Hood__lampada_modulare_hood-06.jpg\" alt=\"lampada modulare hood-06\" class=\"wp-image-12229\"\/><\/figure>\n<\/div>\n\n<div class=\"wp-block-image\">\n<figure class=\"aligncenter\"><img loading=\"lazy\" decoding=\"async\" width=\"720\" height=\"540\" data-attachment-id=\"12230\" data-permalink=\"https:\/\/socialdesignmagazine.com\/mag\/design\/form-us-with-love-lampada-modulare-hood\/attachment\/lampada-modulare-hood-07\/#content\" data-orig-file=\"https:\/\/socialdesignmagazine.com\/mag\/wp-content\/uploads\/2013\/04\/users_Jessy_Form_Us_With_Love__Lampada_modulare_Hood__lampada_modulare_hood-07.jpg\" data-orig-size=\"720,540\" data-comments-opened=\"1\" data-image-meta=\"{&quot;aperture&quot;:&quot;0&quot;,&quot;credit&quot;:&quot;&quot;,&quot;camera&quot;:&quot;&quot;,&quot;caption&quot;:&quot;&quot;,&quot;created_timestamp&quot;:&quot;0&quot;,&quot;copyright&quot;:&quot;Copyright Jonas Lindstr\\u221a\\u2202m \\u00ac\\u00a9, All Rights Reserved. Detta f\\u221a\\u00a7lt f\\u221a\\u2022r inte \\u221a\\u00a7ndras eller raderas enligt 6 kap enligt lag (1960:72&quot;,&quot;focal_length&quot;:&quot;0&quot;,&quot;iso&quot;:&quot;0&quot;,&quot;shutter_speed&quot;:&quot;0&quot;,&quot;title&quot;:&quot;&quot;,&quot;orientation&quot;:&quot;0&quot;}\" data-image-title=\"lampada modulare hood-07\" data-image-description=\"\" data-image-caption=\"\" data-medium-file=\"https:\/\/socialdesignmagazine.com\/mag\/wp-content\/uploads\/2013\/04\/users_Jessy_Form_Us_With_Love__Lampada_modulare_Hood__lampada_modulare_hood-07-396x256.jpg\" data-large-file=\"https:\/\/socialdesignmagazine.com\/mag\/wp-content\/uploads\/2013\/04\/users_Jessy_Form_Us_With_Love__Lampada_modulare_Hood__lampada_modulare_hood-07.jpg\" src=\"https:\/\/socialdesignmagazine.com\/mag\/wp-content\/uploads\/2013\/04\/users_Jessy_Form_Us_With_Love__Lampada_modulare_Hood__lampada_modulare_hood-07.jpg\" alt=\"lampada modulare hood-07\" class=\"wp-image-12230\"\/><\/figure>\n<\/div>\n\n<div class=\"wp-block-image\">\n<figure class=\"aligncenter\"><img loading=\"lazy\" decoding=\"async\" width=\"720\" height=\"960\" data-attachment-id=\"12231\" data-permalink=\"https:\/\/socialdesignmagazine.com\/mag\/design\/form-us-with-love-lampada-modulare-hood\/attachment\/lampada-modulare-hood-08\/#content\" data-orig-file=\"https:\/\/socialdesignmagazine.com\/mag\/wp-content\/uploads\/2013\/04\/users_Jessy_Form_Us_With_Love__Lampada_modulare_Hood__lampada_modulare_hood-08.jpg\" data-orig-size=\"720,960\" data-comments-opened=\"1\" data-image-meta=\"{&quot;aperture&quot;:&quot;0&quot;,&quot;credit&quot;:&quot;&quot;,&quot;camera&quot;:&quot;&quot;,&quot;caption&quot;:&quot;&quot;,&quot;created_timestamp&quot;:&quot;0&quot;,&quot;copyright&quot;:&quot;Copyright Jonas Lindstr\\u221a\\u2202m \\u00ac\\u00a9, All Rights Reserved. Detta f\\u221a\\u00a7lt f\\u221a\\u2022r inte \\u221a\\u00a7ndras eller raderas enligt 6 kap enligt lag (1960:72&quot;,&quot;focal_length&quot;:&quot;0&quot;,&quot;iso&quot;:&quot;0&quot;,&quot;shutter_speed&quot;:&quot;0&quot;,&quot;title&quot;:&quot;&quot;,&quot;orientation&quot;:&quot;0&quot;}\" data-image-title=\"lampada modulare hood-08\" data-image-description=\"\" data-image-caption=\"\" data-medium-file=\"https:\/\/socialdesignmagazine.com\/mag\/wp-content\/uploads\/2013\/04\/users_Jessy_Form_Us_With_Love__Lampada_modulare_Hood__lampada_modulare_hood-08-396x256.jpg\" data-large-file=\"https:\/\/socialdesignmagazine.com\/mag\/wp-content\/uploads\/2013\/04\/users_Jessy_Form_Us_With_Love__Lampada_modulare_Hood__lampada_modulare_hood-08.jpg\" src=\"https:\/\/socialdesignmagazine.com\/mag\/wp-content\/uploads\/2013\/04\/users_Jessy_Form_Us_With_Love__Lampada_modulare_Hood__lampada_modulare_hood-08.jpg\" alt=\"lampada modulare hood-08\" class=\"wp-image-12231\"\/><\/figure>\n<\/div>\n\n<div class=\"wp-block-image\">\n<figure class=\"aligncenter\"><img loading=\"lazy\" decoding=\"async\" width=\"720\" height=\"434\" data-attachment-id=\"12232\" data-permalink=\"https:\/\/socialdesignmagazine.com\/mag\/design\/form-us-with-love-lampada-modulare-hood\/attachment\/lampada-modulare-hood-01\/#content\" data-orig-file=\"https:\/\/socialdesignmagazine.com\/mag\/wp-content\/uploads\/2013\/04\/users_Jessy_Form_Us_With_Love__Lampada_modulare_Hood__lampada_modulare_hood-01.jpg\" data-orig-size=\"720,434\" data-comments-opened=\"1\" data-image-meta=\"{&quot;aperture&quot;:&quot;0&quot;,&quot;credit&quot;:&quot;&quot;,&quot;camera&quot;:&quot;&quot;,&quot;caption&quot;:&quot;&quot;,&quot;created_timestamp&quot;:&quot;0&quot;,&quot;copyright&quot;:&quot;&quot;,&quot;focal_length&quot;:&quot;0&quot;,&quot;iso&quot;:&quot;0&quot;,&quot;shutter_speed&quot;:&quot;0&quot;,&quot;title&quot;:&quot;&quot;,&quot;orientation&quot;:&quot;0&quot;}\" data-image-title=\"lampada modulare hood-01\" data-image-description=\"\" data-image-caption=\"\" data-medium-file=\"https:\/\/socialdesignmagazine.com\/mag\/wp-content\/uploads\/2013\/04\/users_Jessy_Form_Us_With_Love__Lampada_modulare_Hood__lampada_modulare_hood-01-396x256.jpg\" data-large-file=\"https:\/\/socialdesignmagazine.com\/mag\/wp-content\/uploads\/2013\/04\/users_Jessy_Form_Us_With_Love__Lampada_modulare_Hood__lampada_modulare_hood-01.jpg\" src=\"https:\/\/socialdesignmagazine.com\/mag\/wp-content\/uploads\/2013\/04\/users_Jessy_Form_Us_With_Love__Lampada_modulare_Hood__lampada_modulare_hood-01.jpg\" alt=\"lampada modulare hood-01\" class=\"wp-image-12232\"\/><\/figure>\n<\/div>\n\n<div class=\"wp-block-image\">\n<figure class=\"aligncenter\"><img loading=\"lazy\" decoding=\"async\" width=\"720\" height=\"883\" data-attachment-id=\"12233\" data-permalink=\"https:\/\/socialdesignmagazine.com\/mag\/design\/form-us-with-love-lampada-modulare-hood\/attachment\/lampada-modulare-hood-05\/#content\" data-orig-file=\"https:\/\/socialdesignmagazine.com\/mag\/wp-content\/uploads\/2013\/04\/users_Jessy_Form_Us_With_Love__Lampada_modulare_Hood__lampada_modulare_hood-05.jpg\" data-orig-size=\"720,883\" data-comments-opened=\"1\" data-image-meta=\"{&quot;aperture&quot;:&quot;0&quot;,&quot;credit&quot;:&quot;&quot;,&quot;camera&quot;:&quot;&quot;,&quot;caption&quot;:&quot;&quot;,&quot;created_timestamp&quot;:&quot;0&quot;,&quot;copyright&quot;:&quot;&quot;,&quot;focal_length&quot;:&quot;0&quot;,&quot;iso&quot;:&quot;0&quot;,&quot;shutter_speed&quot;:&quot;0&quot;,&quot;title&quot;:&quot;&quot;,&quot;orientation&quot;:&quot;0&quot;}\" data-image-title=\"lampada modulare hood-05\" data-image-description=\"\" data-image-caption=\"\" data-medium-file=\"https:\/\/socialdesignmagazine.com\/mag\/wp-content\/uploads\/2013\/04\/users_Jessy_Form_Us_With_Love__Lampada_modulare_Hood__lampada_modulare_hood-05-396x256.jpg\" data-large-file=\"https:\/\/socialdesignmagazine.com\/mag\/wp-content\/uploads\/2013\/04\/users_Jessy_Form_Us_With_Love__Lampada_modulare_Hood__lampada_modulare_hood-05.jpg\" src=\"https:\/\/socialdesignmagazine.com\/mag\/wp-content\/uploads\/2013\/04\/users_Jessy_Form_Us_With_Love__Lampada_modulare_Hood__lampada_modulare_hood-05.jpg\" alt=\"lampada modulare hood-05\" class=\"wp-image-12233\"\/><\/figure>\n<\/div>","protected":false,"gt_translate_keys":[{"key":"rendered","format":"html"}]},"excerpt":{"rendered":"<p>La lampada modulare Hood \u00e8 stata disegnata dallo studio svedese Form Us With Love, essendo modulare pu\u00f2 essere adattata alle proprie esigenze e al proprio spazio, adatta sia per la casa che per l&#8217;ufficio ha la propriet\u00e0 di concentrare la luce su una zona determinata, tavolo da pranzo, scrivania, tavolo riunioni.<\/p>\n","protected":false,"gt_translate_keys":[{"key":"rendered","format":"html"}]},"author":6,"featured_media":12225,"comment_status":"open","ping_status":"open","sticky":false,"template":"","format":"standard","meta":{"jetpack_post_was_ever_published":false,"_jetpack_newsletter_access":"","_jetpack_dont_email_post_to_subs":false,"_jetpack_newsletter_tier_id":0,"_jetpack_memberships_contains_paywalled_content":false,"_jetpack_memberships_contains_paid_content":false,"footnotes":"","_wpscppro_dont_share_socialmedia":false,"_wpscppro_custom_social_share_image":0,"_facebook_share_type":"","_twitter_share_type":"","_linkedin_share_type":"","_pinterest_share_type":"","_linkedin_share_type_page":"","_instagram_share_type":"","_medium_share_type":"","_threads_share_type":"","_google_business_share_type":"","_selected_social_profile":[],"_wpsp_enable_custom_social_template":false,"_wpsp_social_scheduling":{"enabled":false,"datetime":null,"platforms":[],"status":"template_only","dateOption":"today","timeOption":"now","customDays":"","customHours":"","customDate":"","customTime":"","schedulingType":"absolute"},"_wpsp_active_default_template":true},"categories":[13],"tags":[991,56],"class_list":["post-2097","post","type-post","status-publish","format-standard","has-post-thumbnail","hentry","category-design","tag-illuminazione","tag-lampada"],"yoast_head":"<!-- This site is optimized with the Yoast SEO plugin v27.2 - https:\/\/yoast.com\/product\/yoast-seo-wordpress\/ -->\n<title>Form Us With Love \/ Lampada modulare Hood - Social Design Magazine<\/title>\n<meta name=\"description\" content=\"La lampada modulare Hood \u00e8 stata disegnata dallo studio svedese Form Us With Love, essendo modulare pu\u00f2 essere adattata alle proprie esigenze e al proprio spazio, adatta sia per la casa che per l&#039;ufficio ha la propriet\u00e0 di concentrare la luce su una zona determinata, tavolo da pranzo, scrivania, tavolo riunioni.\" \/>\n<meta name=\"robots\" content=\"index, follow, max-snippet:-1, max-image-preview:large, max-video-preview:-1\" \/>\n<link rel=\"canonical\" href=\"https:\/\/socialdesignmagazine.com\/mag\/design\/form-us-with-love-lampada-modulare-hood\/\" \/>\n<meta property=\"og:locale\" content=\"it_IT\" \/>\n<meta property=\"og:type\" content=\"article\" \/>\n<meta property=\"og:title\" content=\"Form Us With Love \/ Lampada modulare Hood - Social Design Magazine\" \/>\n<meta property=\"og:description\" content=\"La lampada modulare Hood \u00e8 stata disegnata dallo studio svedese Form Us With Love, essendo modulare pu\u00f2 essere adattata alle proprie esigenze e al proprio spazio, adatta sia per la casa che per l&#039;ufficio ha la propriet\u00e0 di concentrare la luce su una zona determinata, tavolo da pranzo, scrivania, tavolo riunioni.\" \/>\n<meta property=\"og:url\" content=\"https:\/\/socialdesignmagazine.com\/mag\/design\/form-us-with-love-lampada-modulare-hood\/\" \/>\n<meta property=\"og:site_name\" content=\"Social Design Magazine\" \/>\n<meta property=\"article:publisher\" content=\"https:\/\/www.facebook.com\/socialdesignmag\" \/>\n<meta property=\"article:published_time\" content=\"2013-04-16T05:00:00+00:00\" \/>\n<meta property=\"article:modified_time\" content=\"2024-06-01T18:51:48+00:00\" \/>\n<meta property=\"og:image\" content=\"https:\/\/socialdesignmagazine.com\/mag\/wp-content\/uploads\/2013\/04\/users_Jessy_Form_Us_With_Love__Lampada_modulare_Hood__lampada_modulare_hood-09.jpg\" \/>\n\t<meta property=\"og:image:width\" content=\"720\" \/>\n\t<meta property=\"og:image:height\" content=\"540\" \/>\n\t<meta property=\"og:image:type\" content=\"image\/jpeg\" \/>\n<meta name=\"author\" content=\"jessica zannori\" \/>\n<meta name=\"twitter:card\" content=\"summary_large_image\" \/>\n<meta name=\"twitter:creator\" content=\"@socialdesignmag\" \/>\n<meta name=\"twitter:site\" content=\"@socialdesignmag\" \/>\n<meta name=\"twitter:label1\" content=\"Scritto da\" \/>\n\t<meta name=\"twitter:data1\" content=\"jessica zannori\" \/>\n\t<meta name=\"twitter:label2\" content=\"Tempo di lettura stimato\" \/>\n\t<meta name=\"twitter:data2\" content=\"3 minuti\" \/>\n<script type=\"application\/ld+json\" class=\"yoast-schema-graph\">{\"@context\":\"https:\/\/schema.org\",\"@graph\":[{\"@type\":\"Article\",\"@id\":\"https:\/\/socialdesignmagazine.com\/mag\/design\/form-us-with-love-lampada-modulare-hood\/#article\",\"isPartOf\":{\"@id\":\"https:\/\/socialdesignmagazine.com\/mag\/design\/form-us-with-love-lampada-modulare-hood\/\"},\"author\":{\"name\":\"jessica zannori\",\"@id\":\"https:\/\/socialdesignmagazine.com\/mag\/#\/schema\/person\/f26aea2d68a722d5ed3a1ee93c92aba9\"},\"headline\":\"Form Us With Love \/ Lampada modulare Hood\",\"datePublished\":\"2013-04-16T05:00:00+00:00\",\"dateModified\":\"2024-06-01T18:51:48+00:00\",\"mainEntityOfPage\":{\"@id\":\"https:\/\/socialdesignmagazine.com\/mag\/design\/form-us-with-love-lampada-modulare-hood\/\"},\"wordCount\":86,\"commentCount\":0,\"publisher\":{\"@id\":\"https:\/\/socialdesignmagazine.com\/mag\/#organization\"},\"image\":{\"@id\":\"https:\/\/socialdesignmagazine.com\/mag\/design\/form-us-with-love-lampada-modulare-hood\/#primaryimage\"},\"thumbnailUrl\":\"https:\/\/socialdesignmagazine.com\/mag\/wp-content\/uploads\/2013\/04\/users_Jessy_Form_Us_With_Love__Lampada_modulare_Hood__lampada_modulare_hood-09.jpg\",\"keywords\":[\"illuminazione\",\"lampada\"],\"articleSection\":[\"Design\"],\"inLanguage\":\"it-IT\",\"potentialAction\":[{\"@type\":\"CommentAction\",\"name\":\"Comment\",\"target\":[\"https:\/\/socialdesignmagazine.com\/mag\/design\/form-us-with-love-lampada-modulare-hood\/#respond\"]}]},{\"@type\":\"WebPage\",\"@id\":\"https:\/\/socialdesignmagazine.com\/mag\/design\/form-us-with-love-lampada-modulare-hood\/\",\"url\":\"https:\/\/socialdesignmagazine.com\/mag\/design\/form-us-with-love-lampada-modulare-hood\/\",\"name\":\"Form Us With Love \/ Lampada modulare Hood - Social Design Magazine\",\"isPartOf\":{\"@id\":\"https:\/\/socialdesignmagazine.com\/mag\/#website\"},\"primaryImageOfPage\":{\"@id\":\"https:\/\/socialdesignmagazine.com\/mag\/design\/form-us-with-love-lampada-modulare-hood\/#primaryimage\"},\"image\":{\"@id\":\"https:\/\/socialdesignmagazine.com\/mag\/design\/form-us-with-love-lampada-modulare-hood\/#primaryimage\"},\"thumbnailUrl\":\"https:\/\/socialdesignmagazine.com\/mag\/wp-content\/uploads\/2013\/04\/users_Jessy_Form_Us_With_Love__Lampada_modulare_Hood__lampada_modulare_hood-09.jpg\",\"datePublished\":\"2013-04-16T05:00:00+00:00\",\"dateModified\":\"2024-06-01T18:51:48+00:00\",\"description\":\"La lampada modulare Hood \u00e8 stata disegnata dallo studio svedese Form Us With Love, essendo modulare pu\u00f2 essere adattata alle proprie esigenze e al proprio spazio, adatta sia per la casa che per l'ufficio ha la propriet\u00e0 di concentrare la luce su una zona determinata, tavolo da pranzo, scrivania, tavolo riunioni.\",\"breadcrumb\":{\"@id\":\"https:\/\/socialdesignmagazine.com\/mag\/design\/form-us-with-love-lampada-modulare-hood\/#breadcrumb\"},\"inLanguage\":\"it-IT\",\"potentialAction\":[{\"@type\":\"ReadAction\",\"target\":[\"https:\/\/socialdesignmagazine.com\/mag\/design\/form-us-with-love-lampada-modulare-hood\/\"]}]},{\"@type\":\"ImageObject\",\"inLanguage\":\"it-IT\",\"@id\":\"https:\/\/socialdesignmagazine.com\/mag\/design\/form-us-with-love-lampada-modulare-hood\/#primaryimage\",\"url\":\"https:\/\/socialdesignmagazine.com\/mag\/wp-content\/uploads\/2013\/04\/users_Jessy_Form_Us_With_Love__Lampada_modulare_Hood__lampada_modulare_hood-09.jpg\",\"contentUrl\":\"https:\/\/socialdesignmagazine.com\/mag\/wp-content\/uploads\/2013\/04\/users_Jessy_Form_Us_With_Love__Lampada_modulare_Hood__lampada_modulare_hood-09.jpg\",\"width\":720,\"height\":540,\"caption\":\"lampada modulare hood-09\"},{\"@type\":\"BreadcrumbList\",\"@id\":\"https:\/\/socialdesignmagazine.com\/mag\/design\/form-us-with-love-lampada-modulare-hood\/#breadcrumb\",\"itemListElement\":[{\"@type\":\"ListItem\",\"position\":1,\"name\":\"Home\",\"item\":\"https:\/\/socialdesignmagazine.com\/mag\/\"},{\"@type\":\"ListItem\",\"position\":2,\"name\":\"Design\",\"item\":\"https:\/\/socialdesignmagazine.com\/mag\/design\/\"},{\"@type\":\"ListItem\",\"position\":3,\"name\":\"Form Us With Love \/ Lampada modulare Hood\"}]},{\"@type\":\"WebSite\",\"@id\":\"https:\/\/socialdesignmagazine.com\/mag\/#website\",\"url\":\"https:\/\/socialdesignmagazine.com\/mag\/\",\"name\":\"Social Design Magazine\",\"description\":\"Social Magazine su Design, Architettura, Arte, Grafica\",\"publisher\":{\"@id\":\"https:\/\/socialdesignmagazine.com\/mag\/#organization\"},\"potentialAction\":[{\"@type\":\"SearchAction\",\"target\":{\"@type\":\"EntryPoint\",\"urlTemplate\":\"https:\/\/socialdesignmagazine.com\/mag\/?s={search_term_string}\"},\"query-input\":{\"@type\":\"PropertyValueSpecification\",\"valueRequired\":true,\"valueName\":\"search_term_string\"}}],\"inLanguage\":\"it-IT\"},{\"@type\":\"Organization\",\"@id\":\"https:\/\/socialdesignmagazine.com\/mag\/#organization\",\"name\":\"Social Design Magazine\",\"url\":\"https:\/\/socialdesignmagazine.com\/mag\/\",\"logo\":{\"@type\":\"ImageObject\",\"inLanguage\":\"it-IT\",\"@id\":\"https:\/\/socialdesignmagazine.com\/mag\/#\/schema\/logo\/image\/\",\"url\":\"https:\/\/socialdesignmagazine.com\/mag\/wp-content\/uploads\/2017\/01\/logo_favicon_11.png\",\"contentUrl\":\"https:\/\/socialdesignmagazine.com\/mag\/wp-content\/uploads\/2017\/01\/logo_favicon_11.png\",\"width\":1024,\"height\":1024,\"caption\":\"Social Design Magazine\"},\"image\":{\"@id\":\"https:\/\/socialdesignmagazine.com\/mag\/#\/schema\/logo\/image\/\"},\"sameAs\":[\"https:\/\/www.facebook.com\/socialdesignmag\",\"https:\/\/x.com\/socialdesignmag\",\"http:\/\/instagram.com\/social_design_magazine\/\",\"http:\/\/pinterest.com\/socialdesignmag\/\",\"http:\/\/www.youtube.com\/user\/socialdesignmagazine\"]},{\"@type\":\"Person\",\"@id\":\"https:\/\/socialdesignmagazine.com\/mag\/#\/schema\/person\/f26aea2d68a722d5ed3a1ee93c92aba9\",\"name\":\"jessica zannori\",\"image\":{\"@type\":\"ImageObject\",\"inLanguage\":\"it-IT\",\"@id\":\"https:\/\/secure.gravatar.com\/avatar\/e338d2d30b98ee192f7c7708f51c9b6a0f135e3e3399a9bec7d00e0496a346c6?s=96&d=mm&r=g\",\"url\":\"https:\/\/secure.gravatar.com\/avatar\/e338d2d30b98ee192f7c7708f51c9b6a0f135e3e3399a9bec7d00e0496a346c6?s=96&d=mm&r=g\",\"contentUrl\":\"https:\/\/secure.gravatar.com\/avatar\/e338d2d30b98ee192f7c7708f51c9b6a0f135e3e3399a9bec7d00e0496a346c6?s=96&d=mm&r=g\",\"caption\":\"jessica zannori\"},\"url\":\"https:\/\/socialdesignmagazine.com\/mag\/author\/jessy\/\"}]}<\/script>\n<!-- \/ Yoast SEO plugin. -->","yoast_head_json":{"title":"Form Us With Love \/ Lampada modulare Hood - Social Design Magazine","description":"La lampada modulare Hood \u00e8 stata disegnata dallo studio svedese Form Us With Love, essendo modulare pu\u00f2 essere adattata alle proprie esigenze e al proprio spazio, adatta sia per la casa che per l'ufficio ha la propriet\u00e0 di concentrare la luce su una zona determinata, tavolo da pranzo, scrivania, tavolo riunioni.","robots":{"index":"index","follow":"follow","max-snippet":"max-snippet:-1","max-image-preview":"max-image-preview:large","max-video-preview":"max-video-preview:-1"},"canonical":"https:\/\/socialdesignmagazine.com\/mag\/design\/form-us-with-love-lampada-modulare-hood\/","og_locale":"it_IT","og_type":"article","og_title":"Form Us With Love \/ Lampada modulare Hood - Social Design Magazine","og_description":"La lampada modulare Hood \u00e8 stata disegnata dallo studio svedese Form Us With Love, essendo modulare pu\u00f2 essere adattata alle proprie esigenze e al proprio spazio, adatta sia per la casa che per l'ufficio ha la propriet\u00e0 di concentrare la luce su una zona determinata, tavolo da pranzo, scrivania, tavolo riunioni.","og_url":"https:\/\/socialdesignmagazine.com\/mag\/design\/form-us-with-love-lampada-modulare-hood\/","og_site_name":"Social Design Magazine","article_publisher":"https:\/\/www.facebook.com\/socialdesignmag","article_published_time":"2013-04-16T05:00:00+00:00","article_modified_time":"2024-06-01T18:51:48+00:00","og_image":[{"width":720,"height":540,"url":"https:\/\/socialdesignmagazine.com\/mag\/wp-content\/uploads\/2013\/04\/users_Jessy_Form_Us_With_Love__Lampada_modulare_Hood__lampada_modulare_hood-09.jpg","type":"image\/jpeg"}],"author":"jessica zannori","twitter_card":"summary_large_image","twitter_creator":"@socialdesignmag","twitter_site":"@socialdesignmag","twitter_misc":{"Scritto da":"jessica zannori","Tempo di lettura stimato":"3 minuti"},"schema":{"@context":"https:\/\/schema.org","@graph":[{"@type":"Article","@id":"https:\/\/socialdesignmagazine.com\/mag\/design\/form-us-with-love-lampada-modulare-hood\/#article","isPartOf":{"@id":"https:\/\/socialdesignmagazine.com\/mag\/design\/form-us-with-love-lampada-modulare-hood\/"},"author":{"name":"jessica zannori","@id":"https:\/\/socialdesignmagazine.com\/mag\/#\/schema\/person\/f26aea2d68a722d5ed3a1ee93c92aba9"},"headline":"Form Us With Love \/ Lampada modulare Hood","datePublished":"2013-04-16T05:00:00+00:00","dateModified":"2024-06-01T18:51:48+00:00","mainEntityOfPage":{"@id":"https:\/\/socialdesignmagazine.com\/mag\/design\/form-us-with-love-lampada-modulare-hood\/"},"wordCount":86,"commentCount":0,"publisher":{"@id":"https:\/\/socialdesignmagazine.com\/mag\/#organization"},"image":{"@id":"https:\/\/socialdesignmagazine.com\/mag\/design\/form-us-with-love-lampada-modulare-hood\/#primaryimage"},"thumbnailUrl":"https:\/\/socialdesignmagazine.com\/mag\/wp-content\/uploads\/2013\/04\/users_Jessy_Form_Us_With_Love__Lampada_modulare_Hood__lampada_modulare_hood-09.jpg","keywords":["illuminazione","lampada"],"articleSection":["Design"],"inLanguage":"it-IT","potentialAction":[{"@type":"CommentAction","name":"Comment","target":["https:\/\/socialdesignmagazine.com\/mag\/design\/form-us-with-love-lampada-modulare-hood\/#respond"]}]},{"@type":"WebPage","@id":"https:\/\/socialdesignmagazine.com\/mag\/design\/form-us-with-love-lampada-modulare-hood\/","url":"https:\/\/socialdesignmagazine.com\/mag\/design\/form-us-with-love-lampada-modulare-hood\/","name":"Form Us With Love \/ Lampada modulare Hood - Social Design Magazine","isPartOf":{"@id":"https:\/\/socialdesignmagazine.com\/mag\/#website"},"primaryImageOfPage":{"@id":"https:\/\/socialdesignmagazine.com\/mag\/design\/form-us-with-love-lampada-modulare-hood\/#primaryimage"},"image":{"@id":"https:\/\/socialdesignmagazine.com\/mag\/design\/form-us-with-love-lampada-modulare-hood\/#primaryimage"},"thumbnailUrl":"https:\/\/socialdesignmagazine.com\/mag\/wp-content\/uploads\/2013\/04\/users_Jessy_Form_Us_With_Love__Lampada_modulare_Hood__lampada_modulare_hood-09.jpg","datePublished":"2013-04-16T05:00:00+00:00","dateModified":"2024-06-01T18:51:48+00:00","description":"La lampada modulare Hood \u00e8 stata disegnata dallo studio svedese Form Us With Love, essendo modulare pu\u00f2 essere adattata alle proprie esigenze e al proprio spazio, adatta sia per la casa che per l'ufficio ha la propriet\u00e0 di concentrare la luce su una zona determinata, tavolo da pranzo, scrivania, tavolo riunioni.","breadcrumb":{"@id":"https:\/\/socialdesignmagazine.com\/mag\/design\/form-us-with-love-lampada-modulare-hood\/#breadcrumb"},"inLanguage":"it-IT","potentialAction":[{"@type":"ReadAction","target":["https:\/\/socialdesignmagazine.com\/mag\/design\/form-us-with-love-lampada-modulare-hood\/"]}]},{"@type":"ImageObject","inLanguage":"it-IT","@id":"https:\/\/socialdesignmagazine.com\/mag\/design\/form-us-with-love-lampada-modulare-hood\/#primaryimage","url":"https:\/\/socialdesignmagazine.com\/mag\/wp-content\/uploads\/2013\/04\/users_Jessy_Form_Us_With_Love__Lampada_modulare_Hood__lampada_modulare_hood-09.jpg","contentUrl":"https:\/\/socialdesignmagazine.com\/mag\/wp-content\/uploads\/2013\/04\/users_Jessy_Form_Us_With_Love__Lampada_modulare_Hood__lampada_modulare_hood-09.jpg","width":720,"height":540,"caption":"lampada modulare hood-09"},{"@type":"BreadcrumbList","@id":"https:\/\/socialdesignmagazine.com\/mag\/design\/form-us-with-love-lampada-modulare-hood\/#breadcrumb","itemListElement":[{"@type":"ListItem","position":1,"name":"Home","item":"https:\/\/socialdesignmagazine.com\/mag\/"},{"@type":"ListItem","position":2,"name":"Design","item":"https:\/\/socialdesignmagazine.com\/mag\/design\/"},{"@type":"ListItem","position":3,"name":"Form Us With Love \/ Lampada modulare Hood"}]},{"@type":"WebSite","@id":"https:\/\/socialdesignmagazine.com\/mag\/#website","url":"https:\/\/socialdesignmagazine.com\/mag\/","name":"Social Design Magazine","description":"Social Magazine su Design, Architettura, Arte, Grafica","publisher":{"@id":"https:\/\/socialdesignmagazine.com\/mag\/#organization"},"potentialAction":[{"@type":"SearchAction","target":{"@type":"EntryPoint","urlTemplate":"https:\/\/socialdesignmagazine.com\/mag\/?s={search_term_string}"},"query-input":{"@type":"PropertyValueSpecification","valueRequired":true,"valueName":"search_term_string"}}],"inLanguage":"it-IT"},{"@type":"Organization","@id":"https:\/\/socialdesignmagazine.com\/mag\/#organization","name":"Social Design Magazine","url":"https:\/\/socialdesignmagazine.com\/mag\/","logo":{"@type":"ImageObject","inLanguage":"it-IT","@id":"https:\/\/socialdesignmagazine.com\/mag\/#\/schema\/logo\/image\/","url":"https:\/\/socialdesignmagazine.com\/mag\/wp-content\/uploads\/2017\/01\/logo_favicon_11.png","contentUrl":"https:\/\/socialdesignmagazine.com\/mag\/wp-content\/uploads\/2017\/01\/logo_favicon_11.png","width":1024,"height":1024,"caption":"Social Design Magazine"},"image":{"@id":"https:\/\/socialdesignmagazine.com\/mag\/#\/schema\/logo\/image\/"},"sameAs":["https:\/\/www.facebook.com\/socialdesignmag","https:\/\/x.com\/socialdesignmag","http:\/\/instagram.com\/social_design_magazine\/","http:\/\/pinterest.com\/socialdesignmag\/","http:\/\/www.youtube.com\/user\/socialdesignmagazine"]},{"@type":"Person","@id":"https:\/\/socialdesignmagazine.com\/mag\/#\/schema\/person\/f26aea2d68a722d5ed3a1ee93c92aba9","name":"jessica zannori","image":{"@type":"ImageObject","inLanguage":"it-IT","@id":"https:\/\/secure.gravatar.com\/avatar\/e338d2d30b98ee192f7c7708f51c9b6a0f135e3e3399a9bec7d00e0496a346c6?s=96&d=mm&r=g","url":"https:\/\/secure.gravatar.com\/avatar\/e338d2d30b98ee192f7c7708f51c9b6a0f135e3e3399a9bec7d00e0496a346c6?s=96&d=mm&r=g","contentUrl":"https:\/\/secure.gravatar.com\/avatar\/e338d2d30b98ee192f7c7708f51c9b6a0f135e3e3399a9bec7d00e0496a346c6?s=96&d=mm&r=g","caption":"jessica zannori"},"url":"https:\/\/socialdesignmagazine.com\/mag\/author\/jessy\/"}]}},"jetpack_featured_media_url":"https:\/\/socialdesignmagazine.com\/mag\/wp-content\/uploads\/2013\/04\/users_Jessy_Form_Us_With_Love__Lampada_modulare_Hood__lampada_modulare_hood-09.jpg","jetpack_sharing_enabled":true,"jetpack_shortlink":"https:\/\/wp.me\/p6cV7V-xP","gt_translate_keys":[{"key":"link","format":"url"}],"_links":{"self":[{"href":"https:\/\/socialdesignmagazine.com\/mag\/wp-json\/wp\/v2\/posts\/2097","targetHints":{"allow":["GET"]}}],"collection":[{"href":"https:\/\/socialdesignmagazine.com\/mag\/wp-json\/wp\/v2\/posts"}],"about":[{"href":"https:\/\/socialdesignmagazine.com\/mag\/wp-json\/wp\/v2\/types\/post"}],"author":[{"embeddable":true,"href":"https:\/\/socialdesignmagazine.com\/mag\/wp-json\/wp\/v2\/users\/6"}],"replies":[{"embeddable":true,"href":"https:\/\/socialdesignmagazine.com\/mag\/wp-json\/wp\/v2\/comments?post=2097"}],"version-history":[{"count":1,"href":"https:\/\/socialdesignmagazine.com\/mag\/wp-json\/wp\/v2\/posts\/2097\/revisions"}],"predecessor-version":[{"id":61542,"href":"https:\/\/socialdesignmagazine.com\/mag\/wp-json\/wp\/v2\/posts\/2097\/revisions\/61542"}],"wp:featuredmedia":[{"embeddable":true,"href":"https:\/\/socialdesignmagazine.com\/mag\/wp-json\/wp\/v2\/media\/12225"}],"wp:attachment":[{"href":"https:\/\/socialdesignmagazine.com\/mag\/wp-json\/wp\/v2\/media?parent=2097"}],"wp:term":[{"taxonomy":"category","embeddable":true,"href":"https:\/\/socialdesignmagazine.com\/mag\/wp-json\/wp\/v2\/categories?post=2097"},{"taxonomy":"post_tag","embeddable":true,"href":"https:\/\/socialdesignmagazine.com\/mag\/wp-json\/wp\/v2\/tags?post=2097"}],"curies":[{"name":"wp","href":"https:\/\/api.w.org\/{rel}","templated":true}]}}