{"id":210,"date":"2011-03-16T12:48:26","date_gmt":"2011-03-16T11:48:26","guid":{"rendered":"https:\/\/socialdesignmagazine.com\/mag\/s6-design\/c35-design\/anteprima-salone-del-mobile-2011-libera-a-snake-pianca-reinterpreta-la-cabina-armadio\/"},"modified":"2023-10-09T22:41:13","modified_gmt":"2023-10-09T20:41:13","slug":"anteprima-salone-del-mobile-2011-libera-a-snake-pianca-reinterpreta-la-cabina-armadio","status":"publish","type":"post","link":"https:\/\/socialdesignmagazine.com\/mag\/design\/anteprima-salone-del-mobile-2011-libera-a-snake-pianca-reinterpreta-la-cabina-armadio\/","title":{"rendered":"anteprima Salone del Mobile 2011,  Libera &#038; Snake, Pianca reinterpreta la Cabina Armadio","gt_translate_keys":[{"key":"rendered","format":"text"}]},"content":{"rendered":"\n<h2 class=\"wp-block-heading\">Al padiglione 10 STAND A01-B02 Pianca presenter\u00e0, tra le altre, le novit\u00e0 per quanto riguarda la cabina armadio.<\/h2>\n\n\n\n<p>Un modo nuovo di intendere la cabina armadio, una creativit\u00e0 che corre lungo fianchi, mensole e tubi al centimetro per creare spazi e forme giocose ma sempre funzionali. <\/p>\n\n\n\n<p>Sistemi di fissaggio a muro o su pannello, elementi disponibili nelle finiture melaminiche bianco, grigio texture, noce canaletto, rovere scuro o nella gamma dei laccati opachi texture. Cassettiere a terra, su ruote o sospese, a scelta fra le varie collezioni Pianca, completano la personalizzazione delle composizioni.<\/p>\n\n\n<div class=\"wp-block-image\">\n<figure class=\"aligncenter\"><img loading=\"lazy\" decoding=\"async\" width=\"720\" height=\"437\" data-attachment-id=\"5032\" data-permalink=\"https:\/\/socialdesignmagazine.com\/mag\/design\/anteprima-salone-del-mobile-2011-libera-a-snake-pianca-reinterpreta-la-cabina-armadio\/attachment\/pianca_image002\/#content\" data-orig-file=\"https:\/\/socialdesignmagazine.com\/mag\/wp-content\/uploads\/2011\/03\/benedetto_libera_e_snake_pianca_image002.jpg\" data-orig-size=\"720,437\" data-comments-opened=\"1\" data-image-meta=\"{&quot;aperture&quot;:&quot;0&quot;,&quot;credit&quot;:&quot;&quot;,&quot;camera&quot;:&quot;&quot;,&quot;caption&quot;:&quot;&quot;,&quot;created_timestamp&quot;:&quot;0&quot;,&quot;copyright&quot;:&quot;&quot;,&quot;focal_length&quot;:&quot;0&quot;,&quot;iso&quot;:&quot;0&quot;,&quot;shutter_speed&quot;:&quot;0&quot;,&quot;title&quot;:&quot;&quot;,&quot;orientation&quot;:&quot;0&quot;}\" data-image-title=\"pianca_image002\" data-image-description=\"\" data-image-caption=\"\" data-medium-file=\"https:\/\/socialdesignmagazine.com\/mag\/wp-content\/uploads\/2011\/03\/benedetto_libera_e_snake_pianca_image002-396x256.jpg\" data-large-file=\"https:\/\/socialdesignmagazine.com\/mag\/wp-content\/uploads\/2011\/03\/benedetto_libera_e_snake_pianca_image002.jpg\" src=\"https:\/\/socialdesignmagazine.com\/mag\/wp-content\/uploads\/2011\/03\/benedetto_libera_e_snake_pianca_image002.jpg\" alt=\"pianca_image002\" class=\"wp-image-5032\"\/><\/figure>\n<\/div>\n\n\n<p>Alla grande libert\u00e0 di personalizzazione della cabina <strong>Libera<\/strong>, per quanto concerne la scelta di finiture ed elementi, si aggiunge la sua totale flessibilit\u00e0 compositiva.<\/p>\n\n\n\n<p>Grazie alla progettazione al centimetro, sia in larghezza che in altezza di fianchi, mensole e tubi, si scopre un\u2019infinita e inaspettata variet\u00e0 di soluzioni adatte al proprio spazio d\u2019arredo.<\/p>\n\n\n<div class=\"wp-block-image\">\n<figure class=\"aligncenter\"><img loading=\"lazy\" decoding=\"async\" width=\"720\" height=\"437\" data-attachment-id=\"5033\" data-permalink=\"https:\/\/socialdesignmagazine.com\/mag\/design\/anteprima-salone-del-mobile-2011-libera-a-snake-pianca-reinterpreta-la-cabina-armadio\/attachment\/liberasnake_cabina_armadio_3_pianca_bassa\/#content\" data-orig-file=\"https:\/\/socialdesignmagazine.com\/mag\/wp-content\/uploads\/2011\/03\/benedetto_libera_e_snake_LIBERASNAKE_cabina_armadio_3_PIANCA_bassa.jpg\" data-orig-size=\"720,437\" data-comments-opened=\"1\" data-image-meta=\"{&quot;aperture&quot;:&quot;0&quot;,&quot;credit&quot;:&quot;&quot;,&quot;camera&quot;:&quot;&quot;,&quot;caption&quot;:&quot;&quot;,&quot;created_timestamp&quot;:&quot;0&quot;,&quot;copyright&quot;:&quot;&quot;,&quot;focal_length&quot;:&quot;0&quot;,&quot;iso&quot;:&quot;0&quot;,&quot;shutter_speed&quot;:&quot;0&quot;,&quot;title&quot;:&quot;&quot;,&quot;orientation&quot;:&quot;0&quot;}\" data-image-title=\"LIBERASNAKE_cabina_armadio_3_PIANCA_bassa\" data-image-description=\"\" data-image-caption=\"\" data-medium-file=\"https:\/\/socialdesignmagazine.com\/mag\/wp-content\/uploads\/2011\/03\/benedetto_libera_e_snake_LIBERASNAKE_cabina_armadio_3_PIANCA_bassa-396x256.jpg\" data-large-file=\"https:\/\/socialdesignmagazine.com\/mag\/wp-content\/uploads\/2011\/03\/benedetto_libera_e_snake_LIBERASNAKE_cabina_armadio_3_PIANCA_bassa.jpg\" src=\"https:\/\/socialdesignmagazine.com\/mag\/wp-content\/uploads\/2011\/03\/benedetto_libera_e_snake_LIBERASNAKE_cabina_armadio_3_PIANCA_bassa.jpg\" alt=\"LIBERASNAKE_cabina_armadio_3_PIANCA_bassa\" class=\"wp-image-5033\"\/><\/figure>\n<\/div>\n\n<div class=\"wp-block-image\">\n<figure class=\"aligncenter\"><img loading=\"lazy\" decoding=\"async\" width=\"720\" height=\"485\" data-attachment-id=\"5034\" data-permalink=\"https:\/\/socialdesignmagazine.com\/mag\/design\/anteprima-salone-del-mobile-2011-libera-a-snake-pianca-reinterpreta-la-cabina-armadio\/attachment\/liberasnake_cabina_armadio_2_pianca_bassa\/#content\" data-orig-file=\"https:\/\/socialdesignmagazine.com\/mag\/wp-content\/uploads\/2011\/03\/benedetto_libera_e_snake_LIBERASNAKE_cabina_armadio_2_PIANCA_bassa.jpg\" data-orig-size=\"720,485\" data-comments-opened=\"1\" data-image-meta=\"{&quot;aperture&quot;:&quot;0&quot;,&quot;credit&quot;:&quot;&quot;,&quot;camera&quot;:&quot;&quot;,&quot;caption&quot;:&quot;&quot;,&quot;created_timestamp&quot;:&quot;0&quot;,&quot;copyright&quot;:&quot;&quot;,&quot;focal_length&quot;:&quot;0&quot;,&quot;iso&quot;:&quot;0&quot;,&quot;shutter_speed&quot;:&quot;0&quot;,&quot;title&quot;:&quot;&quot;,&quot;orientation&quot;:&quot;0&quot;}\" data-image-title=\"LIBERASNAKE_cabina_armadio_2_PIANCA_bassa\" data-image-description=\"\" data-image-caption=\"\" data-medium-file=\"https:\/\/socialdesignmagazine.com\/mag\/wp-content\/uploads\/2011\/03\/benedetto_libera_e_snake_LIBERASNAKE_cabina_armadio_2_PIANCA_bassa-396x256.jpg\" data-large-file=\"https:\/\/socialdesignmagazine.com\/mag\/wp-content\/uploads\/2011\/03\/benedetto_libera_e_snake_LIBERASNAKE_cabina_armadio_2_PIANCA_bassa.jpg\" src=\"https:\/\/socialdesignmagazine.com\/mag\/wp-content\/uploads\/2011\/03\/benedetto_libera_e_snake_LIBERASNAKE_cabina_armadio_2_PIANCA_bassa.jpg\" alt=\"LIBERASNAKE_cabina_armadio_2_PIANCA_bassa\" class=\"wp-image-5034\" srcset=\"https:\/\/socialdesignmagazine.com\/mag\/wp-content\/uploads\/2011\/03\/benedetto_libera_e_snake_LIBERASNAKE_cabina_armadio_2_PIANCA_bassa.jpg 720w, https:\/\/socialdesignmagazine.com\/mag\/wp-content\/uploads\/2011\/03\/benedetto_libera_e_snake_LIBERASNAKE_cabina_armadio_2_PIANCA_bassa-100x66.jpg 100w\" sizes=\"auto, (max-width: 720px) 100vw, 720px\" \/><\/figure>\n<\/div>","protected":false,"gt_translate_keys":[{"key":"rendered","format":"html"}]},"excerpt":{"rendered":"<p>Un modo nuovo di intendere la cabina armadio, una creativit\u00e0 che corre lungo fianchi, mensole e tubi al centimetro per creare spazi e forme giocose ma sempre funzionali. <\/p>\n","protected":false,"gt_translate_keys":[{"key":"rendered","format":"html"}]},"author":1,"featured_media":5031,"comment_status":"open","ping_status":"open","sticky":false,"template":"","format":"standard","meta":{"jetpack_post_was_ever_published":false,"_jetpack_newsletter_access":"","_jetpack_dont_email_post_to_subs":false,"_jetpack_newsletter_tier_id":0,"_jetpack_memberships_contains_paywalled_content":false,"_jetpack_memberships_contains_paid_content":false,"footnotes":"","_wpscppro_dont_share_socialmedia":false,"_wpscppro_custom_social_share_image":0,"_facebook_share_type":"","_twitter_share_type":"","_linkedin_share_type":"","_pinterest_share_type":"","_linkedin_share_type_page":"","_instagram_share_type":"","_medium_share_type":"","_threads_share_type":"","_google_business_share_type":"","_selected_social_profile":[],"_wpsp_enable_custom_social_template":false,"_wpsp_social_scheduling":{"enabled":false,"datetime":null,"platforms":[],"status":"template_only","dateOption":"today","timeOption":"now","customDays":"","customHours":"","customDate":"","customTime":"","schedulingType":"absolute"},"_wpsp_active_default_template":true},"categories":[13],"tags":[1024,898,1027],"class_list":["post-210","post","type-post","status-publish","format-standard","has-post-thumbnail","hentry","category-design","tag-pianca","tag-salone-del-mobile-2011-milano","tag-snake"],"yoast_head":"<!-- This site is optimized with the Yoast SEO plugin v27.2 - https:\/\/yoast.com\/product\/yoast-seo-wordpress\/ -->\n<title>anteprima Salone del Mobile 2011, Libera &amp; Snake, Pianca reinterpreta la Cabina Armadio - Social Design Magazine<\/title>\n<meta name=\"description\" content=\"Un modo nuovo di intendere la cabina armadio, una creativit\u00e0 che corre lungo fianchi, mensole e tubi al centimetro per creare spazi e forme giocose ma sempre funzionali.\" \/>\n<meta name=\"robots\" content=\"index, follow, max-snippet:-1, max-image-preview:large, max-video-preview:-1\" \/>\n<link rel=\"canonical\" href=\"https:\/\/socialdesignmagazine.com\/mag\/design\/anteprima-salone-del-mobile-2011-libera-a-snake-pianca-reinterpreta-la-cabina-armadio\/\" \/>\n<meta property=\"og:locale\" content=\"it_IT\" \/>\n<meta property=\"og:type\" content=\"article\" \/>\n<meta property=\"og:title\" content=\"anteprima Salone del Mobile 2011, Libera &amp; Snake, Pianca reinterpreta la Cabina Armadio - Social Design Magazine\" \/>\n<meta property=\"og:description\" content=\"Un modo nuovo di intendere la cabina armadio, una creativit\u00e0 che corre lungo fianchi, mensole e tubi al centimetro per creare spazi e forme giocose ma sempre funzionali.\" \/>\n<meta property=\"og:url\" content=\"http:\/\/socialdesignmagazine.com\/mag\/design\/anteprima-salone-del-mobile-2011-libera-a-snake-pianca-reinterpreta-la-cabina-armadio\/\" \/>\n<meta property=\"og:site_name\" content=\"Social Design Magazine\" \/>\n<meta property=\"article:publisher\" content=\"https:\/\/www.facebook.com\/socialdesignmag\" \/>\n<meta property=\"article:author\" content=\"https:\/\/www.facebook.com\/benedettofiori\" \/>\n<meta property=\"article:published_time\" content=\"2011-03-16T11:48:26+00:00\" \/>\n<meta property=\"article:modified_time\" content=\"2023-10-09T20:41:13+00:00\" \/>\n<meta property=\"og:image\" content=\"https:\/\/socialdesignmagazine.com\/mag\/wp-content\/uploads\/2011\/03\/benedetto_libera_e_snake_LIBERA_cabina_armadio_PIANCA_1.jpg\" \/>\n\t<meta property=\"og:image:width\" content=\"720\" \/>\n\t<meta property=\"og:image:height\" content=\"454\" \/>\n\t<meta property=\"og:image:type\" content=\"image\/jpeg\" \/>\n<meta name=\"author\" content=\"Benedetto Fiori\" \/>\n<meta name=\"twitter:card\" content=\"summary_large_image\" \/>\n<meta name=\"twitter:creator\" content=\"@benedettofiori\" \/>\n<meta name=\"twitter:site\" content=\"@socialdesignmag\" \/>\n<meta name=\"twitter:label1\" content=\"Scritto da\" \/>\n\t<meta name=\"twitter:data1\" content=\"Benedetto Fiori\" \/>\n\t<meta name=\"twitter:label2\" content=\"Tempo di lettura stimato\" \/>\n\t<meta name=\"twitter:data2\" content=\"2 minuti\" \/>\n<script type=\"application\/ld+json\" class=\"yoast-schema-graph\">{\"@context\":\"https:\/\/schema.org\",\"@graph\":[{\"@type\":\"Article\",\"@id\":\"https:\/\/socialdesignmagazine.com\/mag\/design\/anteprima-salone-del-mobile-2011-libera-a-snake-pianca-reinterpreta-la-cabina-armadio\/#article\",\"isPartOf\":{\"@id\":\"https:\/\/socialdesignmagazine.com\/mag\/design\/anteprima-salone-del-mobile-2011-libera-a-snake-pianca-reinterpreta-la-cabina-armadio\/\"},\"author\":{\"name\":\"Benedetto Fiori\",\"@id\":\"https:\/\/socialdesignmagazine.com\/mag\/#\/schema\/person\/61e20205cc363c315e6aabd33a045846\"},\"headline\":\"anteprima Salone del Mobile 2011, Libera &#038; Snake, Pianca reinterpreta la Cabina Armadio\",\"datePublished\":\"2011-03-16T11:48:26+00:00\",\"dateModified\":\"2023-10-09T20:41:13+00:00\",\"mainEntityOfPage\":{\"@id\":\"https:\/\/socialdesignmagazine.com\/mag\/design\/anteprima-salone-del-mobile-2011-libera-a-snake-pianca-reinterpreta-la-cabina-armadio\/\"},\"wordCount\":158,\"commentCount\":0,\"publisher\":{\"@id\":\"https:\/\/socialdesignmagazine.com\/mag\/#organization\"},\"image\":{\"@id\":\"https:\/\/socialdesignmagazine.com\/mag\/design\/anteprima-salone-del-mobile-2011-libera-a-snake-pianca-reinterpreta-la-cabina-armadio\/#primaryimage\"},\"thumbnailUrl\":\"https:\/\/socialdesignmagazine.com\/mag\/wp-content\/uploads\/2011\/03\/benedetto_libera_e_snake_LIBERA_cabina_armadio_PIANCA_1.jpg\",\"keywords\":[\"pianca\",\"salone del mobile 2011 milano\",\"snake\"],\"articleSection\":[\"Design\"],\"inLanguage\":\"it-IT\",\"potentialAction\":[{\"@type\":\"CommentAction\",\"name\":\"Comment\",\"target\":[\"https:\/\/socialdesignmagazine.com\/mag\/design\/anteprima-salone-del-mobile-2011-libera-a-snake-pianca-reinterpreta-la-cabina-armadio\/#respond\"]}]},{\"@type\":\"WebPage\",\"@id\":\"https:\/\/socialdesignmagazine.com\/mag\/design\/anteprima-salone-del-mobile-2011-libera-a-snake-pianca-reinterpreta-la-cabina-armadio\/\",\"url\":\"https:\/\/socialdesignmagazine.com\/mag\/design\/anteprima-salone-del-mobile-2011-libera-a-snake-pianca-reinterpreta-la-cabina-armadio\/\",\"name\":\"anteprima Salone del Mobile 2011, Libera & Snake, Pianca reinterpreta la Cabina Armadio - Social Design Magazine\",\"isPartOf\":{\"@id\":\"https:\/\/socialdesignmagazine.com\/mag\/#website\"},\"primaryImageOfPage\":{\"@id\":\"https:\/\/socialdesignmagazine.com\/mag\/design\/anteprima-salone-del-mobile-2011-libera-a-snake-pianca-reinterpreta-la-cabina-armadio\/#primaryimage\"},\"image\":{\"@id\":\"https:\/\/socialdesignmagazine.com\/mag\/design\/anteprima-salone-del-mobile-2011-libera-a-snake-pianca-reinterpreta-la-cabina-armadio\/#primaryimage\"},\"thumbnailUrl\":\"https:\/\/socialdesignmagazine.com\/mag\/wp-content\/uploads\/2011\/03\/benedetto_libera_e_snake_LIBERA_cabina_armadio_PIANCA_1.jpg\",\"datePublished\":\"2011-03-16T11:48:26+00:00\",\"dateModified\":\"2023-10-09T20:41:13+00:00\",\"description\":\"Un modo nuovo di intendere la cabina armadio, una creativit\u00e0 che corre lungo fianchi, mensole e tubi al centimetro per creare spazi e forme giocose ma sempre funzionali.\",\"breadcrumb\":{\"@id\":\"https:\/\/socialdesignmagazine.com\/mag\/design\/anteprima-salone-del-mobile-2011-libera-a-snake-pianca-reinterpreta-la-cabina-armadio\/#breadcrumb\"},\"inLanguage\":\"it-IT\",\"potentialAction\":[{\"@type\":\"ReadAction\",\"target\":[\"https:\/\/socialdesignmagazine.com\/mag\/design\/anteprima-salone-del-mobile-2011-libera-a-snake-pianca-reinterpreta-la-cabina-armadio\/\"]}]},{\"@type\":\"ImageObject\",\"inLanguage\":\"it-IT\",\"@id\":\"https:\/\/socialdesignmagazine.com\/mag\/design\/anteprima-salone-del-mobile-2011-libera-a-snake-pianca-reinterpreta-la-cabina-armadio\/#primaryimage\",\"url\":\"https:\/\/socialdesignmagazine.com\/mag\/wp-content\/uploads\/2011\/03\/benedetto_libera_e_snake_LIBERA_cabina_armadio_PIANCA_1.jpg\",\"contentUrl\":\"https:\/\/socialdesignmagazine.com\/mag\/wp-content\/uploads\/2011\/03\/benedetto_libera_e_snake_LIBERA_cabina_armadio_PIANCA_1.jpg\",\"width\":720,\"height\":454,\"caption\":\"LIBERA_cabina_armadio_PIANCA_1\"},{\"@type\":\"BreadcrumbList\",\"@id\":\"https:\/\/socialdesignmagazine.com\/mag\/design\/anteprima-salone-del-mobile-2011-libera-a-snake-pianca-reinterpreta-la-cabina-armadio\/#breadcrumb\",\"itemListElement\":[{\"@type\":\"ListItem\",\"position\":1,\"name\":\"Home\",\"item\":\"https:\/\/socialdesignmagazine.com\/mag\/\"},{\"@type\":\"ListItem\",\"position\":2,\"name\":\"Design\",\"item\":\"https:\/\/socialdesignmagazine.com\/mag\/design\/\"},{\"@type\":\"ListItem\",\"position\":3,\"name\":\"anteprima Salone del Mobile 2011, Libera &#038; Snake, Pianca reinterpreta la Cabina Armadio\"}]},{\"@type\":\"WebSite\",\"@id\":\"https:\/\/socialdesignmagazine.com\/mag\/#website\",\"url\":\"https:\/\/socialdesignmagazine.com\/mag\/\",\"name\":\"Social Design Magazine\",\"description\":\"Social Magazine su Design, Architettura, Arte, Grafica\",\"publisher\":{\"@id\":\"https:\/\/socialdesignmagazine.com\/mag\/#organization\"},\"potentialAction\":[{\"@type\":\"SearchAction\",\"target\":{\"@type\":\"EntryPoint\",\"urlTemplate\":\"https:\/\/socialdesignmagazine.com\/mag\/?s={search_term_string}\"},\"query-input\":{\"@type\":\"PropertyValueSpecification\",\"valueRequired\":true,\"valueName\":\"search_term_string\"}}],\"inLanguage\":\"it-IT\"},{\"@type\":\"Organization\",\"@id\":\"https:\/\/socialdesignmagazine.com\/mag\/#organization\",\"name\":\"Social Design Magazine\",\"url\":\"https:\/\/socialdesignmagazine.com\/mag\/\",\"logo\":{\"@type\":\"ImageObject\",\"inLanguage\":\"it-IT\",\"@id\":\"https:\/\/socialdesignmagazine.com\/mag\/#\/schema\/logo\/image\/\",\"url\":\"https:\/\/socialdesignmagazine.com\/mag\/wp-content\/uploads\/2017\/01\/logo_favicon_11.png\",\"contentUrl\":\"https:\/\/socialdesignmagazine.com\/mag\/wp-content\/uploads\/2017\/01\/logo_favicon_11.png\",\"width\":1024,\"height\":1024,\"caption\":\"Social Design Magazine\"},\"image\":{\"@id\":\"https:\/\/socialdesignmagazine.com\/mag\/#\/schema\/logo\/image\/\"},\"sameAs\":[\"https:\/\/www.facebook.com\/socialdesignmag\",\"https:\/\/x.com\/socialdesignmag\",\"http:\/\/instagram.com\/social_design_magazine\/\",\"http:\/\/pinterest.com\/socialdesignmag\/\",\"http:\/\/www.youtube.com\/user\/socialdesignmagazine\"]},{\"@type\":\"Person\",\"@id\":\"https:\/\/socialdesignmagazine.com\/mag\/#\/schema\/person\/61e20205cc363c315e6aabd33a045846\",\"name\":\"Benedetto Fiori\",\"image\":{\"@type\":\"ImageObject\",\"inLanguage\":\"it-IT\",\"@id\":\"https:\/\/secure.gravatar.com\/avatar\/450a48cefa36da63d920ad70aa660bd10725b1c6093800242e5efdb397759033?s=96&d=mm&r=g\",\"url\":\"https:\/\/secure.gravatar.com\/avatar\/450a48cefa36da63d920ad70aa660bd10725b1c6093800242e5efdb397759033?s=96&d=mm&r=g\",\"contentUrl\":\"https:\/\/secure.gravatar.com\/avatar\/450a48cefa36da63d920ad70aa660bd10725b1c6093800242e5efdb397759033?s=96&d=mm&r=g\",\"caption\":\"Benedetto Fiori\"},\"description\":\"Web | Twitter | Facebook | Shutterstock Founder &amp; Editor in Chief di Social Design Magazine. Attratto da sempre da tutto ci\u00f2 che \u00e8 creativit\u00e0, design, architettura. Dopo aver studiato Architettura all'Universit\u00e0 di Firenze, si \u00e8 impegnato in molteplici campi: comunicazione grafica, progettazione di allestimenti fieristici, brand design, Interior Design.\",\"sameAs\":[\"http:\/\/benedettofiori.com\",\"https:\/\/www.facebook.com\/benedettofiori\",\"https:\/\/x.com\/benedettofiori\"],\"url\":\"https:\/\/socialdesignmagazine.com\/mag\/author\/benedetto\/\"}]}<\/script>\n<!-- \/ Yoast SEO plugin. -->","yoast_head_json":{"title":"anteprima Salone del Mobile 2011, Libera & Snake, Pianca reinterpreta la Cabina Armadio - Social Design Magazine","description":"Un modo nuovo di intendere la cabina armadio, una creativit\u00e0 che corre lungo fianchi, mensole e tubi al centimetro per creare spazi e forme giocose ma sempre funzionali.","robots":{"index":"index","follow":"follow","max-snippet":"max-snippet:-1","max-image-preview":"max-image-preview:large","max-video-preview":"max-video-preview:-1"},"canonical":"https:\/\/socialdesignmagazine.com\/mag\/design\/anteprima-salone-del-mobile-2011-libera-a-snake-pianca-reinterpreta-la-cabina-armadio\/","og_locale":"it_IT","og_type":"article","og_title":"anteprima Salone del Mobile 2011, Libera & Snake, Pianca reinterpreta la Cabina Armadio - Social Design Magazine","og_description":"Un modo nuovo di intendere la cabina armadio, una creativit\u00e0 che corre lungo fianchi, mensole e tubi al centimetro per creare spazi e forme giocose ma sempre funzionali.","og_url":"http:\/\/socialdesignmagazine.com\/mag\/design\/anteprima-salone-del-mobile-2011-libera-a-snake-pianca-reinterpreta-la-cabina-armadio\/","og_site_name":"Social Design Magazine","article_publisher":"https:\/\/www.facebook.com\/socialdesignmag","article_author":"https:\/\/www.facebook.com\/benedettofiori","article_published_time":"2011-03-16T11:48:26+00:00","article_modified_time":"2023-10-09T20:41:13+00:00","og_image":[{"width":720,"height":454,"url":"https:\/\/socialdesignmagazine.com\/mag\/wp-content\/uploads\/2011\/03\/benedetto_libera_e_snake_LIBERA_cabina_armadio_PIANCA_1.jpg","type":"image\/jpeg"}],"author":"Benedetto Fiori","twitter_card":"summary_large_image","twitter_creator":"@benedettofiori","twitter_site":"@socialdesignmag","twitter_misc":{"Scritto da":"Benedetto Fiori","Tempo di lettura stimato":"2 minuti"},"schema":{"@context":"https:\/\/schema.org","@graph":[{"@type":"Article","@id":"https:\/\/socialdesignmagazine.com\/mag\/design\/anteprima-salone-del-mobile-2011-libera-a-snake-pianca-reinterpreta-la-cabina-armadio\/#article","isPartOf":{"@id":"https:\/\/socialdesignmagazine.com\/mag\/design\/anteprima-salone-del-mobile-2011-libera-a-snake-pianca-reinterpreta-la-cabina-armadio\/"},"author":{"name":"Benedetto Fiori","@id":"https:\/\/socialdesignmagazine.com\/mag\/#\/schema\/person\/61e20205cc363c315e6aabd33a045846"},"headline":"anteprima Salone del Mobile 2011, Libera &#038; Snake, Pianca reinterpreta la Cabina Armadio","datePublished":"2011-03-16T11:48:26+00:00","dateModified":"2023-10-09T20:41:13+00:00","mainEntityOfPage":{"@id":"https:\/\/socialdesignmagazine.com\/mag\/design\/anteprima-salone-del-mobile-2011-libera-a-snake-pianca-reinterpreta-la-cabina-armadio\/"},"wordCount":158,"commentCount":0,"publisher":{"@id":"https:\/\/socialdesignmagazine.com\/mag\/#organization"},"image":{"@id":"https:\/\/socialdesignmagazine.com\/mag\/design\/anteprima-salone-del-mobile-2011-libera-a-snake-pianca-reinterpreta-la-cabina-armadio\/#primaryimage"},"thumbnailUrl":"https:\/\/socialdesignmagazine.com\/mag\/wp-content\/uploads\/2011\/03\/benedetto_libera_e_snake_LIBERA_cabina_armadio_PIANCA_1.jpg","keywords":["pianca","salone del mobile 2011 milano","snake"],"articleSection":["Design"],"inLanguage":"it-IT","potentialAction":[{"@type":"CommentAction","name":"Comment","target":["https:\/\/socialdesignmagazine.com\/mag\/design\/anteprima-salone-del-mobile-2011-libera-a-snake-pianca-reinterpreta-la-cabina-armadio\/#respond"]}]},{"@type":"WebPage","@id":"https:\/\/socialdesignmagazine.com\/mag\/design\/anteprima-salone-del-mobile-2011-libera-a-snake-pianca-reinterpreta-la-cabina-armadio\/","url":"https:\/\/socialdesignmagazine.com\/mag\/design\/anteprima-salone-del-mobile-2011-libera-a-snake-pianca-reinterpreta-la-cabina-armadio\/","name":"anteprima Salone del Mobile 2011, Libera & Snake, Pianca reinterpreta la Cabina Armadio - Social Design Magazine","isPartOf":{"@id":"https:\/\/socialdesignmagazine.com\/mag\/#website"},"primaryImageOfPage":{"@id":"https:\/\/socialdesignmagazine.com\/mag\/design\/anteprima-salone-del-mobile-2011-libera-a-snake-pianca-reinterpreta-la-cabina-armadio\/#primaryimage"},"image":{"@id":"https:\/\/socialdesignmagazine.com\/mag\/design\/anteprima-salone-del-mobile-2011-libera-a-snake-pianca-reinterpreta-la-cabina-armadio\/#primaryimage"},"thumbnailUrl":"https:\/\/socialdesignmagazine.com\/mag\/wp-content\/uploads\/2011\/03\/benedetto_libera_e_snake_LIBERA_cabina_armadio_PIANCA_1.jpg","datePublished":"2011-03-16T11:48:26+00:00","dateModified":"2023-10-09T20:41:13+00:00","description":"Un modo nuovo di intendere la cabina armadio, una creativit\u00e0 che corre lungo fianchi, mensole e tubi al centimetro per creare spazi e forme giocose ma sempre funzionali.","breadcrumb":{"@id":"https:\/\/socialdesignmagazine.com\/mag\/design\/anteprima-salone-del-mobile-2011-libera-a-snake-pianca-reinterpreta-la-cabina-armadio\/#breadcrumb"},"inLanguage":"it-IT","potentialAction":[{"@type":"ReadAction","target":["https:\/\/socialdesignmagazine.com\/mag\/design\/anteprima-salone-del-mobile-2011-libera-a-snake-pianca-reinterpreta-la-cabina-armadio\/"]}]},{"@type":"ImageObject","inLanguage":"it-IT","@id":"https:\/\/socialdesignmagazine.com\/mag\/design\/anteprima-salone-del-mobile-2011-libera-a-snake-pianca-reinterpreta-la-cabina-armadio\/#primaryimage","url":"https:\/\/socialdesignmagazine.com\/mag\/wp-content\/uploads\/2011\/03\/benedetto_libera_e_snake_LIBERA_cabina_armadio_PIANCA_1.jpg","contentUrl":"https:\/\/socialdesignmagazine.com\/mag\/wp-content\/uploads\/2011\/03\/benedetto_libera_e_snake_LIBERA_cabina_armadio_PIANCA_1.jpg","width":720,"height":454,"caption":"LIBERA_cabina_armadio_PIANCA_1"},{"@type":"BreadcrumbList","@id":"https:\/\/socialdesignmagazine.com\/mag\/design\/anteprima-salone-del-mobile-2011-libera-a-snake-pianca-reinterpreta-la-cabina-armadio\/#breadcrumb","itemListElement":[{"@type":"ListItem","position":1,"name":"Home","item":"https:\/\/socialdesignmagazine.com\/mag\/"},{"@type":"ListItem","position":2,"name":"Design","item":"https:\/\/socialdesignmagazine.com\/mag\/design\/"},{"@type":"ListItem","position":3,"name":"anteprima Salone del Mobile 2011, Libera &#038; Snake, Pianca reinterpreta la Cabina Armadio"}]},{"@type":"WebSite","@id":"https:\/\/socialdesignmagazine.com\/mag\/#website","url":"https:\/\/socialdesignmagazine.com\/mag\/","name":"Social Design Magazine","description":"Social Magazine su Design, Architettura, Arte, Grafica","publisher":{"@id":"https:\/\/socialdesignmagazine.com\/mag\/#organization"},"potentialAction":[{"@type":"SearchAction","target":{"@type":"EntryPoint","urlTemplate":"https:\/\/socialdesignmagazine.com\/mag\/?s={search_term_string}"},"query-input":{"@type":"PropertyValueSpecification","valueRequired":true,"valueName":"search_term_string"}}],"inLanguage":"it-IT"},{"@type":"Organization","@id":"https:\/\/socialdesignmagazine.com\/mag\/#organization","name":"Social Design Magazine","url":"https:\/\/socialdesignmagazine.com\/mag\/","logo":{"@type":"ImageObject","inLanguage":"it-IT","@id":"https:\/\/socialdesignmagazine.com\/mag\/#\/schema\/logo\/image\/","url":"https:\/\/socialdesignmagazine.com\/mag\/wp-content\/uploads\/2017\/01\/logo_favicon_11.png","contentUrl":"https:\/\/socialdesignmagazine.com\/mag\/wp-content\/uploads\/2017\/01\/logo_favicon_11.png","width":1024,"height":1024,"caption":"Social Design Magazine"},"image":{"@id":"https:\/\/socialdesignmagazine.com\/mag\/#\/schema\/logo\/image\/"},"sameAs":["https:\/\/www.facebook.com\/socialdesignmag","https:\/\/x.com\/socialdesignmag","http:\/\/instagram.com\/social_design_magazine\/","http:\/\/pinterest.com\/socialdesignmag\/","http:\/\/www.youtube.com\/user\/socialdesignmagazine"]},{"@type":"Person","@id":"https:\/\/socialdesignmagazine.com\/mag\/#\/schema\/person\/61e20205cc363c315e6aabd33a045846","name":"Benedetto Fiori","image":{"@type":"ImageObject","inLanguage":"it-IT","@id":"https:\/\/secure.gravatar.com\/avatar\/450a48cefa36da63d920ad70aa660bd10725b1c6093800242e5efdb397759033?s=96&d=mm&r=g","url":"https:\/\/secure.gravatar.com\/avatar\/450a48cefa36da63d920ad70aa660bd10725b1c6093800242e5efdb397759033?s=96&d=mm&r=g","contentUrl":"https:\/\/secure.gravatar.com\/avatar\/450a48cefa36da63d920ad70aa660bd10725b1c6093800242e5efdb397759033?s=96&d=mm&r=g","caption":"Benedetto Fiori"},"description":"Web | Twitter | Facebook | Shutterstock Founder &amp; Editor in Chief di Social Design Magazine. Attratto da sempre da tutto ci\u00f2 che \u00e8 creativit\u00e0, design, architettura. Dopo aver studiato Architettura all'Universit\u00e0 di Firenze, si \u00e8 impegnato in molteplici campi: comunicazione grafica, progettazione di allestimenti fieristici, brand design, Interior Design.","sameAs":["http:\/\/benedettofiori.com","https:\/\/www.facebook.com\/benedettofiori","https:\/\/x.com\/benedettofiori"],"url":"https:\/\/socialdesignmagazine.com\/mag\/author\/benedetto\/"}]}},"jetpack_featured_media_url":"https:\/\/socialdesignmagazine.com\/mag\/wp-content\/uploads\/2011\/03\/benedetto_libera_e_snake_LIBERA_cabina_armadio_PIANCA_1.jpg","jetpack_sharing_enabled":true,"jetpack_shortlink":"https:\/\/wp.me\/p6cV7V-3o","gt_translate_keys":[{"key":"link","format":"url"}],"_links":{"self":[{"href":"https:\/\/socialdesignmagazine.com\/mag\/wp-json\/wp\/v2\/posts\/210","targetHints":{"allow":["GET"]}}],"collection":[{"href":"https:\/\/socialdesignmagazine.com\/mag\/wp-json\/wp\/v2\/posts"}],"about":[{"href":"https:\/\/socialdesignmagazine.com\/mag\/wp-json\/wp\/v2\/types\/post"}],"author":[{"embeddable":true,"href":"https:\/\/socialdesignmagazine.com\/mag\/wp-json\/wp\/v2\/users\/1"}],"replies":[{"embeddable":true,"href":"https:\/\/socialdesignmagazine.com\/mag\/wp-json\/wp\/v2\/comments?post=210"}],"version-history":[{"count":1,"href":"https:\/\/socialdesignmagazine.com\/mag\/wp-json\/wp\/v2\/posts\/210\/revisions"}],"predecessor-version":[{"id":57348,"href":"https:\/\/socialdesignmagazine.com\/mag\/wp-json\/wp\/v2\/posts\/210\/revisions\/57348"}],"wp:featuredmedia":[{"embeddable":true,"href":"https:\/\/socialdesignmagazine.com\/mag\/wp-json\/wp\/v2\/media\/5031"}],"wp:attachment":[{"href":"https:\/\/socialdesignmagazine.com\/mag\/wp-json\/wp\/v2\/media?parent=210"}],"wp:term":[{"taxonomy":"category","embeddable":true,"href":"https:\/\/socialdesignmagazine.com\/mag\/wp-json\/wp\/v2\/categories?post=210"},{"taxonomy":"post_tag","embeddable":true,"href":"https:\/\/socialdesignmagazine.com\/mag\/wp-json\/wp\/v2\/tags?post=210"}],"curies":[{"name":"wp","href":"https:\/\/api.w.org\/{rel}","templated":true}]}}