{"id":2124,"date":"2013-04-27T08:15:04","date_gmt":"2013-04-27T06:15:04","guid":{"rendered":"https:\/\/socialdesignmagazine.com\/mag\/s9-green\/c37-green\/rassegna-fotografica-di-ortofabbrica-il-successo-della-bellezza-sostenibile-al-fuorisalone-2013\/"},"modified":"2024-06-02T23:04:43","modified_gmt":"2024-06-02T21:04:43","slug":"rassegna-fotografica-di-ortofabbrica-il-successo-della-bellezza-sostenibile-al-fuorisalone-2013","status":"publish","type":"post","link":"https:\/\/socialdesignmagazine.com\/mag\/green\/rassegna-fotografica-di-ortofabbrica-il-successo-della-bellezza-sostenibile-al-fuorisalone-2013\/","title":{"rendered":"Rassegna fotografica di Ortofabbrica, il successo della bellezza sostenibile al Fuorisalone 2013","gt_translate_keys":[{"key":"rendered","format":"text"}]},"content":{"rendered":"\n<p>Ha riscosso un grande successo l\u2019allestimento di <strong>Ortofabbrica<\/strong> al <a href=\"https:\/\/socialdesignmagazine.com\/mag\/tag\/fuorisalone-2013\/\">Fuorisalone 2013<\/a>, ha coinvolto un consorzio di creativi, progettisti, artigiani e imprese uniti da un\u2019unica visione: l\u2019eco-sostenibilit\u00e0.<\/p>\n\n\n\n<p>Il concept si \u00e8 sviluppato attorno ai temi del<span class=\"Apple-converted-space\">\u00a0<\/span>recupero di spazi, (la location, un parcheggio anonimo, anzitutto, trasformato per l\u2019occasione in un giardino magico), di materiali<span class=\"Apple-converted-space\">\u00a0<\/span>(scarti industriali, pellicole cinematografiche, strutture e residui industriali, cemento, pietra, canapa, legni di montagna), di<span class=\"Apple-converted-space\">\u00a0<\/span>prodotti\u00a0(collezioni\u00a0vintage\u00a0di oggetti domestici, di abiti griffati), di\u00a0antichi mestieri\u00a0(come la lavorazione artigianale del feltro, in collaborazione con l\u2019Accademia delle Belle Arti di Bologna, e quella del lino), di\u00a0risparmio energetico\u00a0(con prodotti a energia solare, illuminazioni ad altissima performance illuminotecnica e a bassissimo consumo), di\u00a0architetture naturali\u00a0(come le linee d\u2019arredo vegetali, i gioielli con l\u2019erba incastonata, il verde verticale), di\u00a0bio-cosmetica\u00a0(con le linee di prodotti naturali),\u00a0cucina naturale\u00a0e\u00a0spazi verdi\u00a0(biopiscina, palude, rampicanti e canneti).<\/p>\n\n\n\n<p>Ne \u00e8 nato un laboratorio di novit\u00e0 e innovazione che affonda le proprie radici in un fertile passato, dimostrando che il futuro della<span class=\"Apple-converted-space\">\u00a0<\/span>progettazione<span class=\"Apple-converted-space\">\u00a0<\/span>passa attraverso la ricerca di una bellezza<span class=\"Apple-converted-space\">\u00a0<\/span>sostenibile, di cui tutti siamo responsabili.<\/p>\n\n\n<div class=\"wp-block-image\">\n<figure class=\"aligncenter size-large\"><img loading=\"lazy\" decoding=\"async\" width=\"720\" height=\"540\" data-attachment-id=\"12459\" data-permalink=\"https:\/\/socialdesignmagazine.com\/mag\/green\/rassegna-fotografica-di-ortofabbrica-il-successo-della-bellezza-sostenibile-al-fuorisalone-2013\/attachment\/ortofabbrica-fuorisalone-2013-01\/#content\" data-orig-file=\"https:\/\/socialdesignmagazine.com\/mag\/wp-content\/uploads\/2013\/04\/benedetto_ortofabbrica_foto_ortofabbrica_fuorisalone_2013-01.jpg\" data-orig-size=\"720,540\" data-comments-opened=\"1\" data-image-meta=\"{&quot;aperture&quot;:&quot;0&quot;,&quot;credit&quot;:&quot;&quot;,&quot;camera&quot;:&quot;&quot;,&quot;caption&quot;:&quot;&quot;,&quot;created_timestamp&quot;:&quot;0&quot;,&quot;copyright&quot;:&quot;&quot;,&quot;focal_length&quot;:&quot;0&quot;,&quot;iso&quot;:&quot;0&quot;,&quot;shutter_speed&quot;:&quot;0&quot;,&quot;title&quot;:&quot;&quot;,&quot;orientation&quot;:&quot;0&quot;}\" data-image-title=\"ortofabbrica fuorisalone 2013-01\" data-image-description=\"\" data-image-caption=\"\" data-medium-file=\"https:\/\/socialdesignmagazine.com\/mag\/wp-content\/uploads\/2013\/04\/benedetto_ortofabbrica_foto_ortofabbrica_fuorisalone_2013-01-396x256.jpg\" data-large-file=\"https:\/\/socialdesignmagazine.com\/mag\/wp-content\/uploads\/2013\/04\/benedetto_ortofabbrica_foto_ortofabbrica_fuorisalone_2013-01.jpg\" src=\"https:\/\/socialdesignmagazine.com\/mag\/wp-content\/uploads\/2013\/04\/benedetto_ortofabbrica_foto_ortofabbrica_fuorisalone_2013-01.jpg\" alt=\"ortofabbrica fuorisalone 2013-01\" class=\"wp-image-12459\"\/><figcaption class=\"wp-element-caption\">Germogli urbani: anello con muschio incastonato.<\/figcaption><\/figure>\n<\/div>\n\n<div class=\"wp-block-image\">\n<figure class=\"aligncenter size-large\"><img loading=\"lazy\" decoding=\"async\" width=\"720\" height=\"480\" data-attachment-id=\"12460\" data-permalink=\"https:\/\/socialdesignmagazine.com\/mag\/green\/rassegna-fotografica-di-ortofabbrica-il-successo-della-bellezza-sostenibile-al-fuorisalone-2013\/attachment\/ortofabbrica-fuorisalone-2013-02\/#content\" data-orig-file=\"https:\/\/socialdesignmagazine.com\/mag\/wp-content\/uploads\/2013\/04\/benedetto_ortofabbrica_foto_ortofabbrica_fuorisalone_2013-02.JPG\" data-orig-size=\"720,480\" data-comments-opened=\"1\" data-image-meta=\"{&quot;aperture&quot;:&quot;0&quot;,&quot;credit&quot;:&quot;&quot;,&quot;camera&quot;:&quot;&quot;,&quot;caption&quot;:&quot;&quot;,&quot;created_timestamp&quot;:&quot;0&quot;,&quot;copyright&quot;:&quot;&quot;,&quot;focal_length&quot;:&quot;0&quot;,&quot;iso&quot;:&quot;0&quot;,&quot;shutter_speed&quot;:&quot;0&quot;,&quot;title&quot;:&quot;&quot;,&quot;orientation&quot;:&quot;0&quot;}\" data-image-title=\"ortofabbrica fuorisalone 2013-02\" data-image-description=\"\" data-image-caption=\"\" data-medium-file=\"https:\/\/socialdesignmagazine.com\/mag\/wp-content\/uploads\/2013\/04\/benedetto_ortofabbrica_foto_ortofabbrica_fuorisalone_2013-02-396x256.jpg\" data-large-file=\"https:\/\/socialdesignmagazine.com\/mag\/wp-content\/uploads\/2013\/04\/benedetto_ortofabbrica_foto_ortofabbrica_fuorisalone_2013-02.JPG\" src=\"https:\/\/socialdesignmagazine.com\/mag\/wp-content\/uploads\/2013\/04\/benedetto_ortofabbrica_foto_ortofabbrica_fuorisalone_2013-02.JPG\" alt=\"ortofabbrica fuorisalone 2013-02\" class=\"wp-image-12460\" srcset=\"https:\/\/socialdesignmagazine.com\/mag\/wp-content\/uploads\/2013\/04\/benedetto_ortofabbrica_foto_ortofabbrica_fuorisalone_2013-02.JPG 720w, https:\/\/socialdesignmagazine.com\/mag\/wp-content\/uploads\/2013\/04\/benedetto_ortofabbrica_foto_ortofabbrica_fuorisalone_2013-02-100x66.jpg 100w\" sizes=\"auto, (max-width: 720px) 100vw, 720px\" \/><figcaption class=\"wp-element-caption\">Superluci a basso consumo.<\/figcaption><\/figure>\n<\/div>\n\n<div class=\"wp-block-image\">\n<figure class=\"aligncenter size-large\"><img loading=\"lazy\" decoding=\"async\" width=\"720\" height=\"480\" data-attachment-id=\"12461\" data-permalink=\"https:\/\/socialdesignmagazine.com\/mag\/green\/rassegna-fotografica-di-ortofabbrica-il-successo-della-bellezza-sostenibile-al-fuorisalone-2013\/attachment\/ortofabbrica-fuorisalone-2013-03\/#content\" data-orig-file=\"https:\/\/socialdesignmagazine.com\/mag\/wp-content\/uploads\/2013\/04\/benedetto_ortofabbrica_foto_ortofabbrica_fuorisalone_2013-03.JPG\" data-orig-size=\"720,480\" data-comments-opened=\"1\" data-image-meta=\"{&quot;aperture&quot;:&quot;0&quot;,&quot;credit&quot;:&quot;&quot;,&quot;camera&quot;:&quot;&quot;,&quot;caption&quot;:&quot;&quot;,&quot;created_timestamp&quot;:&quot;0&quot;,&quot;copyright&quot;:&quot;&quot;,&quot;focal_length&quot;:&quot;0&quot;,&quot;iso&quot;:&quot;0&quot;,&quot;shutter_speed&quot;:&quot;0&quot;,&quot;title&quot;:&quot;&quot;,&quot;orientation&quot;:&quot;0&quot;}\" data-image-title=\"ortofabbrica fuorisalone 2013-03\" data-image-description=\"\" data-image-caption=\"\" data-medium-file=\"https:\/\/socialdesignmagazine.com\/mag\/wp-content\/uploads\/2013\/04\/benedetto_ortofabbrica_foto_ortofabbrica_fuorisalone_2013-03-396x256.jpg\" data-large-file=\"https:\/\/socialdesignmagazine.com\/mag\/wp-content\/uploads\/2013\/04\/benedetto_ortofabbrica_foto_ortofabbrica_fuorisalone_2013-03.JPG\" src=\"https:\/\/socialdesignmagazine.com\/mag\/wp-content\/uploads\/2013\/04\/benedetto_ortofabbrica_foto_ortofabbrica_fuorisalone_2013-03.JPG\" alt=\"ortofabbrica fuorisalone 2013-03\" class=\"wp-image-12461\" srcset=\"https:\/\/socialdesignmagazine.com\/mag\/wp-content\/uploads\/2013\/04\/benedetto_ortofabbrica_foto_ortofabbrica_fuorisalone_2013-03.JPG 720w, https:\/\/socialdesignmagazine.com\/mag\/wp-content\/uploads\/2013\/04\/benedetto_ortofabbrica_foto_ortofabbrica_fuorisalone_2013-03-100x66.jpg 100w\" sizes=\"auto, (max-width: 720px) 100vw, 720px\" \/><figcaption class=\"wp-element-caption\">Ortovasi, per il verde verticale.<\/figcaption><\/figure>\n<\/div>\n\n<div class=\"wp-block-image\">\n<figure class=\"aligncenter size-large\"><img loading=\"lazy\" decoding=\"async\" width=\"720\" height=\"480\" data-attachment-id=\"12462\" data-permalink=\"https:\/\/socialdesignmagazine.com\/mag\/green\/rassegna-fotografica-di-ortofabbrica-il-successo-della-bellezza-sostenibile-al-fuorisalone-2013\/attachment\/ortofabbrica-fuorisalone-2013-04\/#content\" data-orig-file=\"https:\/\/socialdesignmagazine.com\/mag\/wp-content\/uploads\/2013\/04\/benedetto_ortofabbrica_foto_ortofabbrica_fuorisalone_2013-04.JPG\" data-orig-size=\"720,480\" data-comments-opened=\"1\" data-image-meta=\"{&quot;aperture&quot;:&quot;0&quot;,&quot;credit&quot;:&quot;&quot;,&quot;camera&quot;:&quot;&quot;,&quot;caption&quot;:&quot;&quot;,&quot;created_timestamp&quot;:&quot;0&quot;,&quot;copyright&quot;:&quot;&quot;,&quot;focal_length&quot;:&quot;0&quot;,&quot;iso&quot;:&quot;0&quot;,&quot;shutter_speed&quot;:&quot;0&quot;,&quot;title&quot;:&quot;&quot;,&quot;orientation&quot;:&quot;0&quot;}\" data-image-title=\"ortofabbrica fuorisalone 2013-04\" data-image-description=\"\" data-image-caption=\"\" data-medium-file=\"https:\/\/socialdesignmagazine.com\/mag\/wp-content\/uploads\/2013\/04\/benedetto_ortofabbrica_foto_ortofabbrica_fuorisalone_2013-04-396x256.jpg\" data-large-file=\"https:\/\/socialdesignmagazine.com\/mag\/wp-content\/uploads\/2013\/04\/benedetto_ortofabbrica_foto_ortofabbrica_fuorisalone_2013-04.JPG\" src=\"https:\/\/socialdesignmagazine.com\/mag\/wp-content\/uploads\/2013\/04\/benedetto_ortofabbrica_foto_ortofabbrica_fuorisalone_2013-04.JPG\" alt=\"ortofabbrica fuorisalone 2013-04\" class=\"wp-image-12462\" srcset=\"https:\/\/socialdesignmagazine.com\/mag\/wp-content\/uploads\/2013\/04\/benedetto_ortofabbrica_foto_ortofabbrica_fuorisalone_2013-04.JPG 720w, https:\/\/socialdesignmagazine.com\/mag\/wp-content\/uploads\/2013\/04\/benedetto_ortofabbrica_foto_ortofabbrica_fuorisalone_2013-04-100x66.jpg 100w\" sizes=\"auto, (max-width: 720px) 100vw, 720px\" \/><figcaption class=\"wp-element-caption\">Ortovasi, per il verde verticale.<\/figcaption><\/figure>\n<\/div>\n\n<div class=\"wp-block-image\">\n<figure class=\"aligncenter size-large\"><img loading=\"lazy\" decoding=\"async\" width=\"720\" height=\"480\" data-attachment-id=\"12463\" data-permalink=\"https:\/\/socialdesignmagazine.com\/mag\/green\/rassegna-fotografica-di-ortofabbrica-il-successo-della-bellezza-sostenibile-al-fuorisalone-2013\/attachment\/ortofabbrica-fuorisalone-2013-05\/#content\" data-orig-file=\"https:\/\/socialdesignmagazine.com\/mag\/wp-content\/uploads\/2013\/04\/benedetto_ortofabbrica_foto_ortofabbrica_fuorisalone_2013-05.JPG\" data-orig-size=\"720,480\" data-comments-opened=\"1\" data-image-meta=\"{&quot;aperture&quot;:&quot;0&quot;,&quot;credit&quot;:&quot;&quot;,&quot;camera&quot;:&quot;&quot;,&quot;caption&quot;:&quot;&quot;,&quot;created_timestamp&quot;:&quot;0&quot;,&quot;copyright&quot;:&quot;&quot;,&quot;focal_length&quot;:&quot;0&quot;,&quot;iso&quot;:&quot;0&quot;,&quot;shutter_speed&quot;:&quot;0&quot;,&quot;title&quot;:&quot;&quot;,&quot;orientation&quot;:&quot;0&quot;}\" data-image-title=\"ortofabbrica fuorisalone 2013-05\" data-image-description=\"\" data-image-caption=\"\" data-medium-file=\"https:\/\/socialdesignmagazine.com\/mag\/wp-content\/uploads\/2013\/04\/benedetto_ortofabbrica_foto_ortofabbrica_fuorisalone_2013-05-396x256.jpg\" data-large-file=\"https:\/\/socialdesignmagazine.com\/mag\/wp-content\/uploads\/2013\/04\/benedetto_ortofabbrica_foto_ortofabbrica_fuorisalone_2013-05.JPG\" src=\"https:\/\/socialdesignmagazine.com\/mag\/wp-content\/uploads\/2013\/04\/benedetto_ortofabbrica_foto_ortofabbrica_fuorisalone_2013-05.JPG\" alt=\"ortofabbrica fuorisalone 2013-05\" class=\"wp-image-12463\" srcset=\"https:\/\/socialdesignmagazine.com\/mag\/wp-content\/uploads\/2013\/04\/benedetto_ortofabbrica_foto_ortofabbrica_fuorisalone_2013-05.JPG 720w, https:\/\/socialdesignmagazine.com\/mag\/wp-content\/uploads\/2013\/04\/benedetto_ortofabbrica_foto_ortofabbrica_fuorisalone_2013-05-100x66.jpg 100w\" sizes=\"auto, (max-width: 720px) 100vw, 720px\" \/><figcaption class=\"wp-element-caption\">Lucidro: luci da tubi idraulici.<\/figcaption><\/figure>\n<\/div>\n\n<div class=\"wp-block-image\">\n<figure class=\"aligncenter size-large\"><img loading=\"lazy\" decoding=\"async\" width=\"720\" height=\"480\" data-attachment-id=\"12464\" data-permalink=\"https:\/\/socialdesignmagazine.com\/mag\/green\/rassegna-fotografica-di-ortofabbrica-il-successo-della-bellezza-sostenibile-al-fuorisalone-2013\/attachment\/ortofabbrica-fuorisalone-2013-06\/#content\" data-orig-file=\"https:\/\/socialdesignmagazine.com\/mag\/wp-content\/uploads\/2013\/04\/benedetto_ortofabbrica_foto_ortofabbrica_fuorisalone_2013-06.JPG\" data-orig-size=\"720,480\" data-comments-opened=\"1\" data-image-meta=\"{&quot;aperture&quot;:&quot;0&quot;,&quot;credit&quot;:&quot;&quot;,&quot;camera&quot;:&quot;&quot;,&quot;caption&quot;:&quot;&quot;,&quot;created_timestamp&quot;:&quot;0&quot;,&quot;copyright&quot;:&quot;&quot;,&quot;focal_length&quot;:&quot;0&quot;,&quot;iso&quot;:&quot;0&quot;,&quot;shutter_speed&quot;:&quot;0&quot;,&quot;title&quot;:&quot;&quot;,&quot;orientation&quot;:&quot;0&quot;}\" data-image-title=\"ortofabbrica fuorisalone 2013-06\" data-image-description=\"\" data-image-caption=\"\" data-medium-file=\"https:\/\/socialdesignmagazine.com\/mag\/wp-content\/uploads\/2013\/04\/benedetto_ortofabbrica_foto_ortofabbrica_fuorisalone_2013-06-396x256.jpg\" data-large-file=\"https:\/\/socialdesignmagazine.com\/mag\/wp-content\/uploads\/2013\/04\/benedetto_ortofabbrica_foto_ortofabbrica_fuorisalone_2013-06.JPG\" src=\"https:\/\/socialdesignmagazine.com\/mag\/wp-content\/uploads\/2013\/04\/benedetto_ortofabbrica_foto_ortofabbrica_fuorisalone_2013-06.JPG\" alt=\"ortofabbrica fuorisalone 2013-06\" class=\"wp-image-12464\" srcset=\"https:\/\/socialdesignmagazine.com\/mag\/wp-content\/uploads\/2013\/04\/benedetto_ortofabbrica_foto_ortofabbrica_fuorisalone_2013-06.JPG 720w, https:\/\/socialdesignmagazine.com\/mag\/wp-content\/uploads\/2013\/04\/benedetto_ortofabbrica_foto_ortofabbrica_fuorisalone_2013-06-100x66.jpg 100w\" sizes=\"auto, (max-width: 720px) 100vw, 720px\" \/><figcaption class=\"wp-element-caption\">Outdoor kitchen.<\/figcaption><\/figure>\n<\/div>\n\n<div class=\"wp-block-image\">\n<figure class=\"aligncenter size-large\"><img loading=\"lazy\" decoding=\"async\" width=\"720\" height=\"480\" data-attachment-id=\"12465\" data-permalink=\"https:\/\/socialdesignmagazine.com\/mag\/green\/rassegna-fotografica-di-ortofabbrica-il-successo-della-bellezza-sostenibile-al-fuorisalone-2013\/attachment\/ortofabbrica-fuorisalone-2013-07\/#content\" data-orig-file=\"https:\/\/socialdesignmagazine.com\/mag\/wp-content\/uploads\/2013\/04\/benedetto_ortofabbrica_foto_ortofabbrica_fuorisalone_2013-07.JPG\" data-orig-size=\"720,480\" data-comments-opened=\"1\" data-image-meta=\"{&quot;aperture&quot;:&quot;0&quot;,&quot;credit&quot;:&quot;&quot;,&quot;camera&quot;:&quot;&quot;,&quot;caption&quot;:&quot;&quot;,&quot;created_timestamp&quot;:&quot;0&quot;,&quot;copyright&quot;:&quot;&quot;,&quot;focal_length&quot;:&quot;0&quot;,&quot;iso&quot;:&quot;0&quot;,&quot;shutter_speed&quot;:&quot;0&quot;,&quot;title&quot;:&quot;&quot;,&quot;orientation&quot;:&quot;0&quot;}\" data-image-title=\"ortofabbrica fuorisalone 2013-07\" data-image-description=\"\" data-image-caption=\"\" data-medium-file=\"https:\/\/socialdesignmagazine.com\/mag\/wp-content\/uploads\/2013\/04\/benedetto_ortofabbrica_foto_ortofabbrica_fuorisalone_2013-07-396x256.jpg\" data-large-file=\"https:\/\/socialdesignmagazine.com\/mag\/wp-content\/uploads\/2013\/04\/benedetto_ortofabbrica_foto_ortofabbrica_fuorisalone_2013-07.JPG\" src=\"https:\/\/socialdesignmagazine.com\/mag\/wp-content\/uploads\/2013\/04\/benedetto_ortofabbrica_foto_ortofabbrica_fuorisalone_2013-07.JPG\" alt=\"ortofabbrica fuorisalone 2013-07\" class=\"wp-image-12465\" srcset=\"https:\/\/socialdesignmagazine.com\/mag\/wp-content\/uploads\/2013\/04\/benedetto_ortofabbrica_foto_ortofabbrica_fuorisalone_2013-07.JPG 720w, https:\/\/socialdesignmagazine.com\/mag\/wp-content\/uploads\/2013\/04\/benedetto_ortofabbrica_foto_ortofabbrica_fuorisalone_2013-07-100x66.jpg 100w\" sizes=\"auto, (max-width: 720px) 100vw, 720px\" \/><figcaption class=\"wp-element-caption\">Chaise-longue.<\/figcaption><\/figure>\n<\/div>\n\n<div class=\"wp-block-image\">\n<figure class=\"aligncenter size-large\"><img loading=\"lazy\" decoding=\"async\" width=\"720\" height=\"480\" data-attachment-id=\"12466\" data-permalink=\"https:\/\/socialdesignmagazine.com\/mag\/green\/rassegna-fotografica-di-ortofabbrica-il-successo-della-bellezza-sostenibile-al-fuorisalone-2013\/attachment\/ortofabbrica-fuorisalone-2013-08\/#content\" data-orig-file=\"https:\/\/socialdesignmagazine.com\/mag\/wp-content\/uploads\/2013\/04\/benedetto_ortofabbrica_foto_ortofabbrica_fuorisalone_2013-08.JPG\" data-orig-size=\"720,480\" data-comments-opened=\"1\" data-image-meta=\"{&quot;aperture&quot;:&quot;0&quot;,&quot;credit&quot;:&quot;&quot;,&quot;camera&quot;:&quot;&quot;,&quot;caption&quot;:&quot;&quot;,&quot;created_timestamp&quot;:&quot;0&quot;,&quot;copyright&quot;:&quot;&quot;,&quot;focal_length&quot;:&quot;0&quot;,&quot;iso&quot;:&quot;0&quot;,&quot;shutter_speed&quot;:&quot;0&quot;,&quot;title&quot;:&quot;&quot;,&quot;orientation&quot;:&quot;0&quot;}\" data-image-title=\"ortofabbrica fuorisalone 2013-08\" data-image-description=\"\" data-image-caption=\"\" data-medium-file=\"https:\/\/socialdesignmagazine.com\/mag\/wp-content\/uploads\/2013\/04\/benedetto_ortofabbrica_foto_ortofabbrica_fuorisalone_2013-08-396x256.jpg\" data-large-file=\"https:\/\/socialdesignmagazine.com\/mag\/wp-content\/uploads\/2013\/04\/benedetto_ortofabbrica_foto_ortofabbrica_fuorisalone_2013-08.JPG\" src=\"https:\/\/socialdesignmagazine.com\/mag\/wp-content\/uploads\/2013\/04\/benedetto_ortofabbrica_foto_ortofabbrica_fuorisalone_2013-08.JPG\" alt=\"ortofabbrica fuorisalone 2013-08\" class=\"wp-image-12466\" srcset=\"https:\/\/socialdesignmagazine.com\/mag\/wp-content\/uploads\/2013\/04\/benedetto_ortofabbrica_foto_ortofabbrica_fuorisalone_2013-08.JPG 720w, https:\/\/socialdesignmagazine.com\/mag\/wp-content\/uploads\/2013\/04\/benedetto_ortofabbrica_foto_ortofabbrica_fuorisalone_2013-08-100x66.jpg 100w\" sizes=\"auto, (max-width: 720px) 100vw, 720px\" \/><figcaption class=\"wp-element-caption\">Tavoli in grigliato.<br><\/figcaption><\/figure>\n<\/div>\n\n<div class=\"wp-block-image\">\n<figure class=\"aligncenter size-large\"><img loading=\"lazy\" decoding=\"async\" width=\"720\" height=\"480\" data-attachment-id=\"12467\" data-permalink=\"https:\/\/socialdesignmagazine.com\/mag\/green\/rassegna-fotografica-di-ortofabbrica-il-successo-della-bellezza-sostenibile-al-fuorisalone-2013\/attachment\/ortofabbrica-fuorisalone-2013-09\/#content\" data-orig-file=\"https:\/\/socialdesignmagazine.com\/mag\/wp-content\/uploads\/2013\/04\/benedetto_ortofabbrica_foto_ortofabbrica_fuorisalone_2013-09.JPG\" data-orig-size=\"720,480\" data-comments-opened=\"1\" data-image-meta=\"{&quot;aperture&quot;:&quot;0&quot;,&quot;credit&quot;:&quot;&quot;,&quot;camera&quot;:&quot;&quot;,&quot;caption&quot;:&quot;&quot;,&quot;created_timestamp&quot;:&quot;0&quot;,&quot;copyright&quot;:&quot;&quot;,&quot;focal_length&quot;:&quot;0&quot;,&quot;iso&quot;:&quot;0&quot;,&quot;shutter_speed&quot;:&quot;0&quot;,&quot;title&quot;:&quot;&quot;,&quot;orientation&quot;:&quot;0&quot;}\" data-image-title=\"ortofabbrica fuorisalone 2013-09\" data-image-description=\"\" data-image-caption=\"\" data-medium-file=\"https:\/\/socialdesignmagazine.com\/mag\/wp-content\/uploads\/2013\/04\/benedetto_ortofabbrica_foto_ortofabbrica_fuorisalone_2013-09-396x256.jpg\" data-large-file=\"https:\/\/socialdesignmagazine.com\/mag\/wp-content\/uploads\/2013\/04\/benedetto_ortofabbrica_foto_ortofabbrica_fuorisalone_2013-09.JPG\" src=\"https:\/\/socialdesignmagazine.com\/mag\/wp-content\/uploads\/2013\/04\/benedetto_ortofabbrica_foto_ortofabbrica_fuorisalone_2013-09.JPG\" alt=\"ortofabbrica fuorisalone 2013-09\" class=\"wp-image-12467\" srcset=\"https:\/\/socialdesignmagazine.com\/mag\/wp-content\/uploads\/2013\/04\/benedetto_ortofabbrica_foto_ortofabbrica_fuorisalone_2013-09.JPG 720w, https:\/\/socialdesignmagazine.com\/mag\/wp-content\/uploads\/2013\/04\/benedetto_ortofabbrica_foto_ortofabbrica_fuorisalone_2013-09-100x66.jpg 100w\" sizes=\"auto, (max-width: 720px) 100vw, 720px\" \/><figcaption class=\"wp-element-caption\">eco-camminamenti dal riciclo di rifiuti civili e industriali.<\/figcaption><\/figure>\n<\/div>\n\n<div class=\"wp-block-image\">\n<figure class=\"aligncenter size-large\"><img loading=\"lazy\" decoding=\"async\" width=\"720\" height=\"480\" data-attachment-id=\"12468\" data-permalink=\"https:\/\/socialdesignmagazine.com\/mag\/green\/rassegna-fotografica-di-ortofabbrica-il-successo-della-bellezza-sostenibile-al-fuorisalone-2013\/attachment\/ortofabbrica-fuorisalone-2013-10\/#content\" data-orig-file=\"https:\/\/socialdesignmagazine.com\/mag\/wp-content\/uploads\/2013\/04\/benedetto_ortofabbrica_foto_ortofabbrica_fuorisalone_2013-10.JPG\" data-orig-size=\"720,480\" data-comments-opened=\"1\" data-image-meta=\"{&quot;aperture&quot;:&quot;0&quot;,&quot;credit&quot;:&quot;&quot;,&quot;camera&quot;:&quot;&quot;,&quot;caption&quot;:&quot;&quot;,&quot;created_timestamp&quot;:&quot;0&quot;,&quot;copyright&quot;:&quot;&quot;,&quot;focal_length&quot;:&quot;0&quot;,&quot;iso&quot;:&quot;0&quot;,&quot;shutter_speed&quot;:&quot;0&quot;,&quot;title&quot;:&quot;&quot;,&quot;orientation&quot;:&quot;0&quot;}\" data-image-title=\"ortofabbrica fuorisalone 2013-10\" data-image-description=\"\" data-image-caption=\"\" data-medium-file=\"https:\/\/socialdesignmagazine.com\/mag\/wp-content\/uploads\/2013\/04\/benedetto_ortofabbrica_foto_ortofabbrica_fuorisalone_2013-10-396x256.jpg\" data-large-file=\"https:\/\/socialdesignmagazine.com\/mag\/wp-content\/uploads\/2013\/04\/benedetto_ortofabbrica_foto_ortofabbrica_fuorisalone_2013-10.JPG\" src=\"https:\/\/socialdesignmagazine.com\/mag\/wp-content\/uploads\/2013\/04\/benedetto_ortofabbrica_foto_ortofabbrica_fuorisalone_2013-10.JPG\" alt=\"ortofabbrica fuorisalone 2013-10\" class=\"wp-image-12468\" srcset=\"https:\/\/socialdesignmagazine.com\/mag\/wp-content\/uploads\/2013\/04\/benedetto_ortofabbrica_foto_ortofabbrica_fuorisalone_2013-10.JPG 720w, https:\/\/socialdesignmagazine.com\/mag\/wp-content\/uploads\/2013\/04\/benedetto_ortofabbrica_foto_ortofabbrica_fuorisalone_2013-10-100x66.jpg 100w\" sizes=\"auto, (max-width: 720px) 100vw, 720px\" \/><figcaption class=\"wp-element-caption\">Terracotta per le piante.<br><\/figcaption><\/figure>\n<\/div>\n\n<div class=\"wp-block-image\">\n<figure class=\"aligncenter size-large\"><img loading=\"lazy\" decoding=\"async\" width=\"720\" height=\"480\" data-attachment-id=\"12469\" data-permalink=\"https:\/\/socialdesignmagazine.com\/mag\/green\/rassegna-fotografica-di-ortofabbrica-il-successo-della-bellezza-sostenibile-al-fuorisalone-2013\/attachment\/ortofabbrica-fuorisalone-2013-11\/#content\" data-orig-file=\"https:\/\/socialdesignmagazine.com\/mag\/wp-content\/uploads\/2013\/04\/benedetto_ortofabbrica_foto_ortofabbrica_fuorisalone_2013-11.JPG\" data-orig-size=\"720,480\" data-comments-opened=\"1\" data-image-meta=\"{&quot;aperture&quot;:&quot;0&quot;,&quot;credit&quot;:&quot;&quot;,&quot;camera&quot;:&quot;&quot;,&quot;caption&quot;:&quot;&quot;,&quot;created_timestamp&quot;:&quot;0&quot;,&quot;copyright&quot;:&quot;&quot;,&quot;focal_length&quot;:&quot;0&quot;,&quot;iso&quot;:&quot;0&quot;,&quot;shutter_speed&quot;:&quot;0&quot;,&quot;title&quot;:&quot;&quot;,&quot;orientation&quot;:&quot;0&quot;}\" data-image-title=\"ortofabbrica fuorisalone 2013-11\" data-image-description=\"\" data-image-caption=\"\" data-medium-file=\"https:\/\/socialdesignmagazine.com\/mag\/wp-content\/uploads\/2013\/04\/benedetto_ortofabbrica_foto_ortofabbrica_fuorisalone_2013-11-396x256.jpg\" data-large-file=\"https:\/\/socialdesignmagazine.com\/mag\/wp-content\/uploads\/2013\/04\/benedetto_ortofabbrica_foto_ortofabbrica_fuorisalone_2013-11.JPG\" src=\"https:\/\/socialdesignmagazine.com\/mag\/wp-content\/uploads\/2013\/04\/benedetto_ortofabbrica_foto_ortofabbrica_fuorisalone_2013-11.JPG\" alt=\"ortofabbrica fuorisalone 2013-11\" class=\"wp-image-12469\" srcset=\"https:\/\/socialdesignmagazine.com\/mag\/wp-content\/uploads\/2013\/04\/benedetto_ortofabbrica_foto_ortofabbrica_fuorisalone_2013-11.JPG 720w, https:\/\/socialdesignmagazine.com\/mag\/wp-content\/uploads\/2013\/04\/benedetto_ortofabbrica_foto_ortofabbrica_fuorisalone_2013-11-100x66.jpg 100w\" sizes=\"auto, (max-width: 720px) 100vw, 720px\" \/><figcaption class=\"wp-element-caption\">Tavolo e sgabelli di riciclo.<\/figcaption><\/figure>\n<\/div>\n\n<div class=\"wp-block-image\">\n<figure class=\"aligncenter size-large\"><img loading=\"lazy\" decoding=\"async\" width=\"720\" height=\"480\" data-attachment-id=\"12470\" data-permalink=\"https:\/\/socialdesignmagazine.com\/mag\/green\/rassegna-fotografica-di-ortofabbrica-il-successo-della-bellezza-sostenibile-al-fuorisalone-2013\/attachment\/ortofabbrica-fuorisalone-2013-12\/#content\" data-orig-file=\"https:\/\/socialdesignmagazine.com\/mag\/wp-content\/uploads\/2013\/04\/benedetto_ortofabbrica_foto_ortofabbrica_fuorisalone_2013-12.JPG\" data-orig-size=\"720,480\" data-comments-opened=\"1\" data-image-meta=\"{&quot;aperture&quot;:&quot;0&quot;,&quot;credit&quot;:&quot;&quot;,&quot;camera&quot;:&quot;&quot;,&quot;caption&quot;:&quot;&quot;,&quot;created_timestamp&quot;:&quot;0&quot;,&quot;copyright&quot;:&quot;&quot;,&quot;focal_length&quot;:&quot;0&quot;,&quot;iso&quot;:&quot;0&quot;,&quot;shutter_speed&quot;:&quot;0&quot;,&quot;title&quot;:&quot;&quot;,&quot;orientation&quot;:&quot;0&quot;}\" data-image-title=\"ortofabbrica fuorisalone 2013-12\" data-image-description=\"\" data-image-caption=\"\" data-medium-file=\"https:\/\/socialdesignmagazine.com\/mag\/wp-content\/uploads\/2013\/04\/benedetto_ortofabbrica_foto_ortofabbrica_fuorisalone_2013-12-396x256.jpg\" data-large-file=\"https:\/\/socialdesignmagazine.com\/mag\/wp-content\/uploads\/2013\/04\/benedetto_ortofabbrica_foto_ortofabbrica_fuorisalone_2013-12.JPG\" src=\"https:\/\/socialdesignmagazine.com\/mag\/wp-content\/uploads\/2013\/04\/benedetto_ortofabbrica_foto_ortofabbrica_fuorisalone_2013-12.JPG\" alt=\"ortofabbrica fuorisalone 2013-12\" class=\"wp-image-12470\" srcset=\"https:\/\/socialdesignmagazine.com\/mag\/wp-content\/uploads\/2013\/04\/benedetto_ortofabbrica_foto_ortofabbrica_fuorisalone_2013-12.JPG 720w, https:\/\/socialdesignmagazine.com\/mag\/wp-content\/uploads\/2013\/04\/benedetto_ortofabbrica_foto_ortofabbrica_fuorisalone_2013-12-100x66.jpg 100w\" sizes=\"auto, (max-width: 720px) 100vw, 720px\" \/><figcaption class=\"wp-element-caption\">Panca vegetale.<\/figcaption><\/figure>\n<\/div>\n\n<div class=\"wp-block-image\">\n<figure class=\"aligncenter size-large\"><img loading=\"lazy\" decoding=\"async\" width=\"720\" height=\"480\" data-attachment-id=\"12471\" data-permalink=\"https:\/\/socialdesignmagazine.com\/mag\/green\/rassegna-fotografica-di-ortofabbrica-il-successo-della-bellezza-sostenibile-al-fuorisalone-2013\/attachment\/ortofabbrica-fuorisalone-2013-13\/#content\" data-orig-file=\"https:\/\/socialdesignmagazine.com\/mag\/wp-content\/uploads\/2013\/04\/benedetto_ortofabbrica_foto_ortofabbrica_fuorisalone_2013-13.JPG\" data-orig-size=\"720,480\" data-comments-opened=\"1\" data-image-meta=\"{&quot;aperture&quot;:&quot;0&quot;,&quot;credit&quot;:&quot;&quot;,&quot;camera&quot;:&quot;&quot;,&quot;caption&quot;:&quot;&quot;,&quot;created_timestamp&quot;:&quot;0&quot;,&quot;copyright&quot;:&quot;&quot;,&quot;focal_length&quot;:&quot;0&quot;,&quot;iso&quot;:&quot;0&quot;,&quot;shutter_speed&quot;:&quot;0&quot;,&quot;title&quot;:&quot;&quot;,&quot;orientation&quot;:&quot;0&quot;}\" data-image-title=\"ortofabbrica fuorisalone 2013-13\" data-image-description=\"\" data-image-caption=\"\" data-medium-file=\"https:\/\/socialdesignmagazine.com\/mag\/wp-content\/uploads\/2013\/04\/benedetto_ortofabbrica_foto_ortofabbrica_fuorisalone_2013-13-396x256.jpg\" data-large-file=\"https:\/\/socialdesignmagazine.com\/mag\/wp-content\/uploads\/2013\/04\/benedetto_ortofabbrica_foto_ortofabbrica_fuorisalone_2013-13.JPG\" src=\"https:\/\/socialdesignmagazine.com\/mag\/wp-content\/uploads\/2013\/04\/benedetto_ortofabbrica_foto_ortofabbrica_fuorisalone_2013-13.JPG\" alt=\"ortofabbrica fuorisalone 2013-13\" class=\"wp-image-12471\" srcset=\"https:\/\/socialdesignmagazine.com\/mag\/wp-content\/uploads\/2013\/04\/benedetto_ortofabbrica_foto_ortofabbrica_fuorisalone_2013-13.JPG 720w, https:\/\/socialdesignmagazine.com\/mag\/wp-content\/uploads\/2013\/04\/benedetto_ortofabbrica_foto_ortofabbrica_fuorisalone_2013-13-100x66.jpg 100w\" sizes=\"auto, (max-width: 720px) 100vw, 720px\" \/><figcaption class=\"wp-element-caption\">Barbecue in grigliato.<\/figcaption><\/figure>\n<\/div>\n\n<div class=\"wp-block-image\">\n<figure class=\"aligncenter size-large\"><img loading=\"lazy\" decoding=\"async\" width=\"720\" height=\"480\" data-attachment-id=\"12472\" data-permalink=\"https:\/\/socialdesignmagazine.com\/mag\/green\/rassegna-fotografica-di-ortofabbrica-il-successo-della-bellezza-sostenibile-al-fuorisalone-2013\/attachment\/ortofabbrica-fuorisalone-2013-14\/#content\" data-orig-file=\"https:\/\/socialdesignmagazine.com\/mag\/wp-content\/uploads\/2013\/04\/benedetto_ortofabbrica_foto_ortofabbrica_fuorisalone_2013-14.JPG\" data-orig-size=\"720,480\" data-comments-opened=\"1\" data-image-meta=\"{&quot;aperture&quot;:&quot;0&quot;,&quot;credit&quot;:&quot;&quot;,&quot;camera&quot;:&quot;&quot;,&quot;caption&quot;:&quot;&quot;,&quot;created_timestamp&quot;:&quot;0&quot;,&quot;copyright&quot;:&quot;&quot;,&quot;focal_length&quot;:&quot;0&quot;,&quot;iso&quot;:&quot;0&quot;,&quot;shutter_speed&quot;:&quot;0&quot;,&quot;title&quot;:&quot;&quot;,&quot;orientation&quot;:&quot;0&quot;}\" data-image-title=\"ortofabbrica fuorisalone 2013-14\" data-image-description=\"\" data-image-caption=\"\" data-medium-file=\"https:\/\/socialdesignmagazine.com\/mag\/wp-content\/uploads\/2013\/04\/benedetto_ortofabbrica_foto_ortofabbrica_fuorisalone_2013-14-396x256.jpg\" data-large-file=\"https:\/\/socialdesignmagazine.com\/mag\/wp-content\/uploads\/2013\/04\/benedetto_ortofabbrica_foto_ortofabbrica_fuorisalone_2013-14.JPG\" src=\"https:\/\/socialdesignmagazine.com\/mag\/wp-content\/uploads\/2013\/04\/benedetto_ortofabbrica_foto_ortofabbrica_fuorisalone_2013-14.JPG\" alt=\"ortofabbrica fuorisalone 2013-14\" class=\"wp-image-12472\" srcset=\"https:\/\/socialdesignmagazine.com\/mag\/wp-content\/uploads\/2013\/04\/benedetto_ortofabbrica_foto_ortofabbrica_fuorisalone_2013-14.JPG 720w, https:\/\/socialdesignmagazine.com\/mag\/wp-content\/uploads\/2013\/04\/benedetto_ortofabbrica_foto_ortofabbrica_fuorisalone_2013-14-100x66.jpg 100w\" sizes=\"auto, (max-width: 720px) 100vw, 720px\" \/><figcaption class=\"wp-element-caption\">La seduta Margherita.<\/figcaption><\/figure>\n<\/div>\n\n<div class=\"wp-block-image\">\n<figure class=\"aligncenter size-large\"><img loading=\"lazy\" decoding=\"async\" width=\"720\" height=\"480\" data-attachment-id=\"12473\" data-permalink=\"https:\/\/socialdesignmagazine.com\/mag\/green\/rassegna-fotografica-di-ortofabbrica-il-successo-della-bellezza-sostenibile-al-fuorisalone-2013\/attachment\/ortofabbrica-fuorisalone-2013-15\/#content\" data-orig-file=\"https:\/\/socialdesignmagazine.com\/mag\/wp-content\/uploads\/2013\/04\/benedetto_ortofabbrica_foto_ortofabbrica_fuorisalone_2013-15.JPG\" data-orig-size=\"720,480\" data-comments-opened=\"1\" data-image-meta=\"{&quot;aperture&quot;:&quot;0&quot;,&quot;credit&quot;:&quot;&quot;,&quot;camera&quot;:&quot;&quot;,&quot;caption&quot;:&quot;&quot;,&quot;created_timestamp&quot;:&quot;0&quot;,&quot;copyright&quot;:&quot;&quot;,&quot;focal_length&quot;:&quot;0&quot;,&quot;iso&quot;:&quot;0&quot;,&quot;shutter_speed&quot;:&quot;0&quot;,&quot;title&quot;:&quot;&quot;,&quot;orientation&quot;:&quot;0&quot;}\" data-image-title=\"ortofabbrica fuorisalone 2013-15\" data-image-description=\"\" data-image-caption=\"\" data-medium-file=\"https:\/\/socialdesignmagazine.com\/mag\/wp-content\/uploads\/2013\/04\/benedetto_ortofabbrica_foto_ortofabbrica_fuorisalone_2013-15-396x256.jpg\" data-large-file=\"https:\/\/socialdesignmagazine.com\/mag\/wp-content\/uploads\/2013\/04\/benedetto_ortofabbrica_foto_ortofabbrica_fuorisalone_2013-15.JPG\" src=\"https:\/\/socialdesignmagazine.com\/mag\/wp-content\/uploads\/2013\/04\/benedetto_ortofabbrica_foto_ortofabbrica_fuorisalone_2013-15.JPG\" alt=\"ortofabbrica fuorisalone 2013-15\" class=\"wp-image-12473\" srcset=\"https:\/\/socialdesignmagazine.com\/mag\/wp-content\/uploads\/2013\/04\/benedetto_ortofabbrica_foto_ortofabbrica_fuorisalone_2013-15.JPG 720w, https:\/\/socialdesignmagazine.com\/mag\/wp-content\/uploads\/2013\/04\/benedetto_ortofabbrica_foto_ortofabbrica_fuorisalone_2013-15-100x66.jpg 100w\" sizes=\"auto, (max-width: 720px) 100vw, 720px\" \/><figcaption class=\"wp-element-caption\">Chaise-longue con materiali di recupero (ralle).<\/figcaption><\/figure>\n<\/div>\n\n<div class=\"wp-block-image\">\n<figure class=\"aligncenter size-large\"><img loading=\"lazy\" decoding=\"async\" width=\"720\" height=\"480\" data-attachment-id=\"12474\" data-permalink=\"https:\/\/socialdesignmagazine.com\/mag\/green\/rassegna-fotografica-di-ortofabbrica-il-successo-della-bellezza-sostenibile-al-fuorisalone-2013\/attachment\/ortofabbrica-fuorisalone-2013-16\/#content\" data-orig-file=\"https:\/\/socialdesignmagazine.com\/mag\/wp-content\/uploads\/2013\/04\/benedetto_ortofabbrica_foto_ortofabbrica_fuorisalone_2013-16.JPG\" data-orig-size=\"720,480\" data-comments-opened=\"1\" data-image-meta=\"{&quot;aperture&quot;:&quot;0&quot;,&quot;credit&quot;:&quot;&quot;,&quot;camera&quot;:&quot;&quot;,&quot;caption&quot;:&quot;&quot;,&quot;created_timestamp&quot;:&quot;0&quot;,&quot;copyright&quot;:&quot;&quot;,&quot;focal_length&quot;:&quot;0&quot;,&quot;iso&quot;:&quot;0&quot;,&quot;shutter_speed&quot;:&quot;0&quot;,&quot;title&quot;:&quot;&quot;,&quot;orientation&quot;:&quot;0&quot;}\" data-image-title=\"ortofabbrica fuorisalone 2013-16\" data-image-description=\"\" data-image-caption=\"\" data-medium-file=\"https:\/\/socialdesignmagazine.com\/mag\/wp-content\/uploads\/2013\/04\/benedetto_ortofabbrica_foto_ortofabbrica_fuorisalone_2013-16-396x256.jpg\" data-large-file=\"https:\/\/socialdesignmagazine.com\/mag\/wp-content\/uploads\/2013\/04\/benedetto_ortofabbrica_foto_ortofabbrica_fuorisalone_2013-16.JPG\" src=\"https:\/\/socialdesignmagazine.com\/mag\/wp-content\/uploads\/2013\/04\/benedetto_ortofabbrica_foto_ortofabbrica_fuorisalone_2013-16.JPG\" alt=\"ortofabbrica fuorisalone 2013-16\" class=\"wp-image-12474\" srcset=\"https:\/\/socialdesignmagazine.com\/mag\/wp-content\/uploads\/2013\/04\/benedetto_ortofabbrica_foto_ortofabbrica_fuorisalone_2013-16.JPG 720w, https:\/\/socialdesignmagazine.com\/mag\/wp-content\/uploads\/2013\/04\/benedetto_ortofabbrica_foto_ortofabbrica_fuorisalone_2013-16-100x66.jpg 100w\" sizes=\"auto, (max-width: 720px) 100vw, 720px\" \/><figcaption class=\"wp-element-caption\">La palude.<\/figcaption><\/figure>\n<\/div>\n\n<div class=\"wp-block-image\">\n<figure class=\"aligncenter size-large\"><img loading=\"lazy\" decoding=\"async\" width=\"720\" height=\"480\" data-attachment-id=\"12475\" data-permalink=\"https:\/\/socialdesignmagazine.com\/mag\/green\/rassegna-fotografica-di-ortofabbrica-il-successo-della-bellezza-sostenibile-al-fuorisalone-2013\/attachment\/ortofabbrica-fuorisalone-2013-18\/#content\" data-orig-file=\"https:\/\/socialdesignmagazine.com\/mag\/wp-content\/uploads\/2013\/04\/benedetto_ortofabbrica_foto_ortofabbrica_fuorisalone_2013-18.JPG\" data-orig-size=\"720,480\" data-comments-opened=\"1\" data-image-meta=\"{&quot;aperture&quot;:&quot;0&quot;,&quot;credit&quot;:&quot;&quot;,&quot;camera&quot;:&quot;&quot;,&quot;caption&quot;:&quot;&quot;,&quot;created_timestamp&quot;:&quot;0&quot;,&quot;copyright&quot;:&quot;&quot;,&quot;focal_length&quot;:&quot;0&quot;,&quot;iso&quot;:&quot;0&quot;,&quot;shutter_speed&quot;:&quot;0&quot;,&quot;title&quot;:&quot;&quot;,&quot;orientation&quot;:&quot;0&quot;}\" data-image-title=\"ortofabbrica fuorisalone 2013-18\" data-image-description=\"\" data-image-caption=\"\" data-medium-file=\"https:\/\/socialdesignmagazine.com\/mag\/wp-content\/uploads\/2013\/04\/benedetto_ortofabbrica_foto_ortofabbrica_fuorisalone_2013-18-396x256.jpg\" data-large-file=\"https:\/\/socialdesignmagazine.com\/mag\/wp-content\/uploads\/2013\/04\/benedetto_ortofabbrica_foto_ortofabbrica_fuorisalone_2013-18.JPG\" src=\"https:\/\/socialdesignmagazine.com\/mag\/wp-content\/uploads\/2013\/04\/benedetto_ortofabbrica_foto_ortofabbrica_fuorisalone_2013-18.JPG\" alt=\"ortofabbrica fuorisalone 2013-18\" class=\"wp-image-12475\" srcset=\"https:\/\/socialdesignmagazine.com\/mag\/wp-content\/uploads\/2013\/04\/benedetto_ortofabbrica_foto_ortofabbrica_fuorisalone_2013-18.JPG 720w, https:\/\/socialdesignmagazine.com\/mag\/wp-content\/uploads\/2013\/04\/benedetto_ortofabbrica_foto_ortofabbrica_fuorisalone_2013-18-100x66.jpg 100w\" sizes=\"auto, (max-width: 720px) 100vw, 720px\" \/><figcaption class=\"wp-element-caption\">Germogli urbani: anello con muschio incastonato.<\/figcaption><\/figure>\n<\/div>\n\n<div class=\"wp-block-image\">\n<figure class=\"aligncenter size-large\"><img loading=\"lazy\" decoding=\"async\" width=\"720\" height=\"480\" data-attachment-id=\"12476\" data-permalink=\"https:\/\/socialdesignmagazine.com\/mag\/green\/rassegna-fotografica-di-ortofabbrica-il-successo-della-bellezza-sostenibile-al-fuorisalone-2013\/attachment\/ortofabbrica-fuorisalone-2013-19\/#content\" data-orig-file=\"https:\/\/socialdesignmagazine.com\/mag\/wp-content\/uploads\/2013\/04\/benedetto_ortofabbrica_foto_ortofabbrica_fuorisalone_2013-19.JPG\" data-orig-size=\"720,480\" data-comments-opened=\"1\" data-image-meta=\"{&quot;aperture&quot;:&quot;0&quot;,&quot;credit&quot;:&quot;&quot;,&quot;camera&quot;:&quot;&quot;,&quot;caption&quot;:&quot;&quot;,&quot;created_timestamp&quot;:&quot;0&quot;,&quot;copyright&quot;:&quot;&quot;,&quot;focal_length&quot;:&quot;0&quot;,&quot;iso&quot;:&quot;0&quot;,&quot;shutter_speed&quot;:&quot;0&quot;,&quot;title&quot;:&quot;&quot;,&quot;orientation&quot;:&quot;0&quot;}\" data-image-title=\"ortofabbrica fuorisalone 2013-19\" data-image-description=\"\" data-image-caption=\"\" data-medium-file=\"https:\/\/socialdesignmagazine.com\/mag\/wp-content\/uploads\/2013\/04\/benedetto_ortofabbrica_foto_ortofabbrica_fuorisalone_2013-19-396x256.jpg\" data-large-file=\"https:\/\/socialdesignmagazine.com\/mag\/wp-content\/uploads\/2013\/04\/benedetto_ortofabbrica_foto_ortofabbrica_fuorisalone_2013-19.JPG\" src=\"https:\/\/socialdesignmagazine.com\/mag\/wp-content\/uploads\/2013\/04\/benedetto_ortofabbrica_foto_ortofabbrica_fuorisalone_2013-19.JPG\" alt=\"ortofabbrica fuorisalone 2013-19\" class=\"wp-image-12476\" srcset=\"https:\/\/socialdesignmagazine.com\/mag\/wp-content\/uploads\/2013\/04\/benedetto_ortofabbrica_foto_ortofabbrica_fuorisalone_2013-19.JPG 720w, https:\/\/socialdesignmagazine.com\/mag\/wp-content\/uploads\/2013\/04\/benedetto_ortofabbrica_foto_ortofabbrica_fuorisalone_2013-19-100x66.jpg 100w\" sizes=\"auto, (max-width: 720px) 100vw, 720px\" \/><figcaption class=\"wp-element-caption\">Transfilm: luci dal recupero di pellicole cinematografiche intrecciate a mano.<\/figcaption><\/figure>\n<\/div>\n\n<div class=\"wp-block-image\">\n<figure class=\"aligncenter size-large\"><img loading=\"lazy\" decoding=\"async\" width=\"720\" height=\"480\" data-attachment-id=\"12477\" data-permalink=\"https:\/\/socialdesignmagazine.com\/mag\/green\/rassegna-fotografica-di-ortofabbrica-il-successo-della-bellezza-sostenibile-al-fuorisalone-2013\/attachment\/ortofabbrica-fuorisalone-2013-20\/#content\" data-orig-file=\"https:\/\/socialdesignmagazine.com\/mag\/wp-content\/uploads\/2013\/04\/benedetto_ortofabbrica_foto_ortofabbrica_fuorisalone_2013-20.JPG\" data-orig-size=\"720,480\" data-comments-opened=\"1\" data-image-meta=\"{&quot;aperture&quot;:&quot;0&quot;,&quot;credit&quot;:&quot;&quot;,&quot;camera&quot;:&quot;&quot;,&quot;caption&quot;:&quot;&quot;,&quot;created_timestamp&quot;:&quot;0&quot;,&quot;copyright&quot;:&quot;&quot;,&quot;focal_length&quot;:&quot;0&quot;,&quot;iso&quot;:&quot;0&quot;,&quot;shutter_speed&quot;:&quot;0&quot;,&quot;title&quot;:&quot;&quot;,&quot;orientation&quot;:&quot;0&quot;}\" data-image-title=\"ortofabbrica fuorisalone 2013-20\" data-image-description=\"\" data-image-caption=\"\" data-medium-file=\"https:\/\/socialdesignmagazine.com\/mag\/wp-content\/uploads\/2013\/04\/benedetto_ortofabbrica_foto_ortofabbrica_fuorisalone_2013-20-396x256.jpg\" data-large-file=\"https:\/\/socialdesignmagazine.com\/mag\/wp-content\/uploads\/2013\/04\/benedetto_ortofabbrica_foto_ortofabbrica_fuorisalone_2013-20.JPG\" src=\"https:\/\/socialdesignmagazine.com\/mag\/wp-content\/uploads\/2013\/04\/benedetto_ortofabbrica_foto_ortofabbrica_fuorisalone_2013-20.JPG\" alt=\"ortofabbrica fuorisalone 2013-20\" class=\"wp-image-12477\" srcset=\"https:\/\/socialdesignmagazine.com\/mag\/wp-content\/uploads\/2013\/04\/benedetto_ortofabbrica_foto_ortofabbrica_fuorisalone_2013-20.JPG 720w, https:\/\/socialdesignmagazine.com\/mag\/wp-content\/uploads\/2013\/04\/benedetto_ortofabbrica_foto_ortofabbrica_fuorisalone_2013-20-100x66.jpg 100w\" sizes=\"auto, (max-width: 720px) 100vw, 720px\" \/><figcaption class=\"wp-element-caption\">Transfilm: luci dal recupero di pellicole cinematografiche intrecciate a mano.<\/figcaption><\/figure>\n<\/div>\n\n<div class=\"wp-block-image\">\n<figure class=\"aligncenter size-large\"><img loading=\"lazy\" decoding=\"async\" width=\"720\" height=\"480\" data-attachment-id=\"12478\" data-permalink=\"https:\/\/socialdesignmagazine.com\/mag\/green\/rassegna-fotografica-di-ortofabbrica-il-successo-della-bellezza-sostenibile-al-fuorisalone-2013\/attachment\/ortofabbrica-fuorisalone-2013-21\/#content\" data-orig-file=\"https:\/\/socialdesignmagazine.com\/mag\/wp-content\/uploads\/2013\/04\/benedetto_ortofabbrica_foto_ortofabbrica_fuorisalone_2013-21.JPG\" data-orig-size=\"720,480\" data-comments-opened=\"1\" data-image-meta=\"{&quot;aperture&quot;:&quot;0&quot;,&quot;credit&quot;:&quot;&quot;,&quot;camera&quot;:&quot;&quot;,&quot;caption&quot;:&quot;&quot;,&quot;created_timestamp&quot;:&quot;0&quot;,&quot;copyright&quot;:&quot;&quot;,&quot;focal_length&quot;:&quot;0&quot;,&quot;iso&quot;:&quot;0&quot;,&quot;shutter_speed&quot;:&quot;0&quot;,&quot;title&quot;:&quot;&quot;,&quot;orientation&quot;:&quot;0&quot;}\" data-image-title=\"ortofabbrica fuorisalone 2013-21\" data-image-description=\"\" data-image-caption=\"\" data-medium-file=\"https:\/\/socialdesignmagazine.com\/mag\/wp-content\/uploads\/2013\/04\/benedetto_ortofabbrica_foto_ortofabbrica_fuorisalone_2013-21-396x256.jpg\" data-large-file=\"https:\/\/socialdesignmagazine.com\/mag\/wp-content\/uploads\/2013\/04\/benedetto_ortofabbrica_foto_ortofabbrica_fuorisalone_2013-21.JPG\" src=\"https:\/\/socialdesignmagazine.com\/mag\/wp-content\/uploads\/2013\/04\/benedetto_ortofabbrica_foto_ortofabbrica_fuorisalone_2013-21.JPG\" alt=\"ortofabbrica fuorisalone 2013-21\" class=\"wp-image-12478\" srcset=\"https:\/\/socialdesignmagazine.com\/mag\/wp-content\/uploads\/2013\/04\/benedetto_ortofabbrica_foto_ortofabbrica_fuorisalone_2013-21.JPG 720w, https:\/\/socialdesignmagazine.com\/mag\/wp-content\/uploads\/2013\/04\/benedetto_ortofabbrica_foto_ortofabbrica_fuorisalone_2013-21-100x66.jpg 100w\" sizes=\"auto, (max-width: 720px) 100vw, 720px\" \/><figcaption class=\"wp-element-caption\">Biopiscina. Tramonto.<\/figcaption><\/figure>\n<\/div>\n\n\n<figure class=\"wp-block-gallery has-nested-images columns-2 is-cropped wp-block-gallery-1 is-layout-flex wp-block-gallery-is-layout-flex\">\n<figure class=\"wp-block-image size-large\"><img loading=\"lazy\" decoding=\"async\" width=\"360\" height=\"240\" data-attachment-id=\"12479\" data-permalink=\"https:\/\/socialdesignmagazine.com\/mag\/green\/rassegna-fotografica-di-ortofabbrica-il-successo-della-bellezza-sostenibile-al-fuorisalone-2013\/attachment\/successo-ortofabbrica-fuorisalone-2013-01\/#content\" data-orig-file=\"https:\/\/socialdesignmagazine.com\/mag\/wp-content\/uploads\/2013\/04\/benedetto_ortofabbrica_foto_successo_ortofabbrica_fuorisalone_2013-01.jpg\" data-orig-size=\"360,240\" data-comments-opened=\"1\" data-image-meta=\"{&quot;aperture&quot;:&quot;0&quot;,&quot;credit&quot;:&quot;&quot;,&quot;camera&quot;:&quot;&quot;,&quot;caption&quot;:&quot;&quot;,&quot;created_timestamp&quot;:&quot;0&quot;,&quot;copyright&quot;:&quot;&quot;,&quot;focal_length&quot;:&quot;0&quot;,&quot;iso&quot;:&quot;0&quot;,&quot;shutter_speed&quot;:&quot;0&quot;,&quot;title&quot;:&quot;&quot;,&quot;orientation&quot;:&quot;0&quot;}\" data-image-title=\"successo ortofabbrica fuorisalone 2013-01\" data-image-description=\"\" data-image-caption=\"\" data-medium-file=\"https:\/\/socialdesignmagazine.com\/mag\/wp-content\/uploads\/2013\/04\/benedetto_ortofabbrica_foto_successo_ortofabbrica_fuorisalone_2013-01.jpg\" data-large-file=\"https:\/\/socialdesignmagazine.com\/mag\/wp-content\/uploads\/2013\/04\/benedetto_ortofabbrica_foto_successo_ortofabbrica_fuorisalone_2013-01.jpg\" data-id=\"12479\" src=\"https:\/\/socialdesignmagazine.com\/mag\/wp-content\/uploads\/2013\/04\/benedetto_ortofabbrica_foto_successo_ortofabbrica_fuorisalone_2013-01.jpg\" alt=\"successo ortofabbrica fuorisalone 2013-01\" class=\"wp-image-12479\" srcset=\"https:\/\/socialdesignmagazine.com\/mag\/wp-content\/uploads\/2013\/04\/benedetto_ortofabbrica_foto_successo_ortofabbrica_fuorisalone_2013-01.jpg 360w, https:\/\/socialdesignmagazine.com\/mag\/wp-content\/uploads\/2013\/04\/benedetto_ortofabbrica_foto_successo_ortofabbrica_fuorisalone_2013-01-100x66.jpg 100w\" sizes=\"auto, (max-width: 360px) 100vw, 360px\" \/><\/figure>\n\n\n\n<figure class=\"wp-block-image size-large\"><img loading=\"lazy\" decoding=\"async\" width=\"360\" height=\"240\" data-attachment-id=\"12480\" data-permalink=\"https:\/\/socialdesignmagazine.com\/mag\/green\/rassegna-fotografica-di-ortofabbrica-il-successo-della-bellezza-sostenibile-al-fuorisalone-2013\/attachment\/successo-ortofabbrica-fuorisalone-2013-02\/#content\" data-orig-file=\"https:\/\/socialdesignmagazine.com\/mag\/wp-content\/uploads\/2013\/04\/benedetto_ortofabbrica_foto_successo_ortofabbrica_fuorisalone_2013-02.jpg\" data-orig-size=\"360,240\" data-comments-opened=\"1\" data-image-meta=\"{&quot;aperture&quot;:&quot;0&quot;,&quot;credit&quot;:&quot;&quot;,&quot;camera&quot;:&quot;&quot;,&quot;caption&quot;:&quot;&quot;,&quot;created_timestamp&quot;:&quot;0&quot;,&quot;copyright&quot;:&quot;&quot;,&quot;focal_length&quot;:&quot;0&quot;,&quot;iso&quot;:&quot;0&quot;,&quot;shutter_speed&quot;:&quot;0&quot;,&quot;title&quot;:&quot;&quot;,&quot;orientation&quot;:&quot;0&quot;}\" data-image-title=\"successo ortofabbrica fuorisalone 2013-02\" data-image-description=\"\" data-image-caption=\"\" data-medium-file=\"https:\/\/socialdesignmagazine.com\/mag\/wp-content\/uploads\/2013\/04\/benedetto_ortofabbrica_foto_successo_ortofabbrica_fuorisalone_2013-02.jpg\" data-large-file=\"https:\/\/socialdesignmagazine.com\/mag\/wp-content\/uploads\/2013\/04\/benedetto_ortofabbrica_foto_successo_ortofabbrica_fuorisalone_2013-02.jpg\" data-id=\"12480\" src=\"https:\/\/socialdesignmagazine.com\/mag\/wp-content\/uploads\/2013\/04\/benedetto_ortofabbrica_foto_successo_ortofabbrica_fuorisalone_2013-02.jpg\" alt=\"successo ortofabbrica fuorisalone 2013-02\" class=\"wp-image-12480\" srcset=\"https:\/\/socialdesignmagazine.com\/mag\/wp-content\/uploads\/2013\/04\/benedetto_ortofabbrica_foto_successo_ortofabbrica_fuorisalone_2013-02.jpg 360w, https:\/\/socialdesignmagazine.com\/mag\/wp-content\/uploads\/2013\/04\/benedetto_ortofabbrica_foto_successo_ortofabbrica_fuorisalone_2013-02-100x66.jpg 100w\" sizes=\"auto, (max-width: 360px) 100vw, 360px\" \/><\/figure>\n\n\n\n<figure class=\"wp-block-image size-large\"><img loading=\"lazy\" decoding=\"async\" width=\"360\" height=\"240\" data-attachment-id=\"12481\" data-permalink=\"https:\/\/socialdesignmagazine.com\/mag\/green\/rassegna-fotografica-di-ortofabbrica-il-successo-della-bellezza-sostenibile-al-fuorisalone-2013\/attachment\/successo-ortofabbrica-fuorisalone-2013-03\/#content\" data-orig-file=\"https:\/\/socialdesignmagazine.com\/mag\/wp-content\/uploads\/2013\/04\/benedetto_ortofabbrica_foto_successo_ortofabbrica_fuorisalone_2013-03.jpg\" data-orig-size=\"360,240\" data-comments-opened=\"1\" data-image-meta=\"{&quot;aperture&quot;:&quot;0&quot;,&quot;credit&quot;:&quot;&quot;,&quot;camera&quot;:&quot;&quot;,&quot;caption&quot;:&quot;&quot;,&quot;created_timestamp&quot;:&quot;0&quot;,&quot;copyright&quot;:&quot;&quot;,&quot;focal_length&quot;:&quot;0&quot;,&quot;iso&quot;:&quot;0&quot;,&quot;shutter_speed&quot;:&quot;0&quot;,&quot;title&quot;:&quot;&quot;,&quot;orientation&quot;:&quot;0&quot;}\" data-image-title=\"successo ortofabbrica fuorisalone 2013-03\" data-image-description=\"\" data-image-caption=\"\" data-medium-file=\"https:\/\/socialdesignmagazine.com\/mag\/wp-content\/uploads\/2013\/04\/benedetto_ortofabbrica_foto_successo_ortofabbrica_fuorisalone_2013-03.jpg\" data-large-file=\"https:\/\/socialdesignmagazine.com\/mag\/wp-content\/uploads\/2013\/04\/benedetto_ortofabbrica_foto_successo_ortofabbrica_fuorisalone_2013-03.jpg\" data-id=\"12481\" src=\"https:\/\/socialdesignmagazine.com\/mag\/wp-content\/uploads\/2013\/04\/benedetto_ortofabbrica_foto_successo_ortofabbrica_fuorisalone_2013-03.jpg\" alt=\"successo ortofabbrica fuorisalone 2013-03\" class=\"wp-image-12481\" srcset=\"https:\/\/socialdesignmagazine.com\/mag\/wp-content\/uploads\/2013\/04\/benedetto_ortofabbrica_foto_successo_ortofabbrica_fuorisalone_2013-03.jpg 360w, https:\/\/socialdesignmagazine.com\/mag\/wp-content\/uploads\/2013\/04\/benedetto_ortofabbrica_foto_successo_ortofabbrica_fuorisalone_2013-03-100x66.jpg 100w\" sizes=\"auto, (max-width: 360px) 100vw, 360px\" \/><\/figure>\n\n\n\n<figure class=\"wp-block-image size-large\"><img loading=\"lazy\" decoding=\"async\" width=\"360\" height=\"240\" data-attachment-id=\"12482\" data-permalink=\"https:\/\/socialdesignmagazine.com\/mag\/green\/rassegna-fotografica-di-ortofabbrica-il-successo-della-bellezza-sostenibile-al-fuorisalone-2013\/attachment\/successo-ortofabbrica-fuorisalone-2013-04\/#content\" data-orig-file=\"https:\/\/socialdesignmagazine.com\/mag\/wp-content\/uploads\/2013\/04\/benedetto_ortofabbrica_foto_successo_ortofabbrica_fuorisalone_2013-04.jpg\" data-orig-size=\"360,240\" data-comments-opened=\"1\" data-image-meta=\"{&quot;aperture&quot;:&quot;0&quot;,&quot;credit&quot;:&quot;&quot;,&quot;camera&quot;:&quot;&quot;,&quot;caption&quot;:&quot;&quot;,&quot;created_timestamp&quot;:&quot;0&quot;,&quot;copyright&quot;:&quot;&quot;,&quot;focal_length&quot;:&quot;0&quot;,&quot;iso&quot;:&quot;0&quot;,&quot;shutter_speed&quot;:&quot;0&quot;,&quot;title&quot;:&quot;&quot;,&quot;orientation&quot;:&quot;0&quot;}\" data-image-title=\"successo ortofabbrica fuorisalone 2013-04\" data-image-description=\"\" data-image-caption=\"\" data-medium-file=\"https:\/\/socialdesignmagazine.com\/mag\/wp-content\/uploads\/2013\/04\/benedetto_ortofabbrica_foto_successo_ortofabbrica_fuorisalone_2013-04.jpg\" data-large-file=\"https:\/\/socialdesignmagazine.com\/mag\/wp-content\/uploads\/2013\/04\/benedetto_ortofabbrica_foto_successo_ortofabbrica_fuorisalone_2013-04.jpg\" data-id=\"12482\" src=\"https:\/\/socialdesignmagazine.com\/mag\/wp-content\/uploads\/2013\/04\/benedetto_ortofabbrica_foto_successo_ortofabbrica_fuorisalone_2013-04.jpg\" alt=\"successo ortofabbrica fuorisalone 2013-04\" class=\"wp-image-12482\" srcset=\"https:\/\/socialdesignmagazine.com\/mag\/wp-content\/uploads\/2013\/04\/benedetto_ortofabbrica_foto_successo_ortofabbrica_fuorisalone_2013-04.jpg 360w, https:\/\/socialdesignmagazine.com\/mag\/wp-content\/uploads\/2013\/04\/benedetto_ortofabbrica_foto_successo_ortofabbrica_fuorisalone_2013-04-100x66.jpg 100w\" sizes=\"auto, (max-width: 360px) 100vw, 360px\" \/><\/figure>\n\n\n\n<figure class=\"wp-block-image size-large\"><img loading=\"lazy\" decoding=\"async\" width=\"360\" height=\"240\" data-attachment-id=\"12483\" data-permalink=\"https:\/\/socialdesignmagazine.com\/mag\/green\/rassegna-fotografica-di-ortofabbrica-il-successo-della-bellezza-sostenibile-al-fuorisalone-2013\/attachment\/successo-ortofabbrica-fuorisalone-2013-05\/#content\" data-orig-file=\"https:\/\/socialdesignmagazine.com\/mag\/wp-content\/uploads\/2013\/04\/benedetto_ortofabbrica_foto_successo_ortofabbrica_fuorisalone_2013-05.jpg\" data-orig-size=\"360,240\" data-comments-opened=\"1\" data-image-meta=\"{&quot;aperture&quot;:&quot;0&quot;,&quot;credit&quot;:&quot;&quot;,&quot;camera&quot;:&quot;&quot;,&quot;caption&quot;:&quot;&quot;,&quot;created_timestamp&quot;:&quot;0&quot;,&quot;copyright&quot;:&quot;&quot;,&quot;focal_length&quot;:&quot;0&quot;,&quot;iso&quot;:&quot;0&quot;,&quot;shutter_speed&quot;:&quot;0&quot;,&quot;title&quot;:&quot;&quot;,&quot;orientation&quot;:&quot;0&quot;}\" data-image-title=\"successo ortofabbrica fuorisalone 2013-05\" data-image-description=\"\" data-image-caption=\"\" data-medium-file=\"https:\/\/socialdesignmagazine.com\/mag\/wp-content\/uploads\/2013\/04\/benedetto_ortofabbrica_foto_successo_ortofabbrica_fuorisalone_2013-05.jpg\" data-large-file=\"https:\/\/socialdesignmagazine.com\/mag\/wp-content\/uploads\/2013\/04\/benedetto_ortofabbrica_foto_successo_ortofabbrica_fuorisalone_2013-05.jpg\" data-id=\"12483\" src=\"https:\/\/socialdesignmagazine.com\/mag\/wp-content\/uploads\/2013\/04\/benedetto_ortofabbrica_foto_successo_ortofabbrica_fuorisalone_2013-05.jpg\" alt=\"successo ortofabbrica fuorisalone 2013-05\" class=\"wp-image-12483\" srcset=\"https:\/\/socialdesignmagazine.com\/mag\/wp-content\/uploads\/2013\/04\/benedetto_ortofabbrica_foto_successo_ortofabbrica_fuorisalone_2013-05.jpg 360w, https:\/\/socialdesignmagazine.com\/mag\/wp-content\/uploads\/2013\/04\/benedetto_ortofabbrica_foto_successo_ortofabbrica_fuorisalone_2013-05-100x66.jpg 100w\" sizes=\"auto, (max-width: 360px) 100vw, 360px\" \/><\/figure>\n\n\n\n<figure class=\"wp-block-image size-large\"><img loading=\"lazy\" decoding=\"async\" width=\"360\" height=\"240\" data-attachment-id=\"12484\" data-permalink=\"https:\/\/socialdesignmagazine.com\/mag\/green\/rassegna-fotografica-di-ortofabbrica-il-successo-della-bellezza-sostenibile-al-fuorisalone-2013\/attachment\/successo-ortofabbrica-fuorisalone-2013-06\/#content\" data-orig-file=\"https:\/\/socialdesignmagazine.com\/mag\/wp-content\/uploads\/2013\/04\/benedetto_ortofabbrica_foto_successo_ortofabbrica_fuorisalone_2013-06.jpg\" data-orig-size=\"360,240\" data-comments-opened=\"1\" data-image-meta=\"{&quot;aperture&quot;:&quot;0&quot;,&quot;credit&quot;:&quot;&quot;,&quot;camera&quot;:&quot;&quot;,&quot;caption&quot;:&quot;&quot;,&quot;created_timestamp&quot;:&quot;0&quot;,&quot;copyright&quot;:&quot;&quot;,&quot;focal_length&quot;:&quot;0&quot;,&quot;iso&quot;:&quot;0&quot;,&quot;shutter_speed&quot;:&quot;0&quot;,&quot;title&quot;:&quot;&quot;,&quot;orientation&quot;:&quot;0&quot;}\" data-image-title=\"successo ortofabbrica fuorisalone 2013-06\" data-image-description=\"\" data-image-caption=\"\" data-medium-file=\"https:\/\/socialdesignmagazine.com\/mag\/wp-content\/uploads\/2013\/04\/benedetto_ortofabbrica_foto_successo_ortofabbrica_fuorisalone_2013-06.jpg\" data-large-file=\"https:\/\/socialdesignmagazine.com\/mag\/wp-content\/uploads\/2013\/04\/benedetto_ortofabbrica_foto_successo_ortofabbrica_fuorisalone_2013-06.jpg\" data-id=\"12484\" src=\"https:\/\/socialdesignmagazine.com\/mag\/wp-content\/uploads\/2013\/04\/benedetto_ortofabbrica_foto_successo_ortofabbrica_fuorisalone_2013-06.jpg\" alt=\"successo ortofabbrica fuorisalone 2013-06\" class=\"wp-image-12484\" srcset=\"https:\/\/socialdesignmagazine.com\/mag\/wp-content\/uploads\/2013\/04\/benedetto_ortofabbrica_foto_successo_ortofabbrica_fuorisalone_2013-06.jpg 360w, https:\/\/socialdesignmagazine.com\/mag\/wp-content\/uploads\/2013\/04\/benedetto_ortofabbrica_foto_successo_ortofabbrica_fuorisalone_2013-06-100x66.jpg 100w\" sizes=\"auto, (max-width: 360px) 100vw, 360px\" \/><\/figure>\n\n\n\n<figure class=\"wp-block-image size-large\"><img loading=\"lazy\" decoding=\"async\" width=\"360\" height=\"240\" data-attachment-id=\"12485\" data-permalink=\"https:\/\/socialdesignmagazine.com\/mag\/green\/rassegna-fotografica-di-ortofabbrica-il-successo-della-bellezza-sostenibile-al-fuorisalone-2013\/attachment\/successo-ortofabbrica-fuorisalone-2013-07\/#content\" data-orig-file=\"https:\/\/socialdesignmagazine.com\/mag\/wp-content\/uploads\/2013\/04\/benedetto_ortofabbrica_foto_successo_ortofabbrica_fuorisalone_2013-07.jpg\" data-orig-size=\"360,240\" data-comments-opened=\"1\" data-image-meta=\"{&quot;aperture&quot;:&quot;0&quot;,&quot;credit&quot;:&quot;&quot;,&quot;camera&quot;:&quot;&quot;,&quot;caption&quot;:&quot;&quot;,&quot;created_timestamp&quot;:&quot;0&quot;,&quot;copyright&quot;:&quot;&quot;,&quot;focal_length&quot;:&quot;0&quot;,&quot;iso&quot;:&quot;0&quot;,&quot;shutter_speed&quot;:&quot;0&quot;,&quot;title&quot;:&quot;&quot;,&quot;orientation&quot;:&quot;0&quot;}\" data-image-title=\"successo ortofabbrica fuorisalone 2013-07\" data-image-description=\"\" data-image-caption=\"\" data-medium-file=\"https:\/\/socialdesignmagazine.com\/mag\/wp-content\/uploads\/2013\/04\/benedetto_ortofabbrica_foto_successo_ortofabbrica_fuorisalone_2013-07.jpg\" data-large-file=\"https:\/\/socialdesignmagazine.com\/mag\/wp-content\/uploads\/2013\/04\/benedetto_ortofabbrica_foto_successo_ortofabbrica_fuorisalone_2013-07.jpg\" data-id=\"12485\" src=\"https:\/\/socialdesignmagazine.com\/mag\/wp-content\/uploads\/2013\/04\/benedetto_ortofabbrica_foto_successo_ortofabbrica_fuorisalone_2013-07.jpg\" alt=\"successo ortofabbrica fuorisalone 2013-07\" class=\"wp-image-12485\" srcset=\"https:\/\/socialdesignmagazine.com\/mag\/wp-content\/uploads\/2013\/04\/benedetto_ortofabbrica_foto_successo_ortofabbrica_fuorisalone_2013-07.jpg 360w, https:\/\/socialdesignmagazine.com\/mag\/wp-content\/uploads\/2013\/04\/benedetto_ortofabbrica_foto_successo_ortofabbrica_fuorisalone_2013-07-100x66.jpg 100w\" sizes=\"auto, (max-width: 360px) 100vw, 360px\" \/><\/figure>\n\n\n\n<figure class=\"wp-block-image size-large\"><img loading=\"lazy\" decoding=\"async\" width=\"360\" height=\"240\" data-attachment-id=\"12486\" data-permalink=\"https:\/\/socialdesignmagazine.com\/mag\/green\/rassegna-fotografica-di-ortofabbrica-il-successo-della-bellezza-sostenibile-al-fuorisalone-2013\/attachment\/successo-ortofabbrica-fuorisalone-2013-08\/#content\" data-orig-file=\"https:\/\/socialdesignmagazine.com\/mag\/wp-content\/uploads\/2013\/04\/benedetto_ortofabbrica_foto_successo_ortofabbrica_fuorisalone_2013-08.jpg\" data-orig-size=\"360,240\" data-comments-opened=\"1\" data-image-meta=\"{&quot;aperture&quot;:&quot;0&quot;,&quot;credit&quot;:&quot;&quot;,&quot;camera&quot;:&quot;&quot;,&quot;caption&quot;:&quot;&quot;,&quot;created_timestamp&quot;:&quot;0&quot;,&quot;copyright&quot;:&quot;&quot;,&quot;focal_length&quot;:&quot;0&quot;,&quot;iso&quot;:&quot;0&quot;,&quot;shutter_speed&quot;:&quot;0&quot;,&quot;title&quot;:&quot;&quot;,&quot;orientation&quot;:&quot;0&quot;}\" data-image-title=\"successo ortofabbrica fuorisalone 2013-08\" data-image-description=\"\" data-image-caption=\"\" data-medium-file=\"https:\/\/socialdesignmagazine.com\/mag\/wp-content\/uploads\/2013\/04\/benedetto_ortofabbrica_foto_successo_ortofabbrica_fuorisalone_2013-08.jpg\" data-large-file=\"https:\/\/socialdesignmagazine.com\/mag\/wp-content\/uploads\/2013\/04\/benedetto_ortofabbrica_foto_successo_ortofabbrica_fuorisalone_2013-08.jpg\" data-id=\"12486\" src=\"https:\/\/socialdesignmagazine.com\/mag\/wp-content\/uploads\/2013\/04\/benedetto_ortofabbrica_foto_successo_ortofabbrica_fuorisalone_2013-08.jpg\" alt=\"successo ortofabbrica fuorisalone 2013-08\" class=\"wp-image-12486\" srcset=\"https:\/\/socialdesignmagazine.com\/mag\/wp-content\/uploads\/2013\/04\/benedetto_ortofabbrica_foto_successo_ortofabbrica_fuorisalone_2013-08.jpg 360w, https:\/\/socialdesignmagazine.com\/mag\/wp-content\/uploads\/2013\/04\/benedetto_ortofabbrica_foto_successo_ortofabbrica_fuorisalone_2013-08-100x66.jpg 100w\" sizes=\"auto, (max-width: 360px) 100vw, 360px\" \/><\/figure>\n<\/figure>\n","protected":false,"gt_translate_keys":[{"key":"rendered","format":"html"}]},"excerpt":{"rendered":"<p>Ha riscosso un grande successo l\u2019allestimento di Ortofabbrica al Fuorisalone 2013, ha coinvolto un consorzio di creativi, progettisti, artigiani e imprese uniti da un\u2019unica visione: l\u2019eco-sostenibilit\u00e0.<\/p>\n","protected":false,"gt_translate_keys":[{"key":"rendered","format":"html"}]},"author":1,"featured_media":12458,"comment_status":"open","ping_status":"open","sticky":false,"template":"","format":"standard","meta":{"jetpack_post_was_ever_published":false,"_jetpack_newsletter_access":"","_jetpack_dont_email_post_to_subs":false,"_jetpack_newsletter_tier_id":0,"_jetpack_memberships_contains_paywalled_content":false,"_jetpack_memberships_contains_paid_content":false,"footnotes":"","_wpscppro_dont_share_socialmedia":false,"_wpscppro_custom_social_share_image":0,"_facebook_share_type":"","_twitter_share_type":"","_linkedin_share_type":"","_pinterest_share_type":"","_linkedin_share_type_page":"","_instagram_share_type":"","_medium_share_type":"","_threads_share_type":"","_google_business_share_type":"","_selected_social_profile":[],"_wpsp_enable_custom_social_template":false,"_wpsp_social_scheduling":{"enabled":false,"datetime":null,"platforms":[],"status":"template_only","dateOption":"today","timeOption":"now","customDays":"","customHours":"","customDate":"","customTime":"","schedulingType":"absolute"},"_wpsp_active_default_template":true},"categories":[11],"tags":[3122,297,2956,81,2512],"class_list":["post-2124","post","type-post","status-publish","format-standard","has-post-thumbnail","hentry","category-green","tag-angelo-grassi","tag-eco-sostenibilita","tag-fuorisalone-2013","tag-green","tag-salone-del-mobile-2013"],"yoast_head":"<!-- This site is optimized with the Yoast SEO plugin v27.2 - https:\/\/yoast.com\/product\/yoast-seo-wordpress\/ -->\n<title>Rassegna fotografica di Ortofabbrica, il successo della bellezza sostenibile al Fuorisalone 2013 - Social Design Magazine<\/title>\n<meta name=\"description\" content=\"Ha riscosso un grande successo l\u2019allestimento di Ortofabbrica al Fuorisalone 2013, ha coinvolto un consorzio di creativi, progettisti, artigiani e imprese uniti da un\u2019unica visione: l\u2019eco-sostenibilit\u00e0.\" \/>\n<meta name=\"robots\" content=\"index, follow, max-snippet:-1, max-image-preview:large, max-video-preview:-1\" \/>\n<link rel=\"canonical\" href=\"https:\/\/socialdesignmagazine.com\/mag\/green\/rassegna-fotografica-di-ortofabbrica-il-successo-della-bellezza-sostenibile-al-fuorisalone-2013\/\" \/>\n<meta property=\"og:locale\" content=\"it_IT\" \/>\n<meta property=\"og:type\" content=\"article\" \/>\n<meta property=\"og:title\" content=\"Rassegna fotografica di Ortofabbrica, il successo della bellezza sostenibile al Fuorisalone 2013 - Social Design Magazine\" \/>\n<meta property=\"og:description\" content=\"Ha riscosso un grande successo l\u2019allestimento di Ortofabbrica al Fuorisalone 2013, ha coinvolto un consorzio di creativi, progettisti, artigiani e imprese uniti da un\u2019unica visione: l\u2019eco-sostenibilit\u00e0.\" \/>\n<meta property=\"og:url\" content=\"https:\/\/socialdesignmagazine.com\/mag\/green\/rassegna-fotografica-di-ortofabbrica-il-successo-della-bellezza-sostenibile-al-fuorisalone-2013\/\" \/>\n<meta property=\"og:site_name\" content=\"Social Design Magazine\" \/>\n<meta property=\"article:publisher\" content=\"https:\/\/www.facebook.com\/socialdesignmag\" \/>\n<meta property=\"article:author\" content=\"https:\/\/www.facebook.com\/benedettofiori\" \/>\n<meta property=\"article:published_time\" content=\"2013-04-27T06:15:04+00:00\" \/>\n<meta property=\"article:modified_time\" content=\"2024-06-02T21:04:43+00:00\" \/>\n<meta property=\"og:image\" content=\"https:\/\/socialdesignmagazine.com\/mag\/wp-content\/uploads\/2013\/04\/benedetto_ortofabbrica_foto_ortofabbrica_fuorisalone_2013-17.JPG\" \/>\n\t<meta property=\"og:image:width\" content=\"720\" \/>\n\t<meta property=\"og:image:height\" content=\"480\" \/>\n\t<meta property=\"og:image:type\" content=\"image\/jpeg\" \/>\n<meta name=\"author\" content=\"Benedetto Fiori\" \/>\n<meta name=\"twitter:card\" content=\"summary_large_image\" \/>\n<meta name=\"twitter:creator\" content=\"@benedettofiori\" \/>\n<meta name=\"twitter:site\" content=\"@socialdesignmag\" \/>\n<meta name=\"twitter:label1\" content=\"Scritto da\" \/>\n\t<meta name=\"twitter:data1\" content=\"Benedetto Fiori\" \/>\n\t<meta name=\"twitter:label2\" content=\"Tempo di lettura stimato\" \/>\n\t<meta name=\"twitter:data2\" content=\"8 minuti\" \/>\n<script type=\"application\/ld+json\" class=\"yoast-schema-graph\">{\"@context\":\"https:\/\/schema.org\",\"@graph\":[{\"@type\":\"Article\",\"@id\":\"https:\/\/socialdesignmagazine.com\/mag\/green\/rassegna-fotografica-di-ortofabbrica-il-successo-della-bellezza-sostenibile-al-fuorisalone-2013\/#article\",\"isPartOf\":{\"@id\":\"https:\/\/socialdesignmagazine.com\/mag\/green\/rassegna-fotografica-di-ortofabbrica-il-successo-della-bellezza-sostenibile-al-fuorisalone-2013\/\"},\"author\":{\"name\":\"Benedetto Fiori\",\"@id\":\"https:\/\/socialdesignmagazine.com\/mag\/#\/schema\/person\/61e20205cc363c315e6aabd33a045846\"},\"headline\":\"Rassegna fotografica di Ortofabbrica, il successo della bellezza sostenibile al Fuorisalone 2013\",\"datePublished\":\"2013-04-27T06:15:04+00:00\",\"dateModified\":\"2024-06-02T21:04:43+00:00\",\"mainEntityOfPage\":{\"@id\":\"https:\/\/socialdesignmagazine.com\/mag\/green\/rassegna-fotografica-di-ortofabbrica-il-successo-della-bellezza-sostenibile-al-fuorisalone-2013\/\"},\"wordCount\":294,\"commentCount\":0,\"publisher\":{\"@id\":\"https:\/\/socialdesignmagazine.com\/mag\/#organization\"},\"image\":{\"@id\":\"https:\/\/socialdesignmagazine.com\/mag\/green\/rassegna-fotografica-di-ortofabbrica-il-successo-della-bellezza-sostenibile-al-fuorisalone-2013\/#primaryimage\"},\"thumbnailUrl\":\"https:\/\/socialdesignmagazine.com\/mag\/wp-content\/uploads\/2013\/04\/benedetto_ortofabbrica_foto_ortofabbrica_fuorisalone_2013-17.JPG\",\"keywords\":[\"angelo grassi\",\"eco sostenibilit\u00e0\",\"fuorisalone 2013\",\"green\",\"salone del mobile 2013\"],\"articleSection\":[\"Green\"],\"inLanguage\":\"it-IT\",\"potentialAction\":[{\"@type\":\"CommentAction\",\"name\":\"Comment\",\"target\":[\"https:\/\/socialdesignmagazine.com\/mag\/green\/rassegna-fotografica-di-ortofabbrica-il-successo-della-bellezza-sostenibile-al-fuorisalone-2013\/#respond\"]}]},{\"@type\":\"WebPage\",\"@id\":\"https:\/\/socialdesignmagazine.com\/mag\/green\/rassegna-fotografica-di-ortofabbrica-il-successo-della-bellezza-sostenibile-al-fuorisalone-2013\/\",\"url\":\"https:\/\/socialdesignmagazine.com\/mag\/green\/rassegna-fotografica-di-ortofabbrica-il-successo-della-bellezza-sostenibile-al-fuorisalone-2013\/\",\"name\":\"Rassegna fotografica di Ortofabbrica, il successo della bellezza sostenibile al Fuorisalone 2013 - Social Design Magazine\",\"isPartOf\":{\"@id\":\"https:\/\/socialdesignmagazine.com\/mag\/#website\"},\"primaryImageOfPage\":{\"@id\":\"https:\/\/socialdesignmagazine.com\/mag\/green\/rassegna-fotografica-di-ortofabbrica-il-successo-della-bellezza-sostenibile-al-fuorisalone-2013\/#primaryimage\"},\"image\":{\"@id\":\"https:\/\/socialdesignmagazine.com\/mag\/green\/rassegna-fotografica-di-ortofabbrica-il-successo-della-bellezza-sostenibile-al-fuorisalone-2013\/#primaryimage\"},\"thumbnailUrl\":\"https:\/\/socialdesignmagazine.com\/mag\/wp-content\/uploads\/2013\/04\/benedetto_ortofabbrica_foto_ortofabbrica_fuorisalone_2013-17.JPG\",\"datePublished\":\"2013-04-27T06:15:04+00:00\",\"dateModified\":\"2024-06-02T21:04:43+00:00\",\"description\":\"Ha riscosso un grande successo l\u2019allestimento di Ortofabbrica al Fuorisalone 2013, ha coinvolto un consorzio di creativi, progettisti, artigiani e imprese uniti da un\u2019unica visione: l\u2019eco-sostenibilit\u00e0.\",\"breadcrumb\":{\"@id\":\"https:\/\/socialdesignmagazine.com\/mag\/green\/rassegna-fotografica-di-ortofabbrica-il-successo-della-bellezza-sostenibile-al-fuorisalone-2013\/#breadcrumb\"},\"inLanguage\":\"it-IT\",\"potentialAction\":[{\"@type\":\"ReadAction\",\"target\":[\"https:\/\/socialdesignmagazine.com\/mag\/green\/rassegna-fotografica-di-ortofabbrica-il-successo-della-bellezza-sostenibile-al-fuorisalone-2013\/\"]}]},{\"@type\":\"ImageObject\",\"inLanguage\":\"it-IT\",\"@id\":\"https:\/\/socialdesignmagazine.com\/mag\/green\/rassegna-fotografica-di-ortofabbrica-il-successo-della-bellezza-sostenibile-al-fuorisalone-2013\/#primaryimage\",\"url\":\"https:\/\/socialdesignmagazine.com\/mag\/wp-content\/uploads\/2013\/04\/benedetto_ortofabbrica_foto_ortofabbrica_fuorisalone_2013-17.JPG\",\"contentUrl\":\"https:\/\/socialdesignmagazine.com\/mag\/wp-content\/uploads\/2013\/04\/benedetto_ortofabbrica_foto_ortofabbrica_fuorisalone_2013-17.JPG\",\"width\":720,\"height\":480,\"caption\":\"ortofabbrica fuorisalone 2013-17\"},{\"@type\":\"BreadcrumbList\",\"@id\":\"https:\/\/socialdesignmagazine.com\/mag\/green\/rassegna-fotografica-di-ortofabbrica-il-successo-della-bellezza-sostenibile-al-fuorisalone-2013\/#breadcrumb\",\"itemListElement\":[{\"@type\":\"ListItem\",\"position\":1,\"name\":\"Home\",\"item\":\"https:\/\/socialdesignmagazine.com\/mag\/\"},{\"@type\":\"ListItem\",\"position\":2,\"name\":\"Green\",\"item\":\"https:\/\/socialdesignmagazine.com\/mag\/green\/\"},{\"@type\":\"ListItem\",\"position\":3,\"name\":\"Rassegna fotografica di Ortofabbrica, il successo della bellezza sostenibile al Fuorisalone 2013\"}]},{\"@type\":\"WebSite\",\"@id\":\"https:\/\/socialdesignmagazine.com\/mag\/#website\",\"url\":\"https:\/\/socialdesignmagazine.com\/mag\/\",\"name\":\"Social Design Magazine\",\"description\":\"Social Magazine su Design, Architettura, Arte, Grafica\",\"publisher\":{\"@id\":\"https:\/\/socialdesignmagazine.com\/mag\/#organization\"},\"potentialAction\":[{\"@type\":\"SearchAction\",\"target\":{\"@type\":\"EntryPoint\",\"urlTemplate\":\"https:\/\/socialdesignmagazine.com\/mag\/?s={search_term_string}\"},\"query-input\":{\"@type\":\"PropertyValueSpecification\",\"valueRequired\":true,\"valueName\":\"search_term_string\"}}],\"inLanguage\":\"it-IT\"},{\"@type\":\"Organization\",\"@id\":\"https:\/\/socialdesignmagazine.com\/mag\/#organization\",\"name\":\"Social Design Magazine\",\"url\":\"https:\/\/socialdesignmagazine.com\/mag\/\",\"logo\":{\"@type\":\"ImageObject\",\"inLanguage\":\"it-IT\",\"@id\":\"https:\/\/socialdesignmagazine.com\/mag\/#\/schema\/logo\/image\/\",\"url\":\"https:\/\/socialdesignmagazine.com\/mag\/wp-content\/uploads\/2017\/01\/logo_favicon_11.png\",\"contentUrl\":\"https:\/\/socialdesignmagazine.com\/mag\/wp-content\/uploads\/2017\/01\/logo_favicon_11.png\",\"width\":1024,\"height\":1024,\"caption\":\"Social Design Magazine\"},\"image\":{\"@id\":\"https:\/\/socialdesignmagazine.com\/mag\/#\/schema\/logo\/image\/\"},\"sameAs\":[\"https:\/\/www.facebook.com\/socialdesignmag\",\"https:\/\/x.com\/socialdesignmag\",\"http:\/\/instagram.com\/social_design_magazine\/\",\"http:\/\/pinterest.com\/socialdesignmag\/\",\"http:\/\/www.youtube.com\/user\/socialdesignmagazine\"]},{\"@type\":\"Person\",\"@id\":\"https:\/\/socialdesignmagazine.com\/mag\/#\/schema\/person\/61e20205cc363c315e6aabd33a045846\",\"name\":\"Benedetto Fiori\",\"image\":{\"@type\":\"ImageObject\",\"inLanguage\":\"it-IT\",\"@id\":\"https:\/\/secure.gravatar.com\/avatar\/450a48cefa36da63d920ad70aa660bd10725b1c6093800242e5efdb397759033?s=96&d=mm&r=g\",\"url\":\"https:\/\/secure.gravatar.com\/avatar\/450a48cefa36da63d920ad70aa660bd10725b1c6093800242e5efdb397759033?s=96&d=mm&r=g\",\"contentUrl\":\"https:\/\/secure.gravatar.com\/avatar\/450a48cefa36da63d920ad70aa660bd10725b1c6093800242e5efdb397759033?s=96&d=mm&r=g\",\"caption\":\"Benedetto Fiori\"},\"description\":\"Web | Twitter | Facebook | Shutterstock Founder &amp; Editor in Chief di Social Design Magazine. Attratto da sempre da tutto ci\u00f2 che \u00e8 creativit\u00e0, design, architettura. Dopo aver studiato Architettura all'Universit\u00e0 di Firenze, si \u00e8 impegnato in molteplici campi: comunicazione grafica, progettazione di allestimenti fieristici, brand design, Interior Design.\",\"sameAs\":[\"http:\/\/benedettofiori.com\",\"https:\/\/www.facebook.com\/benedettofiori\",\"https:\/\/x.com\/benedettofiori\"],\"url\":\"https:\/\/socialdesignmagazine.com\/mag\/author\/benedetto\/\"}]}<\/script>\n<!-- \/ Yoast SEO plugin. -->","yoast_head_json":{"title":"Rassegna fotografica di Ortofabbrica, il successo della bellezza sostenibile al Fuorisalone 2013 - Social Design Magazine","description":"Ha riscosso un grande successo l\u2019allestimento di Ortofabbrica al Fuorisalone 2013, ha coinvolto un consorzio di creativi, progettisti, artigiani e imprese uniti da un\u2019unica visione: l\u2019eco-sostenibilit\u00e0.","robots":{"index":"index","follow":"follow","max-snippet":"max-snippet:-1","max-image-preview":"max-image-preview:large","max-video-preview":"max-video-preview:-1"},"canonical":"https:\/\/socialdesignmagazine.com\/mag\/green\/rassegna-fotografica-di-ortofabbrica-il-successo-della-bellezza-sostenibile-al-fuorisalone-2013\/","og_locale":"it_IT","og_type":"article","og_title":"Rassegna fotografica di Ortofabbrica, il successo della bellezza sostenibile al Fuorisalone 2013 - Social Design Magazine","og_description":"Ha riscosso un grande successo l\u2019allestimento di Ortofabbrica al Fuorisalone 2013, ha coinvolto un consorzio di creativi, progettisti, artigiani e imprese uniti da un\u2019unica visione: l\u2019eco-sostenibilit\u00e0.","og_url":"https:\/\/socialdesignmagazine.com\/mag\/green\/rassegna-fotografica-di-ortofabbrica-il-successo-della-bellezza-sostenibile-al-fuorisalone-2013\/","og_site_name":"Social Design Magazine","article_publisher":"https:\/\/www.facebook.com\/socialdesignmag","article_author":"https:\/\/www.facebook.com\/benedettofiori","article_published_time":"2013-04-27T06:15:04+00:00","article_modified_time":"2024-06-02T21:04:43+00:00","og_image":[{"width":720,"height":480,"url":"https:\/\/socialdesignmagazine.com\/mag\/wp-content\/uploads\/2013\/04\/benedetto_ortofabbrica_foto_ortofabbrica_fuorisalone_2013-17.JPG","type":"image\/jpeg"}],"author":"Benedetto Fiori","twitter_card":"summary_large_image","twitter_creator":"@benedettofiori","twitter_site":"@socialdesignmag","twitter_misc":{"Scritto da":"Benedetto Fiori","Tempo di lettura stimato":"8 minuti"},"schema":{"@context":"https:\/\/schema.org","@graph":[{"@type":"Article","@id":"https:\/\/socialdesignmagazine.com\/mag\/green\/rassegna-fotografica-di-ortofabbrica-il-successo-della-bellezza-sostenibile-al-fuorisalone-2013\/#article","isPartOf":{"@id":"https:\/\/socialdesignmagazine.com\/mag\/green\/rassegna-fotografica-di-ortofabbrica-il-successo-della-bellezza-sostenibile-al-fuorisalone-2013\/"},"author":{"name":"Benedetto Fiori","@id":"https:\/\/socialdesignmagazine.com\/mag\/#\/schema\/person\/61e20205cc363c315e6aabd33a045846"},"headline":"Rassegna fotografica di Ortofabbrica, il successo della bellezza sostenibile al Fuorisalone 2013","datePublished":"2013-04-27T06:15:04+00:00","dateModified":"2024-06-02T21:04:43+00:00","mainEntityOfPage":{"@id":"https:\/\/socialdesignmagazine.com\/mag\/green\/rassegna-fotografica-di-ortofabbrica-il-successo-della-bellezza-sostenibile-al-fuorisalone-2013\/"},"wordCount":294,"commentCount":0,"publisher":{"@id":"https:\/\/socialdesignmagazine.com\/mag\/#organization"},"image":{"@id":"https:\/\/socialdesignmagazine.com\/mag\/green\/rassegna-fotografica-di-ortofabbrica-il-successo-della-bellezza-sostenibile-al-fuorisalone-2013\/#primaryimage"},"thumbnailUrl":"https:\/\/socialdesignmagazine.com\/mag\/wp-content\/uploads\/2013\/04\/benedetto_ortofabbrica_foto_ortofabbrica_fuorisalone_2013-17.JPG","keywords":["angelo grassi","eco sostenibilit\u00e0","fuorisalone 2013","green","salone del mobile 2013"],"articleSection":["Green"],"inLanguage":"it-IT","potentialAction":[{"@type":"CommentAction","name":"Comment","target":["https:\/\/socialdesignmagazine.com\/mag\/green\/rassegna-fotografica-di-ortofabbrica-il-successo-della-bellezza-sostenibile-al-fuorisalone-2013\/#respond"]}]},{"@type":"WebPage","@id":"https:\/\/socialdesignmagazine.com\/mag\/green\/rassegna-fotografica-di-ortofabbrica-il-successo-della-bellezza-sostenibile-al-fuorisalone-2013\/","url":"https:\/\/socialdesignmagazine.com\/mag\/green\/rassegna-fotografica-di-ortofabbrica-il-successo-della-bellezza-sostenibile-al-fuorisalone-2013\/","name":"Rassegna fotografica di Ortofabbrica, il successo della bellezza sostenibile al Fuorisalone 2013 - Social Design Magazine","isPartOf":{"@id":"https:\/\/socialdesignmagazine.com\/mag\/#website"},"primaryImageOfPage":{"@id":"https:\/\/socialdesignmagazine.com\/mag\/green\/rassegna-fotografica-di-ortofabbrica-il-successo-della-bellezza-sostenibile-al-fuorisalone-2013\/#primaryimage"},"image":{"@id":"https:\/\/socialdesignmagazine.com\/mag\/green\/rassegna-fotografica-di-ortofabbrica-il-successo-della-bellezza-sostenibile-al-fuorisalone-2013\/#primaryimage"},"thumbnailUrl":"https:\/\/socialdesignmagazine.com\/mag\/wp-content\/uploads\/2013\/04\/benedetto_ortofabbrica_foto_ortofabbrica_fuorisalone_2013-17.JPG","datePublished":"2013-04-27T06:15:04+00:00","dateModified":"2024-06-02T21:04:43+00:00","description":"Ha riscosso un grande successo l\u2019allestimento di Ortofabbrica al Fuorisalone 2013, ha coinvolto un consorzio di creativi, progettisti, artigiani e imprese uniti da un\u2019unica visione: l\u2019eco-sostenibilit\u00e0.","breadcrumb":{"@id":"https:\/\/socialdesignmagazine.com\/mag\/green\/rassegna-fotografica-di-ortofabbrica-il-successo-della-bellezza-sostenibile-al-fuorisalone-2013\/#breadcrumb"},"inLanguage":"it-IT","potentialAction":[{"@type":"ReadAction","target":["https:\/\/socialdesignmagazine.com\/mag\/green\/rassegna-fotografica-di-ortofabbrica-il-successo-della-bellezza-sostenibile-al-fuorisalone-2013\/"]}]},{"@type":"ImageObject","inLanguage":"it-IT","@id":"https:\/\/socialdesignmagazine.com\/mag\/green\/rassegna-fotografica-di-ortofabbrica-il-successo-della-bellezza-sostenibile-al-fuorisalone-2013\/#primaryimage","url":"https:\/\/socialdesignmagazine.com\/mag\/wp-content\/uploads\/2013\/04\/benedetto_ortofabbrica_foto_ortofabbrica_fuorisalone_2013-17.JPG","contentUrl":"https:\/\/socialdesignmagazine.com\/mag\/wp-content\/uploads\/2013\/04\/benedetto_ortofabbrica_foto_ortofabbrica_fuorisalone_2013-17.JPG","width":720,"height":480,"caption":"ortofabbrica fuorisalone 2013-17"},{"@type":"BreadcrumbList","@id":"https:\/\/socialdesignmagazine.com\/mag\/green\/rassegna-fotografica-di-ortofabbrica-il-successo-della-bellezza-sostenibile-al-fuorisalone-2013\/#breadcrumb","itemListElement":[{"@type":"ListItem","position":1,"name":"Home","item":"https:\/\/socialdesignmagazine.com\/mag\/"},{"@type":"ListItem","position":2,"name":"Green","item":"https:\/\/socialdesignmagazine.com\/mag\/green\/"},{"@type":"ListItem","position":3,"name":"Rassegna fotografica di Ortofabbrica, il successo della bellezza sostenibile al Fuorisalone 2013"}]},{"@type":"WebSite","@id":"https:\/\/socialdesignmagazine.com\/mag\/#website","url":"https:\/\/socialdesignmagazine.com\/mag\/","name":"Social Design Magazine","description":"Social Magazine su Design, Architettura, Arte, Grafica","publisher":{"@id":"https:\/\/socialdesignmagazine.com\/mag\/#organization"},"potentialAction":[{"@type":"SearchAction","target":{"@type":"EntryPoint","urlTemplate":"https:\/\/socialdesignmagazine.com\/mag\/?s={search_term_string}"},"query-input":{"@type":"PropertyValueSpecification","valueRequired":true,"valueName":"search_term_string"}}],"inLanguage":"it-IT"},{"@type":"Organization","@id":"https:\/\/socialdesignmagazine.com\/mag\/#organization","name":"Social Design Magazine","url":"https:\/\/socialdesignmagazine.com\/mag\/","logo":{"@type":"ImageObject","inLanguage":"it-IT","@id":"https:\/\/socialdesignmagazine.com\/mag\/#\/schema\/logo\/image\/","url":"https:\/\/socialdesignmagazine.com\/mag\/wp-content\/uploads\/2017\/01\/logo_favicon_11.png","contentUrl":"https:\/\/socialdesignmagazine.com\/mag\/wp-content\/uploads\/2017\/01\/logo_favicon_11.png","width":1024,"height":1024,"caption":"Social Design Magazine"},"image":{"@id":"https:\/\/socialdesignmagazine.com\/mag\/#\/schema\/logo\/image\/"},"sameAs":["https:\/\/www.facebook.com\/socialdesignmag","https:\/\/x.com\/socialdesignmag","http:\/\/instagram.com\/social_design_magazine\/","http:\/\/pinterest.com\/socialdesignmag\/","http:\/\/www.youtube.com\/user\/socialdesignmagazine"]},{"@type":"Person","@id":"https:\/\/socialdesignmagazine.com\/mag\/#\/schema\/person\/61e20205cc363c315e6aabd33a045846","name":"Benedetto Fiori","image":{"@type":"ImageObject","inLanguage":"it-IT","@id":"https:\/\/secure.gravatar.com\/avatar\/450a48cefa36da63d920ad70aa660bd10725b1c6093800242e5efdb397759033?s=96&d=mm&r=g","url":"https:\/\/secure.gravatar.com\/avatar\/450a48cefa36da63d920ad70aa660bd10725b1c6093800242e5efdb397759033?s=96&d=mm&r=g","contentUrl":"https:\/\/secure.gravatar.com\/avatar\/450a48cefa36da63d920ad70aa660bd10725b1c6093800242e5efdb397759033?s=96&d=mm&r=g","caption":"Benedetto Fiori"},"description":"Web | Twitter | Facebook | Shutterstock Founder &amp; Editor in Chief di Social Design Magazine. Attratto da sempre da tutto ci\u00f2 che \u00e8 creativit\u00e0, design, architettura. Dopo aver studiato Architettura all'Universit\u00e0 di Firenze, si \u00e8 impegnato in molteplici campi: comunicazione grafica, progettazione di allestimenti fieristici, brand design, Interior Design.","sameAs":["http:\/\/benedettofiori.com","https:\/\/www.facebook.com\/benedettofiori","https:\/\/x.com\/benedettofiori"],"url":"https:\/\/socialdesignmagazine.com\/mag\/author\/benedetto\/"}]}},"jetpack_featured_media_url":"https:\/\/socialdesignmagazine.com\/mag\/wp-content\/uploads\/2013\/04\/benedetto_ortofabbrica_foto_ortofabbrica_fuorisalone_2013-17.JPG","jetpack_sharing_enabled":true,"jetpack_shortlink":"https:\/\/wp.me\/p6cV7V-yg","gt_translate_keys":[{"key":"link","format":"url"}],"_links":{"self":[{"href":"https:\/\/socialdesignmagazine.com\/mag\/wp-json\/wp\/v2\/posts\/2124","targetHints":{"allow":["GET"]}}],"collection":[{"href":"https:\/\/socialdesignmagazine.com\/mag\/wp-json\/wp\/v2\/posts"}],"about":[{"href":"https:\/\/socialdesignmagazine.com\/mag\/wp-json\/wp\/v2\/types\/post"}],"author":[{"embeddable":true,"href":"https:\/\/socialdesignmagazine.com\/mag\/wp-json\/wp\/v2\/users\/1"}],"replies":[{"embeddable":true,"href":"https:\/\/socialdesignmagazine.com\/mag\/wp-json\/wp\/v2\/comments?post=2124"}],"version-history":[{"count":1,"href":"https:\/\/socialdesignmagazine.com\/mag\/wp-json\/wp\/v2\/posts\/2124\/revisions"}],"predecessor-version":[{"id":61585,"href":"https:\/\/socialdesignmagazine.com\/mag\/wp-json\/wp\/v2\/posts\/2124\/revisions\/61585"}],"wp:featuredmedia":[{"embeddable":true,"href":"https:\/\/socialdesignmagazine.com\/mag\/wp-json\/wp\/v2\/media\/12458"}],"wp:attachment":[{"href":"https:\/\/socialdesignmagazine.com\/mag\/wp-json\/wp\/v2\/media?parent=2124"}],"wp:term":[{"taxonomy":"category","embeddable":true,"href":"https:\/\/socialdesignmagazine.com\/mag\/wp-json\/wp\/v2\/categories?post=2124"},{"taxonomy":"post_tag","embeddable":true,"href":"https:\/\/socialdesignmagazine.com\/mag\/wp-json\/wp\/v2\/tags?post=2124"}],"curies":[{"name":"wp","href":"https:\/\/api.w.org\/{rel}","templated":true}]}}