{"id":2143,"date":"2013-05-05T10:45:13","date_gmt":"2013-05-05T08:45:13","guid":{"rendered":"https:\/\/socialdesignmagazine.com\/mag\/s8-visual\/c38-visual\/andare-oltre-si-puo-2013-larte-incontra-la-solidarieta\/"},"modified":"2024-06-02T23:34:57","modified_gmt":"2024-06-02T21:34:57","slug":"andare-oltre-si-puo-2013-larte-incontra-la-solidarieta","status":"publish","type":"post","link":"https:\/\/socialdesignmagazine.com\/mag\/visual\/andare-oltre-si-puo-2013-larte-incontra-la-solidarieta\/","title":{"rendered":"Andare oltre si pu\u00f2 2013: l&#8217;arte incontra la solidariet\u00e0","gt_translate_keys":[{"key":"rendered","format":"text"}]},"content":{"rendered":"\n<p>Dopo il successo di Andare oltre si pu\u00f2 2012, l\u2019<strong>Associazione Down Lucca<\/strong> intende dare vita ad un nuovo progetto con l\u2019intento di coinvolgere un pubblico ancora pi\u00f9 ampio. Il Premio <strong>ANDARE OLTRE SI PUO\u2019<\/strong> nasce per stimolare, valorizzare e promuovere la creativit\u00e0 in ambito artistico\/culturale sul tema della solidariet\u00e0 sociale, dei diritti.<\/p>\n\n\n\n<p>Il nome prende ispirazione dal brano scritto da Samuele Cosentino e cantato insieme a Iacopo Grisafi pubblicato nel dicembre 2012. L\u2019arte, in ogni sua forma, \u00e8 un mezzo capace di descrivere, di raccontare, di comunicare.<\/p>\n\n\n\n<p>L\u2019organizzazione invita i partecipanti a sperimentare la propria creativit\u00e0 con il fine di realizzare opere capaci di raccontare l\u2019invito che \u00e8 rivolto ad ognuno di noi: riconoscere l\u2019unicit\u00e0 di chi abbiamo di fronte, anche se vive una condizione speciale, aprendo gli occhi e il cuore.<\/p>\n\n\n\n<p>Le diversit\u00e0, le differenze, gli ostacoli spesso sono frutto di alibi, preconcetti, stereotipi. ANDARE OLTRE SI PUO\u2019 invita gli artisti partecipanti, attraverso le loro opere, a lanciare messaggi di speranza e di superamento delle situazioni di difficolt\u00e0.<\/p>\n","protected":false,"gt_translate_keys":[{"key":"rendered","format":"html"}]},"excerpt":{"rendered":"<p>Dopo il successo di Andare oltre si pu\u00f2 2012, l\u2019Associazione Down Lucca intende dare vita ad un nuovo progetto con l\u2019intento di coinvolgere un pubblico ancora pi\u00f9 ampio.<\/p>\n","protected":false,"gt_translate_keys":[{"key":"rendered","format":"html"}]},"author":1,"featured_media":12583,"comment_status":"open","ping_status":"open","sticky":false,"template":"","format":"standard","meta":{"jetpack_post_was_ever_published":false,"_jetpack_newsletter_access":"","_jetpack_dont_email_post_to_subs":false,"_jetpack_newsletter_tier_id":0,"_jetpack_memberships_contains_paywalled_content":false,"_jetpack_memberships_contains_paid_content":false,"footnotes":"","_wpscppro_dont_share_socialmedia":false,"_wpscppro_custom_social_share_image":0,"_facebook_share_type":"","_twitter_share_type":"","_linkedin_share_type":"","_pinterest_share_type":"","_linkedin_share_type_page":"","_instagram_share_type":"","_medium_share_type":"","_threads_share_type":"","_google_business_share_type":"","_selected_social_profile":[],"_wpsp_enable_custom_social_template":false,"_wpsp_social_scheduling":{"enabled":false,"datetime":null,"platforms":[],"status":"template_only","dateOption":"today","timeOption":"now","customDays":"","customHours":"","customDate":"","customTime":"","schedulingType":"absolute"},"_wpsp_active_default_template":true},"categories":[12],"tags":[102,738,1552,3250],"class_list":["post-2143","post","type-post","status-publish","format-standard","has-post-thumbnail","hentry","category-visual","tag-art","tag-concorso","tag-contest","tag-lucca"],"yoast_head":"<!-- This site is optimized with the Yoast SEO plugin v27.2 - https:\/\/yoast.com\/product\/yoast-seo-wordpress\/ -->\n<title>Andare oltre si pu\u00f2 2013: l&#039;arte incontra la solidariet\u00e0 - Social Design Magazine<\/title>\n<meta name=\"description\" content=\"Dopo il successo di Andare oltre si pu\u00f2 2012, l\u2019Associazione Down Lucca intende dare vita ad un nuovo progetto con l\u2019intento di coinvolgere un pubblico ancora pi\u00f9 ampio.\" \/>\n<meta name=\"robots\" content=\"index, follow, max-snippet:-1, max-image-preview:large, max-video-preview:-1\" \/>\n<link rel=\"canonical\" href=\"https:\/\/socialdesignmagazine.com\/mag\/visual\/andare-oltre-si-puo-2013-larte-incontra-la-solidarieta\/\" \/>\n<meta property=\"og:locale\" content=\"it_IT\" \/>\n<meta property=\"og:type\" content=\"article\" \/>\n<meta property=\"og:title\" content=\"Andare oltre si pu\u00f2 2013: l&#039;arte incontra la solidariet\u00e0 - Social Design Magazine\" \/>\n<meta property=\"og:description\" content=\"Dopo il successo di Andare oltre si pu\u00f2 2012, l\u2019Associazione Down Lucca intende dare vita ad un nuovo progetto con l\u2019intento di coinvolgere un pubblico ancora pi\u00f9 ampio.\" \/>\n<meta property=\"og:url\" content=\"http:\/\/socialdesignmagazine.com\/mag\/visual\/andare-oltre-si-puo-2013-larte-incontra-la-solidarieta\/\" \/>\n<meta property=\"og:site_name\" content=\"Social Design Magazine\" \/>\n<meta property=\"article:publisher\" content=\"https:\/\/www.facebook.com\/socialdesignmag\" \/>\n<meta property=\"article:author\" content=\"https:\/\/www.facebook.com\/benedettofiori\" \/>\n<meta property=\"article:published_time\" content=\"2013-05-05T08:45:13+00:00\" \/>\n<meta property=\"article:modified_time\" content=\"2024-06-02T21:34:57+00:00\" \/>\n<meta property=\"og:image\" content=\"https:\/\/socialdesignmagazine.com\/mag\/wp-content\/uploads\/2013\/05\/benedetto_andareoltresipuo_PROGETTO-2013-1.jpg\" \/>\n\t<meta property=\"og:image:width\" content=\"720\" \/>\n\t<meta property=\"og:image:height\" content=\"466\" \/>\n\t<meta property=\"og:image:type\" content=\"image\/jpeg\" \/>\n<meta name=\"author\" content=\"Benedetto Fiori\" \/>\n<meta name=\"twitter:card\" content=\"summary_large_image\" \/>\n<meta name=\"twitter:creator\" content=\"@benedettofiori\" \/>\n<meta name=\"twitter:site\" content=\"@socialdesignmag\" \/>\n<meta name=\"twitter:label1\" content=\"Scritto da\" \/>\n\t<meta name=\"twitter:data1\" content=\"Benedetto Fiori\" \/>\n\t<meta name=\"twitter:label2\" content=\"Tempo di lettura stimato\" \/>\n\t<meta name=\"twitter:data2\" content=\"2 minuti\" \/>\n<script type=\"application\/ld+json\" class=\"yoast-schema-graph\">{\"@context\":\"https:\/\/schema.org\",\"@graph\":[{\"@type\":\"Article\",\"@id\":\"https:\/\/socialdesignmagazine.com\/mag\/visual\/andare-oltre-si-puo-2013-larte-incontra-la-solidarieta\/#article\",\"isPartOf\":{\"@id\":\"https:\/\/socialdesignmagazine.com\/mag\/visual\/andare-oltre-si-puo-2013-larte-incontra-la-solidarieta\/\"},\"author\":{\"name\":\"Benedetto Fiori\",\"@id\":\"https:\/\/socialdesignmagazine.com\/mag\/#\/schema\/person\/61e20205cc363c315e6aabd33a045846\"},\"headline\":\"Andare oltre si pu\u00f2 2013: l&#8217;arte incontra la solidariet\u00e0\",\"datePublished\":\"2013-05-05T08:45:13+00:00\",\"dateModified\":\"2024-06-02T21:34:57+00:00\",\"mainEntityOfPage\":{\"@id\":\"https:\/\/socialdesignmagazine.com\/mag\/visual\/andare-oltre-si-puo-2013-larte-incontra-la-solidarieta\/\"},\"wordCount\":181,\"commentCount\":0,\"publisher\":{\"@id\":\"https:\/\/socialdesignmagazine.com\/mag\/#organization\"},\"image\":{\"@id\":\"https:\/\/socialdesignmagazine.com\/mag\/visual\/andare-oltre-si-puo-2013-larte-incontra-la-solidarieta\/#primaryimage\"},\"thumbnailUrl\":\"https:\/\/socialdesignmagazine.com\/mag\/wp-content\/uploads\/2013\/05\/benedetto_andareoltresipuo_PROGETTO-2013-1.jpg\",\"keywords\":[\"art\",\"concorso\",\"contest\",\"lucca\"],\"articleSection\":[\"Visual\"],\"inLanguage\":\"it-IT\",\"potentialAction\":[{\"@type\":\"CommentAction\",\"name\":\"Comment\",\"target\":[\"https:\/\/socialdesignmagazine.com\/mag\/visual\/andare-oltre-si-puo-2013-larte-incontra-la-solidarieta\/#respond\"]}]},{\"@type\":\"WebPage\",\"@id\":\"https:\/\/socialdesignmagazine.com\/mag\/visual\/andare-oltre-si-puo-2013-larte-incontra-la-solidarieta\/\",\"url\":\"https:\/\/socialdesignmagazine.com\/mag\/visual\/andare-oltre-si-puo-2013-larte-incontra-la-solidarieta\/\",\"name\":\"Andare oltre si pu\u00f2 2013: l'arte incontra la solidariet\u00e0 - Social Design Magazine\",\"isPartOf\":{\"@id\":\"https:\/\/socialdesignmagazine.com\/mag\/#website\"},\"primaryImageOfPage\":{\"@id\":\"https:\/\/socialdesignmagazine.com\/mag\/visual\/andare-oltre-si-puo-2013-larte-incontra-la-solidarieta\/#primaryimage\"},\"image\":{\"@id\":\"https:\/\/socialdesignmagazine.com\/mag\/visual\/andare-oltre-si-puo-2013-larte-incontra-la-solidarieta\/#primaryimage\"},\"thumbnailUrl\":\"https:\/\/socialdesignmagazine.com\/mag\/wp-content\/uploads\/2013\/05\/benedetto_andareoltresipuo_PROGETTO-2013-1.jpg\",\"datePublished\":\"2013-05-05T08:45:13+00:00\",\"dateModified\":\"2024-06-02T21:34:57+00:00\",\"description\":\"Dopo il successo di Andare oltre si pu\u00f2 2012, l\u2019Associazione Down Lucca intende dare vita ad un nuovo progetto con l\u2019intento di coinvolgere un pubblico ancora pi\u00f9 ampio.\",\"breadcrumb\":{\"@id\":\"https:\/\/socialdesignmagazine.com\/mag\/visual\/andare-oltre-si-puo-2013-larte-incontra-la-solidarieta\/#breadcrumb\"},\"inLanguage\":\"it-IT\",\"potentialAction\":[{\"@type\":\"ReadAction\",\"target\":[\"https:\/\/socialdesignmagazine.com\/mag\/visual\/andare-oltre-si-puo-2013-larte-incontra-la-solidarieta\/\"]}]},{\"@type\":\"ImageObject\",\"inLanguage\":\"it-IT\",\"@id\":\"https:\/\/socialdesignmagazine.com\/mag\/visual\/andare-oltre-si-puo-2013-larte-incontra-la-solidarieta\/#primaryimage\",\"url\":\"https:\/\/socialdesignmagazine.com\/mag\/wp-content\/uploads\/2013\/05\/benedetto_andareoltresipuo_PROGETTO-2013-1.jpg\",\"contentUrl\":\"https:\/\/socialdesignmagazine.com\/mag\/wp-content\/uploads\/2013\/05\/benedetto_andareoltresipuo_PROGETTO-2013-1.jpg\",\"width\":720,\"height\":466,\"caption\":\"PROGETTO-2013-1\"},{\"@type\":\"BreadcrumbList\",\"@id\":\"https:\/\/socialdesignmagazine.com\/mag\/visual\/andare-oltre-si-puo-2013-larte-incontra-la-solidarieta\/#breadcrumb\",\"itemListElement\":[{\"@type\":\"ListItem\",\"position\":1,\"name\":\"Home\",\"item\":\"https:\/\/socialdesignmagazine.com\/mag\/\"},{\"@type\":\"ListItem\",\"position\":2,\"name\":\"Visual\",\"item\":\"https:\/\/socialdesignmagazine.com\/mag\/visual\/\"},{\"@type\":\"ListItem\",\"position\":3,\"name\":\"Andare oltre si pu\u00f2 2013: l&#8217;arte incontra la solidariet\u00e0\"}]},{\"@type\":\"WebSite\",\"@id\":\"https:\/\/socialdesignmagazine.com\/mag\/#website\",\"url\":\"https:\/\/socialdesignmagazine.com\/mag\/\",\"name\":\"Social Design Magazine\",\"description\":\"Social Magazine su Design, Architettura, Arte, Grafica\",\"publisher\":{\"@id\":\"https:\/\/socialdesignmagazine.com\/mag\/#organization\"},\"potentialAction\":[{\"@type\":\"SearchAction\",\"target\":{\"@type\":\"EntryPoint\",\"urlTemplate\":\"https:\/\/socialdesignmagazine.com\/mag\/?s={search_term_string}\"},\"query-input\":{\"@type\":\"PropertyValueSpecification\",\"valueRequired\":true,\"valueName\":\"search_term_string\"}}],\"inLanguage\":\"it-IT\"},{\"@type\":\"Organization\",\"@id\":\"https:\/\/socialdesignmagazine.com\/mag\/#organization\",\"name\":\"Social Design Magazine\",\"url\":\"https:\/\/socialdesignmagazine.com\/mag\/\",\"logo\":{\"@type\":\"ImageObject\",\"inLanguage\":\"it-IT\",\"@id\":\"https:\/\/socialdesignmagazine.com\/mag\/#\/schema\/logo\/image\/\",\"url\":\"https:\/\/socialdesignmagazine.com\/mag\/wp-content\/uploads\/2017\/01\/logo_favicon_11.png\",\"contentUrl\":\"https:\/\/socialdesignmagazine.com\/mag\/wp-content\/uploads\/2017\/01\/logo_favicon_11.png\",\"width\":1024,\"height\":1024,\"caption\":\"Social Design Magazine\"},\"image\":{\"@id\":\"https:\/\/socialdesignmagazine.com\/mag\/#\/schema\/logo\/image\/\"},\"sameAs\":[\"https:\/\/www.facebook.com\/socialdesignmag\",\"https:\/\/x.com\/socialdesignmag\",\"http:\/\/instagram.com\/social_design_magazine\/\",\"http:\/\/pinterest.com\/socialdesignmag\/\",\"http:\/\/www.youtube.com\/user\/socialdesignmagazine\"]},{\"@type\":\"Person\",\"@id\":\"https:\/\/socialdesignmagazine.com\/mag\/#\/schema\/person\/61e20205cc363c315e6aabd33a045846\",\"name\":\"Benedetto Fiori\",\"image\":{\"@type\":\"ImageObject\",\"inLanguage\":\"it-IT\",\"@id\":\"https:\/\/secure.gravatar.com\/avatar\/450a48cefa36da63d920ad70aa660bd10725b1c6093800242e5efdb397759033?s=96&d=mm&r=g\",\"url\":\"https:\/\/secure.gravatar.com\/avatar\/450a48cefa36da63d920ad70aa660bd10725b1c6093800242e5efdb397759033?s=96&d=mm&r=g\",\"contentUrl\":\"https:\/\/secure.gravatar.com\/avatar\/450a48cefa36da63d920ad70aa660bd10725b1c6093800242e5efdb397759033?s=96&d=mm&r=g\",\"caption\":\"Benedetto Fiori\"},\"description\":\"Web | Twitter | Facebook | Shutterstock Founder &amp; Editor in Chief di Social Design Magazine. Attratto da sempre da tutto ci\u00f2 che \u00e8 creativit\u00e0, design, architettura. Dopo aver studiato Architettura all'Universit\u00e0 di Firenze, si \u00e8 impegnato in molteplici campi: comunicazione grafica, progettazione di allestimenti fieristici, brand design, Interior Design.\",\"sameAs\":[\"http:\/\/benedettofiori.com\",\"https:\/\/www.facebook.com\/benedettofiori\",\"https:\/\/x.com\/benedettofiori\"],\"url\":\"https:\/\/socialdesignmagazine.com\/mag\/author\/benedetto\/\"}]}<\/script>\n<!-- \/ Yoast SEO plugin. -->","yoast_head_json":{"title":"Andare oltre si pu\u00f2 2013: l'arte incontra la solidariet\u00e0 - Social Design Magazine","description":"Dopo il successo di Andare oltre si pu\u00f2 2012, l\u2019Associazione Down Lucca intende dare vita ad un nuovo progetto con l\u2019intento di coinvolgere un pubblico ancora pi\u00f9 ampio.","robots":{"index":"index","follow":"follow","max-snippet":"max-snippet:-1","max-image-preview":"max-image-preview:large","max-video-preview":"max-video-preview:-1"},"canonical":"https:\/\/socialdesignmagazine.com\/mag\/visual\/andare-oltre-si-puo-2013-larte-incontra-la-solidarieta\/","og_locale":"it_IT","og_type":"article","og_title":"Andare oltre si pu\u00f2 2013: l'arte incontra la solidariet\u00e0 - Social Design Magazine","og_description":"Dopo il successo di Andare oltre si pu\u00f2 2012, l\u2019Associazione Down Lucca intende dare vita ad un nuovo progetto con l\u2019intento di coinvolgere un pubblico ancora pi\u00f9 ampio.","og_url":"http:\/\/socialdesignmagazine.com\/mag\/visual\/andare-oltre-si-puo-2013-larte-incontra-la-solidarieta\/","og_site_name":"Social Design Magazine","article_publisher":"https:\/\/www.facebook.com\/socialdesignmag","article_author":"https:\/\/www.facebook.com\/benedettofiori","article_published_time":"2013-05-05T08:45:13+00:00","article_modified_time":"2024-06-02T21:34:57+00:00","og_image":[{"width":720,"height":466,"url":"https:\/\/socialdesignmagazine.com\/mag\/wp-content\/uploads\/2013\/05\/benedetto_andareoltresipuo_PROGETTO-2013-1.jpg","type":"image\/jpeg"}],"author":"Benedetto Fiori","twitter_card":"summary_large_image","twitter_creator":"@benedettofiori","twitter_site":"@socialdesignmag","twitter_misc":{"Scritto da":"Benedetto Fiori","Tempo di lettura stimato":"2 minuti"},"schema":{"@context":"https:\/\/schema.org","@graph":[{"@type":"Article","@id":"https:\/\/socialdesignmagazine.com\/mag\/visual\/andare-oltre-si-puo-2013-larte-incontra-la-solidarieta\/#article","isPartOf":{"@id":"https:\/\/socialdesignmagazine.com\/mag\/visual\/andare-oltre-si-puo-2013-larte-incontra-la-solidarieta\/"},"author":{"name":"Benedetto Fiori","@id":"https:\/\/socialdesignmagazine.com\/mag\/#\/schema\/person\/61e20205cc363c315e6aabd33a045846"},"headline":"Andare oltre si pu\u00f2 2013: l&#8217;arte incontra la solidariet\u00e0","datePublished":"2013-05-05T08:45:13+00:00","dateModified":"2024-06-02T21:34:57+00:00","mainEntityOfPage":{"@id":"https:\/\/socialdesignmagazine.com\/mag\/visual\/andare-oltre-si-puo-2013-larte-incontra-la-solidarieta\/"},"wordCount":181,"commentCount":0,"publisher":{"@id":"https:\/\/socialdesignmagazine.com\/mag\/#organization"},"image":{"@id":"https:\/\/socialdesignmagazine.com\/mag\/visual\/andare-oltre-si-puo-2013-larte-incontra-la-solidarieta\/#primaryimage"},"thumbnailUrl":"https:\/\/socialdesignmagazine.com\/mag\/wp-content\/uploads\/2013\/05\/benedetto_andareoltresipuo_PROGETTO-2013-1.jpg","keywords":["art","concorso","contest","lucca"],"articleSection":["Visual"],"inLanguage":"it-IT","potentialAction":[{"@type":"CommentAction","name":"Comment","target":["https:\/\/socialdesignmagazine.com\/mag\/visual\/andare-oltre-si-puo-2013-larte-incontra-la-solidarieta\/#respond"]}]},{"@type":"WebPage","@id":"https:\/\/socialdesignmagazine.com\/mag\/visual\/andare-oltre-si-puo-2013-larte-incontra-la-solidarieta\/","url":"https:\/\/socialdesignmagazine.com\/mag\/visual\/andare-oltre-si-puo-2013-larte-incontra-la-solidarieta\/","name":"Andare oltre si pu\u00f2 2013: l'arte incontra la solidariet\u00e0 - Social Design Magazine","isPartOf":{"@id":"https:\/\/socialdesignmagazine.com\/mag\/#website"},"primaryImageOfPage":{"@id":"https:\/\/socialdesignmagazine.com\/mag\/visual\/andare-oltre-si-puo-2013-larte-incontra-la-solidarieta\/#primaryimage"},"image":{"@id":"https:\/\/socialdesignmagazine.com\/mag\/visual\/andare-oltre-si-puo-2013-larte-incontra-la-solidarieta\/#primaryimage"},"thumbnailUrl":"https:\/\/socialdesignmagazine.com\/mag\/wp-content\/uploads\/2013\/05\/benedetto_andareoltresipuo_PROGETTO-2013-1.jpg","datePublished":"2013-05-05T08:45:13+00:00","dateModified":"2024-06-02T21:34:57+00:00","description":"Dopo il successo di Andare oltre si pu\u00f2 2012, l\u2019Associazione Down Lucca intende dare vita ad un nuovo progetto con l\u2019intento di coinvolgere un pubblico ancora pi\u00f9 ampio.","breadcrumb":{"@id":"https:\/\/socialdesignmagazine.com\/mag\/visual\/andare-oltre-si-puo-2013-larte-incontra-la-solidarieta\/#breadcrumb"},"inLanguage":"it-IT","potentialAction":[{"@type":"ReadAction","target":["https:\/\/socialdesignmagazine.com\/mag\/visual\/andare-oltre-si-puo-2013-larte-incontra-la-solidarieta\/"]}]},{"@type":"ImageObject","inLanguage":"it-IT","@id":"https:\/\/socialdesignmagazine.com\/mag\/visual\/andare-oltre-si-puo-2013-larte-incontra-la-solidarieta\/#primaryimage","url":"https:\/\/socialdesignmagazine.com\/mag\/wp-content\/uploads\/2013\/05\/benedetto_andareoltresipuo_PROGETTO-2013-1.jpg","contentUrl":"https:\/\/socialdesignmagazine.com\/mag\/wp-content\/uploads\/2013\/05\/benedetto_andareoltresipuo_PROGETTO-2013-1.jpg","width":720,"height":466,"caption":"PROGETTO-2013-1"},{"@type":"BreadcrumbList","@id":"https:\/\/socialdesignmagazine.com\/mag\/visual\/andare-oltre-si-puo-2013-larte-incontra-la-solidarieta\/#breadcrumb","itemListElement":[{"@type":"ListItem","position":1,"name":"Home","item":"https:\/\/socialdesignmagazine.com\/mag\/"},{"@type":"ListItem","position":2,"name":"Visual","item":"https:\/\/socialdesignmagazine.com\/mag\/visual\/"},{"@type":"ListItem","position":3,"name":"Andare oltre si pu\u00f2 2013: l&#8217;arte incontra la solidariet\u00e0"}]},{"@type":"WebSite","@id":"https:\/\/socialdesignmagazine.com\/mag\/#website","url":"https:\/\/socialdesignmagazine.com\/mag\/","name":"Social Design Magazine","description":"Social Magazine su Design, Architettura, Arte, Grafica","publisher":{"@id":"https:\/\/socialdesignmagazine.com\/mag\/#organization"},"potentialAction":[{"@type":"SearchAction","target":{"@type":"EntryPoint","urlTemplate":"https:\/\/socialdesignmagazine.com\/mag\/?s={search_term_string}"},"query-input":{"@type":"PropertyValueSpecification","valueRequired":true,"valueName":"search_term_string"}}],"inLanguage":"it-IT"},{"@type":"Organization","@id":"https:\/\/socialdesignmagazine.com\/mag\/#organization","name":"Social Design Magazine","url":"https:\/\/socialdesignmagazine.com\/mag\/","logo":{"@type":"ImageObject","inLanguage":"it-IT","@id":"https:\/\/socialdesignmagazine.com\/mag\/#\/schema\/logo\/image\/","url":"https:\/\/socialdesignmagazine.com\/mag\/wp-content\/uploads\/2017\/01\/logo_favicon_11.png","contentUrl":"https:\/\/socialdesignmagazine.com\/mag\/wp-content\/uploads\/2017\/01\/logo_favicon_11.png","width":1024,"height":1024,"caption":"Social Design Magazine"},"image":{"@id":"https:\/\/socialdesignmagazine.com\/mag\/#\/schema\/logo\/image\/"},"sameAs":["https:\/\/www.facebook.com\/socialdesignmag","https:\/\/x.com\/socialdesignmag","http:\/\/instagram.com\/social_design_magazine\/","http:\/\/pinterest.com\/socialdesignmag\/","http:\/\/www.youtube.com\/user\/socialdesignmagazine"]},{"@type":"Person","@id":"https:\/\/socialdesignmagazine.com\/mag\/#\/schema\/person\/61e20205cc363c315e6aabd33a045846","name":"Benedetto Fiori","image":{"@type":"ImageObject","inLanguage":"it-IT","@id":"https:\/\/secure.gravatar.com\/avatar\/450a48cefa36da63d920ad70aa660bd10725b1c6093800242e5efdb397759033?s=96&d=mm&r=g","url":"https:\/\/secure.gravatar.com\/avatar\/450a48cefa36da63d920ad70aa660bd10725b1c6093800242e5efdb397759033?s=96&d=mm&r=g","contentUrl":"https:\/\/secure.gravatar.com\/avatar\/450a48cefa36da63d920ad70aa660bd10725b1c6093800242e5efdb397759033?s=96&d=mm&r=g","caption":"Benedetto Fiori"},"description":"Web | Twitter | Facebook | Shutterstock Founder &amp; Editor in Chief di Social Design Magazine. Attratto da sempre da tutto ci\u00f2 che \u00e8 creativit\u00e0, design, architettura. Dopo aver studiato Architettura all'Universit\u00e0 di Firenze, si \u00e8 impegnato in molteplici campi: comunicazione grafica, progettazione di allestimenti fieristici, brand design, Interior Design.","sameAs":["http:\/\/benedettofiori.com","https:\/\/www.facebook.com\/benedettofiori","https:\/\/x.com\/benedettofiori"],"url":"https:\/\/socialdesignmagazine.com\/mag\/author\/benedetto\/"}]}},"jetpack_featured_media_url":"https:\/\/socialdesignmagazine.com\/mag\/wp-content\/uploads\/2013\/05\/benedetto_andareoltresipuo_PROGETTO-2013-1.jpg","jetpack_sharing_enabled":true,"jetpack_shortlink":"https:\/\/wp.me\/p6cV7V-yz","gt_translate_keys":[{"key":"link","format":"url"}],"_links":{"self":[{"href":"https:\/\/socialdesignmagazine.com\/mag\/wp-json\/wp\/v2\/posts\/2143","targetHints":{"allow":["GET"]}}],"collection":[{"href":"https:\/\/socialdesignmagazine.com\/mag\/wp-json\/wp\/v2\/posts"}],"about":[{"href":"https:\/\/socialdesignmagazine.com\/mag\/wp-json\/wp\/v2\/types\/post"}],"author":[{"embeddable":true,"href":"https:\/\/socialdesignmagazine.com\/mag\/wp-json\/wp\/v2\/users\/1"}],"replies":[{"embeddable":true,"href":"https:\/\/socialdesignmagazine.com\/mag\/wp-json\/wp\/v2\/comments?post=2143"}],"version-history":[{"count":1,"href":"https:\/\/socialdesignmagazine.com\/mag\/wp-json\/wp\/v2\/posts\/2143\/revisions"}],"predecessor-version":[{"id":61604,"href":"https:\/\/socialdesignmagazine.com\/mag\/wp-json\/wp\/v2\/posts\/2143\/revisions\/61604"}],"wp:featuredmedia":[{"embeddable":true,"href":"https:\/\/socialdesignmagazine.com\/mag\/wp-json\/wp\/v2\/media\/12583"}],"wp:attachment":[{"href":"https:\/\/socialdesignmagazine.com\/mag\/wp-json\/wp\/v2\/media?parent=2143"}],"wp:term":[{"taxonomy":"category","embeddable":true,"href":"https:\/\/socialdesignmagazine.com\/mag\/wp-json\/wp\/v2\/categories?post=2143"},{"taxonomy":"post_tag","embeddable":true,"href":"https:\/\/socialdesignmagazine.com\/mag\/wp-json\/wp\/v2\/tags?post=2143"}],"curies":[{"name":"wp","href":"https:\/\/api.w.org\/{rel}","templated":true}]}}