{"id":218,"date":"2011-03-22T15:30:00","date_gmt":"2011-03-22T14:30:00","guid":{"rendered":"https:\/\/socialdesignmagazine.com\/mag\/s6-design\/c35-design\/anteprima-salone-del-mobile-2011-euroluce-uno-nicola-grandesso-per-de-majo\/"},"modified":"2023-10-10T19:44:33","modified_gmt":"2023-10-10T17:44:33","slug":"anteprima-salone-del-mobile-2011-euroluce-uno-nicola-grandesso-per-de-majo","status":"publish","type":"post","link":"https:\/\/socialdesignmagazine.com\/mag\/design\/anteprima-salone-del-mobile-2011-euroluce-uno-nicola-grandesso-per-de-majo\/","title":{"rendered":"Anteprima Salone del Mobile 2011 \/ euroluce, UNO, Nicola Grandesso per De Majo","gt_translate_keys":[{"key":"rendered","format":"text"}]},"content":{"rendered":"\n<h2 class=\"wp-block-heading\">La storica azienda veneta <a class=\"jcepopup\" href=\"http:\/\/www.demajoilluminazione.com\/\" rel=\"nofollow\">De Majo Illuminazione<\/a> torna al tradizionale appuntamento milanese con due nuovi progetti, che saranno presentati in occasione di Euroluce 2011.<br><\/h2>\n\n\n\n<p>Inserita nella collezione contemporanea, la nuova lampada Uno \u00e8 composta da una struttura in metallo verniciato con diffusore in vetro soffiato bianco lucido.<br>Il tema della sfera in vetro bianco &#8211; caro alla produzione de Majo &#8211; \u00e8 riproposto in una veste nuova, dove il colore diventa protagonista e gioca con un design frizzante e contemporaneo.<br>La montatura in metallo, infatti, \u00e8 disponibile in 20 varianti colore: dal verde menta al magenta, dal rosa pastello al nero intenso.<\/p>\n\n\n\n<p>Ironica e vivace, la lampada firmata dal designer <a class=\"jcepopup\" href=\"http:\/\/www.archiportale.com\/progettisti\/SchedaProgettista.asp?id=112025\" rel=\"nofollow\">Nicola Grandesso<\/a> \u00e8 disponibile nella versione da tavolo, da comodino, da terra e da lettura.<\/p>\n\n\n<div class=\"wp-block-image\">\n<figure class=\"aligncenter\"><img loading=\"lazy\" decoding=\"async\" width=\"720\" height=\"540\" data-attachment-id=\"5133\" data-permalink=\"https:\/\/socialdesignmagazine.com\/mag\/design\/anteprima-salone-del-mobile-2011-euroluce-uno-nicola-grandesso-per-de-majo\/attachment\/uno_design_nicola_grandesso\/#content\" data-orig-file=\"https:\/\/socialdesignmagazine.com\/mag\/wp-content\/uploads\/2011\/03\/benedetto_uno_nicola_grandesso_per_majo_Uno_design_Nicola_Grandesso.jpeg\" data-orig-size=\"720,540\" data-comments-opened=\"1\" data-image-meta=\"{&quot;aperture&quot;:&quot;0&quot;,&quot;credit&quot;:&quot;&quot;,&quot;camera&quot;:&quot;&quot;,&quot;caption&quot;:&quot;&quot;,&quot;created_timestamp&quot;:&quot;0&quot;,&quot;copyright&quot;:&quot;&quot;,&quot;focal_length&quot;:&quot;0&quot;,&quot;iso&quot;:&quot;0&quot;,&quot;shutter_speed&quot;:&quot;0&quot;,&quot;title&quot;:&quot;&quot;,&quot;orientation&quot;:&quot;0&quot;}\" data-image-title=\"Uno_design_Nicola_Grandesso\" data-image-description=\"\" data-image-caption=\"\" data-medium-file=\"https:\/\/socialdesignmagazine.com\/mag\/wp-content\/uploads\/2011\/03\/benedetto_uno_nicola_grandesso_per_majo_Uno_design_Nicola_Grandesso-396x256.jpeg\" data-large-file=\"https:\/\/socialdesignmagazine.com\/mag\/wp-content\/uploads\/2011\/03\/benedetto_uno_nicola_grandesso_per_majo_Uno_design_Nicola_Grandesso.jpeg\" src=\"https:\/\/socialdesignmagazine.com\/mag\/wp-content\/uploads\/2011\/03\/benedetto_uno_nicola_grandesso_per_majo_Uno_design_Nicola_Grandesso.jpeg\" alt=\"Uno_design_Nicola_Grandesso\" class=\"wp-image-5133\"\/><\/figure>\n<\/div>","protected":false,"gt_translate_keys":[{"key":"rendered","format":"html"}]},"excerpt":{"rendered":"<p>La storica azienda veneta De Majo Illuminazione torna al tradizionale appuntamento milanese con due nuovi progetti, che saranno presentati in occasione di Euroluce 2011.<\/p>\n","protected":false,"gt_translate_keys":[{"key":"rendered","format":"html"}]},"author":1,"featured_media":5132,"comment_status":"open","ping_status":"open","sticky":false,"template":"","format":"standard","meta":{"jetpack_post_was_ever_published":false,"_jetpack_newsletter_access":"","_jetpack_dont_email_post_to_subs":false,"_jetpack_newsletter_tier_id":0,"_jetpack_memberships_contains_paywalled_content":false,"_jetpack_memberships_contains_paid_content":false,"footnotes":"","_wpscppro_dont_share_socialmedia":false,"_wpscppro_custom_social_share_image":0,"_facebook_share_type":"","_twitter_share_type":"","_linkedin_share_type":"","_pinterest_share_type":"","_linkedin_share_type_page":"","_instagram_share_type":"","_medium_share_type":"","_threads_share_type":"","_google_business_share_type":"","_selected_social_profile":[],"_wpsp_enable_custom_social_template":false,"_wpsp_social_scheduling":{"enabled":false,"datetime":null,"platforms":[],"status":"template_only","dateOption":"today","timeOption":"now","customDays":"","customHours":"","customDate":"","customTime":"","schedulingType":"absolute"},"_wpsp_active_default_template":true},"categories":[13],"tags":[1049,898],"class_list":["post-218","post","type-post","status-publish","format-standard","has-post-thumbnail","hentry","category-design","tag-euroluce","tag-salone-del-mobile-2011-milano"],"yoast_head":"<!-- This site is optimized with the Yoast SEO plugin v27.2 - https:\/\/yoast.com\/product\/yoast-seo-wordpress\/ -->\n<title>Anteprima Salone del Mobile 2011 \/ euroluce, UNO, Nicola Grandesso per De Majo - Social Design Magazine<\/title>\n<meta name=\"description\" content=\"La storica azienda veneta De Majo Illuminazione torna al tradizionale appuntamento milanese con due nuovi progetti, che saranno presentati in occasione di Euroluce 2011.\" \/>\n<meta name=\"robots\" content=\"index, follow, max-snippet:-1, max-image-preview:large, max-video-preview:-1\" \/>\n<link rel=\"canonical\" href=\"https:\/\/socialdesignmagazine.com\/mag\/design\/anteprima-salone-del-mobile-2011-euroluce-uno-nicola-grandesso-per-de-majo\/\" \/>\n<meta property=\"og:locale\" content=\"it_IT\" \/>\n<meta property=\"og:type\" content=\"article\" \/>\n<meta property=\"og:title\" content=\"Anteprima Salone del Mobile 2011 \/ euroluce, UNO, Nicola Grandesso per De Majo - Social Design Magazine\" \/>\n<meta property=\"og:description\" content=\"La storica azienda veneta De Majo Illuminazione torna al tradizionale appuntamento milanese con due nuovi progetti, che saranno presentati in occasione di Euroluce 2011.\" \/>\n<meta property=\"og:url\" content=\"http:\/\/socialdesignmagazine.com\/mag\/design\/anteprima-salone-del-mobile-2011-euroluce-uno-nicola-grandesso-per-de-majo\/\" \/>\n<meta property=\"og:site_name\" content=\"Social Design Magazine\" \/>\n<meta property=\"article:publisher\" content=\"https:\/\/www.facebook.com\/socialdesignmag\" \/>\n<meta property=\"article:author\" content=\"https:\/\/www.facebook.com\/benedettofiori\" \/>\n<meta property=\"article:published_time\" content=\"2011-03-22T14:30:00+00:00\" \/>\n<meta property=\"article:modified_time\" content=\"2023-10-10T17:44:33+00:00\" \/>\n<meta property=\"og:image\" content=\"https:\/\/socialdesignmagazine.com\/mag\/wp-content\/uploads\/2011\/03\/benedetto_uno_nicola_grandesso_per_majo_Uno_design_Nicola_Grandesso_03.jpeg\" \/>\n\t<meta property=\"og:image:width\" content=\"720\" \/>\n\t<meta property=\"og:image:height\" content=\"540\" \/>\n\t<meta property=\"og:image:type\" content=\"image\/jpeg\" \/>\n<meta name=\"author\" content=\"Benedetto Fiori\" \/>\n<meta name=\"twitter:card\" content=\"summary_large_image\" \/>\n<meta name=\"twitter:creator\" content=\"@benedettofiori\" \/>\n<meta name=\"twitter:site\" content=\"@socialdesignmag\" \/>\n<meta name=\"twitter:label1\" content=\"Scritto da\" \/>\n\t<meta name=\"twitter:data1\" content=\"Benedetto Fiori\" \/>\n\t<meta name=\"twitter:label2\" content=\"Tempo di lettura stimato\" \/>\n\t<meta name=\"twitter:data2\" content=\"1 minuto\" \/>\n<script type=\"application\/ld+json\" class=\"yoast-schema-graph\">{\"@context\":\"https:\/\/schema.org\",\"@graph\":[{\"@type\":\"Article\",\"@id\":\"https:\/\/socialdesignmagazine.com\/mag\/design\/anteprima-salone-del-mobile-2011-euroluce-uno-nicola-grandesso-per-de-majo\/#article\",\"isPartOf\":{\"@id\":\"https:\/\/socialdesignmagazine.com\/mag\/design\/anteprima-salone-del-mobile-2011-euroluce-uno-nicola-grandesso-per-de-majo\/\"},\"author\":{\"name\":\"Benedetto Fiori\",\"@id\":\"https:\/\/socialdesignmagazine.com\/mag\/#\/schema\/person\/61e20205cc363c315e6aabd33a045846\"},\"headline\":\"Anteprima Salone del Mobile 2011 \/ euroluce, UNO, Nicola Grandesso per De Majo\",\"datePublished\":\"2011-03-22T14:30:00+00:00\",\"dateModified\":\"2023-10-10T17:44:33+00:00\",\"mainEntityOfPage\":{\"@id\":\"https:\/\/socialdesignmagazine.com\/mag\/design\/anteprima-salone-del-mobile-2011-euroluce-uno-nicola-grandesso-per-de-majo\/\"},\"wordCount\":130,\"commentCount\":0,\"publisher\":{\"@id\":\"https:\/\/socialdesignmagazine.com\/mag\/#organization\"},\"image\":{\"@id\":\"https:\/\/socialdesignmagazine.com\/mag\/design\/anteprima-salone-del-mobile-2011-euroluce-uno-nicola-grandesso-per-de-majo\/#primaryimage\"},\"thumbnailUrl\":\"https:\/\/socialdesignmagazine.com\/mag\/wp-content\/uploads\/2011\/03\/benedetto_uno_nicola_grandesso_per_majo_Uno_design_Nicola_Grandesso_03.jpeg\",\"keywords\":[\"euroluce\",\"salone del mobile 2011 milano\"],\"articleSection\":[\"Design\"],\"inLanguage\":\"it-IT\",\"potentialAction\":[{\"@type\":\"CommentAction\",\"name\":\"Comment\",\"target\":[\"https:\/\/socialdesignmagazine.com\/mag\/design\/anteprima-salone-del-mobile-2011-euroluce-uno-nicola-grandesso-per-de-majo\/#respond\"]}]},{\"@type\":\"WebPage\",\"@id\":\"https:\/\/socialdesignmagazine.com\/mag\/design\/anteprima-salone-del-mobile-2011-euroluce-uno-nicola-grandesso-per-de-majo\/\",\"url\":\"https:\/\/socialdesignmagazine.com\/mag\/design\/anteprima-salone-del-mobile-2011-euroluce-uno-nicola-grandesso-per-de-majo\/\",\"name\":\"Anteprima Salone del Mobile 2011 \/ euroluce, UNO, Nicola Grandesso per De Majo - Social Design Magazine\",\"isPartOf\":{\"@id\":\"https:\/\/socialdesignmagazine.com\/mag\/#website\"},\"primaryImageOfPage\":{\"@id\":\"https:\/\/socialdesignmagazine.com\/mag\/design\/anteprima-salone-del-mobile-2011-euroluce-uno-nicola-grandesso-per-de-majo\/#primaryimage\"},\"image\":{\"@id\":\"https:\/\/socialdesignmagazine.com\/mag\/design\/anteprima-salone-del-mobile-2011-euroluce-uno-nicola-grandesso-per-de-majo\/#primaryimage\"},\"thumbnailUrl\":\"https:\/\/socialdesignmagazine.com\/mag\/wp-content\/uploads\/2011\/03\/benedetto_uno_nicola_grandesso_per_majo_Uno_design_Nicola_Grandesso_03.jpeg\",\"datePublished\":\"2011-03-22T14:30:00+00:00\",\"dateModified\":\"2023-10-10T17:44:33+00:00\",\"description\":\"La storica azienda veneta De Majo Illuminazione torna al tradizionale appuntamento milanese con due nuovi progetti, che saranno presentati in occasione di Euroluce 2011.\",\"breadcrumb\":{\"@id\":\"https:\/\/socialdesignmagazine.com\/mag\/design\/anteprima-salone-del-mobile-2011-euroluce-uno-nicola-grandesso-per-de-majo\/#breadcrumb\"},\"inLanguage\":\"it-IT\",\"potentialAction\":[{\"@type\":\"ReadAction\",\"target\":[\"https:\/\/socialdesignmagazine.com\/mag\/design\/anteprima-salone-del-mobile-2011-euroluce-uno-nicola-grandesso-per-de-majo\/\"]}]},{\"@type\":\"ImageObject\",\"inLanguage\":\"it-IT\",\"@id\":\"https:\/\/socialdesignmagazine.com\/mag\/design\/anteprima-salone-del-mobile-2011-euroluce-uno-nicola-grandesso-per-de-majo\/#primaryimage\",\"url\":\"https:\/\/socialdesignmagazine.com\/mag\/wp-content\/uploads\/2011\/03\/benedetto_uno_nicola_grandesso_per_majo_Uno_design_Nicola_Grandesso_03.jpeg\",\"contentUrl\":\"https:\/\/socialdesignmagazine.com\/mag\/wp-content\/uploads\/2011\/03\/benedetto_uno_nicola_grandesso_per_majo_Uno_design_Nicola_Grandesso_03.jpeg\",\"width\":720,\"height\":540,\"caption\":\"Uno_design_Nicola_Grandesso_03\"},{\"@type\":\"BreadcrumbList\",\"@id\":\"https:\/\/socialdesignmagazine.com\/mag\/design\/anteprima-salone-del-mobile-2011-euroluce-uno-nicola-grandesso-per-de-majo\/#breadcrumb\",\"itemListElement\":[{\"@type\":\"ListItem\",\"position\":1,\"name\":\"Home\",\"item\":\"https:\/\/socialdesignmagazine.com\/mag\/\"},{\"@type\":\"ListItem\",\"position\":2,\"name\":\"Design\",\"item\":\"https:\/\/socialdesignmagazine.com\/mag\/design\/\"},{\"@type\":\"ListItem\",\"position\":3,\"name\":\"Anteprima Salone del Mobile 2011 \/ euroluce, UNO, Nicola Grandesso per De Majo\"}]},{\"@type\":\"WebSite\",\"@id\":\"https:\/\/socialdesignmagazine.com\/mag\/#website\",\"url\":\"https:\/\/socialdesignmagazine.com\/mag\/\",\"name\":\"Social Design Magazine\",\"description\":\"Social Magazine su Design, Architettura, Arte, Grafica\",\"publisher\":{\"@id\":\"https:\/\/socialdesignmagazine.com\/mag\/#organization\"},\"potentialAction\":[{\"@type\":\"SearchAction\",\"target\":{\"@type\":\"EntryPoint\",\"urlTemplate\":\"https:\/\/socialdesignmagazine.com\/mag\/?s={search_term_string}\"},\"query-input\":{\"@type\":\"PropertyValueSpecification\",\"valueRequired\":true,\"valueName\":\"search_term_string\"}}],\"inLanguage\":\"it-IT\"},{\"@type\":\"Organization\",\"@id\":\"https:\/\/socialdesignmagazine.com\/mag\/#organization\",\"name\":\"Social Design Magazine\",\"url\":\"https:\/\/socialdesignmagazine.com\/mag\/\",\"logo\":{\"@type\":\"ImageObject\",\"inLanguage\":\"it-IT\",\"@id\":\"https:\/\/socialdesignmagazine.com\/mag\/#\/schema\/logo\/image\/\",\"url\":\"https:\/\/socialdesignmagazine.com\/mag\/wp-content\/uploads\/2017\/01\/logo_favicon_11.png\",\"contentUrl\":\"https:\/\/socialdesignmagazine.com\/mag\/wp-content\/uploads\/2017\/01\/logo_favicon_11.png\",\"width\":1024,\"height\":1024,\"caption\":\"Social Design Magazine\"},\"image\":{\"@id\":\"https:\/\/socialdesignmagazine.com\/mag\/#\/schema\/logo\/image\/\"},\"sameAs\":[\"https:\/\/www.facebook.com\/socialdesignmag\",\"https:\/\/x.com\/socialdesignmag\",\"http:\/\/instagram.com\/social_design_magazine\/\",\"http:\/\/pinterest.com\/socialdesignmag\/\",\"http:\/\/www.youtube.com\/user\/socialdesignmagazine\"]},{\"@type\":\"Person\",\"@id\":\"https:\/\/socialdesignmagazine.com\/mag\/#\/schema\/person\/61e20205cc363c315e6aabd33a045846\",\"name\":\"Benedetto Fiori\",\"image\":{\"@type\":\"ImageObject\",\"inLanguage\":\"it-IT\",\"@id\":\"https:\/\/secure.gravatar.com\/avatar\/450a48cefa36da63d920ad70aa660bd10725b1c6093800242e5efdb397759033?s=96&d=mm&r=g\",\"url\":\"https:\/\/secure.gravatar.com\/avatar\/450a48cefa36da63d920ad70aa660bd10725b1c6093800242e5efdb397759033?s=96&d=mm&r=g\",\"contentUrl\":\"https:\/\/secure.gravatar.com\/avatar\/450a48cefa36da63d920ad70aa660bd10725b1c6093800242e5efdb397759033?s=96&d=mm&r=g\",\"caption\":\"Benedetto Fiori\"},\"description\":\"Web | Twitter | Facebook | Shutterstock Founder &amp; Editor in Chief di Social Design Magazine. Attratto da sempre da tutto ci\u00f2 che \u00e8 creativit\u00e0, design, architettura. Dopo aver studiato Architettura all'Universit\u00e0 di Firenze, si \u00e8 impegnato in molteplici campi: comunicazione grafica, progettazione di allestimenti fieristici, brand design, Interior Design.\",\"sameAs\":[\"http:\/\/benedettofiori.com\",\"https:\/\/www.facebook.com\/benedettofiori\",\"https:\/\/x.com\/benedettofiori\"],\"url\":\"https:\/\/socialdesignmagazine.com\/mag\/author\/benedetto\/\"}]}<\/script>\n<!-- \/ Yoast SEO plugin. -->","yoast_head_json":{"title":"Anteprima Salone del Mobile 2011 \/ euroluce, UNO, Nicola Grandesso per De Majo - Social Design Magazine","description":"La storica azienda veneta De Majo Illuminazione torna al tradizionale appuntamento milanese con due nuovi progetti, che saranno presentati in occasione di Euroluce 2011.","robots":{"index":"index","follow":"follow","max-snippet":"max-snippet:-1","max-image-preview":"max-image-preview:large","max-video-preview":"max-video-preview:-1"},"canonical":"https:\/\/socialdesignmagazine.com\/mag\/design\/anteprima-salone-del-mobile-2011-euroluce-uno-nicola-grandesso-per-de-majo\/","og_locale":"it_IT","og_type":"article","og_title":"Anteprima Salone del Mobile 2011 \/ euroluce, UNO, Nicola Grandesso per De Majo - Social Design Magazine","og_description":"La storica azienda veneta De Majo Illuminazione torna al tradizionale appuntamento milanese con due nuovi progetti, che saranno presentati in occasione di Euroluce 2011.","og_url":"http:\/\/socialdesignmagazine.com\/mag\/design\/anteprima-salone-del-mobile-2011-euroluce-uno-nicola-grandesso-per-de-majo\/","og_site_name":"Social Design Magazine","article_publisher":"https:\/\/www.facebook.com\/socialdesignmag","article_author":"https:\/\/www.facebook.com\/benedettofiori","article_published_time":"2011-03-22T14:30:00+00:00","article_modified_time":"2023-10-10T17:44:33+00:00","og_image":[{"width":720,"height":540,"url":"https:\/\/socialdesignmagazine.com\/mag\/wp-content\/uploads\/2011\/03\/benedetto_uno_nicola_grandesso_per_majo_Uno_design_Nicola_Grandesso_03.jpeg","type":"image\/jpeg"}],"author":"Benedetto Fiori","twitter_card":"summary_large_image","twitter_creator":"@benedettofiori","twitter_site":"@socialdesignmag","twitter_misc":{"Scritto da":"Benedetto Fiori","Tempo di lettura stimato":"1 minuto"},"schema":{"@context":"https:\/\/schema.org","@graph":[{"@type":"Article","@id":"https:\/\/socialdesignmagazine.com\/mag\/design\/anteprima-salone-del-mobile-2011-euroluce-uno-nicola-grandesso-per-de-majo\/#article","isPartOf":{"@id":"https:\/\/socialdesignmagazine.com\/mag\/design\/anteprima-salone-del-mobile-2011-euroluce-uno-nicola-grandesso-per-de-majo\/"},"author":{"name":"Benedetto Fiori","@id":"https:\/\/socialdesignmagazine.com\/mag\/#\/schema\/person\/61e20205cc363c315e6aabd33a045846"},"headline":"Anteprima Salone del Mobile 2011 \/ euroluce, UNO, Nicola Grandesso per De Majo","datePublished":"2011-03-22T14:30:00+00:00","dateModified":"2023-10-10T17:44:33+00:00","mainEntityOfPage":{"@id":"https:\/\/socialdesignmagazine.com\/mag\/design\/anteprima-salone-del-mobile-2011-euroluce-uno-nicola-grandesso-per-de-majo\/"},"wordCount":130,"commentCount":0,"publisher":{"@id":"https:\/\/socialdesignmagazine.com\/mag\/#organization"},"image":{"@id":"https:\/\/socialdesignmagazine.com\/mag\/design\/anteprima-salone-del-mobile-2011-euroluce-uno-nicola-grandesso-per-de-majo\/#primaryimage"},"thumbnailUrl":"https:\/\/socialdesignmagazine.com\/mag\/wp-content\/uploads\/2011\/03\/benedetto_uno_nicola_grandesso_per_majo_Uno_design_Nicola_Grandesso_03.jpeg","keywords":["euroluce","salone del mobile 2011 milano"],"articleSection":["Design"],"inLanguage":"it-IT","potentialAction":[{"@type":"CommentAction","name":"Comment","target":["https:\/\/socialdesignmagazine.com\/mag\/design\/anteprima-salone-del-mobile-2011-euroluce-uno-nicola-grandesso-per-de-majo\/#respond"]}]},{"@type":"WebPage","@id":"https:\/\/socialdesignmagazine.com\/mag\/design\/anteprima-salone-del-mobile-2011-euroluce-uno-nicola-grandesso-per-de-majo\/","url":"https:\/\/socialdesignmagazine.com\/mag\/design\/anteprima-salone-del-mobile-2011-euroluce-uno-nicola-grandesso-per-de-majo\/","name":"Anteprima Salone del Mobile 2011 \/ euroluce, UNO, Nicola Grandesso per De Majo - Social Design Magazine","isPartOf":{"@id":"https:\/\/socialdesignmagazine.com\/mag\/#website"},"primaryImageOfPage":{"@id":"https:\/\/socialdesignmagazine.com\/mag\/design\/anteprima-salone-del-mobile-2011-euroluce-uno-nicola-grandesso-per-de-majo\/#primaryimage"},"image":{"@id":"https:\/\/socialdesignmagazine.com\/mag\/design\/anteprima-salone-del-mobile-2011-euroluce-uno-nicola-grandesso-per-de-majo\/#primaryimage"},"thumbnailUrl":"https:\/\/socialdesignmagazine.com\/mag\/wp-content\/uploads\/2011\/03\/benedetto_uno_nicola_grandesso_per_majo_Uno_design_Nicola_Grandesso_03.jpeg","datePublished":"2011-03-22T14:30:00+00:00","dateModified":"2023-10-10T17:44:33+00:00","description":"La storica azienda veneta De Majo Illuminazione torna al tradizionale appuntamento milanese con due nuovi progetti, che saranno presentati in occasione di Euroluce 2011.","breadcrumb":{"@id":"https:\/\/socialdesignmagazine.com\/mag\/design\/anteprima-salone-del-mobile-2011-euroluce-uno-nicola-grandesso-per-de-majo\/#breadcrumb"},"inLanguage":"it-IT","potentialAction":[{"@type":"ReadAction","target":["https:\/\/socialdesignmagazine.com\/mag\/design\/anteprima-salone-del-mobile-2011-euroluce-uno-nicola-grandesso-per-de-majo\/"]}]},{"@type":"ImageObject","inLanguage":"it-IT","@id":"https:\/\/socialdesignmagazine.com\/mag\/design\/anteprima-salone-del-mobile-2011-euroluce-uno-nicola-grandesso-per-de-majo\/#primaryimage","url":"https:\/\/socialdesignmagazine.com\/mag\/wp-content\/uploads\/2011\/03\/benedetto_uno_nicola_grandesso_per_majo_Uno_design_Nicola_Grandesso_03.jpeg","contentUrl":"https:\/\/socialdesignmagazine.com\/mag\/wp-content\/uploads\/2011\/03\/benedetto_uno_nicola_grandesso_per_majo_Uno_design_Nicola_Grandesso_03.jpeg","width":720,"height":540,"caption":"Uno_design_Nicola_Grandesso_03"},{"@type":"BreadcrumbList","@id":"https:\/\/socialdesignmagazine.com\/mag\/design\/anteprima-salone-del-mobile-2011-euroluce-uno-nicola-grandesso-per-de-majo\/#breadcrumb","itemListElement":[{"@type":"ListItem","position":1,"name":"Home","item":"https:\/\/socialdesignmagazine.com\/mag\/"},{"@type":"ListItem","position":2,"name":"Design","item":"https:\/\/socialdesignmagazine.com\/mag\/design\/"},{"@type":"ListItem","position":3,"name":"Anteprima Salone del Mobile 2011 \/ euroluce, UNO, Nicola Grandesso per De Majo"}]},{"@type":"WebSite","@id":"https:\/\/socialdesignmagazine.com\/mag\/#website","url":"https:\/\/socialdesignmagazine.com\/mag\/","name":"Social Design Magazine","description":"Social Magazine su Design, Architettura, Arte, Grafica","publisher":{"@id":"https:\/\/socialdesignmagazine.com\/mag\/#organization"},"potentialAction":[{"@type":"SearchAction","target":{"@type":"EntryPoint","urlTemplate":"https:\/\/socialdesignmagazine.com\/mag\/?s={search_term_string}"},"query-input":{"@type":"PropertyValueSpecification","valueRequired":true,"valueName":"search_term_string"}}],"inLanguage":"it-IT"},{"@type":"Organization","@id":"https:\/\/socialdesignmagazine.com\/mag\/#organization","name":"Social Design Magazine","url":"https:\/\/socialdesignmagazine.com\/mag\/","logo":{"@type":"ImageObject","inLanguage":"it-IT","@id":"https:\/\/socialdesignmagazine.com\/mag\/#\/schema\/logo\/image\/","url":"https:\/\/socialdesignmagazine.com\/mag\/wp-content\/uploads\/2017\/01\/logo_favicon_11.png","contentUrl":"https:\/\/socialdesignmagazine.com\/mag\/wp-content\/uploads\/2017\/01\/logo_favicon_11.png","width":1024,"height":1024,"caption":"Social Design Magazine"},"image":{"@id":"https:\/\/socialdesignmagazine.com\/mag\/#\/schema\/logo\/image\/"},"sameAs":["https:\/\/www.facebook.com\/socialdesignmag","https:\/\/x.com\/socialdesignmag","http:\/\/instagram.com\/social_design_magazine\/","http:\/\/pinterest.com\/socialdesignmag\/","http:\/\/www.youtube.com\/user\/socialdesignmagazine"]},{"@type":"Person","@id":"https:\/\/socialdesignmagazine.com\/mag\/#\/schema\/person\/61e20205cc363c315e6aabd33a045846","name":"Benedetto Fiori","image":{"@type":"ImageObject","inLanguage":"it-IT","@id":"https:\/\/secure.gravatar.com\/avatar\/450a48cefa36da63d920ad70aa660bd10725b1c6093800242e5efdb397759033?s=96&d=mm&r=g","url":"https:\/\/secure.gravatar.com\/avatar\/450a48cefa36da63d920ad70aa660bd10725b1c6093800242e5efdb397759033?s=96&d=mm&r=g","contentUrl":"https:\/\/secure.gravatar.com\/avatar\/450a48cefa36da63d920ad70aa660bd10725b1c6093800242e5efdb397759033?s=96&d=mm&r=g","caption":"Benedetto Fiori"},"description":"Web | Twitter | Facebook | Shutterstock Founder &amp; Editor in Chief di Social Design Magazine. Attratto da sempre da tutto ci\u00f2 che \u00e8 creativit\u00e0, design, architettura. Dopo aver studiato Architettura all'Universit\u00e0 di Firenze, si \u00e8 impegnato in molteplici campi: comunicazione grafica, progettazione di allestimenti fieristici, brand design, Interior Design.","sameAs":["http:\/\/benedettofiori.com","https:\/\/www.facebook.com\/benedettofiori","https:\/\/x.com\/benedettofiori"],"url":"https:\/\/socialdesignmagazine.com\/mag\/author\/benedetto\/"}]}},"jetpack_featured_media_url":"https:\/\/socialdesignmagazine.com\/mag\/wp-content\/uploads\/2011\/03\/benedetto_uno_nicola_grandesso_per_majo_Uno_design_Nicola_Grandesso_03.jpeg","jetpack_sharing_enabled":true,"jetpack_shortlink":"https:\/\/wp.me\/p6cV7V-3w","gt_translate_keys":[{"key":"link","format":"url"}],"_links":{"self":[{"href":"https:\/\/socialdesignmagazine.com\/mag\/wp-json\/wp\/v2\/posts\/218","targetHints":{"allow":["GET"]}}],"collection":[{"href":"https:\/\/socialdesignmagazine.com\/mag\/wp-json\/wp\/v2\/posts"}],"about":[{"href":"https:\/\/socialdesignmagazine.com\/mag\/wp-json\/wp\/v2\/types\/post"}],"author":[{"embeddable":true,"href":"https:\/\/socialdesignmagazine.com\/mag\/wp-json\/wp\/v2\/users\/1"}],"replies":[{"embeddable":true,"href":"https:\/\/socialdesignmagazine.com\/mag\/wp-json\/wp\/v2\/comments?post=218"}],"version-history":[{"count":2,"href":"https:\/\/socialdesignmagazine.com\/mag\/wp-json\/wp\/v2\/posts\/218\/revisions"}],"predecessor-version":[{"id":57397,"href":"https:\/\/socialdesignmagazine.com\/mag\/wp-json\/wp\/v2\/posts\/218\/revisions\/57397"}],"wp:featuredmedia":[{"embeddable":true,"href":"https:\/\/socialdesignmagazine.com\/mag\/wp-json\/wp\/v2\/media\/5132"}],"wp:attachment":[{"href":"https:\/\/socialdesignmagazine.com\/mag\/wp-json\/wp\/v2\/media?parent=218"}],"wp:term":[{"taxonomy":"category","embeddable":true,"href":"https:\/\/socialdesignmagazine.com\/mag\/wp-json\/wp\/v2\/categories?post=218"},{"taxonomy":"post_tag","embeddable":true,"href":"https:\/\/socialdesignmagazine.com\/mag\/wp-json\/wp\/v2\/tags?post=218"}],"curies":[{"name":"wp","href":"https:\/\/api.w.org\/{rel}","templated":true}]}}