{"id":2182,"date":"2013-05-16T15:00:00","date_gmt":"2013-05-16T13:00:00","guid":{"rendered":"https:\/\/socialdesignmagazine.com\/mag\/s6-design\/c35-design\/ligne-roset-da-chierichetti-casa-a-treviglio\/"},"modified":"2024-06-04T20:46:40","modified_gmt":"2024-06-04T18:46:40","slug":"ligne-roset-da-chierichetti-casa-a-treviglio","status":"publish","type":"post","link":"https:\/\/socialdesignmagazine.com\/mag\/design\/ligne-roset-da-chierichetti-casa-a-treviglio\/","title":{"rendered":"LIGNE ROSET da Chierichetti Casa a Treviglio","gt_translate_keys":[{"key":"rendered","format":"text"}]},"content":{"rendered":"\n<p><a href=\"https:\/\/socialdesignmagazine.com\/mag\/tag\/ligne-roset\/\"><strong>Ligne Roset<\/strong><\/a> ha inaugurato Sabato 11 maggio 2013 in Viale Battisti 21 <strong>a Treviglio<\/strong> (BG) una nuovissima collaborazione all\u2019interno del punto vendita <strong>Chierichetti Casa<\/strong>, brand che da oltre 40 anni vanta una consolidata esperienza nel settore dell\u2019arredamento. Lo showroom, situato in una zona strategica della citt\u00e0, raccoglie una selezione di proposte di design contemporaneo, ricercate ed esclusive. Lo spazio si sviluppa su quattro ampie vetrine, due affacciano su strada e due sull\u2019accogliente e suggestivo cortile interno.<\/p>\n\n\n\n<p>L\u2019allestimento \u00e8 curato nei minimi dettagli sia architettonici che di stile. L\u2019illuminazione \u00e8 progettata per suddividere in aree tematiche la superficie espositiva per dare maggior enfasi e visibilit\u00e0 a ciascun articolo esposto. Le tonalit\u00e0 predominanti sono naturali, dal bianco delle pareti al tortora dei pavimenti.<\/p>\n\n\n\n<p>Ligne Roset \u00e8 presente con le ultime novit\u00e0 della collezione e con alcuni pezzi \u201cstorici\u201d dell\u2019azienda come<a href=\"https:\/\/socialdesignmagazine.com\/mag\/design\/c35-design\/i-40-anni-del-divano-togo-di-ligne-roset-in-esposizione-da-spazio-pontaccio-fuorisalone-2013\/\"><strong> il divano TOGO<\/strong><\/a>, disegnato da <strong>Michel Ducaroy<\/strong> nel 1973, un\u2019icona destinata a \u201cdurare pi\u00f9 della moda\u201d, che quest\u2019anno festeggia 40 anni.<\/p>\n\n\n\n<p>Una nuova collaborazione sinergica tra Ligne Roset, marchio che fa del design e della ricerca la propria linfa vitale, e Chierichetti Casa che offre<strong> un servizio di consulenza di alta qualit\u00e0<\/strong> dalla fase di progettazione alla realizzazione finale, sinonimo di garanzia e fiducia nel tempo.<\/p>\n","protected":false,"gt_translate_keys":[{"key":"rendered","format":"html"}]},"excerpt":{"rendered":"<p>Ligne Roset ha inaugurato Sabato 11 maggio 2013 in Viale Battisti 21 a Treviglio (BG) una nuovissima collaborazione all\u2019interno del punto vendita Chierichetti Casa<\/p>\n","protected":false,"gt_translate_keys":[{"key":"rendered","format":"html"}]},"author":6,"featured_media":12837,"comment_status":"open","ping_status":"open","sticky":false,"template":"","format":"standard","meta":{"jetpack_post_was_ever_published":false,"_jetpack_newsletter_access":"","_jetpack_dont_email_post_to_subs":false,"_jetpack_newsletter_tier_id":0,"_jetpack_memberships_contains_paywalled_content":false,"_jetpack_memberships_contains_paid_content":false,"footnotes":"","_wpscppro_dont_share_socialmedia":false,"_wpscppro_custom_social_share_image":0,"_facebook_share_type":"","_twitter_share_type":"","_linkedin_share_type":"","_pinterest_share_type":"","_linkedin_share_type_page":"","_instagram_share_type":"","_medium_share_type":"","_threads_share_type":"","_google_business_share_type":"","_selected_social_profile":[],"_wpsp_enable_custom_social_template":false,"_wpsp_social_scheduling":{"enabled":false,"datetime":null,"platforms":[],"status":"template_only","dateOption":"today","timeOption":"now","customDays":"","customHours":"","customDate":"","customTime":"","schedulingType":"absolute"},"_wpsp_active_default_template":true},"categories":[13],"tags":[2251],"class_list":["post-2182","post","type-post","status-publish","format-standard","has-post-thumbnail","hentry","category-design","tag-ligne-roset"],"yoast_head":"<!-- This site is optimized with the Yoast SEO plugin v27.2 - https:\/\/yoast.com\/product\/yoast-seo-wordpress\/ -->\n<title>LIGNE ROSET da Chierichetti Casa a Treviglio - Social Design Magazine<\/title>\n<meta name=\"description\" content=\"Ligne Roset ha inaugurato Sabato 11 maggio 2013 in Viale Battisti 21 a Treviglio (BG) una nuovissima collaborazione all\u2019interno del punto vendita Chierichetti Casa\" \/>\n<meta name=\"robots\" content=\"index, follow, max-snippet:-1, max-image-preview:large, max-video-preview:-1\" \/>\n<link rel=\"canonical\" href=\"https:\/\/socialdesignmagazine.com\/mag\/design\/ligne-roset-da-chierichetti-casa-a-treviglio\/\" \/>\n<meta property=\"og:locale\" content=\"it_IT\" \/>\n<meta property=\"og:type\" content=\"article\" \/>\n<meta property=\"og:title\" content=\"LIGNE ROSET da Chierichetti Casa a Treviglio - Social Design Magazine\" \/>\n<meta property=\"og:description\" content=\"Ligne Roset ha inaugurato Sabato 11 maggio 2013 in Viale Battisti 21 a Treviglio (BG) una nuovissima collaborazione all\u2019interno del punto vendita Chierichetti Casa\" \/>\n<meta property=\"og:url\" content=\"http:\/\/socialdesignmagazine.com\/mag\/design\/ligne-roset-da-chierichetti-casa-a-treviglio\/\" \/>\n<meta property=\"og:site_name\" content=\"Social Design Magazine\" \/>\n<meta property=\"article:publisher\" content=\"https:\/\/www.facebook.com\/socialdesignmag\" \/>\n<meta property=\"article:published_time\" content=\"2013-05-16T13:00:00+00:00\" \/>\n<meta property=\"article:modified_time\" content=\"2024-06-04T18:46:40+00:00\" \/>\n<meta property=\"og:image\" content=\"https:\/\/socialdesignmagazine.com\/mag\/wp-content\/uploads\/2013\/05\/users_Jessy_LIGNE_ROSET_a_Treviglio_presso_Chierichetti_Casa._Fronte_invito.jpg\" \/>\n\t<meta property=\"og:image:width\" content=\"720\" \/>\n\t<meta property=\"og:image:height\" content=\"309\" \/>\n\t<meta property=\"og:image:type\" content=\"image\/jpeg\" \/>\n<meta name=\"author\" content=\"jessica zannori\" \/>\n<meta name=\"twitter:card\" content=\"summary_large_image\" \/>\n<meta name=\"twitter:creator\" content=\"@socialdesignmag\" \/>\n<meta name=\"twitter:site\" content=\"@socialdesignmag\" \/>\n<meta name=\"twitter:label1\" content=\"Scritto da\" \/>\n\t<meta name=\"twitter:data1\" content=\"jessica zannori\" \/>\n\t<meta name=\"twitter:label2\" content=\"Tempo di lettura stimato\" \/>\n\t<meta name=\"twitter:data2\" content=\"2 minuti\" \/>\n<script type=\"application\/ld+json\" class=\"yoast-schema-graph\">{\"@context\":\"https:\/\/schema.org\",\"@graph\":[{\"@type\":\"Article\",\"@id\":\"https:\/\/socialdesignmagazine.com\/mag\/design\/ligne-roset-da-chierichetti-casa-a-treviglio\/#article\",\"isPartOf\":{\"@id\":\"https:\/\/socialdesignmagazine.com\/mag\/design\/ligne-roset-da-chierichetti-casa-a-treviglio\/\"},\"author\":{\"name\":\"jessica zannori\",\"@id\":\"https:\/\/socialdesignmagazine.com\/mag\/#\/schema\/person\/f26aea2d68a722d5ed3a1ee93c92aba9\"},\"headline\":\"LIGNE ROSET da Chierichetti Casa a Treviglio\",\"datePublished\":\"2013-05-16T13:00:00+00:00\",\"dateModified\":\"2024-06-04T18:46:40+00:00\",\"mainEntityOfPage\":{\"@id\":\"https:\/\/socialdesignmagazine.com\/mag\/design\/ligne-roset-da-chierichetti-casa-a-treviglio\/\"},\"wordCount\":210,\"commentCount\":0,\"publisher\":{\"@id\":\"https:\/\/socialdesignmagazine.com\/mag\/#organization\"},\"image\":{\"@id\":\"https:\/\/socialdesignmagazine.com\/mag\/design\/ligne-roset-da-chierichetti-casa-a-treviglio\/#primaryimage\"},\"thumbnailUrl\":\"https:\/\/socialdesignmagazine.com\/mag\/wp-content\/uploads\/2013\/05\/users_Jessy_LIGNE_ROSET_a_Treviglio_presso_Chierichetti_Casa._Fronte_invito.jpg\",\"keywords\":[\"ligne roset\"],\"articleSection\":[\"Design\"],\"inLanguage\":\"it-IT\",\"potentialAction\":[{\"@type\":\"CommentAction\",\"name\":\"Comment\",\"target\":[\"https:\/\/socialdesignmagazine.com\/mag\/design\/ligne-roset-da-chierichetti-casa-a-treviglio\/#respond\"]}]},{\"@type\":\"WebPage\",\"@id\":\"https:\/\/socialdesignmagazine.com\/mag\/design\/ligne-roset-da-chierichetti-casa-a-treviglio\/\",\"url\":\"https:\/\/socialdesignmagazine.com\/mag\/design\/ligne-roset-da-chierichetti-casa-a-treviglio\/\",\"name\":\"LIGNE ROSET da Chierichetti Casa a Treviglio - Social Design Magazine\",\"isPartOf\":{\"@id\":\"https:\/\/socialdesignmagazine.com\/mag\/#website\"},\"primaryImageOfPage\":{\"@id\":\"https:\/\/socialdesignmagazine.com\/mag\/design\/ligne-roset-da-chierichetti-casa-a-treviglio\/#primaryimage\"},\"image\":{\"@id\":\"https:\/\/socialdesignmagazine.com\/mag\/design\/ligne-roset-da-chierichetti-casa-a-treviglio\/#primaryimage\"},\"thumbnailUrl\":\"https:\/\/socialdesignmagazine.com\/mag\/wp-content\/uploads\/2013\/05\/users_Jessy_LIGNE_ROSET_a_Treviglio_presso_Chierichetti_Casa._Fronte_invito.jpg\",\"datePublished\":\"2013-05-16T13:00:00+00:00\",\"dateModified\":\"2024-06-04T18:46:40+00:00\",\"description\":\"Ligne Roset ha inaugurato Sabato 11 maggio 2013 in Viale Battisti 21 a Treviglio (BG) una nuovissima collaborazione all\u2019interno del punto vendita Chierichetti Casa\",\"breadcrumb\":{\"@id\":\"https:\/\/socialdesignmagazine.com\/mag\/design\/ligne-roset-da-chierichetti-casa-a-treviglio\/#breadcrumb\"},\"inLanguage\":\"it-IT\",\"potentialAction\":[{\"@type\":\"ReadAction\",\"target\":[\"https:\/\/socialdesignmagazine.com\/mag\/design\/ligne-roset-da-chierichetti-casa-a-treviglio\/\"]}]},{\"@type\":\"ImageObject\",\"inLanguage\":\"it-IT\",\"@id\":\"https:\/\/socialdesignmagazine.com\/mag\/design\/ligne-roset-da-chierichetti-casa-a-treviglio\/#primaryimage\",\"url\":\"https:\/\/socialdesignmagazine.com\/mag\/wp-content\/uploads\/2013\/05\/users_Jessy_LIGNE_ROSET_a_Treviglio_presso_Chierichetti_Casa._Fronte_invito.jpg\",\"contentUrl\":\"https:\/\/socialdesignmagazine.com\/mag\/wp-content\/uploads\/2013\/05\/users_Jessy_LIGNE_ROSET_a_Treviglio_presso_Chierichetti_Casa._Fronte_invito.jpg\",\"width\":720,\"height\":309,\"caption\":\"Fronte invito\"},{\"@type\":\"BreadcrumbList\",\"@id\":\"https:\/\/socialdesignmagazine.com\/mag\/design\/ligne-roset-da-chierichetti-casa-a-treviglio\/#breadcrumb\",\"itemListElement\":[{\"@type\":\"ListItem\",\"position\":1,\"name\":\"Home\",\"item\":\"https:\/\/socialdesignmagazine.com\/mag\/\"},{\"@type\":\"ListItem\",\"position\":2,\"name\":\"Design\",\"item\":\"https:\/\/socialdesignmagazine.com\/mag\/design\/\"},{\"@type\":\"ListItem\",\"position\":3,\"name\":\"LIGNE ROSET da Chierichetti Casa a Treviglio\"}]},{\"@type\":\"WebSite\",\"@id\":\"https:\/\/socialdesignmagazine.com\/mag\/#website\",\"url\":\"https:\/\/socialdesignmagazine.com\/mag\/\",\"name\":\"Social Design Magazine\",\"description\":\"Social Magazine su Design, Architettura, Arte, Grafica\",\"publisher\":{\"@id\":\"https:\/\/socialdesignmagazine.com\/mag\/#organization\"},\"potentialAction\":[{\"@type\":\"SearchAction\",\"target\":{\"@type\":\"EntryPoint\",\"urlTemplate\":\"https:\/\/socialdesignmagazine.com\/mag\/?s={search_term_string}\"},\"query-input\":{\"@type\":\"PropertyValueSpecification\",\"valueRequired\":true,\"valueName\":\"search_term_string\"}}],\"inLanguage\":\"it-IT\"},{\"@type\":\"Organization\",\"@id\":\"https:\/\/socialdesignmagazine.com\/mag\/#organization\",\"name\":\"Social Design Magazine\",\"url\":\"https:\/\/socialdesignmagazine.com\/mag\/\",\"logo\":{\"@type\":\"ImageObject\",\"inLanguage\":\"it-IT\",\"@id\":\"https:\/\/socialdesignmagazine.com\/mag\/#\/schema\/logo\/image\/\",\"url\":\"https:\/\/socialdesignmagazine.com\/mag\/wp-content\/uploads\/2017\/01\/logo_favicon_11.png\",\"contentUrl\":\"https:\/\/socialdesignmagazine.com\/mag\/wp-content\/uploads\/2017\/01\/logo_favicon_11.png\",\"width\":1024,\"height\":1024,\"caption\":\"Social Design Magazine\"},\"image\":{\"@id\":\"https:\/\/socialdesignmagazine.com\/mag\/#\/schema\/logo\/image\/\"},\"sameAs\":[\"https:\/\/www.facebook.com\/socialdesignmag\",\"https:\/\/x.com\/socialdesignmag\",\"http:\/\/instagram.com\/social_design_magazine\/\",\"http:\/\/pinterest.com\/socialdesignmag\/\",\"http:\/\/www.youtube.com\/user\/socialdesignmagazine\"]},{\"@type\":\"Person\",\"@id\":\"https:\/\/socialdesignmagazine.com\/mag\/#\/schema\/person\/f26aea2d68a722d5ed3a1ee93c92aba9\",\"name\":\"jessica zannori\",\"image\":{\"@type\":\"ImageObject\",\"inLanguage\":\"it-IT\",\"@id\":\"https:\/\/secure.gravatar.com\/avatar\/e338d2d30b98ee192f7c7708f51c9b6a0f135e3e3399a9bec7d00e0496a346c6?s=96&d=mm&r=g\",\"url\":\"https:\/\/secure.gravatar.com\/avatar\/e338d2d30b98ee192f7c7708f51c9b6a0f135e3e3399a9bec7d00e0496a346c6?s=96&d=mm&r=g\",\"contentUrl\":\"https:\/\/secure.gravatar.com\/avatar\/e338d2d30b98ee192f7c7708f51c9b6a0f135e3e3399a9bec7d00e0496a346c6?s=96&d=mm&r=g\",\"caption\":\"jessica zannori\"},\"url\":\"https:\/\/socialdesignmagazine.com\/mag\/author\/jessy\/\"}]}<\/script>\n<!-- \/ Yoast SEO plugin. -->","yoast_head_json":{"title":"LIGNE ROSET da Chierichetti Casa a Treviglio - Social Design Magazine","description":"Ligne Roset ha inaugurato Sabato 11 maggio 2013 in Viale Battisti 21 a Treviglio (BG) una nuovissima collaborazione all\u2019interno del punto vendita Chierichetti Casa","robots":{"index":"index","follow":"follow","max-snippet":"max-snippet:-1","max-image-preview":"max-image-preview:large","max-video-preview":"max-video-preview:-1"},"canonical":"https:\/\/socialdesignmagazine.com\/mag\/design\/ligne-roset-da-chierichetti-casa-a-treviglio\/","og_locale":"it_IT","og_type":"article","og_title":"LIGNE ROSET da Chierichetti Casa a Treviglio - Social Design Magazine","og_description":"Ligne Roset ha inaugurato Sabato 11 maggio 2013 in Viale Battisti 21 a Treviglio (BG) una nuovissima collaborazione all\u2019interno del punto vendita Chierichetti Casa","og_url":"http:\/\/socialdesignmagazine.com\/mag\/design\/ligne-roset-da-chierichetti-casa-a-treviglio\/","og_site_name":"Social Design Magazine","article_publisher":"https:\/\/www.facebook.com\/socialdesignmag","article_published_time":"2013-05-16T13:00:00+00:00","article_modified_time":"2024-06-04T18:46:40+00:00","og_image":[{"width":720,"height":309,"url":"https:\/\/socialdesignmagazine.com\/mag\/wp-content\/uploads\/2013\/05\/users_Jessy_LIGNE_ROSET_a_Treviglio_presso_Chierichetti_Casa._Fronte_invito.jpg","type":"image\/jpeg"}],"author":"jessica zannori","twitter_card":"summary_large_image","twitter_creator":"@socialdesignmag","twitter_site":"@socialdesignmag","twitter_misc":{"Scritto da":"jessica zannori","Tempo di lettura stimato":"2 minuti"},"schema":{"@context":"https:\/\/schema.org","@graph":[{"@type":"Article","@id":"https:\/\/socialdesignmagazine.com\/mag\/design\/ligne-roset-da-chierichetti-casa-a-treviglio\/#article","isPartOf":{"@id":"https:\/\/socialdesignmagazine.com\/mag\/design\/ligne-roset-da-chierichetti-casa-a-treviglio\/"},"author":{"name":"jessica zannori","@id":"https:\/\/socialdesignmagazine.com\/mag\/#\/schema\/person\/f26aea2d68a722d5ed3a1ee93c92aba9"},"headline":"LIGNE ROSET da Chierichetti Casa a Treviglio","datePublished":"2013-05-16T13:00:00+00:00","dateModified":"2024-06-04T18:46:40+00:00","mainEntityOfPage":{"@id":"https:\/\/socialdesignmagazine.com\/mag\/design\/ligne-roset-da-chierichetti-casa-a-treviglio\/"},"wordCount":210,"commentCount":0,"publisher":{"@id":"https:\/\/socialdesignmagazine.com\/mag\/#organization"},"image":{"@id":"https:\/\/socialdesignmagazine.com\/mag\/design\/ligne-roset-da-chierichetti-casa-a-treviglio\/#primaryimage"},"thumbnailUrl":"https:\/\/socialdesignmagazine.com\/mag\/wp-content\/uploads\/2013\/05\/users_Jessy_LIGNE_ROSET_a_Treviglio_presso_Chierichetti_Casa._Fronte_invito.jpg","keywords":["ligne roset"],"articleSection":["Design"],"inLanguage":"it-IT","potentialAction":[{"@type":"CommentAction","name":"Comment","target":["https:\/\/socialdesignmagazine.com\/mag\/design\/ligne-roset-da-chierichetti-casa-a-treviglio\/#respond"]}]},{"@type":"WebPage","@id":"https:\/\/socialdesignmagazine.com\/mag\/design\/ligne-roset-da-chierichetti-casa-a-treviglio\/","url":"https:\/\/socialdesignmagazine.com\/mag\/design\/ligne-roset-da-chierichetti-casa-a-treviglio\/","name":"LIGNE ROSET da Chierichetti Casa a Treviglio - Social Design Magazine","isPartOf":{"@id":"https:\/\/socialdesignmagazine.com\/mag\/#website"},"primaryImageOfPage":{"@id":"https:\/\/socialdesignmagazine.com\/mag\/design\/ligne-roset-da-chierichetti-casa-a-treviglio\/#primaryimage"},"image":{"@id":"https:\/\/socialdesignmagazine.com\/mag\/design\/ligne-roset-da-chierichetti-casa-a-treviglio\/#primaryimage"},"thumbnailUrl":"https:\/\/socialdesignmagazine.com\/mag\/wp-content\/uploads\/2013\/05\/users_Jessy_LIGNE_ROSET_a_Treviglio_presso_Chierichetti_Casa._Fronte_invito.jpg","datePublished":"2013-05-16T13:00:00+00:00","dateModified":"2024-06-04T18:46:40+00:00","description":"Ligne Roset ha inaugurato Sabato 11 maggio 2013 in Viale Battisti 21 a Treviglio (BG) una nuovissima collaborazione all\u2019interno del punto vendita Chierichetti Casa","breadcrumb":{"@id":"https:\/\/socialdesignmagazine.com\/mag\/design\/ligne-roset-da-chierichetti-casa-a-treviglio\/#breadcrumb"},"inLanguage":"it-IT","potentialAction":[{"@type":"ReadAction","target":["https:\/\/socialdesignmagazine.com\/mag\/design\/ligne-roset-da-chierichetti-casa-a-treviglio\/"]}]},{"@type":"ImageObject","inLanguage":"it-IT","@id":"https:\/\/socialdesignmagazine.com\/mag\/design\/ligne-roset-da-chierichetti-casa-a-treviglio\/#primaryimage","url":"https:\/\/socialdesignmagazine.com\/mag\/wp-content\/uploads\/2013\/05\/users_Jessy_LIGNE_ROSET_a_Treviglio_presso_Chierichetti_Casa._Fronte_invito.jpg","contentUrl":"https:\/\/socialdesignmagazine.com\/mag\/wp-content\/uploads\/2013\/05\/users_Jessy_LIGNE_ROSET_a_Treviglio_presso_Chierichetti_Casa._Fronte_invito.jpg","width":720,"height":309,"caption":"Fronte invito"},{"@type":"BreadcrumbList","@id":"https:\/\/socialdesignmagazine.com\/mag\/design\/ligne-roset-da-chierichetti-casa-a-treviglio\/#breadcrumb","itemListElement":[{"@type":"ListItem","position":1,"name":"Home","item":"https:\/\/socialdesignmagazine.com\/mag\/"},{"@type":"ListItem","position":2,"name":"Design","item":"https:\/\/socialdesignmagazine.com\/mag\/design\/"},{"@type":"ListItem","position":3,"name":"LIGNE ROSET da Chierichetti Casa a Treviglio"}]},{"@type":"WebSite","@id":"https:\/\/socialdesignmagazine.com\/mag\/#website","url":"https:\/\/socialdesignmagazine.com\/mag\/","name":"Social Design Magazine","description":"Social Magazine su Design, Architettura, Arte, Grafica","publisher":{"@id":"https:\/\/socialdesignmagazine.com\/mag\/#organization"},"potentialAction":[{"@type":"SearchAction","target":{"@type":"EntryPoint","urlTemplate":"https:\/\/socialdesignmagazine.com\/mag\/?s={search_term_string}"},"query-input":{"@type":"PropertyValueSpecification","valueRequired":true,"valueName":"search_term_string"}}],"inLanguage":"it-IT"},{"@type":"Organization","@id":"https:\/\/socialdesignmagazine.com\/mag\/#organization","name":"Social Design Magazine","url":"https:\/\/socialdesignmagazine.com\/mag\/","logo":{"@type":"ImageObject","inLanguage":"it-IT","@id":"https:\/\/socialdesignmagazine.com\/mag\/#\/schema\/logo\/image\/","url":"https:\/\/socialdesignmagazine.com\/mag\/wp-content\/uploads\/2017\/01\/logo_favicon_11.png","contentUrl":"https:\/\/socialdesignmagazine.com\/mag\/wp-content\/uploads\/2017\/01\/logo_favicon_11.png","width":1024,"height":1024,"caption":"Social Design Magazine"},"image":{"@id":"https:\/\/socialdesignmagazine.com\/mag\/#\/schema\/logo\/image\/"},"sameAs":["https:\/\/www.facebook.com\/socialdesignmag","https:\/\/x.com\/socialdesignmag","http:\/\/instagram.com\/social_design_magazine\/","http:\/\/pinterest.com\/socialdesignmag\/","http:\/\/www.youtube.com\/user\/socialdesignmagazine"]},{"@type":"Person","@id":"https:\/\/socialdesignmagazine.com\/mag\/#\/schema\/person\/f26aea2d68a722d5ed3a1ee93c92aba9","name":"jessica zannori","image":{"@type":"ImageObject","inLanguage":"it-IT","@id":"https:\/\/secure.gravatar.com\/avatar\/e338d2d30b98ee192f7c7708f51c9b6a0f135e3e3399a9bec7d00e0496a346c6?s=96&d=mm&r=g","url":"https:\/\/secure.gravatar.com\/avatar\/e338d2d30b98ee192f7c7708f51c9b6a0f135e3e3399a9bec7d00e0496a346c6?s=96&d=mm&r=g","contentUrl":"https:\/\/secure.gravatar.com\/avatar\/e338d2d30b98ee192f7c7708f51c9b6a0f135e3e3399a9bec7d00e0496a346c6?s=96&d=mm&r=g","caption":"jessica zannori"},"url":"https:\/\/socialdesignmagazine.com\/mag\/author\/jessy\/"}]}},"jetpack_featured_media_url":"https:\/\/socialdesignmagazine.com\/mag\/wp-content\/uploads\/2013\/05\/users_Jessy_LIGNE_ROSET_a_Treviglio_presso_Chierichetti_Casa._Fronte_invito.jpg","jetpack_sharing_enabled":true,"jetpack_shortlink":"https:\/\/wp.me\/p6cV7V-zc","gt_translate_keys":[{"key":"link","format":"url"}],"_links":{"self":[{"href":"https:\/\/socialdesignmagazine.com\/mag\/wp-json\/wp\/v2\/posts\/2182","targetHints":{"allow":["GET"]}}],"collection":[{"href":"https:\/\/socialdesignmagazine.com\/mag\/wp-json\/wp\/v2\/posts"}],"about":[{"href":"https:\/\/socialdesignmagazine.com\/mag\/wp-json\/wp\/v2\/types\/post"}],"author":[{"embeddable":true,"href":"https:\/\/socialdesignmagazine.com\/mag\/wp-json\/wp\/v2\/users\/6"}],"replies":[{"embeddable":true,"href":"https:\/\/socialdesignmagazine.com\/mag\/wp-json\/wp\/v2\/comments?post=2182"}],"version-history":[{"count":2,"href":"https:\/\/socialdesignmagazine.com\/mag\/wp-json\/wp\/v2\/posts\/2182\/revisions"}],"predecessor-version":[{"id":61726,"href":"https:\/\/socialdesignmagazine.com\/mag\/wp-json\/wp\/v2\/posts\/2182\/revisions\/61726"}],"wp:featuredmedia":[{"embeddable":true,"href":"https:\/\/socialdesignmagazine.com\/mag\/wp-json\/wp\/v2\/media\/12837"}],"wp:attachment":[{"href":"https:\/\/socialdesignmagazine.com\/mag\/wp-json\/wp\/v2\/media?parent=2182"}],"wp:term":[{"taxonomy":"category","embeddable":true,"href":"https:\/\/socialdesignmagazine.com\/mag\/wp-json\/wp\/v2\/categories?post=2182"},{"taxonomy":"post_tag","embeddable":true,"href":"https:\/\/socialdesignmagazine.com\/mag\/wp-json\/wp\/v2\/tags?post=2182"}],"curies":[{"name":"wp","href":"https:\/\/api.w.org\/{rel}","templated":true}]}}