{"id":2195,"date":"2013-05-21T10:00:00","date_gmt":"2013-05-21T08:00:00","guid":{"rendered":"https:\/\/socialdesignmagazine.com\/mag\/s8-visual\/c38-visual\/xyz-technologie-culturelle-installazione-multimediale-al-gran-museo-del-mundo-maya\/"},"modified":"2024-06-04T21:15:09","modified_gmt":"2024-06-04T19:15:09","slug":"xyz-technologie-culturelle-installazione-multimediale-al-gran-museo-del-mundo-maya","status":"publish","type":"post","link":"https:\/\/socialdesignmagazine.com\/mag\/visual\/xyz-technologie-culturelle-installazione-multimediale-al-gran-museo-del-mundo-maya\/","title":{"rendered":"XYZ Technologie Culturelle \/ installazione multimediale  al Gran Museo del Mundo Maya","gt_translate_keys":[{"key":"rendered","format":"text"}]},"content":{"rendered":"\n<p><a target=\"_blank\" class=\"jcepopup\" rel=\"nofollow noopener\" href=\"http:\/\/www.xyz-tc.com\/\"><strong>XYZ<\/strong><\/a> e <strong>Xavier de Richemont<\/strong> hanno progettato questa installazione visiva e multimediale sulle facciate del <strong>Gran Museo del Mundo Maya<\/strong> a Merida, in Messico.<\/p>\n\n\n\n<p>L&#8217;installazione \u00e8 una sorta di <strong>grande affresco animato<\/strong> che offre la possibilit\u00e0 al visitatore di immergersi letteralmente nella narrazione evocando la cultura Maya in una narrazione che attraversa la nascita della Terra, la storia dell&#8217;umanit\u00e0, e l&#8217;emergere delle societ\u00e0 contemporanee.<\/p>\n\n\n\n<p>Il sistema \u00e8 composto da 16 proiettori ad alta definizione che creano la fascia animata, ai quali va aggiunta un&#8217;illuminazione architetturale composta da 70 proiettori che enfatizza la forma dell&#8217;edificio, simile al tronco ed alla chioma del ceiba, albero sacro per i Maya, riuscendo a riprodurre il movimento delle foglie dell&#8217;albero di notte.<\/p>\n\n\n<div class=\"wp-block-image\">\n<figure class=\"aligncenter\"><img loading=\"lazy\" decoding=\"async\" width=\"720\" height=\"479\" data-attachment-id=\"12893\" data-permalink=\"https:\/\/socialdesignmagazine.com\/mag\/visual\/xyz-technologie-culturelle-installazione-multimediale-al-gran-museo-del-mundo-maya\/attachment\/xyz-installazione-multimediale-museo-maya-02\/#content\" data-orig-file=\"https:\/\/socialdesignmagazine.com\/mag\/wp-content\/uploads\/2013\/05\/feed_xyz_xyz_installazione_multimediale_museo_maya_02.jpg\" data-orig-size=\"720,479\" data-comments-opened=\"1\" data-image-meta=\"{&quot;aperture&quot;:&quot;0&quot;,&quot;credit&quot;:&quot;&quot;,&quot;camera&quot;:&quot;&quot;,&quot;caption&quot;:&quot;&quot;,&quot;created_timestamp&quot;:&quot;0&quot;,&quot;copyright&quot;:&quot;&quot;,&quot;focal_length&quot;:&quot;0&quot;,&quot;iso&quot;:&quot;0&quot;,&quot;shutter_speed&quot;:&quot;0&quot;,&quot;title&quot;:&quot;&quot;,&quot;orientation&quot;:&quot;0&quot;}\" data-image-title=\"xyz installazione multimediale museo maya 02\" data-image-description=\"\" data-image-caption=\"\" data-medium-file=\"https:\/\/socialdesignmagazine.com\/mag\/wp-content\/uploads\/2013\/05\/feed_xyz_xyz_installazione_multimediale_museo_maya_02-396x256.jpg\" data-large-file=\"https:\/\/socialdesignmagazine.com\/mag\/wp-content\/uploads\/2013\/05\/feed_xyz_xyz_installazione_multimediale_museo_maya_02.jpg\" src=\"https:\/\/socialdesignmagazine.com\/mag\/wp-content\/uploads\/2013\/05\/feed_xyz_xyz_installazione_multimediale_museo_maya_02.jpg\" alt=\"xyz installazione multimediale museo maya 02\" class=\"wp-image-12893\" srcset=\"https:\/\/socialdesignmagazine.com\/mag\/wp-content\/uploads\/2013\/05\/feed_xyz_xyz_installazione_multimediale_museo_maya_02.jpg 720w, https:\/\/socialdesignmagazine.com\/mag\/wp-content\/uploads\/2013\/05\/feed_xyz_xyz_installazione_multimediale_museo_maya_02-100x66.jpg 100w\" sizes=\"auto, (max-width: 720px) 100vw, 720px\" \/><\/figure>\n<\/div>\n\n<div class=\"wp-block-image\">\n<figure class=\"aligncenter\"><img loading=\"lazy\" decoding=\"async\" width=\"720\" height=\"479\" data-attachment-id=\"12894\" data-permalink=\"https:\/\/socialdesignmagazine.com\/mag\/visual\/xyz-technologie-culturelle-installazione-multimediale-al-gran-museo-del-mundo-maya\/attachment\/xyz-installazione-multimediale-museo-maya-03\/#content\" data-orig-file=\"https:\/\/socialdesignmagazine.com\/mag\/wp-content\/uploads\/2013\/05\/feed_xyz_xyz_installazione_multimediale_museo_maya_03.jpg\" data-orig-size=\"720,479\" data-comments-opened=\"1\" data-image-meta=\"{&quot;aperture&quot;:&quot;0&quot;,&quot;credit&quot;:&quot;&quot;,&quot;camera&quot;:&quot;&quot;,&quot;caption&quot;:&quot;&quot;,&quot;created_timestamp&quot;:&quot;0&quot;,&quot;copyright&quot;:&quot;&quot;,&quot;focal_length&quot;:&quot;0&quot;,&quot;iso&quot;:&quot;0&quot;,&quot;shutter_speed&quot;:&quot;0&quot;,&quot;title&quot;:&quot;&quot;,&quot;orientation&quot;:&quot;0&quot;}\" data-image-title=\"xyz installazione multimediale museo maya 03\" data-image-description=\"\" data-image-caption=\"\" data-medium-file=\"https:\/\/socialdesignmagazine.com\/mag\/wp-content\/uploads\/2013\/05\/feed_xyz_xyz_installazione_multimediale_museo_maya_03-396x256.jpg\" data-large-file=\"https:\/\/socialdesignmagazine.com\/mag\/wp-content\/uploads\/2013\/05\/feed_xyz_xyz_installazione_multimediale_museo_maya_03.jpg\" src=\"https:\/\/socialdesignmagazine.com\/mag\/wp-content\/uploads\/2013\/05\/feed_xyz_xyz_installazione_multimediale_museo_maya_03.jpg\" alt=\"xyz installazione multimediale museo maya 03\" class=\"wp-image-12894\" srcset=\"https:\/\/socialdesignmagazine.com\/mag\/wp-content\/uploads\/2013\/05\/feed_xyz_xyz_installazione_multimediale_museo_maya_03.jpg 720w, https:\/\/socialdesignmagazine.com\/mag\/wp-content\/uploads\/2013\/05\/feed_xyz_xyz_installazione_multimediale_museo_maya_03-100x66.jpg 100w\" sizes=\"auto, (max-width: 720px) 100vw, 720px\" \/><\/figure>\n<\/div>\n\n<div class=\"wp-block-image\">\n<figure class=\"aligncenter\"><img loading=\"lazy\" decoding=\"async\" width=\"720\" height=\"479\" data-attachment-id=\"12895\" data-permalink=\"https:\/\/socialdesignmagazine.com\/mag\/visual\/xyz-technologie-culturelle-installazione-multimediale-al-gran-museo-del-mundo-maya\/attachment\/xyz-installazione-multimediale-museo-maya-04\/#content\" data-orig-file=\"https:\/\/socialdesignmagazine.com\/mag\/wp-content\/uploads\/2013\/05\/feed_xyz_xyz_installazione_multimediale_museo_maya_04.jpg\" data-orig-size=\"720,479\" data-comments-opened=\"1\" data-image-meta=\"{&quot;aperture&quot;:&quot;0&quot;,&quot;credit&quot;:&quot;&quot;,&quot;camera&quot;:&quot;&quot;,&quot;caption&quot;:&quot;&quot;,&quot;created_timestamp&quot;:&quot;0&quot;,&quot;copyright&quot;:&quot;&quot;,&quot;focal_length&quot;:&quot;0&quot;,&quot;iso&quot;:&quot;0&quot;,&quot;shutter_speed&quot;:&quot;0&quot;,&quot;title&quot;:&quot;&quot;,&quot;orientation&quot;:&quot;0&quot;}\" data-image-title=\"xyz installazione multimediale museo maya 04\" data-image-description=\"\" data-image-caption=\"\" data-medium-file=\"https:\/\/socialdesignmagazine.com\/mag\/wp-content\/uploads\/2013\/05\/feed_xyz_xyz_installazione_multimediale_museo_maya_04-396x256.jpg\" data-large-file=\"https:\/\/socialdesignmagazine.com\/mag\/wp-content\/uploads\/2013\/05\/feed_xyz_xyz_installazione_multimediale_museo_maya_04.jpg\" src=\"https:\/\/socialdesignmagazine.com\/mag\/wp-content\/uploads\/2013\/05\/feed_xyz_xyz_installazione_multimediale_museo_maya_04.jpg\" alt=\"xyz installazione multimediale museo maya 04\" class=\"wp-image-12895\" srcset=\"https:\/\/socialdesignmagazine.com\/mag\/wp-content\/uploads\/2013\/05\/feed_xyz_xyz_installazione_multimediale_museo_maya_04.jpg 720w, https:\/\/socialdesignmagazine.com\/mag\/wp-content\/uploads\/2013\/05\/feed_xyz_xyz_installazione_multimediale_museo_maya_04-100x66.jpg 100w\" sizes=\"auto, (max-width: 720px) 100vw, 720px\" \/><\/figure>\n<\/div>\n\n<div class=\"wp-block-image\">\n<figure class=\"aligncenter\"><img loading=\"lazy\" decoding=\"async\" width=\"720\" height=\"479\" data-attachment-id=\"12896\" data-permalink=\"https:\/\/socialdesignmagazine.com\/mag\/visual\/xyz-technologie-culturelle-installazione-multimediale-al-gran-museo-del-mundo-maya\/attachment\/xyz-installazione-multimediale-museo-maya-05\/#content\" data-orig-file=\"https:\/\/socialdesignmagazine.com\/mag\/wp-content\/uploads\/2013\/05\/feed_xyz_xyz_installazione_multimediale_museo_maya_05.jpg\" data-orig-size=\"720,479\" data-comments-opened=\"1\" data-image-meta=\"{&quot;aperture&quot;:&quot;0&quot;,&quot;credit&quot;:&quot;&quot;,&quot;camera&quot;:&quot;&quot;,&quot;caption&quot;:&quot;&quot;,&quot;created_timestamp&quot;:&quot;0&quot;,&quot;copyright&quot;:&quot;&quot;,&quot;focal_length&quot;:&quot;0&quot;,&quot;iso&quot;:&quot;0&quot;,&quot;shutter_speed&quot;:&quot;0&quot;,&quot;title&quot;:&quot;&quot;,&quot;orientation&quot;:&quot;0&quot;}\" data-image-title=\"xyz installazione multimediale museo maya 05\" data-image-description=\"\" data-image-caption=\"\" data-medium-file=\"https:\/\/socialdesignmagazine.com\/mag\/wp-content\/uploads\/2013\/05\/feed_xyz_xyz_installazione_multimediale_museo_maya_05-396x256.jpg\" data-large-file=\"https:\/\/socialdesignmagazine.com\/mag\/wp-content\/uploads\/2013\/05\/feed_xyz_xyz_installazione_multimediale_museo_maya_05.jpg\" src=\"https:\/\/socialdesignmagazine.com\/mag\/wp-content\/uploads\/2013\/05\/feed_xyz_xyz_installazione_multimediale_museo_maya_05.jpg\" alt=\"xyz installazione multimediale museo maya 05\" class=\"wp-image-12896\" srcset=\"https:\/\/socialdesignmagazine.com\/mag\/wp-content\/uploads\/2013\/05\/feed_xyz_xyz_installazione_multimediale_museo_maya_05.jpg 720w, https:\/\/socialdesignmagazine.com\/mag\/wp-content\/uploads\/2013\/05\/feed_xyz_xyz_installazione_multimediale_museo_maya_05-100x66.jpg 100w\" sizes=\"auto, (max-width: 720px) 100vw, 720px\" \/><\/figure>\n<\/div>\n\n<div class=\"wp-block-image\">\n<figure class=\"aligncenter\"><img loading=\"lazy\" decoding=\"async\" width=\"720\" height=\"479\" data-attachment-id=\"12897\" data-permalink=\"https:\/\/socialdesignmagazine.com\/mag\/visual\/xyz-technologie-culturelle-installazione-multimediale-al-gran-museo-del-mundo-maya\/attachment\/xyz-installazione-multimediale-museo-maya-06\/#content\" data-orig-file=\"https:\/\/socialdesignmagazine.com\/mag\/wp-content\/uploads\/2013\/05\/feed_xyz_xyz_installazione_multimediale_museo_maya_06.jpg\" data-orig-size=\"720,479\" data-comments-opened=\"1\" data-image-meta=\"{&quot;aperture&quot;:&quot;0&quot;,&quot;credit&quot;:&quot;&quot;,&quot;camera&quot;:&quot;&quot;,&quot;caption&quot;:&quot;&quot;,&quot;created_timestamp&quot;:&quot;0&quot;,&quot;copyright&quot;:&quot;&quot;,&quot;focal_length&quot;:&quot;0&quot;,&quot;iso&quot;:&quot;0&quot;,&quot;shutter_speed&quot;:&quot;0&quot;,&quot;title&quot;:&quot;&quot;,&quot;orientation&quot;:&quot;0&quot;}\" data-image-title=\"xyz installazione multimediale museo maya 06\" data-image-description=\"\" data-image-caption=\"\" data-medium-file=\"https:\/\/socialdesignmagazine.com\/mag\/wp-content\/uploads\/2013\/05\/feed_xyz_xyz_installazione_multimediale_museo_maya_06-396x256.jpg\" data-large-file=\"https:\/\/socialdesignmagazine.com\/mag\/wp-content\/uploads\/2013\/05\/feed_xyz_xyz_installazione_multimediale_museo_maya_06.jpg\" src=\"https:\/\/socialdesignmagazine.com\/mag\/wp-content\/uploads\/2013\/05\/feed_xyz_xyz_installazione_multimediale_museo_maya_06.jpg\" alt=\"xyz installazione multimediale museo maya 06\" class=\"wp-image-12897\" srcset=\"https:\/\/socialdesignmagazine.com\/mag\/wp-content\/uploads\/2013\/05\/feed_xyz_xyz_installazione_multimediale_museo_maya_06.jpg 720w, https:\/\/socialdesignmagazine.com\/mag\/wp-content\/uploads\/2013\/05\/feed_xyz_xyz_installazione_multimediale_museo_maya_06-100x66.jpg 100w\" sizes=\"auto, (max-width: 720px) 100vw, 720px\" \/><\/figure>\n<\/div>\n\n<div class=\"wp-block-image\">\n<figure class=\"aligncenter\"><img loading=\"lazy\" decoding=\"async\" width=\"720\" height=\"479\" data-attachment-id=\"12898\" data-permalink=\"https:\/\/socialdesignmagazine.com\/mag\/visual\/xyz-technologie-culturelle-installazione-multimediale-al-gran-museo-del-mundo-maya\/attachment\/xyz-installazione-multimediale-museo-maya-07\/#content\" data-orig-file=\"https:\/\/socialdesignmagazine.com\/mag\/wp-content\/uploads\/2013\/05\/feed_xyz_xyz_installazione_multimediale_museo_maya_07.jpg\" data-orig-size=\"720,479\" data-comments-opened=\"1\" data-image-meta=\"{&quot;aperture&quot;:&quot;0&quot;,&quot;credit&quot;:&quot;&quot;,&quot;camera&quot;:&quot;&quot;,&quot;caption&quot;:&quot;&quot;,&quot;created_timestamp&quot;:&quot;0&quot;,&quot;copyright&quot;:&quot;&quot;,&quot;focal_length&quot;:&quot;0&quot;,&quot;iso&quot;:&quot;0&quot;,&quot;shutter_speed&quot;:&quot;0&quot;,&quot;title&quot;:&quot;&quot;,&quot;orientation&quot;:&quot;0&quot;}\" data-image-title=\"xyz installazione multimediale museo maya 07\" data-image-description=\"\" data-image-caption=\"\" data-medium-file=\"https:\/\/socialdesignmagazine.com\/mag\/wp-content\/uploads\/2013\/05\/feed_xyz_xyz_installazione_multimediale_museo_maya_07-396x256.jpg\" data-large-file=\"https:\/\/socialdesignmagazine.com\/mag\/wp-content\/uploads\/2013\/05\/feed_xyz_xyz_installazione_multimediale_museo_maya_07.jpg\" src=\"https:\/\/socialdesignmagazine.com\/mag\/wp-content\/uploads\/2013\/05\/feed_xyz_xyz_installazione_multimediale_museo_maya_07.jpg\" alt=\"xyz installazione multimediale museo maya 07\" class=\"wp-image-12898\" srcset=\"https:\/\/socialdesignmagazine.com\/mag\/wp-content\/uploads\/2013\/05\/feed_xyz_xyz_installazione_multimediale_museo_maya_07.jpg 720w, https:\/\/socialdesignmagazine.com\/mag\/wp-content\/uploads\/2013\/05\/feed_xyz_xyz_installazione_multimediale_museo_maya_07-100x66.jpg 100w\" sizes=\"auto, (max-width: 720px) 100vw, 720px\" \/><\/figure>\n<\/div>\n\n<div class=\"wp-block-image\">\n<figure class=\"aligncenter\"><img loading=\"lazy\" decoding=\"async\" width=\"720\" height=\"479\" data-attachment-id=\"12899\" data-permalink=\"https:\/\/socialdesignmagazine.com\/mag\/visual\/xyz-technologie-culturelle-installazione-multimediale-al-gran-museo-del-mundo-maya\/attachment\/xyz-installazione-multimediale-museo-maya-08\/#content\" data-orig-file=\"https:\/\/socialdesignmagazine.com\/mag\/wp-content\/uploads\/2013\/05\/feed_xyz_xyz_installazione_multimediale_museo_maya_08.jpg\" data-orig-size=\"720,479\" data-comments-opened=\"1\" data-image-meta=\"{&quot;aperture&quot;:&quot;0&quot;,&quot;credit&quot;:&quot;&quot;,&quot;camera&quot;:&quot;&quot;,&quot;caption&quot;:&quot;&quot;,&quot;created_timestamp&quot;:&quot;0&quot;,&quot;copyright&quot;:&quot;&quot;,&quot;focal_length&quot;:&quot;0&quot;,&quot;iso&quot;:&quot;0&quot;,&quot;shutter_speed&quot;:&quot;0&quot;,&quot;title&quot;:&quot;&quot;,&quot;orientation&quot;:&quot;0&quot;}\" data-image-title=\"xyz installazione multimediale museo maya 08\" data-image-description=\"\" data-image-caption=\"\" data-medium-file=\"https:\/\/socialdesignmagazine.com\/mag\/wp-content\/uploads\/2013\/05\/feed_xyz_xyz_installazione_multimediale_museo_maya_08-396x256.jpg\" data-large-file=\"https:\/\/socialdesignmagazine.com\/mag\/wp-content\/uploads\/2013\/05\/feed_xyz_xyz_installazione_multimediale_museo_maya_08.jpg\" src=\"https:\/\/socialdesignmagazine.com\/mag\/wp-content\/uploads\/2013\/05\/feed_xyz_xyz_installazione_multimediale_museo_maya_08.jpg\" alt=\"xyz installazione multimediale museo maya 08\" class=\"wp-image-12899\" srcset=\"https:\/\/socialdesignmagazine.com\/mag\/wp-content\/uploads\/2013\/05\/feed_xyz_xyz_installazione_multimediale_museo_maya_08.jpg 720w, https:\/\/socialdesignmagazine.com\/mag\/wp-content\/uploads\/2013\/05\/feed_xyz_xyz_installazione_multimediale_museo_maya_08-100x66.jpg 100w\" sizes=\"auto, (max-width: 720px) 100vw, 720px\" \/><\/figure>\n<\/div>\n\n<div class=\"wp-block-image\">\n<figure class=\"aligncenter\"><img loading=\"lazy\" decoding=\"async\" width=\"720\" height=\"479\" data-attachment-id=\"12900\" data-permalink=\"https:\/\/socialdesignmagazine.com\/mag\/visual\/xyz-technologie-culturelle-installazione-multimediale-al-gran-museo-del-mundo-maya\/attachment\/xyz-installazione-multimediale-museo-maya-09\/#content\" data-orig-file=\"https:\/\/socialdesignmagazine.com\/mag\/wp-content\/uploads\/2013\/05\/feed_xyz_xyz_installazione_multimediale_museo_maya_09.jpg\" data-orig-size=\"720,479\" data-comments-opened=\"1\" data-image-meta=\"{&quot;aperture&quot;:&quot;0&quot;,&quot;credit&quot;:&quot;&quot;,&quot;camera&quot;:&quot;&quot;,&quot;caption&quot;:&quot;&quot;,&quot;created_timestamp&quot;:&quot;0&quot;,&quot;copyright&quot;:&quot;&quot;,&quot;focal_length&quot;:&quot;0&quot;,&quot;iso&quot;:&quot;0&quot;,&quot;shutter_speed&quot;:&quot;0&quot;,&quot;title&quot;:&quot;&quot;,&quot;orientation&quot;:&quot;0&quot;}\" data-image-title=\"xyz installazione multimediale museo maya 09\" data-image-description=\"\" data-image-caption=\"\" data-medium-file=\"https:\/\/socialdesignmagazine.com\/mag\/wp-content\/uploads\/2013\/05\/feed_xyz_xyz_installazione_multimediale_museo_maya_09-396x256.jpg\" data-large-file=\"https:\/\/socialdesignmagazine.com\/mag\/wp-content\/uploads\/2013\/05\/feed_xyz_xyz_installazione_multimediale_museo_maya_09.jpg\" src=\"https:\/\/socialdesignmagazine.com\/mag\/wp-content\/uploads\/2013\/05\/feed_xyz_xyz_installazione_multimediale_museo_maya_09.jpg\" alt=\"xyz installazione multimediale museo maya 09\" class=\"wp-image-12900\" srcset=\"https:\/\/socialdesignmagazine.com\/mag\/wp-content\/uploads\/2013\/05\/feed_xyz_xyz_installazione_multimediale_museo_maya_09.jpg 720w, https:\/\/socialdesignmagazine.com\/mag\/wp-content\/uploads\/2013\/05\/feed_xyz_xyz_installazione_multimediale_museo_maya_09-100x66.jpg 100w\" sizes=\"auto, (max-width: 720px) 100vw, 720px\" \/><\/figure>\n<\/div>\n\n<div class=\"wp-block-image\">\n<figure class=\"aligncenter\"><img loading=\"lazy\" decoding=\"async\" width=\"720\" height=\"479\" data-attachment-id=\"12901\" data-permalink=\"https:\/\/socialdesignmagazine.com\/mag\/visual\/xyz-technologie-culturelle-installazione-multimediale-al-gran-museo-del-mundo-maya\/attachment\/xyz-installazione-multimediale-museo-maya-10\/#content\" data-orig-file=\"https:\/\/socialdesignmagazine.com\/mag\/wp-content\/uploads\/2013\/05\/feed_xyz_xyz_installazione_multimediale_museo_maya_10.jpg\" data-orig-size=\"720,479\" data-comments-opened=\"1\" data-image-meta=\"{&quot;aperture&quot;:&quot;0&quot;,&quot;credit&quot;:&quot;&quot;,&quot;camera&quot;:&quot;&quot;,&quot;caption&quot;:&quot;&quot;,&quot;created_timestamp&quot;:&quot;0&quot;,&quot;copyright&quot;:&quot;&quot;,&quot;focal_length&quot;:&quot;0&quot;,&quot;iso&quot;:&quot;0&quot;,&quot;shutter_speed&quot;:&quot;0&quot;,&quot;title&quot;:&quot;&quot;,&quot;orientation&quot;:&quot;0&quot;}\" data-image-title=\"xyz installazione multimediale museo maya 10\" data-image-description=\"\" data-image-caption=\"\" data-medium-file=\"https:\/\/socialdesignmagazine.com\/mag\/wp-content\/uploads\/2013\/05\/feed_xyz_xyz_installazione_multimediale_museo_maya_10-396x256.jpg\" data-large-file=\"https:\/\/socialdesignmagazine.com\/mag\/wp-content\/uploads\/2013\/05\/feed_xyz_xyz_installazione_multimediale_museo_maya_10.jpg\" src=\"https:\/\/socialdesignmagazine.com\/mag\/wp-content\/uploads\/2013\/05\/feed_xyz_xyz_installazione_multimediale_museo_maya_10.jpg\" alt=\"xyz installazione multimediale museo maya 10\" class=\"wp-image-12901\" srcset=\"https:\/\/socialdesignmagazine.com\/mag\/wp-content\/uploads\/2013\/05\/feed_xyz_xyz_installazione_multimediale_museo_maya_10.jpg 720w, https:\/\/socialdesignmagazine.com\/mag\/wp-content\/uploads\/2013\/05\/feed_xyz_xyz_installazione_multimediale_museo_maya_10-100x66.jpg 100w\" sizes=\"auto, (max-width: 720px) 100vw, 720px\" \/><\/figure>\n<\/div>\n\n<div class=\"wp-block-image\">\n<figure class=\"aligncenter\"><img loading=\"lazy\" decoding=\"async\" width=\"720\" height=\"479\" data-attachment-id=\"12902\" data-permalink=\"https:\/\/socialdesignmagazine.com\/mag\/visual\/xyz-technologie-culturelle-installazione-multimediale-al-gran-museo-del-mundo-maya\/attachment\/xyz-installazione-multimediale-museo-maya-11\/#content\" data-orig-file=\"https:\/\/socialdesignmagazine.com\/mag\/wp-content\/uploads\/2013\/05\/feed_xyz_xyz_installazione_multimediale_museo_maya_11.jpg\" data-orig-size=\"720,479\" data-comments-opened=\"1\" data-image-meta=\"{&quot;aperture&quot;:&quot;0&quot;,&quot;credit&quot;:&quot;&quot;,&quot;camera&quot;:&quot;&quot;,&quot;caption&quot;:&quot;&quot;,&quot;created_timestamp&quot;:&quot;0&quot;,&quot;copyright&quot;:&quot;&quot;,&quot;focal_length&quot;:&quot;0&quot;,&quot;iso&quot;:&quot;0&quot;,&quot;shutter_speed&quot;:&quot;0&quot;,&quot;title&quot;:&quot;&quot;,&quot;orientation&quot;:&quot;0&quot;}\" data-image-title=\"xyz installazione multimediale museo maya 11\" data-image-description=\"\" data-image-caption=\"\" data-medium-file=\"https:\/\/socialdesignmagazine.com\/mag\/wp-content\/uploads\/2013\/05\/feed_xyz_xyz_installazione_multimediale_museo_maya_11-396x256.jpg\" data-large-file=\"https:\/\/socialdesignmagazine.com\/mag\/wp-content\/uploads\/2013\/05\/feed_xyz_xyz_installazione_multimediale_museo_maya_11.jpg\" src=\"https:\/\/socialdesignmagazine.com\/mag\/wp-content\/uploads\/2013\/05\/feed_xyz_xyz_installazione_multimediale_museo_maya_11.jpg\" alt=\"xyz installazione multimediale museo maya 11\" class=\"wp-image-12902\" srcset=\"https:\/\/socialdesignmagazine.com\/mag\/wp-content\/uploads\/2013\/05\/feed_xyz_xyz_installazione_multimediale_museo_maya_11.jpg 720w, https:\/\/socialdesignmagazine.com\/mag\/wp-content\/uploads\/2013\/05\/feed_xyz_xyz_installazione_multimediale_museo_maya_11-100x66.jpg 100w\" sizes=\"auto, (max-width: 720px) 100vw, 720px\" \/><\/figure>\n<\/div>\n\n<div class=\"wp-block-image\">\n<figure class=\"aligncenter\"><img loading=\"lazy\" decoding=\"async\" width=\"720\" height=\"479\" data-attachment-id=\"12903\" data-permalink=\"https:\/\/socialdesignmagazine.com\/mag\/visual\/xyz-technologie-culturelle-installazione-multimediale-al-gran-museo-del-mundo-maya\/attachment\/xyz-installazione-multimediale-museo-maya-12\/#content\" data-orig-file=\"https:\/\/socialdesignmagazine.com\/mag\/wp-content\/uploads\/2013\/05\/feed_xyz_xyz_installazione_multimediale_museo_maya_12.jpg\" data-orig-size=\"720,479\" data-comments-opened=\"1\" data-image-meta=\"{&quot;aperture&quot;:&quot;0&quot;,&quot;credit&quot;:&quot;&quot;,&quot;camera&quot;:&quot;&quot;,&quot;caption&quot;:&quot;&quot;,&quot;created_timestamp&quot;:&quot;0&quot;,&quot;copyright&quot;:&quot;&quot;,&quot;focal_length&quot;:&quot;0&quot;,&quot;iso&quot;:&quot;0&quot;,&quot;shutter_speed&quot;:&quot;0&quot;,&quot;title&quot;:&quot;&quot;,&quot;orientation&quot;:&quot;0&quot;}\" data-image-title=\"xyz installazione multimediale museo maya 12\" data-image-description=\"\" data-image-caption=\"\" data-medium-file=\"https:\/\/socialdesignmagazine.com\/mag\/wp-content\/uploads\/2013\/05\/feed_xyz_xyz_installazione_multimediale_museo_maya_12-396x256.jpg\" data-large-file=\"https:\/\/socialdesignmagazine.com\/mag\/wp-content\/uploads\/2013\/05\/feed_xyz_xyz_installazione_multimediale_museo_maya_12.jpg\" src=\"https:\/\/socialdesignmagazine.com\/mag\/wp-content\/uploads\/2013\/05\/feed_xyz_xyz_installazione_multimediale_museo_maya_12.jpg\" alt=\"xyz installazione multimediale museo maya 12\" class=\"wp-image-12903\" srcset=\"https:\/\/socialdesignmagazine.com\/mag\/wp-content\/uploads\/2013\/05\/feed_xyz_xyz_installazione_multimediale_museo_maya_12.jpg 720w, https:\/\/socialdesignmagazine.com\/mag\/wp-content\/uploads\/2013\/05\/feed_xyz_xyz_installazione_multimediale_museo_maya_12-100x66.jpg 100w\" sizes=\"auto, (max-width: 720px) 100vw, 720px\" \/><\/figure>\n<\/div>\n\n<div class=\"wp-block-image\">\n<figure class=\"aligncenter\"><img loading=\"lazy\" decoding=\"async\" width=\"720\" height=\"479\" data-attachment-id=\"12904\" data-permalink=\"https:\/\/socialdesignmagazine.com\/mag\/visual\/xyz-technologie-culturelle-installazione-multimediale-al-gran-museo-del-mundo-maya\/attachment\/xyz-installazione-multimediale-museo-maya-13\/#content\" data-orig-file=\"https:\/\/socialdesignmagazine.com\/mag\/wp-content\/uploads\/2013\/05\/feed_xyz_xyz_installazione_multimediale_museo_maya_13.jpg\" data-orig-size=\"720,479\" data-comments-opened=\"1\" data-image-meta=\"{&quot;aperture&quot;:&quot;0&quot;,&quot;credit&quot;:&quot;&quot;,&quot;camera&quot;:&quot;&quot;,&quot;caption&quot;:&quot;&quot;,&quot;created_timestamp&quot;:&quot;0&quot;,&quot;copyright&quot;:&quot;&quot;,&quot;focal_length&quot;:&quot;0&quot;,&quot;iso&quot;:&quot;0&quot;,&quot;shutter_speed&quot;:&quot;0&quot;,&quot;title&quot;:&quot;&quot;,&quot;orientation&quot;:&quot;0&quot;}\" data-image-title=\"xyz installazione multimediale museo maya 13\" data-image-description=\"\" data-image-caption=\"\" data-medium-file=\"https:\/\/socialdesignmagazine.com\/mag\/wp-content\/uploads\/2013\/05\/feed_xyz_xyz_installazione_multimediale_museo_maya_13-396x256.jpg\" data-large-file=\"https:\/\/socialdesignmagazine.com\/mag\/wp-content\/uploads\/2013\/05\/feed_xyz_xyz_installazione_multimediale_museo_maya_13.jpg\" src=\"https:\/\/socialdesignmagazine.com\/mag\/wp-content\/uploads\/2013\/05\/feed_xyz_xyz_installazione_multimediale_museo_maya_13.jpg\" alt=\"xyz installazione multimediale museo maya 13\" class=\"wp-image-12904\" srcset=\"https:\/\/socialdesignmagazine.com\/mag\/wp-content\/uploads\/2013\/05\/feed_xyz_xyz_installazione_multimediale_museo_maya_13.jpg 720w, https:\/\/socialdesignmagazine.com\/mag\/wp-content\/uploads\/2013\/05\/feed_xyz_xyz_installazione_multimediale_museo_maya_13-100x66.jpg 100w\" sizes=\"auto, (max-width: 720px) 100vw, 720px\" \/><\/figure>\n<\/div>\n\n<div class=\"wp-block-image\">\n<figure class=\"aligncenter\"><img loading=\"lazy\" decoding=\"async\" width=\"720\" height=\"479\" data-attachment-id=\"12905\" data-permalink=\"https:\/\/socialdesignmagazine.com\/mag\/visual\/xyz-technologie-culturelle-installazione-multimediale-al-gran-museo-del-mundo-maya\/attachment\/xyz-installazione-multimediale-museo-maya-14\/#content\" data-orig-file=\"https:\/\/socialdesignmagazine.com\/mag\/wp-content\/uploads\/2013\/05\/feed_xyz_xyz_installazione_multimediale_museo_maya_14.jpg\" data-orig-size=\"720,479\" data-comments-opened=\"1\" data-image-meta=\"{&quot;aperture&quot;:&quot;0&quot;,&quot;credit&quot;:&quot;&quot;,&quot;camera&quot;:&quot;&quot;,&quot;caption&quot;:&quot;&quot;,&quot;created_timestamp&quot;:&quot;0&quot;,&quot;copyright&quot;:&quot;&quot;,&quot;focal_length&quot;:&quot;0&quot;,&quot;iso&quot;:&quot;0&quot;,&quot;shutter_speed&quot;:&quot;0&quot;,&quot;title&quot;:&quot;&quot;,&quot;orientation&quot;:&quot;0&quot;}\" data-image-title=\"xyz installazione multimediale museo maya 14\" data-image-description=\"\" data-image-caption=\"\" data-medium-file=\"https:\/\/socialdesignmagazine.com\/mag\/wp-content\/uploads\/2013\/05\/feed_xyz_xyz_installazione_multimediale_museo_maya_14-396x256.jpg\" data-large-file=\"https:\/\/socialdesignmagazine.com\/mag\/wp-content\/uploads\/2013\/05\/feed_xyz_xyz_installazione_multimediale_museo_maya_14.jpg\" src=\"https:\/\/socialdesignmagazine.com\/mag\/wp-content\/uploads\/2013\/05\/feed_xyz_xyz_installazione_multimediale_museo_maya_14.jpg\" alt=\"xyz installazione multimediale museo maya 14\" class=\"wp-image-12905\" srcset=\"https:\/\/socialdesignmagazine.com\/mag\/wp-content\/uploads\/2013\/05\/feed_xyz_xyz_installazione_multimediale_museo_maya_14.jpg 720w, https:\/\/socialdesignmagazine.com\/mag\/wp-content\/uploads\/2013\/05\/feed_xyz_xyz_installazione_multimediale_museo_maya_14-100x66.jpg 100w\" sizes=\"auto, (max-width: 720px) 100vw, 720px\" \/><\/figure>\n<\/div>\n\n<div class=\"wp-block-image\">\n<figure class=\"aligncenter\"><img loading=\"lazy\" decoding=\"async\" width=\"720\" height=\"479\" data-attachment-id=\"12906\" data-permalink=\"https:\/\/socialdesignmagazine.com\/mag\/visual\/xyz-technologie-culturelle-installazione-multimediale-al-gran-museo-del-mundo-maya\/attachment\/xyz-installazione-multimediale-museo-maya-15\/#content\" data-orig-file=\"https:\/\/socialdesignmagazine.com\/mag\/wp-content\/uploads\/2013\/05\/feed_xyz_xyz_installazione_multimediale_museo_maya_15.jpg\" data-orig-size=\"720,479\" data-comments-opened=\"1\" data-image-meta=\"{&quot;aperture&quot;:&quot;0&quot;,&quot;credit&quot;:&quot;&quot;,&quot;camera&quot;:&quot;&quot;,&quot;caption&quot;:&quot;&quot;,&quot;created_timestamp&quot;:&quot;0&quot;,&quot;copyright&quot;:&quot;&quot;,&quot;focal_length&quot;:&quot;0&quot;,&quot;iso&quot;:&quot;0&quot;,&quot;shutter_speed&quot;:&quot;0&quot;,&quot;title&quot;:&quot;&quot;,&quot;orientation&quot;:&quot;0&quot;}\" data-image-title=\"xyz installazione multimediale museo maya 15\" data-image-description=\"\" data-image-caption=\"\" data-medium-file=\"https:\/\/socialdesignmagazine.com\/mag\/wp-content\/uploads\/2013\/05\/feed_xyz_xyz_installazione_multimediale_museo_maya_15-396x256.jpg\" data-large-file=\"https:\/\/socialdesignmagazine.com\/mag\/wp-content\/uploads\/2013\/05\/feed_xyz_xyz_installazione_multimediale_museo_maya_15.jpg\" src=\"https:\/\/socialdesignmagazine.com\/mag\/wp-content\/uploads\/2013\/05\/feed_xyz_xyz_installazione_multimediale_museo_maya_15.jpg\" alt=\"xyz installazione multimediale museo maya 15\" class=\"wp-image-12906\" srcset=\"https:\/\/socialdesignmagazine.com\/mag\/wp-content\/uploads\/2013\/05\/feed_xyz_xyz_installazione_multimediale_museo_maya_15.jpg 720w, https:\/\/socialdesignmagazine.com\/mag\/wp-content\/uploads\/2013\/05\/feed_xyz_xyz_installazione_multimediale_museo_maya_15-100x66.jpg 100w\" sizes=\"auto, (max-width: 720px) 100vw, 720px\" \/><\/figure>\n<\/div>\n\n\n<p>Photo Credits: Tamara Uribe<\/p>\n","protected":false,"gt_translate_keys":[{"key":"rendered","format":"html"}]},"excerpt":{"rendered":"<p>XYZ e Xavier de Richemont hanno progettato questa installazione visiva e multimediale sulle facciate del Gran Museo del Mundo Maya a Merida, in Messico.<\/p>\n","protected":false,"gt_translate_keys":[{"key":"rendered","format":"html"}]},"author":1,"featured_media":12892,"comment_status":"open","ping_status":"open","sticky":false,"template":"","format":"standard","meta":{"jetpack_post_was_ever_published":false,"_jetpack_newsletter_access":"","_jetpack_dont_email_post_to_subs":false,"_jetpack_newsletter_tier_id":0,"_jetpack_memberships_contains_paywalled_content":false,"_jetpack_memberships_contains_paid_content":false,"footnotes":"","_wpscppro_dont_share_socialmedia":false,"_wpscppro_custom_social_share_image":0,"_facebook_share_type":"","_twitter_share_type":"","_linkedin_share_type":"","_pinterest_share_type":"","_linkedin_share_type_page":"","_instagram_share_type":"","_medium_share_type":"","_threads_share_type":"","_google_business_share_type":"","_selected_social_profile":[],"_wpsp_enable_custom_social_template":false,"_wpsp_social_scheduling":{"enabled":false,"datetime":null,"platforms":[],"status":"template_only","dateOption":"today","timeOption":"now","customDays":"","customHours":"","customDate":"","customTime":"","schedulingType":"absolute"},"_wpsp_active_default_template":true},"categories":[12],"tags":[202,84],"class_list":["post-2195","post","type-post","status-publish","format-standard","has-post-thumbnail","hentry","category-visual","tag-installazione","tag-museo"],"yoast_head":"<!-- This site is optimized with the Yoast SEO plugin v27.2 - https:\/\/yoast.com\/product\/yoast-seo-wordpress\/ -->\n<title>XYZ Technologie Culturelle \/ installazione multimediale al Gran Museo del Mundo Maya - Social Design Magazine<\/title>\n<meta name=\"description\" content=\"XYZ e Xavier de Richemont hanno progettato questa installazione visiva e multimediale sulle facciate del Gran Museo del Mundo Maya a Merida, in Messico.\" \/>\n<meta name=\"robots\" content=\"index, follow, max-snippet:-1, max-image-preview:large, max-video-preview:-1\" \/>\n<link rel=\"canonical\" href=\"https:\/\/socialdesignmagazine.com\/mag\/visual\/xyz-technologie-culturelle-installazione-multimediale-al-gran-museo-del-mundo-maya\/\" \/>\n<meta property=\"og:locale\" content=\"it_IT\" \/>\n<meta property=\"og:type\" content=\"article\" \/>\n<meta property=\"og:title\" content=\"XYZ Technologie Culturelle \/ installazione multimediale al Gran Museo del Mundo Maya - Social Design Magazine\" \/>\n<meta property=\"og:description\" content=\"XYZ e Xavier de Richemont hanno progettato questa installazione visiva e multimediale sulle facciate del Gran Museo del Mundo Maya a Merida, in Messico.\" \/>\n<meta property=\"og:url\" content=\"http:\/\/socialdesignmagazine.com\/mag\/visual\/xyz-technologie-culturelle-installazione-multimediale-al-gran-museo-del-mundo-maya\/\" \/>\n<meta property=\"og:site_name\" content=\"Social Design Magazine\" \/>\n<meta property=\"article:publisher\" content=\"https:\/\/www.facebook.com\/socialdesignmag\" \/>\n<meta property=\"article:author\" content=\"https:\/\/www.facebook.com\/benedettofiori\" \/>\n<meta property=\"article:published_time\" content=\"2013-05-21T08:00:00+00:00\" \/>\n<meta property=\"article:modified_time\" content=\"2024-06-04T19:15:09+00:00\" \/>\n<meta property=\"og:image\" content=\"https:\/\/socialdesignmagazine.com\/mag\/wp-content\/uploads\/2013\/05\/feed_xyz_xyz_installazione_multimediale_museo_maya_01.jpg\" \/>\n\t<meta property=\"og:image:width\" content=\"720\" \/>\n\t<meta property=\"og:image:height\" content=\"479\" \/>\n\t<meta property=\"og:image:type\" content=\"image\/jpeg\" \/>\n<meta name=\"author\" content=\"Benedetto Fiori\" \/>\n<meta name=\"twitter:card\" content=\"summary_large_image\" \/>\n<meta name=\"twitter:creator\" content=\"@benedettofiori\" \/>\n<meta name=\"twitter:site\" content=\"@socialdesignmag\" \/>\n<meta name=\"twitter:label1\" content=\"Scritto da\" \/>\n\t<meta name=\"twitter:data1\" content=\"Benedetto Fiori\" \/>\n\t<meta name=\"twitter:label2\" content=\"Tempo di lettura stimato\" \/>\n\t<meta name=\"twitter:data2\" content=\"4 minuti\" \/>\n<script type=\"application\/ld+json\" class=\"yoast-schema-graph\">{\"@context\":\"https:\/\/schema.org\",\"@graph\":[{\"@type\":\"Article\",\"@id\":\"https:\/\/socialdesignmagazine.com\/mag\/visual\/xyz-technologie-culturelle-installazione-multimediale-al-gran-museo-del-mundo-maya\/#article\",\"isPartOf\":{\"@id\":\"https:\/\/socialdesignmagazine.com\/mag\/visual\/xyz-technologie-culturelle-installazione-multimediale-al-gran-museo-del-mundo-maya\/\"},\"author\":{\"name\":\"Benedetto Fiori\",\"@id\":\"https:\/\/socialdesignmagazine.com\/mag\/#\/schema\/person\/61e20205cc363c315e6aabd33a045846\"},\"headline\":\"XYZ Technologie Culturelle \/ installazione multimediale al Gran Museo del Mundo Maya\",\"datePublished\":\"2013-05-21T08:00:00+00:00\",\"dateModified\":\"2024-06-04T19:15:09+00:00\",\"mainEntityOfPage\":{\"@id\":\"https:\/\/socialdesignmagazine.com\/mag\/visual\/xyz-technologie-culturelle-installazione-multimediale-al-gran-museo-del-mundo-maya\/\"},\"wordCount\":134,\"commentCount\":0,\"publisher\":{\"@id\":\"https:\/\/socialdesignmagazine.com\/mag\/#organization\"},\"image\":{\"@id\":\"https:\/\/socialdesignmagazine.com\/mag\/visual\/xyz-technologie-culturelle-installazione-multimediale-al-gran-museo-del-mundo-maya\/#primaryimage\"},\"thumbnailUrl\":\"https:\/\/socialdesignmagazine.com\/mag\/wp-content\/uploads\/2013\/05\/feed_xyz_xyz_installazione_multimediale_museo_maya_01.jpg\",\"keywords\":[\"installazione\",\"museo\"],\"articleSection\":[\"Visual\"],\"inLanguage\":\"it-IT\",\"potentialAction\":[{\"@type\":\"CommentAction\",\"name\":\"Comment\",\"target\":[\"https:\/\/socialdesignmagazine.com\/mag\/visual\/xyz-technologie-culturelle-installazione-multimediale-al-gran-museo-del-mundo-maya\/#respond\"]}]},{\"@type\":\"WebPage\",\"@id\":\"https:\/\/socialdesignmagazine.com\/mag\/visual\/xyz-technologie-culturelle-installazione-multimediale-al-gran-museo-del-mundo-maya\/\",\"url\":\"https:\/\/socialdesignmagazine.com\/mag\/visual\/xyz-technologie-culturelle-installazione-multimediale-al-gran-museo-del-mundo-maya\/\",\"name\":\"XYZ Technologie Culturelle \/ installazione multimediale al Gran Museo del Mundo Maya - Social Design Magazine\",\"isPartOf\":{\"@id\":\"https:\/\/socialdesignmagazine.com\/mag\/#website\"},\"primaryImageOfPage\":{\"@id\":\"https:\/\/socialdesignmagazine.com\/mag\/visual\/xyz-technologie-culturelle-installazione-multimediale-al-gran-museo-del-mundo-maya\/#primaryimage\"},\"image\":{\"@id\":\"https:\/\/socialdesignmagazine.com\/mag\/visual\/xyz-technologie-culturelle-installazione-multimediale-al-gran-museo-del-mundo-maya\/#primaryimage\"},\"thumbnailUrl\":\"https:\/\/socialdesignmagazine.com\/mag\/wp-content\/uploads\/2013\/05\/feed_xyz_xyz_installazione_multimediale_museo_maya_01.jpg\",\"datePublished\":\"2013-05-21T08:00:00+00:00\",\"dateModified\":\"2024-06-04T19:15:09+00:00\",\"description\":\"XYZ e Xavier de Richemont hanno progettato questa installazione visiva e multimediale sulle facciate del Gran Museo del Mundo Maya a Merida, in Messico.\",\"breadcrumb\":{\"@id\":\"https:\/\/socialdesignmagazine.com\/mag\/visual\/xyz-technologie-culturelle-installazione-multimediale-al-gran-museo-del-mundo-maya\/#breadcrumb\"},\"inLanguage\":\"it-IT\",\"potentialAction\":[{\"@type\":\"ReadAction\",\"target\":[\"https:\/\/socialdesignmagazine.com\/mag\/visual\/xyz-technologie-culturelle-installazione-multimediale-al-gran-museo-del-mundo-maya\/\"]}]},{\"@type\":\"ImageObject\",\"inLanguage\":\"it-IT\",\"@id\":\"https:\/\/socialdesignmagazine.com\/mag\/visual\/xyz-technologie-culturelle-installazione-multimediale-al-gran-museo-del-mundo-maya\/#primaryimage\",\"url\":\"https:\/\/socialdesignmagazine.com\/mag\/wp-content\/uploads\/2013\/05\/feed_xyz_xyz_installazione_multimediale_museo_maya_01.jpg\",\"contentUrl\":\"https:\/\/socialdesignmagazine.com\/mag\/wp-content\/uploads\/2013\/05\/feed_xyz_xyz_installazione_multimediale_museo_maya_01.jpg\",\"width\":720,\"height\":479,\"caption\":\"xyz installazione multimediale museo maya 01\"},{\"@type\":\"BreadcrumbList\",\"@id\":\"https:\/\/socialdesignmagazine.com\/mag\/visual\/xyz-technologie-culturelle-installazione-multimediale-al-gran-museo-del-mundo-maya\/#breadcrumb\",\"itemListElement\":[{\"@type\":\"ListItem\",\"position\":1,\"name\":\"Home\",\"item\":\"https:\/\/socialdesignmagazine.com\/mag\/\"},{\"@type\":\"ListItem\",\"position\":2,\"name\":\"Visual\",\"item\":\"https:\/\/socialdesignmagazine.com\/mag\/visual\/\"},{\"@type\":\"ListItem\",\"position\":3,\"name\":\"XYZ Technologie Culturelle \/ installazione multimediale al Gran Museo del Mundo Maya\"}]},{\"@type\":\"WebSite\",\"@id\":\"https:\/\/socialdesignmagazine.com\/mag\/#website\",\"url\":\"https:\/\/socialdesignmagazine.com\/mag\/\",\"name\":\"Social Design Magazine\",\"description\":\"Social Magazine su Design, Architettura, Arte, Grafica\",\"publisher\":{\"@id\":\"https:\/\/socialdesignmagazine.com\/mag\/#organization\"},\"potentialAction\":[{\"@type\":\"SearchAction\",\"target\":{\"@type\":\"EntryPoint\",\"urlTemplate\":\"https:\/\/socialdesignmagazine.com\/mag\/?s={search_term_string}\"},\"query-input\":{\"@type\":\"PropertyValueSpecification\",\"valueRequired\":true,\"valueName\":\"search_term_string\"}}],\"inLanguage\":\"it-IT\"},{\"@type\":\"Organization\",\"@id\":\"https:\/\/socialdesignmagazine.com\/mag\/#organization\",\"name\":\"Social Design Magazine\",\"url\":\"https:\/\/socialdesignmagazine.com\/mag\/\",\"logo\":{\"@type\":\"ImageObject\",\"inLanguage\":\"it-IT\",\"@id\":\"https:\/\/socialdesignmagazine.com\/mag\/#\/schema\/logo\/image\/\",\"url\":\"https:\/\/socialdesignmagazine.com\/mag\/wp-content\/uploads\/2017\/01\/logo_favicon_11.png\",\"contentUrl\":\"https:\/\/socialdesignmagazine.com\/mag\/wp-content\/uploads\/2017\/01\/logo_favicon_11.png\",\"width\":1024,\"height\":1024,\"caption\":\"Social Design Magazine\"},\"image\":{\"@id\":\"https:\/\/socialdesignmagazine.com\/mag\/#\/schema\/logo\/image\/\"},\"sameAs\":[\"https:\/\/www.facebook.com\/socialdesignmag\",\"https:\/\/x.com\/socialdesignmag\",\"http:\/\/instagram.com\/social_design_magazine\/\",\"http:\/\/pinterest.com\/socialdesignmag\/\",\"http:\/\/www.youtube.com\/user\/socialdesignmagazine\"]},{\"@type\":\"Person\",\"@id\":\"https:\/\/socialdesignmagazine.com\/mag\/#\/schema\/person\/61e20205cc363c315e6aabd33a045846\",\"name\":\"Benedetto Fiori\",\"image\":{\"@type\":\"ImageObject\",\"inLanguage\":\"it-IT\",\"@id\":\"https:\/\/secure.gravatar.com\/avatar\/450a48cefa36da63d920ad70aa660bd10725b1c6093800242e5efdb397759033?s=96&d=mm&r=g\",\"url\":\"https:\/\/secure.gravatar.com\/avatar\/450a48cefa36da63d920ad70aa660bd10725b1c6093800242e5efdb397759033?s=96&d=mm&r=g\",\"contentUrl\":\"https:\/\/secure.gravatar.com\/avatar\/450a48cefa36da63d920ad70aa660bd10725b1c6093800242e5efdb397759033?s=96&d=mm&r=g\",\"caption\":\"Benedetto Fiori\"},\"description\":\"Web | Twitter | Facebook | Shutterstock Founder &amp; Editor in Chief di Social Design Magazine. Attratto da sempre da tutto ci\u00f2 che \u00e8 creativit\u00e0, design, architettura. Dopo aver studiato Architettura all'Universit\u00e0 di Firenze, si \u00e8 impegnato in molteplici campi: comunicazione grafica, progettazione di allestimenti fieristici, brand design, Interior Design.\",\"sameAs\":[\"http:\/\/benedettofiori.com\",\"https:\/\/www.facebook.com\/benedettofiori\",\"https:\/\/x.com\/benedettofiori\"],\"url\":\"https:\/\/socialdesignmagazine.com\/mag\/author\/benedetto\/\"}]}<\/script>\n<!-- \/ Yoast SEO plugin. -->","yoast_head_json":{"title":"XYZ Technologie Culturelle \/ installazione multimediale al Gran Museo del Mundo Maya - Social Design Magazine","description":"XYZ e Xavier de Richemont hanno progettato questa installazione visiva e multimediale sulle facciate del Gran Museo del Mundo Maya a Merida, in Messico.","robots":{"index":"index","follow":"follow","max-snippet":"max-snippet:-1","max-image-preview":"max-image-preview:large","max-video-preview":"max-video-preview:-1"},"canonical":"https:\/\/socialdesignmagazine.com\/mag\/visual\/xyz-technologie-culturelle-installazione-multimediale-al-gran-museo-del-mundo-maya\/","og_locale":"it_IT","og_type":"article","og_title":"XYZ Technologie Culturelle \/ installazione multimediale al Gran Museo del Mundo Maya - Social Design Magazine","og_description":"XYZ e Xavier de Richemont hanno progettato questa installazione visiva e multimediale sulle facciate del Gran Museo del Mundo Maya a Merida, in Messico.","og_url":"http:\/\/socialdesignmagazine.com\/mag\/visual\/xyz-technologie-culturelle-installazione-multimediale-al-gran-museo-del-mundo-maya\/","og_site_name":"Social Design Magazine","article_publisher":"https:\/\/www.facebook.com\/socialdesignmag","article_author":"https:\/\/www.facebook.com\/benedettofiori","article_published_time":"2013-05-21T08:00:00+00:00","article_modified_time":"2024-06-04T19:15:09+00:00","og_image":[{"width":720,"height":479,"url":"https:\/\/socialdesignmagazine.com\/mag\/wp-content\/uploads\/2013\/05\/feed_xyz_xyz_installazione_multimediale_museo_maya_01.jpg","type":"image\/jpeg"}],"author":"Benedetto Fiori","twitter_card":"summary_large_image","twitter_creator":"@benedettofiori","twitter_site":"@socialdesignmag","twitter_misc":{"Scritto da":"Benedetto Fiori","Tempo di lettura stimato":"4 minuti"},"schema":{"@context":"https:\/\/schema.org","@graph":[{"@type":"Article","@id":"https:\/\/socialdesignmagazine.com\/mag\/visual\/xyz-technologie-culturelle-installazione-multimediale-al-gran-museo-del-mundo-maya\/#article","isPartOf":{"@id":"https:\/\/socialdesignmagazine.com\/mag\/visual\/xyz-technologie-culturelle-installazione-multimediale-al-gran-museo-del-mundo-maya\/"},"author":{"name":"Benedetto Fiori","@id":"https:\/\/socialdesignmagazine.com\/mag\/#\/schema\/person\/61e20205cc363c315e6aabd33a045846"},"headline":"XYZ Technologie Culturelle \/ installazione multimediale al Gran Museo del Mundo Maya","datePublished":"2013-05-21T08:00:00+00:00","dateModified":"2024-06-04T19:15:09+00:00","mainEntityOfPage":{"@id":"https:\/\/socialdesignmagazine.com\/mag\/visual\/xyz-technologie-culturelle-installazione-multimediale-al-gran-museo-del-mundo-maya\/"},"wordCount":134,"commentCount":0,"publisher":{"@id":"https:\/\/socialdesignmagazine.com\/mag\/#organization"},"image":{"@id":"https:\/\/socialdesignmagazine.com\/mag\/visual\/xyz-technologie-culturelle-installazione-multimediale-al-gran-museo-del-mundo-maya\/#primaryimage"},"thumbnailUrl":"https:\/\/socialdesignmagazine.com\/mag\/wp-content\/uploads\/2013\/05\/feed_xyz_xyz_installazione_multimediale_museo_maya_01.jpg","keywords":["installazione","museo"],"articleSection":["Visual"],"inLanguage":"it-IT","potentialAction":[{"@type":"CommentAction","name":"Comment","target":["https:\/\/socialdesignmagazine.com\/mag\/visual\/xyz-technologie-culturelle-installazione-multimediale-al-gran-museo-del-mundo-maya\/#respond"]}]},{"@type":"WebPage","@id":"https:\/\/socialdesignmagazine.com\/mag\/visual\/xyz-technologie-culturelle-installazione-multimediale-al-gran-museo-del-mundo-maya\/","url":"https:\/\/socialdesignmagazine.com\/mag\/visual\/xyz-technologie-culturelle-installazione-multimediale-al-gran-museo-del-mundo-maya\/","name":"XYZ Technologie Culturelle \/ installazione multimediale al Gran Museo del Mundo Maya - Social Design Magazine","isPartOf":{"@id":"https:\/\/socialdesignmagazine.com\/mag\/#website"},"primaryImageOfPage":{"@id":"https:\/\/socialdesignmagazine.com\/mag\/visual\/xyz-technologie-culturelle-installazione-multimediale-al-gran-museo-del-mundo-maya\/#primaryimage"},"image":{"@id":"https:\/\/socialdesignmagazine.com\/mag\/visual\/xyz-technologie-culturelle-installazione-multimediale-al-gran-museo-del-mundo-maya\/#primaryimage"},"thumbnailUrl":"https:\/\/socialdesignmagazine.com\/mag\/wp-content\/uploads\/2013\/05\/feed_xyz_xyz_installazione_multimediale_museo_maya_01.jpg","datePublished":"2013-05-21T08:00:00+00:00","dateModified":"2024-06-04T19:15:09+00:00","description":"XYZ e Xavier de Richemont hanno progettato questa installazione visiva e multimediale sulle facciate del Gran Museo del Mundo Maya a Merida, in Messico.","breadcrumb":{"@id":"https:\/\/socialdesignmagazine.com\/mag\/visual\/xyz-technologie-culturelle-installazione-multimediale-al-gran-museo-del-mundo-maya\/#breadcrumb"},"inLanguage":"it-IT","potentialAction":[{"@type":"ReadAction","target":["https:\/\/socialdesignmagazine.com\/mag\/visual\/xyz-technologie-culturelle-installazione-multimediale-al-gran-museo-del-mundo-maya\/"]}]},{"@type":"ImageObject","inLanguage":"it-IT","@id":"https:\/\/socialdesignmagazine.com\/mag\/visual\/xyz-technologie-culturelle-installazione-multimediale-al-gran-museo-del-mundo-maya\/#primaryimage","url":"https:\/\/socialdesignmagazine.com\/mag\/wp-content\/uploads\/2013\/05\/feed_xyz_xyz_installazione_multimediale_museo_maya_01.jpg","contentUrl":"https:\/\/socialdesignmagazine.com\/mag\/wp-content\/uploads\/2013\/05\/feed_xyz_xyz_installazione_multimediale_museo_maya_01.jpg","width":720,"height":479,"caption":"xyz installazione multimediale museo maya 01"},{"@type":"BreadcrumbList","@id":"https:\/\/socialdesignmagazine.com\/mag\/visual\/xyz-technologie-culturelle-installazione-multimediale-al-gran-museo-del-mundo-maya\/#breadcrumb","itemListElement":[{"@type":"ListItem","position":1,"name":"Home","item":"https:\/\/socialdesignmagazine.com\/mag\/"},{"@type":"ListItem","position":2,"name":"Visual","item":"https:\/\/socialdesignmagazine.com\/mag\/visual\/"},{"@type":"ListItem","position":3,"name":"XYZ Technologie Culturelle \/ installazione multimediale al Gran Museo del Mundo Maya"}]},{"@type":"WebSite","@id":"https:\/\/socialdesignmagazine.com\/mag\/#website","url":"https:\/\/socialdesignmagazine.com\/mag\/","name":"Social Design Magazine","description":"Social Magazine su Design, Architettura, Arte, Grafica","publisher":{"@id":"https:\/\/socialdesignmagazine.com\/mag\/#organization"},"potentialAction":[{"@type":"SearchAction","target":{"@type":"EntryPoint","urlTemplate":"https:\/\/socialdesignmagazine.com\/mag\/?s={search_term_string}"},"query-input":{"@type":"PropertyValueSpecification","valueRequired":true,"valueName":"search_term_string"}}],"inLanguage":"it-IT"},{"@type":"Organization","@id":"https:\/\/socialdesignmagazine.com\/mag\/#organization","name":"Social Design Magazine","url":"https:\/\/socialdesignmagazine.com\/mag\/","logo":{"@type":"ImageObject","inLanguage":"it-IT","@id":"https:\/\/socialdesignmagazine.com\/mag\/#\/schema\/logo\/image\/","url":"https:\/\/socialdesignmagazine.com\/mag\/wp-content\/uploads\/2017\/01\/logo_favicon_11.png","contentUrl":"https:\/\/socialdesignmagazine.com\/mag\/wp-content\/uploads\/2017\/01\/logo_favicon_11.png","width":1024,"height":1024,"caption":"Social Design Magazine"},"image":{"@id":"https:\/\/socialdesignmagazine.com\/mag\/#\/schema\/logo\/image\/"},"sameAs":["https:\/\/www.facebook.com\/socialdesignmag","https:\/\/x.com\/socialdesignmag","http:\/\/instagram.com\/social_design_magazine\/","http:\/\/pinterest.com\/socialdesignmag\/","http:\/\/www.youtube.com\/user\/socialdesignmagazine"]},{"@type":"Person","@id":"https:\/\/socialdesignmagazine.com\/mag\/#\/schema\/person\/61e20205cc363c315e6aabd33a045846","name":"Benedetto Fiori","image":{"@type":"ImageObject","inLanguage":"it-IT","@id":"https:\/\/secure.gravatar.com\/avatar\/450a48cefa36da63d920ad70aa660bd10725b1c6093800242e5efdb397759033?s=96&d=mm&r=g","url":"https:\/\/secure.gravatar.com\/avatar\/450a48cefa36da63d920ad70aa660bd10725b1c6093800242e5efdb397759033?s=96&d=mm&r=g","contentUrl":"https:\/\/secure.gravatar.com\/avatar\/450a48cefa36da63d920ad70aa660bd10725b1c6093800242e5efdb397759033?s=96&d=mm&r=g","caption":"Benedetto Fiori"},"description":"Web | Twitter | Facebook | Shutterstock Founder &amp; Editor in Chief di Social Design Magazine. Attratto da sempre da tutto ci\u00f2 che \u00e8 creativit\u00e0, design, architettura. Dopo aver studiato Architettura all'Universit\u00e0 di Firenze, si \u00e8 impegnato in molteplici campi: comunicazione grafica, progettazione di allestimenti fieristici, brand design, Interior Design.","sameAs":["http:\/\/benedettofiori.com","https:\/\/www.facebook.com\/benedettofiori","https:\/\/x.com\/benedettofiori"],"url":"https:\/\/socialdesignmagazine.com\/mag\/author\/benedetto\/"}]}},"jetpack_featured_media_url":"https:\/\/socialdesignmagazine.com\/mag\/wp-content\/uploads\/2013\/05\/feed_xyz_xyz_installazione_multimediale_museo_maya_01.jpg","jetpack_sharing_enabled":true,"jetpack_shortlink":"https:\/\/wp.me\/p6cV7V-zp","gt_translate_keys":[{"key":"link","format":"url"}],"_links":{"self":[{"href":"https:\/\/socialdesignmagazine.com\/mag\/wp-json\/wp\/v2\/posts\/2195","targetHints":{"allow":["GET"]}}],"collection":[{"href":"https:\/\/socialdesignmagazine.com\/mag\/wp-json\/wp\/v2\/posts"}],"about":[{"href":"https:\/\/socialdesignmagazine.com\/mag\/wp-json\/wp\/v2\/types\/post"}],"author":[{"embeddable":true,"href":"https:\/\/socialdesignmagazine.com\/mag\/wp-json\/wp\/v2\/users\/1"}],"replies":[{"embeddable":true,"href":"https:\/\/socialdesignmagazine.com\/mag\/wp-json\/wp\/v2\/comments?post=2195"}],"version-history":[{"count":1,"href":"https:\/\/socialdesignmagazine.com\/mag\/wp-json\/wp\/v2\/posts\/2195\/revisions"}],"predecessor-version":[{"id":61750,"href":"https:\/\/socialdesignmagazine.com\/mag\/wp-json\/wp\/v2\/posts\/2195\/revisions\/61750"}],"wp:featuredmedia":[{"embeddable":true,"href":"https:\/\/socialdesignmagazine.com\/mag\/wp-json\/wp\/v2\/media\/12892"}],"wp:attachment":[{"href":"https:\/\/socialdesignmagazine.com\/mag\/wp-json\/wp\/v2\/media?parent=2195"}],"wp:term":[{"taxonomy":"category","embeddable":true,"href":"https:\/\/socialdesignmagazine.com\/mag\/wp-json\/wp\/v2\/categories?post=2195"},{"taxonomy":"post_tag","embeddable":true,"href":"https:\/\/socialdesignmagazine.com\/mag\/wp-json\/wp\/v2\/tags?post=2195"}],"curies":[{"name":"wp","href":"https:\/\/api.w.org\/{rel}","templated":true}]}}