{"id":2200,"date":"2013-05-23T14:00:00","date_gmt":"2013-05-23T12:00:00","guid":{"rendered":"https:\/\/socialdesignmagazine.com\/mag\/s6-design\/c35-design\/roberto-pennetta-lampada-systole\/"},"modified":"2024-06-04T21:24:52","modified_gmt":"2024-06-04T19:24:52","slug":"roberto-pennetta-lampada-systole","status":"publish","type":"post","link":"https:\/\/socialdesignmagazine.com\/mag\/design\/roberto-pennetta-lampada-systole\/","title":{"rendered":"Roberto Pennetta \/ lampada Systole","gt_translate_keys":[{"key":"rendered","format":"text"}]},"content":{"rendered":"\n<p>Systole, del designer <a href=\"https:\/\/socialdesignmagazine.com\/mag\/tag\/roberto-pennetta\/\">Roberto Pennetta<\/a>, \u00e8 una lampada realizzata in tubolare d&#8217;acciaio bianco, nero e anodizzato, con sorgente luminosa LED RGB. La forma dei tre tubolari rappresenta il tracciato del battito di tre cuori che si intersecano e si uniscono alla sommit\u00e0 della lampada.<\/p>\n\n\n\n<p>Systole \u00e8 un concept in attesa di un produttore, potete contattare il designer a questo indirizzo <a><\/a><a rel=\"nofollow\" href=\"mailto:robertopennetta@msn.com\">robertopennetta@msn.com<\/a><\/p>\n\n\n<div class=\"wp-block-image\">\n<figure class=\"aligncenter\"><img loading=\"lazy\" decoding=\"async\" width=\"720\" height=\"1920\" data-attachment-id=\"12933\" data-permalink=\"https:\/\/socialdesignmagazine.com\/mag\/design\/roberto-pennetta-lampada-systole\/attachment\/roberto-pennetta-systole-noir-e-bleu-1\/#content\" data-orig-file=\"https:\/\/socialdesignmagazine.com\/mag\/wp-content\/uploads\/2013\/05\/benedetto_roberto_pennetta_systole_Roberto_Pennetta_systole_Noir_e_bleu_1.jpg\" data-orig-size=\"720,1920\" data-comments-opened=\"1\" data-image-meta=\"{&quot;aperture&quot;:&quot;0&quot;,&quot;credit&quot;:&quot;&quot;,&quot;camera&quot;:&quot;&quot;,&quot;caption&quot;:&quot;&quot;,&quot;created_timestamp&quot;:&quot;0&quot;,&quot;copyright&quot;:&quot;&quot;,&quot;focal_length&quot;:&quot;0&quot;,&quot;iso&quot;:&quot;0&quot;,&quot;shutter_speed&quot;:&quot;0&quot;,&quot;title&quot;:&quot;&quot;,&quot;orientation&quot;:&quot;0&quot;}\" data-image-title=\"Roberto Pennetta systole Noir e bleu 1\" data-image-description=\"\" data-image-caption=\"\" data-medium-file=\"https:\/\/socialdesignmagazine.com\/mag\/wp-content\/uploads\/2013\/05\/benedetto_roberto_pennetta_systole_Roberto_Pennetta_systole_Noir_e_bleu_1-396x256.jpg\" data-large-file=\"https:\/\/socialdesignmagazine.com\/mag\/wp-content\/uploads\/2013\/05\/benedetto_roberto_pennetta_systole_Roberto_Pennetta_systole_Noir_e_bleu_1.jpg\" src=\"https:\/\/socialdesignmagazine.com\/mag\/wp-content\/uploads\/2013\/05\/benedetto_roberto_pennetta_systole_Roberto_Pennetta_systole_Noir_e_bleu_1.jpg\" alt=\"Roberto Pennetta systole Noir e bleu 1\" class=\"wp-image-12933\"\/><\/figure>\n<\/div>\n\n<div class=\"wp-block-image\">\n<figure class=\"aligncenter\"><img loading=\"lazy\" decoding=\"async\" width=\"720\" height=\"1841\" data-attachment-id=\"12934\" data-permalink=\"https:\/\/socialdesignmagazine.com\/mag\/design\/roberto-pennetta-lampada-systole\/attachment\/roberto-pennetta-systole-blanc-e-rose\/#content\" data-orig-file=\"https:\/\/socialdesignmagazine.com\/mag\/wp-content\/uploads\/2013\/05\/benedetto_roberto_pennetta_systole_Roberto_Pennetta_systole_Blanc_e_rose.jpg\" data-orig-size=\"720,1841\" data-comments-opened=\"1\" data-image-meta=\"{&quot;aperture&quot;:&quot;0&quot;,&quot;credit&quot;:&quot;&quot;,&quot;camera&quot;:&quot;&quot;,&quot;caption&quot;:&quot;&quot;,&quot;created_timestamp&quot;:&quot;0&quot;,&quot;copyright&quot;:&quot;&quot;,&quot;focal_length&quot;:&quot;0&quot;,&quot;iso&quot;:&quot;0&quot;,&quot;shutter_speed&quot;:&quot;0&quot;,&quot;title&quot;:&quot;&quot;,&quot;orientation&quot;:&quot;0&quot;}\" data-image-title=\"Roberto Pennetta systole Blanc e rose\" data-image-description=\"\" data-image-caption=\"\" data-medium-file=\"https:\/\/socialdesignmagazine.com\/mag\/wp-content\/uploads\/2013\/05\/benedetto_roberto_pennetta_systole_Roberto_Pennetta_systole_Blanc_e_rose-396x256.jpg\" data-large-file=\"https:\/\/socialdesignmagazine.com\/mag\/wp-content\/uploads\/2013\/05\/benedetto_roberto_pennetta_systole_Roberto_Pennetta_systole_Blanc_e_rose.jpg\" src=\"https:\/\/socialdesignmagazine.com\/mag\/wp-content\/uploads\/2013\/05\/benedetto_roberto_pennetta_systole_Roberto_Pennetta_systole_Blanc_e_rose.jpg\" alt=\"Roberto Pennetta systole Blanc e rose\" class=\"wp-image-12934\"\/><\/figure>\n<\/div>\n\n<div class=\"wp-block-image\">\n<figure class=\"aligncenter\"><img loading=\"lazy\" decoding=\"async\" width=\"720\" height=\"1035\" data-attachment-id=\"12935\" data-permalink=\"https:\/\/socialdesignmagazine.com\/mag\/design\/roberto-pennetta-lampada-systole\/attachment\/roberto-pennetta-systole-blanc-e-rose2\/#content\" data-orig-file=\"https:\/\/socialdesignmagazine.com\/mag\/wp-content\/uploads\/2013\/05\/benedetto_roberto_pennetta_systole_Roberto_Pennetta_systole_Blanc_e_rose2.jpg\" data-orig-size=\"720,1035\" data-comments-opened=\"1\" data-image-meta=\"{&quot;aperture&quot;:&quot;0&quot;,&quot;credit&quot;:&quot;&quot;,&quot;camera&quot;:&quot;&quot;,&quot;caption&quot;:&quot;&quot;,&quot;created_timestamp&quot;:&quot;0&quot;,&quot;copyright&quot;:&quot;&quot;,&quot;focal_length&quot;:&quot;0&quot;,&quot;iso&quot;:&quot;0&quot;,&quot;shutter_speed&quot;:&quot;0&quot;,&quot;title&quot;:&quot;&quot;,&quot;orientation&quot;:&quot;0&quot;}\" data-image-title=\"Roberto Pennetta systole Blanc e rose2\" data-image-description=\"\" data-image-caption=\"\" data-medium-file=\"https:\/\/socialdesignmagazine.com\/mag\/wp-content\/uploads\/2013\/05\/benedetto_roberto_pennetta_systole_Roberto_Pennetta_systole_Blanc_e_rose2-396x256.jpg\" data-large-file=\"https:\/\/socialdesignmagazine.com\/mag\/wp-content\/uploads\/2013\/05\/benedetto_roberto_pennetta_systole_Roberto_Pennetta_systole_Blanc_e_rose2.jpg\" src=\"https:\/\/socialdesignmagazine.com\/mag\/wp-content\/uploads\/2013\/05\/benedetto_roberto_pennetta_systole_Roberto_Pennetta_systole_Blanc_e_rose2.jpg\" alt=\"Roberto Pennetta systole Blanc e rose2\" class=\"wp-image-12935\"\/><\/figure>\n<\/div>\n\n<div class=\"wp-block-image\">\n<figure class=\"aligncenter\"><img loading=\"lazy\" decoding=\"async\" width=\"720\" height=\"1510\" data-attachment-id=\"12936\" data-permalink=\"https:\/\/socialdesignmagazine.com\/mag\/design\/roberto-pennetta-lampada-systole\/attachment\/roberto-pennetta-systole-blanc-e-rose-1\/#content\" data-orig-file=\"https:\/\/socialdesignmagazine.com\/mag\/wp-content\/uploads\/2013\/05\/benedetto_roberto_pennetta_systole_Roberto_Pennetta_systole_Blanc_e_rose_1.jpg\" data-orig-size=\"720,1510\" data-comments-opened=\"1\" data-image-meta=\"{&quot;aperture&quot;:&quot;0&quot;,&quot;credit&quot;:&quot;&quot;,&quot;camera&quot;:&quot;&quot;,&quot;caption&quot;:&quot;&quot;,&quot;created_timestamp&quot;:&quot;0&quot;,&quot;copyright&quot;:&quot;&quot;,&quot;focal_length&quot;:&quot;0&quot;,&quot;iso&quot;:&quot;0&quot;,&quot;shutter_speed&quot;:&quot;0&quot;,&quot;title&quot;:&quot;&quot;,&quot;orientation&quot;:&quot;0&quot;}\" data-image-title=\"Roberto Pennetta systole Blanc e rose 1\" data-image-description=\"\" data-image-caption=\"\" data-medium-file=\"https:\/\/socialdesignmagazine.com\/mag\/wp-content\/uploads\/2013\/05\/benedetto_roberto_pennetta_systole_Roberto_Pennetta_systole_Blanc_e_rose_1-396x256.jpg\" data-large-file=\"https:\/\/socialdesignmagazine.com\/mag\/wp-content\/uploads\/2013\/05\/benedetto_roberto_pennetta_systole_Roberto_Pennetta_systole_Blanc_e_rose_1.jpg\" src=\"https:\/\/socialdesignmagazine.com\/mag\/wp-content\/uploads\/2013\/05\/benedetto_roberto_pennetta_systole_Roberto_Pennetta_systole_Blanc_e_rose_1.jpg\" alt=\"Roberto Pennetta systole Blanc e rose 1\" class=\"wp-image-12936\"\/><\/figure>\n<\/div>\n\n<div class=\"wp-block-image\">\n<figure class=\"aligncenter\"><img loading=\"lazy\" decoding=\"async\" width=\"720\" height=\"1787\" data-attachment-id=\"12937\" data-permalink=\"https:\/\/socialdesignmagazine.com\/mag\/design\/roberto-pennetta-lampada-systole\/attachment\/roberto-pennetta-systole-gris-et-blanc\/#content\" data-orig-file=\"https:\/\/socialdesignmagazine.com\/mag\/wp-content\/uploads\/2013\/05\/benedetto_roberto_pennetta_systole_Roberto_Pennetta_systole_Gris_et_blanc.jpg\" data-orig-size=\"720,1787\" data-comments-opened=\"1\" data-image-meta=\"{&quot;aperture&quot;:&quot;0&quot;,&quot;credit&quot;:&quot;&quot;,&quot;camera&quot;:&quot;&quot;,&quot;caption&quot;:&quot;&quot;,&quot;created_timestamp&quot;:&quot;0&quot;,&quot;copyright&quot;:&quot;&quot;,&quot;focal_length&quot;:&quot;0&quot;,&quot;iso&quot;:&quot;0&quot;,&quot;shutter_speed&quot;:&quot;0&quot;,&quot;title&quot;:&quot;&quot;,&quot;orientation&quot;:&quot;0&quot;}\" data-image-title=\"Roberto Pennetta systole Gris et blanc\" data-image-description=\"\" data-image-caption=\"\" data-medium-file=\"https:\/\/socialdesignmagazine.com\/mag\/wp-content\/uploads\/2013\/05\/benedetto_roberto_pennetta_systole_Roberto_Pennetta_systole_Gris_et_blanc-396x256.jpg\" data-large-file=\"https:\/\/socialdesignmagazine.com\/mag\/wp-content\/uploads\/2013\/05\/benedetto_roberto_pennetta_systole_Roberto_Pennetta_systole_Gris_et_blanc.jpg\" src=\"https:\/\/socialdesignmagazine.com\/mag\/wp-content\/uploads\/2013\/05\/benedetto_roberto_pennetta_systole_Roberto_Pennetta_systole_Gris_et_blanc.jpg\" alt=\"Roberto Pennetta systole Gris et blanc\" class=\"wp-image-12937\"\/><\/figure>\n<\/div>\n\n<div class=\"wp-block-image\">\n<figure class=\"aligncenter\"><img loading=\"lazy\" decoding=\"async\" width=\"720\" height=\"1830\" data-attachment-id=\"12938\" data-permalink=\"https:\/\/socialdesignmagazine.com\/mag\/design\/roberto-pennetta-lampada-systole\/attachment\/roberto-pennetta-systole-gris-et-blanc-1\/#content\" data-orig-file=\"https:\/\/socialdesignmagazine.com\/mag\/wp-content\/uploads\/2013\/05\/benedetto_roberto_pennetta_systole_Roberto_Pennetta_systole_Gris_et_blanc_1.jpg\" data-orig-size=\"720,1830\" data-comments-opened=\"1\" data-image-meta=\"{&quot;aperture&quot;:&quot;0&quot;,&quot;credit&quot;:&quot;&quot;,&quot;camera&quot;:&quot;&quot;,&quot;caption&quot;:&quot;&quot;,&quot;created_timestamp&quot;:&quot;0&quot;,&quot;copyright&quot;:&quot;&quot;,&quot;focal_length&quot;:&quot;0&quot;,&quot;iso&quot;:&quot;0&quot;,&quot;shutter_speed&quot;:&quot;0&quot;,&quot;title&quot;:&quot;&quot;,&quot;orientation&quot;:&quot;0&quot;}\" data-image-title=\"Roberto Pennetta systole Gris et blanc 1\" data-image-description=\"\" data-image-caption=\"\" data-medium-file=\"https:\/\/socialdesignmagazine.com\/mag\/wp-content\/uploads\/2013\/05\/benedetto_roberto_pennetta_systole_Roberto_Pennetta_systole_Gris_et_blanc_1-396x256.jpg\" data-large-file=\"https:\/\/socialdesignmagazine.com\/mag\/wp-content\/uploads\/2013\/05\/benedetto_roberto_pennetta_systole_Roberto_Pennetta_systole_Gris_et_blanc_1.jpg\" src=\"https:\/\/socialdesignmagazine.com\/mag\/wp-content\/uploads\/2013\/05\/benedetto_roberto_pennetta_systole_Roberto_Pennetta_systole_Gris_et_blanc_1.jpg\" alt=\"Roberto Pennetta systole Gris et blanc 1\" class=\"wp-image-12938\"\/><\/figure>\n<\/div>","protected":false,"gt_translate_keys":[{"key":"rendered","format":"html"}]},"excerpt":{"rendered":"<p>Systole, del designer Roberto Pennetta, \u00e8 una lampada realizzata in tubolare d&#8217;acciaio bianco, nero e anodizzato, con sorgente luminosa LED RGB.<\/p>\n","protected":false,"gt_translate_keys":[{"key":"rendered","format":"html"}]},"author":1,"featured_media":12932,"comment_status":"open","ping_status":"open","sticky":false,"template":"","format":"standard","meta":{"jetpack_post_was_ever_published":false,"_jetpack_newsletter_access":"","_jetpack_dont_email_post_to_subs":false,"_jetpack_newsletter_tier_id":0,"_jetpack_memberships_contains_paywalled_content":false,"_jetpack_memberships_contains_paid_content":false,"footnotes":"","_wpscppro_dont_share_socialmedia":false,"_wpscppro_custom_social_share_image":0,"_facebook_share_type":"","_twitter_share_type":"","_linkedin_share_type":"","_pinterest_share_type":"","_linkedin_share_type_page":"","_instagram_share_type":"","_medium_share_type":"","_threads_share_type":"","_google_business_share_type":"","_selected_social_profile":[],"_wpsp_enable_custom_social_template":false,"_wpsp_social_scheduling":{"enabled":false,"datetime":null,"platforms":[],"status":"template_only","dateOption":"today","timeOption":"now","customDays":"","customHours":"","customDate":"","customTime":"","schedulingType":"absolute"},"_wpsp_active_default_template":true},"categories":[13],"tags":[56,1772],"class_list":["post-2200","post","type-post","status-publish","format-standard","has-post-thumbnail","hentry","category-design","tag-lampada","tag-roberto-pennetta"],"yoast_head":"<!-- This site is optimized with the Yoast SEO plugin v27.2 - https:\/\/yoast.com\/product\/yoast-seo-wordpress\/ -->\n<title>Roberto Pennetta \/ lampada Systole - Social Design Magazine<\/title>\n<meta name=\"description\" content=\"Systole, del designer Roberto Pennetta, \u00e8 una lampada realizzata in tubolare d&#039;acciaio bianco, nero e anodizzato, con sorgente luminosa LED RGB.\" \/>\n<meta name=\"robots\" content=\"index, follow, max-snippet:-1, max-image-preview:large, max-video-preview:-1\" \/>\n<link rel=\"canonical\" href=\"https:\/\/socialdesignmagazine.com\/mag\/design\/roberto-pennetta-lampada-systole\/\" \/>\n<meta property=\"og:locale\" content=\"it_IT\" \/>\n<meta property=\"og:type\" content=\"article\" \/>\n<meta property=\"og:title\" content=\"Roberto Pennetta \/ lampada Systole - Social Design Magazine\" \/>\n<meta property=\"og:description\" content=\"Systole, del designer Roberto Pennetta, \u00e8 una lampada realizzata in tubolare d&#039;acciaio bianco, nero e anodizzato, con sorgente luminosa LED RGB.\" \/>\n<meta property=\"og:url\" content=\"http:\/\/socialdesignmagazine.com\/mag\/design\/roberto-pennetta-lampada-systole\/\" \/>\n<meta property=\"og:site_name\" content=\"Social Design Magazine\" \/>\n<meta property=\"article:publisher\" content=\"https:\/\/www.facebook.com\/socialdesignmag\" \/>\n<meta property=\"article:author\" content=\"https:\/\/www.facebook.com\/benedettofiori\" \/>\n<meta property=\"article:published_time\" content=\"2013-05-23T12:00:00+00:00\" \/>\n<meta property=\"article:modified_time\" content=\"2024-06-04T19:24:52+00:00\" \/>\n<meta property=\"og:image\" content=\"https:\/\/socialdesignmagazine.com\/mag\/wp-content\/uploads\/2013\/05\/benedetto_roberto_pennetta_systole_Roberto_Pennetta_systole_Noir_e_bleu_3D2.jpg\" \/>\n\t<meta property=\"og:image:width\" content=\"720\" \/>\n\t<meta property=\"og:image:height\" content=\"1200\" \/>\n\t<meta property=\"og:image:type\" content=\"image\/jpeg\" \/>\n<meta name=\"author\" content=\"Benedetto Fiori\" \/>\n<meta name=\"twitter:card\" content=\"summary_large_image\" \/>\n<meta name=\"twitter:creator\" content=\"@benedettofiori\" \/>\n<meta name=\"twitter:site\" content=\"@socialdesignmag\" \/>\n<meta name=\"twitter:label1\" content=\"Scritto da\" \/>\n\t<meta name=\"twitter:data1\" content=\"Benedetto Fiori\" \/>\n\t<meta name=\"twitter:label2\" content=\"Tempo di lettura stimato\" \/>\n\t<meta name=\"twitter:data2\" content=\"2 minuti\" \/>\n<script type=\"application\/ld+json\" class=\"yoast-schema-graph\">{\"@context\":\"https:\/\/schema.org\",\"@graph\":[{\"@type\":\"Article\",\"@id\":\"https:\/\/socialdesignmagazine.com\/mag\/design\/roberto-pennetta-lampada-systole\/#article\",\"isPartOf\":{\"@id\":\"https:\/\/socialdesignmagazine.com\/mag\/design\/roberto-pennetta-lampada-systole\/\"},\"author\":{\"name\":\"Benedetto Fiori\",\"@id\":\"https:\/\/socialdesignmagazine.com\/mag\/#\/schema\/person\/61e20205cc363c315e6aabd33a045846\"},\"headline\":\"Roberto Pennetta \/ lampada Systole\",\"datePublished\":\"2013-05-23T12:00:00+00:00\",\"dateModified\":\"2024-06-04T19:24:52+00:00\",\"mainEntityOfPage\":{\"@id\":\"https:\/\/socialdesignmagazine.com\/mag\/design\/roberto-pennetta-lampada-systole\/\"},\"wordCount\":66,\"commentCount\":0,\"publisher\":{\"@id\":\"https:\/\/socialdesignmagazine.com\/mag\/#organization\"},\"image\":{\"@id\":\"https:\/\/socialdesignmagazine.com\/mag\/design\/roberto-pennetta-lampada-systole\/#primaryimage\"},\"thumbnailUrl\":\"https:\/\/socialdesignmagazine.com\/mag\/wp-content\/uploads\/2013\/05\/benedetto_roberto_pennetta_systole_Roberto_Pennetta_systole_Noir_e_bleu_3D2.jpg\",\"keywords\":[\"lampada\",\"roberto pennetta\"],\"articleSection\":[\"Design\"],\"inLanguage\":\"it-IT\",\"potentialAction\":[{\"@type\":\"CommentAction\",\"name\":\"Comment\",\"target\":[\"https:\/\/socialdesignmagazine.com\/mag\/design\/roberto-pennetta-lampada-systole\/#respond\"]}]},{\"@type\":\"WebPage\",\"@id\":\"https:\/\/socialdesignmagazine.com\/mag\/design\/roberto-pennetta-lampada-systole\/\",\"url\":\"https:\/\/socialdesignmagazine.com\/mag\/design\/roberto-pennetta-lampada-systole\/\",\"name\":\"Roberto Pennetta \/ lampada Systole - Social Design Magazine\",\"isPartOf\":{\"@id\":\"https:\/\/socialdesignmagazine.com\/mag\/#website\"},\"primaryImageOfPage\":{\"@id\":\"https:\/\/socialdesignmagazine.com\/mag\/design\/roberto-pennetta-lampada-systole\/#primaryimage\"},\"image\":{\"@id\":\"https:\/\/socialdesignmagazine.com\/mag\/design\/roberto-pennetta-lampada-systole\/#primaryimage\"},\"thumbnailUrl\":\"https:\/\/socialdesignmagazine.com\/mag\/wp-content\/uploads\/2013\/05\/benedetto_roberto_pennetta_systole_Roberto_Pennetta_systole_Noir_e_bleu_3D2.jpg\",\"datePublished\":\"2013-05-23T12:00:00+00:00\",\"dateModified\":\"2024-06-04T19:24:52+00:00\",\"description\":\"Systole, del designer Roberto Pennetta, \u00e8 una lampada realizzata in tubolare d'acciaio bianco, nero e anodizzato, con sorgente luminosa LED RGB.\",\"breadcrumb\":{\"@id\":\"https:\/\/socialdesignmagazine.com\/mag\/design\/roberto-pennetta-lampada-systole\/#breadcrumb\"},\"inLanguage\":\"it-IT\",\"potentialAction\":[{\"@type\":\"ReadAction\",\"target\":[\"https:\/\/socialdesignmagazine.com\/mag\/design\/roberto-pennetta-lampada-systole\/\"]}]},{\"@type\":\"ImageObject\",\"inLanguage\":\"it-IT\",\"@id\":\"https:\/\/socialdesignmagazine.com\/mag\/design\/roberto-pennetta-lampada-systole\/#primaryimage\",\"url\":\"https:\/\/socialdesignmagazine.com\/mag\/wp-content\/uploads\/2013\/05\/benedetto_roberto_pennetta_systole_Roberto_Pennetta_systole_Noir_e_bleu_3D2.jpg\",\"contentUrl\":\"https:\/\/socialdesignmagazine.com\/mag\/wp-content\/uploads\/2013\/05\/benedetto_roberto_pennetta_systole_Roberto_Pennetta_systole_Noir_e_bleu_3D2.jpg\",\"width\":720,\"height\":1200,\"caption\":\"Roberto Pennetta systole Noir e bleu 3D2\"},{\"@type\":\"BreadcrumbList\",\"@id\":\"https:\/\/socialdesignmagazine.com\/mag\/design\/roberto-pennetta-lampada-systole\/#breadcrumb\",\"itemListElement\":[{\"@type\":\"ListItem\",\"position\":1,\"name\":\"Home\",\"item\":\"https:\/\/socialdesignmagazine.com\/mag\/\"},{\"@type\":\"ListItem\",\"position\":2,\"name\":\"Design\",\"item\":\"https:\/\/socialdesignmagazine.com\/mag\/design\/\"},{\"@type\":\"ListItem\",\"position\":3,\"name\":\"Roberto Pennetta \/ lampada Systole\"}]},{\"@type\":\"WebSite\",\"@id\":\"https:\/\/socialdesignmagazine.com\/mag\/#website\",\"url\":\"https:\/\/socialdesignmagazine.com\/mag\/\",\"name\":\"Social Design Magazine\",\"description\":\"Social Magazine su Design, Architettura, Arte, Grafica\",\"publisher\":{\"@id\":\"https:\/\/socialdesignmagazine.com\/mag\/#organization\"},\"potentialAction\":[{\"@type\":\"SearchAction\",\"target\":{\"@type\":\"EntryPoint\",\"urlTemplate\":\"https:\/\/socialdesignmagazine.com\/mag\/?s={search_term_string}\"},\"query-input\":{\"@type\":\"PropertyValueSpecification\",\"valueRequired\":true,\"valueName\":\"search_term_string\"}}],\"inLanguage\":\"it-IT\"},{\"@type\":\"Organization\",\"@id\":\"https:\/\/socialdesignmagazine.com\/mag\/#organization\",\"name\":\"Social Design Magazine\",\"url\":\"https:\/\/socialdesignmagazine.com\/mag\/\",\"logo\":{\"@type\":\"ImageObject\",\"inLanguage\":\"it-IT\",\"@id\":\"https:\/\/socialdesignmagazine.com\/mag\/#\/schema\/logo\/image\/\",\"url\":\"https:\/\/socialdesignmagazine.com\/mag\/wp-content\/uploads\/2017\/01\/logo_favicon_11.png\",\"contentUrl\":\"https:\/\/socialdesignmagazine.com\/mag\/wp-content\/uploads\/2017\/01\/logo_favicon_11.png\",\"width\":1024,\"height\":1024,\"caption\":\"Social Design Magazine\"},\"image\":{\"@id\":\"https:\/\/socialdesignmagazine.com\/mag\/#\/schema\/logo\/image\/\"},\"sameAs\":[\"https:\/\/www.facebook.com\/socialdesignmag\",\"https:\/\/x.com\/socialdesignmag\",\"http:\/\/instagram.com\/social_design_magazine\/\",\"http:\/\/pinterest.com\/socialdesignmag\/\",\"http:\/\/www.youtube.com\/user\/socialdesignmagazine\"]},{\"@type\":\"Person\",\"@id\":\"https:\/\/socialdesignmagazine.com\/mag\/#\/schema\/person\/61e20205cc363c315e6aabd33a045846\",\"name\":\"Benedetto Fiori\",\"image\":{\"@type\":\"ImageObject\",\"inLanguage\":\"it-IT\",\"@id\":\"https:\/\/secure.gravatar.com\/avatar\/450a48cefa36da63d920ad70aa660bd10725b1c6093800242e5efdb397759033?s=96&d=mm&r=g\",\"url\":\"https:\/\/secure.gravatar.com\/avatar\/450a48cefa36da63d920ad70aa660bd10725b1c6093800242e5efdb397759033?s=96&d=mm&r=g\",\"contentUrl\":\"https:\/\/secure.gravatar.com\/avatar\/450a48cefa36da63d920ad70aa660bd10725b1c6093800242e5efdb397759033?s=96&d=mm&r=g\",\"caption\":\"Benedetto Fiori\"},\"description\":\"Web | Twitter | Facebook | Shutterstock Founder &amp; Editor in Chief di Social Design Magazine. Attratto da sempre da tutto ci\u00f2 che \u00e8 creativit\u00e0, design, architettura. Dopo aver studiato Architettura all'Universit\u00e0 di Firenze, si \u00e8 impegnato in molteplici campi: comunicazione grafica, progettazione di allestimenti fieristici, brand design, Interior Design.\",\"sameAs\":[\"http:\/\/benedettofiori.com\",\"https:\/\/www.facebook.com\/benedettofiori\",\"https:\/\/x.com\/benedettofiori\"],\"url\":\"https:\/\/socialdesignmagazine.com\/mag\/author\/benedetto\/\"}]}<\/script>\n<!-- \/ Yoast SEO plugin. -->","yoast_head_json":{"title":"Roberto Pennetta \/ lampada Systole - Social Design Magazine","description":"Systole, del designer Roberto Pennetta, \u00e8 una lampada realizzata in tubolare d'acciaio bianco, nero e anodizzato, con sorgente luminosa LED RGB.","robots":{"index":"index","follow":"follow","max-snippet":"max-snippet:-1","max-image-preview":"max-image-preview:large","max-video-preview":"max-video-preview:-1"},"canonical":"https:\/\/socialdesignmagazine.com\/mag\/design\/roberto-pennetta-lampada-systole\/","og_locale":"it_IT","og_type":"article","og_title":"Roberto Pennetta \/ lampada Systole - Social Design Magazine","og_description":"Systole, del designer Roberto Pennetta, \u00e8 una lampada realizzata in tubolare d'acciaio bianco, nero e anodizzato, con sorgente luminosa LED RGB.","og_url":"http:\/\/socialdesignmagazine.com\/mag\/design\/roberto-pennetta-lampada-systole\/","og_site_name":"Social Design Magazine","article_publisher":"https:\/\/www.facebook.com\/socialdesignmag","article_author":"https:\/\/www.facebook.com\/benedettofiori","article_published_time":"2013-05-23T12:00:00+00:00","article_modified_time":"2024-06-04T19:24:52+00:00","og_image":[{"width":720,"height":1200,"url":"https:\/\/socialdesignmagazine.com\/mag\/wp-content\/uploads\/2013\/05\/benedetto_roberto_pennetta_systole_Roberto_Pennetta_systole_Noir_e_bleu_3D2.jpg","type":"image\/jpeg"}],"author":"Benedetto Fiori","twitter_card":"summary_large_image","twitter_creator":"@benedettofiori","twitter_site":"@socialdesignmag","twitter_misc":{"Scritto da":"Benedetto Fiori","Tempo di lettura stimato":"2 minuti"},"schema":{"@context":"https:\/\/schema.org","@graph":[{"@type":"Article","@id":"https:\/\/socialdesignmagazine.com\/mag\/design\/roberto-pennetta-lampada-systole\/#article","isPartOf":{"@id":"https:\/\/socialdesignmagazine.com\/mag\/design\/roberto-pennetta-lampada-systole\/"},"author":{"name":"Benedetto Fiori","@id":"https:\/\/socialdesignmagazine.com\/mag\/#\/schema\/person\/61e20205cc363c315e6aabd33a045846"},"headline":"Roberto Pennetta \/ lampada Systole","datePublished":"2013-05-23T12:00:00+00:00","dateModified":"2024-06-04T19:24:52+00:00","mainEntityOfPage":{"@id":"https:\/\/socialdesignmagazine.com\/mag\/design\/roberto-pennetta-lampada-systole\/"},"wordCount":66,"commentCount":0,"publisher":{"@id":"https:\/\/socialdesignmagazine.com\/mag\/#organization"},"image":{"@id":"https:\/\/socialdesignmagazine.com\/mag\/design\/roberto-pennetta-lampada-systole\/#primaryimage"},"thumbnailUrl":"https:\/\/socialdesignmagazine.com\/mag\/wp-content\/uploads\/2013\/05\/benedetto_roberto_pennetta_systole_Roberto_Pennetta_systole_Noir_e_bleu_3D2.jpg","keywords":["lampada","roberto pennetta"],"articleSection":["Design"],"inLanguage":"it-IT","potentialAction":[{"@type":"CommentAction","name":"Comment","target":["https:\/\/socialdesignmagazine.com\/mag\/design\/roberto-pennetta-lampada-systole\/#respond"]}]},{"@type":"WebPage","@id":"https:\/\/socialdesignmagazine.com\/mag\/design\/roberto-pennetta-lampada-systole\/","url":"https:\/\/socialdesignmagazine.com\/mag\/design\/roberto-pennetta-lampada-systole\/","name":"Roberto Pennetta \/ lampada Systole - Social Design Magazine","isPartOf":{"@id":"https:\/\/socialdesignmagazine.com\/mag\/#website"},"primaryImageOfPage":{"@id":"https:\/\/socialdesignmagazine.com\/mag\/design\/roberto-pennetta-lampada-systole\/#primaryimage"},"image":{"@id":"https:\/\/socialdesignmagazine.com\/mag\/design\/roberto-pennetta-lampada-systole\/#primaryimage"},"thumbnailUrl":"https:\/\/socialdesignmagazine.com\/mag\/wp-content\/uploads\/2013\/05\/benedetto_roberto_pennetta_systole_Roberto_Pennetta_systole_Noir_e_bleu_3D2.jpg","datePublished":"2013-05-23T12:00:00+00:00","dateModified":"2024-06-04T19:24:52+00:00","description":"Systole, del designer Roberto Pennetta, \u00e8 una lampada realizzata in tubolare d'acciaio bianco, nero e anodizzato, con sorgente luminosa LED RGB.","breadcrumb":{"@id":"https:\/\/socialdesignmagazine.com\/mag\/design\/roberto-pennetta-lampada-systole\/#breadcrumb"},"inLanguage":"it-IT","potentialAction":[{"@type":"ReadAction","target":["https:\/\/socialdesignmagazine.com\/mag\/design\/roberto-pennetta-lampada-systole\/"]}]},{"@type":"ImageObject","inLanguage":"it-IT","@id":"https:\/\/socialdesignmagazine.com\/mag\/design\/roberto-pennetta-lampada-systole\/#primaryimage","url":"https:\/\/socialdesignmagazine.com\/mag\/wp-content\/uploads\/2013\/05\/benedetto_roberto_pennetta_systole_Roberto_Pennetta_systole_Noir_e_bleu_3D2.jpg","contentUrl":"https:\/\/socialdesignmagazine.com\/mag\/wp-content\/uploads\/2013\/05\/benedetto_roberto_pennetta_systole_Roberto_Pennetta_systole_Noir_e_bleu_3D2.jpg","width":720,"height":1200,"caption":"Roberto Pennetta systole Noir e bleu 3D2"},{"@type":"BreadcrumbList","@id":"https:\/\/socialdesignmagazine.com\/mag\/design\/roberto-pennetta-lampada-systole\/#breadcrumb","itemListElement":[{"@type":"ListItem","position":1,"name":"Home","item":"https:\/\/socialdesignmagazine.com\/mag\/"},{"@type":"ListItem","position":2,"name":"Design","item":"https:\/\/socialdesignmagazine.com\/mag\/design\/"},{"@type":"ListItem","position":3,"name":"Roberto Pennetta \/ lampada Systole"}]},{"@type":"WebSite","@id":"https:\/\/socialdesignmagazine.com\/mag\/#website","url":"https:\/\/socialdesignmagazine.com\/mag\/","name":"Social Design Magazine","description":"Social Magazine su Design, Architettura, Arte, Grafica","publisher":{"@id":"https:\/\/socialdesignmagazine.com\/mag\/#organization"},"potentialAction":[{"@type":"SearchAction","target":{"@type":"EntryPoint","urlTemplate":"https:\/\/socialdesignmagazine.com\/mag\/?s={search_term_string}"},"query-input":{"@type":"PropertyValueSpecification","valueRequired":true,"valueName":"search_term_string"}}],"inLanguage":"it-IT"},{"@type":"Organization","@id":"https:\/\/socialdesignmagazine.com\/mag\/#organization","name":"Social Design Magazine","url":"https:\/\/socialdesignmagazine.com\/mag\/","logo":{"@type":"ImageObject","inLanguage":"it-IT","@id":"https:\/\/socialdesignmagazine.com\/mag\/#\/schema\/logo\/image\/","url":"https:\/\/socialdesignmagazine.com\/mag\/wp-content\/uploads\/2017\/01\/logo_favicon_11.png","contentUrl":"https:\/\/socialdesignmagazine.com\/mag\/wp-content\/uploads\/2017\/01\/logo_favicon_11.png","width":1024,"height":1024,"caption":"Social Design Magazine"},"image":{"@id":"https:\/\/socialdesignmagazine.com\/mag\/#\/schema\/logo\/image\/"},"sameAs":["https:\/\/www.facebook.com\/socialdesignmag","https:\/\/x.com\/socialdesignmag","http:\/\/instagram.com\/social_design_magazine\/","http:\/\/pinterest.com\/socialdesignmag\/","http:\/\/www.youtube.com\/user\/socialdesignmagazine"]},{"@type":"Person","@id":"https:\/\/socialdesignmagazine.com\/mag\/#\/schema\/person\/61e20205cc363c315e6aabd33a045846","name":"Benedetto Fiori","image":{"@type":"ImageObject","inLanguage":"it-IT","@id":"https:\/\/secure.gravatar.com\/avatar\/450a48cefa36da63d920ad70aa660bd10725b1c6093800242e5efdb397759033?s=96&d=mm&r=g","url":"https:\/\/secure.gravatar.com\/avatar\/450a48cefa36da63d920ad70aa660bd10725b1c6093800242e5efdb397759033?s=96&d=mm&r=g","contentUrl":"https:\/\/secure.gravatar.com\/avatar\/450a48cefa36da63d920ad70aa660bd10725b1c6093800242e5efdb397759033?s=96&d=mm&r=g","caption":"Benedetto Fiori"},"description":"Web | Twitter | Facebook | Shutterstock Founder &amp; Editor in Chief di Social Design Magazine. Attratto da sempre da tutto ci\u00f2 che \u00e8 creativit\u00e0, design, architettura. Dopo aver studiato Architettura all'Universit\u00e0 di Firenze, si \u00e8 impegnato in molteplici campi: comunicazione grafica, progettazione di allestimenti fieristici, brand design, Interior Design.","sameAs":["http:\/\/benedettofiori.com","https:\/\/www.facebook.com\/benedettofiori","https:\/\/x.com\/benedettofiori"],"url":"https:\/\/socialdesignmagazine.com\/mag\/author\/benedetto\/"}]}},"jetpack_featured_media_url":"https:\/\/socialdesignmagazine.com\/mag\/wp-content\/uploads\/2013\/05\/benedetto_roberto_pennetta_systole_Roberto_Pennetta_systole_Noir_e_bleu_3D2.jpg","jetpack_sharing_enabled":true,"jetpack_shortlink":"https:\/\/wp.me\/p6cV7V-zu","gt_translate_keys":[{"key":"link","format":"url"}],"_links":{"self":[{"href":"https:\/\/socialdesignmagazine.com\/mag\/wp-json\/wp\/v2\/posts\/2200","targetHints":{"allow":["GET"]}}],"collection":[{"href":"https:\/\/socialdesignmagazine.com\/mag\/wp-json\/wp\/v2\/posts"}],"about":[{"href":"https:\/\/socialdesignmagazine.com\/mag\/wp-json\/wp\/v2\/types\/post"}],"author":[{"embeddable":true,"href":"https:\/\/socialdesignmagazine.com\/mag\/wp-json\/wp\/v2\/users\/1"}],"replies":[{"embeddable":true,"href":"https:\/\/socialdesignmagazine.com\/mag\/wp-json\/wp\/v2\/comments?post=2200"}],"version-history":[{"count":1,"href":"https:\/\/socialdesignmagazine.com\/mag\/wp-json\/wp\/v2\/posts\/2200\/revisions"}],"predecessor-version":[{"id":61760,"href":"https:\/\/socialdesignmagazine.com\/mag\/wp-json\/wp\/v2\/posts\/2200\/revisions\/61760"}],"wp:featuredmedia":[{"embeddable":true,"href":"https:\/\/socialdesignmagazine.com\/mag\/wp-json\/wp\/v2\/media\/12932"}],"wp:attachment":[{"href":"https:\/\/socialdesignmagazine.com\/mag\/wp-json\/wp\/v2\/media?parent=2200"}],"wp:term":[{"taxonomy":"category","embeddable":true,"href":"https:\/\/socialdesignmagazine.com\/mag\/wp-json\/wp\/v2\/categories?post=2200"},{"taxonomy":"post_tag","embeddable":true,"href":"https:\/\/socialdesignmagazine.com\/mag\/wp-json\/wp\/v2\/tags?post=2200"}],"curies":[{"name":"wp","href":"https:\/\/api.w.org\/{rel}","templated":true}]}}