{"id":2207,"date":"2013-05-23T15:00:00","date_gmt":"2013-05-23T13:00:00","guid":{"rendered":"https:\/\/socialdesignmagazine.com\/mag\/s8-visual\/c38-visual\/lincredibile-raccolto-piazza-s-maria-novella-firenze\/"},"modified":"2024-06-04T21:29:14","modified_gmt":"2024-06-04T19:29:14","slug":"lincredibile-raccolto-piazza-s-maria-novella-firenze","status":"publish","type":"post","link":"https:\/\/socialdesignmagazine.com\/mag\/visual\/lincredibile-raccolto-piazza-s-maria-novella-firenze\/","title":{"rendered":"LINCREDIBILE RACCOLTO &#8211; Piazza S. Maria Novella, Firenze","gt_translate_keys":[{"key":"rendered","format":"text"}]},"content":{"rendered":"\n<p>Questo adagio del buonsenso agricolo \u00e8 considerato uno slogan e suona come una parola d\u2019ordine. Un<strong> lino dei campi che si trasforma in lino delle citt\u00e0<\/strong> invitandoci a una scampagnata nel cuore di Firenze, in una scenografia di Hilton McConnico. La mostra per il grande pubblico fuori le mura <strong>LINCREDIBILE RACCOLTO<\/strong> sconvolge il nostro paesaggio: un appuntamento organizzato in collaborazione con il <strong>Salone internazionale della moda maschile Pitti Uomo<\/strong>.<\/p>\n\n\n\n<p>Piazza Santa Maria Novella, <strong>da marted\u00ec 18 a Sabato 22 giugno 2013<\/strong>, una parentesi agricola ci teletrasporta in un campo di lino in piena macerazione. Un\u2019iniziativa che permette di ricordare che il lino non \u00e8 una pianta esotica e che<strong> l\u201985% della produzione mondiale ha origine qui in Europa<\/strong> e che interpella il visitatore attraverso l\u2019immensa diversit\u00e0 di un lino che si \u00e8 liberato da tanti preconcetti. La sola fibra tessile vegetale del nostro continente si mostra per la prima volta in tutti i suoi settori di applicazione.<\/p>\n\n\n\n<p>Un casco da moto, gli sci, una bicicletta, una poltrona, una valigia, una tavola da surf, illuminazioni urbane e una sedia\u2026 il loro collegamento? <strong>Il lino, in versione composita<\/strong>, nuovo materiale in fibra e resina che ispira i designer contemporanei. Ma allora perch\u00e9 queste scarpe da tennis e questa marinara in maglia? Sempre il lino: outdoor e idrorepellente per le prime, in filato Nm 39 per l\u2019altro (39 km. di filo in ogni chilogrammo per le maglie ultraleggere).<\/p>\n\n\n\n<p>Il percorso dell\u2019esposizione conduce verso una navata effimera, tessile e sensoriale, che immerge il pubblico in tutta la diversit\u00e0 del lino: una selezione di pi\u00f9 di 300 referenze da scoprire, toccare, sfiorare, soppesare\u2026 dimostrativi del saper fare di filatori e tessitori europei. Dal voile al batista ultraleggera ai tessuti d\u2019arredamento pesanti da 1 kg. al m2.<\/p>\n\n\n\n<p>Un\u2019esposizione di foto di pi\u00f9 di 40 inediti di S\u00e9bastien Rand\u00e9 mostrano l\u2019umanit\u00e0 di tutta la filiera Lino e ci ricorda la nostra vicinanza a questa coltivazione, alla sua localizzazione e alla sua identit\u00e0 europea. Una fresca area relax di Lino accoglier\u00e0 espositori e visitatori all\u2019interno della Fortezza, legame ideale con LINCREDIBILE RACCOLTO.<\/p>\n\n\n\n<p><strong>Ingresso libero, Piazza Santa Maria Novella, dal 18 al 22 giugno 2013, dalle 09.00 alle 19.00<\/strong><\/p>\n","protected":false,"gt_translate_keys":[{"key":"rendered","format":"html"}]},"excerpt":{"rendered":"<p>Questo adagio del buonsenso agricolo \u00e8 considerato uno slogan e suona come una parola d\u2019ordine. Un lino dei campi che si trasforma in lino delle citt\u00e0 invitandoci a una scampagnata nel cuore di Firenze, in una scenografia di Hilton McConnico.<\/p>\n","protected":false,"gt_translate_keys":[{"key":"rendered","format":"html"}]},"author":6,"featured_media":12977,"comment_status":"open","ping_status":"open","sticky":false,"template":"","format":"standard","meta":{"jetpack_post_was_ever_published":false,"_jetpack_newsletter_access":"","_jetpack_dont_email_post_to_subs":false,"_jetpack_newsletter_tier_id":0,"_jetpack_memberships_contains_paywalled_content":false,"_jetpack_memberships_contains_paid_content":false,"footnotes":"","_wpscppro_dont_share_socialmedia":false,"_wpscppro_custom_social_share_image":0,"_facebook_share_type":"","_twitter_share_type":"","_linkedin_share_type":"","_pinterest_share_type":"","_linkedin_share_type_page":"","_instagram_share_type":"","_medium_share_type":"","_threads_share_type":"","_google_business_share_type":"","_selected_social_profile":[],"_wpsp_enable_custom_social_template":false,"_wpsp_social_scheduling":{"enabled":false,"datetime":null,"platforms":[],"status":"template_only","dateOption":"today","timeOption":"now","customDays":"","customHours":"","customDate":"","customTime":"","schedulingType":"absolute"},"_wpsp_active_default_template":true},"categories":[12],"tags":[808,3301],"class_list":["post-2207","post","type-post","status-publish","format-standard","has-post-thumbnail","hentry","category-visual","tag-fashion","tag-lino"],"yoast_head":"<!-- This site is optimized with the Yoast SEO plugin v27.2 - https:\/\/yoast.com\/product\/yoast-seo-wordpress\/ -->\n<title>LINCREDIBILE RACCOLTO - Piazza S. Maria Novella, Firenze - Social Design Magazine<\/title>\n<meta name=\"description\" content=\"Questo adagio del buonsenso agricolo \u00e8 considerato uno slogan e suona come una parola d\u2019ordine. Un lino dei campi che si trasforma in lino delle citt\u00e0 invitandoci a una scampagnata nel cuore di Firenze, in una scenografia di Hilton McConnico.\" \/>\n<meta name=\"robots\" content=\"index, follow, max-snippet:-1, max-image-preview:large, max-video-preview:-1\" \/>\n<link rel=\"canonical\" href=\"https:\/\/socialdesignmagazine.com\/mag\/visual\/lincredibile-raccolto-piazza-s-maria-novella-firenze\/\" \/>\n<meta property=\"og:locale\" content=\"it_IT\" \/>\n<meta property=\"og:type\" content=\"article\" \/>\n<meta property=\"og:title\" content=\"LINCREDIBILE RACCOLTO - Piazza S. Maria Novella, Firenze - Social Design Magazine\" \/>\n<meta property=\"og:description\" content=\"Questo adagio del buonsenso agricolo \u00e8 considerato uno slogan e suona come una parola d\u2019ordine. Un lino dei campi che si trasforma in lino delle citt\u00e0 invitandoci a una scampagnata nel cuore di Firenze, in una scenografia di Hilton McConnico.\" \/>\n<meta property=\"og:url\" content=\"http:\/\/socialdesignmagazine.com\/mag\/visual\/lincredibile-raccolto-piazza-s-maria-novella-firenze\/\" \/>\n<meta property=\"og:site_name\" content=\"Social Design Magazine\" \/>\n<meta property=\"article:publisher\" content=\"https:\/\/www.facebook.com\/socialdesignmag\" \/>\n<meta property=\"article:published_time\" content=\"2013-05-23T13:00:00+00:00\" \/>\n<meta property=\"article:modified_time\" content=\"2024-06-04T19:29:14+00:00\" \/>\n<meta property=\"og:image\" content=\"https:\/\/socialdesignmagazine.com\/mag\/wp-content\/uploads\/2013\/05\/users_Jessy_LIN_CREDIBILE_RACCOLTO_-_Piazza_S._Maria_Novella_Firenze_LINCREDIBILE_RACCOLTO_designo-HILTONMCCONNICO_1_.jpg\" \/>\n\t<meta property=\"og:image:width\" content=\"720\" \/>\n\t<meta property=\"og:image:height\" content=\"499\" \/>\n\t<meta property=\"og:image:type\" content=\"image\/jpeg\" \/>\n<meta name=\"author\" content=\"jessica zannori\" \/>\n<meta name=\"twitter:card\" content=\"summary_large_image\" \/>\n<meta name=\"twitter:creator\" content=\"@socialdesignmag\" \/>\n<meta name=\"twitter:site\" content=\"@socialdesignmag\" \/>\n<meta name=\"twitter:label1\" content=\"Scritto da\" \/>\n\t<meta name=\"twitter:data1\" content=\"jessica zannori\" \/>\n\t<meta name=\"twitter:label2\" content=\"Tempo di lettura stimato\" \/>\n\t<meta name=\"twitter:data2\" content=\"3 minuti\" \/>\n<script type=\"application\/ld+json\" class=\"yoast-schema-graph\">{\"@context\":\"https:\/\/schema.org\",\"@graph\":[{\"@type\":\"Article\",\"@id\":\"https:\/\/socialdesignmagazine.com\/mag\/visual\/lincredibile-raccolto-piazza-s-maria-novella-firenze\/#article\",\"isPartOf\":{\"@id\":\"https:\/\/socialdesignmagazine.com\/mag\/visual\/lincredibile-raccolto-piazza-s-maria-novella-firenze\/\"},\"author\":{\"name\":\"jessica zannori\",\"@id\":\"https:\/\/socialdesignmagazine.com\/mag\/#\/schema\/person\/f26aea2d68a722d5ed3a1ee93c92aba9\"},\"headline\":\"LINCREDIBILE RACCOLTO &#8211; Piazza S. Maria Novella, Firenze\",\"datePublished\":\"2013-05-23T13:00:00+00:00\",\"dateModified\":\"2024-06-04T19:29:14+00:00\",\"mainEntityOfPage\":{\"@id\":\"https:\/\/socialdesignmagazine.com\/mag\/visual\/lincredibile-raccolto-piazza-s-maria-novella-firenze\/\"},\"wordCount\":362,\"commentCount\":0,\"publisher\":{\"@id\":\"https:\/\/socialdesignmagazine.com\/mag\/#organization\"},\"image\":{\"@id\":\"https:\/\/socialdesignmagazine.com\/mag\/visual\/lincredibile-raccolto-piazza-s-maria-novella-firenze\/#primaryimage\"},\"thumbnailUrl\":\"https:\/\/socialdesignmagazine.com\/mag\/wp-content\/uploads\/2013\/05\/users_Jessy_LIN_CREDIBILE_RACCOLTO_-_Piazza_S._Maria_Novella_Firenze_LINCREDIBILE_RACCOLTO_designo-HILTONMCCONNICO_1_.jpg\",\"keywords\":[\"fashion\",\"lino\"],\"articleSection\":[\"Visual\"],\"inLanguage\":\"it-IT\",\"potentialAction\":[{\"@type\":\"CommentAction\",\"name\":\"Comment\",\"target\":[\"https:\/\/socialdesignmagazine.com\/mag\/visual\/lincredibile-raccolto-piazza-s-maria-novella-firenze\/#respond\"]}]},{\"@type\":\"WebPage\",\"@id\":\"https:\/\/socialdesignmagazine.com\/mag\/visual\/lincredibile-raccolto-piazza-s-maria-novella-firenze\/\",\"url\":\"https:\/\/socialdesignmagazine.com\/mag\/visual\/lincredibile-raccolto-piazza-s-maria-novella-firenze\/\",\"name\":\"LINCREDIBILE RACCOLTO - Piazza S. Maria Novella, Firenze - Social Design Magazine\",\"isPartOf\":{\"@id\":\"https:\/\/socialdesignmagazine.com\/mag\/#website\"},\"primaryImageOfPage\":{\"@id\":\"https:\/\/socialdesignmagazine.com\/mag\/visual\/lincredibile-raccolto-piazza-s-maria-novella-firenze\/#primaryimage\"},\"image\":{\"@id\":\"https:\/\/socialdesignmagazine.com\/mag\/visual\/lincredibile-raccolto-piazza-s-maria-novella-firenze\/#primaryimage\"},\"thumbnailUrl\":\"https:\/\/socialdesignmagazine.com\/mag\/wp-content\/uploads\/2013\/05\/users_Jessy_LIN_CREDIBILE_RACCOLTO_-_Piazza_S._Maria_Novella_Firenze_LINCREDIBILE_RACCOLTO_designo-HILTONMCCONNICO_1_.jpg\",\"datePublished\":\"2013-05-23T13:00:00+00:00\",\"dateModified\":\"2024-06-04T19:29:14+00:00\",\"description\":\"Questo adagio del buonsenso agricolo \u00e8 considerato uno slogan e suona come una parola d\u2019ordine. Un lino dei campi che si trasforma in lino delle citt\u00e0 invitandoci a una scampagnata nel cuore di Firenze, in una scenografia di Hilton McConnico.\",\"breadcrumb\":{\"@id\":\"https:\/\/socialdesignmagazine.com\/mag\/visual\/lincredibile-raccolto-piazza-s-maria-novella-firenze\/#breadcrumb\"},\"inLanguage\":\"it-IT\",\"potentialAction\":[{\"@type\":\"ReadAction\",\"target\":[\"https:\/\/socialdesignmagazine.com\/mag\/visual\/lincredibile-raccolto-piazza-s-maria-novella-firenze\/\"]}]},{\"@type\":\"ImageObject\",\"inLanguage\":\"it-IT\",\"@id\":\"https:\/\/socialdesignmagazine.com\/mag\/visual\/lincredibile-raccolto-piazza-s-maria-novella-firenze\/#primaryimage\",\"url\":\"https:\/\/socialdesignmagazine.com\/mag\/wp-content\/uploads\/2013\/05\/users_Jessy_LIN_CREDIBILE_RACCOLTO_-_Piazza_S._Maria_Novella_Firenze_LINCREDIBILE_RACCOLTO_designo-HILTONMCCONNICO_1_.jpg\",\"contentUrl\":\"https:\/\/socialdesignmagazine.com\/mag\/wp-content\/uploads\/2013\/05\/users_Jessy_LIN_CREDIBILE_RACCOLTO_-_Piazza_S._Maria_Novella_Firenze_LINCREDIBILE_RACCOLTO_designo-HILTONMCCONNICO_1_.jpg\",\"width\":720,\"height\":499,\"caption\":\"LINCREDIBILE RACCOLTO designo-HILTONMCCONNICO 1\"},{\"@type\":\"BreadcrumbList\",\"@id\":\"https:\/\/socialdesignmagazine.com\/mag\/visual\/lincredibile-raccolto-piazza-s-maria-novella-firenze\/#breadcrumb\",\"itemListElement\":[{\"@type\":\"ListItem\",\"position\":1,\"name\":\"Home\",\"item\":\"https:\/\/socialdesignmagazine.com\/mag\/\"},{\"@type\":\"ListItem\",\"position\":2,\"name\":\"Visual\",\"item\":\"https:\/\/socialdesignmagazine.com\/mag\/visual\/\"},{\"@type\":\"ListItem\",\"position\":3,\"name\":\"LINCREDIBILE RACCOLTO &#8211; Piazza S. Maria Novella, Firenze\"}]},{\"@type\":\"WebSite\",\"@id\":\"https:\/\/socialdesignmagazine.com\/mag\/#website\",\"url\":\"https:\/\/socialdesignmagazine.com\/mag\/\",\"name\":\"Social Design Magazine\",\"description\":\"Social Magazine su Design, Architettura, Arte, Grafica\",\"publisher\":{\"@id\":\"https:\/\/socialdesignmagazine.com\/mag\/#organization\"},\"potentialAction\":[{\"@type\":\"SearchAction\",\"target\":{\"@type\":\"EntryPoint\",\"urlTemplate\":\"https:\/\/socialdesignmagazine.com\/mag\/?s={search_term_string}\"},\"query-input\":{\"@type\":\"PropertyValueSpecification\",\"valueRequired\":true,\"valueName\":\"search_term_string\"}}],\"inLanguage\":\"it-IT\"},{\"@type\":\"Organization\",\"@id\":\"https:\/\/socialdesignmagazine.com\/mag\/#organization\",\"name\":\"Social Design Magazine\",\"url\":\"https:\/\/socialdesignmagazine.com\/mag\/\",\"logo\":{\"@type\":\"ImageObject\",\"inLanguage\":\"it-IT\",\"@id\":\"https:\/\/socialdesignmagazine.com\/mag\/#\/schema\/logo\/image\/\",\"url\":\"https:\/\/socialdesignmagazine.com\/mag\/wp-content\/uploads\/2017\/01\/logo_favicon_11.png\",\"contentUrl\":\"https:\/\/socialdesignmagazine.com\/mag\/wp-content\/uploads\/2017\/01\/logo_favicon_11.png\",\"width\":1024,\"height\":1024,\"caption\":\"Social Design Magazine\"},\"image\":{\"@id\":\"https:\/\/socialdesignmagazine.com\/mag\/#\/schema\/logo\/image\/\"},\"sameAs\":[\"https:\/\/www.facebook.com\/socialdesignmag\",\"https:\/\/x.com\/socialdesignmag\",\"http:\/\/instagram.com\/social_design_magazine\/\",\"http:\/\/pinterest.com\/socialdesignmag\/\",\"http:\/\/www.youtube.com\/user\/socialdesignmagazine\"]},{\"@type\":\"Person\",\"@id\":\"https:\/\/socialdesignmagazine.com\/mag\/#\/schema\/person\/f26aea2d68a722d5ed3a1ee93c92aba9\",\"name\":\"jessica zannori\",\"image\":{\"@type\":\"ImageObject\",\"inLanguage\":\"it-IT\",\"@id\":\"https:\/\/secure.gravatar.com\/avatar\/e338d2d30b98ee192f7c7708f51c9b6a0f135e3e3399a9bec7d00e0496a346c6?s=96&d=mm&r=g\",\"url\":\"https:\/\/secure.gravatar.com\/avatar\/e338d2d30b98ee192f7c7708f51c9b6a0f135e3e3399a9bec7d00e0496a346c6?s=96&d=mm&r=g\",\"contentUrl\":\"https:\/\/secure.gravatar.com\/avatar\/e338d2d30b98ee192f7c7708f51c9b6a0f135e3e3399a9bec7d00e0496a346c6?s=96&d=mm&r=g\",\"caption\":\"jessica zannori\"},\"url\":\"https:\/\/socialdesignmagazine.com\/mag\/author\/jessy\/\"}]}<\/script>\n<!-- \/ Yoast SEO plugin. -->","yoast_head_json":{"title":"LINCREDIBILE RACCOLTO - Piazza S. Maria Novella, Firenze - Social Design Magazine","description":"Questo adagio del buonsenso agricolo \u00e8 considerato uno slogan e suona come una parola d\u2019ordine. Un lino dei campi che si trasforma in lino delle citt\u00e0 invitandoci a una scampagnata nel cuore di Firenze, in una scenografia di Hilton McConnico.","robots":{"index":"index","follow":"follow","max-snippet":"max-snippet:-1","max-image-preview":"max-image-preview:large","max-video-preview":"max-video-preview:-1"},"canonical":"https:\/\/socialdesignmagazine.com\/mag\/visual\/lincredibile-raccolto-piazza-s-maria-novella-firenze\/","og_locale":"it_IT","og_type":"article","og_title":"LINCREDIBILE RACCOLTO - Piazza S. Maria Novella, Firenze - Social Design Magazine","og_description":"Questo adagio del buonsenso agricolo \u00e8 considerato uno slogan e suona come una parola d\u2019ordine. Un lino dei campi che si trasforma in lino delle citt\u00e0 invitandoci a una scampagnata nel cuore di Firenze, in una scenografia di Hilton McConnico.","og_url":"http:\/\/socialdesignmagazine.com\/mag\/visual\/lincredibile-raccolto-piazza-s-maria-novella-firenze\/","og_site_name":"Social Design Magazine","article_publisher":"https:\/\/www.facebook.com\/socialdesignmag","article_published_time":"2013-05-23T13:00:00+00:00","article_modified_time":"2024-06-04T19:29:14+00:00","og_image":[{"width":720,"height":499,"url":"https:\/\/socialdesignmagazine.com\/mag\/wp-content\/uploads\/2013\/05\/users_Jessy_LIN_CREDIBILE_RACCOLTO_-_Piazza_S._Maria_Novella_Firenze_LINCREDIBILE_RACCOLTO_designo-HILTONMCCONNICO_1_.jpg","type":"image\/jpeg"}],"author":"jessica zannori","twitter_card":"summary_large_image","twitter_creator":"@socialdesignmag","twitter_site":"@socialdesignmag","twitter_misc":{"Scritto da":"jessica zannori","Tempo di lettura stimato":"3 minuti"},"schema":{"@context":"https:\/\/schema.org","@graph":[{"@type":"Article","@id":"https:\/\/socialdesignmagazine.com\/mag\/visual\/lincredibile-raccolto-piazza-s-maria-novella-firenze\/#article","isPartOf":{"@id":"https:\/\/socialdesignmagazine.com\/mag\/visual\/lincredibile-raccolto-piazza-s-maria-novella-firenze\/"},"author":{"name":"jessica zannori","@id":"https:\/\/socialdesignmagazine.com\/mag\/#\/schema\/person\/f26aea2d68a722d5ed3a1ee93c92aba9"},"headline":"LINCREDIBILE RACCOLTO &#8211; Piazza S. Maria Novella, Firenze","datePublished":"2013-05-23T13:00:00+00:00","dateModified":"2024-06-04T19:29:14+00:00","mainEntityOfPage":{"@id":"https:\/\/socialdesignmagazine.com\/mag\/visual\/lincredibile-raccolto-piazza-s-maria-novella-firenze\/"},"wordCount":362,"commentCount":0,"publisher":{"@id":"https:\/\/socialdesignmagazine.com\/mag\/#organization"},"image":{"@id":"https:\/\/socialdesignmagazine.com\/mag\/visual\/lincredibile-raccolto-piazza-s-maria-novella-firenze\/#primaryimage"},"thumbnailUrl":"https:\/\/socialdesignmagazine.com\/mag\/wp-content\/uploads\/2013\/05\/users_Jessy_LIN_CREDIBILE_RACCOLTO_-_Piazza_S._Maria_Novella_Firenze_LINCREDIBILE_RACCOLTO_designo-HILTONMCCONNICO_1_.jpg","keywords":["fashion","lino"],"articleSection":["Visual"],"inLanguage":"it-IT","potentialAction":[{"@type":"CommentAction","name":"Comment","target":["https:\/\/socialdesignmagazine.com\/mag\/visual\/lincredibile-raccolto-piazza-s-maria-novella-firenze\/#respond"]}]},{"@type":"WebPage","@id":"https:\/\/socialdesignmagazine.com\/mag\/visual\/lincredibile-raccolto-piazza-s-maria-novella-firenze\/","url":"https:\/\/socialdesignmagazine.com\/mag\/visual\/lincredibile-raccolto-piazza-s-maria-novella-firenze\/","name":"LINCREDIBILE RACCOLTO - Piazza S. Maria Novella, Firenze - Social Design Magazine","isPartOf":{"@id":"https:\/\/socialdesignmagazine.com\/mag\/#website"},"primaryImageOfPage":{"@id":"https:\/\/socialdesignmagazine.com\/mag\/visual\/lincredibile-raccolto-piazza-s-maria-novella-firenze\/#primaryimage"},"image":{"@id":"https:\/\/socialdesignmagazine.com\/mag\/visual\/lincredibile-raccolto-piazza-s-maria-novella-firenze\/#primaryimage"},"thumbnailUrl":"https:\/\/socialdesignmagazine.com\/mag\/wp-content\/uploads\/2013\/05\/users_Jessy_LIN_CREDIBILE_RACCOLTO_-_Piazza_S._Maria_Novella_Firenze_LINCREDIBILE_RACCOLTO_designo-HILTONMCCONNICO_1_.jpg","datePublished":"2013-05-23T13:00:00+00:00","dateModified":"2024-06-04T19:29:14+00:00","description":"Questo adagio del buonsenso agricolo \u00e8 considerato uno slogan e suona come una parola d\u2019ordine. Un lino dei campi che si trasforma in lino delle citt\u00e0 invitandoci a una scampagnata nel cuore di Firenze, in una scenografia di Hilton McConnico.","breadcrumb":{"@id":"https:\/\/socialdesignmagazine.com\/mag\/visual\/lincredibile-raccolto-piazza-s-maria-novella-firenze\/#breadcrumb"},"inLanguage":"it-IT","potentialAction":[{"@type":"ReadAction","target":["https:\/\/socialdesignmagazine.com\/mag\/visual\/lincredibile-raccolto-piazza-s-maria-novella-firenze\/"]}]},{"@type":"ImageObject","inLanguage":"it-IT","@id":"https:\/\/socialdesignmagazine.com\/mag\/visual\/lincredibile-raccolto-piazza-s-maria-novella-firenze\/#primaryimage","url":"https:\/\/socialdesignmagazine.com\/mag\/wp-content\/uploads\/2013\/05\/users_Jessy_LIN_CREDIBILE_RACCOLTO_-_Piazza_S._Maria_Novella_Firenze_LINCREDIBILE_RACCOLTO_designo-HILTONMCCONNICO_1_.jpg","contentUrl":"https:\/\/socialdesignmagazine.com\/mag\/wp-content\/uploads\/2013\/05\/users_Jessy_LIN_CREDIBILE_RACCOLTO_-_Piazza_S._Maria_Novella_Firenze_LINCREDIBILE_RACCOLTO_designo-HILTONMCCONNICO_1_.jpg","width":720,"height":499,"caption":"LINCREDIBILE RACCOLTO designo-HILTONMCCONNICO 1"},{"@type":"BreadcrumbList","@id":"https:\/\/socialdesignmagazine.com\/mag\/visual\/lincredibile-raccolto-piazza-s-maria-novella-firenze\/#breadcrumb","itemListElement":[{"@type":"ListItem","position":1,"name":"Home","item":"https:\/\/socialdesignmagazine.com\/mag\/"},{"@type":"ListItem","position":2,"name":"Visual","item":"https:\/\/socialdesignmagazine.com\/mag\/visual\/"},{"@type":"ListItem","position":3,"name":"LINCREDIBILE RACCOLTO &#8211; Piazza S. Maria Novella, Firenze"}]},{"@type":"WebSite","@id":"https:\/\/socialdesignmagazine.com\/mag\/#website","url":"https:\/\/socialdesignmagazine.com\/mag\/","name":"Social Design Magazine","description":"Social Magazine su Design, Architettura, Arte, Grafica","publisher":{"@id":"https:\/\/socialdesignmagazine.com\/mag\/#organization"},"potentialAction":[{"@type":"SearchAction","target":{"@type":"EntryPoint","urlTemplate":"https:\/\/socialdesignmagazine.com\/mag\/?s={search_term_string}"},"query-input":{"@type":"PropertyValueSpecification","valueRequired":true,"valueName":"search_term_string"}}],"inLanguage":"it-IT"},{"@type":"Organization","@id":"https:\/\/socialdesignmagazine.com\/mag\/#organization","name":"Social Design Magazine","url":"https:\/\/socialdesignmagazine.com\/mag\/","logo":{"@type":"ImageObject","inLanguage":"it-IT","@id":"https:\/\/socialdesignmagazine.com\/mag\/#\/schema\/logo\/image\/","url":"https:\/\/socialdesignmagazine.com\/mag\/wp-content\/uploads\/2017\/01\/logo_favicon_11.png","contentUrl":"https:\/\/socialdesignmagazine.com\/mag\/wp-content\/uploads\/2017\/01\/logo_favicon_11.png","width":1024,"height":1024,"caption":"Social Design Magazine"},"image":{"@id":"https:\/\/socialdesignmagazine.com\/mag\/#\/schema\/logo\/image\/"},"sameAs":["https:\/\/www.facebook.com\/socialdesignmag","https:\/\/x.com\/socialdesignmag","http:\/\/instagram.com\/social_design_magazine\/","http:\/\/pinterest.com\/socialdesignmag\/","http:\/\/www.youtube.com\/user\/socialdesignmagazine"]},{"@type":"Person","@id":"https:\/\/socialdesignmagazine.com\/mag\/#\/schema\/person\/f26aea2d68a722d5ed3a1ee93c92aba9","name":"jessica zannori","image":{"@type":"ImageObject","inLanguage":"it-IT","@id":"https:\/\/secure.gravatar.com\/avatar\/e338d2d30b98ee192f7c7708f51c9b6a0f135e3e3399a9bec7d00e0496a346c6?s=96&d=mm&r=g","url":"https:\/\/secure.gravatar.com\/avatar\/e338d2d30b98ee192f7c7708f51c9b6a0f135e3e3399a9bec7d00e0496a346c6?s=96&d=mm&r=g","contentUrl":"https:\/\/secure.gravatar.com\/avatar\/e338d2d30b98ee192f7c7708f51c9b6a0f135e3e3399a9bec7d00e0496a346c6?s=96&d=mm&r=g","caption":"jessica zannori"},"url":"https:\/\/socialdesignmagazine.com\/mag\/author\/jessy\/"}]}},"jetpack_featured_media_url":"https:\/\/socialdesignmagazine.com\/mag\/wp-content\/uploads\/2013\/05\/users_Jessy_LIN_CREDIBILE_RACCOLTO_-_Piazza_S._Maria_Novella_Firenze_LINCREDIBILE_RACCOLTO_designo-HILTONMCCONNICO_1_.jpg","jetpack_sharing_enabled":true,"jetpack_shortlink":"https:\/\/wp.me\/p6cV7V-zB","gt_translate_keys":[{"key":"link","format":"url"}],"_links":{"self":[{"href":"https:\/\/socialdesignmagazine.com\/mag\/wp-json\/wp\/v2\/posts\/2207","targetHints":{"allow":["GET"]}}],"collection":[{"href":"https:\/\/socialdesignmagazine.com\/mag\/wp-json\/wp\/v2\/posts"}],"about":[{"href":"https:\/\/socialdesignmagazine.com\/mag\/wp-json\/wp\/v2\/types\/post"}],"author":[{"embeddable":true,"href":"https:\/\/socialdesignmagazine.com\/mag\/wp-json\/wp\/v2\/users\/6"}],"replies":[{"embeddable":true,"href":"https:\/\/socialdesignmagazine.com\/mag\/wp-json\/wp\/v2\/comments?post=2207"}],"version-history":[{"count":1,"href":"https:\/\/socialdesignmagazine.com\/mag\/wp-json\/wp\/v2\/posts\/2207\/revisions"}],"predecessor-version":[{"id":61763,"href":"https:\/\/socialdesignmagazine.com\/mag\/wp-json\/wp\/v2\/posts\/2207\/revisions\/61763"}],"wp:featuredmedia":[{"embeddable":true,"href":"https:\/\/socialdesignmagazine.com\/mag\/wp-json\/wp\/v2\/media\/12977"}],"wp:attachment":[{"href":"https:\/\/socialdesignmagazine.com\/mag\/wp-json\/wp\/v2\/media?parent=2207"}],"wp:term":[{"taxonomy":"category","embeddable":true,"href":"https:\/\/socialdesignmagazine.com\/mag\/wp-json\/wp\/v2\/categories?post=2207"},{"taxonomy":"post_tag","embeddable":true,"href":"https:\/\/socialdesignmagazine.com\/mag\/wp-json\/wp\/v2\/tags?post=2207"}],"curies":[{"name":"wp","href":"https:\/\/api.w.org\/{rel}","templated":true}]}}