{"id":2213,"date":"2013-05-31T16:00:00","date_gmt":"2013-05-31T14:00:00","guid":{"rendered":"https:\/\/socialdesignmagazine.com\/mag\/s6-design\/c35-design\/denis-guidone-my-book-uno-spazio-bianco-per-immaginare\/"},"modified":"2024-06-04T22:01:43","modified_gmt":"2024-06-04T20:01:43","slug":"denis-guidone-my-book-uno-spazio-bianco-per-immaginare","status":"publish","type":"post","link":"https:\/\/socialdesignmagazine.com\/mag\/design\/denis-guidone-my-book-uno-spazio-bianco-per-immaginare\/","title":{"rendered":"Denis Guidone \/ My book, uno spazio bianco per immaginare","gt_translate_keys":[{"key":"rendered","format":"text"}]},"content":{"rendered":"\n<p><strong>My book<\/strong>, di <a href=\"https:\/\/socialdesignmagazine.com\/mag\/tag\/denis-guidone\/\"><strong>Denis Guidone<\/strong><\/a> per navadesign, \u00e8 un libro senza testo, a prima vista potrebbe sembrare un errore di stampa; ma \u00e8 un pretesto per immaginare una storia, un libro che potrai scrivere tu stesso, giorno dopo giorno. E&#8217; <strong>uno spazio bianco per immaginare<\/strong>, puoi anche lasciare le pagine vuote e &#8220;riempirle&#8221; semplicemente con i pensieri\u2026Ti chiederai, ma alla &#8220;fine&#8221;, che cos&#8217;\u00e8 veramente?<\/p>\n\n\n\n<p>Non c&#8217;\u00e8 una fine, forse \u00e8 un oggetto che vi far\u00e0 rimanere semplicemente &#8220;senza parole&#8221;. Ecco! Questo potrebbe essere un buon inizio\u2026<\/p>\n\n\n<div class=\"wp-block-image\">\n<figure class=\"aligncenter\"><img loading=\"lazy\" decoding=\"async\" width=\"720\" height=\"555\" data-attachment-id=\"12993\" data-permalink=\"https:\/\/socialdesignmagazine.com\/mag\/design\/denis-guidone-my-book-uno-spazio-bianco-per-immaginare\/attachment\/3-my-book-intro\/#content\" data-orig-file=\"https:\/\/socialdesignmagazine.com\/mag\/wp-content\/uploads\/2013\/05\/users_Jessy_Denis_Guidone_My_book_3_my_book_intro.jpg\" data-orig-size=\"720,555\" data-comments-opened=\"1\" data-image-meta=\"{&quot;aperture&quot;:&quot;22&quot;,&quot;credit&quot;:&quot;&quot;,&quot;camera&quot;:&quot;Canon EOS-1D Mark IV&quot;,&quot;caption&quot;:&quot;&quot;,&quot;created_timestamp&quot;:&quot;1325602705&quot;,&quot;copyright&quot;:&quot;&quot;,&quot;focal_length&quot;:&quot;32&quot;,&quot;iso&quot;:&quot;100&quot;,&quot;shutter_speed&quot;:&quot;0.25&quot;,&quot;title&quot;:&quot;&quot;,&quot;orientation&quot;:&quot;1&quot;}\" data-image-title=\"3 my book intro\" data-image-description=\"\" data-image-caption=\"\" data-medium-file=\"https:\/\/socialdesignmagazine.com\/mag\/wp-content\/uploads\/2013\/05\/users_Jessy_Denis_Guidone_My_book_3_my_book_intro-396x256.jpg\" data-large-file=\"https:\/\/socialdesignmagazine.com\/mag\/wp-content\/uploads\/2013\/05\/users_Jessy_Denis_Guidone_My_book_3_my_book_intro.jpg\" src=\"https:\/\/socialdesignmagazine.com\/mag\/wp-content\/uploads\/2013\/05\/users_Jessy_Denis_Guidone_My_book_3_my_book_intro.jpg\" alt=\"3 my book intro\" class=\"wp-image-12993\"\/><\/figure>\n<\/div>\n\n<div class=\"wp-block-image\">\n<figure class=\"aligncenter\"><img loading=\"lazy\" decoding=\"async\" width=\"720\" height=\"555\" data-attachment-id=\"12992\" data-permalink=\"https:\/\/socialdesignmagazine.com\/mag\/design\/denis-guidone-my-book-uno-spazio-bianco-per-immaginare\/attachment\/2-my-book-author\/#content\" data-orig-file=\"https:\/\/socialdesignmagazine.com\/mag\/wp-content\/uploads\/2013\/05\/users_Jessy_Denis_Guidone_My_book_2_my_book__author.jpg\" data-orig-size=\"720,555\" data-comments-opened=\"1\" data-image-meta=\"{&quot;aperture&quot;:&quot;22&quot;,&quot;credit&quot;:&quot;&quot;,&quot;camera&quot;:&quot;Canon EOS-1D Mark IV&quot;,&quot;caption&quot;:&quot;&quot;,&quot;created_timestamp&quot;:&quot;1325602705&quot;,&quot;copyright&quot;:&quot;&quot;,&quot;focal_length&quot;:&quot;32&quot;,&quot;iso&quot;:&quot;100&quot;,&quot;shutter_speed&quot;:&quot;0.25&quot;,&quot;title&quot;:&quot;&quot;,&quot;orientation&quot;:&quot;1&quot;}\" data-image-title=\"2 my book author\" data-image-description=\"\" data-image-caption=\"\" data-medium-file=\"https:\/\/socialdesignmagazine.com\/mag\/wp-content\/uploads\/2013\/05\/users_Jessy_Denis_Guidone_My_book_2_my_book__author-396x256.jpg\" data-large-file=\"https:\/\/socialdesignmagazine.com\/mag\/wp-content\/uploads\/2013\/05\/users_Jessy_Denis_Guidone_My_book_2_my_book__author.jpg\" src=\"https:\/\/socialdesignmagazine.com\/mag\/wp-content\/uploads\/2013\/05\/users_Jessy_Denis_Guidone_My_book_2_my_book__author.jpg\" alt=\"2 my book  author\" class=\"wp-image-12992\"\/><\/figure>\n<\/div>\n\n<div class=\"wp-block-image\">\n<figure class=\"aligncenter\"><img loading=\"lazy\" decoding=\"async\" width=\"720\" height=\"555\" data-attachment-id=\"12994\" data-permalink=\"https:\/\/socialdesignmagazine.com\/mag\/design\/denis-guidone-my-book-uno-spazio-bianco-per-immaginare\/attachment\/5-int-my-book\/#content\" data-orig-file=\"https:\/\/socialdesignmagazine.com\/mag\/wp-content\/uploads\/2013\/05\/users_Jessy_Denis_Guidone_My_book_5_int_my_book_.jpg\" data-orig-size=\"720,555\" data-comments-opened=\"1\" data-image-meta=\"{&quot;aperture&quot;:&quot;22&quot;,&quot;credit&quot;:&quot;&quot;,&quot;camera&quot;:&quot;Canon EOS-1D Mark IV&quot;,&quot;caption&quot;:&quot;&quot;,&quot;created_timestamp&quot;:&quot;1325602705&quot;,&quot;copyright&quot;:&quot;&quot;,&quot;focal_length&quot;:&quot;32&quot;,&quot;iso&quot;:&quot;100&quot;,&quot;shutter_speed&quot;:&quot;0.25&quot;,&quot;title&quot;:&quot;&quot;,&quot;orientation&quot;:&quot;1&quot;}\" data-image-title=\"5 int my book\" data-image-description=\"\" data-image-caption=\"\" data-medium-file=\"https:\/\/socialdesignmagazine.com\/mag\/wp-content\/uploads\/2013\/05\/users_Jessy_Denis_Guidone_My_book_5_int_my_book_-396x256.jpg\" data-large-file=\"https:\/\/socialdesignmagazine.com\/mag\/wp-content\/uploads\/2013\/05\/users_Jessy_Denis_Guidone_My_book_5_int_my_book_.jpg\" src=\"https:\/\/socialdesignmagazine.com\/mag\/wp-content\/uploads\/2013\/05\/users_Jessy_Denis_Guidone_My_book_5_int_my_book_.jpg\" alt=\"5 int my book \" class=\"wp-image-12994\"\/><\/figure>\n<\/div>\n\n<div class=\"wp-block-image\">\n<figure class=\"aligncenter\"><img loading=\"lazy\" decoding=\"async\" width=\"720\" height=\"981\" data-attachment-id=\"12995\" data-permalink=\"https:\/\/socialdesignmagazine.com\/mag\/design\/denis-guidone-my-book-uno-spazio-bianco-per-immaginare\/attachment\/my-book\/#content\" data-orig-file=\"https:\/\/socialdesignmagazine.com\/mag\/wp-content\/uploads\/2013\/05\/users_Jessy_Denis_Guidone_My_book_my_book.jpg\" data-orig-size=\"720,981\" data-comments-opened=\"1\" data-image-meta=\"{&quot;aperture&quot;:&quot;18&quot;,&quot;credit&quot;:&quot;&quot;,&quot;camera&quot;:&quot;Canon EOS-1D Mark IV&quot;,&quot;caption&quot;:&quot;&quot;,&quot;created_timestamp&quot;:&quot;1357132192&quot;,&quot;copyright&quot;:&quot;&quot;,&quot;focal_length&quot;:&quot;27&quot;,&quot;iso&quot;:&quot;250&quot;,&quot;shutter_speed&quot;:&quot;0.0769230769231&quot;,&quot;title&quot;:&quot;&quot;,&quot;orientation&quot;:&quot;1&quot;}\" data-image-title=\"my book\" data-image-description=\"\" data-image-caption=\"\" data-medium-file=\"https:\/\/socialdesignmagazine.com\/mag\/wp-content\/uploads\/2013\/05\/users_Jessy_Denis_Guidone_My_book_my_book-396x256.jpg\" data-large-file=\"https:\/\/socialdesignmagazine.com\/mag\/wp-content\/uploads\/2013\/05\/users_Jessy_Denis_Guidone_My_book_my_book.jpg\" src=\"https:\/\/socialdesignmagazine.com\/mag\/wp-content\/uploads\/2013\/05\/users_Jessy_Denis_Guidone_My_book_my_book.jpg\" alt=\"my book\" class=\"wp-image-12995\"\/><\/figure>\n<\/div>\n\n<div class=\"wp-block-image\">\n<figure class=\"aligncenter\"><img loading=\"lazy\" decoding=\"async\" width=\"720\" height=\"536\" data-attachment-id=\"12996\" data-permalink=\"https:\/\/socialdesignmagazine.com\/mag\/design\/denis-guidone-my-book-uno-spazio-bianco-per-immaginare\/attachment\/my-book-2\/#content\" data-orig-file=\"https:\/\/socialdesignmagazine.com\/mag\/wp-content\/uploads\/2013\/05\/users_Jessy_Denis_Guidone_My_book_my_book_2.jpg\" data-orig-size=\"720,536\" data-comments-opened=\"1\" data-image-meta=\"{&quot;aperture&quot;:&quot;0&quot;,&quot;credit&quot;:&quot;&quot;,&quot;camera&quot;:&quot;&quot;,&quot;caption&quot;:&quot;&quot;,&quot;created_timestamp&quot;:&quot;0&quot;,&quot;copyright&quot;:&quot;&quot;,&quot;focal_length&quot;:&quot;0&quot;,&quot;iso&quot;:&quot;0&quot;,&quot;shutter_speed&quot;:&quot;0&quot;,&quot;title&quot;:&quot;&quot;,&quot;orientation&quot;:&quot;1&quot;}\" data-image-title=\"my book 2\" data-image-description=\"\" data-image-caption=\"\" data-medium-file=\"https:\/\/socialdesignmagazine.com\/mag\/wp-content\/uploads\/2013\/05\/users_Jessy_Denis_Guidone_My_book_my_book_2-396x256.jpg\" data-large-file=\"https:\/\/socialdesignmagazine.com\/mag\/wp-content\/uploads\/2013\/05\/users_Jessy_Denis_Guidone_My_book_my_book_2.jpg\" src=\"https:\/\/socialdesignmagazine.com\/mag\/wp-content\/uploads\/2013\/05\/users_Jessy_Denis_Guidone_My_book_my_book_2.jpg\" alt=\"my book 2\" class=\"wp-image-12996\"\/><\/figure>\n<\/div>\n\n<div class=\"wp-block-image\">\n<figure class=\"aligncenter\"><img loading=\"lazy\" decoding=\"async\" width=\"720\" height=\"536\" data-attachment-id=\"12997\" data-permalink=\"https:\/\/socialdesignmagazine.com\/mag\/design\/denis-guidone-my-book-uno-spazio-bianco-per-immaginare\/attachment\/my-book-4\/#content\" data-orig-file=\"https:\/\/socialdesignmagazine.com\/mag\/wp-content\/uploads\/2013\/05\/users_Jessy_Denis_Guidone_My_book_my_book_4.jpg\" data-orig-size=\"720,536\" data-comments-opened=\"1\" data-image-meta=\"{&quot;aperture&quot;:&quot;0&quot;,&quot;credit&quot;:&quot;&quot;,&quot;camera&quot;:&quot;&quot;,&quot;caption&quot;:&quot;&quot;,&quot;created_timestamp&quot;:&quot;0&quot;,&quot;copyright&quot;:&quot;&quot;,&quot;focal_length&quot;:&quot;0&quot;,&quot;iso&quot;:&quot;0&quot;,&quot;shutter_speed&quot;:&quot;0&quot;,&quot;title&quot;:&quot;&quot;,&quot;orientation&quot;:&quot;1&quot;}\" data-image-title=\"my book 4\" data-image-description=\"\" data-image-caption=\"\" data-medium-file=\"https:\/\/socialdesignmagazine.com\/mag\/wp-content\/uploads\/2013\/05\/users_Jessy_Denis_Guidone_My_book_my_book_4-396x256.jpg\" data-large-file=\"https:\/\/socialdesignmagazine.com\/mag\/wp-content\/uploads\/2013\/05\/users_Jessy_Denis_Guidone_My_book_my_book_4.jpg\" src=\"https:\/\/socialdesignmagazine.com\/mag\/wp-content\/uploads\/2013\/05\/users_Jessy_Denis_Guidone_My_book_my_book_4.jpg\" alt=\"my book 4\" class=\"wp-image-12997\"\/><\/figure>\n<\/div>","protected":false,"gt_translate_keys":[{"key":"rendered","format":"html"}]},"excerpt":{"rendered":"<p>My book, di Denis Guidone per navadesign, \u00e8 un libro senza testo, a prima vista potrebbe sembrare un errore di stampa; ma \u00e8 un pretesto per immaginare una storia, un libro che potrai scrivere tu stesso, giorno dopo giorno.<\/p>\n","protected":false,"gt_translate_keys":[{"key":"rendered","format":"html"}]},"author":6,"featured_media":12992,"comment_status":"open","ping_status":"open","sticky":false,"template":"","format":"standard","meta":{"jetpack_post_was_ever_published":false,"_jetpack_newsletter_access":"","_jetpack_dont_email_post_to_subs":false,"_jetpack_newsletter_tier_id":0,"_jetpack_memberships_contains_paywalled_content":false,"_jetpack_memberships_contains_paid_content":false,"footnotes":"","_wpscppro_dont_share_socialmedia":false,"_wpscppro_custom_social_share_image":0,"_facebook_share_type":"","_twitter_share_type":"","_linkedin_share_type":"","_pinterest_share_type":"","_linkedin_share_type_page":"","_instagram_share_type":"","_medium_share_type":"","_threads_share_type":"","_google_business_share_type":"","_selected_social_profile":[],"_wpsp_enable_custom_social_template":false,"_wpsp_social_scheduling":{"enabled":false,"datetime":null,"platforms":[],"status":"template_only","dateOption":"today","timeOption":"now","customDays":"","customHours":"","customDate":"","customTime":"","schedulingType":"absolute"},"_wpsp_active_default_template":true},"categories":[13],"tags":[3298],"class_list":["post-2213","post","type-post","status-publish","format-standard","has-post-thumbnail","hentry","category-design","tag-denis-guidone"],"yoast_head":"<!-- This site is optimized with the Yoast SEO plugin v27.2 - https:\/\/yoast.com\/product\/yoast-seo-wordpress\/ -->\n<title>Denis Guidone \/ My book, uno spazio bianco per immaginare - Social Design Magazine<\/title>\n<meta name=\"description\" content=\"My book, di Denis Guidone per navadesign, \u00e8 un libro senza testo, a prima vista potrebbe sembrare un errore di stampa; ma \u00e8 un pretesto per immaginare una storia, un libro che potrai scrivere tu stesso, giorno dopo giorno.\" \/>\n<meta name=\"robots\" content=\"index, follow, max-snippet:-1, max-image-preview:large, max-video-preview:-1\" \/>\n<link rel=\"canonical\" href=\"https:\/\/socialdesignmagazine.com\/mag\/design\/denis-guidone-my-book-uno-spazio-bianco-per-immaginare\/\" \/>\n<meta property=\"og:locale\" content=\"it_IT\" \/>\n<meta property=\"og:type\" content=\"article\" \/>\n<meta property=\"og:title\" content=\"Denis Guidone \/ My book, uno spazio bianco per immaginare - Social Design Magazine\" \/>\n<meta property=\"og:description\" content=\"My book, di Denis Guidone per navadesign, \u00e8 un libro senza testo, a prima vista potrebbe sembrare un errore di stampa; ma \u00e8 un pretesto per immaginare una storia, un libro che potrai scrivere tu stesso, giorno dopo giorno.\" \/>\n<meta property=\"og:url\" content=\"http:\/\/socialdesignmagazine.com\/mag\/design\/denis-guidone-my-book-uno-spazio-bianco-per-immaginare\/\" \/>\n<meta property=\"og:site_name\" content=\"Social Design Magazine\" \/>\n<meta property=\"article:publisher\" content=\"https:\/\/www.facebook.com\/socialdesignmag\" \/>\n<meta property=\"article:published_time\" content=\"2013-05-31T14:00:00+00:00\" \/>\n<meta property=\"article:modified_time\" content=\"2024-06-04T20:01:43+00:00\" \/>\n<meta property=\"og:image\" content=\"https:\/\/socialdesignmagazine.com\/mag\/wp-content\/uploads\/2013\/05\/users_Jessy_Denis_Guidone_My_book_2_my_book__author.jpg\" \/>\n\t<meta property=\"og:image:width\" content=\"720\" \/>\n\t<meta property=\"og:image:height\" content=\"555\" \/>\n\t<meta property=\"og:image:type\" content=\"image\/jpeg\" \/>\n<meta name=\"author\" content=\"jessica zannori\" \/>\n<meta name=\"twitter:card\" content=\"summary_large_image\" \/>\n<meta name=\"twitter:creator\" content=\"@socialdesignmag\" \/>\n<meta name=\"twitter:site\" content=\"@socialdesignmag\" \/>\n<meta name=\"twitter:label1\" content=\"Scritto da\" \/>\n\t<meta name=\"twitter:data1\" content=\"jessica zannori\" \/>\n\t<meta name=\"twitter:label2\" content=\"Tempo di lettura stimato\" \/>\n\t<meta name=\"twitter:data2\" content=\"2 minuti\" \/>\n<script type=\"application\/ld+json\" class=\"yoast-schema-graph\">{\"@context\":\"https:\/\/schema.org\",\"@graph\":[{\"@type\":\"Article\",\"@id\":\"https:\/\/socialdesignmagazine.com\/mag\/design\/denis-guidone-my-book-uno-spazio-bianco-per-immaginare\/#article\",\"isPartOf\":{\"@id\":\"https:\/\/socialdesignmagazine.com\/mag\/design\/denis-guidone-my-book-uno-spazio-bianco-per-immaginare\/\"},\"author\":{\"name\":\"jessica zannori\",\"@id\":\"https:\/\/socialdesignmagazine.com\/mag\/#\/schema\/person\/f26aea2d68a722d5ed3a1ee93c92aba9\"},\"headline\":\"Denis Guidone \/ My book, uno spazio bianco per immaginare\",\"datePublished\":\"2013-05-31T14:00:00+00:00\",\"dateModified\":\"2024-06-04T20:01:43+00:00\",\"mainEntityOfPage\":{\"@id\":\"https:\/\/socialdesignmagazine.com\/mag\/design\/denis-guidone-my-book-uno-spazio-bianco-per-immaginare\/\"},\"wordCount\":93,\"commentCount\":0,\"publisher\":{\"@id\":\"https:\/\/socialdesignmagazine.com\/mag\/#organization\"},\"image\":{\"@id\":\"https:\/\/socialdesignmagazine.com\/mag\/design\/denis-guidone-my-book-uno-spazio-bianco-per-immaginare\/#primaryimage\"},\"thumbnailUrl\":\"https:\/\/socialdesignmagazine.com\/mag\/wp-content\/uploads\/2013\/05\/users_Jessy_Denis_Guidone_My_book_2_my_book__author.jpg\",\"keywords\":[\"denis guidone\"],\"articleSection\":[\"Design\"],\"inLanguage\":\"it-IT\",\"potentialAction\":[{\"@type\":\"CommentAction\",\"name\":\"Comment\",\"target\":[\"https:\/\/socialdesignmagazine.com\/mag\/design\/denis-guidone-my-book-uno-spazio-bianco-per-immaginare\/#respond\"]}]},{\"@type\":\"WebPage\",\"@id\":\"https:\/\/socialdesignmagazine.com\/mag\/design\/denis-guidone-my-book-uno-spazio-bianco-per-immaginare\/\",\"url\":\"https:\/\/socialdesignmagazine.com\/mag\/design\/denis-guidone-my-book-uno-spazio-bianco-per-immaginare\/\",\"name\":\"Denis Guidone \/ My book, uno spazio bianco per immaginare - Social Design Magazine\",\"isPartOf\":{\"@id\":\"https:\/\/socialdesignmagazine.com\/mag\/#website\"},\"primaryImageOfPage\":{\"@id\":\"https:\/\/socialdesignmagazine.com\/mag\/design\/denis-guidone-my-book-uno-spazio-bianco-per-immaginare\/#primaryimage\"},\"image\":{\"@id\":\"https:\/\/socialdesignmagazine.com\/mag\/design\/denis-guidone-my-book-uno-spazio-bianco-per-immaginare\/#primaryimage\"},\"thumbnailUrl\":\"https:\/\/socialdesignmagazine.com\/mag\/wp-content\/uploads\/2013\/05\/users_Jessy_Denis_Guidone_My_book_2_my_book__author.jpg\",\"datePublished\":\"2013-05-31T14:00:00+00:00\",\"dateModified\":\"2024-06-04T20:01:43+00:00\",\"description\":\"My book, di Denis Guidone per navadesign, \u00e8 un libro senza testo, a prima vista potrebbe sembrare un errore di stampa; ma \u00e8 un pretesto per immaginare una storia, un libro che potrai scrivere tu stesso, giorno dopo giorno.\",\"breadcrumb\":{\"@id\":\"https:\/\/socialdesignmagazine.com\/mag\/design\/denis-guidone-my-book-uno-spazio-bianco-per-immaginare\/#breadcrumb\"},\"inLanguage\":\"it-IT\",\"potentialAction\":[{\"@type\":\"ReadAction\",\"target\":[\"https:\/\/socialdesignmagazine.com\/mag\/design\/denis-guidone-my-book-uno-spazio-bianco-per-immaginare\/\"]}]},{\"@type\":\"ImageObject\",\"inLanguage\":\"it-IT\",\"@id\":\"https:\/\/socialdesignmagazine.com\/mag\/design\/denis-guidone-my-book-uno-spazio-bianco-per-immaginare\/#primaryimage\",\"url\":\"https:\/\/socialdesignmagazine.com\/mag\/wp-content\/uploads\/2013\/05\/users_Jessy_Denis_Guidone_My_book_2_my_book__author.jpg\",\"contentUrl\":\"https:\/\/socialdesignmagazine.com\/mag\/wp-content\/uploads\/2013\/05\/users_Jessy_Denis_Guidone_My_book_2_my_book__author.jpg\",\"width\":720,\"height\":555,\"caption\":\"2 my book author\"},{\"@type\":\"BreadcrumbList\",\"@id\":\"https:\/\/socialdesignmagazine.com\/mag\/design\/denis-guidone-my-book-uno-spazio-bianco-per-immaginare\/#breadcrumb\",\"itemListElement\":[{\"@type\":\"ListItem\",\"position\":1,\"name\":\"Home\",\"item\":\"https:\/\/socialdesignmagazine.com\/mag\/\"},{\"@type\":\"ListItem\",\"position\":2,\"name\":\"Design\",\"item\":\"https:\/\/socialdesignmagazine.com\/mag\/design\/\"},{\"@type\":\"ListItem\",\"position\":3,\"name\":\"Denis Guidone \/ My book, uno spazio bianco per immaginare\"}]},{\"@type\":\"WebSite\",\"@id\":\"https:\/\/socialdesignmagazine.com\/mag\/#website\",\"url\":\"https:\/\/socialdesignmagazine.com\/mag\/\",\"name\":\"Social Design Magazine\",\"description\":\"Social Magazine su Design, Architettura, Arte, Grafica\",\"publisher\":{\"@id\":\"https:\/\/socialdesignmagazine.com\/mag\/#organization\"},\"potentialAction\":[{\"@type\":\"SearchAction\",\"target\":{\"@type\":\"EntryPoint\",\"urlTemplate\":\"https:\/\/socialdesignmagazine.com\/mag\/?s={search_term_string}\"},\"query-input\":{\"@type\":\"PropertyValueSpecification\",\"valueRequired\":true,\"valueName\":\"search_term_string\"}}],\"inLanguage\":\"it-IT\"},{\"@type\":\"Organization\",\"@id\":\"https:\/\/socialdesignmagazine.com\/mag\/#organization\",\"name\":\"Social Design Magazine\",\"url\":\"https:\/\/socialdesignmagazine.com\/mag\/\",\"logo\":{\"@type\":\"ImageObject\",\"inLanguage\":\"it-IT\",\"@id\":\"https:\/\/socialdesignmagazine.com\/mag\/#\/schema\/logo\/image\/\",\"url\":\"https:\/\/socialdesignmagazine.com\/mag\/wp-content\/uploads\/2017\/01\/logo_favicon_11.png\",\"contentUrl\":\"https:\/\/socialdesignmagazine.com\/mag\/wp-content\/uploads\/2017\/01\/logo_favicon_11.png\",\"width\":1024,\"height\":1024,\"caption\":\"Social Design Magazine\"},\"image\":{\"@id\":\"https:\/\/socialdesignmagazine.com\/mag\/#\/schema\/logo\/image\/\"},\"sameAs\":[\"https:\/\/www.facebook.com\/socialdesignmag\",\"https:\/\/x.com\/socialdesignmag\",\"http:\/\/instagram.com\/social_design_magazine\/\",\"http:\/\/pinterest.com\/socialdesignmag\/\",\"http:\/\/www.youtube.com\/user\/socialdesignmagazine\"]},{\"@type\":\"Person\",\"@id\":\"https:\/\/socialdesignmagazine.com\/mag\/#\/schema\/person\/f26aea2d68a722d5ed3a1ee93c92aba9\",\"name\":\"jessica zannori\",\"image\":{\"@type\":\"ImageObject\",\"inLanguage\":\"it-IT\",\"@id\":\"https:\/\/secure.gravatar.com\/avatar\/e338d2d30b98ee192f7c7708f51c9b6a0f135e3e3399a9bec7d00e0496a346c6?s=96&d=mm&r=g\",\"url\":\"https:\/\/secure.gravatar.com\/avatar\/e338d2d30b98ee192f7c7708f51c9b6a0f135e3e3399a9bec7d00e0496a346c6?s=96&d=mm&r=g\",\"contentUrl\":\"https:\/\/secure.gravatar.com\/avatar\/e338d2d30b98ee192f7c7708f51c9b6a0f135e3e3399a9bec7d00e0496a346c6?s=96&d=mm&r=g\",\"caption\":\"jessica zannori\"},\"url\":\"https:\/\/socialdesignmagazine.com\/mag\/author\/jessy\/\"}]}<\/script>\n<!-- \/ Yoast SEO plugin. -->","yoast_head_json":{"title":"Denis Guidone \/ My book, uno spazio bianco per immaginare - Social Design Magazine","description":"My book, di Denis Guidone per navadesign, \u00e8 un libro senza testo, a prima vista potrebbe sembrare un errore di stampa; ma \u00e8 un pretesto per immaginare una storia, un libro che potrai scrivere tu stesso, giorno dopo giorno.","robots":{"index":"index","follow":"follow","max-snippet":"max-snippet:-1","max-image-preview":"max-image-preview:large","max-video-preview":"max-video-preview:-1"},"canonical":"https:\/\/socialdesignmagazine.com\/mag\/design\/denis-guidone-my-book-uno-spazio-bianco-per-immaginare\/","og_locale":"it_IT","og_type":"article","og_title":"Denis Guidone \/ My book, uno spazio bianco per immaginare - Social Design Magazine","og_description":"My book, di Denis Guidone per navadesign, \u00e8 un libro senza testo, a prima vista potrebbe sembrare un errore di stampa; ma \u00e8 un pretesto per immaginare una storia, un libro che potrai scrivere tu stesso, giorno dopo giorno.","og_url":"http:\/\/socialdesignmagazine.com\/mag\/design\/denis-guidone-my-book-uno-spazio-bianco-per-immaginare\/","og_site_name":"Social Design Magazine","article_publisher":"https:\/\/www.facebook.com\/socialdesignmag","article_published_time":"2013-05-31T14:00:00+00:00","article_modified_time":"2024-06-04T20:01:43+00:00","og_image":[{"width":720,"height":555,"url":"https:\/\/socialdesignmagazine.com\/mag\/wp-content\/uploads\/2013\/05\/users_Jessy_Denis_Guidone_My_book_2_my_book__author.jpg","type":"image\/jpeg"}],"author":"jessica zannori","twitter_card":"summary_large_image","twitter_creator":"@socialdesignmag","twitter_site":"@socialdesignmag","twitter_misc":{"Scritto da":"jessica zannori","Tempo di lettura stimato":"2 minuti"},"schema":{"@context":"https:\/\/schema.org","@graph":[{"@type":"Article","@id":"https:\/\/socialdesignmagazine.com\/mag\/design\/denis-guidone-my-book-uno-spazio-bianco-per-immaginare\/#article","isPartOf":{"@id":"https:\/\/socialdesignmagazine.com\/mag\/design\/denis-guidone-my-book-uno-spazio-bianco-per-immaginare\/"},"author":{"name":"jessica zannori","@id":"https:\/\/socialdesignmagazine.com\/mag\/#\/schema\/person\/f26aea2d68a722d5ed3a1ee93c92aba9"},"headline":"Denis Guidone \/ My book, uno spazio bianco per immaginare","datePublished":"2013-05-31T14:00:00+00:00","dateModified":"2024-06-04T20:01:43+00:00","mainEntityOfPage":{"@id":"https:\/\/socialdesignmagazine.com\/mag\/design\/denis-guidone-my-book-uno-spazio-bianco-per-immaginare\/"},"wordCount":93,"commentCount":0,"publisher":{"@id":"https:\/\/socialdesignmagazine.com\/mag\/#organization"},"image":{"@id":"https:\/\/socialdesignmagazine.com\/mag\/design\/denis-guidone-my-book-uno-spazio-bianco-per-immaginare\/#primaryimage"},"thumbnailUrl":"https:\/\/socialdesignmagazine.com\/mag\/wp-content\/uploads\/2013\/05\/users_Jessy_Denis_Guidone_My_book_2_my_book__author.jpg","keywords":["denis guidone"],"articleSection":["Design"],"inLanguage":"it-IT","potentialAction":[{"@type":"CommentAction","name":"Comment","target":["https:\/\/socialdesignmagazine.com\/mag\/design\/denis-guidone-my-book-uno-spazio-bianco-per-immaginare\/#respond"]}]},{"@type":"WebPage","@id":"https:\/\/socialdesignmagazine.com\/mag\/design\/denis-guidone-my-book-uno-spazio-bianco-per-immaginare\/","url":"https:\/\/socialdesignmagazine.com\/mag\/design\/denis-guidone-my-book-uno-spazio-bianco-per-immaginare\/","name":"Denis Guidone \/ My book, uno spazio bianco per immaginare - Social Design Magazine","isPartOf":{"@id":"https:\/\/socialdesignmagazine.com\/mag\/#website"},"primaryImageOfPage":{"@id":"https:\/\/socialdesignmagazine.com\/mag\/design\/denis-guidone-my-book-uno-spazio-bianco-per-immaginare\/#primaryimage"},"image":{"@id":"https:\/\/socialdesignmagazine.com\/mag\/design\/denis-guidone-my-book-uno-spazio-bianco-per-immaginare\/#primaryimage"},"thumbnailUrl":"https:\/\/socialdesignmagazine.com\/mag\/wp-content\/uploads\/2013\/05\/users_Jessy_Denis_Guidone_My_book_2_my_book__author.jpg","datePublished":"2013-05-31T14:00:00+00:00","dateModified":"2024-06-04T20:01:43+00:00","description":"My book, di Denis Guidone per navadesign, \u00e8 un libro senza testo, a prima vista potrebbe sembrare un errore di stampa; ma \u00e8 un pretesto per immaginare una storia, un libro che potrai scrivere tu stesso, giorno dopo giorno.","breadcrumb":{"@id":"https:\/\/socialdesignmagazine.com\/mag\/design\/denis-guidone-my-book-uno-spazio-bianco-per-immaginare\/#breadcrumb"},"inLanguage":"it-IT","potentialAction":[{"@type":"ReadAction","target":["https:\/\/socialdesignmagazine.com\/mag\/design\/denis-guidone-my-book-uno-spazio-bianco-per-immaginare\/"]}]},{"@type":"ImageObject","inLanguage":"it-IT","@id":"https:\/\/socialdesignmagazine.com\/mag\/design\/denis-guidone-my-book-uno-spazio-bianco-per-immaginare\/#primaryimage","url":"https:\/\/socialdesignmagazine.com\/mag\/wp-content\/uploads\/2013\/05\/users_Jessy_Denis_Guidone_My_book_2_my_book__author.jpg","contentUrl":"https:\/\/socialdesignmagazine.com\/mag\/wp-content\/uploads\/2013\/05\/users_Jessy_Denis_Guidone_My_book_2_my_book__author.jpg","width":720,"height":555,"caption":"2 my book author"},{"@type":"BreadcrumbList","@id":"https:\/\/socialdesignmagazine.com\/mag\/design\/denis-guidone-my-book-uno-spazio-bianco-per-immaginare\/#breadcrumb","itemListElement":[{"@type":"ListItem","position":1,"name":"Home","item":"https:\/\/socialdesignmagazine.com\/mag\/"},{"@type":"ListItem","position":2,"name":"Design","item":"https:\/\/socialdesignmagazine.com\/mag\/design\/"},{"@type":"ListItem","position":3,"name":"Denis Guidone \/ My book, uno spazio bianco per immaginare"}]},{"@type":"WebSite","@id":"https:\/\/socialdesignmagazine.com\/mag\/#website","url":"https:\/\/socialdesignmagazine.com\/mag\/","name":"Social Design Magazine","description":"Social Magazine su Design, Architettura, Arte, Grafica","publisher":{"@id":"https:\/\/socialdesignmagazine.com\/mag\/#organization"},"potentialAction":[{"@type":"SearchAction","target":{"@type":"EntryPoint","urlTemplate":"https:\/\/socialdesignmagazine.com\/mag\/?s={search_term_string}"},"query-input":{"@type":"PropertyValueSpecification","valueRequired":true,"valueName":"search_term_string"}}],"inLanguage":"it-IT"},{"@type":"Organization","@id":"https:\/\/socialdesignmagazine.com\/mag\/#organization","name":"Social Design Magazine","url":"https:\/\/socialdesignmagazine.com\/mag\/","logo":{"@type":"ImageObject","inLanguage":"it-IT","@id":"https:\/\/socialdesignmagazine.com\/mag\/#\/schema\/logo\/image\/","url":"https:\/\/socialdesignmagazine.com\/mag\/wp-content\/uploads\/2017\/01\/logo_favicon_11.png","contentUrl":"https:\/\/socialdesignmagazine.com\/mag\/wp-content\/uploads\/2017\/01\/logo_favicon_11.png","width":1024,"height":1024,"caption":"Social Design Magazine"},"image":{"@id":"https:\/\/socialdesignmagazine.com\/mag\/#\/schema\/logo\/image\/"},"sameAs":["https:\/\/www.facebook.com\/socialdesignmag","https:\/\/x.com\/socialdesignmag","http:\/\/instagram.com\/social_design_magazine\/","http:\/\/pinterest.com\/socialdesignmag\/","http:\/\/www.youtube.com\/user\/socialdesignmagazine"]},{"@type":"Person","@id":"https:\/\/socialdesignmagazine.com\/mag\/#\/schema\/person\/f26aea2d68a722d5ed3a1ee93c92aba9","name":"jessica zannori","image":{"@type":"ImageObject","inLanguage":"it-IT","@id":"https:\/\/secure.gravatar.com\/avatar\/e338d2d30b98ee192f7c7708f51c9b6a0f135e3e3399a9bec7d00e0496a346c6?s=96&d=mm&r=g","url":"https:\/\/secure.gravatar.com\/avatar\/e338d2d30b98ee192f7c7708f51c9b6a0f135e3e3399a9bec7d00e0496a346c6?s=96&d=mm&r=g","contentUrl":"https:\/\/secure.gravatar.com\/avatar\/e338d2d30b98ee192f7c7708f51c9b6a0f135e3e3399a9bec7d00e0496a346c6?s=96&d=mm&r=g","caption":"jessica zannori"},"url":"https:\/\/socialdesignmagazine.com\/mag\/author\/jessy\/"}]}},"jetpack_featured_media_url":"https:\/\/socialdesignmagazine.com\/mag\/wp-content\/uploads\/2013\/05\/users_Jessy_Denis_Guidone_My_book_2_my_book__author.jpg","jetpack_sharing_enabled":true,"jetpack_shortlink":"https:\/\/wp.me\/p6cV7V-zH","gt_translate_keys":[{"key":"link","format":"url"}],"_links":{"self":[{"href":"https:\/\/socialdesignmagazine.com\/mag\/wp-json\/wp\/v2\/posts\/2213","targetHints":{"allow":["GET"]}}],"collection":[{"href":"https:\/\/socialdesignmagazine.com\/mag\/wp-json\/wp\/v2\/posts"}],"about":[{"href":"https:\/\/socialdesignmagazine.com\/mag\/wp-json\/wp\/v2\/types\/post"}],"author":[{"embeddable":true,"href":"https:\/\/socialdesignmagazine.com\/mag\/wp-json\/wp\/v2\/users\/6"}],"replies":[{"embeddable":true,"href":"https:\/\/socialdesignmagazine.com\/mag\/wp-json\/wp\/v2\/comments?post=2213"}],"version-history":[{"count":1,"href":"https:\/\/socialdesignmagazine.com\/mag\/wp-json\/wp\/v2\/posts\/2213\/revisions"}],"predecessor-version":[{"id":61793,"href":"https:\/\/socialdesignmagazine.com\/mag\/wp-json\/wp\/v2\/posts\/2213\/revisions\/61793"}],"wp:featuredmedia":[{"embeddable":true,"href":"https:\/\/socialdesignmagazine.com\/mag\/wp-json\/wp\/v2\/media\/12992"}],"wp:attachment":[{"href":"https:\/\/socialdesignmagazine.com\/mag\/wp-json\/wp\/v2\/media?parent=2213"}],"wp:term":[{"taxonomy":"category","embeddable":true,"href":"https:\/\/socialdesignmagazine.com\/mag\/wp-json\/wp\/v2\/categories?post=2213"},{"taxonomy":"post_tag","embeddable":true,"href":"https:\/\/socialdesignmagazine.com\/mag\/wp-json\/wp\/v2\/tags?post=2213"}],"curies":[{"name":"wp","href":"https:\/\/api.w.org\/{rel}","templated":true}]}}