{"id":2223,"date":"2013-06-03T15:00:00","date_gmt":"2013-06-03T13:00:00","guid":{"rendered":"https:\/\/socialdesignmagazine.com\/mag\/s5-architettura\/c34-architettura\/urban-cactus-ucx-architects\/"},"modified":"2024-06-04T22:04:51","modified_gmt":"2024-06-04T20:04:51","slug":"urban-cactus-ucx-architects","status":"publish","type":"post","link":"https:\/\/socialdesignmagazine.com\/mag\/architettura\/urban-cactus-ucx-architects\/","title":{"rendered":"Urban Cactus \/ UCX Architects","gt_translate_keys":[{"key":"rendered","format":"text"}]},"content":{"rendered":"\n<h2 class=\"wp-block-heading\"><a class=\"jcepopup\" href=\"http:\/\/arclickdesign.com\/progetto-urban-cactus-ucx-architects-architettura-del-verde\/\" target=\"_blank\" rel=\"nofollow noopener\">URBAN CACTUS<\/a>, progettata dallo studio&nbsp;<strong>UCX ARCHITECTS<\/strong>&nbsp;(Ben Huygen and Jasper J\u00e4gers) \u00e8 il risultato di un\u2019analisi commissionata da Vestia ROTTERDAM FEYENOORD \/ ESTRADE PROJECTEN che porta ad un possibile sviluppo a capo della Binnenhaven.<\/h2>\n\n\n\n<p>URBAN CACTUS presenta in un modo ingegnoso una risposta alla crescente domanda di&nbsp;spazio di vita di alta qualit\u00e0&nbsp;con eccellenti aree al di fuori del centro della citt\u00e0.<\/p>\n\n\n\n<p>La giovane popolazione spesso lascia la citt\u00e0 alla ricerca di&nbsp;residenze con pi\u00f9 verde, una zona esterna dove si pu\u00f2 avere una barbecue, godersi il sole, cos\u00ec come un luogo in cui pu\u00f2 essere se stesso in totale privacy.<\/p>\n\n\n\n<p>Urban Cactus, che si inserisce all\u2019interno del&nbsp;nuovo quartiere Vuurplaat,&nbsp;con la sua forma irregolare articolata su&nbsp;19 piani, consente di ottenere&nbsp;98 &nbsp;unit\u00e0 residenziali&nbsp;le cui superfici variano&nbsp;dai 65 ai 110 metri quadrati.&nbsp;Due tipologie di piani: una con 4 appartamenti per piano di metratura pi\u00f9 estesa e altri pi\u00f9 piccoli da 6, al fine di offrire le pi\u00f9 diverse tipologie di utenze.<\/p>\n\n\n\n<p>Il piano terra dispone di spazi commerciali, gli accessi agli alloggi, ai garage e magazzini. URBAN CACTUS \u00e8 un edificio versatile il cui aspetto finale \u00e8 creato dal modello universale degli spazi esterni.<\/p>\n\n\n\n<p>L\u2019originalit\u00e0 della torre risiede nella inusuale morfologia, la cui forma generata dalla rotazione dei singoli livelli ricorda un cactus.&nbsp;\u201cUrban Cactus&nbsp;\u2013 spiegano gli autori del progetto \u2013&nbsp;si trova sull\u2019estremit\u00e0 di questa spina ed appartiene, come oggetto, pi\u00f9 al verde che al contesto urbano circostante\u201d.<\/p>\n\n\n\n<p>Ogni piano viene dotato di una&nbsp;terrazza aggettante&nbsp;dove si alterneranno&nbsp;piscine e giardini pensiliche enfatizzano l\u2019associazione ad una grossa pianta urbana.<\/p>\n\n\n\n<p>L\u2019involucro, completamente vetrato, consente ai residenti un\u2019ampia visuale del paesaggio esterno. La scelta inoltre di utilizzare questo materiale anche per i parapetti permetter\u00e0 di intravedere dall\u2019esterno il verde di ogni singolo livello.<\/p>\n\n\n\n<p>Scopri di pi\u00f9, <a class=\"jcepopup\" href=\"http:\/\/arclickdesign.com\/progetto-urban-cactus-ucx-architects-architettura-del-verde\/\" target=\"_blank\" rel=\"nofollow noopener\">clicca qui.<\/a><\/p>\n\n\n\n<p>Progetto:&nbsp;UCX Architects<br>\nDove:&nbsp;Rotterdam (Paesi Bassi)<br>\nAnno:&nbsp;2006<\/p>\n\n\n<div class=\"wp-block-image\">\n<figure class=\"aligncenter size-large\"><img loading=\"lazy\" decoding=\"async\" width=\"720\" height=\"651\" data-attachment-id=\"13046\" data-permalink=\"https:\/\/socialdesignmagazine.com\/mag\/architettura\/urban-cactus-ucx-architects\/attachment\/urban-cactus-02\/#content\" data-orig-file=\"https:\/\/socialdesignmagazine.com\/mag\/wp-content\/uploads\/2013\/06\/users_MyAreaDesign_urban_cactus_urban-cactus-02.jpg\" data-orig-size=\"720,651\" data-comments-opened=\"1\" data-image-meta=\"{&quot;aperture&quot;:&quot;0&quot;,&quot;credit&quot;:&quot;&quot;,&quot;camera&quot;:&quot;&quot;,&quot;caption&quot;:&quot;&quot;,&quot;created_timestamp&quot;:&quot;0&quot;,&quot;copyright&quot;:&quot;&quot;,&quot;focal_length&quot;:&quot;0&quot;,&quot;iso&quot;:&quot;0&quot;,&quot;shutter_speed&quot;:&quot;0&quot;,&quot;title&quot;:&quot;&quot;,&quot;orientation&quot;:&quot;0&quot;}\" data-image-title=\"urban-cactus-02\" data-image-description=\"\" data-image-caption=\"\" data-medium-file=\"https:\/\/socialdesignmagazine.com\/mag\/wp-content\/uploads\/2013\/06\/users_MyAreaDesign_urban_cactus_urban-cactus-02-396x256.jpg\" data-large-file=\"https:\/\/socialdesignmagazine.com\/mag\/wp-content\/uploads\/2013\/06\/users_MyAreaDesign_urban_cactus_urban-cactus-02.jpg\" src=\"https:\/\/socialdesignmagazine.com\/mag\/wp-content\/uploads\/2013\/06\/users_MyAreaDesign_urban_cactus_urban-cactus-02.jpg\" alt=\"urban-cactus-02\" class=\"wp-image-13046\"\/><figcaption class=\"wp-element-caption\">Photo: \u00a9 Ucx Architects<\/figcaption><\/figure>\n<\/div>\n\n<div class=\"wp-block-image\">\n<figure class=\"aligncenter size-large\"><img loading=\"lazy\" decoding=\"async\" width=\"720\" height=\"653\" data-attachment-id=\"13047\" data-permalink=\"https:\/\/socialdesignmagazine.com\/mag\/architettura\/urban-cactus-ucx-architects\/attachment\/urban-cactus-03\/#content\" data-orig-file=\"https:\/\/socialdesignmagazine.com\/mag\/wp-content\/uploads\/2013\/06\/users_MyAreaDesign_urban_cactus_urban-cactus-03.jpg\" data-orig-size=\"720,653\" data-comments-opened=\"1\" data-image-meta=\"{&quot;aperture&quot;:&quot;0&quot;,&quot;credit&quot;:&quot;&quot;,&quot;camera&quot;:&quot;&quot;,&quot;caption&quot;:&quot;&quot;,&quot;created_timestamp&quot;:&quot;0&quot;,&quot;copyright&quot;:&quot;&quot;,&quot;focal_length&quot;:&quot;0&quot;,&quot;iso&quot;:&quot;0&quot;,&quot;shutter_speed&quot;:&quot;0&quot;,&quot;title&quot;:&quot;&quot;,&quot;orientation&quot;:&quot;0&quot;}\" data-image-title=\"urban-cactus-03\" data-image-description=\"\" data-image-caption=\"\" data-medium-file=\"https:\/\/socialdesignmagazine.com\/mag\/wp-content\/uploads\/2013\/06\/users_MyAreaDesign_urban_cactus_urban-cactus-03-396x256.jpg\" data-large-file=\"https:\/\/socialdesignmagazine.com\/mag\/wp-content\/uploads\/2013\/06\/users_MyAreaDesign_urban_cactus_urban-cactus-03.jpg\" src=\"https:\/\/socialdesignmagazine.com\/mag\/wp-content\/uploads\/2013\/06\/users_MyAreaDesign_urban_cactus_urban-cactus-03.jpg\" alt=\"urban-cactus-03\" class=\"wp-image-13047\"\/><figcaption class=\"wp-element-caption\">Photo: \u00a9 Ucx Architects<\/figcaption><\/figure>\n<\/div>\n\n<div class=\"wp-block-image\">\n<figure class=\"aligncenter size-large\"><img loading=\"lazy\" decoding=\"async\" width=\"720\" height=\"752\" data-attachment-id=\"13048\" data-permalink=\"https:\/\/socialdesignmagazine.com\/mag\/architettura\/urban-cactus-ucx-architects\/attachment\/urban-cactus-04\/#content\" data-orig-file=\"https:\/\/socialdesignmagazine.com\/mag\/wp-content\/uploads\/2013\/06\/users_MyAreaDesign_urban_cactus_urban-cactus-04.jpg\" data-orig-size=\"720,752\" data-comments-opened=\"1\" data-image-meta=\"{&quot;aperture&quot;:&quot;0&quot;,&quot;credit&quot;:&quot;&quot;,&quot;camera&quot;:&quot;&quot;,&quot;caption&quot;:&quot;&quot;,&quot;created_timestamp&quot;:&quot;0&quot;,&quot;copyright&quot;:&quot;&quot;,&quot;focal_length&quot;:&quot;0&quot;,&quot;iso&quot;:&quot;0&quot;,&quot;shutter_speed&quot;:&quot;0&quot;,&quot;title&quot;:&quot;&quot;,&quot;orientation&quot;:&quot;0&quot;}\" data-image-title=\"urban-cactus-04\" data-image-description=\"\" data-image-caption=\"\" data-medium-file=\"https:\/\/socialdesignmagazine.com\/mag\/wp-content\/uploads\/2013\/06\/users_MyAreaDesign_urban_cactus_urban-cactus-04-396x256.jpg\" data-large-file=\"https:\/\/socialdesignmagazine.com\/mag\/wp-content\/uploads\/2013\/06\/users_MyAreaDesign_urban_cactus_urban-cactus-04.jpg\" src=\"https:\/\/socialdesignmagazine.com\/mag\/wp-content\/uploads\/2013\/06\/users_MyAreaDesign_urban_cactus_urban-cactus-04.jpg\" alt=\"urban-cactus-04\" class=\"wp-image-13048\"\/><figcaption class=\"wp-element-caption\">Photo: \u00a9 Ucx Architects<\/figcaption><\/figure>\n<\/div>","protected":false,"gt_translate_keys":[{"key":"rendered","format":"html"}]},"excerpt":{"rendered":"<p>URBAN CACTUS, progettata dallo studio UCX ARCHITECTS (Ben Huygen and Jasper J\u00e4gers) \u00e8 il risultato di un\u2019analisi commissionata da Vestia ROTTERDAM FEYENOORD \/ ESTRADE PROJECTEN che porta ad un possibile sviluppo a capo della Binnenhaven.<\/p>\n","protected":false,"gt_translate_keys":[{"key":"rendered","format":"html"}]},"author":58,"featured_media":13045,"comment_status":"open","ping_status":"open","sticky":false,"template":"","format":"standard","meta":{"jetpack_post_was_ever_published":false,"_jetpack_newsletter_access":"","_jetpack_dont_email_post_to_subs":false,"_jetpack_newsletter_tier_id":0,"_jetpack_memberships_contains_paywalled_content":false,"_jetpack_memberships_contains_paid_content":false,"footnotes":"","_wpscppro_dont_share_socialmedia":false,"_wpscppro_custom_social_share_image":0,"_facebook_share_type":"","_twitter_share_type":"","_linkedin_share_type":"","_pinterest_share_type":"","_linkedin_share_type_page":"","_instagram_share_type":"","_medium_share_type":"","_threads_share_type":"","_google_business_share_type":"","_selected_social_profile":[],"_wpsp_enable_custom_social_template":false,"_wpsp_social_scheduling":{"enabled":false,"datetime":null,"platforms":[],"status":"template_only","dateOption":"today","timeOption":"now","customDays":"","customHours":"","customDate":"","customTime":"","schedulingType":"absolute"},"_wpsp_active_default_template":true},"categories":[15],"tags":[],"class_list":["post-2223","post","type-post","status-publish","format-standard","has-post-thumbnail","hentry","category-architettura"],"yoast_head":"<!-- This site is optimized with the Yoast SEO plugin v27.2 - https:\/\/yoast.com\/product\/yoast-seo-wordpress\/ -->\n<title>Urban Cactus \/ UCX Architects - Social Design Magazine<\/title>\n<meta name=\"description\" content=\"URBAN CACTUS presenta in un modo ingegnoso una risposta alla crescente domanda di\u00a0spazio di vita di alta qualit\u00e0\u00a0con eccellenti aree al di fuori del centro della citt\u00e0.\" \/>\n<meta name=\"robots\" content=\"index, follow, max-snippet:-1, max-image-preview:large, max-video-preview:-1\" \/>\n<link rel=\"canonical\" href=\"https:\/\/socialdesignmagazine.com\/mag\/architettura\/urban-cactus-ucx-architects\/\" \/>\n<meta property=\"og:locale\" content=\"it_IT\" \/>\n<meta property=\"og:type\" content=\"article\" \/>\n<meta property=\"og:title\" content=\"Urban Cactus \/ UCX Architects - Social Design Magazine\" \/>\n<meta property=\"og:description\" content=\"URBAN CACTUS presenta in un modo ingegnoso una risposta alla crescente domanda di\u00a0spazio di vita di alta qualit\u00e0\u00a0con eccellenti aree al di fuori del centro della citt\u00e0.\" \/>\n<meta property=\"og:url\" content=\"http:\/\/socialdesignmagazine.com\/mag\/architettura\/urban-cactus-ucx-architects\/\" \/>\n<meta property=\"og:site_name\" content=\"Social Design Magazine\" \/>\n<meta property=\"article:publisher\" content=\"https:\/\/www.facebook.com\/socialdesignmag\" \/>\n<meta property=\"article:published_time\" content=\"2013-06-03T13:00:00+00:00\" \/>\n<meta property=\"article:modified_time\" content=\"2024-06-04T20:04:51+00:00\" \/>\n<meta property=\"og:image\" content=\"https:\/\/socialdesignmagazine.com\/mag\/wp-content\/uploads\/2013\/06\/users_MyAreaDesign_urban_cactus_urban-cactus-00.jpg\" \/>\n\t<meta property=\"og:image:width\" content=\"720\" \/>\n\t<meta property=\"og:image:height\" content=\"387\" \/>\n\t<meta property=\"og:image:type\" content=\"image\/jpeg\" \/>\n<meta name=\"author\" content=\"Roberto Francesco Nico\" \/>\n<meta name=\"twitter:card\" content=\"summary_large_image\" \/>\n<meta name=\"twitter:creator\" content=\"@socialdesignmag\" \/>\n<meta name=\"twitter:site\" content=\"@socialdesignmag\" \/>\n<meta name=\"twitter:label1\" content=\"Scritto da\" \/>\n\t<meta name=\"twitter:data1\" content=\"Roberto Francesco Nico\" \/>\n\t<meta name=\"twitter:label2\" content=\"Tempo di lettura stimato\" \/>\n\t<meta name=\"twitter:data2\" content=\"3 minuti\" \/>\n<script type=\"application\/ld+json\" class=\"yoast-schema-graph\">{\"@context\":\"https:\/\/schema.org\",\"@graph\":[{\"@type\":\"Article\",\"@id\":\"https:\/\/socialdesignmagazine.com\/mag\/architettura\/urban-cactus-ucx-architects\/#article\",\"isPartOf\":{\"@id\":\"https:\/\/socialdesignmagazine.com\/mag\/architettura\/urban-cactus-ucx-architects\/\"},\"author\":{\"name\":\"Roberto Francesco Nico\",\"@id\":\"https:\/\/socialdesignmagazine.com\/mag\/#\/schema\/person\/0fca86f1e66f9f784ce47ad63d330bb0\"},\"headline\":\"Urban Cactus \/ UCX Architects\",\"datePublished\":\"2013-06-03T13:00:00+00:00\",\"dateModified\":\"2024-06-04T20:04:51+00:00\",\"mainEntityOfPage\":{\"@id\":\"https:\/\/socialdesignmagazine.com\/mag\/architettura\/urban-cactus-ucx-architects\/\"},\"wordCount\":346,\"commentCount\":0,\"publisher\":{\"@id\":\"https:\/\/socialdesignmagazine.com\/mag\/#organization\"},\"image\":{\"@id\":\"https:\/\/socialdesignmagazine.com\/mag\/architettura\/urban-cactus-ucx-architects\/#primaryimage\"},\"thumbnailUrl\":\"https:\/\/socialdesignmagazine.com\/mag\/wp-content\/uploads\/2013\/06\/users_MyAreaDesign_urban_cactus_urban-cactus-00.jpg\",\"articleSection\":[\"Architettura\"],\"inLanguage\":\"it-IT\",\"potentialAction\":[{\"@type\":\"CommentAction\",\"name\":\"Comment\",\"target\":[\"https:\/\/socialdesignmagazine.com\/mag\/architettura\/urban-cactus-ucx-architects\/#respond\"]}]},{\"@type\":\"WebPage\",\"@id\":\"https:\/\/socialdesignmagazine.com\/mag\/architettura\/urban-cactus-ucx-architects\/\",\"url\":\"https:\/\/socialdesignmagazine.com\/mag\/architettura\/urban-cactus-ucx-architects\/\",\"name\":\"Urban Cactus \/ UCX Architects - Social Design Magazine\",\"isPartOf\":{\"@id\":\"https:\/\/socialdesignmagazine.com\/mag\/#website\"},\"primaryImageOfPage\":{\"@id\":\"https:\/\/socialdesignmagazine.com\/mag\/architettura\/urban-cactus-ucx-architects\/#primaryimage\"},\"image\":{\"@id\":\"https:\/\/socialdesignmagazine.com\/mag\/architettura\/urban-cactus-ucx-architects\/#primaryimage\"},\"thumbnailUrl\":\"https:\/\/socialdesignmagazine.com\/mag\/wp-content\/uploads\/2013\/06\/users_MyAreaDesign_urban_cactus_urban-cactus-00.jpg\",\"datePublished\":\"2013-06-03T13:00:00+00:00\",\"dateModified\":\"2024-06-04T20:04:51+00:00\",\"description\":\"URBAN CACTUS presenta in un modo ingegnoso una risposta alla crescente domanda di\u00a0spazio di vita di alta qualit\u00e0\u00a0con eccellenti aree al di fuori del centro della citt\u00e0.\",\"breadcrumb\":{\"@id\":\"https:\/\/socialdesignmagazine.com\/mag\/architettura\/urban-cactus-ucx-architects\/#breadcrumb\"},\"inLanguage\":\"it-IT\",\"potentialAction\":[{\"@type\":\"ReadAction\",\"target\":[\"https:\/\/socialdesignmagazine.com\/mag\/architettura\/urban-cactus-ucx-architects\/\"]}]},{\"@type\":\"ImageObject\",\"inLanguage\":\"it-IT\",\"@id\":\"https:\/\/socialdesignmagazine.com\/mag\/architettura\/urban-cactus-ucx-architects\/#primaryimage\",\"url\":\"https:\/\/socialdesignmagazine.com\/mag\/wp-content\/uploads\/2013\/06\/users_MyAreaDesign_urban_cactus_urban-cactus-00.jpg\",\"contentUrl\":\"https:\/\/socialdesignmagazine.com\/mag\/wp-content\/uploads\/2013\/06\/users_MyAreaDesign_urban_cactus_urban-cactus-00.jpg\",\"width\":720,\"height\":387,\"caption\":\"urban-cactus-00\"},{\"@type\":\"BreadcrumbList\",\"@id\":\"https:\/\/socialdesignmagazine.com\/mag\/architettura\/urban-cactus-ucx-architects\/#breadcrumb\",\"itemListElement\":[{\"@type\":\"ListItem\",\"position\":1,\"name\":\"Home\",\"item\":\"https:\/\/socialdesignmagazine.com\/mag\/\"},{\"@type\":\"ListItem\",\"position\":2,\"name\":\"Architettura\",\"item\":\"https:\/\/socialdesignmagazine.com\/mag\/architettura\/\"},{\"@type\":\"ListItem\",\"position\":3,\"name\":\"Urban Cactus \/ UCX Architects\"}]},{\"@type\":\"WebSite\",\"@id\":\"https:\/\/socialdesignmagazine.com\/mag\/#website\",\"url\":\"https:\/\/socialdesignmagazine.com\/mag\/\",\"name\":\"Social Design Magazine\",\"description\":\"Social Magazine su Design, Architettura, Arte, Grafica\",\"publisher\":{\"@id\":\"https:\/\/socialdesignmagazine.com\/mag\/#organization\"},\"potentialAction\":[{\"@type\":\"SearchAction\",\"target\":{\"@type\":\"EntryPoint\",\"urlTemplate\":\"https:\/\/socialdesignmagazine.com\/mag\/?s={search_term_string}\"},\"query-input\":{\"@type\":\"PropertyValueSpecification\",\"valueRequired\":true,\"valueName\":\"search_term_string\"}}],\"inLanguage\":\"it-IT\"},{\"@type\":\"Organization\",\"@id\":\"https:\/\/socialdesignmagazine.com\/mag\/#organization\",\"name\":\"Social Design Magazine\",\"url\":\"https:\/\/socialdesignmagazine.com\/mag\/\",\"logo\":{\"@type\":\"ImageObject\",\"inLanguage\":\"it-IT\",\"@id\":\"https:\/\/socialdesignmagazine.com\/mag\/#\/schema\/logo\/image\/\",\"url\":\"https:\/\/socialdesignmagazine.com\/mag\/wp-content\/uploads\/2017\/01\/logo_favicon_11.png\",\"contentUrl\":\"https:\/\/socialdesignmagazine.com\/mag\/wp-content\/uploads\/2017\/01\/logo_favicon_11.png\",\"width\":1024,\"height\":1024,\"caption\":\"Social Design Magazine\"},\"image\":{\"@id\":\"https:\/\/socialdesignmagazine.com\/mag\/#\/schema\/logo\/image\/\"},\"sameAs\":[\"https:\/\/www.facebook.com\/socialdesignmag\",\"https:\/\/x.com\/socialdesignmag\",\"http:\/\/instagram.com\/social_design_magazine\/\",\"http:\/\/pinterest.com\/socialdesignmag\/\",\"http:\/\/www.youtube.com\/user\/socialdesignmagazine\"]},{\"@type\":\"Person\",\"@id\":\"https:\/\/socialdesignmagazine.com\/mag\/#\/schema\/person\/0fca86f1e66f9f784ce47ad63d330bb0\",\"name\":\"Roberto Francesco Nico\",\"image\":{\"@type\":\"ImageObject\",\"inLanguage\":\"it-IT\",\"@id\":\"https:\/\/secure.gravatar.com\/avatar\/522e2650399b9ef9ca1996e09f20984e16a760f33f3043d7cd8a022be29f8414?s=96&d=mm&r=g\",\"url\":\"https:\/\/secure.gravatar.com\/avatar\/522e2650399b9ef9ca1996e09f20984e16a760f33f3043d7cd8a022be29f8414?s=96&d=mm&r=g\",\"contentUrl\":\"https:\/\/secure.gravatar.com\/avatar\/522e2650399b9ef9ca1996e09f20984e16a760f33f3043d7cd8a022be29f8414?s=96&d=mm&r=g\",\"caption\":\"Roberto Francesco Nico\"},\"url\":\"https:\/\/socialdesignmagazine.com\/mag\/author\/arclickdesign-com\/\"}]}<\/script>\n<!-- \/ Yoast SEO plugin. -->","yoast_head_json":{"title":"Urban Cactus \/ UCX Architects - Social Design Magazine","description":"URBAN CACTUS presenta in un modo ingegnoso una risposta alla crescente domanda di\u00a0spazio di vita di alta qualit\u00e0\u00a0con eccellenti aree al di fuori del centro della citt\u00e0.","robots":{"index":"index","follow":"follow","max-snippet":"max-snippet:-1","max-image-preview":"max-image-preview:large","max-video-preview":"max-video-preview:-1"},"canonical":"https:\/\/socialdesignmagazine.com\/mag\/architettura\/urban-cactus-ucx-architects\/","og_locale":"it_IT","og_type":"article","og_title":"Urban Cactus \/ UCX Architects - Social Design Magazine","og_description":"URBAN CACTUS presenta in un modo ingegnoso una risposta alla crescente domanda di\u00a0spazio di vita di alta qualit\u00e0\u00a0con eccellenti aree al di fuori del centro della citt\u00e0.","og_url":"http:\/\/socialdesignmagazine.com\/mag\/architettura\/urban-cactus-ucx-architects\/","og_site_name":"Social Design Magazine","article_publisher":"https:\/\/www.facebook.com\/socialdesignmag","article_published_time":"2013-06-03T13:00:00+00:00","article_modified_time":"2024-06-04T20:04:51+00:00","og_image":[{"width":720,"height":387,"url":"https:\/\/socialdesignmagazine.com\/mag\/wp-content\/uploads\/2013\/06\/users_MyAreaDesign_urban_cactus_urban-cactus-00.jpg","type":"image\/jpeg"}],"author":"Roberto Francesco Nico","twitter_card":"summary_large_image","twitter_creator":"@socialdesignmag","twitter_site":"@socialdesignmag","twitter_misc":{"Scritto da":"Roberto Francesco Nico","Tempo di lettura stimato":"3 minuti"},"schema":{"@context":"https:\/\/schema.org","@graph":[{"@type":"Article","@id":"https:\/\/socialdesignmagazine.com\/mag\/architettura\/urban-cactus-ucx-architects\/#article","isPartOf":{"@id":"https:\/\/socialdesignmagazine.com\/mag\/architettura\/urban-cactus-ucx-architects\/"},"author":{"name":"Roberto Francesco Nico","@id":"https:\/\/socialdesignmagazine.com\/mag\/#\/schema\/person\/0fca86f1e66f9f784ce47ad63d330bb0"},"headline":"Urban Cactus \/ UCX Architects","datePublished":"2013-06-03T13:00:00+00:00","dateModified":"2024-06-04T20:04:51+00:00","mainEntityOfPage":{"@id":"https:\/\/socialdesignmagazine.com\/mag\/architettura\/urban-cactus-ucx-architects\/"},"wordCount":346,"commentCount":0,"publisher":{"@id":"https:\/\/socialdesignmagazine.com\/mag\/#organization"},"image":{"@id":"https:\/\/socialdesignmagazine.com\/mag\/architettura\/urban-cactus-ucx-architects\/#primaryimage"},"thumbnailUrl":"https:\/\/socialdesignmagazine.com\/mag\/wp-content\/uploads\/2013\/06\/users_MyAreaDesign_urban_cactus_urban-cactus-00.jpg","articleSection":["Architettura"],"inLanguage":"it-IT","potentialAction":[{"@type":"CommentAction","name":"Comment","target":["https:\/\/socialdesignmagazine.com\/mag\/architettura\/urban-cactus-ucx-architects\/#respond"]}]},{"@type":"WebPage","@id":"https:\/\/socialdesignmagazine.com\/mag\/architettura\/urban-cactus-ucx-architects\/","url":"https:\/\/socialdesignmagazine.com\/mag\/architettura\/urban-cactus-ucx-architects\/","name":"Urban Cactus \/ UCX Architects - Social Design Magazine","isPartOf":{"@id":"https:\/\/socialdesignmagazine.com\/mag\/#website"},"primaryImageOfPage":{"@id":"https:\/\/socialdesignmagazine.com\/mag\/architettura\/urban-cactus-ucx-architects\/#primaryimage"},"image":{"@id":"https:\/\/socialdesignmagazine.com\/mag\/architettura\/urban-cactus-ucx-architects\/#primaryimage"},"thumbnailUrl":"https:\/\/socialdesignmagazine.com\/mag\/wp-content\/uploads\/2013\/06\/users_MyAreaDesign_urban_cactus_urban-cactus-00.jpg","datePublished":"2013-06-03T13:00:00+00:00","dateModified":"2024-06-04T20:04:51+00:00","description":"URBAN CACTUS presenta in un modo ingegnoso una risposta alla crescente domanda di\u00a0spazio di vita di alta qualit\u00e0\u00a0con eccellenti aree al di fuori del centro della citt\u00e0.","breadcrumb":{"@id":"https:\/\/socialdesignmagazine.com\/mag\/architettura\/urban-cactus-ucx-architects\/#breadcrumb"},"inLanguage":"it-IT","potentialAction":[{"@type":"ReadAction","target":["https:\/\/socialdesignmagazine.com\/mag\/architettura\/urban-cactus-ucx-architects\/"]}]},{"@type":"ImageObject","inLanguage":"it-IT","@id":"https:\/\/socialdesignmagazine.com\/mag\/architettura\/urban-cactus-ucx-architects\/#primaryimage","url":"https:\/\/socialdesignmagazine.com\/mag\/wp-content\/uploads\/2013\/06\/users_MyAreaDesign_urban_cactus_urban-cactus-00.jpg","contentUrl":"https:\/\/socialdesignmagazine.com\/mag\/wp-content\/uploads\/2013\/06\/users_MyAreaDesign_urban_cactus_urban-cactus-00.jpg","width":720,"height":387,"caption":"urban-cactus-00"},{"@type":"BreadcrumbList","@id":"https:\/\/socialdesignmagazine.com\/mag\/architettura\/urban-cactus-ucx-architects\/#breadcrumb","itemListElement":[{"@type":"ListItem","position":1,"name":"Home","item":"https:\/\/socialdesignmagazine.com\/mag\/"},{"@type":"ListItem","position":2,"name":"Architettura","item":"https:\/\/socialdesignmagazine.com\/mag\/architettura\/"},{"@type":"ListItem","position":3,"name":"Urban Cactus \/ UCX Architects"}]},{"@type":"WebSite","@id":"https:\/\/socialdesignmagazine.com\/mag\/#website","url":"https:\/\/socialdesignmagazine.com\/mag\/","name":"Social Design Magazine","description":"Social Magazine su Design, Architettura, Arte, Grafica","publisher":{"@id":"https:\/\/socialdesignmagazine.com\/mag\/#organization"},"potentialAction":[{"@type":"SearchAction","target":{"@type":"EntryPoint","urlTemplate":"https:\/\/socialdesignmagazine.com\/mag\/?s={search_term_string}"},"query-input":{"@type":"PropertyValueSpecification","valueRequired":true,"valueName":"search_term_string"}}],"inLanguage":"it-IT"},{"@type":"Organization","@id":"https:\/\/socialdesignmagazine.com\/mag\/#organization","name":"Social Design Magazine","url":"https:\/\/socialdesignmagazine.com\/mag\/","logo":{"@type":"ImageObject","inLanguage":"it-IT","@id":"https:\/\/socialdesignmagazine.com\/mag\/#\/schema\/logo\/image\/","url":"https:\/\/socialdesignmagazine.com\/mag\/wp-content\/uploads\/2017\/01\/logo_favicon_11.png","contentUrl":"https:\/\/socialdesignmagazine.com\/mag\/wp-content\/uploads\/2017\/01\/logo_favicon_11.png","width":1024,"height":1024,"caption":"Social Design Magazine"},"image":{"@id":"https:\/\/socialdesignmagazine.com\/mag\/#\/schema\/logo\/image\/"},"sameAs":["https:\/\/www.facebook.com\/socialdesignmag","https:\/\/x.com\/socialdesignmag","http:\/\/instagram.com\/social_design_magazine\/","http:\/\/pinterest.com\/socialdesignmag\/","http:\/\/www.youtube.com\/user\/socialdesignmagazine"]},{"@type":"Person","@id":"https:\/\/socialdesignmagazine.com\/mag\/#\/schema\/person\/0fca86f1e66f9f784ce47ad63d330bb0","name":"Roberto Francesco Nico","image":{"@type":"ImageObject","inLanguage":"it-IT","@id":"https:\/\/secure.gravatar.com\/avatar\/522e2650399b9ef9ca1996e09f20984e16a760f33f3043d7cd8a022be29f8414?s=96&d=mm&r=g","url":"https:\/\/secure.gravatar.com\/avatar\/522e2650399b9ef9ca1996e09f20984e16a760f33f3043d7cd8a022be29f8414?s=96&d=mm&r=g","contentUrl":"https:\/\/secure.gravatar.com\/avatar\/522e2650399b9ef9ca1996e09f20984e16a760f33f3043d7cd8a022be29f8414?s=96&d=mm&r=g","caption":"Roberto Francesco Nico"},"url":"https:\/\/socialdesignmagazine.com\/mag\/author\/arclickdesign-com\/"}]}},"jetpack_featured_media_url":"https:\/\/socialdesignmagazine.com\/mag\/wp-content\/uploads\/2013\/06\/users_MyAreaDesign_urban_cactus_urban-cactus-00.jpg","jetpack_sharing_enabled":true,"jetpack_shortlink":"https:\/\/wp.me\/p6cV7V-zR","gt_translate_keys":[{"key":"link","format":"url"}],"_links":{"self":[{"href":"https:\/\/socialdesignmagazine.com\/mag\/wp-json\/wp\/v2\/posts\/2223","targetHints":{"allow":["GET"]}}],"collection":[{"href":"https:\/\/socialdesignmagazine.com\/mag\/wp-json\/wp\/v2\/posts"}],"about":[{"href":"https:\/\/socialdesignmagazine.com\/mag\/wp-json\/wp\/v2\/types\/post"}],"author":[{"embeddable":true,"href":"https:\/\/socialdesignmagazine.com\/mag\/wp-json\/wp\/v2\/users\/58"}],"replies":[{"embeddable":true,"href":"https:\/\/socialdesignmagazine.com\/mag\/wp-json\/wp\/v2\/comments?post=2223"}],"version-history":[{"count":2,"href":"https:\/\/socialdesignmagazine.com\/mag\/wp-json\/wp\/v2\/posts\/2223\/revisions"}],"predecessor-version":[{"id":61795,"href":"https:\/\/socialdesignmagazine.com\/mag\/wp-json\/wp\/v2\/posts\/2223\/revisions\/61795"}],"wp:featuredmedia":[{"embeddable":true,"href":"https:\/\/socialdesignmagazine.com\/mag\/wp-json\/wp\/v2\/media\/13045"}],"wp:attachment":[{"href":"https:\/\/socialdesignmagazine.com\/mag\/wp-json\/wp\/v2\/media?parent=2223"}],"wp:term":[{"taxonomy":"category","embeddable":true,"href":"https:\/\/socialdesignmagazine.com\/mag\/wp-json\/wp\/v2\/categories?post=2223"},{"taxonomy":"post_tag","embeddable":true,"href":"https:\/\/socialdesignmagazine.com\/mag\/wp-json\/wp\/v2\/tags?post=2223"}],"curies":[{"name":"wp","href":"https:\/\/api.w.org\/{rel}","templated":true}]}}