{"id":223,"date":"2011-03-25T11:15:12","date_gmt":"2011-03-25T10:15:12","guid":{"rendered":"https:\/\/socialdesignmagazine.com\/mag\/s6-design\/c35-design\/mind-the-box-hangar-design-group-con-dieffebi-al-fuorisalone-2011\/"},"modified":"2023-10-10T19:58:46","modified_gmt":"2023-10-10T17:58:46","slug":"mind-the-box-hangar-design-group-con-dieffebi-al-fuorisalone-2011","status":"publish","type":"post","link":"https:\/\/socialdesignmagazine.com\/mag\/design\/mind-the-box-hangar-design-group-con-dieffebi-al-fuorisalone-2011\/","title":{"rendered":"MIND THE BOX: HANGAR DESIGN GROUP con DIEFFEBI AL FUORISALONE 2011","gt_translate_keys":[{"key":"rendered","format":"text"}]},"content":{"rendered":"\n<h2 class=\"wp-block-heading\">Si chiama <strong>MIND THE BOX l&#8217;evento Fuorisalone<\/strong> che vede protagonisti <a class=\"jcepopup\" href=\"http:\/\/www.hangar.it\/\" rel=\"nofollow\"><strong>Hangar Design Group<\/strong><\/a> e l&#8217;azienda veneta <strong>Dieffebi<\/strong>.<\/h2>\n\n\n\n<p>Fortemente convinta che il design abbia una componente intrinseca di funzionalit\u00e0, oltre che di piacevolezza estetica,<strong> Dieffebi<\/strong> si affida alla creativit\u00e0 dello studio di progettazione <strong>Hangar Design Group<\/strong> per la realizzazione di un nuovo box, essenziale e tecnologicamente perfetto, in grado di rispondere al bisogno di contaminazione di stili e funzioni proprio di un lifestyle contemporaneo.<\/p>\n\n\n\n<p>La scelta dell\u2019azienda di affidarsi ad uno studio di progettazione dal design minimale, come <strong>Hangar Design Group<\/strong>, conferma l\u2019espressione di un\u2019approfondita cultura del progetto e una costante attenzione alle nuove tendenze. Lo studio milanese dell\u2019agenzia, un vero e proprio<strong> spazio polifunzionale e creativo<\/strong>, rappresenta il contesto naturale per lanciare il nuovo <strong>Dot Box<\/strong>; un ambiente contemporaneo e un allestimento concettuale metteranno in luce l\u2019anima del progetto nelle sue molteplici combinazioni.<\/p>\n\n\n<div class=\"wp-block-image\">\n<figure class=\"aligncenter\"><img loading=\"lazy\" decoding=\"async\" width=\"720\" height=\"358\" data-attachment-id=\"5162\" data-permalink=\"https:\/\/socialdesignmagazine.com\/mag\/design\/mind-the-box-hangar-design-group-con-dieffebi-al-fuorisalone-2011\/attachment\/dot_box_02\/#content\" data-orig-file=\"https:\/\/socialdesignmagazine.com\/mag\/wp-content\/uploads\/2011\/03\/benedetto_mind_the_box_Dot_Box_02.jpg\" data-orig-size=\"720,358\" data-comments-opened=\"1\" data-image-meta=\"{&quot;aperture&quot;:&quot;0&quot;,&quot;credit&quot;:&quot;&quot;,&quot;camera&quot;:&quot;&quot;,&quot;caption&quot;:&quot;&quot;,&quot;created_timestamp&quot;:&quot;0&quot;,&quot;copyright&quot;:&quot;&quot;,&quot;focal_length&quot;:&quot;0&quot;,&quot;iso&quot;:&quot;0&quot;,&quot;shutter_speed&quot;:&quot;0&quot;,&quot;title&quot;:&quot;&quot;,&quot;orientation&quot;:&quot;0&quot;}\" data-image-title=\"Dot_Box_02\" data-image-description=\"\" data-image-caption=\"\" data-medium-file=\"https:\/\/socialdesignmagazine.com\/mag\/wp-content\/uploads\/2011\/03\/benedetto_mind_the_box_Dot_Box_02-396x256.jpg\" data-large-file=\"https:\/\/socialdesignmagazine.com\/mag\/wp-content\/uploads\/2011\/03\/benedetto_mind_the_box_Dot_Box_02.jpg\" src=\"https:\/\/socialdesignmagazine.com\/mag\/wp-content\/uploads\/2011\/03\/benedetto_mind_the_box_Dot_Box_02.jpg\" alt=\"Dot_Box_02\" class=\"wp-image-5162\"\/><\/figure>\n<\/div>\n\n\n<p>Ecco i dettagli dell&#8217;evento:<\/p>\n\n\n\n<p><strong>MIND THE BOX<\/strong><br><strong>c\/o Hangar Design Group<\/strong><br>Via Saffi 26, Milano<br>12-15 aprile 2011, ore 11-18<br>Tram 16, 19 MM1 Conciliazione<\/p>\n\n\n\n<p><strong>cocktail DESIGN IS MY SPIRIT<\/strong><br>gioved\u00ec 14 aprile ore 19<br>con la partecipazione di:<br><strong>Distilleria Nardini <\/strong>\/ liquor<br><strong>Ferrarelle<\/strong> \/ water<br><strong>Faotto-Bottignolo<\/strong> \/ wine<\/p>\n","protected":false,"gt_translate_keys":[{"key":"rendered","format":"html"}]},"excerpt":{"rendered":"<p>Si chiama MIND THE BOX l&#8217;evento Fuorisalone che vede protagonisti Hangar Design Group e l&#8217;azienda veneta Dieffebi.<\/p>\n","protected":false,"gt_translate_keys":[{"key":"rendered","format":"html"}]},"author":1,"featured_media":5161,"comment_status":"open","ping_status":"open","sticky":false,"template":"","format":"standard","meta":{"jetpack_post_was_ever_published":false,"_jetpack_newsletter_access":"","_jetpack_dont_email_post_to_subs":false,"_jetpack_newsletter_tier_id":0,"_jetpack_memberships_contains_paywalled_content":false,"_jetpack_memberships_contains_paid_content":false,"footnotes":"","_wpscppro_dont_share_socialmedia":false,"_wpscppro_custom_social_share_image":0,"_facebook_share_type":"","_twitter_share_type":"","_linkedin_share_type":"","_pinterest_share_type":"","_linkedin_share_type_page":"","_instagram_share_type":"","_medium_share_type":"","_threads_share_type":"","_google_business_share_type":"","_selected_social_profile":[],"_wpsp_enable_custom_social_template":false,"_wpsp_social_scheduling":{"enabled":false,"datetime":null,"platforms":[],"status":"template_only","dateOption":"today","timeOption":"now","customDays":"","customHours":"","customDate":"","customTime":"","schedulingType":"absolute"},"_wpsp_active_default_template":true},"categories":[13],"tags":[1066,1069,1068,181,898],"class_list":["post-223","post","type-post","status-publish","format-standard","has-post-thumbnail","hentry","category-design","tag-dieffebi","tag-fuorisalone-2011","tag-hangar-design-group","tag-milano","tag-salone-del-mobile-2011-milano"],"yoast_head":"<!-- This site is optimized with the Yoast SEO plugin v27.2 - https:\/\/yoast.com\/product\/yoast-seo-wordpress\/ -->\n<title>MIND THE BOX: HANGAR DESIGN GROUP con DIEFFEBI AL FUORISALONE 2011 - Social Design Magazine<\/title>\n<meta name=\"description\" content=\"Si chiama MIND THE BOX l&#039;evento Fuorisalone che vede protagonisti Hangar Design Group e l&#039;azienda veneta Dieffebi.\" \/>\n<meta name=\"robots\" content=\"index, follow, max-snippet:-1, max-image-preview:large, max-video-preview:-1\" \/>\n<link rel=\"canonical\" href=\"https:\/\/socialdesignmagazine.com\/mag\/design\/mind-the-box-hangar-design-group-con-dieffebi-al-fuorisalone-2011\/\" \/>\n<meta property=\"og:locale\" content=\"it_IT\" \/>\n<meta property=\"og:type\" content=\"article\" \/>\n<meta property=\"og:title\" content=\"MIND THE BOX: HANGAR DESIGN GROUP con DIEFFEBI AL FUORISALONE 2011 - Social Design Magazine\" \/>\n<meta property=\"og:description\" content=\"Si chiama MIND THE BOX l&#039;evento Fuorisalone che vede protagonisti Hangar Design Group e l&#039;azienda veneta Dieffebi.\" \/>\n<meta property=\"og:url\" content=\"http:\/\/socialdesignmagazine.com\/mag\/design\/mind-the-box-hangar-design-group-con-dieffebi-al-fuorisalone-2011\/\" \/>\n<meta property=\"og:site_name\" content=\"Social Design Magazine\" \/>\n<meta property=\"article:publisher\" content=\"https:\/\/www.facebook.com\/socialdesignmag\" \/>\n<meta property=\"article:author\" content=\"https:\/\/www.facebook.com\/benedettofiori\" \/>\n<meta property=\"article:published_time\" content=\"2011-03-25T10:15:12+00:00\" \/>\n<meta property=\"article:modified_time\" content=\"2023-10-10T17:58:46+00:00\" \/>\n<meta property=\"og:image\" content=\"https:\/\/socialdesignmagazine.com\/mag\/wp-content\/uploads\/2011\/03\/benedetto_mind_the_box_MIND-THE-BOX-2.jpg\" \/>\n\t<meta property=\"og:image:width\" content=\"720\" \/>\n\t<meta property=\"og:image:height\" content=\"479\" \/>\n\t<meta property=\"og:image:type\" content=\"image\/jpeg\" \/>\n<meta name=\"author\" content=\"Benedetto Fiori\" \/>\n<meta name=\"twitter:card\" content=\"summary_large_image\" \/>\n<meta name=\"twitter:creator\" content=\"@benedettofiori\" \/>\n<meta name=\"twitter:site\" content=\"@socialdesignmag\" \/>\n<meta name=\"twitter:label1\" content=\"Scritto da\" \/>\n\t<meta name=\"twitter:data1\" content=\"Benedetto Fiori\" \/>\n\t<meta name=\"twitter:label2\" content=\"Tempo di lettura stimato\" \/>\n\t<meta name=\"twitter:data2\" content=\"2 minuti\" \/>\n<script type=\"application\/ld+json\" class=\"yoast-schema-graph\">{\"@context\":\"https:\/\/schema.org\",\"@graph\":[{\"@type\":\"Article\",\"@id\":\"https:\/\/socialdesignmagazine.com\/mag\/design\/mind-the-box-hangar-design-group-con-dieffebi-al-fuorisalone-2011\/#article\",\"isPartOf\":{\"@id\":\"https:\/\/socialdesignmagazine.com\/mag\/design\/mind-the-box-hangar-design-group-con-dieffebi-al-fuorisalone-2011\/\"},\"author\":{\"name\":\"Benedetto Fiori\",\"@id\":\"https:\/\/socialdesignmagazine.com\/mag\/#\/schema\/person\/61e20205cc363c315e6aabd33a045846\"},\"headline\":\"MIND THE BOX: HANGAR DESIGN GROUP con DIEFFEBI AL FUORISALONE 2011\",\"datePublished\":\"2011-03-25T10:15:12+00:00\",\"dateModified\":\"2023-10-10T17:58:46+00:00\",\"mainEntityOfPage\":{\"@id\":\"https:\/\/socialdesignmagazine.com\/mag\/design\/mind-the-box-hangar-design-group-con-dieffebi-al-fuorisalone-2011\/\"},\"wordCount\":202,\"commentCount\":0,\"publisher\":{\"@id\":\"https:\/\/socialdesignmagazine.com\/mag\/#organization\"},\"image\":{\"@id\":\"https:\/\/socialdesignmagazine.com\/mag\/design\/mind-the-box-hangar-design-group-con-dieffebi-al-fuorisalone-2011\/#primaryimage\"},\"thumbnailUrl\":\"https:\/\/socialdesignmagazine.com\/mag\/wp-content\/uploads\/2011\/03\/benedetto_mind_the_box_MIND-THE-BOX-2.jpg\",\"keywords\":[\"dieffebi\",\"fuorisalone 2011\",\"hangar design group\",\"milano\",\"salone del mobile 2011 milano\"],\"articleSection\":[\"Design\"],\"inLanguage\":\"it-IT\",\"potentialAction\":[{\"@type\":\"CommentAction\",\"name\":\"Comment\",\"target\":[\"https:\/\/socialdesignmagazine.com\/mag\/design\/mind-the-box-hangar-design-group-con-dieffebi-al-fuorisalone-2011\/#respond\"]}]},{\"@type\":\"WebPage\",\"@id\":\"https:\/\/socialdesignmagazine.com\/mag\/design\/mind-the-box-hangar-design-group-con-dieffebi-al-fuorisalone-2011\/\",\"url\":\"https:\/\/socialdesignmagazine.com\/mag\/design\/mind-the-box-hangar-design-group-con-dieffebi-al-fuorisalone-2011\/\",\"name\":\"MIND THE BOX: HANGAR DESIGN GROUP con DIEFFEBI AL FUORISALONE 2011 - Social Design Magazine\",\"isPartOf\":{\"@id\":\"https:\/\/socialdesignmagazine.com\/mag\/#website\"},\"primaryImageOfPage\":{\"@id\":\"https:\/\/socialdesignmagazine.com\/mag\/design\/mind-the-box-hangar-design-group-con-dieffebi-al-fuorisalone-2011\/#primaryimage\"},\"image\":{\"@id\":\"https:\/\/socialdesignmagazine.com\/mag\/design\/mind-the-box-hangar-design-group-con-dieffebi-al-fuorisalone-2011\/#primaryimage\"},\"thumbnailUrl\":\"https:\/\/socialdesignmagazine.com\/mag\/wp-content\/uploads\/2011\/03\/benedetto_mind_the_box_MIND-THE-BOX-2.jpg\",\"datePublished\":\"2011-03-25T10:15:12+00:00\",\"dateModified\":\"2023-10-10T17:58:46+00:00\",\"description\":\"Si chiama MIND THE BOX l'evento Fuorisalone che vede protagonisti Hangar Design Group e l'azienda veneta Dieffebi.\",\"breadcrumb\":{\"@id\":\"https:\/\/socialdesignmagazine.com\/mag\/design\/mind-the-box-hangar-design-group-con-dieffebi-al-fuorisalone-2011\/#breadcrumb\"},\"inLanguage\":\"it-IT\",\"potentialAction\":[{\"@type\":\"ReadAction\",\"target\":[\"https:\/\/socialdesignmagazine.com\/mag\/design\/mind-the-box-hangar-design-group-con-dieffebi-al-fuorisalone-2011\/\"]}]},{\"@type\":\"ImageObject\",\"inLanguage\":\"it-IT\",\"@id\":\"https:\/\/socialdesignmagazine.com\/mag\/design\/mind-the-box-hangar-design-group-con-dieffebi-al-fuorisalone-2011\/#primaryimage\",\"url\":\"https:\/\/socialdesignmagazine.com\/mag\/wp-content\/uploads\/2011\/03\/benedetto_mind_the_box_MIND-THE-BOX-2.jpg\",\"contentUrl\":\"https:\/\/socialdesignmagazine.com\/mag\/wp-content\/uploads\/2011\/03\/benedetto_mind_the_box_MIND-THE-BOX-2.jpg\",\"width\":720,\"height\":479,\"caption\":\"MIND-THE-BOX-2\"},{\"@type\":\"BreadcrumbList\",\"@id\":\"https:\/\/socialdesignmagazine.com\/mag\/design\/mind-the-box-hangar-design-group-con-dieffebi-al-fuorisalone-2011\/#breadcrumb\",\"itemListElement\":[{\"@type\":\"ListItem\",\"position\":1,\"name\":\"Home\",\"item\":\"https:\/\/socialdesignmagazine.com\/mag\/\"},{\"@type\":\"ListItem\",\"position\":2,\"name\":\"Design\",\"item\":\"https:\/\/socialdesignmagazine.com\/mag\/design\/\"},{\"@type\":\"ListItem\",\"position\":3,\"name\":\"MIND THE BOX: HANGAR DESIGN GROUP con DIEFFEBI AL FUORISALONE 2011\"}]},{\"@type\":\"WebSite\",\"@id\":\"https:\/\/socialdesignmagazine.com\/mag\/#website\",\"url\":\"https:\/\/socialdesignmagazine.com\/mag\/\",\"name\":\"Social Design Magazine\",\"description\":\"Social Magazine su Design, Architettura, Arte, Grafica\",\"publisher\":{\"@id\":\"https:\/\/socialdesignmagazine.com\/mag\/#organization\"},\"potentialAction\":[{\"@type\":\"SearchAction\",\"target\":{\"@type\":\"EntryPoint\",\"urlTemplate\":\"https:\/\/socialdesignmagazine.com\/mag\/?s={search_term_string}\"},\"query-input\":{\"@type\":\"PropertyValueSpecification\",\"valueRequired\":true,\"valueName\":\"search_term_string\"}}],\"inLanguage\":\"it-IT\"},{\"@type\":\"Organization\",\"@id\":\"https:\/\/socialdesignmagazine.com\/mag\/#organization\",\"name\":\"Social Design Magazine\",\"url\":\"https:\/\/socialdesignmagazine.com\/mag\/\",\"logo\":{\"@type\":\"ImageObject\",\"inLanguage\":\"it-IT\",\"@id\":\"https:\/\/socialdesignmagazine.com\/mag\/#\/schema\/logo\/image\/\",\"url\":\"https:\/\/socialdesignmagazine.com\/mag\/wp-content\/uploads\/2017\/01\/logo_favicon_11.png\",\"contentUrl\":\"https:\/\/socialdesignmagazine.com\/mag\/wp-content\/uploads\/2017\/01\/logo_favicon_11.png\",\"width\":1024,\"height\":1024,\"caption\":\"Social Design Magazine\"},\"image\":{\"@id\":\"https:\/\/socialdesignmagazine.com\/mag\/#\/schema\/logo\/image\/\"},\"sameAs\":[\"https:\/\/www.facebook.com\/socialdesignmag\",\"https:\/\/x.com\/socialdesignmag\",\"http:\/\/instagram.com\/social_design_magazine\/\",\"http:\/\/pinterest.com\/socialdesignmag\/\",\"http:\/\/www.youtube.com\/user\/socialdesignmagazine\"]},{\"@type\":\"Person\",\"@id\":\"https:\/\/socialdesignmagazine.com\/mag\/#\/schema\/person\/61e20205cc363c315e6aabd33a045846\",\"name\":\"Benedetto Fiori\",\"image\":{\"@type\":\"ImageObject\",\"inLanguage\":\"it-IT\",\"@id\":\"https:\/\/secure.gravatar.com\/avatar\/450a48cefa36da63d920ad70aa660bd10725b1c6093800242e5efdb397759033?s=96&d=mm&r=g\",\"url\":\"https:\/\/secure.gravatar.com\/avatar\/450a48cefa36da63d920ad70aa660bd10725b1c6093800242e5efdb397759033?s=96&d=mm&r=g\",\"contentUrl\":\"https:\/\/secure.gravatar.com\/avatar\/450a48cefa36da63d920ad70aa660bd10725b1c6093800242e5efdb397759033?s=96&d=mm&r=g\",\"caption\":\"Benedetto Fiori\"},\"description\":\"Web | Twitter | Facebook | Shutterstock Founder &amp; Editor in Chief di Social Design Magazine. Attratto da sempre da tutto ci\u00f2 che \u00e8 creativit\u00e0, design, architettura. Dopo aver studiato Architettura all'Universit\u00e0 di Firenze, si \u00e8 impegnato in molteplici campi: comunicazione grafica, progettazione di allestimenti fieristici, brand design, Interior Design.\",\"sameAs\":[\"http:\/\/benedettofiori.com\",\"https:\/\/www.facebook.com\/benedettofiori\",\"https:\/\/x.com\/benedettofiori\"],\"url\":\"https:\/\/socialdesignmagazine.com\/mag\/author\/benedetto\/\"}]}<\/script>\n<!-- \/ Yoast SEO plugin. -->","yoast_head_json":{"title":"MIND THE BOX: HANGAR DESIGN GROUP con DIEFFEBI AL FUORISALONE 2011 - Social Design Magazine","description":"Si chiama MIND THE BOX l'evento Fuorisalone che vede protagonisti Hangar Design Group e l'azienda veneta Dieffebi.","robots":{"index":"index","follow":"follow","max-snippet":"max-snippet:-1","max-image-preview":"max-image-preview:large","max-video-preview":"max-video-preview:-1"},"canonical":"https:\/\/socialdesignmagazine.com\/mag\/design\/mind-the-box-hangar-design-group-con-dieffebi-al-fuorisalone-2011\/","og_locale":"it_IT","og_type":"article","og_title":"MIND THE BOX: HANGAR DESIGN GROUP con DIEFFEBI AL FUORISALONE 2011 - Social Design Magazine","og_description":"Si chiama MIND THE BOX l'evento Fuorisalone che vede protagonisti Hangar Design Group e l'azienda veneta Dieffebi.","og_url":"http:\/\/socialdesignmagazine.com\/mag\/design\/mind-the-box-hangar-design-group-con-dieffebi-al-fuorisalone-2011\/","og_site_name":"Social Design Magazine","article_publisher":"https:\/\/www.facebook.com\/socialdesignmag","article_author":"https:\/\/www.facebook.com\/benedettofiori","article_published_time":"2011-03-25T10:15:12+00:00","article_modified_time":"2023-10-10T17:58:46+00:00","og_image":[{"width":720,"height":479,"url":"https:\/\/socialdesignmagazine.com\/mag\/wp-content\/uploads\/2011\/03\/benedetto_mind_the_box_MIND-THE-BOX-2.jpg","type":"image\/jpeg"}],"author":"Benedetto Fiori","twitter_card":"summary_large_image","twitter_creator":"@benedettofiori","twitter_site":"@socialdesignmag","twitter_misc":{"Scritto da":"Benedetto Fiori","Tempo di lettura stimato":"2 minuti"},"schema":{"@context":"https:\/\/schema.org","@graph":[{"@type":"Article","@id":"https:\/\/socialdesignmagazine.com\/mag\/design\/mind-the-box-hangar-design-group-con-dieffebi-al-fuorisalone-2011\/#article","isPartOf":{"@id":"https:\/\/socialdesignmagazine.com\/mag\/design\/mind-the-box-hangar-design-group-con-dieffebi-al-fuorisalone-2011\/"},"author":{"name":"Benedetto Fiori","@id":"https:\/\/socialdesignmagazine.com\/mag\/#\/schema\/person\/61e20205cc363c315e6aabd33a045846"},"headline":"MIND THE BOX: HANGAR DESIGN GROUP con DIEFFEBI AL FUORISALONE 2011","datePublished":"2011-03-25T10:15:12+00:00","dateModified":"2023-10-10T17:58:46+00:00","mainEntityOfPage":{"@id":"https:\/\/socialdesignmagazine.com\/mag\/design\/mind-the-box-hangar-design-group-con-dieffebi-al-fuorisalone-2011\/"},"wordCount":202,"commentCount":0,"publisher":{"@id":"https:\/\/socialdesignmagazine.com\/mag\/#organization"},"image":{"@id":"https:\/\/socialdesignmagazine.com\/mag\/design\/mind-the-box-hangar-design-group-con-dieffebi-al-fuorisalone-2011\/#primaryimage"},"thumbnailUrl":"https:\/\/socialdesignmagazine.com\/mag\/wp-content\/uploads\/2011\/03\/benedetto_mind_the_box_MIND-THE-BOX-2.jpg","keywords":["dieffebi","fuorisalone 2011","hangar design group","milano","salone del mobile 2011 milano"],"articleSection":["Design"],"inLanguage":"it-IT","potentialAction":[{"@type":"CommentAction","name":"Comment","target":["https:\/\/socialdesignmagazine.com\/mag\/design\/mind-the-box-hangar-design-group-con-dieffebi-al-fuorisalone-2011\/#respond"]}]},{"@type":"WebPage","@id":"https:\/\/socialdesignmagazine.com\/mag\/design\/mind-the-box-hangar-design-group-con-dieffebi-al-fuorisalone-2011\/","url":"https:\/\/socialdesignmagazine.com\/mag\/design\/mind-the-box-hangar-design-group-con-dieffebi-al-fuorisalone-2011\/","name":"MIND THE BOX: HANGAR DESIGN GROUP con DIEFFEBI AL FUORISALONE 2011 - Social Design Magazine","isPartOf":{"@id":"https:\/\/socialdesignmagazine.com\/mag\/#website"},"primaryImageOfPage":{"@id":"https:\/\/socialdesignmagazine.com\/mag\/design\/mind-the-box-hangar-design-group-con-dieffebi-al-fuorisalone-2011\/#primaryimage"},"image":{"@id":"https:\/\/socialdesignmagazine.com\/mag\/design\/mind-the-box-hangar-design-group-con-dieffebi-al-fuorisalone-2011\/#primaryimage"},"thumbnailUrl":"https:\/\/socialdesignmagazine.com\/mag\/wp-content\/uploads\/2011\/03\/benedetto_mind_the_box_MIND-THE-BOX-2.jpg","datePublished":"2011-03-25T10:15:12+00:00","dateModified":"2023-10-10T17:58:46+00:00","description":"Si chiama MIND THE BOX l'evento Fuorisalone che vede protagonisti Hangar Design Group e l'azienda veneta Dieffebi.","breadcrumb":{"@id":"https:\/\/socialdesignmagazine.com\/mag\/design\/mind-the-box-hangar-design-group-con-dieffebi-al-fuorisalone-2011\/#breadcrumb"},"inLanguage":"it-IT","potentialAction":[{"@type":"ReadAction","target":["https:\/\/socialdesignmagazine.com\/mag\/design\/mind-the-box-hangar-design-group-con-dieffebi-al-fuorisalone-2011\/"]}]},{"@type":"ImageObject","inLanguage":"it-IT","@id":"https:\/\/socialdesignmagazine.com\/mag\/design\/mind-the-box-hangar-design-group-con-dieffebi-al-fuorisalone-2011\/#primaryimage","url":"https:\/\/socialdesignmagazine.com\/mag\/wp-content\/uploads\/2011\/03\/benedetto_mind_the_box_MIND-THE-BOX-2.jpg","contentUrl":"https:\/\/socialdesignmagazine.com\/mag\/wp-content\/uploads\/2011\/03\/benedetto_mind_the_box_MIND-THE-BOX-2.jpg","width":720,"height":479,"caption":"MIND-THE-BOX-2"},{"@type":"BreadcrumbList","@id":"https:\/\/socialdesignmagazine.com\/mag\/design\/mind-the-box-hangar-design-group-con-dieffebi-al-fuorisalone-2011\/#breadcrumb","itemListElement":[{"@type":"ListItem","position":1,"name":"Home","item":"https:\/\/socialdesignmagazine.com\/mag\/"},{"@type":"ListItem","position":2,"name":"Design","item":"https:\/\/socialdesignmagazine.com\/mag\/design\/"},{"@type":"ListItem","position":3,"name":"MIND THE BOX: HANGAR DESIGN GROUP con DIEFFEBI AL FUORISALONE 2011"}]},{"@type":"WebSite","@id":"https:\/\/socialdesignmagazine.com\/mag\/#website","url":"https:\/\/socialdesignmagazine.com\/mag\/","name":"Social Design Magazine","description":"Social Magazine su Design, Architettura, Arte, Grafica","publisher":{"@id":"https:\/\/socialdesignmagazine.com\/mag\/#organization"},"potentialAction":[{"@type":"SearchAction","target":{"@type":"EntryPoint","urlTemplate":"https:\/\/socialdesignmagazine.com\/mag\/?s={search_term_string}"},"query-input":{"@type":"PropertyValueSpecification","valueRequired":true,"valueName":"search_term_string"}}],"inLanguage":"it-IT"},{"@type":"Organization","@id":"https:\/\/socialdesignmagazine.com\/mag\/#organization","name":"Social Design Magazine","url":"https:\/\/socialdesignmagazine.com\/mag\/","logo":{"@type":"ImageObject","inLanguage":"it-IT","@id":"https:\/\/socialdesignmagazine.com\/mag\/#\/schema\/logo\/image\/","url":"https:\/\/socialdesignmagazine.com\/mag\/wp-content\/uploads\/2017\/01\/logo_favicon_11.png","contentUrl":"https:\/\/socialdesignmagazine.com\/mag\/wp-content\/uploads\/2017\/01\/logo_favicon_11.png","width":1024,"height":1024,"caption":"Social Design Magazine"},"image":{"@id":"https:\/\/socialdesignmagazine.com\/mag\/#\/schema\/logo\/image\/"},"sameAs":["https:\/\/www.facebook.com\/socialdesignmag","https:\/\/x.com\/socialdesignmag","http:\/\/instagram.com\/social_design_magazine\/","http:\/\/pinterest.com\/socialdesignmag\/","http:\/\/www.youtube.com\/user\/socialdesignmagazine"]},{"@type":"Person","@id":"https:\/\/socialdesignmagazine.com\/mag\/#\/schema\/person\/61e20205cc363c315e6aabd33a045846","name":"Benedetto Fiori","image":{"@type":"ImageObject","inLanguage":"it-IT","@id":"https:\/\/secure.gravatar.com\/avatar\/450a48cefa36da63d920ad70aa660bd10725b1c6093800242e5efdb397759033?s=96&d=mm&r=g","url":"https:\/\/secure.gravatar.com\/avatar\/450a48cefa36da63d920ad70aa660bd10725b1c6093800242e5efdb397759033?s=96&d=mm&r=g","contentUrl":"https:\/\/secure.gravatar.com\/avatar\/450a48cefa36da63d920ad70aa660bd10725b1c6093800242e5efdb397759033?s=96&d=mm&r=g","caption":"Benedetto Fiori"},"description":"Web | Twitter | Facebook | Shutterstock Founder &amp; Editor in Chief di Social Design Magazine. Attratto da sempre da tutto ci\u00f2 che \u00e8 creativit\u00e0, design, architettura. Dopo aver studiato Architettura all'Universit\u00e0 di Firenze, si \u00e8 impegnato in molteplici campi: comunicazione grafica, progettazione di allestimenti fieristici, brand design, Interior Design.","sameAs":["http:\/\/benedettofiori.com","https:\/\/www.facebook.com\/benedettofiori","https:\/\/x.com\/benedettofiori"],"url":"https:\/\/socialdesignmagazine.com\/mag\/author\/benedetto\/"}]}},"jetpack_featured_media_url":"https:\/\/socialdesignmagazine.com\/mag\/wp-content\/uploads\/2011\/03\/benedetto_mind_the_box_MIND-THE-BOX-2.jpg","jetpack_sharing_enabled":true,"jetpack_shortlink":"https:\/\/wp.me\/p6cV7V-3B","gt_translate_keys":[{"key":"link","format":"url"}],"_links":{"self":[{"href":"https:\/\/socialdesignmagazine.com\/mag\/wp-json\/wp\/v2\/posts\/223","targetHints":{"allow":["GET"]}}],"collection":[{"href":"https:\/\/socialdesignmagazine.com\/mag\/wp-json\/wp\/v2\/posts"}],"about":[{"href":"https:\/\/socialdesignmagazine.com\/mag\/wp-json\/wp\/v2\/types\/post"}],"author":[{"embeddable":true,"href":"https:\/\/socialdesignmagazine.com\/mag\/wp-json\/wp\/v2\/users\/1"}],"replies":[{"embeddable":true,"href":"https:\/\/socialdesignmagazine.com\/mag\/wp-json\/wp\/v2\/comments?post=223"}],"version-history":[{"count":1,"href":"https:\/\/socialdesignmagazine.com\/mag\/wp-json\/wp\/v2\/posts\/223\/revisions"}],"predecessor-version":[{"id":57407,"href":"https:\/\/socialdesignmagazine.com\/mag\/wp-json\/wp\/v2\/posts\/223\/revisions\/57407"}],"wp:featuredmedia":[{"embeddable":true,"href":"https:\/\/socialdesignmagazine.com\/mag\/wp-json\/wp\/v2\/media\/5161"}],"wp:attachment":[{"href":"https:\/\/socialdesignmagazine.com\/mag\/wp-json\/wp\/v2\/media?parent=223"}],"wp:term":[{"taxonomy":"category","embeddable":true,"href":"https:\/\/socialdesignmagazine.com\/mag\/wp-json\/wp\/v2\/categories?post=223"},{"taxonomy":"post_tag","embeddable":true,"href":"https:\/\/socialdesignmagazine.com\/mag\/wp-json\/wp\/v2\/tags?post=223"}],"curies":[{"name":"wp","href":"https:\/\/api.w.org\/{rel}","templated":true}]}}