{"id":2261,"date":"2013-06-28T16:00:00","date_gmt":"2013-06-28T14:00:00","guid":{"rendered":"https:\/\/socialdesignmagazine.com\/mag\/s7-grafica\/c36-grafica\/moving-norman-foster-on-art\/"},"modified":"2024-06-13T22:07:08","modified_gmt":"2024-06-13T20:07:08","slug":"moving-norman-foster-on-art","status":"publish","type":"post","link":"https:\/\/socialdesignmagazine.com\/mag\/grafica\/moving-norman-foster-on-art\/","title":{"rendered":"Moving &#8211; Norman Foster on Art","gt_translate_keys":[{"key":"rendered","format":"text"}]},"content":{"rendered":"\n<p>Norman Foster progett\u00f2 il Carr\u00e9 d&#8217;Art di N\u00eemes pi\u00f9 di 20 anni fa e celebra ora un ritorno spettacolare nel sud della Francia con &#8220;Moving &#8211; Norman Foster on Art&#8221;, una mostra che ha curato di persona per celebrare il 20\u00b0 anniversario del museo.<\/p>\n\n\n\n<p>Il libro, dallo stesso titolo, va ben oltre il consueto catalogo: \u00e8 piuttosto la profonda analisi della mente di un appassionato collezionista attraverso la giustapposizione di opere d&#8217;arte, storiche e contemporanee, in parallelo ad aviazione e ingegneria automobilistica cos\u00ec come una esplorazione del rapporto che intercorre tra arte e architettura.<\/p>\n\n\n<div class=\"wp-block-image\">\n<figure class=\"aligncenter\"><img loading=\"lazy\" decoding=\"async\" width=\"720\" height=\"405\" data-attachment-id=\"13274\" data-permalink=\"https:\/\/socialdesignmagazine.com\/mag\/grafica\/moving-norman-foster-on-art\/attachment\/moving-norman-foster-on-art-pagine\/#content\" data-orig-file=\"https:\/\/socialdesignmagazine.com\/mag\/wp-content\/uploads\/2013\/06\/users_ecorzani_Moving-05.jpg\" data-orig-size=\"720,405\" data-comments-opened=\"1\" data-image-meta=\"{&quot;aperture&quot;:&quot;0&quot;,&quot;credit&quot;:&quot;&quot;,&quot;camera&quot;:&quot;&quot;,&quot;caption&quot;:&quot;&quot;,&quot;created_timestamp&quot;:&quot;0&quot;,&quot;copyright&quot;:&quot;&quot;,&quot;focal_length&quot;:&quot;0&quot;,&quot;iso&quot;:&quot;0&quot;,&quot;shutter_speed&quot;:&quot;0&quot;,&quot;title&quot;:&quot;&quot;,&quot;orientation&quot;:&quot;1&quot;}\" data-image-title=\"Moving &amp;#8211; Norman Foster on Art, pagine\" data-image-description=\"\" data-image-caption=\"\" data-medium-file=\"https:\/\/socialdesignmagazine.com\/mag\/wp-content\/uploads\/2013\/06\/users_ecorzani_Moving-05-396x256.jpg\" data-large-file=\"https:\/\/socialdesignmagazine.com\/mag\/wp-content\/uploads\/2013\/06\/users_ecorzani_Moving-05.jpg\" src=\"https:\/\/socialdesignmagazine.com\/mag\/wp-content\/uploads\/2013\/06\/users_ecorzani_Moving-05.jpg\" alt=\"Moving - Norman Foster on Art, pagine\" class=\"wp-image-13274\"\/><\/figure>\n<\/div>\n\n\n<p>Il design della pubblicazione esalta una siffatta raccolta di idee e di osservazioni attraverso una selezione attentamente orchestrata di materiali e finiture.<\/p>\n\n\n\n<p><a target=\"_blank\" class=\"jcepopup\" rel=\"nofollow noopener\" href=\"http:\/\/www.manss.com\/it\/progetto\/moving-norman-foster-art\">Design by Thomas Manss &amp; Company<\/a><\/p>\n","protected":false,"gt_translate_keys":[{"key":"rendered","format":"html"}]},"excerpt":{"rendered":"<p>Norman Foster progett\u00f2 il Carr\u00e9 d&#8217;Art di N\u00eemes pi\u00f9 di 20 anni fa e celebra ora un ritorno spettacolare nel sud della Francia con &#8220;Moving &#8211; Norman Foster on Art&#8221;, una mostra che ha curato di persona per celebrare il 20\u00b0 anniversario del museo.<\/p>\n","protected":false,"gt_translate_keys":[{"key":"rendered","format":"html"}]},"author":97,"featured_media":13273,"comment_status":"open","ping_status":"open","sticky":false,"template":"","format":"standard","meta":{"jetpack_post_was_ever_published":false,"_jetpack_newsletter_access":"","_jetpack_dont_email_post_to_subs":false,"_jetpack_newsletter_tier_id":0,"_jetpack_memberships_contains_paywalled_content":false,"_jetpack_memberships_contains_paid_content":false,"footnotes":"","_wpscppro_dont_share_socialmedia":false,"_wpscppro_custom_social_share_image":0,"_facebook_share_type":"","_twitter_share_type":"","_linkedin_share_type":"","_pinterest_share_type":"","_linkedin_share_type_page":"","_instagram_share_type":"","_medium_share_type":"","_threads_share_type":"","_google_business_share_type":"","_selected_social_profile":[],"_wpsp_enable_custom_social_template":false,"_wpsp_social_scheduling":{"enabled":false,"datetime":null,"platforms":[],"status":"template_only","dateOption":"today","timeOption":"now","customDays":"","customHours":"","customDate":"","customTime":"","schedulingType":"absolute"},"_wpsp_active_default_template":true},"categories":[14],"tags":[538],"class_list":["post-2261","post","type-post","status-publish","format-standard","has-post-thumbnail","hentry","category-grafica","tag-libri"],"yoast_head":"<!-- This site is optimized with the Yoast SEO plugin v27.2 - https:\/\/yoast.com\/product\/yoast-seo-wordpress\/ -->\n<title>Moving - Norman Foster on Art - Social Design Magazine<\/title>\n<meta name=\"description\" content=\"Moving - Norman Foster on Art, volume dedicato all&#039;omonima mostra presso Carr\u00e9 d&#039;Art di N\u00eemes.\" \/>\n<meta name=\"robots\" content=\"index, follow, max-snippet:-1, max-image-preview:large, max-video-preview:-1\" \/>\n<link rel=\"canonical\" href=\"https:\/\/socialdesignmagazine.com\/mag\/grafica\/moving-norman-foster-on-art\/\" \/>\n<meta property=\"og:locale\" content=\"it_IT\" \/>\n<meta property=\"og:type\" content=\"article\" \/>\n<meta property=\"og:title\" content=\"Moving - Norman Foster on Art - Social Design Magazine\" \/>\n<meta property=\"og:description\" content=\"Moving - Norman Foster on Art, volume dedicato all&#039;omonima mostra presso Carr\u00e9 d&#039;Art di N\u00eemes.\" \/>\n<meta property=\"og:url\" content=\"http:\/\/socialdesignmagazine.com\/mag\/grafica\/moving-norman-foster-on-art\/\" \/>\n<meta property=\"og:site_name\" content=\"Social Design Magazine\" \/>\n<meta property=\"article:publisher\" content=\"https:\/\/www.facebook.com\/socialdesignmag\" \/>\n<meta property=\"article:published_time\" content=\"2013-06-28T14:00:00+00:00\" \/>\n<meta property=\"article:modified_time\" content=\"2024-06-13T20:07:08+00:00\" \/>\n<meta property=\"og:image\" content=\"https:\/\/socialdesignmagazine.com\/mag\/wp-content\/uploads\/2013\/06\/users_ecorzani_Moving-01.jpg\" \/>\n\t<meta property=\"og:image:width\" content=\"720\" \/>\n\t<meta property=\"og:image:height\" content=\"405\" \/>\n\t<meta property=\"og:image:type\" content=\"image\/jpeg\" \/>\n<meta name=\"author\" content=\"Enrica Corzani\" \/>\n<meta name=\"twitter:card\" content=\"summary_large_image\" \/>\n<meta name=\"twitter:creator\" content=\"@socialdesignmag\" \/>\n<meta name=\"twitter:site\" content=\"@socialdesignmag\" \/>\n<meta name=\"twitter:label1\" content=\"Scritto da\" \/>\n\t<meta name=\"twitter:data1\" content=\"Enrica Corzani\" \/>\n\t<meta name=\"twitter:label2\" content=\"Tempo di lettura stimato\" \/>\n\t<meta name=\"twitter:data2\" content=\"2 minuti\" \/>\n<script type=\"application\/ld+json\" class=\"yoast-schema-graph\">{\"@context\":\"https:\/\/schema.org\",\"@graph\":[{\"@type\":\"Article\",\"@id\":\"https:\/\/socialdesignmagazine.com\/mag\/grafica\/moving-norman-foster-on-art\/#article\",\"isPartOf\":{\"@id\":\"https:\/\/socialdesignmagazine.com\/mag\/grafica\/moving-norman-foster-on-art\/\"},\"author\":{\"name\":\"Enrica Corzani\",\"@id\":\"https:\/\/socialdesignmagazine.com\/mag\/#\/schema\/person\/71bd67457be3112a0f4a29698593cb73\"},\"headline\":\"Moving &#8211; Norman Foster on Art\",\"datePublished\":\"2013-06-28T14:00:00+00:00\",\"dateModified\":\"2024-06-13T20:07:08+00:00\",\"mainEntityOfPage\":{\"@id\":\"https:\/\/socialdesignmagazine.com\/mag\/grafica\/moving-norman-foster-on-art\/\"},\"wordCount\":128,\"commentCount\":0,\"publisher\":{\"@id\":\"https:\/\/socialdesignmagazine.com\/mag\/#organization\"},\"image\":{\"@id\":\"https:\/\/socialdesignmagazine.com\/mag\/grafica\/moving-norman-foster-on-art\/#primaryimage\"},\"thumbnailUrl\":\"https:\/\/socialdesignmagazine.com\/mag\/wp-content\/uploads\/2013\/06\/users_ecorzani_Moving-01.jpg\",\"keywords\":[\"libri\"],\"articleSection\":[\"Grafica\"],\"inLanguage\":\"it-IT\",\"potentialAction\":[{\"@type\":\"CommentAction\",\"name\":\"Comment\",\"target\":[\"https:\/\/socialdesignmagazine.com\/mag\/grafica\/moving-norman-foster-on-art\/#respond\"]}]},{\"@type\":\"WebPage\",\"@id\":\"https:\/\/socialdesignmagazine.com\/mag\/grafica\/moving-norman-foster-on-art\/\",\"url\":\"https:\/\/socialdesignmagazine.com\/mag\/grafica\/moving-norman-foster-on-art\/\",\"name\":\"Moving - Norman Foster on Art - Social Design Magazine\",\"isPartOf\":{\"@id\":\"https:\/\/socialdesignmagazine.com\/mag\/#website\"},\"primaryImageOfPage\":{\"@id\":\"https:\/\/socialdesignmagazine.com\/mag\/grafica\/moving-norman-foster-on-art\/#primaryimage\"},\"image\":{\"@id\":\"https:\/\/socialdesignmagazine.com\/mag\/grafica\/moving-norman-foster-on-art\/#primaryimage\"},\"thumbnailUrl\":\"https:\/\/socialdesignmagazine.com\/mag\/wp-content\/uploads\/2013\/06\/users_ecorzani_Moving-01.jpg\",\"datePublished\":\"2013-06-28T14:00:00+00:00\",\"dateModified\":\"2024-06-13T20:07:08+00:00\",\"description\":\"Moving - Norman Foster on Art, volume dedicato all'omonima mostra presso Carr\u00e9 d'Art di N\u00eemes.\",\"breadcrumb\":{\"@id\":\"https:\/\/socialdesignmagazine.com\/mag\/grafica\/moving-norman-foster-on-art\/#breadcrumb\"},\"inLanguage\":\"it-IT\",\"potentialAction\":[{\"@type\":\"ReadAction\",\"target\":[\"https:\/\/socialdesignmagazine.com\/mag\/grafica\/moving-norman-foster-on-art\/\"]}]},{\"@type\":\"ImageObject\",\"inLanguage\":\"it-IT\",\"@id\":\"https:\/\/socialdesignmagazine.com\/mag\/grafica\/moving-norman-foster-on-art\/#primaryimage\",\"url\":\"https:\/\/socialdesignmagazine.com\/mag\/wp-content\/uploads\/2013\/06\/users_ecorzani_Moving-01.jpg\",\"contentUrl\":\"https:\/\/socialdesignmagazine.com\/mag\/wp-content\/uploads\/2013\/06\/users_ecorzani_Moving-01.jpg\",\"width\":720,\"height\":405,\"caption\":\"Moving - Norman Foster on Art, copertina\"},{\"@type\":\"BreadcrumbList\",\"@id\":\"https:\/\/socialdesignmagazine.com\/mag\/grafica\/moving-norman-foster-on-art\/#breadcrumb\",\"itemListElement\":[{\"@type\":\"ListItem\",\"position\":1,\"name\":\"Home\",\"item\":\"https:\/\/socialdesignmagazine.com\/mag\/\"},{\"@type\":\"ListItem\",\"position\":2,\"name\":\"Grafica\",\"item\":\"https:\/\/socialdesignmagazine.com\/mag\/grafica\/\"},{\"@type\":\"ListItem\",\"position\":3,\"name\":\"Moving &#8211; Norman Foster on Art\"}]},{\"@type\":\"WebSite\",\"@id\":\"https:\/\/socialdesignmagazine.com\/mag\/#website\",\"url\":\"https:\/\/socialdesignmagazine.com\/mag\/\",\"name\":\"Social Design Magazine\",\"description\":\"Social Magazine su Design, Architettura, Arte, Grafica\",\"publisher\":{\"@id\":\"https:\/\/socialdesignmagazine.com\/mag\/#organization\"},\"potentialAction\":[{\"@type\":\"SearchAction\",\"target\":{\"@type\":\"EntryPoint\",\"urlTemplate\":\"https:\/\/socialdesignmagazine.com\/mag\/?s={search_term_string}\"},\"query-input\":{\"@type\":\"PropertyValueSpecification\",\"valueRequired\":true,\"valueName\":\"search_term_string\"}}],\"inLanguage\":\"it-IT\"},{\"@type\":\"Organization\",\"@id\":\"https:\/\/socialdesignmagazine.com\/mag\/#organization\",\"name\":\"Social Design Magazine\",\"url\":\"https:\/\/socialdesignmagazine.com\/mag\/\",\"logo\":{\"@type\":\"ImageObject\",\"inLanguage\":\"it-IT\",\"@id\":\"https:\/\/socialdesignmagazine.com\/mag\/#\/schema\/logo\/image\/\",\"url\":\"https:\/\/socialdesignmagazine.com\/mag\/wp-content\/uploads\/2017\/01\/logo_favicon_11.png\",\"contentUrl\":\"https:\/\/socialdesignmagazine.com\/mag\/wp-content\/uploads\/2017\/01\/logo_favicon_11.png\",\"width\":1024,\"height\":1024,\"caption\":\"Social Design Magazine\"},\"image\":{\"@id\":\"https:\/\/socialdesignmagazine.com\/mag\/#\/schema\/logo\/image\/\"},\"sameAs\":[\"https:\/\/www.facebook.com\/socialdesignmag\",\"https:\/\/x.com\/socialdesignmag\",\"http:\/\/instagram.com\/social_design_magazine\/\",\"http:\/\/pinterest.com\/socialdesignmag\/\",\"http:\/\/www.youtube.com\/user\/socialdesignmagazine\"]},{\"@type\":\"Person\",\"@id\":\"https:\/\/socialdesignmagazine.com\/mag\/#\/schema\/person\/71bd67457be3112a0f4a29698593cb73\",\"name\":\"Enrica Corzani\",\"image\":{\"@type\":\"ImageObject\",\"inLanguage\":\"it-IT\",\"@id\":\"https:\/\/secure.gravatar.com\/avatar\/dc30371e6aedd7077237a9642102f8c781942539cef4108465e6376fb67e05e9?s=96&d=mm&r=g\",\"url\":\"https:\/\/secure.gravatar.com\/avatar\/dc30371e6aedd7077237a9642102f8c781942539cef4108465e6376fb67e05e9?s=96&d=mm&r=g\",\"contentUrl\":\"https:\/\/secure.gravatar.com\/avatar\/dc30371e6aedd7077237a9642102f8c781942539cef4108465e6376fb67e05e9?s=96&d=mm&r=g\",\"caption\":\"Enrica Corzani\"},\"url\":\"https:\/\/socialdesignmagazine.com\/mag\/author\/ecorzani\/\"}]}<\/script>\n<!-- \/ Yoast SEO plugin. -->","yoast_head_json":{"title":"Moving - Norman Foster on Art - Social Design Magazine","description":"Moving - Norman Foster on Art, volume dedicato all'omonima mostra presso Carr\u00e9 d'Art di N\u00eemes.","robots":{"index":"index","follow":"follow","max-snippet":"max-snippet:-1","max-image-preview":"max-image-preview:large","max-video-preview":"max-video-preview:-1"},"canonical":"https:\/\/socialdesignmagazine.com\/mag\/grafica\/moving-norman-foster-on-art\/","og_locale":"it_IT","og_type":"article","og_title":"Moving - Norman Foster on Art - Social Design Magazine","og_description":"Moving - Norman Foster on Art, volume dedicato all'omonima mostra presso Carr\u00e9 d'Art di N\u00eemes.","og_url":"http:\/\/socialdesignmagazine.com\/mag\/grafica\/moving-norman-foster-on-art\/","og_site_name":"Social Design Magazine","article_publisher":"https:\/\/www.facebook.com\/socialdesignmag","article_published_time":"2013-06-28T14:00:00+00:00","article_modified_time":"2024-06-13T20:07:08+00:00","og_image":[{"width":720,"height":405,"url":"https:\/\/socialdesignmagazine.com\/mag\/wp-content\/uploads\/2013\/06\/users_ecorzani_Moving-01.jpg","type":"image\/jpeg"}],"author":"Enrica Corzani","twitter_card":"summary_large_image","twitter_creator":"@socialdesignmag","twitter_site":"@socialdesignmag","twitter_misc":{"Scritto da":"Enrica Corzani","Tempo di lettura stimato":"2 minuti"},"schema":{"@context":"https:\/\/schema.org","@graph":[{"@type":"Article","@id":"https:\/\/socialdesignmagazine.com\/mag\/grafica\/moving-norman-foster-on-art\/#article","isPartOf":{"@id":"https:\/\/socialdesignmagazine.com\/mag\/grafica\/moving-norman-foster-on-art\/"},"author":{"name":"Enrica Corzani","@id":"https:\/\/socialdesignmagazine.com\/mag\/#\/schema\/person\/71bd67457be3112a0f4a29698593cb73"},"headline":"Moving &#8211; Norman Foster on Art","datePublished":"2013-06-28T14:00:00+00:00","dateModified":"2024-06-13T20:07:08+00:00","mainEntityOfPage":{"@id":"https:\/\/socialdesignmagazine.com\/mag\/grafica\/moving-norman-foster-on-art\/"},"wordCount":128,"commentCount":0,"publisher":{"@id":"https:\/\/socialdesignmagazine.com\/mag\/#organization"},"image":{"@id":"https:\/\/socialdesignmagazine.com\/mag\/grafica\/moving-norman-foster-on-art\/#primaryimage"},"thumbnailUrl":"https:\/\/socialdesignmagazine.com\/mag\/wp-content\/uploads\/2013\/06\/users_ecorzani_Moving-01.jpg","keywords":["libri"],"articleSection":["Grafica"],"inLanguage":"it-IT","potentialAction":[{"@type":"CommentAction","name":"Comment","target":["https:\/\/socialdesignmagazine.com\/mag\/grafica\/moving-norman-foster-on-art\/#respond"]}]},{"@type":"WebPage","@id":"https:\/\/socialdesignmagazine.com\/mag\/grafica\/moving-norman-foster-on-art\/","url":"https:\/\/socialdesignmagazine.com\/mag\/grafica\/moving-norman-foster-on-art\/","name":"Moving - Norman Foster on Art - Social Design Magazine","isPartOf":{"@id":"https:\/\/socialdesignmagazine.com\/mag\/#website"},"primaryImageOfPage":{"@id":"https:\/\/socialdesignmagazine.com\/mag\/grafica\/moving-norman-foster-on-art\/#primaryimage"},"image":{"@id":"https:\/\/socialdesignmagazine.com\/mag\/grafica\/moving-norman-foster-on-art\/#primaryimage"},"thumbnailUrl":"https:\/\/socialdesignmagazine.com\/mag\/wp-content\/uploads\/2013\/06\/users_ecorzani_Moving-01.jpg","datePublished":"2013-06-28T14:00:00+00:00","dateModified":"2024-06-13T20:07:08+00:00","description":"Moving - Norman Foster on Art, volume dedicato all'omonima mostra presso Carr\u00e9 d'Art di N\u00eemes.","breadcrumb":{"@id":"https:\/\/socialdesignmagazine.com\/mag\/grafica\/moving-norman-foster-on-art\/#breadcrumb"},"inLanguage":"it-IT","potentialAction":[{"@type":"ReadAction","target":["https:\/\/socialdesignmagazine.com\/mag\/grafica\/moving-norman-foster-on-art\/"]}]},{"@type":"ImageObject","inLanguage":"it-IT","@id":"https:\/\/socialdesignmagazine.com\/mag\/grafica\/moving-norman-foster-on-art\/#primaryimage","url":"https:\/\/socialdesignmagazine.com\/mag\/wp-content\/uploads\/2013\/06\/users_ecorzani_Moving-01.jpg","contentUrl":"https:\/\/socialdesignmagazine.com\/mag\/wp-content\/uploads\/2013\/06\/users_ecorzani_Moving-01.jpg","width":720,"height":405,"caption":"Moving - Norman Foster on Art, copertina"},{"@type":"BreadcrumbList","@id":"https:\/\/socialdesignmagazine.com\/mag\/grafica\/moving-norman-foster-on-art\/#breadcrumb","itemListElement":[{"@type":"ListItem","position":1,"name":"Home","item":"https:\/\/socialdesignmagazine.com\/mag\/"},{"@type":"ListItem","position":2,"name":"Grafica","item":"https:\/\/socialdesignmagazine.com\/mag\/grafica\/"},{"@type":"ListItem","position":3,"name":"Moving &#8211; Norman Foster on Art"}]},{"@type":"WebSite","@id":"https:\/\/socialdesignmagazine.com\/mag\/#website","url":"https:\/\/socialdesignmagazine.com\/mag\/","name":"Social Design Magazine","description":"Social Magazine su Design, Architettura, Arte, Grafica","publisher":{"@id":"https:\/\/socialdesignmagazine.com\/mag\/#organization"},"potentialAction":[{"@type":"SearchAction","target":{"@type":"EntryPoint","urlTemplate":"https:\/\/socialdesignmagazine.com\/mag\/?s={search_term_string}"},"query-input":{"@type":"PropertyValueSpecification","valueRequired":true,"valueName":"search_term_string"}}],"inLanguage":"it-IT"},{"@type":"Organization","@id":"https:\/\/socialdesignmagazine.com\/mag\/#organization","name":"Social Design Magazine","url":"https:\/\/socialdesignmagazine.com\/mag\/","logo":{"@type":"ImageObject","inLanguage":"it-IT","@id":"https:\/\/socialdesignmagazine.com\/mag\/#\/schema\/logo\/image\/","url":"https:\/\/socialdesignmagazine.com\/mag\/wp-content\/uploads\/2017\/01\/logo_favicon_11.png","contentUrl":"https:\/\/socialdesignmagazine.com\/mag\/wp-content\/uploads\/2017\/01\/logo_favicon_11.png","width":1024,"height":1024,"caption":"Social Design Magazine"},"image":{"@id":"https:\/\/socialdesignmagazine.com\/mag\/#\/schema\/logo\/image\/"},"sameAs":["https:\/\/www.facebook.com\/socialdesignmag","https:\/\/x.com\/socialdesignmag","http:\/\/instagram.com\/social_design_magazine\/","http:\/\/pinterest.com\/socialdesignmag\/","http:\/\/www.youtube.com\/user\/socialdesignmagazine"]},{"@type":"Person","@id":"https:\/\/socialdesignmagazine.com\/mag\/#\/schema\/person\/71bd67457be3112a0f4a29698593cb73","name":"Enrica Corzani","image":{"@type":"ImageObject","inLanguage":"it-IT","@id":"https:\/\/secure.gravatar.com\/avatar\/dc30371e6aedd7077237a9642102f8c781942539cef4108465e6376fb67e05e9?s=96&d=mm&r=g","url":"https:\/\/secure.gravatar.com\/avatar\/dc30371e6aedd7077237a9642102f8c781942539cef4108465e6376fb67e05e9?s=96&d=mm&r=g","contentUrl":"https:\/\/secure.gravatar.com\/avatar\/dc30371e6aedd7077237a9642102f8c781942539cef4108465e6376fb67e05e9?s=96&d=mm&r=g","caption":"Enrica Corzani"},"url":"https:\/\/socialdesignmagazine.com\/mag\/author\/ecorzani\/"}]}},"jetpack_featured_media_url":"https:\/\/socialdesignmagazine.com\/mag\/wp-content\/uploads\/2013\/06\/users_ecorzani_Moving-01.jpg","jetpack_sharing_enabled":true,"jetpack_shortlink":"https:\/\/wp.me\/p6cV7V-At","gt_translate_keys":[{"key":"link","format":"url"}],"_links":{"self":[{"href":"https:\/\/socialdesignmagazine.com\/mag\/wp-json\/wp\/v2\/posts\/2261","targetHints":{"allow":["GET"]}}],"collection":[{"href":"https:\/\/socialdesignmagazine.com\/mag\/wp-json\/wp\/v2\/posts"}],"about":[{"href":"https:\/\/socialdesignmagazine.com\/mag\/wp-json\/wp\/v2\/types\/post"}],"author":[{"embeddable":true,"href":"https:\/\/socialdesignmagazine.com\/mag\/wp-json\/wp\/v2\/users\/97"}],"replies":[{"embeddable":true,"href":"https:\/\/socialdesignmagazine.com\/mag\/wp-json\/wp\/v2\/comments?post=2261"}],"version-history":[{"count":1,"href":"https:\/\/socialdesignmagazine.com\/mag\/wp-json\/wp\/v2\/posts\/2261\/revisions"}],"predecessor-version":[{"id":62013,"href":"https:\/\/socialdesignmagazine.com\/mag\/wp-json\/wp\/v2\/posts\/2261\/revisions\/62013"}],"wp:featuredmedia":[{"embeddable":true,"href":"https:\/\/socialdesignmagazine.com\/mag\/wp-json\/wp\/v2\/media\/13273"}],"wp:attachment":[{"href":"https:\/\/socialdesignmagazine.com\/mag\/wp-json\/wp\/v2\/media?parent=2261"}],"wp:term":[{"taxonomy":"category","embeddable":true,"href":"https:\/\/socialdesignmagazine.com\/mag\/wp-json\/wp\/v2\/categories?post=2261"},{"taxonomy":"post_tag","embeddable":true,"href":"https:\/\/socialdesignmagazine.com\/mag\/wp-json\/wp\/v2\/tags?post=2261"}],"curies":[{"name":"wp","href":"https:\/\/api.w.org\/{rel}","templated":true}]}}