{"id":227,"date":"2011-03-30T09:00:00","date_gmt":"2011-03-30T07:00:00","guid":{"rendered":"https:\/\/socialdesignmagazine.com\/mag\/s6-design\/c35-design\/anticipazioni-euroluce-2011-milano-ring-gianpietro-tonetti-per-status\/"},"modified":"2023-10-10T22:05:27","modified_gmt":"2023-10-10T20:05:27","slug":"anticipazioni-euroluce-2011-milano-ring-gianpietro-tonetti-per-status","status":"publish","type":"post","link":"https:\/\/socialdesignmagazine.com\/mag\/design\/anticipazioni-euroluce-2011-milano-ring-gianpietro-tonetti-per-status\/","title":{"rendered":"Anticipazioni Euroluce 2011 Milano: Ring, Gianpietro Tonetti per STATUS","gt_translate_keys":[{"key":"rendered","format":"text"}]},"content":{"rendered":"\n<h2 class=\"wp-block-heading\">Un\u2019ispirazione alla forma circolare che racchiude nel cerchio magico di Ring, disegnata da Gianpietro Tonetti per <a class=\"jcepopup\" href=\"http:\/\/www.status.it\" rel=\"nofollow\">STATUS<\/a> e che sar\u00e0 presentata durante il Salone del Mobile di Milano, ad EUROLUCE 2011 Presso il <strong>padiglione 13 &#8211; stand F21<\/strong>. <\/h2>\n\n\n\n<p>Un anello che racchiude la preziosa luce dei LED per illuminare sia stando in sospensione che attraverso uno stelo trasformandosi in una lampada da appoggio.<\/p>\n\n\n\n<p>La serie Ring \u00e8 realizzata in un materiale innovativo \u201cmade in Italy\u201d il DULVER, materiale innovativo con elevata resistenza alla rottura e agli acidi, ecosostenibile, leggero, asettico e atermico, le sorgenti luminose sono LED ad alta efficienza, lo stelo per l\u2019appoggio in metallo.<\/p>\n\n\n<div class=\"wp-block-image\">\n<figure class=\"aligncenter\"><img loading=\"lazy\" decoding=\"async\" width=\"720\" height=\"540\" data-attachment-id=\"5185\" data-permalink=\"https:\/\/socialdesignmagazine.com\/mag\/design\/anticipazioni-euroluce-2011-milano-ring-gianpietro-tonetti-per-status\/attachment\/ring_da_tavolo\/#content\" data-orig-file=\"https:\/\/socialdesignmagazine.com\/mag\/wp-content\/uploads\/2011\/03\/benedetto_status_gianpietro_tonetti_RING_da_tavolo.jpg\" data-orig-size=\"720,540\" data-comments-opened=\"1\" data-image-meta=\"{&quot;aperture&quot;:&quot;0&quot;,&quot;credit&quot;:&quot;&quot;,&quot;camera&quot;:&quot;&quot;,&quot;caption&quot;:&quot;&quot;,&quot;created_timestamp&quot;:&quot;0&quot;,&quot;copyright&quot;:&quot;&quot;,&quot;focal_length&quot;:&quot;0&quot;,&quot;iso&quot;:&quot;0&quot;,&quot;shutter_speed&quot;:&quot;0&quot;,&quot;title&quot;:&quot;&quot;,&quot;orientation&quot;:&quot;0&quot;}\" data-image-title=\"RING_da_tavolo\" data-image-description=\"\" data-image-caption=\"\" data-medium-file=\"https:\/\/socialdesignmagazine.com\/mag\/wp-content\/uploads\/2011\/03\/benedetto_status_gianpietro_tonetti_RING_da_tavolo-396x256.jpg\" data-large-file=\"https:\/\/socialdesignmagazine.com\/mag\/wp-content\/uploads\/2011\/03\/benedetto_status_gianpietro_tonetti_RING_da_tavolo.jpg\" src=\"https:\/\/socialdesignmagazine.com\/mag\/wp-content\/uploads\/2011\/03\/benedetto_status_gianpietro_tonetti_RING_da_tavolo.jpg\" alt=\"RING_da_tavolo\" class=\"wp-image-5185\"\/><\/figure>\n<\/div>","protected":false,"gt_translate_keys":[{"key":"rendered","format":"html"}]},"excerpt":{"rendered":"<p>Un\u2019ispirazione alla forma circolare che racchiude nel cerchio magico di Ring, disegnata da Gianpietro Tonetti per STATUS<\/p>\n","protected":false,"gt_translate_keys":[{"key":"rendered","format":"html"}]},"author":1,"featured_media":5184,"comment_status":"open","ping_status":"open","sticky":false,"template":"","format":"standard","meta":{"jetpack_post_was_ever_published":false,"_jetpack_newsletter_access":"","_jetpack_dont_email_post_to_subs":false,"_jetpack_newsletter_tier_id":0,"_jetpack_memberships_contains_paywalled_content":false,"_jetpack_memberships_contains_paid_content":false,"footnotes":"","_wpscppro_dont_share_socialmedia":false,"_wpscppro_custom_social_share_image":0,"_facebook_share_type":"","_twitter_share_type":"","_linkedin_share_type":"","_pinterest_share_type":"","_linkedin_share_type_page":"","_instagram_share_type":"","_medium_share_type":"","_threads_share_type":"","_google_business_share_type":"","_selected_social_profile":[],"_wpsp_enable_custom_social_template":false,"_wpsp_social_scheduling":{"enabled":false,"datetime":null,"platforms":[],"status":"template_only","dateOption":"today","timeOption":"now","customDays":"","customHours":"","customDate":"","customTime":"","schedulingType":"absolute"},"_wpsp_active_default_template":true},"categories":[13],"tags":[1049,460,55,1072],"class_list":["post-227","post","type-post","status-publish","format-standard","has-post-thumbnail","hentry","category-design","tag-euroluce","tag-led","tag-luce","tag-salone-del-mobile-milano-2011"],"yoast_head":"<!-- This site is optimized with the Yoast SEO plugin v27.2 - https:\/\/yoast.com\/product\/yoast-seo-wordpress\/ -->\n<title>Anticipazioni Euroluce 2011 Milano: Ring, Gianpietro Tonetti per STATUS - Social Design Magazine<\/title>\n<meta name=\"description\" content=\"Un\u2019ispirazione alla forma circolare che racchiude nel cerchio magico di Ring, disegnata da Gianpietro Tonetti per STATUS\" \/>\n<meta name=\"robots\" content=\"index, follow, max-snippet:-1, max-image-preview:large, max-video-preview:-1\" \/>\n<link rel=\"canonical\" href=\"https:\/\/socialdesignmagazine.com\/mag\/design\/anticipazioni-euroluce-2011-milano-ring-gianpietro-tonetti-per-status\/\" \/>\n<meta property=\"og:locale\" content=\"it_IT\" \/>\n<meta property=\"og:type\" content=\"article\" \/>\n<meta property=\"og:title\" content=\"Anticipazioni Euroluce 2011 Milano: Ring, Gianpietro Tonetti per STATUS - Social Design Magazine\" \/>\n<meta property=\"og:description\" content=\"Un\u2019ispirazione alla forma circolare che racchiude nel cerchio magico di Ring, disegnata da Gianpietro Tonetti per STATUS\" \/>\n<meta property=\"og:url\" content=\"http:\/\/socialdesignmagazine.com\/mag\/design\/anticipazioni-euroluce-2011-milano-ring-gianpietro-tonetti-per-status\/\" \/>\n<meta property=\"og:site_name\" content=\"Social Design Magazine\" \/>\n<meta property=\"article:publisher\" content=\"https:\/\/www.facebook.com\/socialdesignmag\" \/>\n<meta property=\"article:author\" content=\"https:\/\/www.facebook.com\/benedettofiori\" \/>\n<meta property=\"article:published_time\" content=\"2011-03-30T07:00:00+00:00\" \/>\n<meta property=\"article:modified_time\" content=\"2023-10-10T20:05:27+00:00\" \/>\n<meta property=\"og:image\" content=\"https:\/\/socialdesignmagazine.com\/mag\/wp-content\/uploads\/2011\/03\/benedetto_status_gianpietro_tonetti_RING_sospensione.jpg\" \/>\n\t<meta property=\"og:image:width\" content=\"720\" \/>\n\t<meta property=\"og:image:height\" content=\"540\" \/>\n\t<meta property=\"og:image:type\" content=\"image\/jpeg\" \/>\n<meta name=\"author\" content=\"Benedetto Fiori\" \/>\n<meta name=\"twitter:card\" content=\"summary_large_image\" \/>\n<meta name=\"twitter:creator\" content=\"@benedettofiori\" \/>\n<meta name=\"twitter:site\" content=\"@socialdesignmag\" \/>\n<meta name=\"twitter:label1\" content=\"Scritto da\" \/>\n\t<meta name=\"twitter:data1\" content=\"Benedetto Fiori\" \/>\n\t<meta name=\"twitter:label2\" content=\"Tempo di lettura stimato\" \/>\n\t<meta name=\"twitter:data2\" content=\"1 minuto\" \/>\n<script type=\"application\/ld+json\" class=\"yoast-schema-graph\">{\"@context\":\"https:\/\/schema.org\",\"@graph\":[{\"@type\":\"Article\",\"@id\":\"https:\/\/socialdesignmagazine.com\/mag\/design\/anticipazioni-euroluce-2011-milano-ring-gianpietro-tonetti-per-status\/#article\",\"isPartOf\":{\"@id\":\"https:\/\/socialdesignmagazine.com\/mag\/design\/anticipazioni-euroluce-2011-milano-ring-gianpietro-tonetti-per-status\/\"},\"author\":{\"name\":\"Benedetto Fiori\",\"@id\":\"https:\/\/socialdesignmagazine.com\/mag\/#\/schema\/person\/61e20205cc363c315e6aabd33a045846\"},\"headline\":\"Anticipazioni Euroluce 2011 Milano: Ring, Gianpietro Tonetti per STATUS\",\"datePublished\":\"2011-03-30T07:00:00+00:00\",\"dateModified\":\"2023-10-10T20:05:27+00:00\",\"mainEntityOfPage\":{\"@id\":\"https:\/\/socialdesignmagazine.com\/mag\/design\/anticipazioni-euroluce-2011-milano-ring-gianpietro-tonetti-per-status\/\"},\"wordCount\":113,\"commentCount\":0,\"publisher\":{\"@id\":\"https:\/\/socialdesignmagazine.com\/mag\/#organization\"},\"image\":{\"@id\":\"https:\/\/socialdesignmagazine.com\/mag\/design\/anticipazioni-euroluce-2011-milano-ring-gianpietro-tonetti-per-status\/#primaryimage\"},\"thumbnailUrl\":\"https:\/\/socialdesignmagazine.com\/mag\/wp-content\/uploads\/2011\/03\/benedetto_status_gianpietro_tonetti_RING_sospensione.jpg\",\"keywords\":[\"euroluce\",\"led\",\"luce\",\"salone del mobile milano 2011\"],\"articleSection\":[\"Design\"],\"inLanguage\":\"it-IT\",\"potentialAction\":[{\"@type\":\"CommentAction\",\"name\":\"Comment\",\"target\":[\"https:\/\/socialdesignmagazine.com\/mag\/design\/anticipazioni-euroluce-2011-milano-ring-gianpietro-tonetti-per-status\/#respond\"]}]},{\"@type\":\"WebPage\",\"@id\":\"https:\/\/socialdesignmagazine.com\/mag\/design\/anticipazioni-euroluce-2011-milano-ring-gianpietro-tonetti-per-status\/\",\"url\":\"https:\/\/socialdesignmagazine.com\/mag\/design\/anticipazioni-euroluce-2011-milano-ring-gianpietro-tonetti-per-status\/\",\"name\":\"Anticipazioni Euroluce 2011 Milano: Ring, Gianpietro Tonetti per STATUS - Social Design Magazine\",\"isPartOf\":{\"@id\":\"https:\/\/socialdesignmagazine.com\/mag\/#website\"},\"primaryImageOfPage\":{\"@id\":\"https:\/\/socialdesignmagazine.com\/mag\/design\/anticipazioni-euroluce-2011-milano-ring-gianpietro-tonetti-per-status\/#primaryimage\"},\"image\":{\"@id\":\"https:\/\/socialdesignmagazine.com\/mag\/design\/anticipazioni-euroluce-2011-milano-ring-gianpietro-tonetti-per-status\/#primaryimage\"},\"thumbnailUrl\":\"https:\/\/socialdesignmagazine.com\/mag\/wp-content\/uploads\/2011\/03\/benedetto_status_gianpietro_tonetti_RING_sospensione.jpg\",\"datePublished\":\"2011-03-30T07:00:00+00:00\",\"dateModified\":\"2023-10-10T20:05:27+00:00\",\"description\":\"Un\u2019ispirazione alla forma circolare che racchiude nel cerchio magico di Ring, disegnata da Gianpietro Tonetti per STATUS\",\"breadcrumb\":{\"@id\":\"https:\/\/socialdesignmagazine.com\/mag\/design\/anticipazioni-euroluce-2011-milano-ring-gianpietro-tonetti-per-status\/#breadcrumb\"},\"inLanguage\":\"it-IT\",\"potentialAction\":[{\"@type\":\"ReadAction\",\"target\":[\"https:\/\/socialdesignmagazine.com\/mag\/design\/anticipazioni-euroluce-2011-milano-ring-gianpietro-tonetti-per-status\/\"]}]},{\"@type\":\"ImageObject\",\"inLanguage\":\"it-IT\",\"@id\":\"https:\/\/socialdesignmagazine.com\/mag\/design\/anticipazioni-euroluce-2011-milano-ring-gianpietro-tonetti-per-status\/#primaryimage\",\"url\":\"https:\/\/socialdesignmagazine.com\/mag\/wp-content\/uploads\/2011\/03\/benedetto_status_gianpietro_tonetti_RING_sospensione.jpg\",\"contentUrl\":\"https:\/\/socialdesignmagazine.com\/mag\/wp-content\/uploads\/2011\/03\/benedetto_status_gianpietro_tonetti_RING_sospensione.jpg\",\"width\":720,\"height\":540,\"caption\":\"RING_sospensione\"},{\"@type\":\"BreadcrumbList\",\"@id\":\"https:\/\/socialdesignmagazine.com\/mag\/design\/anticipazioni-euroluce-2011-milano-ring-gianpietro-tonetti-per-status\/#breadcrumb\",\"itemListElement\":[{\"@type\":\"ListItem\",\"position\":1,\"name\":\"Home\",\"item\":\"https:\/\/socialdesignmagazine.com\/mag\/\"},{\"@type\":\"ListItem\",\"position\":2,\"name\":\"Design\",\"item\":\"https:\/\/socialdesignmagazine.com\/mag\/design\/\"},{\"@type\":\"ListItem\",\"position\":3,\"name\":\"Anticipazioni Euroluce 2011 Milano: Ring, Gianpietro Tonetti per STATUS\"}]},{\"@type\":\"WebSite\",\"@id\":\"https:\/\/socialdesignmagazine.com\/mag\/#website\",\"url\":\"https:\/\/socialdesignmagazine.com\/mag\/\",\"name\":\"Social Design Magazine\",\"description\":\"Social Magazine su Design, Architettura, Arte, Grafica\",\"publisher\":{\"@id\":\"https:\/\/socialdesignmagazine.com\/mag\/#organization\"},\"potentialAction\":[{\"@type\":\"SearchAction\",\"target\":{\"@type\":\"EntryPoint\",\"urlTemplate\":\"https:\/\/socialdesignmagazine.com\/mag\/?s={search_term_string}\"},\"query-input\":{\"@type\":\"PropertyValueSpecification\",\"valueRequired\":true,\"valueName\":\"search_term_string\"}}],\"inLanguage\":\"it-IT\"},{\"@type\":\"Organization\",\"@id\":\"https:\/\/socialdesignmagazine.com\/mag\/#organization\",\"name\":\"Social Design Magazine\",\"url\":\"https:\/\/socialdesignmagazine.com\/mag\/\",\"logo\":{\"@type\":\"ImageObject\",\"inLanguage\":\"it-IT\",\"@id\":\"https:\/\/socialdesignmagazine.com\/mag\/#\/schema\/logo\/image\/\",\"url\":\"https:\/\/socialdesignmagazine.com\/mag\/wp-content\/uploads\/2017\/01\/logo_favicon_11.png\",\"contentUrl\":\"https:\/\/socialdesignmagazine.com\/mag\/wp-content\/uploads\/2017\/01\/logo_favicon_11.png\",\"width\":1024,\"height\":1024,\"caption\":\"Social Design Magazine\"},\"image\":{\"@id\":\"https:\/\/socialdesignmagazine.com\/mag\/#\/schema\/logo\/image\/\"},\"sameAs\":[\"https:\/\/www.facebook.com\/socialdesignmag\",\"https:\/\/x.com\/socialdesignmag\",\"http:\/\/instagram.com\/social_design_magazine\/\",\"http:\/\/pinterest.com\/socialdesignmag\/\",\"http:\/\/www.youtube.com\/user\/socialdesignmagazine\"]},{\"@type\":\"Person\",\"@id\":\"https:\/\/socialdesignmagazine.com\/mag\/#\/schema\/person\/61e20205cc363c315e6aabd33a045846\",\"name\":\"Benedetto Fiori\",\"image\":{\"@type\":\"ImageObject\",\"inLanguage\":\"it-IT\",\"@id\":\"https:\/\/secure.gravatar.com\/avatar\/450a48cefa36da63d920ad70aa660bd10725b1c6093800242e5efdb397759033?s=96&d=mm&r=g\",\"url\":\"https:\/\/secure.gravatar.com\/avatar\/450a48cefa36da63d920ad70aa660bd10725b1c6093800242e5efdb397759033?s=96&d=mm&r=g\",\"contentUrl\":\"https:\/\/secure.gravatar.com\/avatar\/450a48cefa36da63d920ad70aa660bd10725b1c6093800242e5efdb397759033?s=96&d=mm&r=g\",\"caption\":\"Benedetto Fiori\"},\"description\":\"Web | Twitter | Facebook | Shutterstock Founder &amp; Editor in Chief di Social Design Magazine. Attratto da sempre da tutto ci\u00f2 che \u00e8 creativit\u00e0, design, architettura. Dopo aver studiato Architettura all'Universit\u00e0 di Firenze, si \u00e8 impegnato in molteplici campi: comunicazione grafica, progettazione di allestimenti fieristici, brand design, Interior Design.\",\"sameAs\":[\"http:\/\/benedettofiori.com\",\"https:\/\/www.facebook.com\/benedettofiori\",\"https:\/\/x.com\/benedettofiori\"],\"url\":\"https:\/\/socialdesignmagazine.com\/mag\/author\/benedetto\/\"}]}<\/script>\n<!-- \/ Yoast SEO plugin. -->","yoast_head_json":{"title":"Anticipazioni Euroluce 2011 Milano: Ring, Gianpietro Tonetti per STATUS - Social Design Magazine","description":"Un\u2019ispirazione alla forma circolare che racchiude nel cerchio magico di Ring, disegnata da Gianpietro Tonetti per STATUS","robots":{"index":"index","follow":"follow","max-snippet":"max-snippet:-1","max-image-preview":"max-image-preview:large","max-video-preview":"max-video-preview:-1"},"canonical":"https:\/\/socialdesignmagazine.com\/mag\/design\/anticipazioni-euroluce-2011-milano-ring-gianpietro-tonetti-per-status\/","og_locale":"it_IT","og_type":"article","og_title":"Anticipazioni Euroluce 2011 Milano: Ring, Gianpietro Tonetti per STATUS - Social Design Magazine","og_description":"Un\u2019ispirazione alla forma circolare che racchiude nel cerchio magico di Ring, disegnata da Gianpietro Tonetti per STATUS","og_url":"http:\/\/socialdesignmagazine.com\/mag\/design\/anticipazioni-euroluce-2011-milano-ring-gianpietro-tonetti-per-status\/","og_site_name":"Social Design Magazine","article_publisher":"https:\/\/www.facebook.com\/socialdesignmag","article_author":"https:\/\/www.facebook.com\/benedettofiori","article_published_time":"2011-03-30T07:00:00+00:00","article_modified_time":"2023-10-10T20:05:27+00:00","og_image":[{"width":720,"height":540,"url":"https:\/\/socialdesignmagazine.com\/mag\/wp-content\/uploads\/2011\/03\/benedetto_status_gianpietro_tonetti_RING_sospensione.jpg","type":"image\/jpeg"}],"author":"Benedetto Fiori","twitter_card":"summary_large_image","twitter_creator":"@benedettofiori","twitter_site":"@socialdesignmag","twitter_misc":{"Scritto da":"Benedetto Fiori","Tempo di lettura stimato":"1 minuto"},"schema":{"@context":"https:\/\/schema.org","@graph":[{"@type":"Article","@id":"https:\/\/socialdesignmagazine.com\/mag\/design\/anticipazioni-euroluce-2011-milano-ring-gianpietro-tonetti-per-status\/#article","isPartOf":{"@id":"https:\/\/socialdesignmagazine.com\/mag\/design\/anticipazioni-euroluce-2011-milano-ring-gianpietro-tonetti-per-status\/"},"author":{"name":"Benedetto Fiori","@id":"https:\/\/socialdesignmagazine.com\/mag\/#\/schema\/person\/61e20205cc363c315e6aabd33a045846"},"headline":"Anticipazioni Euroluce 2011 Milano: Ring, Gianpietro Tonetti per STATUS","datePublished":"2011-03-30T07:00:00+00:00","dateModified":"2023-10-10T20:05:27+00:00","mainEntityOfPage":{"@id":"https:\/\/socialdesignmagazine.com\/mag\/design\/anticipazioni-euroluce-2011-milano-ring-gianpietro-tonetti-per-status\/"},"wordCount":113,"commentCount":0,"publisher":{"@id":"https:\/\/socialdesignmagazine.com\/mag\/#organization"},"image":{"@id":"https:\/\/socialdesignmagazine.com\/mag\/design\/anticipazioni-euroluce-2011-milano-ring-gianpietro-tonetti-per-status\/#primaryimage"},"thumbnailUrl":"https:\/\/socialdesignmagazine.com\/mag\/wp-content\/uploads\/2011\/03\/benedetto_status_gianpietro_tonetti_RING_sospensione.jpg","keywords":["euroluce","led","luce","salone del mobile milano 2011"],"articleSection":["Design"],"inLanguage":"it-IT","potentialAction":[{"@type":"CommentAction","name":"Comment","target":["https:\/\/socialdesignmagazine.com\/mag\/design\/anticipazioni-euroluce-2011-milano-ring-gianpietro-tonetti-per-status\/#respond"]}]},{"@type":"WebPage","@id":"https:\/\/socialdesignmagazine.com\/mag\/design\/anticipazioni-euroluce-2011-milano-ring-gianpietro-tonetti-per-status\/","url":"https:\/\/socialdesignmagazine.com\/mag\/design\/anticipazioni-euroluce-2011-milano-ring-gianpietro-tonetti-per-status\/","name":"Anticipazioni Euroluce 2011 Milano: Ring, Gianpietro Tonetti per STATUS - Social Design Magazine","isPartOf":{"@id":"https:\/\/socialdesignmagazine.com\/mag\/#website"},"primaryImageOfPage":{"@id":"https:\/\/socialdesignmagazine.com\/mag\/design\/anticipazioni-euroluce-2011-milano-ring-gianpietro-tonetti-per-status\/#primaryimage"},"image":{"@id":"https:\/\/socialdesignmagazine.com\/mag\/design\/anticipazioni-euroluce-2011-milano-ring-gianpietro-tonetti-per-status\/#primaryimage"},"thumbnailUrl":"https:\/\/socialdesignmagazine.com\/mag\/wp-content\/uploads\/2011\/03\/benedetto_status_gianpietro_tonetti_RING_sospensione.jpg","datePublished":"2011-03-30T07:00:00+00:00","dateModified":"2023-10-10T20:05:27+00:00","description":"Un\u2019ispirazione alla forma circolare che racchiude nel cerchio magico di Ring, disegnata da Gianpietro Tonetti per STATUS","breadcrumb":{"@id":"https:\/\/socialdesignmagazine.com\/mag\/design\/anticipazioni-euroluce-2011-milano-ring-gianpietro-tonetti-per-status\/#breadcrumb"},"inLanguage":"it-IT","potentialAction":[{"@type":"ReadAction","target":["https:\/\/socialdesignmagazine.com\/mag\/design\/anticipazioni-euroluce-2011-milano-ring-gianpietro-tonetti-per-status\/"]}]},{"@type":"ImageObject","inLanguage":"it-IT","@id":"https:\/\/socialdesignmagazine.com\/mag\/design\/anticipazioni-euroluce-2011-milano-ring-gianpietro-tonetti-per-status\/#primaryimage","url":"https:\/\/socialdesignmagazine.com\/mag\/wp-content\/uploads\/2011\/03\/benedetto_status_gianpietro_tonetti_RING_sospensione.jpg","contentUrl":"https:\/\/socialdesignmagazine.com\/mag\/wp-content\/uploads\/2011\/03\/benedetto_status_gianpietro_tonetti_RING_sospensione.jpg","width":720,"height":540,"caption":"RING_sospensione"},{"@type":"BreadcrumbList","@id":"https:\/\/socialdesignmagazine.com\/mag\/design\/anticipazioni-euroluce-2011-milano-ring-gianpietro-tonetti-per-status\/#breadcrumb","itemListElement":[{"@type":"ListItem","position":1,"name":"Home","item":"https:\/\/socialdesignmagazine.com\/mag\/"},{"@type":"ListItem","position":2,"name":"Design","item":"https:\/\/socialdesignmagazine.com\/mag\/design\/"},{"@type":"ListItem","position":3,"name":"Anticipazioni Euroluce 2011 Milano: Ring, Gianpietro Tonetti per STATUS"}]},{"@type":"WebSite","@id":"https:\/\/socialdesignmagazine.com\/mag\/#website","url":"https:\/\/socialdesignmagazine.com\/mag\/","name":"Social Design Magazine","description":"Social Magazine su Design, Architettura, Arte, Grafica","publisher":{"@id":"https:\/\/socialdesignmagazine.com\/mag\/#organization"},"potentialAction":[{"@type":"SearchAction","target":{"@type":"EntryPoint","urlTemplate":"https:\/\/socialdesignmagazine.com\/mag\/?s={search_term_string}"},"query-input":{"@type":"PropertyValueSpecification","valueRequired":true,"valueName":"search_term_string"}}],"inLanguage":"it-IT"},{"@type":"Organization","@id":"https:\/\/socialdesignmagazine.com\/mag\/#organization","name":"Social Design Magazine","url":"https:\/\/socialdesignmagazine.com\/mag\/","logo":{"@type":"ImageObject","inLanguage":"it-IT","@id":"https:\/\/socialdesignmagazine.com\/mag\/#\/schema\/logo\/image\/","url":"https:\/\/socialdesignmagazine.com\/mag\/wp-content\/uploads\/2017\/01\/logo_favicon_11.png","contentUrl":"https:\/\/socialdesignmagazine.com\/mag\/wp-content\/uploads\/2017\/01\/logo_favicon_11.png","width":1024,"height":1024,"caption":"Social Design Magazine"},"image":{"@id":"https:\/\/socialdesignmagazine.com\/mag\/#\/schema\/logo\/image\/"},"sameAs":["https:\/\/www.facebook.com\/socialdesignmag","https:\/\/x.com\/socialdesignmag","http:\/\/instagram.com\/social_design_magazine\/","http:\/\/pinterest.com\/socialdesignmag\/","http:\/\/www.youtube.com\/user\/socialdesignmagazine"]},{"@type":"Person","@id":"https:\/\/socialdesignmagazine.com\/mag\/#\/schema\/person\/61e20205cc363c315e6aabd33a045846","name":"Benedetto Fiori","image":{"@type":"ImageObject","inLanguage":"it-IT","@id":"https:\/\/secure.gravatar.com\/avatar\/450a48cefa36da63d920ad70aa660bd10725b1c6093800242e5efdb397759033?s=96&d=mm&r=g","url":"https:\/\/secure.gravatar.com\/avatar\/450a48cefa36da63d920ad70aa660bd10725b1c6093800242e5efdb397759033?s=96&d=mm&r=g","contentUrl":"https:\/\/secure.gravatar.com\/avatar\/450a48cefa36da63d920ad70aa660bd10725b1c6093800242e5efdb397759033?s=96&d=mm&r=g","caption":"Benedetto Fiori"},"description":"Web | Twitter | Facebook | Shutterstock Founder &amp; Editor in Chief di Social Design Magazine. Attratto da sempre da tutto ci\u00f2 che \u00e8 creativit\u00e0, design, architettura. Dopo aver studiato Architettura all'Universit\u00e0 di Firenze, si \u00e8 impegnato in molteplici campi: comunicazione grafica, progettazione di allestimenti fieristici, brand design, Interior Design.","sameAs":["http:\/\/benedettofiori.com","https:\/\/www.facebook.com\/benedettofiori","https:\/\/x.com\/benedettofiori"],"url":"https:\/\/socialdesignmagazine.com\/mag\/author\/benedetto\/"}]}},"jetpack_featured_media_url":"https:\/\/socialdesignmagazine.com\/mag\/wp-content\/uploads\/2011\/03\/benedetto_status_gianpietro_tonetti_RING_sospensione.jpg","jetpack_sharing_enabled":true,"jetpack_shortlink":"https:\/\/wp.me\/p6cV7V-3F","gt_translate_keys":[{"key":"link","format":"url"}],"_links":{"self":[{"href":"https:\/\/socialdesignmagazine.com\/mag\/wp-json\/wp\/v2\/posts\/227","targetHints":{"allow":["GET"]}}],"collection":[{"href":"https:\/\/socialdesignmagazine.com\/mag\/wp-json\/wp\/v2\/posts"}],"about":[{"href":"https:\/\/socialdesignmagazine.com\/mag\/wp-json\/wp\/v2\/types\/post"}],"author":[{"embeddable":true,"href":"https:\/\/socialdesignmagazine.com\/mag\/wp-json\/wp\/v2\/users\/1"}],"replies":[{"embeddable":true,"href":"https:\/\/socialdesignmagazine.com\/mag\/wp-json\/wp\/v2\/comments?post=227"}],"version-history":[{"count":1,"href":"https:\/\/socialdesignmagazine.com\/mag\/wp-json\/wp\/v2\/posts\/227\/revisions"}],"predecessor-version":[{"id":57415,"href":"https:\/\/socialdesignmagazine.com\/mag\/wp-json\/wp\/v2\/posts\/227\/revisions\/57415"}],"wp:featuredmedia":[{"embeddable":true,"href":"https:\/\/socialdesignmagazine.com\/mag\/wp-json\/wp\/v2\/media\/5184"}],"wp:attachment":[{"href":"https:\/\/socialdesignmagazine.com\/mag\/wp-json\/wp\/v2\/media?parent=227"}],"wp:term":[{"taxonomy":"category","embeddable":true,"href":"https:\/\/socialdesignmagazine.com\/mag\/wp-json\/wp\/v2\/categories?post=227"},{"taxonomy":"post_tag","embeddable":true,"href":"https:\/\/socialdesignmagazine.com\/mag\/wp-json\/wp\/v2\/tags?post=227"}],"curies":[{"name":"wp","href":"https:\/\/api.w.org\/{rel}","templated":true}]}}