{"id":2297,"date":"2013-07-18T12:01:45","date_gmt":"2013-07-18T10:01:45","guid":{"rendered":"https:\/\/socialdesignmagazine.com\/mag\/s8-visual\/c38-visual\/federico-annicchiarico-intime-offtime-dal-23-luglio-al-10-settembre-allart-core-gallery-di-roma-quartiere-san-lorenzo\/"},"modified":"2024-06-14T19:45:41","modified_gmt":"2024-06-14T17:45:41","slug":"federico-annicchiarico-intime-offtime-dal-23-luglio-al-10-settembre-allart-core-gallery-di-roma-quartiere-san-lorenzo","status":"publish","type":"post","link":"https:\/\/socialdesignmagazine.com\/mag\/visual\/federico-annicchiarico-intime-offtime-dal-23-luglio-al-10-settembre-allart-core-gallery-di-roma-quartiere-san-lorenzo\/","title":{"rendered":"Federico Annicchiarico \/ Intime Offtime, dal 23 luglio al 10 settembre all\u2019Art Core Gallery di Roma, quartiere San Lorenzo","gt_translate_keys":[{"key":"rendered","format":"text"}]},"content":{"rendered":"\n<h3 class=\"wp-block-heading\"><span style=\"line-height: 1.3em;\">Intime Offtime, la prima mostra di Federico Annicchiarico.&nbsp;<\/span><span style=\"line-height: 1.3em;\">Quindici scatti che indagano l\u2019intima relazione tra soggetto e oggetto, tra uomo e spazio, colta dall\u2019occhio discreto del mezzo fotografico.<\/span><\/h3>\n\n\n\n<p>Immagini conoscitive, fotografie come documenti personali dell\u2019anima, essenza dell\u2019intimo in un tempo definito dallo scatto. Cos\u00ec si presenta la prima mostra di <strong>Federico Annicchiarico<\/strong> dal titolo <strong>Intime Offitime<\/strong>, 15 scatti tra Bruxelles, Roma, Genova, Alberobello, Brindisi che indagano l\u2019intima relazione tra soggetto e oggetto, tra uomo e spazio, colta dall&#8217;occhio discreto del mezzo fotografico.<\/p>\n\n\n\n<p>Saranno gli splendidi spazi dell\u2019Art Core Gallery (in via dei Marrucini 1),nello storico quartiere di San Lorenzo a Roma, ad ospitare le fotografie di Federico, dal 23 luglio al 10 settembre, nell\u2019ambito della seconda edizione della manifestazione Crosswise!<\/p>\n\n\n\n<p>L\u2019evento \u00e8 ideato ed organizzato dalla Fondazione Volume, nata con la volont\u00e0 di coniugare una molteplicit\u00e0 di linguaggi, creando un luogo di incontro e comunicazione fra differenti ambiti artistici.<\/p>\n\n\n<div class=\"wp-block-image\">\n<figure class=\"aligncenter\"><img loading=\"lazy\" decoding=\"async\" width=\"720\" height=\"480\" data-attachment-id=\"13453\" data-permalink=\"https:\/\/socialdesignmagazine.com\/mag\/visual\/federico-annicchiarico-intime-offtime-dal-23-luglio-al-10-settembre-allart-core-gallery-di-roma-quartiere-san-lorenzo\/attachment\/federico-annicchiarico-alberobello\/#content\" data-orig-file=\"https:\/\/socialdesignmagazine.com\/mag\/wp-content\/uploads\/2013\/07\/benedetto_federico_annicchiarico_federico_annicchiarico_alberobello.jpg\" data-orig-size=\"720,480\" data-comments-opened=\"1\" data-image-meta=\"{&quot;aperture&quot;:&quot;0&quot;,&quot;credit&quot;:&quot;&quot;,&quot;camera&quot;:&quot;Nikon SUPER COOLSCAN 4000 ED&quot;,&quot;caption&quot;:&quot;&quot;,&quot;created_timestamp&quot;:&quot;0&quot;,&quot;copyright&quot;:&quot;&quot;,&quot;focal_length&quot;:&quot;0&quot;,&quot;iso&quot;:&quot;0&quot;,&quot;shutter_speed&quot;:&quot;0&quot;,&quot;title&quot;:&quot;&quot;,&quot;orientation&quot;:&quot;0&quot;}\" data-image-title=\"federico annicchiarico alberobello\" data-image-description=\"\" data-image-caption=\"\" data-medium-file=\"https:\/\/socialdesignmagazine.com\/mag\/wp-content\/uploads\/2013\/07\/benedetto_federico_annicchiarico_federico_annicchiarico_alberobello-396x256.jpg\" data-large-file=\"https:\/\/socialdesignmagazine.com\/mag\/wp-content\/uploads\/2013\/07\/benedetto_federico_annicchiarico_federico_annicchiarico_alberobello.jpg\" src=\"https:\/\/socialdesignmagazine.com\/mag\/wp-content\/uploads\/2013\/07\/benedetto_federico_annicchiarico_federico_annicchiarico_alberobello.jpg\" alt=\"federico annicchiarico alberobello\" class=\"wp-image-13453\" srcset=\"https:\/\/socialdesignmagazine.com\/mag\/wp-content\/uploads\/2013\/07\/benedetto_federico_annicchiarico_federico_annicchiarico_alberobello.jpg 720w, https:\/\/socialdesignmagazine.com\/mag\/wp-content\/uploads\/2013\/07\/benedetto_federico_annicchiarico_federico_annicchiarico_alberobello-100x66.jpg 100w\" sizes=\"auto, (max-width: 720px) 100vw, 720px\" \/><\/figure>\n<\/div>\n\n\n<p>La prima mostra di <strong>Federico Annicchiarico<\/strong>&nbsp;Intime Offitime&nbsp;si apre con la sua ricerca intorno all\u2019uomo e alla sua relazione con la realt\u00e0. Per contestualizzare gli elementi nella loro natura, il fotografo non costruisce scene, non ricorre alla finzione, ma osserva il vissuto. Emerge una lettura del tutto personale dell\u2019elemento umano e la volont\u00e0 di utilizzare la fotografia come traccia tangibile di presenza.<\/p>\n\n\n\n<p>Lo scatto cristallizza l\u2019attimo nel tempo. Il fotografo diventa il narratore di un racconto privato, di realt\u00e0, ambienti, dimensioni luogo-temporali pienamente vissute.<\/p>\n\n\n\n<p>Le immagini rivelano le sfumature che il suo obiettivo ha saputo cogliere, con tutta la possibile empatia, l\u2019estrema sensibilit\u00e0 e l&#8217;equilibrio formale.<\/p>\n\n\n\n<p>La volont\u00e0 di cogliere la vita sulla base immediata di un sentire fisico e mentale spinge Federico a lavorare trasversalmente tra cinema e fotografia. Questi linguaggi si fondono nelle sue immagini, rivelando la dimensione cinematografica verso la quale lo sguardo dell&#8217;autore tende, evidente nelle inquadrature e nella scelta di punti di vista.<\/p>\n\n\n<div class=\"wp-block-image\">\n<figure class=\"aligncenter\"><img loading=\"lazy\" decoding=\"async\" width=\"720\" height=\"480\" data-attachment-id=\"13454\" data-permalink=\"https:\/\/socialdesignmagazine.com\/mag\/visual\/federico-annicchiarico-intime-offtime-dal-23-luglio-al-10-settembre-allart-core-gallery-di-roma-quartiere-san-lorenzo\/attachment\/federico-annicchiarico-cimitero-laurentino\/#content\" data-orig-file=\"https:\/\/socialdesignmagazine.com\/mag\/wp-content\/uploads\/2013\/07\/benedetto_federico_annicchiarico_federico_annicchiarico_cimitero_laurentino.jpg\" data-orig-size=\"720,480\" data-comments-opened=\"1\" data-image-meta=\"{&quot;aperture&quot;:&quot;0&quot;,&quot;credit&quot;:&quot;&quot;,&quot;camera&quot;:&quot;Nikon SUPER COOLSCAN 4000 ED&quot;,&quot;caption&quot;:&quot;&quot;,&quot;created_timestamp&quot;:&quot;0&quot;,&quot;copyright&quot;:&quot;&quot;,&quot;focal_length&quot;:&quot;0&quot;,&quot;iso&quot;:&quot;0&quot;,&quot;shutter_speed&quot;:&quot;0&quot;,&quot;title&quot;:&quot;&quot;,&quot;orientation&quot;:&quot;0&quot;}\" data-image-title=\"federico annicchiarico cimitero laurentino\" data-image-description=\"\" data-image-caption=\"\" data-medium-file=\"https:\/\/socialdesignmagazine.com\/mag\/wp-content\/uploads\/2013\/07\/benedetto_federico_annicchiarico_federico_annicchiarico_cimitero_laurentino-396x256.jpg\" data-large-file=\"https:\/\/socialdesignmagazine.com\/mag\/wp-content\/uploads\/2013\/07\/benedetto_federico_annicchiarico_federico_annicchiarico_cimitero_laurentino.jpg\" src=\"https:\/\/socialdesignmagazine.com\/mag\/wp-content\/uploads\/2013\/07\/benedetto_federico_annicchiarico_federico_annicchiarico_cimitero_laurentino.jpg\" alt=\"federico annicchiarico cimitero laurentino\" class=\"wp-image-13454\" srcset=\"https:\/\/socialdesignmagazine.com\/mag\/wp-content\/uploads\/2013\/07\/benedetto_federico_annicchiarico_federico_annicchiarico_cimitero_laurentino.jpg 720w, https:\/\/socialdesignmagazine.com\/mag\/wp-content\/uploads\/2013\/07\/benedetto_federico_annicchiarico_federico_annicchiarico_cimitero_laurentino-100x66.jpg 100w\" sizes=\"auto, (max-width: 720px) 100vw, 720px\" \/><\/figure>\n<\/div>\n\n\n<p>Talvolta lo scatto non definisce i limiti spaziali di ci\u00f2 che si riprende ma ne allarga i confini. L\u2019interesse \u00e8 infatti fermare il movimento per narrare l\u2019anima di un\u2019azione.<\/p>\n\n\n\n<p>L\u2019immagine fissa e il movimento di un suono possibile. Cosimo Terlizzi, regista e amico di Federico accoglie il suo invito per realizzare, durante il taglio del nastro (23 luglio, ore 20, Art Core Gallery, Roma) un\u2019opera dedicata alla sua selezione fotografica. Terlizzi compone &#8220;panoramico&#8221;, una serie di tracce sonore dedicate ad ogni immagine proposta, proprio come farebbe un fonico di presa diretta, con la sola eccezione che l\u2019artista, non presente al momento dello scatto, ne trae una personalissima suggestione, dando vita sonora a dei fotogrammi altrimenti muti.<\/p>\n\n\n\n<p>Questa edizione vede protagonista la fotografia, in un ciclo di appuntamenti che indaga le differenti declinazioni della ricerca contemporanea, dalla fotografia di reportage e documentaria, fino ai pi\u00f9 sperimentali progetti di artisti emergenti.<\/p>\n\n\n\n<p>Ad ampliare gli intenti del ciclo di mostre, un autore sar\u00e0 invitato a riflettere sul lavoro del fotografo in mostra, attraverso una composizione letteraria che accompagner\u00e0 le immagini, raccontandole, allargandone lo spazio visivo e creando uno stimolo verso differenti punti di vista.<\/p>\n\n\n<div class=\"wp-block-image\">\n<figure class=\"aligncenter\"><img loading=\"lazy\" decoding=\"async\" width=\"720\" height=\"480\" data-attachment-id=\"13455\" data-permalink=\"https:\/\/socialdesignmagazine.com\/mag\/visual\/federico-annicchiarico-intime-offtime-dal-23-luglio-al-10-settembre-allart-core-gallery-di-roma-quartiere-san-lorenzo\/attachment\/federico-annicchiarico-fumo-bruxelles\/#content\" data-orig-file=\"https:\/\/socialdesignmagazine.com\/mag\/wp-content\/uploads\/2013\/07\/benedetto_federico_annicchiarico_federico_annicchiarico_fumo_bruxelles.jpg\" data-orig-size=\"720,480\" data-comments-opened=\"1\" data-image-meta=\"{&quot;aperture&quot;:&quot;0&quot;,&quot;credit&quot;:&quot;&quot;,&quot;camera&quot;:&quot;Nikon SUPER COOLSCAN 4000 ED&quot;,&quot;caption&quot;:&quot;&quot;,&quot;created_timestamp&quot;:&quot;0&quot;,&quot;copyright&quot;:&quot;&quot;,&quot;focal_length&quot;:&quot;0&quot;,&quot;iso&quot;:&quot;0&quot;,&quot;shutter_speed&quot;:&quot;0&quot;,&quot;title&quot;:&quot;&quot;,&quot;orientation&quot;:&quot;0&quot;}\" data-image-title=\"federico annicchiarico fumo bruxelles\" data-image-description=\"\" data-image-caption=\"\" data-medium-file=\"https:\/\/socialdesignmagazine.com\/mag\/wp-content\/uploads\/2013\/07\/benedetto_federico_annicchiarico_federico_annicchiarico_fumo_bruxelles-396x256.jpg\" data-large-file=\"https:\/\/socialdesignmagazine.com\/mag\/wp-content\/uploads\/2013\/07\/benedetto_federico_annicchiarico_federico_annicchiarico_fumo_bruxelles.jpg\" src=\"https:\/\/socialdesignmagazine.com\/mag\/wp-content\/uploads\/2013\/07\/benedetto_federico_annicchiarico_federico_annicchiarico_fumo_bruxelles.jpg\" alt=\"federico annicchiarico fumo bruxelles\" class=\"wp-image-13455\" srcset=\"https:\/\/socialdesignmagazine.com\/mag\/wp-content\/uploads\/2013\/07\/benedetto_federico_annicchiarico_federico_annicchiarico_fumo_bruxelles.jpg 720w, https:\/\/socialdesignmagazine.com\/mag\/wp-content\/uploads\/2013\/07\/benedetto_federico_annicchiarico_federico_annicchiarico_fumo_bruxelles-100x66.jpg 100w\" sizes=\"auto, (max-width: 720px) 100vw, 720px\" \/><\/figure>\n<\/div>\n\n<div class=\"wp-block-image\">\n<figure class=\"aligncenter\"><img loading=\"lazy\" decoding=\"async\" width=\"720\" height=\"480\" data-attachment-id=\"13456\" data-permalink=\"https:\/\/socialdesignmagazine.com\/mag\/visual\/federico-annicchiarico-intime-offtime-dal-23-luglio-al-10-settembre-allart-core-gallery-di-roma-quartiere-san-lorenzo\/attachment\/federico-annicchiarico-nonna-con-vale\/#content\" data-orig-file=\"https:\/\/socialdesignmagazine.com\/mag\/wp-content\/uploads\/2013\/07\/benedetto_federico_annicchiarico_federico_annicchiarico_nonna_con_vale.jpg\" data-orig-size=\"720,480\" data-comments-opened=\"1\" data-image-meta=\"{&quot;aperture&quot;:&quot;0&quot;,&quot;credit&quot;:&quot;&quot;,&quot;camera&quot;:&quot;Nikon SUPER COOLSCAN 4000 ED&quot;,&quot;caption&quot;:&quot;&quot;,&quot;created_timestamp&quot;:&quot;0&quot;,&quot;copyright&quot;:&quot;&quot;,&quot;focal_length&quot;:&quot;0&quot;,&quot;iso&quot;:&quot;0&quot;,&quot;shutter_speed&quot;:&quot;0&quot;,&quot;title&quot;:&quot;&quot;,&quot;orientation&quot;:&quot;0&quot;}\" data-image-title=\"federico annicchiarico nonna con vale\" data-image-description=\"\" data-image-caption=\"\" data-medium-file=\"https:\/\/socialdesignmagazine.com\/mag\/wp-content\/uploads\/2013\/07\/benedetto_federico_annicchiarico_federico_annicchiarico_nonna_con_vale-396x256.jpg\" data-large-file=\"https:\/\/socialdesignmagazine.com\/mag\/wp-content\/uploads\/2013\/07\/benedetto_federico_annicchiarico_federico_annicchiarico_nonna_con_vale.jpg\" src=\"https:\/\/socialdesignmagazine.com\/mag\/wp-content\/uploads\/2013\/07\/benedetto_federico_annicchiarico_federico_annicchiarico_nonna_con_vale.jpg\" alt=\"federico annicchiarico nonna con vale\" class=\"wp-image-13456\" srcset=\"https:\/\/socialdesignmagazine.com\/mag\/wp-content\/uploads\/2013\/07\/benedetto_federico_annicchiarico_federico_annicchiarico_nonna_con_vale.jpg 720w, https:\/\/socialdesignmagazine.com\/mag\/wp-content\/uploads\/2013\/07\/benedetto_federico_annicchiarico_federico_annicchiarico_nonna_con_vale-100x66.jpg 100w\" sizes=\"auto, (max-width: 720px) 100vw, 720px\" \/><\/figure>\n<\/div>\n\n<div class=\"wp-block-image\">\n<figure class=\"aligncenter\"><img loading=\"lazy\" decoding=\"async\" width=\"720\" height=\"480\" data-attachment-id=\"13457\" data-permalink=\"https:\/\/socialdesignmagazine.com\/mag\/visual\/federico-annicchiarico-intime-offtime-dal-23-luglio-al-10-settembre-allart-core-gallery-di-roma-quartiere-san-lorenzo\/attachment\/federico-annicchiarico-venezia-yoga-su-laguna\/#content\" data-orig-file=\"https:\/\/socialdesignmagazine.com\/mag\/wp-content\/uploads\/2013\/07\/benedetto_federico_annicchiarico_federico_annicchiarico_venezia_yoga_su_laguna.jpg\" data-orig-size=\"720,480\" data-comments-opened=\"1\" data-image-meta=\"{&quot;aperture&quot;:&quot;0&quot;,&quot;credit&quot;:&quot;&quot;,&quot;camera&quot;:&quot;&quot;,&quot;caption&quot;:&quot;&quot;,&quot;created_timestamp&quot;:&quot;0&quot;,&quot;copyright&quot;:&quot;&quot;,&quot;focal_length&quot;:&quot;0&quot;,&quot;iso&quot;:&quot;0&quot;,&quot;shutter_speed&quot;:&quot;0&quot;,&quot;title&quot;:&quot;&quot;,&quot;orientation&quot;:&quot;0&quot;}\" data-image-title=\"federico annicchiarico venezia yoga su laguna\" data-image-description=\"\" data-image-caption=\"\" data-medium-file=\"https:\/\/socialdesignmagazine.com\/mag\/wp-content\/uploads\/2013\/07\/benedetto_federico_annicchiarico_federico_annicchiarico_venezia_yoga_su_laguna-396x256.jpg\" data-large-file=\"https:\/\/socialdesignmagazine.com\/mag\/wp-content\/uploads\/2013\/07\/benedetto_federico_annicchiarico_federico_annicchiarico_venezia_yoga_su_laguna.jpg\" src=\"https:\/\/socialdesignmagazine.com\/mag\/wp-content\/uploads\/2013\/07\/benedetto_federico_annicchiarico_federico_annicchiarico_venezia_yoga_su_laguna.jpg\" alt=\"federico annicchiarico venezia yoga su laguna\" class=\"wp-image-13457\" srcset=\"https:\/\/socialdesignmagazine.com\/mag\/wp-content\/uploads\/2013\/07\/benedetto_federico_annicchiarico_federico_annicchiarico_venezia_yoga_su_laguna.jpg 720w, https:\/\/socialdesignmagazine.com\/mag\/wp-content\/uploads\/2013\/07\/benedetto_federico_annicchiarico_federico_annicchiarico_venezia_yoga_su_laguna-100x66.jpg 100w\" sizes=\"auto, (max-width: 720px) 100vw, 720px\" \/><\/figure>\n<\/div>\n\n\n<p><strong>Inaugurazione:<\/strong> 23.07.2013 ore 20:00<br><span style=\"line-height: 1.3em;\"><strong>Date:<\/strong> dal 24.07.2013 al 10.09.2013<br><\/span><span style=\"line-height: 1.3em;\"><strong>Dove:<\/strong> Art Core Gallery in via dei Marrucini 1\/1a, Roma.<br><\/span><span style=\"line-height: 1.3em;\"><strong>Ingresso:<\/strong> gratuito<br><\/span><span style=\"line-height: 1.3em;\"><strong>Orari:<\/strong> luned\u00ec chiuso, da marted\u00ec a domenica, dalle 18,00 alle 02,00<\/span><\/p>\n\n\n\n<p><strong>Informazioni:<\/strong><br>tel. 06 6892431 \u2013 <a rel=\"nofollow\" href=\"mailto:press@fondazionevolume.com\">press@fondazionevolume.com<br><\/a>sito: <a class=\"jcepopup\" href=\"http:\/\/www.fondazionevolume.com\" target=\"_blank\" rel=\"nofollow noopener\">www.fondazionevolume.com<\/a> \/\/ fb: <a rel=\"nofollow\" href=\"http:\/\/www.facebook.com\/fondazionevolume\">www.facebook.com\/fondazionevolume<br><\/a>sito: www.artcoregallery.it \/\/ fb: www.facebook.com\/artcoregallery.sanlorenzo<\/p>\n","protected":false,"gt_translate_keys":[{"key":"rendered","format":"html"}]},"excerpt":{"rendered":"<p>Intime Offtime, la prima mostra di Federico Annicchiarico.\u00a0Quindici scatti che indagano l\u2019intima relazione tra soggetto e oggetto, tra uomo e spazio, colta dall\u2019occhio discreto del mezzo fotografico.<\/p>\n","protected":false,"gt_translate_keys":[{"key":"rendered","format":"html"}]},"author":1,"featured_media":13452,"comment_status":"open","ping_status":"open","sticky":false,"template":"","format":"standard","meta":{"jetpack_post_was_ever_published":false,"_jetpack_newsletter_access":"","_jetpack_dont_email_post_to_subs":false,"_jetpack_newsletter_tier_id":0,"_jetpack_memberships_contains_paywalled_content":false,"_jetpack_memberships_contains_paid_content":false,"footnotes":"","_wpscppro_dont_share_socialmedia":false,"_wpscppro_custom_social_share_image":0,"_facebook_share_type":"","_twitter_share_type":"","_linkedin_share_type":"","_pinterest_share_type":"","_linkedin_share_type_page":"","_instagram_share_type":"","_medium_share_type":"","_threads_share_type":"","_google_business_share_type":"","_selected_social_profile":[],"_wpsp_enable_custom_social_template":false,"_wpsp_social_scheduling":{"enabled":false,"datetime":null,"platforms":[],"status":"template_only","dateOption":"today","timeOption":"now","customDays":"","customHours":"","customDate":"","customTime":"","schedulingType":"absolute"},"_wpsp_active_default_template":true},"categories":[12],"tags":[339,518,1534],"class_list":["post-2297","post","type-post","status-publish","format-standard","has-post-thumbnail","hentry","category-visual","tag-fotografia","tag-mostra","tag-roma"],"yoast_head":"<!-- This site is optimized with the Yoast SEO plugin v27.2 - https:\/\/yoast.com\/product\/yoast-seo-wordpress\/ -->\n<title>Federico Annicchiarico \/ Intime Offtime, dal 23 luglio al 10 settembre all\u2019Art Core Gallery di Roma, quartiere San Lorenzo - Social Design Magazine<\/title>\n<meta name=\"description\" content=\"Intime Offtime, la prima mostra di Federico Annicchiarico.\u00a0Quindici scatti che indagano l\u2019intima relazione tra soggetto e oggetto, tra uomo e spazio, colta dall\u2019occhio discreto del mezzo fotografico.\" \/>\n<meta name=\"robots\" content=\"index, follow, max-snippet:-1, max-image-preview:large, max-video-preview:-1\" \/>\n<link rel=\"canonical\" href=\"https:\/\/socialdesignmagazine.com\/mag\/visual\/federico-annicchiarico-intime-offtime-dal-23-luglio-al-10-settembre-allart-core-gallery-di-roma-quartiere-san-lorenzo\/\" \/>\n<meta property=\"og:locale\" content=\"it_IT\" \/>\n<meta property=\"og:type\" content=\"article\" \/>\n<meta property=\"og:title\" content=\"Federico Annicchiarico \/ Intime Offtime, dal 23 luglio al 10 settembre all\u2019Art Core Gallery di Roma, quartiere San Lorenzo - Social Design Magazine\" \/>\n<meta property=\"og:description\" content=\"Intime Offtime, la prima mostra di Federico Annicchiarico.\u00a0Quindici scatti che indagano l\u2019intima relazione tra soggetto e oggetto, tra uomo e spazio, colta dall\u2019occhio discreto del mezzo fotografico.\" \/>\n<meta property=\"og:url\" content=\"http:\/\/socialdesignmagazine.com\/mag\/visual\/federico-annicchiarico-intime-offtime-dal-23-luglio-al-10-settembre-allart-core-gallery-di-roma-quartiere-san-lorenzo\/\" \/>\n<meta property=\"og:site_name\" content=\"Social Design Magazine\" \/>\n<meta property=\"article:publisher\" content=\"https:\/\/www.facebook.com\/socialdesignmag\" \/>\n<meta property=\"article:author\" content=\"https:\/\/www.facebook.com\/benedettofiori\" \/>\n<meta property=\"article:published_time\" content=\"2013-07-18T10:01:45+00:00\" \/>\n<meta property=\"article:modified_time\" content=\"2024-06-14T17:45:41+00:00\" \/>\n<meta property=\"og:image\" content=\"https:\/\/socialdesignmagazine.com\/mag\/wp-content\/uploads\/2013\/07\/benedetto_federico_annicchiarico_federico_annicchiarico_power_set.jpg\" \/>\n\t<meta property=\"og:image:width\" content=\"720\" \/>\n\t<meta property=\"og:image:height\" content=\"480\" \/>\n\t<meta property=\"og:image:type\" content=\"image\/jpeg\" \/>\n<meta name=\"author\" content=\"Benedetto Fiori\" \/>\n<meta name=\"twitter:card\" content=\"summary_large_image\" \/>\n<meta name=\"twitter:creator\" content=\"@benedettofiori\" \/>\n<meta name=\"twitter:site\" content=\"@socialdesignmag\" \/>\n<meta name=\"twitter:label1\" content=\"Scritto da\" \/>\n\t<meta name=\"twitter:data1\" content=\"Benedetto Fiori\" \/>\n\t<meta name=\"twitter:label2\" content=\"Tempo di lettura stimato\" \/>\n\t<meta name=\"twitter:data2\" content=\"5 minuti\" \/>\n<script type=\"application\/ld+json\" class=\"yoast-schema-graph\">{\"@context\":\"https:\/\/schema.org\",\"@graph\":[{\"@type\":\"Article\",\"@id\":\"https:\/\/socialdesignmagazine.com\/mag\/visual\/federico-annicchiarico-intime-offtime-dal-23-luglio-al-10-settembre-allart-core-gallery-di-roma-quartiere-san-lorenzo\/#article\",\"isPartOf\":{\"@id\":\"https:\/\/socialdesignmagazine.com\/mag\/visual\/federico-annicchiarico-intime-offtime-dal-23-luglio-al-10-settembre-allart-core-gallery-di-roma-quartiere-san-lorenzo\/\"},\"author\":{\"name\":\"Benedetto Fiori\",\"@id\":\"https:\/\/socialdesignmagazine.com\/mag\/#\/schema\/person\/61e20205cc363c315e6aabd33a045846\"},\"headline\":\"Federico Annicchiarico \/ Intime Offtime, dal 23 luglio al 10 settembre all\u2019Art Core Gallery di Roma, quartiere San Lorenzo\",\"datePublished\":\"2013-07-18T10:01:45+00:00\",\"dateModified\":\"2024-06-14T17:45:41+00:00\",\"mainEntityOfPage\":{\"@id\":\"https:\/\/socialdesignmagazine.com\/mag\/visual\/federico-annicchiarico-intime-offtime-dal-23-luglio-al-10-settembre-allart-core-gallery-di-roma-quartiere-san-lorenzo\/\"},\"wordCount\":583,\"commentCount\":0,\"publisher\":{\"@id\":\"https:\/\/socialdesignmagazine.com\/mag\/#organization\"},\"image\":{\"@id\":\"https:\/\/socialdesignmagazine.com\/mag\/visual\/federico-annicchiarico-intime-offtime-dal-23-luglio-al-10-settembre-allart-core-gallery-di-roma-quartiere-san-lorenzo\/#primaryimage\"},\"thumbnailUrl\":\"https:\/\/socialdesignmagazine.com\/mag\/wp-content\/uploads\/2013\/07\/benedetto_federico_annicchiarico_federico_annicchiarico_power_set.jpg\",\"keywords\":[\"fotografia\",\"mostra\",\"roma\"],\"articleSection\":[\"Visual\"],\"inLanguage\":\"it-IT\",\"potentialAction\":[{\"@type\":\"CommentAction\",\"name\":\"Comment\",\"target\":[\"https:\/\/socialdesignmagazine.com\/mag\/visual\/federico-annicchiarico-intime-offtime-dal-23-luglio-al-10-settembre-allart-core-gallery-di-roma-quartiere-san-lorenzo\/#respond\"]}]},{\"@type\":\"WebPage\",\"@id\":\"https:\/\/socialdesignmagazine.com\/mag\/visual\/federico-annicchiarico-intime-offtime-dal-23-luglio-al-10-settembre-allart-core-gallery-di-roma-quartiere-san-lorenzo\/\",\"url\":\"https:\/\/socialdesignmagazine.com\/mag\/visual\/federico-annicchiarico-intime-offtime-dal-23-luglio-al-10-settembre-allart-core-gallery-di-roma-quartiere-san-lorenzo\/\",\"name\":\"Federico Annicchiarico \/ Intime Offtime, dal 23 luglio al 10 settembre all\u2019Art Core Gallery di Roma, quartiere San Lorenzo - Social Design Magazine\",\"isPartOf\":{\"@id\":\"https:\/\/socialdesignmagazine.com\/mag\/#website\"},\"primaryImageOfPage\":{\"@id\":\"https:\/\/socialdesignmagazine.com\/mag\/visual\/federico-annicchiarico-intime-offtime-dal-23-luglio-al-10-settembre-allart-core-gallery-di-roma-quartiere-san-lorenzo\/#primaryimage\"},\"image\":{\"@id\":\"https:\/\/socialdesignmagazine.com\/mag\/visual\/federico-annicchiarico-intime-offtime-dal-23-luglio-al-10-settembre-allart-core-gallery-di-roma-quartiere-san-lorenzo\/#primaryimage\"},\"thumbnailUrl\":\"https:\/\/socialdesignmagazine.com\/mag\/wp-content\/uploads\/2013\/07\/benedetto_federico_annicchiarico_federico_annicchiarico_power_set.jpg\",\"datePublished\":\"2013-07-18T10:01:45+00:00\",\"dateModified\":\"2024-06-14T17:45:41+00:00\",\"description\":\"Intime Offtime, la prima mostra di Federico Annicchiarico.\u00a0Quindici scatti che indagano l\u2019intima relazione tra soggetto e oggetto, tra uomo e spazio, colta dall\u2019occhio discreto del mezzo fotografico.\",\"breadcrumb\":{\"@id\":\"https:\/\/socialdesignmagazine.com\/mag\/visual\/federico-annicchiarico-intime-offtime-dal-23-luglio-al-10-settembre-allart-core-gallery-di-roma-quartiere-san-lorenzo\/#breadcrumb\"},\"inLanguage\":\"it-IT\",\"potentialAction\":[{\"@type\":\"ReadAction\",\"target\":[\"https:\/\/socialdesignmagazine.com\/mag\/visual\/federico-annicchiarico-intime-offtime-dal-23-luglio-al-10-settembre-allart-core-gallery-di-roma-quartiere-san-lorenzo\/\"]}]},{\"@type\":\"ImageObject\",\"inLanguage\":\"it-IT\",\"@id\":\"https:\/\/socialdesignmagazine.com\/mag\/visual\/federico-annicchiarico-intime-offtime-dal-23-luglio-al-10-settembre-allart-core-gallery-di-roma-quartiere-san-lorenzo\/#primaryimage\",\"url\":\"https:\/\/socialdesignmagazine.com\/mag\/wp-content\/uploads\/2013\/07\/benedetto_federico_annicchiarico_federico_annicchiarico_power_set.jpg\",\"contentUrl\":\"https:\/\/socialdesignmagazine.com\/mag\/wp-content\/uploads\/2013\/07\/benedetto_federico_annicchiarico_federico_annicchiarico_power_set.jpg\",\"width\":720,\"height\":480,\"caption\":\"federico annicchiarico power set\"},{\"@type\":\"BreadcrumbList\",\"@id\":\"https:\/\/socialdesignmagazine.com\/mag\/visual\/federico-annicchiarico-intime-offtime-dal-23-luglio-al-10-settembre-allart-core-gallery-di-roma-quartiere-san-lorenzo\/#breadcrumb\",\"itemListElement\":[{\"@type\":\"ListItem\",\"position\":1,\"name\":\"Home\",\"item\":\"https:\/\/socialdesignmagazine.com\/mag\/\"},{\"@type\":\"ListItem\",\"position\":2,\"name\":\"Visual\",\"item\":\"https:\/\/socialdesignmagazine.com\/mag\/visual\/\"},{\"@type\":\"ListItem\",\"position\":3,\"name\":\"Federico Annicchiarico \/ Intime Offtime, dal 23 luglio al 10 settembre all\u2019Art Core Gallery di Roma, quartiere San Lorenzo\"}]},{\"@type\":\"WebSite\",\"@id\":\"https:\/\/socialdesignmagazine.com\/mag\/#website\",\"url\":\"https:\/\/socialdesignmagazine.com\/mag\/\",\"name\":\"Social Design Magazine\",\"description\":\"Social Magazine su Design, Architettura, Arte, Grafica\",\"publisher\":{\"@id\":\"https:\/\/socialdesignmagazine.com\/mag\/#organization\"},\"potentialAction\":[{\"@type\":\"SearchAction\",\"target\":{\"@type\":\"EntryPoint\",\"urlTemplate\":\"https:\/\/socialdesignmagazine.com\/mag\/?s={search_term_string}\"},\"query-input\":{\"@type\":\"PropertyValueSpecification\",\"valueRequired\":true,\"valueName\":\"search_term_string\"}}],\"inLanguage\":\"it-IT\"},{\"@type\":\"Organization\",\"@id\":\"https:\/\/socialdesignmagazine.com\/mag\/#organization\",\"name\":\"Social Design Magazine\",\"url\":\"https:\/\/socialdesignmagazine.com\/mag\/\",\"logo\":{\"@type\":\"ImageObject\",\"inLanguage\":\"it-IT\",\"@id\":\"https:\/\/socialdesignmagazine.com\/mag\/#\/schema\/logo\/image\/\",\"url\":\"https:\/\/socialdesignmagazine.com\/mag\/wp-content\/uploads\/2017\/01\/logo_favicon_11.png\",\"contentUrl\":\"https:\/\/socialdesignmagazine.com\/mag\/wp-content\/uploads\/2017\/01\/logo_favicon_11.png\",\"width\":1024,\"height\":1024,\"caption\":\"Social Design Magazine\"},\"image\":{\"@id\":\"https:\/\/socialdesignmagazine.com\/mag\/#\/schema\/logo\/image\/\"},\"sameAs\":[\"https:\/\/www.facebook.com\/socialdesignmag\",\"https:\/\/x.com\/socialdesignmag\",\"http:\/\/instagram.com\/social_design_magazine\/\",\"http:\/\/pinterest.com\/socialdesignmag\/\",\"http:\/\/www.youtube.com\/user\/socialdesignmagazine\"]},{\"@type\":\"Person\",\"@id\":\"https:\/\/socialdesignmagazine.com\/mag\/#\/schema\/person\/61e20205cc363c315e6aabd33a045846\",\"name\":\"Benedetto Fiori\",\"image\":{\"@type\":\"ImageObject\",\"inLanguage\":\"it-IT\",\"@id\":\"https:\/\/secure.gravatar.com\/avatar\/450a48cefa36da63d920ad70aa660bd10725b1c6093800242e5efdb397759033?s=96&d=mm&r=g\",\"url\":\"https:\/\/secure.gravatar.com\/avatar\/450a48cefa36da63d920ad70aa660bd10725b1c6093800242e5efdb397759033?s=96&d=mm&r=g\",\"contentUrl\":\"https:\/\/secure.gravatar.com\/avatar\/450a48cefa36da63d920ad70aa660bd10725b1c6093800242e5efdb397759033?s=96&d=mm&r=g\",\"caption\":\"Benedetto Fiori\"},\"description\":\"Web | Twitter | Facebook | Shutterstock Founder &amp; Editor in Chief di Social Design Magazine. Attratto da sempre da tutto ci\u00f2 che \u00e8 creativit\u00e0, design, architettura. Dopo aver studiato Architettura all'Universit\u00e0 di Firenze, si \u00e8 impegnato in molteplici campi: comunicazione grafica, progettazione di allestimenti fieristici, brand design, Interior Design.\",\"sameAs\":[\"http:\/\/benedettofiori.com\",\"https:\/\/www.facebook.com\/benedettofiori\",\"https:\/\/x.com\/benedettofiori\"],\"url\":\"https:\/\/socialdesignmagazine.com\/mag\/author\/benedetto\/\"}]}<\/script>\n<!-- \/ Yoast SEO plugin. -->","yoast_head_json":{"title":"Federico Annicchiarico \/ Intime Offtime, dal 23 luglio al 10 settembre all\u2019Art Core Gallery di Roma, quartiere San Lorenzo - Social Design Magazine","description":"Intime Offtime, la prima mostra di Federico Annicchiarico.\u00a0Quindici scatti che indagano l\u2019intima relazione tra soggetto e oggetto, tra uomo e spazio, colta dall\u2019occhio discreto del mezzo fotografico.","robots":{"index":"index","follow":"follow","max-snippet":"max-snippet:-1","max-image-preview":"max-image-preview:large","max-video-preview":"max-video-preview:-1"},"canonical":"https:\/\/socialdesignmagazine.com\/mag\/visual\/federico-annicchiarico-intime-offtime-dal-23-luglio-al-10-settembre-allart-core-gallery-di-roma-quartiere-san-lorenzo\/","og_locale":"it_IT","og_type":"article","og_title":"Federico Annicchiarico \/ Intime Offtime, dal 23 luglio al 10 settembre all\u2019Art Core Gallery di Roma, quartiere San Lorenzo - Social Design Magazine","og_description":"Intime Offtime, la prima mostra di Federico Annicchiarico.\u00a0Quindici scatti che indagano l\u2019intima relazione tra soggetto e oggetto, tra uomo e spazio, colta dall\u2019occhio discreto del mezzo fotografico.","og_url":"http:\/\/socialdesignmagazine.com\/mag\/visual\/federico-annicchiarico-intime-offtime-dal-23-luglio-al-10-settembre-allart-core-gallery-di-roma-quartiere-san-lorenzo\/","og_site_name":"Social Design Magazine","article_publisher":"https:\/\/www.facebook.com\/socialdesignmag","article_author":"https:\/\/www.facebook.com\/benedettofiori","article_published_time":"2013-07-18T10:01:45+00:00","article_modified_time":"2024-06-14T17:45:41+00:00","og_image":[{"width":720,"height":480,"url":"https:\/\/socialdesignmagazine.com\/mag\/wp-content\/uploads\/2013\/07\/benedetto_federico_annicchiarico_federico_annicchiarico_power_set.jpg","type":"image\/jpeg"}],"author":"Benedetto Fiori","twitter_card":"summary_large_image","twitter_creator":"@benedettofiori","twitter_site":"@socialdesignmag","twitter_misc":{"Scritto da":"Benedetto Fiori","Tempo di lettura stimato":"5 minuti"},"schema":{"@context":"https:\/\/schema.org","@graph":[{"@type":"Article","@id":"https:\/\/socialdesignmagazine.com\/mag\/visual\/federico-annicchiarico-intime-offtime-dal-23-luglio-al-10-settembre-allart-core-gallery-di-roma-quartiere-san-lorenzo\/#article","isPartOf":{"@id":"https:\/\/socialdesignmagazine.com\/mag\/visual\/federico-annicchiarico-intime-offtime-dal-23-luglio-al-10-settembre-allart-core-gallery-di-roma-quartiere-san-lorenzo\/"},"author":{"name":"Benedetto Fiori","@id":"https:\/\/socialdesignmagazine.com\/mag\/#\/schema\/person\/61e20205cc363c315e6aabd33a045846"},"headline":"Federico Annicchiarico \/ Intime Offtime, dal 23 luglio al 10 settembre all\u2019Art Core Gallery di Roma, quartiere San Lorenzo","datePublished":"2013-07-18T10:01:45+00:00","dateModified":"2024-06-14T17:45:41+00:00","mainEntityOfPage":{"@id":"https:\/\/socialdesignmagazine.com\/mag\/visual\/federico-annicchiarico-intime-offtime-dal-23-luglio-al-10-settembre-allart-core-gallery-di-roma-quartiere-san-lorenzo\/"},"wordCount":583,"commentCount":0,"publisher":{"@id":"https:\/\/socialdesignmagazine.com\/mag\/#organization"},"image":{"@id":"https:\/\/socialdesignmagazine.com\/mag\/visual\/federico-annicchiarico-intime-offtime-dal-23-luglio-al-10-settembre-allart-core-gallery-di-roma-quartiere-san-lorenzo\/#primaryimage"},"thumbnailUrl":"https:\/\/socialdesignmagazine.com\/mag\/wp-content\/uploads\/2013\/07\/benedetto_federico_annicchiarico_federico_annicchiarico_power_set.jpg","keywords":["fotografia","mostra","roma"],"articleSection":["Visual"],"inLanguage":"it-IT","potentialAction":[{"@type":"CommentAction","name":"Comment","target":["https:\/\/socialdesignmagazine.com\/mag\/visual\/federico-annicchiarico-intime-offtime-dal-23-luglio-al-10-settembre-allart-core-gallery-di-roma-quartiere-san-lorenzo\/#respond"]}]},{"@type":"WebPage","@id":"https:\/\/socialdesignmagazine.com\/mag\/visual\/federico-annicchiarico-intime-offtime-dal-23-luglio-al-10-settembre-allart-core-gallery-di-roma-quartiere-san-lorenzo\/","url":"https:\/\/socialdesignmagazine.com\/mag\/visual\/federico-annicchiarico-intime-offtime-dal-23-luglio-al-10-settembre-allart-core-gallery-di-roma-quartiere-san-lorenzo\/","name":"Federico Annicchiarico \/ Intime Offtime, dal 23 luglio al 10 settembre all\u2019Art Core Gallery di Roma, quartiere San Lorenzo - Social Design Magazine","isPartOf":{"@id":"https:\/\/socialdesignmagazine.com\/mag\/#website"},"primaryImageOfPage":{"@id":"https:\/\/socialdesignmagazine.com\/mag\/visual\/federico-annicchiarico-intime-offtime-dal-23-luglio-al-10-settembre-allart-core-gallery-di-roma-quartiere-san-lorenzo\/#primaryimage"},"image":{"@id":"https:\/\/socialdesignmagazine.com\/mag\/visual\/federico-annicchiarico-intime-offtime-dal-23-luglio-al-10-settembre-allart-core-gallery-di-roma-quartiere-san-lorenzo\/#primaryimage"},"thumbnailUrl":"https:\/\/socialdesignmagazine.com\/mag\/wp-content\/uploads\/2013\/07\/benedetto_federico_annicchiarico_federico_annicchiarico_power_set.jpg","datePublished":"2013-07-18T10:01:45+00:00","dateModified":"2024-06-14T17:45:41+00:00","description":"Intime Offtime, la prima mostra di Federico Annicchiarico.\u00a0Quindici scatti che indagano l\u2019intima relazione tra soggetto e oggetto, tra uomo e spazio, colta dall\u2019occhio discreto del mezzo fotografico.","breadcrumb":{"@id":"https:\/\/socialdesignmagazine.com\/mag\/visual\/federico-annicchiarico-intime-offtime-dal-23-luglio-al-10-settembre-allart-core-gallery-di-roma-quartiere-san-lorenzo\/#breadcrumb"},"inLanguage":"it-IT","potentialAction":[{"@type":"ReadAction","target":["https:\/\/socialdesignmagazine.com\/mag\/visual\/federico-annicchiarico-intime-offtime-dal-23-luglio-al-10-settembre-allart-core-gallery-di-roma-quartiere-san-lorenzo\/"]}]},{"@type":"ImageObject","inLanguage":"it-IT","@id":"https:\/\/socialdesignmagazine.com\/mag\/visual\/federico-annicchiarico-intime-offtime-dal-23-luglio-al-10-settembre-allart-core-gallery-di-roma-quartiere-san-lorenzo\/#primaryimage","url":"https:\/\/socialdesignmagazine.com\/mag\/wp-content\/uploads\/2013\/07\/benedetto_federico_annicchiarico_federico_annicchiarico_power_set.jpg","contentUrl":"https:\/\/socialdesignmagazine.com\/mag\/wp-content\/uploads\/2013\/07\/benedetto_federico_annicchiarico_federico_annicchiarico_power_set.jpg","width":720,"height":480,"caption":"federico annicchiarico power set"},{"@type":"BreadcrumbList","@id":"https:\/\/socialdesignmagazine.com\/mag\/visual\/federico-annicchiarico-intime-offtime-dal-23-luglio-al-10-settembre-allart-core-gallery-di-roma-quartiere-san-lorenzo\/#breadcrumb","itemListElement":[{"@type":"ListItem","position":1,"name":"Home","item":"https:\/\/socialdesignmagazine.com\/mag\/"},{"@type":"ListItem","position":2,"name":"Visual","item":"https:\/\/socialdesignmagazine.com\/mag\/visual\/"},{"@type":"ListItem","position":3,"name":"Federico Annicchiarico \/ Intime Offtime, dal 23 luglio al 10 settembre all\u2019Art Core Gallery di Roma, quartiere San Lorenzo"}]},{"@type":"WebSite","@id":"https:\/\/socialdesignmagazine.com\/mag\/#website","url":"https:\/\/socialdesignmagazine.com\/mag\/","name":"Social Design Magazine","description":"Social Magazine su Design, Architettura, Arte, Grafica","publisher":{"@id":"https:\/\/socialdesignmagazine.com\/mag\/#organization"},"potentialAction":[{"@type":"SearchAction","target":{"@type":"EntryPoint","urlTemplate":"https:\/\/socialdesignmagazine.com\/mag\/?s={search_term_string}"},"query-input":{"@type":"PropertyValueSpecification","valueRequired":true,"valueName":"search_term_string"}}],"inLanguage":"it-IT"},{"@type":"Organization","@id":"https:\/\/socialdesignmagazine.com\/mag\/#organization","name":"Social Design Magazine","url":"https:\/\/socialdesignmagazine.com\/mag\/","logo":{"@type":"ImageObject","inLanguage":"it-IT","@id":"https:\/\/socialdesignmagazine.com\/mag\/#\/schema\/logo\/image\/","url":"https:\/\/socialdesignmagazine.com\/mag\/wp-content\/uploads\/2017\/01\/logo_favicon_11.png","contentUrl":"https:\/\/socialdesignmagazine.com\/mag\/wp-content\/uploads\/2017\/01\/logo_favicon_11.png","width":1024,"height":1024,"caption":"Social Design Magazine"},"image":{"@id":"https:\/\/socialdesignmagazine.com\/mag\/#\/schema\/logo\/image\/"},"sameAs":["https:\/\/www.facebook.com\/socialdesignmag","https:\/\/x.com\/socialdesignmag","http:\/\/instagram.com\/social_design_magazine\/","http:\/\/pinterest.com\/socialdesignmag\/","http:\/\/www.youtube.com\/user\/socialdesignmagazine"]},{"@type":"Person","@id":"https:\/\/socialdesignmagazine.com\/mag\/#\/schema\/person\/61e20205cc363c315e6aabd33a045846","name":"Benedetto Fiori","image":{"@type":"ImageObject","inLanguage":"it-IT","@id":"https:\/\/secure.gravatar.com\/avatar\/450a48cefa36da63d920ad70aa660bd10725b1c6093800242e5efdb397759033?s=96&d=mm&r=g","url":"https:\/\/secure.gravatar.com\/avatar\/450a48cefa36da63d920ad70aa660bd10725b1c6093800242e5efdb397759033?s=96&d=mm&r=g","contentUrl":"https:\/\/secure.gravatar.com\/avatar\/450a48cefa36da63d920ad70aa660bd10725b1c6093800242e5efdb397759033?s=96&d=mm&r=g","caption":"Benedetto Fiori"},"description":"Web | Twitter | Facebook | Shutterstock Founder &amp; Editor in Chief di Social Design Magazine. Attratto da sempre da tutto ci\u00f2 che \u00e8 creativit\u00e0, design, architettura. Dopo aver studiato Architettura all'Universit\u00e0 di Firenze, si \u00e8 impegnato in molteplici campi: comunicazione grafica, progettazione di allestimenti fieristici, brand design, Interior Design.","sameAs":["http:\/\/benedettofiori.com","https:\/\/www.facebook.com\/benedettofiori","https:\/\/x.com\/benedettofiori"],"url":"https:\/\/socialdesignmagazine.com\/mag\/author\/benedetto\/"}]}},"jetpack_featured_media_url":"https:\/\/socialdesignmagazine.com\/mag\/wp-content\/uploads\/2013\/07\/benedetto_federico_annicchiarico_federico_annicchiarico_power_set.jpg","jetpack_sharing_enabled":true,"jetpack_shortlink":"https:\/\/wp.me\/p6cV7V-B3","gt_translate_keys":[{"key":"link","format":"url"}],"_links":{"self":[{"href":"https:\/\/socialdesignmagazine.com\/mag\/wp-json\/wp\/v2\/posts\/2297","targetHints":{"allow":["GET"]}}],"collection":[{"href":"https:\/\/socialdesignmagazine.com\/mag\/wp-json\/wp\/v2\/posts"}],"about":[{"href":"https:\/\/socialdesignmagazine.com\/mag\/wp-json\/wp\/v2\/types\/post"}],"author":[{"embeddable":true,"href":"https:\/\/socialdesignmagazine.com\/mag\/wp-json\/wp\/v2\/users\/1"}],"replies":[{"embeddable":true,"href":"https:\/\/socialdesignmagazine.com\/mag\/wp-json\/wp\/v2\/comments?post=2297"}],"version-history":[{"count":1,"href":"https:\/\/socialdesignmagazine.com\/mag\/wp-json\/wp\/v2\/posts\/2297\/revisions"}],"predecessor-version":[{"id":62066,"href":"https:\/\/socialdesignmagazine.com\/mag\/wp-json\/wp\/v2\/posts\/2297\/revisions\/62066"}],"wp:featuredmedia":[{"embeddable":true,"href":"https:\/\/socialdesignmagazine.com\/mag\/wp-json\/wp\/v2\/media\/13452"}],"wp:attachment":[{"href":"https:\/\/socialdesignmagazine.com\/mag\/wp-json\/wp\/v2\/media?parent=2297"}],"wp:term":[{"taxonomy":"category","embeddable":true,"href":"https:\/\/socialdesignmagazine.com\/mag\/wp-json\/wp\/v2\/categories?post=2297"},{"taxonomy":"post_tag","embeddable":true,"href":"https:\/\/socialdesignmagazine.com\/mag\/wp-json\/wp\/v2\/tags?post=2297"}],"curies":[{"name":"wp","href":"https:\/\/api.w.org\/{rel}","templated":true}]}}