{"id":23101,"date":"2015-07-10T09:52:29","date_gmt":"2015-07-10T07:52:29","guid":{"rendered":"https:\/\/socialdesignmagazine.com\/mag\/?p=23101"},"modified":"2025-05-11T15:44:18","modified_gmt":"2025-05-11T13:44:18","slug":"inverno-2016-le-nuove-tendenze-scarpe-la-prossima-stagione","status":"publish","type":"post","link":"https:\/\/socialdesignmagazine.com\/mag\/news\/design-news\/inverno-2016-le-nuove-tendenze-scarpe-la-prossima-stagione\/","title":{"rendered":"Inverno 2016: le nuove tendenze scarpe per la prossima stagione","gt_translate_keys":[{"key":"rendered","format":"text"}]},"content":{"rendered":"\n<h2 class=\"wp-block-heading\"><em>Scopriamo insieme cosa propongo gli stilisti in fatto di scarpe per la prossima stagione fredda, quali saranno le novit\u00e0 design, i trend e i must have.<\/em><\/h2>\n\n\n\n<p><strong>La moda si sa, \u00e8 sempre avanti di una stagione rispetto ai nostri armadi<\/strong>, ma c\u2019\u00e8 di vero che ci permette sempre di scoprire in anticipo quali saranno i trand da non perdere per la stagione che verr\u00e0 e di essere sempre al passo con gli stili.<\/p>\n\n\n\n<p><strong>L\u2019estate \u00e8 appena iniziata ma gi\u00e0 le fashion victim pi\u00f9 accanite si stanno preoccupando dei look da indossare<\/strong> e quindi acquistare per la prossima stagione fredda, non soltanto in fatto di abiti ma anche per quel che riguarda gli accessori e le scarpe.<\/p>\n\n\n\n<p>Scopriamo allora insieme quali sono stati i modelli che abbiamo visto sfilare nelle ultime passerelle e <strong>come saranno i nuovi design delle scarpe che porteremo ai nostri piedi.<\/strong><\/p>\n\n\n\n<p><strong>Hugo Boss<\/strong> si concentra sugli stivali: alti che sfiorano il ginocchio, rigorosamente neri e rigidi, eleganti ma comodi e assolutamente perfetti anche per l&#8217;ufficio abbinati a tailler e maxi gonne; oppure lo stivaletto bicolor in bianco e nero da mixare con colori pastello.<\/p>\n\n\n\n<p>Sempre Stivali anche per <strong>Rebecca Minkorff<\/strong> , che li sceglie in nero, scamosciati e altissimi. Li propone in una versione boh\u00e9mien con frange che ricordano gli anni 70 e da abbinare a minigonne di pelle e camicette fiorate. Interessante e molto bella anche la versione bassa sempre con le frange: da portare con i jeans, ma anche con abitini eleganti.<\/p>\n\n\n\n<p>Fedele al suo stile elegante e rigoroso, <strong>Michael Kors<\/strong> propone <strong>mocassini da uomo<\/strong>, rasoterra e allacciati, adatti ad essere indossati in qualsiasi occasione.<\/p>\n\n\n\n<p>Rimangono un must have intramontabile di stagione la <strong>fantasia animalier<\/strong>: splendide le decollet\u00e9 maculate di <strong>Vivienne Westwood<\/strong> o le zebrate di <strong>J Crew<\/strong>, sarete perfettamente glam se deciderete di abbinarle ad un look total black o in contrasto con altre fantasie. Sempre Vivienne Westwood sceglie l\u2019oro per decollet\u00e8 da bambola, per dare un tocco di luce alle fredde giornate invernali: abbinale a <a rel=\"nofollow\" href=\"https:\/\/it.wikipedia.org\/wiki\/Calze\">parigine<\/a> in lurex e minigonne.<\/p>\n\n\n\n<p>Non rinuncia alle sue nuace multicolor Custo Barcellona, che per questo inverno propone stivali rossi in tutte le tonalit\u00e0 e tartan di tutti i colori. Stessa filosofia per quelli di <strong>JW Anderson<\/strong>, in morbida nappa gialla e in rosso poppy.<\/p>\n\n\n\n<p>Ancora nero per <strong>Marc Jacobs<\/strong> che propone le intramontabili decollet\u00e9 iper femminili con tacco alto e sottile allacciate alla caviglia, perfette per la sera.<\/p>\n\n\n\n<p>Per le pi\u00f9 audaci Marc Jacobs propone stivali sopra il ginocchio o cuissard da abbinare a minigonne o maxi gonne trasparenti, rigorosamente per un look total black da sera.<\/p>\n\n\n\n<figure class=\"wp-block-image\"><a href=\"https:\/\/socialdesignmagazine.com\/mag\/wp-content\/uploads\/2015\/07\/HUGO-BOSS-2.jpg\"><img loading=\"lazy\" decoding=\"async\" width=\"880\" height=\"1319\" data-attachment-id=\"23103\" data-permalink=\"https:\/\/socialdesignmagazine.com\/mag\/news\/design-news\/inverno-2016-le-nuove-tendenze-scarpe-la-prossima-stagione\/attachment\/hugo-boss-2\/#content\" data-orig-file=\"https:\/\/socialdesignmagazine.com\/mag\/wp-content\/uploads\/2015\/07\/HUGO-BOSS-2.jpg\" data-orig-size=\"880,1319\" data-comments-opened=\"1\" data-image-meta=\"{&quot;aperture&quot;:&quot;0&quot;,&quot;credit&quot;:&quot;MarcusTondo&quot;,&quot;camera&quot;:&quot;&quot;,&quot;caption&quot;:&quot;&quot;,&quot;created_timestamp&quot;:&quot;0&quot;,&quot;copyright&quot;:&quot;Photo: Marcus Tondo \/ Indigitalimages.com&quot;,&quot;focal_length&quot;:&quot;0&quot;,&quot;iso&quot;:&quot;0&quot;,&quot;shutter_speed&quot;:&quot;0&quot;,&quot;title&quot;:&quot;&quot;,&quot;orientation&quot;:&quot;1&quot;}\" data-image-title=\"HUGO BOSS 2\" data-image-description=\"\" data-image-caption=\"\" data-medium-file=\"https:\/\/socialdesignmagazine.com\/mag\/wp-content\/uploads\/2015\/07\/HUGO-BOSS-2-396x256.jpg\" data-large-file=\"https:\/\/socialdesignmagazine.com\/mag\/wp-content\/uploads\/2015\/07\/HUGO-BOSS-2.jpg\" src=\"https:\/\/socialdesignmagazine.com\/mag\/wp-content\/uploads\/2015\/07\/HUGO-BOSS-2.jpg\" alt=\"HUGO BOSS 2\" class=\"wp-image-23103\" srcset=\"https:\/\/socialdesignmagazine.com\/mag\/wp-content\/uploads\/2015\/07\/HUGO-BOSS-2.jpg 880w, https:\/\/socialdesignmagazine.com\/mag\/wp-content\/uploads\/2015\/07\/HUGO-BOSS-2-768x1151.jpg 768w\" sizes=\"auto, (max-width: 880px) 100vw, 880px\" \/><\/a><\/figure>\n\n\n\n<p><\/p>\n\n\n\n<figure class=\"wp-block-image\"><a href=\"https:\/\/socialdesignmagazine.com\/mag\/wp-content\/uploads\/2015\/07\/Michael-kors-2.jpg\"><img loading=\"lazy\" decoding=\"async\" width=\"880\" height=\"1319\" data-attachment-id=\"23104\" data-permalink=\"https:\/\/socialdesignmagazine.com\/mag\/news\/design-news\/inverno-2016-le-nuove-tendenze-scarpe-la-prossima-stagione\/attachment\/michael-kors-2\/#content\" data-orig-file=\"https:\/\/socialdesignmagazine.com\/mag\/wp-content\/uploads\/2015\/07\/Michael-kors-2.jpg\" data-orig-size=\"880,1319\" data-comments-opened=\"1\" data-image-meta=\"{&quot;aperture&quot;:&quot;0&quot;,&quot;credit&quot;:&quot;&quot;,&quot;camera&quot;:&quot;&quot;,&quot;caption&quot;:&quot;&quot;,&quot;created_timestamp&quot;:&quot;0&quot;,&quot;copyright&quot;:&quot;Photo: Stefano Masse \/ Indigitalimages.com&quot;,&quot;focal_length&quot;:&quot;0&quot;,&quot;iso&quot;:&quot;0&quot;,&quot;shutter_speed&quot;:&quot;0&quot;,&quot;title&quot;:&quot;&quot;,&quot;orientation&quot;:&quot;1&quot;}\" data-image-title=\"Michael kors 2\" data-image-description=\"\" data-image-caption=\"\" data-medium-file=\"https:\/\/socialdesignmagazine.com\/mag\/wp-content\/uploads\/2015\/07\/Michael-kors-2-396x256.jpg\" data-large-file=\"https:\/\/socialdesignmagazine.com\/mag\/wp-content\/uploads\/2015\/07\/Michael-kors-2.jpg\" src=\"https:\/\/socialdesignmagazine.com\/mag\/wp-content\/uploads\/2015\/07\/Michael-kors-2.jpg\" alt=\"Michael kors 2\" class=\"wp-image-23104\" srcset=\"https:\/\/socialdesignmagazine.com\/mag\/wp-content\/uploads\/2015\/07\/Michael-kors-2.jpg 880w, https:\/\/socialdesignmagazine.com\/mag\/wp-content\/uploads\/2015\/07\/Michael-kors-2-768x1151.jpg 768w\" sizes=\"auto, (max-width: 880px) 100vw, 880px\" \/><\/a><\/figure>\n\n\n\n<p><\/p>\n","protected":false,"gt_translate_keys":[{"key":"rendered","format":"html"}]},"excerpt":{"rendered":"<p>Scopriamo insieme cosa propongo gli stilisti in fatto di scarpe per la prossima stagione fredda, quali saranno le novit\u00e0 design, i trend e i must have.<\/p>\n","protected":false,"gt_translate_keys":[{"key":"rendered","format":"html"}]},"author":635,"featured_media":23102,"comment_status":"open","ping_status":"open","sticky":false,"template":"","format":"standard","meta":{"jetpack_post_was_ever_published":false,"_jetpack_newsletter_access":"","_jetpack_dont_email_post_to_subs":false,"_jetpack_newsletter_tier_id":0,"_jetpack_memberships_contains_paywalled_content":false,"_jetpack_memberships_contains_paid_content":false,"footnotes":"","_wpscppro_dont_share_socialmedia":false,"_wpscppro_custom_social_share_image":0,"_facebook_share_type":"","_twitter_share_type":"","_linkedin_share_type":"","_pinterest_share_type":"","_linkedin_share_type_page":"","_instagram_share_type":"","_medium_share_type":"","_threads_share_type":"","_google_business_share_type":"","_selected_social_profile":[],"_wpsp_enable_custom_social_template":false,"_wpsp_social_scheduling":{"enabled":false,"datetime":null,"platforms":[],"status":"template_only","dateOption":"today","timeOption":"now","customDays":"","customHours":"","customDate":"","customTime":"","schedulingType":"absolute"},"_wpsp_active_default_template":true},"categories":[17],"tags":[808,2459,1356,4421],"class_list":["post-23101","post","type-post","status-publish","format-standard","has-post-thumbnail","hentry","category-design-news","tag-fashion","tag-fashion-design","tag-moda","tag-scarpe"],"yoast_head":"<!-- This site is optimized with the Yoast SEO plugin v27.2 - https:\/\/yoast.com\/product\/yoast-seo-wordpress\/ -->\n<title>Inverno 2016: le nuove tendenze scarpe per la prossima stagione - Social Design Magazine<\/title>\n<meta name=\"description\" content=\"Cosa propongo gli stilisti in fatto di scarpe per la prossima stagione fredda, quali saranno le novit\u00e0 design, i trend e i must have.\" \/>\n<meta name=\"robots\" content=\"index, follow, max-snippet:-1, max-image-preview:large, max-video-preview:-1\" \/>\n<link rel=\"canonical\" href=\"https:\/\/socialdesignmagazine.com\/mag\/news\/design-news\/inverno-2016-le-nuove-tendenze-scarpe-la-prossima-stagione\/\" \/>\n<meta property=\"og:locale\" content=\"it_IT\" \/>\n<meta property=\"og:type\" content=\"article\" \/>\n<meta property=\"og:title\" content=\"Inverno 2016: le nuove tendenze scarpe per la prossima stagione - Social Design Magazine\" \/>\n<meta property=\"og:description\" content=\"Cosa propongo gli stilisti in fatto di scarpe per la prossima stagione fredda, quali saranno le novit\u00e0 design, i trend e i must have.\" \/>\n<meta property=\"og:url\" content=\"http:\/\/socialdesignmagazine.com\/mag\/news\/design-news\/inverno-2016-le-nuove-tendenze-scarpe-la-prossima-stagione\/\" \/>\n<meta property=\"og:site_name\" content=\"Social Design Magazine\" \/>\n<meta property=\"article:publisher\" content=\"https:\/\/www.facebook.com\/socialdesignmag\" \/>\n<meta property=\"article:published_time\" content=\"2015-07-10T07:52:29+00:00\" \/>\n<meta property=\"article:modified_time\" content=\"2025-05-11T13:44:18+00:00\" \/>\n<meta property=\"og:image\" content=\"https:\/\/socialdesignmagazine.com\/mag\/wp-content\/uploads\/2015\/07\/custo-1024x614-2.jpg\" \/>\n\t<meta property=\"og:image:width\" content=\"880\" \/>\n\t<meta property=\"og:image:height\" content=\"528\" \/>\n\t<meta property=\"og:image:type\" content=\"image\/jpeg\" \/>\n<meta name=\"author\" content=\"Chiara Bucalossi\" \/>\n<meta name=\"twitter:card\" content=\"summary_large_image\" \/>\n<meta name=\"twitter:creator\" content=\"@socialdesignmag\" \/>\n<meta name=\"twitter:site\" content=\"@socialdesignmag\" \/>\n<meta name=\"twitter:label1\" content=\"Scritto da\" \/>\n\t<meta name=\"twitter:data1\" content=\"Chiara Bucalossi\" \/>\n\t<meta name=\"twitter:label2\" content=\"Tempo di lettura stimato\" \/>\n\t<meta name=\"twitter:data2\" content=\"3 minuti\" \/>\n<script type=\"application\/ld+json\" class=\"yoast-schema-graph\">{\"@context\":\"https:\/\/schema.org\",\"@graph\":[{\"@type\":\"Article\",\"@id\":\"https:\/\/socialdesignmagazine.com\/mag\/news\/design-news\/inverno-2016-le-nuove-tendenze-scarpe-la-prossima-stagione\/#article\",\"isPartOf\":{\"@id\":\"https:\/\/socialdesignmagazine.com\/mag\/news\/design-news\/inverno-2016-le-nuove-tendenze-scarpe-la-prossima-stagione\/\"},\"author\":{\"name\":\"Chiara Bucalossi\",\"@id\":\"https:\/\/socialdesignmagazine.com\/mag\/#\/schema\/person\/06845884a90bdf8df9c9e64f59bcc72b\"},\"headline\":\"Inverno 2016: le nuove tendenze scarpe per la prossima stagione\",\"datePublished\":\"2015-07-10T07:52:29+00:00\",\"dateModified\":\"2025-05-11T13:44:18+00:00\",\"mainEntityOfPage\":{\"@id\":\"https:\/\/socialdesignmagazine.com\/mag\/news\/design-news\/inverno-2016-le-nuove-tendenze-scarpe-la-prossima-stagione\/\"},\"wordCount\":439,\"commentCount\":0,\"publisher\":{\"@id\":\"https:\/\/socialdesignmagazine.com\/mag\/#organization\"},\"image\":{\"@id\":\"https:\/\/socialdesignmagazine.com\/mag\/news\/design-news\/inverno-2016-le-nuove-tendenze-scarpe-la-prossima-stagione\/#primaryimage\"},\"thumbnailUrl\":\"https:\/\/socialdesignmagazine.com\/mag\/wp-content\/uploads\/2015\/07\/custo-1024x614-2.jpg\",\"keywords\":[\"fashion\",\"fashion design\",\"moda\",\"Scarpe\"],\"articleSection\":[\"Design News\"],\"inLanguage\":\"it-IT\",\"potentialAction\":[{\"@type\":\"CommentAction\",\"name\":\"Comment\",\"target\":[\"https:\/\/socialdesignmagazine.com\/mag\/news\/design-news\/inverno-2016-le-nuove-tendenze-scarpe-la-prossima-stagione\/#respond\"]}]},{\"@type\":\"WebPage\",\"@id\":\"https:\/\/socialdesignmagazine.com\/mag\/news\/design-news\/inverno-2016-le-nuove-tendenze-scarpe-la-prossima-stagione\/\",\"url\":\"https:\/\/socialdesignmagazine.com\/mag\/news\/design-news\/inverno-2016-le-nuove-tendenze-scarpe-la-prossima-stagione\/\",\"name\":\"Inverno 2016: le nuove tendenze scarpe per la prossima stagione - Social Design Magazine\",\"isPartOf\":{\"@id\":\"https:\/\/socialdesignmagazine.com\/mag\/#website\"},\"primaryImageOfPage\":{\"@id\":\"https:\/\/socialdesignmagazine.com\/mag\/news\/design-news\/inverno-2016-le-nuove-tendenze-scarpe-la-prossima-stagione\/#primaryimage\"},\"image\":{\"@id\":\"https:\/\/socialdesignmagazine.com\/mag\/news\/design-news\/inverno-2016-le-nuove-tendenze-scarpe-la-prossima-stagione\/#primaryimage\"},\"thumbnailUrl\":\"https:\/\/socialdesignmagazine.com\/mag\/wp-content\/uploads\/2015\/07\/custo-1024x614-2.jpg\",\"datePublished\":\"2015-07-10T07:52:29+00:00\",\"dateModified\":\"2025-05-11T13:44:18+00:00\",\"description\":\"Cosa propongo gli stilisti in fatto di scarpe per la prossima stagione fredda, quali saranno le novit\u00e0 design, i trend e i must have.\",\"breadcrumb\":{\"@id\":\"https:\/\/socialdesignmagazine.com\/mag\/news\/design-news\/inverno-2016-le-nuove-tendenze-scarpe-la-prossima-stagione\/#breadcrumb\"},\"inLanguage\":\"it-IT\",\"potentialAction\":[{\"@type\":\"ReadAction\",\"target\":[\"https:\/\/socialdesignmagazine.com\/mag\/news\/design-news\/inverno-2016-le-nuove-tendenze-scarpe-la-prossima-stagione\/\"]}]},{\"@type\":\"ImageObject\",\"inLanguage\":\"it-IT\",\"@id\":\"https:\/\/socialdesignmagazine.com\/mag\/news\/design-news\/inverno-2016-le-nuove-tendenze-scarpe-la-prossima-stagione\/#primaryimage\",\"url\":\"https:\/\/socialdesignmagazine.com\/mag\/wp-content\/uploads\/2015\/07\/custo-1024x614-2.jpg\",\"contentUrl\":\"https:\/\/socialdesignmagazine.com\/mag\/wp-content\/uploads\/2015\/07\/custo-1024x614-2.jpg\",\"width\":880,\"height\":528},{\"@type\":\"BreadcrumbList\",\"@id\":\"https:\/\/socialdesignmagazine.com\/mag\/news\/design-news\/inverno-2016-le-nuove-tendenze-scarpe-la-prossima-stagione\/#breadcrumb\",\"itemListElement\":[{\"@type\":\"ListItem\",\"position\":1,\"name\":\"Home\",\"item\":\"https:\/\/socialdesignmagazine.com\/mag\/\"},{\"@type\":\"ListItem\",\"position\":2,\"name\":\"News\",\"item\":\"https:\/\/socialdesignmagazine.com\/mag\/news\/\"},{\"@type\":\"ListItem\",\"position\":3,\"name\":\"Design News\",\"item\":\"https:\/\/socialdesignmagazine.com\/mag\/news\/design-news\/\"},{\"@type\":\"ListItem\",\"position\":4,\"name\":\"Inverno 2016: le nuove tendenze scarpe per la prossima stagione\"}]},{\"@type\":\"WebSite\",\"@id\":\"https:\/\/socialdesignmagazine.com\/mag\/#website\",\"url\":\"https:\/\/socialdesignmagazine.com\/mag\/\",\"name\":\"Social Design Magazine\",\"description\":\"Social Magazine su Design, Architettura, Arte, Grafica\",\"publisher\":{\"@id\":\"https:\/\/socialdesignmagazine.com\/mag\/#organization\"},\"potentialAction\":[{\"@type\":\"SearchAction\",\"target\":{\"@type\":\"EntryPoint\",\"urlTemplate\":\"https:\/\/socialdesignmagazine.com\/mag\/?s={search_term_string}\"},\"query-input\":{\"@type\":\"PropertyValueSpecification\",\"valueRequired\":true,\"valueName\":\"search_term_string\"}}],\"inLanguage\":\"it-IT\"},{\"@type\":\"Organization\",\"@id\":\"https:\/\/socialdesignmagazine.com\/mag\/#organization\",\"name\":\"Social Design Magazine\",\"url\":\"https:\/\/socialdesignmagazine.com\/mag\/\",\"logo\":{\"@type\":\"ImageObject\",\"inLanguage\":\"it-IT\",\"@id\":\"https:\/\/socialdesignmagazine.com\/mag\/#\/schema\/logo\/image\/\",\"url\":\"https:\/\/socialdesignmagazine.com\/mag\/wp-content\/uploads\/2017\/01\/logo_favicon_11.png\",\"contentUrl\":\"https:\/\/socialdesignmagazine.com\/mag\/wp-content\/uploads\/2017\/01\/logo_favicon_11.png\",\"width\":1024,\"height\":1024,\"caption\":\"Social Design Magazine\"},\"image\":{\"@id\":\"https:\/\/socialdesignmagazine.com\/mag\/#\/schema\/logo\/image\/\"},\"sameAs\":[\"https:\/\/www.facebook.com\/socialdesignmag\",\"https:\/\/x.com\/socialdesignmag\",\"http:\/\/instagram.com\/social_design_magazine\/\",\"http:\/\/pinterest.com\/socialdesignmag\/\",\"http:\/\/www.youtube.com\/user\/socialdesignmagazine\"]},{\"@type\":\"Person\",\"@id\":\"https:\/\/socialdesignmagazine.com\/mag\/#\/schema\/person\/06845884a90bdf8df9c9e64f59bcc72b\",\"name\":\"Chiara Bucalossi\",\"image\":{\"@type\":\"ImageObject\",\"inLanguage\":\"it-IT\",\"@id\":\"https:\/\/secure.gravatar.com\/avatar\/f138308a5995bcd83926c1991b6b52c688087941dcbdc048c86791224afdd077?s=96&d=mm&r=g\",\"url\":\"https:\/\/secure.gravatar.com\/avatar\/f138308a5995bcd83926c1991b6b52c688087941dcbdc048c86791224afdd077?s=96&d=mm&r=g\",\"contentUrl\":\"https:\/\/secure.gravatar.com\/avatar\/f138308a5995bcd83926c1991b6b52c688087941dcbdc048c86791224afdd077?s=96&d=mm&r=g\",\"caption\":\"Chiara Bucalossi\"},\"url\":\"https:\/\/socialdesignmagazine.com\/mag\/author\/chiaraweb\/\"}]}<\/script>\n<!-- \/ Yoast SEO plugin. -->","yoast_head_json":{"title":"Inverno 2016: le nuove tendenze scarpe per la prossima stagione - Social Design Magazine","description":"Cosa propongo gli stilisti in fatto di scarpe per la prossima stagione fredda, quali saranno le novit\u00e0 design, i trend e i must have.","robots":{"index":"index","follow":"follow","max-snippet":"max-snippet:-1","max-image-preview":"max-image-preview:large","max-video-preview":"max-video-preview:-1"},"canonical":"https:\/\/socialdesignmagazine.com\/mag\/news\/design-news\/inverno-2016-le-nuove-tendenze-scarpe-la-prossima-stagione\/","og_locale":"it_IT","og_type":"article","og_title":"Inverno 2016: le nuove tendenze scarpe per la prossima stagione - Social Design Magazine","og_description":"Cosa propongo gli stilisti in fatto di scarpe per la prossima stagione fredda, quali saranno le novit\u00e0 design, i trend e i must have.","og_url":"http:\/\/socialdesignmagazine.com\/mag\/news\/design-news\/inverno-2016-le-nuove-tendenze-scarpe-la-prossima-stagione\/","og_site_name":"Social Design Magazine","article_publisher":"https:\/\/www.facebook.com\/socialdesignmag","article_published_time":"2015-07-10T07:52:29+00:00","article_modified_time":"2025-05-11T13:44:18+00:00","og_image":[{"width":880,"height":528,"url":"https:\/\/socialdesignmagazine.com\/mag\/wp-content\/uploads\/2015\/07\/custo-1024x614-2.jpg","type":"image\/jpeg"}],"author":"Chiara Bucalossi","twitter_card":"summary_large_image","twitter_creator":"@socialdesignmag","twitter_site":"@socialdesignmag","twitter_misc":{"Scritto da":"Chiara Bucalossi","Tempo di lettura stimato":"3 minuti"},"schema":{"@context":"https:\/\/schema.org","@graph":[{"@type":"Article","@id":"https:\/\/socialdesignmagazine.com\/mag\/news\/design-news\/inverno-2016-le-nuove-tendenze-scarpe-la-prossima-stagione\/#article","isPartOf":{"@id":"https:\/\/socialdesignmagazine.com\/mag\/news\/design-news\/inverno-2016-le-nuove-tendenze-scarpe-la-prossima-stagione\/"},"author":{"name":"Chiara Bucalossi","@id":"https:\/\/socialdesignmagazine.com\/mag\/#\/schema\/person\/06845884a90bdf8df9c9e64f59bcc72b"},"headline":"Inverno 2016: le nuove tendenze scarpe per la prossima stagione","datePublished":"2015-07-10T07:52:29+00:00","dateModified":"2025-05-11T13:44:18+00:00","mainEntityOfPage":{"@id":"https:\/\/socialdesignmagazine.com\/mag\/news\/design-news\/inverno-2016-le-nuove-tendenze-scarpe-la-prossima-stagione\/"},"wordCount":439,"commentCount":0,"publisher":{"@id":"https:\/\/socialdesignmagazine.com\/mag\/#organization"},"image":{"@id":"https:\/\/socialdesignmagazine.com\/mag\/news\/design-news\/inverno-2016-le-nuove-tendenze-scarpe-la-prossima-stagione\/#primaryimage"},"thumbnailUrl":"https:\/\/socialdesignmagazine.com\/mag\/wp-content\/uploads\/2015\/07\/custo-1024x614-2.jpg","keywords":["fashion","fashion design","moda","Scarpe"],"articleSection":["Design News"],"inLanguage":"it-IT","potentialAction":[{"@type":"CommentAction","name":"Comment","target":["https:\/\/socialdesignmagazine.com\/mag\/news\/design-news\/inverno-2016-le-nuove-tendenze-scarpe-la-prossima-stagione\/#respond"]}]},{"@type":"WebPage","@id":"https:\/\/socialdesignmagazine.com\/mag\/news\/design-news\/inverno-2016-le-nuove-tendenze-scarpe-la-prossima-stagione\/","url":"https:\/\/socialdesignmagazine.com\/mag\/news\/design-news\/inverno-2016-le-nuove-tendenze-scarpe-la-prossima-stagione\/","name":"Inverno 2016: le nuove tendenze scarpe per la prossima stagione - Social Design Magazine","isPartOf":{"@id":"https:\/\/socialdesignmagazine.com\/mag\/#website"},"primaryImageOfPage":{"@id":"https:\/\/socialdesignmagazine.com\/mag\/news\/design-news\/inverno-2016-le-nuove-tendenze-scarpe-la-prossima-stagione\/#primaryimage"},"image":{"@id":"https:\/\/socialdesignmagazine.com\/mag\/news\/design-news\/inverno-2016-le-nuove-tendenze-scarpe-la-prossima-stagione\/#primaryimage"},"thumbnailUrl":"https:\/\/socialdesignmagazine.com\/mag\/wp-content\/uploads\/2015\/07\/custo-1024x614-2.jpg","datePublished":"2015-07-10T07:52:29+00:00","dateModified":"2025-05-11T13:44:18+00:00","description":"Cosa propongo gli stilisti in fatto di scarpe per la prossima stagione fredda, quali saranno le novit\u00e0 design, i trend e i must have.","breadcrumb":{"@id":"https:\/\/socialdesignmagazine.com\/mag\/news\/design-news\/inverno-2016-le-nuove-tendenze-scarpe-la-prossima-stagione\/#breadcrumb"},"inLanguage":"it-IT","potentialAction":[{"@type":"ReadAction","target":["https:\/\/socialdesignmagazine.com\/mag\/news\/design-news\/inverno-2016-le-nuove-tendenze-scarpe-la-prossima-stagione\/"]}]},{"@type":"ImageObject","inLanguage":"it-IT","@id":"https:\/\/socialdesignmagazine.com\/mag\/news\/design-news\/inverno-2016-le-nuove-tendenze-scarpe-la-prossima-stagione\/#primaryimage","url":"https:\/\/socialdesignmagazine.com\/mag\/wp-content\/uploads\/2015\/07\/custo-1024x614-2.jpg","contentUrl":"https:\/\/socialdesignmagazine.com\/mag\/wp-content\/uploads\/2015\/07\/custo-1024x614-2.jpg","width":880,"height":528},{"@type":"BreadcrumbList","@id":"https:\/\/socialdesignmagazine.com\/mag\/news\/design-news\/inverno-2016-le-nuove-tendenze-scarpe-la-prossima-stagione\/#breadcrumb","itemListElement":[{"@type":"ListItem","position":1,"name":"Home","item":"https:\/\/socialdesignmagazine.com\/mag\/"},{"@type":"ListItem","position":2,"name":"News","item":"https:\/\/socialdesignmagazine.com\/mag\/news\/"},{"@type":"ListItem","position":3,"name":"Design News","item":"https:\/\/socialdesignmagazine.com\/mag\/news\/design-news\/"},{"@type":"ListItem","position":4,"name":"Inverno 2016: le nuove tendenze scarpe per la prossima stagione"}]},{"@type":"WebSite","@id":"https:\/\/socialdesignmagazine.com\/mag\/#website","url":"https:\/\/socialdesignmagazine.com\/mag\/","name":"Social Design Magazine","description":"Social Magazine su Design, Architettura, Arte, Grafica","publisher":{"@id":"https:\/\/socialdesignmagazine.com\/mag\/#organization"},"potentialAction":[{"@type":"SearchAction","target":{"@type":"EntryPoint","urlTemplate":"https:\/\/socialdesignmagazine.com\/mag\/?s={search_term_string}"},"query-input":{"@type":"PropertyValueSpecification","valueRequired":true,"valueName":"search_term_string"}}],"inLanguage":"it-IT"},{"@type":"Organization","@id":"https:\/\/socialdesignmagazine.com\/mag\/#organization","name":"Social Design Magazine","url":"https:\/\/socialdesignmagazine.com\/mag\/","logo":{"@type":"ImageObject","inLanguage":"it-IT","@id":"https:\/\/socialdesignmagazine.com\/mag\/#\/schema\/logo\/image\/","url":"https:\/\/socialdesignmagazine.com\/mag\/wp-content\/uploads\/2017\/01\/logo_favicon_11.png","contentUrl":"https:\/\/socialdesignmagazine.com\/mag\/wp-content\/uploads\/2017\/01\/logo_favicon_11.png","width":1024,"height":1024,"caption":"Social Design Magazine"},"image":{"@id":"https:\/\/socialdesignmagazine.com\/mag\/#\/schema\/logo\/image\/"},"sameAs":["https:\/\/www.facebook.com\/socialdesignmag","https:\/\/x.com\/socialdesignmag","http:\/\/instagram.com\/social_design_magazine\/","http:\/\/pinterest.com\/socialdesignmag\/","http:\/\/www.youtube.com\/user\/socialdesignmagazine"]},{"@type":"Person","@id":"https:\/\/socialdesignmagazine.com\/mag\/#\/schema\/person\/06845884a90bdf8df9c9e64f59bcc72b","name":"Chiara Bucalossi","image":{"@type":"ImageObject","inLanguage":"it-IT","@id":"https:\/\/secure.gravatar.com\/avatar\/f138308a5995bcd83926c1991b6b52c688087941dcbdc048c86791224afdd077?s=96&d=mm&r=g","url":"https:\/\/secure.gravatar.com\/avatar\/f138308a5995bcd83926c1991b6b52c688087941dcbdc048c86791224afdd077?s=96&d=mm&r=g","contentUrl":"https:\/\/secure.gravatar.com\/avatar\/f138308a5995bcd83926c1991b6b52c688087941dcbdc048c86791224afdd077?s=96&d=mm&r=g","caption":"Chiara Bucalossi"},"url":"https:\/\/socialdesignmagazine.com\/mag\/author\/chiaraweb\/"}]}},"jetpack_featured_media_url":"https:\/\/socialdesignmagazine.com\/mag\/wp-content\/uploads\/2015\/07\/custo-1024x614-2.jpg","jetpack_sharing_enabled":true,"jetpack_shortlink":"https:\/\/wp.me\/p6cV7V-60B","gt_translate_keys":[{"key":"link","format":"url"}],"_links":{"self":[{"href":"https:\/\/socialdesignmagazine.com\/mag\/wp-json\/wp\/v2\/posts\/23101","targetHints":{"allow":["GET"]}}],"collection":[{"href":"https:\/\/socialdesignmagazine.com\/mag\/wp-json\/wp\/v2\/posts"}],"about":[{"href":"https:\/\/socialdesignmagazine.com\/mag\/wp-json\/wp\/v2\/types\/post"}],"author":[{"embeddable":true,"href":"https:\/\/socialdesignmagazine.com\/mag\/wp-json\/wp\/v2\/users\/635"}],"replies":[{"embeddable":true,"href":"https:\/\/socialdesignmagazine.com\/mag\/wp-json\/wp\/v2\/comments?post=23101"}],"version-history":[{"count":3,"href":"https:\/\/socialdesignmagazine.com\/mag\/wp-json\/wp\/v2\/posts\/23101\/revisions"}],"predecessor-version":[{"id":65057,"href":"https:\/\/socialdesignmagazine.com\/mag\/wp-json\/wp\/v2\/posts\/23101\/revisions\/65057"}],"wp:featuredmedia":[{"embeddable":true,"href":"https:\/\/socialdesignmagazine.com\/mag\/wp-json\/wp\/v2\/media\/23102"}],"wp:attachment":[{"href":"https:\/\/socialdesignmagazine.com\/mag\/wp-json\/wp\/v2\/media?parent=23101"}],"wp:term":[{"taxonomy":"category","embeddable":true,"href":"https:\/\/socialdesignmagazine.com\/mag\/wp-json\/wp\/v2\/categories?post=23101"},{"taxonomy":"post_tag","embeddable":true,"href":"https:\/\/socialdesignmagazine.com\/mag\/wp-json\/wp\/v2\/tags?post=23101"}],"curies":[{"name":"wp","href":"https:\/\/api.w.org\/{rel}","templated":true}]}}