{"id":23130,"date":"2015-07-13T12:00:37","date_gmt":"2015-07-13T10:00:37","guid":{"rendered":"https:\/\/socialdesignmagazine.com\/mag\/?p=23130"},"modified":"2022-06-03T09:10:12","modified_gmt":"2022-06-03T07:10:12","slug":"giulio-iacchetti-disegna-i-pattern-di-labyrinth-la-nuova-collezione-di-ceramiche-refin-cersaie-2015","status":"publish","type":"post","link":"https:\/\/socialdesignmagazine.com\/mag\/news\/architettura-news\/giulio-iacchetti-disegna-i-pattern-di-labyrinth-la-nuova-collezione-di-ceramiche-refin-cersaie-2015\/","title":{"rendered":"Giulio Iacchetti disegna i pattern di Labyrinth la nuova collezione di Ceramiche Refin, Cersaie 2015","gt_translate_keys":[{"key":"rendered","format":"text"}]},"content":{"rendered":"<h2>Tracce e segni che nascono da un passato mitologico. I pattern della nuova collezione Labyrinth, disegnati da Giulio Iacchetti, che DesignTaleStudio presenter\u00e0 in anteprima a Cersaie 2015, sono un omaggio ad alcune immagini leggendarie dell\u2019antichit\u00e0 classica.<\/h2>\n<p>Intrighi di linee, sovrapposizioni e tracciati inestricabili costituiscono infatti un tema archetipico che nello sviluppo bi e tridimensionale ha affascinato letterati e artisti, poeti e architetti, intenti a confinare il caos entro una parvenza di ordine.<\/p>\n<p>Dalle illusioni impresse sulla pietra o nel verde, agli innumerevoli disegni di Giovanni Battista Piranesi: i pi\u00f9 arditi hanno osato affrontare il tema del \u201csenza fine\u201d facendone un vero e proprio manifesto grafico e concettuale. Non ultimo il designer Giulio Iacchetti, che ha voluto affrontare la sfida prontamente accolta da DesignTaleStudio: \u201cPensare e progettare una superficie per me significa provare a lambire il concetto di infinito e tridimensionalit\u00e0, partendo da un disegno modulare che si estende senza limiti nello spazio\u201d.<\/p>\n<p>Labyrinth evoca il senso di profondit\u00e0 e di smarrimento con l\u2019alternanza di tracciati a zig zag, linee spezzate su livelli diversi, fili lineari e complessit\u00e0 geometriche. L\u2019idea esalta le potenzialit\u00e0 espressiva del rivestimento ceramico e diventa un manoscritto sintetico di esperienze passate, condensate e rivissute per consegnare un prodotto intriso di valore culturale, di utopie mentali e sogni di infinto.<\/p>\n<p>Con questa collezione l\u2019azienda conferma la propria volont\u00e0 di proseguire la ricerca su un utilizzo, mediante tecnologie innovative, di un\u2019iconografia mutuata dalla storia, che viene tradotta di volta in volta in trame contemporanee e design, portatrici di un messaggio che si spinge ben oltre il semplice concetto di decorazione.<\/p>\n<p>Labyrinth e le altre novit\u00e0 Refin 2015 verranno presentate in occasione della preview riservata alla stampa, presso lo stand dell\u2019azienda al Cersaie.<\/p>\n<p>&nbsp;<\/p>\n<p><a href=\"https:\/\/socialdesignmagazine.com\/mag\/wp-content\/uploads\/2015\/07\/Labyrinth-struttura_social_design_magazine.jpeg\"><img loading=\"lazy\" decoding=\"async\" data-attachment-id=\"23132\" data-permalink=\"https:\/\/socialdesignmagazine.com\/mag\/news\/architettura-news\/giulio-iacchetti-disegna-i-pattern-di-labyrinth-la-nuova-collezione-di-ceramiche-refin-cersaie-2015\/attachment\/labyrinth-struttura_social_design_magazine-jpeg\/#content\" data-orig-file=\"https:\/\/socialdesignmagazine.com\/mag\/wp-content\/uploads\/2015\/07\/Labyrinth-struttura_social_design_magazine.jpeg\" data-orig-size=\"880,439\" data-comments-opened=\"1\" data-image-meta=\"{&quot;aperture&quot;:&quot;0&quot;,&quot;credit&quot;:&quot;&quot;,&quot;camera&quot;:&quot;&quot;,&quot;caption&quot;:&quot;&quot;,&quot;created_timestamp&quot;:&quot;0&quot;,&quot;copyright&quot;:&quot;&quot;,&quot;focal_length&quot;:&quot;0&quot;,&quot;iso&quot;:&quot;0&quot;,&quot;shutter_speed&quot;:&quot;0&quot;,&quot;title&quot;:&quot;&quot;,&quot;orientation&quot;:&quot;0&quot;}\" data-image-title=\"Labyrinth struttura\" data-image-description=\"\" data-image-caption=\"\" data-medium-file=\"https:\/\/socialdesignmagazine.com\/mag\/wp-content\/uploads\/2015\/07\/Labyrinth-struttura_social_design_magazine-396x256.jpeg\" data-large-file=\"https:\/\/socialdesignmagazine.com\/mag\/wp-content\/uploads\/2015\/07\/Labyrinth-struttura_social_design_magazine.jpeg\" class=\"alignnone size-full wp-image-23132\" src=\"https:\/\/socialdesignmagazine.com\/mag\/wp-content\/uploads\/2015\/07\/Labyrinth-struttura_social_design_magazine.jpeg\" alt=\"Labyrinth struttura\" width=\"880\" height=\"439\" srcset=\"https:\/\/socialdesignmagazine.com\/mag\/wp-content\/uploads\/2015\/07\/Labyrinth-struttura_social_design_magazine.jpeg 880w, https:\/\/socialdesignmagazine.com\/mag\/wp-content\/uploads\/2015\/07\/Labyrinth-struttura_social_design_magazine-768x383.jpeg 768w\" sizes=\"auto, (max-width: 880px) 100vw, 880px\" \/><\/a><\/p>\n<p><a href=\"https:\/\/socialdesignmagazine.com\/mag\/wp-content\/uploads\/2015\/07\/processo3-Labyrinth-Giulio_Iacchetti-copy_social_design_magazine.jpeg\"><img loading=\"lazy\" decoding=\"async\" data-attachment-id=\"23134\" data-permalink=\"https:\/\/socialdesignmagazine.com\/mag\/news\/architettura-news\/giulio-iacchetti-disegna-i-pattern-di-labyrinth-la-nuova-collezione-di-ceramiche-refin-cersaie-2015\/attachment\/processo3-labyrinth-giulio_iacchetti-copy_social_design_magazine-jpeg\/#content\" data-orig-file=\"https:\/\/socialdesignmagazine.com\/mag\/wp-content\/uploads\/2015\/07\/processo3-Labyrinth-Giulio_Iacchetti-copy_social_design_magazine.jpeg\" data-orig-size=\"880,659\" data-comments-opened=\"1\" data-image-meta=\"{&quot;aperture&quot;:&quot;0&quot;,&quot;credit&quot;:&quot;&quot;,&quot;camera&quot;:&quot;&quot;,&quot;caption&quot;:&quot;&quot;,&quot;created_timestamp&quot;:&quot;0&quot;,&quot;copyright&quot;:&quot;&quot;,&quot;focal_length&quot;:&quot;0&quot;,&quot;iso&quot;:&quot;0&quot;,&quot;shutter_speed&quot;:&quot;0&quot;,&quot;title&quot;:&quot;&quot;,&quot;orientation&quot;:&quot;0&quot;}\" data-image-title=\"Labyrinth processo Giulio iacchetti\" data-image-description=\"\" data-image-caption=\"\" data-medium-file=\"https:\/\/socialdesignmagazine.com\/mag\/wp-content\/uploads\/2015\/07\/processo3-Labyrinth-Giulio_Iacchetti-copy_social_design_magazine-396x256.jpeg\" data-large-file=\"https:\/\/socialdesignmagazine.com\/mag\/wp-content\/uploads\/2015\/07\/processo3-Labyrinth-Giulio_Iacchetti-copy_social_design_magazine.jpeg\" class=\"alignnone size-full wp-image-23134\" src=\"https:\/\/socialdesignmagazine.com\/mag\/wp-content\/uploads\/2015\/07\/processo3-Labyrinth-Giulio_Iacchetti-copy_social_design_magazine.jpeg\" alt=\"Labyrinth processo Giulio iacchetti\" width=\"880\" height=\"659\" srcset=\"https:\/\/socialdesignmagazine.com\/mag\/wp-content\/uploads\/2015\/07\/processo3-Labyrinth-Giulio_Iacchetti-copy_social_design_magazine.jpeg 880w, https:\/\/socialdesignmagazine.com\/mag\/wp-content\/uploads\/2015\/07\/processo3-Labyrinth-Giulio_Iacchetti-copy_social_design_magazine-768x575.jpeg 768w\" sizes=\"auto, (max-width: 880px) 100vw, 880px\" \/><\/a><\/p>\n<p><a href=\"https:\/\/socialdesignmagazine.com\/mag\/wp-content\/uploads\/2015\/07\/processo2-Labyrinth-Giulio_Iacchetti_social_design_magazine.jpeg\"><img loading=\"lazy\" decoding=\"async\" data-attachment-id=\"23133\" data-permalink=\"https:\/\/socialdesignmagazine.com\/mag\/news\/architettura-news\/giulio-iacchetti-disegna-i-pattern-di-labyrinth-la-nuova-collezione-di-ceramiche-refin-cersaie-2015\/attachment\/processo2-labyrinth-giulio_iacchetti_social_design_magazine-jpeg\/#content\" data-orig-file=\"https:\/\/socialdesignmagazine.com\/mag\/wp-content\/uploads\/2015\/07\/processo2-Labyrinth-Giulio_Iacchetti_social_design_magazine.jpeg\" data-orig-size=\"880,659\" data-comments-opened=\"1\" data-image-meta=\"{&quot;aperture&quot;:&quot;0&quot;,&quot;credit&quot;:&quot;&quot;,&quot;camera&quot;:&quot;&quot;,&quot;caption&quot;:&quot;&quot;,&quot;created_timestamp&quot;:&quot;0&quot;,&quot;copyright&quot;:&quot;&quot;,&quot;focal_length&quot;:&quot;0&quot;,&quot;iso&quot;:&quot;0&quot;,&quot;shutter_speed&quot;:&quot;0&quot;,&quot;title&quot;:&quot;&quot;,&quot;orientation&quot;:&quot;0&quot;}\" data-image-title=\"Labyrinth processo Giulio iacchetti\" data-image-description=\"\" data-image-caption=\"\" data-medium-file=\"https:\/\/socialdesignmagazine.com\/mag\/wp-content\/uploads\/2015\/07\/processo2-Labyrinth-Giulio_Iacchetti_social_design_magazine-396x256.jpeg\" data-large-file=\"https:\/\/socialdesignmagazine.com\/mag\/wp-content\/uploads\/2015\/07\/processo2-Labyrinth-Giulio_Iacchetti_social_design_magazine.jpeg\" class=\"alignnone size-full wp-image-23133\" src=\"https:\/\/socialdesignmagazine.com\/mag\/wp-content\/uploads\/2015\/07\/processo2-Labyrinth-Giulio_Iacchetti_social_design_magazine.jpeg\" alt=\"Labyrinth processo Giulio iacchetti\" width=\"880\" height=\"659\" srcset=\"https:\/\/socialdesignmagazine.com\/mag\/wp-content\/uploads\/2015\/07\/processo2-Labyrinth-Giulio_Iacchetti_social_design_magazine.jpeg 880w, https:\/\/socialdesignmagazine.com\/mag\/wp-content\/uploads\/2015\/07\/processo2-Labyrinth-Giulio_Iacchetti_social_design_magazine-768x575.jpeg 768w\" sizes=\"auto, (max-width: 880px) 100vw, 880px\" \/><\/a><\/p>\n<p><a href=\"https:\/\/socialdesignmagazine.com\/mag\/wp-content\/uploads\/2015\/07\/processo-Labyrinth-Giulio_Iacchetti_social_design_magazine.jpeg\"><img loading=\"lazy\" decoding=\"async\" data-attachment-id=\"23135\" data-permalink=\"https:\/\/socialdesignmagazine.com\/mag\/news\/architettura-news\/giulio-iacchetti-disegna-i-pattern-di-labyrinth-la-nuova-collezione-di-ceramiche-refin-cersaie-2015\/attachment\/processo-labyrinth-giulio_iacchetti_social_design_magazine-jpeg\/#content\" data-orig-file=\"https:\/\/socialdesignmagazine.com\/mag\/wp-content\/uploads\/2015\/07\/processo-Labyrinth-Giulio_Iacchetti_social_design_magazine.jpeg\" data-orig-size=\"880,622\" data-comments-opened=\"1\" data-image-meta=\"{&quot;aperture&quot;:&quot;0&quot;,&quot;credit&quot;:&quot;&quot;,&quot;camera&quot;:&quot;&quot;,&quot;caption&quot;:&quot;&quot;,&quot;created_timestamp&quot;:&quot;0&quot;,&quot;copyright&quot;:&quot;&quot;,&quot;focal_length&quot;:&quot;0&quot;,&quot;iso&quot;:&quot;0&quot;,&quot;shutter_speed&quot;:&quot;0&quot;,&quot;title&quot;:&quot;&quot;,&quot;orientation&quot;:&quot;0&quot;}\" data-image-title=\"Labyrinth processo Giulio iacchetti\" data-image-description=\"\" data-image-caption=\"\" data-medium-file=\"https:\/\/socialdesignmagazine.com\/mag\/wp-content\/uploads\/2015\/07\/processo-Labyrinth-Giulio_Iacchetti_social_design_magazine-396x256.jpeg\" data-large-file=\"https:\/\/socialdesignmagazine.com\/mag\/wp-content\/uploads\/2015\/07\/processo-Labyrinth-Giulio_Iacchetti_social_design_magazine.jpeg\" class=\"alignnone size-full wp-image-23135\" src=\"https:\/\/socialdesignmagazine.com\/mag\/wp-content\/uploads\/2015\/07\/processo-Labyrinth-Giulio_Iacchetti_social_design_magazine.jpeg\" alt=\"Labyrinth processo Giulio iacchetti\" width=\"880\" height=\"622\" srcset=\"https:\/\/socialdesignmagazine.com\/mag\/wp-content\/uploads\/2015\/07\/processo-Labyrinth-Giulio_Iacchetti_social_design_magazine.jpeg 880w, https:\/\/socialdesignmagazine.com\/mag\/wp-content\/uploads\/2015\/07\/processo-Labyrinth-Giulio_Iacchetti_social_design_magazine-768x543.jpeg 768w\" sizes=\"auto, (max-width: 880px) 100vw, 880px\" \/><\/a><\/p>\n<p>&nbsp;<\/p>\n<h4>Maggiori informazioni su: <a rel=\"nofollow\" href=\"https:\/\/www.refin.it\/\">refin.it<\/a><\/h4>\n","protected":false,"gt_translate_keys":[{"key":"rendered","format":"html"}]},"excerpt":{"rendered":"<p>Tracce e segni che nascono da un passato mitologico. I pattern della nuova collezione Labyrinth, disegnati da Giulio Iacchetti, che DesignTaleStudio presenter\u00e0 in anteprima a Cersaie 2015, sono un omaggio ad alcune immagini leggendarie dell\u2019antichit\u00e0 classica.<\/p>\n","protected":false,"gt_translate_keys":[{"key":"rendered","format":"html"}]},"author":1,"featured_media":23131,"comment_status":"open","ping_status":"open","sticky":false,"template":"","format":"standard","meta":{"jetpack_post_was_ever_published":false,"_jetpack_newsletter_access":"","_jetpack_dont_email_post_to_subs":false,"_jetpack_newsletter_tier_id":0,"_jetpack_memberships_contains_paywalled_content":false,"_jetpack_memberships_contains_paid_content":false,"footnotes":"","_wpscppro_dont_share_socialmedia":false,"_wpscppro_custom_social_share_image":0,"_facebook_share_type":"","_twitter_share_type":"","_linkedin_share_type":"","_pinterest_share_type":"","_linkedin_share_type_page":"","_instagram_share_type":"","_medium_share_type":"","_threads_share_type":"","_google_business_share_type":"","_selected_social_profile":[],"_wpsp_enable_custom_social_template":false,"_wpsp_social_scheduling":{"enabled":false,"datetime":null,"platforms":[],"status":"template_only","dateOption":"today","timeOption":"now","customDays":"","customHours":"","customDate":"","customTime":"","schedulingType":"absolute"},"_wpsp_active_default_template":true},"categories":[22],"tags":[2801,4418,2628,2802,4040],"class_list":["post-23130","post","type-post","status-publish","format-standard","has-post-thumbnail","hentry","category-architettura-news","tag-ceramiche","tag-cersaie-2015","tag-pavimenti","tag-refin","tag-rivestimenti"],"yoast_head":"<!-- This site is optimized with the Yoast SEO plugin v27.2 - https:\/\/yoast.com\/product\/yoast-seo-wordpress\/ -->\n<title>Giulio Iacchetti disegna i pattern di Labyrinth la nuova collezione di Ceramiche Refin, Cersaie 2015 - Social Design Magazine<\/title>\n<meta name=\"description\" content=\"In anteprima al Cersaie 2015 i pattern disegnati da Giulio Iacchetti per la collezione Labyrinth di Ceramiche Refin\" \/>\n<meta name=\"robots\" content=\"index, follow, max-snippet:-1, max-image-preview:large, max-video-preview:-1\" \/>\n<link rel=\"canonical\" href=\"https:\/\/socialdesignmagazine.com\/mag\/news\/architettura-news\/giulio-iacchetti-disegna-i-pattern-di-labyrinth-la-nuova-collezione-di-ceramiche-refin-cersaie-2015\/\" \/>\n<meta property=\"og:locale\" content=\"it_IT\" \/>\n<meta property=\"og:type\" content=\"article\" \/>\n<meta property=\"og:title\" content=\"Giulio Iacchetti disegna i pattern di Labyrinth la nuova collezione di Ceramiche Refin, Cersaie 2015 - Social Design Magazine\" \/>\n<meta property=\"og:description\" content=\"In anteprima al Cersaie 2015 i pattern disegnati da Giulio Iacchetti per la collezione Labyrinth di Ceramiche Refin\" \/>\n<meta property=\"og:url\" content=\"http:\/\/socialdesignmagazine.com\/mag\/news\/architettura-news\/giulio-iacchetti-disegna-i-pattern-di-labyrinth-la-nuova-collezione-di-ceramiche-refin-cersaie-2015\/\" \/>\n<meta property=\"og:site_name\" content=\"Social Design Magazine\" \/>\n<meta property=\"article:publisher\" content=\"https:\/\/www.facebook.com\/socialdesignmag\" \/>\n<meta property=\"article:author\" content=\"https:\/\/www.facebook.com\/benedettofiori\" \/>\n<meta property=\"article:published_time\" content=\"2015-07-13T10:00:37+00:00\" \/>\n<meta property=\"article:modified_time\" content=\"2022-06-03T07:10:12+00:00\" \/>\n<meta property=\"og:image\" content=\"https:\/\/socialdesignmagazine.com\/mag\/wp-content\/uploads\/2015\/07\/Labyrinth_detail_social_design_magazine.jpeg\" \/>\n\t<meta property=\"og:image:width\" content=\"880\" \/>\n\t<meta property=\"og:image:height\" content=\"527\" \/>\n\t<meta property=\"og:image:type\" content=\"image\/jpeg\" \/>\n<meta name=\"author\" content=\"Benedetto Fiori\" \/>\n<meta name=\"twitter:card\" content=\"summary_large_image\" \/>\n<meta name=\"twitter:creator\" content=\"@benedettofiori\" \/>\n<meta name=\"twitter:site\" content=\"@socialdesignmag\" \/>\n<meta name=\"twitter:label1\" content=\"Scritto da\" \/>\n\t<meta name=\"twitter:data1\" content=\"Benedetto Fiori\" \/>\n\t<meta name=\"twitter:label2\" content=\"Tempo di lettura stimato\" \/>\n\t<meta name=\"twitter:data2\" content=\"3 minuti\" \/>\n<script type=\"application\/ld+json\" class=\"yoast-schema-graph\">{\"@context\":\"https:\/\/schema.org\",\"@graph\":[{\"@type\":\"Article\",\"@id\":\"https:\/\/socialdesignmagazine.com\/mag\/news\/architettura-news\/giulio-iacchetti-disegna-i-pattern-di-labyrinth-la-nuova-collezione-di-ceramiche-refin-cersaie-2015\/#article\",\"isPartOf\":{\"@id\":\"https:\/\/socialdesignmagazine.com\/mag\/news\/architettura-news\/giulio-iacchetti-disegna-i-pattern-di-labyrinth-la-nuova-collezione-di-ceramiche-refin-cersaie-2015\/\"},\"author\":{\"name\":\"Benedetto Fiori\",\"@id\":\"https:\/\/socialdesignmagazine.com\/mag\/#\/schema\/person\/61e20205cc363c315e6aabd33a045846\"},\"headline\":\"Giulio Iacchetti disegna i pattern di Labyrinth la nuova collezione di Ceramiche Refin, Cersaie 2015\",\"datePublished\":\"2015-07-13T10:00:37+00:00\",\"dateModified\":\"2022-06-03T07:10:12+00:00\",\"mainEntityOfPage\":{\"@id\":\"https:\/\/socialdesignmagazine.com\/mag\/news\/architettura-news\/giulio-iacchetti-disegna-i-pattern-di-labyrinth-la-nuova-collezione-di-ceramiche-refin-cersaie-2015\/\"},\"wordCount\":308,\"commentCount\":0,\"publisher\":{\"@id\":\"https:\/\/socialdesignmagazine.com\/mag\/#organization\"},\"image\":{\"@id\":\"https:\/\/socialdesignmagazine.com\/mag\/news\/architettura-news\/giulio-iacchetti-disegna-i-pattern-di-labyrinth-la-nuova-collezione-di-ceramiche-refin-cersaie-2015\/#primaryimage\"},\"thumbnailUrl\":\"https:\/\/socialdesignmagazine.com\/mag\/wp-content\/uploads\/2015\/07\/Labyrinth_detail_social_design_magazine.jpeg\",\"keywords\":[\"ceramiche\",\"Cersaie 2015\",\"pavimenti\",\"refin\",\"rivestimenti\"],\"articleSection\":[\"Architettura News\"],\"inLanguage\":\"it-IT\",\"potentialAction\":[{\"@type\":\"CommentAction\",\"name\":\"Comment\",\"target\":[\"https:\/\/socialdesignmagazine.com\/mag\/news\/architettura-news\/giulio-iacchetti-disegna-i-pattern-di-labyrinth-la-nuova-collezione-di-ceramiche-refin-cersaie-2015\/#respond\"]}]},{\"@type\":\"WebPage\",\"@id\":\"https:\/\/socialdesignmagazine.com\/mag\/news\/architettura-news\/giulio-iacchetti-disegna-i-pattern-di-labyrinth-la-nuova-collezione-di-ceramiche-refin-cersaie-2015\/\",\"url\":\"https:\/\/socialdesignmagazine.com\/mag\/news\/architettura-news\/giulio-iacchetti-disegna-i-pattern-di-labyrinth-la-nuova-collezione-di-ceramiche-refin-cersaie-2015\/\",\"name\":\"Giulio Iacchetti disegna i pattern di Labyrinth la nuova collezione di Ceramiche Refin, Cersaie 2015 - Social Design Magazine\",\"isPartOf\":{\"@id\":\"https:\/\/socialdesignmagazine.com\/mag\/#website\"},\"primaryImageOfPage\":{\"@id\":\"https:\/\/socialdesignmagazine.com\/mag\/news\/architettura-news\/giulio-iacchetti-disegna-i-pattern-di-labyrinth-la-nuova-collezione-di-ceramiche-refin-cersaie-2015\/#primaryimage\"},\"image\":{\"@id\":\"https:\/\/socialdesignmagazine.com\/mag\/news\/architettura-news\/giulio-iacchetti-disegna-i-pattern-di-labyrinth-la-nuova-collezione-di-ceramiche-refin-cersaie-2015\/#primaryimage\"},\"thumbnailUrl\":\"https:\/\/socialdesignmagazine.com\/mag\/wp-content\/uploads\/2015\/07\/Labyrinth_detail_social_design_magazine.jpeg\",\"datePublished\":\"2015-07-13T10:00:37+00:00\",\"dateModified\":\"2022-06-03T07:10:12+00:00\",\"description\":\"In anteprima al Cersaie 2015 i pattern disegnati da Giulio Iacchetti per la collezione Labyrinth di Ceramiche Refin\",\"breadcrumb\":{\"@id\":\"https:\/\/socialdesignmagazine.com\/mag\/news\/architettura-news\/giulio-iacchetti-disegna-i-pattern-di-labyrinth-la-nuova-collezione-di-ceramiche-refin-cersaie-2015\/#breadcrumb\"},\"inLanguage\":\"it-IT\",\"potentialAction\":[{\"@type\":\"ReadAction\",\"target\":[\"https:\/\/socialdesignmagazine.com\/mag\/news\/architettura-news\/giulio-iacchetti-disegna-i-pattern-di-labyrinth-la-nuova-collezione-di-ceramiche-refin-cersaie-2015\/\"]}]},{\"@type\":\"ImageObject\",\"inLanguage\":\"it-IT\",\"@id\":\"https:\/\/socialdesignmagazine.com\/mag\/news\/architettura-news\/giulio-iacchetti-disegna-i-pattern-di-labyrinth-la-nuova-collezione-di-ceramiche-refin-cersaie-2015\/#primaryimage\",\"url\":\"https:\/\/socialdesignmagazine.com\/mag\/wp-content\/uploads\/2015\/07\/Labyrinth_detail_social_design_magazine.jpeg\",\"contentUrl\":\"https:\/\/socialdesignmagazine.com\/mag\/wp-content\/uploads\/2015\/07\/Labyrinth_detail_social_design_magazine.jpeg\",\"width\":880,\"height\":527,\"caption\":\"Labyrinth detail\"},{\"@type\":\"BreadcrumbList\",\"@id\":\"https:\/\/socialdesignmagazine.com\/mag\/news\/architettura-news\/giulio-iacchetti-disegna-i-pattern-di-labyrinth-la-nuova-collezione-di-ceramiche-refin-cersaie-2015\/#breadcrumb\",\"itemListElement\":[{\"@type\":\"ListItem\",\"position\":1,\"name\":\"Home\",\"item\":\"https:\/\/socialdesignmagazine.com\/mag\/\"},{\"@type\":\"ListItem\",\"position\":2,\"name\":\"News\",\"item\":\"https:\/\/socialdesignmagazine.com\/mag\/news\/\"},{\"@type\":\"ListItem\",\"position\":3,\"name\":\"Architettura News\",\"item\":\"https:\/\/socialdesignmagazine.com\/mag\/news\/architettura-news\/\"},{\"@type\":\"ListItem\",\"position\":4,\"name\":\"Giulio Iacchetti disegna i pattern di Labyrinth la nuova collezione di Ceramiche Refin, Cersaie 2015\"}]},{\"@type\":\"WebSite\",\"@id\":\"https:\/\/socialdesignmagazine.com\/mag\/#website\",\"url\":\"https:\/\/socialdesignmagazine.com\/mag\/\",\"name\":\"Social Design Magazine\",\"description\":\"Social Magazine su Design, Architettura, Arte, Grafica\",\"publisher\":{\"@id\":\"https:\/\/socialdesignmagazine.com\/mag\/#organization\"},\"potentialAction\":[{\"@type\":\"SearchAction\",\"target\":{\"@type\":\"EntryPoint\",\"urlTemplate\":\"https:\/\/socialdesignmagazine.com\/mag\/?s={search_term_string}\"},\"query-input\":{\"@type\":\"PropertyValueSpecification\",\"valueRequired\":true,\"valueName\":\"search_term_string\"}}],\"inLanguage\":\"it-IT\"},{\"@type\":\"Organization\",\"@id\":\"https:\/\/socialdesignmagazine.com\/mag\/#organization\",\"name\":\"Social Design Magazine\",\"url\":\"https:\/\/socialdesignmagazine.com\/mag\/\",\"logo\":{\"@type\":\"ImageObject\",\"inLanguage\":\"it-IT\",\"@id\":\"https:\/\/socialdesignmagazine.com\/mag\/#\/schema\/logo\/image\/\",\"url\":\"https:\/\/socialdesignmagazine.com\/mag\/wp-content\/uploads\/2017\/01\/logo_favicon_11.png\",\"contentUrl\":\"https:\/\/socialdesignmagazine.com\/mag\/wp-content\/uploads\/2017\/01\/logo_favicon_11.png\",\"width\":1024,\"height\":1024,\"caption\":\"Social Design Magazine\"},\"image\":{\"@id\":\"https:\/\/socialdesignmagazine.com\/mag\/#\/schema\/logo\/image\/\"},\"sameAs\":[\"https:\/\/www.facebook.com\/socialdesignmag\",\"https:\/\/x.com\/socialdesignmag\",\"http:\/\/instagram.com\/social_design_magazine\/\",\"http:\/\/pinterest.com\/socialdesignmag\/\",\"http:\/\/www.youtube.com\/user\/socialdesignmagazine\"]},{\"@type\":\"Person\",\"@id\":\"https:\/\/socialdesignmagazine.com\/mag\/#\/schema\/person\/61e20205cc363c315e6aabd33a045846\",\"name\":\"Benedetto Fiori\",\"image\":{\"@type\":\"ImageObject\",\"inLanguage\":\"it-IT\",\"@id\":\"https:\/\/secure.gravatar.com\/avatar\/450a48cefa36da63d920ad70aa660bd10725b1c6093800242e5efdb397759033?s=96&d=mm&r=g\",\"url\":\"https:\/\/secure.gravatar.com\/avatar\/450a48cefa36da63d920ad70aa660bd10725b1c6093800242e5efdb397759033?s=96&d=mm&r=g\",\"contentUrl\":\"https:\/\/secure.gravatar.com\/avatar\/450a48cefa36da63d920ad70aa660bd10725b1c6093800242e5efdb397759033?s=96&d=mm&r=g\",\"caption\":\"Benedetto Fiori\"},\"description\":\"Web | Twitter | Facebook | Shutterstock Founder &amp; Editor in Chief di Social Design Magazine. Attratto da sempre da tutto ci\u00f2 che \u00e8 creativit\u00e0, design, architettura. Dopo aver studiato Architettura all'Universit\u00e0 di Firenze, si \u00e8 impegnato in molteplici campi: comunicazione grafica, progettazione di allestimenti fieristici, brand design, Interior Design.\",\"sameAs\":[\"http:\/\/benedettofiori.com\",\"https:\/\/www.facebook.com\/benedettofiori\",\"https:\/\/x.com\/benedettofiori\"],\"url\":\"https:\/\/socialdesignmagazine.com\/mag\/author\/benedetto\/\"}]}<\/script>\n<!-- \/ Yoast SEO plugin. -->","yoast_head_json":{"title":"Giulio Iacchetti disegna i pattern di Labyrinth la nuova collezione di Ceramiche Refin, Cersaie 2015 - Social Design Magazine","description":"In anteprima al Cersaie 2015 i pattern disegnati da Giulio Iacchetti per la collezione Labyrinth di Ceramiche Refin","robots":{"index":"index","follow":"follow","max-snippet":"max-snippet:-1","max-image-preview":"max-image-preview:large","max-video-preview":"max-video-preview:-1"},"canonical":"https:\/\/socialdesignmagazine.com\/mag\/news\/architettura-news\/giulio-iacchetti-disegna-i-pattern-di-labyrinth-la-nuova-collezione-di-ceramiche-refin-cersaie-2015\/","og_locale":"it_IT","og_type":"article","og_title":"Giulio Iacchetti disegna i pattern di Labyrinth la nuova collezione di Ceramiche Refin, Cersaie 2015 - Social Design Magazine","og_description":"In anteprima al Cersaie 2015 i pattern disegnati da Giulio Iacchetti per la collezione Labyrinth di Ceramiche Refin","og_url":"http:\/\/socialdesignmagazine.com\/mag\/news\/architettura-news\/giulio-iacchetti-disegna-i-pattern-di-labyrinth-la-nuova-collezione-di-ceramiche-refin-cersaie-2015\/","og_site_name":"Social Design Magazine","article_publisher":"https:\/\/www.facebook.com\/socialdesignmag","article_author":"https:\/\/www.facebook.com\/benedettofiori","article_published_time":"2015-07-13T10:00:37+00:00","article_modified_time":"2022-06-03T07:10:12+00:00","og_image":[{"width":880,"height":527,"url":"https:\/\/socialdesignmagazine.com\/mag\/wp-content\/uploads\/2015\/07\/Labyrinth_detail_social_design_magazine.jpeg","type":"image\/jpeg"}],"author":"Benedetto Fiori","twitter_card":"summary_large_image","twitter_creator":"@benedettofiori","twitter_site":"@socialdesignmag","twitter_misc":{"Scritto da":"Benedetto Fiori","Tempo di lettura stimato":"3 minuti"},"schema":{"@context":"https:\/\/schema.org","@graph":[{"@type":"Article","@id":"https:\/\/socialdesignmagazine.com\/mag\/news\/architettura-news\/giulio-iacchetti-disegna-i-pattern-di-labyrinth-la-nuova-collezione-di-ceramiche-refin-cersaie-2015\/#article","isPartOf":{"@id":"https:\/\/socialdesignmagazine.com\/mag\/news\/architettura-news\/giulio-iacchetti-disegna-i-pattern-di-labyrinth-la-nuova-collezione-di-ceramiche-refin-cersaie-2015\/"},"author":{"name":"Benedetto Fiori","@id":"https:\/\/socialdesignmagazine.com\/mag\/#\/schema\/person\/61e20205cc363c315e6aabd33a045846"},"headline":"Giulio Iacchetti disegna i pattern di Labyrinth la nuova collezione di Ceramiche Refin, Cersaie 2015","datePublished":"2015-07-13T10:00:37+00:00","dateModified":"2022-06-03T07:10:12+00:00","mainEntityOfPage":{"@id":"https:\/\/socialdesignmagazine.com\/mag\/news\/architettura-news\/giulio-iacchetti-disegna-i-pattern-di-labyrinth-la-nuova-collezione-di-ceramiche-refin-cersaie-2015\/"},"wordCount":308,"commentCount":0,"publisher":{"@id":"https:\/\/socialdesignmagazine.com\/mag\/#organization"},"image":{"@id":"https:\/\/socialdesignmagazine.com\/mag\/news\/architettura-news\/giulio-iacchetti-disegna-i-pattern-di-labyrinth-la-nuova-collezione-di-ceramiche-refin-cersaie-2015\/#primaryimage"},"thumbnailUrl":"https:\/\/socialdesignmagazine.com\/mag\/wp-content\/uploads\/2015\/07\/Labyrinth_detail_social_design_magazine.jpeg","keywords":["ceramiche","Cersaie 2015","pavimenti","refin","rivestimenti"],"articleSection":["Architettura News"],"inLanguage":"it-IT","potentialAction":[{"@type":"CommentAction","name":"Comment","target":["https:\/\/socialdesignmagazine.com\/mag\/news\/architettura-news\/giulio-iacchetti-disegna-i-pattern-di-labyrinth-la-nuova-collezione-di-ceramiche-refin-cersaie-2015\/#respond"]}]},{"@type":"WebPage","@id":"https:\/\/socialdesignmagazine.com\/mag\/news\/architettura-news\/giulio-iacchetti-disegna-i-pattern-di-labyrinth-la-nuova-collezione-di-ceramiche-refin-cersaie-2015\/","url":"https:\/\/socialdesignmagazine.com\/mag\/news\/architettura-news\/giulio-iacchetti-disegna-i-pattern-di-labyrinth-la-nuova-collezione-di-ceramiche-refin-cersaie-2015\/","name":"Giulio Iacchetti disegna i pattern di Labyrinth la nuova collezione di Ceramiche Refin, Cersaie 2015 - Social Design Magazine","isPartOf":{"@id":"https:\/\/socialdesignmagazine.com\/mag\/#website"},"primaryImageOfPage":{"@id":"https:\/\/socialdesignmagazine.com\/mag\/news\/architettura-news\/giulio-iacchetti-disegna-i-pattern-di-labyrinth-la-nuova-collezione-di-ceramiche-refin-cersaie-2015\/#primaryimage"},"image":{"@id":"https:\/\/socialdesignmagazine.com\/mag\/news\/architettura-news\/giulio-iacchetti-disegna-i-pattern-di-labyrinth-la-nuova-collezione-di-ceramiche-refin-cersaie-2015\/#primaryimage"},"thumbnailUrl":"https:\/\/socialdesignmagazine.com\/mag\/wp-content\/uploads\/2015\/07\/Labyrinth_detail_social_design_magazine.jpeg","datePublished":"2015-07-13T10:00:37+00:00","dateModified":"2022-06-03T07:10:12+00:00","description":"In anteprima al Cersaie 2015 i pattern disegnati da Giulio Iacchetti per la collezione Labyrinth di Ceramiche Refin","breadcrumb":{"@id":"https:\/\/socialdesignmagazine.com\/mag\/news\/architettura-news\/giulio-iacchetti-disegna-i-pattern-di-labyrinth-la-nuova-collezione-di-ceramiche-refin-cersaie-2015\/#breadcrumb"},"inLanguage":"it-IT","potentialAction":[{"@type":"ReadAction","target":["https:\/\/socialdesignmagazine.com\/mag\/news\/architettura-news\/giulio-iacchetti-disegna-i-pattern-di-labyrinth-la-nuova-collezione-di-ceramiche-refin-cersaie-2015\/"]}]},{"@type":"ImageObject","inLanguage":"it-IT","@id":"https:\/\/socialdesignmagazine.com\/mag\/news\/architettura-news\/giulio-iacchetti-disegna-i-pattern-di-labyrinth-la-nuova-collezione-di-ceramiche-refin-cersaie-2015\/#primaryimage","url":"https:\/\/socialdesignmagazine.com\/mag\/wp-content\/uploads\/2015\/07\/Labyrinth_detail_social_design_magazine.jpeg","contentUrl":"https:\/\/socialdesignmagazine.com\/mag\/wp-content\/uploads\/2015\/07\/Labyrinth_detail_social_design_magazine.jpeg","width":880,"height":527,"caption":"Labyrinth detail"},{"@type":"BreadcrumbList","@id":"https:\/\/socialdesignmagazine.com\/mag\/news\/architettura-news\/giulio-iacchetti-disegna-i-pattern-di-labyrinth-la-nuova-collezione-di-ceramiche-refin-cersaie-2015\/#breadcrumb","itemListElement":[{"@type":"ListItem","position":1,"name":"Home","item":"https:\/\/socialdesignmagazine.com\/mag\/"},{"@type":"ListItem","position":2,"name":"News","item":"https:\/\/socialdesignmagazine.com\/mag\/news\/"},{"@type":"ListItem","position":3,"name":"Architettura News","item":"https:\/\/socialdesignmagazine.com\/mag\/news\/architettura-news\/"},{"@type":"ListItem","position":4,"name":"Giulio Iacchetti disegna i pattern di Labyrinth la nuova collezione di Ceramiche Refin, Cersaie 2015"}]},{"@type":"WebSite","@id":"https:\/\/socialdesignmagazine.com\/mag\/#website","url":"https:\/\/socialdesignmagazine.com\/mag\/","name":"Social Design Magazine","description":"Social Magazine su Design, Architettura, Arte, Grafica","publisher":{"@id":"https:\/\/socialdesignmagazine.com\/mag\/#organization"},"potentialAction":[{"@type":"SearchAction","target":{"@type":"EntryPoint","urlTemplate":"https:\/\/socialdesignmagazine.com\/mag\/?s={search_term_string}"},"query-input":{"@type":"PropertyValueSpecification","valueRequired":true,"valueName":"search_term_string"}}],"inLanguage":"it-IT"},{"@type":"Organization","@id":"https:\/\/socialdesignmagazine.com\/mag\/#organization","name":"Social Design Magazine","url":"https:\/\/socialdesignmagazine.com\/mag\/","logo":{"@type":"ImageObject","inLanguage":"it-IT","@id":"https:\/\/socialdesignmagazine.com\/mag\/#\/schema\/logo\/image\/","url":"https:\/\/socialdesignmagazine.com\/mag\/wp-content\/uploads\/2017\/01\/logo_favicon_11.png","contentUrl":"https:\/\/socialdesignmagazine.com\/mag\/wp-content\/uploads\/2017\/01\/logo_favicon_11.png","width":1024,"height":1024,"caption":"Social Design Magazine"},"image":{"@id":"https:\/\/socialdesignmagazine.com\/mag\/#\/schema\/logo\/image\/"},"sameAs":["https:\/\/www.facebook.com\/socialdesignmag","https:\/\/x.com\/socialdesignmag","http:\/\/instagram.com\/social_design_magazine\/","http:\/\/pinterest.com\/socialdesignmag\/","http:\/\/www.youtube.com\/user\/socialdesignmagazine"]},{"@type":"Person","@id":"https:\/\/socialdesignmagazine.com\/mag\/#\/schema\/person\/61e20205cc363c315e6aabd33a045846","name":"Benedetto Fiori","image":{"@type":"ImageObject","inLanguage":"it-IT","@id":"https:\/\/secure.gravatar.com\/avatar\/450a48cefa36da63d920ad70aa660bd10725b1c6093800242e5efdb397759033?s=96&d=mm&r=g","url":"https:\/\/secure.gravatar.com\/avatar\/450a48cefa36da63d920ad70aa660bd10725b1c6093800242e5efdb397759033?s=96&d=mm&r=g","contentUrl":"https:\/\/secure.gravatar.com\/avatar\/450a48cefa36da63d920ad70aa660bd10725b1c6093800242e5efdb397759033?s=96&d=mm&r=g","caption":"Benedetto Fiori"},"description":"Web | Twitter | Facebook | Shutterstock Founder &amp; Editor in Chief di Social Design Magazine. Attratto da sempre da tutto ci\u00f2 che \u00e8 creativit\u00e0, design, architettura. Dopo aver studiato Architettura all'Universit\u00e0 di Firenze, si \u00e8 impegnato in molteplici campi: comunicazione grafica, progettazione di allestimenti fieristici, brand design, Interior Design.","sameAs":["http:\/\/benedettofiori.com","https:\/\/www.facebook.com\/benedettofiori","https:\/\/x.com\/benedettofiori"],"url":"https:\/\/socialdesignmagazine.com\/mag\/author\/benedetto\/"}]}},"jetpack_featured_media_url":"https:\/\/socialdesignmagazine.com\/mag\/wp-content\/uploads\/2015\/07\/Labyrinth_detail_social_design_magazine.jpeg","jetpack_sharing_enabled":true,"jetpack_shortlink":"https:\/\/wp.me\/p6cV7V-614","gt_translate_keys":[{"key":"link","format":"url"}],"_links":{"self":[{"href":"https:\/\/socialdesignmagazine.com\/mag\/wp-json\/wp\/v2\/posts\/23130","targetHints":{"allow":["GET"]}}],"collection":[{"href":"https:\/\/socialdesignmagazine.com\/mag\/wp-json\/wp\/v2\/posts"}],"about":[{"href":"https:\/\/socialdesignmagazine.com\/mag\/wp-json\/wp\/v2\/types\/post"}],"author":[{"embeddable":true,"href":"https:\/\/socialdesignmagazine.com\/mag\/wp-json\/wp\/v2\/users\/1"}],"replies":[{"embeddable":true,"href":"https:\/\/socialdesignmagazine.com\/mag\/wp-json\/wp\/v2\/comments?post=23130"}],"version-history":[{"count":2,"href":"https:\/\/socialdesignmagazine.com\/mag\/wp-json\/wp\/v2\/posts\/23130\/revisions"}],"predecessor-version":[{"id":45550,"href":"https:\/\/socialdesignmagazine.com\/mag\/wp-json\/wp\/v2\/posts\/23130\/revisions\/45550"}],"wp:featuredmedia":[{"embeddable":true,"href":"https:\/\/socialdesignmagazine.com\/mag\/wp-json\/wp\/v2\/media\/23131"}],"wp:attachment":[{"href":"https:\/\/socialdesignmagazine.com\/mag\/wp-json\/wp\/v2\/media?parent=23130"}],"wp:term":[{"taxonomy":"category","embeddable":true,"href":"https:\/\/socialdesignmagazine.com\/mag\/wp-json\/wp\/v2\/categories?post=23130"},{"taxonomy":"post_tag","embeddable":true,"href":"https:\/\/socialdesignmagazine.com\/mag\/wp-json\/wp\/v2\/tags?post=23130"}],"curies":[{"name":"wp","href":"https:\/\/api.w.org\/{rel}","templated":true}]}}