{"id":23192,"date":"2015-07-20T17:30:29","date_gmt":"2015-07-20T15:30:29","guid":{"rendered":"https:\/\/socialdesignmagazine.com\/mag\/?p=23192"},"modified":"2022-06-02T23:20:44","modified_gmt":"2022-06-02T21:20:44","slug":"al-via-la-seconda-edizione-arte-moda-riciclo","status":"publish","type":"post","link":"https:\/\/socialdesignmagazine.com\/mag\/news\/design-news\/al-via-la-seconda-edizione-arte-moda-riciclo\/","title":{"rendered":"Al via la seconda edizione di \u201c Arte, Moda &amp; Riciclo \u201d","gt_translate_keys":[{"key":"rendered","format":"text"}]},"content":{"rendered":"<p><em>Si rinnova l\u2019appuntamento al molo di Cefal\u00f9 dedicato all\u2019Arte e al design di riciclo, con importanti novit\u00e0 come la partecipazione dei ragazzi di Wallaffix<\/em>.<\/p>\n<p><strong>Venerd\u00ec 17 luglio 2015 alle 21.00 in via Bordonaro e al molo di Cefal\u00f9 si svolger\u00e0 la seconda edizione di &#8220;<\/strong><a rel=\"nofollow\" href=\"http:\/\/www.qualecefalu.it\/node\/17435\"><strong>Arte Moda &amp; Riciclo<\/strong><\/a><strong>&#8220;<\/strong>, con il patrocinio del comune di Cefal\u00f9, dell&#8217; Associazione Cefal\u00f9 Citt\u00e0 degli Artisti e dell&#8217; Associazione Camminando, iniziativa nata da un&#8217;idea dell&#8217;artista Maria Vello e di Maria Rosaria Barranco.<\/p>\n<p><strong>La location \u00e8 stata riconfermata in quanto rappresenta una delle zone del centro storico pi\u00f9 caratteristiche e percorse da turisti<\/strong> e visitatori della cittadina normanna, luogo di incontro, socializzazione, attivit\u00e0 ristorative e commerciali.<\/p>\n<p>L\u2019intento \u00e8 di rivalutare e rivalorizzare questo luogo, attraverso la trasformazione in passerella della via Bordonaro, ridisegnata per l\u2019occasione con luci e colori, cos\u00ec da diventare il set dell\u2019evento dedicato agli spettatori e ai fruitori della magica location, che dal Molo si articola lungo la storica via fino al Bastione di Capo Marchiafava.<\/p>\n<p><strong>La grande novit\u00e0 di quest\u2019anno \u00e8 la partecipazione dei ragazzi di <\/strong><a rel=\"nofollow\" href=\"http:\/\/www.wallaffix.it\/\"><strong>Wallaffix<\/strong><\/a><strong>, il nuovissimo Social Network dedicato agli eventi e all\u2019intrattenimento<\/strong>, di origine tutta siciliana. Wallaffix infatti \u00e8 la nuova App. che permetter\u00e0 a tutti di conoscere in tempo reale tutti gli eventi e le attivit\u00e0 che si svolgono in una data citt\u00e0 italiana e di interagire con le persone che ne prenderanno parte.<\/p>\n<p>\u201cSiamo molto attenti al tema del riciclo e della sostenibilit\u00e0, e crediamo fermamente nell\u2019importanza di eventi come \u201c Arte Moda &amp; Riciclo, soprattutto perch\u00e9 coinvolger\u00e0 un settore forte come quello della Moda.\u201d <strong>Commenta cos\u00ec Raimondo Campagna, uno dei fondatori di Wallaffix.<\/strong><\/p>\n<p>Alla base dell\u2019iniziativa vi \u00e8 l\u2019intento di promuovere l&#8217;estro della moda nelle sue diverse forme, con una serata dedicata all&#8217;arte e alla <strong>moda underground lontana dagli schemi convenzionali ma soprattutto attenta ai temi del riciclo<\/strong>.<br \/>\n<strong>La particolarit\u00e0 della serata \u00e8 la gratuit\u00e0 delle prestazioni dei singoli partecipanti<\/strong>, ognuno dei quali offre la propria competenza nello spirito della collaborazione e della condivisione di un&#8217;idea.<br \/>\nInoltre gli stilisti sono invogliati all&#8217;utilizzo di materiali di riciclo, nella realizzazione delle proprie creazioni, per mostrare come sia possibile &#8220;fare arte &#8221; recuperando materiali o oggetti che altrimenti sarebbero buttati via.<\/p>\n<p><a href=\"https:\/\/socialdesignmagazine.com\/mag\/wp-content\/uploads\/2015\/07\/Cefal\u00f9-3.jpg\"><img loading=\"lazy\" decoding=\"async\" data-attachment-id=\"23194\" data-permalink=\"https:\/\/socialdesignmagazine.com\/mag\/news\/design-news\/al-via-la-seconda-edizione-arte-moda-riciclo\/attachment\/cefalu-3\/#content\" data-orig-file=\"https:\/\/socialdesignmagazine.com\/mag\/wp-content\/uploads\/2015\/07\/Cefal\u00f9-3.jpg\" data-orig-size=\"880,584\" data-comments-opened=\"1\" data-image-meta=\"{&quot;aperture&quot;:&quot;5.6&quot;,&quot;credit&quot;:&quot;&quot;,&quot;camera&quot;:&quot;NIKON D50&quot;,&quot;caption&quot;:&quot;&quot;,&quot;created_timestamp&quot;:&quot;1245873214&quot;,&quot;copyright&quot;:&quot;&quot;,&quot;focal_length&quot;:&quot;26&quot;,&quot;iso&quot;:&quot;200&quot;,&quot;shutter_speed&quot;:&quot;0.008&quot;,&quot;title&quot;:&quot;&quot;,&quot;orientation&quot;:&quot;1&quot;}\" data-image-title=\"Cefal\u00f9 3\" data-image-description=\"\" data-image-caption=\"\" data-medium-file=\"https:\/\/socialdesignmagazine.com\/mag\/wp-content\/uploads\/2015\/07\/Cefal\u00f9-3-396x256.jpg\" data-large-file=\"https:\/\/socialdesignmagazine.com\/mag\/wp-content\/uploads\/2015\/07\/Cefal\u00f9-3.jpg\" class=\"alignnone size-full wp-image-23194\" src=\"https:\/\/socialdesignmagazine.com\/mag\/wp-content\/uploads\/2015\/07\/Cefal\u00f9-3.jpg\" alt=\"Cefal\u00f9 3\" width=\"880\" height=\"584\" srcset=\"https:\/\/socialdesignmagazine.com\/mag\/wp-content\/uploads\/2015\/07\/Cefal\u00f9-3.jpg 880w, https:\/\/socialdesignmagazine.com\/mag\/wp-content\/uploads\/2015\/07\/Cefal\u00f9-3-100x66.jpg 100w, https:\/\/socialdesignmagazine.com\/mag\/wp-content\/uploads\/2015\/07\/Cefal\u00f9-3-768x510.jpg 768w\" sizes=\"auto, (max-width: 880px) 100vw, 880px\" \/><\/a><\/p>\n<p><a href=\"https:\/\/socialdesignmagazine.com\/mag\/news\/design-news\/al-via-la-seconda-edizione-arte-moda-riciclo\/attachment\/duomo_cefalu-1024x682\/#content\" rel=\"attachment wp-att-23195\"><img loading=\"lazy\" decoding=\"async\" data-attachment-id=\"23195\" data-permalink=\"https:\/\/socialdesignmagazine.com\/mag\/news\/design-news\/al-via-la-seconda-edizione-arte-moda-riciclo\/attachment\/duomo_cefalu-1024x682\/#content\" data-orig-file=\"https:\/\/socialdesignmagazine.com\/mag\/wp-content\/uploads\/2015\/07\/Duomo_Cefalu-1024x682.jpg\" data-orig-size=\"880,586\" data-comments-opened=\"1\" data-image-meta=\"{&quot;aperture&quot;:&quot;0&quot;,&quot;credit&quot;:&quot;&quot;,&quot;camera&quot;:&quot;&quot;,&quot;caption&quot;:&quot;&quot;,&quot;created_timestamp&quot;:&quot;0&quot;,&quot;copyright&quot;:&quot;&quot;,&quot;focal_length&quot;:&quot;0&quot;,&quot;iso&quot;:&quot;0&quot;,&quot;shutter_speed&quot;:&quot;0&quot;,&quot;title&quot;:&quot;&quot;,&quot;orientation&quot;:&quot;1&quot;}\" data-image-title=\"Duomo_Cefalu-1024&amp;#215;682\" data-image-description=\"\" data-image-caption=\"\" data-medium-file=\"https:\/\/socialdesignmagazine.com\/mag\/wp-content\/uploads\/2015\/07\/Duomo_Cefalu-1024x682-396x256.jpg\" data-large-file=\"https:\/\/socialdesignmagazine.com\/mag\/wp-content\/uploads\/2015\/07\/Duomo_Cefalu-1024x682.jpg\" class=\"alignnone size-full wp-image-23195\" src=\"https:\/\/socialdesignmagazine.com\/mag\/wp-content\/uploads\/2015\/07\/Duomo_Cefalu-1024x682.jpg\" alt=\"Duomo_Cefalu-1024x682\" width=\"880\" height=\"586\" srcset=\"https:\/\/socialdesignmagazine.com\/mag\/wp-content\/uploads\/2015\/07\/Duomo_Cefalu-1024x682.jpg 880w, https:\/\/socialdesignmagazine.com\/mag\/wp-content\/uploads\/2015\/07\/Duomo_Cefalu-1024x682-100x66.jpg 100w, https:\/\/socialdesignmagazine.com\/mag\/wp-content\/uploads\/2015\/07\/Duomo_Cefalu-1024x682-768x511.jpg 768w\" sizes=\"auto, (max-width: 880px) 100vw, 880px\" \/><\/a><\/p>\n<p>Sar\u00e0 una serata dedicata all&#8217;arte e alla moda, allietata dalla musica del <strong>gruppo \u201cWHAT ELSE\u201d, di Chiara Bellaca, Edoardo Mastrandrea e Alessandro Aronica.<\/strong><\/p>\n<p>Lo show si articoler\u00e0 in diversi momenti alternati tra performance musicali, Backstage e sfilata di moda vintage\u2019 e con materiali di riciclo, tra le opere realizzate da <strong>Emilio Costanzo<\/strong>, artista unico al mondo, ospitate dalle varie attivit\u00e0 commerciali e posizionate lungo la via C.O. di Bordonaro. Presenter\u00e0 la serata <strong>Daniela Guercio e Giovanni Caruso<\/strong>. Parteciperanno gli stilisti <strong>Maria Vello, Esse Artistic Designers, Carmen Vulcano e i Coiffeurs Hair Styling Assunta&amp;Giacinto.<\/strong><\/p>\n","protected":false,"gt_translate_keys":[{"key":"rendered","format":"html"}]},"excerpt":{"rendered":"<p>Si rinnova l\u2019appuntamento al molo di Cefal\u00f9 dedicato all\u2019Arte e al design di riciclo, con importanti novit\u00e0 come la partecipazione dei ragazzi di Wallaffix.<\/p>\n","protected":false,"gt_translate_keys":[{"key":"rendered","format":"html"}]},"author":635,"featured_media":23193,"comment_status":"open","ping_status":"open","sticky":false,"template":"","format":"standard","meta":{"jetpack_post_was_ever_published":false,"_jetpack_newsletter_access":"","_jetpack_dont_email_post_to_subs":false,"_jetpack_newsletter_tier_id":0,"_jetpack_memberships_contains_paywalled_content":false,"_jetpack_memberships_contains_paid_content":false,"footnotes":"","_wpscppro_dont_share_socialmedia":false,"_wpscppro_custom_social_share_image":0,"_facebook_share_type":"","_twitter_share_type":"","_linkedin_share_type":"","_pinterest_share_type":"","_linkedin_share_type_page":"","_instagram_share_type":"","_medium_share_type":"","_threads_share_type":"","_google_business_share_type":"","_selected_social_profile":[],"_wpsp_enable_custom_social_template":false,"_wpsp_social_scheduling":{"enabled":false,"datetime":null,"platforms":[],"status":"template_only","dateOption":"today","timeOption":"now","customDays":"","customHours":"","customDate":"","customTime":"","schedulingType":"absolute"},"_wpsp_active_default_template":true},"categories":[17],"tags":[1356,1023],"class_list":["post-23192","post","type-post","status-publish","format-standard","has-post-thumbnail","hentry","category-design-news","tag-moda","tag-riciclo"],"yoast_head":"<!-- This site is optimized with the Yoast SEO plugin v27.2 - https:\/\/yoast.com\/product\/yoast-seo-wordpress\/ -->\n<title>Al via la seconda edizione di \u201c Arte, Moda &amp; Riciclo \u201d - Social Design Magazine<\/title>\n<meta name=\"description\" content=\"Si rinnova l\u2019appuntamento al molo di Cefal\u00f9 dedicato all\u2019Arte e al design di riciclo, con importanti novit\u00e0 come la partecipazione dei ragazzi di Wallaffix.\" \/>\n<meta name=\"robots\" content=\"index, follow, max-snippet:-1, max-image-preview:large, max-video-preview:-1\" \/>\n<link rel=\"canonical\" href=\"https:\/\/socialdesignmagazine.com\/mag\/news\/design-news\/al-via-la-seconda-edizione-arte-moda-riciclo\/\" \/>\n<meta property=\"og:locale\" content=\"it_IT\" \/>\n<meta property=\"og:type\" content=\"article\" \/>\n<meta property=\"og:title\" content=\"Al via la seconda edizione di \u201c Arte, Moda &amp; Riciclo \u201d - Social Design Magazine\" \/>\n<meta property=\"og:description\" content=\"Si rinnova l\u2019appuntamento al molo di Cefal\u00f9 dedicato all\u2019Arte e al design di riciclo, con importanti novit\u00e0 come la partecipazione dei ragazzi di Wallaffix.\" \/>\n<meta property=\"og:url\" content=\"http:\/\/socialdesignmagazine.com\/mag\/news\/design-news\/al-via-la-seconda-edizione-arte-moda-riciclo\/\" \/>\n<meta property=\"og:site_name\" content=\"Social Design Magazine\" \/>\n<meta property=\"article:publisher\" content=\"https:\/\/www.facebook.com\/socialdesignmag\" \/>\n<meta property=\"article:published_time\" content=\"2015-07-20T15:30:29+00:00\" \/>\n<meta property=\"article:modified_time\" content=\"2022-06-02T21:20:44+00:00\" \/>\n<meta property=\"og:image\" content=\"https:\/\/socialdesignmagazine.com\/mag\/wp-content\/uploads\/2015\/07\/cefalu-1.jpg\" \/>\n\t<meta property=\"og:image:width\" content=\"880\" \/>\n\t<meta property=\"og:image:height\" content=\"660\" \/>\n\t<meta property=\"og:image:type\" content=\"image\/jpeg\" \/>\n<meta name=\"author\" content=\"Chiara Bucalossi\" \/>\n<meta name=\"twitter:card\" content=\"summary_large_image\" \/>\n<meta name=\"twitter:creator\" content=\"@socialdesignmag\" \/>\n<meta name=\"twitter:site\" content=\"@socialdesignmag\" \/>\n<meta name=\"twitter:label1\" content=\"Scritto da\" \/>\n\t<meta name=\"twitter:data1\" content=\"Chiara Bucalossi\" \/>\n\t<meta name=\"twitter:label2\" content=\"Tempo di lettura stimato\" \/>\n\t<meta name=\"twitter:data2\" content=\"3 minuti\" \/>\n<script type=\"application\/ld+json\" class=\"yoast-schema-graph\">{\"@context\":\"https:\/\/schema.org\",\"@graph\":[{\"@type\":\"Article\",\"@id\":\"https:\/\/socialdesignmagazine.com\/mag\/news\/design-news\/al-via-la-seconda-edizione-arte-moda-riciclo\/#article\",\"isPartOf\":{\"@id\":\"https:\/\/socialdesignmagazine.com\/mag\/news\/design-news\/al-via-la-seconda-edizione-arte-moda-riciclo\/\"},\"author\":{\"name\":\"Chiara Bucalossi\",\"@id\":\"https:\/\/socialdesignmagazine.com\/mag\/#\/schema\/person\/06845884a90bdf8df9c9e64f59bcc72b\"},\"headline\":\"Al via la seconda edizione di \u201c Arte, Moda &amp; Riciclo \u201d\",\"datePublished\":\"2015-07-20T15:30:29+00:00\",\"dateModified\":\"2022-06-02T21:20:44+00:00\",\"mainEntityOfPage\":{\"@id\":\"https:\/\/socialdesignmagazine.com\/mag\/news\/design-news\/al-via-la-seconda-edizione-arte-moda-riciclo\/\"},\"wordCount\":475,\"commentCount\":0,\"publisher\":{\"@id\":\"https:\/\/socialdesignmagazine.com\/mag\/#organization\"},\"image\":{\"@id\":\"https:\/\/socialdesignmagazine.com\/mag\/news\/design-news\/al-via-la-seconda-edizione-arte-moda-riciclo\/#primaryimage\"},\"thumbnailUrl\":\"https:\/\/socialdesignmagazine.com\/mag\/wp-content\/uploads\/2015\/07\/cefalu-1.jpg\",\"keywords\":[\"moda\",\"riciclo\"],\"articleSection\":[\"Design News\"],\"inLanguage\":\"it-IT\",\"potentialAction\":[{\"@type\":\"CommentAction\",\"name\":\"Comment\",\"target\":[\"https:\/\/socialdesignmagazine.com\/mag\/news\/design-news\/al-via-la-seconda-edizione-arte-moda-riciclo\/#respond\"]}]},{\"@type\":\"WebPage\",\"@id\":\"https:\/\/socialdesignmagazine.com\/mag\/news\/design-news\/al-via-la-seconda-edizione-arte-moda-riciclo\/\",\"url\":\"https:\/\/socialdesignmagazine.com\/mag\/news\/design-news\/al-via-la-seconda-edizione-arte-moda-riciclo\/\",\"name\":\"Al via la seconda edizione di \u201c Arte, Moda &amp; Riciclo \u201d - Social Design Magazine\",\"isPartOf\":{\"@id\":\"https:\/\/socialdesignmagazine.com\/mag\/#website\"},\"primaryImageOfPage\":{\"@id\":\"https:\/\/socialdesignmagazine.com\/mag\/news\/design-news\/al-via-la-seconda-edizione-arte-moda-riciclo\/#primaryimage\"},\"image\":{\"@id\":\"https:\/\/socialdesignmagazine.com\/mag\/news\/design-news\/al-via-la-seconda-edizione-arte-moda-riciclo\/#primaryimage\"},\"thumbnailUrl\":\"https:\/\/socialdesignmagazine.com\/mag\/wp-content\/uploads\/2015\/07\/cefalu-1.jpg\",\"datePublished\":\"2015-07-20T15:30:29+00:00\",\"dateModified\":\"2022-06-02T21:20:44+00:00\",\"description\":\"Si rinnova l\u2019appuntamento al molo di Cefal\u00f9 dedicato all\u2019Arte e al design di riciclo, con importanti novit\u00e0 come la partecipazione dei ragazzi di Wallaffix.\",\"breadcrumb\":{\"@id\":\"https:\/\/socialdesignmagazine.com\/mag\/news\/design-news\/al-via-la-seconda-edizione-arte-moda-riciclo\/#breadcrumb\"},\"inLanguage\":\"it-IT\",\"potentialAction\":[{\"@type\":\"ReadAction\",\"target\":[\"https:\/\/socialdesignmagazine.com\/mag\/news\/design-news\/al-via-la-seconda-edizione-arte-moda-riciclo\/\"]}]},{\"@type\":\"ImageObject\",\"inLanguage\":\"it-IT\",\"@id\":\"https:\/\/socialdesignmagazine.com\/mag\/news\/design-news\/al-via-la-seconda-edizione-arte-moda-riciclo\/#primaryimage\",\"url\":\"https:\/\/socialdesignmagazine.com\/mag\/wp-content\/uploads\/2015\/07\/cefalu-1.jpg\",\"contentUrl\":\"https:\/\/socialdesignmagazine.com\/mag\/wp-content\/uploads\/2015\/07\/cefalu-1.jpg\",\"width\":880,\"height\":660},{\"@type\":\"BreadcrumbList\",\"@id\":\"https:\/\/socialdesignmagazine.com\/mag\/news\/design-news\/al-via-la-seconda-edizione-arte-moda-riciclo\/#breadcrumb\",\"itemListElement\":[{\"@type\":\"ListItem\",\"position\":1,\"name\":\"Home\",\"item\":\"https:\/\/socialdesignmagazine.com\/mag\/\"},{\"@type\":\"ListItem\",\"position\":2,\"name\":\"News\",\"item\":\"https:\/\/socialdesignmagazine.com\/mag\/news\/\"},{\"@type\":\"ListItem\",\"position\":3,\"name\":\"Design News\",\"item\":\"https:\/\/socialdesignmagazine.com\/mag\/news\/design-news\/\"},{\"@type\":\"ListItem\",\"position\":4,\"name\":\"Al via la seconda edizione di \u201c Arte, Moda &amp; Riciclo \u201d\"}]},{\"@type\":\"WebSite\",\"@id\":\"https:\/\/socialdesignmagazine.com\/mag\/#website\",\"url\":\"https:\/\/socialdesignmagazine.com\/mag\/\",\"name\":\"Social Design Magazine\",\"description\":\"Social Magazine su Design, Architettura, Arte, Grafica\",\"publisher\":{\"@id\":\"https:\/\/socialdesignmagazine.com\/mag\/#organization\"},\"potentialAction\":[{\"@type\":\"SearchAction\",\"target\":{\"@type\":\"EntryPoint\",\"urlTemplate\":\"https:\/\/socialdesignmagazine.com\/mag\/?s={search_term_string}\"},\"query-input\":{\"@type\":\"PropertyValueSpecification\",\"valueRequired\":true,\"valueName\":\"search_term_string\"}}],\"inLanguage\":\"it-IT\"},{\"@type\":\"Organization\",\"@id\":\"https:\/\/socialdesignmagazine.com\/mag\/#organization\",\"name\":\"Social Design Magazine\",\"url\":\"https:\/\/socialdesignmagazine.com\/mag\/\",\"logo\":{\"@type\":\"ImageObject\",\"inLanguage\":\"it-IT\",\"@id\":\"https:\/\/socialdesignmagazine.com\/mag\/#\/schema\/logo\/image\/\",\"url\":\"https:\/\/socialdesignmagazine.com\/mag\/wp-content\/uploads\/2017\/01\/logo_favicon_11.png\",\"contentUrl\":\"https:\/\/socialdesignmagazine.com\/mag\/wp-content\/uploads\/2017\/01\/logo_favicon_11.png\",\"width\":1024,\"height\":1024,\"caption\":\"Social Design Magazine\"},\"image\":{\"@id\":\"https:\/\/socialdesignmagazine.com\/mag\/#\/schema\/logo\/image\/\"},\"sameAs\":[\"https:\/\/www.facebook.com\/socialdesignmag\",\"https:\/\/x.com\/socialdesignmag\",\"http:\/\/instagram.com\/social_design_magazine\/\",\"http:\/\/pinterest.com\/socialdesignmag\/\",\"http:\/\/www.youtube.com\/user\/socialdesignmagazine\"]},{\"@type\":\"Person\",\"@id\":\"https:\/\/socialdesignmagazine.com\/mag\/#\/schema\/person\/06845884a90bdf8df9c9e64f59bcc72b\",\"name\":\"Chiara Bucalossi\",\"image\":{\"@type\":\"ImageObject\",\"inLanguage\":\"it-IT\",\"@id\":\"https:\/\/secure.gravatar.com\/avatar\/f138308a5995bcd83926c1991b6b52c688087941dcbdc048c86791224afdd077?s=96&d=mm&r=g\",\"url\":\"https:\/\/secure.gravatar.com\/avatar\/f138308a5995bcd83926c1991b6b52c688087941dcbdc048c86791224afdd077?s=96&d=mm&r=g\",\"contentUrl\":\"https:\/\/secure.gravatar.com\/avatar\/f138308a5995bcd83926c1991b6b52c688087941dcbdc048c86791224afdd077?s=96&d=mm&r=g\",\"caption\":\"Chiara Bucalossi\"},\"url\":\"https:\/\/socialdesignmagazine.com\/mag\/author\/chiaraweb\/\"}]}<\/script>\n<!-- \/ Yoast SEO plugin. -->","yoast_head_json":{"title":"Al via la seconda edizione di \u201c Arte, Moda &amp; Riciclo \u201d - Social Design Magazine","description":"Si rinnova l\u2019appuntamento al molo di Cefal\u00f9 dedicato all\u2019Arte e al design di riciclo, con importanti novit\u00e0 come la partecipazione dei ragazzi di Wallaffix.","robots":{"index":"index","follow":"follow","max-snippet":"max-snippet:-1","max-image-preview":"max-image-preview:large","max-video-preview":"max-video-preview:-1"},"canonical":"https:\/\/socialdesignmagazine.com\/mag\/news\/design-news\/al-via-la-seconda-edizione-arte-moda-riciclo\/","og_locale":"it_IT","og_type":"article","og_title":"Al via la seconda edizione di \u201c Arte, Moda &amp; Riciclo \u201d - Social Design Magazine","og_description":"Si rinnova l\u2019appuntamento al molo di Cefal\u00f9 dedicato all\u2019Arte e al design di riciclo, con importanti novit\u00e0 come la partecipazione dei ragazzi di Wallaffix.","og_url":"http:\/\/socialdesignmagazine.com\/mag\/news\/design-news\/al-via-la-seconda-edizione-arte-moda-riciclo\/","og_site_name":"Social Design Magazine","article_publisher":"https:\/\/www.facebook.com\/socialdesignmag","article_published_time":"2015-07-20T15:30:29+00:00","article_modified_time":"2022-06-02T21:20:44+00:00","og_image":[{"width":880,"height":660,"url":"https:\/\/socialdesignmagazine.com\/mag\/wp-content\/uploads\/2015\/07\/cefalu-1.jpg","type":"image\/jpeg"}],"author":"Chiara Bucalossi","twitter_card":"summary_large_image","twitter_creator":"@socialdesignmag","twitter_site":"@socialdesignmag","twitter_misc":{"Scritto da":"Chiara Bucalossi","Tempo di lettura stimato":"3 minuti"},"schema":{"@context":"https:\/\/schema.org","@graph":[{"@type":"Article","@id":"https:\/\/socialdesignmagazine.com\/mag\/news\/design-news\/al-via-la-seconda-edizione-arte-moda-riciclo\/#article","isPartOf":{"@id":"https:\/\/socialdesignmagazine.com\/mag\/news\/design-news\/al-via-la-seconda-edizione-arte-moda-riciclo\/"},"author":{"name":"Chiara Bucalossi","@id":"https:\/\/socialdesignmagazine.com\/mag\/#\/schema\/person\/06845884a90bdf8df9c9e64f59bcc72b"},"headline":"Al via la seconda edizione di \u201c Arte, Moda &amp; Riciclo \u201d","datePublished":"2015-07-20T15:30:29+00:00","dateModified":"2022-06-02T21:20:44+00:00","mainEntityOfPage":{"@id":"https:\/\/socialdesignmagazine.com\/mag\/news\/design-news\/al-via-la-seconda-edizione-arte-moda-riciclo\/"},"wordCount":475,"commentCount":0,"publisher":{"@id":"https:\/\/socialdesignmagazine.com\/mag\/#organization"},"image":{"@id":"https:\/\/socialdesignmagazine.com\/mag\/news\/design-news\/al-via-la-seconda-edizione-arte-moda-riciclo\/#primaryimage"},"thumbnailUrl":"https:\/\/socialdesignmagazine.com\/mag\/wp-content\/uploads\/2015\/07\/cefalu-1.jpg","keywords":["moda","riciclo"],"articleSection":["Design News"],"inLanguage":"it-IT","potentialAction":[{"@type":"CommentAction","name":"Comment","target":["https:\/\/socialdesignmagazine.com\/mag\/news\/design-news\/al-via-la-seconda-edizione-arte-moda-riciclo\/#respond"]}]},{"@type":"WebPage","@id":"https:\/\/socialdesignmagazine.com\/mag\/news\/design-news\/al-via-la-seconda-edizione-arte-moda-riciclo\/","url":"https:\/\/socialdesignmagazine.com\/mag\/news\/design-news\/al-via-la-seconda-edizione-arte-moda-riciclo\/","name":"Al via la seconda edizione di \u201c Arte, Moda &amp; Riciclo \u201d - Social Design Magazine","isPartOf":{"@id":"https:\/\/socialdesignmagazine.com\/mag\/#website"},"primaryImageOfPage":{"@id":"https:\/\/socialdesignmagazine.com\/mag\/news\/design-news\/al-via-la-seconda-edizione-arte-moda-riciclo\/#primaryimage"},"image":{"@id":"https:\/\/socialdesignmagazine.com\/mag\/news\/design-news\/al-via-la-seconda-edizione-arte-moda-riciclo\/#primaryimage"},"thumbnailUrl":"https:\/\/socialdesignmagazine.com\/mag\/wp-content\/uploads\/2015\/07\/cefalu-1.jpg","datePublished":"2015-07-20T15:30:29+00:00","dateModified":"2022-06-02T21:20:44+00:00","description":"Si rinnova l\u2019appuntamento al molo di Cefal\u00f9 dedicato all\u2019Arte e al design di riciclo, con importanti novit\u00e0 come la partecipazione dei ragazzi di Wallaffix.","breadcrumb":{"@id":"https:\/\/socialdesignmagazine.com\/mag\/news\/design-news\/al-via-la-seconda-edizione-arte-moda-riciclo\/#breadcrumb"},"inLanguage":"it-IT","potentialAction":[{"@type":"ReadAction","target":["https:\/\/socialdesignmagazine.com\/mag\/news\/design-news\/al-via-la-seconda-edizione-arte-moda-riciclo\/"]}]},{"@type":"ImageObject","inLanguage":"it-IT","@id":"https:\/\/socialdesignmagazine.com\/mag\/news\/design-news\/al-via-la-seconda-edizione-arte-moda-riciclo\/#primaryimage","url":"https:\/\/socialdesignmagazine.com\/mag\/wp-content\/uploads\/2015\/07\/cefalu-1.jpg","contentUrl":"https:\/\/socialdesignmagazine.com\/mag\/wp-content\/uploads\/2015\/07\/cefalu-1.jpg","width":880,"height":660},{"@type":"BreadcrumbList","@id":"https:\/\/socialdesignmagazine.com\/mag\/news\/design-news\/al-via-la-seconda-edizione-arte-moda-riciclo\/#breadcrumb","itemListElement":[{"@type":"ListItem","position":1,"name":"Home","item":"https:\/\/socialdesignmagazine.com\/mag\/"},{"@type":"ListItem","position":2,"name":"News","item":"https:\/\/socialdesignmagazine.com\/mag\/news\/"},{"@type":"ListItem","position":3,"name":"Design News","item":"https:\/\/socialdesignmagazine.com\/mag\/news\/design-news\/"},{"@type":"ListItem","position":4,"name":"Al via la seconda edizione di \u201c Arte, Moda &amp; Riciclo \u201d"}]},{"@type":"WebSite","@id":"https:\/\/socialdesignmagazine.com\/mag\/#website","url":"https:\/\/socialdesignmagazine.com\/mag\/","name":"Social Design Magazine","description":"Social Magazine su Design, Architettura, Arte, Grafica","publisher":{"@id":"https:\/\/socialdesignmagazine.com\/mag\/#organization"},"potentialAction":[{"@type":"SearchAction","target":{"@type":"EntryPoint","urlTemplate":"https:\/\/socialdesignmagazine.com\/mag\/?s={search_term_string}"},"query-input":{"@type":"PropertyValueSpecification","valueRequired":true,"valueName":"search_term_string"}}],"inLanguage":"it-IT"},{"@type":"Organization","@id":"https:\/\/socialdesignmagazine.com\/mag\/#organization","name":"Social Design Magazine","url":"https:\/\/socialdesignmagazine.com\/mag\/","logo":{"@type":"ImageObject","inLanguage":"it-IT","@id":"https:\/\/socialdesignmagazine.com\/mag\/#\/schema\/logo\/image\/","url":"https:\/\/socialdesignmagazine.com\/mag\/wp-content\/uploads\/2017\/01\/logo_favicon_11.png","contentUrl":"https:\/\/socialdesignmagazine.com\/mag\/wp-content\/uploads\/2017\/01\/logo_favicon_11.png","width":1024,"height":1024,"caption":"Social Design Magazine"},"image":{"@id":"https:\/\/socialdesignmagazine.com\/mag\/#\/schema\/logo\/image\/"},"sameAs":["https:\/\/www.facebook.com\/socialdesignmag","https:\/\/x.com\/socialdesignmag","http:\/\/instagram.com\/social_design_magazine\/","http:\/\/pinterest.com\/socialdesignmag\/","http:\/\/www.youtube.com\/user\/socialdesignmagazine"]},{"@type":"Person","@id":"https:\/\/socialdesignmagazine.com\/mag\/#\/schema\/person\/06845884a90bdf8df9c9e64f59bcc72b","name":"Chiara Bucalossi","image":{"@type":"ImageObject","inLanguage":"it-IT","@id":"https:\/\/secure.gravatar.com\/avatar\/f138308a5995bcd83926c1991b6b52c688087941dcbdc048c86791224afdd077?s=96&d=mm&r=g","url":"https:\/\/secure.gravatar.com\/avatar\/f138308a5995bcd83926c1991b6b52c688087941dcbdc048c86791224afdd077?s=96&d=mm&r=g","contentUrl":"https:\/\/secure.gravatar.com\/avatar\/f138308a5995bcd83926c1991b6b52c688087941dcbdc048c86791224afdd077?s=96&d=mm&r=g","caption":"Chiara Bucalossi"},"url":"https:\/\/socialdesignmagazine.com\/mag\/author\/chiaraweb\/"}]}},"jetpack_featured_media_url":"https:\/\/socialdesignmagazine.com\/mag\/wp-content\/uploads\/2015\/07\/cefalu-1.jpg","jetpack_sharing_enabled":true,"jetpack_shortlink":"https:\/\/wp.me\/p6cV7V-624","gt_translate_keys":[{"key":"link","format":"url"}],"_links":{"self":[{"href":"https:\/\/socialdesignmagazine.com\/mag\/wp-json\/wp\/v2\/posts\/23192","targetHints":{"allow":["GET"]}}],"collection":[{"href":"https:\/\/socialdesignmagazine.com\/mag\/wp-json\/wp\/v2\/posts"}],"about":[{"href":"https:\/\/socialdesignmagazine.com\/mag\/wp-json\/wp\/v2\/types\/post"}],"author":[{"embeddable":true,"href":"https:\/\/socialdesignmagazine.com\/mag\/wp-json\/wp\/v2\/users\/635"}],"replies":[{"embeddable":true,"href":"https:\/\/socialdesignmagazine.com\/mag\/wp-json\/wp\/v2\/comments?post=23192"}],"version-history":[{"count":4,"href":"https:\/\/socialdesignmagazine.com\/mag\/wp-json\/wp\/v2\/posts\/23192\/revisions"}],"predecessor-version":[{"id":45358,"href":"https:\/\/socialdesignmagazine.com\/mag\/wp-json\/wp\/v2\/posts\/23192\/revisions\/45358"}],"wp:featuredmedia":[{"embeddable":true,"href":"https:\/\/socialdesignmagazine.com\/mag\/wp-json\/wp\/v2\/media\/23193"}],"wp:attachment":[{"href":"https:\/\/socialdesignmagazine.com\/mag\/wp-json\/wp\/v2\/media?parent=23192"}],"wp:term":[{"taxonomy":"category","embeddable":true,"href":"https:\/\/socialdesignmagazine.com\/mag\/wp-json\/wp\/v2\/categories?post=23192"},{"taxonomy":"post_tag","embeddable":true,"href":"https:\/\/socialdesignmagazine.com\/mag\/wp-json\/wp\/v2\/tags?post=23192"}],"curies":[{"name":"wp","href":"https:\/\/api.w.org\/{rel}","templated":true}]}}