{"id":23273,"date":"2015-07-23T16:00:04","date_gmt":"2015-07-23T14:00:04","guid":{"rendered":"https:\/\/socialdesignmagazine.com\/mag\/?p=23273"},"modified":"2022-06-02T08:19:40","modified_gmt":"2022-06-02T06:19:40","slug":"pavimenti-per-bagni-di-design-scandola-marmi-al-cersaie-2015","status":"publish","type":"post","link":"https:\/\/socialdesignmagazine.com\/mag\/design\/pavimenti-per-bagni-di-design-scandola-marmi-al-cersaie-2015\/","title":{"rendered":"Pavimenti per bagni di design, Scandola Marmi al Cersaie 2015","gt_translate_keys":[{"key":"rendered","format":"text"}]},"content":{"rendered":"<h2>Al prossimo Cersaie, a Bologna dal 28 settembre al 2 ottobre, Scandola Marmi punta sulla sua innovativa collezione di pavimenti e rivestimenti per bagni di design, disegnati da MM Studio (Manuel Barbieri).<\/h2>\n<p>Oltre a presentare PROFILE, BOOMERANG, PO C H ETTE e MARRAKECH, che giocano sui contrasti di colore puntando a linee decise e moderne, viene posto l\u2019accento sulla collezione IN D U S T R Y, rivisitazione del parquet classico a listelli.<\/p>\n<p>IN D U S T R Y \u00e8 un pavimento in marmo lineare che grazie alle tre lunghezze, ai tagli e al contrasto dei colori crea geometrie oblique inaspettate e dinamiche. Il listello rettangolare viene smussato a 45 gradi, un semplice gesto che rende la collezione IN D U S T R Y elegante e adatta anche per il contract.<\/p>\n<p><a href=\"https:\/\/socialdesignmagazine.com\/mag\/blog\/design\/pavimenti-per-bagni-di-design-scandola-marmi-al-cersaie-2015\/attachment\/ph_scandolamarmi_industry_5low_socialdesignmagazine-jpg\/#content\" rel=\"attachment wp-att-23362\"><img loading=\"lazy\" decoding=\"async\" data-attachment-id=\"23362\" data-permalink=\"https:\/\/socialdesignmagazine.com\/mag\/design\/pavimenti-per-bagni-di-design-scandola-marmi-al-cersaie-2015\/attachment\/ph_scandolamarmi_industry_5low_socialdesignmagazine-jpg\/#content\" data-orig-file=\"https:\/\/socialdesignmagazine.com\/mag\/wp-content\/uploads\/2015\/07\/ph_ScandolaMarmi_Industry_5low_socialdesignmagazine.jpg\" data-orig-size=\"880,586\" data-comments-opened=\"1\" data-image-meta=\"{&quot;aperture&quot;:&quot;0&quot;,&quot;credit&quot;:&quot;&quot;,&quot;camera&quot;:&quot;&quot;,&quot;caption&quot;:&quot;&quot;,&quot;created_timestamp&quot;:&quot;0&quot;,&quot;copyright&quot;:&quot;&quot;,&quot;focal_length&quot;:&quot;0&quot;,&quot;iso&quot;:&quot;0&quot;,&quot;shutter_speed&quot;:&quot;0&quot;,&quot;title&quot;:&quot;&quot;,&quot;orientation&quot;:&quot;0&quot;}\" data-image-title=\"Scandola marmi pavimento Industry Manuel Barbieri\" data-image-description=\"\" data-image-caption=\"\" data-medium-file=\"https:\/\/socialdesignmagazine.com\/mag\/wp-content\/uploads\/2015\/07\/ph_ScandolaMarmi_Industry_5low_socialdesignmagazine-396x256.jpg\" data-large-file=\"https:\/\/socialdesignmagazine.com\/mag\/wp-content\/uploads\/2015\/07\/ph_ScandolaMarmi_Industry_5low_socialdesignmagazine.jpg\" class=\"alignnone size-full wp-image-23362\" src=\"https:\/\/socialdesignmagazine.com\/mag\/wp-content\/uploads\/2015\/07\/ph_ScandolaMarmi_Industry_5low_socialdesignmagazine.jpg\" alt=\"Scandola marmi pavimento Industry Manuel Barbieri\" width=\"880\" height=\"586\" srcset=\"https:\/\/socialdesignmagazine.com\/mag\/wp-content\/uploads\/2015\/07\/ph_ScandolaMarmi_Industry_5low_socialdesignmagazine.jpg 880w, https:\/\/socialdesignmagazine.com\/mag\/wp-content\/uploads\/2015\/07\/ph_ScandolaMarmi_Industry_5low_socialdesignmagazine-100x66.jpg 100w, https:\/\/socialdesignmagazine.com\/mag\/wp-content\/uploads\/2015\/07\/ph_ScandolaMarmi_Industry_5low_socialdesignmagazine-768x511.jpg 768w\" sizes=\"auto, (max-width: 880px) 100vw, 880px\" \/><\/a><\/p>\n<p><a href=\"https:\/\/socialdesignmagazine.com\/mag\/blog\/design\/pavimenti-per-bagni-di-design-scandola-marmi-al-cersaie-2015\/attachment\/ph_scandolamarmi_industry_2low_socialdesignmagazine-jpg\/#content\" rel=\"attachment wp-att-23363\"><img loading=\"lazy\" decoding=\"async\" data-attachment-id=\"23363\" data-permalink=\"https:\/\/socialdesignmagazine.com\/mag\/design\/pavimenti-per-bagni-di-design-scandola-marmi-al-cersaie-2015\/attachment\/ph_scandolamarmi_industry_2low_socialdesignmagazine-jpg\/#content\" data-orig-file=\"https:\/\/socialdesignmagazine.com\/mag\/wp-content\/uploads\/2015\/07\/ph_ScandolaMarmi_Industry_2low_socialdesignmagazine.jpg\" data-orig-size=\"880,586\" data-comments-opened=\"1\" data-image-meta=\"{&quot;aperture&quot;:&quot;0&quot;,&quot;credit&quot;:&quot;&quot;,&quot;camera&quot;:&quot;&quot;,&quot;caption&quot;:&quot;&quot;,&quot;created_timestamp&quot;:&quot;0&quot;,&quot;copyright&quot;:&quot;&quot;,&quot;focal_length&quot;:&quot;0&quot;,&quot;iso&quot;:&quot;0&quot;,&quot;shutter_speed&quot;:&quot;0&quot;,&quot;title&quot;:&quot;&quot;,&quot;orientation&quot;:&quot;0&quot;}\" data-image-title=\"Scandola marmi pavimento Industry Manuel Barbieri\" data-image-description=\"\" data-image-caption=\"\" data-medium-file=\"https:\/\/socialdesignmagazine.com\/mag\/wp-content\/uploads\/2015\/07\/ph_ScandolaMarmi_Industry_2low_socialdesignmagazine-396x256.jpg\" data-large-file=\"https:\/\/socialdesignmagazine.com\/mag\/wp-content\/uploads\/2015\/07\/ph_ScandolaMarmi_Industry_2low_socialdesignmagazine.jpg\" class=\"alignnone size-full wp-image-23363\" src=\"https:\/\/socialdesignmagazine.com\/mag\/wp-content\/uploads\/2015\/07\/ph_ScandolaMarmi_Industry_2low_socialdesignmagazine.jpg\" alt=\"Scandola marmi pavimento Industry Manuel Barbieri\" width=\"880\" height=\"586\" srcset=\"https:\/\/socialdesignmagazine.com\/mag\/wp-content\/uploads\/2015\/07\/ph_ScandolaMarmi_Industry_2low_socialdesignmagazine.jpg 880w, https:\/\/socialdesignmagazine.com\/mag\/wp-content\/uploads\/2015\/07\/ph_ScandolaMarmi_Industry_2low_socialdesignmagazine-100x66.jpg 100w, https:\/\/socialdesignmagazine.com\/mag\/wp-content\/uploads\/2015\/07\/ph_ScandolaMarmi_Industry_2low_socialdesignmagazine-768x511.jpg 768w\" sizes=\"auto, (max-width: 880px) 100vw, 880px\" \/><\/a><\/p>\n<p>NOVITA\u2019 SCANDOLA MARMI 2015<br \/>\nAllo spazio Scandola Marmi saranno esposte anche altre novit\u00e0 2015. La collezione Scandola Marmi disegnata dal designer e art director del progetto Manuel Barbieri di MM Studio si arricchisce di nuove proposte: oggetti in marmo per il living, la tavola, il bagno e l&#8217;ufficio: nuove ciotole, nuovi vasi oltre a un fermalibri multifunzione, set da scrivania, set da bagno, taglieri\/vassoio, orologi da parete, il sottopentola\/dosa-spaghetti e diversi portacandele.<\/p>\n<p>Dopo il successo delle scorse collezioni, nel 2015 il catalogo si amplia fino a comprendere una cinquantina di prodotti che saranno presentati man mano durante il corso dell&#8217;anno, anche con l\u2019introduzione di un secondo materiale, sempre 100% naturale e con un forte legame con la terra, il legno.<br \/>\nTra le novit\u00e0, due collezioni di vasi:<\/p>\n<p>OMINI, vasi in marmo imponenti per volume, ma non troppo pesanti perch\u00e9 interamente scavati per contenere i fiori, che ricordano il profilo stilizzato di un uomo. Realizzati volutamente solo in marmo bianco di Carrara per la sua eleganza intrinseca e come omaggio all\u2019italianit\u00e0 nell&#8217;anno di Expo 2015.<\/p>\n<p>In continuit\u00e0 con la collezione Florence, presentata nel 2013, nasce DISCO, una collezione che si compone di vasi\/contenitori ovali realizzati grazie all&#8217;accoppiamento di anelli alternati in bianco Carrara e nero Marquinia, che, smussati a 45\u00b0 &#8211; tratto distintivo del designer per Scandola Marmi &#8211; ne enfatizzano la forma a disco, quasi fossero navicelle spaziali.<\/p>\n<p>Tutti i pezzi sono stati studiati per essere funzionali, leggeri, pratici da spedire, nonostante il pregiato materiale, perch\u00e9 pensati inizialmente per la vendita online su www.scandolamarmi.it. Ma grazie al successo immediato la collezione \u00e8 oggi al Design Supermarket della Rinascente di Milano e da Barneys New York, Llot Llov a Berlino, Fleux a Parigi. Il risultato \u00e8 stato raggiunto grazie ad una famiglia di imprenditori illuminati che si sono resi disponibili a dare una scossa, in chiave di design, all\u2019azienda e ad investire energie e denaro in un progetto animato solo da giovani professionisti \u201cunder 25\u201d che si sono occupati oltre che del design, del completo remake e riposizionamento di Scandola Marmi, dalla brand image alla distribuzione.<\/p>\n<p><a href=\"https:\/\/socialdesignmagazine.com\/mag\/blog\/design\/pavimenti-per-bagni-di-design-scandola-marmi-al-cersaie-2015\/attachment\/omn_b_bc_scandolamarmi_manuelbarbieri_mm_2015_2016_socialdesignmagazine-jpg\/#content\" rel=\"attachment wp-att-23364\"><img loading=\"lazy\" decoding=\"async\" data-attachment-id=\"23364\" data-permalink=\"https:\/\/socialdesignmagazine.com\/mag\/design\/pavimenti-per-bagni-di-design-scandola-marmi-al-cersaie-2015\/attachment\/omn_b_bc_scandolamarmi_manuelbarbieri_mm_2015_2016_socialdesignmagazine-jpg\/#content\" data-orig-file=\"https:\/\/socialdesignmagazine.com\/mag\/wp-content\/uploads\/2015\/07\/OMN_B_BC_SCANDOLAMARMI_MANUELBARBIERI_MM_2015_2016_socialdesignmagazine.jpg\" data-orig-size=\"880,1320\" data-comments-opened=\"1\" data-image-meta=\"{&quot;aperture&quot;:&quot;0&quot;,&quot;credit&quot;:&quot;&quot;,&quot;camera&quot;:&quot;&quot;,&quot;caption&quot;:&quot;&quot;,&quot;created_timestamp&quot;:&quot;0&quot;,&quot;copyright&quot;:&quot;&quot;,&quot;focal_length&quot;:&quot;0&quot;,&quot;iso&quot;:&quot;0&quot;,&quot;shutter_speed&quot;:&quot;0&quot;,&quot;title&quot;:&quot;&quot;,&quot;orientation&quot;:&quot;0&quot;}\" data-image-title=\"Scandola marmi Omini Manuel Barbieri\" data-image-description=\"\" data-image-caption=\"\" data-medium-file=\"https:\/\/socialdesignmagazine.com\/mag\/wp-content\/uploads\/2015\/07\/OMN_B_BC_SCANDOLAMARMI_MANUELBARBIERI_MM_2015_2016_socialdesignmagazine-396x256.jpg\" data-large-file=\"https:\/\/socialdesignmagazine.com\/mag\/wp-content\/uploads\/2015\/07\/OMN_B_BC_SCANDOLAMARMI_MANUELBARBIERI_MM_2015_2016_socialdesignmagazine.jpg\" class=\"alignnone size-full wp-image-23364\" src=\"https:\/\/socialdesignmagazine.com\/mag\/wp-content\/uploads\/2015\/07\/OMN_B_BC_SCANDOLAMARMI_MANUELBARBIERI_MM_2015_2016_socialdesignmagazine.jpg\" alt=\"Scandola marmi Omini Manuel Barbieri\" width=\"880\" height=\"1320\" srcset=\"https:\/\/socialdesignmagazine.com\/mag\/wp-content\/uploads\/2015\/07\/OMN_B_BC_SCANDOLAMARMI_MANUELBARBIERI_MM_2015_2016_socialdesignmagazine.jpg 880w, https:\/\/socialdesignmagazine.com\/mag\/wp-content\/uploads\/2015\/07\/OMN_B_BC_SCANDOLAMARMI_MANUELBARBIERI_MM_2015_2016_socialdesignmagazine-768x1152.jpg 768w\" sizes=\"auto, (max-width: 880px) 100vw, 880px\" \/><\/a><\/p>\n<p><a href=\"https:\/\/socialdesignmagazine.com\/mag\/blog\/design\/pavimenti-per-bagni-di-design-scandola-marmi-al-cersaie-2015\/attachment\/omini_c_scandolamarmi_manuelbarbieri_mm_2015_2016_socialdesignmagazine-jpg\/#content\" rel=\"attachment wp-att-23365\"><img loading=\"lazy\" decoding=\"async\" data-attachment-id=\"23365\" data-permalink=\"https:\/\/socialdesignmagazine.com\/mag\/design\/pavimenti-per-bagni-di-design-scandola-marmi-al-cersaie-2015\/attachment\/omini_c_scandolamarmi_manuelbarbieri_mm_2015_2016_socialdesignmagazine-jpg\/#content\" data-orig-file=\"https:\/\/socialdesignmagazine.com\/mag\/wp-content\/uploads\/2015\/07\/OMINI_C_SCANDOLAMARMI_MANUELBARBIERI_MM_2015_2016_socialdesignmagazine.jpg\" data-orig-size=\"880,1320\" data-comments-opened=\"1\" data-image-meta=\"{&quot;aperture&quot;:&quot;0&quot;,&quot;credit&quot;:&quot;&quot;,&quot;camera&quot;:&quot;&quot;,&quot;caption&quot;:&quot;&quot;,&quot;created_timestamp&quot;:&quot;0&quot;,&quot;copyright&quot;:&quot;&quot;,&quot;focal_length&quot;:&quot;0&quot;,&quot;iso&quot;:&quot;0&quot;,&quot;shutter_speed&quot;:&quot;0&quot;,&quot;title&quot;:&quot;&quot;,&quot;orientation&quot;:&quot;0&quot;}\" data-image-title=\"Scandola marmi Omini Manuel Barbieri\" data-image-description=\"\" data-image-caption=\"\" data-medium-file=\"https:\/\/socialdesignmagazine.com\/mag\/wp-content\/uploads\/2015\/07\/OMINI_C_SCANDOLAMARMI_MANUELBARBIERI_MM_2015_2016_socialdesignmagazine-396x256.jpg\" data-large-file=\"https:\/\/socialdesignmagazine.com\/mag\/wp-content\/uploads\/2015\/07\/OMINI_C_SCANDOLAMARMI_MANUELBARBIERI_MM_2015_2016_socialdesignmagazine.jpg\" class=\"alignnone size-full wp-image-23365\" src=\"https:\/\/socialdesignmagazine.com\/mag\/wp-content\/uploads\/2015\/07\/OMINI_C_SCANDOLAMARMI_MANUELBARBIERI_MM_2015_2016_socialdesignmagazine.jpg\" alt=\"Scandola marmi Omini Manuel Barbieri\" width=\"880\" height=\"1320\" srcset=\"https:\/\/socialdesignmagazine.com\/mag\/wp-content\/uploads\/2015\/07\/OMINI_C_SCANDOLAMARMI_MANUELBARBIERI_MM_2015_2016_socialdesignmagazine.jpg 880w, https:\/\/socialdesignmagazine.com\/mag\/wp-content\/uploads\/2015\/07\/OMINI_C_SCANDOLAMARMI_MANUELBARBIERI_MM_2015_2016_socialdesignmagazine-768x1152.jpg 768w\" sizes=\"auto, (max-width: 880px) 100vw, 880px\" \/><\/a><\/p>\n<p>&nbsp;<\/p>\n<h4>Maggiori informazioni su: <a rel=\"nofollow\" href=\"http:\/\/www.scandolamarmi.it\">www.scandolamarmi.it<\/a><\/h4>\n","protected":false,"gt_translate_keys":[{"key":"rendered","format":"html"}]},"excerpt":{"rendered":"<p>Al prossimo Cersaie, a Bologna dal 28 settembre al 2 ottobre, Scandola Marmi punta sulla sua innovativa collezione di pavimenti e rivestimenti per bagni di design, disegnati da MM Studio (Manuel Barbieri).<\/p>\n","protected":false,"gt_translate_keys":[{"key":"rendered","format":"html"}]},"author":1,"featured_media":23361,"comment_status":"open","ping_status":"open","sticky":false,"template":"","format":"standard","meta":{"jetpack_post_was_ever_published":false,"_jetpack_newsletter_access":"","_jetpack_dont_email_post_to_subs":false,"_jetpack_newsletter_tier_id":0,"_jetpack_memberships_contains_paywalled_content":false,"_jetpack_memberships_contains_paid_content":false,"footnotes":"","_wpscppro_dont_share_socialmedia":false,"_wpscppro_custom_social_share_image":0,"_facebook_share_type":"","_twitter_share_type":"","_linkedin_share_type":"","_pinterest_share_type":"","_linkedin_share_type_page":"","_instagram_share_type":"","_medium_share_type":"","_threads_share_type":"","_google_business_share_type":"","_selected_social_profile":[],"_wpsp_enable_custom_social_template":false,"_wpsp_social_scheduling":{"enabled":false,"datetime":null,"platforms":[],"status":"template_only","dateOption":"today","timeOption":"now","customDays":"","customHours":"","customDate":"","customTime":"","schedulingType":"absolute"},"_wpsp_active_default_template":true},"categories":[13],"tags":[4418,3225,1645,2628,4040,3736],"class_list":["post-23273","post","type-post","status-publish","format-standard","has-post-thumbnail","hentry","category-design","tag-cersaie-2015","tag-manuel-barbieri","tag-marmo","tag-pavimenti","tag-rivestimenti","tag-scandola-marmi"],"yoast_head":"<!-- This site is optimized with the Yoast SEO plugin v27.2 - https:\/\/yoast.com\/product\/yoast-seo-wordpress\/ -->\n<title>Pavimenti per bagni di design, Scandola Marmi al Cersaie 2015 - Social Design Magazine<\/title>\n<meta name=\"description\" content=\"Al prossimo Cersaie 2015, Scandola Marmi punta sulla sua innovativa collezione di pavimenti e rivestimenti per bagni di design\" \/>\n<meta name=\"robots\" content=\"index, follow, max-snippet:-1, max-image-preview:large, max-video-preview:-1\" \/>\n<link rel=\"canonical\" href=\"https:\/\/socialdesignmagazine.com\/mag\/design\/pavimenti-per-bagni-di-design-scandola-marmi-al-cersaie-2015\/\" \/>\n<meta property=\"og:locale\" content=\"it_IT\" \/>\n<meta property=\"og:type\" content=\"article\" \/>\n<meta property=\"og:title\" content=\"Pavimenti per bagni di design, Scandola Marmi al Cersaie 2015 - Social Design Magazine\" \/>\n<meta property=\"og:description\" content=\"Al prossimo Cersaie 2015, Scandola Marmi punta sulla sua innovativa collezione di pavimenti e rivestimenti per bagni di design\" \/>\n<meta property=\"og:url\" content=\"http:\/\/socialdesignmagazine.com\/mag\/design\/pavimenti-per-bagni-di-design-scandola-marmi-al-cersaie-2015\/\" \/>\n<meta property=\"og:site_name\" content=\"Social Design Magazine\" \/>\n<meta property=\"article:publisher\" content=\"https:\/\/www.facebook.com\/socialdesignmag\" \/>\n<meta property=\"article:author\" content=\"https:\/\/www.facebook.com\/benedettofiori\" \/>\n<meta property=\"article:published_time\" content=\"2015-07-23T14:00:04+00:00\" \/>\n<meta property=\"article:modified_time\" content=\"2022-06-02T06:19:40+00:00\" \/>\n<meta property=\"og:image\" content=\"https:\/\/socialdesignmagazine.com\/mag\/wp-content\/uploads\/2015\/07\/ph_ScandolaMarmi_Industry_8_socialdesignmagazine.jpg\" \/>\n\t<meta property=\"og:image:width\" content=\"880\" \/>\n\t<meta property=\"og:image:height\" content=\"880\" \/>\n\t<meta property=\"og:image:type\" content=\"image\/jpeg\" \/>\n<meta name=\"author\" content=\"Benedetto Fiori\" \/>\n<meta name=\"twitter:card\" content=\"summary_large_image\" \/>\n<meta name=\"twitter:creator\" content=\"@benedettofiori\" \/>\n<meta name=\"twitter:site\" content=\"@socialdesignmag\" \/>\n<meta name=\"twitter:label1\" content=\"Scritto da\" \/>\n\t<meta name=\"twitter:data1\" content=\"Benedetto Fiori\" \/>\n\t<meta name=\"twitter:label2\" content=\"Tempo di lettura stimato\" \/>\n\t<meta name=\"twitter:data2\" content=\"4 minuti\" \/>\n<script type=\"application\/ld+json\" class=\"yoast-schema-graph\">{\"@context\":\"https:\/\/schema.org\",\"@graph\":[{\"@type\":\"Article\",\"@id\":\"https:\/\/socialdesignmagazine.com\/mag\/design\/pavimenti-per-bagni-di-design-scandola-marmi-al-cersaie-2015\/#article\",\"isPartOf\":{\"@id\":\"https:\/\/socialdesignmagazine.com\/mag\/design\/pavimenti-per-bagni-di-design-scandola-marmi-al-cersaie-2015\/\"},\"author\":{\"name\":\"Benedetto Fiori\",\"@id\":\"https:\/\/socialdesignmagazine.com\/mag\/#\/schema\/person\/61e20205cc363c315e6aabd33a045846\"},\"headline\":\"Pavimenti per bagni di design, Scandola Marmi al Cersaie 2015\",\"datePublished\":\"2015-07-23T14:00:04+00:00\",\"dateModified\":\"2022-06-02T06:19:40+00:00\",\"mainEntityOfPage\":{\"@id\":\"https:\/\/socialdesignmagazine.com\/mag\/design\/pavimenti-per-bagni-di-design-scandola-marmi-al-cersaie-2015\/\"},\"wordCount\":493,\"commentCount\":0,\"publisher\":{\"@id\":\"https:\/\/socialdesignmagazine.com\/mag\/#organization\"},\"image\":{\"@id\":\"https:\/\/socialdesignmagazine.com\/mag\/design\/pavimenti-per-bagni-di-design-scandola-marmi-al-cersaie-2015\/#primaryimage\"},\"thumbnailUrl\":\"https:\/\/socialdesignmagazine.com\/mag\/wp-content\/uploads\/2015\/07\/ph_ScandolaMarmi_Industry_8_socialdesignmagazine.jpg\",\"keywords\":[\"Cersaie 2015\",\"manuel barbieri\",\"marmo\",\"pavimenti\",\"rivestimenti\",\"scandola marmi\"],\"articleSection\":[\"Design\"],\"inLanguage\":\"it-IT\",\"potentialAction\":[{\"@type\":\"CommentAction\",\"name\":\"Comment\",\"target\":[\"https:\/\/socialdesignmagazine.com\/mag\/design\/pavimenti-per-bagni-di-design-scandola-marmi-al-cersaie-2015\/#respond\"]}]},{\"@type\":\"WebPage\",\"@id\":\"https:\/\/socialdesignmagazine.com\/mag\/design\/pavimenti-per-bagni-di-design-scandola-marmi-al-cersaie-2015\/\",\"url\":\"https:\/\/socialdesignmagazine.com\/mag\/design\/pavimenti-per-bagni-di-design-scandola-marmi-al-cersaie-2015\/\",\"name\":\"Pavimenti per bagni di design, Scandola Marmi al Cersaie 2015 - Social Design Magazine\",\"isPartOf\":{\"@id\":\"https:\/\/socialdesignmagazine.com\/mag\/#website\"},\"primaryImageOfPage\":{\"@id\":\"https:\/\/socialdesignmagazine.com\/mag\/design\/pavimenti-per-bagni-di-design-scandola-marmi-al-cersaie-2015\/#primaryimage\"},\"image\":{\"@id\":\"https:\/\/socialdesignmagazine.com\/mag\/design\/pavimenti-per-bagni-di-design-scandola-marmi-al-cersaie-2015\/#primaryimage\"},\"thumbnailUrl\":\"https:\/\/socialdesignmagazine.com\/mag\/wp-content\/uploads\/2015\/07\/ph_ScandolaMarmi_Industry_8_socialdesignmagazine.jpg\",\"datePublished\":\"2015-07-23T14:00:04+00:00\",\"dateModified\":\"2022-06-02T06:19:40+00:00\",\"description\":\"Al prossimo Cersaie 2015, Scandola Marmi punta sulla sua innovativa collezione di pavimenti e rivestimenti per bagni di design\",\"breadcrumb\":{\"@id\":\"https:\/\/socialdesignmagazine.com\/mag\/design\/pavimenti-per-bagni-di-design-scandola-marmi-al-cersaie-2015\/#breadcrumb\"},\"inLanguage\":\"it-IT\",\"potentialAction\":[{\"@type\":\"ReadAction\",\"target\":[\"https:\/\/socialdesignmagazine.com\/mag\/design\/pavimenti-per-bagni-di-design-scandola-marmi-al-cersaie-2015\/\"]}]},{\"@type\":\"ImageObject\",\"inLanguage\":\"it-IT\",\"@id\":\"https:\/\/socialdesignmagazine.com\/mag\/design\/pavimenti-per-bagni-di-design-scandola-marmi-al-cersaie-2015\/#primaryimage\",\"url\":\"https:\/\/socialdesignmagazine.com\/mag\/wp-content\/uploads\/2015\/07\/ph_ScandolaMarmi_Industry_8_socialdesignmagazine.jpg\",\"contentUrl\":\"https:\/\/socialdesignmagazine.com\/mag\/wp-content\/uploads\/2015\/07\/ph_ScandolaMarmi_Industry_8_socialdesignmagazine.jpg\",\"width\":880,\"height\":880,\"caption\":\"Scandola marmi pavimento Industry Manuel Barbieri\"},{\"@type\":\"BreadcrumbList\",\"@id\":\"https:\/\/socialdesignmagazine.com\/mag\/design\/pavimenti-per-bagni-di-design-scandola-marmi-al-cersaie-2015\/#breadcrumb\",\"itemListElement\":[{\"@type\":\"ListItem\",\"position\":1,\"name\":\"Home\",\"item\":\"https:\/\/socialdesignmagazine.com\/mag\/\"},{\"@type\":\"ListItem\",\"position\":2,\"name\":\"Design\",\"item\":\"https:\/\/socialdesignmagazine.com\/mag\/design\/\"},{\"@type\":\"ListItem\",\"position\":3,\"name\":\"Pavimenti per bagni di design, Scandola Marmi al Cersaie 2015\"}]},{\"@type\":\"WebSite\",\"@id\":\"https:\/\/socialdesignmagazine.com\/mag\/#website\",\"url\":\"https:\/\/socialdesignmagazine.com\/mag\/\",\"name\":\"Social Design Magazine\",\"description\":\"Social Magazine su Design, Architettura, Arte, Grafica\",\"publisher\":{\"@id\":\"https:\/\/socialdesignmagazine.com\/mag\/#organization\"},\"potentialAction\":[{\"@type\":\"SearchAction\",\"target\":{\"@type\":\"EntryPoint\",\"urlTemplate\":\"https:\/\/socialdesignmagazine.com\/mag\/?s={search_term_string}\"},\"query-input\":{\"@type\":\"PropertyValueSpecification\",\"valueRequired\":true,\"valueName\":\"search_term_string\"}}],\"inLanguage\":\"it-IT\"},{\"@type\":\"Organization\",\"@id\":\"https:\/\/socialdesignmagazine.com\/mag\/#organization\",\"name\":\"Social Design Magazine\",\"url\":\"https:\/\/socialdesignmagazine.com\/mag\/\",\"logo\":{\"@type\":\"ImageObject\",\"inLanguage\":\"it-IT\",\"@id\":\"https:\/\/socialdesignmagazine.com\/mag\/#\/schema\/logo\/image\/\",\"url\":\"https:\/\/socialdesignmagazine.com\/mag\/wp-content\/uploads\/2017\/01\/logo_favicon_11.png\",\"contentUrl\":\"https:\/\/socialdesignmagazine.com\/mag\/wp-content\/uploads\/2017\/01\/logo_favicon_11.png\",\"width\":1024,\"height\":1024,\"caption\":\"Social Design Magazine\"},\"image\":{\"@id\":\"https:\/\/socialdesignmagazine.com\/mag\/#\/schema\/logo\/image\/\"},\"sameAs\":[\"https:\/\/www.facebook.com\/socialdesignmag\",\"https:\/\/x.com\/socialdesignmag\",\"http:\/\/instagram.com\/social_design_magazine\/\",\"http:\/\/pinterest.com\/socialdesignmag\/\",\"http:\/\/www.youtube.com\/user\/socialdesignmagazine\"]},{\"@type\":\"Person\",\"@id\":\"https:\/\/socialdesignmagazine.com\/mag\/#\/schema\/person\/61e20205cc363c315e6aabd33a045846\",\"name\":\"Benedetto Fiori\",\"image\":{\"@type\":\"ImageObject\",\"inLanguage\":\"it-IT\",\"@id\":\"https:\/\/secure.gravatar.com\/avatar\/450a48cefa36da63d920ad70aa660bd10725b1c6093800242e5efdb397759033?s=96&d=mm&r=g\",\"url\":\"https:\/\/secure.gravatar.com\/avatar\/450a48cefa36da63d920ad70aa660bd10725b1c6093800242e5efdb397759033?s=96&d=mm&r=g\",\"contentUrl\":\"https:\/\/secure.gravatar.com\/avatar\/450a48cefa36da63d920ad70aa660bd10725b1c6093800242e5efdb397759033?s=96&d=mm&r=g\",\"caption\":\"Benedetto Fiori\"},\"description\":\"Web | Twitter | Facebook | Shutterstock Founder &amp; Editor in Chief di Social Design Magazine. Attratto da sempre da tutto ci\u00f2 che \u00e8 creativit\u00e0, design, architettura. Dopo aver studiato Architettura all'Universit\u00e0 di Firenze, si \u00e8 impegnato in molteplici campi: comunicazione grafica, progettazione di allestimenti fieristici, brand design, Interior Design.\",\"sameAs\":[\"http:\/\/benedettofiori.com\",\"https:\/\/www.facebook.com\/benedettofiori\",\"https:\/\/x.com\/benedettofiori\"],\"url\":\"https:\/\/socialdesignmagazine.com\/mag\/author\/benedetto\/\"}]}<\/script>\n<!-- \/ Yoast SEO plugin. -->","yoast_head_json":{"title":"Pavimenti per bagni di design, Scandola Marmi al Cersaie 2015 - Social Design Magazine","description":"Al prossimo Cersaie 2015, Scandola Marmi punta sulla sua innovativa collezione di pavimenti e rivestimenti per bagni di design","robots":{"index":"index","follow":"follow","max-snippet":"max-snippet:-1","max-image-preview":"max-image-preview:large","max-video-preview":"max-video-preview:-1"},"canonical":"https:\/\/socialdesignmagazine.com\/mag\/design\/pavimenti-per-bagni-di-design-scandola-marmi-al-cersaie-2015\/","og_locale":"it_IT","og_type":"article","og_title":"Pavimenti per bagni di design, Scandola Marmi al Cersaie 2015 - Social Design Magazine","og_description":"Al prossimo Cersaie 2015, Scandola Marmi punta sulla sua innovativa collezione di pavimenti e rivestimenti per bagni di design","og_url":"http:\/\/socialdesignmagazine.com\/mag\/design\/pavimenti-per-bagni-di-design-scandola-marmi-al-cersaie-2015\/","og_site_name":"Social Design Magazine","article_publisher":"https:\/\/www.facebook.com\/socialdesignmag","article_author":"https:\/\/www.facebook.com\/benedettofiori","article_published_time":"2015-07-23T14:00:04+00:00","article_modified_time":"2022-06-02T06:19:40+00:00","og_image":[{"width":880,"height":880,"url":"https:\/\/socialdesignmagazine.com\/mag\/wp-content\/uploads\/2015\/07\/ph_ScandolaMarmi_Industry_8_socialdesignmagazine.jpg","type":"image\/jpeg"}],"author":"Benedetto Fiori","twitter_card":"summary_large_image","twitter_creator":"@benedettofiori","twitter_site":"@socialdesignmag","twitter_misc":{"Scritto da":"Benedetto Fiori","Tempo di lettura stimato":"4 minuti"},"schema":{"@context":"https:\/\/schema.org","@graph":[{"@type":"Article","@id":"https:\/\/socialdesignmagazine.com\/mag\/design\/pavimenti-per-bagni-di-design-scandola-marmi-al-cersaie-2015\/#article","isPartOf":{"@id":"https:\/\/socialdesignmagazine.com\/mag\/design\/pavimenti-per-bagni-di-design-scandola-marmi-al-cersaie-2015\/"},"author":{"name":"Benedetto Fiori","@id":"https:\/\/socialdesignmagazine.com\/mag\/#\/schema\/person\/61e20205cc363c315e6aabd33a045846"},"headline":"Pavimenti per bagni di design, Scandola Marmi al Cersaie 2015","datePublished":"2015-07-23T14:00:04+00:00","dateModified":"2022-06-02T06:19:40+00:00","mainEntityOfPage":{"@id":"https:\/\/socialdesignmagazine.com\/mag\/design\/pavimenti-per-bagni-di-design-scandola-marmi-al-cersaie-2015\/"},"wordCount":493,"commentCount":0,"publisher":{"@id":"https:\/\/socialdesignmagazine.com\/mag\/#organization"},"image":{"@id":"https:\/\/socialdesignmagazine.com\/mag\/design\/pavimenti-per-bagni-di-design-scandola-marmi-al-cersaie-2015\/#primaryimage"},"thumbnailUrl":"https:\/\/socialdesignmagazine.com\/mag\/wp-content\/uploads\/2015\/07\/ph_ScandolaMarmi_Industry_8_socialdesignmagazine.jpg","keywords":["Cersaie 2015","manuel barbieri","marmo","pavimenti","rivestimenti","scandola marmi"],"articleSection":["Design"],"inLanguage":"it-IT","potentialAction":[{"@type":"CommentAction","name":"Comment","target":["https:\/\/socialdesignmagazine.com\/mag\/design\/pavimenti-per-bagni-di-design-scandola-marmi-al-cersaie-2015\/#respond"]}]},{"@type":"WebPage","@id":"https:\/\/socialdesignmagazine.com\/mag\/design\/pavimenti-per-bagni-di-design-scandola-marmi-al-cersaie-2015\/","url":"https:\/\/socialdesignmagazine.com\/mag\/design\/pavimenti-per-bagni-di-design-scandola-marmi-al-cersaie-2015\/","name":"Pavimenti per bagni di design, Scandola Marmi al Cersaie 2015 - Social Design Magazine","isPartOf":{"@id":"https:\/\/socialdesignmagazine.com\/mag\/#website"},"primaryImageOfPage":{"@id":"https:\/\/socialdesignmagazine.com\/mag\/design\/pavimenti-per-bagni-di-design-scandola-marmi-al-cersaie-2015\/#primaryimage"},"image":{"@id":"https:\/\/socialdesignmagazine.com\/mag\/design\/pavimenti-per-bagni-di-design-scandola-marmi-al-cersaie-2015\/#primaryimage"},"thumbnailUrl":"https:\/\/socialdesignmagazine.com\/mag\/wp-content\/uploads\/2015\/07\/ph_ScandolaMarmi_Industry_8_socialdesignmagazine.jpg","datePublished":"2015-07-23T14:00:04+00:00","dateModified":"2022-06-02T06:19:40+00:00","description":"Al prossimo Cersaie 2015, Scandola Marmi punta sulla sua innovativa collezione di pavimenti e rivestimenti per bagni di design","breadcrumb":{"@id":"https:\/\/socialdesignmagazine.com\/mag\/design\/pavimenti-per-bagni-di-design-scandola-marmi-al-cersaie-2015\/#breadcrumb"},"inLanguage":"it-IT","potentialAction":[{"@type":"ReadAction","target":["https:\/\/socialdesignmagazine.com\/mag\/design\/pavimenti-per-bagni-di-design-scandola-marmi-al-cersaie-2015\/"]}]},{"@type":"ImageObject","inLanguage":"it-IT","@id":"https:\/\/socialdesignmagazine.com\/mag\/design\/pavimenti-per-bagni-di-design-scandola-marmi-al-cersaie-2015\/#primaryimage","url":"https:\/\/socialdesignmagazine.com\/mag\/wp-content\/uploads\/2015\/07\/ph_ScandolaMarmi_Industry_8_socialdesignmagazine.jpg","contentUrl":"https:\/\/socialdesignmagazine.com\/mag\/wp-content\/uploads\/2015\/07\/ph_ScandolaMarmi_Industry_8_socialdesignmagazine.jpg","width":880,"height":880,"caption":"Scandola marmi pavimento Industry Manuel Barbieri"},{"@type":"BreadcrumbList","@id":"https:\/\/socialdesignmagazine.com\/mag\/design\/pavimenti-per-bagni-di-design-scandola-marmi-al-cersaie-2015\/#breadcrumb","itemListElement":[{"@type":"ListItem","position":1,"name":"Home","item":"https:\/\/socialdesignmagazine.com\/mag\/"},{"@type":"ListItem","position":2,"name":"Design","item":"https:\/\/socialdesignmagazine.com\/mag\/design\/"},{"@type":"ListItem","position":3,"name":"Pavimenti per bagni di design, Scandola Marmi al Cersaie 2015"}]},{"@type":"WebSite","@id":"https:\/\/socialdesignmagazine.com\/mag\/#website","url":"https:\/\/socialdesignmagazine.com\/mag\/","name":"Social Design Magazine","description":"Social Magazine su Design, Architettura, Arte, Grafica","publisher":{"@id":"https:\/\/socialdesignmagazine.com\/mag\/#organization"},"potentialAction":[{"@type":"SearchAction","target":{"@type":"EntryPoint","urlTemplate":"https:\/\/socialdesignmagazine.com\/mag\/?s={search_term_string}"},"query-input":{"@type":"PropertyValueSpecification","valueRequired":true,"valueName":"search_term_string"}}],"inLanguage":"it-IT"},{"@type":"Organization","@id":"https:\/\/socialdesignmagazine.com\/mag\/#organization","name":"Social Design Magazine","url":"https:\/\/socialdesignmagazine.com\/mag\/","logo":{"@type":"ImageObject","inLanguage":"it-IT","@id":"https:\/\/socialdesignmagazine.com\/mag\/#\/schema\/logo\/image\/","url":"https:\/\/socialdesignmagazine.com\/mag\/wp-content\/uploads\/2017\/01\/logo_favicon_11.png","contentUrl":"https:\/\/socialdesignmagazine.com\/mag\/wp-content\/uploads\/2017\/01\/logo_favicon_11.png","width":1024,"height":1024,"caption":"Social Design Magazine"},"image":{"@id":"https:\/\/socialdesignmagazine.com\/mag\/#\/schema\/logo\/image\/"},"sameAs":["https:\/\/www.facebook.com\/socialdesignmag","https:\/\/x.com\/socialdesignmag","http:\/\/instagram.com\/social_design_magazine\/","http:\/\/pinterest.com\/socialdesignmag\/","http:\/\/www.youtube.com\/user\/socialdesignmagazine"]},{"@type":"Person","@id":"https:\/\/socialdesignmagazine.com\/mag\/#\/schema\/person\/61e20205cc363c315e6aabd33a045846","name":"Benedetto Fiori","image":{"@type":"ImageObject","inLanguage":"it-IT","@id":"https:\/\/secure.gravatar.com\/avatar\/450a48cefa36da63d920ad70aa660bd10725b1c6093800242e5efdb397759033?s=96&d=mm&r=g","url":"https:\/\/secure.gravatar.com\/avatar\/450a48cefa36da63d920ad70aa660bd10725b1c6093800242e5efdb397759033?s=96&d=mm&r=g","contentUrl":"https:\/\/secure.gravatar.com\/avatar\/450a48cefa36da63d920ad70aa660bd10725b1c6093800242e5efdb397759033?s=96&d=mm&r=g","caption":"Benedetto Fiori"},"description":"Web | Twitter | Facebook | Shutterstock Founder &amp; Editor in Chief di Social Design Magazine. Attratto da sempre da tutto ci\u00f2 che \u00e8 creativit\u00e0, design, architettura. Dopo aver studiato Architettura all'Universit\u00e0 di Firenze, si \u00e8 impegnato in molteplici campi: comunicazione grafica, progettazione di allestimenti fieristici, brand design, Interior Design.","sameAs":["http:\/\/benedettofiori.com","https:\/\/www.facebook.com\/benedettofiori","https:\/\/x.com\/benedettofiori"],"url":"https:\/\/socialdesignmagazine.com\/mag\/author\/benedetto\/"}]}},"jetpack_featured_media_url":"https:\/\/socialdesignmagazine.com\/mag\/wp-content\/uploads\/2015\/07\/ph_ScandolaMarmi_Industry_8_socialdesignmagazine.jpg","jetpack_sharing_enabled":true,"jetpack_shortlink":"https:\/\/wp.me\/p6cV7V-63n","gt_translate_keys":[{"key":"link","format":"url"}],"_links":{"self":[{"href":"https:\/\/socialdesignmagazine.com\/mag\/wp-json\/wp\/v2\/posts\/23273","targetHints":{"allow":["GET"]}}],"collection":[{"href":"https:\/\/socialdesignmagazine.com\/mag\/wp-json\/wp\/v2\/posts"}],"about":[{"href":"https:\/\/socialdesignmagazine.com\/mag\/wp-json\/wp\/v2\/types\/post"}],"author":[{"embeddable":true,"href":"https:\/\/socialdesignmagazine.com\/mag\/wp-json\/wp\/v2\/users\/1"}],"replies":[{"embeddable":true,"href":"https:\/\/socialdesignmagazine.com\/mag\/wp-json\/wp\/v2\/comments?post=23273"}],"version-history":[{"count":6,"href":"https:\/\/socialdesignmagazine.com\/mag\/wp-json\/wp\/v2\/posts\/23273\/revisions"}],"predecessor-version":[{"id":44816,"href":"https:\/\/socialdesignmagazine.com\/mag\/wp-json\/wp\/v2\/posts\/23273\/revisions\/44816"}],"wp:featuredmedia":[{"embeddable":true,"href":"https:\/\/socialdesignmagazine.com\/mag\/wp-json\/wp\/v2\/media\/23361"}],"wp:attachment":[{"href":"https:\/\/socialdesignmagazine.com\/mag\/wp-json\/wp\/v2\/media?parent=23273"}],"wp:term":[{"taxonomy":"category","embeddable":true,"href":"https:\/\/socialdesignmagazine.com\/mag\/wp-json\/wp\/v2\/categories?post=23273"},{"taxonomy":"post_tag","embeddable":true,"href":"https:\/\/socialdesignmagazine.com\/mag\/wp-json\/wp\/v2\/tags?post=23273"}],"curies":[{"name":"wp","href":"https:\/\/api.w.org\/{rel}","templated":true}]}}