{"id":2334,"date":"2013-08-29T12:00:00","date_gmt":"2013-08-29T10:00:00","guid":{"rendered":"https:\/\/socialdesignmagazine.com\/mag\/s6-design\/c35-design\/menhir-collection-paola-navone-per-falper\/"},"modified":"2024-06-16T22:42:57","modified_gmt":"2024-06-16T20:42:57","slug":"menhir-collection-paola-navone-per-falper","status":"publish","type":"post","link":"https:\/\/socialdesignmagazine.com\/mag\/design\/menhir-collection-paola-navone-per-falper\/","title":{"rendered":"MENHIR Collection \/ Paola Navone per Falper","gt_translate_keys":[{"key":"rendered","format":"text"}]},"content":{"rendered":"\n<p>Cosmopolita e informale, la <strong>Collezione Menhir<\/strong> disegnata da <strong>Paola Navone<\/strong> \u00e8 decisamente diversa dai progetti Falper precedenti in la sua capacit\u00e0 di raccogliere e interpretare le aspirazioni di un giovane ma esigente pubblico.<\/p>\n\n\n\n<p>I tre specchi retrovisori esterni fissati in una forma &#8220;megalitica&#8221; hanno ispirato il nome di questa collezione. I numerosi elementi di questa linea vanno dalla <strong>panchina lavabo a giorno<\/strong> in spazzolato melammina-resine, alle <strong>colonne pensili a specchio con contenitori asportabili<\/strong> di 41 xh 115 o h 170 cm, alle <strong>luci caratterizzate con divertenti texture<\/strong>.<\/p>\n\n\n<div class=\"wp-block-image\">\n<figure class=\"aligncenter\"><img loading=\"lazy\" decoding=\"async\" width=\"720\" height=\"566\" data-attachment-id=\"13700\" data-permalink=\"https:\/\/socialdesignmagazine.com\/mag\/design\/menhir-collection-paola-navone-per-falper\/attachment\/paola-navone-menhir-2\/#content\" data-orig-file=\"https:\/\/socialdesignmagazine.com\/mag\/wp-content\/uploads\/2013\/08\/benedetto_falper_menhir_collection_Paola_Navone_Menhir_2.jpg\" data-orig-size=\"720,566\" data-comments-opened=\"1\" data-image-meta=\"{&quot;aperture&quot;:&quot;10&quot;,&quot;credit&quot;:&quot;&quot;,&quot;camera&quot;:&quot;NIKON D3X&quot;,&quot;caption&quot;:&quot;&quot;,&quot;created_timestamp&quot;:&quot;1254222661&quot;,&quot;copyright&quot;:&quot;&quot;,&quot;focal_length&quot;:&quot;38&quot;,&quot;iso&quot;:&quot;100&quot;,&quot;shutter_speed&quot;:&quot;0.1&quot;,&quot;title&quot;:&quot;&quot;,&quot;orientation&quot;:&quot;1&quot;}\" data-image-title=\"Paola Navone Menhir 2\" data-image-description=\"\" data-image-caption=\"\" data-medium-file=\"https:\/\/socialdesignmagazine.com\/mag\/wp-content\/uploads\/2013\/08\/benedetto_falper_menhir_collection_Paola_Navone_Menhir_2-396x256.jpg\" data-large-file=\"https:\/\/socialdesignmagazine.com\/mag\/wp-content\/uploads\/2013\/08\/benedetto_falper_menhir_collection_Paola_Navone_Menhir_2.jpg\" src=\"https:\/\/socialdesignmagazine.com\/mag\/wp-content\/uploads\/2013\/08\/benedetto_falper_menhir_collection_Paola_Navone_Menhir_2.jpg\" alt=\"Paola Navone Menhir 2\" class=\"wp-image-13700\"\/><\/figure>\n<\/div>\n\n<div class=\"wp-block-image\">\n<figure class=\"aligncenter\"><img loading=\"lazy\" decoding=\"async\" width=\"720\" height=\"960\" data-attachment-id=\"13701\" data-permalink=\"https:\/\/socialdesignmagazine.com\/mag\/design\/menhir-collection-paola-navone-per-falper\/attachment\/paola-navone-menhir-3\/#content\" data-orig-file=\"https:\/\/socialdesignmagazine.com\/mag\/wp-content\/uploads\/2013\/08\/benedetto_falper_menhir_collection_Paola_Navone_Menhir_3.jpg\" data-orig-size=\"720,960\" data-comments-opened=\"1\" data-image-meta=\"{&quot;aperture&quot;:&quot;5.6&quot;,&quot;credit&quot;:&quot;&quot;,&quot;camera&quot;:&quot;Hasselblad H3D-39&quot;,&quot;caption&quot;:&quot;B 58482&quot;,&quot;created_timestamp&quot;:&quot;1233014400&quot;,&quot;copyright&quot;:&quot;&quot;,&quot;focal_length&quot;:&quot;80&quot;,&quot;iso&quot;:&quot;100&quot;,&quot;shutter_speed&quot;:&quot;0.5&quot;,&quot;title&quot;:&quot;B 58482&quot;,&quot;orientation&quot;:&quot;1&quot;}\" data-image-title=\"Paola Navone Menhir 3\" data-image-description=\"\" data-image-caption=\"\" data-medium-file=\"https:\/\/socialdesignmagazine.com\/mag\/wp-content\/uploads\/2013\/08\/benedetto_falper_menhir_collection_Paola_Navone_Menhir_3-396x256.jpg\" data-large-file=\"https:\/\/socialdesignmagazine.com\/mag\/wp-content\/uploads\/2013\/08\/benedetto_falper_menhir_collection_Paola_Navone_Menhir_3.jpg\" src=\"https:\/\/socialdesignmagazine.com\/mag\/wp-content\/uploads\/2013\/08\/benedetto_falper_menhir_collection_Paola_Navone_Menhir_3.jpg\" alt=\"Paola Navone Menhir 3\" class=\"wp-image-13701\"\/><\/figure>\n<\/div>\n\n<div class=\"wp-block-image\">\n<figure class=\"aligncenter\"><img loading=\"lazy\" decoding=\"async\" width=\"720\" height=\"960\" data-attachment-id=\"13702\" data-permalink=\"https:\/\/socialdesignmagazine.com\/mag\/design\/menhir-collection-paola-navone-per-falper\/attachment\/paola-navone-menhir-4\/#content\" data-orig-file=\"https:\/\/socialdesignmagazine.com\/mag\/wp-content\/uploads\/2013\/08\/benedetto_falper_menhir_collection_Paola_Navone_Menhir_4.jpg\" data-orig-size=\"720,960\" data-comments-opened=\"1\" data-image-meta=\"{&quot;aperture&quot;:&quot;11&quot;,&quot;credit&quot;:&quot;&quot;,&quot;camera&quot;:&quot;Hasselblad H3D-39&quot;,&quot;caption&quot;:&quot;B 58011&quot;,&quot;created_timestamp&quot;:&quot;1232409600&quot;,&quot;copyright&quot;:&quot;&quot;,&quot;focal_length&quot;:&quot;80&quot;,&quot;iso&quot;:&quot;100&quot;,&quot;shutter_speed&quot;:&quot;0.299999998882&quot;,&quot;title&quot;:&quot;B 58011&quot;,&quot;orientation&quot;:&quot;1&quot;}\" data-image-title=\"Paola Navone Menhir 4\" data-image-description=\"\" data-image-caption=\"\" data-medium-file=\"https:\/\/socialdesignmagazine.com\/mag\/wp-content\/uploads\/2013\/08\/benedetto_falper_menhir_collection_Paola_Navone_Menhir_4-396x256.jpg\" data-large-file=\"https:\/\/socialdesignmagazine.com\/mag\/wp-content\/uploads\/2013\/08\/benedetto_falper_menhir_collection_Paola_Navone_Menhir_4.jpg\" src=\"https:\/\/socialdesignmagazine.com\/mag\/wp-content\/uploads\/2013\/08\/benedetto_falper_menhir_collection_Paola_Navone_Menhir_4.jpg\" alt=\"Paola Navone Menhir 4\" class=\"wp-image-13702\"\/><\/figure>\n<\/div>","protected":false,"gt_translate_keys":[{"key":"rendered","format":"html"}]},"excerpt":{"rendered":"<p>Cosmopolita e informale, la Collezione Menhir disegnata da Paola Navone \u00e8 decisamente diversa dai progetti Falper precedenti in la sua capacit\u00e0 di raccogliere e interpretare le aspirazioni di un giovane ma esigente pubblico.<\/p>\n","protected":false,"gt_translate_keys":[{"key":"rendered","format":"html"}]},"author":1,"featured_media":13699,"comment_status":"open","ping_status":"open","sticky":false,"template":"","format":"standard","meta":{"jetpack_post_was_ever_published":false,"_jetpack_newsletter_access":"","_jetpack_dont_email_post_to_subs":false,"_jetpack_newsletter_tier_id":0,"_jetpack_memberships_contains_paywalled_content":false,"_jetpack_memberships_contains_paid_content":false,"footnotes":"","_wpscppro_dont_share_socialmedia":false,"_wpscppro_custom_social_share_image":0,"_facebook_share_type":"","_twitter_share_type":"","_linkedin_share_type":"","_pinterest_share_type":"","_linkedin_share_type_page":"","_instagram_share_type":"","_medium_share_type":"","_threads_share_type":"","_google_business_share_type":"","_selected_social_profile":[],"_wpsp_enable_custom_social_template":false,"_wpsp_social_scheduling":{"enabled":false,"datetime":null,"platforms":[],"status":"template_only","dateOption":"today","timeOption":"now","customDays":"","customHours":"","customDate":"","customTime":"","schedulingType":"absolute"},"_wpsp_active_default_template":true},"categories":[13],"tags":[1598,306,2513,556],"class_list":["post-2334","post","type-post","status-publish","format-standard","has-post-thumbnail","hentry","category-design","tag-arredo-bagno","tag-bagno","tag-falper","tag-specchio"],"yoast_head":"<!-- This site is optimized with the Yoast SEO plugin v27.2 - https:\/\/yoast.com\/product\/yoast-seo-wordpress\/ -->\n<title>MENHIR Collection \/ Paola Navone per Falper - Social Design Magazine<\/title>\n<meta name=\"description\" content=\"Cosmopolita e informale, la Collezione Menhir disegnata da Paola Navone \u00e8 decisamente diversa dai progetti Falper precedenti in la sua capacit\u00e0 di raccogliere e interpretare le aspirazioni di un giovane ma esigente pubblico.\" \/>\n<meta name=\"robots\" content=\"index, follow, max-snippet:-1, max-image-preview:large, max-video-preview:-1\" \/>\n<link rel=\"canonical\" href=\"https:\/\/socialdesignmagazine.com\/mag\/design\/menhir-collection-paola-navone-per-falper\/\" \/>\n<meta property=\"og:locale\" content=\"it_IT\" \/>\n<meta property=\"og:type\" content=\"article\" \/>\n<meta property=\"og:title\" content=\"MENHIR Collection \/ Paola Navone per Falper - Social Design Magazine\" \/>\n<meta property=\"og:description\" content=\"Cosmopolita e informale, la Collezione Menhir disegnata da Paola Navone \u00e8 decisamente diversa dai progetti Falper precedenti in la sua capacit\u00e0 di raccogliere e interpretare le aspirazioni di un giovane ma esigente pubblico.\" \/>\n<meta property=\"og:url\" content=\"http:\/\/socialdesignmagazine.com\/mag\/design\/menhir-collection-paola-navone-per-falper\/\" \/>\n<meta property=\"og:site_name\" content=\"Social Design Magazine\" \/>\n<meta property=\"article:publisher\" content=\"https:\/\/www.facebook.com\/socialdesignmag\" \/>\n<meta property=\"article:author\" content=\"https:\/\/www.facebook.com\/benedettofiori\" \/>\n<meta property=\"article:published_time\" content=\"2013-08-29T10:00:00+00:00\" \/>\n<meta property=\"article:modified_time\" content=\"2024-06-16T20:42:57+00:00\" \/>\n<meta property=\"og:image\" content=\"https:\/\/socialdesignmagazine.com\/mag\/wp-content\/uploads\/2013\/08\/benedetto_falper_menhir_collection_Paola_Navone_Menhir_1.jpg\" \/>\n\t<meta property=\"og:image:width\" content=\"720\" \/>\n\t<meta property=\"og:image:height\" content=\"540\" \/>\n\t<meta property=\"og:image:type\" content=\"image\/jpeg\" \/>\n<meta name=\"author\" content=\"Benedetto Fiori\" \/>\n<meta name=\"twitter:card\" content=\"summary_large_image\" \/>\n<meta name=\"twitter:creator\" content=\"@benedettofiori\" \/>\n<meta name=\"twitter:site\" content=\"@socialdesignmag\" \/>\n<meta name=\"twitter:label1\" content=\"Scritto da\" \/>\n\t<meta name=\"twitter:data1\" content=\"Benedetto Fiori\" \/>\n\t<meta name=\"twitter:label2\" content=\"Tempo di lettura stimato\" \/>\n\t<meta name=\"twitter:data2\" content=\"2 minuti\" \/>\n<script type=\"application\/ld+json\" class=\"yoast-schema-graph\">{\"@context\":\"https:\/\/schema.org\",\"@graph\":[{\"@type\":\"Article\",\"@id\":\"https:\/\/socialdesignmagazine.com\/mag\/design\/menhir-collection-paola-navone-per-falper\/#article\",\"isPartOf\":{\"@id\":\"https:\/\/socialdesignmagazine.com\/mag\/design\/menhir-collection-paola-navone-per-falper\/\"},\"author\":{\"name\":\"Benedetto Fiori\",\"@id\":\"https:\/\/socialdesignmagazine.com\/mag\/#\/schema\/person\/61e20205cc363c315e6aabd33a045846\"},\"headline\":\"MENHIR Collection \/ Paola Navone per Falper\",\"datePublished\":\"2013-08-29T10:00:00+00:00\",\"dateModified\":\"2024-06-16T20:42:57+00:00\",\"mainEntityOfPage\":{\"@id\":\"https:\/\/socialdesignmagazine.com\/mag\/design\/menhir-collection-paola-navone-per-falper\/\"},\"wordCount\":89,\"commentCount\":0,\"publisher\":{\"@id\":\"https:\/\/socialdesignmagazine.com\/mag\/#organization\"},\"image\":{\"@id\":\"https:\/\/socialdesignmagazine.com\/mag\/design\/menhir-collection-paola-navone-per-falper\/#primaryimage\"},\"thumbnailUrl\":\"https:\/\/socialdesignmagazine.com\/mag\/wp-content\/uploads\/2013\/08\/benedetto_falper_menhir_collection_Paola_Navone_Menhir_1.jpg\",\"keywords\":[\"arredo bagno\",\"bagno\",\"falper\",\"specchio\"],\"articleSection\":[\"Design\"],\"inLanguage\":\"it-IT\",\"potentialAction\":[{\"@type\":\"CommentAction\",\"name\":\"Comment\",\"target\":[\"https:\/\/socialdesignmagazine.com\/mag\/design\/menhir-collection-paola-navone-per-falper\/#respond\"]}]},{\"@type\":\"WebPage\",\"@id\":\"https:\/\/socialdesignmagazine.com\/mag\/design\/menhir-collection-paola-navone-per-falper\/\",\"url\":\"https:\/\/socialdesignmagazine.com\/mag\/design\/menhir-collection-paola-navone-per-falper\/\",\"name\":\"MENHIR Collection \/ Paola Navone per Falper - Social Design Magazine\",\"isPartOf\":{\"@id\":\"https:\/\/socialdesignmagazine.com\/mag\/#website\"},\"primaryImageOfPage\":{\"@id\":\"https:\/\/socialdesignmagazine.com\/mag\/design\/menhir-collection-paola-navone-per-falper\/#primaryimage\"},\"image\":{\"@id\":\"https:\/\/socialdesignmagazine.com\/mag\/design\/menhir-collection-paola-navone-per-falper\/#primaryimage\"},\"thumbnailUrl\":\"https:\/\/socialdesignmagazine.com\/mag\/wp-content\/uploads\/2013\/08\/benedetto_falper_menhir_collection_Paola_Navone_Menhir_1.jpg\",\"datePublished\":\"2013-08-29T10:00:00+00:00\",\"dateModified\":\"2024-06-16T20:42:57+00:00\",\"description\":\"Cosmopolita e informale, la Collezione Menhir disegnata da Paola Navone \u00e8 decisamente diversa dai progetti Falper precedenti in la sua capacit\u00e0 di raccogliere e interpretare le aspirazioni di un giovane ma esigente pubblico.\",\"breadcrumb\":{\"@id\":\"https:\/\/socialdesignmagazine.com\/mag\/design\/menhir-collection-paola-navone-per-falper\/#breadcrumb\"},\"inLanguage\":\"it-IT\",\"potentialAction\":[{\"@type\":\"ReadAction\",\"target\":[\"https:\/\/socialdesignmagazine.com\/mag\/design\/menhir-collection-paola-navone-per-falper\/\"]}]},{\"@type\":\"ImageObject\",\"inLanguage\":\"it-IT\",\"@id\":\"https:\/\/socialdesignmagazine.com\/mag\/design\/menhir-collection-paola-navone-per-falper\/#primaryimage\",\"url\":\"https:\/\/socialdesignmagazine.com\/mag\/wp-content\/uploads\/2013\/08\/benedetto_falper_menhir_collection_Paola_Navone_Menhir_1.jpg\",\"contentUrl\":\"https:\/\/socialdesignmagazine.com\/mag\/wp-content\/uploads\/2013\/08\/benedetto_falper_menhir_collection_Paola_Navone_Menhir_1.jpg\",\"width\":720,\"height\":540,\"caption\":\"Paola Navone Menhir 1\"},{\"@type\":\"BreadcrumbList\",\"@id\":\"https:\/\/socialdesignmagazine.com\/mag\/design\/menhir-collection-paola-navone-per-falper\/#breadcrumb\",\"itemListElement\":[{\"@type\":\"ListItem\",\"position\":1,\"name\":\"Home\",\"item\":\"https:\/\/socialdesignmagazine.com\/mag\/\"},{\"@type\":\"ListItem\",\"position\":2,\"name\":\"Design\",\"item\":\"https:\/\/socialdesignmagazine.com\/mag\/design\/\"},{\"@type\":\"ListItem\",\"position\":3,\"name\":\"MENHIR Collection \/ Paola Navone per Falper\"}]},{\"@type\":\"WebSite\",\"@id\":\"https:\/\/socialdesignmagazine.com\/mag\/#website\",\"url\":\"https:\/\/socialdesignmagazine.com\/mag\/\",\"name\":\"Social Design Magazine\",\"description\":\"Social Magazine su Design, Architettura, Arte, Grafica\",\"publisher\":{\"@id\":\"https:\/\/socialdesignmagazine.com\/mag\/#organization\"},\"potentialAction\":[{\"@type\":\"SearchAction\",\"target\":{\"@type\":\"EntryPoint\",\"urlTemplate\":\"https:\/\/socialdesignmagazine.com\/mag\/?s={search_term_string}\"},\"query-input\":{\"@type\":\"PropertyValueSpecification\",\"valueRequired\":true,\"valueName\":\"search_term_string\"}}],\"inLanguage\":\"it-IT\"},{\"@type\":\"Organization\",\"@id\":\"https:\/\/socialdesignmagazine.com\/mag\/#organization\",\"name\":\"Social Design Magazine\",\"url\":\"https:\/\/socialdesignmagazine.com\/mag\/\",\"logo\":{\"@type\":\"ImageObject\",\"inLanguage\":\"it-IT\",\"@id\":\"https:\/\/socialdesignmagazine.com\/mag\/#\/schema\/logo\/image\/\",\"url\":\"https:\/\/socialdesignmagazine.com\/mag\/wp-content\/uploads\/2017\/01\/logo_favicon_11.png\",\"contentUrl\":\"https:\/\/socialdesignmagazine.com\/mag\/wp-content\/uploads\/2017\/01\/logo_favicon_11.png\",\"width\":1024,\"height\":1024,\"caption\":\"Social Design Magazine\"},\"image\":{\"@id\":\"https:\/\/socialdesignmagazine.com\/mag\/#\/schema\/logo\/image\/\"},\"sameAs\":[\"https:\/\/www.facebook.com\/socialdesignmag\",\"https:\/\/x.com\/socialdesignmag\",\"http:\/\/instagram.com\/social_design_magazine\/\",\"http:\/\/pinterest.com\/socialdesignmag\/\",\"http:\/\/www.youtube.com\/user\/socialdesignmagazine\"]},{\"@type\":\"Person\",\"@id\":\"https:\/\/socialdesignmagazine.com\/mag\/#\/schema\/person\/61e20205cc363c315e6aabd33a045846\",\"name\":\"Benedetto Fiori\",\"image\":{\"@type\":\"ImageObject\",\"inLanguage\":\"it-IT\",\"@id\":\"https:\/\/secure.gravatar.com\/avatar\/450a48cefa36da63d920ad70aa660bd10725b1c6093800242e5efdb397759033?s=96&d=mm&r=g\",\"url\":\"https:\/\/secure.gravatar.com\/avatar\/450a48cefa36da63d920ad70aa660bd10725b1c6093800242e5efdb397759033?s=96&d=mm&r=g\",\"contentUrl\":\"https:\/\/secure.gravatar.com\/avatar\/450a48cefa36da63d920ad70aa660bd10725b1c6093800242e5efdb397759033?s=96&d=mm&r=g\",\"caption\":\"Benedetto Fiori\"},\"description\":\"Web | Twitter | Facebook | Shutterstock Founder &amp; Editor in Chief di Social Design Magazine. Attratto da sempre da tutto ci\u00f2 che \u00e8 creativit\u00e0, design, architettura. Dopo aver studiato Architettura all'Universit\u00e0 di Firenze, si \u00e8 impegnato in molteplici campi: comunicazione grafica, progettazione di allestimenti fieristici, brand design, Interior Design.\",\"sameAs\":[\"http:\/\/benedettofiori.com\",\"https:\/\/www.facebook.com\/benedettofiori\",\"https:\/\/x.com\/benedettofiori\"],\"url\":\"https:\/\/socialdesignmagazine.com\/mag\/author\/benedetto\/\"}]}<\/script>\n<!-- \/ Yoast SEO plugin. -->","yoast_head_json":{"title":"MENHIR Collection \/ Paola Navone per Falper - Social Design Magazine","description":"Cosmopolita e informale, la Collezione Menhir disegnata da Paola Navone \u00e8 decisamente diversa dai progetti Falper precedenti in la sua capacit\u00e0 di raccogliere e interpretare le aspirazioni di un giovane ma esigente pubblico.","robots":{"index":"index","follow":"follow","max-snippet":"max-snippet:-1","max-image-preview":"max-image-preview:large","max-video-preview":"max-video-preview:-1"},"canonical":"https:\/\/socialdesignmagazine.com\/mag\/design\/menhir-collection-paola-navone-per-falper\/","og_locale":"it_IT","og_type":"article","og_title":"MENHIR Collection \/ Paola Navone per Falper - Social Design Magazine","og_description":"Cosmopolita e informale, la Collezione Menhir disegnata da Paola Navone \u00e8 decisamente diversa dai progetti Falper precedenti in la sua capacit\u00e0 di raccogliere e interpretare le aspirazioni di un giovane ma esigente pubblico.","og_url":"http:\/\/socialdesignmagazine.com\/mag\/design\/menhir-collection-paola-navone-per-falper\/","og_site_name":"Social Design Magazine","article_publisher":"https:\/\/www.facebook.com\/socialdesignmag","article_author":"https:\/\/www.facebook.com\/benedettofiori","article_published_time":"2013-08-29T10:00:00+00:00","article_modified_time":"2024-06-16T20:42:57+00:00","og_image":[{"width":720,"height":540,"url":"https:\/\/socialdesignmagazine.com\/mag\/wp-content\/uploads\/2013\/08\/benedetto_falper_menhir_collection_Paola_Navone_Menhir_1.jpg","type":"image\/jpeg"}],"author":"Benedetto Fiori","twitter_card":"summary_large_image","twitter_creator":"@benedettofiori","twitter_site":"@socialdesignmag","twitter_misc":{"Scritto da":"Benedetto Fiori","Tempo di lettura stimato":"2 minuti"},"schema":{"@context":"https:\/\/schema.org","@graph":[{"@type":"Article","@id":"https:\/\/socialdesignmagazine.com\/mag\/design\/menhir-collection-paola-navone-per-falper\/#article","isPartOf":{"@id":"https:\/\/socialdesignmagazine.com\/mag\/design\/menhir-collection-paola-navone-per-falper\/"},"author":{"name":"Benedetto Fiori","@id":"https:\/\/socialdesignmagazine.com\/mag\/#\/schema\/person\/61e20205cc363c315e6aabd33a045846"},"headline":"MENHIR Collection \/ Paola Navone per Falper","datePublished":"2013-08-29T10:00:00+00:00","dateModified":"2024-06-16T20:42:57+00:00","mainEntityOfPage":{"@id":"https:\/\/socialdesignmagazine.com\/mag\/design\/menhir-collection-paola-navone-per-falper\/"},"wordCount":89,"commentCount":0,"publisher":{"@id":"https:\/\/socialdesignmagazine.com\/mag\/#organization"},"image":{"@id":"https:\/\/socialdesignmagazine.com\/mag\/design\/menhir-collection-paola-navone-per-falper\/#primaryimage"},"thumbnailUrl":"https:\/\/socialdesignmagazine.com\/mag\/wp-content\/uploads\/2013\/08\/benedetto_falper_menhir_collection_Paola_Navone_Menhir_1.jpg","keywords":["arredo bagno","bagno","falper","specchio"],"articleSection":["Design"],"inLanguage":"it-IT","potentialAction":[{"@type":"CommentAction","name":"Comment","target":["https:\/\/socialdesignmagazine.com\/mag\/design\/menhir-collection-paola-navone-per-falper\/#respond"]}]},{"@type":"WebPage","@id":"https:\/\/socialdesignmagazine.com\/mag\/design\/menhir-collection-paola-navone-per-falper\/","url":"https:\/\/socialdesignmagazine.com\/mag\/design\/menhir-collection-paola-navone-per-falper\/","name":"MENHIR Collection \/ Paola Navone per Falper - Social Design Magazine","isPartOf":{"@id":"https:\/\/socialdesignmagazine.com\/mag\/#website"},"primaryImageOfPage":{"@id":"https:\/\/socialdesignmagazine.com\/mag\/design\/menhir-collection-paola-navone-per-falper\/#primaryimage"},"image":{"@id":"https:\/\/socialdesignmagazine.com\/mag\/design\/menhir-collection-paola-navone-per-falper\/#primaryimage"},"thumbnailUrl":"https:\/\/socialdesignmagazine.com\/mag\/wp-content\/uploads\/2013\/08\/benedetto_falper_menhir_collection_Paola_Navone_Menhir_1.jpg","datePublished":"2013-08-29T10:00:00+00:00","dateModified":"2024-06-16T20:42:57+00:00","description":"Cosmopolita e informale, la Collezione Menhir disegnata da Paola Navone \u00e8 decisamente diversa dai progetti Falper precedenti in la sua capacit\u00e0 di raccogliere e interpretare le aspirazioni di un giovane ma esigente pubblico.","breadcrumb":{"@id":"https:\/\/socialdesignmagazine.com\/mag\/design\/menhir-collection-paola-navone-per-falper\/#breadcrumb"},"inLanguage":"it-IT","potentialAction":[{"@type":"ReadAction","target":["https:\/\/socialdesignmagazine.com\/mag\/design\/menhir-collection-paola-navone-per-falper\/"]}]},{"@type":"ImageObject","inLanguage":"it-IT","@id":"https:\/\/socialdesignmagazine.com\/mag\/design\/menhir-collection-paola-navone-per-falper\/#primaryimage","url":"https:\/\/socialdesignmagazine.com\/mag\/wp-content\/uploads\/2013\/08\/benedetto_falper_menhir_collection_Paola_Navone_Menhir_1.jpg","contentUrl":"https:\/\/socialdesignmagazine.com\/mag\/wp-content\/uploads\/2013\/08\/benedetto_falper_menhir_collection_Paola_Navone_Menhir_1.jpg","width":720,"height":540,"caption":"Paola Navone Menhir 1"},{"@type":"BreadcrumbList","@id":"https:\/\/socialdesignmagazine.com\/mag\/design\/menhir-collection-paola-navone-per-falper\/#breadcrumb","itemListElement":[{"@type":"ListItem","position":1,"name":"Home","item":"https:\/\/socialdesignmagazine.com\/mag\/"},{"@type":"ListItem","position":2,"name":"Design","item":"https:\/\/socialdesignmagazine.com\/mag\/design\/"},{"@type":"ListItem","position":3,"name":"MENHIR Collection \/ Paola Navone per Falper"}]},{"@type":"WebSite","@id":"https:\/\/socialdesignmagazine.com\/mag\/#website","url":"https:\/\/socialdesignmagazine.com\/mag\/","name":"Social Design Magazine","description":"Social Magazine su Design, Architettura, Arte, Grafica","publisher":{"@id":"https:\/\/socialdesignmagazine.com\/mag\/#organization"},"potentialAction":[{"@type":"SearchAction","target":{"@type":"EntryPoint","urlTemplate":"https:\/\/socialdesignmagazine.com\/mag\/?s={search_term_string}"},"query-input":{"@type":"PropertyValueSpecification","valueRequired":true,"valueName":"search_term_string"}}],"inLanguage":"it-IT"},{"@type":"Organization","@id":"https:\/\/socialdesignmagazine.com\/mag\/#organization","name":"Social Design Magazine","url":"https:\/\/socialdesignmagazine.com\/mag\/","logo":{"@type":"ImageObject","inLanguage":"it-IT","@id":"https:\/\/socialdesignmagazine.com\/mag\/#\/schema\/logo\/image\/","url":"https:\/\/socialdesignmagazine.com\/mag\/wp-content\/uploads\/2017\/01\/logo_favicon_11.png","contentUrl":"https:\/\/socialdesignmagazine.com\/mag\/wp-content\/uploads\/2017\/01\/logo_favicon_11.png","width":1024,"height":1024,"caption":"Social Design Magazine"},"image":{"@id":"https:\/\/socialdesignmagazine.com\/mag\/#\/schema\/logo\/image\/"},"sameAs":["https:\/\/www.facebook.com\/socialdesignmag","https:\/\/x.com\/socialdesignmag","http:\/\/instagram.com\/social_design_magazine\/","http:\/\/pinterest.com\/socialdesignmag\/","http:\/\/www.youtube.com\/user\/socialdesignmagazine"]},{"@type":"Person","@id":"https:\/\/socialdesignmagazine.com\/mag\/#\/schema\/person\/61e20205cc363c315e6aabd33a045846","name":"Benedetto Fiori","image":{"@type":"ImageObject","inLanguage":"it-IT","@id":"https:\/\/secure.gravatar.com\/avatar\/450a48cefa36da63d920ad70aa660bd10725b1c6093800242e5efdb397759033?s=96&d=mm&r=g","url":"https:\/\/secure.gravatar.com\/avatar\/450a48cefa36da63d920ad70aa660bd10725b1c6093800242e5efdb397759033?s=96&d=mm&r=g","contentUrl":"https:\/\/secure.gravatar.com\/avatar\/450a48cefa36da63d920ad70aa660bd10725b1c6093800242e5efdb397759033?s=96&d=mm&r=g","caption":"Benedetto Fiori"},"description":"Web | Twitter | Facebook | Shutterstock Founder &amp; Editor in Chief di Social Design Magazine. Attratto da sempre da tutto ci\u00f2 che \u00e8 creativit\u00e0, design, architettura. Dopo aver studiato Architettura all'Universit\u00e0 di Firenze, si \u00e8 impegnato in molteplici campi: comunicazione grafica, progettazione di allestimenti fieristici, brand design, Interior Design.","sameAs":["http:\/\/benedettofiori.com","https:\/\/www.facebook.com\/benedettofiori","https:\/\/x.com\/benedettofiori"],"url":"https:\/\/socialdesignmagazine.com\/mag\/author\/benedetto\/"}]}},"jetpack_featured_media_url":"https:\/\/socialdesignmagazine.com\/mag\/wp-content\/uploads\/2013\/08\/benedetto_falper_menhir_collection_Paola_Navone_Menhir_1.jpg","jetpack_sharing_enabled":true,"jetpack_shortlink":"https:\/\/wp.me\/p6cV7V-BE","gt_translate_keys":[{"key":"link","format":"url"}],"_links":{"self":[{"href":"https:\/\/socialdesignmagazine.com\/mag\/wp-json\/wp\/v2\/posts\/2334","targetHints":{"allow":["GET"]}}],"collection":[{"href":"https:\/\/socialdesignmagazine.com\/mag\/wp-json\/wp\/v2\/posts"}],"about":[{"href":"https:\/\/socialdesignmagazine.com\/mag\/wp-json\/wp\/v2\/types\/post"}],"author":[{"embeddable":true,"href":"https:\/\/socialdesignmagazine.com\/mag\/wp-json\/wp\/v2\/users\/1"}],"replies":[{"embeddable":true,"href":"https:\/\/socialdesignmagazine.com\/mag\/wp-json\/wp\/v2\/comments?post=2334"}],"version-history":[{"count":1,"href":"https:\/\/socialdesignmagazine.com\/mag\/wp-json\/wp\/v2\/posts\/2334\/revisions"}],"predecessor-version":[{"id":62164,"href":"https:\/\/socialdesignmagazine.com\/mag\/wp-json\/wp\/v2\/posts\/2334\/revisions\/62164"}],"wp:featuredmedia":[{"embeddable":true,"href":"https:\/\/socialdesignmagazine.com\/mag\/wp-json\/wp\/v2\/media\/13699"}],"wp:attachment":[{"href":"https:\/\/socialdesignmagazine.com\/mag\/wp-json\/wp\/v2\/media?parent=2334"}],"wp:term":[{"taxonomy":"category","embeddable":true,"href":"https:\/\/socialdesignmagazine.com\/mag\/wp-json\/wp\/v2\/categories?post=2334"},{"taxonomy":"post_tag","embeddable":true,"href":"https:\/\/socialdesignmagazine.com\/mag\/wp-json\/wp\/v2\/tags?post=2334"}],"curies":[{"name":"wp","href":"https:\/\/api.w.org\/{rel}","templated":true}]}}