{"id":2338,"date":"2013-09-03T14:00:00","date_gmt":"2013-09-03T12:00:00","guid":{"rendered":"https:\/\/socialdesignmagazine.com\/mag\/s6-design\/c35-design\/vanity-rodrigo-vairinhos-per-neo-paris-design-week-2013\/"},"modified":"2024-06-16T22:55:47","modified_gmt":"2024-06-16T20:55:47","slug":"vanity-rodrigo-vairinhos-per-neo-paris-design-week-2013","status":"publish","type":"post","link":"https:\/\/socialdesignmagazine.com\/mag\/design\/vanity-rodrigo-vairinhos-per-neo-paris-design-week-2013\/","title":{"rendered":"VANITY \/ Rodrigo VAIRINHOS PER NEO, Paris Design Week 2013","gt_translate_keys":[{"key":"rendered","format":"text"}]},"content":{"rendered":"\n<p>Si chiama <strong>VANITY<\/strong> la nuova lampada a sospensione disegnata da <strong>Rodrigo VAIRINHOS<\/strong> per <strong>NEO<\/strong>. VANITY sar\u00e0 presentata durante la Paris Design Week 2013 che si svolger\u00e0 dal 9 al 15 settembre. Le coordinate sono: evento <strong>NOW! Le Off<\/strong> che si terr\u00e0 alla <strong>Cit\u00e9 de la Mode et du Design<\/strong> &#8211; 34 Quai d&#8217;Austerlitz &#8211; Paris 13<\/p>\n\n\n<div class=\"wp-block-image\">\n<figure class=\"aligncenter\"><img loading=\"lazy\" decoding=\"async\" width=\"720\" height=\"1082\" data-attachment-id=\"13721\" data-permalink=\"https:\/\/socialdesignmagazine.com\/mag\/design\/vanity-rodrigo-vairinhos-per-neo-paris-design-week-2013\/attachment\/vanity-rodrigo-vairinhos-for-neo-03\/#content\" data-orig-file=\"https:\/\/socialdesignmagazine.com\/mag\/wp-content\/uploads\/2013\/09\/benedetto_neo_design_studios_vanity_VANITY_RODRIGO_VAIRINHOS_FOR_NEO-03.JPG\" data-orig-size=\"720,1082\" data-comments-opened=\"1\" data-image-meta=\"{&quot;aperture&quot;:&quot;3.5&quot;,&quot;credit&quot;:&quot;&quot;,&quot;camera&quot;:&quot;DSLR-A350&quot;,&quot;caption&quot;:&quot;&quot;,&quot;created_timestamp&quot;:&quot;1375749379&quot;,&quot;copyright&quot;:&quot;&quot;,&quot;focal_length&quot;:&quot;18&quot;,&quot;iso&quot;:&quot;400&quot;,&quot;shutter_speed&quot;:&quot;0.0769230769231&quot;,&quot;title&quot;:&quot;&quot;,&quot;orientation&quot;:&quot;1&quot;}\" data-image-title=\"VANITY RODRIGO VAIRINHOS FOR NEO-03\" data-image-description=\"\" data-image-caption=\"\" data-medium-file=\"https:\/\/socialdesignmagazine.com\/mag\/wp-content\/uploads\/2013\/09\/benedetto_neo_design_studios_vanity_VANITY_RODRIGO_VAIRINHOS_FOR_NEO-03-396x256.jpg\" data-large-file=\"https:\/\/socialdesignmagazine.com\/mag\/wp-content\/uploads\/2013\/09\/benedetto_neo_design_studios_vanity_VANITY_RODRIGO_VAIRINHOS_FOR_NEO-03.JPG\" src=\"https:\/\/socialdesignmagazine.com\/mag\/wp-content\/uploads\/2013\/09\/benedetto_neo_design_studios_vanity_VANITY_RODRIGO_VAIRINHOS_FOR_NEO-03.JPG\" alt=\"VANITY RODRIGO VAIRINHOS FOR NEO-03\" class=\"wp-image-13721\"\/><\/figure>\n<\/div>\n\n<div class=\"wp-block-image\">\n<figure class=\"aligncenter\"><img loading=\"lazy\" decoding=\"async\" width=\"720\" height=\"1018\" data-attachment-id=\"13722\" data-permalink=\"https:\/\/socialdesignmagazine.com\/mag\/design\/vanity-rodrigo-vairinhos-per-neo-paris-design-week-2013\/attachment\/vanity-rodrigo-vairinhos-for-neo-04\/#content\" data-orig-file=\"https:\/\/socialdesignmagazine.com\/mag\/wp-content\/uploads\/2013\/09\/benedetto_neo_design_studios_vanity_VANITY_RODRIGO_VAIRINHOS_FOR_NEO-04.jpg\" data-orig-size=\"720,1018\" data-comments-opened=\"1\" data-image-meta=\"{&quot;aperture&quot;:&quot;0&quot;,&quot;credit&quot;:&quot;&quot;,&quot;camera&quot;:&quot;&quot;,&quot;caption&quot;:&quot;&quot;,&quot;created_timestamp&quot;:&quot;0&quot;,&quot;copyright&quot;:&quot;&quot;,&quot;focal_length&quot;:&quot;0&quot;,&quot;iso&quot;:&quot;0&quot;,&quot;shutter_speed&quot;:&quot;0&quot;,&quot;title&quot;:&quot;&quot;,&quot;orientation&quot;:&quot;1&quot;}\" data-image-title=\"VANITY RODRIGO VAIRINHOS FOR NEO-04\" data-image-description=\"\" data-image-caption=\"\" data-medium-file=\"https:\/\/socialdesignmagazine.com\/mag\/wp-content\/uploads\/2013\/09\/benedetto_neo_design_studios_vanity_VANITY_RODRIGO_VAIRINHOS_FOR_NEO-04-396x256.jpg\" data-large-file=\"https:\/\/socialdesignmagazine.com\/mag\/wp-content\/uploads\/2013\/09\/benedetto_neo_design_studios_vanity_VANITY_RODRIGO_VAIRINHOS_FOR_NEO-04.jpg\" src=\"https:\/\/socialdesignmagazine.com\/mag\/wp-content\/uploads\/2013\/09\/benedetto_neo_design_studios_vanity_VANITY_RODRIGO_VAIRINHOS_FOR_NEO-04.jpg\" alt=\"VANITY RODRIGO VAIRINHOS FOR NEO-04\" class=\"wp-image-13722\"\/><\/figure>\n<\/div>\n\n<div class=\"wp-block-image\">\n<figure class=\"aligncenter\"><img loading=\"lazy\" decoding=\"async\" width=\"720\" height=\"1018\" data-attachment-id=\"13723\" data-permalink=\"https:\/\/socialdesignmagazine.com\/mag\/design\/vanity-rodrigo-vairinhos-per-neo-paris-design-week-2013\/attachment\/vanity-rodrigo-vairinhos-for-neo-08\/#content\" data-orig-file=\"https:\/\/socialdesignmagazine.com\/mag\/wp-content\/uploads\/2013\/09\/benedetto_neo_design_studios_vanity_VANITY_RODRIGO_VAIRINHOS_FOR_NEO-08.jpg\" data-orig-size=\"720,1018\" data-comments-opened=\"1\" data-image-meta=\"{&quot;aperture&quot;:&quot;0&quot;,&quot;credit&quot;:&quot;&quot;,&quot;camera&quot;:&quot;&quot;,&quot;caption&quot;:&quot;&quot;,&quot;created_timestamp&quot;:&quot;0&quot;,&quot;copyright&quot;:&quot;&quot;,&quot;focal_length&quot;:&quot;0&quot;,&quot;iso&quot;:&quot;0&quot;,&quot;shutter_speed&quot;:&quot;0&quot;,&quot;title&quot;:&quot;&quot;,&quot;orientation&quot;:&quot;1&quot;}\" data-image-title=\"VANITY RODRIGO VAIRINHOS FOR NEO-08\" data-image-description=\"\" data-image-caption=\"\" data-medium-file=\"https:\/\/socialdesignmagazine.com\/mag\/wp-content\/uploads\/2013\/09\/benedetto_neo_design_studios_vanity_VANITY_RODRIGO_VAIRINHOS_FOR_NEO-08-396x256.jpg\" data-large-file=\"https:\/\/socialdesignmagazine.com\/mag\/wp-content\/uploads\/2013\/09\/benedetto_neo_design_studios_vanity_VANITY_RODRIGO_VAIRINHOS_FOR_NEO-08.jpg\" src=\"https:\/\/socialdesignmagazine.com\/mag\/wp-content\/uploads\/2013\/09\/benedetto_neo_design_studios_vanity_VANITY_RODRIGO_VAIRINHOS_FOR_NEO-08.jpg\" alt=\"VANITY RODRIGO VAIRINHOS FOR NEO-08\" class=\"wp-image-13723\"\/><\/figure>\n<\/div>\n\n<div class=\"wp-block-image\">\n<figure class=\"aligncenter\"><img loading=\"lazy\" decoding=\"async\" width=\"720\" height=\"1018\" data-attachment-id=\"13724\" data-permalink=\"https:\/\/socialdesignmagazine.com\/mag\/design\/vanity-rodrigo-vairinhos-per-neo-paris-design-week-2013\/attachment\/vanity-rodrigo-vairinhos-for-neo-09\/#content\" data-orig-file=\"https:\/\/socialdesignmagazine.com\/mag\/wp-content\/uploads\/2013\/09\/benedetto_neo_design_studios_vanity_VANITY_RODRIGO_VAIRINHOS_FOR_NEO-09.jpg\" data-orig-size=\"720,1018\" data-comments-opened=\"1\" data-image-meta=\"{&quot;aperture&quot;:&quot;0&quot;,&quot;credit&quot;:&quot;&quot;,&quot;camera&quot;:&quot;&quot;,&quot;caption&quot;:&quot;&quot;,&quot;created_timestamp&quot;:&quot;0&quot;,&quot;copyright&quot;:&quot;&quot;,&quot;focal_length&quot;:&quot;0&quot;,&quot;iso&quot;:&quot;0&quot;,&quot;shutter_speed&quot;:&quot;0&quot;,&quot;title&quot;:&quot;&quot;,&quot;orientation&quot;:&quot;1&quot;}\" data-image-title=\"VANITY RODRIGO VAIRINHOS FOR NEO-09\" data-image-description=\"\" data-image-caption=\"\" data-medium-file=\"https:\/\/socialdesignmagazine.com\/mag\/wp-content\/uploads\/2013\/09\/benedetto_neo_design_studios_vanity_VANITY_RODRIGO_VAIRINHOS_FOR_NEO-09-396x256.jpg\" data-large-file=\"https:\/\/socialdesignmagazine.com\/mag\/wp-content\/uploads\/2013\/09\/benedetto_neo_design_studios_vanity_VANITY_RODRIGO_VAIRINHOS_FOR_NEO-09.jpg\" src=\"https:\/\/socialdesignmagazine.com\/mag\/wp-content\/uploads\/2013\/09\/benedetto_neo_design_studios_vanity_VANITY_RODRIGO_VAIRINHOS_FOR_NEO-09.jpg\" alt=\"VANITY RODRIGO VAIRINHOS FOR NEO-09\" class=\"wp-image-13724\"\/><\/figure>\n<\/div>","protected":false,"gt_translate_keys":[{"key":"rendered","format":"html"}]},"excerpt":{"rendered":"<p>Si chiama VANITY la nuova lampada a sospensione disegnata da Rodrigo VAIRINHOS per NEO. VANITY sar\u00e0 presentata durante la Paris Design Week 2013 che si svolger\u00e0 dal 9 al 15 settembre. <\/p>\n","protected":false,"gt_translate_keys":[{"key":"rendered","format":"html"}]},"author":1,"featured_media":13720,"comment_status":"open","ping_status":"open","sticky":false,"template":"","format":"standard","meta":{"jetpack_post_was_ever_published":false,"_jetpack_newsletter_access":"","_jetpack_dont_email_post_to_subs":false,"_jetpack_newsletter_tier_id":0,"_jetpack_memberships_contains_paywalled_content":false,"_jetpack_memberships_contains_paid_content":false,"footnotes":"","_wpscppro_dont_share_socialmedia":false,"_wpscppro_custom_social_share_image":0,"_facebook_share_type":"","_twitter_share_type":"","_linkedin_share_type":"","_pinterest_share_type":"","_linkedin_share_type_page":"","_instagram_share_type":"","_medium_share_type":"","_threads_share_type":"","_google_business_share_type":"","_selected_social_profile":[],"_wpsp_enable_custom_social_template":false,"_wpsp_social_scheduling":{"enabled":false,"datetime":null,"platforms":[],"status":"template_only","dateOption":"today","timeOption":"now","customDays":"","customHours":"","customDate":"","customTime":"","schedulingType":"absolute"},"_wpsp_active_default_template":true},"categories":[13],"tags":[2817,1978],"class_list":["post-2338","post","type-post","status-publish","format-standard","has-post-thumbnail","hentry","category-design","tag-lampada-a-sospensione","tag-neo-design-studios"],"yoast_head":"<!-- This site is optimized with the Yoast SEO plugin v27.2 - https:\/\/yoast.com\/product\/yoast-seo-wordpress\/ -->\n<title>VANITY \/ Rodrigo VAIRINHOS PER NEO, Paris Design Week 2013 - Social Design Magazine<\/title>\n<meta name=\"description\" content=\"Si chiama VANITY la nuova lampada a sospensione disegnata da Rodrigo VAIRINHOS per NEO. VANITY sar\u00e0 presentata durante la Paris Design Week 2013 che si svolger\u00e0 dal 9 al 15 settembre.\" \/>\n<meta name=\"robots\" content=\"index, follow, max-snippet:-1, max-image-preview:large, max-video-preview:-1\" \/>\n<link rel=\"canonical\" href=\"https:\/\/socialdesignmagazine.com\/mag\/design\/vanity-rodrigo-vairinhos-per-neo-paris-design-week-2013\/\" \/>\n<meta property=\"og:locale\" content=\"it_IT\" \/>\n<meta property=\"og:type\" content=\"article\" \/>\n<meta property=\"og:title\" content=\"VANITY \/ Rodrigo VAIRINHOS PER NEO, Paris Design Week 2013 - Social Design Magazine\" \/>\n<meta property=\"og:description\" content=\"Si chiama VANITY la nuova lampada a sospensione disegnata da Rodrigo VAIRINHOS per NEO. VANITY sar\u00e0 presentata durante la Paris Design Week 2013 che si svolger\u00e0 dal 9 al 15 settembre.\" \/>\n<meta property=\"og:url\" content=\"http:\/\/socialdesignmagazine.com\/mag\/design\/vanity-rodrigo-vairinhos-per-neo-paris-design-week-2013\/\" \/>\n<meta property=\"og:site_name\" content=\"Social Design Magazine\" \/>\n<meta property=\"article:publisher\" content=\"https:\/\/www.facebook.com\/socialdesignmag\" \/>\n<meta property=\"article:author\" content=\"https:\/\/www.facebook.com\/benedettofiori\" \/>\n<meta property=\"article:published_time\" content=\"2013-09-03T12:00:00+00:00\" \/>\n<meta property=\"article:modified_time\" content=\"2024-06-16T20:55:47+00:00\" \/>\n<meta property=\"og:image\" content=\"https:\/\/socialdesignmagazine.com\/mag\/wp-content\/uploads\/2013\/09\/benedetto_neo_design_studios_vanity_VANITY_RODRIGO_VAIRINHOS_FOR_NEO-05.jpg\" \/>\n\t<meta property=\"og:image:width\" content=\"720\" \/>\n\t<meta property=\"og:image:height\" content=\"1018\" \/>\n\t<meta property=\"og:image:type\" content=\"image\/jpeg\" \/>\n<meta name=\"author\" content=\"Benedetto Fiori\" \/>\n<meta name=\"twitter:card\" content=\"summary_large_image\" \/>\n<meta name=\"twitter:creator\" content=\"@benedettofiori\" \/>\n<meta name=\"twitter:site\" content=\"@socialdesignmag\" \/>\n<meta name=\"twitter:label1\" content=\"Scritto da\" \/>\n\t<meta name=\"twitter:data1\" content=\"Benedetto Fiori\" \/>\n\t<meta name=\"twitter:label2\" content=\"Tempo di lettura stimato\" \/>\n\t<meta name=\"twitter:data2\" content=\"2 minuti\" \/>\n<script type=\"application\/ld+json\" class=\"yoast-schema-graph\">{\"@context\":\"https:\/\/schema.org\",\"@graph\":[{\"@type\":\"Article\",\"@id\":\"https:\/\/socialdesignmagazine.com\/mag\/design\/vanity-rodrigo-vairinhos-per-neo-paris-design-week-2013\/#article\",\"isPartOf\":{\"@id\":\"https:\/\/socialdesignmagazine.com\/mag\/design\/vanity-rodrigo-vairinhos-per-neo-paris-design-week-2013\/\"},\"author\":{\"name\":\"Benedetto Fiori\",\"@id\":\"https:\/\/socialdesignmagazine.com\/mag\/#\/schema\/person\/61e20205cc363c315e6aabd33a045846\"},\"headline\":\"VANITY \/ Rodrigo VAIRINHOS PER NEO, Paris Design Week 2013\",\"datePublished\":\"2013-09-03T12:00:00+00:00\",\"dateModified\":\"2024-06-16T20:55:47+00:00\",\"mainEntityOfPage\":{\"@id\":\"https:\/\/socialdesignmagazine.com\/mag\/design\/vanity-rodrigo-vairinhos-per-neo-paris-design-week-2013\/\"},\"wordCount\":60,\"commentCount\":0,\"publisher\":{\"@id\":\"https:\/\/socialdesignmagazine.com\/mag\/#organization\"},\"image\":{\"@id\":\"https:\/\/socialdesignmagazine.com\/mag\/design\/vanity-rodrigo-vairinhos-per-neo-paris-design-week-2013\/#primaryimage\"},\"thumbnailUrl\":\"https:\/\/socialdesignmagazine.com\/mag\/wp-content\/uploads\/2013\/09\/benedetto_neo_design_studios_vanity_VANITY_RODRIGO_VAIRINHOS_FOR_NEO-05.jpg\",\"keywords\":[\"lampada a sospensione\",\"neo design studios\"],\"articleSection\":[\"Design\"],\"inLanguage\":\"it-IT\",\"potentialAction\":[{\"@type\":\"CommentAction\",\"name\":\"Comment\",\"target\":[\"https:\/\/socialdesignmagazine.com\/mag\/design\/vanity-rodrigo-vairinhos-per-neo-paris-design-week-2013\/#respond\"]}]},{\"@type\":\"WebPage\",\"@id\":\"https:\/\/socialdesignmagazine.com\/mag\/design\/vanity-rodrigo-vairinhos-per-neo-paris-design-week-2013\/\",\"url\":\"https:\/\/socialdesignmagazine.com\/mag\/design\/vanity-rodrigo-vairinhos-per-neo-paris-design-week-2013\/\",\"name\":\"VANITY \/ Rodrigo VAIRINHOS PER NEO, Paris Design Week 2013 - Social Design Magazine\",\"isPartOf\":{\"@id\":\"https:\/\/socialdesignmagazine.com\/mag\/#website\"},\"primaryImageOfPage\":{\"@id\":\"https:\/\/socialdesignmagazine.com\/mag\/design\/vanity-rodrigo-vairinhos-per-neo-paris-design-week-2013\/#primaryimage\"},\"image\":{\"@id\":\"https:\/\/socialdesignmagazine.com\/mag\/design\/vanity-rodrigo-vairinhos-per-neo-paris-design-week-2013\/#primaryimage\"},\"thumbnailUrl\":\"https:\/\/socialdesignmagazine.com\/mag\/wp-content\/uploads\/2013\/09\/benedetto_neo_design_studios_vanity_VANITY_RODRIGO_VAIRINHOS_FOR_NEO-05.jpg\",\"datePublished\":\"2013-09-03T12:00:00+00:00\",\"dateModified\":\"2024-06-16T20:55:47+00:00\",\"description\":\"Si chiama VANITY la nuova lampada a sospensione disegnata da Rodrigo VAIRINHOS per NEO. VANITY sar\u00e0 presentata durante la Paris Design Week 2013 che si svolger\u00e0 dal 9 al 15 settembre.\",\"breadcrumb\":{\"@id\":\"https:\/\/socialdesignmagazine.com\/mag\/design\/vanity-rodrigo-vairinhos-per-neo-paris-design-week-2013\/#breadcrumb\"},\"inLanguage\":\"it-IT\",\"potentialAction\":[{\"@type\":\"ReadAction\",\"target\":[\"https:\/\/socialdesignmagazine.com\/mag\/design\/vanity-rodrigo-vairinhos-per-neo-paris-design-week-2013\/\"]}]},{\"@type\":\"ImageObject\",\"inLanguage\":\"it-IT\",\"@id\":\"https:\/\/socialdesignmagazine.com\/mag\/design\/vanity-rodrigo-vairinhos-per-neo-paris-design-week-2013\/#primaryimage\",\"url\":\"https:\/\/socialdesignmagazine.com\/mag\/wp-content\/uploads\/2013\/09\/benedetto_neo_design_studios_vanity_VANITY_RODRIGO_VAIRINHOS_FOR_NEO-05.jpg\",\"contentUrl\":\"https:\/\/socialdesignmagazine.com\/mag\/wp-content\/uploads\/2013\/09\/benedetto_neo_design_studios_vanity_VANITY_RODRIGO_VAIRINHOS_FOR_NEO-05.jpg\",\"width\":720,\"height\":1018,\"caption\":\"VANITY RODRIGO VAIRINHOS FOR NEO-05\"},{\"@type\":\"BreadcrumbList\",\"@id\":\"https:\/\/socialdesignmagazine.com\/mag\/design\/vanity-rodrigo-vairinhos-per-neo-paris-design-week-2013\/#breadcrumb\",\"itemListElement\":[{\"@type\":\"ListItem\",\"position\":1,\"name\":\"Home\",\"item\":\"https:\/\/socialdesignmagazine.com\/mag\/\"},{\"@type\":\"ListItem\",\"position\":2,\"name\":\"Design\",\"item\":\"https:\/\/socialdesignmagazine.com\/mag\/design\/\"},{\"@type\":\"ListItem\",\"position\":3,\"name\":\"VANITY \/ Rodrigo VAIRINHOS PER NEO, Paris Design Week 2013\"}]},{\"@type\":\"WebSite\",\"@id\":\"https:\/\/socialdesignmagazine.com\/mag\/#website\",\"url\":\"https:\/\/socialdesignmagazine.com\/mag\/\",\"name\":\"Social Design Magazine\",\"description\":\"Social Magazine su Design, Architettura, Arte, Grafica\",\"publisher\":{\"@id\":\"https:\/\/socialdesignmagazine.com\/mag\/#organization\"},\"potentialAction\":[{\"@type\":\"SearchAction\",\"target\":{\"@type\":\"EntryPoint\",\"urlTemplate\":\"https:\/\/socialdesignmagazine.com\/mag\/?s={search_term_string}\"},\"query-input\":{\"@type\":\"PropertyValueSpecification\",\"valueRequired\":true,\"valueName\":\"search_term_string\"}}],\"inLanguage\":\"it-IT\"},{\"@type\":\"Organization\",\"@id\":\"https:\/\/socialdesignmagazine.com\/mag\/#organization\",\"name\":\"Social Design Magazine\",\"url\":\"https:\/\/socialdesignmagazine.com\/mag\/\",\"logo\":{\"@type\":\"ImageObject\",\"inLanguage\":\"it-IT\",\"@id\":\"https:\/\/socialdesignmagazine.com\/mag\/#\/schema\/logo\/image\/\",\"url\":\"https:\/\/socialdesignmagazine.com\/mag\/wp-content\/uploads\/2017\/01\/logo_favicon_11.png\",\"contentUrl\":\"https:\/\/socialdesignmagazine.com\/mag\/wp-content\/uploads\/2017\/01\/logo_favicon_11.png\",\"width\":1024,\"height\":1024,\"caption\":\"Social Design Magazine\"},\"image\":{\"@id\":\"https:\/\/socialdesignmagazine.com\/mag\/#\/schema\/logo\/image\/\"},\"sameAs\":[\"https:\/\/www.facebook.com\/socialdesignmag\",\"https:\/\/x.com\/socialdesignmag\",\"http:\/\/instagram.com\/social_design_magazine\/\",\"http:\/\/pinterest.com\/socialdesignmag\/\",\"http:\/\/www.youtube.com\/user\/socialdesignmagazine\"]},{\"@type\":\"Person\",\"@id\":\"https:\/\/socialdesignmagazine.com\/mag\/#\/schema\/person\/61e20205cc363c315e6aabd33a045846\",\"name\":\"Benedetto Fiori\",\"image\":{\"@type\":\"ImageObject\",\"inLanguage\":\"it-IT\",\"@id\":\"https:\/\/secure.gravatar.com\/avatar\/450a48cefa36da63d920ad70aa660bd10725b1c6093800242e5efdb397759033?s=96&d=mm&r=g\",\"url\":\"https:\/\/secure.gravatar.com\/avatar\/450a48cefa36da63d920ad70aa660bd10725b1c6093800242e5efdb397759033?s=96&d=mm&r=g\",\"contentUrl\":\"https:\/\/secure.gravatar.com\/avatar\/450a48cefa36da63d920ad70aa660bd10725b1c6093800242e5efdb397759033?s=96&d=mm&r=g\",\"caption\":\"Benedetto Fiori\"},\"description\":\"Web | Twitter | Facebook | Shutterstock Founder &amp; Editor in Chief di Social Design Magazine. Attratto da sempre da tutto ci\u00f2 che \u00e8 creativit\u00e0, design, architettura. Dopo aver studiato Architettura all'Universit\u00e0 di Firenze, si \u00e8 impegnato in molteplici campi: comunicazione grafica, progettazione di allestimenti fieristici, brand design, Interior Design.\",\"sameAs\":[\"http:\/\/benedettofiori.com\",\"https:\/\/www.facebook.com\/benedettofiori\",\"https:\/\/x.com\/benedettofiori\"],\"url\":\"https:\/\/socialdesignmagazine.com\/mag\/author\/benedetto\/\"}]}<\/script>\n<!-- \/ Yoast SEO plugin. -->","yoast_head_json":{"title":"VANITY \/ Rodrigo VAIRINHOS PER NEO, Paris Design Week 2013 - Social Design Magazine","description":"Si chiama VANITY la nuova lampada a sospensione disegnata da Rodrigo VAIRINHOS per NEO. VANITY sar\u00e0 presentata durante la Paris Design Week 2013 che si svolger\u00e0 dal 9 al 15 settembre.","robots":{"index":"index","follow":"follow","max-snippet":"max-snippet:-1","max-image-preview":"max-image-preview:large","max-video-preview":"max-video-preview:-1"},"canonical":"https:\/\/socialdesignmagazine.com\/mag\/design\/vanity-rodrigo-vairinhos-per-neo-paris-design-week-2013\/","og_locale":"it_IT","og_type":"article","og_title":"VANITY \/ Rodrigo VAIRINHOS PER NEO, Paris Design Week 2013 - Social Design Magazine","og_description":"Si chiama VANITY la nuova lampada a sospensione disegnata da Rodrigo VAIRINHOS per NEO. VANITY sar\u00e0 presentata durante la Paris Design Week 2013 che si svolger\u00e0 dal 9 al 15 settembre.","og_url":"http:\/\/socialdesignmagazine.com\/mag\/design\/vanity-rodrigo-vairinhos-per-neo-paris-design-week-2013\/","og_site_name":"Social Design Magazine","article_publisher":"https:\/\/www.facebook.com\/socialdesignmag","article_author":"https:\/\/www.facebook.com\/benedettofiori","article_published_time":"2013-09-03T12:00:00+00:00","article_modified_time":"2024-06-16T20:55:47+00:00","og_image":[{"width":720,"height":1018,"url":"https:\/\/socialdesignmagazine.com\/mag\/wp-content\/uploads\/2013\/09\/benedetto_neo_design_studios_vanity_VANITY_RODRIGO_VAIRINHOS_FOR_NEO-05.jpg","type":"image\/jpeg"}],"author":"Benedetto Fiori","twitter_card":"summary_large_image","twitter_creator":"@benedettofiori","twitter_site":"@socialdesignmag","twitter_misc":{"Scritto da":"Benedetto Fiori","Tempo di lettura stimato":"2 minuti"},"schema":{"@context":"https:\/\/schema.org","@graph":[{"@type":"Article","@id":"https:\/\/socialdesignmagazine.com\/mag\/design\/vanity-rodrigo-vairinhos-per-neo-paris-design-week-2013\/#article","isPartOf":{"@id":"https:\/\/socialdesignmagazine.com\/mag\/design\/vanity-rodrigo-vairinhos-per-neo-paris-design-week-2013\/"},"author":{"name":"Benedetto Fiori","@id":"https:\/\/socialdesignmagazine.com\/mag\/#\/schema\/person\/61e20205cc363c315e6aabd33a045846"},"headline":"VANITY \/ Rodrigo VAIRINHOS PER NEO, Paris Design Week 2013","datePublished":"2013-09-03T12:00:00+00:00","dateModified":"2024-06-16T20:55:47+00:00","mainEntityOfPage":{"@id":"https:\/\/socialdesignmagazine.com\/mag\/design\/vanity-rodrigo-vairinhos-per-neo-paris-design-week-2013\/"},"wordCount":60,"commentCount":0,"publisher":{"@id":"https:\/\/socialdesignmagazine.com\/mag\/#organization"},"image":{"@id":"https:\/\/socialdesignmagazine.com\/mag\/design\/vanity-rodrigo-vairinhos-per-neo-paris-design-week-2013\/#primaryimage"},"thumbnailUrl":"https:\/\/socialdesignmagazine.com\/mag\/wp-content\/uploads\/2013\/09\/benedetto_neo_design_studios_vanity_VANITY_RODRIGO_VAIRINHOS_FOR_NEO-05.jpg","keywords":["lampada a sospensione","neo design studios"],"articleSection":["Design"],"inLanguage":"it-IT","potentialAction":[{"@type":"CommentAction","name":"Comment","target":["https:\/\/socialdesignmagazine.com\/mag\/design\/vanity-rodrigo-vairinhos-per-neo-paris-design-week-2013\/#respond"]}]},{"@type":"WebPage","@id":"https:\/\/socialdesignmagazine.com\/mag\/design\/vanity-rodrigo-vairinhos-per-neo-paris-design-week-2013\/","url":"https:\/\/socialdesignmagazine.com\/mag\/design\/vanity-rodrigo-vairinhos-per-neo-paris-design-week-2013\/","name":"VANITY \/ Rodrigo VAIRINHOS PER NEO, Paris Design Week 2013 - Social Design Magazine","isPartOf":{"@id":"https:\/\/socialdesignmagazine.com\/mag\/#website"},"primaryImageOfPage":{"@id":"https:\/\/socialdesignmagazine.com\/mag\/design\/vanity-rodrigo-vairinhos-per-neo-paris-design-week-2013\/#primaryimage"},"image":{"@id":"https:\/\/socialdesignmagazine.com\/mag\/design\/vanity-rodrigo-vairinhos-per-neo-paris-design-week-2013\/#primaryimage"},"thumbnailUrl":"https:\/\/socialdesignmagazine.com\/mag\/wp-content\/uploads\/2013\/09\/benedetto_neo_design_studios_vanity_VANITY_RODRIGO_VAIRINHOS_FOR_NEO-05.jpg","datePublished":"2013-09-03T12:00:00+00:00","dateModified":"2024-06-16T20:55:47+00:00","description":"Si chiama VANITY la nuova lampada a sospensione disegnata da Rodrigo VAIRINHOS per NEO. VANITY sar\u00e0 presentata durante la Paris Design Week 2013 che si svolger\u00e0 dal 9 al 15 settembre.","breadcrumb":{"@id":"https:\/\/socialdesignmagazine.com\/mag\/design\/vanity-rodrigo-vairinhos-per-neo-paris-design-week-2013\/#breadcrumb"},"inLanguage":"it-IT","potentialAction":[{"@type":"ReadAction","target":["https:\/\/socialdesignmagazine.com\/mag\/design\/vanity-rodrigo-vairinhos-per-neo-paris-design-week-2013\/"]}]},{"@type":"ImageObject","inLanguage":"it-IT","@id":"https:\/\/socialdesignmagazine.com\/mag\/design\/vanity-rodrigo-vairinhos-per-neo-paris-design-week-2013\/#primaryimage","url":"https:\/\/socialdesignmagazine.com\/mag\/wp-content\/uploads\/2013\/09\/benedetto_neo_design_studios_vanity_VANITY_RODRIGO_VAIRINHOS_FOR_NEO-05.jpg","contentUrl":"https:\/\/socialdesignmagazine.com\/mag\/wp-content\/uploads\/2013\/09\/benedetto_neo_design_studios_vanity_VANITY_RODRIGO_VAIRINHOS_FOR_NEO-05.jpg","width":720,"height":1018,"caption":"VANITY RODRIGO VAIRINHOS FOR NEO-05"},{"@type":"BreadcrumbList","@id":"https:\/\/socialdesignmagazine.com\/mag\/design\/vanity-rodrigo-vairinhos-per-neo-paris-design-week-2013\/#breadcrumb","itemListElement":[{"@type":"ListItem","position":1,"name":"Home","item":"https:\/\/socialdesignmagazine.com\/mag\/"},{"@type":"ListItem","position":2,"name":"Design","item":"https:\/\/socialdesignmagazine.com\/mag\/design\/"},{"@type":"ListItem","position":3,"name":"VANITY \/ Rodrigo VAIRINHOS PER NEO, Paris Design Week 2013"}]},{"@type":"WebSite","@id":"https:\/\/socialdesignmagazine.com\/mag\/#website","url":"https:\/\/socialdesignmagazine.com\/mag\/","name":"Social Design Magazine","description":"Social Magazine su Design, Architettura, Arte, Grafica","publisher":{"@id":"https:\/\/socialdesignmagazine.com\/mag\/#organization"},"potentialAction":[{"@type":"SearchAction","target":{"@type":"EntryPoint","urlTemplate":"https:\/\/socialdesignmagazine.com\/mag\/?s={search_term_string}"},"query-input":{"@type":"PropertyValueSpecification","valueRequired":true,"valueName":"search_term_string"}}],"inLanguage":"it-IT"},{"@type":"Organization","@id":"https:\/\/socialdesignmagazine.com\/mag\/#organization","name":"Social Design Magazine","url":"https:\/\/socialdesignmagazine.com\/mag\/","logo":{"@type":"ImageObject","inLanguage":"it-IT","@id":"https:\/\/socialdesignmagazine.com\/mag\/#\/schema\/logo\/image\/","url":"https:\/\/socialdesignmagazine.com\/mag\/wp-content\/uploads\/2017\/01\/logo_favicon_11.png","contentUrl":"https:\/\/socialdesignmagazine.com\/mag\/wp-content\/uploads\/2017\/01\/logo_favicon_11.png","width":1024,"height":1024,"caption":"Social Design Magazine"},"image":{"@id":"https:\/\/socialdesignmagazine.com\/mag\/#\/schema\/logo\/image\/"},"sameAs":["https:\/\/www.facebook.com\/socialdesignmag","https:\/\/x.com\/socialdesignmag","http:\/\/instagram.com\/social_design_magazine\/","http:\/\/pinterest.com\/socialdesignmag\/","http:\/\/www.youtube.com\/user\/socialdesignmagazine"]},{"@type":"Person","@id":"https:\/\/socialdesignmagazine.com\/mag\/#\/schema\/person\/61e20205cc363c315e6aabd33a045846","name":"Benedetto Fiori","image":{"@type":"ImageObject","inLanguage":"it-IT","@id":"https:\/\/secure.gravatar.com\/avatar\/450a48cefa36da63d920ad70aa660bd10725b1c6093800242e5efdb397759033?s=96&d=mm&r=g","url":"https:\/\/secure.gravatar.com\/avatar\/450a48cefa36da63d920ad70aa660bd10725b1c6093800242e5efdb397759033?s=96&d=mm&r=g","contentUrl":"https:\/\/secure.gravatar.com\/avatar\/450a48cefa36da63d920ad70aa660bd10725b1c6093800242e5efdb397759033?s=96&d=mm&r=g","caption":"Benedetto Fiori"},"description":"Web | Twitter | Facebook | Shutterstock Founder &amp; Editor in Chief di Social Design Magazine. Attratto da sempre da tutto ci\u00f2 che \u00e8 creativit\u00e0, design, architettura. Dopo aver studiato Architettura all'Universit\u00e0 di Firenze, si \u00e8 impegnato in molteplici campi: comunicazione grafica, progettazione di allestimenti fieristici, brand design, Interior Design.","sameAs":["http:\/\/benedettofiori.com","https:\/\/www.facebook.com\/benedettofiori","https:\/\/x.com\/benedettofiori"],"url":"https:\/\/socialdesignmagazine.com\/mag\/author\/benedetto\/"}]}},"jetpack_featured_media_url":"https:\/\/socialdesignmagazine.com\/mag\/wp-content\/uploads\/2013\/09\/benedetto_neo_design_studios_vanity_VANITY_RODRIGO_VAIRINHOS_FOR_NEO-05.jpg","jetpack_sharing_enabled":true,"jetpack_shortlink":"https:\/\/wp.me\/p6cV7V-BI","gt_translate_keys":[{"key":"link","format":"url"}],"_links":{"self":[{"href":"https:\/\/socialdesignmagazine.com\/mag\/wp-json\/wp\/v2\/posts\/2338","targetHints":{"allow":["GET"]}}],"collection":[{"href":"https:\/\/socialdesignmagazine.com\/mag\/wp-json\/wp\/v2\/posts"}],"about":[{"href":"https:\/\/socialdesignmagazine.com\/mag\/wp-json\/wp\/v2\/types\/post"}],"author":[{"embeddable":true,"href":"https:\/\/socialdesignmagazine.com\/mag\/wp-json\/wp\/v2\/users\/1"}],"replies":[{"embeddable":true,"href":"https:\/\/socialdesignmagazine.com\/mag\/wp-json\/wp\/v2\/comments?post=2338"}],"version-history":[{"count":1,"href":"https:\/\/socialdesignmagazine.com\/mag\/wp-json\/wp\/v2\/posts\/2338\/revisions"}],"predecessor-version":[{"id":62175,"href":"https:\/\/socialdesignmagazine.com\/mag\/wp-json\/wp\/v2\/posts\/2338\/revisions\/62175"}],"wp:featuredmedia":[{"embeddable":true,"href":"https:\/\/socialdesignmagazine.com\/mag\/wp-json\/wp\/v2\/media\/13720"}],"wp:attachment":[{"href":"https:\/\/socialdesignmagazine.com\/mag\/wp-json\/wp\/v2\/media?parent=2338"}],"wp:term":[{"taxonomy":"category","embeddable":true,"href":"https:\/\/socialdesignmagazine.com\/mag\/wp-json\/wp\/v2\/categories?post=2338"},{"taxonomy":"post_tag","embeddable":true,"href":"https:\/\/socialdesignmagazine.com\/mag\/wp-json\/wp\/v2\/tags?post=2338"}],"curies":[{"name":"wp","href":"https:\/\/api.w.org\/{rel}","templated":true}]}}