{"id":23566,"date":"2015-08-01T15:00:04","date_gmt":"2015-08-01T13:00:04","guid":{"rendered":"https:\/\/socialdesignmagazine.com\/mag\/?p=23566"},"modified":"2022-06-02T08:09:55","modified_gmt":"2022-06-02T06:09:55","slug":"ispirazioni-tessili-per-il-bagno-da-the-artceram-al-cersaie-2015","status":"publish","type":"post","link":"https:\/\/socialdesignmagazine.com\/mag\/design\/ispirazioni-tessili-per-il-bagno-da-the-artceram-al-cersaie-2015\/","title":{"rendered":"Ispirazioni tessili per il bagno da THE.ARTCERAM al Cersaie 2015","gt_translate_keys":[{"key":"rendered","format":"text"}]},"content":{"rendered":"<h2>The.Artceram al prossimo Cersaie 2015, in programma dal 28 settembre al 2 ottobre a Bologna, proporr\u00e0 alcune novit\u00e0 introducendo ispirazioni tessili per il bagno.<\/h2>\n<h3>TT, design Meneghello Paolelli Associati<\/h3>\n<p>Nuovo lavabo sospeso, realizzato in Livintec. Come anticipa chiaramente il nome, il disegno del lavabo TT riprende la caratteristica forma della trave a doppia T. Normalmente utilizzata in architettura, per la costruzione di edifici, \u00e8 un profilato costituito da due ali a facce esterne parallele, collegate con un&#8217;anima perpendicolare per mezzo di raccordi circolari.<\/p>\n<div id=\"attachment_23576\" style=\"width: 890px\" class=\"wp-caption alignnone\"><a href=\"https:\/\/socialdesignmagazine.com\/mag\/design\/ispirazioni-tessili-per-il-bagno-da-the-artceram-al-cersaie-2015\/attachment\/theartceram-tt_socialdesignmagazine-jpg\/#content\" rel=\"attachment wp-att-23576\"><img loading=\"lazy\" decoding=\"async\" aria-describedby=\"caption-attachment-23576\" data-attachment-id=\"23576\" data-permalink=\"https:\/\/socialdesignmagazine.com\/mag\/design\/ispirazioni-tessili-per-il-bagno-da-the-artceram-al-cersaie-2015\/attachment\/theartceram-tt_socialdesignmagazine-jpg\/#content\" data-orig-file=\"https:\/\/socialdesignmagazine.com\/mag\/wp-content\/uploads\/2015\/07\/THEARTCERAM-TT_socialdesignmagazine.jpg\" data-orig-size=\"880,1173\" data-comments-opened=\"1\" data-image-meta=\"{&quot;aperture&quot;:&quot;0&quot;,&quot;credit&quot;:&quot;&quot;,&quot;camera&quot;:&quot;&quot;,&quot;caption&quot;:&quot;&quot;,&quot;created_timestamp&quot;:&quot;0&quot;,&quot;copyright&quot;:&quot;&quot;,&quot;focal_length&quot;:&quot;0&quot;,&quot;iso&quot;:&quot;0&quot;,&quot;shutter_speed&quot;:&quot;0&quot;,&quot;title&quot;:&quot;&quot;,&quot;orientation&quot;:&quot;0&quot;}\" data-image-title=\"THE.ARTCERAM TT\" data-image-description=\"\" data-image-caption=\"&lt;p&gt;THE.ARTCERAM TT&lt;\/p&gt;\n\" data-medium-file=\"https:\/\/socialdesignmagazine.com\/mag\/wp-content\/uploads\/2015\/07\/THEARTCERAM-TT_socialdesignmagazine-396x256.jpg\" data-large-file=\"https:\/\/socialdesignmagazine.com\/mag\/wp-content\/uploads\/2015\/07\/THEARTCERAM-TT_socialdesignmagazine.jpg\" class=\"size-full wp-image-23576\" src=\"https:\/\/socialdesignmagazine.com\/mag\/wp-content\/uploads\/2015\/07\/THEARTCERAM-TT_socialdesignmagazine.jpg\" alt=\"THE.ARTCERAM TT\" width=\"880\" height=\"1173\" srcset=\"https:\/\/socialdesignmagazine.com\/mag\/wp-content\/uploads\/2015\/07\/THEARTCERAM-TT_socialdesignmagazine.jpg 880w, https:\/\/socialdesignmagazine.com\/mag\/wp-content\/uploads\/2015\/07\/THEARTCERAM-TT_socialdesignmagazine-768x1024.jpg 768w\" sizes=\"auto, (max-width: 880px) 100vw, 880px\" \/><\/a><p id=\"caption-attachment-23576\" class=\"wp-caption-text\">THE.ARTCERAM TT<\/p><\/div>\n<p>Tramite sezioni ottimizzate il lavabo esprime l&#8217;idea che tutto il materiale esplica la sua resistenza sotto sollecitazione. Una faccia della T \u00e8 agganciata a muro, mentre l&#8217;altra va a formare il bordo frontale del lavabo. E&#8217; possibile posizionare il rubinetto sia a a muro che in appoggio sul piano laterale. Il lavabo si completa con l&#8217;aggiunta di tutta una serie di accessori che sfruttano la sagoma della doppia T, rendendolo cos\u00ec \u201csistema\u201d con elementi che vengono posizionati sopra, sotto e frontalmente: barra porta salviette, tavoletta di legno come punto di appoggio che si pu\u00f2 spostare sui bordi del lavabo, gancio appeso frontale.<\/p>\n<p>Dimensioni 90&#215;40 cm<\/p>\n<h3>SURF design Meneghello Paolelli Associati<\/h3>\n<p>Surf \u00e8 il primo radiatore in ceramica, disegnato per The.Artceram da Meneghello Paolelli Associati, realizzato in collaborazione con l\u2019azienda Ridea che ha condiviso il know-how per le resistenze interne del corpo riscaldante.<br \/>\nLa superficie frontale di Surf si muove in maniera fluida e morbida, e si pu\u00f2 posizionare verticalmeNte od orizzontalmente, diventando una piccola mensola di appoggio in ceramica. Il radiatore viene accompagnato da un sistema di accessori che ne completano la funzionalit\u00e0: un gancio ed una barra metallica per appendere accappatoio e asciugamani.<\/p>\n<div id=\"attachment_23575\" style=\"width: 890px\" class=\"wp-caption alignnone\"><a href=\"https:\/\/socialdesignmagazine.com\/mag\/design\/ispirazioni-tessili-per-il-bagno-da-the-artceram-al-cersaie-2015\/attachment\/theartceram-surf_socialdesignmagazine-jpg\/#content\" rel=\"attachment wp-att-23575\"><img loading=\"lazy\" decoding=\"async\" aria-describedby=\"caption-attachment-23575\" data-attachment-id=\"23575\" data-permalink=\"https:\/\/socialdesignmagazine.com\/mag\/design\/ispirazioni-tessili-per-il-bagno-da-the-artceram-al-cersaie-2015\/attachment\/theartceram-surf_socialdesignmagazine-jpg\/#content\" data-orig-file=\"https:\/\/socialdesignmagazine.com\/mag\/wp-content\/uploads\/2015\/07\/THEARTCERAM-SURF_socialdesignmagazine.jpg\" data-orig-size=\"880,1320\" data-comments-opened=\"1\" data-image-meta=\"{&quot;aperture&quot;:&quot;0&quot;,&quot;credit&quot;:&quot;&quot;,&quot;camera&quot;:&quot;&quot;,&quot;caption&quot;:&quot;&quot;,&quot;created_timestamp&quot;:&quot;0&quot;,&quot;copyright&quot;:&quot;&quot;,&quot;focal_length&quot;:&quot;0&quot;,&quot;iso&quot;:&quot;0&quot;,&quot;shutter_speed&quot;:&quot;0&quot;,&quot;title&quot;:&quot;&quot;,&quot;orientation&quot;:&quot;0&quot;}\" data-image-title=\"THE.ARTCERAM surf\" data-image-description=\"\" data-image-caption=\"&lt;p&gt;THE.ARTCERAM surf&lt;\/p&gt;\n\" data-medium-file=\"https:\/\/socialdesignmagazine.com\/mag\/wp-content\/uploads\/2015\/07\/THEARTCERAM-SURF_socialdesignmagazine-396x256.jpg\" data-large-file=\"https:\/\/socialdesignmagazine.com\/mag\/wp-content\/uploads\/2015\/07\/THEARTCERAM-SURF_socialdesignmagazine.jpg\" class=\"size-full wp-image-23575\" src=\"https:\/\/socialdesignmagazine.com\/mag\/wp-content\/uploads\/2015\/07\/THEARTCERAM-SURF_socialdesignmagazine.jpg\" alt=\"THE.ARTCERAM surf\" width=\"880\" height=\"1320\" srcset=\"https:\/\/socialdesignmagazine.com\/mag\/wp-content\/uploads\/2015\/07\/THEARTCERAM-SURF_socialdesignmagazine.jpg 880w, https:\/\/socialdesignmagazine.com\/mag\/wp-content\/uploads\/2015\/07\/THEARTCERAM-SURF_socialdesignmagazine-768x1152.jpg 768w\" sizes=\"auto, (max-width: 880px) 100vw, 880px\" \/><\/a><p id=\"caption-attachment-23575\" class=\"wp-caption-text\">THE.ARTCERAM surf<\/p><\/div>\n<div id=\"attachment_23574\" style=\"width: 890px\" class=\"wp-caption alignnone\"><a href=\"https:\/\/socialdesignmagazine.com\/mag\/design\/ispirazioni-tessili-per-il-bagno-da-the-artceram-al-cersaie-2015\/attachment\/theartceram-surf-1_socialdesignmagazine-jpg\/#content\" rel=\"attachment wp-att-23574\"><img loading=\"lazy\" decoding=\"async\" aria-describedby=\"caption-attachment-23574\" data-attachment-id=\"23574\" data-permalink=\"https:\/\/socialdesignmagazine.com\/mag\/design\/ispirazioni-tessili-per-il-bagno-da-the-artceram-al-cersaie-2015\/attachment\/theartceram-surf-1_socialdesignmagazine-jpg\/#content\" data-orig-file=\"https:\/\/socialdesignmagazine.com\/mag\/wp-content\/uploads\/2015\/07\/THEARTCERAM-SURF-1_socialdesignmagazine.jpg\" data-orig-size=\"880,1320\" data-comments-opened=\"1\" data-image-meta=\"{&quot;aperture&quot;:&quot;0&quot;,&quot;credit&quot;:&quot;&quot;,&quot;camera&quot;:&quot;&quot;,&quot;caption&quot;:&quot;&quot;,&quot;created_timestamp&quot;:&quot;0&quot;,&quot;copyright&quot;:&quot;&quot;,&quot;focal_length&quot;:&quot;0&quot;,&quot;iso&quot;:&quot;0&quot;,&quot;shutter_speed&quot;:&quot;0&quot;,&quot;title&quot;:&quot;&quot;,&quot;orientation&quot;:&quot;0&quot;}\" data-image-title=\"THE.ARTCERAM surf\" data-image-description=\"\" data-image-caption=\"&lt;p&gt;THE.ARTCERAM surf&lt;\/p&gt;\n\" data-medium-file=\"https:\/\/socialdesignmagazine.com\/mag\/wp-content\/uploads\/2015\/07\/THEARTCERAM-SURF-1_socialdesignmagazine-396x256.jpg\" data-large-file=\"https:\/\/socialdesignmagazine.com\/mag\/wp-content\/uploads\/2015\/07\/THEARTCERAM-SURF-1_socialdesignmagazine.jpg\" class=\"size-full wp-image-23574\" src=\"https:\/\/socialdesignmagazine.com\/mag\/wp-content\/uploads\/2015\/07\/THEARTCERAM-SURF-1_socialdesignmagazine.jpg\" alt=\"THE.ARTCERAM surf\" width=\"880\" height=\"1320\" srcset=\"https:\/\/socialdesignmagazine.com\/mag\/wp-content\/uploads\/2015\/07\/THEARTCERAM-SURF-1_socialdesignmagazine.jpg 880w, https:\/\/socialdesignmagazine.com\/mag\/wp-content\/uploads\/2015\/07\/THEARTCERAM-SURF-1_socialdesignmagazine-768x1152.jpg 768w\" sizes=\"auto, (max-width: 880px) 100vw, 880px\" \/><\/a><p id=\"caption-attachment-23574\" class=\"wp-caption-text\">THE.ARTCERAM surf<\/p><\/div>\n<h3>Rombo\/Millerighe design Meneghello Paolelli Associati<\/h3>\n<p>Ispirazioni tessili per le superfici in ceramica<br \/>\nRombo e 1000 Rigne rappresentano la nuova generazione di lavabi d&#8217;arredo di The.ArtCeram. Due lavabi da appoggio che derivano dalla medesima matrice progettuale dove viene applicata una texture 3D, un trattamento di ispirazione tessile.<\/p>\n<p>Un tessuto che avvolge la superficie esterna del lavabo che prende vita e si declina indue lavorazioni tipiche del mondo tessile, un legerissimo matalass\u00e8 per ROMBO e una imbottitura verticale pi\u00f9 evidente per 1000 Righe. Una contaminazionetra due mondi molto distanti che rendono l&#8217;oggetto lavabo un vero e proprio &#8220;accessorio&#8221;.<\/p>\n<div id=\"attachment_23572\" style=\"width: 890px\" class=\"wp-caption alignnone\"><a href=\"https:\/\/socialdesignmagazine.com\/mag\/design\/ispirazioni-tessili-per-il-bagno-da-the-artceram-al-cersaie-2015\/attachment\/theartceram-rombo-lavabo-1_socialdesignmagazine-jpg\/#content\" rel=\"attachment wp-att-23572\"><img loading=\"lazy\" decoding=\"async\" aria-describedby=\"caption-attachment-23572\" data-attachment-id=\"23572\" data-permalink=\"https:\/\/socialdesignmagazine.com\/mag\/design\/ispirazioni-tessili-per-il-bagno-da-the-artceram-al-cersaie-2015\/attachment\/theartceram-rombo-lavabo-1_socialdesignmagazine-jpg\/#content\" data-orig-file=\"https:\/\/socialdesignmagazine.com\/mag\/wp-content\/uploads\/2015\/07\/THEARTCERAM-ROMBO-lavabo-1_socialdesignmagazine.jpg\" data-orig-size=\"880,625\" data-comments-opened=\"1\" data-image-meta=\"{&quot;aperture&quot;:&quot;0&quot;,&quot;credit&quot;:&quot;&quot;,&quot;camera&quot;:&quot;&quot;,&quot;caption&quot;:&quot;&quot;,&quot;created_timestamp&quot;:&quot;0&quot;,&quot;copyright&quot;:&quot;&quot;,&quot;focal_length&quot;:&quot;0&quot;,&quot;iso&quot;:&quot;0&quot;,&quot;shutter_speed&quot;:&quot;0&quot;,&quot;title&quot;:&quot;&quot;,&quot;orientation&quot;:&quot;0&quot;}\" data-image-title=\"THE.ARTCERAM rombo lavabo\" data-image-description=\"\" data-image-caption=\"&lt;p&gt;THE.ARTCERAM rombo lavabo&lt;\/p&gt;\n\" data-medium-file=\"https:\/\/socialdesignmagazine.com\/mag\/wp-content\/uploads\/2015\/07\/THEARTCERAM-ROMBO-lavabo-1_socialdesignmagazine-396x256.jpg\" data-large-file=\"https:\/\/socialdesignmagazine.com\/mag\/wp-content\/uploads\/2015\/07\/THEARTCERAM-ROMBO-lavabo-1_socialdesignmagazine.jpg\" class=\"size-full wp-image-23572\" src=\"https:\/\/socialdesignmagazine.com\/mag\/wp-content\/uploads\/2015\/07\/THEARTCERAM-ROMBO-lavabo-1_socialdesignmagazine.jpg\" alt=\"THE.ARTCERAM rombo lavabo\" width=\"880\" height=\"625\" srcset=\"https:\/\/socialdesignmagazine.com\/mag\/wp-content\/uploads\/2015\/07\/THEARTCERAM-ROMBO-lavabo-1_socialdesignmagazine.jpg 880w, https:\/\/socialdesignmagazine.com\/mag\/wp-content\/uploads\/2015\/07\/THEARTCERAM-ROMBO-lavabo-1_socialdesignmagazine-768x545.jpg 768w\" sizes=\"auto, (max-width: 880px) 100vw, 880px\" \/><\/a><p id=\"caption-attachment-23572\" class=\"wp-caption-text\">THE.ARTCERAM rombo lavabo<\/p><\/div>\n<div id=\"attachment_23573\" style=\"width: 890px\" class=\"wp-caption alignnone\"><a href=\"https:\/\/socialdesignmagazine.com\/mag\/design\/ispirazioni-tessili-per-il-bagno-da-the-artceram-al-cersaie-2015\/attachment\/theartceram-rombo-lavabo_socialdesignmagazine-jpg\/#content\" rel=\"attachment wp-att-23573\"><img loading=\"lazy\" decoding=\"async\" aria-describedby=\"caption-attachment-23573\" data-attachment-id=\"23573\" data-permalink=\"https:\/\/socialdesignmagazine.com\/mag\/design\/ispirazioni-tessili-per-il-bagno-da-the-artceram-al-cersaie-2015\/attachment\/theartceram-rombo-lavabo_socialdesignmagazine-jpg\/#content\" data-orig-file=\"https:\/\/socialdesignmagazine.com\/mag\/wp-content\/uploads\/2015\/07\/THEARTCERAM-ROMBO-lavabo_socialdesignmagazine.jpg\" data-orig-size=\"880,1096\" data-comments-opened=\"1\" data-image-meta=\"{&quot;aperture&quot;:&quot;0&quot;,&quot;credit&quot;:&quot;&quot;,&quot;camera&quot;:&quot;&quot;,&quot;caption&quot;:&quot;&quot;,&quot;created_timestamp&quot;:&quot;0&quot;,&quot;copyright&quot;:&quot;&quot;,&quot;focal_length&quot;:&quot;0&quot;,&quot;iso&quot;:&quot;0&quot;,&quot;shutter_speed&quot;:&quot;0&quot;,&quot;title&quot;:&quot;&quot;,&quot;orientation&quot;:&quot;0&quot;}\" data-image-title=\"THE.ARTCERAM rombo lavabo\" data-image-description=\"\" data-image-caption=\"&lt;p&gt;THE.ARTCERAM rombo lavabo&lt;\/p&gt;\n\" data-medium-file=\"https:\/\/socialdesignmagazine.com\/mag\/wp-content\/uploads\/2015\/07\/THEARTCERAM-ROMBO-lavabo_socialdesignmagazine-396x256.jpg\" data-large-file=\"https:\/\/socialdesignmagazine.com\/mag\/wp-content\/uploads\/2015\/07\/THEARTCERAM-ROMBO-lavabo_socialdesignmagazine.jpg\" class=\"size-full wp-image-23573\" src=\"https:\/\/socialdesignmagazine.com\/mag\/wp-content\/uploads\/2015\/07\/THEARTCERAM-ROMBO-lavabo_socialdesignmagazine.jpg\" alt=\"THE.ARTCERAM rombo lavabo\" width=\"880\" height=\"1096\" srcset=\"https:\/\/socialdesignmagazine.com\/mag\/wp-content\/uploads\/2015\/07\/THEARTCERAM-ROMBO-lavabo_socialdesignmagazine.jpg 880w, https:\/\/socialdesignmagazine.com\/mag\/wp-content\/uploads\/2015\/07\/THEARTCERAM-ROMBO-lavabo_socialdesignmagazine-768x957.jpg 768w\" sizes=\"auto, (max-width: 880px) 100vw, 880px\" \/><\/a><p id=\"caption-attachment-23573\" class=\"wp-caption-text\">THE.ARTCERAM rombo lavabo<\/p><\/div>\n<div id=\"attachment_23570\" style=\"width: 890px\" class=\"wp-caption alignnone\"><a href=\"https:\/\/socialdesignmagazine.com\/mag\/design\/ispirazioni-tessili-per-il-bagno-da-the-artceram-al-cersaie-2015\/attachment\/theartceram-millerighe-lavabo-1_socialdesignmagazine-jpg\/#content\" rel=\"attachment wp-att-23570\"><img loading=\"lazy\" decoding=\"async\" aria-describedby=\"caption-attachment-23570\" data-attachment-id=\"23570\" data-permalink=\"https:\/\/socialdesignmagazine.com\/mag\/design\/ispirazioni-tessili-per-il-bagno-da-the-artceram-al-cersaie-2015\/attachment\/theartceram-millerighe-lavabo-1_socialdesignmagazine-jpg\/#content\" data-orig-file=\"https:\/\/socialdesignmagazine.com\/mag\/wp-content\/uploads\/2015\/07\/THEARTCERAM-MILLERIGHE-lavabo-1_socialdesignmagazine.jpg\" data-orig-size=\"880,592\" data-comments-opened=\"1\" data-image-meta=\"{&quot;aperture&quot;:&quot;0&quot;,&quot;credit&quot;:&quot;&quot;,&quot;camera&quot;:&quot;&quot;,&quot;caption&quot;:&quot;&quot;,&quot;created_timestamp&quot;:&quot;0&quot;,&quot;copyright&quot;:&quot;&quot;,&quot;focal_length&quot;:&quot;0&quot;,&quot;iso&quot;:&quot;0&quot;,&quot;shutter_speed&quot;:&quot;0&quot;,&quot;title&quot;:&quot;&quot;,&quot;orientation&quot;:&quot;0&quot;}\" data-image-title=\"THE.ARTCERAM millerighe lavabo\" data-image-description=\"\" data-image-caption=\"&lt;p&gt;THE.ARTCERAM millerighe lavabo&lt;\/p&gt;\n\" data-medium-file=\"https:\/\/socialdesignmagazine.com\/mag\/wp-content\/uploads\/2015\/07\/THEARTCERAM-MILLERIGHE-lavabo-1_socialdesignmagazine-396x256.jpg\" data-large-file=\"https:\/\/socialdesignmagazine.com\/mag\/wp-content\/uploads\/2015\/07\/THEARTCERAM-MILLERIGHE-lavabo-1_socialdesignmagazine.jpg\" class=\"size-full wp-image-23570\" src=\"https:\/\/socialdesignmagazine.com\/mag\/wp-content\/uploads\/2015\/07\/THEARTCERAM-MILLERIGHE-lavabo-1_socialdesignmagazine.jpg\" alt=\"THE.ARTCERAM millerighe lavabo\" width=\"880\" height=\"592\" srcset=\"https:\/\/socialdesignmagazine.com\/mag\/wp-content\/uploads\/2015\/07\/THEARTCERAM-MILLERIGHE-lavabo-1_socialdesignmagazine.jpg 880w, https:\/\/socialdesignmagazine.com\/mag\/wp-content\/uploads\/2015\/07\/THEARTCERAM-MILLERIGHE-lavabo-1_socialdesignmagazine-100x66.jpg 100w, https:\/\/socialdesignmagazine.com\/mag\/wp-content\/uploads\/2015\/07\/THEARTCERAM-MILLERIGHE-lavabo-1_socialdesignmagazine-768x517.jpg 768w\" sizes=\"auto, (max-width: 880px) 100vw, 880px\" \/><\/a><p id=\"caption-attachment-23570\" class=\"wp-caption-text\">THE.ARTCERAM millerighe lavabo<\/p><\/div>\n<div id=\"attachment_23571\" style=\"width: 890px\" class=\"wp-caption alignnone\"><a href=\"https:\/\/socialdesignmagazine.com\/mag\/design\/ispirazioni-tessili-per-il-bagno-da-the-artceram-al-cersaie-2015\/attachment\/theartceram-millerighe-lavabo_socialdesignmagazine-jpg\/#content\" rel=\"attachment wp-att-23571\"><img loading=\"lazy\" decoding=\"async\" aria-describedby=\"caption-attachment-23571\" data-attachment-id=\"23571\" data-permalink=\"https:\/\/socialdesignmagazine.com\/mag\/design\/ispirazioni-tessili-per-il-bagno-da-the-artceram-al-cersaie-2015\/attachment\/theartceram-millerighe-lavabo_socialdesignmagazine-jpg\/#content\" data-orig-file=\"https:\/\/socialdesignmagazine.com\/mag\/wp-content\/uploads\/2015\/07\/THEARTCERAM-MILLERIGHE-lavabo_socialdesignmagazine.jpg\" data-orig-size=\"880,1262\" data-comments-opened=\"1\" data-image-meta=\"{&quot;aperture&quot;:&quot;0&quot;,&quot;credit&quot;:&quot;&quot;,&quot;camera&quot;:&quot;&quot;,&quot;caption&quot;:&quot;&quot;,&quot;created_timestamp&quot;:&quot;0&quot;,&quot;copyright&quot;:&quot;&quot;,&quot;focal_length&quot;:&quot;0&quot;,&quot;iso&quot;:&quot;0&quot;,&quot;shutter_speed&quot;:&quot;0&quot;,&quot;title&quot;:&quot;&quot;,&quot;orientation&quot;:&quot;0&quot;}\" data-image-title=\"THE.ARTCERAM millerighe lavabo\" data-image-description=\"\" data-image-caption=\"&lt;p&gt;THE.ARTCERAM millerighe lavabo&lt;\/p&gt;\n\" data-medium-file=\"https:\/\/socialdesignmagazine.com\/mag\/wp-content\/uploads\/2015\/07\/THEARTCERAM-MILLERIGHE-lavabo_socialdesignmagazine-396x256.jpg\" data-large-file=\"https:\/\/socialdesignmagazine.com\/mag\/wp-content\/uploads\/2015\/07\/THEARTCERAM-MILLERIGHE-lavabo_socialdesignmagazine.jpg\" class=\"size-full wp-image-23571\" src=\"https:\/\/socialdesignmagazine.com\/mag\/wp-content\/uploads\/2015\/07\/THEARTCERAM-MILLERIGHE-lavabo_socialdesignmagazine.jpg\" alt=\"THE.ARTCERAM millerighe lavabo\" width=\"880\" height=\"1262\" srcset=\"https:\/\/socialdesignmagazine.com\/mag\/wp-content\/uploads\/2015\/07\/THEARTCERAM-MILLERIGHE-lavabo_socialdesignmagazine.jpg 880w, https:\/\/socialdesignmagazine.com\/mag\/wp-content\/uploads\/2015\/07\/THEARTCERAM-MILLERIGHE-lavabo_socialdesignmagazine-768x1101.jpg 768w\" sizes=\"auto, (max-width: 880px) 100vw, 880px\" \/><\/a><p id=\"caption-attachment-23571\" class=\"wp-caption-text\">THE.ARTCERAM millerighe lavabo<\/p><\/div>\n<p>Dimensioni: cm 44&#215;44 h:14<\/p>\n<h3>THE.ARTCERAM ROMBO oro design Meneghello Paolelli Associati<\/h3>\n<p>Una nuova versione dorata. Un lusso ricercato per un must have della zona bagno.<\/p>\n<div id=\"attachment_23568\" style=\"width: 890px\" class=\"wp-caption alignnone\"><a href=\"https:\/\/socialdesignmagazine.com\/mag\/design\/ispirazioni-tessili-per-il-bagno-da-the-artceram-al-cersaie-2015\/attachment\/the-artceram-rombo-oro-1_socialdesignmagazine-jpg\/#content\" rel=\"attachment wp-att-23568\"><img loading=\"lazy\" decoding=\"async\" aria-describedby=\"caption-attachment-23568\" data-attachment-id=\"23568\" data-permalink=\"https:\/\/socialdesignmagazine.com\/mag\/design\/ispirazioni-tessili-per-il-bagno-da-the-artceram-al-cersaie-2015\/attachment\/the-artceram-rombo-oro-1_socialdesignmagazine-jpg\/#content\" data-orig-file=\"https:\/\/socialdesignmagazine.com\/mag\/wp-content\/uploads\/2015\/07\/THE.ARTCERAM-Rombo-oro-1_socialdesignmagazine.jpg\" data-orig-size=\"880,1099\" data-comments-opened=\"1\" data-image-meta=\"{&quot;aperture&quot;:&quot;0&quot;,&quot;credit&quot;:&quot;&quot;,&quot;camera&quot;:&quot;&quot;,&quot;caption&quot;:&quot;&quot;,&quot;created_timestamp&quot;:&quot;0&quot;,&quot;copyright&quot;:&quot;&quot;,&quot;focal_length&quot;:&quot;0&quot;,&quot;iso&quot;:&quot;0&quot;,&quot;shutter_speed&quot;:&quot;0&quot;,&quot;title&quot;:&quot;&quot;,&quot;orientation&quot;:&quot;0&quot;}\" data-image-title=\"THE.ARTCERAM Rombo oro\" data-image-description=\"\" data-image-caption=\"&lt;p&gt;THE.ARTCERAM Rombo oro&lt;\/p&gt;\n\" data-medium-file=\"https:\/\/socialdesignmagazine.com\/mag\/wp-content\/uploads\/2015\/07\/THE.ARTCERAM-Rombo-oro-1_socialdesignmagazine-396x256.jpg\" data-large-file=\"https:\/\/socialdesignmagazine.com\/mag\/wp-content\/uploads\/2015\/07\/THE.ARTCERAM-Rombo-oro-1_socialdesignmagazine.jpg\" class=\"size-full wp-image-23568\" src=\"https:\/\/socialdesignmagazine.com\/mag\/wp-content\/uploads\/2015\/07\/THE.ARTCERAM-Rombo-oro-1_socialdesignmagazine.jpg\" alt=\"THE.ARTCERAM Rombo oro\" width=\"880\" height=\"1099\" srcset=\"https:\/\/socialdesignmagazine.com\/mag\/wp-content\/uploads\/2015\/07\/THE.ARTCERAM-Rombo-oro-1_socialdesignmagazine.jpg 880w, https:\/\/socialdesignmagazine.com\/mag\/wp-content\/uploads\/2015\/07\/THE.ARTCERAM-Rombo-oro-1_socialdesignmagazine-768x959.jpg 768w\" sizes=\"auto, (max-width: 880px) 100vw, 880px\" \/><\/a><p id=\"caption-attachment-23568\" class=\"wp-caption-text\">THE.ARTCERAM Rombo oro<\/p><\/div>\n<div id=\"attachment_23569\" style=\"width: 890px\" class=\"wp-caption alignnone\"><a href=\"https:\/\/socialdesignmagazine.com\/mag\/design\/ispirazioni-tessili-per-il-bagno-da-the-artceram-al-cersaie-2015\/attachment\/the-artceram-rombo-oro-6_socialdesignmagazine-jpg\/#content\" rel=\"attachment wp-att-23569\"><img loading=\"lazy\" decoding=\"async\" aria-describedby=\"caption-attachment-23569\" data-attachment-id=\"23569\" data-permalink=\"https:\/\/socialdesignmagazine.com\/mag\/design\/ispirazioni-tessili-per-il-bagno-da-the-artceram-al-cersaie-2015\/attachment\/the-artceram-rombo-oro-6_socialdesignmagazine-jpg\/#content\" data-orig-file=\"https:\/\/socialdesignmagazine.com\/mag\/wp-content\/uploads\/2015\/07\/THE.ARTCERAM-Rombo-oro-6_socialdesignmagazine.jpg\" data-orig-size=\"880,1059\" data-comments-opened=\"1\" data-image-meta=\"{&quot;aperture&quot;:&quot;0&quot;,&quot;credit&quot;:&quot;&quot;,&quot;camera&quot;:&quot;&quot;,&quot;caption&quot;:&quot;&quot;,&quot;created_timestamp&quot;:&quot;0&quot;,&quot;copyright&quot;:&quot;&quot;,&quot;focal_length&quot;:&quot;0&quot;,&quot;iso&quot;:&quot;0&quot;,&quot;shutter_speed&quot;:&quot;0&quot;,&quot;title&quot;:&quot;&quot;,&quot;orientation&quot;:&quot;0&quot;}\" data-image-title=\"THE.ARTCERAM Rombo oro\" data-image-description=\"\" data-image-caption=\"&lt;p&gt;THE.ARTCERAM Rombo oro&lt;\/p&gt;\n\" data-medium-file=\"https:\/\/socialdesignmagazine.com\/mag\/wp-content\/uploads\/2015\/07\/THE.ARTCERAM-Rombo-oro-6_socialdesignmagazine-396x256.jpg\" data-large-file=\"https:\/\/socialdesignmagazine.com\/mag\/wp-content\/uploads\/2015\/07\/THE.ARTCERAM-Rombo-oro-6_socialdesignmagazine.jpg\" class=\"size-full wp-image-23569\" src=\"https:\/\/socialdesignmagazine.com\/mag\/wp-content\/uploads\/2015\/07\/THE.ARTCERAM-Rombo-oro-6_socialdesignmagazine.jpg\" alt=\"THE.ARTCERAM Rombo oro\" width=\"880\" height=\"1059\" srcset=\"https:\/\/socialdesignmagazine.com\/mag\/wp-content\/uploads\/2015\/07\/THE.ARTCERAM-Rombo-oro-6_socialdesignmagazine.jpg 880w, https:\/\/socialdesignmagazine.com\/mag\/wp-content\/uploads\/2015\/07\/THE.ARTCERAM-Rombo-oro-6_socialdesignmagazine-768x924.jpg 768w\" sizes=\"auto, (max-width: 880px) 100vw, 880px\" \/><\/a><p id=\"caption-attachment-23569\" class=\"wp-caption-text\">THE.ARTCERAM Rombo oro<\/p><\/div>\n<p>The.Artceram, Cersaie 2015, Pad. 29 Stand B72<\/p>\n<h4>Maggiori informazioni su: <a rel=\"nofollow\" href=\"http:\/\/www.artceram.it\">www.artceram.it<\/a><\/h4>\n","protected":false,"gt_translate_keys":[{"key":"rendered","format":"html"}]},"excerpt":{"rendered":"<p>The.Artceram al prossimo Cersaie 2015, in programma dal 28 settembre al 2 ottobre a Bologna, propone ispirazioni tessili per il bagno.<\/p>\n","protected":false,"gt_translate_keys":[{"key":"rendered","format":"html"}]},"author":1,"featured_media":23567,"comment_status":"open","ping_status":"open","sticky":false,"template":"","format":"standard","meta":{"jetpack_post_was_ever_published":false,"_jetpack_newsletter_access":"","_jetpack_dont_email_post_to_subs":false,"_jetpack_newsletter_tier_id":0,"_jetpack_memberships_contains_paywalled_content":false,"_jetpack_memberships_contains_paid_content":false,"footnotes":"","_wpscppro_dont_share_socialmedia":false,"_wpscppro_custom_social_share_image":0,"_facebook_share_type":"","_twitter_share_type":"","_linkedin_share_type":"","_pinterest_share_type":"","_linkedin_share_type_page":"","_instagram_share_type":"","_medium_share_type":"","_threads_share_type":"","_google_business_share_type":"","_selected_social_profile":[],"_wpsp_enable_custom_social_template":false,"_wpsp_social_scheduling":{"enabled":false,"datetime":null,"platforms":[],"status":"template_only","dateOption":"today","timeOption":"now","customDays":"","customHours":"","customDate":"","customTime":"","schedulingType":"absolute"},"_wpsp_active_default_template":true},"categories":[13],"tags":[1598,306,4418,2303,2964],"class_list":["post-23566","post","type-post","status-publish","format-standard","has-post-thumbnail","hentry","category-design","tag-arredo-bagno","tag-bagno","tag-cersaie-2015","tag-lavabo","tag-meneghello-paolelli-associati"],"yoast_head":"<!-- This site is optimized with the Yoast SEO plugin v27.2 - https:\/\/yoast.com\/product\/yoast-seo-wordpress\/ -->\n<title>Ispirazioni tessili per il bagno da THE.ARTCERAM al Cersaie 2015 - Social Design Magazine<\/title>\n<meta name=\"description\" content=\"The.Artceram al prossimo Cersaie 2015, proporr\u00e0 alcune novit\u00e0 introducendo ispirazioni tessili per il bagno.\" \/>\n<meta name=\"robots\" content=\"index, follow, max-snippet:-1, max-image-preview:large, max-video-preview:-1\" \/>\n<link rel=\"canonical\" href=\"https:\/\/socialdesignmagazine.com\/mag\/design\/ispirazioni-tessili-per-il-bagno-da-the-artceram-al-cersaie-2015\/\" \/>\n<meta property=\"og:locale\" content=\"it_IT\" \/>\n<meta property=\"og:type\" content=\"article\" \/>\n<meta property=\"og:title\" content=\"Ispirazioni tessili per il bagno da THE.ARTCERAM al Cersaie 2015 - Social Design Magazine\" \/>\n<meta property=\"og:description\" content=\"The.Artceram al prossimo Cersaie 2015, proporr\u00e0 alcune novit\u00e0 introducendo ispirazioni tessili per il bagno.\" \/>\n<meta property=\"og:url\" content=\"http:\/\/socialdesignmagazine.com\/mag\/design\/ispirazioni-tessili-per-il-bagno-da-the-artceram-al-cersaie-2015\/\" \/>\n<meta property=\"og:site_name\" content=\"Social Design Magazine\" \/>\n<meta property=\"article:publisher\" content=\"https:\/\/www.facebook.com\/socialdesignmag\" \/>\n<meta property=\"article:author\" content=\"https:\/\/www.facebook.com\/benedettofiori\" \/>\n<meta property=\"article:published_time\" content=\"2015-08-01T13:00:04+00:00\" \/>\n<meta property=\"article:modified_time\" content=\"2022-06-02T06:09:55+00:00\" \/>\n<meta property=\"og:image\" content=\"https:\/\/socialdesignmagazine.com\/mag\/wp-content\/uploads\/2015\/07\/THE.ARTCERAM-Rombo-oro-7_socialdesignmagazine.jpg\" \/>\n\t<meta property=\"og:image:width\" content=\"880\" \/>\n\t<meta property=\"og:image:height\" content=\"702\" \/>\n\t<meta property=\"og:image:type\" content=\"image\/jpeg\" \/>\n<meta name=\"author\" content=\"Benedetto Fiori\" \/>\n<meta name=\"twitter:card\" content=\"summary_large_image\" \/>\n<meta name=\"twitter:creator\" content=\"@benedettofiori\" \/>\n<meta name=\"twitter:site\" content=\"@socialdesignmag\" \/>\n<meta name=\"twitter:label1\" content=\"Scritto da\" \/>\n\t<meta name=\"twitter:data1\" content=\"Benedetto Fiori\" \/>\n\t<meta name=\"twitter:label2\" content=\"Tempo di lettura stimato\" \/>\n\t<meta name=\"twitter:data2\" content=\"5 minuti\" \/>\n<script type=\"application\/ld+json\" class=\"yoast-schema-graph\">{\"@context\":\"https:\/\/schema.org\",\"@graph\":[{\"@type\":\"Article\",\"@id\":\"https:\/\/socialdesignmagazine.com\/mag\/design\/ispirazioni-tessili-per-il-bagno-da-the-artceram-al-cersaie-2015\/#article\",\"isPartOf\":{\"@id\":\"https:\/\/socialdesignmagazine.com\/mag\/design\/ispirazioni-tessili-per-il-bagno-da-the-artceram-al-cersaie-2015\/\"},\"author\":{\"name\":\"Benedetto Fiori\",\"@id\":\"https:\/\/socialdesignmagazine.com\/mag\/#\/schema\/person\/61e20205cc363c315e6aabd33a045846\"},\"headline\":\"Ispirazioni tessili per il bagno da THE.ARTCERAM al Cersaie 2015\",\"datePublished\":\"2015-08-01T13:00:04+00:00\",\"dateModified\":\"2022-06-02T06:09:55+00:00\",\"mainEntityOfPage\":{\"@id\":\"https:\/\/socialdesignmagazine.com\/mag\/design\/ispirazioni-tessili-per-il-bagno-da-the-artceram-al-cersaie-2015\/\"},\"wordCount\":520,\"commentCount\":0,\"publisher\":{\"@id\":\"https:\/\/socialdesignmagazine.com\/mag\/#organization\"},\"image\":{\"@id\":\"https:\/\/socialdesignmagazine.com\/mag\/design\/ispirazioni-tessili-per-il-bagno-da-the-artceram-al-cersaie-2015\/#primaryimage\"},\"thumbnailUrl\":\"https:\/\/socialdesignmagazine.com\/mag\/wp-content\/uploads\/2015\/07\/THE.ARTCERAM-Rombo-oro-7_socialdesignmagazine.jpg\",\"keywords\":[\"arredo bagno\",\"bagno\",\"Cersaie 2015\",\"lavabo\",\"meneghello paolelli associati\"],\"articleSection\":[\"Design\"],\"inLanguage\":\"it-IT\",\"potentialAction\":[{\"@type\":\"CommentAction\",\"name\":\"Comment\",\"target\":[\"https:\/\/socialdesignmagazine.com\/mag\/design\/ispirazioni-tessili-per-il-bagno-da-the-artceram-al-cersaie-2015\/#respond\"]}]},{\"@type\":\"WebPage\",\"@id\":\"https:\/\/socialdesignmagazine.com\/mag\/design\/ispirazioni-tessili-per-il-bagno-da-the-artceram-al-cersaie-2015\/\",\"url\":\"https:\/\/socialdesignmagazine.com\/mag\/design\/ispirazioni-tessili-per-il-bagno-da-the-artceram-al-cersaie-2015\/\",\"name\":\"Ispirazioni tessili per il bagno da THE.ARTCERAM al Cersaie 2015 - Social Design Magazine\",\"isPartOf\":{\"@id\":\"https:\/\/socialdesignmagazine.com\/mag\/#website\"},\"primaryImageOfPage\":{\"@id\":\"https:\/\/socialdesignmagazine.com\/mag\/design\/ispirazioni-tessili-per-il-bagno-da-the-artceram-al-cersaie-2015\/#primaryimage\"},\"image\":{\"@id\":\"https:\/\/socialdesignmagazine.com\/mag\/design\/ispirazioni-tessili-per-il-bagno-da-the-artceram-al-cersaie-2015\/#primaryimage\"},\"thumbnailUrl\":\"https:\/\/socialdesignmagazine.com\/mag\/wp-content\/uploads\/2015\/07\/THE.ARTCERAM-Rombo-oro-7_socialdesignmagazine.jpg\",\"datePublished\":\"2015-08-01T13:00:04+00:00\",\"dateModified\":\"2022-06-02T06:09:55+00:00\",\"description\":\"The.Artceram al prossimo Cersaie 2015, proporr\u00e0 alcune novit\u00e0 introducendo ispirazioni tessili per il bagno.\",\"breadcrumb\":{\"@id\":\"https:\/\/socialdesignmagazine.com\/mag\/design\/ispirazioni-tessili-per-il-bagno-da-the-artceram-al-cersaie-2015\/#breadcrumb\"},\"inLanguage\":\"it-IT\",\"potentialAction\":[{\"@type\":\"ReadAction\",\"target\":[\"https:\/\/socialdesignmagazine.com\/mag\/design\/ispirazioni-tessili-per-il-bagno-da-the-artceram-al-cersaie-2015\/\"]}]},{\"@type\":\"ImageObject\",\"inLanguage\":\"it-IT\",\"@id\":\"https:\/\/socialdesignmagazine.com\/mag\/design\/ispirazioni-tessili-per-il-bagno-da-the-artceram-al-cersaie-2015\/#primaryimage\",\"url\":\"https:\/\/socialdesignmagazine.com\/mag\/wp-content\/uploads\/2015\/07\/THE.ARTCERAM-Rombo-oro-7_socialdesignmagazine.jpg\",\"contentUrl\":\"https:\/\/socialdesignmagazine.com\/mag\/wp-content\/uploads\/2015\/07\/THE.ARTCERAM-Rombo-oro-7_socialdesignmagazine.jpg\",\"width\":880,\"height\":702,\"caption\":\"THE.ARTCERAM Rombo oro\"},{\"@type\":\"BreadcrumbList\",\"@id\":\"https:\/\/socialdesignmagazine.com\/mag\/design\/ispirazioni-tessili-per-il-bagno-da-the-artceram-al-cersaie-2015\/#breadcrumb\",\"itemListElement\":[{\"@type\":\"ListItem\",\"position\":1,\"name\":\"Home\",\"item\":\"https:\/\/socialdesignmagazine.com\/mag\/\"},{\"@type\":\"ListItem\",\"position\":2,\"name\":\"Design\",\"item\":\"https:\/\/socialdesignmagazine.com\/mag\/design\/\"},{\"@type\":\"ListItem\",\"position\":3,\"name\":\"Ispirazioni tessili per il bagno da THE.ARTCERAM al Cersaie 2015\"}]},{\"@type\":\"WebSite\",\"@id\":\"https:\/\/socialdesignmagazine.com\/mag\/#website\",\"url\":\"https:\/\/socialdesignmagazine.com\/mag\/\",\"name\":\"Social Design Magazine\",\"description\":\"Social Magazine su Design, Architettura, Arte, Grafica\",\"publisher\":{\"@id\":\"https:\/\/socialdesignmagazine.com\/mag\/#organization\"},\"potentialAction\":[{\"@type\":\"SearchAction\",\"target\":{\"@type\":\"EntryPoint\",\"urlTemplate\":\"https:\/\/socialdesignmagazine.com\/mag\/?s={search_term_string}\"},\"query-input\":{\"@type\":\"PropertyValueSpecification\",\"valueRequired\":true,\"valueName\":\"search_term_string\"}}],\"inLanguage\":\"it-IT\"},{\"@type\":\"Organization\",\"@id\":\"https:\/\/socialdesignmagazine.com\/mag\/#organization\",\"name\":\"Social Design Magazine\",\"url\":\"https:\/\/socialdesignmagazine.com\/mag\/\",\"logo\":{\"@type\":\"ImageObject\",\"inLanguage\":\"it-IT\",\"@id\":\"https:\/\/socialdesignmagazine.com\/mag\/#\/schema\/logo\/image\/\",\"url\":\"https:\/\/socialdesignmagazine.com\/mag\/wp-content\/uploads\/2017\/01\/logo_favicon_11.png\",\"contentUrl\":\"https:\/\/socialdesignmagazine.com\/mag\/wp-content\/uploads\/2017\/01\/logo_favicon_11.png\",\"width\":1024,\"height\":1024,\"caption\":\"Social Design Magazine\"},\"image\":{\"@id\":\"https:\/\/socialdesignmagazine.com\/mag\/#\/schema\/logo\/image\/\"},\"sameAs\":[\"https:\/\/www.facebook.com\/socialdesignmag\",\"https:\/\/x.com\/socialdesignmag\",\"http:\/\/instagram.com\/social_design_magazine\/\",\"http:\/\/pinterest.com\/socialdesignmag\/\",\"http:\/\/www.youtube.com\/user\/socialdesignmagazine\"]},{\"@type\":\"Person\",\"@id\":\"https:\/\/socialdesignmagazine.com\/mag\/#\/schema\/person\/61e20205cc363c315e6aabd33a045846\",\"name\":\"Benedetto Fiori\",\"image\":{\"@type\":\"ImageObject\",\"inLanguage\":\"it-IT\",\"@id\":\"https:\/\/secure.gravatar.com\/avatar\/450a48cefa36da63d920ad70aa660bd10725b1c6093800242e5efdb397759033?s=96&d=mm&r=g\",\"url\":\"https:\/\/secure.gravatar.com\/avatar\/450a48cefa36da63d920ad70aa660bd10725b1c6093800242e5efdb397759033?s=96&d=mm&r=g\",\"contentUrl\":\"https:\/\/secure.gravatar.com\/avatar\/450a48cefa36da63d920ad70aa660bd10725b1c6093800242e5efdb397759033?s=96&d=mm&r=g\",\"caption\":\"Benedetto Fiori\"},\"description\":\"Web | Twitter | Facebook | Shutterstock Founder &amp; Editor in Chief di Social Design Magazine. Attratto da sempre da tutto ci\u00f2 che \u00e8 creativit\u00e0, design, architettura. Dopo aver studiato Architettura all'Universit\u00e0 di Firenze, si \u00e8 impegnato in molteplici campi: comunicazione grafica, progettazione di allestimenti fieristici, brand design, Interior Design.\",\"sameAs\":[\"http:\/\/benedettofiori.com\",\"https:\/\/www.facebook.com\/benedettofiori\",\"https:\/\/x.com\/benedettofiori\"],\"url\":\"https:\/\/socialdesignmagazine.com\/mag\/author\/benedetto\/\"}]}<\/script>\n<!-- \/ Yoast SEO plugin. -->","yoast_head_json":{"title":"Ispirazioni tessili per il bagno da THE.ARTCERAM al Cersaie 2015 - Social Design Magazine","description":"The.Artceram al prossimo Cersaie 2015, proporr\u00e0 alcune novit\u00e0 introducendo ispirazioni tessili per il bagno.","robots":{"index":"index","follow":"follow","max-snippet":"max-snippet:-1","max-image-preview":"max-image-preview:large","max-video-preview":"max-video-preview:-1"},"canonical":"https:\/\/socialdesignmagazine.com\/mag\/design\/ispirazioni-tessili-per-il-bagno-da-the-artceram-al-cersaie-2015\/","og_locale":"it_IT","og_type":"article","og_title":"Ispirazioni tessili per il bagno da THE.ARTCERAM al Cersaie 2015 - Social Design Magazine","og_description":"The.Artceram al prossimo Cersaie 2015, proporr\u00e0 alcune novit\u00e0 introducendo ispirazioni tessili per il bagno.","og_url":"http:\/\/socialdesignmagazine.com\/mag\/design\/ispirazioni-tessili-per-il-bagno-da-the-artceram-al-cersaie-2015\/","og_site_name":"Social Design Magazine","article_publisher":"https:\/\/www.facebook.com\/socialdesignmag","article_author":"https:\/\/www.facebook.com\/benedettofiori","article_published_time":"2015-08-01T13:00:04+00:00","article_modified_time":"2022-06-02T06:09:55+00:00","og_image":[{"width":880,"height":702,"url":"https:\/\/socialdesignmagazine.com\/mag\/wp-content\/uploads\/2015\/07\/THE.ARTCERAM-Rombo-oro-7_socialdesignmagazine.jpg","type":"image\/jpeg"}],"author":"Benedetto Fiori","twitter_card":"summary_large_image","twitter_creator":"@benedettofiori","twitter_site":"@socialdesignmag","twitter_misc":{"Scritto da":"Benedetto Fiori","Tempo di lettura stimato":"5 minuti"},"schema":{"@context":"https:\/\/schema.org","@graph":[{"@type":"Article","@id":"https:\/\/socialdesignmagazine.com\/mag\/design\/ispirazioni-tessili-per-il-bagno-da-the-artceram-al-cersaie-2015\/#article","isPartOf":{"@id":"https:\/\/socialdesignmagazine.com\/mag\/design\/ispirazioni-tessili-per-il-bagno-da-the-artceram-al-cersaie-2015\/"},"author":{"name":"Benedetto Fiori","@id":"https:\/\/socialdesignmagazine.com\/mag\/#\/schema\/person\/61e20205cc363c315e6aabd33a045846"},"headline":"Ispirazioni tessili per il bagno da THE.ARTCERAM al Cersaie 2015","datePublished":"2015-08-01T13:00:04+00:00","dateModified":"2022-06-02T06:09:55+00:00","mainEntityOfPage":{"@id":"https:\/\/socialdesignmagazine.com\/mag\/design\/ispirazioni-tessili-per-il-bagno-da-the-artceram-al-cersaie-2015\/"},"wordCount":520,"commentCount":0,"publisher":{"@id":"https:\/\/socialdesignmagazine.com\/mag\/#organization"},"image":{"@id":"https:\/\/socialdesignmagazine.com\/mag\/design\/ispirazioni-tessili-per-il-bagno-da-the-artceram-al-cersaie-2015\/#primaryimage"},"thumbnailUrl":"https:\/\/socialdesignmagazine.com\/mag\/wp-content\/uploads\/2015\/07\/THE.ARTCERAM-Rombo-oro-7_socialdesignmagazine.jpg","keywords":["arredo bagno","bagno","Cersaie 2015","lavabo","meneghello paolelli associati"],"articleSection":["Design"],"inLanguage":"it-IT","potentialAction":[{"@type":"CommentAction","name":"Comment","target":["https:\/\/socialdesignmagazine.com\/mag\/design\/ispirazioni-tessili-per-il-bagno-da-the-artceram-al-cersaie-2015\/#respond"]}]},{"@type":"WebPage","@id":"https:\/\/socialdesignmagazine.com\/mag\/design\/ispirazioni-tessili-per-il-bagno-da-the-artceram-al-cersaie-2015\/","url":"https:\/\/socialdesignmagazine.com\/mag\/design\/ispirazioni-tessili-per-il-bagno-da-the-artceram-al-cersaie-2015\/","name":"Ispirazioni tessili per il bagno da THE.ARTCERAM al Cersaie 2015 - Social Design Magazine","isPartOf":{"@id":"https:\/\/socialdesignmagazine.com\/mag\/#website"},"primaryImageOfPage":{"@id":"https:\/\/socialdesignmagazine.com\/mag\/design\/ispirazioni-tessili-per-il-bagno-da-the-artceram-al-cersaie-2015\/#primaryimage"},"image":{"@id":"https:\/\/socialdesignmagazine.com\/mag\/design\/ispirazioni-tessili-per-il-bagno-da-the-artceram-al-cersaie-2015\/#primaryimage"},"thumbnailUrl":"https:\/\/socialdesignmagazine.com\/mag\/wp-content\/uploads\/2015\/07\/THE.ARTCERAM-Rombo-oro-7_socialdesignmagazine.jpg","datePublished":"2015-08-01T13:00:04+00:00","dateModified":"2022-06-02T06:09:55+00:00","description":"The.Artceram al prossimo Cersaie 2015, proporr\u00e0 alcune novit\u00e0 introducendo ispirazioni tessili per il bagno.","breadcrumb":{"@id":"https:\/\/socialdesignmagazine.com\/mag\/design\/ispirazioni-tessili-per-il-bagno-da-the-artceram-al-cersaie-2015\/#breadcrumb"},"inLanguage":"it-IT","potentialAction":[{"@type":"ReadAction","target":["https:\/\/socialdesignmagazine.com\/mag\/design\/ispirazioni-tessili-per-il-bagno-da-the-artceram-al-cersaie-2015\/"]}]},{"@type":"ImageObject","inLanguage":"it-IT","@id":"https:\/\/socialdesignmagazine.com\/mag\/design\/ispirazioni-tessili-per-il-bagno-da-the-artceram-al-cersaie-2015\/#primaryimage","url":"https:\/\/socialdesignmagazine.com\/mag\/wp-content\/uploads\/2015\/07\/THE.ARTCERAM-Rombo-oro-7_socialdesignmagazine.jpg","contentUrl":"https:\/\/socialdesignmagazine.com\/mag\/wp-content\/uploads\/2015\/07\/THE.ARTCERAM-Rombo-oro-7_socialdesignmagazine.jpg","width":880,"height":702,"caption":"THE.ARTCERAM Rombo oro"},{"@type":"BreadcrumbList","@id":"https:\/\/socialdesignmagazine.com\/mag\/design\/ispirazioni-tessili-per-il-bagno-da-the-artceram-al-cersaie-2015\/#breadcrumb","itemListElement":[{"@type":"ListItem","position":1,"name":"Home","item":"https:\/\/socialdesignmagazine.com\/mag\/"},{"@type":"ListItem","position":2,"name":"Design","item":"https:\/\/socialdesignmagazine.com\/mag\/design\/"},{"@type":"ListItem","position":3,"name":"Ispirazioni tessili per il bagno da THE.ARTCERAM al Cersaie 2015"}]},{"@type":"WebSite","@id":"https:\/\/socialdesignmagazine.com\/mag\/#website","url":"https:\/\/socialdesignmagazine.com\/mag\/","name":"Social Design Magazine","description":"Social Magazine su Design, Architettura, Arte, Grafica","publisher":{"@id":"https:\/\/socialdesignmagazine.com\/mag\/#organization"},"potentialAction":[{"@type":"SearchAction","target":{"@type":"EntryPoint","urlTemplate":"https:\/\/socialdesignmagazine.com\/mag\/?s={search_term_string}"},"query-input":{"@type":"PropertyValueSpecification","valueRequired":true,"valueName":"search_term_string"}}],"inLanguage":"it-IT"},{"@type":"Organization","@id":"https:\/\/socialdesignmagazine.com\/mag\/#organization","name":"Social Design Magazine","url":"https:\/\/socialdesignmagazine.com\/mag\/","logo":{"@type":"ImageObject","inLanguage":"it-IT","@id":"https:\/\/socialdesignmagazine.com\/mag\/#\/schema\/logo\/image\/","url":"https:\/\/socialdesignmagazine.com\/mag\/wp-content\/uploads\/2017\/01\/logo_favicon_11.png","contentUrl":"https:\/\/socialdesignmagazine.com\/mag\/wp-content\/uploads\/2017\/01\/logo_favicon_11.png","width":1024,"height":1024,"caption":"Social Design Magazine"},"image":{"@id":"https:\/\/socialdesignmagazine.com\/mag\/#\/schema\/logo\/image\/"},"sameAs":["https:\/\/www.facebook.com\/socialdesignmag","https:\/\/x.com\/socialdesignmag","http:\/\/instagram.com\/social_design_magazine\/","http:\/\/pinterest.com\/socialdesignmag\/","http:\/\/www.youtube.com\/user\/socialdesignmagazine"]},{"@type":"Person","@id":"https:\/\/socialdesignmagazine.com\/mag\/#\/schema\/person\/61e20205cc363c315e6aabd33a045846","name":"Benedetto Fiori","image":{"@type":"ImageObject","inLanguage":"it-IT","@id":"https:\/\/secure.gravatar.com\/avatar\/450a48cefa36da63d920ad70aa660bd10725b1c6093800242e5efdb397759033?s=96&d=mm&r=g","url":"https:\/\/secure.gravatar.com\/avatar\/450a48cefa36da63d920ad70aa660bd10725b1c6093800242e5efdb397759033?s=96&d=mm&r=g","contentUrl":"https:\/\/secure.gravatar.com\/avatar\/450a48cefa36da63d920ad70aa660bd10725b1c6093800242e5efdb397759033?s=96&d=mm&r=g","caption":"Benedetto Fiori"},"description":"Web | Twitter | Facebook | Shutterstock Founder &amp; Editor in Chief di Social Design Magazine. Attratto da sempre da tutto ci\u00f2 che \u00e8 creativit\u00e0, design, architettura. Dopo aver studiato Architettura all'Universit\u00e0 di Firenze, si \u00e8 impegnato in molteplici campi: comunicazione grafica, progettazione di allestimenti fieristici, brand design, Interior Design.","sameAs":["http:\/\/benedettofiori.com","https:\/\/www.facebook.com\/benedettofiori","https:\/\/x.com\/benedettofiori"],"url":"https:\/\/socialdesignmagazine.com\/mag\/author\/benedetto\/"}]}},"jetpack_featured_media_url":"https:\/\/socialdesignmagazine.com\/mag\/wp-content\/uploads\/2015\/07\/THE.ARTCERAM-Rombo-oro-7_socialdesignmagazine.jpg","jetpack_sharing_enabled":true,"jetpack_shortlink":"https:\/\/wp.me\/p6cV7V-686","gt_translate_keys":[{"key":"link","format":"url"}],"_links":{"self":[{"href":"https:\/\/socialdesignmagazine.com\/mag\/wp-json\/wp\/v2\/posts\/23566","targetHints":{"allow":["GET"]}}],"collection":[{"href":"https:\/\/socialdesignmagazine.com\/mag\/wp-json\/wp\/v2\/posts"}],"about":[{"href":"https:\/\/socialdesignmagazine.com\/mag\/wp-json\/wp\/v2\/types\/post"}],"author":[{"embeddable":true,"href":"https:\/\/socialdesignmagazine.com\/mag\/wp-json\/wp\/v2\/users\/1"}],"replies":[{"embeddable":true,"href":"https:\/\/socialdesignmagazine.com\/mag\/wp-json\/wp\/v2\/comments?post=23566"}],"version-history":[{"count":3,"href":"https:\/\/socialdesignmagazine.com\/mag\/wp-json\/wp\/v2\/posts\/23566\/revisions"}],"predecessor-version":[{"id":44799,"href":"https:\/\/socialdesignmagazine.com\/mag\/wp-json\/wp\/v2\/posts\/23566\/revisions\/44799"}],"wp:featuredmedia":[{"embeddable":true,"href":"https:\/\/socialdesignmagazine.com\/mag\/wp-json\/wp\/v2\/media\/23567"}],"wp:attachment":[{"href":"https:\/\/socialdesignmagazine.com\/mag\/wp-json\/wp\/v2\/media?parent=23566"}],"wp:term":[{"taxonomy":"category","embeddable":true,"href":"https:\/\/socialdesignmagazine.com\/mag\/wp-json\/wp\/v2\/categories?post=23566"},{"taxonomy":"post_tag","embeddable":true,"href":"https:\/\/socialdesignmagazine.com\/mag\/wp-json\/wp\/v2\/tags?post=23566"}],"curies":[{"name":"wp","href":"https:\/\/api.w.org\/{rel}","templated":true}]}}