{"id":2384,"date":"2013-10-02T10:00:00","date_gmt":"2013-10-02T08:00:00","guid":{"rendered":"https:\/\/socialdesignmagazine.com\/mag\/s6-design\/c35-design\/gruppo-allestimenti-lo-stand-di-listone-giordano-a-made-expo-2013\/"},"modified":"2024-06-24T22:32:34","modified_gmt":"2024-06-24T20:32:34","slug":"gruppo-allestimenti-lo-stand-di-listone-giordano-a-made-expo-2013","status":"publish","type":"post","link":"https:\/\/socialdesignmagazine.com\/mag\/design\/gruppo-allestimenti-lo-stand-di-listone-giordano-a-made-expo-2013\/","title":{"rendered":"Gruppo Allestimenti \/ Lo stand di Listone Giordano a Made Expo 2013","gt_translate_keys":[{"key":"rendered","format":"text"}]},"content":{"rendered":"\n<p><strong>Let\u2019s dress your business<\/strong>. \u00c8 questo il pay off di un marchio, quello di <strong>Publistand, parte del Gruppo Allestimenti<\/strong>, che da oltre 40 anni interpreta al meglio necessit\u00e0 e strategie dei propri clienti al fine di fornire loro stand fieristici che ne possano rappresentare al meglio l\u2019immagine verso l\u2019esterno. E ancora una volta, possiamo dire che Publistand abbia centrato l\u2019obiettivo. E lo vedremo \u201clive\u201d al <strong><a href=\"https:\/\/socialdesignmagazine.com\/mag\/tag\/made-expo-2013\/\">Made Expo 2013<\/a>, dal 2 al 5 ottobre presso il pad. 7 di Milano Rho Fiera.<\/strong><\/p>\n\n\n\n<p>Publistand ha infatti fatto propria la filosofia di <strong><a href=\"https:\/\/socialdesignmagazine.com\/mag\/tag\/listone-giordano\/\">Listone Giordano<\/a><\/strong>, marchio di punta del Gruppo Margaritelli, un\u2019azienda che testimonia grande vitalit\u00e0 sin dal 1870 e che ha costruito il suo successo sull\u2019innovazione tecnologica sino ad essere riconosciuto oggi indiscusso leader in Italia e nel mondo nella lavorazione del legno per interni.<\/p>\n\n\n\n<p>Il suo focus si accende su una storia di oltre cento anni di passione per il legno e quei valori che hanno sostenuto nel tempo la sua crescita e innovazione. L\u2019 interpretazione contemporanea e innovazione di prodotto firmata LAGO design dar\u00e0 spazio a nuove friendship creative con Oikos e Jannelli&amp;Volpi. Oikos tratta il colore come un vero e proprio elemento costitutivo del progetto nel rispetto dell\u2019ambiente che ci circonda; nell\u2019idea che colore e materia siano strumenti fondamentali per rendere pi\u00f9 bello lo spazio che ci circonda e per trasformare l\u2019ambiente in cui ognuno di noi trascorre la propria esistenza.<\/p>\n\n\n\n<p><strong>Listone Giordano sposa appieno i principi dell\u2019etica produttiva e della sostenibilit\u00e0 ambientale<\/strong> ispirati dal pensiero del bello, del valore della storia e dell\u2019ambiente. Il mondo Listone Giordano si conferma essere un progetto in continua evoluzione e cambiamento, un sistema di arredo a pavimento che si propone l\u2019obiettivo di elevare la qualit\u00e0 dell\u2019abitare il nostro tempo, sollecitando la creativit\u00e0 e l\u2019immaginazione di coloro che dialogano quotidianamente con il mondo della progettazione.<\/p>\n\n\n\n<p>Lo spazio \u00e8 <strong>descritto da un layout \u201cesperienziale\u201d pi\u00f9 che espositivo di circa 200 mq<\/strong> all\u2019interno nel quale vivono 4 stanze tematiche, ambientazioni di spazi vissuti che descrivono e incorniciano le novit\u00e0 prodotto di ultima generazione e facenti parte di due mondi contigui e complementari; proiettando un senso di continuit\u00e0 tra indoor e outdoor, tra orizzontale e verticale, tra bidimensionale e tridimensionale. <br>Il parquet viene cos\u00ec letto in chiave contemporanea contribuendo ad apportare soluzioni impreviste e introducendo commistioni inedite di materiali, cromatismi, finiture, trattamenti di superficie e segni di sapore \u201cartigianale\u201d per non dimenticare la tradizione e DNA aziendale.<\/p>\n\n\n<div class=\"wp-block-image\">\n<figure class=\"aligncenter\"><img loading=\"lazy\" decoding=\"async\" width=\"720\" height=\"540\" data-attachment-id=\"13932\" data-permalink=\"https:\/\/socialdesignmagazine.com\/mag\/design\/gruppo-allestimenti-lo-stand-di-listone-giordano-a-made-expo-2013\/attachment\/mlg-13-made-01\/#content\" data-orig-file=\"https:\/\/socialdesignmagazine.com\/mag\/wp-content\/uploads\/2013\/10\/users_Jessy_Gruppo_Allestimenti___Lo_stand_di_Listone_Giordano_MLG-13-MADE-01.jpg\" data-orig-size=\"720,540\" data-comments-opened=\"1\" data-image-meta=\"{&quot;aperture&quot;:&quot;0&quot;,&quot;credit&quot;:&quot;&quot;,&quot;camera&quot;:&quot;&quot;,&quot;caption&quot;:&quot;&quot;,&quot;created_timestamp&quot;:&quot;0&quot;,&quot;copyright&quot;:&quot;&quot;,&quot;focal_length&quot;:&quot;0&quot;,&quot;iso&quot;:&quot;0&quot;,&quot;shutter_speed&quot;:&quot;0&quot;,&quot;title&quot;:&quot;&quot;,&quot;orientation&quot;:&quot;1&quot;}\" data-image-title=\"MLG-13-MADE-01\" data-image-description=\"\" data-image-caption=\"\" data-medium-file=\"https:\/\/socialdesignmagazine.com\/mag\/wp-content\/uploads\/2013\/10\/users_Jessy_Gruppo_Allestimenti___Lo_stand_di_Listone_Giordano_MLG-13-MADE-01-396x256.jpg\" data-large-file=\"https:\/\/socialdesignmagazine.com\/mag\/wp-content\/uploads\/2013\/10\/users_Jessy_Gruppo_Allestimenti___Lo_stand_di_Listone_Giordano_MLG-13-MADE-01.jpg\" src=\"https:\/\/socialdesignmagazine.com\/mag\/wp-content\/uploads\/2013\/10\/users_Jessy_Gruppo_Allestimenti___Lo_stand_di_Listone_Giordano_MLG-13-MADE-01.jpg\" alt=\"MLG-13-MADE-01\" class=\"wp-image-13932\"\/><\/figure>\n<\/div>\n\n<div class=\"wp-block-image\">\n<figure class=\"aligncenter\"><img loading=\"lazy\" decoding=\"async\" width=\"720\" height=\"540\" data-attachment-id=\"13933\" data-permalink=\"https:\/\/socialdesignmagazine.com\/mag\/design\/gruppo-allestimenti-lo-stand-di-listone-giordano-a-made-expo-2013\/attachment\/mlg-13-made-02\/#content\" data-orig-file=\"https:\/\/socialdesignmagazine.com\/mag\/wp-content\/uploads\/2013\/10\/users_Jessy_Gruppo_Allestimenti___Lo_stand_di_Listone_Giordano_MLG-13-MADE-02.jpg\" data-orig-size=\"720,540\" data-comments-opened=\"1\" data-image-meta=\"{&quot;aperture&quot;:&quot;0&quot;,&quot;credit&quot;:&quot;&quot;,&quot;camera&quot;:&quot;&quot;,&quot;caption&quot;:&quot;&quot;,&quot;created_timestamp&quot;:&quot;0&quot;,&quot;copyright&quot;:&quot;&quot;,&quot;focal_length&quot;:&quot;0&quot;,&quot;iso&quot;:&quot;0&quot;,&quot;shutter_speed&quot;:&quot;0&quot;,&quot;title&quot;:&quot;&quot;,&quot;orientation&quot;:&quot;1&quot;}\" data-image-title=\"MLG-13-MADE-02\" data-image-description=\"\" data-image-caption=\"\" data-medium-file=\"https:\/\/socialdesignmagazine.com\/mag\/wp-content\/uploads\/2013\/10\/users_Jessy_Gruppo_Allestimenti___Lo_stand_di_Listone_Giordano_MLG-13-MADE-02-396x256.jpg\" data-large-file=\"https:\/\/socialdesignmagazine.com\/mag\/wp-content\/uploads\/2013\/10\/users_Jessy_Gruppo_Allestimenti___Lo_stand_di_Listone_Giordano_MLG-13-MADE-02.jpg\" src=\"https:\/\/socialdesignmagazine.com\/mag\/wp-content\/uploads\/2013\/10\/users_Jessy_Gruppo_Allestimenti___Lo_stand_di_Listone_Giordano_MLG-13-MADE-02.jpg\" alt=\"MLG-13-MADE-02\" class=\"wp-image-13933\"\/><\/figure>\n<\/div>\n\n<div class=\"wp-block-image\">\n<figure class=\"aligncenter\"><img loading=\"lazy\" decoding=\"async\" width=\"720\" height=\"495\" data-attachment-id=\"13934\" data-permalink=\"https:\/\/socialdesignmagazine.com\/mag\/design\/gruppo-allestimenti-lo-stand-di-listone-giordano-a-made-expo-2013\/attachment\/mlg-13-made-03\/#content\" data-orig-file=\"https:\/\/socialdesignmagazine.com\/mag\/wp-content\/uploads\/2013\/10\/users_Jessy_Gruppo_Allestimenti___Lo_stand_di_Listone_Giordano_MLG-13-MADE-03.jpg\" data-orig-size=\"720,495\" data-comments-opened=\"1\" data-image-meta=\"{&quot;aperture&quot;:&quot;0&quot;,&quot;credit&quot;:&quot;&quot;,&quot;camera&quot;:&quot;&quot;,&quot;caption&quot;:&quot;&quot;,&quot;created_timestamp&quot;:&quot;0&quot;,&quot;copyright&quot;:&quot;&quot;,&quot;focal_length&quot;:&quot;0&quot;,&quot;iso&quot;:&quot;0&quot;,&quot;shutter_speed&quot;:&quot;0&quot;,&quot;title&quot;:&quot;&quot;,&quot;orientation&quot;:&quot;1&quot;}\" data-image-title=\"MLG-13-MADE-03\" data-image-description=\"\" data-image-caption=\"\" data-medium-file=\"https:\/\/socialdesignmagazine.com\/mag\/wp-content\/uploads\/2013\/10\/users_Jessy_Gruppo_Allestimenti___Lo_stand_di_Listone_Giordano_MLG-13-MADE-03-396x256.jpg\" data-large-file=\"https:\/\/socialdesignmagazine.com\/mag\/wp-content\/uploads\/2013\/10\/users_Jessy_Gruppo_Allestimenti___Lo_stand_di_Listone_Giordano_MLG-13-MADE-03.jpg\" src=\"https:\/\/socialdesignmagazine.com\/mag\/wp-content\/uploads\/2013\/10\/users_Jessy_Gruppo_Allestimenti___Lo_stand_di_Listone_Giordano_MLG-13-MADE-03.jpg\" alt=\"MLG-13-MADE-03\" class=\"wp-image-13934\"\/><\/figure>\n<\/div>\n\n<div class=\"wp-block-image\">\n<figure class=\"aligncenter\"><img loading=\"lazy\" decoding=\"async\" width=\"720\" height=\"540\" data-attachment-id=\"13935\" data-permalink=\"https:\/\/socialdesignmagazine.com\/mag\/design\/gruppo-allestimenti-lo-stand-di-listone-giordano-a-made-expo-2013\/attachment\/mlg-13-made-04\/#content\" data-orig-file=\"https:\/\/socialdesignmagazine.com\/mag\/wp-content\/uploads\/2013\/10\/users_Jessy_Gruppo_Allestimenti___Lo_stand_di_Listone_Giordano_MLG-13-MADE-04.jpg\" data-orig-size=\"720,540\" data-comments-opened=\"1\" data-image-meta=\"{&quot;aperture&quot;:&quot;0&quot;,&quot;credit&quot;:&quot;&quot;,&quot;camera&quot;:&quot;&quot;,&quot;caption&quot;:&quot;&quot;,&quot;created_timestamp&quot;:&quot;0&quot;,&quot;copyright&quot;:&quot;&quot;,&quot;focal_length&quot;:&quot;0&quot;,&quot;iso&quot;:&quot;0&quot;,&quot;shutter_speed&quot;:&quot;0&quot;,&quot;title&quot;:&quot;&quot;,&quot;orientation&quot;:&quot;1&quot;}\" data-image-title=\"MLG-13-MADE-04\" data-image-description=\"\" data-image-caption=\"\" data-medium-file=\"https:\/\/socialdesignmagazine.com\/mag\/wp-content\/uploads\/2013\/10\/users_Jessy_Gruppo_Allestimenti___Lo_stand_di_Listone_Giordano_MLG-13-MADE-04-396x256.jpg\" data-large-file=\"https:\/\/socialdesignmagazine.com\/mag\/wp-content\/uploads\/2013\/10\/users_Jessy_Gruppo_Allestimenti___Lo_stand_di_Listone_Giordano_MLG-13-MADE-04.jpg\" src=\"https:\/\/socialdesignmagazine.com\/mag\/wp-content\/uploads\/2013\/10\/users_Jessy_Gruppo_Allestimenti___Lo_stand_di_Listone_Giordano_MLG-13-MADE-04.jpg\" alt=\"MLG-13-MADE-04\" class=\"wp-image-13935\"\/><\/figure>\n<\/div>\n\n<div class=\"wp-block-image\">\n<figure class=\"aligncenter\"><img loading=\"lazy\" decoding=\"async\" width=\"720\" height=\"509\" data-attachment-id=\"13936\" data-permalink=\"https:\/\/socialdesignmagazine.com\/mag\/design\/gruppo-allestimenti-lo-stand-di-listone-giordano-a-made-expo-2013\/attachment\/mlg-13-made-05\/#content\" data-orig-file=\"https:\/\/socialdesignmagazine.com\/mag\/wp-content\/uploads\/2013\/10\/users_Jessy_Gruppo_Allestimenti___Lo_stand_di_Listone_Giordano_MLG-13-MADE-05.jpg\" data-orig-size=\"720,509\" data-comments-opened=\"1\" data-image-meta=\"{&quot;aperture&quot;:&quot;0&quot;,&quot;credit&quot;:&quot;&quot;,&quot;camera&quot;:&quot;&quot;,&quot;caption&quot;:&quot;&quot;,&quot;created_timestamp&quot;:&quot;0&quot;,&quot;copyright&quot;:&quot;&quot;,&quot;focal_length&quot;:&quot;0&quot;,&quot;iso&quot;:&quot;0&quot;,&quot;shutter_speed&quot;:&quot;0&quot;,&quot;title&quot;:&quot;&quot;,&quot;orientation&quot;:&quot;0&quot;}\" data-image-title=\"MLG-13-MADE-05\" data-image-description=\"\" data-image-caption=\"\" data-medium-file=\"https:\/\/socialdesignmagazine.com\/mag\/wp-content\/uploads\/2013\/10\/users_Jessy_Gruppo_Allestimenti___Lo_stand_di_Listone_Giordano_MLG-13-MADE-05-396x256.jpg\" data-large-file=\"https:\/\/socialdesignmagazine.com\/mag\/wp-content\/uploads\/2013\/10\/users_Jessy_Gruppo_Allestimenti___Lo_stand_di_Listone_Giordano_MLG-13-MADE-05.jpg\" src=\"https:\/\/socialdesignmagazine.com\/mag\/wp-content\/uploads\/2013\/10\/users_Jessy_Gruppo_Allestimenti___Lo_stand_di_Listone_Giordano_MLG-13-MADE-05.jpg\" alt=\"MLG-13-MADE-05\" class=\"wp-image-13936\"\/><\/figure>\n<\/div>\n\n<div class=\"wp-block-image\">\n<figure class=\"aligncenter\"><img loading=\"lazy\" decoding=\"async\" width=\"720\" height=\"479\" data-attachment-id=\"13937\" data-permalink=\"https:\/\/socialdesignmagazine.com\/mag\/design\/gruppo-allestimenti-lo-stand-di-listone-giordano-a-made-expo-2013\/attachment\/mlg-13-made-06\/#content\" data-orig-file=\"https:\/\/socialdesignmagazine.com\/mag\/wp-content\/uploads\/2013\/10\/users_Jessy_Gruppo_Allestimenti___Lo_stand_di_Listone_Giordano_MLG-13-MADE-06.jpg\" data-orig-size=\"720,479\" data-comments-opened=\"1\" data-image-meta=\"{&quot;aperture&quot;:&quot;0&quot;,&quot;credit&quot;:&quot;&quot;,&quot;camera&quot;:&quot;&quot;,&quot;caption&quot;:&quot;&quot;,&quot;created_timestamp&quot;:&quot;0&quot;,&quot;copyright&quot;:&quot;&quot;,&quot;focal_length&quot;:&quot;0&quot;,&quot;iso&quot;:&quot;0&quot;,&quot;shutter_speed&quot;:&quot;0&quot;,&quot;title&quot;:&quot;&quot;,&quot;orientation&quot;:&quot;1&quot;}\" data-image-title=\"MLG-13-MADE-06\" data-image-description=\"\" data-image-caption=\"\" data-medium-file=\"https:\/\/socialdesignmagazine.com\/mag\/wp-content\/uploads\/2013\/10\/users_Jessy_Gruppo_Allestimenti___Lo_stand_di_Listone_Giordano_MLG-13-MADE-06-396x256.jpg\" data-large-file=\"https:\/\/socialdesignmagazine.com\/mag\/wp-content\/uploads\/2013\/10\/users_Jessy_Gruppo_Allestimenti___Lo_stand_di_Listone_Giordano_MLG-13-MADE-06.jpg\" src=\"https:\/\/socialdesignmagazine.com\/mag\/wp-content\/uploads\/2013\/10\/users_Jessy_Gruppo_Allestimenti___Lo_stand_di_Listone_Giordano_MLG-13-MADE-06.jpg\" alt=\"MLG-13-MADE-06\" class=\"wp-image-13937\" srcset=\"https:\/\/socialdesignmagazine.com\/mag\/wp-content\/uploads\/2013\/10\/users_Jessy_Gruppo_Allestimenti___Lo_stand_di_Listone_Giordano_MLG-13-MADE-06.jpg 720w, https:\/\/socialdesignmagazine.com\/mag\/wp-content\/uploads\/2013\/10\/users_Jessy_Gruppo_Allestimenti___Lo_stand_di_Listone_Giordano_MLG-13-MADE-06-100x66.jpg 100w\" sizes=\"auto, (max-width: 720px) 100vw, 720px\" \/><\/figure>\n<\/div>","protected":false,"gt_translate_keys":[{"key":"rendered","format":"html"}]},"excerpt":{"rendered":"<p>Let\u2019s dress your business. \u00c8 questo il pay off di un marchio, quello di Publistand, parte del Gruppo Allestimenti, che da oltre 40 anni interpreta al meglio necessit\u00e0 e strategie dei propri clienti al fine di fornire loro stand fieristici che ne possano rappresentare al meglio l\u2019immagine verso l\u2019esterno.<\/p>\n","protected":false,"gt_translate_keys":[{"key":"rendered","format":"html"}]},"author":6,"featured_media":13931,"comment_status":"open","ping_status":"open","sticky":false,"template":"","format":"standard","meta":{"jetpack_post_was_ever_published":false,"_jetpack_newsletter_access":"","_jetpack_dont_email_post_to_subs":false,"_jetpack_newsletter_tier_id":0,"_jetpack_memberships_contains_paywalled_content":false,"_jetpack_memberships_contains_paid_content":false,"footnotes":"","_wpscppro_dont_share_socialmedia":false,"_wpscppro_custom_social_share_image":0,"_facebook_share_type":"","_twitter_share_type":"","_linkedin_share_type":"","_pinterest_share_type":"","_linkedin_share_type_page":"","_instagram_share_type":"","_medium_share_type":"","_threads_share_type":"","_google_business_share_type":"","_selected_social_profile":[],"_wpsp_enable_custom_social_template":false,"_wpsp_social_scheduling":{"enabled":false,"datetime":null,"platforms":[],"status":"template_only","dateOption":"today","timeOption":"now","customDays":"","customHours":"","customDate":"","customTime":"","schedulingType":"absolute"},"_wpsp_active_default_template":true},"categories":[13],"tags":[865,3461,2580,3433,2133],"class_list":["post-2384","post","type-post","status-publish","format-standard","has-post-thumbnail","hentry","category-design","tag-allestimento","tag-listone-giordano","tag-made-expo","tag-made-expo-2013","tag-publistand"],"yoast_head":"<!-- This site is optimized with the Yoast SEO plugin v27.2 - https:\/\/yoast.com\/product\/yoast-seo-wordpress\/ -->\n<title>Gruppo Allestimenti \/ Lo stand di Listone Giordano a Made Expo 2013 - Social Design Magazine<\/title>\n<meta name=\"description\" content=\"Let\u2019s dress your business. \u00c8 questo il pay off di un marchio, quello di Publistand, parte del Gruppo Allestimenti, che da oltre 40 anni interpreta al meglio necessit\u00e0 e strategie dei propri clienti al fine di fornire loro stand fieristici che ne possano rappresentare al meglio l\u2019immagine verso l\u2019esterno.\" \/>\n<meta name=\"robots\" content=\"index, follow, max-snippet:-1, max-image-preview:large, max-video-preview:-1\" \/>\n<link rel=\"canonical\" href=\"https:\/\/socialdesignmagazine.com\/mag\/design\/gruppo-allestimenti-lo-stand-di-listone-giordano-a-made-expo-2013\/\" \/>\n<meta property=\"og:locale\" content=\"it_IT\" \/>\n<meta property=\"og:type\" content=\"article\" \/>\n<meta property=\"og:title\" content=\"Gruppo Allestimenti \/ Lo stand di Listone Giordano a Made Expo 2013 - Social Design Magazine\" \/>\n<meta property=\"og:description\" content=\"Let\u2019s dress your business. \u00c8 questo il pay off di un marchio, quello di Publistand, parte del Gruppo Allestimenti, che da oltre 40 anni interpreta al meglio necessit\u00e0 e strategie dei propri clienti al fine di fornire loro stand fieristici che ne possano rappresentare al meglio l\u2019immagine verso l\u2019esterno.\" \/>\n<meta property=\"og:url\" content=\"http:\/\/socialdesignmagazine.com\/mag\/design\/gruppo-allestimenti-lo-stand-di-listone-giordano-a-made-expo-2013\/\" \/>\n<meta property=\"og:site_name\" content=\"Social Design Magazine\" \/>\n<meta property=\"article:publisher\" content=\"https:\/\/www.facebook.com\/socialdesignmag\" \/>\n<meta property=\"article:published_time\" content=\"2013-10-02T08:00:00+00:00\" \/>\n<meta property=\"article:modified_time\" content=\"2024-06-24T20:32:34+00:00\" \/>\n<meta property=\"og:image\" content=\"https:\/\/socialdesignmagazine.com\/mag\/wp-content\/uploads\/2013\/10\/users_Jessy_Gruppo_Allestimenti___Lo_stand_di_Listone_Giordano_MLG-13-MADE-07.jpg\" \/>\n\t<meta property=\"og:image:width\" content=\"720\" \/>\n\t<meta property=\"og:image:height\" content=\"540\" \/>\n\t<meta property=\"og:image:type\" content=\"image\/jpeg\" \/>\n<meta name=\"author\" content=\"jessica zannori\" \/>\n<meta name=\"twitter:card\" content=\"summary_large_image\" \/>\n<meta name=\"twitter:creator\" content=\"@socialdesignmag\" \/>\n<meta name=\"twitter:site\" content=\"@socialdesignmag\" \/>\n<meta name=\"twitter:label1\" content=\"Scritto da\" \/>\n\t<meta name=\"twitter:data1\" content=\"jessica zannori\" \/>\n\t<meta name=\"twitter:label2\" content=\"Tempo di lettura stimato\" \/>\n\t<meta name=\"twitter:data2\" content=\"4 minuti\" \/>\n<script type=\"application\/ld+json\" class=\"yoast-schema-graph\">{\"@context\":\"https:\/\/schema.org\",\"@graph\":[{\"@type\":\"Article\",\"@id\":\"https:\/\/socialdesignmagazine.com\/mag\/design\/gruppo-allestimenti-lo-stand-di-listone-giordano-a-made-expo-2013\/#article\",\"isPartOf\":{\"@id\":\"https:\/\/socialdesignmagazine.com\/mag\/design\/gruppo-allestimenti-lo-stand-di-listone-giordano-a-made-expo-2013\/\"},\"author\":{\"name\":\"jessica zannori\",\"@id\":\"https:\/\/socialdesignmagazine.com\/mag\/#\/schema\/person\/f26aea2d68a722d5ed3a1ee93c92aba9\"},\"headline\":\"Gruppo Allestimenti \/ Lo stand di Listone Giordano a Made Expo 2013\",\"datePublished\":\"2013-10-02T08:00:00+00:00\",\"dateModified\":\"2024-06-24T20:32:34+00:00\",\"mainEntityOfPage\":{\"@id\":\"https:\/\/socialdesignmagazine.com\/mag\/design\/gruppo-allestimenti-lo-stand-di-listone-giordano-a-made-expo-2013\/\"},\"wordCount\":417,\"commentCount\":0,\"publisher\":{\"@id\":\"https:\/\/socialdesignmagazine.com\/mag\/#organization\"},\"image\":{\"@id\":\"https:\/\/socialdesignmagazine.com\/mag\/design\/gruppo-allestimenti-lo-stand-di-listone-giordano-a-made-expo-2013\/#primaryimage\"},\"thumbnailUrl\":\"https:\/\/socialdesignmagazine.com\/mag\/wp-content\/uploads\/2013\/10\/users_Jessy_Gruppo_Allestimenti___Lo_stand_di_Listone_Giordano_MLG-13-MADE-07.jpg\",\"keywords\":[\"allestimento\",\"listone giordano\",\"made expo\",\"made expo 2013\",\"publistand\"],\"articleSection\":[\"Design\"],\"inLanguage\":\"it-IT\",\"potentialAction\":[{\"@type\":\"CommentAction\",\"name\":\"Comment\",\"target\":[\"https:\/\/socialdesignmagazine.com\/mag\/design\/gruppo-allestimenti-lo-stand-di-listone-giordano-a-made-expo-2013\/#respond\"]}]},{\"@type\":\"WebPage\",\"@id\":\"https:\/\/socialdesignmagazine.com\/mag\/design\/gruppo-allestimenti-lo-stand-di-listone-giordano-a-made-expo-2013\/\",\"url\":\"https:\/\/socialdesignmagazine.com\/mag\/design\/gruppo-allestimenti-lo-stand-di-listone-giordano-a-made-expo-2013\/\",\"name\":\"Gruppo Allestimenti \/ Lo stand di Listone Giordano a Made Expo 2013 - Social Design Magazine\",\"isPartOf\":{\"@id\":\"https:\/\/socialdesignmagazine.com\/mag\/#website\"},\"primaryImageOfPage\":{\"@id\":\"https:\/\/socialdesignmagazine.com\/mag\/design\/gruppo-allestimenti-lo-stand-di-listone-giordano-a-made-expo-2013\/#primaryimage\"},\"image\":{\"@id\":\"https:\/\/socialdesignmagazine.com\/mag\/design\/gruppo-allestimenti-lo-stand-di-listone-giordano-a-made-expo-2013\/#primaryimage\"},\"thumbnailUrl\":\"https:\/\/socialdesignmagazine.com\/mag\/wp-content\/uploads\/2013\/10\/users_Jessy_Gruppo_Allestimenti___Lo_stand_di_Listone_Giordano_MLG-13-MADE-07.jpg\",\"datePublished\":\"2013-10-02T08:00:00+00:00\",\"dateModified\":\"2024-06-24T20:32:34+00:00\",\"description\":\"Let\u2019s dress your business. \u00c8 questo il pay off di un marchio, quello di Publistand, parte del Gruppo Allestimenti, che da oltre 40 anni interpreta al meglio necessit\u00e0 e strategie dei propri clienti al fine di fornire loro stand fieristici che ne possano rappresentare al meglio l\u2019immagine verso l\u2019esterno.\",\"breadcrumb\":{\"@id\":\"https:\/\/socialdesignmagazine.com\/mag\/design\/gruppo-allestimenti-lo-stand-di-listone-giordano-a-made-expo-2013\/#breadcrumb\"},\"inLanguage\":\"it-IT\",\"potentialAction\":[{\"@type\":\"ReadAction\",\"target\":[\"https:\/\/socialdesignmagazine.com\/mag\/design\/gruppo-allestimenti-lo-stand-di-listone-giordano-a-made-expo-2013\/\"]}]},{\"@type\":\"ImageObject\",\"inLanguage\":\"it-IT\",\"@id\":\"https:\/\/socialdesignmagazine.com\/mag\/design\/gruppo-allestimenti-lo-stand-di-listone-giordano-a-made-expo-2013\/#primaryimage\",\"url\":\"https:\/\/socialdesignmagazine.com\/mag\/wp-content\/uploads\/2013\/10\/users_Jessy_Gruppo_Allestimenti___Lo_stand_di_Listone_Giordano_MLG-13-MADE-07.jpg\",\"contentUrl\":\"https:\/\/socialdesignmagazine.com\/mag\/wp-content\/uploads\/2013\/10\/users_Jessy_Gruppo_Allestimenti___Lo_stand_di_Listone_Giordano_MLG-13-MADE-07.jpg\",\"width\":720,\"height\":540,\"caption\":\"MLG-13-MADE-07\"},{\"@type\":\"BreadcrumbList\",\"@id\":\"https:\/\/socialdesignmagazine.com\/mag\/design\/gruppo-allestimenti-lo-stand-di-listone-giordano-a-made-expo-2013\/#breadcrumb\",\"itemListElement\":[{\"@type\":\"ListItem\",\"position\":1,\"name\":\"Home\",\"item\":\"https:\/\/socialdesignmagazine.com\/mag\/\"},{\"@type\":\"ListItem\",\"position\":2,\"name\":\"Design\",\"item\":\"https:\/\/socialdesignmagazine.com\/mag\/design\/\"},{\"@type\":\"ListItem\",\"position\":3,\"name\":\"Gruppo Allestimenti \/ Lo stand di Listone Giordano a Made Expo 2013\"}]},{\"@type\":\"WebSite\",\"@id\":\"https:\/\/socialdesignmagazine.com\/mag\/#website\",\"url\":\"https:\/\/socialdesignmagazine.com\/mag\/\",\"name\":\"Social Design Magazine\",\"description\":\"Social Magazine su Design, Architettura, Arte, Grafica\",\"publisher\":{\"@id\":\"https:\/\/socialdesignmagazine.com\/mag\/#organization\"},\"potentialAction\":[{\"@type\":\"SearchAction\",\"target\":{\"@type\":\"EntryPoint\",\"urlTemplate\":\"https:\/\/socialdesignmagazine.com\/mag\/?s={search_term_string}\"},\"query-input\":{\"@type\":\"PropertyValueSpecification\",\"valueRequired\":true,\"valueName\":\"search_term_string\"}}],\"inLanguage\":\"it-IT\"},{\"@type\":\"Organization\",\"@id\":\"https:\/\/socialdesignmagazine.com\/mag\/#organization\",\"name\":\"Social Design Magazine\",\"url\":\"https:\/\/socialdesignmagazine.com\/mag\/\",\"logo\":{\"@type\":\"ImageObject\",\"inLanguage\":\"it-IT\",\"@id\":\"https:\/\/socialdesignmagazine.com\/mag\/#\/schema\/logo\/image\/\",\"url\":\"https:\/\/socialdesignmagazine.com\/mag\/wp-content\/uploads\/2017\/01\/logo_favicon_11.png\",\"contentUrl\":\"https:\/\/socialdesignmagazine.com\/mag\/wp-content\/uploads\/2017\/01\/logo_favicon_11.png\",\"width\":1024,\"height\":1024,\"caption\":\"Social Design Magazine\"},\"image\":{\"@id\":\"https:\/\/socialdesignmagazine.com\/mag\/#\/schema\/logo\/image\/\"},\"sameAs\":[\"https:\/\/www.facebook.com\/socialdesignmag\",\"https:\/\/x.com\/socialdesignmag\",\"http:\/\/instagram.com\/social_design_magazine\/\",\"http:\/\/pinterest.com\/socialdesignmag\/\",\"http:\/\/www.youtube.com\/user\/socialdesignmagazine\"]},{\"@type\":\"Person\",\"@id\":\"https:\/\/socialdesignmagazine.com\/mag\/#\/schema\/person\/f26aea2d68a722d5ed3a1ee93c92aba9\",\"name\":\"jessica zannori\",\"image\":{\"@type\":\"ImageObject\",\"inLanguage\":\"it-IT\",\"@id\":\"https:\/\/secure.gravatar.com\/avatar\/e338d2d30b98ee192f7c7708f51c9b6a0f135e3e3399a9bec7d00e0496a346c6?s=96&d=mm&r=g\",\"url\":\"https:\/\/secure.gravatar.com\/avatar\/e338d2d30b98ee192f7c7708f51c9b6a0f135e3e3399a9bec7d00e0496a346c6?s=96&d=mm&r=g\",\"contentUrl\":\"https:\/\/secure.gravatar.com\/avatar\/e338d2d30b98ee192f7c7708f51c9b6a0f135e3e3399a9bec7d00e0496a346c6?s=96&d=mm&r=g\",\"caption\":\"jessica zannori\"},\"url\":\"https:\/\/socialdesignmagazine.com\/mag\/author\/jessy\/\"}]}<\/script>\n<!-- \/ Yoast SEO plugin. -->","yoast_head_json":{"title":"Gruppo Allestimenti \/ Lo stand di Listone Giordano a Made Expo 2013 - Social Design Magazine","description":"Let\u2019s dress your business. \u00c8 questo il pay off di un marchio, quello di Publistand, parte del Gruppo Allestimenti, che da oltre 40 anni interpreta al meglio necessit\u00e0 e strategie dei propri clienti al fine di fornire loro stand fieristici che ne possano rappresentare al meglio l\u2019immagine verso l\u2019esterno.","robots":{"index":"index","follow":"follow","max-snippet":"max-snippet:-1","max-image-preview":"max-image-preview:large","max-video-preview":"max-video-preview:-1"},"canonical":"https:\/\/socialdesignmagazine.com\/mag\/design\/gruppo-allestimenti-lo-stand-di-listone-giordano-a-made-expo-2013\/","og_locale":"it_IT","og_type":"article","og_title":"Gruppo Allestimenti \/ Lo stand di Listone Giordano a Made Expo 2013 - Social Design Magazine","og_description":"Let\u2019s dress your business. \u00c8 questo il pay off di un marchio, quello di Publistand, parte del Gruppo Allestimenti, che da oltre 40 anni interpreta al meglio necessit\u00e0 e strategie dei propri clienti al fine di fornire loro stand fieristici che ne possano rappresentare al meglio l\u2019immagine verso l\u2019esterno.","og_url":"http:\/\/socialdesignmagazine.com\/mag\/design\/gruppo-allestimenti-lo-stand-di-listone-giordano-a-made-expo-2013\/","og_site_name":"Social Design Magazine","article_publisher":"https:\/\/www.facebook.com\/socialdesignmag","article_published_time":"2013-10-02T08:00:00+00:00","article_modified_time":"2024-06-24T20:32:34+00:00","og_image":[{"width":720,"height":540,"url":"https:\/\/socialdesignmagazine.com\/mag\/wp-content\/uploads\/2013\/10\/users_Jessy_Gruppo_Allestimenti___Lo_stand_di_Listone_Giordano_MLG-13-MADE-07.jpg","type":"image\/jpeg"}],"author":"jessica zannori","twitter_card":"summary_large_image","twitter_creator":"@socialdesignmag","twitter_site":"@socialdesignmag","twitter_misc":{"Scritto da":"jessica zannori","Tempo di lettura stimato":"4 minuti"},"schema":{"@context":"https:\/\/schema.org","@graph":[{"@type":"Article","@id":"https:\/\/socialdesignmagazine.com\/mag\/design\/gruppo-allestimenti-lo-stand-di-listone-giordano-a-made-expo-2013\/#article","isPartOf":{"@id":"https:\/\/socialdesignmagazine.com\/mag\/design\/gruppo-allestimenti-lo-stand-di-listone-giordano-a-made-expo-2013\/"},"author":{"name":"jessica zannori","@id":"https:\/\/socialdesignmagazine.com\/mag\/#\/schema\/person\/f26aea2d68a722d5ed3a1ee93c92aba9"},"headline":"Gruppo Allestimenti \/ Lo stand di Listone Giordano a Made Expo 2013","datePublished":"2013-10-02T08:00:00+00:00","dateModified":"2024-06-24T20:32:34+00:00","mainEntityOfPage":{"@id":"https:\/\/socialdesignmagazine.com\/mag\/design\/gruppo-allestimenti-lo-stand-di-listone-giordano-a-made-expo-2013\/"},"wordCount":417,"commentCount":0,"publisher":{"@id":"https:\/\/socialdesignmagazine.com\/mag\/#organization"},"image":{"@id":"https:\/\/socialdesignmagazine.com\/mag\/design\/gruppo-allestimenti-lo-stand-di-listone-giordano-a-made-expo-2013\/#primaryimage"},"thumbnailUrl":"https:\/\/socialdesignmagazine.com\/mag\/wp-content\/uploads\/2013\/10\/users_Jessy_Gruppo_Allestimenti___Lo_stand_di_Listone_Giordano_MLG-13-MADE-07.jpg","keywords":["allestimento","listone giordano","made expo","made expo 2013","publistand"],"articleSection":["Design"],"inLanguage":"it-IT","potentialAction":[{"@type":"CommentAction","name":"Comment","target":["https:\/\/socialdesignmagazine.com\/mag\/design\/gruppo-allestimenti-lo-stand-di-listone-giordano-a-made-expo-2013\/#respond"]}]},{"@type":"WebPage","@id":"https:\/\/socialdesignmagazine.com\/mag\/design\/gruppo-allestimenti-lo-stand-di-listone-giordano-a-made-expo-2013\/","url":"https:\/\/socialdesignmagazine.com\/mag\/design\/gruppo-allestimenti-lo-stand-di-listone-giordano-a-made-expo-2013\/","name":"Gruppo Allestimenti \/ Lo stand di Listone Giordano a Made Expo 2013 - Social Design Magazine","isPartOf":{"@id":"https:\/\/socialdesignmagazine.com\/mag\/#website"},"primaryImageOfPage":{"@id":"https:\/\/socialdesignmagazine.com\/mag\/design\/gruppo-allestimenti-lo-stand-di-listone-giordano-a-made-expo-2013\/#primaryimage"},"image":{"@id":"https:\/\/socialdesignmagazine.com\/mag\/design\/gruppo-allestimenti-lo-stand-di-listone-giordano-a-made-expo-2013\/#primaryimage"},"thumbnailUrl":"https:\/\/socialdesignmagazine.com\/mag\/wp-content\/uploads\/2013\/10\/users_Jessy_Gruppo_Allestimenti___Lo_stand_di_Listone_Giordano_MLG-13-MADE-07.jpg","datePublished":"2013-10-02T08:00:00+00:00","dateModified":"2024-06-24T20:32:34+00:00","description":"Let\u2019s dress your business. \u00c8 questo il pay off di un marchio, quello di Publistand, parte del Gruppo Allestimenti, che da oltre 40 anni interpreta al meglio necessit\u00e0 e strategie dei propri clienti al fine di fornire loro stand fieristici che ne possano rappresentare al meglio l\u2019immagine verso l\u2019esterno.","breadcrumb":{"@id":"https:\/\/socialdesignmagazine.com\/mag\/design\/gruppo-allestimenti-lo-stand-di-listone-giordano-a-made-expo-2013\/#breadcrumb"},"inLanguage":"it-IT","potentialAction":[{"@type":"ReadAction","target":["https:\/\/socialdesignmagazine.com\/mag\/design\/gruppo-allestimenti-lo-stand-di-listone-giordano-a-made-expo-2013\/"]}]},{"@type":"ImageObject","inLanguage":"it-IT","@id":"https:\/\/socialdesignmagazine.com\/mag\/design\/gruppo-allestimenti-lo-stand-di-listone-giordano-a-made-expo-2013\/#primaryimage","url":"https:\/\/socialdesignmagazine.com\/mag\/wp-content\/uploads\/2013\/10\/users_Jessy_Gruppo_Allestimenti___Lo_stand_di_Listone_Giordano_MLG-13-MADE-07.jpg","contentUrl":"https:\/\/socialdesignmagazine.com\/mag\/wp-content\/uploads\/2013\/10\/users_Jessy_Gruppo_Allestimenti___Lo_stand_di_Listone_Giordano_MLG-13-MADE-07.jpg","width":720,"height":540,"caption":"MLG-13-MADE-07"},{"@type":"BreadcrumbList","@id":"https:\/\/socialdesignmagazine.com\/mag\/design\/gruppo-allestimenti-lo-stand-di-listone-giordano-a-made-expo-2013\/#breadcrumb","itemListElement":[{"@type":"ListItem","position":1,"name":"Home","item":"https:\/\/socialdesignmagazine.com\/mag\/"},{"@type":"ListItem","position":2,"name":"Design","item":"https:\/\/socialdesignmagazine.com\/mag\/design\/"},{"@type":"ListItem","position":3,"name":"Gruppo Allestimenti \/ Lo stand di Listone Giordano a Made Expo 2013"}]},{"@type":"WebSite","@id":"https:\/\/socialdesignmagazine.com\/mag\/#website","url":"https:\/\/socialdesignmagazine.com\/mag\/","name":"Social Design Magazine","description":"Social Magazine su Design, Architettura, Arte, Grafica","publisher":{"@id":"https:\/\/socialdesignmagazine.com\/mag\/#organization"},"potentialAction":[{"@type":"SearchAction","target":{"@type":"EntryPoint","urlTemplate":"https:\/\/socialdesignmagazine.com\/mag\/?s={search_term_string}"},"query-input":{"@type":"PropertyValueSpecification","valueRequired":true,"valueName":"search_term_string"}}],"inLanguage":"it-IT"},{"@type":"Organization","@id":"https:\/\/socialdesignmagazine.com\/mag\/#organization","name":"Social Design Magazine","url":"https:\/\/socialdesignmagazine.com\/mag\/","logo":{"@type":"ImageObject","inLanguage":"it-IT","@id":"https:\/\/socialdesignmagazine.com\/mag\/#\/schema\/logo\/image\/","url":"https:\/\/socialdesignmagazine.com\/mag\/wp-content\/uploads\/2017\/01\/logo_favicon_11.png","contentUrl":"https:\/\/socialdesignmagazine.com\/mag\/wp-content\/uploads\/2017\/01\/logo_favicon_11.png","width":1024,"height":1024,"caption":"Social Design Magazine"},"image":{"@id":"https:\/\/socialdesignmagazine.com\/mag\/#\/schema\/logo\/image\/"},"sameAs":["https:\/\/www.facebook.com\/socialdesignmag","https:\/\/x.com\/socialdesignmag","http:\/\/instagram.com\/social_design_magazine\/","http:\/\/pinterest.com\/socialdesignmag\/","http:\/\/www.youtube.com\/user\/socialdesignmagazine"]},{"@type":"Person","@id":"https:\/\/socialdesignmagazine.com\/mag\/#\/schema\/person\/f26aea2d68a722d5ed3a1ee93c92aba9","name":"jessica zannori","image":{"@type":"ImageObject","inLanguage":"it-IT","@id":"https:\/\/secure.gravatar.com\/avatar\/e338d2d30b98ee192f7c7708f51c9b6a0f135e3e3399a9bec7d00e0496a346c6?s=96&d=mm&r=g","url":"https:\/\/secure.gravatar.com\/avatar\/e338d2d30b98ee192f7c7708f51c9b6a0f135e3e3399a9bec7d00e0496a346c6?s=96&d=mm&r=g","contentUrl":"https:\/\/secure.gravatar.com\/avatar\/e338d2d30b98ee192f7c7708f51c9b6a0f135e3e3399a9bec7d00e0496a346c6?s=96&d=mm&r=g","caption":"jessica zannori"},"url":"https:\/\/socialdesignmagazine.com\/mag\/author\/jessy\/"}]}},"jetpack_featured_media_url":"https:\/\/socialdesignmagazine.com\/mag\/wp-content\/uploads\/2013\/10\/users_Jessy_Gruppo_Allestimenti___Lo_stand_di_Listone_Giordano_MLG-13-MADE-07.jpg","jetpack_sharing_enabled":true,"jetpack_shortlink":"https:\/\/wp.me\/p6cV7V-Cs","gt_translate_keys":[{"key":"link","format":"url"}],"_links":{"self":[{"href":"https:\/\/socialdesignmagazine.com\/mag\/wp-json\/wp\/v2\/posts\/2384","targetHints":{"allow":["GET"]}}],"collection":[{"href":"https:\/\/socialdesignmagazine.com\/mag\/wp-json\/wp\/v2\/posts"}],"about":[{"href":"https:\/\/socialdesignmagazine.com\/mag\/wp-json\/wp\/v2\/types\/post"}],"author":[{"embeddable":true,"href":"https:\/\/socialdesignmagazine.com\/mag\/wp-json\/wp\/v2\/users\/6"}],"replies":[{"embeddable":true,"href":"https:\/\/socialdesignmagazine.com\/mag\/wp-json\/wp\/v2\/comments?post=2384"}],"version-history":[{"count":1,"href":"https:\/\/socialdesignmagazine.com\/mag\/wp-json\/wp\/v2\/posts\/2384\/revisions"}],"predecessor-version":[{"id":62487,"href":"https:\/\/socialdesignmagazine.com\/mag\/wp-json\/wp\/v2\/posts\/2384\/revisions\/62487"}],"wp:featuredmedia":[{"embeddable":true,"href":"https:\/\/socialdesignmagazine.com\/mag\/wp-json\/wp\/v2\/media\/13931"}],"wp:attachment":[{"href":"https:\/\/socialdesignmagazine.com\/mag\/wp-json\/wp\/v2\/media?parent=2384"}],"wp:term":[{"taxonomy":"category","embeddable":true,"href":"https:\/\/socialdesignmagazine.com\/mag\/wp-json\/wp\/v2\/categories?post=2384"},{"taxonomy":"post_tag","embeddable":true,"href":"https:\/\/socialdesignmagazine.com\/mag\/wp-json\/wp\/v2\/tags?post=2384"}],"curies":[{"name":"wp","href":"https:\/\/api.w.org\/{rel}","templated":true}]}}